{"id":144601,"date":"2021-05-04T17:28:28","date_gmt":"2021-05-04T20:28:28","guid":{"rendered":"https:\/\/www.suno.com.br\/noticias\/?p=144601"},"modified":"2021-05-04T17:28:28","modified_gmt":"2021-05-04T20:28:28","slug":"para-guedes-brasil-desempenho-economico-razoavel-pandemia","status":"publish","type":"post","link":"https:\/\/www.suno.com.br\/noticias\/para-guedes-brasil-desempenho-economico-razoavel-pandemia\/","title":{"rendered":"Para Guedes, Brasil teve desempenho econ\u00f4mico &#8216;bastante razo\u00e1vel&#8217; na pandemia"},"content":{"rendered":"<p>O ministro da Economia, <a href=\"https:\/\/www.suno.com.br\/tudo-sobre\/paulo-guedes\/\">Paulo <strong>Guedes<\/strong><\/a>, argumentou nesta ter\u00e7a-feira (4) que o Brasil teve um desempenho econ\u00f4mico &#8220;bastante razo\u00e1vel&#8221; na pandemia.<\/p>\t<div class=\"wrapper-featured-image\">\n\t\t<figure class=\"spotlightImg\">\n\n\t\t\t<picture>\n\t\t\t\t<source media=\"(max-width: 768px)\" srcset=\"https:\/\/files.sunoresearch.com.br\/n\/uploads\/2021\/03\/42dda3a1-paulo-guedes-foto-alan-santos-pr-400x200.webp\">\n\t\t\t\t<img loading=\"lazy\" decoding=\"async\" class=\"newsContent__article__imgCapa lazyloadDisabled \" src=\"https:\/\/files.sunoresearch.com.br\/n\/uploads\/2021\/03\/42dda3a1-paulo-guedes-foto-alan-santos-pr-800x450.webp\" width=\"800\" height=\"450\" alt=\"Para Guedes, Brasil teve desempenho econ\u00f4mico &#8216;bastante razo\u00e1vel&#8217; na pandemia\" fetchpriority=high \/>\n\t\t\t<\/picture>\n\n\t\t\t<figcaption class=\"wp-caption-text wp-caption-text--show\">Reforma tribut\u00e1ria deve ser apreciada nesta semana pelo Congresso - Foto Alan Santos PR<\/figcaption>\n\t\t<\/figure>\n\t<\/div>\n\n\n<p><span style=\"font-weight: 400;\">\t<p>\n\t\t<a href=\"https:\/\/lp.suno.com.br\/planilha-controle-gastos\/\" target=\"_blank\" data-element=\"shortcode-suno-banner\" title=\"Banner SUNO, clique e saiba mais\">\n\t\t\t<picture>\n\t\t\t\t<source media=\"(max-width: 500px)\" srcset=\"https:\/\/files.sunoresearch.com.br\/n\/uploads\/2023\/03\/400x300-Planilha-controle-de-gastos.png\">\n\t\t\t\t<img class=\"newsContent__article__imgCapa newsContent__article__imgCapa--banner\"\n\t\t\t\t\tsrc=\"https:\/\/files.sunoresearch.com.br\/n\/uploads\/2023\/03\/1420x240-Planilha-controle-de-gastos.png\"\n\t\t\t\t\tdata-promo-id=\"101751\"\t\t\t\t\t\t\t\t\t\twidth='1420' height='240'\t\t\t\t\talt=\"https:\/\/files.sunoresearch.com.br\/n\/uploads\/2023\/03\/1420x240-Planilha-controle-de-gastos.png\"\n\t\t\t\t>\n\t\t\t<\/picture>\n\t\t<\/a>\n\t<\/p>\n\n<\/span><\/p>\n<p>&#8220;Foi muito aceit\u00e1vel, para n\u00e3o dizer que bem melhor que todos os pa\u00edses avan\u00e7ados. Fizemos um trabalho duro e trabalhamos tamb\u00e9m na quest\u00e3o da Sa\u00fade&#8221;, afirmou Guedes, em audi\u00eancia p\u00fablica conjunta das comiss\u00f5es de Finan\u00e7as e Tributa\u00e7\u00e3o; Educa\u00e7\u00e3o; Trabalho, Administra\u00e7\u00e3o e Servi\u00e7o P\u00fablico; e Seguridade Social e Fam\u00edlia da C\u00e2mara dos Deputados.<\/p>\n<p>O ministro citou os dados do mercado de trabalho formal e da arrecada\u00e7\u00e3o de tributos para mostrar a velocidade de recupera\u00e7\u00e3o da economia.<\/p>\n<p><a href=\"https:\/\/lp.suno.com.br\/suno-one\/?ppp=noticias\/hospital-care-pedido-ipo-cvm\/\">Suno One: acesse gratuitamente eBooks, Minicursos, Artigos e V\u00eddeo Aulas sobre investimentos com um \u00fanico cadastro. Clique para saber mais!<\/a><\/p>\n<p>&#8220;Os \u00cdndices de atividade est\u00e3o o dobro do esperado, economia formal j\u00e1 voltou&#8221;, completou.<\/p>\n<p>Ele citou o ex-ministro da Sa\u00fade Luiz Henrique Mandetta, ouvido nesta ter\u00e7a-feira na Comiss\u00e3o Parlamentar de Inqu\u00e9rito (CPI) da Covid no Senado.<\/p>\n<p><span style=\"font-weight: 400;\">\t<p>\n\t\t<a href=\"https:\/\/lp.suno.com.br\/planilha-da-vida-financeira\/\" target=\"_blank\" data-element=\"shortcode-suno-banner\" title=\"Banner SUNO, clique e saiba mais\">\n\t\t\t<picture>\n\t\t\t\t<source media=\"(max-width: 500px)\" srcset=\"https:\/\/files.sunoresearch.com.br\/n\/uploads\/2023\/04\/400x300-Planilha-vida-financeira-true.png\">\n\t\t\t\t<img class=\"newsContent__article__imgCapa newsContent__article__imgCapa--banner\"\n\t\t\t\t\tsrc=\"https:\/\/files.sunoresearch.com.br\/n\/uploads\/2023\/04\/1420x240-Planilha-vida-financeira-true.png\"\n\t\t\t\t\tdata-promo-id=\"106682\"\t\t\t\t\t\t\t\t\t\twidth='1420' height='240'\t\t\t\t\talt=\"https:\/\/files.sunoresearch.com.br\/n\/uploads\/2023\/04\/1420x240-Planilha-vida-financeira-true.png\"\n\t\t\t\t>\n\t\t\t<\/picture>\n\t\t<\/a>\n\t<\/p>\n\n<\/span><\/p>\n<p>&#8220;Quando o Mandetta disse que o problema seria atrav\u00e9s de ventiladores pulmonares, fomos atr\u00e1s das empresas e fizemos uma economia de guerra. Passamos de 250 ventiladores pulmonares para 1.500 ventiladores por dia&#8221;, acrescentou o ministro da Economia.<\/p>\n<h2>Super\u00e1vit comercial forte deve ajudar a baixar cota\u00e7\u00e3o do d\u00f3lar, diz Guedes<\/h2>\n<p>O ministro da <a class=\"suno-keyword\" href=\"https:\/\/www.suno.com.br\/noticias\/search\/economia\" target=\"_blank\" rel=\"noopener noreferrer\">Economia<\/a>, Paulo <strong>Guedes<\/strong>, avaliou ainda nesta ter\u00e7a-feira (4) que o super\u00e1vit comercial muito forte do Brasil deve ajudar a baixar a cota\u00e7\u00e3o do d\u00f3lar no Pa\u00eds. A equipe econ\u00f4mica espera um saldo positivo recorde US$ 89,4 bilh\u00f5es na balan\u00e7a comercial em 2021. &#8220;Acho que o d\u00f3lar vai cair mais para frente&#8221;, projetou.<\/p>\n<p>Guedes voltou a dizer que o governo alterou o mix de juros altos com <a href=\"https:\/\/www.suno.com.br\/artigos\/dolar\/\">d\u00f3lar baixo<\/a>. &#8220;Dissemos que ir\u00edamos mudar e os juros realmente chegaram a 2% ao ano, e o c\u00e2mbio ficou mais alto um pouco. O c\u00e2mbio brasileiro estava fora do lugar equil\u00edbrio, que \u00e9 mais alto. N\u00e3o \u00e9 t\u00e3o alto como est\u00e1 agora, mas todas essas incertezas, doen\u00e7as, perspectiva de recess\u00e3o, d\u00favidas sobre reformas, boatos de que toda hora o ministro pode cair. Vivemos uma fase dif\u00edcil, turbulenta&#8221;, afirmou.<\/p>\n<p>O ministro alegou que o Brasil ficou mais rico com a alta dos <a href=\"https:\/\/www.suno.com.br\/artigos\/o-que-commodities\/\">pre\u00e7os das commodities no mercado internaciona<\/a>l, mas disse que essa riqueza precisa ser repartida com os mais pobres.<\/p>\n<p>Segundo <strong>Guedes<\/strong>, a competi\u00e7\u00e3o no mercado de g\u00e1s natural deve baratear o custo do combust\u00edvel. &#8220;Espero que dentro de um ano, um ano e meio, o pre\u00e7o do g\u00e1s natural possa cair 40%&#8221;, completou.<\/p>\n<p><em>(Com informa\u00e7\u00f5es do Estad\u00e3o Conte\u00fado)<\/em><\/p>\n<p><span style=\"font-weight: 400;\">\t<p>\n\t\t<a href=\"https:\/\/lp.suno.com.br\/planilha-de-controle-de-investimentos\/\" target=\"_blank\" data-element=\"shortcode-suno-banner\" title=\"Banner SUNO, clique e saiba mais\">\n\t\t\t<picture>\n\t\t\t\t<source media=\"(max-width: 500px)\" srcset=\"https:\/\/files.sunoresearch.com.br\/n\/uploads\/2023\/03\/400x300-Controle-de-Investimentos.png\">\n\t\t\t\t<img class=\"newsContent__article__imgCapa newsContent__article__imgCapa--banner\"\n\t\t\t\t\tsrc=\"https:\/\/files.sunoresearch.com.br\/n\/uploads\/2023\/03\/1420x240-Controle-de-Investimentos.png\"\n\t\t\t\t\tdata-promo-id=\"75934\"\t\t\t\t\t\t\t\t\t\twidth='1420' height='240'\t\t\t\t\talt=\"https:\/\/files.sunoresearch.com.br\/n\/uploads\/2023\/03\/1420x240-Controle-de-Investimentos.png\"\n\t\t\t\t>\n\t\t\t<\/picture>\n\t\t<\/a>\n\t<\/p>\n\n<\/span><\/p>\n","protected":false},"excerpt":{"rendered":"<p>O ministro da Economia, Paulo Guedes, argumentou nesta ter\u00e7a-feira (4) que o Brasil teve um desempenho econ\u00f4mico &#8220;bastante razo\u00e1vel&#8221; na pandemia. Reforma tribut\u00e1ria deve ser apreciada nesta semana pelo Congresso &#8211; Foto Alan Santos PR &#8220;Foi muito aceit\u00e1vel, para n\u00e3o dizer que bem melhor que todos os pa\u00edses avan\u00e7ados. Fizemos um trabalho duro e trabalhamos [&hellip;]<\/p>\n","protected":false},"author":56,"featured_media":130411,"comment_status":"closed","ping_status":"closed","sticky":false,"template":"","format":"standard","meta":[],"categories":[62],"tags":[740,796],"suno_strategy":[],"class_list":["post-144601","post","type-post","status-publish","format-standard","has-post-thumbnail","hentry","category-economia","tag-economia","tag-paulo-guedes"],"yoast_head":"<!-- This site is optimized with the Yoast SEO plugin v24.4 - https:\/\/yoast.com\/wordpress\/plugins\/seo\/ -->\n<title>Para Guedes, Brasil teve desempenho econ\u00f4mico &#039;bastante razo\u00e1vel&#039; na pandemia<\/title>\n<meta name=\"description\" content=\"&quot;Os \u00cdndices de atividade est\u00e3o o dobro do esperado, economia formal j\u00e1 voltou&quot;, disse Guedes. Clique aqui para saber mais.\" \/>\n<meta name=\"robots\" content=\"index, follow, max-snippet:-1, max-image-preview:large, max-video-preview:-1\" \/>\n<link rel=\"canonical\" href=\"https:\/\/www.suno.com.br\/noticias\/para-guedes-brasil-desempenho-economico-razoavel-pandemia\/\" \/>\n<meta property=\"og:locale\" content=\"pt_BR\" \/>\n<meta property=\"og:type\" content=\"article\" \/>\n<meta property=\"og:title\" content=\"Para Guedes, Brasil teve desempenho econ\u00f4mico &#039;bastante razo\u00e1vel&#039; na pandemia\" \/>\n<meta property=\"og:description\" content=\"&quot;Os \u00cdndices de atividade est\u00e3o o dobro do esperado, economia formal j\u00e1 voltou&quot;, disse Guedes. Clique aqui para saber mais.\" \/>\n<meta property=\"og:url\" content=\"https:\/\/www.suno.com.br\/noticias\/para-guedes-brasil-desempenho-economico-razoavel-pandemia\/\" \/>\n<meta property=\"og:site_name\" content=\"Suno Not\u00edcias\" \/>\n<meta property=\"article:publisher\" content=\"https:\/\/facebook.com\/sunoresearch\" \/>\n<meta property=\"og:image\" content=\"https:\/\/files.sunoresearch.com.br\/n\/uploads\/2021\/03\/42dda3a1-paulo-guedes-foto-alan-santos-pr.jpg\" \/>\n\t<meta property=\"og:image:width\" content=\"1200\" \/>\n\t<meta property=\"og:image:height\" content=\"800\" \/>\n\t<meta property=\"og:image:type\" content=\"image\/jpeg\" \/>\n<meta name=\"author\" content=\"Rafaela La Regina\" \/>\n<meta name=\"twitter:card\" content=\"summary_large_image\" \/>\n<meta name=\"twitter:creator\" content=\"@sunoresearch\" \/>\n<meta name=\"twitter:site\" content=\"@sunoresearch\" \/>\n<meta name=\"twitter:label1\" content=\"Escrito por\" \/>\n\t<meta name=\"twitter:data1\" content=\"Rafaela La Regina\" \/>\n\t<meta name=\"twitter:label2\" content=\"Est. tempo de leitura\" \/>\n\t<meta name=\"twitter:data2\" content=\"2 minutos\" \/>\n<script type=\"application\/ld+json\" class=\"yoast-schema-graph\">{\"@context\":\"https:\/\/schema.org\",\"@graph\":[{\"@type\":\"NewsArticle\",\"@id\":\"https:\/\/www.suno.com.br\/noticias\/para-guedes-brasil-desempenho-economico-razoavel-pandemia\/#article\",\"isPartOf\":{\"@id\":\"https:\/\/www.suno.com.br\/noticias\/para-guedes-brasil-desempenho-economico-razoavel-pandemia\/\"},\"author\":{\"name\":\"Rafaela La Regina\",\"@id\":\"https:\/\/www.suno.com.br\/noticias\/#\/schema\/person\/e672ca8cea627fe715fa29bca7da95e0\"},\"headline\":\"Para Guedes, Brasil teve desempenho econ\u00f4mico &#8216;bastante razo\u00e1vel&#8217; na pandemia\",\"datePublished\":\"2021-05-04T20:28:28+00:00\",\"mainEntityOfPage\":{\"@id\":\"https:\/\/www.suno.com.br\/noticias\/para-guedes-brasil-desempenho-economico-razoavel-pandemia\/\"},\"wordCount\":482,\"publisher\":{\"@id\":\"https:\/\/www.suno.com.br\/noticias\/#organization\"},\"image\":{\"@id\":\"https:\/\/www.suno.com.br\/noticias\/para-guedes-brasil-desempenho-economico-razoavel-pandemia\/#primaryimage\"},\"thumbnailUrl\":\"https:\/\/files.sunoresearch.com.br\/n\/uploads\/2021\/03\/42dda3a1-paulo-guedes-foto-alan-santos-pr-jpg.webp\",\"keywords\":[\"Economia\",\"Paulo Guedes\"],\"articleSection\":[\"Economia\"],\"inLanguage\":\"pt-BR\"},{\"@type\":\"WebPage\",\"@id\":\"https:\/\/www.suno.com.br\/noticias\/para-guedes-brasil-desempenho-economico-razoavel-pandemia\/\",\"url\":\"https:\/\/www.suno.com.br\/noticias\/para-guedes-brasil-desempenho-economico-razoavel-pandemia\/\",\"name\":\"Para Guedes, Brasil teve desempenho econ\u00f4mico 'bastante razo\u00e1vel' na pandemia\",\"isPartOf\":{\"@id\":\"https:\/\/www.suno.com.br\/noticias\/#website\"},\"primaryImageOfPage\":{\"@id\":\"https:\/\/www.suno.com.br\/noticias\/para-guedes-brasil-desempenho-economico-razoavel-pandemia\/#primaryimage\"},\"image\":{\"@id\":\"https:\/\/www.suno.com.br\/noticias\/para-guedes-brasil-desempenho-economico-razoavel-pandemia\/#primaryimage\"},\"thumbnailUrl\":\"https:\/\/files.sunoresearch.com.br\/n\/uploads\/2021\/03\/42dda3a1-paulo-guedes-foto-alan-santos-pr-jpg.webp\",\"datePublished\":\"2021-05-04T20:28:28+00:00\",\"description\":\"\\\"Os \u00cdndices de atividade est\u00e3o o dobro do esperado, economia formal j\u00e1 voltou\\\", disse Guedes. Clique aqui para saber mais.\",\"breadcrumb\":{\"@id\":\"https:\/\/www.suno.com.br\/noticias\/para-guedes-brasil-desempenho-economico-razoavel-pandemia\/#breadcrumb\"},\"inLanguage\":\"pt-BR\",\"potentialAction\":[{\"@type\":\"ReadAction\",\"target\":[\"https:\/\/www.suno.com.br\/noticias\/para-guedes-brasil-desempenho-economico-razoavel-pandemia\/\"]}]},{\"@type\":\"ImageObject\",\"inLanguage\":\"pt-BR\",\"@id\":\"https:\/\/www.suno.com.br\/noticias\/para-guedes-brasil-desempenho-economico-razoavel-pandemia\/#primaryimage\",\"url\":\"https:\/\/files.sunoresearch.com.br\/n\/uploads\/2021\/03\/42dda3a1-paulo-guedes-foto-alan-santos-pr-jpg.webp\",\"contentUrl\":\"https:\/\/files.sunoresearch.com.br\/n\/uploads\/2021\/03\/42dda3a1-paulo-guedes-foto-alan-santos-pr-jpg.webp\",\"width\":1200,\"height\":800,\"caption\":\"Reforma tribut\u00e1ria deve ser apreciada nesta semana pelo Congresso - Foto Alan Santos PR\"},{\"@type\":\"BreadcrumbList\",\"@id\":\"https:\/\/www.suno.com.br\/noticias\/para-guedes-brasil-desempenho-economico-razoavel-pandemia\/#breadcrumb\",\"itemListElement\":[{\"@type\":\"ListItem\",\"position\":1,\"name\":\"Not\u00edcias\",\"item\":\"https:\/\/www.suno.com.br\/noticias\/\"},{\"@type\":\"ListItem\",\"position\":2,\"name\":\"Economia\",\"item\":\"https:\/\/www.suno.com.br\/noticias\/economia\/\"},{\"@type\":\"ListItem\",\"position\":3,\"name\":\"Para Guedes, Brasil teve desempenho econ\u00f4mico &#8216;bastante razo\u00e1vel&#8217; na pandemia\"}]},{\"@type\":\"WebSite\",\"@id\":\"https:\/\/www.suno.com.br\/noticias\/#website\",\"url\":\"https:\/\/www.suno.com.br\/noticias\/\",\"name\":\"Suno Not\u00edcias\",\"description\":\"Seu portal de informa\u00e7\u00e3o sobre o mundo dos investimentos\",\"publisher\":{\"@id\":\"https:\/\/www.suno.com.br\/noticias\/#organization\"},\"potentialAction\":[{\"@type\":\"SearchAction\",\"target\":{\"@type\":\"EntryPoint\",\"urlTemplate\":\"https:\/\/www.suno.com.br\/noticias\/?s={search_term_string}\"},\"query-input\":{\"@type\":\"PropertyValueSpecification\",\"valueRequired\":true,\"valueName\":\"search_term_string\"}}],\"inLanguage\":\"pt-BR\"},{\"@type\":\"Organization\",\"@id\":\"https:\/\/www.suno.com.br\/noticias\/#organization\",\"name\":\"Suno Not\u00edcias\",\"url\":\"https:\/\/www.suno.com.br\/noticias\/\",\"logo\":{\"@type\":\"ImageObject\",\"inLanguage\":\"pt-BR\",\"@id\":\"https:\/\/www.suno.com.br\/noticias\/#\/schema\/logo\/image\/\",\"url\":\"https:\/\/files.sunoresearch.com.br\/n\/uploads\/2021\/09\/suno-logo.png\",\"contentUrl\":\"https:\/\/files.sunoresearch.com.br\/n\/uploads\/2021\/09\/suno-logo.png\",\"width\":180,\"height\":180,\"caption\":\"Suno Not\u00edcias\"},\"image\":{\"@id\":\"https:\/\/www.suno.com.br\/noticias\/#\/schema\/logo\/image\/\"},\"sameAs\":[\"https:\/\/facebook.com\/sunoresearch\",\"https:\/\/x.com\/sunoresearch\",\"https:\/\/www.instagram.com\/suno\",\"https:\/\/www.linkedin.com\/company\/suno-research\/\",\"https:\/\/www.youtube.com\/c\/sunoresearch\"]},{\"@type\":\"Person\",\"@id\":\"https:\/\/www.suno.com.br\/noticias\/#\/schema\/person\/e672ca8cea627fe715fa29bca7da95e0\",\"name\":\"Rafaela La Regina\",\"image\":{\"@type\":\"ImageObject\",\"inLanguage\":\"pt-BR\",\"@id\":\"https:\/\/www.suno.com.br\/noticias\/#\/schema\/person\/image\/\",\"url\":\"https:\/\/secure.gravatar.com\/avatar\/d2c75a52d243deb93d0465fdcb21bd37?s=96&r=g\",\"contentUrl\":\"https:\/\/secure.gravatar.com\/avatar\/d2c75a52d243deb93d0465fdcb21bd37?s=96&r=g\",\"caption\":\"Rafaela La Regina\"},\"description\":\"Estagi\u00e1ria no Suno Not\u00edcias. Escreve sobre economia, pol\u00edtica e neg\u00f3cios. Estuda Rela\u00e7\u00f5es Internacionais no IBMEC-SP.\",\"url\":\"https:\/\/www.suno.com.br\/noticias\/author\/rafaela-la-regina\/\"}]}<\/script>\n<!-- \/ Yoast SEO plugin. -->","yoast_head_json":{"title":"Para Guedes, Brasil teve desempenho econ\u00f4mico 'bastante razo\u00e1vel' na pandemia","description":"\"Os \u00cdndices de atividade est\u00e3o o dobro do esperado, economia formal j\u00e1 voltou\", disse Guedes. Clique aqui para saber mais.","robots":{"index":"index","follow":"follow","max-snippet":"max-snippet:-1","max-image-preview":"max-image-preview:large","max-video-preview":"max-video-preview:-1"},"canonical":"https:\/\/www.suno.com.br\/noticias\/para-guedes-brasil-desempenho-economico-razoavel-pandemia\/","og_locale":"pt_BR","og_type":"article","og_title":"Para Guedes, Brasil teve desempenho econ\u00f4mico 'bastante razo\u00e1vel' na pandemia","og_description":"\"Os \u00cdndices de atividade est\u00e3o o dobro do esperado, economia formal j\u00e1 voltou\", disse Guedes. Clique aqui para saber mais.","og_url":"https:\/\/www.suno.com.br\/noticias\/para-guedes-brasil-desempenho-economico-razoavel-pandemia\/","og_site_name":"Suno Not\u00edcias","article_publisher":"https:\/\/facebook.com\/sunoresearch","og_image":[{"width":1200,"height":800,"url":"https:\/\/files.sunoresearch.com.br\/n\/uploads\/2021\/03\/42dda3a1-paulo-guedes-foto-alan-santos-pr.jpg","type":"image\/jpeg"}],"author":"Rafaela La Regina","twitter_card":"summary_large_image","twitter_creator":"@sunoresearch","twitter_site":"@sunoresearch","twitter_misc":{"Escrito por":"Rafaela La Regina","Est. tempo de leitura":"2 minutos"},"schema":{"@context":"https:\/\/schema.org","@graph":[{"@type":"NewsArticle","@id":"https:\/\/www.suno.com.br\/noticias\/para-guedes-brasil-desempenho-economico-razoavel-pandemia\/#article","isPartOf":{"@id":"https:\/\/www.suno.com.br\/noticias\/para-guedes-brasil-desempenho-economico-razoavel-pandemia\/"},"author":{"name":"Rafaela La Regina","@id":"https:\/\/www.suno.com.br\/noticias\/#\/schema\/person\/e672ca8cea627fe715fa29bca7da95e0"},"headline":"Para Guedes, Brasil teve desempenho econ\u00f4mico &#8216;bastante razo\u00e1vel&#8217; na pandemia","datePublished":"2021-05-04T20:28:28+00:00","mainEntityOfPage":{"@id":"https:\/\/www.suno.com.br\/noticias\/para-guedes-brasil-desempenho-economico-razoavel-pandemia\/"},"wordCount":482,"publisher":{"@id":"https:\/\/www.suno.com.br\/noticias\/#organization"},"image":{"@id":"https:\/\/www.suno.com.br\/noticias\/para-guedes-brasil-desempenho-economico-razoavel-pandemia\/#primaryimage"},"thumbnailUrl":"https:\/\/files.sunoresearch.com.br\/n\/uploads\/2021\/03\/42dda3a1-paulo-guedes-foto-alan-santos-pr-jpg.webp","keywords":["Economia","Paulo Guedes"],"articleSection":["Economia"],"inLanguage":"pt-BR"},{"@type":"WebPage","@id":"https:\/\/www.suno.com.br\/noticias\/para-guedes-brasil-desempenho-economico-razoavel-pandemia\/","url":"https:\/\/www.suno.com.br\/noticias\/para-guedes-brasil-desempenho-economico-razoavel-pandemia\/","name":"Para Guedes, Brasil teve desempenho econ\u00f4mico 'bastante razo\u00e1vel' na pandemia","isPartOf":{"@id":"https:\/\/www.suno.com.br\/noticias\/#website"},"primaryImageOfPage":{"@id":"https:\/\/www.suno.com.br\/noticias\/para-guedes-brasil-desempenho-economico-razoavel-pandemia\/#primaryimage"},"image":{"@id":"https:\/\/www.suno.com.br\/noticias\/para-guedes-brasil-desempenho-economico-razoavel-pandemia\/#primaryimage"},"thumbnailUrl":"https:\/\/files.sunoresearch.com.br\/n\/uploads\/2021\/03\/42dda3a1-paulo-guedes-foto-alan-santos-pr-jpg.webp","datePublished":"2021-05-04T20:28:28+00:00","description":"\"Os \u00cdndices de atividade est\u00e3o o dobro do esperado, economia formal j\u00e1 voltou\", disse Guedes. Clique aqui para saber mais.","breadcrumb":{"@id":"https:\/\/www.suno.com.br\/noticias\/para-guedes-brasil-desempenho-economico-razoavel-pandemia\/#breadcrumb"},"inLanguage":"pt-BR","potentialAction":[{"@type":"ReadAction","target":["https:\/\/www.suno.com.br\/noticias\/para-guedes-brasil-desempenho-economico-razoavel-pandemia\/"]}]},{"@type":"ImageObject","inLanguage":"pt-BR","@id":"https:\/\/www.suno.com.br\/noticias\/para-guedes-brasil-desempenho-economico-razoavel-pandemia\/#primaryimage","url":"https:\/\/files.sunoresearch.com.br\/n\/uploads\/2021\/03\/42dda3a1-paulo-guedes-foto-alan-santos-pr-jpg.webp","contentUrl":"https:\/\/files.sunoresearch.com.br\/n\/uploads\/2021\/03\/42dda3a1-paulo-guedes-foto-alan-santos-pr-jpg.webp","width":1200,"height":800,"caption":"Reforma tribut\u00e1ria deve ser apreciada nesta semana pelo Congresso - Foto Alan Santos PR"},{"@type":"BreadcrumbList","@id":"https:\/\/www.suno.com.br\/noticias\/para-guedes-brasil-desempenho-economico-razoavel-pandemia\/#breadcrumb","itemListElement":[{"@type":"ListItem","position":1,"name":"Not\u00edcias","item":"https:\/\/www.suno.com.br\/noticias\/"},{"@type":"ListItem","position":2,"name":"Economia","item":"https:\/\/www.suno.com.br\/noticias\/economia\/"},{"@type":"ListItem","position":3,"name":"Para Guedes, Brasil teve desempenho econ\u00f4mico &#8216;bastante razo\u00e1vel&#8217; na pandemia"}]},{"@type":"WebSite","@id":"https:\/\/www.suno.com.br\/noticias\/#website","url":"https:\/\/www.suno.com.br\/noticias\/","name":"Suno Not\u00edcias","description":"Seu portal de informa\u00e7\u00e3o sobre o mundo dos investimentos","publisher":{"@id":"https:\/\/www.suno.com.br\/noticias\/#organization"},"potentialAction":[{"@type":"SearchAction","target":{"@type":"EntryPoint","urlTemplate":"https:\/\/www.suno.com.br\/noticias\/?s={search_term_string}"},"query-input":{"@type":"PropertyValueSpecification","valueRequired":true,"valueName":"search_term_string"}}],"inLanguage":"pt-BR"},{"@type":"Organization","@id":"https:\/\/www.suno.com.br\/noticias\/#organization","name":"Suno Not\u00edcias","url":"https:\/\/www.suno.com.br\/noticias\/","logo":{"@type":"ImageObject","inLanguage":"pt-BR","@id":"https:\/\/www.suno.com.br\/noticias\/#\/schema\/logo\/image\/","url":"https:\/\/files.sunoresearch.com.br\/n\/uploads\/2021\/09\/suno-logo.png","contentUrl":"https:\/\/files.sunoresearch.com.br\/n\/uploads\/2021\/09\/suno-logo.png","width":180,"height":180,"caption":"Suno Not\u00edcias"},"image":{"@id":"https:\/\/www.suno.com.br\/noticias\/#\/schema\/logo\/image\/"},"sameAs":["https:\/\/facebook.com\/sunoresearch","https:\/\/x.com\/sunoresearch","https:\/\/www.instagram.com\/suno","https:\/\/www.linkedin.com\/company\/suno-research\/","https:\/\/www.youtube.com\/c\/sunoresearch"]},{"@type":"Person","@id":"https:\/\/www.suno.com.br\/noticias\/#\/schema\/person\/e672ca8cea627fe715fa29bca7da95e0","name":"Rafaela La Regina","image":{"@type":"ImageObject","inLanguage":"pt-BR","@id":"https:\/\/www.suno.com.br\/noticias\/#\/schema\/person\/image\/","url":"https:\/\/secure.gravatar.com\/avatar\/d2c75a52d243deb93d0465fdcb21bd37?s=96&r=g","contentUrl":"https:\/\/secure.gravatar.com\/avatar\/d2c75a52d243deb93d0465fdcb21bd37?s=96&r=g","caption":"Rafaela La Regina"},"description":"Estagi\u00e1ria no Suno Not\u00edcias. Escreve sobre economia, pol\u00edtica e neg\u00f3cios. Estuda Rela\u00e7\u00f5es Internacionais no IBMEC-SP.","url":"https:\/\/www.suno.com.br\/noticias\/author\/rafaela-la-regina\/"}]}},"default_loop_html":"<div class=\"cardsPage__listCard__boxs\"><div class=\"cardsPage__listCard__boxs__img\"><a href=\"https:\/\/www.suno.com.br\/noticias\/para-guedes-brasil-desempenho-economico-razoavel-pandemia\/\"><img class=\"mask\" src=\"https:\/\/www.suno.com.br\/noticias\/wp-content\/themes\/suno\/resources\/images\/spotlight\/spotlight1img\/bg-mask.png\" alt=\"Image Mask\"\/><img src=\"https:\/\/files.sunoresearch.com.br\/n\/uploads\/2021\/03\/42dda3a1-paulo-guedes-foto-alan-santos-pr-400x200.webp\" alt=\"Para Guedes, Brasil teve desempenho econ\u00f4mico &#8216;bastante razo\u00e1vel&#8217; na pandemia\"\/><\/a><span class=\"spotlightCategory\"><a href=\"https:\/\/www.suno.com.br\/noticias\/economia\/\">Economia<\/a><\/span><\/div><div class=\"cardsPage__listCard__boxs__content\"><a href=\"https:\/\/www.suno.com.br\/noticias\/para-guedes-brasil-desempenho-economico-razoavel-pandemia\/\"><h2 class=\"content__title\">Para Guedes, Brasil teve desempenho econ\u00f4mico &#8216;bastante razo\u00e1vel&#8217; na pandemia<\/h2><\/a><div class=\"newsContent__article__meta\"><div class=\"newsContent__article__meta__authorBox\"><a href=\"https:\/\/www.suno.com.br\/noticias\/author\/rafaela-la-regina\/\" class=\"authorBox__avatar noMobi\"><img src=\"https:\/\/secure.gravatar.com\/avatar\/d2c75a52d243deb93d0465fdcb21bd37?s=96&#038;r=g\" alt=\"Rafaela La Regina\"><\/a><div class=\"authorBox__name\"><span>por\n\t\t\t<a href=\"https:\/\/www.suno.com.br\/noticias\/author\/rafaela-la-regina\/\"><span itemprop=\"author\">Rafaela La Regina<\/span><\/a><\/span><time datetime=\"2021-05-04T17:28:28-03:00\" itemprop=\"datePublished\">04\/05\/2021 17:28<\/time><\/div><\/div><\/div><\/div><\/div>","single_layout":"posts","amp_enabled":true,"_links":{"self":[{"href":"https:\/\/www.suno.com.br\/noticias\/wp-json\/wp\/v2\/posts\/144601"}],"collection":[{"href":"https:\/\/www.suno.com.br\/noticias\/wp-json\/wp\/v2\/posts"}],"about":[{"href":"https:\/\/www.suno.com.br\/noticias\/wp-json\/wp\/v2\/types\/post"}],"author":[{"embeddable":true,"href":"https:\/\/www.suno.com.br\/noticias\/wp-json\/wp\/v2\/users\/56"}],"replies":[{"embeddable":true,"href":"https:\/\/www.suno.com.br\/noticias\/wp-json\/wp\/v2\/comments?post=144601"}],"version-history":[{"count":3,"href":"https:\/\/www.suno.com.br\/noticias\/wp-json\/wp\/v2\/posts\/144601\/revisions"}],"predecessor-version":[{"id":144729,"href":"https:\/\/www.suno.com.br\/noticias\/wp-json\/wp\/v2\/posts\/144601\/revisions\/144729"}],"wp:featuredmedia":[{"embeddable":true,"href":"https:\/\/www.suno.com.br\/noticias\/wp-json\/wp\/v2\/media\/130411"}],"wp:attachment":[{"href":"https:\/\/www.suno.com.br\/noticias\/wp-json\/wp\/v2\/media?parent=144601"}],"wp:term":[{"taxonomy":"category","embeddable":true,"href":"https:\/\/www.suno.com.br\/noticias\/wp-json\/wp\/v2\/categories?post=144601"},{"taxonomy":"post_tag","embeddable":true,"href":"https:\/\/www.suno.com.br\/noticias\/wp-json\/wp\/v2\/tags?post=144601"},{"taxonomy":"suno_strategy","embeddable":true,"href":"https:\/\/www.suno.com.br\/noticias\/wp-json\/wp\/v2\/suno_strategy?post=144601"}],"curies":[{"name":"wp","href":"https:\/\/api.w.org\/{rel}","templated":true}]}}