{"id":14446,"date":"2019-02-06T19:37:06","date_gmt":"2019-02-06T21:37:06","guid":{"rendered":"https:\/\/www.suno.com.br\/noticias\/?p=14446"},"modified":"2021-02-18T17:54:02","modified_gmt":"2021-02-18T20:54:02","slug":"embraer-encomenda-aeronaves-nigeria","status":"publish","type":"post","link":"https:\/\/www.suno.com.br\/noticias\/embraer-encomenda-aeronaves-nigeria\/","title":{"rendered":"Embraer recebe encomenda de 12 avi\u00f5es A-29 Super Tucano da Nig\u00e9ria"},"content":{"rendered":"<p>A Embraer (EMBR3.SA) recebeu uma encomenda de 12 aeronaves A-29 Super Tucano da For\u00e7a A\u00e9rea da Nig\u00e9ria.<\/p>\t<div class=\"wrapper-featured-image\">\n\t\t<figure class=\"spotlightImg\">\n\n\t\t\t<picture>\n\t\t\t\t<source media=\"(max-width: 768px)\" srcset=\"https:\/\/files.sunoresearch.com.br\/n\/uploads\/2019\/02\/94a2b117-embraer-400x200.webp\">\n\t\t\t\t<img loading=\"lazy\" decoding=\"async\" class=\"newsContent__article__imgCapa lazyloadDisabled newsContent__article__imgCapa--noCaption\" src=\"https:\/\/files.sunoresearch.com.br\/n\/uploads\/2019\/02\/94a2b117-embraer-800x450.webp\" width=\"800\" height=\"450\" alt=\"Embraer recebe encomenda de 12 avi\u00f5es A-29 Super Tucano da Nig\u00e9ria\" fetchpriority=high \/>\n\t\t\t<\/picture>\n\n\t\t\t<figcaption class=\"wp-caption-text wp-caption-text--hide\">Embraer<\/figcaption>\n\t\t<\/figure>\n\t<\/div>\n\n\n<p>O pedido foi divulgado nesta quarta-feira (06). A <strong>Embraer<\/strong> n\u00e3o informou os prazos de entrega das aeronaves. Os avi\u00f5es dever\u00e3o ser usados em miss\u00f5es de apoio a\u00e9reo e t\u00e1tico. A produ\u00e7\u00e3o dos modelos ser\u00e1 em Jacksonville, na Fl\u00f3rida.<\/p>\n<p><a href=\"https:\/\/www.suno.com.br\/noticias\/moodys-rating-embraer-analise-elevacao\/\">Saiba mais:\u00a0Moody&#8217;s p\u00f5e rating da Embraer em an\u00e1lise para eleva\u00e7\u00e3o<\/a><\/p>\n<p>Al\u00e9m da <strong>Nig\u00e9ria<\/strong>, outros pa\u00edses j\u00e1 adotaram o <strong>Super Tucano<\/strong>:<\/p>\n<ul>\n<li>Brasil<\/li>\n<li>Estados Unidos<\/li>\n<li>Equador<\/li>\n<li>Afeganist\u00e3o<\/li>\n<li>Chile<\/li>\n<li>Mali<\/li>\n<li>Col\u00f4mbia<\/li>\n<\/ul>\n<p>O avi\u00e3o, lan\u00e7ado em 2004, possui sistemas eletr\u00f4nicos, eletro-\u00f3pticos, infra-vermelho e laser e \u00e9 utilizado em vigil\u00e2ncia de fronteira e monitoramento a\u00e9reo. A negocia\u00e7\u00e3o precisou ser autorizada pelo conselho de seguran\u00e7a dos <strong>Estados Unidos<\/strong>. Al\u00e9m disso, os pilotos tamb\u00e9m passaram por treinamentos.<\/p>\n<p>&#8220;O A-29 Super Tucano se tornou uma refer\u00eancia mundial em ataque leve e treinamento avan\u00e7ado com hist\u00f3rico comprovado em v\u00e1rias zonas de combate ao redor do mundo&#8221;, disse <strong>Jackson Schneider<\/strong>, presidente e CEO da Embraer Defesa &amp; Seguran\u00e7a. &#8220;A Embraer d\u00e1 as boas-vindas \u00e0 Nig\u00e9ria como o mais recente pa\u00eds-membro dessa verdadeira coaliz\u00e3o internacional que est\u00e1 ajudando a trazer a paz para o mundo&#8221;, informou em comunicado.<\/p>\n<p><a href=\"https:\/\/www.suno.com.br\/noticias\/oab-stf-suspender-indenizacoes-lei\/\">OAB pede que STF suspenda trecho sobre indeniza\u00e7\u00f5es de lei trabalhista<\/a><\/p>\n<p>Segundo a empresa, o Super Tucano tem 360.000 horas de voo, que inclui 46.000 horas em miss\u00f5es de combate real.<\/p>\n<h2>Fus\u00e3o com a Boeing<\/h2>\n<p>Em julho de 2018, a Embraer aprovou a fus\u00e3o com Boeing para a cria\u00e7\u00e3o de uma\u00a0<a href=\"https:\/\/www.suno.com.br\/artigos\/joint-venture\/\">joint venture<\/a>. A empresa est\u00e1 sendo avaliada em US$ 5,26 bilh\u00f5es. Inicialmente, o valor era estimado em US$ 4,75 bilh\u00f5es.<\/p>\n<p>A <strong>Boeing<\/strong> pagar\u00e1 US$ 4,2 bilh\u00f5es (ou R$ 16,4 bilh\u00f5es), cerca de 10% a mais do que era previsto. No entanto, este valor supera em mais de 7% o valor de mercado da companhia brasileira<strong>.\u00a0<\/strong><\/p>\n<p><a href=\"https:\/\/www.suno.com.br\/noticias\/mpt-governo-reavalie-acordo-embraer-boeing\/\">Saiba mais:\u00a0MPT quer que Governo reavalie acordo entre Embraer e Boeing<\/a><\/p>\n<p>Apesar do neg\u00f3cio, a justi\u00e7a tenta bloquear a fus\u00e3o entre a <strong>Boeing<\/strong> e a <strong>Embraer<\/strong>. No \u00faltimo dia 17 de janeiro, o <strong>Minist\u00e9rio P\u00fablico do Trabalho<\/strong> entrou com recurso de urg\u00eancia no <strong>Tribunal Superior do Trabalho (TST)\u00a0<\/strong>para reconsiderar a decis\u00e3o.<\/p>\n","protected":false},"excerpt":{"rendered":"<p>A Embraer (EMBR3.SA) recebeu uma encomenda de 12 aeronaves A-29 Super Tucano da For\u00e7a A\u00e9rea da Nig\u00e9ria. Embraer O pedido foi divulgado nesta quarta-feira (06). A Embraer n\u00e3o informou os prazos de entrega das aeronaves. Os avi\u00f5es dever\u00e3o ser usados em miss\u00f5es de apoio a\u00e9reo e t\u00e1tico. A produ\u00e7\u00e3o dos modelos ser\u00e1 em Jacksonville, na [&hellip;]<\/p>\n","protected":false},"author":14,"featured_media":14458,"comment_status":"closed","ping_status":"closed","sticky":false,"template":"","format":"standard","meta":[],"categories":[64],"tags":[828,460,793,62812],"suno_strategy":[],"class_list":["post-14446","post","type-post","status-publish","format-standard","has-post-thumbnail","hentry","category-negocios","tag-boeing-boei34","tag-embraer-embr3","tag-estados-unidos-eua","tag-fusoes-e-aquisicoes"],"yoast_head":"<!-- This site is optimized with the Yoast SEO plugin v24.4 - https:\/\/yoast.com\/wordpress\/plugins\/seo\/ -->\n<title>Embraer recebe encomenda de 12 aeronaves A29 Super Tucano da Nig\u00e9ria<\/title>\n<meta name=\"description\" content=\"A Embraer n\u00e3o informou os prazos de entrega das aeronaves. Os avi\u00f5es dever\u00e3o ser usados em miss\u00f5es de apoio a\u00e9reo e t\u00e1tico. Clique para ler.\" \/>\n<meta name=\"robots\" content=\"index, follow, max-snippet:-1, max-image-preview:large, max-video-preview:-1\" \/>\n<link rel=\"canonical\" href=\"https:\/\/www.suno.com.br\/noticias\/embraer-encomenda-aeronaves-nigeria\/\" \/>\n<meta property=\"og:locale\" content=\"pt_BR\" \/>\n<meta property=\"og:type\" content=\"article\" \/>\n<meta property=\"og:title\" content=\"Embraer recebe encomenda de 12 aeronaves A29 Super Tucano da Nig\u00e9ria\" \/>\n<meta property=\"og:description\" content=\"A Embraer n\u00e3o informou os prazos de entrega das aeronaves. Os avi\u00f5es dever\u00e3o ser usados em miss\u00f5es de apoio a\u00e9reo e t\u00e1tico. Clique para ler.\" \/>\n<meta property=\"og:url\" content=\"https:\/\/www.suno.com.br\/noticias\/embraer-encomenda-aeronaves-nigeria\/\" \/>\n<meta property=\"og:site_name\" content=\"Suno Not\u00edcias\" \/>\n<meta property=\"article:publisher\" content=\"https:\/\/facebook.com\/sunoresearch\" \/>\n<meta property=\"og:image\" content=\"https:\/\/files.sunoresearch.com.br\/n\/uploads\/2019\/02\/94a2b117-embraer.jpg\" \/>\n\t<meta property=\"og:image:width\" content=\"1024\" \/>\n\t<meta property=\"og:image:height\" content=\"689\" \/>\n\t<meta property=\"og:image:type\" content=\"image\/jpeg\" \/>\n<meta name=\"author\" content=\"Renan Dantas\" \/>\n<meta name=\"twitter:card\" content=\"summary_large_image\" \/>\n<meta name=\"twitter:creator\" content=\"@sunoresearch\" \/>\n<meta name=\"twitter:site\" content=\"@sunoresearch\" \/>\n<meta name=\"twitter:label1\" content=\"Escrito por\" \/>\n\t<meta name=\"twitter:data1\" content=\"Renan Dantas\" \/>\n\t<meta name=\"twitter:label2\" content=\"Est. tempo de leitura\" \/>\n\t<meta name=\"twitter:data2\" content=\"2 minutos\" \/>\n<script type=\"application\/ld+json\" class=\"yoast-schema-graph\">{\"@context\":\"https:\/\/schema.org\",\"@graph\":[{\"@type\":\"NewsArticle\",\"@id\":\"https:\/\/www.suno.com.br\/noticias\/embraer-encomenda-aeronaves-nigeria\/#article\",\"isPartOf\":{\"@id\":\"https:\/\/www.suno.com.br\/noticias\/embraer-encomenda-aeronaves-nigeria\/\"},\"author\":{\"name\":\"Renan Dantas\",\"@id\":\"https:\/\/www.suno.com.br\/noticias\/#\/schema\/person\/3f7693d5795a3f6d5ce15309ee785699\"},\"headline\":\"Embraer recebe encomenda de 12 avi\u00f5es A-29 Super Tucano da Nig\u00e9ria\",\"datePublished\":\"2019-02-06T21:37:06+00:00\",\"dateModified\":\"2021-02-18T20:54:02+00:00\",\"mainEntityOfPage\":{\"@id\":\"https:\/\/www.suno.com.br\/noticias\/embraer-encomenda-aeronaves-nigeria\/\"},\"wordCount\":404,\"publisher\":{\"@id\":\"https:\/\/www.suno.com.br\/noticias\/#organization\"},\"image\":{\"@id\":\"https:\/\/www.suno.com.br\/noticias\/embraer-encomenda-aeronaves-nigeria\/#primaryimage\"},\"thumbnailUrl\":\"https:\/\/files.sunoresearch.com.br\/n\/uploads\/2019\/02\/94a2b117-embraer-jpg.webp\",\"keywords\":[\"Boeing (BOEI34)\",\"Embraer (EMBR3)\",\"Estados Unidos (EUA)\",\"fus\u00f5es e aquisi\u00e7\u00f5es\"],\"articleSection\":[\"Neg\u00f3cios\"],\"inLanguage\":\"pt-BR\"},{\"@type\":\"WebPage\",\"@id\":\"https:\/\/www.suno.com.br\/noticias\/embraer-encomenda-aeronaves-nigeria\/\",\"url\":\"https:\/\/www.suno.com.br\/noticias\/embraer-encomenda-aeronaves-nigeria\/\",\"name\":\"Embraer recebe encomenda de 12 aeronaves A29 Super Tucano da Nig\u00e9ria\",\"isPartOf\":{\"@id\":\"https:\/\/www.suno.com.br\/noticias\/#website\"},\"primaryImageOfPage\":{\"@id\":\"https:\/\/www.suno.com.br\/noticias\/embraer-encomenda-aeronaves-nigeria\/#primaryimage\"},\"image\":{\"@id\":\"https:\/\/www.suno.com.br\/noticias\/embraer-encomenda-aeronaves-nigeria\/#primaryimage\"},\"thumbnailUrl\":\"https:\/\/files.sunoresearch.com.br\/n\/uploads\/2019\/02\/94a2b117-embraer-jpg.webp\",\"datePublished\":\"2019-02-06T21:37:06+00:00\",\"dateModified\":\"2021-02-18T20:54:02+00:00\",\"description\":\"A Embraer n\u00e3o informou os prazos de entrega das aeronaves. Os avi\u00f5es dever\u00e3o ser usados em miss\u00f5es de apoio a\u00e9reo e t\u00e1tico. Clique para ler.\",\"breadcrumb\":{\"@id\":\"https:\/\/www.suno.com.br\/noticias\/embraer-encomenda-aeronaves-nigeria\/#breadcrumb\"},\"inLanguage\":\"pt-BR\",\"potentialAction\":[{\"@type\":\"ReadAction\",\"target\":[\"https:\/\/www.suno.com.br\/noticias\/embraer-encomenda-aeronaves-nigeria\/\"]}]},{\"@type\":\"ImageObject\",\"inLanguage\":\"pt-BR\",\"@id\":\"https:\/\/www.suno.com.br\/noticias\/embraer-encomenda-aeronaves-nigeria\/#primaryimage\",\"url\":\"https:\/\/files.sunoresearch.com.br\/n\/uploads\/2019\/02\/94a2b117-embraer-jpg.webp\",\"contentUrl\":\"https:\/\/files.sunoresearch.com.br\/n\/uploads\/2019\/02\/94a2b117-embraer-jpg.webp\",\"width\":1024,\"height\":689,\"caption\":\"Embraer\"},{\"@type\":\"BreadcrumbList\",\"@id\":\"https:\/\/www.suno.com.br\/noticias\/embraer-encomenda-aeronaves-nigeria\/#breadcrumb\",\"itemListElement\":[{\"@type\":\"ListItem\",\"position\":1,\"name\":\"Not\u00edcias\",\"item\":\"https:\/\/www.suno.com.br\/noticias\/\"},{\"@type\":\"ListItem\",\"position\":2,\"name\":\"Neg\u00f3cios\",\"item\":\"https:\/\/www.suno.com.br\/noticias\/negocios\/\"},{\"@type\":\"ListItem\",\"position\":3,\"name\":\"Embraer recebe encomenda de 12 avi\u00f5es A-29 Super Tucano da Nig\u00e9ria\"}]},{\"@type\":\"WebSite\",\"@id\":\"https:\/\/www.suno.com.br\/noticias\/#website\",\"url\":\"https:\/\/www.suno.com.br\/noticias\/\",\"name\":\"Suno Not\u00edcias\",\"description\":\"Seu portal de informa\u00e7\u00e3o sobre o mundo dos investimentos\",\"publisher\":{\"@id\":\"https:\/\/www.suno.com.br\/noticias\/#organization\"},\"potentialAction\":[{\"@type\":\"SearchAction\",\"target\":{\"@type\":\"EntryPoint\",\"urlTemplate\":\"https:\/\/www.suno.com.br\/noticias\/?s={search_term_string}\"},\"query-input\":{\"@type\":\"PropertyValueSpecification\",\"valueRequired\":true,\"valueName\":\"search_term_string\"}}],\"inLanguage\":\"pt-BR\"},{\"@type\":\"Organization\",\"@id\":\"https:\/\/www.suno.com.br\/noticias\/#organization\",\"name\":\"Suno Not\u00edcias\",\"url\":\"https:\/\/www.suno.com.br\/noticias\/\",\"logo\":{\"@type\":\"ImageObject\",\"inLanguage\":\"pt-BR\",\"@id\":\"https:\/\/www.suno.com.br\/noticias\/#\/schema\/logo\/image\/\",\"url\":\"https:\/\/files.sunoresearch.com.br\/n\/uploads\/2021\/09\/suno-logo.png\",\"contentUrl\":\"https:\/\/files.sunoresearch.com.br\/n\/uploads\/2021\/09\/suno-logo.png\",\"width\":180,\"height\":180,\"caption\":\"Suno Not\u00edcias\"},\"image\":{\"@id\":\"https:\/\/www.suno.com.br\/noticias\/#\/schema\/logo\/image\/\"},\"sameAs\":[\"https:\/\/facebook.com\/sunoresearch\",\"https:\/\/x.com\/sunoresearch\",\"https:\/\/www.instagram.com\/suno\",\"https:\/\/www.linkedin.com\/company\/suno-research\/\",\"https:\/\/www.youtube.com\/c\/sunoresearch\"]},{\"@type\":\"Person\",\"@id\":\"https:\/\/www.suno.com.br\/noticias\/#\/schema\/person\/3f7693d5795a3f6d5ce15309ee785699\",\"name\":\"Renan Dantas\",\"image\":{\"@type\":\"ImageObject\",\"inLanguage\":\"pt-BR\",\"@id\":\"https:\/\/www.suno.com.br\/noticias\/#\/schema\/person\/image\/\",\"url\":\"https:\/\/secure.gravatar.com\/avatar\/1787b83e7484a08e51d62ac8b41c8396?s=96&r=g\",\"contentUrl\":\"https:\/\/secure.gravatar.com\/avatar\/1787b83e7484a08e51d62ac8b41c8396?s=96&r=g\",\"caption\":\"Renan Dantas\"},\"description\":\"Escreve sobre pol\u00edtica e mercado financeiro para o portal Suno Not\u00edcias. Antes, atuou na assessoria de comunica\u00e7\u00e3o do Minist\u00e9rio P\u00fablico do Trabalho e na R\u00e1dio Mackenzie, onde apresentava e produzia um programa sobre artistas da m\u00fasica brasileira. \u00c9 estudante na Universidade Presbiteriana Mackenzie.\",\"url\":\"https:\/\/www.suno.com.br\/noticias\/author\/renan-dantas\/\"}]}<\/script>\n<!-- \/ Yoast SEO plugin. -->","yoast_head_json":{"title":"Embraer recebe encomenda de 12 aeronaves A29 Super Tucano da Nig\u00e9ria","description":"A Embraer n\u00e3o informou os prazos de entrega das aeronaves. Os avi\u00f5es dever\u00e3o ser usados em miss\u00f5es de apoio a\u00e9reo e t\u00e1tico. Clique para ler.","robots":{"index":"index","follow":"follow","max-snippet":"max-snippet:-1","max-image-preview":"max-image-preview:large","max-video-preview":"max-video-preview:-1"},"canonical":"https:\/\/www.suno.com.br\/noticias\/embraer-encomenda-aeronaves-nigeria\/","og_locale":"pt_BR","og_type":"article","og_title":"Embraer recebe encomenda de 12 aeronaves A29 Super Tucano da Nig\u00e9ria","og_description":"A Embraer n\u00e3o informou os prazos de entrega das aeronaves. Os avi\u00f5es dever\u00e3o ser usados em miss\u00f5es de apoio a\u00e9reo e t\u00e1tico. Clique para ler.","og_url":"https:\/\/www.suno.com.br\/noticias\/embraer-encomenda-aeronaves-nigeria\/","og_site_name":"Suno Not\u00edcias","article_publisher":"https:\/\/facebook.com\/sunoresearch","og_image":[{"width":1024,"height":689,"url":"https:\/\/files.sunoresearch.com.br\/n\/uploads\/2019\/02\/94a2b117-embraer.jpg","type":"image\/jpeg"}],"author":"Renan Dantas","twitter_card":"summary_large_image","twitter_creator":"@sunoresearch","twitter_site":"@sunoresearch","twitter_misc":{"Escrito por":"Renan Dantas","Est. tempo de leitura":"2 minutos"},"schema":{"@context":"https:\/\/schema.org","@graph":[{"@type":"NewsArticle","@id":"https:\/\/www.suno.com.br\/noticias\/embraer-encomenda-aeronaves-nigeria\/#article","isPartOf":{"@id":"https:\/\/www.suno.com.br\/noticias\/embraer-encomenda-aeronaves-nigeria\/"},"author":{"name":"Renan Dantas","@id":"https:\/\/www.suno.com.br\/noticias\/#\/schema\/person\/3f7693d5795a3f6d5ce15309ee785699"},"headline":"Embraer recebe encomenda de 12 avi\u00f5es A-29 Super Tucano da Nig\u00e9ria","datePublished":"2019-02-06T21:37:06+00:00","dateModified":"2021-02-18T20:54:02+00:00","mainEntityOfPage":{"@id":"https:\/\/www.suno.com.br\/noticias\/embraer-encomenda-aeronaves-nigeria\/"},"wordCount":404,"publisher":{"@id":"https:\/\/www.suno.com.br\/noticias\/#organization"},"image":{"@id":"https:\/\/www.suno.com.br\/noticias\/embraer-encomenda-aeronaves-nigeria\/#primaryimage"},"thumbnailUrl":"https:\/\/files.sunoresearch.com.br\/n\/uploads\/2019\/02\/94a2b117-embraer-jpg.webp","keywords":["Boeing (BOEI34)","Embraer (EMBR3)","Estados Unidos (EUA)","fus\u00f5es e aquisi\u00e7\u00f5es"],"articleSection":["Neg\u00f3cios"],"inLanguage":"pt-BR"},{"@type":"WebPage","@id":"https:\/\/www.suno.com.br\/noticias\/embraer-encomenda-aeronaves-nigeria\/","url":"https:\/\/www.suno.com.br\/noticias\/embraer-encomenda-aeronaves-nigeria\/","name":"Embraer recebe encomenda de 12 aeronaves A29 Super Tucano da Nig\u00e9ria","isPartOf":{"@id":"https:\/\/www.suno.com.br\/noticias\/#website"},"primaryImageOfPage":{"@id":"https:\/\/www.suno.com.br\/noticias\/embraer-encomenda-aeronaves-nigeria\/#primaryimage"},"image":{"@id":"https:\/\/www.suno.com.br\/noticias\/embraer-encomenda-aeronaves-nigeria\/#primaryimage"},"thumbnailUrl":"https:\/\/files.sunoresearch.com.br\/n\/uploads\/2019\/02\/94a2b117-embraer-jpg.webp","datePublished":"2019-02-06T21:37:06+00:00","dateModified":"2021-02-18T20:54:02+00:00","description":"A Embraer n\u00e3o informou os prazos de entrega das aeronaves. Os avi\u00f5es dever\u00e3o ser usados em miss\u00f5es de apoio a\u00e9reo e t\u00e1tico. Clique para ler.","breadcrumb":{"@id":"https:\/\/www.suno.com.br\/noticias\/embraer-encomenda-aeronaves-nigeria\/#breadcrumb"},"inLanguage":"pt-BR","potentialAction":[{"@type":"ReadAction","target":["https:\/\/www.suno.com.br\/noticias\/embraer-encomenda-aeronaves-nigeria\/"]}]},{"@type":"ImageObject","inLanguage":"pt-BR","@id":"https:\/\/www.suno.com.br\/noticias\/embraer-encomenda-aeronaves-nigeria\/#primaryimage","url":"https:\/\/files.sunoresearch.com.br\/n\/uploads\/2019\/02\/94a2b117-embraer-jpg.webp","contentUrl":"https:\/\/files.sunoresearch.com.br\/n\/uploads\/2019\/02\/94a2b117-embraer-jpg.webp","width":1024,"height":689,"caption":"Embraer"},{"@type":"BreadcrumbList","@id":"https:\/\/www.suno.com.br\/noticias\/embraer-encomenda-aeronaves-nigeria\/#breadcrumb","itemListElement":[{"@type":"ListItem","position":1,"name":"Not\u00edcias","item":"https:\/\/www.suno.com.br\/noticias\/"},{"@type":"ListItem","position":2,"name":"Neg\u00f3cios","item":"https:\/\/www.suno.com.br\/noticias\/negocios\/"},{"@type":"ListItem","position":3,"name":"Embraer recebe encomenda de 12 avi\u00f5es A-29 Super Tucano da Nig\u00e9ria"}]},{"@type":"WebSite","@id":"https:\/\/www.suno.com.br\/noticias\/#website","url":"https:\/\/www.suno.com.br\/noticias\/","name":"Suno Not\u00edcias","description":"Seu portal de informa\u00e7\u00e3o sobre o mundo dos investimentos","publisher":{"@id":"https:\/\/www.suno.com.br\/noticias\/#organization"},"potentialAction":[{"@type":"SearchAction","target":{"@type":"EntryPoint","urlTemplate":"https:\/\/www.suno.com.br\/noticias\/?s={search_term_string}"},"query-input":{"@type":"PropertyValueSpecification","valueRequired":true,"valueName":"search_term_string"}}],"inLanguage":"pt-BR"},{"@type":"Organization","@id":"https:\/\/www.suno.com.br\/noticias\/#organization","name":"Suno Not\u00edcias","url":"https:\/\/www.suno.com.br\/noticias\/","logo":{"@type":"ImageObject","inLanguage":"pt-BR","@id":"https:\/\/www.suno.com.br\/noticias\/#\/schema\/logo\/image\/","url":"https:\/\/files.sunoresearch.com.br\/n\/uploads\/2021\/09\/suno-logo.png","contentUrl":"https:\/\/files.sunoresearch.com.br\/n\/uploads\/2021\/09\/suno-logo.png","width":180,"height":180,"caption":"Suno Not\u00edcias"},"image":{"@id":"https:\/\/www.suno.com.br\/noticias\/#\/schema\/logo\/image\/"},"sameAs":["https:\/\/facebook.com\/sunoresearch","https:\/\/x.com\/sunoresearch","https:\/\/www.instagram.com\/suno","https:\/\/www.linkedin.com\/company\/suno-research\/","https:\/\/www.youtube.com\/c\/sunoresearch"]},{"@type":"Person","@id":"https:\/\/www.suno.com.br\/noticias\/#\/schema\/person\/3f7693d5795a3f6d5ce15309ee785699","name":"Renan Dantas","image":{"@type":"ImageObject","inLanguage":"pt-BR","@id":"https:\/\/www.suno.com.br\/noticias\/#\/schema\/person\/image\/","url":"https:\/\/secure.gravatar.com\/avatar\/1787b83e7484a08e51d62ac8b41c8396?s=96&r=g","contentUrl":"https:\/\/secure.gravatar.com\/avatar\/1787b83e7484a08e51d62ac8b41c8396?s=96&r=g","caption":"Renan Dantas"},"description":"Escreve sobre pol\u00edtica e mercado financeiro para o portal Suno Not\u00edcias. Antes, atuou na assessoria de comunica\u00e7\u00e3o do Minist\u00e9rio P\u00fablico do Trabalho e na R\u00e1dio Mackenzie, onde apresentava e produzia um programa sobre artistas da m\u00fasica brasileira. \u00c9 estudante na Universidade Presbiteriana Mackenzie.","url":"https:\/\/www.suno.com.br\/noticias\/author\/renan-dantas\/"}]}},"default_loop_html":"<div class=\"cardsPage__listCard__boxs\"><div class=\"cardsPage__listCard__boxs__img\"><a href=\"https:\/\/www.suno.com.br\/noticias\/embraer-encomenda-aeronaves-nigeria\/\"><img class=\"mask\" src=\"https:\/\/www.suno.com.br\/noticias\/wp-content\/themes\/suno\/resources\/images\/spotlight\/spotlight1img\/bg-mask.png\" alt=\"Image Mask\"\/><img src=\"https:\/\/files.sunoresearch.com.br\/n\/uploads\/2019\/02\/94a2b117-embraer-400x200.webp\" alt=\"Embraer recebe encomenda de 12 avi\u00f5es A-29 Super Tucano da Nig\u00e9ria\"\/><\/a><span class=\"spotlightCategory\"><a href=\"https:\/\/www.suno.com.br\/noticias\/negocios\/\">Neg\u00f3cios<\/a><\/span><\/div><div class=\"cardsPage__listCard__boxs__content\"><a href=\"https:\/\/www.suno.com.br\/noticias\/embraer-encomenda-aeronaves-nigeria\/\"><h2 class=\"content__title\">Embraer recebe encomenda de 12 avi\u00f5es A-29 Super Tucano da Nig\u00e9ria<\/h2><\/a><div class=\"newsContent__article__meta\"><div class=\"newsContent__article__meta__authorBox\"><a href=\"https:\/\/www.suno.com.br\/noticias\/author\/renan-dantas\/\" class=\"authorBox__avatar noMobi\"><img src=\"https:\/\/secure.gravatar.com\/avatar\/1787b83e7484a08e51d62ac8b41c8396?s=96&#038;r=g\" alt=\"Renan Dantas\"><\/a><div class=\"authorBox__name\"><span>por\n\t\t\t<a href=\"https:\/\/www.suno.com.br\/noticias\/author\/renan-dantas\/\"><span itemprop=\"author\">Renan Dantas<\/span><\/a><\/span><time datetime=\"2019-02-06T19:37:06-02:00\" itemprop=\"datePublished\">06\/02\/2019 19:37<\/time><\/div><\/div><\/div><\/div><\/div>","single_layout":"posts","amp_enabled":true,"_links":{"self":[{"href":"https:\/\/www.suno.com.br\/noticias\/wp-json\/wp\/v2\/posts\/14446"}],"collection":[{"href":"https:\/\/www.suno.com.br\/noticias\/wp-json\/wp\/v2\/posts"}],"about":[{"href":"https:\/\/www.suno.com.br\/noticias\/wp-json\/wp\/v2\/types\/post"}],"author":[{"embeddable":true,"href":"https:\/\/www.suno.com.br\/noticias\/wp-json\/wp\/v2\/users\/14"}],"replies":[{"embeddable":true,"href":"https:\/\/www.suno.com.br\/noticias\/wp-json\/wp\/v2\/comments?post=14446"}],"version-history":[{"count":0,"href":"https:\/\/www.suno.com.br\/noticias\/wp-json\/wp\/v2\/posts\/14446\/revisions"}],"wp:featuredmedia":[{"embeddable":true,"href":"https:\/\/www.suno.com.br\/noticias\/wp-json\/wp\/v2\/media\/14458"}],"wp:attachment":[{"href":"https:\/\/www.suno.com.br\/noticias\/wp-json\/wp\/v2\/media?parent=14446"}],"wp:term":[{"taxonomy":"category","embeddable":true,"href":"https:\/\/www.suno.com.br\/noticias\/wp-json\/wp\/v2\/categories?post=14446"},{"taxonomy":"post_tag","embeddable":true,"href":"https:\/\/www.suno.com.br\/noticias\/wp-json\/wp\/v2\/tags?post=14446"},{"taxonomy":"suno_strategy","embeddable":true,"href":"https:\/\/www.suno.com.br\/noticias\/wp-json\/wp\/v2\/suno_strategy?post=14446"}],"curies":[{"name":"wp","href":"https:\/\/api.w.org\/{rel}","templated":true}]}}