{"id":14442,"date":"2019-02-06T18:55:11","date_gmt":"2019-02-06T20:55:11","guid":{"rendered":"https:\/\/www.suno.com.br\/noticias\/?p=14442"},"modified":"2019-02-06T18:55:11","modified_gmt":"2019-02-06T20:55:11","slug":"oab-stf-suspender-indenizacoes-lei","status":"publish","type":"post","link":"https:\/\/www.suno.com.br\/noticias\/oab-stf-suspender-indenizacoes-lei\/","title":{"rendered":"OAB pede que STF suspenda trecho sobre indeniza\u00e7\u00f5es de lei trabalhista"},"content":{"rendered":"<p>A Ordem dos Advogados do Brasil (OAB) pediu nesta quarta (6) que o <a href=\"http:\/\/portal.stf.jus.br\/\">Supremo Tribunal Federal (STF)<\/a> suspenda um trecho da nova lei trabalhista.<\/p>\t<div class=\"wrapper-featured-image\">\n\t\t<figure class=\"spotlightImg\">\n\n\t\t\t<picture>\n\t\t\t\t<source media=\"(max-width: 768px)\" srcset=\"https:\/\/files.sunoresearch.com.br\/n\/uploads\/2018\/09\/5432d59d-stf-400x200.webp\">\n\t\t\t\t<img loading=\"lazy\" decoding=\"async\" class=\"newsContent__article__imgCapa lazyloadDisabled newsContent__article__imgCapa--noCaption\" src=\"https:\/\/files.sunoresearch.com.br\/n\/uploads\/2018\/09\/5432d59d-stf-800x450.webp\" width=\"800\" height=\"450\" alt=\"OAB pede que STF suspenda trecho sobre indeniza\u00e7\u00f5es de lei trabalhista\" fetchpriority=high \/>\n\t\t\t<\/picture>\n\n\t\t\t<figcaption class=\"wp-caption-text wp-caption-text--hide\">Servidores cogitam ir ao STF para derrubar al\u00edquota de 22%<\/figcaption>\n\t\t<\/figure>\n\t<\/div>\n\n\n<p>O item que a <strong>OAB<\/strong> quer suspender se refere a um limite de valor pedido pelo trabalhador como <strong>indeniza\u00e7\u00e3o<\/strong> por <strong>danos morais<\/strong>. Antes da <strong>reforma trabalhista<\/strong>, n\u00e3o existia um teto para os valores desse tipo de <strong>indeniza\u00e7\u00e3o<\/strong>. A san\u00e7\u00e3o da lei, em 2017, estipulou um limite de 50 vezes o sal\u00e1rio do trabalhador para os pedidos.<\/p>\n<p><a href=\"https:\/\/www.suno.com.br\/noticias\/vale-ongs-acionistas-pedem-demissao\/\">Saiba mais: Vale: acionistas minorit\u00e1rios pedem demiss\u00e3o da diretoria executiva<\/a><\/p>\n<p><a href=\"https:\/\/www.suno.com.br\/noticias\/stj-soltar-presos-vale-brumadinho\/\">Saiba mais: STJ manda soltar funcion\u00e1rios presos por trag\u00e9dia da Vale em Brumadinho<\/a><\/p>\n<p>O <strong>rompimento da barragem da <a href=\"https:\/\/www.suno.com.br\/artigos\/vale-analise-sobre-suas-acoes-apos-o-acidente-em-brumadinho\/\">Vale (VALE3)<\/a><\/strong> em <strong>Brumadinho<\/strong> (MG) foi o gatilho para a a\u00e7\u00e3o da <strong>OAB<\/strong>. A entidade argumentou que, ap\u00f3s a trag\u00e9dia que j\u00e1 deixou pelo menos 150 mortos, muitos trabalhadores dever\u00e3o acionar a Justi\u00e7a pedindo <strong>indeniza\u00e7\u00e3o<\/strong>.<\/p>\n<p>&#8220;Sob o \u00e2ngulo trabalhista, a fam\u00edlia de um engenheiro da <strong>Vale<\/strong> falecido na trag\u00e9dia que recebia um sal\u00e1rio de R$ 10 mil ter\u00e1, em tese, uma <strong>indeniza\u00e7\u00e3o<\/strong> potencialmente 10 vezes maior do que a de um trabalhador terceirizado que recebia R$ 1 mil&#8221;, afirmou o novo presidente da <strong>OAB<\/strong>, Felipe Santa Cruz.<\/p>\n<p>O argumento da entidade, portanto, \u00e9 de que a nova lei reduziu os valores recebidos por trabalhadores de baixa renda. &#8220;A fam\u00edlia de um turista da pousada poderia ter, em tese, uma <strong>indeniza\u00e7\u00e3o<\/strong> maior do que uma fam\u00edlia de qualquer um dos trabalhadores da <strong>Vale<\/strong>&#8220;, disse.<\/p>\n<p><a href=\"https:\/\/www.suno.com.br\/noticias\/novo-patamar-acoes-vale-r40\/\">Saiba mais: Novo patamar para a\u00e7\u00f5es da Vale \u00e9 perto dos R$ 40, diz Luiz Barsi<\/a><\/p>\n<h2>N\u00fameros da trag\u00e9dia da Vale<\/h2>\n<ul>\n<li><strong>Mortos:<\/strong> 150<\/li>\n<li><strong>Identificados:<\/strong> 134 (124 j\u00e1 entregues \u00e0s fam\u00edlias)<\/li>\n<li><strong>Desaparecidos:<\/strong> 182<\/li>\n<\/ul>\n<h2>O desastre de Brumadinho<\/h2>\n<p>A Barragem 1 de rejeitos da mina de C\u00f3rrego do Feij\u00e3o estourou na sexta-feira (25). A mina, localizada na \u00e1rea metropolitana de <strong>Belo Horizonte,<\/strong> \u00e9 de propriedade da <strong>Vale.<\/strong><\/p>\n<p>O acidente gerou uma avalanche de lama, que destruiu parte do centro administrativo da empresa em <strong>Brumadinho,<\/strong> e arrastou casas e at\u00e9 uma ponte.<\/p>\n<p>A <strong>barragem<\/strong> rompida faz parte do complexo de Paraopeba. A mina \u00e9 respons\u00e1vel por 7,3 milh\u00f5es de toneladas de <strong>min\u00e9rio<\/strong>\u00a0<strong>de ferro<\/strong> do terceiro trimestre de 2018. O volume corresponde a 6,2% da produ\u00e7\u00e3o total de min\u00e9rio de ferro da <strong>Vale.<\/strong><\/p>\n<p>Esse \u00e9 o segundo desastre com barragem em que a Vale se envolve em\u00a0tr\u00eas anos. Em 2015 ocorreu a trag\u00e9dia de <strong>Mariana,<\/strong> com o rompimento da barragem da <strong>Samarco.<\/strong> Naquele desastre morreram 19 pessoas e a lama destruiu centenas de casas e constru\u00e7\u00f5es.<\/p>\n<p>A Samarco \u00e9 controlada pela <strong>Vale<\/strong> e pela mineradora anglo-australiana <strong>BHP Billiton,<\/strong> cada uma com 50% das a\u00e7\u00f5es. As duas empresas se tornaram alvo de a\u00e7\u00f5es na Justi\u00e7a por conta do desastre. As pessoas afetadas ainda esperam por repara\u00e7\u00e3o.<\/p>\n","protected":false},"excerpt":{"rendered":"<p>A Ordem dos Advogados do Brasil (OAB) pediu nesta quarta (6) que o Supremo Tribunal Federal (STF) suspenda um trecho da nova lei trabalhista. Servidores cogitam ir ao STF para derrubar al\u00edquota de 22% O item que a OAB quer suspender se refere a um limite de valor pedido pelo trabalhador como indeniza\u00e7\u00e3o por danos [&hellip;]<\/p>\n","protected":false},"author":13,"featured_media":4525,"comment_status":"closed","ping_status":"closed","sticky":false,"template":"","format":"standard","meta":[],"categories":[61],"tags":[1032,785,676],"suno_strategy":[],"class_list":["post-14442","post","type-post","status-publish","format-standard","has-post-thumbnail","hentry","category-politica","tag-brumadinho","tag-supremo-tribunal-federal-stf","tag-vale-vale3"],"yoast_head":"<!-- This site is optimized with the Yoast SEO plugin v24.4 - https:\/\/yoast.com\/wordpress\/plugins\/seo\/ -->\n<title>OAB pede que STF suspenda trecho sobre indeniza\u00e7\u00f5es de lei trabalhista<\/title>\n<meta name=\"description\" content=\"O trecho que a OAB quer suspender se refere a um limite de valor pedido pelo trabalhador como indeniza\u00e7\u00e3o por danos morais. Clique e saiba+\" \/>\n<meta name=\"robots\" content=\"index, follow, max-snippet:-1, max-image-preview:large, max-video-preview:-1\" \/>\n<link rel=\"canonical\" href=\"https:\/\/www.suno.com.br\/noticias\/oab-stf-suspender-indenizacoes-lei\/\" \/>\n<meta property=\"og:locale\" content=\"pt_BR\" \/>\n<meta property=\"og:type\" content=\"article\" \/>\n<meta property=\"og:title\" content=\"OAB pede que STF suspenda trecho sobre indeniza\u00e7\u00f5es de lei trabalhista\" \/>\n<meta property=\"og:description\" content=\"O trecho que a OAB quer suspender se refere a um limite de valor pedido pelo trabalhador como indeniza\u00e7\u00e3o por danos morais. Clique e saiba+\" \/>\n<meta property=\"og:url\" content=\"https:\/\/www.suno.com.br\/noticias\/oab-stf-suspender-indenizacoes-lei\/\" \/>\n<meta property=\"og:site_name\" content=\"Suno Not\u00edcias\" \/>\n<meta property=\"article:publisher\" content=\"https:\/\/facebook.com\/sunoresearch\" \/>\n<meta property=\"og:image\" content=\"https:\/\/files.sunoresearch.com.br\/n\/uploads\/2018\/09\/5432d59d-stf.jpg\" \/>\n\t<meta property=\"og:image:width\" content=\"2560\" \/>\n\t<meta property=\"og:image:height\" content=\"789\" \/>\n\t<meta property=\"og:image:type\" content=\"image\/jpeg\" \/>\n<meta name=\"author\" content=\"Guilherme Caetano\" \/>\n<meta name=\"twitter:card\" content=\"summary_large_image\" \/>\n<meta name=\"twitter:creator\" content=\"@sunoresearch\" \/>\n<meta name=\"twitter:site\" content=\"@sunoresearch\" \/>\n<meta name=\"twitter:label1\" content=\"Escrito por\" \/>\n\t<meta name=\"twitter:data1\" content=\"Guilherme Caetano\" \/>\n\t<meta name=\"twitter:label2\" content=\"Est. tempo de leitura\" \/>\n\t<meta name=\"twitter:data2\" content=\"2 minutos\" \/>\n<script type=\"application\/ld+json\" class=\"yoast-schema-graph\">{\"@context\":\"https:\/\/schema.org\",\"@graph\":[{\"@type\":\"NewsArticle\",\"@id\":\"https:\/\/www.suno.com.br\/noticias\/oab-stf-suspender-indenizacoes-lei\/#article\",\"isPartOf\":{\"@id\":\"https:\/\/www.suno.com.br\/noticias\/oab-stf-suspender-indenizacoes-lei\/\"},\"author\":{\"name\":\"Guilherme Caetano\",\"@id\":\"https:\/\/www.suno.com.br\/noticias\/#\/schema\/person\/0d0c9687cd2f600c564f25980c140de9\"},\"headline\":\"OAB pede que STF suspenda trecho sobre indeniza\u00e7\u00f5es de lei trabalhista\",\"datePublished\":\"2019-02-06T20:55:11+00:00\",\"mainEntityOfPage\":{\"@id\":\"https:\/\/www.suno.com.br\/noticias\/oab-stf-suspender-indenizacoes-lei\/\"},\"wordCount\":480,\"publisher\":{\"@id\":\"https:\/\/www.suno.com.br\/noticias\/#organization\"},\"image\":{\"@id\":\"https:\/\/www.suno.com.br\/noticias\/oab-stf-suspender-indenizacoes-lei\/#primaryimage\"},\"thumbnailUrl\":\"https:\/\/files.sunoresearch.com.br\/n\/uploads\/2018\/09\/5432d59d-stf-jpg.webp\",\"keywords\":[\"Brumadinho\",\"Supremo Tribunal Federal (STF)\",\"Vale (VALE3)\"],\"articleSection\":[\"Pol\u00edtica\"],\"inLanguage\":\"pt-BR\"},{\"@type\":\"WebPage\",\"@id\":\"https:\/\/www.suno.com.br\/noticias\/oab-stf-suspender-indenizacoes-lei\/\",\"url\":\"https:\/\/www.suno.com.br\/noticias\/oab-stf-suspender-indenizacoes-lei\/\",\"name\":\"OAB pede que STF suspenda trecho sobre indeniza\u00e7\u00f5es de lei trabalhista\",\"isPartOf\":{\"@id\":\"https:\/\/www.suno.com.br\/noticias\/#website\"},\"primaryImageOfPage\":{\"@id\":\"https:\/\/www.suno.com.br\/noticias\/oab-stf-suspender-indenizacoes-lei\/#primaryimage\"},\"image\":{\"@id\":\"https:\/\/www.suno.com.br\/noticias\/oab-stf-suspender-indenizacoes-lei\/#primaryimage\"},\"thumbnailUrl\":\"https:\/\/files.sunoresearch.com.br\/n\/uploads\/2018\/09\/5432d59d-stf-jpg.webp\",\"datePublished\":\"2019-02-06T20:55:11+00:00\",\"description\":\"O trecho que a OAB quer suspender se refere a um limite de valor pedido pelo trabalhador como indeniza\u00e7\u00e3o por danos morais. Clique e saiba+\",\"breadcrumb\":{\"@id\":\"https:\/\/www.suno.com.br\/noticias\/oab-stf-suspender-indenizacoes-lei\/#breadcrumb\"},\"inLanguage\":\"pt-BR\",\"potentialAction\":[{\"@type\":\"ReadAction\",\"target\":[\"https:\/\/www.suno.com.br\/noticias\/oab-stf-suspender-indenizacoes-lei\/\"]}]},{\"@type\":\"ImageObject\",\"inLanguage\":\"pt-BR\",\"@id\":\"https:\/\/www.suno.com.br\/noticias\/oab-stf-suspender-indenizacoes-lei\/#primaryimage\",\"url\":\"https:\/\/files.sunoresearch.com.br\/n\/uploads\/2018\/09\/5432d59d-stf-jpg.webp\",\"contentUrl\":\"https:\/\/files.sunoresearch.com.br\/n\/uploads\/2018\/09\/5432d59d-stf-jpg.webp\",\"width\":2560,\"height\":789,\"caption\":\"Servidores cogitam ir ao STF para derrubar al\u00edquota de 22%\"},{\"@type\":\"BreadcrumbList\",\"@id\":\"https:\/\/www.suno.com.br\/noticias\/oab-stf-suspender-indenizacoes-lei\/#breadcrumb\",\"itemListElement\":[{\"@type\":\"ListItem\",\"position\":1,\"name\":\"Not\u00edcias\",\"item\":\"https:\/\/www.suno.com.br\/noticias\/\"},{\"@type\":\"ListItem\",\"position\":2,\"name\":\"Pol\u00edtica\",\"item\":\"https:\/\/www.suno.com.br\/noticias\/politica\/\"},{\"@type\":\"ListItem\",\"position\":3,\"name\":\"OAB pede que STF suspenda trecho sobre indeniza\u00e7\u00f5es de lei trabalhista\"}]},{\"@type\":\"WebSite\",\"@id\":\"https:\/\/www.suno.com.br\/noticias\/#website\",\"url\":\"https:\/\/www.suno.com.br\/noticias\/\",\"name\":\"Suno Not\u00edcias\",\"description\":\"Seu portal de informa\u00e7\u00e3o sobre o mundo dos investimentos\",\"publisher\":{\"@id\":\"https:\/\/www.suno.com.br\/noticias\/#organization\"},\"potentialAction\":[{\"@type\":\"SearchAction\",\"target\":{\"@type\":\"EntryPoint\",\"urlTemplate\":\"https:\/\/www.suno.com.br\/noticias\/?s={search_term_string}\"},\"query-input\":{\"@type\":\"PropertyValueSpecification\",\"valueRequired\":true,\"valueName\":\"search_term_string\"}}],\"inLanguage\":\"pt-BR\"},{\"@type\":\"Organization\",\"@id\":\"https:\/\/www.suno.com.br\/noticias\/#organization\",\"name\":\"Suno Not\u00edcias\",\"url\":\"https:\/\/www.suno.com.br\/noticias\/\",\"logo\":{\"@type\":\"ImageObject\",\"inLanguage\":\"pt-BR\",\"@id\":\"https:\/\/www.suno.com.br\/noticias\/#\/schema\/logo\/image\/\",\"url\":\"https:\/\/files.sunoresearch.com.br\/n\/uploads\/2021\/09\/suno-logo.png\",\"contentUrl\":\"https:\/\/files.sunoresearch.com.br\/n\/uploads\/2021\/09\/suno-logo.png\",\"width\":180,\"height\":180,\"caption\":\"Suno Not\u00edcias\"},\"image\":{\"@id\":\"https:\/\/www.suno.com.br\/noticias\/#\/schema\/logo\/image\/\"},\"sameAs\":[\"https:\/\/facebook.com\/sunoresearch\",\"https:\/\/x.com\/sunoresearch\",\"https:\/\/www.instagram.com\/suno\",\"https:\/\/www.linkedin.com\/company\/suno-research\/\",\"https:\/\/www.youtube.com\/c\/sunoresearch\"]},{\"@type\":\"Person\",\"@id\":\"https:\/\/www.suno.com.br\/noticias\/#\/schema\/person\/0d0c9687cd2f600c564f25980c140de9\",\"name\":\"Guilherme Caetano\",\"image\":{\"@type\":\"ImageObject\",\"inLanguage\":\"pt-BR\",\"@id\":\"https:\/\/www.suno.com.br\/noticias\/#\/schema\/person\/image\/\",\"url\":\"https:\/\/secure.gravatar.com\/avatar\/e48357351a01702a0d19307070e081bf?s=96&r=g\",\"contentUrl\":\"https:\/\/secure.gravatar.com\/avatar\/e48357351a01702a0d19307070e081bf?s=96&r=g\",\"caption\":\"Guilherme Caetano\"},\"description\":\"Formado em jornalismo pela Escola de Comunica\u00e7\u00f5es e Artes da USP, Guilherme Caetano escreve para o portal de not\u00edcias da Suno Research. Passou pelas reda\u00e7\u00f5es da Folha de S.Paulo e da revista \u00c9poca.\",\"url\":\"https:\/\/www.suno.com.br\/noticias\/author\/guilherme-caetano\/\"}]}<\/script>\n<!-- \/ Yoast SEO plugin. -->","yoast_head_json":{"title":"OAB pede que STF suspenda trecho sobre indeniza\u00e7\u00f5es de lei trabalhista","description":"O trecho que a OAB quer suspender se refere a um limite de valor pedido pelo trabalhador como indeniza\u00e7\u00e3o por danos morais. Clique e saiba+","robots":{"index":"index","follow":"follow","max-snippet":"max-snippet:-1","max-image-preview":"max-image-preview:large","max-video-preview":"max-video-preview:-1"},"canonical":"https:\/\/www.suno.com.br\/noticias\/oab-stf-suspender-indenizacoes-lei\/","og_locale":"pt_BR","og_type":"article","og_title":"OAB pede que STF suspenda trecho sobre indeniza\u00e7\u00f5es de lei trabalhista","og_description":"O trecho que a OAB quer suspender se refere a um limite de valor pedido pelo trabalhador como indeniza\u00e7\u00e3o por danos morais. Clique e saiba+","og_url":"https:\/\/www.suno.com.br\/noticias\/oab-stf-suspender-indenizacoes-lei\/","og_site_name":"Suno Not\u00edcias","article_publisher":"https:\/\/facebook.com\/sunoresearch","og_image":[{"width":2560,"height":789,"url":"https:\/\/files.sunoresearch.com.br\/n\/uploads\/2018\/09\/5432d59d-stf.jpg","type":"image\/jpeg"}],"author":"Guilherme Caetano","twitter_card":"summary_large_image","twitter_creator":"@sunoresearch","twitter_site":"@sunoresearch","twitter_misc":{"Escrito por":"Guilherme Caetano","Est. tempo de leitura":"2 minutos"},"schema":{"@context":"https:\/\/schema.org","@graph":[{"@type":"NewsArticle","@id":"https:\/\/www.suno.com.br\/noticias\/oab-stf-suspender-indenizacoes-lei\/#article","isPartOf":{"@id":"https:\/\/www.suno.com.br\/noticias\/oab-stf-suspender-indenizacoes-lei\/"},"author":{"name":"Guilherme Caetano","@id":"https:\/\/www.suno.com.br\/noticias\/#\/schema\/person\/0d0c9687cd2f600c564f25980c140de9"},"headline":"OAB pede que STF suspenda trecho sobre indeniza\u00e7\u00f5es de lei trabalhista","datePublished":"2019-02-06T20:55:11+00:00","mainEntityOfPage":{"@id":"https:\/\/www.suno.com.br\/noticias\/oab-stf-suspender-indenizacoes-lei\/"},"wordCount":480,"publisher":{"@id":"https:\/\/www.suno.com.br\/noticias\/#organization"},"image":{"@id":"https:\/\/www.suno.com.br\/noticias\/oab-stf-suspender-indenizacoes-lei\/#primaryimage"},"thumbnailUrl":"https:\/\/files.sunoresearch.com.br\/n\/uploads\/2018\/09\/5432d59d-stf-jpg.webp","keywords":["Brumadinho","Supremo Tribunal Federal (STF)","Vale (VALE3)"],"articleSection":["Pol\u00edtica"],"inLanguage":"pt-BR"},{"@type":"WebPage","@id":"https:\/\/www.suno.com.br\/noticias\/oab-stf-suspender-indenizacoes-lei\/","url":"https:\/\/www.suno.com.br\/noticias\/oab-stf-suspender-indenizacoes-lei\/","name":"OAB pede que STF suspenda trecho sobre indeniza\u00e7\u00f5es de lei trabalhista","isPartOf":{"@id":"https:\/\/www.suno.com.br\/noticias\/#website"},"primaryImageOfPage":{"@id":"https:\/\/www.suno.com.br\/noticias\/oab-stf-suspender-indenizacoes-lei\/#primaryimage"},"image":{"@id":"https:\/\/www.suno.com.br\/noticias\/oab-stf-suspender-indenizacoes-lei\/#primaryimage"},"thumbnailUrl":"https:\/\/files.sunoresearch.com.br\/n\/uploads\/2018\/09\/5432d59d-stf-jpg.webp","datePublished":"2019-02-06T20:55:11+00:00","description":"O trecho que a OAB quer suspender se refere a um limite de valor pedido pelo trabalhador como indeniza\u00e7\u00e3o por danos morais. Clique e saiba+","breadcrumb":{"@id":"https:\/\/www.suno.com.br\/noticias\/oab-stf-suspender-indenizacoes-lei\/#breadcrumb"},"inLanguage":"pt-BR","potentialAction":[{"@type":"ReadAction","target":["https:\/\/www.suno.com.br\/noticias\/oab-stf-suspender-indenizacoes-lei\/"]}]},{"@type":"ImageObject","inLanguage":"pt-BR","@id":"https:\/\/www.suno.com.br\/noticias\/oab-stf-suspender-indenizacoes-lei\/#primaryimage","url":"https:\/\/files.sunoresearch.com.br\/n\/uploads\/2018\/09\/5432d59d-stf-jpg.webp","contentUrl":"https:\/\/files.sunoresearch.com.br\/n\/uploads\/2018\/09\/5432d59d-stf-jpg.webp","width":2560,"height":789,"caption":"Servidores cogitam ir ao STF para derrubar al\u00edquota de 22%"},{"@type":"BreadcrumbList","@id":"https:\/\/www.suno.com.br\/noticias\/oab-stf-suspender-indenizacoes-lei\/#breadcrumb","itemListElement":[{"@type":"ListItem","position":1,"name":"Not\u00edcias","item":"https:\/\/www.suno.com.br\/noticias\/"},{"@type":"ListItem","position":2,"name":"Pol\u00edtica","item":"https:\/\/www.suno.com.br\/noticias\/politica\/"},{"@type":"ListItem","position":3,"name":"OAB pede que STF suspenda trecho sobre indeniza\u00e7\u00f5es de lei trabalhista"}]},{"@type":"WebSite","@id":"https:\/\/www.suno.com.br\/noticias\/#website","url":"https:\/\/www.suno.com.br\/noticias\/","name":"Suno Not\u00edcias","description":"Seu portal de informa\u00e7\u00e3o sobre o mundo dos investimentos","publisher":{"@id":"https:\/\/www.suno.com.br\/noticias\/#organization"},"potentialAction":[{"@type":"SearchAction","target":{"@type":"EntryPoint","urlTemplate":"https:\/\/www.suno.com.br\/noticias\/?s={search_term_string}"},"query-input":{"@type":"PropertyValueSpecification","valueRequired":true,"valueName":"search_term_string"}}],"inLanguage":"pt-BR"},{"@type":"Organization","@id":"https:\/\/www.suno.com.br\/noticias\/#organization","name":"Suno Not\u00edcias","url":"https:\/\/www.suno.com.br\/noticias\/","logo":{"@type":"ImageObject","inLanguage":"pt-BR","@id":"https:\/\/www.suno.com.br\/noticias\/#\/schema\/logo\/image\/","url":"https:\/\/files.sunoresearch.com.br\/n\/uploads\/2021\/09\/suno-logo.png","contentUrl":"https:\/\/files.sunoresearch.com.br\/n\/uploads\/2021\/09\/suno-logo.png","width":180,"height":180,"caption":"Suno Not\u00edcias"},"image":{"@id":"https:\/\/www.suno.com.br\/noticias\/#\/schema\/logo\/image\/"},"sameAs":["https:\/\/facebook.com\/sunoresearch","https:\/\/x.com\/sunoresearch","https:\/\/www.instagram.com\/suno","https:\/\/www.linkedin.com\/company\/suno-research\/","https:\/\/www.youtube.com\/c\/sunoresearch"]},{"@type":"Person","@id":"https:\/\/www.suno.com.br\/noticias\/#\/schema\/person\/0d0c9687cd2f600c564f25980c140de9","name":"Guilherme Caetano","image":{"@type":"ImageObject","inLanguage":"pt-BR","@id":"https:\/\/www.suno.com.br\/noticias\/#\/schema\/person\/image\/","url":"https:\/\/secure.gravatar.com\/avatar\/e48357351a01702a0d19307070e081bf?s=96&r=g","contentUrl":"https:\/\/secure.gravatar.com\/avatar\/e48357351a01702a0d19307070e081bf?s=96&r=g","caption":"Guilherme Caetano"},"description":"Formado em jornalismo pela Escola de Comunica\u00e7\u00f5es e Artes da USP, Guilherme Caetano escreve para o portal de not\u00edcias da Suno Research. Passou pelas reda\u00e7\u00f5es da Folha de S.Paulo e da revista \u00c9poca.","url":"https:\/\/www.suno.com.br\/noticias\/author\/guilherme-caetano\/"}]}},"default_loop_html":"<div class=\"cardsPage__listCard__boxs\"><div class=\"cardsPage__listCard__boxs__img\"><a href=\"https:\/\/www.suno.com.br\/noticias\/oab-stf-suspender-indenizacoes-lei\/\"><img class=\"mask\" src=\"https:\/\/www.suno.com.br\/noticias\/wp-content\/themes\/suno\/resources\/images\/spotlight\/spotlight1img\/bg-mask.png\" alt=\"Image Mask\"\/><img src=\"https:\/\/files.sunoresearch.com.br\/n\/uploads\/2018\/09\/5432d59d-stf-400x200.webp\" alt=\"OAB pede que STF suspenda trecho sobre indeniza\u00e7\u00f5es de lei trabalhista\"\/><\/a><span class=\"spotlightCategory\"><a href=\"https:\/\/www.suno.com.br\/noticias\/politica\/\">Pol\u00edtica<\/a><\/span><\/div><div class=\"cardsPage__listCard__boxs__content\"><a href=\"https:\/\/www.suno.com.br\/noticias\/oab-stf-suspender-indenizacoes-lei\/\"><h2 class=\"content__title\">OAB pede que STF suspenda trecho sobre indeniza\u00e7\u00f5es de lei trabalhista<\/h2><\/a><div class=\"newsContent__article__meta\"><div class=\"newsContent__article__meta__authorBox\"><a href=\"https:\/\/www.suno.com.br\/noticias\/author\/guilherme-caetano\/\" class=\"authorBox__avatar noMobi\"><img src=\"https:\/\/secure.gravatar.com\/avatar\/e48357351a01702a0d19307070e081bf?s=96&#038;r=g\" alt=\"Guilherme Caetano\"><\/a><div class=\"authorBox__name\"><span>por\n\t\t\t<a href=\"https:\/\/www.suno.com.br\/noticias\/author\/guilherme-caetano\/\"><span itemprop=\"author\">Guilherme Caetano<\/span><\/a><\/span><time datetime=\"2019-02-06T18:55:11-02:00\" itemprop=\"datePublished\">06\/02\/2019 18:55<\/time><\/div><\/div><\/div><\/div><\/div>","single_layout":"posts","amp_enabled":true,"_links":{"self":[{"href":"https:\/\/www.suno.com.br\/noticias\/wp-json\/wp\/v2\/posts\/14442"}],"collection":[{"href":"https:\/\/www.suno.com.br\/noticias\/wp-json\/wp\/v2\/posts"}],"about":[{"href":"https:\/\/www.suno.com.br\/noticias\/wp-json\/wp\/v2\/types\/post"}],"author":[{"embeddable":true,"href":"https:\/\/www.suno.com.br\/noticias\/wp-json\/wp\/v2\/users\/13"}],"replies":[{"embeddable":true,"href":"https:\/\/www.suno.com.br\/noticias\/wp-json\/wp\/v2\/comments?post=14442"}],"version-history":[{"count":0,"href":"https:\/\/www.suno.com.br\/noticias\/wp-json\/wp\/v2\/posts\/14442\/revisions"}],"wp:featuredmedia":[{"embeddable":true,"href":"https:\/\/www.suno.com.br\/noticias\/wp-json\/wp\/v2\/media\/4525"}],"wp:attachment":[{"href":"https:\/\/www.suno.com.br\/noticias\/wp-json\/wp\/v2\/media?parent=14442"}],"wp:term":[{"taxonomy":"category","embeddable":true,"href":"https:\/\/www.suno.com.br\/noticias\/wp-json\/wp\/v2\/categories?post=14442"},{"taxonomy":"post_tag","embeddable":true,"href":"https:\/\/www.suno.com.br\/noticias\/wp-json\/wp\/v2\/tags?post=14442"},{"taxonomy":"suno_strategy","embeddable":true,"href":"https:\/\/www.suno.com.br\/noticias\/wp-json\/wp\/v2\/suno_strategy?post=14442"}],"curies":[{"name":"wp","href":"https:\/\/api.w.org\/{rel}","templated":true}]}}