{"id":144394,"date":"2021-05-03T17:57:34","date_gmt":"2021-05-03T20:57:34","guid":{"rendered":"https:\/\/www.suno.com.br\/noticias\/?p=144394"},"modified":"2021-05-03T19:12:24","modified_gmt":"2021-05-03T22:12:24","slug":"bill-gates-anuncia-divorcio","status":"publish","type":"post","link":"https:\/\/www.suno.com.br\/noticias\/bill-gates-anuncia-divorcio\/","title":{"rendered":"Bill Gates anuncia div\u00f3rcio de Melinda French ap\u00f3s 27 anos de casamento"},"content":{"rendered":"<p><a href=\"https:\/\/www.suno.com.br\/tudo-sobre\/bill-gates\/\"><strong>Bill Gates<\/strong> <\/a>anunciou nesta segunda-feira (3) o seu div\u00f3rcio de Melinda French ap\u00f3s 27 anos de casamento.<\/p>\t<div class=\"wrapper-featured-image\">\n\t\t<figure class=\"spotlightImg\">\n\n\t\t\t<picture>\n\t\t\t\t<source media=\"(max-width: 768px)\" srcset=\"https:\/\/files.sunoresearch.com.br\/n\/uploads\/2021\/05\/a7a9adbc-56592013_10156123018416961_6919163181092831232_n-400x200.webp\">\n\t\t\t\t<img loading=\"lazy\" decoding=\"async\" class=\"newsContent__article__imgCapa lazyloadDisabled \" src=\"https:\/\/files.sunoresearch.com.br\/n\/uploads\/2021\/05\/a7a9adbc-56592013_10156123018416961_6919163181092831232_n-800x450.webp\" width=\"800\" height=\"450\" alt=\"Bill Gates anuncia div\u00f3rcio de Melinda French ap\u00f3s 27 anos de casamento\" fetchpriority=high \/>\n\t\t\t<\/picture>\n\n\t\t\t<figcaption class=\"wp-caption-text wp-caption-text--show\">Bill Gates e Melinda Gates. Foto: Reprodu\u00e7\u00e3o Facebook<\/figcaption>\n\t\t<\/figure>\n\t<\/div>\n\n\n<p><span style=\"font-weight: 400;\">\t<p>\n\t\t<a href=\"https:\/\/lp.suno.com.br\/planilha-controle-gastos\/\" target=\"_blank\" data-element=\"shortcode-suno-banner\" title=\"Banner SUNO, clique e saiba mais\">\n\t\t\t<picture>\n\t\t\t\t<source media=\"(max-width: 500px)\" srcset=\"https:\/\/files.sunoresearch.com.br\/n\/uploads\/2023\/03\/400x300-Planilha-controle-de-gastos.png\">\n\t\t\t\t<img class=\"newsContent__article__imgCapa newsContent__article__imgCapa--banner\"\n\t\t\t\t\tsrc=\"https:\/\/files.sunoresearch.com.br\/n\/uploads\/2023\/03\/1420x240-Planilha-controle-de-gastos.png\"\n\t\t\t\t\tdata-promo-id=\"101751\"\t\t\t\t\t\t\t\t\t\twidth='1420' height='240'\t\t\t\t\talt=\"https:\/\/files.sunoresearch.com.br\/n\/uploads\/2023\/03\/1420x240-Planilha-controle-de-gastos.png\"\n\t\t\t\t>\n\t\t\t<\/picture>\n\t\t<\/a>\n\t<\/p>\n\n<\/span><\/p>\n<p>Bill Gates conheceu <strong>Melinda<\/strong> em 1987 em Nova York e a convidou para trabalhar na <strong>Microsoft (MSFT34).<\/strong> O casamento ocorreu em 1994 no Hava\u00ed, e Melinda deixou a empresa em 1996 para se dedicar a fam\u00edlia.<\/p>\n<p><iframe loading=\"lazy\" title=\"\ud83d\udd34Bill Gates anuncia div\u00f3rcio, BTG Pactual (BPAC11) anuncia compra de corretora\" width=\"1080\" height=\"608\" src=\"https:\/\/www.youtube.com\/embed\/cb2bH4avr4I?feature=oembed&#038;enablejsapi=1&#038;origin=https:\/\/www.suno.com.br\" frameborder=\"0\" allow=\"accelerometer; autoplay; clipboard-write; encrypted-media; gyroscope; picture-in-picture\" allowfullscreen><\/iframe><\/p>\n<p>Em um comunicado conjunto, o fundador da Microsoft e sua agora ex-esposa anunciaram o fim da uni\u00e3o salientando como &#8220;n\u00e3o acreditamos mais que podemos crescer juntos como casal na pr\u00f3xima fase de nossas vidas&#8221;.<\/p>\n<p><a href=\"https:\/\/lp.suno.com.br\/suno-one\/\"><span style=\"font-weight: 400;\">Suno One: acesse gratuitamente eBooks, Minicursos, Artigos e Video Aulas sobre investimentos com um \u00fanico cadastro. Clique para saber mais!<\/span><\/a><\/p>\n<p>O casal tem tr\u00eas filhos adultos &#8211; Jennifer, Rory e Phoebe &#8211; e administra conjuntamente a &#8220;Bill &amp; Melinda Gates Foundation&#8221; desde 2000.<\/p>\n<p>&#8220;Nos \u00faltimos 27 anos, criamos tr\u00eas filhos incr\u00edveis e constru\u00edmos uma funda\u00e7\u00e3o que funciona em todo o mundo para permitir que todas as pessoas levar uma vida saud\u00e1vel e produtiva&#8221;, escreveram na nota conjunta, &#8220;Continuamos a acreditar nessa miss\u00e3o e continuaremos nosso trabalho juntos na funda\u00e7\u00e3o&#8221;.<\/p>\n<blockquote class=\"twitter-tweet\">\n<p dir=\"ltr\" lang=\"und\"><a href=\"https:\/\/t.co\/padmHSgWGc\">pic.twitter.com\/padmHSgWGc<\/a><\/p>\n<p>\u2014 Bill Gates (@BillGates) <a href=\"https:\/\/twitter.com\/BillGates\/status\/1389316412259270657?ref_src=twsrc%5Etfw\">May 3, 2021<\/a><\/p><\/blockquote>\n<p><script async src=\"https:\/\/platform.twitter.com\/widgets.js\" charset=\"utf-8\"><\/script><br \/>\nA funda\u00e7\u00e3o j\u00e1 doou dezenas de bilh\u00f5es de d\u00f3lares para<a href=\"https:\/\/www.suno.com.br\/artigos\/empresa-sem-fins-lucrativos\/\"> atividades filantr\u00f3picas<\/a> em todo o mundo.<\/p>\n<p>Somente em 2020 a funda\u00e7\u00e3o realizou uma doa\u00e7\u00e3o de US$ 250 milh\u00f5es (cerca de R$ 1,5 bilh\u00e3o)\u00a0 para combater a pandemia do novo <strong>coronav\u00edrus<\/strong> (Covid-19).<\/p>\n<p>O patrim\u00f4nio de Bill Gates e de sua ex-esposa \u00e9 estimado em mais de US$ 130 bilh\u00f5es. A fortuna garante \u00e0 Gates a 4\u00aa posi\u00e7\u00e3o no ranking da Forbes das pessoas mais ricas do mundo.<\/p>\n\t<div data-element=\"shortcode-read-more\" class=\"knowMore\">\n\t\t\t\t<span class=\"knowMore__title\">Leia tamb\u00e9m<\/span>\n\t\t\t\t<a class=\"knowMore__link\" href=\"https:\/\/www.suno.com.br\/noticias\/elon-musk-bill-gates-mais-rico-segunda-2-do-mundo\/\">\n\t\t\tElon Musk ultrapassa Bill Gates e se torna a 2\u00aa pessoa mais rica do mundo\t\t<\/a>\n\t<\/div>\n\n\n<p>Ainda n\u00e3o se sabe como ser\u00e1 a divis\u00e3o de bens do casal bilion\u00e1rio.<\/p>\n<h2>Div\u00f3rcio de MacKenzie Scott e Jeff Bezos<\/h2>\n<p>Vale lembrar que em 2019, Mackenzie Scott e <a href=\"https:\/\/www.suno.com.br\/tudo-sobre\/jeff-bezos\/\">Jeff Bezos,<\/a> fundadores da Amazon, tamb\u00e9m se divorciaram e a divis\u00e3o de bens foi bilion\u00e1ria.<\/p>\n<p>Scott ajudou o Bezos a construir a empresa, e, ap\u00f3s 25 anos de casamento, eles protagonizaram um dos <strong>div\u00f3rcios <\/strong>mais falado dos \u00faltimos tempos.<\/p>\n<p>No acordo de separa\u00e7\u00e3o, divulgado no in\u00edcio de 2019, a fortuna do casal foi distribu\u00edda de forma desigual e a parcela de MacKenzie somava US$ 35,6 bilh\u00f5es. Com o montante, ela passou a ser umas das mulheres mais ricas do mundo, aos 49 anos de idade.<\/p>\n<p>A divis\u00e3o patrimonial e a gest\u00e3o sobre o direito de voto na Amazon foram um dos pontos mais debatidos. Se a fortuna do casal fosse dividida igualmente, MacKenzie ficaria com US$ 69 bilh\u00f5es.<\/p>\n\t<p>\n\t\t<a href=\"https:\/\/lp.suno.com.br\/planilha-da-vida-financeira\/\" target=\"_blank\" data-element=\"shortcode-suno-banner\" title=\"Banner SUNO, clique e saiba mais\">\n\t\t\t<picture>\n\t\t\t\t<source media=\"(max-width: 500px)\" srcset=\"https:\/\/files.sunoresearch.com.br\/n\/uploads\/2023\/04\/400x300-Planilha-vida-financeira-true.png\">\n\t\t\t\t<img class=\"newsContent__article__imgCapa newsContent__article__imgCapa--banner\"\n\t\t\t\t\tsrc=\"https:\/\/files.sunoresearch.com.br\/n\/uploads\/2023\/04\/1420x240-Planilha-vida-financeira-true.png\"\n\t\t\t\t\tdata-promo-id=\"106682\"\t\t\t\t\t\t\t\t\t\twidth='1420' height='240'\t\t\t\t\talt=\"https:\/\/files.sunoresearch.com.br\/n\/uploads\/2023\/04\/1420x240-Planilha-vida-financeira-true.png\"\n\t\t\t\t>\n\t\t\t<\/picture>\n\t\t<\/a>\n\t<\/p>\n\n\n<p>No caso de <strong>Melinda<\/strong> e <strong>Bill Gates<\/strong>, caso a fortuna do casal seja dividida em parcelas iguais, cada um ficaria com US$ 65 bilh\u00f5es de d\u00f3lares.<\/p>\n\t<p>\n\t\t<a href=\"https:\/\/lp.suno.com.br\/planilha-de-controle-de-investimentos\/\" target=\"_blank\" data-element=\"shortcode-suno-banner\" title=\"Banner SUNO, clique e saiba mais\">\n\t\t\t<picture>\n\t\t\t\t<source media=\"(max-width: 500px)\" srcset=\"https:\/\/files.sunoresearch.com.br\/n\/uploads\/2023\/03\/400x300-Controle-de-Investimentos.png\">\n\t\t\t\t<img class=\"newsContent__article__imgCapa newsContent__article__imgCapa--banner\"\n\t\t\t\t\tsrc=\"https:\/\/files.sunoresearch.com.br\/n\/uploads\/2023\/03\/1420x240-Controle-de-Investimentos.png\"\n\t\t\t\t\tdata-promo-id=\"75934\"\t\t\t\t\t\t\t\t\t\twidth='1420' height='240'\t\t\t\t\talt=\"https:\/\/files.sunoresearch.com.br\/n\/uploads\/2023\/03\/1420x240-Controle-de-Investimentos.png\"\n\t\t\t\t>\n\t\t\t<\/picture>\n\t\t<\/a>\n\t<\/p>\n\n\n","protected":false},"excerpt":{"rendered":"<p>Bill Gates anunciou nesta segunda-feira (3) o seu div\u00f3rcio de Melinda French ap\u00f3s 27 anos de casamento. Bill Gates e Melinda Gates. Foto: Reprodu\u00e7\u00e3o Facebook Bill Gates conheceu Melinda em 1987 em Nova York e a convidou para trabalhar na Microsoft (MSFT34). O casamento ocorreu em 1994 no Hava\u00ed, e Melinda deixou a empresa em [&hellip;]<\/p>\n","protected":false},"author":9,"featured_media":144406,"comment_status":"closed","ping_status":"closed","sticky":false,"template":"","format":"standard","meta":[],"categories":[63],"tags":[1290,688],"suno_strategy":[],"class_list":["post-144394","post","type-post","status-publish","format-standard","has-post-thumbnail","hentry","category-internacional","tag-bill-gates","tag-microsoft-msft34"],"yoast_head":"<!-- This site is optimized with the Yoast SEO plugin v24.4 - https:\/\/yoast.com\/wordpress\/plugins\/seo\/ -->\n<title>Bill Gates anuncia div\u00f3rcio de Melinda French ap\u00f3s 27 anos de casamento<\/title>\n<meta name=\"description\" content=\"Bill Gates conheceu Melinda em 1987 em Nova York e e a convidou para trabalhar na Microsoft (MSFT34).\u00a0 Clique qui para saber mais.\" \/>\n<meta name=\"robots\" content=\"index, follow, max-snippet:-1, max-image-preview:large, max-video-preview:-1\" \/>\n<link rel=\"canonical\" href=\"https:\/\/www.suno.com.br\/noticias\/bill-gates-anuncia-divorcio\/\" \/>\n<meta property=\"og:locale\" content=\"pt_BR\" \/>\n<meta property=\"og:type\" content=\"article\" \/>\n<meta property=\"og:title\" content=\"Bill Gates anuncia div\u00f3rcio de Melinda French ap\u00f3s 27 anos de casamento\" \/>\n<meta property=\"og:description\" content=\"Bill Gates conheceu Melinda em 1987 em Nova York e e a convidou para trabalhar na Microsoft (MSFT34).\u00a0 Clique qui para saber mais.\" \/>\n<meta property=\"og:url\" content=\"https:\/\/www.suno.com.br\/noticias\/bill-gates-anuncia-divorcio\/\" \/>\n<meta property=\"og:site_name\" content=\"Suno Not\u00edcias\" \/>\n<meta property=\"article:publisher\" content=\"https:\/\/facebook.com\/sunoresearch\" \/>\n<meta property=\"og:image\" content=\"https:\/\/files.sunoresearch.com.br\/n\/uploads\/2021\/05\/a7a9adbc-56592013_10156123018416961_6919163181092831232_n.jpg\" \/>\n\t<meta property=\"og:image:width\" content=\"1200\" \/>\n\t<meta property=\"og:image:height\" content=\"900\" \/>\n\t<meta property=\"og:image:type\" content=\"image\/jpeg\" \/>\n<meta name=\"author\" content=\"Carlo Cauti\" \/>\n<meta name=\"twitter:card\" content=\"summary_large_image\" \/>\n<meta name=\"twitter:creator\" content=\"@sunoresearch\" \/>\n<meta name=\"twitter:site\" content=\"@sunoresearch\" \/>\n<meta name=\"twitter:label1\" content=\"Escrito por\" \/>\n\t<meta name=\"twitter:data1\" content=\"Carlo Cauti\" \/>\n\t<meta name=\"twitter:label2\" content=\"Est. tempo de leitura\" \/>\n\t<meta name=\"twitter:data2\" content=\"2 minutos\" \/>\n<script type=\"application\/ld+json\" class=\"yoast-schema-graph\">{\"@context\":\"https:\/\/schema.org\",\"@graph\":[{\"@type\":\"NewsArticle\",\"@id\":\"https:\/\/www.suno.com.br\/noticias\/bill-gates-anuncia-divorcio\/#article\",\"isPartOf\":{\"@id\":\"https:\/\/www.suno.com.br\/noticias\/bill-gates-anuncia-divorcio\/\"},\"author\":{\"name\":\"Carlo Cauti\",\"@id\":\"https:\/\/www.suno.com.br\/noticias\/#\/schema\/person\/e6e0f723cc177805027f4566c1d5e0c8\"},\"headline\":\"Bill Gates anuncia div\u00f3rcio de Melinda French ap\u00f3s 27 anos de casamento\",\"datePublished\":\"2021-05-03T20:57:34+00:00\",\"dateModified\":\"2021-05-03T22:12:24+00:00\",\"mainEntityOfPage\":{\"@id\":\"https:\/\/www.suno.com.br\/noticias\/bill-gates-anuncia-divorcio\/\"},\"wordCount\":495,\"publisher\":{\"@id\":\"https:\/\/www.suno.com.br\/noticias\/#organization\"},\"image\":{\"@id\":\"https:\/\/www.suno.com.br\/noticias\/bill-gates-anuncia-divorcio\/#primaryimage\"},\"thumbnailUrl\":\"https:\/\/files.sunoresearch.com.br\/n\/uploads\/2021\/05\/a7a9adbc-56592013_10156123018416961_6919163181092831232_n-jpg.webp\",\"keywords\":[\"Bill Gates\",\"Microsoft (MSFT34)\"],\"articleSection\":[\"Internacional\"],\"inLanguage\":\"pt-BR\"},{\"@type\":\"WebPage\",\"@id\":\"https:\/\/www.suno.com.br\/noticias\/bill-gates-anuncia-divorcio\/\",\"url\":\"https:\/\/www.suno.com.br\/noticias\/bill-gates-anuncia-divorcio\/\",\"name\":\"Bill Gates anuncia div\u00f3rcio de Melinda French ap\u00f3s 27 anos de casamento\",\"isPartOf\":{\"@id\":\"https:\/\/www.suno.com.br\/noticias\/#website\"},\"primaryImageOfPage\":{\"@id\":\"https:\/\/www.suno.com.br\/noticias\/bill-gates-anuncia-divorcio\/#primaryimage\"},\"image\":{\"@id\":\"https:\/\/www.suno.com.br\/noticias\/bill-gates-anuncia-divorcio\/#primaryimage\"},\"thumbnailUrl\":\"https:\/\/files.sunoresearch.com.br\/n\/uploads\/2021\/05\/a7a9adbc-56592013_10156123018416961_6919163181092831232_n-jpg.webp\",\"datePublished\":\"2021-05-03T20:57:34+00:00\",\"dateModified\":\"2021-05-03T22:12:24+00:00\",\"description\":\"Bill Gates conheceu Melinda em 1987 em Nova York e e a convidou para trabalhar na Microsoft (MSFT34).\u00a0 Clique qui para saber mais.\",\"breadcrumb\":{\"@id\":\"https:\/\/www.suno.com.br\/noticias\/bill-gates-anuncia-divorcio\/#breadcrumb\"},\"inLanguage\":\"pt-BR\",\"potentialAction\":[{\"@type\":\"ReadAction\",\"target\":[\"https:\/\/www.suno.com.br\/noticias\/bill-gates-anuncia-divorcio\/\"]}]},{\"@type\":\"ImageObject\",\"inLanguage\":\"pt-BR\",\"@id\":\"https:\/\/www.suno.com.br\/noticias\/bill-gates-anuncia-divorcio\/#primaryimage\",\"url\":\"https:\/\/files.sunoresearch.com.br\/n\/uploads\/2021\/05\/a7a9adbc-56592013_10156123018416961_6919163181092831232_n-jpg.webp\",\"contentUrl\":\"https:\/\/files.sunoresearch.com.br\/n\/uploads\/2021\/05\/a7a9adbc-56592013_10156123018416961_6919163181092831232_n-jpg.webp\",\"width\":1200,\"height\":900,\"caption\":\"Bill Gates e Melinda Gates. Foto: Reprodu\u00e7\u00e3o Facebook\"},{\"@type\":\"BreadcrumbList\",\"@id\":\"https:\/\/www.suno.com.br\/noticias\/bill-gates-anuncia-divorcio\/#breadcrumb\",\"itemListElement\":[{\"@type\":\"ListItem\",\"position\":1,\"name\":\"Not\u00edcias\",\"item\":\"https:\/\/www.suno.com.br\/noticias\/\"},{\"@type\":\"ListItem\",\"position\":2,\"name\":\"Internacional\",\"item\":\"https:\/\/www.suno.com.br\/noticias\/internacional\/\"},{\"@type\":\"ListItem\",\"position\":3,\"name\":\"Bill Gates anuncia div\u00f3rcio de Melinda French ap\u00f3s 27 anos de casamento\"}]},{\"@type\":\"WebSite\",\"@id\":\"https:\/\/www.suno.com.br\/noticias\/#website\",\"url\":\"https:\/\/www.suno.com.br\/noticias\/\",\"name\":\"Suno Not\u00edcias\",\"description\":\"Seu portal de informa\u00e7\u00e3o sobre o mundo dos investimentos\",\"publisher\":{\"@id\":\"https:\/\/www.suno.com.br\/noticias\/#organization\"},\"potentialAction\":[{\"@type\":\"SearchAction\",\"target\":{\"@type\":\"EntryPoint\",\"urlTemplate\":\"https:\/\/www.suno.com.br\/noticias\/?s={search_term_string}\"},\"query-input\":{\"@type\":\"PropertyValueSpecification\",\"valueRequired\":true,\"valueName\":\"search_term_string\"}}],\"inLanguage\":\"pt-BR\"},{\"@type\":\"Organization\",\"@id\":\"https:\/\/www.suno.com.br\/noticias\/#organization\",\"name\":\"Suno Not\u00edcias\",\"url\":\"https:\/\/www.suno.com.br\/noticias\/\",\"logo\":{\"@type\":\"ImageObject\",\"inLanguage\":\"pt-BR\",\"@id\":\"https:\/\/www.suno.com.br\/noticias\/#\/schema\/logo\/image\/\",\"url\":\"https:\/\/files.sunoresearch.com.br\/n\/uploads\/2021\/09\/suno-logo.png\",\"contentUrl\":\"https:\/\/files.sunoresearch.com.br\/n\/uploads\/2021\/09\/suno-logo.png\",\"width\":180,\"height\":180,\"caption\":\"Suno Not\u00edcias\"},\"image\":{\"@id\":\"https:\/\/www.suno.com.br\/noticias\/#\/schema\/logo\/image\/\"},\"sameAs\":[\"https:\/\/facebook.com\/sunoresearch\",\"https:\/\/x.com\/sunoresearch\",\"https:\/\/www.instagram.com\/suno\",\"https:\/\/www.linkedin.com\/company\/suno-research\/\",\"https:\/\/www.youtube.com\/c\/sunoresearch\"]},{\"@type\":\"Person\",\"@id\":\"https:\/\/www.suno.com.br\/noticias\/#\/schema\/person\/e6e0f723cc177805027f4566c1d5e0c8\",\"name\":\"Carlo Cauti\",\"image\":{\"@type\":\"ImageObject\",\"inLanguage\":\"pt-BR\",\"@id\":\"https:\/\/www.suno.com.br\/noticias\/#\/schema\/person\/image\/\",\"url\":\"https:\/\/secure.gravatar.com\/avatar\/3ada9e0bd164c23abd4792a9606d583c?s=96&r=g\",\"contentUrl\":\"https:\/\/secure.gravatar.com\/avatar\/3ada9e0bd164c23abd4792a9606d583c?s=96&r=g\",\"caption\":\"Carlo Cauti\"},\"description\":\"Editor multim\u00eddia do SUNO Not\u00edcias. Italiano, formado em Ci\u00eancias Pol\u00edticas pela universidade LUISS G. Carli de Roma e mestre cum laude em Rela\u00e7\u00f5es Internacionais, Jornalismo Internacional e de Guerra e em Economia Internacional. Concluiu tamb\u00e9m um MBA em Finan\u00e7as na B3. No Brasil, teve passagem por ve\u00edculos como Estad\u00e3o, Globo, Veja e EXAME. e nas ag\u00eancias de not\u00edcias italianas ANSA e NOVA.\",\"url\":\"https:\/\/www.suno.com.br\/noticias\/author\/carlo-cauti\/\"}]}<\/script>\n<!-- \/ Yoast SEO plugin. -->","yoast_head_json":{"title":"Bill Gates anuncia div\u00f3rcio de Melinda French ap\u00f3s 27 anos de casamento","description":"Bill Gates conheceu Melinda em 1987 em Nova York e e a convidou para trabalhar na Microsoft (MSFT34).\u00a0 Clique qui para saber mais.","robots":{"index":"index","follow":"follow","max-snippet":"max-snippet:-1","max-image-preview":"max-image-preview:large","max-video-preview":"max-video-preview:-1"},"canonical":"https:\/\/www.suno.com.br\/noticias\/bill-gates-anuncia-divorcio\/","og_locale":"pt_BR","og_type":"article","og_title":"Bill Gates anuncia div\u00f3rcio de Melinda French ap\u00f3s 27 anos de casamento","og_description":"Bill Gates conheceu Melinda em 1987 em Nova York e e a convidou para trabalhar na Microsoft (MSFT34).\u00a0 Clique qui para saber mais.","og_url":"https:\/\/www.suno.com.br\/noticias\/bill-gates-anuncia-divorcio\/","og_site_name":"Suno Not\u00edcias","article_publisher":"https:\/\/facebook.com\/sunoresearch","og_image":[{"width":1200,"height":900,"url":"https:\/\/files.sunoresearch.com.br\/n\/uploads\/2021\/05\/a7a9adbc-56592013_10156123018416961_6919163181092831232_n.jpg","type":"image\/jpeg"}],"author":"Carlo Cauti","twitter_card":"summary_large_image","twitter_creator":"@sunoresearch","twitter_site":"@sunoresearch","twitter_misc":{"Escrito por":"Carlo Cauti","Est. tempo de leitura":"2 minutos"},"schema":{"@context":"https:\/\/schema.org","@graph":[{"@type":"NewsArticle","@id":"https:\/\/www.suno.com.br\/noticias\/bill-gates-anuncia-divorcio\/#article","isPartOf":{"@id":"https:\/\/www.suno.com.br\/noticias\/bill-gates-anuncia-divorcio\/"},"author":{"name":"Carlo Cauti","@id":"https:\/\/www.suno.com.br\/noticias\/#\/schema\/person\/e6e0f723cc177805027f4566c1d5e0c8"},"headline":"Bill Gates anuncia div\u00f3rcio de Melinda French ap\u00f3s 27 anos de casamento","datePublished":"2021-05-03T20:57:34+00:00","dateModified":"2021-05-03T22:12:24+00:00","mainEntityOfPage":{"@id":"https:\/\/www.suno.com.br\/noticias\/bill-gates-anuncia-divorcio\/"},"wordCount":495,"publisher":{"@id":"https:\/\/www.suno.com.br\/noticias\/#organization"},"image":{"@id":"https:\/\/www.suno.com.br\/noticias\/bill-gates-anuncia-divorcio\/#primaryimage"},"thumbnailUrl":"https:\/\/files.sunoresearch.com.br\/n\/uploads\/2021\/05\/a7a9adbc-56592013_10156123018416961_6919163181092831232_n-jpg.webp","keywords":["Bill Gates","Microsoft (MSFT34)"],"articleSection":["Internacional"],"inLanguage":"pt-BR"},{"@type":"WebPage","@id":"https:\/\/www.suno.com.br\/noticias\/bill-gates-anuncia-divorcio\/","url":"https:\/\/www.suno.com.br\/noticias\/bill-gates-anuncia-divorcio\/","name":"Bill Gates anuncia div\u00f3rcio de Melinda French ap\u00f3s 27 anos de casamento","isPartOf":{"@id":"https:\/\/www.suno.com.br\/noticias\/#website"},"primaryImageOfPage":{"@id":"https:\/\/www.suno.com.br\/noticias\/bill-gates-anuncia-divorcio\/#primaryimage"},"image":{"@id":"https:\/\/www.suno.com.br\/noticias\/bill-gates-anuncia-divorcio\/#primaryimage"},"thumbnailUrl":"https:\/\/files.sunoresearch.com.br\/n\/uploads\/2021\/05\/a7a9adbc-56592013_10156123018416961_6919163181092831232_n-jpg.webp","datePublished":"2021-05-03T20:57:34+00:00","dateModified":"2021-05-03T22:12:24+00:00","description":"Bill Gates conheceu Melinda em 1987 em Nova York e e a convidou para trabalhar na Microsoft (MSFT34).\u00a0 Clique qui para saber mais.","breadcrumb":{"@id":"https:\/\/www.suno.com.br\/noticias\/bill-gates-anuncia-divorcio\/#breadcrumb"},"inLanguage":"pt-BR","potentialAction":[{"@type":"ReadAction","target":["https:\/\/www.suno.com.br\/noticias\/bill-gates-anuncia-divorcio\/"]}]},{"@type":"ImageObject","inLanguage":"pt-BR","@id":"https:\/\/www.suno.com.br\/noticias\/bill-gates-anuncia-divorcio\/#primaryimage","url":"https:\/\/files.sunoresearch.com.br\/n\/uploads\/2021\/05\/a7a9adbc-56592013_10156123018416961_6919163181092831232_n-jpg.webp","contentUrl":"https:\/\/files.sunoresearch.com.br\/n\/uploads\/2021\/05\/a7a9adbc-56592013_10156123018416961_6919163181092831232_n-jpg.webp","width":1200,"height":900,"caption":"Bill Gates e Melinda Gates. Foto: Reprodu\u00e7\u00e3o Facebook"},{"@type":"BreadcrumbList","@id":"https:\/\/www.suno.com.br\/noticias\/bill-gates-anuncia-divorcio\/#breadcrumb","itemListElement":[{"@type":"ListItem","position":1,"name":"Not\u00edcias","item":"https:\/\/www.suno.com.br\/noticias\/"},{"@type":"ListItem","position":2,"name":"Internacional","item":"https:\/\/www.suno.com.br\/noticias\/internacional\/"},{"@type":"ListItem","position":3,"name":"Bill Gates anuncia div\u00f3rcio de Melinda French ap\u00f3s 27 anos de casamento"}]},{"@type":"WebSite","@id":"https:\/\/www.suno.com.br\/noticias\/#website","url":"https:\/\/www.suno.com.br\/noticias\/","name":"Suno Not\u00edcias","description":"Seu portal de informa\u00e7\u00e3o sobre o mundo dos investimentos","publisher":{"@id":"https:\/\/www.suno.com.br\/noticias\/#organization"},"potentialAction":[{"@type":"SearchAction","target":{"@type":"EntryPoint","urlTemplate":"https:\/\/www.suno.com.br\/noticias\/?s={search_term_string}"},"query-input":{"@type":"PropertyValueSpecification","valueRequired":true,"valueName":"search_term_string"}}],"inLanguage":"pt-BR"},{"@type":"Organization","@id":"https:\/\/www.suno.com.br\/noticias\/#organization","name":"Suno Not\u00edcias","url":"https:\/\/www.suno.com.br\/noticias\/","logo":{"@type":"ImageObject","inLanguage":"pt-BR","@id":"https:\/\/www.suno.com.br\/noticias\/#\/schema\/logo\/image\/","url":"https:\/\/files.sunoresearch.com.br\/n\/uploads\/2021\/09\/suno-logo.png","contentUrl":"https:\/\/files.sunoresearch.com.br\/n\/uploads\/2021\/09\/suno-logo.png","width":180,"height":180,"caption":"Suno Not\u00edcias"},"image":{"@id":"https:\/\/www.suno.com.br\/noticias\/#\/schema\/logo\/image\/"},"sameAs":["https:\/\/facebook.com\/sunoresearch","https:\/\/x.com\/sunoresearch","https:\/\/www.instagram.com\/suno","https:\/\/www.linkedin.com\/company\/suno-research\/","https:\/\/www.youtube.com\/c\/sunoresearch"]},{"@type":"Person","@id":"https:\/\/www.suno.com.br\/noticias\/#\/schema\/person\/e6e0f723cc177805027f4566c1d5e0c8","name":"Carlo Cauti","image":{"@type":"ImageObject","inLanguage":"pt-BR","@id":"https:\/\/www.suno.com.br\/noticias\/#\/schema\/person\/image\/","url":"https:\/\/secure.gravatar.com\/avatar\/3ada9e0bd164c23abd4792a9606d583c?s=96&r=g","contentUrl":"https:\/\/secure.gravatar.com\/avatar\/3ada9e0bd164c23abd4792a9606d583c?s=96&r=g","caption":"Carlo Cauti"},"description":"Editor multim\u00eddia do SUNO Not\u00edcias. Italiano, formado em Ci\u00eancias Pol\u00edticas pela universidade LUISS G. Carli de Roma e mestre cum laude em Rela\u00e7\u00f5es Internacionais, Jornalismo Internacional e de Guerra e em Economia Internacional. Concluiu tamb\u00e9m um MBA em Finan\u00e7as na B3. No Brasil, teve passagem por ve\u00edculos como Estad\u00e3o, Globo, Veja e EXAME. e nas ag\u00eancias de not\u00edcias italianas ANSA e NOVA.","url":"https:\/\/www.suno.com.br\/noticias\/author\/carlo-cauti\/"}]}},"default_loop_html":"<div class=\"cardsPage__listCard__boxs\"><div class=\"cardsPage__listCard__boxs__img\"><a href=\"https:\/\/www.suno.com.br\/noticias\/bill-gates-anuncia-divorcio\/\"><img class=\"mask\" src=\"https:\/\/www.suno.com.br\/noticias\/wp-content\/themes\/suno\/resources\/images\/spotlight\/spotlight1img\/bg-mask.png\" alt=\"Image Mask\"\/><img src=\"https:\/\/files.sunoresearch.com.br\/n\/uploads\/2021\/05\/a7a9adbc-56592013_10156123018416961_6919163181092831232_n-400x200.webp\" alt=\"Bill Gates anuncia div\u00f3rcio de Melinda French ap\u00f3s 27 anos de casamento\"\/><\/a><span class=\"spotlightCategory\"><a href=\"https:\/\/www.suno.com.br\/noticias\/internacional\/\">Internacional<\/a><\/span><\/div><div class=\"cardsPage__listCard__boxs__content\"><a href=\"https:\/\/www.suno.com.br\/noticias\/bill-gates-anuncia-divorcio\/\"><h2 class=\"content__title\">Bill Gates anuncia div\u00f3rcio de Melinda French ap\u00f3s 27 anos de casamento<\/h2><\/a><div class=\"newsContent__article__meta\"><div class=\"newsContent__article__meta__authorBox\"><a href=\"https:\/\/www.suno.com.br\/noticias\/author\/carlo-cauti\/\" class=\"authorBox__avatar noMobi\"><img src=\"https:\/\/files.sunoresearch.com.br\/n\/uploads\/2020\/08\/e3745f9a-perfil-carlo-cauti-150x150.webp\" alt=\"Carlo Cauti\"><\/a><div class=\"authorBox__name\"><span>por\n\t\t\t<a href=\"https:\/\/www.suno.com.br\/noticias\/author\/carlo-cauti\/\"><span itemprop=\"author\">Carlo Cauti<\/span><\/a><\/span><time datetime=\"2021-05-03T17:57:34-03:00\" itemprop=\"datePublished\">03\/05\/2021 17:57<\/time><\/div><\/div><\/div><\/div><\/div>","single_layout":"posts","amp_enabled":true,"_links":{"self":[{"href":"https:\/\/www.suno.com.br\/noticias\/wp-json\/wp\/v2\/posts\/144394"}],"collection":[{"href":"https:\/\/www.suno.com.br\/noticias\/wp-json\/wp\/v2\/posts"}],"about":[{"href":"https:\/\/www.suno.com.br\/noticias\/wp-json\/wp\/v2\/types\/post"}],"author":[{"embeddable":true,"href":"https:\/\/www.suno.com.br\/noticias\/wp-json\/wp\/v2\/users\/9"}],"replies":[{"embeddable":true,"href":"https:\/\/www.suno.com.br\/noticias\/wp-json\/wp\/v2\/comments?post=144394"}],"version-history":[{"count":6,"href":"https:\/\/www.suno.com.br\/noticias\/wp-json\/wp\/v2\/posts\/144394\/revisions"}],"predecessor-version":[{"id":144435,"href":"https:\/\/www.suno.com.br\/noticias\/wp-json\/wp\/v2\/posts\/144394\/revisions\/144435"}],"wp:featuredmedia":[{"embeddable":true,"href":"https:\/\/www.suno.com.br\/noticias\/wp-json\/wp\/v2\/media\/144406"}],"wp:attachment":[{"href":"https:\/\/www.suno.com.br\/noticias\/wp-json\/wp\/v2\/media?parent=144394"}],"wp:term":[{"taxonomy":"category","embeddable":true,"href":"https:\/\/www.suno.com.br\/noticias\/wp-json\/wp\/v2\/categories?post=144394"},{"taxonomy":"post_tag","embeddable":true,"href":"https:\/\/www.suno.com.br\/noticias\/wp-json\/wp\/v2\/tags?post=144394"},{"taxonomy":"suno_strategy","embeddable":true,"href":"https:\/\/www.suno.com.br\/noticias\/wp-json\/wp\/v2\/suno_strategy?post=144394"}],"curies":[{"name":"wp","href":"https:\/\/api.w.org\/{rel}","templated":true}]}}