{"id":144364,"date":"2021-05-03T17:32:37","date_gmt":"2021-05-03T20:32:37","guid":{"rendered":"https:\/\/www.suno.com.br\/noticias\/?p=144364"},"modified":"2021-05-03T17:33:07","modified_gmt":"2021-05-03T20:33:07","slug":"fed-nao-mostra-preocupacao-efeito-estimulo-fiscal-inflacao","status":"publish","type":"post","link":"https:\/\/www.suno.com.br\/noticias\/fed-nao-mostra-preocupacao-efeito-estimulo-fiscal-inflacao\/","title":{"rendered":"Fed de NY n\u00e3o mostra preocupa\u00e7\u00e3o com efeito de est\u00edmulo fiscal sobre infla\u00e7\u00e3o"},"content":{"rendered":"<p>O presidente do <a href=\"https:\/\/www.suno.com.br\/artigos\/fed\/\">Federal Reserve (<strong>Fed<\/strong>)<\/a> de Nova York, John Williams afirmou nesta segunda-feira (3) durante evento da Women in Housing and Finance, n\u00e3o estar preocupado com a possibilidade de que a agenda de est\u00edmulos \u00e0 economia do governo <a href=\"https:\/\/www.suno.com.br\/noticias\/joe-biden-conheca-o-novo-presidente-dos-estados-unidos\/\">Joe Biden<\/a> provoque uma alta na infla\u00e7\u00e3o dos Estados Unidos que leve a desequil\u00edbrios severos e de longo prazo.<\/p>\t<div class=\"wrapper-featured-image\">\n\t\t<figure class=\"spotlightImg\">\n\n\t\t\t<picture>\n\t\t\t\t<source media=\"(max-width: 768px)\" srcset=\"https:\/\/files.sunoresearch.com.br\/n\/uploads\/2021\/04\/24957809-usa-1561757_1280-400x200.webp\">\n\t\t\t\t<img loading=\"lazy\" decoding=\"async\" class=\"newsContent__article__imgCapa lazyloadDisabled \" src=\"https:\/\/files.sunoresearch.com.br\/n\/uploads\/2021\/04\/24957809-usa-1561757_1280-800x450.webp\" width=\"800\" height=\"450\" alt=\"Fed de NY n\u00e3o mostra preocupa\u00e7\u00e3o com efeito de est\u00edmulo fiscal sobre infla\u00e7\u00e3o\" fetchpriority=high \/>\n\t\t\t<\/picture>\n\n\t\t\t<figcaption class=\"wp-caption-text wp-caption-text--show\">Bandeira dos Estados Unidos. Foto: Pixabay<\/figcaption>\n\t\t<\/figure>\n\t<\/div>\n\n\n\t<p>\n\t\t<a href=\"https:\/\/lp.suno.com.br\/planilha-controle-gastos\/\" target=\"_blank\" data-element=\"shortcode-suno-banner\" title=\"Banner SUNO, clique e saiba mais\">\n\t\t\t<picture>\n\t\t\t\t<source media=\"(max-width: 500px)\" srcset=\"https:\/\/files.sunoresearch.com.br\/n\/uploads\/2023\/03\/400x300-Planilha-controle-de-gastos.png\">\n\t\t\t\t<img class=\"newsContent__article__imgCapa newsContent__article__imgCapa--banner\"\n\t\t\t\t\tsrc=\"https:\/\/files.sunoresearch.com.br\/n\/uploads\/2023\/03\/1420x240-Planilha-controle-de-gastos.png\"\n\t\t\t\t\tdata-promo-id=\"101751\"\t\t\t\t\t\t\t\t\t\twidth='1420' height='240'\t\t\t\t\talt=\"https:\/\/files.sunoresearch.com.br\/n\/uploads\/2023\/03\/1420x240-Planilha-controle-de-gastos.png\"\n\t\t\t\t>\n\t\t\t<\/picture>\n\t\t<\/a>\n\t<\/p>\n\n\n<p>Segundo Williams, as medidas fiscais contribu\u00edram para a r\u00e1pida recupera\u00e7\u00e3o da economia americana em 2021, e o Fed disp\u00f5e de instrumentos para lidar com uma <a href=\"https:\/\/www.suno.com.br\/artigos\/inflacao\/\">press\u00e3o inflacion\u00e1ria<\/a>, caso ocorra.<\/p>\n<p>Perguntado sobre quando ele espera uma rea\u00e7\u00e3o do Comit\u00ea Federal de Mercado Aberto (Fomc, na sigla em ingl\u00eas) \u00e0 infla\u00e7\u00e3o nos EUA, Williams afirmou que os dirigentes esperam que o n\u00edvel de pre\u00e7os esteja ancorado em 2%, meta a longo prazo da entidade, antes de alterar a sua pol\u00edtica monet\u00e1ria.<\/p>\n<p><a href=\"https:\/\/lp.suno.com.br\/suno-one\/\">Suno One: acesse gratuitamente eBooks, Minicursos, Artigos e V\u00eddeo Aulas sobre investimentos com um \u00fanico cadastro. Clique para saber mais!<\/a><\/p>\n<p>Mais cedo, em discurso no mesmo evento, o presidente do Fed de NY disse considerar a alta recente na infla\u00e7\u00e3o apenas &#8220;transit\u00f3ria&#8221;.<\/p>\n<h2>Fed diz que recupera\u00e7\u00e3o n\u00e3o \u00e9 completa e que continua monitorando bancos<\/h2>\n<p>O Federal Reserve publicou na \u00faltima sexta-feira (30) seu Relat\u00f3rio de Supervis\u00e3o e Regula\u00e7\u00e3o, publica\u00e7\u00e3o semestral na qual informa sobre seu trabalho para promover a seguran\u00e7a e a solidez do setor banc\u00e1rio.<\/p>\n<p>No documento, o Fed nota que a recupera\u00e7\u00e3o ap\u00f3s o choque da covid-19 &#8220;n\u00e3o \u00e9 completa&#8221;. &#8220;Diante disso, o Federal Reserve continua a monitorar de perto a exposi\u00e7\u00e3o de riscos dos bancos, o desempenho de cr\u00e9dito e as opera\u00e7\u00f5es&#8221;, afirma.<\/p>\n<p>O Banco Central americano avalia que o sistema banc\u00e1rio dos EUA tem mostrado resistir aos choques, e considera que as posi\u00e7\u00f5es de capital e liquidez das institui\u00e7\u00f5es financeiras &#8220;seguem robustas&#8221;.<\/p>\n\t<div data-element=\"shortcode-read-more\" class=\"knowMore\">\n\t\t\t\t<span class=\"knowMore__title\">Saiba mais<\/span>\n\t\t\t\t<a class=\"knowMore__link\" href=\"https:\/\/www.suno.com.br\/noticias\/fed-recuperacao-nao-completa-monitorarando-bancos\/\">\n\t\t\tFed diz que recupera\u00e7\u00e3o n\u00e3o \u00e9 completa e que continua monitorando bancos\t\t<\/a>\n\t<\/div>\n\n\n<p>Segundo a autoridade monet\u00e1ria, os bancos entraram na pandemia com &#8220;posi\u00e7\u00f5es de capital e liquidez fortes&#8221;, o que permitiu enfrentarem a situa\u00e7\u00e3o. No \u00faltimo ano, a liquidez banc\u00e1ria tamb\u00e9m aumentou, com um &#8220;crescimento forte nos dep\u00f3sitos&#8221;.<\/p>\n<p>De acordo com o <strong>Fed<\/strong>, a lucratividade dos bancos retornou em sua maioria aos n\u00edveis pr\u00e9-covid-19. O BC tamb\u00e9m destaca o papel importante das institui\u00e7\u00f5es no Programa de Prote\u00e7\u00e3o \u00e0 Folha de Pagamentos (PPP, na sigla em ingl\u00eas), mas destaca que o crescimento dos empr\u00e9stimos pelos bancos &#8220;tem sido lento&#8221;, para al\u00e9m dos empr\u00e9stimos no \u00e2mbito do PPP.<\/p>\n\t<p>\n\t\t<a href=\"https:\/\/lp.suno.com.br\/planilha-da-vida-financeira\/\" target=\"_blank\" data-element=\"shortcode-suno-banner\" title=\"Banner SUNO, clique e saiba mais\">\n\t\t\t<picture>\n\t\t\t\t<source media=\"(max-width: 500px)\" srcset=\"https:\/\/files.sunoresearch.com.br\/n\/uploads\/2023\/04\/400x300-Planilha-vida-financeira-true.png\">\n\t\t\t\t<img class=\"newsContent__article__imgCapa newsContent__article__imgCapa--banner\"\n\t\t\t\t\tsrc=\"https:\/\/files.sunoresearch.com.br\/n\/uploads\/2023\/04\/1420x240-Planilha-vida-financeira-true.png\"\n\t\t\t\t\tdata-promo-id=\"106682\"\t\t\t\t\t\t\t\t\t\twidth='1420' height='240'\t\t\t\t\talt=\"https:\/\/files.sunoresearch.com.br\/n\/uploads\/2023\/04\/1420x240-Planilha-vida-financeira-true.png\"\n\t\t\t\t>\n\t\t\t<\/picture>\n\t\t<\/a>\n\t<\/p>\n\n\n","protected":false},"excerpt":{"rendered":"<p>O presidente do Federal Reserve (Fed) de Nova York, John Williams afirmou nesta segunda-feira (3) durante evento da Women in Housing and Finance, n\u00e3o estar preocupado com a possibilidade de que a agenda de est\u00edmulos \u00e0 economia do governo Joe Biden provoque uma alta na infla\u00e7\u00e3o dos Estados Unidos que leve a desequil\u00edbrios severos e [&hellip;]<\/p>\n","protected":false},"author":56,"featured_media":139570,"comment_status":"closed","ping_status":"closed","sticky":false,"template":"","format":"standard","meta":[],"categories":[63],"tags":[793,776,850],"suno_strategy":[],"class_list":["post-144364","post","type-post","status-publish","format-standard","has-post-thumbnail","hentry","category-internacional","tag-estados-unidos-eua","tag-federal-reseve-fed","tag-inflacao"],"yoast_head":"<!-- This site is optimized with the Yoast SEO plugin v24.4 - https:\/\/yoast.com\/wordpress\/plugins\/seo\/ -->\n<title>Fed de NY n\u00e3o mostra preocupa\u00e7\u00e3o com efeito de est\u00edmulo fiscal sobre infla\u00e7\u00e3o<\/title>\n<meta name=\"description\" content=\"Para o presidente do Fed de NY, as medidas fiscais contribu\u00edram para a r\u00e1pida recupera\u00e7\u00e3o da economia em 2021. Clique aqui para saber mais.\" \/>\n<meta name=\"robots\" content=\"index, follow, max-snippet:-1, max-image-preview:large, max-video-preview:-1\" \/>\n<link rel=\"canonical\" href=\"https:\/\/www.suno.com.br\/noticias\/fed-nao-mostra-preocupacao-efeito-estimulo-fiscal-inflacao\/\" \/>\n<meta property=\"og:locale\" content=\"pt_BR\" \/>\n<meta property=\"og:type\" content=\"article\" \/>\n<meta property=\"og:title\" content=\"Fed de NY n\u00e3o mostra preocupa\u00e7\u00e3o com efeito de est\u00edmulo fiscal sobre infla\u00e7\u00e3o\" \/>\n<meta property=\"og:description\" content=\"Para o presidente do Fed de NY, as medidas fiscais contribu\u00edram para a r\u00e1pida recupera\u00e7\u00e3o da economia em 2021. Clique aqui para saber mais.\" \/>\n<meta property=\"og:url\" content=\"https:\/\/www.suno.com.br\/noticias\/fed-nao-mostra-preocupacao-efeito-estimulo-fiscal-inflacao\/\" \/>\n<meta property=\"og:site_name\" content=\"Suno Not\u00edcias\" \/>\n<meta property=\"article:publisher\" content=\"https:\/\/facebook.com\/sunoresearch\" \/>\n<meta property=\"og:image\" content=\"https:\/\/files.sunoresearch.com.br\/n\/uploads\/2021\/04\/24957809-usa-1561757_1280.jpg\" \/>\n\t<meta property=\"og:image:width\" content=\"1280\" \/>\n\t<meta property=\"og:image:height\" content=\"856\" \/>\n\t<meta property=\"og:image:type\" content=\"image\/jpeg\" \/>\n<meta name=\"author\" content=\"Rafaela La Regina\" \/>\n<meta name=\"twitter:card\" content=\"summary_large_image\" \/>\n<meta name=\"twitter:creator\" content=\"@sunoresearch\" \/>\n<meta name=\"twitter:site\" content=\"@sunoresearch\" \/>\n<meta name=\"twitter:label1\" content=\"Escrito por\" \/>\n\t<meta name=\"twitter:data1\" content=\"Rafaela La Regina\" \/>\n\t<meta name=\"twitter:label2\" content=\"Est. tempo de leitura\" \/>\n\t<meta name=\"twitter:data2\" content=\"2 minutos\" \/>\n<script type=\"application\/ld+json\" class=\"yoast-schema-graph\">{\"@context\":\"https:\/\/schema.org\",\"@graph\":[{\"@type\":\"NewsArticle\",\"@id\":\"https:\/\/www.suno.com.br\/noticias\/fed-nao-mostra-preocupacao-efeito-estimulo-fiscal-inflacao\/#article\",\"isPartOf\":{\"@id\":\"https:\/\/www.suno.com.br\/noticias\/fed-nao-mostra-preocupacao-efeito-estimulo-fiscal-inflacao\/\"},\"author\":{\"name\":\"Rafaela La Regina\",\"@id\":\"https:\/\/www.suno.com.br\/noticias\/#\/schema\/person\/e672ca8cea627fe715fa29bca7da95e0\"},\"headline\":\"Fed de NY n\u00e3o mostra preocupa\u00e7\u00e3o com efeito de est\u00edmulo fiscal sobre infla\u00e7\u00e3o\",\"datePublished\":\"2021-05-03T20:32:37+00:00\",\"dateModified\":\"2021-05-03T20:33:07+00:00\",\"mainEntityOfPage\":{\"@id\":\"https:\/\/www.suno.com.br\/noticias\/fed-nao-mostra-preocupacao-efeito-estimulo-fiscal-inflacao\/\"},\"wordCount\":460,\"publisher\":{\"@id\":\"https:\/\/www.suno.com.br\/noticias\/#organization\"},\"image\":{\"@id\":\"https:\/\/www.suno.com.br\/noticias\/fed-nao-mostra-preocupacao-efeito-estimulo-fiscal-inflacao\/#primaryimage\"},\"thumbnailUrl\":\"https:\/\/files.sunoresearch.com.br\/n\/uploads\/2021\/04\/24957809-usa-1561757_1280-jpg.webp\",\"keywords\":[\"Estados Unidos (EUA)\",\"Federal Reserve (FED)\",\"infla\u00e7\u00e3o\"],\"articleSection\":[\"Internacional\"],\"inLanguage\":\"pt-BR\"},{\"@type\":\"WebPage\",\"@id\":\"https:\/\/www.suno.com.br\/noticias\/fed-nao-mostra-preocupacao-efeito-estimulo-fiscal-inflacao\/\",\"url\":\"https:\/\/www.suno.com.br\/noticias\/fed-nao-mostra-preocupacao-efeito-estimulo-fiscal-inflacao\/\",\"name\":\"Fed de NY n\u00e3o mostra preocupa\u00e7\u00e3o com efeito de est\u00edmulo fiscal sobre infla\u00e7\u00e3o\",\"isPartOf\":{\"@id\":\"https:\/\/www.suno.com.br\/noticias\/#website\"},\"primaryImageOfPage\":{\"@id\":\"https:\/\/www.suno.com.br\/noticias\/fed-nao-mostra-preocupacao-efeito-estimulo-fiscal-inflacao\/#primaryimage\"},\"image\":{\"@id\":\"https:\/\/www.suno.com.br\/noticias\/fed-nao-mostra-preocupacao-efeito-estimulo-fiscal-inflacao\/#primaryimage\"},\"thumbnailUrl\":\"https:\/\/files.sunoresearch.com.br\/n\/uploads\/2021\/04\/24957809-usa-1561757_1280-jpg.webp\",\"datePublished\":\"2021-05-03T20:32:37+00:00\",\"dateModified\":\"2021-05-03T20:33:07+00:00\",\"description\":\"Para o presidente do Fed de NY, as medidas fiscais contribu\u00edram para a r\u00e1pida recupera\u00e7\u00e3o da economia em 2021. Clique aqui para saber mais.\",\"breadcrumb\":{\"@id\":\"https:\/\/www.suno.com.br\/noticias\/fed-nao-mostra-preocupacao-efeito-estimulo-fiscal-inflacao\/#breadcrumb\"},\"inLanguage\":\"pt-BR\",\"potentialAction\":[{\"@type\":\"ReadAction\",\"target\":[\"https:\/\/www.suno.com.br\/noticias\/fed-nao-mostra-preocupacao-efeito-estimulo-fiscal-inflacao\/\"]}]},{\"@type\":\"ImageObject\",\"inLanguage\":\"pt-BR\",\"@id\":\"https:\/\/www.suno.com.br\/noticias\/fed-nao-mostra-preocupacao-efeito-estimulo-fiscal-inflacao\/#primaryimage\",\"url\":\"https:\/\/files.sunoresearch.com.br\/n\/uploads\/2021\/04\/24957809-usa-1561757_1280-jpg.webp\",\"contentUrl\":\"https:\/\/files.sunoresearch.com.br\/n\/uploads\/2021\/04\/24957809-usa-1561757_1280-jpg.webp\",\"width\":1280,\"height\":856,\"caption\":\"Bandeira dos Estados Unidos. Foto: Pixabay\"},{\"@type\":\"BreadcrumbList\",\"@id\":\"https:\/\/www.suno.com.br\/noticias\/fed-nao-mostra-preocupacao-efeito-estimulo-fiscal-inflacao\/#breadcrumb\",\"itemListElement\":[{\"@type\":\"ListItem\",\"position\":1,\"name\":\"Not\u00edcias\",\"item\":\"https:\/\/www.suno.com.br\/noticias\/\"},{\"@type\":\"ListItem\",\"position\":2,\"name\":\"Internacional\",\"item\":\"https:\/\/www.suno.com.br\/noticias\/internacional\/\"},{\"@type\":\"ListItem\",\"position\":3,\"name\":\"Fed de NY n\u00e3o mostra preocupa\u00e7\u00e3o com efeito de est\u00edmulo fiscal sobre infla\u00e7\u00e3o\"}]},{\"@type\":\"WebSite\",\"@id\":\"https:\/\/www.suno.com.br\/noticias\/#website\",\"url\":\"https:\/\/www.suno.com.br\/noticias\/\",\"name\":\"Suno Not\u00edcias\",\"description\":\"Seu portal de informa\u00e7\u00e3o sobre o mundo dos investimentos\",\"publisher\":{\"@id\":\"https:\/\/www.suno.com.br\/noticias\/#organization\"},\"potentialAction\":[{\"@type\":\"SearchAction\",\"target\":{\"@type\":\"EntryPoint\",\"urlTemplate\":\"https:\/\/www.suno.com.br\/noticias\/?s={search_term_string}\"},\"query-input\":{\"@type\":\"PropertyValueSpecification\",\"valueRequired\":true,\"valueName\":\"search_term_string\"}}],\"inLanguage\":\"pt-BR\"},{\"@type\":\"Organization\",\"@id\":\"https:\/\/www.suno.com.br\/noticias\/#organization\",\"name\":\"Suno Not\u00edcias\",\"url\":\"https:\/\/www.suno.com.br\/noticias\/\",\"logo\":{\"@type\":\"ImageObject\",\"inLanguage\":\"pt-BR\",\"@id\":\"https:\/\/www.suno.com.br\/noticias\/#\/schema\/logo\/image\/\",\"url\":\"https:\/\/files.sunoresearch.com.br\/n\/uploads\/2021\/09\/suno-logo.png\",\"contentUrl\":\"https:\/\/files.sunoresearch.com.br\/n\/uploads\/2021\/09\/suno-logo.png\",\"width\":180,\"height\":180,\"caption\":\"Suno Not\u00edcias\"},\"image\":{\"@id\":\"https:\/\/www.suno.com.br\/noticias\/#\/schema\/logo\/image\/\"},\"sameAs\":[\"https:\/\/facebook.com\/sunoresearch\",\"https:\/\/x.com\/sunoresearch\",\"https:\/\/www.instagram.com\/suno\",\"https:\/\/www.linkedin.com\/company\/suno-research\/\",\"https:\/\/www.youtube.com\/c\/sunoresearch\"]},{\"@type\":\"Person\",\"@id\":\"https:\/\/www.suno.com.br\/noticias\/#\/schema\/person\/e672ca8cea627fe715fa29bca7da95e0\",\"name\":\"Rafaela La Regina\",\"image\":{\"@type\":\"ImageObject\",\"inLanguage\":\"pt-BR\",\"@id\":\"https:\/\/www.suno.com.br\/noticias\/#\/schema\/person\/image\/\",\"url\":\"https:\/\/secure.gravatar.com\/avatar\/d2c75a52d243deb93d0465fdcb21bd37?s=96&r=g\",\"contentUrl\":\"https:\/\/secure.gravatar.com\/avatar\/d2c75a52d243deb93d0465fdcb21bd37?s=96&r=g\",\"caption\":\"Rafaela La Regina\"},\"description\":\"Estagi\u00e1ria no Suno Not\u00edcias. Escreve sobre economia, pol\u00edtica e neg\u00f3cios. Estuda Rela\u00e7\u00f5es Internacionais no IBMEC-SP.\",\"url\":\"https:\/\/www.suno.com.br\/noticias\/author\/rafaela-la-regina\/\"}]}<\/script>\n<!-- \/ Yoast SEO plugin. -->","yoast_head_json":{"title":"Fed de NY n\u00e3o mostra preocupa\u00e7\u00e3o com efeito de est\u00edmulo fiscal sobre infla\u00e7\u00e3o","description":"Para o presidente do Fed de NY, as medidas fiscais contribu\u00edram para a r\u00e1pida recupera\u00e7\u00e3o da economia em 2021. Clique aqui para saber mais.","robots":{"index":"index","follow":"follow","max-snippet":"max-snippet:-1","max-image-preview":"max-image-preview:large","max-video-preview":"max-video-preview:-1"},"canonical":"https:\/\/www.suno.com.br\/noticias\/fed-nao-mostra-preocupacao-efeito-estimulo-fiscal-inflacao\/","og_locale":"pt_BR","og_type":"article","og_title":"Fed de NY n\u00e3o mostra preocupa\u00e7\u00e3o com efeito de est\u00edmulo fiscal sobre infla\u00e7\u00e3o","og_description":"Para o presidente do Fed de NY, as medidas fiscais contribu\u00edram para a r\u00e1pida recupera\u00e7\u00e3o da economia em 2021. Clique aqui para saber mais.","og_url":"https:\/\/www.suno.com.br\/noticias\/fed-nao-mostra-preocupacao-efeito-estimulo-fiscal-inflacao\/","og_site_name":"Suno Not\u00edcias","article_publisher":"https:\/\/facebook.com\/sunoresearch","og_image":[{"width":1280,"height":856,"url":"https:\/\/files.sunoresearch.com.br\/n\/uploads\/2021\/04\/24957809-usa-1561757_1280.jpg","type":"image\/jpeg"}],"author":"Rafaela La Regina","twitter_card":"summary_large_image","twitter_creator":"@sunoresearch","twitter_site":"@sunoresearch","twitter_misc":{"Escrito por":"Rafaela La Regina","Est. tempo de leitura":"2 minutos"},"schema":{"@context":"https:\/\/schema.org","@graph":[{"@type":"NewsArticle","@id":"https:\/\/www.suno.com.br\/noticias\/fed-nao-mostra-preocupacao-efeito-estimulo-fiscal-inflacao\/#article","isPartOf":{"@id":"https:\/\/www.suno.com.br\/noticias\/fed-nao-mostra-preocupacao-efeito-estimulo-fiscal-inflacao\/"},"author":{"name":"Rafaela La Regina","@id":"https:\/\/www.suno.com.br\/noticias\/#\/schema\/person\/e672ca8cea627fe715fa29bca7da95e0"},"headline":"Fed de NY n\u00e3o mostra preocupa\u00e7\u00e3o com efeito de est\u00edmulo fiscal sobre infla\u00e7\u00e3o","datePublished":"2021-05-03T20:32:37+00:00","dateModified":"2021-05-03T20:33:07+00:00","mainEntityOfPage":{"@id":"https:\/\/www.suno.com.br\/noticias\/fed-nao-mostra-preocupacao-efeito-estimulo-fiscal-inflacao\/"},"wordCount":460,"publisher":{"@id":"https:\/\/www.suno.com.br\/noticias\/#organization"},"image":{"@id":"https:\/\/www.suno.com.br\/noticias\/fed-nao-mostra-preocupacao-efeito-estimulo-fiscal-inflacao\/#primaryimage"},"thumbnailUrl":"https:\/\/files.sunoresearch.com.br\/n\/uploads\/2021\/04\/24957809-usa-1561757_1280-jpg.webp","keywords":["Estados Unidos (EUA)","Federal Reserve (FED)","infla\u00e7\u00e3o"],"articleSection":["Internacional"],"inLanguage":"pt-BR"},{"@type":"WebPage","@id":"https:\/\/www.suno.com.br\/noticias\/fed-nao-mostra-preocupacao-efeito-estimulo-fiscal-inflacao\/","url":"https:\/\/www.suno.com.br\/noticias\/fed-nao-mostra-preocupacao-efeito-estimulo-fiscal-inflacao\/","name":"Fed de NY n\u00e3o mostra preocupa\u00e7\u00e3o com efeito de est\u00edmulo fiscal sobre infla\u00e7\u00e3o","isPartOf":{"@id":"https:\/\/www.suno.com.br\/noticias\/#website"},"primaryImageOfPage":{"@id":"https:\/\/www.suno.com.br\/noticias\/fed-nao-mostra-preocupacao-efeito-estimulo-fiscal-inflacao\/#primaryimage"},"image":{"@id":"https:\/\/www.suno.com.br\/noticias\/fed-nao-mostra-preocupacao-efeito-estimulo-fiscal-inflacao\/#primaryimage"},"thumbnailUrl":"https:\/\/files.sunoresearch.com.br\/n\/uploads\/2021\/04\/24957809-usa-1561757_1280-jpg.webp","datePublished":"2021-05-03T20:32:37+00:00","dateModified":"2021-05-03T20:33:07+00:00","description":"Para o presidente do Fed de NY, as medidas fiscais contribu\u00edram para a r\u00e1pida recupera\u00e7\u00e3o da economia em 2021. Clique aqui para saber mais.","breadcrumb":{"@id":"https:\/\/www.suno.com.br\/noticias\/fed-nao-mostra-preocupacao-efeito-estimulo-fiscal-inflacao\/#breadcrumb"},"inLanguage":"pt-BR","potentialAction":[{"@type":"ReadAction","target":["https:\/\/www.suno.com.br\/noticias\/fed-nao-mostra-preocupacao-efeito-estimulo-fiscal-inflacao\/"]}]},{"@type":"ImageObject","inLanguage":"pt-BR","@id":"https:\/\/www.suno.com.br\/noticias\/fed-nao-mostra-preocupacao-efeito-estimulo-fiscal-inflacao\/#primaryimage","url":"https:\/\/files.sunoresearch.com.br\/n\/uploads\/2021\/04\/24957809-usa-1561757_1280-jpg.webp","contentUrl":"https:\/\/files.sunoresearch.com.br\/n\/uploads\/2021\/04\/24957809-usa-1561757_1280-jpg.webp","width":1280,"height":856,"caption":"Bandeira dos Estados Unidos. Foto: Pixabay"},{"@type":"BreadcrumbList","@id":"https:\/\/www.suno.com.br\/noticias\/fed-nao-mostra-preocupacao-efeito-estimulo-fiscal-inflacao\/#breadcrumb","itemListElement":[{"@type":"ListItem","position":1,"name":"Not\u00edcias","item":"https:\/\/www.suno.com.br\/noticias\/"},{"@type":"ListItem","position":2,"name":"Internacional","item":"https:\/\/www.suno.com.br\/noticias\/internacional\/"},{"@type":"ListItem","position":3,"name":"Fed de NY n\u00e3o mostra preocupa\u00e7\u00e3o com efeito de est\u00edmulo fiscal sobre infla\u00e7\u00e3o"}]},{"@type":"WebSite","@id":"https:\/\/www.suno.com.br\/noticias\/#website","url":"https:\/\/www.suno.com.br\/noticias\/","name":"Suno Not\u00edcias","description":"Seu portal de informa\u00e7\u00e3o sobre o mundo dos investimentos","publisher":{"@id":"https:\/\/www.suno.com.br\/noticias\/#organization"},"potentialAction":[{"@type":"SearchAction","target":{"@type":"EntryPoint","urlTemplate":"https:\/\/www.suno.com.br\/noticias\/?s={search_term_string}"},"query-input":{"@type":"PropertyValueSpecification","valueRequired":true,"valueName":"search_term_string"}}],"inLanguage":"pt-BR"},{"@type":"Organization","@id":"https:\/\/www.suno.com.br\/noticias\/#organization","name":"Suno Not\u00edcias","url":"https:\/\/www.suno.com.br\/noticias\/","logo":{"@type":"ImageObject","inLanguage":"pt-BR","@id":"https:\/\/www.suno.com.br\/noticias\/#\/schema\/logo\/image\/","url":"https:\/\/files.sunoresearch.com.br\/n\/uploads\/2021\/09\/suno-logo.png","contentUrl":"https:\/\/files.sunoresearch.com.br\/n\/uploads\/2021\/09\/suno-logo.png","width":180,"height":180,"caption":"Suno Not\u00edcias"},"image":{"@id":"https:\/\/www.suno.com.br\/noticias\/#\/schema\/logo\/image\/"},"sameAs":["https:\/\/facebook.com\/sunoresearch","https:\/\/x.com\/sunoresearch","https:\/\/www.instagram.com\/suno","https:\/\/www.linkedin.com\/company\/suno-research\/","https:\/\/www.youtube.com\/c\/sunoresearch"]},{"@type":"Person","@id":"https:\/\/www.suno.com.br\/noticias\/#\/schema\/person\/e672ca8cea627fe715fa29bca7da95e0","name":"Rafaela La Regina","image":{"@type":"ImageObject","inLanguage":"pt-BR","@id":"https:\/\/www.suno.com.br\/noticias\/#\/schema\/person\/image\/","url":"https:\/\/secure.gravatar.com\/avatar\/d2c75a52d243deb93d0465fdcb21bd37?s=96&r=g","contentUrl":"https:\/\/secure.gravatar.com\/avatar\/d2c75a52d243deb93d0465fdcb21bd37?s=96&r=g","caption":"Rafaela La Regina"},"description":"Estagi\u00e1ria no Suno Not\u00edcias. Escreve sobre economia, pol\u00edtica e neg\u00f3cios. Estuda Rela\u00e7\u00f5es Internacionais no IBMEC-SP.","url":"https:\/\/www.suno.com.br\/noticias\/author\/rafaela-la-regina\/"}]}},"default_loop_html":"<div class=\"cardsPage__listCard__boxs\"><div class=\"cardsPage__listCard__boxs__img\"><a href=\"https:\/\/www.suno.com.br\/noticias\/fed-nao-mostra-preocupacao-efeito-estimulo-fiscal-inflacao\/\"><img class=\"mask\" src=\"https:\/\/www.suno.com.br\/noticias\/wp-content\/themes\/suno\/resources\/images\/spotlight\/spotlight1img\/bg-mask.png\" alt=\"Image Mask\"\/><img src=\"https:\/\/files.sunoresearch.com.br\/n\/uploads\/2021\/04\/24957809-usa-1561757_1280-400x200.webp\" alt=\"Fed de NY n\u00e3o mostra preocupa\u00e7\u00e3o com efeito de est\u00edmulo fiscal sobre infla\u00e7\u00e3o\"\/><\/a><span class=\"spotlightCategory\"><a href=\"https:\/\/www.suno.com.br\/noticias\/internacional\/\">Internacional<\/a><\/span><\/div><div class=\"cardsPage__listCard__boxs__content\"><a href=\"https:\/\/www.suno.com.br\/noticias\/fed-nao-mostra-preocupacao-efeito-estimulo-fiscal-inflacao\/\"><h2 class=\"content__title\">Fed de NY n\u00e3o mostra preocupa\u00e7\u00e3o com efeito de est\u00edmulo fiscal sobre infla\u00e7\u00e3o<\/h2><\/a><div class=\"newsContent__article__meta\"><div class=\"newsContent__article__meta__authorBox\"><a href=\"https:\/\/www.suno.com.br\/noticias\/author\/rafaela-la-regina\/\" class=\"authorBox__avatar noMobi\"><img src=\"https:\/\/secure.gravatar.com\/avatar\/d2c75a52d243deb93d0465fdcb21bd37?s=96&#038;r=g\" alt=\"Rafaela La Regina\"><\/a><div class=\"authorBox__name\"><span>por\n\t\t\t<a href=\"https:\/\/www.suno.com.br\/noticias\/author\/rafaela-la-regina\/\"><span itemprop=\"author\">Rafaela La Regina<\/span><\/a><\/span><time datetime=\"2021-05-03T17:32:37-03:00\" itemprop=\"datePublished\">03\/05\/2021 17:32<\/time><\/div><\/div><\/div><\/div><\/div>","single_layout":"posts","amp_enabled":true,"_links":{"self":[{"href":"https:\/\/www.suno.com.br\/noticias\/wp-json\/wp\/v2\/posts\/144364"}],"collection":[{"href":"https:\/\/www.suno.com.br\/noticias\/wp-json\/wp\/v2\/posts"}],"about":[{"href":"https:\/\/www.suno.com.br\/noticias\/wp-json\/wp\/v2\/types\/post"}],"author":[{"embeddable":true,"href":"https:\/\/www.suno.com.br\/noticias\/wp-json\/wp\/v2\/users\/56"}],"replies":[{"embeddable":true,"href":"https:\/\/www.suno.com.br\/noticias\/wp-json\/wp\/v2\/comments?post=144364"}],"version-history":[{"count":2,"href":"https:\/\/www.suno.com.br\/noticias\/wp-json\/wp\/v2\/posts\/144364\/revisions"}],"predecessor-version":[{"id":144387,"href":"https:\/\/www.suno.com.br\/noticias\/wp-json\/wp\/v2\/posts\/144364\/revisions\/144387"}],"wp:featuredmedia":[{"embeddable":true,"href":"https:\/\/www.suno.com.br\/noticias\/wp-json\/wp\/v2\/media\/139570"}],"wp:attachment":[{"href":"https:\/\/www.suno.com.br\/noticias\/wp-json\/wp\/v2\/media?parent=144364"}],"wp:term":[{"taxonomy":"category","embeddable":true,"href":"https:\/\/www.suno.com.br\/noticias\/wp-json\/wp\/v2\/categories?post=144364"},{"taxonomy":"post_tag","embeddable":true,"href":"https:\/\/www.suno.com.br\/noticias\/wp-json\/wp\/v2\/tags?post=144364"},{"taxonomy":"suno_strategy","embeddable":true,"href":"https:\/\/www.suno.com.br\/noticias\/wp-json\/wp\/v2\/suno_strategy?post=144364"}],"curies":[{"name":"wp","href":"https:\/\/api.w.org\/{rel}","templated":true}]}}