{"id":144345,"date":"2021-05-09T08:00:57","date_gmt":"2021-05-09T11:00:57","guid":{"rendered":"https:\/\/www.suno.com.br\/noticias\/?p=144345"},"modified":"2021-05-08T20:24:13","modified_gmt":"2021-05-08T23:24:13","slug":"maes-topo-mercado-corporativo","status":"publish","type":"post","link":"https:\/\/www.suno.com.br\/noticias\/maes-topo-mercado-corporativo\/","title":{"rendered":"Dia das m\u00e3es: Confira 10 que chegaram ao topo no mercado corporativo"},"content":{"rendered":"<p>O Dia das M\u00e3es em 2021 n\u00e3o encontra as m\u00e3es brasileiras em um momento f\u00e1cil. No Brasil, um ter\u00e7o das <strong>m\u00e3es<\/strong> est\u00e3o cuidando de seus filhos sozinhas durante a pandemia, e ainda, 92% das mulheres que est\u00e3o em home office tamb\u00e9m s\u00e3o as respons\u00e1veis pelos filhos, segundo uma pesquisa recente realizada pela Catho, com mais de 6 mil profissionais.<\/p>\t<div class=\"wrapper-featured-image\">\n\t\t<figure class=\"spotlightImg\">\n\n\t\t\t<picture>\n\t\t\t\t<source media=\"(max-width: 768px)\" srcset=\"https:\/\/files.sunoresearch.com.br\/n\/uploads\/2021\/05\/571c9bb3-whatsapp-image-2021-05-07-at-20.05.46-e1620437330352-400x200.webp\">\n\t\t\t\t<img loading=\"lazy\" decoding=\"async\" class=\"newsContent__article__imgCapa lazyloadDisabled \" src=\"https:\/\/files.sunoresearch.com.br\/n\/uploads\/2021\/05\/571c9bb3-whatsapp-image-2021-05-07-at-20.05.46-e1620437330352-800x450.webp\" width=\"800\" height=\"450\" alt=\"Dia das m\u00e3es: Confira 10 que chegaram ao topo no mercado corporativo\" fetchpriority=high \/>\n\t\t\t<\/picture>\n\n\t\t\t<figcaption class=\"wp-caption-text wp-caption-text--show\">Rachel Maia. Foto: Reprodu\u00e7\u00e3o Instagram<\/figcaption>\n\t\t<\/figure>\n\t<\/div>\n\n\n\t<p>\n\t\t<a href=\"https:\/\/lp.suno.com.br\/planilha-controle-gastos\/\" target=\"_blank\" data-element=\"shortcode-suno-banner\" title=\"Banner SUNO, clique e saiba mais\">\n\t\t\t<picture>\n\t\t\t\t<source media=\"(max-width: 500px)\" srcset=\"https:\/\/files.sunoresearch.com.br\/n\/uploads\/2023\/03\/400x300-Planilha-controle-de-gastos.png\">\n\t\t\t\t<img class=\"newsContent__article__imgCapa newsContent__article__imgCapa--banner\"\n\t\t\t\t\tsrc=\"https:\/\/files.sunoresearch.com.br\/n\/uploads\/2023\/03\/1420x240-Planilha-controle-de-gastos.png\"\n\t\t\t\t\tdata-promo-id=\"101751\"\t\t\t\t\t\t\t\t\t\twidth='1420' height='240'\t\t\t\t\talt=\"https:\/\/files.sunoresearch.com.br\/n\/uploads\/2023\/03\/1420x240-Planilha-controle-de-gastos.png\"\n\t\t\t\t>\n\t\t\t<\/picture>\n\t\t<\/a>\n\t<\/p>\n\n\n<p>De acordo com Regina Botter, diretora de Opera\u00e7\u00f5es da Catho, os dados mostram que tanto no <strong>home office<\/strong>, quanto trabalhando fora, a mulher acaba sempre sendo a maior respons\u00e1vel pelo cuidado dos filhos.<\/p>\n<p>&#8220;O n\u00famero de<strong> m\u00e3es solo<\/strong> no pa\u00eds chega a mais de 11 milh\u00f5es. S\u00e3o mulheres provedoras do lar, que est\u00e3o sentindo as dificuldades relativas ao cuidado e \u00e0 sobrecarga de tarefas potencializada pela pandemia. Lembrando que quando pais ou m\u00e3es deixam os filhos com terceiros, geralmente \u00e9 com av\u00f3s ou tias. Ou seja, outras m\u00e3es&#8221;, conclui.<\/p>\n<p>Com a pandemia e as incertezas no ambiente profissional, as m\u00e3es s\u00e3o as que mais est\u00e3o sofrendo, segundo a especialista.<\/p>\n<p>&#8220;Al\u00e9m da enorme quantidade de mulheres que perderam o trabalho, tem tamb\u00e9m as que precisaram pedir demiss\u00e3o, pois n\u00e3o tinham com quem deixar os filhos e as que entraram em regime de home office e precisaram conciliar os afazeres profissionais com as tarefas dom\u00e9sticas e o cuidado das crian\u00e7as, que durante a pandemia est\u00e3o em casa durante todo o dia&#8221;, esclarece a diretora de Opera\u00e7\u00f5es da Catho.<\/p>\n<p><a href=\"https:\/\/lp.suno.com.br\/suno-one\/?ppp=noticias\/hospital-care-pedido-ipo-cvm\/\">Suno One: acesse gratuitamente eBooks, Minicursos, Artigos e V\u00eddeo Aulas sobre investimentos com um \u00fanico cadastro. Clique para saber mais!<\/a><\/p>\n<p>Em homenagem ao Dia das M\u00e3es, o <strong>SUNO Not\u00edcias\u00a0<\/strong>selecionou 10 exemplos de mulheres que se destacam no quesito profissional e conciliam seu tempo entre o cargo de m\u00e3e, em casa, e o cargo de lideran\u00e7a, no escrit\u00f3rio. Embora cada hist\u00f3ria profissional e materna seja \u00fanica, elas podem servir como inspira\u00e7\u00e3o neste dia. Confira:<\/p>\n<h2>1. Rachel Maia<\/h2>\n<figure id=\"attachment_145837\" aria-describedby=\"caption-attachment-145837\" style=\"width: 541px\" class=\"wp-caption alignnone\"><img loading=\"lazy\" decoding=\"async\" class=\" wp-image-145837\" src=\"https:\/\/storage.googleapis.com\/wp-noticias\/2021\/05\/5895cd8d-whatsapp-image-2021-05-07-at-20.06.03.jpeg\" alt=\"Rachel Maia. Foto: Reprodu\u00e7\u00e3o Instagram\" width=\"541\" height=\"359\" \/><figcaption id=\"caption-attachment-145837\" class=\"wp-caption-text\">Rachel Maia. Foto: Reprodu\u00e7\u00e3o Instagram<\/figcaption><\/figure>\n<p><a href=\"https:\/\/www.suno.com.br\/tudo-sobre\/rachel-maia\/\">Rachel Maia<\/a> \u00e9 uma das empres\u00e1rias com carreira de maior sucesso do Brasil. A executiva foi\u00a0 respons\u00e1vel pelo crescimento da joalheria dinamarquesa <strong>Pandora<\/strong> com o objetivo de conquistar mercado no pa\u00eds.<\/p>\n<p>Maia instalou 73 lojas da marca no pa\u00eds em seis anos e implantou o conceito de \u201cluxo acess\u00edvel\u201d entre as consumidoras brasileiras. Al\u00e9m disso, por oito anos, Rachel foi <a href=\"https:\/\/www.suno.com.br\/artigos\/cfo\/\">CFO<\/a> da <strong>Tiffany &amp; Co<\/strong>\u00a0no Brasil.<\/p>\n<p>A empres\u00e1ria, al\u00e9m de ocupar um cargo de lideran\u00e7a na empresa de joias, \u00e9 m\u00e3e de uma menina de 8 anos, e ainda informou que ap\u00f3s quatro anos na fila, conseguiu adotar seu segundo filho.<\/p>\n<h2>2. Cristina Junqueira<\/h2>\n<figure id=\"attachment_145838\" aria-describedby=\"caption-attachment-145838\" style=\"width: 486px\" class=\"wp-caption alignnone\"><img loading=\"lazy\" decoding=\"async\" class=\" wp-image-145838\" src=\"https:\/\/storage.googleapis.com\/wp-noticias\/2021\/05\/0e5fae4b-whatsapp-image-2021-05-07-at-19.40.56.jpeg\" alt=\"Cristina Junqueira. Foto: Reprodu\u00e7\u00e3o Instagram\" width=\"486\" height=\"478\" \/><figcaption id=\"caption-attachment-145838\" class=\"wp-caption-text\">Cristina Junqueira. Foto: Reprodu\u00e7\u00e3o Instagram<\/figcaption><\/figure>\n<p>A engenheira <a href=\"https:\/\/www.suno.com.br\/tudo-sobre\/cristina-junqueira\/\">Cristina Junqueira \u00e9 cofundadora do <strong>Nubank<\/strong>, <\/a>banco digital com valor de mercado superior a US$18 bilh\u00f5es, e assumiu o cargo de <a href=\"https:\/\/www.suno.com.br\/artigos\/ceo\/\">diretora-executiva (CEO)<\/a> em abril deste ano.<\/p>\n<p>A empres\u00e1ria tamb\u00e9m \u00e9 conhecida por sua trajet\u00f3ria profissional em grandes empresas como o <a href=\"https:\/\/www.suno.com.br\/acoes\/itub4\/\">Ita\u00fa Unibanco (ITUB4)<\/a>. Junqueira foi a \u00fanica brasileira a estar presente na lista Fortune 40 under 40 em 2020, sendo esse um dos principais reconhecimentos do mundo dos neg\u00f3cios.<\/p>\n<p>M\u00e3e de duas filhas, a CEO n\u00e3o deixa de dar aten\u00e7\u00e3o \u00e0 fam\u00edlia. Antes da pandemia, ela fazia quest\u00e3o de sair do trabalho todos os dias \u00e0s 17h para buscar a filha mais velha na escola, disse em entrevista \u00e0 &#8220;startupi&#8221;.<\/p>\n<h2>3. Kelly Gusm\u00e3o<\/h2>\n<figure id=\"attachment_145839\" aria-describedby=\"caption-attachment-145839\" style=\"width: 469px\" class=\"wp-caption alignnone\"><img loading=\"lazy\" decoding=\"async\" class=\" wp-image-145839\" src=\"https:\/\/storage.googleapis.com\/wp-noticias\/2021\/05\/79667de9-whatsapp-image-2021-05-07-at-19.41.14.jpeg\" alt=\"Kelly Gusm\u00e3o. Foto: Reprodu\u00e7\u00e3o Instagram\" width=\"469\" height=\"455\" \/><figcaption id=\"caption-attachment-145839\" class=\"wp-caption-text\">Kelly Gusm\u00e3o. Foto: Reprodu\u00e7\u00e3o Instagram<\/figcaption><\/figure>\n<p>A s\u00f3cia fundadora e Chief People Officer da Warren, Kelly Gusm\u00e3o, tamb\u00e9m \u00e9 m\u00e3e de dois filhos.<\/p>\n<p>Com mais de 10 anos de experi\u00eancia no mercado financeiro, ela faz parte do grupo que se movimentou para desenvolver a Warren e, hoje, lidera a \u00e1rea de Recursos Humanos da empresa.<\/p>\n<p>De acordo com a empres\u00e1ria e m\u00e3e da Serena e do Ant\u00f4nio, o \u00faltimo filme que assistiu foi Frozen 2. Mas, quando pode, gosta de assistir \u00e0 s\u00e9rie americana chamada Billions que, \u00e9 uma fic\u00e7\u00e3o sobre mercado financeiro, disse ao Warren Blog.<\/p>\n<h2>4. Maria Eduarda Kert\u00e9sz<\/h2>\n<figure id=\"attachment_145840\" aria-describedby=\"caption-attachment-145840\" style=\"width: 471px\" class=\"wp-caption alignnone\"><img loading=\"lazy\" decoding=\"async\" class=\" wp-image-145840\" src=\"https:\/\/storage.googleapis.com\/wp-noticias\/2021\/05\/56de5811-whatsapp-image-2021-05-07-at-19.54.58.jpeg\" alt=\"Maria Eduarda Kort\u00e9sz. Foto: Reprodu\u00e7\u00e3o Instagram\" width=\"471\" height=\"466\" \/><figcaption id=\"caption-attachment-145840\" class=\"wp-caption-text\">Maria Eduarda Kert\u00e9sz. Foto: Reprodu\u00e7\u00e3o Instagram<\/figcaption><\/figure>\n<p>M\u00e3e de dois filhos, Maria Eduarda Kert\u00e9sz \u00e9 presidente da <strong>Johnson &amp; Johnson (JNJB34)<\/strong>. Na empresa, foi diretora de marketing aos 29 anos de idade, sendo a \u00fanica mulher do comit\u00ea executivo.<\/p>\n<p>Nos tr\u00eas primeiros anos sob o seu comando, a multinacional cresceu 70% a mais do que a m\u00e9dia dos tr\u00eas anos anteriores.<\/p>\n<p>Atualmente, a empres\u00e1ria \u00e9 Presidente de uma das divis\u00f5es do neg\u00f3cio de Consumo da Johnson &amp; Johnson nos EUA, chamada HealthE. Kert\u00e9sz trabalha na empresa h\u00e1 mais de 2o anos.<\/p>\n<p><span style=\"font-weight: 400;\">\t<p>\n\t\t<a href=\"https:\/\/lp.suno.com.br\/planilha-controle-gastos\/\" target=\"_blank\" data-element=\"shortcode-suno-banner\" title=\"Banner SUNO, clique e saiba mais\">\n\t\t\t<picture>\n\t\t\t\t<source media=\"(max-width: 500px)\" srcset=\"https:\/\/files.sunoresearch.com.br\/n\/uploads\/2023\/03\/400x300-Planilha-controle-de-gastos.png\">\n\t\t\t\t<img class=\"newsContent__article__imgCapa newsContent__article__imgCapa--banner\"\n\t\t\t\t\tsrc=\"https:\/\/files.sunoresearch.com.br\/n\/uploads\/2023\/03\/1420x240-Planilha-controle-de-gastos.png\"\n\t\t\t\t\tdata-promo-id=\"101751\"\t\t\t\t\t\t\t\t\t\twidth='1420' height='240'\t\t\t\t\talt=\"https:\/\/files.sunoresearch.com.br\/n\/uploads\/2023\/03\/1420x240-Planilha-controle-de-gastos.png\"\n\t\t\t\t>\n\t\t\t<\/picture>\n\t\t<\/a>\n\t<\/p>\n\n<\/span><\/p>\n<h2>5. Luiza Helena Trajano<\/h2>\n<figure id=\"attachment_145841\" aria-describedby=\"caption-attachment-145841\" style=\"width: 516px\" class=\"wp-caption alignnone\"><img loading=\"lazy\" decoding=\"async\" class=\" wp-image-145841\" src=\"https:\/\/storage.googleapis.com\/wp-noticias\/2021\/05\/8040a2cf-whatsapp-image-2021-05-07-at-19.55.41.jpeg\" alt=\"Luiza Helena Trajano. Foto: Reprodu\u00e7\u00e3o Instagram\" width=\"516\" height=\"320\" \/><figcaption id=\"caption-attachment-145841\" class=\"wp-caption-text\">Luiza Helena Trajano. Foto: Reprodu\u00e7\u00e3o Instagram<\/figcaption><\/figure>\n<p>M\u00e3e de tr\u00eas filhos, Luiza Helena Trajano assumiu os neg\u00f3cios da fam\u00edlia, a <a href=\"https:\/\/www.suno.com.br\/acoes\/mglu3\/\"><strong>Magazine Luiza (MGLU3)<\/strong><\/a> quando era apenas uma rede de lojas no interior do estado de S\u00e3o Paulo.<\/p>\n<p>Trajano transformou a marca em uma das maiores do mercado, conseguindo brigar de igual para igual com as principais lojas desse segmento, como <strong>Casas Bahia, Pontofrio <\/strong>e<strong><a href=\"https:\/\/www.suno.com.br\/acoes\/lame4\/\"> Lojas Americanas (LAME4)<\/a>.<\/strong><\/p>\n<p>Em 2013, Luiza integrou a lista da Forbes de executivos mais poderosos do Pa\u00eds. Atualmente, seu filho Frederico Trajano ocupa o cargo de CEO da companhia e a empres\u00e1ria al\u00e9m de ser m\u00e3e, tamb\u00e9m \u00e9 av\u00f3.<\/p>\n<h2>6. Sylvia Coutinho<\/h2>\n<figure id=\"attachment_145842\" aria-describedby=\"caption-attachment-145842\" style=\"width: 302px\" class=\"wp-caption alignnone\"><img loading=\"lazy\" decoding=\"async\" class=\" wp-image-145842\" src=\"https:\/\/storage.googleapis.com\/wp-noticias\/2021\/05\/b995ef42-coutinho1_1.png\" alt=\"Sylvia Coutinho. Foto: Reprodu\u00e7\u00e3o Instagram\" width=\"302\" height=\"302\" \/><figcaption id=\"caption-attachment-145842\" class=\"wp-caption-text\">Sylvia Coutinho. Foto: Reprodu\u00e7\u00e3o Linkedin<\/figcaption><\/figure>\n<p>Primeira brasileira a assumir a presid\u00eancia de um grande banco internacional, Sylvia Coutinho ocupa o cargo da unidade nacional do su\u00ed\u00e7o<strong> UBS<\/strong> .<\/p>\n<p>A presidente do banco, desde 2013, tamb\u00e9m \u00e9 m\u00e3e de dois filhos. Coutinho assumiu em 2020 a vice-presid\u00eancia do conselho do UBS BB Investment Bank e tamb\u00e9m acumula a posi\u00e7\u00e3o de head da \u00e1rea de gest\u00e3o de fortunas para a Am\u00e9rica Latina desde 2018.<\/p>\n<p>Com uma carreira de mais tr\u00eas d\u00e9cadas, ela j\u00e1 passou por cargos de lideran\u00e7a no <strong>Citibank e HSBC.<\/strong><\/p>\n<h2>7.\u00a0Paula Paschoal<\/h2>\n<figure id=\"attachment_145844\" aria-describedby=\"caption-attachment-145844\" style=\"width: 431px\" class=\"wp-caption alignnone\"><img loading=\"lazy\" decoding=\"async\" class=\" wp-image-145844\" src=\"https:\/\/storage.googleapis.com\/wp-noticias\/2021\/05\/3b1372e8-whatsapp-image-2021-05-07-at-22.05.47.jpeg\" alt=\"Paula Paschoal. Foto: Reprodu\u00e7\u00e3o Instagram\" width=\"431\" height=\"426\" \/><figcaption id=\"caption-attachment-145844\" class=\"wp-caption-text\">Paula Paschoal. Foto: Reprodu\u00e7\u00e3o Instagram<\/figcaption><\/figure>\n<p>A <a href=\"https:\/\/www.suno.com.br\/tudo-sobre\/paula-paschoal\/\">diretora geral do <strong>PayPal (PYPL34)<\/strong> no Brasil, Paula Paschoal<\/a>, \u00e9 uma das principais respons\u00e1veis pela recente expans\u00e3o da multinacional no pa\u00eds, que\u00a0<a href=\"https:\/\/www.suno.com.br\/artigos\/vantagem-competitiva\/\">visa levar vantagem competitiva<\/a>\u00a0contra os concorrentes do setor.<\/p>\n<p><strong>Paula Paschoal\u00a0<\/strong>ainda \u00e9 conhecida por ser uma defensora da igualdade de g\u00eanero e da diversidade dentro das empresas. De tal forma que a Forbes chegou a eleg\u00ea-la como uma das mulheres mais poderosas do pa\u00eds.<\/p>\n<p>A executiva tem duas filhas e foi promovida ao seu cargo atual logo ap\u00f3s voltar da licen\u00e7a-maternidade de sua segunda filha.<\/p>\n\t<p>\n\t\t<a href=\"\" target=\"_blank\" data-element=\"shortcode-suno-banner\" title=\"Banner SUNO, clique e saiba mais\">\n\t\t\t<picture>\n\t\t\t\t<source media=\"(max-width: 500px)\" srcset=\"\">\n\t\t\t\t<img class=\"newsContent__article__imgCapa newsContent__article__imgCapa--banner\"\n\t\t\t\t\tsrc=\"\"\n\t\t\t\t\tdata-promo-id=\"128063\"\t\t\t\t\t\t\t\t\t\t\t\t\t\t\talt=\"\"\n\t\t\t\t>\n\t\t\t<\/picture>\n\t\t<\/a>\n\t<\/p>\n\n\n<h2>8. Andreia Dutra<\/h2>\n<figure id=\"attachment_145845\" aria-describedby=\"caption-attachment-145845\" style=\"width: 365px\" class=\"wp-caption alignnone\"><img loading=\"lazy\" decoding=\"async\" class=\" wp-image-145845\" src=\"https:\/\/storage.googleapis.com\/wp-noticias\/2021\/05\/6750972b-andreia-dutra.png\" alt=\"Andreia Dutra. Foto: Reprodu\u00e7\u00e3o Linkedin\" width=\"365\" height=\"365\" \/><figcaption id=\"caption-attachment-145845\" class=\"wp-caption-text\">Andreia Dutra. Foto: Reprodu\u00e7\u00e3o Linkedin<\/figcaption><\/figure>\n<p>Andreia Dutra, de 44 anos, tamb\u00e9m \u00e9 m\u00e3e de uma menina e ocupa a posi\u00e7\u00e3o de CEO da Sodexo no Brasil. Na filial brasileira da multinacional francesa, as mulheres ocupam 85% dos cargos de lideran\u00e7a.<\/p>\n<p>Na <strong>Sodexo<\/strong>, a empres\u00e1ria ingressou em 2011, como Diretora Executiva, ap\u00f3s aquisi\u00e7\u00e3o da empresa PURAS, e ocupou diversas posi\u00e7\u00f5es de comando, como a vice presid\u00eancia de Recursos Humanos e a presid\u00eancia da Sodexo On-site no Brasil.<\/p>\n<p>Al\u00e9m da lideran\u00e7a do segmento de Sa\u00fade e Educa\u00e7\u00e3o da companhia, a executiva segue atuando como presidente do Instituto Stop Hunger no Brasil, organiza\u00e7\u00e3o sem fins lucrativos, criada e mantida pela Sodexo.<\/p>\n<h2>9. Cristina Palmaka<\/h2>\n<figure id=\"attachment_145846\" aria-describedby=\"caption-attachment-145846\" style=\"width: 450px\" class=\"wp-caption alignnone\"><img loading=\"lazy\" decoding=\"async\" class=\" wp-image-145846\" src=\"https:\/\/storage.googleapis.com\/wp-noticias\/2021\/05\/6af5c4cb-whatsapp-image-2021-05-07-at-19.43.58.jpeg\" alt=\"Cristina Palmaka. Foto: Reprodu\u00e7\u00e3o Instagram\" width=\"450\" height=\"443\" \/><figcaption id=\"caption-attachment-145846\" class=\"wp-caption-text\">Cristina Palmaka. Foto: Reprodu\u00e7\u00e3o Instagram<\/figcaption><\/figure>\n<p>A SAP nomeou Cristina Palmaka como nova presidente para Am\u00e9rica Latina e Caribe (LAC) em julho de 2020.<\/p>\n<p>A executiva comanda a <strong>SAP Brasil<\/strong> desde 2013, depois de ter ocupado cargos executivos em grandes empresas de tecnologia no mercado brasileiro.<\/p>\n<p>Sob a lideran\u00e7a de Palmaka, a empresa conquistou uma certifica\u00e7\u00e3o EDGE para Igualdade de G\u00eanero e foi destacada em rankings que cobrem temas de local de trabalho e diversidade.<\/p>\n<p>Palmaka, al\u00e9m de ocupar o cargo de CEO na empresa alem\u00e3, tamb\u00e9m \u00e9 m\u00e3e de Catarina.<\/p>\n<h2>10. Fiamma Zarife<\/h2>\n<figure id=\"attachment_145847\" aria-describedby=\"caption-attachment-145847\" style=\"width: 412px\" class=\"wp-caption alignnone\"><img loading=\"lazy\" decoding=\"async\" class=\" wp-image-145847\" src=\"https:\/\/storage.googleapis.com\/wp-noticias\/2021\/05\/eb3e038b-whatsapp-image-2021-05-07-at-19.55.54.jpeg\" alt=\"Fiamma Zarife. Foto: Reprodu\u00e7\u00e3o Instagram\" width=\"412\" height=\"405\" \/><figcaption id=\"caption-attachment-145847\" class=\"wp-caption-text\">Fiamma Zarife. Foto: Reprodu\u00e7\u00e3o Instagram<\/figcaption><\/figure>\n<p>Fiamma Zarife \u00e9 atualmente diretora geral do <strong>Twitter (TWTR34)<\/strong> no Brasil e possui dois filhos.<\/p>\n<p>A executiva come\u00e7ou sua trajet\u00f3ria no banco Boa Vista e depois migrou para o setor de telecomunica\u00e7\u00f5es, trabalhando em empresas como Telecom Italia, <a href=\"https:\/\/www.suno.com.br\/acoes\/oibr3\/\">Oi (OIBR3)<\/a>, Claro e Samsung.<\/p>\n<p>Em 2015, Fiamma ingressou no Twitter. Em 2017, assumiu a diretoria geral da companhia no Brasil. A executiva \u00e9 <strong>m\u00e3e<\/strong> desde 2004, quando nasceu a filha mais velha Kiara; anos mais tarde nasceu seu filho ca\u00e7ula. De acordo com ela, seus filhos costumam a visitar em seu escrit\u00f3rio para que eles conhe\u00e7am o ambiente de trabalho.<\/p>\n\t<p>\n\t\t<a href=\"https:\/\/lp.suno.com.br\/planilha-de-controle-de-investimentos\/\" target=\"_blank\" data-element=\"shortcode-suno-banner\" title=\"Banner SUNO, clique e saiba mais\">\n\t\t\t<picture>\n\t\t\t\t<source media=\"(max-width: 500px)\" srcset=\"https:\/\/files.sunoresearch.com.br\/n\/uploads\/2023\/03\/400x300-Controle-de-Investimentos.png\">\n\t\t\t\t<img class=\"newsContent__article__imgCapa newsContent__article__imgCapa--banner\"\n\t\t\t\t\tsrc=\"https:\/\/files.sunoresearch.com.br\/n\/uploads\/2023\/03\/1420x240-Controle-de-Investimentos.png\"\n\t\t\t\t\tdata-promo-id=\"75934\"\t\t\t\t\t\t\t\t\t\twidth='1420' height='240'\t\t\t\t\talt=\"https:\/\/files.sunoresearch.com.br\/n\/uploads\/2023\/03\/1420x240-Controle-de-Investimentos.png\"\n\t\t\t\t>\n\t\t\t<\/picture>\n\t\t<\/a>\n\t<\/p>\n\n\n","protected":false},"excerpt":{"rendered":"<p>O Dia das M\u00e3es em 2021 n\u00e3o encontra as m\u00e3es brasileiras em um momento f\u00e1cil. No Brasil, um ter\u00e7o das m\u00e3es est\u00e3o cuidando de seus filhos sozinhas durante a pandemia, e ainda, 92% das mulheres que est\u00e3o em home office tamb\u00e9m s\u00e3o as respons\u00e1veis pelos filhos, segundo uma pesquisa recente realizada pela Catho, com mais [&hellip;]<\/p>\n","protected":false},"author":56,"featured_media":145848,"comment_status":"closed","ping_status":"closed","sticky":false,"template":"","format":"standard","meta":[],"categories":[64],"tags":[305,105815,329,105945],"suno_strategy":[],"class_list":["post-144345","post","type-post","status-publish","format-standard","has-post-thumbnail","hentry","category-negocios","tag-educacao-financeira","tag-especial","tag-financas-pessoais","tag-mulheres"],"yoast_head":"<!-- This site is optimized with the Yoast SEO plugin v24.4 - https:\/\/yoast.com\/wordpress\/plugins\/seo\/ -->\n<title>Veja 10 m\u00e3es que chegaram ao topo no mercado corporativo<\/title>\n<meta name=\"description\" content=\"Em homenagem ao Dia das M\u00e3es, o SUNO Not\u00edcias\u00a0selecionou 10 exemplos de m\u00e3es que ocupam cargos de lideran\u00e7a no mercado corporativo. Confira.\" \/>\n<meta name=\"robots\" content=\"index, follow, max-snippet:-1, max-image-preview:large, max-video-preview:-1\" \/>\n<link rel=\"canonical\" href=\"https:\/\/www.suno.com.br\/noticias\/maes-topo-mercado-corporativo\/\" \/>\n<meta property=\"og:locale\" content=\"pt_BR\" \/>\n<meta property=\"og:type\" content=\"article\" \/>\n<meta property=\"og:title\" content=\"Veja 10 m\u00e3es que chegaram ao topo no mercado corporativo\" \/>\n<meta property=\"og:description\" content=\"Em homenagem ao Dia das M\u00e3es, o SUNO Not\u00edcias\u00a0selecionou 10 exemplos de m\u00e3es que ocupam cargos de lideran\u00e7a no mercado corporativo. Confira.\" \/>\n<meta property=\"og:url\" content=\"https:\/\/www.suno.com.br\/noticias\/maes-topo-mercado-corporativo\/\" \/>\n<meta property=\"og:site_name\" content=\"Suno Not\u00edcias\" \/>\n<meta property=\"article:publisher\" content=\"https:\/\/facebook.com\/sunoresearch\" \/>\n<meta property=\"og:image\" content=\"https:\/\/files.sunoresearch.com.br\/n\/uploads\/2021\/05\/571c9bb3-whatsapp-image-2021-05-07-at-20.05.46-e1620437330352.jpeg\" \/>\n\t<meta property=\"og:image:width\" content=\"1170\" \/>\n\t<meta property=\"og:image:height\" content=\"778\" \/>\n\t<meta property=\"og:image:type\" content=\"image\/jpeg\" \/>\n<meta name=\"author\" content=\"Rafaela La Regina\" \/>\n<meta name=\"twitter:card\" content=\"summary_large_image\" \/>\n<meta name=\"twitter:creator\" content=\"@sunoresearch\" \/>\n<meta name=\"twitter:site\" content=\"@sunoresearch\" \/>\n<meta name=\"twitter:label1\" content=\"Escrito por\" \/>\n\t<meta name=\"twitter:data1\" content=\"Rafaela La Regina\" \/>\n\t<meta name=\"twitter:label2\" content=\"Est. tempo de leitura\" \/>\n\t<meta name=\"twitter:data2\" content=\"8 minutos\" \/>\n<script type=\"application\/ld+json\" class=\"yoast-schema-graph\">{\"@context\":\"https:\/\/schema.org\",\"@graph\":[{\"@type\":\"NewsArticle\",\"@id\":\"https:\/\/www.suno.com.br\/noticias\/maes-topo-mercado-corporativo\/#article\",\"isPartOf\":{\"@id\":\"https:\/\/www.suno.com.br\/noticias\/maes-topo-mercado-corporativo\/\"},\"author\":{\"name\":\"Rafaela La Regina\",\"@id\":\"https:\/\/www.suno.com.br\/noticias\/#\/schema\/person\/e672ca8cea627fe715fa29bca7da95e0\"},\"headline\":\"Dia das m\u00e3es: Confira 10 que chegaram ao topo no mercado corporativo\",\"datePublished\":\"2021-05-09T11:00:57+00:00\",\"mainEntityOfPage\":{\"@id\":\"https:\/\/www.suno.com.br\/noticias\/maes-topo-mercado-corporativo\/\"},\"wordCount\":1530,\"publisher\":{\"@id\":\"https:\/\/www.suno.com.br\/noticias\/#organization\"},\"image\":{\"@id\":\"https:\/\/www.suno.com.br\/noticias\/maes-topo-mercado-corporativo\/#primaryimage\"},\"thumbnailUrl\":\"https:\/\/files.sunoresearch.com.br\/n\/uploads\/2021\/05\/571c9bb3-whatsapp-image-2021-05-07-at-20.05.46-e1620437330352-jpeg.webp\",\"keywords\":[\"Educa\u00e7\u00e3o Financeira\",\"Especiais\",\"finan\u00e7as pessoais\",\"mulheres\"],\"articleSection\":[\"Neg\u00f3cios\"],\"inLanguage\":\"pt-BR\"},{\"@type\":\"WebPage\",\"@id\":\"https:\/\/www.suno.com.br\/noticias\/maes-topo-mercado-corporativo\/\",\"url\":\"https:\/\/www.suno.com.br\/noticias\/maes-topo-mercado-corporativo\/\",\"name\":\"Veja 10 m\u00e3es que chegaram ao topo no mercado corporativo\",\"isPartOf\":{\"@id\":\"https:\/\/www.suno.com.br\/noticias\/#website\"},\"primaryImageOfPage\":{\"@id\":\"https:\/\/www.suno.com.br\/noticias\/maes-topo-mercado-corporativo\/#primaryimage\"},\"image\":{\"@id\":\"https:\/\/www.suno.com.br\/noticias\/maes-topo-mercado-corporativo\/#primaryimage\"},\"thumbnailUrl\":\"https:\/\/files.sunoresearch.com.br\/n\/uploads\/2021\/05\/571c9bb3-whatsapp-image-2021-05-07-at-20.05.46-e1620437330352-jpeg.webp\",\"datePublished\":\"2021-05-09T11:00:57+00:00\",\"description\":\"Em homenagem ao Dia das M\u00e3es, o SUNO Not\u00edcias\u00a0selecionou 10 exemplos de m\u00e3es que ocupam cargos de lideran\u00e7a no mercado corporativo. Confira.\",\"breadcrumb\":{\"@id\":\"https:\/\/www.suno.com.br\/noticias\/maes-topo-mercado-corporativo\/#breadcrumb\"},\"inLanguage\":\"pt-BR\",\"potentialAction\":[{\"@type\":\"ReadAction\",\"target\":[\"https:\/\/www.suno.com.br\/noticias\/maes-topo-mercado-corporativo\/\"]}]},{\"@type\":\"ImageObject\",\"inLanguage\":\"pt-BR\",\"@id\":\"https:\/\/www.suno.com.br\/noticias\/maes-topo-mercado-corporativo\/#primaryimage\",\"url\":\"https:\/\/files.sunoresearch.com.br\/n\/uploads\/2021\/05\/571c9bb3-whatsapp-image-2021-05-07-at-20.05.46-e1620437330352-jpeg.webp\",\"contentUrl\":\"https:\/\/files.sunoresearch.com.br\/n\/uploads\/2021\/05\/571c9bb3-whatsapp-image-2021-05-07-at-20.05.46-e1620437330352-jpeg.webp\",\"width\":1170,\"height\":778,\"caption\":\"Rachel Maia. Foto: Reprodu\u00e7\u00e3o Instagram\"},{\"@type\":\"BreadcrumbList\",\"@id\":\"https:\/\/www.suno.com.br\/noticias\/maes-topo-mercado-corporativo\/#breadcrumb\",\"itemListElement\":[{\"@type\":\"ListItem\",\"position\":1,\"name\":\"Not\u00edcias\",\"item\":\"https:\/\/www.suno.com.br\/noticias\/\"},{\"@type\":\"ListItem\",\"position\":2,\"name\":\"Finan\u00e7as Pessoais\",\"item\":\"https:\/\/www.suno.com.br\/noticias\/financas-pessoais\/\"},{\"@type\":\"ListItem\",\"position\":3,\"name\":\"Dia das m\u00e3es: Confira 10 que chegaram ao topo no mercado corporativo\"}]},{\"@type\":\"WebSite\",\"@id\":\"https:\/\/www.suno.com.br\/noticias\/#website\",\"url\":\"https:\/\/www.suno.com.br\/noticias\/\",\"name\":\"Suno Not\u00edcias\",\"description\":\"Seu portal de informa\u00e7\u00e3o sobre o mundo dos investimentos\",\"publisher\":{\"@id\":\"https:\/\/www.suno.com.br\/noticias\/#organization\"},\"potentialAction\":[{\"@type\":\"SearchAction\",\"target\":{\"@type\":\"EntryPoint\",\"urlTemplate\":\"https:\/\/www.suno.com.br\/noticias\/?s={search_term_string}\"},\"query-input\":{\"@type\":\"PropertyValueSpecification\",\"valueRequired\":true,\"valueName\":\"search_term_string\"}}],\"inLanguage\":\"pt-BR\"},{\"@type\":\"Organization\",\"@id\":\"https:\/\/www.suno.com.br\/noticias\/#organization\",\"name\":\"Suno Not\u00edcias\",\"url\":\"https:\/\/www.suno.com.br\/noticias\/\",\"logo\":{\"@type\":\"ImageObject\",\"inLanguage\":\"pt-BR\",\"@id\":\"https:\/\/www.suno.com.br\/noticias\/#\/schema\/logo\/image\/\",\"url\":\"https:\/\/files.sunoresearch.com.br\/n\/uploads\/2021\/09\/suno-logo.png\",\"contentUrl\":\"https:\/\/files.sunoresearch.com.br\/n\/uploads\/2021\/09\/suno-logo.png\",\"width\":180,\"height\":180,\"caption\":\"Suno Not\u00edcias\"},\"image\":{\"@id\":\"https:\/\/www.suno.com.br\/noticias\/#\/schema\/logo\/image\/\"},\"sameAs\":[\"https:\/\/facebook.com\/sunoresearch\",\"https:\/\/x.com\/sunoresearch\",\"https:\/\/www.instagram.com\/suno\",\"https:\/\/www.linkedin.com\/company\/suno-research\/\",\"https:\/\/www.youtube.com\/c\/sunoresearch\"]},{\"@type\":\"Person\",\"@id\":\"https:\/\/www.suno.com.br\/noticias\/#\/schema\/person\/e672ca8cea627fe715fa29bca7da95e0\",\"name\":\"Rafaela La Regina\",\"image\":{\"@type\":\"ImageObject\",\"inLanguage\":\"pt-BR\",\"@id\":\"https:\/\/www.suno.com.br\/noticias\/#\/schema\/person\/image\/\",\"url\":\"https:\/\/secure.gravatar.com\/avatar\/d2c75a52d243deb93d0465fdcb21bd37?s=96&r=g\",\"contentUrl\":\"https:\/\/secure.gravatar.com\/avatar\/d2c75a52d243deb93d0465fdcb21bd37?s=96&r=g\",\"caption\":\"Rafaela La Regina\"},\"description\":\"Estagi\u00e1ria no Suno Not\u00edcias. Escreve sobre economia, pol\u00edtica e neg\u00f3cios. Estuda Rela\u00e7\u00f5es Internacionais no IBMEC-SP.\",\"url\":\"https:\/\/www.suno.com.br\/noticias\/author\/rafaela-la-regina\/\"}]}<\/script>\n<!-- \/ Yoast SEO plugin. -->","yoast_head_json":{"title":"Veja 10 m\u00e3es que chegaram ao topo no mercado corporativo","description":"Em homenagem ao Dia das M\u00e3es, o SUNO Not\u00edcias\u00a0selecionou 10 exemplos de m\u00e3es que ocupam cargos de lideran\u00e7a no mercado corporativo. Confira.","robots":{"index":"index","follow":"follow","max-snippet":"max-snippet:-1","max-image-preview":"max-image-preview:large","max-video-preview":"max-video-preview:-1"},"canonical":"https:\/\/www.suno.com.br\/noticias\/maes-topo-mercado-corporativo\/","og_locale":"pt_BR","og_type":"article","og_title":"Veja 10 m\u00e3es que chegaram ao topo no mercado corporativo","og_description":"Em homenagem ao Dia das M\u00e3es, o SUNO Not\u00edcias\u00a0selecionou 10 exemplos de m\u00e3es que ocupam cargos de lideran\u00e7a no mercado corporativo. Confira.","og_url":"https:\/\/www.suno.com.br\/noticias\/maes-topo-mercado-corporativo\/","og_site_name":"Suno Not\u00edcias","article_publisher":"https:\/\/facebook.com\/sunoresearch","og_image":[{"width":1170,"height":778,"url":"https:\/\/files.sunoresearch.com.br\/n\/uploads\/2021\/05\/571c9bb3-whatsapp-image-2021-05-07-at-20.05.46-e1620437330352.jpeg","type":"image\/jpeg"}],"author":"Rafaela La Regina","twitter_card":"summary_large_image","twitter_creator":"@sunoresearch","twitter_site":"@sunoresearch","twitter_misc":{"Escrito por":"Rafaela La Regina","Est. tempo de leitura":"8 minutos"},"schema":{"@context":"https:\/\/schema.org","@graph":[{"@type":"NewsArticle","@id":"https:\/\/www.suno.com.br\/noticias\/maes-topo-mercado-corporativo\/#article","isPartOf":{"@id":"https:\/\/www.suno.com.br\/noticias\/maes-topo-mercado-corporativo\/"},"author":{"name":"Rafaela La Regina","@id":"https:\/\/www.suno.com.br\/noticias\/#\/schema\/person\/e672ca8cea627fe715fa29bca7da95e0"},"headline":"Dia das m\u00e3es: Confira 10 que chegaram ao topo no mercado corporativo","datePublished":"2021-05-09T11:00:57+00:00","mainEntityOfPage":{"@id":"https:\/\/www.suno.com.br\/noticias\/maes-topo-mercado-corporativo\/"},"wordCount":1530,"publisher":{"@id":"https:\/\/www.suno.com.br\/noticias\/#organization"},"image":{"@id":"https:\/\/www.suno.com.br\/noticias\/maes-topo-mercado-corporativo\/#primaryimage"},"thumbnailUrl":"https:\/\/files.sunoresearch.com.br\/n\/uploads\/2021\/05\/571c9bb3-whatsapp-image-2021-05-07-at-20.05.46-e1620437330352-jpeg.webp","keywords":["Educa\u00e7\u00e3o Financeira","Especiais","finan\u00e7as pessoais","mulheres"],"articleSection":["Neg\u00f3cios"],"inLanguage":"pt-BR"},{"@type":"WebPage","@id":"https:\/\/www.suno.com.br\/noticias\/maes-topo-mercado-corporativo\/","url":"https:\/\/www.suno.com.br\/noticias\/maes-topo-mercado-corporativo\/","name":"Veja 10 m\u00e3es que chegaram ao topo no mercado corporativo","isPartOf":{"@id":"https:\/\/www.suno.com.br\/noticias\/#website"},"primaryImageOfPage":{"@id":"https:\/\/www.suno.com.br\/noticias\/maes-topo-mercado-corporativo\/#primaryimage"},"image":{"@id":"https:\/\/www.suno.com.br\/noticias\/maes-topo-mercado-corporativo\/#primaryimage"},"thumbnailUrl":"https:\/\/files.sunoresearch.com.br\/n\/uploads\/2021\/05\/571c9bb3-whatsapp-image-2021-05-07-at-20.05.46-e1620437330352-jpeg.webp","datePublished":"2021-05-09T11:00:57+00:00","description":"Em homenagem ao Dia das M\u00e3es, o SUNO Not\u00edcias\u00a0selecionou 10 exemplos de m\u00e3es que ocupam cargos de lideran\u00e7a no mercado corporativo. Confira.","breadcrumb":{"@id":"https:\/\/www.suno.com.br\/noticias\/maes-topo-mercado-corporativo\/#breadcrumb"},"inLanguage":"pt-BR","potentialAction":[{"@type":"ReadAction","target":["https:\/\/www.suno.com.br\/noticias\/maes-topo-mercado-corporativo\/"]}]},{"@type":"ImageObject","inLanguage":"pt-BR","@id":"https:\/\/www.suno.com.br\/noticias\/maes-topo-mercado-corporativo\/#primaryimage","url":"https:\/\/files.sunoresearch.com.br\/n\/uploads\/2021\/05\/571c9bb3-whatsapp-image-2021-05-07-at-20.05.46-e1620437330352-jpeg.webp","contentUrl":"https:\/\/files.sunoresearch.com.br\/n\/uploads\/2021\/05\/571c9bb3-whatsapp-image-2021-05-07-at-20.05.46-e1620437330352-jpeg.webp","width":1170,"height":778,"caption":"Rachel Maia. Foto: Reprodu\u00e7\u00e3o Instagram"},{"@type":"BreadcrumbList","@id":"https:\/\/www.suno.com.br\/noticias\/maes-topo-mercado-corporativo\/#breadcrumb","itemListElement":[{"@type":"ListItem","position":1,"name":"Not\u00edcias","item":"https:\/\/www.suno.com.br\/noticias\/"},{"@type":"ListItem","position":2,"name":"Finan\u00e7as Pessoais","item":"https:\/\/www.suno.com.br\/noticias\/financas-pessoais\/"},{"@type":"ListItem","position":3,"name":"Dia das m\u00e3es: Confira 10 que chegaram ao topo no mercado corporativo"}]},{"@type":"WebSite","@id":"https:\/\/www.suno.com.br\/noticias\/#website","url":"https:\/\/www.suno.com.br\/noticias\/","name":"Suno Not\u00edcias","description":"Seu portal de informa\u00e7\u00e3o sobre o mundo dos investimentos","publisher":{"@id":"https:\/\/www.suno.com.br\/noticias\/#organization"},"potentialAction":[{"@type":"SearchAction","target":{"@type":"EntryPoint","urlTemplate":"https:\/\/www.suno.com.br\/noticias\/?s={search_term_string}"},"query-input":{"@type":"PropertyValueSpecification","valueRequired":true,"valueName":"search_term_string"}}],"inLanguage":"pt-BR"},{"@type":"Organization","@id":"https:\/\/www.suno.com.br\/noticias\/#organization","name":"Suno Not\u00edcias","url":"https:\/\/www.suno.com.br\/noticias\/","logo":{"@type":"ImageObject","inLanguage":"pt-BR","@id":"https:\/\/www.suno.com.br\/noticias\/#\/schema\/logo\/image\/","url":"https:\/\/files.sunoresearch.com.br\/n\/uploads\/2021\/09\/suno-logo.png","contentUrl":"https:\/\/files.sunoresearch.com.br\/n\/uploads\/2021\/09\/suno-logo.png","width":180,"height":180,"caption":"Suno Not\u00edcias"},"image":{"@id":"https:\/\/www.suno.com.br\/noticias\/#\/schema\/logo\/image\/"},"sameAs":["https:\/\/facebook.com\/sunoresearch","https:\/\/x.com\/sunoresearch","https:\/\/www.instagram.com\/suno","https:\/\/www.linkedin.com\/company\/suno-research\/","https:\/\/www.youtube.com\/c\/sunoresearch"]},{"@type":"Person","@id":"https:\/\/www.suno.com.br\/noticias\/#\/schema\/person\/e672ca8cea627fe715fa29bca7da95e0","name":"Rafaela La Regina","image":{"@type":"ImageObject","inLanguage":"pt-BR","@id":"https:\/\/www.suno.com.br\/noticias\/#\/schema\/person\/image\/","url":"https:\/\/secure.gravatar.com\/avatar\/d2c75a52d243deb93d0465fdcb21bd37?s=96&r=g","contentUrl":"https:\/\/secure.gravatar.com\/avatar\/d2c75a52d243deb93d0465fdcb21bd37?s=96&r=g","caption":"Rafaela La Regina"},"description":"Estagi\u00e1ria no Suno Not\u00edcias. Escreve sobre economia, pol\u00edtica e neg\u00f3cios. Estuda Rela\u00e7\u00f5es Internacionais no IBMEC-SP.","url":"https:\/\/www.suno.com.br\/noticias\/author\/rafaela-la-regina\/"}]}},"default_loop_html":"<div class=\"cardsPage__listCard__boxs\"><div class=\"cardsPage__listCard__boxs__img\"><a href=\"https:\/\/www.suno.com.br\/noticias\/maes-topo-mercado-corporativo\/\"><img class=\"mask\" src=\"https:\/\/www.suno.com.br\/noticias\/wp-content\/themes\/suno\/resources\/images\/spotlight\/spotlight1img\/bg-mask.png\" alt=\"Image Mask\"\/><img src=\"https:\/\/files.sunoresearch.com.br\/n\/uploads\/2021\/05\/571c9bb3-whatsapp-image-2021-05-07-at-20.05.46-e1620437330352-400x200.webp\" alt=\"Dia das m\u00e3es: Confira 10 que chegaram ao topo no mercado corporativo\"\/><\/a><span class=\"spotlightCategory\"><a href=\"https:\/\/www.suno.com.br\/noticias\/negocios\/\">Neg\u00f3cios<\/a><\/span><\/div><div class=\"cardsPage__listCard__boxs__content\"><a href=\"https:\/\/www.suno.com.br\/noticias\/maes-topo-mercado-corporativo\/\"><h2 class=\"content__title\">Dia das m\u00e3es: Confira 10 que chegaram ao topo no mercado corporativo<\/h2><\/a><div class=\"newsContent__article__meta\"><div class=\"newsContent__article__meta__authorBox\"><a href=\"https:\/\/www.suno.com.br\/noticias\/author\/rafaela-la-regina\/\" class=\"authorBox__avatar noMobi\"><img src=\"https:\/\/secure.gravatar.com\/avatar\/d2c75a52d243deb93d0465fdcb21bd37?s=96&#038;r=g\" alt=\"Rafaela La Regina\"><\/a><div class=\"authorBox__name\"><span>por\n\t\t\t<a href=\"https:\/\/www.suno.com.br\/noticias\/author\/rafaela-la-regina\/\"><span itemprop=\"author\">Rafaela La Regina<\/span><\/a><\/span><time datetime=\"2021-05-09T08:00:57-03:00\" itemprop=\"datePublished\">09\/05\/2021 08:00<\/time><\/div><\/div><\/div><\/div><\/div>","single_layout":"posts","amp_enabled":true,"_links":{"self":[{"href":"https:\/\/www.suno.com.br\/noticias\/wp-json\/wp\/v2\/posts\/144345"}],"collection":[{"href":"https:\/\/www.suno.com.br\/noticias\/wp-json\/wp\/v2\/posts"}],"about":[{"href":"https:\/\/www.suno.com.br\/noticias\/wp-json\/wp\/v2\/types\/post"}],"author":[{"embeddable":true,"href":"https:\/\/www.suno.com.br\/noticias\/wp-json\/wp\/v2\/users\/56"}],"replies":[{"embeddable":true,"href":"https:\/\/www.suno.com.br\/noticias\/wp-json\/wp\/v2\/comments?post=144345"}],"version-history":[{"count":3,"href":"https:\/\/www.suno.com.br\/noticias\/wp-json\/wp\/v2\/posts\/144345\/revisions"}],"predecessor-version":[{"id":145892,"href":"https:\/\/www.suno.com.br\/noticias\/wp-json\/wp\/v2\/posts\/144345\/revisions\/145892"}],"wp:featuredmedia":[{"embeddable":true,"href":"https:\/\/www.suno.com.br\/noticias\/wp-json\/wp\/v2\/media\/145848"}],"wp:attachment":[{"href":"https:\/\/www.suno.com.br\/noticias\/wp-json\/wp\/v2\/media?parent=144345"}],"wp:term":[{"taxonomy":"category","embeddable":true,"href":"https:\/\/www.suno.com.br\/noticias\/wp-json\/wp\/v2\/categories?post=144345"},{"taxonomy":"post_tag","embeddable":true,"href":"https:\/\/www.suno.com.br\/noticias\/wp-json\/wp\/v2\/tags?post=144345"},{"taxonomy":"suno_strategy","embeddable":true,"href":"https:\/\/www.suno.com.br\/noticias\/wp-json\/wp\/v2\/suno_strategy?post=144345"}],"curies":[{"name":"wp","href":"https:\/\/api.w.org\/{rel}","templated":true}]}}