{"id":144278,"date":"2021-05-03T13:41:40","date_gmt":"2021-05-03T16:41:40","guid":{"rendered":"https:\/\/www.suno.com.br\/noticias\/?p=144278"},"modified":"2021-05-12T12:56:14","modified_gmt":"2021-05-12T15:56:14","slug":"fundo-imobiliario-rbco11-registra-inadimplencia","status":"publish","type":"post","link":"https:\/\/www.suno.com.br\/noticias\/fundo-imobiliario-rbco11-registra-inadimplencia\/","title":{"rendered":"RBCO11: Fundo Imobili\u00e1rio registra inadimpl\u00eancia de inquilino"},"content":{"rendered":"<p>O <strong>RBCO11<\/strong>, ou RB Capital Office Income &#8211; fundo imobili\u00e1rio de lajes gerenciado pela gestora de mesmo nome -, anunciou na manh\u00e3 desta segunda-feira (3) que o atraso do pagamento de um dos seus inquilinos impactou a distribui\u00e7\u00e3o de proventos de R$0,03 centavos por cota.<\/p>\t<div class=\"wrapper-featured-image\">\n\t\t<figure class=\"spotlightImg\">\n\n\t\t\t<picture>\n\t\t\t\t<source media=\"(max-width: 768px)\" srcset=\"https:\/\/files.sunoresearch.com.br\/n\/uploads\/2021\/05\/bd331085-buildings-2862807_1920-400x200.webp\">\n\t\t\t\t<img loading=\"lazy\" decoding=\"async\" class=\"newsContent__article__imgCapa lazyloadDisabled \" src=\"https:\/\/files.sunoresearch.com.br\/n\/uploads\/2021\/05\/bd331085-buildings-2862807_1920-800x450.webp\" width=\"800\" height=\"450\" alt=\"RBCO11: Fundo Imobili\u00e1rio registra inadimpl\u00eancia de inquilino\" fetchpriority=high \/>\n\t\t\t<\/picture>\n\n\t\t\t<figcaption class=\"wp-caption-text wp-caption-text--show\">Foto: Pixabay<\/figcaption>\n\t\t<\/figure>\n\t<\/div>\n\n\n<p><span style=\"font-weight: 400;\">\t<p>\n\t\t<a href=\"https:\/\/lp.suno.com.br\/planilha-controle-gastos\/\" target=\"_blank\" data-element=\"shortcode-suno-banner\" title=\"Banner SUNO, clique e saiba mais\">\n\t\t\t<picture>\n\t\t\t\t<source media=\"(max-width: 500px)\" srcset=\"https:\/\/files.sunoresearch.com.br\/n\/uploads\/2023\/03\/400x300-Planilha-controle-de-gastos.png\">\n\t\t\t\t<img class=\"newsContent__article__imgCapa newsContent__article__imgCapa--banner\"\n\t\t\t\t\tsrc=\"https:\/\/files.sunoresearch.com.br\/n\/uploads\/2023\/03\/1420x240-Planilha-controle-de-gastos.png\"\n\t\t\t\t\tdata-promo-id=\"101751\"\t\t\t\t\t\t\t\t\t\twidth='1420' height='240'\t\t\t\t\talt=\"https:\/\/files.sunoresearch.com.br\/n\/uploads\/2023\/03\/1420x240-Planilha-controle-de-gastos.png\"\n\t\t\t\t>\n\t\t\t<\/picture>\n\t\t<\/a>\n\t<\/p>\n\n<\/span><\/p>\n<p>&#8220;O Administrador e o Gestor est\u00e3o envidando todas as medidas cab\u00edveis para a cobran\u00e7a, preserva\u00e7\u00e3o dos direitos e interesses do Fundo e de seus cotistas, bem como buscando a regulariza\u00e7\u00e3o do atraso do locat\u00e1rio com a maior brevidade poss\u00edvel&#8221; afirmaram as RB Capital e a BRL Trust, esta a administradora do RBCO11.<\/p>\n<p>A baixa no faturamento, por\u00e9m, foi mitigada pela antecipa\u00e7\u00e3o do pagamento de outro locat\u00e1rio, que representou um aumento de $0,08 nos dividendos por cota no m\u00eas de abril de 2021.<\/p>\n<p><a href=\"https:\/\/lp.suno.com.br\/suno-one\/?ppp=noticias\/hospital-care-pedido-ipo-cvm\/\"><b>Suno One: acesse gratuitamente eBooks, Minicursos, Artigos e V\u00eddeo Aulas sobre investimentos com um \u00fanico cadastro. Clique para saber mais!<\/b><\/a><\/p>\n<h2>RBCO11 j\u00e1 havia registrado inadimpl\u00eancia no Rachid Saliba em mar\u00e7o<\/h2>\n<p>O RBCO11 distribuiu, em mar\u00e7o, R$ 0,42 por cota, sendo que neste m\u00eas o FII j\u00e1 havia anunciado sobre um problema com a inadimpl\u00eancia de um dos seus locat\u00e1rios do pr\u00e9dio Rachid Saliba, localizado na rua Bela Cintra, na capital de S\u00e3o Paulo. Neste caso, a situa\u00e7\u00e3o que acontece agora se repetiu: com o valor pago de forma antecipada por outro inquilino o fundo conseguiu estabilizar a distribui\u00e7\u00e3o de dividendos.<\/p>\n<p>O RBCO11 possui quatro pr\u00e9dios, todos em S\u00e3o Paulo, e apenas o Rachid Saliba se encontra com locadores com aluguel atrasados &#8211; cerca de 26%, no \u00faltimo relat\u00f3rio, apresentavam d\u00e9ficit nos pagamentos. O pr\u00e9dio em quest\u00e3o representa 29% da \u00e1rea bruta loc\u00e1vel do FII em quest\u00e3o.<\/p>\n<p><span style=\"font-weight: 400;\">\t<p>\n\t\t<a href=\"https:\/\/lp.suno.com.br\/planilha-de-controle-de-investimentos\/\" target=\"_blank\" data-element=\"shortcode-suno-banner\" title=\"Banner SUNO, clique e saiba mais\">\n\t\t\t<picture>\n\t\t\t\t<source media=\"(max-width: 500px)\" srcset=\"https:\/\/files.sunoresearch.com.br\/n\/uploads\/2023\/03\/400x300-Controle-de-Investimentos.png\">\n\t\t\t\t<img class=\"newsContent__article__imgCapa newsContent__article__imgCapa--banner\"\n\t\t\t\t\tsrc=\"https:\/\/files.sunoresearch.com.br\/n\/uploads\/2023\/03\/1420x240-Controle-de-Investimentos.png\"\n\t\t\t\t\tdata-promo-id=\"75934\"\t\t\t\t\t\t\t\t\t\twidth='1420' height='240'\t\t\t\t\talt=\"https:\/\/files.sunoresearch.com.br\/n\/uploads\/2023\/03\/1420x240-Controle-de-Investimentos.png\"\n\t\t\t\t>\n\t\t\t<\/picture>\n\t\t<\/a>\n\t<\/p>\n\n <\/span><\/p>\n<p>Atualmente, o pr\u00e9dio em quest\u00e3o est\u00e1 90% locado: com uma receita potencial de R$ 822,7 mil por m\u00eas (22% do FII), ele entrega, atualmente, apenas R$ 472,9 mil, com 43% de vac\u00e2ncia financeira.<\/p>\n<p>Entre os inquilinos do pr\u00e9dio do <strong>RBCO11<\/strong>, se destaca o setor de tecnologia, mas h\u00e1 entre as empresas locadores tamb\u00e9m representantes do setor editorial, de log\u00edstica e de e-commerce.<\/p>\n<p><span style=\"font-weight: 400;\">\t<p>\n\t\t<a href=\"https:\/\/lp.suno.com.br\/planilha-da-vida-financeira\/\" target=\"_blank\" data-element=\"shortcode-suno-banner\" title=\"Banner SUNO, clique e saiba mais\">\n\t\t\t<picture>\n\t\t\t\t<source media=\"(max-width: 500px)\" srcset=\"https:\/\/files.sunoresearch.com.br\/n\/uploads\/2023\/04\/400x300-Planilha-vida-financeira-true.png\">\n\t\t\t\t<img class=\"newsContent__article__imgCapa newsContent__article__imgCapa--banner\"\n\t\t\t\t\tsrc=\"https:\/\/files.sunoresearch.com.br\/n\/uploads\/2023\/04\/1420x240-Planilha-vida-financeira-true.png\"\n\t\t\t\t\tdata-promo-id=\"106682\"\t\t\t\t\t\t\t\t\t\twidth='1420' height='240'\t\t\t\t\talt=\"https:\/\/files.sunoresearch.com.br\/n\/uploads\/2023\/04\/1420x240-Planilha-vida-financeira-true.png\"\n\t\t\t\t>\n\t\t\t<\/picture>\n\t\t<\/a>\n\t<\/p>\n\n<\/span><\/p>\n","protected":false},"excerpt":{"rendered":"<p>O RBCO11, ou RB Capital Office Income &#8211; fundo imobili\u00e1rio de lajes gerenciado pela gestora de mesmo nome -, anunciou na manh\u00e3 desta segunda-feira (3) que o atraso do pagamento de um dos seus inquilinos impactou a distribui\u00e7\u00e3o de proventos de R$0,03 centavos por cota. Foto: Pixabay &#8220;O Administrador e o Gestor est\u00e3o envidando todas [&hellip;]<\/p>\n","protected":false},"author":59,"featured_media":144290,"comment_status":"closed","ping_status":"closed","sticky":false,"template":"","format":"standard","meta":[],"categories":[66],"tags":[315,105850],"suno_strategy":[],"class_list":["post-144278","post","type-post","status-publish","format-standard","has-post-thumbnail","hentry","category-fiis","tag-fundos-imobiliarios-fiis","tag-rbco11"],"yoast_head":"<!-- This site is optimized with the Yoast SEO plugin v24.4 - https:\/\/yoast.com\/wordpress\/plugins\/seo\/ -->\n<title>RBCO11: Fundo Imobili\u00e1rio registra inadimpl\u00eancia de inquilino<\/title>\n<meta name=\"description\" content=\"O fundo imobili\u00e1rio RBCO11 anunciou nesta segunda-feira que registrou inadimpl\u00eancia em abril. Clique aqui para saber mais.\" \/>\n<meta name=\"robots\" content=\"index, follow, max-snippet:-1, max-image-preview:large, max-video-preview:-1\" \/>\n<link rel=\"canonical\" href=\"https:\/\/www.suno.com.br\/noticias\/fundo-imobiliario-rbco11-registra-inadimplencia\/\" \/>\n<meta property=\"og:locale\" content=\"pt_BR\" \/>\n<meta property=\"og:type\" content=\"article\" \/>\n<meta property=\"og:title\" content=\"RBCO11: Fundo Imobili\u00e1rio registra inadimpl\u00eancia de inquilino\" \/>\n<meta property=\"og:description\" content=\"O fundo imobili\u00e1rio RBCO11 anunciou nesta segunda-feira que registrou inadimpl\u00eancia em abril. Clique aqui para saber mais.\" \/>\n<meta property=\"og:url\" content=\"https:\/\/www.suno.com.br\/noticias\/fundo-imobiliario-rbco11-registra-inadimplencia\/\" \/>\n<meta property=\"og:site_name\" content=\"Suno Not\u00edcias\" \/>\n<meta property=\"article:publisher\" content=\"https:\/\/facebook.com\/sunoresearch\" \/>\n<meta property=\"og:image\" content=\"https:\/\/files.sunoresearch.com.br\/n\/uploads\/2021\/05\/bd331085-buildings-2862807_1920.jpg\" \/>\n\t<meta property=\"og:image:width\" content=\"1920\" \/>\n\t<meta property=\"og:image:height\" content=\"1280\" \/>\n\t<meta property=\"og:image:type\" content=\"image\/jpeg\" \/>\n<meta name=\"author\" content=\"Vitor Azevedo\" \/>\n<meta name=\"twitter:card\" content=\"summary_large_image\" \/>\n<meta name=\"twitter:creator\" content=\"@sunoresearch\" \/>\n<meta name=\"twitter:site\" content=\"@sunoresearch\" \/>\n<meta name=\"twitter:label1\" content=\"Escrito por\" \/>\n\t<meta name=\"twitter:data1\" content=\"Vitor Azevedo\" \/>\n\t<meta name=\"twitter:label2\" content=\"Est. tempo de leitura\" \/>\n\t<meta name=\"twitter:data2\" content=\"2 minutos\" \/>\n<script type=\"application\/ld+json\" class=\"yoast-schema-graph\">{\"@context\":\"https:\/\/schema.org\",\"@graph\":[{\"@type\":\"NewsArticle\",\"@id\":\"https:\/\/www.suno.com.br\/noticias\/fundo-imobiliario-rbco11-registra-inadimplencia\/#article\",\"isPartOf\":{\"@id\":\"https:\/\/www.suno.com.br\/noticias\/fundo-imobiliario-rbco11-registra-inadimplencia\/\"},\"author\":{\"name\":\"Vitor Azevedo\",\"@id\":\"https:\/\/www.suno.com.br\/noticias\/#\/schema\/person\/658d5fbc74d81f265f5df3562d0038ab\"},\"headline\":\"RBCO11: Fundo Imobili\u00e1rio registra inadimpl\u00eancia de inquilino\",\"datePublished\":\"2021-05-03T16:41:40+00:00\",\"dateModified\":\"2021-05-12T15:56:14+00:00\",\"mainEntityOfPage\":{\"@id\":\"https:\/\/www.suno.com.br\/noticias\/fundo-imobiliario-rbco11-registra-inadimplencia\/\"},\"wordCount\":381,\"publisher\":{\"@id\":\"https:\/\/www.suno.com.br\/noticias\/#organization\"},\"image\":{\"@id\":\"https:\/\/www.suno.com.br\/noticias\/fundo-imobiliario-rbco11-registra-inadimplencia\/#primaryimage\"},\"thumbnailUrl\":\"https:\/\/files.sunoresearch.com.br\/n\/uploads\/2021\/05\/bd331085-buildings-2862807_1920-jpg.webp\",\"keywords\":[\"Fundos Imobili\u00e1rios (FIIs)\",\"RBCO11\"],\"articleSection\":[\"FIIs\"],\"inLanguage\":\"pt-BR\"},{\"@type\":\"WebPage\",\"@id\":\"https:\/\/www.suno.com.br\/noticias\/fundo-imobiliario-rbco11-registra-inadimplencia\/\",\"url\":\"https:\/\/www.suno.com.br\/noticias\/fundo-imobiliario-rbco11-registra-inadimplencia\/\",\"name\":\"RBCO11: Fundo Imobili\u00e1rio registra inadimpl\u00eancia de inquilino\",\"isPartOf\":{\"@id\":\"https:\/\/www.suno.com.br\/noticias\/#website\"},\"primaryImageOfPage\":{\"@id\":\"https:\/\/www.suno.com.br\/noticias\/fundo-imobiliario-rbco11-registra-inadimplencia\/#primaryimage\"},\"image\":{\"@id\":\"https:\/\/www.suno.com.br\/noticias\/fundo-imobiliario-rbco11-registra-inadimplencia\/#primaryimage\"},\"thumbnailUrl\":\"https:\/\/files.sunoresearch.com.br\/n\/uploads\/2021\/05\/bd331085-buildings-2862807_1920-jpg.webp\",\"datePublished\":\"2021-05-03T16:41:40+00:00\",\"dateModified\":\"2021-05-12T15:56:14+00:00\",\"description\":\"O fundo imobili\u00e1rio RBCO11 anunciou nesta segunda-feira que registrou inadimpl\u00eancia em abril. Clique aqui para saber mais.\",\"breadcrumb\":{\"@id\":\"https:\/\/www.suno.com.br\/noticias\/fundo-imobiliario-rbco11-registra-inadimplencia\/#breadcrumb\"},\"inLanguage\":\"pt-BR\",\"potentialAction\":[{\"@type\":\"ReadAction\",\"target\":[\"https:\/\/www.suno.com.br\/noticias\/fundo-imobiliario-rbco11-registra-inadimplencia\/\"]}]},{\"@type\":\"ImageObject\",\"inLanguage\":\"pt-BR\",\"@id\":\"https:\/\/www.suno.com.br\/noticias\/fundo-imobiliario-rbco11-registra-inadimplencia\/#primaryimage\",\"url\":\"https:\/\/files.sunoresearch.com.br\/n\/uploads\/2021\/05\/bd331085-buildings-2862807_1920-jpg.webp\",\"contentUrl\":\"https:\/\/files.sunoresearch.com.br\/n\/uploads\/2021\/05\/bd331085-buildings-2862807_1920-jpg.webp\",\"width\":1920,\"height\":1280,\"caption\":\"Foto: Pixabay\"},{\"@type\":\"BreadcrumbList\",\"@id\":\"https:\/\/www.suno.com.br\/noticias\/fundo-imobiliario-rbco11-registra-inadimplencia\/#breadcrumb\",\"itemListElement\":[{\"@type\":\"ListItem\",\"position\":1,\"name\":\"Not\u00edcias\",\"item\":\"https:\/\/www.suno.com.br\/noticias\/\"},{\"@type\":\"ListItem\",\"position\":2,\"name\":\"FIIs\",\"item\":\"https:\/\/www.suno.com.br\/noticias\/fiis\/\"},{\"@type\":\"ListItem\",\"position\":3,\"name\":\"RBCO11: Fundo Imobili\u00e1rio registra inadimpl\u00eancia de inquilino\"}]},{\"@type\":\"WebSite\",\"@id\":\"https:\/\/www.suno.com.br\/noticias\/#website\",\"url\":\"https:\/\/www.suno.com.br\/noticias\/\",\"name\":\"Suno Not\u00edcias\",\"description\":\"Seu portal de informa\u00e7\u00e3o sobre o mundo dos investimentos\",\"publisher\":{\"@id\":\"https:\/\/www.suno.com.br\/noticias\/#organization\"},\"potentialAction\":[{\"@type\":\"SearchAction\",\"target\":{\"@type\":\"EntryPoint\",\"urlTemplate\":\"https:\/\/www.suno.com.br\/noticias\/?s={search_term_string}\"},\"query-input\":{\"@type\":\"PropertyValueSpecification\",\"valueRequired\":true,\"valueName\":\"search_term_string\"}}],\"inLanguage\":\"pt-BR\"},{\"@type\":\"Organization\",\"@id\":\"https:\/\/www.suno.com.br\/noticias\/#organization\",\"name\":\"Suno Not\u00edcias\",\"url\":\"https:\/\/www.suno.com.br\/noticias\/\",\"logo\":{\"@type\":\"ImageObject\",\"inLanguage\":\"pt-BR\",\"@id\":\"https:\/\/www.suno.com.br\/noticias\/#\/schema\/logo\/image\/\",\"url\":\"https:\/\/files.sunoresearch.com.br\/n\/uploads\/2021\/09\/suno-logo.png\",\"contentUrl\":\"https:\/\/files.sunoresearch.com.br\/n\/uploads\/2021\/09\/suno-logo.png\",\"width\":180,\"height\":180,\"caption\":\"Suno Not\u00edcias\"},\"image\":{\"@id\":\"https:\/\/www.suno.com.br\/noticias\/#\/schema\/logo\/image\/\"},\"sameAs\":[\"https:\/\/facebook.com\/sunoresearch\",\"https:\/\/x.com\/sunoresearch\",\"https:\/\/www.instagram.com\/suno\",\"https:\/\/www.linkedin.com\/company\/suno-research\/\",\"https:\/\/www.youtube.com\/c\/sunoresearch\"]},{\"@type\":\"Person\",\"@id\":\"https:\/\/www.suno.com.br\/noticias\/#\/schema\/person\/658d5fbc74d81f265f5df3562d0038ab\",\"name\":\"Vitor Azevedo\",\"image\":{\"@type\":\"ImageObject\",\"inLanguage\":\"pt-BR\",\"@id\":\"https:\/\/www.suno.com.br\/noticias\/#\/schema\/person\/image\/\",\"url\":\"https:\/\/secure.gravatar.com\/avatar\/62b86195291b446fe380824eb28b99a5?s=96&r=g\",\"contentUrl\":\"https:\/\/secure.gravatar.com\/avatar\/62b86195291b446fe380824eb28b99a5?s=96&r=g\",\"caption\":\"Vitor Azevedo\"},\"description\":\"Formado em jornalismo pela Unesp, escreve sobre economia e neg\u00f3cios para a Suno Not\u00edcias.\",\"url\":\"https:\/\/www.suno.com.br\/noticias\/author\/vitor-azevedo\/\"}]}<\/script>\n<!-- \/ Yoast SEO plugin. -->","yoast_head_json":{"title":"RBCO11: Fundo Imobili\u00e1rio registra inadimpl\u00eancia de inquilino","description":"O fundo imobili\u00e1rio RBCO11 anunciou nesta segunda-feira que registrou inadimpl\u00eancia em abril. Clique aqui para saber mais.","robots":{"index":"index","follow":"follow","max-snippet":"max-snippet:-1","max-image-preview":"max-image-preview:large","max-video-preview":"max-video-preview:-1"},"canonical":"https:\/\/www.suno.com.br\/noticias\/fundo-imobiliario-rbco11-registra-inadimplencia\/","og_locale":"pt_BR","og_type":"article","og_title":"RBCO11: Fundo Imobili\u00e1rio registra inadimpl\u00eancia de inquilino","og_description":"O fundo imobili\u00e1rio RBCO11 anunciou nesta segunda-feira que registrou inadimpl\u00eancia em abril. Clique aqui para saber mais.","og_url":"https:\/\/www.suno.com.br\/noticias\/fundo-imobiliario-rbco11-registra-inadimplencia\/","og_site_name":"Suno Not\u00edcias","article_publisher":"https:\/\/facebook.com\/sunoresearch","og_image":[{"width":1920,"height":1280,"url":"https:\/\/files.sunoresearch.com.br\/n\/uploads\/2021\/05\/bd331085-buildings-2862807_1920.jpg","type":"image\/jpeg"}],"author":"Vitor Azevedo","twitter_card":"summary_large_image","twitter_creator":"@sunoresearch","twitter_site":"@sunoresearch","twitter_misc":{"Escrito por":"Vitor Azevedo","Est. tempo de leitura":"2 minutos"},"schema":{"@context":"https:\/\/schema.org","@graph":[{"@type":"NewsArticle","@id":"https:\/\/www.suno.com.br\/noticias\/fundo-imobiliario-rbco11-registra-inadimplencia\/#article","isPartOf":{"@id":"https:\/\/www.suno.com.br\/noticias\/fundo-imobiliario-rbco11-registra-inadimplencia\/"},"author":{"name":"Vitor Azevedo","@id":"https:\/\/www.suno.com.br\/noticias\/#\/schema\/person\/658d5fbc74d81f265f5df3562d0038ab"},"headline":"RBCO11: Fundo Imobili\u00e1rio registra inadimpl\u00eancia de inquilino","datePublished":"2021-05-03T16:41:40+00:00","dateModified":"2021-05-12T15:56:14+00:00","mainEntityOfPage":{"@id":"https:\/\/www.suno.com.br\/noticias\/fundo-imobiliario-rbco11-registra-inadimplencia\/"},"wordCount":381,"publisher":{"@id":"https:\/\/www.suno.com.br\/noticias\/#organization"},"image":{"@id":"https:\/\/www.suno.com.br\/noticias\/fundo-imobiliario-rbco11-registra-inadimplencia\/#primaryimage"},"thumbnailUrl":"https:\/\/files.sunoresearch.com.br\/n\/uploads\/2021\/05\/bd331085-buildings-2862807_1920-jpg.webp","keywords":["Fundos Imobili\u00e1rios (FIIs)","RBCO11"],"articleSection":["FIIs"],"inLanguage":"pt-BR"},{"@type":"WebPage","@id":"https:\/\/www.suno.com.br\/noticias\/fundo-imobiliario-rbco11-registra-inadimplencia\/","url":"https:\/\/www.suno.com.br\/noticias\/fundo-imobiliario-rbco11-registra-inadimplencia\/","name":"RBCO11: Fundo Imobili\u00e1rio registra inadimpl\u00eancia de inquilino","isPartOf":{"@id":"https:\/\/www.suno.com.br\/noticias\/#website"},"primaryImageOfPage":{"@id":"https:\/\/www.suno.com.br\/noticias\/fundo-imobiliario-rbco11-registra-inadimplencia\/#primaryimage"},"image":{"@id":"https:\/\/www.suno.com.br\/noticias\/fundo-imobiliario-rbco11-registra-inadimplencia\/#primaryimage"},"thumbnailUrl":"https:\/\/files.sunoresearch.com.br\/n\/uploads\/2021\/05\/bd331085-buildings-2862807_1920-jpg.webp","datePublished":"2021-05-03T16:41:40+00:00","dateModified":"2021-05-12T15:56:14+00:00","description":"O fundo imobili\u00e1rio RBCO11 anunciou nesta segunda-feira que registrou inadimpl\u00eancia em abril. Clique aqui para saber mais.","breadcrumb":{"@id":"https:\/\/www.suno.com.br\/noticias\/fundo-imobiliario-rbco11-registra-inadimplencia\/#breadcrumb"},"inLanguage":"pt-BR","potentialAction":[{"@type":"ReadAction","target":["https:\/\/www.suno.com.br\/noticias\/fundo-imobiliario-rbco11-registra-inadimplencia\/"]}]},{"@type":"ImageObject","inLanguage":"pt-BR","@id":"https:\/\/www.suno.com.br\/noticias\/fundo-imobiliario-rbco11-registra-inadimplencia\/#primaryimage","url":"https:\/\/files.sunoresearch.com.br\/n\/uploads\/2021\/05\/bd331085-buildings-2862807_1920-jpg.webp","contentUrl":"https:\/\/files.sunoresearch.com.br\/n\/uploads\/2021\/05\/bd331085-buildings-2862807_1920-jpg.webp","width":1920,"height":1280,"caption":"Foto: Pixabay"},{"@type":"BreadcrumbList","@id":"https:\/\/www.suno.com.br\/noticias\/fundo-imobiliario-rbco11-registra-inadimplencia\/#breadcrumb","itemListElement":[{"@type":"ListItem","position":1,"name":"Not\u00edcias","item":"https:\/\/www.suno.com.br\/noticias\/"},{"@type":"ListItem","position":2,"name":"FIIs","item":"https:\/\/www.suno.com.br\/noticias\/fiis\/"},{"@type":"ListItem","position":3,"name":"RBCO11: Fundo Imobili\u00e1rio registra inadimpl\u00eancia de inquilino"}]},{"@type":"WebSite","@id":"https:\/\/www.suno.com.br\/noticias\/#website","url":"https:\/\/www.suno.com.br\/noticias\/","name":"Suno Not\u00edcias","description":"Seu portal de informa\u00e7\u00e3o sobre o mundo dos investimentos","publisher":{"@id":"https:\/\/www.suno.com.br\/noticias\/#organization"},"potentialAction":[{"@type":"SearchAction","target":{"@type":"EntryPoint","urlTemplate":"https:\/\/www.suno.com.br\/noticias\/?s={search_term_string}"},"query-input":{"@type":"PropertyValueSpecification","valueRequired":true,"valueName":"search_term_string"}}],"inLanguage":"pt-BR"},{"@type":"Organization","@id":"https:\/\/www.suno.com.br\/noticias\/#organization","name":"Suno Not\u00edcias","url":"https:\/\/www.suno.com.br\/noticias\/","logo":{"@type":"ImageObject","inLanguage":"pt-BR","@id":"https:\/\/www.suno.com.br\/noticias\/#\/schema\/logo\/image\/","url":"https:\/\/files.sunoresearch.com.br\/n\/uploads\/2021\/09\/suno-logo.png","contentUrl":"https:\/\/files.sunoresearch.com.br\/n\/uploads\/2021\/09\/suno-logo.png","width":180,"height":180,"caption":"Suno Not\u00edcias"},"image":{"@id":"https:\/\/www.suno.com.br\/noticias\/#\/schema\/logo\/image\/"},"sameAs":["https:\/\/facebook.com\/sunoresearch","https:\/\/x.com\/sunoresearch","https:\/\/www.instagram.com\/suno","https:\/\/www.linkedin.com\/company\/suno-research\/","https:\/\/www.youtube.com\/c\/sunoresearch"]},{"@type":"Person","@id":"https:\/\/www.suno.com.br\/noticias\/#\/schema\/person\/658d5fbc74d81f265f5df3562d0038ab","name":"Vitor Azevedo","image":{"@type":"ImageObject","inLanguage":"pt-BR","@id":"https:\/\/www.suno.com.br\/noticias\/#\/schema\/person\/image\/","url":"https:\/\/secure.gravatar.com\/avatar\/62b86195291b446fe380824eb28b99a5?s=96&r=g","contentUrl":"https:\/\/secure.gravatar.com\/avatar\/62b86195291b446fe380824eb28b99a5?s=96&r=g","caption":"Vitor Azevedo"},"description":"Formado em jornalismo pela Unesp, escreve sobre economia e neg\u00f3cios para a Suno Not\u00edcias.","url":"https:\/\/www.suno.com.br\/noticias\/author\/vitor-azevedo\/"}]}},"default_loop_html":"<div class=\"cardsPage__listCard__boxs\"><div class=\"cardsPage__listCard__boxs__img\"><a href=\"https:\/\/www.suno.com.br\/noticias\/fundo-imobiliario-rbco11-registra-inadimplencia\/\"><img class=\"mask\" src=\"https:\/\/www.suno.com.br\/noticias\/wp-content\/themes\/suno\/resources\/images\/spotlight\/spotlight1img\/bg-mask.png\" alt=\"Image Mask\"\/><img src=\"https:\/\/files.sunoresearch.com.br\/n\/uploads\/2021\/05\/bd331085-buildings-2862807_1920-400x200.webp\" alt=\"RBCO11: Fundo Imobili\u00e1rio registra inadimpl\u00eancia de inquilino\"\/><\/a><span class=\"spotlightCategory\"><a href=\"https:\/\/www.suno.com.br\/noticias\/fiis\/\">FIIs<\/a><\/span><\/div><div class=\"cardsPage__listCard__boxs__content\"><a href=\"https:\/\/www.suno.com.br\/noticias\/fundo-imobiliario-rbco11-registra-inadimplencia\/\"><h2 class=\"content__title\">RBCO11: Fundo Imobili\u00e1rio registra inadimpl\u00eancia de inquilino<\/h2><\/a><div class=\"newsContent__article__meta\"><div class=\"newsContent__article__meta__authorBox\"><a href=\"https:\/\/www.suno.com.br\/noticias\/author\/vitor-azevedo\/\" class=\"authorBox__avatar noMobi\"><img src=\"https:\/\/secure.gravatar.com\/avatar\/62b86195291b446fe380824eb28b99a5?s=96&#038;r=g\" alt=\"Vitor Azevedo\"><\/a><div class=\"authorBox__name\"><span>por\n\t\t\t<a href=\"https:\/\/www.suno.com.br\/noticias\/author\/vitor-azevedo\/\"><span itemprop=\"author\">Vitor Azevedo<\/span><\/a><\/span><time datetime=\"2021-05-03T13:41:40-03:00\" itemprop=\"datePublished\">03\/05\/2021 13:41<\/time><\/div><\/div><\/div><\/div><\/div>","single_layout":"posts","amp_enabled":true,"_links":{"self":[{"href":"https:\/\/www.suno.com.br\/noticias\/wp-json\/wp\/v2\/posts\/144278"}],"collection":[{"href":"https:\/\/www.suno.com.br\/noticias\/wp-json\/wp\/v2\/posts"}],"about":[{"href":"https:\/\/www.suno.com.br\/noticias\/wp-json\/wp\/v2\/types\/post"}],"author":[{"embeddable":true,"href":"https:\/\/www.suno.com.br\/noticias\/wp-json\/wp\/v2\/users\/59"}],"replies":[{"embeddable":true,"href":"https:\/\/www.suno.com.br\/noticias\/wp-json\/wp\/v2\/comments?post=144278"}],"version-history":[{"count":1,"href":"https:\/\/www.suno.com.br\/noticias\/wp-json\/wp\/v2\/posts\/144278\/revisions"}],"predecessor-version":[{"id":144291,"href":"https:\/\/www.suno.com.br\/noticias\/wp-json\/wp\/v2\/posts\/144278\/revisions\/144291"}],"wp:featuredmedia":[{"embeddable":true,"href":"https:\/\/www.suno.com.br\/noticias\/wp-json\/wp\/v2\/media\/144290"}],"wp:attachment":[{"href":"https:\/\/www.suno.com.br\/noticias\/wp-json\/wp\/v2\/media?parent=144278"}],"wp:term":[{"taxonomy":"category","embeddable":true,"href":"https:\/\/www.suno.com.br\/noticias\/wp-json\/wp\/v2\/categories?post=144278"},{"taxonomy":"post_tag","embeddable":true,"href":"https:\/\/www.suno.com.br\/noticias\/wp-json\/wp\/v2\/tags?post=144278"},{"taxonomy":"suno_strategy","embeddable":true,"href":"https:\/\/www.suno.com.br\/noticias\/wp-json\/wp\/v2\/suno_strategy?post=144278"}],"curies":[{"name":"wp","href":"https:\/\/api.w.org\/{rel}","templated":true}]}}