{"id":144170,"date":"2021-05-02T19:57:19","date_gmt":"2021-05-02T22:57:19","guid":{"rendered":"https:\/\/www.suno.com.br\/noticias\/?p=144170"},"modified":"2021-05-02T19:57:43","modified_gmt":"2021-05-02T22:57:43","slug":"anac-voos-grupo-itapemirim","status":"publish","type":"post","link":"https:\/\/www.suno.com.br\/noticias\/anac-voos-grupo-itapemirim\/","title":{"rendered":"Grupo Itapemirim recebe autoriza\u00e7\u00e3o da Anac para operar voos comerciais"},"content":{"rendered":"<p>A Ag\u00eancia Nacional de Avia\u00e7\u00e3o Civil (Anac) autorizou a <strong>Itapemirim Transportes A\u00e9reos<\/strong> a operar voos comercias com passageiros em todo Brasil. A\u00a0nova companhia a\u00e9rea do Grupo Itapemirim realizou h\u00e1 duas semanas 14 voos com seu Airbus de 15 anos e capacidade para 180 passageiros.<\/p>\t<div class=\"wrapper-featured-image\">\n\t\t<figure class=\"spotlightImg\">\n\n\t\t\t<picture>\n\t\t\t\t<source media=\"(max-width: 768px)\" srcset=\"https:\/\/files.sunoresearch.com.br\/n\/uploads\/2021\/05\/b4d4df76-plane-841441_1280-400x200.webp\">\n\t\t\t\t<img loading=\"lazy\" decoding=\"async\" class=\"newsContent__article__imgCapa lazyloadDisabled \" src=\"https:\/\/files.sunoresearch.com.br\/n\/uploads\/2021\/05\/b4d4df76-plane-841441_1280-800x450.webp\" width=\"800\" height=\"450\" alt=\"Grupo Itapemirim recebe autoriza\u00e7\u00e3o da Anac para operar voos comerciais\" fetchpriority=high \/>\n\t\t\t<\/picture>\n\n\t\t\t<figcaption class=\"wp-caption-text wp-caption-text--show\">C\u00e2mara j\u00e1 havia aprovado prorroga\u00e7\u00e3o da legisla\u00e7\u00e3o sobre reembolso e remarca\u00e7\u00e3o no fim de maio - Foto: Pixabay<\/figcaption>\n\t\t<\/figure>\n\t<\/div>\n\n\n<p><span data-sheets-value=\"{&quot;1&quot;:2,&quot;2&quot;:&quot;&quot;}\" data-sheets-userformat=\"{&quot;2&quot;:6659,&quot;3&quot;:{&quot;1&quot;:0},&quot;4&quot;:[null,2,16777215],&quot;12&quot;:0,&quot;14&quot;:[null,2,0],&quot;15&quot;:&quot;Roboto, RobotoDraft, Helvetica, Arial, sans-serif&quot;}\">\t<p>\n\t\t<a href=\"https:\/\/lp.suno.com.br\/planilha-controle-gastos\/\" target=\"_blank\" data-element=\"shortcode-suno-banner\" title=\"Banner SUNO, clique e saiba mais\">\n\t\t\t<picture>\n\t\t\t\t<source media=\"(max-width: 500px)\" srcset=\"https:\/\/files.sunoresearch.com.br\/n\/uploads\/2023\/03\/400x300-Planilha-controle-de-gastos.png\">\n\t\t\t\t<img class=\"newsContent__article__imgCapa newsContent__article__imgCapa--banner\"\n\t\t\t\t\tsrc=\"https:\/\/files.sunoresearch.com.br\/n\/uploads\/2023\/03\/1420x240-Planilha-controle-de-gastos.png\"\n\t\t\t\t\tdata-promo-id=\"101751\"\t\t\t\t\t\t\t\t\t\twidth='1420' height='240'\t\t\t\t\talt=\"https:\/\/files.sunoresearch.com.br\/n\/uploads\/2023\/03\/1420x240-Planilha-controle-de-gastos.png\"\n\t\t\t\t>\n\t\t\t<\/picture>\n\t\t<\/a>\n\t<\/p>\n\n<\/span><\/p>\n<p>A <strong>empresa da Itapemirim j\u00e1 conseguiu slots<\/strong> (hor\u00e1rios de pouso e decolagem nos aeroportos) para voar, a partir de junho, entre <strong>Ribeir\u00e3o Preto e Recife, Ribeir\u00e3o Preto e Guarulhos, Porto Seguro e Guarulhos, Salvador e Guarulhos<\/strong> &#8211; considerando apenas os terminais mais disputados do Pa\u00eds.<\/p>\n<p>O processo de certifica\u00e7\u00e3o da Itapemirim Transportes A\u00e9reos durou menos de um ano. A \u00faltima etapa ocorreu entre os dias 12 e 15 de abril.<\/p>\n<p>&#8220;Estamos presenciando um marco importante dentro da hist\u00f3ria da avia\u00e7\u00e3o civil brasileira. Hoje, temos orgulho de anunciar que cumprimos, dentro do prazo oficial, todos os requisitos exigidos pela Anac. Esse sonho s\u00f3 foi poss\u00edvel pelo empenho de todos os diretores e colaboradores do Grupo Itapemirim&#8221;, comemorou em nota Sidnei Piva, presidente do Grupo Itapemirim.<\/p>\n<p><span data-sheets-value=\"{&quot;1&quot;:2,&quot;2&quot;:&quot;Suno One: acesse gratuitamente eBooks, Minicursos, Artigos e V\u00eddeo Aulas sobre investimentos com um \u00fanico cadastro. Clique para saber mais!&quot;}\" data-sheets-userformat=\"{&quot;2&quot;:1317635,&quot;3&quot;:{&quot;1&quot;:0},&quot;4&quot;:[null,2,16777215],&quot;11&quot;:4,&quot;12&quot;:0,&quot;14&quot;:[null,2,1136076],&quot;15&quot;:&quot;Roboto, RobotoDraft, Helvetica, Arial, sans-serif&quot;,&quot;21&quot;:1,&quot;23&quot;:1}\" data-sheets-hyperlink=\"https:\/\/lp.suno.com.br\/suno-one\/\"><a class=\"in-cell-link\" href=\"https:\/\/lp.suno.com.br\/suno-one\/\" target=\"_blank\" rel=\"noopener noreferrer\">Suno One: acesse gratuitamente eBooks, Minicursos, Artigos e V\u00eddeo Aulas sobre investimentos com um \u00fanico cadastro. Clique para saber mais!<\/a><\/span><\/p>\n<p>O nascimento da empresa a\u00e9rea, por\u00e9m, ocorre sob desconfian\u00e7a do mercado. Al\u00e9m de enfrentar uma <a href=\"https:\/\/www.suno.com.br\/artigos\/recuperacao-judicial\/\"><strong>recupera\u00e7\u00e3o judicial<\/strong><\/a> desde 2016 &#8211; cuja execu\u00e7\u00e3o \u00e9 alvo de questionamentos -, o grupo Itapemirim est\u00e1 no meio de uma disputa entre seu atual dono e o propriet\u00e1rio anterior. O <a href=\"https:\/\/www.suno.com.br\/artigos\/plano-de-negocios\/\"><strong>plano de neg\u00f3cios<\/strong><\/a> da companhia tamb\u00e9m j\u00e1 mudou em pouco mais de um ano.<\/p>\n<p>Quando dos voos experimentais, por meio de sua assessoria de imprensa, o grupo afirmou que, para contornar a crise do setor, seu projeto prev\u00ea um &#8220;servi\u00e7o diferenciado aos seus passageiros&#8221;. &#8220;Em resumo, \u00e9 a pessoa, o olho no olho, que vamos priorizar entre todos os colaboradores e os passageiros&#8221;, afirmou, em nota.<\/p>\n<p>Em fevereiro do ano passado, no entanto, o presidente do grupo, Sidnei Piva, afirmou ao jornal O Estado de S. Paulo que se trataria de uma <strong>empresa de baixo custo e que faria voos regionais<\/strong>. O modelo foi, ent\u00e3o, questionado por especialistas, dado que as companhias de baixo custo precisam voar rotas de alta densidade, como Rio-S\u00e3o Paulo, para se pagarem.<\/p>\n<p><span data-sheets-value=\"{&quot;1&quot;:2,&quot;2&quot;:&quot;&quot;}\" data-sheets-userformat=\"{&quot;2&quot;:6723,&quot;3&quot;:{&quot;1&quot;:0},&quot;4&quot;:[null,2,16777215],&quot;9&quot;:0,&quot;12&quot;:0,&quot;14&quot;:[null,2,0],&quot;15&quot;:&quot;Arial&quot;}\">\t<p>\n\t\t<a href=\"https:\/\/lp.suno.com.br\/planilha-da-vida-financeira\/\" target=\"_blank\" data-element=\"shortcode-suno-banner\" title=\"Banner SUNO, clique e saiba mais\">\n\t\t\t<picture>\n\t\t\t\t<source media=\"(max-width: 500px)\" srcset=\"https:\/\/files.sunoresearch.com.br\/n\/uploads\/2023\/04\/400x300-Planilha-vida-financeira-true.png\">\n\t\t\t\t<img class=\"newsContent__article__imgCapa newsContent__article__imgCapa--banner\"\n\t\t\t\t\tsrc=\"https:\/\/files.sunoresearch.com.br\/n\/uploads\/2023\/04\/1420x240-Planilha-vida-financeira-true.png\"\n\t\t\t\t\tdata-promo-id=\"106682\"\t\t\t\t\t\t\t\t\t\twidth='1420' height='240'\t\t\t\t\talt=\"https:\/\/files.sunoresearch.com.br\/n\/uploads\/2023\/04\/1420x240-Planilha-vida-financeira-true.png\"\n\t\t\t\t>\n\t\t\t<\/picture>\n\t\t<\/a>\n\t<\/p>\n\n<\/span><\/p>\n<p><b>Pol\u00eamico processo de recupera\u00e7\u00e3o judicial<\/b><\/p>\n<p>O processo de recupera\u00e7\u00e3o judicial da Itapemirim apresenta uma s\u00e9rie de irregularidades, segundo o \u00faltimo relat\u00f3rio sobre as atividades da companhia feito pela <strong>administradora judicial, a EXM Partners<\/strong>.<\/p>\n<p>No documento referente a janeiro, a EXM afirmou, por exemplo, que h\u00e1 um &#8220;relevante atraso nas an\u00e1lises&#8221; de auditoria. O cronograma estabelecido para a entrega de documentos j\u00e1 foi descumprido mais de uma vez.<\/p>\n<p>Em paralelo, esse imbr\u00f3glio tem sido atravessado por acusa\u00e7\u00f5es entre Piva e a fam\u00edlia Cola, fundadora da Itapemirim.<\/p>\n<p>Al\u00e9m de tentarem anular a venda da companhia, contestada por pend\u00eancias na assinatura de anexos do contrato, Camilo Cola e Camilo Cola Filho v\u00eam entrando com uma s\u00e9rie de representa\u00e7\u00f5es por falsidade ideol\u00f3gica contra o comprador.<\/p>\n<p>Procurada, a <strong>Itapemirim<\/strong> afirmou que as quest\u00f5es apontadas pela administradora judicial est\u00e3o sendo solucionadas e frisou que os pagamentos previstos no plano de recupera\u00e7\u00e3o est\u00e3o sendo cumpridos.<\/p>\n<p>Com Estad\u00e3o Conte\u00fado<\/p>\n<p><span data-sheets-value=\"{&quot;1&quot;:2,&quot;2&quot;:&quot;&quot;}\" data-sheets-userformat=\"{&quot;2&quot;:513,&quot;3&quot;:{&quot;1&quot;:0},&quot;12&quot;:0}\">\t<p>\n\t\t<a href=\"https:\/\/lp.suno.com.br\/planilha-de-controle-de-investimentos\/\" target=\"_blank\" data-element=\"shortcode-suno-banner\" title=\"Banner SUNO, clique e saiba mais\">\n\t\t\t<picture>\n\t\t\t\t<source media=\"(max-width: 500px)\" srcset=\"https:\/\/files.sunoresearch.com.br\/n\/uploads\/2023\/03\/400x300-Controle-de-Investimentos.png\">\n\t\t\t\t<img class=\"newsContent__article__imgCapa newsContent__article__imgCapa--banner\"\n\t\t\t\t\tsrc=\"https:\/\/files.sunoresearch.com.br\/n\/uploads\/2023\/03\/1420x240-Controle-de-Investimentos.png\"\n\t\t\t\t\tdata-promo-id=\"75934\"\t\t\t\t\t\t\t\t\t\twidth='1420' height='240'\t\t\t\t\talt=\"https:\/\/files.sunoresearch.com.br\/n\/uploads\/2023\/03\/1420x240-Controle-de-Investimentos.png\"\n\t\t\t\t>\n\t\t\t<\/picture>\n\t\t<\/a>\n\t<\/p>\n\n<\/span><\/p>\n","protected":false},"excerpt":{"rendered":"<p>A Ag\u00eancia Nacional de Avia\u00e7\u00e3o Civil (Anac) autorizou a Itapemirim Transportes A\u00e9reos a operar voos comercias com passageiros em todo Brasil. A\u00a0nova companhia a\u00e9rea do Grupo Itapemirim realizou h\u00e1 duas semanas 14 voos com seu Airbus de 15 anos e capacidade para 180 passageiros. C\u00e2mara j\u00e1 havia aprovado prorroga\u00e7\u00e3o da legisla\u00e7\u00e3o sobre reembolso e remarca\u00e7\u00e3o [&hellip;]<\/p>\n","protected":false},"author":43,"featured_media":144172,"comment_status":"closed","ping_status":"closed","sticky":false,"template":"","format":"standard","meta":[],"categories":[64],"tags":[1013,2598],"suno_strategy":[],"class_list":["post-144170","post","type-post","status-publish","format-standard","has-post-thumbnail","hentry","category-negocios","tag-anac","tag-itapemirim"],"yoast_head":"<!-- This site is optimized with the Yoast SEO plugin v24.4 - https:\/\/yoast.com\/wordpress\/plugins\/seo\/ -->\n<title>Grupo Itapemirim recebe autoriza\u00e7\u00e3o da Anac para operar voos comerciais<\/title>\n<meta name=\"description\" content=\"Nova empresa a\u00e9rea da Itapemirim far\u00e1 voos em Ribeir\u00e3o Preto, Recife, Guarulhos, Porto Seguro e Salvador. Clique e saiba mais!\" \/>\n<meta name=\"robots\" content=\"index, follow, max-snippet:-1, max-image-preview:large, max-video-preview:-1\" \/>\n<link rel=\"canonical\" href=\"https:\/\/www.suno.com.br\/noticias\/anac-voos-grupo-itapemirim\/\" \/>\n<meta property=\"og:locale\" content=\"pt_BR\" \/>\n<meta property=\"og:type\" content=\"article\" \/>\n<meta property=\"og:title\" content=\"Grupo Itapemirim recebe autoriza\u00e7\u00e3o da Anac para operar voos comerciais\" \/>\n<meta property=\"og:description\" content=\"Nova empresa a\u00e9rea da Itapemirim far\u00e1 voos em Ribeir\u00e3o Preto, Recife, Guarulhos, Porto Seguro e Salvador. Clique e saiba mais!\" \/>\n<meta property=\"og:url\" content=\"https:\/\/www.suno.com.br\/noticias\/anac-voos-grupo-itapemirim\/\" \/>\n<meta property=\"og:site_name\" content=\"Suno Not\u00edcias\" \/>\n<meta property=\"article:publisher\" content=\"https:\/\/facebook.com\/sunoresearch\" \/>\n<meta property=\"article:author\" content=\"https:\/\/www.facebook.com\/sunonoticias\/\" \/>\n<meta property=\"og:image\" content=\"https:\/\/files.sunoresearch.com.br\/n\/uploads\/2021\/05\/b4d4df76-plane-841441_1280.jpg\" \/>\n\t<meta property=\"og:image:width\" content=\"1280\" \/>\n\t<meta property=\"og:image:height\" content=\"850\" \/>\n\t<meta property=\"og:image:type\" content=\"image\/jpeg\" \/>\n<meta name=\"author\" content=\"Reda\u00e7\u00e3o Suno Not\u00edcias\" \/>\n<meta name=\"twitter:card\" content=\"summary_large_image\" \/>\n<meta name=\"twitter:creator\" content=\"@https:\/\/twitter.com\/sunoresearch\" \/>\n<meta name=\"twitter:site\" content=\"@sunoresearch\" \/>\n<meta name=\"twitter:label1\" content=\"Escrito por\" \/>\n\t<meta name=\"twitter:data1\" content=\"Reda\u00e7\u00e3o Suno Not\u00edcias\" \/>\n\t<meta name=\"twitter:label2\" content=\"Est. tempo de leitura\" \/>\n\t<meta name=\"twitter:data2\" content=\"3 minutos\" \/>\n<script type=\"application\/ld+json\" class=\"yoast-schema-graph\">{\"@context\":\"https:\/\/schema.org\",\"@graph\":[{\"@type\":\"NewsArticle\",\"@id\":\"https:\/\/www.suno.com.br\/noticias\/anac-voos-grupo-itapemirim\/#article\",\"isPartOf\":{\"@id\":\"https:\/\/www.suno.com.br\/noticias\/anac-voos-grupo-itapemirim\/\"},\"author\":{\"name\":\"Reda\u00e7\u00e3o Suno Not\u00edcias\",\"@id\":\"https:\/\/www.suno.com.br\/noticias\/#\/schema\/person\/c1b1bd3727fa852bd045e9dbff3673ea\"},\"headline\":\"Grupo Itapemirim recebe autoriza\u00e7\u00e3o da Anac para operar voos comerciais\",\"datePublished\":\"2021-05-02T22:57:19+00:00\",\"dateModified\":\"2021-05-02T22:57:43+00:00\",\"mainEntityOfPage\":{\"@id\":\"https:\/\/www.suno.com.br\/noticias\/anac-voos-grupo-itapemirim\/\"},\"wordCount\":571,\"publisher\":{\"@id\":\"https:\/\/www.suno.com.br\/noticias\/#organization\"},\"image\":{\"@id\":\"https:\/\/www.suno.com.br\/noticias\/anac-voos-grupo-itapemirim\/#primaryimage\"},\"thumbnailUrl\":\"https:\/\/files.sunoresearch.com.br\/n\/uploads\/2021\/05\/b4d4df76-plane-841441_1280-jpg.webp\",\"keywords\":[\"Anac\",\"Itapemirim\"],\"articleSection\":[\"Neg\u00f3cios\"],\"inLanguage\":\"pt-BR\"},{\"@type\":\"WebPage\",\"@id\":\"https:\/\/www.suno.com.br\/noticias\/anac-voos-grupo-itapemirim\/\",\"url\":\"https:\/\/www.suno.com.br\/noticias\/anac-voos-grupo-itapemirim\/\",\"name\":\"Grupo Itapemirim recebe autoriza\u00e7\u00e3o da Anac para operar voos comerciais\",\"isPartOf\":{\"@id\":\"https:\/\/www.suno.com.br\/noticias\/#website\"},\"primaryImageOfPage\":{\"@id\":\"https:\/\/www.suno.com.br\/noticias\/anac-voos-grupo-itapemirim\/#primaryimage\"},\"image\":{\"@id\":\"https:\/\/www.suno.com.br\/noticias\/anac-voos-grupo-itapemirim\/#primaryimage\"},\"thumbnailUrl\":\"https:\/\/files.sunoresearch.com.br\/n\/uploads\/2021\/05\/b4d4df76-plane-841441_1280-jpg.webp\",\"datePublished\":\"2021-05-02T22:57:19+00:00\",\"dateModified\":\"2021-05-02T22:57:43+00:00\",\"description\":\"Nova empresa a\u00e9rea da Itapemirim far\u00e1 voos em Ribeir\u00e3o Preto, Recife, Guarulhos, Porto Seguro e Salvador. Clique e saiba mais!\",\"breadcrumb\":{\"@id\":\"https:\/\/www.suno.com.br\/noticias\/anac-voos-grupo-itapemirim\/#breadcrumb\"},\"inLanguage\":\"pt-BR\",\"potentialAction\":[{\"@type\":\"ReadAction\",\"target\":[\"https:\/\/www.suno.com.br\/noticias\/anac-voos-grupo-itapemirim\/\"]}]},{\"@type\":\"ImageObject\",\"inLanguage\":\"pt-BR\",\"@id\":\"https:\/\/www.suno.com.br\/noticias\/anac-voos-grupo-itapemirim\/#primaryimage\",\"url\":\"https:\/\/files.sunoresearch.com.br\/n\/uploads\/2021\/05\/b4d4df76-plane-841441_1280-jpg.webp\",\"contentUrl\":\"https:\/\/files.sunoresearch.com.br\/n\/uploads\/2021\/05\/b4d4df76-plane-841441_1280-jpg.webp\",\"width\":1280,\"height\":850,\"caption\":\"C\u00e2mara j\u00e1 havia aprovado prorroga\u00e7\u00e3o da legisla\u00e7\u00e3o sobre reembolso e remarca\u00e7\u00e3o no fim de maio - Foto: Pixabay\"},{\"@type\":\"BreadcrumbList\",\"@id\":\"https:\/\/www.suno.com.br\/noticias\/anac-voos-grupo-itapemirim\/#breadcrumb\",\"itemListElement\":[{\"@type\":\"ListItem\",\"position\":1,\"name\":\"Not\u00edcias\",\"item\":\"https:\/\/www.suno.com.br\/noticias\/\"},{\"@type\":\"ListItem\",\"position\":2,\"name\":\"Neg\u00f3cios\",\"item\":\"https:\/\/www.suno.com.br\/noticias\/negocios\/\"},{\"@type\":\"ListItem\",\"position\":3,\"name\":\"Grupo Itapemirim recebe autoriza\u00e7\u00e3o da Anac para operar voos comerciais\"}]},{\"@type\":\"WebSite\",\"@id\":\"https:\/\/www.suno.com.br\/noticias\/#website\",\"url\":\"https:\/\/www.suno.com.br\/noticias\/\",\"name\":\"Suno Not\u00edcias\",\"description\":\"Seu portal de informa\u00e7\u00e3o sobre o mundo dos investimentos\",\"publisher\":{\"@id\":\"https:\/\/www.suno.com.br\/noticias\/#organization\"},\"potentialAction\":[{\"@type\":\"SearchAction\",\"target\":{\"@type\":\"EntryPoint\",\"urlTemplate\":\"https:\/\/www.suno.com.br\/noticias\/?s={search_term_string}\"},\"query-input\":{\"@type\":\"PropertyValueSpecification\",\"valueRequired\":true,\"valueName\":\"search_term_string\"}}],\"inLanguage\":\"pt-BR\"},{\"@type\":\"Organization\",\"@id\":\"https:\/\/www.suno.com.br\/noticias\/#organization\",\"name\":\"Suno Not\u00edcias\",\"url\":\"https:\/\/www.suno.com.br\/noticias\/\",\"logo\":{\"@type\":\"ImageObject\",\"inLanguage\":\"pt-BR\",\"@id\":\"https:\/\/www.suno.com.br\/noticias\/#\/schema\/logo\/image\/\",\"url\":\"https:\/\/files.sunoresearch.com.br\/n\/uploads\/2021\/09\/suno-logo.png\",\"contentUrl\":\"https:\/\/files.sunoresearch.com.br\/n\/uploads\/2021\/09\/suno-logo.png\",\"width\":180,\"height\":180,\"caption\":\"Suno Not\u00edcias\"},\"image\":{\"@id\":\"https:\/\/www.suno.com.br\/noticias\/#\/schema\/logo\/image\/\"},\"sameAs\":[\"https:\/\/facebook.com\/sunoresearch\",\"https:\/\/x.com\/sunoresearch\",\"https:\/\/www.instagram.com\/suno\",\"https:\/\/www.linkedin.com\/company\/suno-research\/\",\"https:\/\/www.youtube.com\/c\/sunoresearch\"]},{\"@type\":\"Person\",\"@id\":\"https:\/\/www.suno.com.br\/noticias\/#\/schema\/person\/c1b1bd3727fa852bd045e9dbff3673ea\",\"name\":\"Reda\u00e7\u00e3o Suno Not\u00edcias\",\"image\":{\"@type\":\"ImageObject\",\"inLanguage\":\"pt-BR\",\"@id\":\"https:\/\/www.suno.com.br\/noticias\/#\/schema\/person\/image\/\",\"url\":\"https:\/\/secure.gravatar.com\/avatar\/b8104b9b5a71985d5238ee59fbe418af?s=96&r=g\",\"contentUrl\":\"https:\/\/secure.gravatar.com\/avatar\/b8104b9b5a71985d5238ee59fbe418af?s=96&r=g\",\"caption\":\"Reda\u00e7\u00e3o Suno Not\u00edcias\"},\"description\":\"O Suno Not\u00edcias \u00e9 um portal de informa\u00e7\u00f5es sobre Mercado Financeiro, Pol\u00edtica, Neg\u00f3cios, Economia e Finan\u00e7as Pessoais.\",\"sameAs\":[\"https:\/\/www.suno.com.br\/noticias\",\"https:\/\/www.facebook.com\/sunonoticias\/\",\"https:\/\/www.instagram.com\/sunonoticias\/\",\"https:\/\/x.com\/https:\/\/twitter.com\/sunoresearch\",\"https:\/\/www.youtube.com\/sunonoticias\"],\"url\":\"https:\/\/www.suno.com.br\/noticias\/author\/redacao-suno\/\"}]}<\/script>\n<!-- \/ Yoast SEO plugin. -->","yoast_head_json":{"title":"Grupo Itapemirim recebe autoriza\u00e7\u00e3o da Anac para operar voos comerciais","description":"Nova empresa a\u00e9rea da Itapemirim far\u00e1 voos em Ribeir\u00e3o Preto, Recife, Guarulhos, Porto Seguro e Salvador. Clique e saiba mais!","robots":{"index":"index","follow":"follow","max-snippet":"max-snippet:-1","max-image-preview":"max-image-preview:large","max-video-preview":"max-video-preview:-1"},"canonical":"https:\/\/www.suno.com.br\/noticias\/anac-voos-grupo-itapemirim\/","og_locale":"pt_BR","og_type":"article","og_title":"Grupo Itapemirim recebe autoriza\u00e7\u00e3o da Anac para operar voos comerciais","og_description":"Nova empresa a\u00e9rea da Itapemirim far\u00e1 voos em Ribeir\u00e3o Preto, Recife, Guarulhos, Porto Seguro e Salvador. Clique e saiba mais!","og_url":"https:\/\/www.suno.com.br\/noticias\/anac-voos-grupo-itapemirim\/","og_site_name":"Suno Not\u00edcias","article_publisher":"https:\/\/facebook.com\/sunoresearch","article_author":"https:\/\/www.facebook.com\/sunonoticias\/","og_image":[{"width":1280,"height":850,"url":"https:\/\/files.sunoresearch.com.br\/n\/uploads\/2021\/05\/b4d4df76-plane-841441_1280.jpg","type":"image\/jpeg"}],"author":"Reda\u00e7\u00e3o Suno Not\u00edcias","twitter_card":"summary_large_image","twitter_creator":"@https:\/\/twitter.com\/sunoresearch","twitter_site":"@sunoresearch","twitter_misc":{"Escrito por":"Reda\u00e7\u00e3o Suno Not\u00edcias","Est. tempo de leitura":"3 minutos"},"schema":{"@context":"https:\/\/schema.org","@graph":[{"@type":"NewsArticle","@id":"https:\/\/www.suno.com.br\/noticias\/anac-voos-grupo-itapemirim\/#article","isPartOf":{"@id":"https:\/\/www.suno.com.br\/noticias\/anac-voos-grupo-itapemirim\/"},"author":{"name":"Reda\u00e7\u00e3o Suno Not\u00edcias","@id":"https:\/\/www.suno.com.br\/noticias\/#\/schema\/person\/c1b1bd3727fa852bd045e9dbff3673ea"},"headline":"Grupo Itapemirim recebe autoriza\u00e7\u00e3o da Anac para operar voos comerciais","datePublished":"2021-05-02T22:57:19+00:00","dateModified":"2021-05-02T22:57:43+00:00","mainEntityOfPage":{"@id":"https:\/\/www.suno.com.br\/noticias\/anac-voos-grupo-itapemirim\/"},"wordCount":571,"publisher":{"@id":"https:\/\/www.suno.com.br\/noticias\/#organization"},"image":{"@id":"https:\/\/www.suno.com.br\/noticias\/anac-voos-grupo-itapemirim\/#primaryimage"},"thumbnailUrl":"https:\/\/files.sunoresearch.com.br\/n\/uploads\/2021\/05\/b4d4df76-plane-841441_1280-jpg.webp","keywords":["Anac","Itapemirim"],"articleSection":["Neg\u00f3cios"],"inLanguage":"pt-BR"},{"@type":"WebPage","@id":"https:\/\/www.suno.com.br\/noticias\/anac-voos-grupo-itapemirim\/","url":"https:\/\/www.suno.com.br\/noticias\/anac-voos-grupo-itapemirim\/","name":"Grupo Itapemirim recebe autoriza\u00e7\u00e3o da Anac para operar voos comerciais","isPartOf":{"@id":"https:\/\/www.suno.com.br\/noticias\/#website"},"primaryImageOfPage":{"@id":"https:\/\/www.suno.com.br\/noticias\/anac-voos-grupo-itapemirim\/#primaryimage"},"image":{"@id":"https:\/\/www.suno.com.br\/noticias\/anac-voos-grupo-itapemirim\/#primaryimage"},"thumbnailUrl":"https:\/\/files.sunoresearch.com.br\/n\/uploads\/2021\/05\/b4d4df76-plane-841441_1280-jpg.webp","datePublished":"2021-05-02T22:57:19+00:00","dateModified":"2021-05-02T22:57:43+00:00","description":"Nova empresa a\u00e9rea da Itapemirim far\u00e1 voos em Ribeir\u00e3o Preto, Recife, Guarulhos, Porto Seguro e Salvador. Clique e saiba mais!","breadcrumb":{"@id":"https:\/\/www.suno.com.br\/noticias\/anac-voos-grupo-itapemirim\/#breadcrumb"},"inLanguage":"pt-BR","potentialAction":[{"@type":"ReadAction","target":["https:\/\/www.suno.com.br\/noticias\/anac-voos-grupo-itapemirim\/"]}]},{"@type":"ImageObject","inLanguage":"pt-BR","@id":"https:\/\/www.suno.com.br\/noticias\/anac-voos-grupo-itapemirim\/#primaryimage","url":"https:\/\/files.sunoresearch.com.br\/n\/uploads\/2021\/05\/b4d4df76-plane-841441_1280-jpg.webp","contentUrl":"https:\/\/files.sunoresearch.com.br\/n\/uploads\/2021\/05\/b4d4df76-plane-841441_1280-jpg.webp","width":1280,"height":850,"caption":"C\u00e2mara j\u00e1 havia aprovado prorroga\u00e7\u00e3o da legisla\u00e7\u00e3o sobre reembolso e remarca\u00e7\u00e3o no fim de maio - Foto: Pixabay"},{"@type":"BreadcrumbList","@id":"https:\/\/www.suno.com.br\/noticias\/anac-voos-grupo-itapemirim\/#breadcrumb","itemListElement":[{"@type":"ListItem","position":1,"name":"Not\u00edcias","item":"https:\/\/www.suno.com.br\/noticias\/"},{"@type":"ListItem","position":2,"name":"Neg\u00f3cios","item":"https:\/\/www.suno.com.br\/noticias\/negocios\/"},{"@type":"ListItem","position":3,"name":"Grupo Itapemirim recebe autoriza\u00e7\u00e3o da Anac para operar voos comerciais"}]},{"@type":"WebSite","@id":"https:\/\/www.suno.com.br\/noticias\/#website","url":"https:\/\/www.suno.com.br\/noticias\/","name":"Suno Not\u00edcias","description":"Seu portal de informa\u00e7\u00e3o sobre o mundo dos investimentos","publisher":{"@id":"https:\/\/www.suno.com.br\/noticias\/#organization"},"potentialAction":[{"@type":"SearchAction","target":{"@type":"EntryPoint","urlTemplate":"https:\/\/www.suno.com.br\/noticias\/?s={search_term_string}"},"query-input":{"@type":"PropertyValueSpecification","valueRequired":true,"valueName":"search_term_string"}}],"inLanguage":"pt-BR"},{"@type":"Organization","@id":"https:\/\/www.suno.com.br\/noticias\/#organization","name":"Suno Not\u00edcias","url":"https:\/\/www.suno.com.br\/noticias\/","logo":{"@type":"ImageObject","inLanguage":"pt-BR","@id":"https:\/\/www.suno.com.br\/noticias\/#\/schema\/logo\/image\/","url":"https:\/\/files.sunoresearch.com.br\/n\/uploads\/2021\/09\/suno-logo.png","contentUrl":"https:\/\/files.sunoresearch.com.br\/n\/uploads\/2021\/09\/suno-logo.png","width":180,"height":180,"caption":"Suno Not\u00edcias"},"image":{"@id":"https:\/\/www.suno.com.br\/noticias\/#\/schema\/logo\/image\/"},"sameAs":["https:\/\/facebook.com\/sunoresearch","https:\/\/x.com\/sunoresearch","https:\/\/www.instagram.com\/suno","https:\/\/www.linkedin.com\/company\/suno-research\/","https:\/\/www.youtube.com\/c\/sunoresearch"]},{"@type":"Person","@id":"https:\/\/www.suno.com.br\/noticias\/#\/schema\/person\/c1b1bd3727fa852bd045e9dbff3673ea","name":"Reda\u00e7\u00e3o Suno Not\u00edcias","image":{"@type":"ImageObject","inLanguage":"pt-BR","@id":"https:\/\/www.suno.com.br\/noticias\/#\/schema\/person\/image\/","url":"https:\/\/secure.gravatar.com\/avatar\/b8104b9b5a71985d5238ee59fbe418af?s=96&r=g","contentUrl":"https:\/\/secure.gravatar.com\/avatar\/b8104b9b5a71985d5238ee59fbe418af?s=96&r=g","caption":"Reda\u00e7\u00e3o Suno Not\u00edcias"},"description":"O Suno Not\u00edcias \u00e9 um portal de informa\u00e7\u00f5es sobre Mercado Financeiro, Pol\u00edtica, Neg\u00f3cios, Economia e Finan\u00e7as Pessoais.","sameAs":["https:\/\/www.suno.com.br\/noticias","https:\/\/www.facebook.com\/sunonoticias\/","https:\/\/www.instagram.com\/sunonoticias\/","https:\/\/x.com\/https:\/\/twitter.com\/sunoresearch","https:\/\/www.youtube.com\/sunonoticias"],"url":"https:\/\/www.suno.com.br\/noticias\/author\/redacao-suno\/"}]}},"default_loop_html":"<div class=\"cardsPage__listCard__boxs\"><div class=\"cardsPage__listCard__boxs__img\"><a href=\"https:\/\/www.suno.com.br\/noticias\/anac-voos-grupo-itapemirim\/\"><img class=\"mask\" src=\"https:\/\/www.suno.com.br\/noticias\/wp-content\/themes\/suno\/resources\/images\/spotlight\/spotlight1img\/bg-mask.png\" alt=\"Image Mask\"\/><img src=\"https:\/\/files.sunoresearch.com.br\/n\/uploads\/2021\/05\/b4d4df76-plane-841441_1280-400x200.webp\" alt=\"Grupo Itapemirim recebe autoriza\u00e7\u00e3o da Anac para operar voos comerciais\"\/><\/a><span class=\"spotlightCategory\"><a href=\"https:\/\/www.suno.com.br\/noticias\/negocios\/\">Neg\u00f3cios<\/a><\/span><\/div><div class=\"cardsPage__listCard__boxs__content\"><a href=\"https:\/\/www.suno.com.br\/noticias\/anac-voos-grupo-itapemirim\/\"><h2 class=\"content__title\">Grupo Itapemirim recebe autoriza\u00e7\u00e3o da Anac para operar voos comerciais<\/h2><\/a><div class=\"newsContent__article__meta\"><div class=\"newsContent__article__meta__authorBox\"><a href=\"https:\/\/www.suno.com.br\/noticias\/author\/redacao-suno\/\" class=\"authorBox__avatar noMobi\"><img src=\"https:\/\/files.sunoresearch.com.br\/n\/uploads\/2020\/08\/0ace682d-redacao-1-150x150.webp\" alt=\"Reda\u00e7\u00e3o Suno Not\u00edcias\"><\/a><div class=\"authorBox__name\"><span>por\n\t\t\t<a href=\"https:\/\/www.suno.com.br\/noticias\/author\/redacao-suno\/\"><span itemprop=\"author\">Reda\u00e7\u00e3o Suno Not\u00edcias<\/span><\/a><\/span><time datetime=\"2021-05-02T19:57:19-03:00\" itemprop=\"datePublished\">02\/05\/2021 19:57<\/time><\/div><\/div><\/div><\/div><\/div>","single_layout":"posts","amp_enabled":true,"_links":{"self":[{"href":"https:\/\/www.suno.com.br\/noticias\/wp-json\/wp\/v2\/posts\/144170"}],"collection":[{"href":"https:\/\/www.suno.com.br\/noticias\/wp-json\/wp\/v2\/posts"}],"about":[{"href":"https:\/\/www.suno.com.br\/noticias\/wp-json\/wp\/v2\/types\/post"}],"author":[{"embeddable":true,"href":"https:\/\/www.suno.com.br\/noticias\/wp-json\/wp\/v2\/users\/43"}],"replies":[{"embeddable":true,"href":"https:\/\/www.suno.com.br\/noticias\/wp-json\/wp\/v2\/comments?post=144170"}],"version-history":[{"count":3,"href":"https:\/\/www.suno.com.br\/noticias\/wp-json\/wp\/v2\/posts\/144170\/revisions"}],"predecessor-version":[{"id":144174,"href":"https:\/\/www.suno.com.br\/noticias\/wp-json\/wp\/v2\/posts\/144170\/revisions\/144174"}],"wp:featuredmedia":[{"embeddable":true,"href":"https:\/\/www.suno.com.br\/noticias\/wp-json\/wp\/v2\/media\/144172"}],"wp:attachment":[{"href":"https:\/\/www.suno.com.br\/noticias\/wp-json\/wp\/v2\/media?parent=144170"}],"wp:term":[{"taxonomy":"category","embeddable":true,"href":"https:\/\/www.suno.com.br\/noticias\/wp-json\/wp\/v2\/categories?post=144170"},{"taxonomy":"post_tag","embeddable":true,"href":"https:\/\/www.suno.com.br\/noticias\/wp-json\/wp\/v2\/tags?post=144170"},{"taxonomy":"suno_strategy","embeddable":true,"href":"https:\/\/www.suno.com.br\/noticias\/wp-json\/wp\/v2\/suno_strategy?post=144170"}],"curies":[{"name":"wp","href":"https:\/\/api.w.org\/{rel}","templated":true}]}}