{"id":14417,"date":"2019-02-06T16:42:09","date_gmt":"2019-02-06T18:42:09","guid":{"rendered":"https:\/\/www.suno.com.br\/noticias\/?p=14417"},"modified":"2021-02-17T20:08:36","modified_gmt":"2021-02-17T23:08:36","slug":"lula-condenado-sitio-atibaia","status":"publish","type":"post","link":"https:\/\/www.suno.com.br\/noticias\/lula-condenado-sitio-atibaia\/","title":{"rendered":"Lula \u00e9 condenado a mais 12 anos e 11 meses por caso do s\u00edtio de Atibaia"},"content":{"rendered":"<p>O ex-presidente Luiz In\u00e1cio Lula da Silva foi condenado nesta quarta (6) a 12 anos e 11 meses de pris\u00e3o por corrup\u00e7\u00e3o e lavagem de dinheiro. Trata-se de sua segunda condena\u00e7\u00e3o na Lava Jato.<\/p>\t<div class=\"wrapper-featured-image\">\n\t\t<figure class=\"spotlightImg\">\n\n\t\t\t<picture>\n\t\t\t\t<source media=\"(max-width: 768px)\" srcset=\"https:\/\/files.sunoresearch.com.br\/n\/uploads\/2018\/12\/5eee203e-lula-3-400x200.webp\">\n\t\t\t\t<img loading=\"lazy\" decoding=\"async\" class=\"newsContent__article__imgCapa lazyloadDisabled newsContent__article__imgCapa--noCaption\" src=\"https:\/\/files.sunoresearch.com.br\/n\/uploads\/2018\/12\/5eee203e-lula-3-jpg.webp\" width=\"800\" height=\"450\" alt=\"Lula \u00e9 condenado a mais 12 anos e 11 meses por caso do s\u00edtio de Atibaia\" fetchpriority=high \/>\n\t\t\t<\/picture>\n\n\t\t\t<figcaption class=\"wp-caption-text wp-caption-text--hide\">Lula<\/figcaption>\n\t\t<\/figure>\n\t<\/div>\n\n\n<p>A condena\u00e7\u00e3o de <strong>Lula<\/strong> se deu no processo que investiga se ele recebeu propina por meio de obras de reforma de um <strong>s\u00edtio em Atibaia<\/strong>, interior de S\u00e3o Paulo. A senten\u00e7a foi proferida pela ju\u00edza substituta de <strong>Sergio Moro<\/strong>, <strong>Gabriela Hardt<\/strong>.<\/p>\n<p>Cabe recurso \u00e0 decis\u00e3o.<\/p>\n<p><a href=\"https:\/\/www.suno.com.br\/noticias\/toffoli-autoriza-participacao-lula-sepultamento\/\">Saiba mais: Toffoli autoriza ida de Lula a sepultamento; ex-presidente decide n\u00e3o ir<\/a><\/p>\n<p><a href=\"https:\/\/www.suno.com.br\/noticias\/delacao-palocci-propina-lula-dilma\/\">Saiba mais: Em dela\u00e7\u00e3o, Palocci relata propina em dinheiro a Lula e racha com Dilma<\/a><\/p>\n<h2>O caso do s\u00edtio de Atibaia<\/h2>\n<p>Segundo o <a href=\"http:\/\/www.mpf.mp.br\/\">Minist\u00e9rio P\u00fablico Federal (MPF)<\/a>, <strong>Lula<\/strong> recebeu propina do Grupo <strong>Schain<\/strong>, de Jos\u00e9 Carlos Bumlai, da <strong>Odebrecht<\/strong> e da <strong>OAS<\/strong>. O dinheiro teria sido repassado ao ex-presidente por meio de uma reforma de um s\u00edtio em Atibaia, onde Lula frequentava com a fam\u00edlia.<\/p>\n<p>H\u00e1 outras 12 pessoas denunciadas nesse processo. De acordo com a acusa\u00e7\u00e3o, pelo menos R$ 128 milh\u00f5es foram pagos como propina pela <strong>Odebrecht<\/strong>. A <strong>OAS<\/strong> foi respons\u00e1vel pelo repasse de outros R$ 27 milh\u00f5es.<\/p>\n<p>Investigadores dizem que parte dessa soma serviu para a reforma do s\u00edtio, cujo valor teria sido de R$ 1,02 milh\u00e3o. Esse total teria sido repartido pelas construtoras:<\/p>\n<ul>\n<li>Odebrecht e OAS: R$ 850 mil<\/li>\n<li>Schain: R$ 150 mil<\/li>\n<\/ul>\n<p>O <strong>MPF<\/strong> afirma que <strong>Lula<\/strong> beneficiou as empresas com a manuten\u00e7\u00e3o de Renato Duque, Paulo Roberto Costa, Jorge Zelada, Nestor Cerver\u00f3 e Pedro Barusco como executivos na <strong>Petrobras<\/strong>. Eles comandaram esquemas de fraudes entre as empreiteiras e a estatal.<\/p>\n<h2>A condena\u00e7\u00e3o pelo caso triplex do Guaruj\u00e1<\/h2>\n<p>O ex-presidente <strong>Lula<\/strong> est\u00e1 preso desde abril de 2018 em Curitiba, condenado a 12 anos e 1 m\u00eas pelos crimes de corrup\u00e7\u00e3o passiva e lavagem de dinheiro. A condena\u00e7\u00e3o se deu no \u00e2mbito do processo referente ao apartamento <strong>triplex no Guaruj\u00e1<\/strong>.<\/p>\n","protected":false},"excerpt":{"rendered":"<p>O ex-presidente Luiz In\u00e1cio Lula da Silva foi condenado nesta quarta (6) a 12 anos e 11 meses de pris\u00e3o por corrup\u00e7\u00e3o e lavagem de dinheiro. Trata-se de sua segunda condena\u00e7\u00e3o na Lava Jato. Lula A condena\u00e7\u00e3o de Lula se deu no processo que investiga se ele recebeu propina por meio de obras de reforma [&hellip;]<\/p>\n","protected":false},"author":13,"featured_media":8986,"comment_status":"closed","ping_status":"closed","sticky":false,"template":"","format":"standard","meta":[],"categories":[61],"tags":[709,1914],"suno_strategy":[],"class_list":["post-14417","post","type-post","status-publish","format-standard","has-post-thumbnail","hentry","category-politica","tag-lula","tag-operacao-lava-jato"],"yoast_head":"<!-- This site is optimized with the Yoast SEO plugin v24.4 - https:\/\/yoast.com\/wordpress\/plugins\/seo\/ -->\n<title>Lula \u00e9 condenado a mais 12 anos e 11 meses por caso do s\u00edtio de Atibaia<\/title>\n<meta name=\"description\" content=\"O ex-presidente Lula foi condenado nesta quarta a 12 anos e 11 meses de pris\u00e3o por corrup\u00e7\u00e3o e lavagem de dinheiro. Clique e saiba+\" \/>\n<meta name=\"robots\" content=\"index, follow, max-snippet:-1, max-image-preview:large, max-video-preview:-1\" \/>\n<link rel=\"canonical\" href=\"https:\/\/www.suno.com.br\/noticias\/lula-condenado-sitio-atibaia\/\" \/>\n<meta property=\"og:locale\" content=\"pt_BR\" \/>\n<meta property=\"og:type\" content=\"article\" \/>\n<meta property=\"og:title\" content=\"Lula \u00e9 condenado a mais 12 anos e 11 meses por caso do s\u00edtio de Atibaia\" \/>\n<meta property=\"og:description\" content=\"O ex-presidente Lula foi condenado nesta quarta a 12 anos e 11 meses de pris\u00e3o por corrup\u00e7\u00e3o e lavagem de dinheiro. Clique e saiba+\" \/>\n<meta property=\"og:url\" content=\"https:\/\/www.suno.com.br\/noticias\/lula-condenado-sitio-atibaia\/\" \/>\n<meta property=\"og:site_name\" content=\"Suno Not\u00edcias\" \/>\n<meta property=\"article:publisher\" content=\"https:\/\/facebook.com\/sunoresearch\" \/>\n<meta property=\"og:image\" content=\"https:\/\/files.sunoresearch.com.br\/n\/uploads\/2018\/12\/5eee203e-lula-3.jpg\" \/>\n\t<meta property=\"og:image:width\" content=\"620\" \/>\n\t<meta property=\"og:image:height\" content=\"465\" \/>\n\t<meta property=\"og:image:type\" content=\"image\/jpeg\" \/>\n<meta name=\"author\" content=\"Guilherme Caetano\" \/>\n<meta name=\"twitter:card\" content=\"summary_large_image\" \/>\n<meta name=\"twitter:creator\" content=\"@sunoresearch\" \/>\n<meta name=\"twitter:site\" content=\"@sunoresearch\" \/>\n<meta name=\"twitter:label1\" content=\"Escrito por\" \/>\n\t<meta name=\"twitter:data1\" content=\"Guilherme Caetano\" \/>\n\t<meta name=\"twitter:label2\" content=\"Est. tempo de leitura\" \/>\n\t<meta name=\"twitter:data2\" content=\"2 minutos\" \/>\n<script type=\"application\/ld+json\" class=\"yoast-schema-graph\">{\"@context\":\"https:\/\/schema.org\",\"@graph\":[{\"@type\":\"NewsArticle\",\"@id\":\"https:\/\/www.suno.com.br\/noticias\/lula-condenado-sitio-atibaia\/#article\",\"isPartOf\":{\"@id\":\"https:\/\/www.suno.com.br\/noticias\/lula-condenado-sitio-atibaia\/\"},\"author\":{\"name\":\"Guilherme Caetano\",\"@id\":\"https:\/\/www.suno.com.br\/noticias\/#\/schema\/person\/0d0c9687cd2f600c564f25980c140de9\"},\"headline\":\"Lula \u00e9 condenado a mais 12 anos e 11 meses por caso do s\u00edtio de Atibaia\",\"datePublished\":\"2019-02-06T18:42:09+00:00\",\"dateModified\":\"2021-02-17T23:08:36+00:00\",\"mainEntityOfPage\":{\"@id\":\"https:\/\/www.suno.com.br\/noticias\/lula-condenado-sitio-atibaia\/\"},\"wordCount\":344,\"publisher\":{\"@id\":\"https:\/\/www.suno.com.br\/noticias\/#organization\"},\"image\":{\"@id\":\"https:\/\/www.suno.com.br\/noticias\/lula-condenado-sitio-atibaia\/#primaryimage\"},\"thumbnailUrl\":\"https:\/\/files.sunoresearch.com.br\/n\/uploads\/2018\/12\/5eee203e-lula-3-jpg.webp\",\"keywords\":[\"Lula\",\"Opera\u00e7\u00e3o Lava Jato\"],\"articleSection\":[\"Pol\u00edtica\"],\"inLanguage\":\"pt-BR\"},{\"@type\":\"WebPage\",\"@id\":\"https:\/\/www.suno.com.br\/noticias\/lula-condenado-sitio-atibaia\/\",\"url\":\"https:\/\/www.suno.com.br\/noticias\/lula-condenado-sitio-atibaia\/\",\"name\":\"Lula \u00e9 condenado a mais 12 anos e 11 meses por caso do s\u00edtio de Atibaia\",\"isPartOf\":{\"@id\":\"https:\/\/www.suno.com.br\/noticias\/#website\"},\"primaryImageOfPage\":{\"@id\":\"https:\/\/www.suno.com.br\/noticias\/lula-condenado-sitio-atibaia\/#primaryimage\"},\"image\":{\"@id\":\"https:\/\/www.suno.com.br\/noticias\/lula-condenado-sitio-atibaia\/#primaryimage\"},\"thumbnailUrl\":\"https:\/\/files.sunoresearch.com.br\/n\/uploads\/2018\/12\/5eee203e-lula-3-jpg.webp\",\"datePublished\":\"2019-02-06T18:42:09+00:00\",\"dateModified\":\"2021-02-17T23:08:36+00:00\",\"description\":\"O ex-presidente Lula foi condenado nesta quarta a 12 anos e 11 meses de pris\u00e3o por corrup\u00e7\u00e3o e lavagem de dinheiro. Clique e saiba+\",\"breadcrumb\":{\"@id\":\"https:\/\/www.suno.com.br\/noticias\/lula-condenado-sitio-atibaia\/#breadcrumb\"},\"inLanguage\":\"pt-BR\",\"potentialAction\":[{\"@type\":\"ReadAction\",\"target\":[\"https:\/\/www.suno.com.br\/noticias\/lula-condenado-sitio-atibaia\/\"]}]},{\"@type\":\"ImageObject\",\"inLanguage\":\"pt-BR\",\"@id\":\"https:\/\/www.suno.com.br\/noticias\/lula-condenado-sitio-atibaia\/#primaryimage\",\"url\":\"https:\/\/files.sunoresearch.com.br\/n\/uploads\/2018\/12\/5eee203e-lula-3-jpg.webp\",\"contentUrl\":\"https:\/\/files.sunoresearch.com.br\/n\/uploads\/2018\/12\/5eee203e-lula-3-jpg.webp\",\"width\":620,\"height\":465,\"caption\":\"Lula\"},{\"@type\":\"BreadcrumbList\",\"@id\":\"https:\/\/www.suno.com.br\/noticias\/lula-condenado-sitio-atibaia\/#breadcrumb\",\"itemListElement\":[{\"@type\":\"ListItem\",\"position\":1,\"name\":\"Not\u00edcias\",\"item\":\"https:\/\/www.suno.com.br\/noticias\/\"},{\"@type\":\"ListItem\",\"position\":2,\"name\":\"Pol\u00edtica\",\"item\":\"https:\/\/www.suno.com.br\/noticias\/politica\/\"},{\"@type\":\"ListItem\",\"position\":3,\"name\":\"Lula \u00e9 condenado a mais 12 anos e 11 meses por caso do s\u00edtio de Atibaia\"}]},{\"@type\":\"WebSite\",\"@id\":\"https:\/\/www.suno.com.br\/noticias\/#website\",\"url\":\"https:\/\/www.suno.com.br\/noticias\/\",\"name\":\"Suno Not\u00edcias\",\"description\":\"Seu portal de informa\u00e7\u00e3o sobre o mundo dos investimentos\",\"publisher\":{\"@id\":\"https:\/\/www.suno.com.br\/noticias\/#organization\"},\"potentialAction\":[{\"@type\":\"SearchAction\",\"target\":{\"@type\":\"EntryPoint\",\"urlTemplate\":\"https:\/\/www.suno.com.br\/noticias\/?s={search_term_string}\"},\"query-input\":{\"@type\":\"PropertyValueSpecification\",\"valueRequired\":true,\"valueName\":\"search_term_string\"}}],\"inLanguage\":\"pt-BR\"},{\"@type\":\"Organization\",\"@id\":\"https:\/\/www.suno.com.br\/noticias\/#organization\",\"name\":\"Suno Not\u00edcias\",\"url\":\"https:\/\/www.suno.com.br\/noticias\/\",\"logo\":{\"@type\":\"ImageObject\",\"inLanguage\":\"pt-BR\",\"@id\":\"https:\/\/www.suno.com.br\/noticias\/#\/schema\/logo\/image\/\",\"url\":\"https:\/\/files.sunoresearch.com.br\/n\/uploads\/2021\/09\/suno-logo.png\",\"contentUrl\":\"https:\/\/files.sunoresearch.com.br\/n\/uploads\/2021\/09\/suno-logo.png\",\"width\":180,\"height\":180,\"caption\":\"Suno Not\u00edcias\"},\"image\":{\"@id\":\"https:\/\/www.suno.com.br\/noticias\/#\/schema\/logo\/image\/\"},\"sameAs\":[\"https:\/\/facebook.com\/sunoresearch\",\"https:\/\/x.com\/sunoresearch\",\"https:\/\/www.instagram.com\/suno\",\"https:\/\/www.linkedin.com\/company\/suno-research\/\",\"https:\/\/www.youtube.com\/c\/sunoresearch\"]},{\"@type\":\"Person\",\"@id\":\"https:\/\/www.suno.com.br\/noticias\/#\/schema\/person\/0d0c9687cd2f600c564f25980c140de9\",\"name\":\"Guilherme Caetano\",\"image\":{\"@type\":\"ImageObject\",\"inLanguage\":\"pt-BR\",\"@id\":\"https:\/\/www.suno.com.br\/noticias\/#\/schema\/person\/image\/\",\"url\":\"https:\/\/secure.gravatar.com\/avatar\/e48357351a01702a0d19307070e081bf?s=96&r=g\",\"contentUrl\":\"https:\/\/secure.gravatar.com\/avatar\/e48357351a01702a0d19307070e081bf?s=96&r=g\",\"caption\":\"Guilherme Caetano\"},\"description\":\"Formado em jornalismo pela Escola de Comunica\u00e7\u00f5es e Artes da USP, Guilherme Caetano escreve para o portal de not\u00edcias da Suno Research. Passou pelas reda\u00e7\u00f5es da Folha de S.Paulo e da revista \u00c9poca.\",\"url\":\"https:\/\/www.suno.com.br\/noticias\/author\/guilherme-caetano\/\"}]}<\/script>\n<!-- \/ Yoast SEO plugin. -->","yoast_head_json":{"title":"Lula \u00e9 condenado a mais 12 anos e 11 meses por caso do s\u00edtio de Atibaia","description":"O ex-presidente Lula foi condenado nesta quarta a 12 anos e 11 meses de pris\u00e3o por corrup\u00e7\u00e3o e lavagem de dinheiro. Clique e saiba+","robots":{"index":"index","follow":"follow","max-snippet":"max-snippet:-1","max-image-preview":"max-image-preview:large","max-video-preview":"max-video-preview:-1"},"canonical":"https:\/\/www.suno.com.br\/noticias\/lula-condenado-sitio-atibaia\/","og_locale":"pt_BR","og_type":"article","og_title":"Lula \u00e9 condenado a mais 12 anos e 11 meses por caso do s\u00edtio de Atibaia","og_description":"O ex-presidente Lula foi condenado nesta quarta a 12 anos e 11 meses de pris\u00e3o por corrup\u00e7\u00e3o e lavagem de dinheiro. Clique e saiba+","og_url":"https:\/\/www.suno.com.br\/noticias\/lula-condenado-sitio-atibaia\/","og_site_name":"Suno Not\u00edcias","article_publisher":"https:\/\/facebook.com\/sunoresearch","og_image":[{"width":620,"height":465,"url":"https:\/\/files.sunoresearch.com.br\/n\/uploads\/2018\/12\/5eee203e-lula-3.jpg","type":"image\/jpeg"}],"author":"Guilherme Caetano","twitter_card":"summary_large_image","twitter_creator":"@sunoresearch","twitter_site":"@sunoresearch","twitter_misc":{"Escrito por":"Guilherme Caetano","Est. tempo de leitura":"2 minutos"},"schema":{"@context":"https:\/\/schema.org","@graph":[{"@type":"NewsArticle","@id":"https:\/\/www.suno.com.br\/noticias\/lula-condenado-sitio-atibaia\/#article","isPartOf":{"@id":"https:\/\/www.suno.com.br\/noticias\/lula-condenado-sitio-atibaia\/"},"author":{"name":"Guilherme Caetano","@id":"https:\/\/www.suno.com.br\/noticias\/#\/schema\/person\/0d0c9687cd2f600c564f25980c140de9"},"headline":"Lula \u00e9 condenado a mais 12 anos e 11 meses por caso do s\u00edtio de Atibaia","datePublished":"2019-02-06T18:42:09+00:00","dateModified":"2021-02-17T23:08:36+00:00","mainEntityOfPage":{"@id":"https:\/\/www.suno.com.br\/noticias\/lula-condenado-sitio-atibaia\/"},"wordCount":344,"publisher":{"@id":"https:\/\/www.suno.com.br\/noticias\/#organization"},"image":{"@id":"https:\/\/www.suno.com.br\/noticias\/lula-condenado-sitio-atibaia\/#primaryimage"},"thumbnailUrl":"https:\/\/files.sunoresearch.com.br\/n\/uploads\/2018\/12\/5eee203e-lula-3-jpg.webp","keywords":["Lula","Opera\u00e7\u00e3o Lava Jato"],"articleSection":["Pol\u00edtica"],"inLanguage":"pt-BR"},{"@type":"WebPage","@id":"https:\/\/www.suno.com.br\/noticias\/lula-condenado-sitio-atibaia\/","url":"https:\/\/www.suno.com.br\/noticias\/lula-condenado-sitio-atibaia\/","name":"Lula \u00e9 condenado a mais 12 anos e 11 meses por caso do s\u00edtio de Atibaia","isPartOf":{"@id":"https:\/\/www.suno.com.br\/noticias\/#website"},"primaryImageOfPage":{"@id":"https:\/\/www.suno.com.br\/noticias\/lula-condenado-sitio-atibaia\/#primaryimage"},"image":{"@id":"https:\/\/www.suno.com.br\/noticias\/lula-condenado-sitio-atibaia\/#primaryimage"},"thumbnailUrl":"https:\/\/files.sunoresearch.com.br\/n\/uploads\/2018\/12\/5eee203e-lula-3-jpg.webp","datePublished":"2019-02-06T18:42:09+00:00","dateModified":"2021-02-17T23:08:36+00:00","description":"O ex-presidente Lula foi condenado nesta quarta a 12 anos e 11 meses de pris\u00e3o por corrup\u00e7\u00e3o e lavagem de dinheiro. Clique e saiba+","breadcrumb":{"@id":"https:\/\/www.suno.com.br\/noticias\/lula-condenado-sitio-atibaia\/#breadcrumb"},"inLanguage":"pt-BR","potentialAction":[{"@type":"ReadAction","target":["https:\/\/www.suno.com.br\/noticias\/lula-condenado-sitio-atibaia\/"]}]},{"@type":"ImageObject","inLanguage":"pt-BR","@id":"https:\/\/www.suno.com.br\/noticias\/lula-condenado-sitio-atibaia\/#primaryimage","url":"https:\/\/files.sunoresearch.com.br\/n\/uploads\/2018\/12\/5eee203e-lula-3-jpg.webp","contentUrl":"https:\/\/files.sunoresearch.com.br\/n\/uploads\/2018\/12\/5eee203e-lula-3-jpg.webp","width":620,"height":465,"caption":"Lula"},{"@type":"BreadcrumbList","@id":"https:\/\/www.suno.com.br\/noticias\/lula-condenado-sitio-atibaia\/#breadcrumb","itemListElement":[{"@type":"ListItem","position":1,"name":"Not\u00edcias","item":"https:\/\/www.suno.com.br\/noticias\/"},{"@type":"ListItem","position":2,"name":"Pol\u00edtica","item":"https:\/\/www.suno.com.br\/noticias\/politica\/"},{"@type":"ListItem","position":3,"name":"Lula \u00e9 condenado a mais 12 anos e 11 meses por caso do s\u00edtio de Atibaia"}]},{"@type":"WebSite","@id":"https:\/\/www.suno.com.br\/noticias\/#website","url":"https:\/\/www.suno.com.br\/noticias\/","name":"Suno Not\u00edcias","description":"Seu portal de informa\u00e7\u00e3o sobre o mundo dos investimentos","publisher":{"@id":"https:\/\/www.suno.com.br\/noticias\/#organization"},"potentialAction":[{"@type":"SearchAction","target":{"@type":"EntryPoint","urlTemplate":"https:\/\/www.suno.com.br\/noticias\/?s={search_term_string}"},"query-input":{"@type":"PropertyValueSpecification","valueRequired":true,"valueName":"search_term_string"}}],"inLanguage":"pt-BR"},{"@type":"Organization","@id":"https:\/\/www.suno.com.br\/noticias\/#organization","name":"Suno Not\u00edcias","url":"https:\/\/www.suno.com.br\/noticias\/","logo":{"@type":"ImageObject","inLanguage":"pt-BR","@id":"https:\/\/www.suno.com.br\/noticias\/#\/schema\/logo\/image\/","url":"https:\/\/files.sunoresearch.com.br\/n\/uploads\/2021\/09\/suno-logo.png","contentUrl":"https:\/\/files.sunoresearch.com.br\/n\/uploads\/2021\/09\/suno-logo.png","width":180,"height":180,"caption":"Suno Not\u00edcias"},"image":{"@id":"https:\/\/www.suno.com.br\/noticias\/#\/schema\/logo\/image\/"},"sameAs":["https:\/\/facebook.com\/sunoresearch","https:\/\/x.com\/sunoresearch","https:\/\/www.instagram.com\/suno","https:\/\/www.linkedin.com\/company\/suno-research\/","https:\/\/www.youtube.com\/c\/sunoresearch"]},{"@type":"Person","@id":"https:\/\/www.suno.com.br\/noticias\/#\/schema\/person\/0d0c9687cd2f600c564f25980c140de9","name":"Guilherme Caetano","image":{"@type":"ImageObject","inLanguage":"pt-BR","@id":"https:\/\/www.suno.com.br\/noticias\/#\/schema\/person\/image\/","url":"https:\/\/secure.gravatar.com\/avatar\/e48357351a01702a0d19307070e081bf?s=96&r=g","contentUrl":"https:\/\/secure.gravatar.com\/avatar\/e48357351a01702a0d19307070e081bf?s=96&r=g","caption":"Guilherme Caetano"},"description":"Formado em jornalismo pela Escola de Comunica\u00e7\u00f5es e Artes da USP, Guilherme Caetano escreve para o portal de not\u00edcias da Suno Research. Passou pelas reda\u00e7\u00f5es da Folha de S.Paulo e da revista \u00c9poca.","url":"https:\/\/www.suno.com.br\/noticias\/author\/guilherme-caetano\/"}]}},"default_loop_html":"<div class=\"cardsPage__listCard__boxs\"><div class=\"cardsPage__listCard__boxs__img\"><a href=\"https:\/\/www.suno.com.br\/noticias\/lula-condenado-sitio-atibaia\/\"><img class=\"mask\" src=\"https:\/\/www.suno.com.br\/noticias\/wp-content\/themes\/suno\/resources\/images\/spotlight\/spotlight1img\/bg-mask.png\" alt=\"Image Mask\"\/><img src=\"https:\/\/files.sunoresearch.com.br\/n\/uploads\/2018\/12\/5eee203e-lula-3-400x200.webp\" alt=\"Lula \u00e9 condenado a mais 12 anos e 11 meses por caso do s\u00edtio de Atibaia\"\/><\/a><span class=\"spotlightCategory\"><a href=\"https:\/\/www.suno.com.br\/noticias\/politica\/\">Pol\u00edtica<\/a><\/span><\/div><div class=\"cardsPage__listCard__boxs__content\"><a href=\"https:\/\/www.suno.com.br\/noticias\/lula-condenado-sitio-atibaia\/\"><h2 class=\"content__title\">Lula \u00e9 condenado a mais 12 anos e 11 meses por caso do s\u00edtio de Atibaia<\/h2><\/a><div class=\"newsContent__article__meta\"><div class=\"newsContent__article__meta__authorBox\"><a href=\"https:\/\/www.suno.com.br\/noticias\/author\/guilherme-caetano\/\" class=\"authorBox__avatar noMobi\"><img src=\"https:\/\/secure.gravatar.com\/avatar\/e48357351a01702a0d19307070e081bf?s=96&#038;r=g\" alt=\"Guilherme Caetano\"><\/a><div class=\"authorBox__name\"><span>por\n\t\t\t<a href=\"https:\/\/www.suno.com.br\/noticias\/author\/guilherme-caetano\/\"><span itemprop=\"author\">Guilherme Caetano<\/span><\/a><\/span><time datetime=\"2019-02-06T16:42:09-02:00\" itemprop=\"datePublished\">06\/02\/2019 16:42<\/time><\/div><\/div><\/div><\/div><\/div>","single_layout":"posts","amp_enabled":true,"_links":{"self":[{"href":"https:\/\/www.suno.com.br\/noticias\/wp-json\/wp\/v2\/posts\/14417"}],"collection":[{"href":"https:\/\/www.suno.com.br\/noticias\/wp-json\/wp\/v2\/posts"}],"about":[{"href":"https:\/\/www.suno.com.br\/noticias\/wp-json\/wp\/v2\/types\/post"}],"author":[{"embeddable":true,"href":"https:\/\/www.suno.com.br\/noticias\/wp-json\/wp\/v2\/users\/13"}],"replies":[{"embeddable":true,"href":"https:\/\/www.suno.com.br\/noticias\/wp-json\/wp\/v2\/comments?post=14417"}],"version-history":[{"count":0,"href":"https:\/\/www.suno.com.br\/noticias\/wp-json\/wp\/v2\/posts\/14417\/revisions"}],"wp:featuredmedia":[{"embeddable":true,"href":"https:\/\/www.suno.com.br\/noticias\/wp-json\/wp\/v2\/media\/8986"}],"wp:attachment":[{"href":"https:\/\/www.suno.com.br\/noticias\/wp-json\/wp\/v2\/media?parent=14417"}],"wp:term":[{"taxonomy":"category","embeddable":true,"href":"https:\/\/www.suno.com.br\/noticias\/wp-json\/wp\/v2\/categories?post=14417"},{"taxonomy":"post_tag","embeddable":true,"href":"https:\/\/www.suno.com.br\/noticias\/wp-json\/wp\/v2\/tags?post=14417"},{"taxonomy":"suno_strategy","embeddable":true,"href":"https:\/\/www.suno.com.br\/noticias\/wp-json\/wp\/v2\/suno_strategy?post=14417"}],"curies":[{"name":"wp","href":"https:\/\/api.w.org\/{rel}","templated":true}]}}