{"id":144163,"date":"2021-05-02T18:12:57","date_gmt":"2021-05-02T21:12:57","guid":{"rendered":"https:\/\/www.suno.com.br\/noticias\/?p=144163"},"modified":"2021-05-02T18:12:57","modified_gmt":"2021-05-02T21:12:57","slug":"bruno-covas-prefeito-sao-paulo-cancer","status":"publish","type":"post","link":"https:\/\/www.suno.com.br\/noticias\/bruno-covas-prefeito-sao-paulo-cancer\/","title":{"rendered":"Bruno Covas decide se licenciar da Prefeitura de SP para tratar c\u00e2ncer"},"content":{"rendered":"<p>O prefeito de S\u00e3o Paulo, <strong>Bruno Covas<\/strong>, decidiu neste domingo (2) se licenciar do cargo pelo per\u00edodo de 30 dias para dar continuidade ao tratamento de um c\u00e2ncer no sistema digestivo.<\/p>\t<div class=\"wrapper-featured-image\">\n\t\t<figure class=\"spotlightImg\">\n\n\t\t\t<picture>\n\t\t\t\t<source media=\"(max-width: 768px)\" srcset=\"https:\/\/files.sunoresearch.com.br\/n\/uploads\/2021\/05\/3919d23a-bruno_covas_prefeito-400x200.webp\">\n\t\t\t\t<img loading=\"lazy\" decoding=\"async\" class=\"newsContent__article__imgCapa lazyloadDisabled \" src=\"https:\/\/files.sunoresearch.com.br\/n\/uploads\/2021\/05\/3919d23a-bruno_covas_prefeito-800x450.webp\" width=\"800\" height=\"450\" alt=\"Bruno Covas decide se licenciar da Prefeitura de SP para tratar c\u00e2ncer\" fetchpriority=high \/>\n\t\t\t<\/picture>\n\n\t\t\t<figcaption class=\"wp-caption-text wp-caption-text--show\">Bruno Covas. Foto: Gildson Di Souza - Ag\u00eancia Brasil <\/figcaption>\n\t\t<\/figure>\n\t<\/div>\n\n\n\t<p>\n\t\t<a href=\"https:\/\/lp.suno.com.br\/planilha-controle-gastos\/\" target=\"_blank\" data-element=\"shortcode-suno-banner\" title=\"Banner SUNO, clique e saiba mais\">\n\t\t\t<picture>\n\t\t\t\t<source media=\"(max-width: 500px)\" srcset=\"https:\/\/files.sunoresearch.com.br\/n\/uploads\/2023\/03\/400x300-Planilha-controle-de-gastos.png\">\n\t\t\t\t<img class=\"newsContent__article__imgCapa newsContent__article__imgCapa--banner\"\n\t\t\t\t\tsrc=\"https:\/\/files.sunoresearch.com.br\/n\/uploads\/2023\/03\/1420x240-Planilha-controle-de-gastos.png\"\n\t\t\t\t\tdata-promo-id=\"101751\"\t\t\t\t\t\t\t\t\t\twidth='1420' height='240'\t\t\t\t\talt=\"https:\/\/files.sunoresearch.com.br\/n\/uploads\/2023\/03\/1420x240-Planilha-controle-de-gastos.png\"\n\t\t\t\t>\n\t\t\t<\/picture>\n\t\t<\/a>\n\t<\/p>\n\n\n<p>A informa\u00e7\u00e3o foi confirmada ao<em> site G1<\/em> pelo m\u00e9dico David Uip que acompanha Bruno Covas no tratamento que \u00e9 feito no hospital<strong> S\u00edrio Liban\u00eas<\/strong>. Segundo Uip, o prefeito ser\u00e1 internado novamente neste domingo para dar continuidade ao tratamento.<\/p>\n<p><a href=\"https:\/\/lp.suno.com.br\/suno-one\/\">Suno One: acesse gratuitamente eBooks, Minicursos, Artigos e Video Aulas sobre investimentos com um \u00fanico cadastro. Clique para saber mais!<\/a><\/p>\n<p>Covas ficou internado nas \u00faltimas duas semanas, teve alta no \u00faltimo dia 27 e est\u00e1 recebendo medica\u00e7\u00e3o em casa. Ele foi tratado com quimioterapia e imunoterapia, mas a doen\u00e7a avan\u00e7ou no come\u00e7o do ano. Na \u00faltima interna\u00e7\u00e3o feita pelo prefeito, em 15 de abril, que foi descoberto o avan\u00e7o do c\u00e2ncer.<\/p>\n<p>Dessa forma, o vice-prefeito da cidade,<strong> Ricardo Nunes<\/strong>, deve assumir a prefeitura assim que a <strong>C\u00e2mara Municipal de S\u00e3o Paulo<\/strong> autorizar, o que deve acontecer amanh\u00e3, assim que Bruno Covas formalizar sua licen\u00e7a aos vereadores da capital.<\/p>\n<p>Os m\u00e9dicos dizem que o quadro de sa\u00fade do prefeito \u00e9 est\u00e1vel e que n\u00e3o h\u00e1 previs\u00e3o do per\u00edodo em que Covas ficar\u00e1 internado nessa nova hospitaliza\u00e7\u00e3o.<\/p>\n<p>A prefeitura de S\u00e3o Paulo afirmou que o prefeito precisar\u00e1 se dedicar integralmente ao tratamento de novos focos da doen\u00e7a, o que &#8220;n\u00e3o ser\u00e1 compat\u00edvel com as suas responsabilidades e compromisso com a cidade e os paulistanos&#8221;.<\/p>\n<h2>Bruno Covas publica comunicado em seu Instagram<\/h2>\n<p>O <strong>prefeito de S\u00e3o Paul<\/strong>o decidiu publicar em seu <em>Instagram<\/em> um comunicado informando sua atual situa\u00e7\u00e3o e sua decis\u00e3o de se licenciar do cargo.<\/p>\n<p>&#8220;Sempre disse que minhas responsabilidades com S\u00e3o Paulo conduziria minhas decis\u00f5es. Tenho seguido \u00e0 risca as orienta\u00e7\u00f5es da equipe m\u00e9dica e venho trabalhando em regime de teletrabalho, ao longo desses \u00faltimos dias, contando com a dedica\u00e7\u00e3o e empenho de nossa equipe. Mas agora, diante dos<strong> novos focos da doen\u00e7a<\/strong>, meu corpo est\u00e1 exigindo que eu dedique mais tempo ao tratamento, que entra em uma fase muito rigorosa&#8221;, escreveu o prefeito.<\/p>\n<p>&#8220;Tenho certeza de que vamos superar mais essa batalha. Assim como tenho convic\u00e7\u00e3o que nosso vice Ricardo Nunes e nossa equipe de secret\u00e1rias e secret\u00e1rios manter\u00e3o a cidade no rumo certo, cumprindo nosso programa de metas e plano de governo, priorizando o combate a pandemia e seus efeitos&#8221;, concluiu<strong> Bruno Covas<\/strong>.<\/p>\n\t<p>\n\t\t<a href=\"https:\/\/lp.suno.com.br\/planilha-da-vida-financeira\/\" target=\"_blank\" data-element=\"shortcode-suno-banner\" title=\"Banner SUNO, clique e saiba mais\">\n\t\t\t<picture>\n\t\t\t\t<source media=\"(max-width: 500px)\" srcset=\"https:\/\/files.sunoresearch.com.br\/n\/uploads\/2023\/04\/400x300-Planilha-vida-financeira-true.png\">\n\t\t\t\t<img class=\"newsContent__article__imgCapa newsContent__article__imgCapa--banner\"\n\t\t\t\t\tsrc=\"https:\/\/files.sunoresearch.com.br\/n\/uploads\/2023\/04\/1420x240-Planilha-vida-financeira-true.png\"\n\t\t\t\t\tdata-promo-id=\"106682\"\t\t\t\t\t\t\t\t\t\twidth='1420' height='240'\t\t\t\t\talt=\"https:\/\/files.sunoresearch.com.br\/n\/uploads\/2023\/04\/1420x240-Planilha-vida-financeira-true.png\"\n\t\t\t\t>\n\t\t\t<\/picture>\n\t\t<\/a>\n\t<\/p>\n\n\n","protected":false},"excerpt":{"rendered":"<p>O prefeito de S\u00e3o Paulo, Bruno Covas, decidiu neste domingo (2) se licenciar do cargo pelo per\u00edodo de 30 dias para dar continuidade ao tratamento de um c\u00e2ncer no sistema digestivo. Bruno Covas. Foto: Gildson Di Souza &#8211; Ag\u00eancia Brasil A informa\u00e7\u00e3o foi confirmada ao site G1 pelo m\u00e9dico David Uip que acompanha Bruno Covas [&hellip;]<\/p>\n","protected":false},"author":15,"featured_media":144165,"comment_status":"closed","ping_status":"closed","sticky":false,"template":"","format":"standard","meta":[],"categories":[61],"tags":[843],"suno_strategy":[],"class_list":["post-144163","post","type-post","status-publish","format-standard","has-post-thumbnail","hentry","category-politica","tag-sao-paulo"],"yoast_head":"<!-- This site is optimized with the Yoast SEO plugin v24.4 - https:\/\/yoast.com\/wordpress\/plugins\/seo\/ -->\n<title>Bruno Covas decide se licenciar da Prefeitura de SP para tratar c\u00e2ncer<\/title>\n<meta name=\"description\" content=\"Prefeito Bruno Covas decidiu se licenciar do cargo por 30 dias para dar continuidade ao tratamento do c\u00e2ncer. Clique aqui e saiba mais\" \/>\n<meta name=\"robots\" content=\"index, follow, max-snippet:-1, max-image-preview:large, max-video-preview:-1\" \/>\n<link rel=\"canonical\" href=\"https:\/\/www.suno.com.br\/noticias\/bruno-covas-prefeito-sao-paulo-cancer\/\" \/>\n<meta property=\"og:locale\" content=\"pt_BR\" \/>\n<meta property=\"og:type\" content=\"article\" \/>\n<meta property=\"og:title\" content=\"Bruno Covas decide se licenciar da Prefeitura de SP para tratar c\u00e2ncer\" \/>\n<meta property=\"og:description\" content=\"Prefeito Bruno Covas decidiu se licenciar do cargo por 30 dias para dar continuidade ao tratamento do c\u00e2ncer. Clique aqui e saiba mais\" \/>\n<meta property=\"og:url\" content=\"https:\/\/www.suno.com.br\/noticias\/bruno-covas-prefeito-sao-paulo-cancer\/\" \/>\n<meta property=\"og:site_name\" content=\"Suno Not\u00edcias\" \/>\n<meta property=\"article:publisher\" content=\"https:\/\/facebook.com\/sunoresearch\" \/>\n<meta property=\"og:image\" content=\"https:\/\/files.sunoresearch.com.br\/n\/uploads\/2021\/05\/3919d23a-bruno_covas_prefeito.jpeg\" \/>\n\t<meta property=\"og:image:width\" content=\"1170\" \/>\n\t<meta property=\"og:image:height\" content=\"700\" \/>\n\t<meta property=\"og:image:type\" content=\"image\/jpeg\" \/>\n<meta name=\"author\" content=\"Poliana Santos\" \/>\n<meta name=\"twitter:card\" content=\"summary_large_image\" \/>\n<meta name=\"twitter:creator\" content=\"@sunoresearch\" \/>\n<meta name=\"twitter:site\" content=\"@sunoresearch\" \/>\n<meta name=\"twitter:label1\" content=\"Escrito por\" \/>\n\t<meta name=\"twitter:data1\" content=\"Poliana Santos\" \/>\n\t<meta name=\"twitter:label2\" content=\"Est. tempo de leitura\" \/>\n\t<meta name=\"twitter:data2\" content=\"2 minutos\" \/>\n<script type=\"application\/ld+json\" class=\"yoast-schema-graph\">{\"@context\":\"https:\/\/schema.org\",\"@graph\":[{\"@type\":\"NewsArticle\",\"@id\":\"https:\/\/www.suno.com.br\/noticias\/bruno-covas-prefeito-sao-paulo-cancer\/#article\",\"isPartOf\":{\"@id\":\"https:\/\/www.suno.com.br\/noticias\/bruno-covas-prefeito-sao-paulo-cancer\/\"},\"author\":{\"name\":\"Poliana Santos\",\"@id\":\"https:\/\/www.suno.com.br\/noticias\/#\/schema\/person\/02ec1f752758247878a2bf4abee1aeda\"},\"headline\":\"Bruno Covas decide se licenciar da Prefeitura de SP para tratar c\u00e2ncer\",\"datePublished\":\"2021-05-02T21:12:57+00:00\",\"mainEntityOfPage\":{\"@id\":\"https:\/\/www.suno.com.br\/noticias\/bruno-covas-prefeito-sao-paulo-cancer\/\"},\"wordCount\":446,\"publisher\":{\"@id\":\"https:\/\/www.suno.com.br\/noticias\/#organization\"},\"image\":{\"@id\":\"https:\/\/www.suno.com.br\/noticias\/bruno-covas-prefeito-sao-paulo-cancer\/#primaryimage\"},\"thumbnailUrl\":\"https:\/\/files.sunoresearch.com.br\/n\/uploads\/2021\/05\/3919d23a-bruno_covas_prefeito-jpeg.webp\",\"keywords\":[\"S\u00e3o Paulo\"],\"articleSection\":[\"Pol\u00edtica\"],\"inLanguage\":\"pt-BR\"},{\"@type\":\"WebPage\",\"@id\":\"https:\/\/www.suno.com.br\/noticias\/bruno-covas-prefeito-sao-paulo-cancer\/\",\"url\":\"https:\/\/www.suno.com.br\/noticias\/bruno-covas-prefeito-sao-paulo-cancer\/\",\"name\":\"Bruno Covas decide se licenciar da Prefeitura de SP para tratar c\u00e2ncer\",\"isPartOf\":{\"@id\":\"https:\/\/www.suno.com.br\/noticias\/#website\"},\"primaryImageOfPage\":{\"@id\":\"https:\/\/www.suno.com.br\/noticias\/bruno-covas-prefeito-sao-paulo-cancer\/#primaryimage\"},\"image\":{\"@id\":\"https:\/\/www.suno.com.br\/noticias\/bruno-covas-prefeito-sao-paulo-cancer\/#primaryimage\"},\"thumbnailUrl\":\"https:\/\/files.sunoresearch.com.br\/n\/uploads\/2021\/05\/3919d23a-bruno_covas_prefeito-jpeg.webp\",\"datePublished\":\"2021-05-02T21:12:57+00:00\",\"description\":\"Prefeito Bruno Covas decidiu se licenciar do cargo por 30 dias para dar continuidade ao tratamento do c\u00e2ncer. Clique aqui e saiba mais\",\"breadcrumb\":{\"@id\":\"https:\/\/www.suno.com.br\/noticias\/bruno-covas-prefeito-sao-paulo-cancer\/#breadcrumb\"},\"inLanguage\":\"pt-BR\",\"potentialAction\":[{\"@type\":\"ReadAction\",\"target\":[\"https:\/\/www.suno.com.br\/noticias\/bruno-covas-prefeito-sao-paulo-cancer\/\"]}]},{\"@type\":\"ImageObject\",\"inLanguage\":\"pt-BR\",\"@id\":\"https:\/\/www.suno.com.br\/noticias\/bruno-covas-prefeito-sao-paulo-cancer\/#primaryimage\",\"url\":\"https:\/\/files.sunoresearch.com.br\/n\/uploads\/2021\/05\/3919d23a-bruno_covas_prefeito-jpeg.webp\",\"contentUrl\":\"https:\/\/files.sunoresearch.com.br\/n\/uploads\/2021\/05\/3919d23a-bruno_covas_prefeito-jpeg.webp\",\"width\":1170,\"height\":700,\"caption\":\"Bruno Covas. Foto: Gildson Di Souza - Ag\u00eancia Brasil\"},{\"@type\":\"BreadcrumbList\",\"@id\":\"https:\/\/www.suno.com.br\/noticias\/bruno-covas-prefeito-sao-paulo-cancer\/#breadcrumb\",\"itemListElement\":[{\"@type\":\"ListItem\",\"position\":1,\"name\":\"Not\u00edcias\",\"item\":\"https:\/\/www.suno.com.br\/noticias\/\"},{\"@type\":\"ListItem\",\"position\":2,\"name\":\"Pol\u00edtica\",\"item\":\"https:\/\/www.suno.com.br\/noticias\/politica\/\"},{\"@type\":\"ListItem\",\"position\":3,\"name\":\"Bruno Covas decide se licenciar da Prefeitura de SP para tratar c\u00e2ncer\"}]},{\"@type\":\"WebSite\",\"@id\":\"https:\/\/www.suno.com.br\/noticias\/#website\",\"url\":\"https:\/\/www.suno.com.br\/noticias\/\",\"name\":\"Suno Not\u00edcias\",\"description\":\"Seu portal de informa\u00e7\u00e3o sobre o mundo dos investimentos\",\"publisher\":{\"@id\":\"https:\/\/www.suno.com.br\/noticias\/#organization\"},\"potentialAction\":[{\"@type\":\"SearchAction\",\"target\":{\"@type\":\"EntryPoint\",\"urlTemplate\":\"https:\/\/www.suno.com.br\/noticias\/?s={search_term_string}\"},\"query-input\":{\"@type\":\"PropertyValueSpecification\",\"valueRequired\":true,\"valueName\":\"search_term_string\"}}],\"inLanguage\":\"pt-BR\"},{\"@type\":\"Organization\",\"@id\":\"https:\/\/www.suno.com.br\/noticias\/#organization\",\"name\":\"Suno Not\u00edcias\",\"url\":\"https:\/\/www.suno.com.br\/noticias\/\",\"logo\":{\"@type\":\"ImageObject\",\"inLanguage\":\"pt-BR\",\"@id\":\"https:\/\/www.suno.com.br\/noticias\/#\/schema\/logo\/image\/\",\"url\":\"https:\/\/files.sunoresearch.com.br\/n\/uploads\/2021\/09\/suno-logo.png\",\"contentUrl\":\"https:\/\/files.sunoresearch.com.br\/n\/uploads\/2021\/09\/suno-logo.png\",\"width\":180,\"height\":180,\"caption\":\"Suno Not\u00edcias\"},\"image\":{\"@id\":\"https:\/\/www.suno.com.br\/noticias\/#\/schema\/logo\/image\/\"},\"sameAs\":[\"https:\/\/facebook.com\/sunoresearch\",\"https:\/\/x.com\/sunoresearch\",\"https:\/\/www.instagram.com\/suno\",\"https:\/\/www.linkedin.com\/company\/suno-research\/\",\"https:\/\/www.youtube.com\/c\/sunoresearch\"]},{\"@type\":\"Person\",\"@id\":\"https:\/\/www.suno.com.br\/noticias\/#\/schema\/person\/02ec1f752758247878a2bf4abee1aeda\",\"name\":\"Poliana Santos\",\"image\":{\"@type\":\"ImageObject\",\"inLanguage\":\"pt-BR\",\"@id\":\"https:\/\/www.suno.com.br\/noticias\/#\/schema\/person\/image\/\",\"url\":\"https:\/\/secure.gravatar.com\/avatar\/0645bd32f23d87b2130f2b2dff1d3f8d?s=96&r=g\",\"contentUrl\":\"https:\/\/secure.gravatar.com\/avatar\/0645bd32f23d87b2130f2b2dff1d3f8d?s=96&r=g\",\"caption\":\"Poliana Santos\"},\"description\":\"Rep\u00f3rter no Suno Not\u00edcias, com cobertura em mercado financeiro, economia, finan\u00e7as pessoais, renda fixa e varejo. Jornalista formada pela Faculdade C\u00e1sper L\u00edbero e possui passagem na R\u00e1dio Gazeta AM com a produ\u00e7\u00e3o de conte\u00fado sobre economia, pol\u00edtica, sa\u00fade, moda e m\u00fasica. Possui certificado de conclus\u00e3o do curso de An\u00e1lise de Balan\u00e7os pela Funda\u00e7\u00e3o Bradesco, Agenda Brasil pela FAAP, Educa\u00e7\u00e3o Pol\u00edtica por Alexandre Garcia e do Tesouro Direto e Mercado de A\u00e7\u00f5es pela B3.\",\"url\":\"https:\/\/www.suno.com.br\/noticias\/author\/poliana-santos\/\"}]}<\/script>\n<!-- \/ Yoast SEO plugin. -->","yoast_head_json":{"title":"Bruno Covas decide se licenciar da Prefeitura de SP para tratar c\u00e2ncer","description":"Prefeito Bruno Covas decidiu se licenciar do cargo por 30 dias para dar continuidade ao tratamento do c\u00e2ncer. Clique aqui e saiba mais","robots":{"index":"index","follow":"follow","max-snippet":"max-snippet:-1","max-image-preview":"max-image-preview:large","max-video-preview":"max-video-preview:-1"},"canonical":"https:\/\/www.suno.com.br\/noticias\/bruno-covas-prefeito-sao-paulo-cancer\/","og_locale":"pt_BR","og_type":"article","og_title":"Bruno Covas decide se licenciar da Prefeitura de SP para tratar c\u00e2ncer","og_description":"Prefeito Bruno Covas decidiu se licenciar do cargo por 30 dias para dar continuidade ao tratamento do c\u00e2ncer. Clique aqui e saiba mais","og_url":"https:\/\/www.suno.com.br\/noticias\/bruno-covas-prefeito-sao-paulo-cancer\/","og_site_name":"Suno Not\u00edcias","article_publisher":"https:\/\/facebook.com\/sunoresearch","og_image":[{"width":1170,"height":700,"url":"https:\/\/files.sunoresearch.com.br\/n\/uploads\/2021\/05\/3919d23a-bruno_covas_prefeito.jpeg","type":"image\/jpeg"}],"author":"Poliana Santos","twitter_card":"summary_large_image","twitter_creator":"@sunoresearch","twitter_site":"@sunoresearch","twitter_misc":{"Escrito por":"Poliana Santos","Est. tempo de leitura":"2 minutos"},"schema":{"@context":"https:\/\/schema.org","@graph":[{"@type":"NewsArticle","@id":"https:\/\/www.suno.com.br\/noticias\/bruno-covas-prefeito-sao-paulo-cancer\/#article","isPartOf":{"@id":"https:\/\/www.suno.com.br\/noticias\/bruno-covas-prefeito-sao-paulo-cancer\/"},"author":{"name":"Poliana Santos","@id":"https:\/\/www.suno.com.br\/noticias\/#\/schema\/person\/02ec1f752758247878a2bf4abee1aeda"},"headline":"Bruno Covas decide se licenciar da Prefeitura de SP para tratar c\u00e2ncer","datePublished":"2021-05-02T21:12:57+00:00","mainEntityOfPage":{"@id":"https:\/\/www.suno.com.br\/noticias\/bruno-covas-prefeito-sao-paulo-cancer\/"},"wordCount":446,"publisher":{"@id":"https:\/\/www.suno.com.br\/noticias\/#organization"},"image":{"@id":"https:\/\/www.suno.com.br\/noticias\/bruno-covas-prefeito-sao-paulo-cancer\/#primaryimage"},"thumbnailUrl":"https:\/\/files.sunoresearch.com.br\/n\/uploads\/2021\/05\/3919d23a-bruno_covas_prefeito-jpeg.webp","keywords":["S\u00e3o Paulo"],"articleSection":["Pol\u00edtica"],"inLanguage":"pt-BR"},{"@type":"WebPage","@id":"https:\/\/www.suno.com.br\/noticias\/bruno-covas-prefeito-sao-paulo-cancer\/","url":"https:\/\/www.suno.com.br\/noticias\/bruno-covas-prefeito-sao-paulo-cancer\/","name":"Bruno Covas decide se licenciar da Prefeitura de SP para tratar c\u00e2ncer","isPartOf":{"@id":"https:\/\/www.suno.com.br\/noticias\/#website"},"primaryImageOfPage":{"@id":"https:\/\/www.suno.com.br\/noticias\/bruno-covas-prefeito-sao-paulo-cancer\/#primaryimage"},"image":{"@id":"https:\/\/www.suno.com.br\/noticias\/bruno-covas-prefeito-sao-paulo-cancer\/#primaryimage"},"thumbnailUrl":"https:\/\/files.sunoresearch.com.br\/n\/uploads\/2021\/05\/3919d23a-bruno_covas_prefeito-jpeg.webp","datePublished":"2021-05-02T21:12:57+00:00","description":"Prefeito Bruno Covas decidiu se licenciar do cargo por 30 dias para dar continuidade ao tratamento do c\u00e2ncer. Clique aqui e saiba mais","breadcrumb":{"@id":"https:\/\/www.suno.com.br\/noticias\/bruno-covas-prefeito-sao-paulo-cancer\/#breadcrumb"},"inLanguage":"pt-BR","potentialAction":[{"@type":"ReadAction","target":["https:\/\/www.suno.com.br\/noticias\/bruno-covas-prefeito-sao-paulo-cancer\/"]}]},{"@type":"ImageObject","inLanguage":"pt-BR","@id":"https:\/\/www.suno.com.br\/noticias\/bruno-covas-prefeito-sao-paulo-cancer\/#primaryimage","url":"https:\/\/files.sunoresearch.com.br\/n\/uploads\/2021\/05\/3919d23a-bruno_covas_prefeito-jpeg.webp","contentUrl":"https:\/\/files.sunoresearch.com.br\/n\/uploads\/2021\/05\/3919d23a-bruno_covas_prefeito-jpeg.webp","width":1170,"height":700,"caption":"Bruno Covas. Foto: Gildson Di Souza - Ag\u00eancia Brasil"},{"@type":"BreadcrumbList","@id":"https:\/\/www.suno.com.br\/noticias\/bruno-covas-prefeito-sao-paulo-cancer\/#breadcrumb","itemListElement":[{"@type":"ListItem","position":1,"name":"Not\u00edcias","item":"https:\/\/www.suno.com.br\/noticias\/"},{"@type":"ListItem","position":2,"name":"Pol\u00edtica","item":"https:\/\/www.suno.com.br\/noticias\/politica\/"},{"@type":"ListItem","position":3,"name":"Bruno Covas decide se licenciar da Prefeitura de SP para tratar c\u00e2ncer"}]},{"@type":"WebSite","@id":"https:\/\/www.suno.com.br\/noticias\/#website","url":"https:\/\/www.suno.com.br\/noticias\/","name":"Suno Not\u00edcias","description":"Seu portal de informa\u00e7\u00e3o sobre o mundo dos investimentos","publisher":{"@id":"https:\/\/www.suno.com.br\/noticias\/#organization"},"potentialAction":[{"@type":"SearchAction","target":{"@type":"EntryPoint","urlTemplate":"https:\/\/www.suno.com.br\/noticias\/?s={search_term_string}"},"query-input":{"@type":"PropertyValueSpecification","valueRequired":true,"valueName":"search_term_string"}}],"inLanguage":"pt-BR"},{"@type":"Organization","@id":"https:\/\/www.suno.com.br\/noticias\/#organization","name":"Suno Not\u00edcias","url":"https:\/\/www.suno.com.br\/noticias\/","logo":{"@type":"ImageObject","inLanguage":"pt-BR","@id":"https:\/\/www.suno.com.br\/noticias\/#\/schema\/logo\/image\/","url":"https:\/\/files.sunoresearch.com.br\/n\/uploads\/2021\/09\/suno-logo.png","contentUrl":"https:\/\/files.sunoresearch.com.br\/n\/uploads\/2021\/09\/suno-logo.png","width":180,"height":180,"caption":"Suno Not\u00edcias"},"image":{"@id":"https:\/\/www.suno.com.br\/noticias\/#\/schema\/logo\/image\/"},"sameAs":["https:\/\/facebook.com\/sunoresearch","https:\/\/x.com\/sunoresearch","https:\/\/www.instagram.com\/suno","https:\/\/www.linkedin.com\/company\/suno-research\/","https:\/\/www.youtube.com\/c\/sunoresearch"]},{"@type":"Person","@id":"https:\/\/www.suno.com.br\/noticias\/#\/schema\/person\/02ec1f752758247878a2bf4abee1aeda","name":"Poliana Santos","image":{"@type":"ImageObject","inLanguage":"pt-BR","@id":"https:\/\/www.suno.com.br\/noticias\/#\/schema\/person\/image\/","url":"https:\/\/secure.gravatar.com\/avatar\/0645bd32f23d87b2130f2b2dff1d3f8d?s=96&r=g","contentUrl":"https:\/\/secure.gravatar.com\/avatar\/0645bd32f23d87b2130f2b2dff1d3f8d?s=96&r=g","caption":"Poliana Santos"},"description":"Rep\u00f3rter no Suno Not\u00edcias, com cobertura em mercado financeiro, economia, finan\u00e7as pessoais, renda fixa e varejo. Jornalista formada pela Faculdade C\u00e1sper L\u00edbero e possui passagem na R\u00e1dio Gazeta AM com a produ\u00e7\u00e3o de conte\u00fado sobre economia, pol\u00edtica, sa\u00fade, moda e m\u00fasica. Possui certificado de conclus\u00e3o do curso de An\u00e1lise de Balan\u00e7os pela Funda\u00e7\u00e3o Bradesco, Agenda Brasil pela FAAP, Educa\u00e7\u00e3o Pol\u00edtica por Alexandre Garcia e do Tesouro Direto e Mercado de A\u00e7\u00f5es pela B3.","url":"https:\/\/www.suno.com.br\/noticias\/author\/poliana-santos\/"}]}},"default_loop_html":"<div class=\"cardsPage__listCard__boxs\"><div class=\"cardsPage__listCard__boxs__img\"><a href=\"https:\/\/www.suno.com.br\/noticias\/bruno-covas-prefeito-sao-paulo-cancer\/\"><img class=\"mask\" src=\"https:\/\/www.suno.com.br\/noticias\/wp-content\/themes\/suno\/resources\/images\/spotlight\/spotlight1img\/bg-mask.png\" alt=\"Image Mask\"\/><img src=\"https:\/\/files.sunoresearch.com.br\/n\/uploads\/2021\/05\/3919d23a-bruno_covas_prefeito-400x200.webp\" alt=\"Bruno Covas decide se licenciar da Prefeitura de SP para tratar c\u00e2ncer\"\/><\/a><span class=\"spotlightCategory\"><a href=\"https:\/\/www.suno.com.br\/noticias\/politica\/\">Pol\u00edtica<\/a><\/span><\/div><div class=\"cardsPage__listCard__boxs__content\"><a href=\"https:\/\/www.suno.com.br\/noticias\/bruno-covas-prefeito-sao-paulo-cancer\/\"><h2 class=\"content__title\">Bruno Covas decide se licenciar da Prefeitura de SP para tratar c\u00e2ncer<\/h2><\/a><div class=\"newsContent__article__meta\"><div class=\"newsContent__article__meta__authorBox\"><a href=\"https:\/\/www.suno.com.br\/noticias\/author\/poliana-santos\/\" class=\"authorBox__avatar noMobi\"><img src=\"https:\/\/files.sunoresearch.com.br\/n\/uploads\/2020\/08\/7ef34026-whatsapp-image-2020-08-03-at-12.37.57-150x150.webp\" alt=\"Poliana Santos\"><\/a><div class=\"authorBox__name\"><span>por\n\t\t\t<a href=\"https:\/\/www.suno.com.br\/noticias\/author\/poliana-santos\/\"><span itemprop=\"author\">Poliana Santos<\/span><\/a><\/span><time datetime=\"2021-05-02T18:12:57-03:00\" itemprop=\"datePublished\">02\/05\/2021 18:12<\/time><\/div><\/div><\/div><\/div><\/div>","single_layout":"posts","amp_enabled":true,"_links":{"self":[{"href":"https:\/\/www.suno.com.br\/noticias\/wp-json\/wp\/v2\/posts\/144163"}],"collection":[{"href":"https:\/\/www.suno.com.br\/noticias\/wp-json\/wp\/v2\/posts"}],"about":[{"href":"https:\/\/www.suno.com.br\/noticias\/wp-json\/wp\/v2\/types\/post"}],"author":[{"embeddable":true,"href":"https:\/\/www.suno.com.br\/noticias\/wp-json\/wp\/v2\/users\/15"}],"replies":[{"embeddable":true,"href":"https:\/\/www.suno.com.br\/noticias\/wp-json\/wp\/v2\/comments?post=144163"}],"version-history":[{"count":2,"href":"https:\/\/www.suno.com.br\/noticias\/wp-json\/wp\/v2\/posts\/144163\/revisions"}],"predecessor-version":[{"id":144167,"href":"https:\/\/www.suno.com.br\/noticias\/wp-json\/wp\/v2\/posts\/144163\/revisions\/144167"}],"wp:featuredmedia":[{"embeddable":true,"href":"https:\/\/www.suno.com.br\/noticias\/wp-json\/wp\/v2\/media\/144165"}],"wp:attachment":[{"href":"https:\/\/www.suno.com.br\/noticias\/wp-json\/wp\/v2\/media?parent=144163"}],"wp:term":[{"taxonomy":"category","embeddable":true,"href":"https:\/\/www.suno.com.br\/noticias\/wp-json\/wp\/v2\/categories?post=144163"},{"taxonomy":"post_tag","embeddable":true,"href":"https:\/\/www.suno.com.br\/noticias\/wp-json\/wp\/v2\/tags?post=144163"},{"taxonomy":"suno_strategy","embeddable":true,"href":"https:\/\/www.suno.com.br\/noticias\/wp-json\/wp\/v2\/suno_strategy?post=144163"}],"curies":[{"name":"wp","href":"https:\/\/api.w.org\/{rel}","templated":true}]}}