{"id":144095,"date":"2021-05-01T19:42:02","date_gmt":"2021-05-01T22:42:02","guid":{"rendered":"https:\/\/www.suno.com.br\/noticias\/?p=144095"},"modified":"2021-05-01T19:42:02","modified_gmt":"2021-05-01T22:42:02","slug":"warren-buffett-imposto-corporativo","status":"publish","type":"post","link":"https:\/\/www.suno.com.br\/noticias\/warren-buffett-imposto-corporativo\/","title":{"rendered":"Warren Buffett rejeita preocupa\u00e7\u00e3o por poss\u00edvel alta de imposto corporativo nos EUA"},"content":{"rendered":"<p>O diretor executivo (CEO) da gestora <a href=\"https:\/\/www.suno.com.br\/artigos\/berkshire-hathaway\/\">Berkshire Hathaway<\/a>, <strong><a href=\"https:\/\/www.suno.com.br\/artigos\/especial-warren-buffett\/#:~:text=Segundo%20o%20Wikip%C3%A9dia%2C%20Buffett%20%E2%80%9C%C3%A9,o%20primeiro%20lugar%20em%202008.\">Warren Buffett<\/a><\/strong><strong>,<\/strong> disse n\u00e3o estar particularmente preocupado com a proposta do governo do presidente dos EUA, Joe Biden, de aumentar o imposto corporativo nos Estados Unidos de 25% para 28%, ainda que ela possa ser, de alguma forma, negativa aos investidores da gestora.<\/p>\t<div class=\"wrapper-featured-image\">\n\t\t<figure class=\"spotlightImg\">\n\n\t\t\t<picture>\n\t\t\t\t<source media=\"(max-width: 768px)\" srcset=\"https:\/\/files.sunoresearch.com.br\/n\/uploads\/2021\/05\/89931917-warren-buffett-3-400x200.webp\">\n\t\t\t\t<img loading=\"lazy\" decoding=\"async\" class=\"newsContent__article__imgCapa lazyloadDisabled \" src=\"https:\/\/files.sunoresearch.com.br\/n\/uploads\/2021\/05\/89931917-warren-buffett-3-800x450.webp\" width=\"800\" height=\"450\" alt=\"Warren Buffett rejeita preocupa\u00e7\u00e3o por poss\u00edvel alta de imposto corporativo nos EUA\" fetchpriority=high \/>\n\t\t\t<\/picture>\n\n\t\t\t<figcaption class=\"wp-caption-text wp-caption-text--show\">Warren Buffett e Charlie Munger estar\u00e3o presentes no encontro anual da Berkshire Hathaway no dia 30 de abril - Foto: Reprodu\u00e7\u00e3o: Yahoo Finance<\/figcaption>\n\t\t<\/figure>\n\t<\/div>\n\n\n\t<p>\n\t\t<a href=\"https:\/\/lp.suno.com.br\/planilha-controle-gastos\/\" target=\"_blank\" data-element=\"shortcode-suno-banner\" title=\"Banner SUNO, clique e saiba mais\">\n\t\t\t<picture>\n\t\t\t\t<source media=\"(max-width: 500px)\" srcset=\"https:\/\/files.sunoresearch.com.br\/n\/uploads\/2023\/03\/400x300-Planilha-controle-de-gastos.png\">\n\t\t\t\t<img class=\"newsContent__article__imgCapa newsContent__article__imgCapa--banner\"\n\t\t\t\t\tsrc=\"https:\/\/files.sunoresearch.com.br\/n\/uploads\/2023\/03\/1420x240-Planilha-controle-de-gastos.png\"\n\t\t\t\t\tdata-promo-id=\"101751\"\t\t\t\t\t\t\t\t\t\twidth='1420' height='240'\t\t\t\t\talt=\"https:\/\/files.sunoresearch.com.br\/n\/uploads\/2023\/03\/1420x240-Planilha-controle-de-gastos.png\"\n\t\t\t\t>\n\t\t\t<\/picture>\n\t\t<\/a>\n\t<\/p>\n\n\n<p>&#8220;\u00c9 uma fic\u00e7\u00e3o corporativa quando as empresas d\u00e3o declara\u00e7\u00f5es sobre o fato de que (o aumento do imposto) ser\u00e1 terr\u00edvel para todos os investidores&#8221;, afirmou Buffett, antes de revelar que votou em Biden na elei\u00e7\u00e3o presidencial americanas em 2020.<\/p>\n<p>S\u00f3cio de Buffett na <strong>Berkshire Hathaway, Charles Munger<\/strong> alertou contra a trajet\u00f3ria de gastos nos EUA, diante dos planos de investimentos trilion\u00e1rios do governo Biden.<\/p>\n<p><a href=\"https:\/\/lp.suno.com.br\/suno-one\/\">Suno One: acesse gratuitamente eBooks, Minicursos, Artigos e V\u00eddeo Aulas sobre investimentos com um \u00fanico cadastro. Clique para saber mais!<\/a><\/p>\n<p>&#8220;Acho que h\u00e1 uma boa chance de que essa conduta extrema seja mais vi\u00e1vel do que todos pensavam. Mas eu sei que se voc\u00ea continuar fazendo isso sem qualquer limite, vai acabar em desastre&#8221;, afirmou Munger.<\/p>\n<h2><b>Warren Buffett comentou o boom das SPACs<\/b><\/h2>\n<p>Warren Buffett tamb\u00e9m afirmou que a gestora n\u00e3o deve ter tanta sorte em fechar neg\u00f3cios em meio ao boom das<strong> empresas de aquisi\u00e7\u00e3o de prop\u00f3sito espec\u00edfico (SPACs, na sigla em ingl\u00eas)<\/strong> em Nova York.<\/p>\n\t<div data-element=\"shortcode-read-more\" class=\"knowMore\">\n\t\t\t\t<span class=\"knowMore__title\">Leia tamb\u00e9m<\/span>\n\t\t\t\t<a class=\"knowMore__link\" href=\"https:\/\/www.suno.com.br\/noticias\/warren-buffett-economia-eua-acelerando\/\">\n\t\t\tBuffett: 85% da economia dos EUA est\u00e1 acelerando, em situa\u00e7\u00e3o melhor que prevista\t\t<\/a>\n\t<\/div>\n\n\n<p>Segundo ele, o alto interesse por negocia\u00e7\u00f5es com estas companhias n\u00e3o vai &#8220;durar para sempre&#8221;, mas \u00e9 &#8220;onde o dinheiro est\u00e1 no momento&#8221;. Tamb\u00e9m conhecidas como companhias do &#8220;cheque em branco&#8221;, as <strong>SPACs<\/strong> atuam como alternativa \u00e0s tradicionais <a href=\"https:\/\/www.suno.com.br\/artigos\/ipo\/\"><strong>ofertas p\u00fablicas iniciais (IPOs, na sigla em ingl\u00eas)<\/strong><\/a>.<\/p>\n<p>&#8220;As SPACs geralmente t\u00eam de gastar seu dinheiro em dois anos, pelo que eu entendo. Voc\u00ea coloca uma arma na minha cabe\u00e7a e diz que tem de comprar um neg\u00f3cio em dois anos, eu compraria, mas n\u00e3o seria um muito bom&#8221;, disse Buffett.<\/p>\n<p>As SPACs consistem em corpora\u00e7\u00f5es sem atua\u00e7\u00e3o comercial definida, que compram firmas j\u00e1 existentes para torn\u00e1-las p\u00fablicas. Conforme regula\u00e7\u00e3o da <a href=\"https:\/\/www.suno.com.br\/artigos\/sec\/\"><strong>Securities and Exchange Comission (SEC)<\/strong><\/a>, a CVM americana, elas t\u00eam at\u00e9 dois anos para levantar capital e adquirir uma outra empresa. Caso o acordo n\u00e3o seja firmado no prazo, s\u00e3o obrigadas a liquidar os ativos.<\/p>\n\t<p>\n\t\t<a href=\"https:\/\/lp.suno.com.br\/planilha-da-vida-financeira\/\" target=\"_blank\" data-element=\"shortcode-suno-banner\" title=\"Banner SUNO, clique e saiba mais\">\n\t\t\t<picture>\n\t\t\t\t<source media=\"(max-width: 500px)\" srcset=\"https:\/\/files.sunoresearch.com.br\/n\/uploads\/2023\/04\/400x300-Planilha-vida-financeira-true.png\">\n\t\t\t\t<img class=\"newsContent__article__imgCapa newsContent__article__imgCapa--banner\"\n\t\t\t\t\tsrc=\"https:\/\/files.sunoresearch.com.br\/n\/uploads\/2023\/04\/1420x240-Planilha-vida-financeira-true.png\"\n\t\t\t\t\tdata-promo-id=\"106682\"\t\t\t\t\t\t\t\t\t\twidth='1420' height='240'\t\t\t\t\talt=\"https:\/\/files.sunoresearch.com.br\/n\/uploads\/2023\/04\/1420x240-Planilha-vida-financeira-true.png\"\n\t\t\t\t>\n\t\t\t<\/picture>\n\t\t<\/a>\n\t<\/p>\n\n\n<p><strong>Warren Buffett<\/strong> classificou esta pr\u00e1tica como &#8220;uma vers\u00e3o exagerada de uma esp\u00e9cie de mercado baseado em apostas&#8221;. Como mostrou reportagem do Estad\u00e3o\/Broadcast, o uso deste instrumento por empresas de setores mais s\u00f3lidos em Wall Street acendeu o alerta de reguladores nos Estados Unidos.<\/p>\n<p><em>Com informa\u00e7\u00f5es do Estad\u00e3o conte\u00fado<\/em><\/p>\n\t<p>\n\t\t<a href=\"https:\/\/lp.suno.com.br\/planilha-de-controle-de-investimentos\/\" target=\"_blank\" data-element=\"shortcode-suno-banner\" title=\"Banner SUNO, clique e saiba mais\">\n\t\t\t<picture>\n\t\t\t\t<source media=\"(max-width: 500px)\" srcset=\"https:\/\/files.sunoresearch.com.br\/n\/uploads\/2023\/03\/400x300-Controle-de-Investimentos.png\">\n\t\t\t\t<img class=\"newsContent__article__imgCapa newsContent__article__imgCapa--banner\"\n\t\t\t\t\tsrc=\"https:\/\/files.sunoresearch.com.br\/n\/uploads\/2023\/03\/1420x240-Controle-de-Investimentos.png\"\n\t\t\t\t\tdata-promo-id=\"75934\"\t\t\t\t\t\t\t\t\t\twidth='1420' height='240'\t\t\t\t\talt=\"https:\/\/files.sunoresearch.com.br\/n\/uploads\/2023\/03\/1420x240-Controle-de-Investimentos.png\"\n\t\t\t\t>\n\t\t\t<\/picture>\n\t\t<\/a>\n\t<\/p>\n\n\n","protected":false},"excerpt":{"rendered":"<p>O diretor executivo (CEO) da gestora Berkshire Hathaway, Warren Buffett, disse n\u00e3o estar particularmente preocupado com a proposta do governo do presidente dos EUA, Joe Biden, de aumentar o imposto corporativo nos Estados Unidos de 25% para 28%, ainda que ela possa ser, de alguma forma, negativa aos investidores da gestora. Warren Buffett e Charlie [&hellip;]<\/p>\n","protected":false},"author":9,"featured_media":144086,"comment_status":"closed","ping_status":"closed","sticky":false,"template":"","format":"standard","meta":[],"categories":[63],"tags":[1224,330],"suno_strategy":[],"class_list":["post-144095","post","type-post","status-publish","format-standard","has-post-thumbnail","hentry","category-internacional","tag-berkshire-hathaway-berk34","tag-warren-buffett"],"yoast_head":"<!-- This site is optimized with the Yoast SEO plugin v24.4 - https:\/\/yoast.com\/wordpress\/plugins\/seo\/ -->\n<title>Warren Buffett rejeita preocupa\u00e7\u00e3o com imposto corporativo nos EUA<\/title>\n<meta name=\"description\" content=\"Warren Buffett disse n\u00e3o estar preocupado com uma poss\u00edvel alta de imposto corporativo nos EUA. Clique aqui para saber mais\" \/>\n<meta name=\"robots\" content=\"index, follow, max-snippet:-1, max-image-preview:large, max-video-preview:-1\" \/>\n<link rel=\"canonical\" href=\"https:\/\/www.suno.com.br\/noticias\/warren-buffett-imposto-corporativo\/\" \/>\n<meta property=\"og:locale\" content=\"pt_BR\" \/>\n<meta property=\"og:type\" content=\"article\" \/>\n<meta property=\"og:title\" content=\"Warren Buffett rejeita preocupa\u00e7\u00e3o com imposto corporativo nos EUA\" \/>\n<meta property=\"og:description\" content=\"Warren Buffett disse n\u00e3o estar preocupado com uma poss\u00edvel alta de imposto corporativo nos EUA. Clique aqui para saber mais\" \/>\n<meta property=\"og:url\" content=\"https:\/\/www.suno.com.br\/noticias\/warren-buffett-imposto-corporativo\/\" \/>\n<meta property=\"og:site_name\" content=\"Suno Not\u00edcias\" \/>\n<meta property=\"article:publisher\" content=\"https:\/\/facebook.com\/sunoresearch\" \/>\n<meta property=\"og:image\" content=\"https:\/\/files.sunoresearch.com.br\/n\/uploads\/2021\/05\/89931917-warren-buffett-3.jpg\" \/>\n\t<meta property=\"og:image:width\" content=\"1280\" \/>\n\t<meta property=\"og:image:height\" content=\"640\" \/>\n\t<meta property=\"og:image:type\" content=\"image\/jpeg\" \/>\n<meta name=\"author\" content=\"Carlo Cauti\" \/>\n<meta name=\"twitter:card\" content=\"summary_large_image\" \/>\n<meta name=\"twitter:creator\" content=\"@sunoresearch\" \/>\n<meta name=\"twitter:site\" content=\"@sunoresearch\" \/>\n<meta name=\"twitter:label1\" content=\"Escrito por\" \/>\n\t<meta name=\"twitter:data1\" content=\"Carlo Cauti\" \/>\n\t<meta name=\"twitter:label2\" content=\"Est. tempo de leitura\" \/>\n\t<meta name=\"twitter:data2\" content=\"2 minutos\" \/>\n<script type=\"application\/ld+json\" class=\"yoast-schema-graph\">{\"@context\":\"https:\/\/schema.org\",\"@graph\":[{\"@type\":\"NewsArticle\",\"@id\":\"https:\/\/www.suno.com.br\/noticias\/warren-buffett-imposto-corporativo\/#article\",\"isPartOf\":{\"@id\":\"https:\/\/www.suno.com.br\/noticias\/warren-buffett-imposto-corporativo\/\"},\"author\":{\"name\":\"Carlo Cauti\",\"@id\":\"https:\/\/www.suno.com.br\/noticias\/#\/schema\/person\/e6e0f723cc177805027f4566c1d5e0c8\"},\"headline\":\"Warren Buffett rejeita preocupa\u00e7\u00e3o por poss\u00edvel alta de imposto corporativo nos EUA\",\"datePublished\":\"2021-05-01T22:42:02+00:00\",\"mainEntityOfPage\":{\"@id\":\"https:\/\/www.suno.com.br\/noticias\/warren-buffett-imposto-corporativo\/\"},\"wordCount\":474,\"publisher\":{\"@id\":\"https:\/\/www.suno.com.br\/noticias\/#organization\"},\"image\":{\"@id\":\"https:\/\/www.suno.com.br\/noticias\/warren-buffett-imposto-corporativo\/#primaryimage\"},\"thumbnailUrl\":\"https:\/\/files.sunoresearch.com.br\/n\/uploads\/2021\/05\/89931917-warren-buffett-3-jpg.webp\",\"keywords\":[\"Berkshire Hathaway (BERK34)\",\"Warren Buffett\"],\"articleSection\":[\"Internacional\"],\"inLanguage\":\"pt-BR\"},{\"@type\":\"WebPage\",\"@id\":\"https:\/\/www.suno.com.br\/noticias\/warren-buffett-imposto-corporativo\/\",\"url\":\"https:\/\/www.suno.com.br\/noticias\/warren-buffett-imposto-corporativo\/\",\"name\":\"Warren Buffett rejeita preocupa\u00e7\u00e3o com imposto corporativo nos EUA\",\"isPartOf\":{\"@id\":\"https:\/\/www.suno.com.br\/noticias\/#website\"},\"primaryImageOfPage\":{\"@id\":\"https:\/\/www.suno.com.br\/noticias\/warren-buffett-imposto-corporativo\/#primaryimage\"},\"image\":{\"@id\":\"https:\/\/www.suno.com.br\/noticias\/warren-buffett-imposto-corporativo\/#primaryimage\"},\"thumbnailUrl\":\"https:\/\/files.sunoresearch.com.br\/n\/uploads\/2021\/05\/89931917-warren-buffett-3-jpg.webp\",\"datePublished\":\"2021-05-01T22:42:02+00:00\",\"description\":\"Warren Buffett disse n\u00e3o estar preocupado com uma poss\u00edvel alta de imposto corporativo nos EUA. Clique aqui para saber mais\",\"breadcrumb\":{\"@id\":\"https:\/\/www.suno.com.br\/noticias\/warren-buffett-imposto-corporativo\/#breadcrumb\"},\"inLanguage\":\"pt-BR\",\"potentialAction\":[{\"@type\":\"ReadAction\",\"target\":[\"https:\/\/www.suno.com.br\/noticias\/warren-buffett-imposto-corporativo\/\"]}]},{\"@type\":\"ImageObject\",\"inLanguage\":\"pt-BR\",\"@id\":\"https:\/\/www.suno.com.br\/noticias\/warren-buffett-imposto-corporativo\/#primaryimage\",\"url\":\"https:\/\/files.sunoresearch.com.br\/n\/uploads\/2021\/05\/89931917-warren-buffett-3-jpg.webp\",\"contentUrl\":\"https:\/\/files.sunoresearch.com.br\/n\/uploads\/2021\/05\/89931917-warren-buffett-3-jpg.webp\",\"width\":1280,\"height\":640,\"caption\":\"Warren Buffett e Charlie Munger estar\u00e3o presentes no encontro anual da Berkshire Hathaway no dia 30 de abril - Foto: Reprodu\u00e7\u00e3o: Yahoo Finance\"},{\"@type\":\"BreadcrumbList\",\"@id\":\"https:\/\/www.suno.com.br\/noticias\/warren-buffett-imposto-corporativo\/#breadcrumb\",\"itemListElement\":[{\"@type\":\"ListItem\",\"position\":1,\"name\":\"Not\u00edcias\",\"item\":\"https:\/\/www.suno.com.br\/noticias\/\"},{\"@type\":\"ListItem\",\"position\":2,\"name\":\"Internacional\",\"item\":\"https:\/\/www.suno.com.br\/noticias\/internacional\/\"},{\"@type\":\"ListItem\",\"position\":3,\"name\":\"Warren Buffett rejeita preocupa\u00e7\u00e3o por poss\u00edvel alta de imposto corporativo nos EUA\"}]},{\"@type\":\"WebSite\",\"@id\":\"https:\/\/www.suno.com.br\/noticias\/#website\",\"url\":\"https:\/\/www.suno.com.br\/noticias\/\",\"name\":\"Suno Not\u00edcias\",\"description\":\"Seu portal de informa\u00e7\u00e3o sobre o mundo dos investimentos\",\"publisher\":{\"@id\":\"https:\/\/www.suno.com.br\/noticias\/#organization\"},\"potentialAction\":[{\"@type\":\"SearchAction\",\"target\":{\"@type\":\"EntryPoint\",\"urlTemplate\":\"https:\/\/www.suno.com.br\/noticias\/?s={search_term_string}\"},\"query-input\":{\"@type\":\"PropertyValueSpecification\",\"valueRequired\":true,\"valueName\":\"search_term_string\"}}],\"inLanguage\":\"pt-BR\"},{\"@type\":\"Organization\",\"@id\":\"https:\/\/www.suno.com.br\/noticias\/#organization\",\"name\":\"Suno Not\u00edcias\",\"url\":\"https:\/\/www.suno.com.br\/noticias\/\",\"logo\":{\"@type\":\"ImageObject\",\"inLanguage\":\"pt-BR\",\"@id\":\"https:\/\/www.suno.com.br\/noticias\/#\/schema\/logo\/image\/\",\"url\":\"https:\/\/files.sunoresearch.com.br\/n\/uploads\/2021\/09\/suno-logo.png\",\"contentUrl\":\"https:\/\/files.sunoresearch.com.br\/n\/uploads\/2021\/09\/suno-logo.png\",\"width\":180,\"height\":180,\"caption\":\"Suno Not\u00edcias\"},\"image\":{\"@id\":\"https:\/\/www.suno.com.br\/noticias\/#\/schema\/logo\/image\/\"},\"sameAs\":[\"https:\/\/facebook.com\/sunoresearch\",\"https:\/\/x.com\/sunoresearch\",\"https:\/\/www.instagram.com\/suno\",\"https:\/\/www.linkedin.com\/company\/suno-research\/\",\"https:\/\/www.youtube.com\/c\/sunoresearch\"]},{\"@type\":\"Person\",\"@id\":\"https:\/\/www.suno.com.br\/noticias\/#\/schema\/person\/e6e0f723cc177805027f4566c1d5e0c8\",\"name\":\"Carlo Cauti\",\"image\":{\"@type\":\"ImageObject\",\"inLanguage\":\"pt-BR\",\"@id\":\"https:\/\/www.suno.com.br\/noticias\/#\/schema\/person\/image\/\",\"url\":\"https:\/\/secure.gravatar.com\/avatar\/3ada9e0bd164c23abd4792a9606d583c?s=96&r=g\",\"contentUrl\":\"https:\/\/secure.gravatar.com\/avatar\/3ada9e0bd164c23abd4792a9606d583c?s=96&r=g\",\"caption\":\"Carlo Cauti\"},\"description\":\"Editor multim\u00eddia do SUNO Not\u00edcias. Italiano, formado em Ci\u00eancias Pol\u00edticas pela universidade LUISS G. Carli de Roma e mestre cum laude em Rela\u00e7\u00f5es Internacionais, Jornalismo Internacional e de Guerra e em Economia Internacional. Concluiu tamb\u00e9m um MBA em Finan\u00e7as na B3. No Brasil, teve passagem por ve\u00edculos como Estad\u00e3o, Globo, Veja e EXAME. e nas ag\u00eancias de not\u00edcias italianas ANSA e NOVA.\",\"url\":\"https:\/\/www.suno.com.br\/noticias\/author\/carlo-cauti\/\"}]}<\/script>\n<!-- \/ Yoast SEO plugin. -->","yoast_head_json":{"title":"Warren Buffett rejeita preocupa\u00e7\u00e3o com imposto corporativo nos EUA","description":"Warren Buffett disse n\u00e3o estar preocupado com uma poss\u00edvel alta de imposto corporativo nos EUA. Clique aqui para saber mais","robots":{"index":"index","follow":"follow","max-snippet":"max-snippet:-1","max-image-preview":"max-image-preview:large","max-video-preview":"max-video-preview:-1"},"canonical":"https:\/\/www.suno.com.br\/noticias\/warren-buffett-imposto-corporativo\/","og_locale":"pt_BR","og_type":"article","og_title":"Warren Buffett rejeita preocupa\u00e7\u00e3o com imposto corporativo nos EUA","og_description":"Warren Buffett disse n\u00e3o estar preocupado com uma poss\u00edvel alta de imposto corporativo nos EUA. Clique aqui para saber mais","og_url":"https:\/\/www.suno.com.br\/noticias\/warren-buffett-imposto-corporativo\/","og_site_name":"Suno Not\u00edcias","article_publisher":"https:\/\/facebook.com\/sunoresearch","og_image":[{"width":1280,"height":640,"url":"https:\/\/files.sunoresearch.com.br\/n\/uploads\/2021\/05\/89931917-warren-buffett-3.jpg","type":"image\/jpeg"}],"author":"Carlo Cauti","twitter_card":"summary_large_image","twitter_creator":"@sunoresearch","twitter_site":"@sunoresearch","twitter_misc":{"Escrito por":"Carlo Cauti","Est. tempo de leitura":"2 minutos"},"schema":{"@context":"https:\/\/schema.org","@graph":[{"@type":"NewsArticle","@id":"https:\/\/www.suno.com.br\/noticias\/warren-buffett-imposto-corporativo\/#article","isPartOf":{"@id":"https:\/\/www.suno.com.br\/noticias\/warren-buffett-imposto-corporativo\/"},"author":{"name":"Carlo Cauti","@id":"https:\/\/www.suno.com.br\/noticias\/#\/schema\/person\/e6e0f723cc177805027f4566c1d5e0c8"},"headline":"Warren Buffett rejeita preocupa\u00e7\u00e3o por poss\u00edvel alta de imposto corporativo nos EUA","datePublished":"2021-05-01T22:42:02+00:00","mainEntityOfPage":{"@id":"https:\/\/www.suno.com.br\/noticias\/warren-buffett-imposto-corporativo\/"},"wordCount":474,"publisher":{"@id":"https:\/\/www.suno.com.br\/noticias\/#organization"},"image":{"@id":"https:\/\/www.suno.com.br\/noticias\/warren-buffett-imposto-corporativo\/#primaryimage"},"thumbnailUrl":"https:\/\/files.sunoresearch.com.br\/n\/uploads\/2021\/05\/89931917-warren-buffett-3-jpg.webp","keywords":["Berkshire Hathaway (BERK34)","Warren Buffett"],"articleSection":["Internacional"],"inLanguage":"pt-BR"},{"@type":"WebPage","@id":"https:\/\/www.suno.com.br\/noticias\/warren-buffett-imposto-corporativo\/","url":"https:\/\/www.suno.com.br\/noticias\/warren-buffett-imposto-corporativo\/","name":"Warren Buffett rejeita preocupa\u00e7\u00e3o com imposto corporativo nos EUA","isPartOf":{"@id":"https:\/\/www.suno.com.br\/noticias\/#website"},"primaryImageOfPage":{"@id":"https:\/\/www.suno.com.br\/noticias\/warren-buffett-imposto-corporativo\/#primaryimage"},"image":{"@id":"https:\/\/www.suno.com.br\/noticias\/warren-buffett-imposto-corporativo\/#primaryimage"},"thumbnailUrl":"https:\/\/files.sunoresearch.com.br\/n\/uploads\/2021\/05\/89931917-warren-buffett-3-jpg.webp","datePublished":"2021-05-01T22:42:02+00:00","description":"Warren Buffett disse n\u00e3o estar preocupado com uma poss\u00edvel alta de imposto corporativo nos EUA. Clique aqui para saber mais","breadcrumb":{"@id":"https:\/\/www.suno.com.br\/noticias\/warren-buffett-imposto-corporativo\/#breadcrumb"},"inLanguage":"pt-BR","potentialAction":[{"@type":"ReadAction","target":["https:\/\/www.suno.com.br\/noticias\/warren-buffett-imposto-corporativo\/"]}]},{"@type":"ImageObject","inLanguage":"pt-BR","@id":"https:\/\/www.suno.com.br\/noticias\/warren-buffett-imposto-corporativo\/#primaryimage","url":"https:\/\/files.sunoresearch.com.br\/n\/uploads\/2021\/05\/89931917-warren-buffett-3-jpg.webp","contentUrl":"https:\/\/files.sunoresearch.com.br\/n\/uploads\/2021\/05\/89931917-warren-buffett-3-jpg.webp","width":1280,"height":640,"caption":"Warren Buffett e Charlie Munger estar\u00e3o presentes no encontro anual da Berkshire Hathaway no dia 30 de abril - Foto: Reprodu\u00e7\u00e3o: Yahoo Finance"},{"@type":"BreadcrumbList","@id":"https:\/\/www.suno.com.br\/noticias\/warren-buffett-imposto-corporativo\/#breadcrumb","itemListElement":[{"@type":"ListItem","position":1,"name":"Not\u00edcias","item":"https:\/\/www.suno.com.br\/noticias\/"},{"@type":"ListItem","position":2,"name":"Internacional","item":"https:\/\/www.suno.com.br\/noticias\/internacional\/"},{"@type":"ListItem","position":3,"name":"Warren Buffett rejeita preocupa\u00e7\u00e3o por poss\u00edvel alta de imposto corporativo nos EUA"}]},{"@type":"WebSite","@id":"https:\/\/www.suno.com.br\/noticias\/#website","url":"https:\/\/www.suno.com.br\/noticias\/","name":"Suno Not\u00edcias","description":"Seu portal de informa\u00e7\u00e3o sobre o mundo dos investimentos","publisher":{"@id":"https:\/\/www.suno.com.br\/noticias\/#organization"},"potentialAction":[{"@type":"SearchAction","target":{"@type":"EntryPoint","urlTemplate":"https:\/\/www.suno.com.br\/noticias\/?s={search_term_string}"},"query-input":{"@type":"PropertyValueSpecification","valueRequired":true,"valueName":"search_term_string"}}],"inLanguage":"pt-BR"},{"@type":"Organization","@id":"https:\/\/www.suno.com.br\/noticias\/#organization","name":"Suno Not\u00edcias","url":"https:\/\/www.suno.com.br\/noticias\/","logo":{"@type":"ImageObject","inLanguage":"pt-BR","@id":"https:\/\/www.suno.com.br\/noticias\/#\/schema\/logo\/image\/","url":"https:\/\/files.sunoresearch.com.br\/n\/uploads\/2021\/09\/suno-logo.png","contentUrl":"https:\/\/files.sunoresearch.com.br\/n\/uploads\/2021\/09\/suno-logo.png","width":180,"height":180,"caption":"Suno Not\u00edcias"},"image":{"@id":"https:\/\/www.suno.com.br\/noticias\/#\/schema\/logo\/image\/"},"sameAs":["https:\/\/facebook.com\/sunoresearch","https:\/\/x.com\/sunoresearch","https:\/\/www.instagram.com\/suno","https:\/\/www.linkedin.com\/company\/suno-research\/","https:\/\/www.youtube.com\/c\/sunoresearch"]},{"@type":"Person","@id":"https:\/\/www.suno.com.br\/noticias\/#\/schema\/person\/e6e0f723cc177805027f4566c1d5e0c8","name":"Carlo Cauti","image":{"@type":"ImageObject","inLanguage":"pt-BR","@id":"https:\/\/www.suno.com.br\/noticias\/#\/schema\/person\/image\/","url":"https:\/\/secure.gravatar.com\/avatar\/3ada9e0bd164c23abd4792a9606d583c?s=96&r=g","contentUrl":"https:\/\/secure.gravatar.com\/avatar\/3ada9e0bd164c23abd4792a9606d583c?s=96&r=g","caption":"Carlo Cauti"},"description":"Editor multim\u00eddia do SUNO Not\u00edcias. Italiano, formado em Ci\u00eancias Pol\u00edticas pela universidade LUISS G. Carli de Roma e mestre cum laude em Rela\u00e7\u00f5es Internacionais, Jornalismo Internacional e de Guerra e em Economia Internacional. Concluiu tamb\u00e9m um MBA em Finan\u00e7as na B3. No Brasil, teve passagem por ve\u00edculos como Estad\u00e3o, Globo, Veja e EXAME. e nas ag\u00eancias de not\u00edcias italianas ANSA e NOVA.","url":"https:\/\/www.suno.com.br\/noticias\/author\/carlo-cauti\/"}]}},"default_loop_html":"<div class=\"cardsPage__listCard__boxs\"><div class=\"cardsPage__listCard__boxs__img\"><a href=\"https:\/\/www.suno.com.br\/noticias\/warren-buffett-imposto-corporativo\/\"><img class=\"mask\" src=\"https:\/\/www.suno.com.br\/noticias\/wp-content\/themes\/suno\/resources\/images\/spotlight\/spotlight1img\/bg-mask.png\" alt=\"Image Mask\"\/><img src=\"https:\/\/files.sunoresearch.com.br\/n\/uploads\/2021\/05\/89931917-warren-buffett-3-400x200.webp\" alt=\"Warren Buffett rejeita preocupa\u00e7\u00e3o por poss\u00edvel alta de imposto corporativo nos EUA\"\/><\/a><span class=\"spotlightCategory\"><a href=\"https:\/\/www.suno.com.br\/noticias\/internacional\/\">Internacional<\/a><\/span><\/div><div class=\"cardsPage__listCard__boxs__content\"><a href=\"https:\/\/www.suno.com.br\/noticias\/warren-buffett-imposto-corporativo\/\"><h2 class=\"content__title\">Warren Buffett rejeita preocupa\u00e7\u00e3o por poss\u00edvel alta de imposto corporativo nos EUA<\/h2><\/a><div class=\"newsContent__article__meta\"><div class=\"newsContent__article__meta__authorBox\"><a href=\"https:\/\/www.suno.com.br\/noticias\/author\/carlo-cauti\/\" class=\"authorBox__avatar noMobi\"><img src=\"https:\/\/files.sunoresearch.com.br\/n\/uploads\/2020\/08\/e3745f9a-perfil-carlo-cauti-150x150.webp\" alt=\"Carlo Cauti\"><\/a><div class=\"authorBox__name\"><span>por\n\t\t\t<a href=\"https:\/\/www.suno.com.br\/noticias\/author\/carlo-cauti\/\"><span itemprop=\"author\">Carlo Cauti<\/span><\/a><\/span><time datetime=\"2021-05-01T19:42:02-03:00\" itemprop=\"datePublished\">01\/05\/2021 19:42<\/time><\/div><\/div><\/div><\/div><\/div>","single_layout":"posts","amp_enabled":true,"_links":{"self":[{"href":"https:\/\/www.suno.com.br\/noticias\/wp-json\/wp\/v2\/posts\/144095"}],"collection":[{"href":"https:\/\/www.suno.com.br\/noticias\/wp-json\/wp\/v2\/posts"}],"about":[{"href":"https:\/\/www.suno.com.br\/noticias\/wp-json\/wp\/v2\/types\/post"}],"author":[{"embeddable":true,"href":"https:\/\/www.suno.com.br\/noticias\/wp-json\/wp\/v2\/users\/9"}],"replies":[{"embeddable":true,"href":"https:\/\/www.suno.com.br\/noticias\/wp-json\/wp\/v2\/comments?post=144095"}],"version-history":[{"count":2,"href":"https:\/\/www.suno.com.br\/noticias\/wp-json\/wp\/v2\/posts\/144095\/revisions"}],"predecessor-version":[{"id":144106,"href":"https:\/\/www.suno.com.br\/noticias\/wp-json\/wp\/v2\/posts\/144095\/revisions\/144106"}],"wp:featuredmedia":[{"embeddable":true,"href":"https:\/\/www.suno.com.br\/noticias\/wp-json\/wp\/v2\/media\/144086"}],"wp:attachment":[{"href":"https:\/\/www.suno.com.br\/noticias\/wp-json\/wp\/v2\/media?parent=144095"}],"wp:term":[{"taxonomy":"category","embeddable":true,"href":"https:\/\/www.suno.com.br\/noticias\/wp-json\/wp\/v2\/categories?post=144095"},{"taxonomy":"post_tag","embeddable":true,"href":"https:\/\/www.suno.com.br\/noticias\/wp-json\/wp\/v2\/tags?post=144095"},{"taxonomy":"suno_strategy","embeddable":true,"href":"https:\/\/www.suno.com.br\/noticias\/wp-json\/wp\/v2\/suno_strategy?post=144095"}],"curies":[{"name":"wp","href":"https:\/\/api.w.org\/{rel}","templated":true}]}}