{"id":144063,"date":"2021-05-01T15:35:08","date_gmt":"2021-05-01T18:35:08","guid":{"rendered":"https:\/\/www.suno.com.br\/noticias\/?p=144063"},"modified":"2021-05-03T13:48:35","modified_gmt":"2021-05-03T16:48:35","slug":"cvm-day-trade-noticias-mais-lidas-semana","status":"publish","type":"post","link":"https:\/\/www.suno.com.br\/noticias\/cvm-day-trade-noticias-mais-lidas-semana\/","title":{"rendered":"CVM quer mudar regras do day trade e as outras 5 not\u00edcias mais lidas da semana"},"content":{"rendered":"<p>A preocupa\u00e7\u00e3o da <a href=\"https:\/\/www.suno.com.br\/artigos\/cvm\/\">Comiss\u00e3o de Valores Mobili\u00e1rios (CVM)<\/a> com o day trade liderou as<strong> not\u00edcias mais lidas da semana.<\/strong><\/p>\t<div class=\"wrapper-featured-image\">\n\t\t<figure class=\"spotlightImg\">\n\n\t\t\t<picture>\n\t\t\t\t<source media=\"(max-width: 768px)\" srcset=\"https:\/\/files.sunoresearch.com.br\/n\/uploads\/2019\/09\/563ccdd8-cvm-400x200.webp\">\n\t\t\t\t<img loading=\"lazy\" decoding=\"async\" class=\"newsContent__article__imgCapa lazyloadDisabled \" src=\"https:\/\/files.sunoresearch.com.br\/n\/uploads\/2019\/09\/563ccdd8-cvm-800x450.webp\" width=\"800\" height=\"450\" alt=\"CVM quer mudar regras do day trade e as outras 5 not\u00edcias mais lidas da semana\" fetchpriority=high \/>\n\t\t\t<\/picture>\n\n\t\t\t<figcaption class=\"wp-caption-text wp-caption-text--show\">CVM quer mudar regras do day trade e as outras 5 not\u00edcias mais lidas da semana (Foto: Reprodu\u00e7\u00e3o)<\/figcaption>\n\t\t<\/figure>\n\t<\/div>\n\n\n\t<p>\n\t\t<a href=\"https:\/\/lp.suno.com.br\/planilha-controle-gastos\/\" target=\"_blank\" data-element=\"shortcode-suno-banner\" title=\"Banner SUNO, clique e saiba mais\">\n\t\t\t<picture>\n\t\t\t\t<source media=\"(max-width: 500px)\" srcset=\"https:\/\/files.sunoresearch.com.br\/n\/uploads\/2023\/03\/400x300-Planilha-controle-de-gastos.png\">\n\t\t\t\t<img class=\"newsContent__article__imgCapa newsContent__article__imgCapa--banner\"\n\t\t\t\t\tsrc=\"https:\/\/files.sunoresearch.com.br\/n\/uploads\/2023\/03\/1420x240-Planilha-controle-de-gastos.png\"\n\t\t\t\t\tdata-promo-id=\"101751\"\t\t\t\t\t\t\t\t\t\twidth='1420' height='240'\t\t\t\t\talt=\"https:\/\/files.sunoresearch.com.br\/n\/uploads\/2023\/03\/1420x240-Planilha-controle-de-gastos.png\"\n\t\t\t\t>\n\t\t\t<\/picture>\n\t\t<\/a>\n\t<\/p>\n\n\n<p>Seguem entre as not\u00edcias mais lidas da semana a aprova\u00e7\u00e3o pela Weg do desdobramento de suas a\u00e7\u00f5es e o pagamento de juros sobre o capital pr\u00f3prio pela Magazine Luiza.<\/p>\n<p>Completam o elenco mais uma not\u00edcia sobre a CVM, que alertou sobre a atua\u00e7\u00e3o irregular da IQ Option e o pagamento de dividendos da Engie Brasil.<\/p>\n<p><a href=\"https:\/\/lp.suno.com.br\/suno-one\/\">Suno One: acesse gratuitamente eBooks, Minicursos, Artigos e V\u00eddeo Aulas sobre investimentos com um \u00fanico cadastro. Clique para saber mais!<\/a><\/p>\n<p>Confira abaixo um resumo e o link para as cinco not\u00edcias mais lidas na semana.<\/p>\n<h2>A primeira entre as not\u00edcias mais lidas da semana: CVM n\u00e3o est\u00e1 feliz com day trade e estuda mudar regulamenta\u00e7\u00e3o, diz coluna<\/h2>\n<p>A primeira not\u00edcia entre as mais lidas da semana mostra como a CVM entrou em contato com nomes do mercado financeiro, incluindo bancos e corretoras, para abordar opera\u00e7\u00f5es de <strong>day trade<\/strong>.<\/p>\n<p>De acordo com informa\u00e7\u00e3o da coluna de Lauro Jardim, no jornal <em>O Globo<\/em>, a xerife do mercado de capitais brasileiro est\u00e1 preocupada com investidores que acabam incorrendo em preju\u00edzo atrav\u00e9s da estrat\u00e9gia especulativa e estuda uma mudan\u00e7a na regulamenta\u00e7\u00e3o.<\/p>\n<p>O &#8220;day trader&#8221;, quem opera com compra e venda de ativos no mesmo dia, tem baixa chance de conseguir uma renda satisfat\u00f3ria, mostrou <a href=\"https:\/\/www.suno.com.br\/noticias\/day-trade-viver-impossivel\/\">estudo da Funda\u00e7\u00e3o Get\u00falio Vargas (FGV)<\/a>. Segundo a institui\u00e7\u00e3o, apenas 0,57% dos investidores continuam fazendo day trade ap\u00f3s 300 preg\u00f5es e, na m\u00e9dia, day traders t\u00eam um preju\u00edzo bruto de R$ 49 diariamente.<\/p>\n<p>Atualmente, s\u00e3o pouco mais de 3,5 milh\u00f5es de investidores pessoas f\u00edsicas na <a href=\"https:\/\/www.suno.com.br\/artigos\/b3\/\">Bolsa de Valores de S\u00e3o Paulo (B3)<\/a>, contra cerca de 600 mil CPFs cadastrados em 2016. E o interesse por <strong>day trade no Brasil<\/strong> veio junto com o crescimento do n\u00famero de investidores.<\/p>\n<p>Na edi\u00e7\u00e3o 15 de &#8220;Cadernos CVM&#8221;, de 2020, a qual trata das opera\u00e7\u00f5es, a autarquia destacou que o interesse pela estrat\u00e9gia de opera\u00e7\u00e3o disparou nos \u00faltimos tr\u00eas anos. Dados obtidos a partir do Google Trends apontaram para uma salto na procura pelo termo desde 2018, da ordem de quatro vezes.<\/p>\n\t<div data-element=\"shortcode-read-more\" class=\"knowMore\">\n\t\t\t\t<span class=\"knowMore__title\">Leia mais<\/span>\n\t\t\t\t<a class=\"knowMore__link\" href=\"https:\/\/www.suno.com.br\/noticias\/cvm-nao-feliz-day-trade-mudar-regulamentacao\/\">\n\t\t\tCVM n\u00e3o est\u00e1 feliz com day trade e estuda mudar regulamenta\u00e7\u00e3o, diz coluna\t\t<\/a>\n\t<\/div>\n\n\n<h2>Weg (WEGE3) aprova desdobramento de uma a\u00e7\u00e3o em duas<\/h2>\n<p>A segunda not\u00edcia mais lida da semana \u00e9 a da <a href=\"https:\/\/www.suno.com.br\/acoes\/wege3\/\"><strong>Weg<\/strong> (WEGE3)<\/a>, que aprovou nesta ter\u00e7a-feira (27) a proposta de desdobramento das a\u00e7\u00f5es representativas do seu capital social, e assim, cada a\u00e7\u00e3o ordin\u00e1ria passar\u00e1 a representar duas.<br \/>\n\t<p>\n\t\t<a href=\"\" target=\"_blank\" data-element=\"shortcode-suno-banner\" title=\"Banner SUNO, clique e saiba mais\">\n\t\t\t<picture>\n\t\t\t\t<source media=\"(max-width: 500px)\" srcset=\"\">\n\t\t\t\t<img class=\"newsContent__article__imgCapa newsContent__article__imgCapa--banner\"\n\t\t\t\t\tsrc=\"\"\n\t\t\t\t\tdata-promo-id=\"93160\"\t\t\t\t\t\t\t\t\t\t\t\t\t\t\talt=\"\"\n\t\t\t\t>\n\t\t\t<\/picture>\n\t\t<\/a>\n\t<\/p>\n\n<br \/>\nO <a href=\"https:\/\/www.suno.com.br\/artigos\/desdobramento-de-acoes\/#:~:text=O%20desdobramento%2C%20ou%20desdobramento%20de,em%20ingl%C3%AAs%20%C3%A9%20mais%20utilizada.\"><strong>desdobramento de a\u00e7\u00f5es da Weg<\/strong><\/a> n\u00e3o ir\u00e1 aumentar seu capital social, mas o novo n\u00famero de a\u00e7\u00f5es representativas do capital social da companhia passou de 2.098.658.999 para 4.197.317.998 pap\u00e9is ordin\u00e1rios.<\/p>\n<p>Em rela\u00e7\u00e3o a paridade existente entre os pap\u00e9is e <a href=\"https:\/\/www.suno.com.br\/artigos\/adr\/\">os ADRs<\/a>, a empresa explica que foi mantida em um para um, o que significa que cada ADR continua sendo representado por apenas uma a\u00e7\u00e3o ordin\u00e1ria da Weg.<\/p>\n<p><a href=\"https:\/\/lp.suno.com.br\/suno-one\/\"> Suno One: acesse gratuitamente eBooks, Minicursos, Artigos e V\u00eddeo Aulas sobre investimentos com um \u00fanico cadastro. Clique para saber mais!<\/a><\/p>\n<p>Segundo a companhia, o desdobramento tem como objetivos ampliar o acesso de investidores \u00e0s suas a\u00e7\u00f5es emitidas, diversificar a base acion\u00e1ria e aumentar a <a href=\"https:\/\/www.suno.com.br\/artigos\/liquidez-financeira\/#:~:text=Liquidez%20financeira%20%C3%A9%20a%20capacidade,bem%20ou%20ativo%20em%20dinheiro.&amp;text=Al%C3%A9m%20disso%2C%20a%20velocidade%20na,relevante%20do%20valor%20do%20ativo.\">liquidez dos pap\u00e9is.<\/a><\/p>\n<p>Al\u00e9m disso, os direitos das <a href=\"https:\/\/www.suno.com.br\/artigos\/o-que-sao-acoes-ordinarias-preferenciais-e-units\/#:~:text=A%C3%A7%C3%B5es%20ordin%C3%A1rias%20s%C3%A3o%20as%20a%C3%A7%C3%B5es,insignificante%20perto%20dos%20grandes%20investidores.\">a\u00e7\u00f5es ordin\u00e1rias<\/a> provenientes do desdobramento permanecem inalterados em rela\u00e7\u00e3o \u00e0 posi\u00e7\u00e3o acion\u00e1ria anterior.<\/p>\n<p>Vale destacar que a partir de amanh\u00e3 (28), os pap\u00e9is ser\u00e3o negociados sem direito ao desdobramento, e o cr\u00e9dito das a\u00e7\u00f5es desdobradas ser\u00e1 realizada automaticamente na conta dos acionistas no dia 30 de abril.<\/p>\n\t<div data-element=\"shortcode-read-more\" class=\"knowMore\">\n\t\t\t\t<span class=\"knowMore__title\">Leia mais<\/span>\n\t\t\t\t<a class=\"knowMore__link\" href=\"https:\/\/www.suno.com.br\/noticias\/weg-wege3-desdobramento-acoes\/\">\n\t\t\tWeg (WEGE3) aprova desdobramento de uma a\u00e7\u00e3o em duas\t\t<\/a>\n\t<\/div>\n\n\n<h2>Magazine Luiza (MGLU3) pagar\u00e1 R$ 170 mi em JCP em 5 de maio<\/h2>\n<p>A terceira entre as not\u00edcias mais lidas da semana \u00e9 a da <a href=\"https:\/\/www.suno.com.br\/acoes\/mglu3\/\"><strong>Magazine Luiza<\/strong> (MGLU3)<\/a>, que informou que no dia 5 de maio realizar\u00e1 o pagamento dos R$ 170 milh\u00f5es em <a href=\"https:\/\/www.suno.com.br\/artigos\/entenda-o-jcp\/\">Juros sobre o Capital Pr\u00f3prio,<\/a> aprovados em dezembro do ano passado. A informa\u00e7\u00e3o foi divulgada hoje (26) pela companhia, atrav\u00e9s de aviso aos acionistas.<br \/>\n\t<p>\n\t\t<a href=\"\" target=\"_blank\" data-element=\"shortcode-suno-banner\" title=\"Banner SUNO, clique e saiba mais\">\n\t\t\t<picture>\n\t\t\t\t<source media=\"(max-width: 500px)\" srcset=\"\">\n\t\t\t\t<img class=\"newsContent__article__imgCapa newsContent__article__imgCapa--banner\"\n\t\t\t\t\tsrc=\"\"\n\t\t\t\t\tdata-promo-id=\"91641\"\t\t\t\t\t\t\t\t\t\t\t\t\t\t\talt=\"\"\n\t\t\t\t>\n\t\t\t<\/picture>\n\t\t<\/a>\n\t<\/p>\n\n<br \/>\nOs <strong>Juros Sobre Capital Pr\u00f3prio<\/strong> declarados pelo Magazine Luiza s\u00e3o referentes ao exerc\u00edcio social finalizado em dezembro de 2020.<\/p>\n<p>Al\u00e9m disso,\u00a0 valor bruto por a\u00e7\u00e3o, ou seja, o valor sem descontar o impostos de renda retido na fonte de 15%,\u00a0 \u00e9 de pouco mais que R$ 0,0263.<\/p>\n<p>Os proventos ser\u00e3o pagos aos acionistas que tinham a\u00e7\u00f5es do Magalu ao final do dia e 29 de dezembro do ano passado, sendo que ap\u00f3s essa data os pap\u00e9is passaram a ser negociados sem direito ao recebimento desses <strong>JCPs.<\/strong><\/p>\n\t<div data-element=\"shortcode-read-more\" class=\"knowMore\">\n\t\t\t\t<span class=\"knowMore__title\">Leia mais<\/span>\n\t\t\t\t<a class=\"knowMore__link\" href=\"https:\/\/www.suno.com.br\/noticias\/magazine-luiza-mglu3-pagara-jcp-maio\/\">\n\t\t\tMagazine Luiza (MGLU3) pagar\u00e1 R$ 170 mi em JCP em 5 de maio\t\t<\/a>\n\t<\/div>\n\n\n<h2>Ap\u00f3s \u2018Rob\u00f4 da Nasa\u2019, CVM refor\u00e7a alerta contra IQ Option<\/h2>\n<p>A Superintend\u00eancia de Rela\u00e7\u00f5es com o Mercado e Intermedi\u00e1rios (SMI) da CVM reitera em comunicado um alerta sobre a atua\u00e7\u00e3o irregular da <strong>IQ Option<\/strong>. A empresa n\u00e3o est\u00e1 autorizada pelo \u00f3rg\u00e3o regulador a captar clientes residentes no Brasil, por n\u00e3o integrar o sistema de distribui\u00e7\u00e3o de valores mobili\u00e1rios.<\/p>\n<p>Em 24 de abril do ano passado, a CVM fez o primeiro alerta sobre a IQ Option e determinou a suspens\u00e3o de ofertas p\u00fablicas de investimento veiculadas pelo mesmo.<\/p>\n<p>A SMI detectou ind\u00edcios de que a empresa, por meio do site www.iqoption.com, vinha realizando a capta\u00e7\u00e3o irregular de investidores para a realiza\u00e7\u00e3o de opera\u00e7\u00f5es no mercado <a href=\"https:\/\/www.suno.com.br\/artigos\/forex\/\">Forex (Foreign Exchange)<\/a>, em <a href=\"https:\/\/www.suno.com.br\/artigos\/cfds\/\">Contracts For Difference (CFD)<\/a> e em op\u00e7\u00f5es bin\u00e1rias.<\/p>\n<p>O caso j\u00e1 foi comunicado pela autarquia ao Minist\u00e9rio P\u00fablico Federal no Distrito Federal. Al\u00e9m disso, a CVM tamb\u00e9m iniciou contato com a Financial Services Authority de S\u00e3o Vicente e Granadinas, onde est\u00e1 constitu\u00edda a IQ Option, em busca de uma atua\u00e7\u00e3o coordenada no caso. O assunto \u00e9 alvo do processo administrativo SP2016-467.<\/p>\n<p>Opera\u00e7\u00f5es realizadas no mercado Forex envolvem negocia\u00e7\u00f5es cujo resultado decorre da varia\u00e7\u00e3o da cota\u00e7\u00e3o de pares de moedas estrangeiras. Os CFDs e as op\u00e7\u00f5es bin\u00e1rias s\u00e3o opera\u00e7\u00f5es em que o resultado deriva da performance dos ativos em que se baseiam. Todas essas modalidades de investimentos s\u00e3o consideradas derivativos.<\/p>\n\t<div data-element=\"shortcode-read-more\" class=\"knowMore\">\n\t\t\t\t<span class=\"knowMore__title\">Leia mais<\/span>\n\t\t\t\t<a class=\"knowMore__link\" href=\"https:\/\/www.suno.com.br\/noticias\/cvm-alerta-atuacao-irregular-iq-option\/\">\n\t\t\tAp\u00f3s &#039;Rob\u00f4 da Nasa&#039;, CVM refor\u00e7a alerta contra IQ Option\t\t<\/a>\n\t<\/div>\n\n\n<h2>Engie Brasil (EGIE3) pagar\u00e1 R$ 609,6 milh\u00f5es em dividendos<\/h2>\n<p>A \u00faltima das not\u00edcias mais lidas da semana \u00e9 a da <a href=\"https:\/\/www.suno.com.br\/acoes\/egie3\/\"><strong>Engie<\/strong> Brasil (EGIE3)<\/a>, que anunciou na noite desta quarta-feira (28) que pagar\u00e1 R$ 609,6 milh\u00f5es em dividendos complementares relativos ao ano passado, seguindo o\u00a0 que foi aprovado em assembleia geral ordin\u00e1ria realizada tamb\u00e9m ontem. Ser\u00e3o cerca R$ 0,747 por a\u00e7\u00e3o.<\/p>\n<p>Em fevereiro, o <a href=\"https:\/\/www.suno.com.br\/artigos\/conselho-administracao\/\">conselho de administra\u00e7\u00e3o<\/a> da companhia j\u00e1 havia proposto o pagamento da quantia. Com isso, a <strong>Engie<\/strong> <strong>distribuiu <\/strong>durante todo o ano de 2020 R$ 2,016 bilh\u00f5es em<strong> proventos<\/strong>, equivalente a 100% do lucro l\u00edquido distribu\u00edvel (desconsiderando a repactua\u00e7\u00e3o do risco hidrol\u00f3gico).<\/p>\n<p>Em dezembro de 2020, a Engie avia anunciado o pagamento de R$ 729 milh\u00f5es, separados em R$ 554 milh\u00f5es em dividendos e R$ 175 milh\u00f5es em <a href=\"https:\/\/www.suno.com.br\/artigos\/entenda-o-jcp\/\">juros sobre o capital pr\u00f3prio (JCP)<\/a>. Em julho do ano passado, outros\u00a0 R$ 677,6 milh\u00f5es em dividendos intercalares foram comunicados.<\/p>\n\t<div data-element=\"shortcode-read-more\" class=\"knowMore\">\n\t\t\t\t<span class=\"knowMore__title\">Leia mais<\/span>\n\t\t\t\t<a class=\"knowMore__link\" href=\"https:\/\/www.suno.com.br\/noticias\/engie-brasil-egie3-pagara-r-6096-milhoes-em-dividendos\/\">\n\t\t\tEngie Brasil (EGIE3) pagar\u00e1 R$ 609,6 milh\u00f5es em dividendos\t\t<\/a>\n\t<\/div>\n\n\n<p>Essas eram as 5 not\u00edcias mais lidas da semana. Para ler todas, <strong><a href=\"https:\/\/www.suno.com.br\/noticias\">clique aqui.<\/a><\/strong><\/p>\n<p><span style=\"font-weight: 400;\">\t<p>\n\t\t<a href=\"https:\/\/lp.suno.com.br\/planilha-de-controle-de-investimentos\/\" target=\"_blank\" data-element=\"shortcode-suno-banner\" title=\"Banner SUNO, clique e saiba mais\">\n\t\t\t<picture>\n\t\t\t\t<source media=\"(max-width: 500px)\" srcset=\"https:\/\/files.sunoresearch.com.br\/n\/uploads\/2023\/03\/400x300-Controle-de-Investimentos.png\">\n\t\t\t\t<img class=\"newsContent__article__imgCapa newsContent__article__imgCapa--banner\"\n\t\t\t\t\tsrc=\"https:\/\/files.sunoresearch.com.br\/n\/uploads\/2023\/03\/1420x240-Controle-de-Investimentos.png\"\n\t\t\t\t\tdata-promo-id=\"75934\"\t\t\t\t\t\t\t\t\t\twidth='1420' height='240'\t\t\t\t\talt=\"https:\/\/files.sunoresearch.com.br\/n\/uploads\/2023\/03\/1420x240-Controle-de-Investimentos.png\"\n\t\t\t\t>\n\t\t\t<\/picture>\n\t\t<\/a>\n\t<\/p>\n\n<\/span><\/p>\n","protected":false},"excerpt":{"rendered":"<p>A preocupa\u00e7\u00e3o da Comiss\u00e3o de Valores Mobili\u00e1rios (CVM) com o day trade liderou as not\u00edcias mais lidas da semana. CVM quer mudar regras do day trade e as outras 5 not\u00edcias mais lidas da semana (Foto: Reprodu\u00e7\u00e3o) Seguem entre as not\u00edcias mais lidas da semana a aprova\u00e7\u00e3o pela Weg do desdobramento de suas a\u00e7\u00f5es e [&hellip;]<\/p>\n","protected":false},"author":9,"featured_media":36624,"comment_status":"closed","ping_status":"closed","sticky":false,"template":"","format":"standard","meta":[],"categories":[64],"tags":[902,35491],"suno_strategy":[],"class_list":["post-144063","post","type-post","status-publish","format-standard","has-post-thumbnail","hentry","category-negocios","tag-comissao-de-valores-mobiliarios-cvm","tag-day-trade"],"yoast_head":"<!-- This site is optimized with the Yoast SEO plugin v24.4 - https:\/\/yoast.com\/wordpress\/plugins\/seo\/ -->\n<title>CVM quer mudar regras do day trade e outras 5 not\u00edcias mais lidas<\/title>\n<meta name=\"description\" content=\"Comiss\u00e3o de Valores Mobili\u00e1rios quer mudar regras do day trade e as outras 5 not\u00edcias mais lidas da semana. Clique aqui e leia todas.\" \/>\n<meta name=\"robots\" content=\"index, follow, max-snippet:-1, max-image-preview:large, max-video-preview:-1\" \/>\n<link rel=\"canonical\" href=\"https:\/\/www.suno.com.br\/noticias\/cvm-day-trade-noticias-mais-lidas-semana\/\" \/>\n<meta property=\"og:locale\" content=\"pt_BR\" \/>\n<meta property=\"og:type\" content=\"article\" \/>\n<meta property=\"og:title\" content=\"CVM quer mudar regras do day trade e outras 5 not\u00edcias mais lidas\" \/>\n<meta property=\"og:description\" content=\"Comiss\u00e3o de Valores Mobili\u00e1rios quer mudar regras do day trade e as outras 5 not\u00edcias mais lidas da semana. Clique aqui e leia todas.\" \/>\n<meta property=\"og:url\" content=\"https:\/\/www.suno.com.br\/noticias\/cvm-day-trade-noticias-mais-lidas-semana\/\" \/>\n<meta property=\"og:site_name\" content=\"Suno Not\u00edcias\" \/>\n<meta property=\"article:publisher\" content=\"https:\/\/facebook.com\/sunoresearch\" \/>\n<meta property=\"og:image\" content=\"https:\/\/files.sunoresearch.com.br\/n\/uploads\/2019\/09\/563ccdd8-cvm.jpg\" \/>\n\t<meta property=\"og:image:width\" content=\"1024\" \/>\n\t<meta property=\"og:image:height\" content=\"684\" \/>\n\t<meta property=\"og:image:type\" content=\"image\/jpeg\" \/>\n<meta name=\"author\" content=\"Carlo Cauti\" \/>\n<meta name=\"twitter:card\" content=\"summary_large_image\" \/>\n<meta name=\"twitter:creator\" content=\"@sunoresearch\" \/>\n<meta name=\"twitter:site\" content=\"@sunoresearch\" \/>\n<meta name=\"twitter:label1\" content=\"Escrito por\" \/>\n\t<meta name=\"twitter:data1\" content=\"Carlo Cauti\" \/>\n\t<meta name=\"twitter:label2\" content=\"Est. tempo de leitura\" \/>\n\t<meta name=\"twitter:data2\" content=\"6 minutos\" \/>\n<script type=\"application\/ld+json\" class=\"yoast-schema-graph\">{\"@context\":\"https:\/\/schema.org\",\"@graph\":[{\"@type\":\"NewsArticle\",\"@id\":\"https:\/\/www.suno.com.br\/noticias\/cvm-day-trade-noticias-mais-lidas-semana\/#article\",\"isPartOf\":{\"@id\":\"https:\/\/www.suno.com.br\/noticias\/cvm-day-trade-noticias-mais-lidas-semana\/\"},\"author\":{\"name\":\"Carlo Cauti\",\"@id\":\"https:\/\/www.suno.com.br\/noticias\/#\/schema\/person\/e6e0f723cc177805027f4566c1d5e0c8\"},\"headline\":\"CVM quer mudar regras do day trade e as outras 5 not\u00edcias mais lidas da semana\",\"datePublished\":\"2021-05-01T18:35:08+00:00\",\"dateModified\":\"2021-05-03T16:48:35+00:00\",\"mainEntityOfPage\":{\"@id\":\"https:\/\/www.suno.com.br\/noticias\/cvm-day-trade-noticias-mais-lidas-semana\/\"},\"wordCount\":1273,\"publisher\":{\"@id\":\"https:\/\/www.suno.com.br\/noticias\/#organization\"},\"image\":{\"@id\":\"https:\/\/www.suno.com.br\/noticias\/cvm-day-trade-noticias-mais-lidas-semana\/#primaryimage\"},\"thumbnailUrl\":\"https:\/\/files.sunoresearch.com.br\/n\/uploads\/2019\/09\/563ccdd8-cvm-jpg.webp\",\"keywords\":[\"Comiss\u00e3o de Valores Mobili\u00e1rios (CVM)\",\"day trade\"],\"articleSection\":[\"Neg\u00f3cios\"],\"inLanguage\":\"pt-BR\"},{\"@type\":\"WebPage\",\"@id\":\"https:\/\/www.suno.com.br\/noticias\/cvm-day-trade-noticias-mais-lidas-semana\/\",\"url\":\"https:\/\/www.suno.com.br\/noticias\/cvm-day-trade-noticias-mais-lidas-semana\/\",\"name\":\"CVM quer mudar regras do day trade e outras 5 not\u00edcias mais lidas\",\"isPartOf\":{\"@id\":\"https:\/\/www.suno.com.br\/noticias\/#website\"},\"primaryImageOfPage\":{\"@id\":\"https:\/\/www.suno.com.br\/noticias\/cvm-day-trade-noticias-mais-lidas-semana\/#primaryimage\"},\"image\":{\"@id\":\"https:\/\/www.suno.com.br\/noticias\/cvm-day-trade-noticias-mais-lidas-semana\/#primaryimage\"},\"thumbnailUrl\":\"https:\/\/files.sunoresearch.com.br\/n\/uploads\/2019\/09\/563ccdd8-cvm-jpg.webp\",\"datePublished\":\"2021-05-01T18:35:08+00:00\",\"dateModified\":\"2021-05-03T16:48:35+00:00\",\"description\":\"Comiss\u00e3o de Valores Mobili\u00e1rios quer mudar regras do day trade e as outras 5 not\u00edcias mais lidas da semana. Clique aqui e leia todas.\",\"breadcrumb\":{\"@id\":\"https:\/\/www.suno.com.br\/noticias\/cvm-day-trade-noticias-mais-lidas-semana\/#breadcrumb\"},\"inLanguage\":\"pt-BR\",\"potentialAction\":[{\"@type\":\"ReadAction\",\"target\":[\"https:\/\/www.suno.com.br\/noticias\/cvm-day-trade-noticias-mais-lidas-semana\/\"]}]},{\"@type\":\"ImageObject\",\"inLanguage\":\"pt-BR\",\"@id\":\"https:\/\/www.suno.com.br\/noticias\/cvm-day-trade-noticias-mais-lidas-semana\/#primaryimage\",\"url\":\"https:\/\/files.sunoresearch.com.br\/n\/uploads\/2019\/09\/563ccdd8-cvm-jpg.webp\",\"contentUrl\":\"https:\/\/files.sunoresearch.com.br\/n\/uploads\/2019\/09\/563ccdd8-cvm-jpg.webp\",\"width\":1024,\"height\":684,\"caption\":\"CVM quer mudar regras do day trade e as outras 5 not\u00edcias mais lidas da semana (Foto: Reprodu\u00e7\u00e3o)\"},{\"@type\":\"BreadcrumbList\",\"@id\":\"https:\/\/www.suno.com.br\/noticias\/cvm-day-trade-noticias-mais-lidas-semana\/#breadcrumb\",\"itemListElement\":[{\"@type\":\"ListItem\",\"position\":1,\"name\":\"Not\u00edcias\",\"item\":\"https:\/\/www.suno.com.br\/noticias\/\"},{\"@type\":\"ListItem\",\"position\":2,\"name\":\"Neg\u00f3cios\",\"item\":\"https:\/\/www.suno.com.br\/noticias\/negocios\/\"},{\"@type\":\"ListItem\",\"position\":3,\"name\":\"CVM quer mudar regras do day trade e as outras 5 not\u00edcias mais lidas da semana\"}]},{\"@type\":\"WebSite\",\"@id\":\"https:\/\/www.suno.com.br\/noticias\/#website\",\"url\":\"https:\/\/www.suno.com.br\/noticias\/\",\"name\":\"Suno Not\u00edcias\",\"description\":\"Seu portal de informa\u00e7\u00e3o sobre o mundo dos investimentos\",\"publisher\":{\"@id\":\"https:\/\/www.suno.com.br\/noticias\/#organization\"},\"potentialAction\":[{\"@type\":\"SearchAction\",\"target\":{\"@type\":\"EntryPoint\",\"urlTemplate\":\"https:\/\/www.suno.com.br\/noticias\/?s={search_term_string}\"},\"query-input\":{\"@type\":\"PropertyValueSpecification\",\"valueRequired\":true,\"valueName\":\"search_term_string\"}}],\"inLanguage\":\"pt-BR\"},{\"@type\":\"Organization\",\"@id\":\"https:\/\/www.suno.com.br\/noticias\/#organization\",\"name\":\"Suno Not\u00edcias\",\"url\":\"https:\/\/www.suno.com.br\/noticias\/\",\"logo\":{\"@type\":\"ImageObject\",\"inLanguage\":\"pt-BR\",\"@id\":\"https:\/\/www.suno.com.br\/noticias\/#\/schema\/logo\/image\/\",\"url\":\"https:\/\/files.sunoresearch.com.br\/n\/uploads\/2021\/09\/suno-logo.png\",\"contentUrl\":\"https:\/\/files.sunoresearch.com.br\/n\/uploads\/2021\/09\/suno-logo.png\",\"width\":180,\"height\":180,\"caption\":\"Suno Not\u00edcias\"},\"image\":{\"@id\":\"https:\/\/www.suno.com.br\/noticias\/#\/schema\/logo\/image\/\"},\"sameAs\":[\"https:\/\/facebook.com\/sunoresearch\",\"https:\/\/x.com\/sunoresearch\",\"https:\/\/www.instagram.com\/suno\",\"https:\/\/www.linkedin.com\/company\/suno-research\/\",\"https:\/\/www.youtube.com\/c\/sunoresearch\"]},{\"@type\":\"Person\",\"@id\":\"https:\/\/www.suno.com.br\/noticias\/#\/schema\/person\/e6e0f723cc177805027f4566c1d5e0c8\",\"name\":\"Carlo Cauti\",\"image\":{\"@type\":\"ImageObject\",\"inLanguage\":\"pt-BR\",\"@id\":\"https:\/\/www.suno.com.br\/noticias\/#\/schema\/person\/image\/\",\"url\":\"https:\/\/secure.gravatar.com\/avatar\/3ada9e0bd164c23abd4792a9606d583c?s=96&r=g\",\"contentUrl\":\"https:\/\/secure.gravatar.com\/avatar\/3ada9e0bd164c23abd4792a9606d583c?s=96&r=g\",\"caption\":\"Carlo Cauti\"},\"description\":\"Editor multim\u00eddia do SUNO Not\u00edcias. Italiano, formado em Ci\u00eancias Pol\u00edticas pela universidade LUISS G. Carli de Roma e mestre cum laude em Rela\u00e7\u00f5es Internacionais, Jornalismo Internacional e de Guerra e em Economia Internacional. Concluiu tamb\u00e9m um MBA em Finan\u00e7as na B3. No Brasil, teve passagem por ve\u00edculos como Estad\u00e3o, Globo, Veja e EXAME. e nas ag\u00eancias de not\u00edcias italianas ANSA e NOVA.\",\"url\":\"https:\/\/www.suno.com.br\/noticias\/author\/carlo-cauti\/\"}]}<\/script>\n<!-- \/ Yoast SEO plugin. -->","yoast_head_json":{"title":"CVM quer mudar regras do day trade e outras 5 not\u00edcias mais lidas","description":"Comiss\u00e3o de Valores Mobili\u00e1rios quer mudar regras do day trade e as outras 5 not\u00edcias mais lidas da semana. Clique aqui e leia todas.","robots":{"index":"index","follow":"follow","max-snippet":"max-snippet:-1","max-image-preview":"max-image-preview:large","max-video-preview":"max-video-preview:-1"},"canonical":"https:\/\/www.suno.com.br\/noticias\/cvm-day-trade-noticias-mais-lidas-semana\/","og_locale":"pt_BR","og_type":"article","og_title":"CVM quer mudar regras do day trade e outras 5 not\u00edcias mais lidas","og_description":"Comiss\u00e3o de Valores Mobili\u00e1rios quer mudar regras do day trade e as outras 5 not\u00edcias mais lidas da semana. Clique aqui e leia todas.","og_url":"https:\/\/www.suno.com.br\/noticias\/cvm-day-trade-noticias-mais-lidas-semana\/","og_site_name":"Suno Not\u00edcias","article_publisher":"https:\/\/facebook.com\/sunoresearch","og_image":[{"width":1024,"height":684,"url":"https:\/\/files.sunoresearch.com.br\/n\/uploads\/2019\/09\/563ccdd8-cvm.jpg","type":"image\/jpeg"}],"author":"Carlo Cauti","twitter_card":"summary_large_image","twitter_creator":"@sunoresearch","twitter_site":"@sunoresearch","twitter_misc":{"Escrito por":"Carlo Cauti","Est. tempo de leitura":"6 minutos"},"schema":{"@context":"https:\/\/schema.org","@graph":[{"@type":"NewsArticle","@id":"https:\/\/www.suno.com.br\/noticias\/cvm-day-trade-noticias-mais-lidas-semana\/#article","isPartOf":{"@id":"https:\/\/www.suno.com.br\/noticias\/cvm-day-trade-noticias-mais-lidas-semana\/"},"author":{"name":"Carlo Cauti","@id":"https:\/\/www.suno.com.br\/noticias\/#\/schema\/person\/e6e0f723cc177805027f4566c1d5e0c8"},"headline":"CVM quer mudar regras do day trade e as outras 5 not\u00edcias mais lidas da semana","datePublished":"2021-05-01T18:35:08+00:00","dateModified":"2021-05-03T16:48:35+00:00","mainEntityOfPage":{"@id":"https:\/\/www.suno.com.br\/noticias\/cvm-day-trade-noticias-mais-lidas-semana\/"},"wordCount":1273,"publisher":{"@id":"https:\/\/www.suno.com.br\/noticias\/#organization"},"image":{"@id":"https:\/\/www.suno.com.br\/noticias\/cvm-day-trade-noticias-mais-lidas-semana\/#primaryimage"},"thumbnailUrl":"https:\/\/files.sunoresearch.com.br\/n\/uploads\/2019\/09\/563ccdd8-cvm-jpg.webp","keywords":["Comiss\u00e3o de Valores Mobili\u00e1rios (CVM)","day trade"],"articleSection":["Neg\u00f3cios"],"inLanguage":"pt-BR"},{"@type":"WebPage","@id":"https:\/\/www.suno.com.br\/noticias\/cvm-day-trade-noticias-mais-lidas-semana\/","url":"https:\/\/www.suno.com.br\/noticias\/cvm-day-trade-noticias-mais-lidas-semana\/","name":"CVM quer mudar regras do day trade e outras 5 not\u00edcias mais lidas","isPartOf":{"@id":"https:\/\/www.suno.com.br\/noticias\/#website"},"primaryImageOfPage":{"@id":"https:\/\/www.suno.com.br\/noticias\/cvm-day-trade-noticias-mais-lidas-semana\/#primaryimage"},"image":{"@id":"https:\/\/www.suno.com.br\/noticias\/cvm-day-trade-noticias-mais-lidas-semana\/#primaryimage"},"thumbnailUrl":"https:\/\/files.sunoresearch.com.br\/n\/uploads\/2019\/09\/563ccdd8-cvm-jpg.webp","datePublished":"2021-05-01T18:35:08+00:00","dateModified":"2021-05-03T16:48:35+00:00","description":"Comiss\u00e3o de Valores Mobili\u00e1rios quer mudar regras do day trade e as outras 5 not\u00edcias mais lidas da semana. Clique aqui e leia todas.","breadcrumb":{"@id":"https:\/\/www.suno.com.br\/noticias\/cvm-day-trade-noticias-mais-lidas-semana\/#breadcrumb"},"inLanguage":"pt-BR","potentialAction":[{"@type":"ReadAction","target":["https:\/\/www.suno.com.br\/noticias\/cvm-day-trade-noticias-mais-lidas-semana\/"]}]},{"@type":"ImageObject","inLanguage":"pt-BR","@id":"https:\/\/www.suno.com.br\/noticias\/cvm-day-trade-noticias-mais-lidas-semana\/#primaryimage","url":"https:\/\/files.sunoresearch.com.br\/n\/uploads\/2019\/09\/563ccdd8-cvm-jpg.webp","contentUrl":"https:\/\/files.sunoresearch.com.br\/n\/uploads\/2019\/09\/563ccdd8-cvm-jpg.webp","width":1024,"height":684,"caption":"CVM quer mudar regras do day trade e as outras 5 not\u00edcias mais lidas da semana (Foto: Reprodu\u00e7\u00e3o)"},{"@type":"BreadcrumbList","@id":"https:\/\/www.suno.com.br\/noticias\/cvm-day-trade-noticias-mais-lidas-semana\/#breadcrumb","itemListElement":[{"@type":"ListItem","position":1,"name":"Not\u00edcias","item":"https:\/\/www.suno.com.br\/noticias\/"},{"@type":"ListItem","position":2,"name":"Neg\u00f3cios","item":"https:\/\/www.suno.com.br\/noticias\/negocios\/"},{"@type":"ListItem","position":3,"name":"CVM quer mudar regras do day trade e as outras 5 not\u00edcias mais lidas da semana"}]},{"@type":"WebSite","@id":"https:\/\/www.suno.com.br\/noticias\/#website","url":"https:\/\/www.suno.com.br\/noticias\/","name":"Suno Not\u00edcias","description":"Seu portal de informa\u00e7\u00e3o sobre o mundo dos investimentos","publisher":{"@id":"https:\/\/www.suno.com.br\/noticias\/#organization"},"potentialAction":[{"@type":"SearchAction","target":{"@type":"EntryPoint","urlTemplate":"https:\/\/www.suno.com.br\/noticias\/?s={search_term_string}"},"query-input":{"@type":"PropertyValueSpecification","valueRequired":true,"valueName":"search_term_string"}}],"inLanguage":"pt-BR"},{"@type":"Organization","@id":"https:\/\/www.suno.com.br\/noticias\/#organization","name":"Suno Not\u00edcias","url":"https:\/\/www.suno.com.br\/noticias\/","logo":{"@type":"ImageObject","inLanguage":"pt-BR","@id":"https:\/\/www.suno.com.br\/noticias\/#\/schema\/logo\/image\/","url":"https:\/\/files.sunoresearch.com.br\/n\/uploads\/2021\/09\/suno-logo.png","contentUrl":"https:\/\/files.sunoresearch.com.br\/n\/uploads\/2021\/09\/suno-logo.png","width":180,"height":180,"caption":"Suno Not\u00edcias"},"image":{"@id":"https:\/\/www.suno.com.br\/noticias\/#\/schema\/logo\/image\/"},"sameAs":["https:\/\/facebook.com\/sunoresearch","https:\/\/x.com\/sunoresearch","https:\/\/www.instagram.com\/suno","https:\/\/www.linkedin.com\/company\/suno-research\/","https:\/\/www.youtube.com\/c\/sunoresearch"]},{"@type":"Person","@id":"https:\/\/www.suno.com.br\/noticias\/#\/schema\/person\/e6e0f723cc177805027f4566c1d5e0c8","name":"Carlo Cauti","image":{"@type":"ImageObject","inLanguage":"pt-BR","@id":"https:\/\/www.suno.com.br\/noticias\/#\/schema\/person\/image\/","url":"https:\/\/secure.gravatar.com\/avatar\/3ada9e0bd164c23abd4792a9606d583c?s=96&r=g","contentUrl":"https:\/\/secure.gravatar.com\/avatar\/3ada9e0bd164c23abd4792a9606d583c?s=96&r=g","caption":"Carlo Cauti"},"description":"Editor multim\u00eddia do SUNO Not\u00edcias. Italiano, formado em Ci\u00eancias Pol\u00edticas pela universidade LUISS G. Carli de Roma e mestre cum laude em Rela\u00e7\u00f5es Internacionais, Jornalismo Internacional e de Guerra e em Economia Internacional. Concluiu tamb\u00e9m um MBA em Finan\u00e7as na B3. No Brasil, teve passagem por ve\u00edculos como Estad\u00e3o, Globo, Veja e EXAME. e nas ag\u00eancias de not\u00edcias italianas ANSA e NOVA.","url":"https:\/\/www.suno.com.br\/noticias\/author\/carlo-cauti\/"}]}},"default_loop_html":"<div class=\"cardsPage__listCard__boxs\"><div class=\"cardsPage__listCard__boxs__img\"><a href=\"https:\/\/www.suno.com.br\/noticias\/cvm-day-trade-noticias-mais-lidas-semana\/\"><img class=\"mask\" src=\"https:\/\/www.suno.com.br\/noticias\/wp-content\/themes\/suno\/resources\/images\/spotlight\/spotlight1img\/bg-mask.png\" alt=\"Image Mask\"\/><img src=\"https:\/\/files.sunoresearch.com.br\/n\/uploads\/2019\/09\/563ccdd8-cvm-400x200.webp\" alt=\"CVM quer mudar regras do day trade e as outras 5 not\u00edcias mais lidas da semana\"\/><\/a><span class=\"spotlightCategory\"><a href=\"https:\/\/www.suno.com.br\/noticias\/negocios\/\">Neg\u00f3cios<\/a><\/span><\/div><div class=\"cardsPage__listCard__boxs__content\"><a href=\"https:\/\/www.suno.com.br\/noticias\/cvm-day-trade-noticias-mais-lidas-semana\/\"><h2 class=\"content__title\">CVM quer mudar regras do day trade e as outras 5 not\u00edcias mais lidas da semana<\/h2><\/a><div class=\"newsContent__article__meta\"><div class=\"newsContent__article__meta__authorBox\"><a href=\"https:\/\/www.suno.com.br\/noticias\/author\/carlo-cauti\/\" class=\"authorBox__avatar noMobi\"><img src=\"https:\/\/files.sunoresearch.com.br\/n\/uploads\/2020\/08\/e3745f9a-perfil-carlo-cauti-150x150.webp\" alt=\"Carlo Cauti\"><\/a><div class=\"authorBox__name\"><span>por\n\t\t\t<a href=\"https:\/\/www.suno.com.br\/noticias\/author\/carlo-cauti\/\"><span itemprop=\"author\">Carlo Cauti<\/span><\/a><\/span><time datetime=\"2021-05-01T15:35:08-03:00\" itemprop=\"datePublished\">01\/05\/2021 15:35<\/time><\/div><\/div><\/div><\/div><\/div>","single_layout":"posts","amp_enabled":true,"_links":{"self":[{"href":"https:\/\/www.suno.com.br\/noticias\/wp-json\/wp\/v2\/posts\/144063"}],"collection":[{"href":"https:\/\/www.suno.com.br\/noticias\/wp-json\/wp\/v2\/posts"}],"about":[{"href":"https:\/\/www.suno.com.br\/noticias\/wp-json\/wp\/v2\/types\/post"}],"author":[{"embeddable":true,"href":"https:\/\/www.suno.com.br\/noticias\/wp-json\/wp\/v2\/users\/9"}],"replies":[{"embeddable":true,"href":"https:\/\/www.suno.com.br\/noticias\/wp-json\/wp\/v2\/comments?post=144063"}],"version-history":[{"count":3,"href":"https:\/\/www.suno.com.br\/noticias\/wp-json\/wp\/v2\/posts\/144063\/revisions"}],"predecessor-version":[{"id":144296,"href":"https:\/\/www.suno.com.br\/noticias\/wp-json\/wp\/v2\/posts\/144063\/revisions\/144296"}],"wp:featuredmedia":[{"embeddable":true,"href":"https:\/\/www.suno.com.br\/noticias\/wp-json\/wp\/v2\/media\/36624"}],"wp:attachment":[{"href":"https:\/\/www.suno.com.br\/noticias\/wp-json\/wp\/v2\/media?parent=144063"}],"wp:term":[{"taxonomy":"category","embeddable":true,"href":"https:\/\/www.suno.com.br\/noticias\/wp-json\/wp\/v2\/categories?post=144063"},{"taxonomy":"post_tag","embeddable":true,"href":"https:\/\/www.suno.com.br\/noticias\/wp-json\/wp\/v2\/tags?post=144063"},{"taxonomy":"suno_strategy","embeddable":true,"href":"https:\/\/www.suno.com.br\/noticias\/wp-json\/wp\/v2\/suno_strategy?post=144063"}],"curies":[{"name":"wp","href":"https:\/\/api.w.org\/{rel}","templated":true}]}}