{"id":144039,"date":"2021-05-01T11:16:55","date_gmt":"2021-05-01T14:16:55","guid":{"rendered":"https:\/\/www.suno.com.br\/noticias\/?p=144039"},"modified":"2021-05-01T15:18:37","modified_gmt":"2021-05-01T18:18:37","slug":"resumo-da-semana-cedae-via-varejo-vvar3-weg-wege3","status":"publish","type":"post","link":"https:\/\/www.suno.com.br\/noticias\/resumo-da-semana-cedae-via-varejo-vvar3-weg-wege3\/","title":{"rendered":"Resumo da semana: leil\u00e3o da Cedae, Via Varejo (VVAR3) muda de nome, resultado da WEG (WEGE3)"},"content":{"rendered":"<p>O resumo da semana dos \u00faltimo sete dias de abril foi negativo para o Ibovespa. O principal \u00edndice da <strong><a href=\"https:\/\/www.suno.com.br\/artigos\/b3\/\">Bolsa de Valores de S\u00e3o Paulo (B3)<\/a><\/strong> fechou a \u00faltima semana do m\u00eas com uma perda de 1,36%.<\/p>\t<div class=\"wrapper-featured-image\">\n\t\t<figure class=\"spotlightImg\">\n\n\t\t\t<picture>\n\t\t\t\t<source media=\"(max-width: 768px)\" srcset=\"https:\/\/files.sunoresearch.com.br\/n\/uploads\/2021\/04\/4c0cf4d9-140172380_1120493355077033_5008794106713205157_n-e1619805180777-400x200.webp\">\n\t\t\t\t<img loading=\"lazy\" decoding=\"async\" class=\"newsContent__article__imgCapa lazyloadDisabled \" src=\"https:\/\/files.sunoresearch.com.br\/n\/uploads\/2021\/04\/4c0cf4d9-140172380_1120493355077033_5008794106713205157_n-e1619805180777-800x450.webp\" width=\"800\" height=\"450\" alt=\"Resumo da semana: leil\u00e3o da Cedae, Via Varejo (VVAR3) muda de nome, resultado da WEG (WEGE3)\" fetchpriority=high \/>\n\t\t\t<\/picture>\n\n\t\t\t<figcaption class=\"wp-caption-text wp-caption-text--show\">Fran\u00e7a fecha contratos de R$ 1 bilh\u00e3o para obras de saneamento e infraestrutura verde no Nordeste. Foto: Aegea Saneamento<\/figcaption>\n\t\t<\/figure>\n\t<\/div>\n\n\n\t<p>\n\t\t<a href=\"https:\/\/lp.suno.com.br\/planilha-controle-gastos\/\" target=\"_blank\" data-element=\"shortcode-suno-banner\" title=\"Banner SUNO, clique e saiba mais\">\n\t\t\t<picture>\n\t\t\t\t<source media=\"(max-width: 500px)\" srcset=\"https:\/\/files.sunoresearch.com.br\/n\/uploads\/2023\/03\/400x300-Planilha-controle-de-gastos.png\">\n\t\t\t\t<img class=\"newsContent__article__imgCapa newsContent__article__imgCapa--banner\"\n\t\t\t\t\tsrc=\"https:\/\/files.sunoresearch.com.br\/n\/uploads\/2023\/03\/1420x240-Planilha-controle-de-gastos.png\"\n\t\t\t\t\tdata-promo-id=\"101751\"\t\t\t\t\t\t\t\t\t\twidth='1420' height='240'\t\t\t\t\talt=\"https:\/\/files.sunoresearch.com.br\/n\/uploads\/2023\/03\/1420x240-Planilha-controle-de-gastos.png\"\n\t\t\t\t>\n\t\t\t<\/picture>\n\t\t<\/a>\n\t<\/p>\n\n\n<p>Entretanto, o m\u00eas foi positivo para o Ibovespa, que fechou abril com alta de 1,75%. Essa foi a segunda alta mensal consecutiva para o \u00edndice, que n\u00e3o foi afetada pelo resultado negativo do resumo da semana.<\/p>\n<p>O Ibovespa fechou em alta na segunda-feira (26) de +0,05%, mas perdeu 1,00% na ter\u00e7a-feira (27), na quarta-feira (28) a alta foi de 1,39%, na quinta-feira (29) a queda foi de 0,82%, e na sexta-feira (30) a queda foi de 0,98%.<\/p>\n<p><a href=\"https:\/\/lp.suno.com.br\/suno-one\/?ppp=noticias\/hospital-care-pedido-ipo-cvm\/\">Suno One: acesse gratuitamente eBooks, Minicursos, Artigos e V\u00eddeo Aulas sobre investimentos com um \u00fanico cadastro. Clique para saber mais!<\/a><\/p>\n<p>Por sua vez, a cota\u00e7\u00e3o do d\u00f3lar caiu 1,18% na semana, mesmo se na sexta-feira fechou em alta de 1,79% aos R$ 5,43.<\/p>\n<h2>Resumo da semana: leil\u00e3o da Cedae, Via Varejo e WEG<\/h2>\n<p>Na \u00faltima sexta-feira, o <strong><a href=\"https:\/\/www.suno.com.br\/artigos\/consorcio\/\">cons\u00f3rcio<\/a><\/strong> liderado pela Aegea Saneamento, a qual tem como acionista a holding <a href=\"https:\/\/www.suno.com.br\/acoes\/itsa4\/\">Ita\u00fasa (ITSA4)<\/a>, garantiu os blocos 1 e 4 da concess\u00e3o dos servi\u00e7os de \u00e1gua esgoto no Estado do Rio de Janeiro, prestados pela Companhia Estadual de \u00c1guas e Esgotos do Rio de Janeiro (<strong>Cedae<\/strong>), em leil\u00e3o realizado na Bolsa de Valores de S\u00e3o Paulo (B3) nesta sexta-feira (30). A Igu\u00e1 Saneamento arrematou o Lote 2. O Bloco 3 n\u00e3o recebeu propostas.<\/p>\n<p>O leil\u00e3o da Cedae arrecadou R$ 22,69 bilh\u00f5es em outorgas. O projeto da prev\u00ea investimentos de cerca de R$ 30 bilh\u00f5es e ter\u00e1 um prazo de 35 anos.<\/p>\n<p><iframe loading=\"lazy\" title=\"\ud83d\udd34Leil\u00e3o da Cedae, Santander (SANB11) anuncia sua nova plataforma de investimentos\" width=\"1080\" height=\"608\" src=\"https:\/\/www.youtube.com\/embed\/TFB0a8lSz1w?feature=oembed&#038;enablejsapi=1&#038;origin=https:\/\/www.suno.com.br\" frameborder=\"0\" allow=\"accelerometer; autoplay; clipboard-write; encrypted-media; gyroscope; picture-in-picture\" allowfullscreen><\/iframe><\/p>\n<p>Em etapa acalorada no viva voz, a <strong>Aegea<\/strong> ofereceu o maior lance pelo primeiro lote, R$ 8,2 bilh\u00f5es, um \u00e1gio de 103,13% sobre o valor m\u00ednimo. A companhia bateu os proponentes:<\/p>\n<ul>\n<li>cons\u00f3rcio Redentor, liderado pela <a href=\"https:\/\/www.suno.com.br\/acoes\/eqtl3\/\">Equatorial (EQTL3)<\/a>;<\/li>\n<li>cons\u00f3rcio Igu\u00e1, liderado pela Igu\u00e1, tamb\u00e9m integrado pela <a href=\"https:\/\/www.suno.com.br\/acoes\/sbsp3\/\">Sabesp (SBSP3)<\/a>;<\/li>\n<li>cons\u00f3rcio Rio Mais Saneamento, formado por BRK Ambiental e pela \u00c1guas do Brasil.<\/li>\n<\/ul>\n<p>Depois de levar o bloco 1, a Aegea pulou fora do leil\u00e3o para o segundo lote, o qual havia feito uma proposta. Este foi ent\u00e3o disputado pelos outros tr\u00eas cons\u00f3rcios. O ativo ficou com o grupo de Igu\u00e1 e Sabesp, que apresentou um lance de R$ 7,286 bilh\u00f5es, com um \u00e1gio de 129,68%.<\/p>\n<p>Para o bloco 4, a disputa voltou ao viva voz, com os cons\u00f3rcios Aegea e Redentor. O Rio Mais Saneamento realizou oferta, mas o valor ficou 20% abaixo do maior valor proposta, requisito para entrar no viva voz. No final, o grupo da Aegea levou ativo por um montante de R$ 7,203 bilh\u00f5es, ou um \u00e1gio de 187,75%.<\/p>\n<h2>Resultado da Weg (WEGE3)<\/h2>\n<p>A segunda not\u00edcia do resumo da semana \u00e9 o resultado da <a href=\"https:\/\/www.suno.com.br\/acoes\/wege3\/\"><strong>Weg<\/strong> (WEGE3)<\/a>, que lucrou R$ 764,2 milh\u00f5es no primeiro trimestre de 2021, alta de 73,7% na compara\u00e7\u00e3o com os tr\u00eas primeiros meses de 2020, quando a companhia registrou um lucro de R$ 440 milh\u00f5es. Ao confrontar o <a href=\"https:\/\/www.suno.com.br\/artigos\/lucro-liquido\/\">lucro l\u00edquido<\/a> atual com o do \u00faltimo trimestre de 2020, quando esse valor foi de R$ 742,2 milh\u00f5es, a alta \u00e9 de 3%.<\/p>\n\t<p>\n\t\t<a href=\"\" target=\"_blank\" data-element=\"shortcode-suno-banner\" title=\"Banner SUNO, clique e saiba mais\">\n\t\t\t<picture>\n\t\t\t\t<source media=\"(max-width: 500px)\" srcset=\"\">\n\t\t\t\t<img class=\"newsContent__article__imgCapa newsContent__article__imgCapa--banner\"\n\t\t\t\t\tsrc=\"\"\n\t\t\t\t\tdata-promo-id=\"93160\"\t\t\t\t\t\t\t\t\t\t\t\t\t\t\talt=\"\"\n\t\t\t\t>\n\t\t\t<\/picture>\n\t\t<\/a>\n\t<\/p>\n\n\n<p>A <a href=\"https:\/\/www.suno.com.br\/artigos\/receita-operacional\/\">receita operacional l\u00edquida<\/a> da empresa cresceu 36,7% na base anual e 3,8% na trimestral, chegando a R$ 5,07 bilh\u00f5es. Segundo a Weg, seu bom desempenho se deu tanto por uma melhora no mercado interno, com a receita oriunda desse avan\u00e7ando 36,7% na base anual, quanto por causa do externo, que anotou crescimento de 35,2% na mesma base<\/p>\n<p>Neste trimestre, <strong>46% da receita foi proveniente do mercado interno e 54% do mercado externo<\/strong> &#8211; fatias que se mant\u00eam est\u00e1veis no \u00faltimo ano. A participa\u00e7\u00e3o do mercado externo neste indicador, segundo a Weg, entretanto, foi positivamente impactada pela valoriza\u00e7\u00e3o do d\u00f3lar sobre o real.<\/p>\n<h2>Via Varejo (VVAR3) muda de nome<\/h2>\n<p>Conclui o resumo da semana o rebranding da Via Varejo.<\/p>\n<p>Ap\u00f3s mudar a <a href=\"https:\/\/www.suno.com.br\/noticias\/via-varejo-vvar3-pontofrio-agora-ponto\/\">marca Ponto Frio<\/a>, na \u00faltima segunda-feira a <a href=\"https:\/\/www.suno.com.br\/acoes\/vvar3\/\"><strong>Via Varejo<\/strong> (VVAR3)<\/a> tamb\u00e9m decidiu mudar sua marca e identidade e passar\u00e1 se chamar apenas Via.<\/p>\n<p>Na semana passada, a Via Varejo anunciou que sua controlada <strong>PontoFrio<\/strong> mudar\u00e1 sua marca e passar\u00e1 a ser apenas <strong>Ponto<\/strong>. Com isso, a companhia altera um nome com quase 70 anos de hist\u00f3ria. A Via est\u00e1 posicionando suas marcas com o objetivo de apresentar inova\u00e7\u00e3o.<\/p>\n<p>&#8220;O novo posicionamento da empresa refor\u00e7a a <strong>estrat\u00e9gia<\/strong> da companhia de ser reconhecida como a melhor Via de compras todos o brasileiros, onde, quando e como eles quiserem. A Via que revoluciona, inclui e transforma, inspirada por pessoas e neg\u00f3cios&#8221;, informou o <a href=\"https:\/\/www.suno.com.br\/artigos\/fato-relevante\/\">fato relevante<\/a> da Via Varejo.<\/p>\n<p>A nova assinatura da empresa \u00e9 &#8216;Via &#8212; Imagine Caminhos&#8217;, que segundo o documento, demonstra que inova\u00e7\u00e3o \u00e9 uma realidade da companhia. A nova marca tirou o varejo do nome, mudou suas cores e seu logo.<\/p>\n<p>&#8220;J\u00e1 estamos olhando para o futuro. A Via de hoje n\u00e3o \u00e9 a mesma de ontem e tamb\u00e9m n\u00e3o ser\u00e1 a Via de amanh\u00e3. Vamos buscar inova\u00e7\u00e3o o tempo todo. Esses movimentos pelos quais estamos passando na companhia refor\u00e7am todo esse comprometimento e trabalho&#8221;, disse o CEO da companhia, <strong>Roberto Fulcherberguer<\/strong>.<\/p>\n\t<p>\n\t\t<a href=\"https:\/\/lp.suno.com.br\/planilha-de-controle-de-investimentos\/\" target=\"_blank\" data-element=\"shortcode-suno-banner\" title=\"Banner SUNO, clique e saiba mais\">\n\t\t\t<picture>\n\t\t\t\t<source media=\"(max-width: 500px)\" srcset=\"https:\/\/files.sunoresearch.com.br\/n\/uploads\/2023\/03\/400x300-Controle-de-Investimentos.png\">\n\t\t\t\t<img class=\"newsContent__article__imgCapa newsContent__article__imgCapa--banner\"\n\t\t\t\t\tsrc=\"https:\/\/files.sunoresearch.com.br\/n\/uploads\/2023\/03\/1420x240-Controle-de-Investimentos.png\"\n\t\t\t\t\tdata-promo-id=\"75934\"\t\t\t\t\t\t\t\t\t\twidth='1420' height='240'\t\t\t\t\talt=\"https:\/\/files.sunoresearch.com.br\/n\/uploads\/2023\/03\/1420x240-Controle-de-Investimentos.png\"\n\t\t\t\t>\n\t\t\t<\/picture>\n\t\t<\/a>\n\t<\/p>\n\n\n","protected":false},"excerpt":{"rendered":"<p>O resumo da semana dos \u00faltimo sete dias de abril foi negativo para o Ibovespa. O principal \u00edndice da Bolsa de Valores de S\u00e3o Paulo (B3) fechou a \u00faltima semana do m\u00eas com uma perda de 1,36%. Fran\u00e7a fecha contratos de R$ 1 bilh\u00e3o para obras de saneamento e infraestrutura verde no Nordeste. Foto: Aegea [&hellip;]<\/p>\n","protected":false},"author":9,"featured_media":143878,"comment_status":"closed","ping_status":"closed","sticky":false,"template":"","format":"standard","meta":[],"categories":[64],"tags":[95241,106935,681],"suno_strategy":[],"class_list":["post-144039","post","type-post","status-publish","format-standard","has-post-thumbnail","hentry","category-negocios","tag-cedae","tag-via-viia3","tag-weg-wege3"],"yoast_head":"<!-- This site is optimized with the Yoast SEO plugin v24.4 - https:\/\/yoast.com\/wordpress\/plugins\/seo\/ -->\n<title>Resumo da semana: leil\u00e3o da Cedae, Via Varejo (VVAR3) muda de nome<\/title>\n<meta name=\"description\" content=\"Confira o resumo da semana com o leil\u00e3o da Cedae, a mudan\u00e7a de nome da Via Varejo (VVAR3) e o resultado da WEG (WEGE3). Clique e saiba mais.\" \/>\n<meta name=\"robots\" content=\"index, follow, max-snippet:-1, max-image-preview:large, max-video-preview:-1\" \/>\n<link rel=\"canonical\" href=\"https:\/\/www.suno.com.br\/noticias\/resumo-da-semana-cedae-via-varejo-vvar3-weg-wege3\/\" \/>\n<meta property=\"og:locale\" content=\"pt_BR\" \/>\n<meta property=\"og:type\" content=\"article\" \/>\n<meta property=\"og:title\" content=\"Resumo da semana: leil\u00e3o da Cedae, Via Varejo (VVAR3) muda de nome\" \/>\n<meta property=\"og:description\" content=\"Confira o resumo da semana com o leil\u00e3o da Cedae, a mudan\u00e7a de nome da Via Varejo (VVAR3) e o resultado da WEG (WEGE3). Clique e saiba mais.\" \/>\n<meta property=\"og:url\" content=\"https:\/\/www.suno.com.br\/noticias\/resumo-da-semana-cedae-via-varejo-vvar3-weg-wege3\/\" \/>\n<meta property=\"og:site_name\" content=\"Suno Not\u00edcias\" \/>\n<meta property=\"article:publisher\" content=\"https:\/\/facebook.com\/sunoresearch\" \/>\n<meta property=\"og:image\" content=\"https:\/\/files.sunoresearch.com.br\/n\/uploads\/2021\/04\/4c0cf4d9-140172380_1120493355077033_5008794106713205157_n-e1619805180777.jpg\" \/>\n\t<meta property=\"og:image:width\" content=\"1280\" \/>\n\t<meta property=\"og:image:height\" content=\"853\" \/>\n\t<meta property=\"og:image:type\" content=\"image\/jpeg\" \/>\n<meta name=\"author\" content=\"Carlo Cauti\" \/>\n<meta name=\"twitter:card\" content=\"summary_large_image\" \/>\n<meta name=\"twitter:creator\" content=\"@sunoresearch\" \/>\n<meta name=\"twitter:site\" content=\"@sunoresearch\" \/>\n<meta name=\"twitter:label1\" content=\"Escrito por\" \/>\n\t<meta name=\"twitter:data1\" content=\"Carlo Cauti\" \/>\n\t<meta name=\"twitter:label2\" content=\"Est. tempo de leitura\" \/>\n\t<meta name=\"twitter:data2\" content=\"4 minutos\" \/>\n<script type=\"application\/ld+json\" class=\"yoast-schema-graph\">{\"@context\":\"https:\/\/schema.org\",\"@graph\":[{\"@type\":\"NewsArticle\",\"@id\":\"https:\/\/www.suno.com.br\/noticias\/resumo-da-semana-cedae-via-varejo-vvar3-weg-wege3\/#article\",\"isPartOf\":{\"@id\":\"https:\/\/www.suno.com.br\/noticias\/resumo-da-semana-cedae-via-varejo-vvar3-weg-wege3\/\"},\"author\":{\"name\":\"Carlo Cauti\",\"@id\":\"https:\/\/www.suno.com.br\/noticias\/#\/schema\/person\/e6e0f723cc177805027f4566c1d5e0c8\"},\"headline\":\"Resumo da semana: leil\u00e3o da Cedae, Via Varejo (VVAR3) muda de nome, resultado da WEG (WEGE3)\",\"datePublished\":\"2021-05-01T14:16:55+00:00\",\"dateModified\":\"2021-05-01T18:18:37+00:00\",\"mainEntityOfPage\":{\"@id\":\"https:\/\/www.suno.com.br\/noticias\/resumo-da-semana-cedae-via-varejo-vvar3-weg-wege3\/\"},\"wordCount\":885,\"publisher\":{\"@id\":\"https:\/\/www.suno.com.br\/noticias\/#organization\"},\"image\":{\"@id\":\"https:\/\/www.suno.com.br\/noticias\/resumo-da-semana-cedae-via-varejo-vvar3-weg-wege3\/#primaryimage\"},\"thumbnailUrl\":\"https:\/\/files.sunoresearch.com.br\/n\/uploads\/2021\/04\/4c0cf4d9-140172380_1120493355077033_5008794106713205157_n-e1619805180777-jpg.webp\",\"keywords\":[\"cedae\",\"Via (VIIA3)\",\"Weg (WEGE3)\"],\"articleSection\":[\"Neg\u00f3cios\"],\"inLanguage\":\"pt-BR\"},{\"@type\":\"WebPage\",\"@id\":\"https:\/\/www.suno.com.br\/noticias\/resumo-da-semana-cedae-via-varejo-vvar3-weg-wege3\/\",\"url\":\"https:\/\/www.suno.com.br\/noticias\/resumo-da-semana-cedae-via-varejo-vvar3-weg-wege3\/\",\"name\":\"Resumo da semana: leil\u00e3o da Cedae, Via Varejo (VVAR3) muda de nome\",\"isPartOf\":{\"@id\":\"https:\/\/www.suno.com.br\/noticias\/#website\"},\"primaryImageOfPage\":{\"@id\":\"https:\/\/www.suno.com.br\/noticias\/resumo-da-semana-cedae-via-varejo-vvar3-weg-wege3\/#primaryimage\"},\"image\":{\"@id\":\"https:\/\/www.suno.com.br\/noticias\/resumo-da-semana-cedae-via-varejo-vvar3-weg-wege3\/#primaryimage\"},\"thumbnailUrl\":\"https:\/\/files.sunoresearch.com.br\/n\/uploads\/2021\/04\/4c0cf4d9-140172380_1120493355077033_5008794106713205157_n-e1619805180777-jpg.webp\",\"datePublished\":\"2021-05-01T14:16:55+00:00\",\"dateModified\":\"2021-05-01T18:18:37+00:00\",\"description\":\"Confira o resumo da semana com o leil\u00e3o da Cedae, a mudan\u00e7a de nome da Via Varejo (VVAR3) e o resultado da WEG (WEGE3). Clique e saiba mais.\",\"breadcrumb\":{\"@id\":\"https:\/\/www.suno.com.br\/noticias\/resumo-da-semana-cedae-via-varejo-vvar3-weg-wege3\/#breadcrumb\"},\"inLanguage\":\"pt-BR\",\"potentialAction\":[{\"@type\":\"ReadAction\",\"target\":[\"https:\/\/www.suno.com.br\/noticias\/resumo-da-semana-cedae-via-varejo-vvar3-weg-wege3\/\"]}]},{\"@type\":\"ImageObject\",\"inLanguage\":\"pt-BR\",\"@id\":\"https:\/\/www.suno.com.br\/noticias\/resumo-da-semana-cedae-via-varejo-vvar3-weg-wege3\/#primaryimage\",\"url\":\"https:\/\/files.sunoresearch.com.br\/n\/uploads\/2021\/04\/4c0cf4d9-140172380_1120493355077033_5008794106713205157_n-e1619805180777-jpg.webp\",\"contentUrl\":\"https:\/\/files.sunoresearch.com.br\/n\/uploads\/2021\/04\/4c0cf4d9-140172380_1120493355077033_5008794106713205157_n-e1619805180777-jpg.webp\",\"width\":1280,\"height\":853,\"caption\":\"Fran\u00e7a fecha contratos de R$ 1 bilh\u00e3o para obras de saneamento e infraestrutura verde no Nordeste. Foto: Aegea Saneamento\"},{\"@type\":\"BreadcrumbList\",\"@id\":\"https:\/\/www.suno.com.br\/noticias\/resumo-da-semana-cedae-via-varejo-vvar3-weg-wege3\/#breadcrumb\",\"itemListElement\":[{\"@type\":\"ListItem\",\"position\":1,\"name\":\"Not\u00edcias\",\"item\":\"https:\/\/www.suno.com.br\/noticias\/\"},{\"@type\":\"ListItem\",\"position\":2,\"name\":\"Neg\u00f3cios\",\"item\":\"https:\/\/www.suno.com.br\/noticias\/negocios\/\"},{\"@type\":\"ListItem\",\"position\":3,\"name\":\"Resumo da semana: leil\u00e3o da Cedae, Via Varejo (VVAR3) muda de nome, resultado da WEG (WEGE3)\"}]},{\"@type\":\"WebSite\",\"@id\":\"https:\/\/www.suno.com.br\/noticias\/#website\",\"url\":\"https:\/\/www.suno.com.br\/noticias\/\",\"name\":\"Suno Not\u00edcias\",\"description\":\"Seu portal de informa\u00e7\u00e3o sobre o mundo dos investimentos\",\"publisher\":{\"@id\":\"https:\/\/www.suno.com.br\/noticias\/#organization\"},\"potentialAction\":[{\"@type\":\"SearchAction\",\"target\":{\"@type\":\"EntryPoint\",\"urlTemplate\":\"https:\/\/www.suno.com.br\/noticias\/?s={search_term_string}\"},\"query-input\":{\"@type\":\"PropertyValueSpecification\",\"valueRequired\":true,\"valueName\":\"search_term_string\"}}],\"inLanguage\":\"pt-BR\"},{\"@type\":\"Organization\",\"@id\":\"https:\/\/www.suno.com.br\/noticias\/#organization\",\"name\":\"Suno Not\u00edcias\",\"url\":\"https:\/\/www.suno.com.br\/noticias\/\",\"logo\":{\"@type\":\"ImageObject\",\"inLanguage\":\"pt-BR\",\"@id\":\"https:\/\/www.suno.com.br\/noticias\/#\/schema\/logo\/image\/\",\"url\":\"https:\/\/files.sunoresearch.com.br\/n\/uploads\/2021\/09\/suno-logo.png\",\"contentUrl\":\"https:\/\/files.sunoresearch.com.br\/n\/uploads\/2021\/09\/suno-logo.png\",\"width\":180,\"height\":180,\"caption\":\"Suno Not\u00edcias\"},\"image\":{\"@id\":\"https:\/\/www.suno.com.br\/noticias\/#\/schema\/logo\/image\/\"},\"sameAs\":[\"https:\/\/facebook.com\/sunoresearch\",\"https:\/\/x.com\/sunoresearch\",\"https:\/\/www.instagram.com\/suno\",\"https:\/\/www.linkedin.com\/company\/suno-research\/\",\"https:\/\/www.youtube.com\/c\/sunoresearch\"]},{\"@type\":\"Person\",\"@id\":\"https:\/\/www.suno.com.br\/noticias\/#\/schema\/person\/e6e0f723cc177805027f4566c1d5e0c8\",\"name\":\"Carlo Cauti\",\"image\":{\"@type\":\"ImageObject\",\"inLanguage\":\"pt-BR\",\"@id\":\"https:\/\/www.suno.com.br\/noticias\/#\/schema\/person\/image\/\",\"url\":\"https:\/\/secure.gravatar.com\/avatar\/3ada9e0bd164c23abd4792a9606d583c?s=96&r=g\",\"contentUrl\":\"https:\/\/secure.gravatar.com\/avatar\/3ada9e0bd164c23abd4792a9606d583c?s=96&r=g\",\"caption\":\"Carlo Cauti\"},\"description\":\"Editor multim\u00eddia do SUNO Not\u00edcias. Italiano, formado em Ci\u00eancias Pol\u00edticas pela universidade LUISS G. Carli de Roma e mestre cum laude em Rela\u00e7\u00f5es Internacionais, Jornalismo Internacional e de Guerra e em Economia Internacional. Concluiu tamb\u00e9m um MBA em Finan\u00e7as na B3. No Brasil, teve passagem por ve\u00edculos como Estad\u00e3o, Globo, Veja e EXAME. e nas ag\u00eancias de not\u00edcias italianas ANSA e NOVA.\",\"url\":\"https:\/\/www.suno.com.br\/noticias\/author\/carlo-cauti\/\"}]}<\/script>\n<!-- \/ Yoast SEO plugin. -->","yoast_head_json":{"title":"Resumo da semana: leil\u00e3o da Cedae, Via Varejo (VVAR3) muda de nome","description":"Confira o resumo da semana com o leil\u00e3o da Cedae, a mudan\u00e7a de nome da Via Varejo (VVAR3) e o resultado da WEG (WEGE3). Clique e saiba mais.","robots":{"index":"index","follow":"follow","max-snippet":"max-snippet:-1","max-image-preview":"max-image-preview:large","max-video-preview":"max-video-preview:-1"},"canonical":"https:\/\/www.suno.com.br\/noticias\/resumo-da-semana-cedae-via-varejo-vvar3-weg-wege3\/","og_locale":"pt_BR","og_type":"article","og_title":"Resumo da semana: leil\u00e3o da Cedae, Via Varejo (VVAR3) muda de nome","og_description":"Confira o resumo da semana com o leil\u00e3o da Cedae, a mudan\u00e7a de nome da Via Varejo (VVAR3) e o resultado da WEG (WEGE3). Clique e saiba mais.","og_url":"https:\/\/www.suno.com.br\/noticias\/resumo-da-semana-cedae-via-varejo-vvar3-weg-wege3\/","og_site_name":"Suno Not\u00edcias","article_publisher":"https:\/\/facebook.com\/sunoresearch","og_image":[{"width":1280,"height":853,"url":"https:\/\/files.sunoresearch.com.br\/n\/uploads\/2021\/04\/4c0cf4d9-140172380_1120493355077033_5008794106713205157_n-e1619805180777.jpg","type":"image\/jpeg"}],"author":"Carlo Cauti","twitter_card":"summary_large_image","twitter_creator":"@sunoresearch","twitter_site":"@sunoresearch","twitter_misc":{"Escrito por":"Carlo Cauti","Est. tempo de leitura":"4 minutos"},"schema":{"@context":"https:\/\/schema.org","@graph":[{"@type":"NewsArticle","@id":"https:\/\/www.suno.com.br\/noticias\/resumo-da-semana-cedae-via-varejo-vvar3-weg-wege3\/#article","isPartOf":{"@id":"https:\/\/www.suno.com.br\/noticias\/resumo-da-semana-cedae-via-varejo-vvar3-weg-wege3\/"},"author":{"name":"Carlo Cauti","@id":"https:\/\/www.suno.com.br\/noticias\/#\/schema\/person\/e6e0f723cc177805027f4566c1d5e0c8"},"headline":"Resumo da semana: leil\u00e3o da Cedae, Via Varejo (VVAR3) muda de nome, resultado da WEG (WEGE3)","datePublished":"2021-05-01T14:16:55+00:00","dateModified":"2021-05-01T18:18:37+00:00","mainEntityOfPage":{"@id":"https:\/\/www.suno.com.br\/noticias\/resumo-da-semana-cedae-via-varejo-vvar3-weg-wege3\/"},"wordCount":885,"publisher":{"@id":"https:\/\/www.suno.com.br\/noticias\/#organization"},"image":{"@id":"https:\/\/www.suno.com.br\/noticias\/resumo-da-semana-cedae-via-varejo-vvar3-weg-wege3\/#primaryimage"},"thumbnailUrl":"https:\/\/files.sunoresearch.com.br\/n\/uploads\/2021\/04\/4c0cf4d9-140172380_1120493355077033_5008794106713205157_n-e1619805180777-jpg.webp","keywords":["cedae","Via (VIIA3)","Weg (WEGE3)"],"articleSection":["Neg\u00f3cios"],"inLanguage":"pt-BR"},{"@type":"WebPage","@id":"https:\/\/www.suno.com.br\/noticias\/resumo-da-semana-cedae-via-varejo-vvar3-weg-wege3\/","url":"https:\/\/www.suno.com.br\/noticias\/resumo-da-semana-cedae-via-varejo-vvar3-weg-wege3\/","name":"Resumo da semana: leil\u00e3o da Cedae, Via Varejo (VVAR3) muda de nome","isPartOf":{"@id":"https:\/\/www.suno.com.br\/noticias\/#website"},"primaryImageOfPage":{"@id":"https:\/\/www.suno.com.br\/noticias\/resumo-da-semana-cedae-via-varejo-vvar3-weg-wege3\/#primaryimage"},"image":{"@id":"https:\/\/www.suno.com.br\/noticias\/resumo-da-semana-cedae-via-varejo-vvar3-weg-wege3\/#primaryimage"},"thumbnailUrl":"https:\/\/files.sunoresearch.com.br\/n\/uploads\/2021\/04\/4c0cf4d9-140172380_1120493355077033_5008794106713205157_n-e1619805180777-jpg.webp","datePublished":"2021-05-01T14:16:55+00:00","dateModified":"2021-05-01T18:18:37+00:00","description":"Confira o resumo da semana com o leil\u00e3o da Cedae, a mudan\u00e7a de nome da Via Varejo (VVAR3) e o resultado da WEG (WEGE3). Clique e saiba mais.","breadcrumb":{"@id":"https:\/\/www.suno.com.br\/noticias\/resumo-da-semana-cedae-via-varejo-vvar3-weg-wege3\/#breadcrumb"},"inLanguage":"pt-BR","potentialAction":[{"@type":"ReadAction","target":["https:\/\/www.suno.com.br\/noticias\/resumo-da-semana-cedae-via-varejo-vvar3-weg-wege3\/"]}]},{"@type":"ImageObject","inLanguage":"pt-BR","@id":"https:\/\/www.suno.com.br\/noticias\/resumo-da-semana-cedae-via-varejo-vvar3-weg-wege3\/#primaryimage","url":"https:\/\/files.sunoresearch.com.br\/n\/uploads\/2021\/04\/4c0cf4d9-140172380_1120493355077033_5008794106713205157_n-e1619805180777-jpg.webp","contentUrl":"https:\/\/files.sunoresearch.com.br\/n\/uploads\/2021\/04\/4c0cf4d9-140172380_1120493355077033_5008794106713205157_n-e1619805180777-jpg.webp","width":1280,"height":853,"caption":"Fran\u00e7a fecha contratos de R$ 1 bilh\u00e3o para obras de saneamento e infraestrutura verde no Nordeste. Foto: Aegea Saneamento"},{"@type":"BreadcrumbList","@id":"https:\/\/www.suno.com.br\/noticias\/resumo-da-semana-cedae-via-varejo-vvar3-weg-wege3\/#breadcrumb","itemListElement":[{"@type":"ListItem","position":1,"name":"Not\u00edcias","item":"https:\/\/www.suno.com.br\/noticias\/"},{"@type":"ListItem","position":2,"name":"Neg\u00f3cios","item":"https:\/\/www.suno.com.br\/noticias\/negocios\/"},{"@type":"ListItem","position":3,"name":"Resumo da semana: leil\u00e3o da Cedae, Via Varejo (VVAR3) muda de nome, resultado da WEG (WEGE3)"}]},{"@type":"WebSite","@id":"https:\/\/www.suno.com.br\/noticias\/#website","url":"https:\/\/www.suno.com.br\/noticias\/","name":"Suno Not\u00edcias","description":"Seu portal de informa\u00e7\u00e3o sobre o mundo dos investimentos","publisher":{"@id":"https:\/\/www.suno.com.br\/noticias\/#organization"},"potentialAction":[{"@type":"SearchAction","target":{"@type":"EntryPoint","urlTemplate":"https:\/\/www.suno.com.br\/noticias\/?s={search_term_string}"},"query-input":{"@type":"PropertyValueSpecification","valueRequired":true,"valueName":"search_term_string"}}],"inLanguage":"pt-BR"},{"@type":"Organization","@id":"https:\/\/www.suno.com.br\/noticias\/#organization","name":"Suno Not\u00edcias","url":"https:\/\/www.suno.com.br\/noticias\/","logo":{"@type":"ImageObject","inLanguage":"pt-BR","@id":"https:\/\/www.suno.com.br\/noticias\/#\/schema\/logo\/image\/","url":"https:\/\/files.sunoresearch.com.br\/n\/uploads\/2021\/09\/suno-logo.png","contentUrl":"https:\/\/files.sunoresearch.com.br\/n\/uploads\/2021\/09\/suno-logo.png","width":180,"height":180,"caption":"Suno Not\u00edcias"},"image":{"@id":"https:\/\/www.suno.com.br\/noticias\/#\/schema\/logo\/image\/"},"sameAs":["https:\/\/facebook.com\/sunoresearch","https:\/\/x.com\/sunoresearch","https:\/\/www.instagram.com\/suno","https:\/\/www.linkedin.com\/company\/suno-research\/","https:\/\/www.youtube.com\/c\/sunoresearch"]},{"@type":"Person","@id":"https:\/\/www.suno.com.br\/noticias\/#\/schema\/person\/e6e0f723cc177805027f4566c1d5e0c8","name":"Carlo Cauti","image":{"@type":"ImageObject","inLanguage":"pt-BR","@id":"https:\/\/www.suno.com.br\/noticias\/#\/schema\/person\/image\/","url":"https:\/\/secure.gravatar.com\/avatar\/3ada9e0bd164c23abd4792a9606d583c?s=96&r=g","contentUrl":"https:\/\/secure.gravatar.com\/avatar\/3ada9e0bd164c23abd4792a9606d583c?s=96&r=g","caption":"Carlo Cauti"},"description":"Editor multim\u00eddia do SUNO Not\u00edcias. Italiano, formado em Ci\u00eancias Pol\u00edticas pela universidade LUISS G. Carli de Roma e mestre cum laude em Rela\u00e7\u00f5es Internacionais, Jornalismo Internacional e de Guerra e em Economia Internacional. Concluiu tamb\u00e9m um MBA em Finan\u00e7as na B3. No Brasil, teve passagem por ve\u00edculos como Estad\u00e3o, Globo, Veja e EXAME. e nas ag\u00eancias de not\u00edcias italianas ANSA e NOVA.","url":"https:\/\/www.suno.com.br\/noticias\/author\/carlo-cauti\/"}]}},"default_loop_html":"<div class=\"cardsPage__listCard__boxs\"><div class=\"cardsPage__listCard__boxs__img\"><a href=\"https:\/\/www.suno.com.br\/noticias\/resumo-da-semana-cedae-via-varejo-vvar3-weg-wege3\/\"><img class=\"mask\" src=\"https:\/\/www.suno.com.br\/noticias\/wp-content\/themes\/suno\/resources\/images\/spotlight\/spotlight1img\/bg-mask.png\" alt=\"Image Mask\"\/><img src=\"https:\/\/files.sunoresearch.com.br\/n\/uploads\/2021\/04\/4c0cf4d9-140172380_1120493355077033_5008794106713205157_n-e1619805180777-400x200.webp\" alt=\"Resumo da semana: leil\u00e3o da Cedae, Via Varejo (VVAR3) muda de nome, resultado da WEG (WEGE3)\"\/><\/a><span class=\"spotlightCategory\"><a href=\"https:\/\/www.suno.com.br\/noticias\/negocios\/\">Neg\u00f3cios<\/a><\/span><\/div><div class=\"cardsPage__listCard__boxs__content\"><a href=\"https:\/\/www.suno.com.br\/noticias\/resumo-da-semana-cedae-via-varejo-vvar3-weg-wege3\/\"><h2 class=\"content__title\">Resumo da semana: leil\u00e3o da Cedae, Via Varejo (VVAR3) muda de nome, resultado da WEG (WEGE3)<\/h2><\/a><div class=\"newsContent__article__meta\"><div class=\"newsContent__article__meta__authorBox\"><a href=\"https:\/\/www.suno.com.br\/noticias\/author\/carlo-cauti\/\" class=\"authorBox__avatar noMobi\"><img src=\"https:\/\/files.sunoresearch.com.br\/n\/uploads\/2020\/08\/e3745f9a-perfil-carlo-cauti-150x150.webp\" alt=\"Carlo Cauti\"><\/a><div class=\"authorBox__name\"><span>por\n\t\t\t<a href=\"https:\/\/www.suno.com.br\/noticias\/author\/carlo-cauti\/\"><span itemprop=\"author\">Carlo Cauti<\/span><\/a><\/span><time datetime=\"2021-05-01T11:16:55-03:00\" itemprop=\"datePublished\">01\/05\/2021 11:16<\/time><\/div><\/div><\/div><\/div><\/div>","single_layout":"posts","amp_enabled":true,"_links":{"self":[{"href":"https:\/\/www.suno.com.br\/noticias\/wp-json\/wp\/v2\/posts\/144039"}],"collection":[{"href":"https:\/\/www.suno.com.br\/noticias\/wp-json\/wp\/v2\/posts"}],"about":[{"href":"https:\/\/www.suno.com.br\/noticias\/wp-json\/wp\/v2\/types\/post"}],"author":[{"embeddable":true,"href":"https:\/\/www.suno.com.br\/noticias\/wp-json\/wp\/v2\/users\/9"}],"replies":[{"embeddable":true,"href":"https:\/\/www.suno.com.br\/noticias\/wp-json\/wp\/v2\/comments?post=144039"}],"version-history":[{"count":3,"href":"https:\/\/www.suno.com.br\/noticias\/wp-json\/wp\/v2\/posts\/144039\/revisions"}],"predecessor-version":[{"id":144064,"href":"https:\/\/www.suno.com.br\/noticias\/wp-json\/wp\/v2\/posts\/144039\/revisions\/144064"}],"wp:featuredmedia":[{"embeddable":true,"href":"https:\/\/www.suno.com.br\/noticias\/wp-json\/wp\/v2\/media\/143878"}],"wp:attachment":[{"href":"https:\/\/www.suno.com.br\/noticias\/wp-json\/wp\/v2\/media?parent=144039"}],"wp:term":[{"taxonomy":"category","embeddable":true,"href":"https:\/\/www.suno.com.br\/noticias\/wp-json\/wp\/v2\/categories?post=144039"},{"taxonomy":"post_tag","embeddable":true,"href":"https:\/\/www.suno.com.br\/noticias\/wp-json\/wp\/v2\/tags?post=144039"},{"taxonomy":"suno_strategy","embeddable":true,"href":"https:\/\/www.suno.com.br\/noticias\/wp-json\/wp\/v2\/suno_strategy?post=144039"}],"curies":[{"name":"wp","href":"https:\/\/api.w.org\/{rel}","templated":true}]}}