{"id":143920,"date":"2021-04-30T16:35:38","date_gmt":"2021-04-30T19:35:38","guid":{"rendered":"https:\/\/www.suno.com.br\/noticias\/?p=143920"},"modified":"2021-04-30T16:35:38","modified_gmt":"2021-04-30T19:35:38","slug":"funcionarios-petrobras-petr4-bacia-campos-greve","status":"publish","type":"post","link":"https:\/\/www.suno.com.br\/noticias\/funcionarios-petrobras-petr4-bacia-campos-greve\/","title":{"rendered":"Funcion\u00e1rios da Petrobras (PETR4) na Bacia de Campos entram em greve no dia 3"},"content":{"rendered":"<p>Empregados da <a href=\"https:\/\/www.suno.com.br\/acoes\/petr3\/\"><strong>Petrobras<\/strong> (PETR3<\/a>; <a href=\"https:\/\/www.suno.com.br\/acoes\/petr4\/\">PETR4)<\/a> no Norte Fluminense entram em greve na pr\u00f3xima segunda-feira (3), segundo a Federa\u00e7\u00e3o \u00danica dos Petroleiros (FUP). Eles se mobilizam contra as condi\u00e7\u00f5es de trabalho na empresa neste per\u00edodo de pandemia do coronav\u00edrus (covid-19).<\/p>\t<div class=\"wrapper-featured-image\">\n\t\t<figure class=\"spotlightImg\">\n\n\t\t\t<picture>\n\t\t\t\t<source media=\"(max-width: 768px)\" srcset=\"https:\/\/files.sunoresearch.com.br\/n\/uploads\/2021\/04\/03278512-petrobras2-400x200.webp\">\n\t\t\t\t<img loading=\"lazy\" decoding=\"async\" class=\"newsContent__article__imgCapa lazyloadDisabled \" src=\"https:\/\/files.sunoresearch.com.br\/n\/uploads\/2021\/04\/03278512-petrobras2-800x450.webp\" width=\"800\" height=\"450\" alt=\"Funcion\u00e1rios da Petrobras (PETR4) na Bacia de Campos entram em greve no dia 3\" fetchpriority=high \/>\n\t\t\t<\/picture>\n\n\t\t\t<figcaption class=\"wp-caption-text wp-caption-text--show\">BR Distribuidora. Foto: divulga\u00e7\u00e3o<\/figcaption>\n\t\t<\/figure>\n\t<\/div>\n\n\n\t<p>\n\t\t<a href=\"https:\/\/lp.suno.com.br\/planilha-controle-gastos\/\" target=\"_blank\" data-element=\"shortcode-suno-banner\" title=\"Banner SUNO, clique e saiba mais\">\n\t\t\t<picture>\n\t\t\t\t<source media=\"(max-width: 500px)\" srcset=\"https:\/\/files.sunoresearch.com.br\/n\/uploads\/2023\/03\/400x300-Planilha-controle-de-gastos.png\">\n\t\t\t\t<img class=\"newsContent__article__imgCapa newsContent__article__imgCapa--banner\"\n\t\t\t\t\tsrc=\"https:\/\/files.sunoresearch.com.br\/n\/uploads\/2023\/03\/1420x240-Planilha-controle-de-gastos.png\"\n\t\t\t\t\tdata-promo-id=\"101751\"\t\t\t\t\t\t\t\t\t\twidth='1420' height='240'\t\t\t\t\talt=\"https:\/\/files.sunoresearch.com.br\/n\/uploads\/2023\/03\/1420x240-Planilha-controle-de-gastos.png\"\n\t\t\t\t>\n\t\t\t<\/picture>\n\t\t<\/a>\n\t<\/p>\n\n\n<p>Segundo a entidade, h\u00e1 um surto da doen\u00e7a nas plataformas da Petrobras. A conta do sindicato, a partir de dados da Ag\u00eancia Nacional do Petr\u00f3leo, G\u00e1s Natural e Biocombust\u00edveis (ANP), \u00e9 de mais de 500 contaminados nas embarca\u00e7\u00f5es, em abril.<\/p>\n<p>Os trabalhadores da estatal no Norte Fluminense atuam, sobretudo, na Bacia de Campos, a segunda maior regi\u00e3o produtora de petr\u00f3leo e g\u00e1s natural no Pa\u00eds, atr\u00e1s apenas da Bacia de Santos, onde est\u00e1 a maior parte do pr\u00e9-sal.<\/p>\n<p><a href=\"https:\/\/lp.suno.com.br\/suno-one\/\">Suno One: acesse gratuitamente eBooks, Minicursos, Artigos e V\u00eddeo Aulas sobre investimentos com um \u00fanico cadastro. Clique para saber mais!<\/a><\/p>\n<p>&#8220;Diversas plataformas de petr\u00f3leo est\u00e3o sofrendo com o surto da doen\u00e7a. A Petrobras se nega a cumprir as leis e orienta\u00e7\u00f5es sanit\u00e1rias para impedir a contamina\u00e7\u00e3o nos seus locais de trabalho&#8221;, afirma a FUP, em comunicado \u00e0 imprensa.<\/p>\n<p>Por lei, os sindicatos s\u00f3 podem convocar greve se tiverem a aprova\u00e7\u00e3o dos funcion\u00e1rios da empresa em assembleia.<\/p>\n<p>No caso da Petrobras, isso poder\u00e1 acontecer imediatamente, porque as assembleias j\u00e1 tinham acontecido, e os empregados haviam autorizado previamente a paralisa\u00e7\u00e3o, segundo a federa\u00e7\u00e3o. A FUP acrescenta que, na semana passada, tentou negociar com a Petrobras as condi\u00e7\u00f5es de trabalho durante a pandemia, mas n\u00e3o teve sucesso.<\/p>\n\t<div data-element=\"shortcode-read-more\" class=\"knowMore\">\n\t\t\t\t<span class=\"knowMore__title\">Veja tamb\u00e9m<\/span>\n\t\t\t\t<a class=\"knowMore__link\" href=\"https:\/\/www.suno.com.br\/noticias\/petrobras-petr4-encerra-disputa-icms\/\">\n\t\t\tPetrobras (PETR4) adere a programa do RJ e encerra disputa de R$ 1,5 bi sobre ICMS\t\t<\/a>\n\t<\/div>\n\n\n<p>A reivindica\u00e7\u00e3o \u00e9 pela realiza\u00e7\u00e3o de testes de covid-19 no meio e no fim da escala, e n\u00e3o apenas no embarque para as plataformas. Pedem tamb\u00e9m que a campanha de controle da pandemia seja estendida ao pessoal que atua em terra e que todos os trabalhadores recebam m\u00e1scaras de prote\u00e7\u00e3o PFF2.<\/p>\n<p>De acordo com a entidade, a Petrobras estendeu a escala de embarque nas plataformas de 14 para 21 dias, o que estaria divergente do previsto em acordo coletivo de trabalho e exporia ainda mais os trabalhadores a situa\u00e7\u00f5es de inseguran\u00e7a.<\/p>\n\t<p>\n\t\t<a href=\"https:\/\/lp.suno.com.br\/planilha-da-vida-financeira\/\" target=\"_blank\" data-element=\"shortcode-suno-banner\" title=\"Banner SUNO, clique e saiba mais\">\n\t\t\t<picture>\n\t\t\t\t<source media=\"(max-width: 500px)\" srcset=\"https:\/\/files.sunoresearch.com.br\/n\/uploads\/2023\/04\/400x300-Planilha-vida-financeira-true.png\">\n\t\t\t\t<img class=\"newsContent__article__imgCapa newsContent__article__imgCapa--banner\"\n\t\t\t\t\tsrc=\"https:\/\/files.sunoresearch.com.br\/n\/uploads\/2023\/04\/1420x240-Planilha-vida-financeira-true.png\"\n\t\t\t\t\tdata-promo-id=\"106682\"\t\t\t\t\t\t\t\t\t\twidth='1420' height='240'\t\t\t\t\talt=\"https:\/\/files.sunoresearch.com.br\/n\/uploads\/2023\/04\/1420x240-Planilha-vida-financeira-true.png\"\n\t\t\t\t>\n\t\t\t<\/picture>\n\t\t<\/a>\n\t<\/p>\n\n\n<p>&#8220;Toda semana, recebemos apelos desesperados de trabalhadoras e trabalhadores denunciando casos de covid-19 em plataformas da Bacia de Campos. S\u00e3o pessoas que ficam 14 dias ou mais nesses ambientes, tempo suficiente para que uma pessoa que chegue contaminada a uma plataforma infecte v\u00e1rias outras. Estamos registrando surtos em diversas unidades nos \u00faltimos meses, com desembarque urgente de dez, 20 ou mais trabalhadores&#8221;, diz a FUP.<\/p>\n<p>O 54\u00ba Boletim de Monitoramento da covid-19, divulgado pelo Minist\u00e9rio de Minas e Energia (MME) na \u00faltima segunda (26\/4), mostra que a companhia j\u00e1 registrou 6.418 casos de contamina\u00e7\u00e3o pela doen\u00e7a &#8211; 13,8% dos 46.416 trabalhadores pr\u00f3prios do Sistema <strong>Petrobras<\/strong>. No momento, segundo o boletim, h\u00e1 192 casos confirmados e em quarentena, 47 hospitalizados, 6.153 recuperados e 26 mortes. A FUP ressalta, no entanto, que esta estat\u00edstica exclui os trabalhadores terceirizados, que comp\u00f5em boa parte da m\u00e3o de obra nas plataformas.<\/p>\n<p><em>Com informa\u00e7\u00f5es do Estad\u00e3o Conte\u00fado<\/em><\/p>\n\t<p>\n\t\t<a href=\"https:\/\/lp.suno.com.br\/planilha-de-controle-de-investimentos\/\" target=\"_blank\" data-element=\"shortcode-suno-banner\" title=\"Banner SUNO, clique e saiba mais\">\n\t\t\t<picture>\n\t\t\t\t<source media=\"(max-width: 500px)\" srcset=\"https:\/\/files.sunoresearch.com.br\/n\/uploads\/2023\/03\/400x300-Controle-de-Investimentos.png\">\n\t\t\t\t<img class=\"newsContent__article__imgCapa newsContent__article__imgCapa--banner\"\n\t\t\t\t\tsrc=\"https:\/\/files.sunoresearch.com.br\/n\/uploads\/2023\/03\/1420x240-Controle-de-Investimentos.png\"\n\t\t\t\t\tdata-promo-id=\"75934\"\t\t\t\t\t\t\t\t\t\twidth='1420' height='240'\t\t\t\t\talt=\"https:\/\/files.sunoresearch.com.br\/n\/uploads\/2023\/03\/1420x240-Controle-de-Investimentos.png\"\n\t\t\t\t>\n\t\t\t<\/picture>\n\t\t<\/a>\n\t<\/p>\n\n\n","protected":false},"excerpt":{"rendered":"<p>Empregados da Petrobras (PETR3; PETR4) no Norte Fluminense entram em greve na pr\u00f3xima segunda-feira (3), segundo a Federa\u00e7\u00e3o \u00danica dos Petroleiros (FUP). Eles se mobilizam contra as condi\u00e7\u00f5es de trabalho na empresa neste per\u00edodo de pandemia do coronav\u00edrus (covid-19). BR Distribuidora. Foto: divulga\u00e7\u00e3o Segundo a entidade, h\u00e1 um surto da doen\u00e7a nas plataformas da Petrobras. [&hellip;]<\/p>\n","protected":false},"author":56,"featured_media":137077,"comment_status":"closed","ping_status":"closed","sticky":false,"template":"","format":"standard","meta":[],"categories":[64],"tags":[2462,2426,595],"suno_strategy":[],"class_list":["post-143920","post","type-post","status-publish","format-standard","has-post-thumbnail","hentry","category-negocios","tag-greves","tag-petr3","tag-petrobras-petr4"],"yoast_head":"<!-- This site is optimized with the Yoast SEO plugin v24.4 - https:\/\/yoast.com\/wordpress\/plugins\/seo\/ -->\n<title>Petrobras (PETR4): Funcion\u00e1rios na Bacia de Campos entram em greve no dia 3<\/title>\n<meta name=\"description\" content=\"Empregados da Petrobras no Norte Fluminense entram em greve na pr\u00f3xima segunda-feira (3). Clique aqui para saber mais.\" \/>\n<meta name=\"robots\" content=\"index, follow, max-snippet:-1, max-image-preview:large, max-video-preview:-1\" \/>\n<link rel=\"canonical\" href=\"https:\/\/www.suno.com.br\/noticias\/funcionarios-petrobras-petr4-bacia-campos-greve\/\" \/>\n<meta property=\"og:locale\" content=\"pt_BR\" \/>\n<meta property=\"og:type\" content=\"article\" \/>\n<meta property=\"og:title\" content=\"Petrobras (PETR4): Funcion\u00e1rios na Bacia de Campos entram em greve no dia 3\" \/>\n<meta property=\"og:description\" content=\"Empregados da Petrobras no Norte Fluminense entram em greve na pr\u00f3xima segunda-feira (3). Clique aqui para saber mais.\" \/>\n<meta property=\"og:url\" content=\"https:\/\/www.suno.com.br\/noticias\/funcionarios-petrobras-petr4-bacia-campos-greve\/\" \/>\n<meta property=\"og:site_name\" content=\"Suno Not\u00edcias\" \/>\n<meta property=\"article:publisher\" content=\"https:\/\/facebook.com\/sunoresearch\" \/>\n<meta property=\"og:image\" content=\"https:\/\/files.sunoresearch.com.br\/n\/uploads\/2021\/04\/03278512-petrobras2.jpg\" \/>\n\t<meta property=\"og:image:width\" content=\"1200\" \/>\n\t<meta property=\"og:image:height\" content=\"800\" \/>\n\t<meta property=\"og:image:type\" content=\"image\/jpeg\" \/>\n<meta name=\"author\" content=\"Rafaela La Regina\" \/>\n<meta name=\"twitter:card\" content=\"summary_large_image\" \/>\n<meta name=\"twitter:creator\" content=\"@sunoresearch\" \/>\n<meta name=\"twitter:site\" content=\"@sunoresearch\" \/>\n<meta name=\"twitter:label1\" content=\"Escrito por\" \/>\n\t<meta name=\"twitter:data1\" content=\"Rafaela La Regina\" \/>\n\t<meta name=\"twitter:label2\" content=\"Est. tempo de leitura\" \/>\n\t<meta name=\"twitter:data2\" content=\"3 minutos\" \/>\n<script type=\"application\/ld+json\" class=\"yoast-schema-graph\">{\"@context\":\"https:\/\/schema.org\",\"@graph\":[{\"@type\":\"NewsArticle\",\"@id\":\"https:\/\/www.suno.com.br\/noticias\/funcionarios-petrobras-petr4-bacia-campos-greve\/#article\",\"isPartOf\":{\"@id\":\"https:\/\/www.suno.com.br\/noticias\/funcionarios-petrobras-petr4-bacia-campos-greve\/\"},\"author\":{\"name\":\"Rafaela La Regina\",\"@id\":\"https:\/\/www.suno.com.br\/noticias\/#\/schema\/person\/e672ca8cea627fe715fa29bca7da95e0\"},\"headline\":\"Funcion\u00e1rios da Petrobras (PETR4) na Bacia de Campos entram em greve no dia 3\",\"datePublished\":\"2021-04-30T19:35:38+00:00\",\"mainEntityOfPage\":{\"@id\":\"https:\/\/www.suno.com.br\/noticias\/funcionarios-petrobras-petr4-bacia-campos-greve\/\"},\"wordCount\":546,\"publisher\":{\"@id\":\"https:\/\/www.suno.com.br\/noticias\/#organization\"},\"image\":{\"@id\":\"https:\/\/www.suno.com.br\/noticias\/funcionarios-petrobras-petr4-bacia-campos-greve\/#primaryimage\"},\"thumbnailUrl\":\"https:\/\/files.sunoresearch.com.br\/n\/uploads\/2021\/04\/03278512-petrobras2-jpg.webp\",\"keywords\":[\"greves\",\"PETR3\",\"Petrobras (PETR4)\"],\"articleSection\":[\"Neg\u00f3cios\"],\"inLanguage\":\"pt-BR\"},{\"@type\":\"WebPage\",\"@id\":\"https:\/\/www.suno.com.br\/noticias\/funcionarios-petrobras-petr4-bacia-campos-greve\/\",\"url\":\"https:\/\/www.suno.com.br\/noticias\/funcionarios-petrobras-petr4-bacia-campos-greve\/\",\"name\":\"Petrobras (PETR4): Funcion\u00e1rios na Bacia de Campos entram em greve no dia 3\",\"isPartOf\":{\"@id\":\"https:\/\/www.suno.com.br\/noticias\/#website\"},\"primaryImageOfPage\":{\"@id\":\"https:\/\/www.suno.com.br\/noticias\/funcionarios-petrobras-petr4-bacia-campos-greve\/#primaryimage\"},\"image\":{\"@id\":\"https:\/\/www.suno.com.br\/noticias\/funcionarios-petrobras-petr4-bacia-campos-greve\/#primaryimage\"},\"thumbnailUrl\":\"https:\/\/files.sunoresearch.com.br\/n\/uploads\/2021\/04\/03278512-petrobras2-jpg.webp\",\"datePublished\":\"2021-04-30T19:35:38+00:00\",\"description\":\"Empregados da Petrobras no Norte Fluminense entram em greve na pr\u00f3xima segunda-feira (3). Clique aqui para saber mais.\",\"breadcrumb\":{\"@id\":\"https:\/\/www.suno.com.br\/noticias\/funcionarios-petrobras-petr4-bacia-campos-greve\/#breadcrumb\"},\"inLanguage\":\"pt-BR\",\"potentialAction\":[{\"@type\":\"ReadAction\",\"target\":[\"https:\/\/www.suno.com.br\/noticias\/funcionarios-petrobras-petr4-bacia-campos-greve\/\"]}]},{\"@type\":\"ImageObject\",\"inLanguage\":\"pt-BR\",\"@id\":\"https:\/\/www.suno.com.br\/noticias\/funcionarios-petrobras-petr4-bacia-campos-greve\/#primaryimage\",\"url\":\"https:\/\/files.sunoresearch.com.br\/n\/uploads\/2021\/04\/03278512-petrobras2-jpg.webp\",\"contentUrl\":\"https:\/\/files.sunoresearch.com.br\/n\/uploads\/2021\/04\/03278512-petrobras2-jpg.webp\",\"width\":1200,\"height\":800,\"caption\":\"BR Distribuidora. Foto: divulga\u00e7\u00e3o\"},{\"@type\":\"BreadcrumbList\",\"@id\":\"https:\/\/www.suno.com.br\/noticias\/funcionarios-petrobras-petr4-bacia-campos-greve\/#breadcrumb\",\"itemListElement\":[{\"@type\":\"ListItem\",\"position\":1,\"name\":\"Not\u00edcias\",\"item\":\"https:\/\/www.suno.com.br\/noticias\/\"},{\"@type\":\"ListItem\",\"position\":2,\"name\":\"Neg\u00f3cios\",\"item\":\"https:\/\/www.suno.com.br\/noticias\/negocios\/\"},{\"@type\":\"ListItem\",\"position\":3,\"name\":\"Funcion\u00e1rios da Petrobras (PETR4) na Bacia de Campos entram em greve no dia 3\"}]},{\"@type\":\"WebSite\",\"@id\":\"https:\/\/www.suno.com.br\/noticias\/#website\",\"url\":\"https:\/\/www.suno.com.br\/noticias\/\",\"name\":\"Suno Not\u00edcias\",\"description\":\"Seu portal de informa\u00e7\u00e3o sobre o mundo dos investimentos\",\"publisher\":{\"@id\":\"https:\/\/www.suno.com.br\/noticias\/#organization\"},\"potentialAction\":[{\"@type\":\"SearchAction\",\"target\":{\"@type\":\"EntryPoint\",\"urlTemplate\":\"https:\/\/www.suno.com.br\/noticias\/?s={search_term_string}\"},\"query-input\":{\"@type\":\"PropertyValueSpecification\",\"valueRequired\":true,\"valueName\":\"search_term_string\"}}],\"inLanguage\":\"pt-BR\"},{\"@type\":\"Organization\",\"@id\":\"https:\/\/www.suno.com.br\/noticias\/#organization\",\"name\":\"Suno Not\u00edcias\",\"url\":\"https:\/\/www.suno.com.br\/noticias\/\",\"logo\":{\"@type\":\"ImageObject\",\"inLanguage\":\"pt-BR\",\"@id\":\"https:\/\/www.suno.com.br\/noticias\/#\/schema\/logo\/image\/\",\"url\":\"https:\/\/files.sunoresearch.com.br\/n\/uploads\/2021\/09\/suno-logo.png\",\"contentUrl\":\"https:\/\/files.sunoresearch.com.br\/n\/uploads\/2021\/09\/suno-logo.png\",\"width\":180,\"height\":180,\"caption\":\"Suno Not\u00edcias\"},\"image\":{\"@id\":\"https:\/\/www.suno.com.br\/noticias\/#\/schema\/logo\/image\/\"},\"sameAs\":[\"https:\/\/facebook.com\/sunoresearch\",\"https:\/\/x.com\/sunoresearch\",\"https:\/\/www.instagram.com\/suno\",\"https:\/\/www.linkedin.com\/company\/suno-research\/\",\"https:\/\/www.youtube.com\/c\/sunoresearch\"]},{\"@type\":\"Person\",\"@id\":\"https:\/\/www.suno.com.br\/noticias\/#\/schema\/person\/e672ca8cea627fe715fa29bca7da95e0\",\"name\":\"Rafaela La Regina\",\"image\":{\"@type\":\"ImageObject\",\"inLanguage\":\"pt-BR\",\"@id\":\"https:\/\/www.suno.com.br\/noticias\/#\/schema\/person\/image\/\",\"url\":\"https:\/\/secure.gravatar.com\/avatar\/d2c75a52d243deb93d0465fdcb21bd37?s=96&r=g\",\"contentUrl\":\"https:\/\/secure.gravatar.com\/avatar\/d2c75a52d243deb93d0465fdcb21bd37?s=96&r=g\",\"caption\":\"Rafaela La Regina\"},\"description\":\"Estagi\u00e1ria no Suno Not\u00edcias. Escreve sobre economia, pol\u00edtica e neg\u00f3cios. Estuda Rela\u00e7\u00f5es Internacionais no IBMEC-SP.\",\"url\":\"https:\/\/www.suno.com.br\/noticias\/author\/rafaela-la-regina\/\"}]}<\/script>\n<!-- \/ Yoast SEO plugin. -->","yoast_head_json":{"title":"Petrobras (PETR4): Funcion\u00e1rios na Bacia de Campos entram em greve no dia 3","description":"Empregados da Petrobras no Norte Fluminense entram em greve na pr\u00f3xima segunda-feira (3). Clique aqui para saber mais.","robots":{"index":"index","follow":"follow","max-snippet":"max-snippet:-1","max-image-preview":"max-image-preview:large","max-video-preview":"max-video-preview:-1"},"canonical":"https:\/\/www.suno.com.br\/noticias\/funcionarios-petrobras-petr4-bacia-campos-greve\/","og_locale":"pt_BR","og_type":"article","og_title":"Petrobras (PETR4): Funcion\u00e1rios na Bacia de Campos entram em greve no dia 3","og_description":"Empregados da Petrobras no Norte Fluminense entram em greve na pr\u00f3xima segunda-feira (3). Clique aqui para saber mais.","og_url":"https:\/\/www.suno.com.br\/noticias\/funcionarios-petrobras-petr4-bacia-campos-greve\/","og_site_name":"Suno Not\u00edcias","article_publisher":"https:\/\/facebook.com\/sunoresearch","og_image":[{"width":1200,"height":800,"url":"https:\/\/files.sunoresearch.com.br\/n\/uploads\/2021\/04\/03278512-petrobras2.jpg","type":"image\/jpeg"}],"author":"Rafaela La Regina","twitter_card":"summary_large_image","twitter_creator":"@sunoresearch","twitter_site":"@sunoresearch","twitter_misc":{"Escrito por":"Rafaela La Regina","Est. tempo de leitura":"3 minutos"},"schema":{"@context":"https:\/\/schema.org","@graph":[{"@type":"NewsArticle","@id":"https:\/\/www.suno.com.br\/noticias\/funcionarios-petrobras-petr4-bacia-campos-greve\/#article","isPartOf":{"@id":"https:\/\/www.suno.com.br\/noticias\/funcionarios-petrobras-petr4-bacia-campos-greve\/"},"author":{"name":"Rafaela La Regina","@id":"https:\/\/www.suno.com.br\/noticias\/#\/schema\/person\/e672ca8cea627fe715fa29bca7da95e0"},"headline":"Funcion\u00e1rios da Petrobras (PETR4) na Bacia de Campos entram em greve no dia 3","datePublished":"2021-04-30T19:35:38+00:00","mainEntityOfPage":{"@id":"https:\/\/www.suno.com.br\/noticias\/funcionarios-petrobras-petr4-bacia-campos-greve\/"},"wordCount":546,"publisher":{"@id":"https:\/\/www.suno.com.br\/noticias\/#organization"},"image":{"@id":"https:\/\/www.suno.com.br\/noticias\/funcionarios-petrobras-petr4-bacia-campos-greve\/#primaryimage"},"thumbnailUrl":"https:\/\/files.sunoresearch.com.br\/n\/uploads\/2021\/04\/03278512-petrobras2-jpg.webp","keywords":["greves","PETR3","Petrobras (PETR4)"],"articleSection":["Neg\u00f3cios"],"inLanguage":"pt-BR"},{"@type":"WebPage","@id":"https:\/\/www.suno.com.br\/noticias\/funcionarios-petrobras-petr4-bacia-campos-greve\/","url":"https:\/\/www.suno.com.br\/noticias\/funcionarios-petrobras-petr4-bacia-campos-greve\/","name":"Petrobras (PETR4): Funcion\u00e1rios na Bacia de Campos entram em greve no dia 3","isPartOf":{"@id":"https:\/\/www.suno.com.br\/noticias\/#website"},"primaryImageOfPage":{"@id":"https:\/\/www.suno.com.br\/noticias\/funcionarios-petrobras-petr4-bacia-campos-greve\/#primaryimage"},"image":{"@id":"https:\/\/www.suno.com.br\/noticias\/funcionarios-petrobras-petr4-bacia-campos-greve\/#primaryimage"},"thumbnailUrl":"https:\/\/files.sunoresearch.com.br\/n\/uploads\/2021\/04\/03278512-petrobras2-jpg.webp","datePublished":"2021-04-30T19:35:38+00:00","description":"Empregados da Petrobras no Norte Fluminense entram em greve na pr\u00f3xima segunda-feira (3). Clique aqui para saber mais.","breadcrumb":{"@id":"https:\/\/www.suno.com.br\/noticias\/funcionarios-petrobras-petr4-bacia-campos-greve\/#breadcrumb"},"inLanguage":"pt-BR","potentialAction":[{"@type":"ReadAction","target":["https:\/\/www.suno.com.br\/noticias\/funcionarios-petrobras-petr4-bacia-campos-greve\/"]}]},{"@type":"ImageObject","inLanguage":"pt-BR","@id":"https:\/\/www.suno.com.br\/noticias\/funcionarios-petrobras-petr4-bacia-campos-greve\/#primaryimage","url":"https:\/\/files.sunoresearch.com.br\/n\/uploads\/2021\/04\/03278512-petrobras2-jpg.webp","contentUrl":"https:\/\/files.sunoresearch.com.br\/n\/uploads\/2021\/04\/03278512-petrobras2-jpg.webp","width":1200,"height":800,"caption":"BR Distribuidora. Foto: divulga\u00e7\u00e3o"},{"@type":"BreadcrumbList","@id":"https:\/\/www.suno.com.br\/noticias\/funcionarios-petrobras-petr4-bacia-campos-greve\/#breadcrumb","itemListElement":[{"@type":"ListItem","position":1,"name":"Not\u00edcias","item":"https:\/\/www.suno.com.br\/noticias\/"},{"@type":"ListItem","position":2,"name":"Neg\u00f3cios","item":"https:\/\/www.suno.com.br\/noticias\/negocios\/"},{"@type":"ListItem","position":3,"name":"Funcion\u00e1rios da Petrobras (PETR4) na Bacia de Campos entram em greve no dia 3"}]},{"@type":"WebSite","@id":"https:\/\/www.suno.com.br\/noticias\/#website","url":"https:\/\/www.suno.com.br\/noticias\/","name":"Suno Not\u00edcias","description":"Seu portal de informa\u00e7\u00e3o sobre o mundo dos investimentos","publisher":{"@id":"https:\/\/www.suno.com.br\/noticias\/#organization"},"potentialAction":[{"@type":"SearchAction","target":{"@type":"EntryPoint","urlTemplate":"https:\/\/www.suno.com.br\/noticias\/?s={search_term_string}"},"query-input":{"@type":"PropertyValueSpecification","valueRequired":true,"valueName":"search_term_string"}}],"inLanguage":"pt-BR"},{"@type":"Organization","@id":"https:\/\/www.suno.com.br\/noticias\/#organization","name":"Suno Not\u00edcias","url":"https:\/\/www.suno.com.br\/noticias\/","logo":{"@type":"ImageObject","inLanguage":"pt-BR","@id":"https:\/\/www.suno.com.br\/noticias\/#\/schema\/logo\/image\/","url":"https:\/\/files.sunoresearch.com.br\/n\/uploads\/2021\/09\/suno-logo.png","contentUrl":"https:\/\/files.sunoresearch.com.br\/n\/uploads\/2021\/09\/suno-logo.png","width":180,"height":180,"caption":"Suno Not\u00edcias"},"image":{"@id":"https:\/\/www.suno.com.br\/noticias\/#\/schema\/logo\/image\/"},"sameAs":["https:\/\/facebook.com\/sunoresearch","https:\/\/x.com\/sunoresearch","https:\/\/www.instagram.com\/suno","https:\/\/www.linkedin.com\/company\/suno-research\/","https:\/\/www.youtube.com\/c\/sunoresearch"]},{"@type":"Person","@id":"https:\/\/www.suno.com.br\/noticias\/#\/schema\/person\/e672ca8cea627fe715fa29bca7da95e0","name":"Rafaela La Regina","image":{"@type":"ImageObject","inLanguage":"pt-BR","@id":"https:\/\/www.suno.com.br\/noticias\/#\/schema\/person\/image\/","url":"https:\/\/secure.gravatar.com\/avatar\/d2c75a52d243deb93d0465fdcb21bd37?s=96&r=g","contentUrl":"https:\/\/secure.gravatar.com\/avatar\/d2c75a52d243deb93d0465fdcb21bd37?s=96&r=g","caption":"Rafaela La Regina"},"description":"Estagi\u00e1ria no Suno Not\u00edcias. Escreve sobre economia, pol\u00edtica e neg\u00f3cios. Estuda Rela\u00e7\u00f5es Internacionais no IBMEC-SP.","url":"https:\/\/www.suno.com.br\/noticias\/author\/rafaela-la-regina\/"}]}},"default_loop_html":"<div class=\"cardsPage__listCard__boxs\"><div class=\"cardsPage__listCard__boxs__img\"><a href=\"https:\/\/www.suno.com.br\/noticias\/funcionarios-petrobras-petr4-bacia-campos-greve\/\"><img class=\"mask\" src=\"https:\/\/www.suno.com.br\/noticias\/wp-content\/themes\/suno\/resources\/images\/spotlight\/spotlight1img\/bg-mask.png\" alt=\"Image Mask\"\/><img src=\"https:\/\/files.sunoresearch.com.br\/n\/uploads\/2021\/04\/03278512-petrobras2-400x200.webp\" alt=\"Funcion\u00e1rios da Petrobras (PETR4) na Bacia de Campos entram em greve no dia 3\"\/><\/a><span class=\"spotlightCategory\"><a href=\"https:\/\/www.suno.com.br\/noticias\/negocios\/\">Neg\u00f3cios<\/a><\/span><\/div><div class=\"cardsPage__listCard__boxs__content\"><a href=\"https:\/\/www.suno.com.br\/noticias\/funcionarios-petrobras-petr4-bacia-campos-greve\/\"><h2 class=\"content__title\">Funcion\u00e1rios da Petrobras (PETR4) na Bacia de Campos entram em greve no dia 3<\/h2><\/a><div class=\"newsContent__article__meta\"><div class=\"newsContent__article__meta__authorBox\"><a href=\"https:\/\/www.suno.com.br\/noticias\/author\/rafaela-la-regina\/\" class=\"authorBox__avatar noMobi\"><img src=\"https:\/\/secure.gravatar.com\/avatar\/d2c75a52d243deb93d0465fdcb21bd37?s=96&#038;r=g\" alt=\"Rafaela La Regina\"><\/a><div class=\"authorBox__name\"><span>por\n\t\t\t<a href=\"https:\/\/www.suno.com.br\/noticias\/author\/rafaela-la-regina\/\"><span itemprop=\"author\">Rafaela La Regina<\/span><\/a><\/span><time datetime=\"2021-04-30T16:35:38-03:00\" itemprop=\"datePublished\">30\/04\/2021 16:35<\/time><\/div><\/div><\/div><\/div><\/div>","single_layout":"posts","amp_enabled":true,"_links":{"self":[{"href":"https:\/\/www.suno.com.br\/noticias\/wp-json\/wp\/v2\/posts\/143920"}],"collection":[{"href":"https:\/\/www.suno.com.br\/noticias\/wp-json\/wp\/v2\/posts"}],"about":[{"href":"https:\/\/www.suno.com.br\/noticias\/wp-json\/wp\/v2\/types\/post"}],"author":[{"embeddable":true,"href":"https:\/\/www.suno.com.br\/noticias\/wp-json\/wp\/v2\/users\/56"}],"replies":[{"embeddable":true,"href":"https:\/\/www.suno.com.br\/noticias\/wp-json\/wp\/v2\/comments?post=143920"}],"version-history":[{"count":2,"href":"https:\/\/www.suno.com.br\/noticias\/wp-json\/wp\/v2\/posts\/143920\/revisions"}],"predecessor-version":[{"id":143936,"href":"https:\/\/www.suno.com.br\/noticias\/wp-json\/wp\/v2\/posts\/143920\/revisions\/143936"}],"wp:featuredmedia":[{"embeddable":true,"href":"https:\/\/www.suno.com.br\/noticias\/wp-json\/wp\/v2\/media\/137077"}],"wp:attachment":[{"href":"https:\/\/www.suno.com.br\/noticias\/wp-json\/wp\/v2\/media?parent=143920"}],"wp:term":[{"taxonomy":"category","embeddable":true,"href":"https:\/\/www.suno.com.br\/noticias\/wp-json\/wp\/v2\/categories?post=143920"},{"taxonomy":"post_tag","embeddable":true,"href":"https:\/\/www.suno.com.br\/noticias\/wp-json\/wp\/v2\/tags?post=143920"},{"taxonomy":"suno_strategy","embeddable":true,"href":"https:\/\/www.suno.com.br\/noticias\/wp-json\/wp\/v2\/suno_strategy?post=143920"}],"curies":[{"name":"wp","href":"https:\/\/api.w.org\/{rel}","templated":true}]}}