{"id":143887,"date":"2021-04-30T16:47:08","date_gmt":"2021-04-30T19:47:08","guid":{"rendered":"https:\/\/www.suno.com.br\/noticias\/?p=143887"},"modified":"2021-04-30T16:47:08","modified_gmt":"2021-04-30T19:47:08","slug":"joe-biden-reforma-tributaria-eua","status":"publish","type":"post","link":"https:\/\/www.suno.com.br\/noticias\/joe-biden-reforma-tributaria-eua\/","title":{"rendered":"Joe Biden: reforma tribut\u00e1ria afetar\u00e1 menos de 1% dos contribuintes, diz estudo"},"content":{"rendered":"<p>Defendendo a proposta do presidente norte-americano, <a href=\"https:\/\/www.suno.com.br\/noticias\/joe-biden-conheca-o-novo-presidente-dos-estados-unidos\/\">Joe <strong>Biden,<\/strong><\/a> a\u00a0 secret\u00e1ria de imprensa da Casa Branca, Jen Psaki, citou, nesta sexta-feira (30), um estudo do Instituto de Taxa\u00e7\u00e3o e Pol\u00edtica Econ\u00f4mica que indicou que a reforma tribut\u00e1ria nos Estados Unidos afetar\u00e1 menos de 1% dos contribuintes do Pa\u00eds.<\/p>\t<div class=\"wrapper-featured-image\">\n\t\t<figure class=\"spotlightImg\">\n\n\t\t\t<picture>\n\t\t\t\t<source media=\"(max-width: 768px)\" srcset=\"https:\/\/files.sunoresearch.com.br\/n\/uploads\/2021\/03\/a721ef0d-joe-biden-400x200.webp\">\n\t\t\t\t<img loading=\"lazy\" decoding=\"async\" class=\"newsContent__article__imgCapa lazyloadDisabled \" src=\"https:\/\/files.sunoresearch.com.br\/n\/uploads\/2021\/03\/a721ef0d-joe-biden-800x450.webp\" width=\"800\" height=\"450\" alt=\"Joe Biden: reforma tribut\u00e1ria afetar\u00e1 menos de 1% dos contribuintes, diz estudo\" fetchpriority=high \/>\n\t\t\t<\/picture>\n\n\t\t\t<figcaption class=\"wp-caption-text wp-caption-text--show\">Joe Biden. Foto: Reprodu\u00e7\u00e3o Facebook<\/figcaption>\n\t\t<\/figure>\n\t<\/div>\n\n\n\t<p>\n\t\t<a href=\"https:\/\/lp.suno.com.br\/planilha-controle-gastos\/\" target=\"_blank\" data-element=\"shortcode-suno-banner\" title=\"Banner SUNO, clique e saiba mais\">\n\t\t\t<picture>\n\t\t\t\t<source media=\"(max-width: 500px)\" srcset=\"https:\/\/files.sunoresearch.com.br\/n\/uploads\/2023\/03\/400x300-Planilha-controle-de-gastos.png\">\n\t\t\t\t<img class=\"newsContent__article__imgCapa newsContent__article__imgCapa--banner\"\n\t\t\t\t\tsrc=\"https:\/\/files.sunoresearch.com.br\/n\/uploads\/2023\/03\/1420x240-Planilha-controle-de-gastos.png\"\n\t\t\t\t\tdata-promo-id=\"101751\"\t\t\t\t\t\t\t\t\t\twidth='1420' height='240'\t\t\t\t\talt=\"https:\/\/files.sunoresearch.com.br\/n\/uploads\/2023\/03\/1420x240-Planilha-controle-de-gastos.png\"\n\t\t\t\t>\n\t\t\t<\/picture>\n\t\t<\/a>\n\t<\/p>\n\n\n<p>Vale destacar que\u00a0 proposta de investimentos econ\u00f4micos de Biden incluir\u00e1 <a href=\"https:\/\/www.suno.com.br\/artigos\/c\/impostos\/\">aumento de impostos<\/a> no Pa\u00eds.<\/p>\n<p>&#8220;Lembro que o plano tamb\u00e9m vai cortar US$ 800 bilh\u00f5es em impostos para as classes m\u00e9dia e baixa americanas, ao mesmo tempo que realiza investimentos cr\u00edticos&#8221;, destacou <strong>Jen Psaki.<\/strong><\/p>\n<p><a href=\"https:\/\/lp.suno.com.br\/suno-one\/\">Suno One: acesse gratuitamente eBooks, Minicursos, Artigos e V\u00eddeo Aulas sobre investimentos com um \u00fanico cadastro. Clique para saber mais!<\/a><\/p>\n<p>Ela revelou ainda que o governo encerrou a revis\u00e3o da pol\u00edtica estrat\u00e9gica para a Coreia do Norte, que reiterou o interesse de Washington pela desnucleariza\u00e7\u00e3o da pen\u00ednsula asi\u00e1tica.<\/p>\n<p>Disse tamb\u00e9m que a <strong>Casa Branca<\/strong> est\u00e1 fazendo investimentos em campanhas de combate a informa\u00e7\u00f5es falsas sobre a vacina contra a <strong>covid-19<\/strong>.<\/p>\n<h4>Veja tamb\u00e9m:<\/h4>\n<h2>Biden anuncia pacote de US$ 1,8 tri a fam\u00edlias, financiado por impostos aos ricos<\/h2>\n<p>O governo dos Estados Unidos anunciou na manh\u00e3 da \u00faltima quarta-feira (28) um pacote de US$ 1,8 trilh\u00e3o (cerca de R$ 9,82 trilh\u00f5es) em investimentos em \u00e1reas da educa\u00e7\u00e3o, sa\u00fade e cuidados infantis. O pacote \u00e9 conhecido como &#8220;Plano das Fam\u00edlias Americanas&#8221; do presidente Joe Biden e ser\u00e1 financiado, em parte, pelo aumento da carga tribut\u00e1ria aos mais ricos.<\/p>\n<p>Em comunicado, a <strong>Casa Branca<\/strong> informou que a proposta \u00e9 financiar o projeto, em parte, pelo imposto sobre o ganho capital de 39,6% dos mais ricos, o que representaria US$ 1,5 trilh\u00e3o nos pr\u00f3ximos dez anos. Essas medidas s\u00e3o uma expans\u00e3o das pol\u00edtica p\u00fablicas de Biden contra a pobreza que j\u00e1 foram adotadas durante a pandemia.<\/p>\n\t<div data-element=\"shortcode-read-more\" class=\"knowMore\">\n\t\t\t\t<span class=\"knowMore__title\">Leia tamb\u00e9m<\/span>\n\t\t\t\t<a class=\"knowMore__link\" href=\"https:\/\/www.suno.com.br\/noticias\/entenda-proposta-tributaria-joe-biden\/\">\n\t\t\tEntenda o plano econ\u00f4mico que Joe Biden vai apresentar ao Congresso dos EUA\t\t<\/a>\n\t<\/div>\n\n\n<p>Para que o financiamento seja aprovado, a proposta precisa passar pelo aval do Congresso norte-americano. Entretanto, o pacote n\u00e3o foi bem recebido por republicanos que ficaram desanimados com os aumentos de impostos e de gastos p\u00fablico que Biden busca promover para viabilizar mais uma de suas promessas de de retirar as isen\u00e7\u00f5es fiscais aos mais ricos, aprovados por seu antecessor <strong><a href=\"https:\/\/www.suno.com.br\/tudo-sobre\/donald-trump\/\">Donald Trump<\/a><\/strong>.<\/p>\n\t<p>\n\t\t<a href=\"https:\/\/lp.suno.com.br\/planilha-da-vida-financeira\/\" target=\"_blank\" data-element=\"shortcode-suno-banner\" title=\"Banner SUNO, clique e saiba mais\">\n\t\t\t<picture>\n\t\t\t\t<source media=\"(max-width: 500px)\" srcset=\"https:\/\/files.sunoresearch.com.br\/n\/uploads\/2023\/04\/400x300-Planilha-vida-financeira-true.png\">\n\t\t\t\t<img class=\"newsContent__article__imgCapa newsContent__article__imgCapa--banner\"\n\t\t\t\t\tsrc=\"https:\/\/files.sunoresearch.com.br\/n\/uploads\/2023\/04\/1420x240-Planilha-vida-financeira-true.png\"\n\t\t\t\t\tdata-promo-id=\"106682\"\t\t\t\t\t\t\t\t\t\twidth='1420' height='240'\t\t\t\t\talt=\"https:\/\/files.sunoresearch.com.br\/n\/uploads\/2023\/04\/1420x240-Planilha-vida-financeira-true.png\"\n\t\t\t\t>\n\t\t\t<\/picture>\n\t\t<\/a>\n\t<\/p>\n\n\n<p>A ideia da administra\u00e7\u00e3o <strong>Biden<\/strong> \u00e9 realizar mudan\u00e7as tribut\u00e1rias para ajudar a pagar o plano. No total, o n\u00edvel de impostos aos mais ricos poderia chegar a 43,8%. Haveria ainda o estabelecimento de um imposto fixo de 3,8% para todos os americanos que ganhem mais de US$ 400 mil por ano. O presidente tem garantido que os contribuintes em faixa de renda inferior a isso n\u00e3o pagar\u00e3o mais impostos.<\/p>\n<p><em>Com informa\u00e7\u00f5es do Estad\u00e3o Conte\u00fado<\/em><\/p>\n\t<p>\n\t\t<a href=\"https:\/\/lp.suno.com.br\/planilha-de-controle-de-investimentos\/\" target=\"_blank\" data-element=\"shortcode-suno-banner\" title=\"Banner SUNO, clique e saiba mais\">\n\t\t\t<picture>\n\t\t\t\t<source media=\"(max-width: 500px)\" srcset=\"https:\/\/files.sunoresearch.com.br\/n\/uploads\/2023\/03\/400x300-Controle-de-Investimentos.png\">\n\t\t\t\t<img class=\"newsContent__article__imgCapa newsContent__article__imgCapa--banner\"\n\t\t\t\t\tsrc=\"https:\/\/files.sunoresearch.com.br\/n\/uploads\/2023\/03\/1420x240-Controle-de-Investimentos.png\"\n\t\t\t\t\tdata-promo-id=\"75934\"\t\t\t\t\t\t\t\t\t\twidth='1420' height='240'\t\t\t\t\talt=\"https:\/\/files.sunoresearch.com.br\/n\/uploads\/2023\/03\/1420x240-Controle-de-Investimentos.png\"\n\t\t\t\t>\n\t\t\t<\/picture>\n\t\t<\/a>\n\t<\/p>\n\n\n","protected":false},"excerpt":{"rendered":"<p>Defendendo a proposta do presidente norte-americano, Joe Biden, a\u00a0 secret\u00e1ria de imprensa da Casa Branca, Jen Psaki, citou, nesta sexta-feira (30), um estudo do Instituto de Taxa\u00e7\u00e3o e Pol\u00edtica Econ\u00f4mica que indicou que a reforma tribut\u00e1ria nos Estados Unidos afetar\u00e1 menos de 1% dos contribuintes do Pa\u00eds. Joe Biden. Foto: Reprodu\u00e7\u00e3o Facebook Vale destacar que\u00a0 [&hellip;]<\/p>\n","protected":false},"author":39,"featured_media":136293,"comment_status":"closed","ping_status":"closed","sticky":false,"template":"","format":"standard","meta":[],"categories":[64],"tags":[793,704,73481],"suno_strategy":[],"class_list":["post-143887","post","type-post","status-publish","format-standard","has-post-thumbnail","hentry","category-negocios","tag-estados-unidos-eua","tag-impostos","tag-joe-biden"],"yoast_head":"<!-- This site is optimized with the Yoast SEO plugin v24.4 - https:\/\/yoast.com\/wordpress\/plugins\/seo\/ -->\n<title>Biden: reforma tribut\u00e1ria afetar\u00e1 menos de 1%, diz estudo<\/title>\n<meta name=\"description\" content=\"Um estdio do Instituto de Taxa\u00e7\u00e3o diz que a reforma tribut\u00e1ria de Biden afetar\u00e1 menos de 1% dos contribuintes. Clique aqui saiba mais!\" \/>\n<meta name=\"robots\" content=\"index, follow, max-snippet:-1, max-image-preview:large, max-video-preview:-1\" \/>\n<link rel=\"canonical\" href=\"https:\/\/www.suno.com.br\/noticias\/joe-biden-reforma-tributaria-eua\/\" \/>\n<meta property=\"og:locale\" content=\"pt_BR\" \/>\n<meta property=\"og:type\" content=\"article\" \/>\n<meta property=\"og:title\" content=\"Biden: reforma tribut\u00e1ria afetar\u00e1 menos de 1%, diz estudo\" \/>\n<meta property=\"og:description\" content=\"Um estdio do Instituto de Taxa\u00e7\u00e3o diz que a reforma tribut\u00e1ria de Biden afetar\u00e1 menos de 1% dos contribuintes. Clique aqui saiba mais!\" \/>\n<meta property=\"og:url\" content=\"https:\/\/www.suno.com.br\/noticias\/joe-biden-reforma-tributaria-eua\/\" \/>\n<meta property=\"og:site_name\" content=\"Suno Not\u00edcias\" \/>\n<meta property=\"article:publisher\" content=\"https:\/\/facebook.com\/sunoresearch\" \/>\n<meta property=\"og:image\" content=\"https:\/\/files.sunoresearch.com.br\/n\/uploads\/2021\/03\/a721ef0d-joe-biden.jpg\" \/>\n\t<meta property=\"og:image:width\" content=\"1201\" \/>\n\t<meta property=\"og:image:height\" content=\"1201\" \/>\n\t<meta property=\"og:image:type\" content=\"image\/jpeg\" \/>\n<meta name=\"author\" content=\"Laura Moutinho\" \/>\n<meta name=\"twitter:card\" content=\"summary_large_image\" \/>\n<meta name=\"twitter:creator\" content=\"@sunoresearch\" \/>\n<meta name=\"twitter:site\" content=\"@sunoresearch\" \/>\n<meta name=\"twitter:label1\" content=\"Escrito por\" \/>\n\t<meta name=\"twitter:data1\" content=\"Laura Moutinho\" \/>\n\t<meta name=\"twitter:label2\" content=\"Est. tempo de leitura\" \/>\n\t<meta name=\"twitter:data2\" content=\"2 minutos\" \/>\n<script type=\"application\/ld+json\" class=\"yoast-schema-graph\">{\"@context\":\"https:\/\/schema.org\",\"@graph\":[{\"@type\":\"NewsArticle\",\"@id\":\"https:\/\/www.suno.com.br\/noticias\/joe-biden-reforma-tributaria-eua\/#article\",\"isPartOf\":{\"@id\":\"https:\/\/www.suno.com.br\/noticias\/joe-biden-reforma-tributaria-eua\/\"},\"author\":{\"name\":\"Laura Moutinho\",\"@id\":\"https:\/\/www.suno.com.br\/noticias\/#\/schema\/person\/3df0d2808748b74496efe5dbeaef2c72\"},\"headline\":\"Joe Biden: reforma tribut\u00e1ria afetar\u00e1 menos de 1% dos contribuintes, diz estudo\",\"datePublished\":\"2021-04-30T19:47:08+00:00\",\"mainEntityOfPage\":{\"@id\":\"https:\/\/www.suno.com.br\/noticias\/joe-biden-reforma-tributaria-eua\/\"},\"wordCount\":489,\"publisher\":{\"@id\":\"https:\/\/www.suno.com.br\/noticias\/#organization\"},\"image\":{\"@id\":\"https:\/\/www.suno.com.br\/noticias\/joe-biden-reforma-tributaria-eua\/#primaryimage\"},\"thumbnailUrl\":\"https:\/\/files.sunoresearch.com.br\/n\/uploads\/2021\/03\/a721ef0d-joe-biden-jpg.webp\",\"keywords\":[\"Estados Unidos (EUA)\",\"impostos\",\"Joe Biden\"],\"articleSection\":[\"Neg\u00f3cios\"],\"inLanguage\":\"pt-BR\"},{\"@type\":\"WebPage\",\"@id\":\"https:\/\/www.suno.com.br\/noticias\/joe-biden-reforma-tributaria-eua\/\",\"url\":\"https:\/\/www.suno.com.br\/noticias\/joe-biden-reforma-tributaria-eua\/\",\"name\":\"Biden: reforma tribut\u00e1ria afetar\u00e1 menos de 1%, diz estudo\",\"isPartOf\":{\"@id\":\"https:\/\/www.suno.com.br\/noticias\/#website\"},\"primaryImageOfPage\":{\"@id\":\"https:\/\/www.suno.com.br\/noticias\/joe-biden-reforma-tributaria-eua\/#primaryimage\"},\"image\":{\"@id\":\"https:\/\/www.suno.com.br\/noticias\/joe-biden-reforma-tributaria-eua\/#primaryimage\"},\"thumbnailUrl\":\"https:\/\/files.sunoresearch.com.br\/n\/uploads\/2021\/03\/a721ef0d-joe-biden-jpg.webp\",\"datePublished\":\"2021-04-30T19:47:08+00:00\",\"description\":\"Um estdio do Instituto de Taxa\u00e7\u00e3o diz que a reforma tribut\u00e1ria de Biden afetar\u00e1 menos de 1% dos contribuintes. Clique aqui saiba mais!\",\"breadcrumb\":{\"@id\":\"https:\/\/www.suno.com.br\/noticias\/joe-biden-reforma-tributaria-eua\/#breadcrumb\"},\"inLanguage\":\"pt-BR\",\"potentialAction\":[{\"@type\":\"ReadAction\",\"target\":[\"https:\/\/www.suno.com.br\/noticias\/joe-biden-reforma-tributaria-eua\/\"]}]},{\"@type\":\"ImageObject\",\"inLanguage\":\"pt-BR\",\"@id\":\"https:\/\/www.suno.com.br\/noticias\/joe-biden-reforma-tributaria-eua\/#primaryimage\",\"url\":\"https:\/\/files.sunoresearch.com.br\/n\/uploads\/2021\/03\/a721ef0d-joe-biden-jpg.webp\",\"contentUrl\":\"https:\/\/files.sunoresearch.com.br\/n\/uploads\/2021\/03\/a721ef0d-joe-biden-jpg.webp\",\"width\":1201,\"height\":1201,\"caption\":\"Joe Biden. Foto: Reprodu\u00e7\u00e3o Facebook\"},{\"@type\":\"BreadcrumbList\",\"@id\":\"https:\/\/www.suno.com.br\/noticias\/joe-biden-reforma-tributaria-eua\/#breadcrumb\",\"itemListElement\":[{\"@type\":\"ListItem\",\"position\":1,\"name\":\"Not\u00edcias\",\"item\":\"https:\/\/www.suno.com.br\/noticias\/\"},{\"@type\":\"ListItem\",\"position\":2,\"name\":\"Neg\u00f3cios\",\"item\":\"https:\/\/www.suno.com.br\/noticias\/negocios\/\"},{\"@type\":\"ListItem\",\"position\":3,\"name\":\"Joe Biden: reforma tribut\u00e1ria afetar\u00e1 menos de 1% dos contribuintes, diz estudo\"}]},{\"@type\":\"WebSite\",\"@id\":\"https:\/\/www.suno.com.br\/noticias\/#website\",\"url\":\"https:\/\/www.suno.com.br\/noticias\/\",\"name\":\"Suno Not\u00edcias\",\"description\":\"Seu portal de informa\u00e7\u00e3o sobre o mundo dos investimentos\",\"publisher\":{\"@id\":\"https:\/\/www.suno.com.br\/noticias\/#organization\"},\"potentialAction\":[{\"@type\":\"SearchAction\",\"target\":{\"@type\":\"EntryPoint\",\"urlTemplate\":\"https:\/\/www.suno.com.br\/noticias\/?s={search_term_string}\"},\"query-input\":{\"@type\":\"PropertyValueSpecification\",\"valueRequired\":true,\"valueName\":\"search_term_string\"}}],\"inLanguage\":\"pt-BR\"},{\"@type\":\"Organization\",\"@id\":\"https:\/\/www.suno.com.br\/noticias\/#organization\",\"name\":\"Suno Not\u00edcias\",\"url\":\"https:\/\/www.suno.com.br\/noticias\/\",\"logo\":{\"@type\":\"ImageObject\",\"inLanguage\":\"pt-BR\",\"@id\":\"https:\/\/www.suno.com.br\/noticias\/#\/schema\/logo\/image\/\",\"url\":\"https:\/\/files.sunoresearch.com.br\/n\/uploads\/2021\/09\/suno-logo.png\",\"contentUrl\":\"https:\/\/files.sunoresearch.com.br\/n\/uploads\/2021\/09\/suno-logo.png\",\"width\":180,\"height\":180,\"caption\":\"Suno Not\u00edcias\"},\"image\":{\"@id\":\"https:\/\/www.suno.com.br\/noticias\/#\/schema\/logo\/image\/\"},\"sameAs\":[\"https:\/\/facebook.com\/sunoresearch\",\"https:\/\/x.com\/sunoresearch\",\"https:\/\/www.instagram.com\/suno\",\"https:\/\/www.linkedin.com\/company\/suno-research\/\",\"https:\/\/www.youtube.com\/c\/sunoresearch\"]},{\"@type\":\"Person\",\"@id\":\"https:\/\/www.suno.com.br\/noticias\/#\/schema\/person\/3df0d2808748b74496efe5dbeaef2c72\",\"name\":\"Laura Moutinho\",\"image\":{\"@type\":\"ImageObject\",\"inLanguage\":\"pt-BR\",\"@id\":\"https:\/\/www.suno.com.br\/noticias\/#\/schema\/person\/image\/\",\"url\":\"https:\/\/secure.gravatar.com\/avatar\/7571c7c8ca3a6fca5e41384ece5557ff?s=96&r=g\",\"contentUrl\":\"https:\/\/secure.gravatar.com\/avatar\/7571c7c8ca3a6fca5e41384ece5557ff?s=96&r=g\",\"caption\":\"Laura Moutinho\"},\"description\":\"Estagi\u00e1ria na Suno Not\u00edcias, escreve not\u00edcias que afetam o mercado financeiro. Estuda administra\u00e7\u00e3o na Universidade Presbiteriana Mackenzie.\",\"url\":\"https:\/\/www.suno.com.br\/noticias\/author\/laura-moutinho\/\"}]}<\/script>\n<!-- \/ Yoast SEO plugin. -->","yoast_head_json":{"title":"Biden: reforma tribut\u00e1ria afetar\u00e1 menos de 1%, diz estudo","description":"Um estdio do Instituto de Taxa\u00e7\u00e3o diz que a reforma tribut\u00e1ria de Biden afetar\u00e1 menos de 1% dos contribuintes. Clique aqui saiba mais!","robots":{"index":"index","follow":"follow","max-snippet":"max-snippet:-1","max-image-preview":"max-image-preview:large","max-video-preview":"max-video-preview:-1"},"canonical":"https:\/\/www.suno.com.br\/noticias\/joe-biden-reforma-tributaria-eua\/","og_locale":"pt_BR","og_type":"article","og_title":"Biden: reforma tribut\u00e1ria afetar\u00e1 menos de 1%, diz estudo","og_description":"Um estdio do Instituto de Taxa\u00e7\u00e3o diz que a reforma tribut\u00e1ria de Biden afetar\u00e1 menos de 1% dos contribuintes. Clique aqui saiba mais!","og_url":"https:\/\/www.suno.com.br\/noticias\/joe-biden-reforma-tributaria-eua\/","og_site_name":"Suno Not\u00edcias","article_publisher":"https:\/\/facebook.com\/sunoresearch","og_image":[{"width":1201,"height":1201,"url":"https:\/\/files.sunoresearch.com.br\/n\/uploads\/2021\/03\/a721ef0d-joe-biden.jpg","type":"image\/jpeg"}],"author":"Laura Moutinho","twitter_card":"summary_large_image","twitter_creator":"@sunoresearch","twitter_site":"@sunoresearch","twitter_misc":{"Escrito por":"Laura Moutinho","Est. tempo de leitura":"2 minutos"},"schema":{"@context":"https:\/\/schema.org","@graph":[{"@type":"NewsArticle","@id":"https:\/\/www.suno.com.br\/noticias\/joe-biden-reforma-tributaria-eua\/#article","isPartOf":{"@id":"https:\/\/www.suno.com.br\/noticias\/joe-biden-reforma-tributaria-eua\/"},"author":{"name":"Laura Moutinho","@id":"https:\/\/www.suno.com.br\/noticias\/#\/schema\/person\/3df0d2808748b74496efe5dbeaef2c72"},"headline":"Joe Biden: reforma tribut\u00e1ria afetar\u00e1 menos de 1% dos contribuintes, diz estudo","datePublished":"2021-04-30T19:47:08+00:00","mainEntityOfPage":{"@id":"https:\/\/www.suno.com.br\/noticias\/joe-biden-reforma-tributaria-eua\/"},"wordCount":489,"publisher":{"@id":"https:\/\/www.suno.com.br\/noticias\/#organization"},"image":{"@id":"https:\/\/www.suno.com.br\/noticias\/joe-biden-reforma-tributaria-eua\/#primaryimage"},"thumbnailUrl":"https:\/\/files.sunoresearch.com.br\/n\/uploads\/2021\/03\/a721ef0d-joe-biden-jpg.webp","keywords":["Estados Unidos (EUA)","impostos","Joe Biden"],"articleSection":["Neg\u00f3cios"],"inLanguage":"pt-BR"},{"@type":"WebPage","@id":"https:\/\/www.suno.com.br\/noticias\/joe-biden-reforma-tributaria-eua\/","url":"https:\/\/www.suno.com.br\/noticias\/joe-biden-reforma-tributaria-eua\/","name":"Biden: reforma tribut\u00e1ria afetar\u00e1 menos de 1%, diz estudo","isPartOf":{"@id":"https:\/\/www.suno.com.br\/noticias\/#website"},"primaryImageOfPage":{"@id":"https:\/\/www.suno.com.br\/noticias\/joe-biden-reforma-tributaria-eua\/#primaryimage"},"image":{"@id":"https:\/\/www.suno.com.br\/noticias\/joe-biden-reforma-tributaria-eua\/#primaryimage"},"thumbnailUrl":"https:\/\/files.sunoresearch.com.br\/n\/uploads\/2021\/03\/a721ef0d-joe-biden-jpg.webp","datePublished":"2021-04-30T19:47:08+00:00","description":"Um estdio do Instituto de Taxa\u00e7\u00e3o diz que a reforma tribut\u00e1ria de Biden afetar\u00e1 menos de 1% dos contribuintes. Clique aqui saiba mais!","breadcrumb":{"@id":"https:\/\/www.suno.com.br\/noticias\/joe-biden-reforma-tributaria-eua\/#breadcrumb"},"inLanguage":"pt-BR","potentialAction":[{"@type":"ReadAction","target":["https:\/\/www.suno.com.br\/noticias\/joe-biden-reforma-tributaria-eua\/"]}]},{"@type":"ImageObject","inLanguage":"pt-BR","@id":"https:\/\/www.suno.com.br\/noticias\/joe-biden-reforma-tributaria-eua\/#primaryimage","url":"https:\/\/files.sunoresearch.com.br\/n\/uploads\/2021\/03\/a721ef0d-joe-biden-jpg.webp","contentUrl":"https:\/\/files.sunoresearch.com.br\/n\/uploads\/2021\/03\/a721ef0d-joe-biden-jpg.webp","width":1201,"height":1201,"caption":"Joe Biden. Foto: Reprodu\u00e7\u00e3o Facebook"},{"@type":"BreadcrumbList","@id":"https:\/\/www.suno.com.br\/noticias\/joe-biden-reforma-tributaria-eua\/#breadcrumb","itemListElement":[{"@type":"ListItem","position":1,"name":"Not\u00edcias","item":"https:\/\/www.suno.com.br\/noticias\/"},{"@type":"ListItem","position":2,"name":"Neg\u00f3cios","item":"https:\/\/www.suno.com.br\/noticias\/negocios\/"},{"@type":"ListItem","position":3,"name":"Joe Biden: reforma tribut\u00e1ria afetar\u00e1 menos de 1% dos contribuintes, diz estudo"}]},{"@type":"WebSite","@id":"https:\/\/www.suno.com.br\/noticias\/#website","url":"https:\/\/www.suno.com.br\/noticias\/","name":"Suno Not\u00edcias","description":"Seu portal de informa\u00e7\u00e3o sobre o mundo dos investimentos","publisher":{"@id":"https:\/\/www.suno.com.br\/noticias\/#organization"},"potentialAction":[{"@type":"SearchAction","target":{"@type":"EntryPoint","urlTemplate":"https:\/\/www.suno.com.br\/noticias\/?s={search_term_string}"},"query-input":{"@type":"PropertyValueSpecification","valueRequired":true,"valueName":"search_term_string"}}],"inLanguage":"pt-BR"},{"@type":"Organization","@id":"https:\/\/www.suno.com.br\/noticias\/#organization","name":"Suno Not\u00edcias","url":"https:\/\/www.suno.com.br\/noticias\/","logo":{"@type":"ImageObject","inLanguage":"pt-BR","@id":"https:\/\/www.suno.com.br\/noticias\/#\/schema\/logo\/image\/","url":"https:\/\/files.sunoresearch.com.br\/n\/uploads\/2021\/09\/suno-logo.png","contentUrl":"https:\/\/files.sunoresearch.com.br\/n\/uploads\/2021\/09\/suno-logo.png","width":180,"height":180,"caption":"Suno Not\u00edcias"},"image":{"@id":"https:\/\/www.suno.com.br\/noticias\/#\/schema\/logo\/image\/"},"sameAs":["https:\/\/facebook.com\/sunoresearch","https:\/\/x.com\/sunoresearch","https:\/\/www.instagram.com\/suno","https:\/\/www.linkedin.com\/company\/suno-research\/","https:\/\/www.youtube.com\/c\/sunoresearch"]},{"@type":"Person","@id":"https:\/\/www.suno.com.br\/noticias\/#\/schema\/person\/3df0d2808748b74496efe5dbeaef2c72","name":"Laura Moutinho","image":{"@type":"ImageObject","inLanguage":"pt-BR","@id":"https:\/\/www.suno.com.br\/noticias\/#\/schema\/person\/image\/","url":"https:\/\/secure.gravatar.com\/avatar\/7571c7c8ca3a6fca5e41384ece5557ff?s=96&r=g","contentUrl":"https:\/\/secure.gravatar.com\/avatar\/7571c7c8ca3a6fca5e41384ece5557ff?s=96&r=g","caption":"Laura Moutinho"},"description":"Estagi\u00e1ria na Suno Not\u00edcias, escreve not\u00edcias que afetam o mercado financeiro. Estuda administra\u00e7\u00e3o na Universidade Presbiteriana Mackenzie.","url":"https:\/\/www.suno.com.br\/noticias\/author\/laura-moutinho\/"}]}},"default_loop_html":"<div class=\"cardsPage__listCard__boxs\"><div class=\"cardsPage__listCard__boxs__img\"><a href=\"https:\/\/www.suno.com.br\/noticias\/joe-biden-reforma-tributaria-eua\/\"><img class=\"mask\" src=\"https:\/\/www.suno.com.br\/noticias\/wp-content\/themes\/suno\/resources\/images\/spotlight\/spotlight1img\/bg-mask.png\" alt=\"Image Mask\"\/><img src=\"https:\/\/files.sunoresearch.com.br\/n\/uploads\/2021\/03\/a721ef0d-joe-biden-400x200.webp\" alt=\"Joe Biden: reforma tribut\u00e1ria afetar\u00e1 menos de 1% dos contribuintes, diz estudo\"\/><\/a><span class=\"spotlightCategory\"><a href=\"https:\/\/www.suno.com.br\/noticias\/negocios\/\">Neg\u00f3cios<\/a><\/span><\/div><div class=\"cardsPage__listCard__boxs__content\"><a href=\"https:\/\/www.suno.com.br\/noticias\/joe-biden-reforma-tributaria-eua\/\"><h2 class=\"content__title\">Joe Biden: reforma tribut\u00e1ria afetar\u00e1 menos de 1% dos contribuintes, diz estudo<\/h2><\/a><div class=\"newsContent__article__meta\"><div class=\"newsContent__article__meta__authorBox\"><a href=\"https:\/\/www.suno.com.br\/noticias\/author\/laura-moutinho\/\" class=\"authorBox__avatar noMobi\"><img src=\"https:\/\/files.sunoresearch.com.br\/n\/uploads\/2020\/08\/531ff69d-whatsapp-image-2020-08-03-at-14.54.38-150x150.webp\" alt=\"Laura Moutinho\"><\/a><div class=\"authorBox__name\"><span>por\n\t\t\t<a href=\"https:\/\/www.suno.com.br\/noticias\/author\/laura-moutinho\/\"><span itemprop=\"author\">Laura Moutinho<\/span><\/a><\/span><time datetime=\"2021-04-30T16:47:08-03:00\" itemprop=\"datePublished\">30\/04\/2021 16:47<\/time><\/div><\/div><\/div><\/div><\/div>","single_layout":"posts","amp_enabled":true,"_links":{"self":[{"href":"https:\/\/www.suno.com.br\/noticias\/wp-json\/wp\/v2\/posts\/143887"}],"collection":[{"href":"https:\/\/www.suno.com.br\/noticias\/wp-json\/wp\/v2\/posts"}],"about":[{"href":"https:\/\/www.suno.com.br\/noticias\/wp-json\/wp\/v2\/types\/post"}],"author":[{"embeddable":true,"href":"https:\/\/www.suno.com.br\/noticias\/wp-json\/wp\/v2\/users\/39"}],"replies":[{"embeddable":true,"href":"https:\/\/www.suno.com.br\/noticias\/wp-json\/wp\/v2\/comments?post=143887"}],"version-history":[{"count":3,"href":"https:\/\/www.suno.com.br\/noticias\/wp-json\/wp\/v2\/posts\/143887\/revisions"}],"predecessor-version":[{"id":144076,"href":"https:\/\/www.suno.com.br\/noticias\/wp-json\/wp\/v2\/posts\/143887\/revisions\/144076"}],"wp:featuredmedia":[{"embeddable":true,"href":"https:\/\/www.suno.com.br\/noticias\/wp-json\/wp\/v2\/media\/136293"}],"wp:attachment":[{"href":"https:\/\/www.suno.com.br\/noticias\/wp-json\/wp\/v2\/media?parent=143887"}],"wp:term":[{"taxonomy":"category","embeddable":true,"href":"https:\/\/www.suno.com.br\/noticias\/wp-json\/wp\/v2\/categories?post=143887"},{"taxonomy":"post_tag","embeddable":true,"href":"https:\/\/www.suno.com.br\/noticias\/wp-json\/wp\/v2\/tags?post=143887"},{"taxonomy":"suno_strategy","embeddable":true,"href":"https:\/\/www.suno.com.br\/noticias\/wp-json\/wp\/v2\/suno_strategy?post=143887"}],"curies":[{"name":"wp","href":"https:\/\/api.w.org\/{rel}","templated":true}]}}