{"id":143833,"date":"2021-04-30T15:20:32","date_gmt":"2021-04-30T18:20:32","guid":{"rendered":"https:\/\/www.suno.com.br\/noticias\/?p=143833"},"modified":"2021-04-30T15:20:32","modified_gmt":"2021-04-30T18:20:32","slug":"portaria-institui-programa-modernizacao-rodovias-federais","status":"publish","type":"post","link":"https:\/\/www.suno.com.br\/noticias\/portaria-institui-programa-modernizacao-rodovias-federais\/","title":{"rendered":"Portaria institui programa de moderniza\u00e7\u00e3o de rodovias federais"},"content":{"rendered":"<p>O Minist\u00e9rio da Infraestrutura instituiu, por meio de Portaria publicada no Di\u00e1rio Oficial da Uni\u00e3o desta sexta-feira (30), o Programa de <strong>Moderniza\u00e7\u00e3o de Rodovias Federais<\/strong>, denominado inov@BR. Segundo o texto, o programa abrange procedimentos para implementa\u00e7\u00e3o, monitoramento e avalia\u00e7\u00e3o de iniciativas que o integram.<\/p>\t<div class=\"wrapper-featured-image\">\n\t\t<figure class=\"spotlightImg\">\n\n\t\t\t<picture>\n\t\t\t\t<source media=\"(max-width: 768px)\" srcset=\"https:\/\/files.sunoresearch.com.br\/n\/uploads\/2021\/04\/b1bdb71e-mountain-4948843_1280-400x200.webp\">\n\t\t\t\t<img loading=\"lazy\" decoding=\"async\" class=\"newsContent__article__imgCapa lazyloadDisabled \" src=\"https:\/\/files.sunoresearch.com.br\/n\/uploads\/2021\/04\/b1bdb71e-mountain-4948843_1280-800x450.webp\" width=\"800\" height=\"450\" alt=\"Portaria institui programa de moderniza\u00e7\u00e3o de rodovias federais\" fetchpriority=high \/>\n\t\t\t<\/picture>\n\n\t\t\t<figcaption class=\"wp-caption-text wp-caption-text--show\">Rodovia. Foto: Pixabay<\/figcaption>\n\t\t<\/figure>\n\t<\/div>\n\n\n\t<p>\n\t\t<a href=\"https:\/\/lp.suno.com.br\/planilha-controle-gastos\/\" target=\"_blank\" data-element=\"shortcode-suno-banner\" title=\"Banner SUNO, clique e saiba mais\">\n\t\t\t<picture>\n\t\t\t\t<source media=\"(max-width: 500px)\" srcset=\"https:\/\/files.sunoresearch.com.br\/n\/uploads\/2023\/03\/400x300-Planilha-controle-de-gastos.png\">\n\t\t\t\t<img class=\"newsContent__article__imgCapa newsContent__article__imgCapa--banner\"\n\t\t\t\t\tsrc=\"https:\/\/files.sunoresearch.com.br\/n\/uploads\/2023\/03\/1420x240-Planilha-controle-de-gastos.png\"\n\t\t\t\t\tdata-promo-id=\"101751\"\t\t\t\t\t\t\t\t\t\twidth='1420' height='240'\t\t\t\t\talt=\"https:\/\/files.sunoresearch.com.br\/n\/uploads\/2023\/03\/1420x240-Planilha-controle-de-gastos.png\"\n\t\t\t\t>\n\t\t\t<\/picture>\n\t\t<\/a>\n\t<\/p>\n\n\n<p>Far\u00e3o parte do inov@BR trechos das principais rodovias federais integrantes do Sistema Federal de Via\u00e7\u00e3o, sob gest\u00e3o p\u00fablica e sob regime de concess\u00e3o ao parceiro privado.<\/p>\n<p>As iniciativas que v\u00e3o integrar o programa, segundo a Portaria, dever\u00e3o contribuir para o atendimento de um dos seguintes itens:<\/p>\n<ul>\n<li>redu\u00e7\u00e3o do n\u00famero e grau de severidade de acidentes;<\/li>\n<li>solucionar pontos cr\u00edticos de travessia urbana, existentes ou potenciais;<\/li>\n<li>melhorar o n\u00edvel de servi\u00e7o, principalmente em trechos com reten\u00e7\u00f5es de tr\u00e1fego recorrentes;<\/li>\n<li>melhorar a seguran\u00e7a de trechos de rodovias em aclive ou declive;<\/li>\n<li>melhorar, ampliar ou implantar cobertura de tecnologias para o usu\u00e1rio de rodovias federais;<\/li>\n<li>ampliar a\u00e7\u00f5es que promovam o conforto e seguran\u00e7a dos usu\u00e1rios e motorista das rodovias<\/li>\n<\/ul>\n<p><a href=\"https:\/\/lp.suno.com.br\/suno-one\/\">Suno One: acesse gratuitamente eBooks, Minicursos, Artigos e V\u00eddeo Aulas sobre investimentos com um \u00fanico cadastro. Clique para saber mais!<\/a><\/p>\n<p>O ministro da Infraestrutura, Tarc\u00edsio de Freitas, comunicou que a pasta havia sido assinada na \u00faltima quinta-feira (29), na portaria para cria\u00e7\u00e3o do Inova BR, programa de moderniza\u00e7\u00e3o das rodovias federais. O an\u00fancio foi feito durante participa\u00e7\u00e3o dele no leil\u00e3o para a concess\u00e3o da rodovia BR-153\/414\/080\/TO\/GO.<\/p>\n\t<p>\n\t\t<a href=\"https:\/\/lp.suno.com.br\/planilha-da-vida-financeira\/\" target=\"_blank\" data-element=\"shortcode-suno-banner\" title=\"Banner SUNO, clique e saiba mais\">\n\t\t\t<picture>\n\t\t\t\t<source media=\"(max-width: 500px)\" srcset=\"https:\/\/files.sunoresearch.com.br\/n\/uploads\/2023\/04\/400x300-Planilha-vida-financeira-true.png\">\n\t\t\t\t<img class=\"newsContent__article__imgCapa newsContent__article__imgCapa--banner\"\n\t\t\t\t\tsrc=\"https:\/\/files.sunoresearch.com.br\/n\/uploads\/2023\/04\/1420x240-Planilha-vida-financeira-true.png\"\n\t\t\t\t\tdata-promo-id=\"106682\"\t\t\t\t\t\t\t\t\t\twidth='1420' height='240'\t\t\t\t\talt=\"https:\/\/files.sunoresearch.com.br\/n\/uploads\/2023\/04\/1420x240-Planilha-vida-financeira-true.png\"\n\t\t\t\t>\n\t\t\t<\/picture>\n\t\t<\/a>\n\t<\/p>\n\n\n<p>&#8220;Esse programa vai trazer muitos investimentos em curto prazo, gerando empregos&#8221;, disse Tarc\u00edsio.<\/p>\n<p>De acordo com o ministro, a iniciativa contar\u00e1 com investimento de R$ 9,7 bilh\u00f5es e deve criar mais de 94 mil postos de trabalho.<\/p>\n<p>O objetivo do programa \u00e9 trazer investimentos para entender quais s\u00e3o as demandas dos usu\u00e1rios das rodovias, segundo o ministro.<\/p>\n<p>&#8220;Queremos aproximar cada vez mais a tem\u00e1tica de sustentabilidade de <strong>nossas rodovias<\/strong>&#8220;, complementou Tarc\u00edsio, ao falar sobre as metas do Inova BR.<\/p>\n<p>Com informa\u00e7\u00f5es do Estad\u00e3o Conte\u00fado<\/p>\n\t<p>\n\t\t<a href=\"https:\/\/lp.suno.com.br\/planilha-de-controle-de-investimentos\/\" target=\"_blank\" data-element=\"shortcode-suno-banner\" title=\"Banner SUNO, clique e saiba mais\">\n\t\t\t<picture>\n\t\t\t\t<source media=\"(max-width: 500px)\" srcset=\"https:\/\/files.sunoresearch.com.br\/n\/uploads\/2023\/03\/400x300-Controle-de-Investimentos.png\">\n\t\t\t\t<img class=\"newsContent__article__imgCapa newsContent__article__imgCapa--banner\"\n\t\t\t\t\tsrc=\"https:\/\/files.sunoresearch.com.br\/n\/uploads\/2023\/03\/1420x240-Controle-de-Investimentos.png\"\n\t\t\t\t\tdata-promo-id=\"75934\"\t\t\t\t\t\t\t\t\t\twidth='1420' height='240'\t\t\t\t\talt=\"https:\/\/files.sunoresearch.com.br\/n\/uploads\/2023\/03\/1420x240-Controle-de-Investimentos.png\"\n\t\t\t\t>\n\t\t\t<\/picture>\n\t\t<\/a>\n\t<\/p>\n\n\n","protected":false},"excerpt":{"rendered":"<p>O Minist\u00e9rio da Infraestrutura instituiu, por meio de Portaria publicada no Di\u00e1rio Oficial da Uni\u00e3o desta sexta-feira (30), o Programa de Moderniza\u00e7\u00e3o de Rodovias Federais, denominado inov@BR. Segundo o texto, o programa abrange procedimentos para implementa\u00e7\u00e3o, monitoramento e avalia\u00e7\u00e3o de iniciativas que o integram. Rodovia. Foto: Pixabay Far\u00e3o parte do inov@BR trechos das principais rodovias [&hellip;]<\/p>\n","protected":false},"author":56,"featured_media":143890,"comment_status":"closed","ping_status":"closed","sticky":false,"template":"","format":"standard","meta":[],"categories":[64],"tags":[452,1176],"suno_strategy":[],"class_list":["post-143833","post","type-post","status-publish","format-standard","has-post-thumbnail","hentry","category-negocios","tag-ecorodovias-ecor3","tag-ministerio-da-infraestrutura"],"yoast_head":"<!-- This site is optimized with the Yoast SEO plugin v24.4 - https:\/\/yoast.com\/wordpress\/plugins\/seo\/ -->\n<title>Portaria institui programa de moderniza\u00e7\u00e3o de rodovias federais<\/title>\n<meta name=\"description\" content=\"O Minist\u00e9rio da Infraestrutura instituiu o Programa de Moderniza\u00e7\u00e3o de Rodovias Federais, denominado inov@BR. Clique aqui para saber mais.\" \/>\n<meta name=\"robots\" content=\"index, follow, max-snippet:-1, max-image-preview:large, max-video-preview:-1\" \/>\n<link rel=\"canonical\" href=\"https:\/\/www.suno.com.br\/noticias\/portaria-institui-programa-modernizacao-rodovias-federais\/\" \/>\n<meta property=\"og:locale\" content=\"pt_BR\" \/>\n<meta property=\"og:type\" content=\"article\" \/>\n<meta property=\"og:title\" content=\"Portaria institui programa de moderniza\u00e7\u00e3o de rodovias federais\" \/>\n<meta property=\"og:description\" content=\"O Minist\u00e9rio da Infraestrutura instituiu o Programa de Moderniza\u00e7\u00e3o de Rodovias Federais, denominado inov@BR. Clique aqui para saber mais.\" \/>\n<meta property=\"og:url\" content=\"https:\/\/www.suno.com.br\/noticias\/portaria-institui-programa-modernizacao-rodovias-federais\/\" \/>\n<meta property=\"og:site_name\" content=\"Suno Not\u00edcias\" \/>\n<meta property=\"article:publisher\" content=\"https:\/\/facebook.com\/sunoresearch\" \/>\n<meta property=\"og:image\" content=\"https:\/\/files.sunoresearch.com.br\/n\/uploads\/2021\/04\/b1bdb71e-mountain-4948843_1280.jpg\" \/>\n\t<meta property=\"og:image:width\" content=\"1280\" \/>\n\t<meta property=\"og:image:height\" content=\"702\" \/>\n\t<meta property=\"og:image:type\" content=\"image\/jpeg\" \/>\n<meta name=\"author\" content=\"Rafaela La Regina\" \/>\n<meta name=\"twitter:card\" content=\"summary_large_image\" \/>\n<meta name=\"twitter:creator\" content=\"@sunoresearch\" \/>\n<meta name=\"twitter:site\" content=\"@sunoresearch\" \/>\n<meta name=\"twitter:label1\" content=\"Escrito por\" \/>\n\t<meta name=\"twitter:data1\" content=\"Rafaela La Regina\" \/>\n\t<meta name=\"twitter:label2\" content=\"Est. tempo de leitura\" \/>\n\t<meta name=\"twitter:data2\" content=\"2 minutos\" \/>\n<script type=\"application\/ld+json\" class=\"yoast-schema-graph\">{\"@context\":\"https:\/\/schema.org\",\"@graph\":[{\"@type\":\"NewsArticle\",\"@id\":\"https:\/\/www.suno.com.br\/noticias\/portaria-institui-programa-modernizacao-rodovias-federais\/#article\",\"isPartOf\":{\"@id\":\"https:\/\/www.suno.com.br\/noticias\/portaria-institui-programa-modernizacao-rodovias-federais\/\"},\"author\":{\"name\":\"Rafaela La Regina\",\"@id\":\"https:\/\/www.suno.com.br\/noticias\/#\/schema\/person\/e672ca8cea627fe715fa29bca7da95e0\"},\"headline\":\"Portaria institui programa de moderniza\u00e7\u00e3o de rodovias federais\",\"datePublished\":\"2021-04-30T18:20:32+00:00\",\"mainEntityOfPage\":{\"@id\":\"https:\/\/www.suno.com.br\/noticias\/portaria-institui-programa-modernizacao-rodovias-federais\/\"},\"wordCount\":368,\"publisher\":{\"@id\":\"https:\/\/www.suno.com.br\/noticias\/#organization\"},\"image\":{\"@id\":\"https:\/\/www.suno.com.br\/noticias\/portaria-institui-programa-modernizacao-rodovias-federais\/#primaryimage\"},\"thumbnailUrl\":\"https:\/\/files.sunoresearch.com.br\/n\/uploads\/2021\/04\/b1bdb71e-mountain-4948843_1280-jpg.webp\",\"keywords\":[\"Ecorodovias (ECOR3)\",\"Minist\u00e9rio da Infraestrutura\"],\"articleSection\":[\"Neg\u00f3cios\"],\"inLanguage\":\"pt-BR\"},{\"@type\":\"WebPage\",\"@id\":\"https:\/\/www.suno.com.br\/noticias\/portaria-institui-programa-modernizacao-rodovias-federais\/\",\"url\":\"https:\/\/www.suno.com.br\/noticias\/portaria-institui-programa-modernizacao-rodovias-federais\/\",\"name\":\"Portaria institui programa de moderniza\u00e7\u00e3o de rodovias federais\",\"isPartOf\":{\"@id\":\"https:\/\/www.suno.com.br\/noticias\/#website\"},\"primaryImageOfPage\":{\"@id\":\"https:\/\/www.suno.com.br\/noticias\/portaria-institui-programa-modernizacao-rodovias-federais\/#primaryimage\"},\"image\":{\"@id\":\"https:\/\/www.suno.com.br\/noticias\/portaria-institui-programa-modernizacao-rodovias-federais\/#primaryimage\"},\"thumbnailUrl\":\"https:\/\/files.sunoresearch.com.br\/n\/uploads\/2021\/04\/b1bdb71e-mountain-4948843_1280-jpg.webp\",\"datePublished\":\"2021-04-30T18:20:32+00:00\",\"description\":\"O Minist\u00e9rio da Infraestrutura instituiu o Programa de Moderniza\u00e7\u00e3o de Rodovias Federais, denominado inov@BR. Clique aqui para saber mais.\",\"breadcrumb\":{\"@id\":\"https:\/\/www.suno.com.br\/noticias\/portaria-institui-programa-modernizacao-rodovias-federais\/#breadcrumb\"},\"inLanguage\":\"pt-BR\",\"potentialAction\":[{\"@type\":\"ReadAction\",\"target\":[\"https:\/\/www.suno.com.br\/noticias\/portaria-institui-programa-modernizacao-rodovias-federais\/\"]}]},{\"@type\":\"ImageObject\",\"inLanguage\":\"pt-BR\",\"@id\":\"https:\/\/www.suno.com.br\/noticias\/portaria-institui-programa-modernizacao-rodovias-federais\/#primaryimage\",\"url\":\"https:\/\/files.sunoresearch.com.br\/n\/uploads\/2021\/04\/b1bdb71e-mountain-4948843_1280-jpg.webp\",\"contentUrl\":\"https:\/\/files.sunoresearch.com.br\/n\/uploads\/2021\/04\/b1bdb71e-mountain-4948843_1280-jpg.webp\",\"width\":1280,\"height\":702,\"caption\":\"Rodovia. Foto: Pixabay\"},{\"@type\":\"BreadcrumbList\",\"@id\":\"https:\/\/www.suno.com.br\/noticias\/portaria-institui-programa-modernizacao-rodovias-federais\/#breadcrumb\",\"itemListElement\":[{\"@type\":\"ListItem\",\"position\":1,\"name\":\"Not\u00edcias\",\"item\":\"https:\/\/www.suno.com.br\/noticias\/\"},{\"@type\":\"ListItem\",\"position\":2,\"name\":\"Neg\u00f3cios\",\"item\":\"https:\/\/www.suno.com.br\/noticias\/negocios\/\"},{\"@type\":\"ListItem\",\"position\":3,\"name\":\"Portaria institui programa de moderniza\u00e7\u00e3o de rodovias federais\"}]},{\"@type\":\"WebSite\",\"@id\":\"https:\/\/www.suno.com.br\/noticias\/#website\",\"url\":\"https:\/\/www.suno.com.br\/noticias\/\",\"name\":\"Suno Not\u00edcias\",\"description\":\"Seu portal de informa\u00e7\u00e3o sobre o mundo dos investimentos\",\"publisher\":{\"@id\":\"https:\/\/www.suno.com.br\/noticias\/#organization\"},\"potentialAction\":[{\"@type\":\"SearchAction\",\"target\":{\"@type\":\"EntryPoint\",\"urlTemplate\":\"https:\/\/www.suno.com.br\/noticias\/?s={search_term_string}\"},\"query-input\":{\"@type\":\"PropertyValueSpecification\",\"valueRequired\":true,\"valueName\":\"search_term_string\"}}],\"inLanguage\":\"pt-BR\"},{\"@type\":\"Organization\",\"@id\":\"https:\/\/www.suno.com.br\/noticias\/#organization\",\"name\":\"Suno Not\u00edcias\",\"url\":\"https:\/\/www.suno.com.br\/noticias\/\",\"logo\":{\"@type\":\"ImageObject\",\"inLanguage\":\"pt-BR\",\"@id\":\"https:\/\/www.suno.com.br\/noticias\/#\/schema\/logo\/image\/\",\"url\":\"https:\/\/files.sunoresearch.com.br\/n\/uploads\/2021\/09\/suno-logo.png\",\"contentUrl\":\"https:\/\/files.sunoresearch.com.br\/n\/uploads\/2021\/09\/suno-logo.png\",\"width\":180,\"height\":180,\"caption\":\"Suno Not\u00edcias\"},\"image\":{\"@id\":\"https:\/\/www.suno.com.br\/noticias\/#\/schema\/logo\/image\/\"},\"sameAs\":[\"https:\/\/facebook.com\/sunoresearch\",\"https:\/\/x.com\/sunoresearch\",\"https:\/\/www.instagram.com\/suno\",\"https:\/\/www.linkedin.com\/company\/suno-research\/\",\"https:\/\/www.youtube.com\/c\/sunoresearch\"]},{\"@type\":\"Person\",\"@id\":\"https:\/\/www.suno.com.br\/noticias\/#\/schema\/person\/e672ca8cea627fe715fa29bca7da95e0\",\"name\":\"Rafaela La Regina\",\"image\":{\"@type\":\"ImageObject\",\"inLanguage\":\"pt-BR\",\"@id\":\"https:\/\/www.suno.com.br\/noticias\/#\/schema\/person\/image\/\",\"url\":\"https:\/\/secure.gravatar.com\/avatar\/d2c75a52d243deb93d0465fdcb21bd37?s=96&r=g\",\"contentUrl\":\"https:\/\/secure.gravatar.com\/avatar\/d2c75a52d243deb93d0465fdcb21bd37?s=96&r=g\",\"caption\":\"Rafaela La Regina\"},\"description\":\"Estagi\u00e1ria no Suno Not\u00edcias. Escreve sobre economia, pol\u00edtica e neg\u00f3cios. Estuda Rela\u00e7\u00f5es Internacionais no IBMEC-SP.\",\"url\":\"https:\/\/www.suno.com.br\/noticias\/author\/rafaela-la-regina\/\"}]}<\/script>\n<!-- \/ Yoast SEO plugin. -->","yoast_head_json":{"title":"Portaria institui programa de moderniza\u00e7\u00e3o de rodovias federais","description":"O Minist\u00e9rio da Infraestrutura instituiu o Programa de Moderniza\u00e7\u00e3o de Rodovias Federais, denominado inov@BR. Clique aqui para saber mais.","robots":{"index":"index","follow":"follow","max-snippet":"max-snippet:-1","max-image-preview":"max-image-preview:large","max-video-preview":"max-video-preview:-1"},"canonical":"https:\/\/www.suno.com.br\/noticias\/portaria-institui-programa-modernizacao-rodovias-federais\/","og_locale":"pt_BR","og_type":"article","og_title":"Portaria institui programa de moderniza\u00e7\u00e3o de rodovias federais","og_description":"O Minist\u00e9rio da Infraestrutura instituiu o Programa de Moderniza\u00e7\u00e3o de Rodovias Federais, denominado inov@BR. Clique aqui para saber mais.","og_url":"https:\/\/www.suno.com.br\/noticias\/portaria-institui-programa-modernizacao-rodovias-federais\/","og_site_name":"Suno Not\u00edcias","article_publisher":"https:\/\/facebook.com\/sunoresearch","og_image":[{"width":1280,"height":702,"url":"https:\/\/files.sunoresearch.com.br\/n\/uploads\/2021\/04\/b1bdb71e-mountain-4948843_1280.jpg","type":"image\/jpeg"}],"author":"Rafaela La Regina","twitter_card":"summary_large_image","twitter_creator":"@sunoresearch","twitter_site":"@sunoresearch","twitter_misc":{"Escrito por":"Rafaela La Regina","Est. tempo de leitura":"2 minutos"},"schema":{"@context":"https:\/\/schema.org","@graph":[{"@type":"NewsArticle","@id":"https:\/\/www.suno.com.br\/noticias\/portaria-institui-programa-modernizacao-rodovias-federais\/#article","isPartOf":{"@id":"https:\/\/www.suno.com.br\/noticias\/portaria-institui-programa-modernizacao-rodovias-federais\/"},"author":{"name":"Rafaela La Regina","@id":"https:\/\/www.suno.com.br\/noticias\/#\/schema\/person\/e672ca8cea627fe715fa29bca7da95e0"},"headline":"Portaria institui programa de moderniza\u00e7\u00e3o de rodovias federais","datePublished":"2021-04-30T18:20:32+00:00","mainEntityOfPage":{"@id":"https:\/\/www.suno.com.br\/noticias\/portaria-institui-programa-modernizacao-rodovias-federais\/"},"wordCount":368,"publisher":{"@id":"https:\/\/www.suno.com.br\/noticias\/#organization"},"image":{"@id":"https:\/\/www.suno.com.br\/noticias\/portaria-institui-programa-modernizacao-rodovias-federais\/#primaryimage"},"thumbnailUrl":"https:\/\/files.sunoresearch.com.br\/n\/uploads\/2021\/04\/b1bdb71e-mountain-4948843_1280-jpg.webp","keywords":["Ecorodovias (ECOR3)","Minist\u00e9rio da Infraestrutura"],"articleSection":["Neg\u00f3cios"],"inLanguage":"pt-BR"},{"@type":"WebPage","@id":"https:\/\/www.suno.com.br\/noticias\/portaria-institui-programa-modernizacao-rodovias-federais\/","url":"https:\/\/www.suno.com.br\/noticias\/portaria-institui-programa-modernizacao-rodovias-federais\/","name":"Portaria institui programa de moderniza\u00e7\u00e3o de rodovias federais","isPartOf":{"@id":"https:\/\/www.suno.com.br\/noticias\/#website"},"primaryImageOfPage":{"@id":"https:\/\/www.suno.com.br\/noticias\/portaria-institui-programa-modernizacao-rodovias-federais\/#primaryimage"},"image":{"@id":"https:\/\/www.suno.com.br\/noticias\/portaria-institui-programa-modernizacao-rodovias-federais\/#primaryimage"},"thumbnailUrl":"https:\/\/files.sunoresearch.com.br\/n\/uploads\/2021\/04\/b1bdb71e-mountain-4948843_1280-jpg.webp","datePublished":"2021-04-30T18:20:32+00:00","description":"O Minist\u00e9rio da Infraestrutura instituiu o Programa de Moderniza\u00e7\u00e3o de Rodovias Federais, denominado inov@BR. Clique aqui para saber mais.","breadcrumb":{"@id":"https:\/\/www.suno.com.br\/noticias\/portaria-institui-programa-modernizacao-rodovias-federais\/#breadcrumb"},"inLanguage":"pt-BR","potentialAction":[{"@type":"ReadAction","target":["https:\/\/www.suno.com.br\/noticias\/portaria-institui-programa-modernizacao-rodovias-federais\/"]}]},{"@type":"ImageObject","inLanguage":"pt-BR","@id":"https:\/\/www.suno.com.br\/noticias\/portaria-institui-programa-modernizacao-rodovias-federais\/#primaryimage","url":"https:\/\/files.sunoresearch.com.br\/n\/uploads\/2021\/04\/b1bdb71e-mountain-4948843_1280-jpg.webp","contentUrl":"https:\/\/files.sunoresearch.com.br\/n\/uploads\/2021\/04\/b1bdb71e-mountain-4948843_1280-jpg.webp","width":1280,"height":702,"caption":"Rodovia. Foto: Pixabay"},{"@type":"BreadcrumbList","@id":"https:\/\/www.suno.com.br\/noticias\/portaria-institui-programa-modernizacao-rodovias-federais\/#breadcrumb","itemListElement":[{"@type":"ListItem","position":1,"name":"Not\u00edcias","item":"https:\/\/www.suno.com.br\/noticias\/"},{"@type":"ListItem","position":2,"name":"Neg\u00f3cios","item":"https:\/\/www.suno.com.br\/noticias\/negocios\/"},{"@type":"ListItem","position":3,"name":"Portaria institui programa de moderniza\u00e7\u00e3o de rodovias federais"}]},{"@type":"WebSite","@id":"https:\/\/www.suno.com.br\/noticias\/#website","url":"https:\/\/www.suno.com.br\/noticias\/","name":"Suno Not\u00edcias","description":"Seu portal de informa\u00e7\u00e3o sobre o mundo dos investimentos","publisher":{"@id":"https:\/\/www.suno.com.br\/noticias\/#organization"},"potentialAction":[{"@type":"SearchAction","target":{"@type":"EntryPoint","urlTemplate":"https:\/\/www.suno.com.br\/noticias\/?s={search_term_string}"},"query-input":{"@type":"PropertyValueSpecification","valueRequired":true,"valueName":"search_term_string"}}],"inLanguage":"pt-BR"},{"@type":"Organization","@id":"https:\/\/www.suno.com.br\/noticias\/#organization","name":"Suno Not\u00edcias","url":"https:\/\/www.suno.com.br\/noticias\/","logo":{"@type":"ImageObject","inLanguage":"pt-BR","@id":"https:\/\/www.suno.com.br\/noticias\/#\/schema\/logo\/image\/","url":"https:\/\/files.sunoresearch.com.br\/n\/uploads\/2021\/09\/suno-logo.png","contentUrl":"https:\/\/files.sunoresearch.com.br\/n\/uploads\/2021\/09\/suno-logo.png","width":180,"height":180,"caption":"Suno Not\u00edcias"},"image":{"@id":"https:\/\/www.suno.com.br\/noticias\/#\/schema\/logo\/image\/"},"sameAs":["https:\/\/facebook.com\/sunoresearch","https:\/\/x.com\/sunoresearch","https:\/\/www.instagram.com\/suno","https:\/\/www.linkedin.com\/company\/suno-research\/","https:\/\/www.youtube.com\/c\/sunoresearch"]},{"@type":"Person","@id":"https:\/\/www.suno.com.br\/noticias\/#\/schema\/person\/e672ca8cea627fe715fa29bca7da95e0","name":"Rafaela La Regina","image":{"@type":"ImageObject","inLanguage":"pt-BR","@id":"https:\/\/www.suno.com.br\/noticias\/#\/schema\/person\/image\/","url":"https:\/\/secure.gravatar.com\/avatar\/d2c75a52d243deb93d0465fdcb21bd37?s=96&r=g","contentUrl":"https:\/\/secure.gravatar.com\/avatar\/d2c75a52d243deb93d0465fdcb21bd37?s=96&r=g","caption":"Rafaela La Regina"},"description":"Estagi\u00e1ria no Suno Not\u00edcias. Escreve sobre economia, pol\u00edtica e neg\u00f3cios. Estuda Rela\u00e7\u00f5es Internacionais no IBMEC-SP.","url":"https:\/\/www.suno.com.br\/noticias\/author\/rafaela-la-regina\/"}]}},"default_loop_html":"<div class=\"cardsPage__listCard__boxs\"><div class=\"cardsPage__listCard__boxs__img\"><a href=\"https:\/\/www.suno.com.br\/noticias\/portaria-institui-programa-modernizacao-rodovias-federais\/\"><img class=\"mask\" src=\"https:\/\/www.suno.com.br\/noticias\/wp-content\/themes\/suno\/resources\/images\/spotlight\/spotlight1img\/bg-mask.png\" alt=\"Image Mask\"\/><img src=\"https:\/\/files.sunoresearch.com.br\/n\/uploads\/2021\/04\/b1bdb71e-mountain-4948843_1280-400x200.webp\" alt=\"Portaria institui programa de moderniza\u00e7\u00e3o de rodovias federais\"\/><\/a><span class=\"spotlightCategory\"><a href=\"https:\/\/www.suno.com.br\/noticias\/negocios\/\">Neg\u00f3cios<\/a><\/span><\/div><div class=\"cardsPage__listCard__boxs__content\"><a href=\"https:\/\/www.suno.com.br\/noticias\/portaria-institui-programa-modernizacao-rodovias-federais\/\"><h2 class=\"content__title\">Portaria institui programa de moderniza\u00e7\u00e3o de rodovias federais<\/h2><\/a><div class=\"newsContent__article__meta\"><div class=\"newsContent__article__meta__authorBox\"><a href=\"https:\/\/www.suno.com.br\/noticias\/author\/rafaela-la-regina\/\" class=\"authorBox__avatar noMobi\"><img src=\"https:\/\/secure.gravatar.com\/avatar\/d2c75a52d243deb93d0465fdcb21bd37?s=96&#038;r=g\" alt=\"Rafaela La Regina\"><\/a><div class=\"authorBox__name\"><span>por\n\t\t\t<a href=\"https:\/\/www.suno.com.br\/noticias\/author\/rafaela-la-regina\/\"><span itemprop=\"author\">Rafaela La Regina<\/span><\/a><\/span><time datetime=\"2021-04-30T15:20:32-03:00\" itemprop=\"datePublished\">30\/04\/2021 15:20<\/time><\/div><\/div><\/div><\/div><\/div>","single_layout":"posts","amp_enabled":true,"_links":{"self":[{"href":"https:\/\/www.suno.com.br\/noticias\/wp-json\/wp\/v2\/posts\/143833"}],"collection":[{"href":"https:\/\/www.suno.com.br\/noticias\/wp-json\/wp\/v2\/posts"}],"about":[{"href":"https:\/\/www.suno.com.br\/noticias\/wp-json\/wp\/v2\/types\/post"}],"author":[{"embeddable":true,"href":"https:\/\/www.suno.com.br\/noticias\/wp-json\/wp\/v2\/users\/56"}],"replies":[{"embeddable":true,"href":"https:\/\/www.suno.com.br\/noticias\/wp-json\/wp\/v2\/comments?post=143833"}],"version-history":[{"count":2,"href":"https:\/\/www.suno.com.br\/noticias\/wp-json\/wp\/v2\/posts\/143833\/revisions"}],"predecessor-version":[{"id":143894,"href":"https:\/\/www.suno.com.br\/noticias\/wp-json\/wp\/v2\/posts\/143833\/revisions\/143894"}],"wp:featuredmedia":[{"embeddable":true,"href":"https:\/\/www.suno.com.br\/noticias\/wp-json\/wp\/v2\/media\/143890"}],"wp:attachment":[{"href":"https:\/\/www.suno.com.br\/noticias\/wp-json\/wp\/v2\/media?parent=143833"}],"wp:term":[{"taxonomy":"category","embeddable":true,"href":"https:\/\/www.suno.com.br\/noticias\/wp-json\/wp\/v2\/categories?post=143833"},{"taxonomy":"post_tag","embeddable":true,"href":"https:\/\/www.suno.com.br\/noticias\/wp-json\/wp\/v2\/tags?post=143833"},{"taxonomy":"suno_strategy","embeddable":true,"href":"https:\/\/www.suno.com.br\/noticias\/wp-json\/wp\/v2\/suno_strategy?post=143833"}],"curies":[{"name":"wp","href":"https:\/\/api.w.org\/{rel}","templated":true}]}}