{"id":143704,"date":"2021-04-30T08:48:38","date_gmt":"2021-04-30T11:48:38","guid":{"rendered":"https:\/\/www.suno.com.br\/noticias\/?p=143704"},"modified":"2021-04-30T11:19:08","modified_gmt":"2021-04-30T14:19:08","slug":"agenda-do-dia-assembleias-oi-oibr3-e-vale-vale3-leilao-da-cedae","status":"publish","type":"post","link":"https:\/\/www.suno.com.br\/noticias\/agenda-do-dia-assembleias-oi-oibr3-e-vale-vale3-leilao-da-cedae\/","title":{"rendered":"Agenda do dia: assembleias Oi (OIBR3) e Vale (VALE3), leil\u00e3o da Cedae"},"content":{"rendered":"<p>A <strong>agenda do dia<\/strong> desta sexta-feira (30) tem como destaques as assembleias gerais ordin\u00e1rias da <a href=\"https:\/\/www.suno.com.br\/acoes\/oibr3\/\">Oi (OIBR3)<\/a> e da <a href=\"https:\/\/www.suno.com.br\/acoes\/vale3\/\">Vale (VALE3)<\/a> e o leil\u00e3o da Companhia Estadual de \u00c1guas e Esgotos do Rio de Janeiro, a Cedae.<\/p>\t<div class=\"wrapper-featured-image\">\n\t\t<figure class=\"spotlightImg\">\n\n\t\t\t<picture>\n\t\t\t\t<source media=\"(max-width: 768px)\" srcset=\"https:\/\/files.sunoresearch.com.br\/n\/uploads\/2021\/04\/a692467b-lut_6296-400x200.jpg\">\n\t\t\t\t<img loading=\"lazy\" decoding=\"async\" class=\"newsContent__article__imgCapa lazyloadDisabled \" src=\"https:\/\/files.sunoresearch.com.br\/n\/uploads\/2021\/04\/a692467b-lut_6296-800x450.jpg\" width=\"800\" height=\"450\" alt=\"Agenda do dia: assembleias Oi (OIBR3) e Vale (VALE3), leil\u00e3o da Cedae\" fetchpriority=high \/>\n\t\t\t<\/picture>\n\n\t\t\t<figcaption class=\"wp-caption-text wp-caption-text--show\">Oi (OIBR3)  - Foto: Divulga\u00e7\u00e3o<\/figcaption>\n\t\t<\/figure>\n\t<\/div>\n\n\n<p><span style=\"font-weight: 400;\">\t<p>\n\t\t<a href=\"https:\/\/lp.suno.com.br\/planilha-controle-gastos\/\" target=\"_blank\" data-element=\"shortcode-suno-banner\" title=\"Banner SUNO, clique e saiba mais\">\n\t\t\t<picture>\n\t\t\t\t<source media=\"(max-width: 500px)\" srcset=\"https:\/\/files.sunoresearch.com.br\/n\/uploads\/2023\/03\/400x300-Planilha-controle-de-gastos.png\">\n\t\t\t\t<img class=\"newsContent__article__imgCapa newsContent__article__imgCapa--banner\"\n\t\t\t\t\tsrc=\"https:\/\/files.sunoresearch.com.br\/n\/uploads\/2023\/03\/1420x240-Planilha-controle-de-gastos.png\"\n\t\t\t\t\tdata-promo-id=\"101751\"\t\t\t\t\t\t\t\t\t\twidth='1420' height='240'\t\t\t\t\talt=\"https:\/\/files.sunoresearch.com.br\/n\/uploads\/2023\/03\/1420x240-Planilha-controle-de-gastos.png\"\n\t\t\t\t>\n\t\t\t<\/picture>\n\t\t<\/a>\n\t<\/p>\n\n<\/span><\/p>\n<p>Nos <strong>dados macroecon\u00f4micos<\/strong> da agenda do dia, o <a href=\"https:\/\/www.suno.com.br\/artigos\/ibge\/\">Instituto Brasileiro de Geografia e Estat\u00edstica (IBGE)<\/a> divulga os dados da <a href=\"https:\/\/www.suno.com.br\/artigos\/pnad\/\">PNAD, com a taxa de desemprego de fevereiro<\/a>, e o Banco Central e o Tesouro Nacional divulgam os resultado prim\u00e1rios e nominais do setor p\u00fablico consolidado de mar\u00e7o, bem como a rela\u00e7\u00e3o da d\u00edvida l\u00edquida brasileira com o <a href=\"https:\/\/www.suno.com.br\/artigos\/pib-produto-interno-bruto\/\">produto interno bruto (PIB)<\/a>.<\/p>\n<p>Nos Estados Unidos, h\u00e1 os dados da infla\u00e7\u00e3o e da renda de mar\u00e7o, o PMI do Federal Reserve de Chicago e pesquisas de condi\u00e7\u00f5es de neg\u00f3cios e confian\u00e7a do consumidor da Universidade de Michigan.<\/p>\n<p><a href=\"https:\/\/lp.suno.com.br\/suno-one\/?ppp=noticias\/hospital-care-pedido-ipo-cvm\/\"><b>Suno One: acesse gratuitamente eBooks, Minicursos, Artigos e V\u00eddeo Aulas sobre investimentos com um \u00fanico cadastro. Clique para saber mais!<\/b><\/a><\/p>\n<p>Na pol\u00edtica, o presidente do Banco Central, Roberto Campos Neto, participa de <a href=\"https:\/\/www.suno.com.br\/artigos\/brics\/\">reuni\u00e3o do Brics<\/a> e o presidente da Rep\u00fablica Jair Bolsonaro e o ministro da economia Paulo Guedes participam de almo\u00e7o com empres\u00e1rias e tamb\u00e9m do leil\u00e3o da Cedae, em S\u00e3o Paulo.<\/p>\n<h2>Agenda do dia corporativa est\u00e1 movimentada<\/h2>\n<p>A agenda do dia desta sexta-feira come\u00e7a nos Estados Unidos, com nomes como a Chevron (CHVX34), Exxon Mobil (EXXO34), AbbVie (ABBV34) e Berkshire Hathaway (BERK34) divulgando seus balan\u00e7os do primeiro trimestre de 2021 antes da abertura do preg\u00e3o de Nova York. A chinesa Alibaba (BABA34) tamb\u00e9m publica seus resultados do per\u00edodo logo pela manh\u00e3.<\/p>\n<p>No Brasil, o primeiro evento de empresas est\u00e1 marcado para \u00e0s 9h30. A Vale realiza sua assembleia geral ordin\u00e1ria, ap\u00f3s comunicar seus resultados nesta semana.<\/p>\n<p>Logo ap\u00f3s, \u00e0s 10h, a <a href=\"https:\/\/www.suno.com.br\/acoes\/dtex3\/\">Duratex (DTEX3<\/a>) e a <a href=\"https:\/\/www.suno.com.br\/acoes\/trpl3\/\">ISA Cteep (TRPL3)<\/a> fazem suas teleconfer\u00eancias de resultados, tendo divulgado seus balan\u00e7os nesta quinta-feira (29). \u00c0s 11h, na agenda do dia, \u00e9 a vez da <a href=\"https:\/\/www.suno.com.br\/acoes\/omge3\/\">\u00d4mega Gera\u00e7\u00e3o (OMGE3<\/a>) e da <a href=\"https:\/\/www.suno.com.br\/acoes\/flry3\/\">Fleury (FLRY3)<\/a> se encontrarem com investidores e analistas e ao meio dia, a <a href=\"https:\/\/www.suno.com.br\/acoes\/lcam3\/\">Unidas (LCAM3<\/a>) realiza o mesmo evento.<\/p>\n<p>\u00c0s 14h, a Oi faz a sua assembleia geral e acontece tamb\u00e9m o leil\u00e3o da Cedae &#8211; com empresas como a <a href=\"https:\/\/www.suno.com.br\/acoes\/eqtl3\/\">Equatorial Energia (EQTL3)<\/a> e <a href=\"https:\/\/www.suno.com.br\/acoes\/sbsp3\/\">Sabesp (SBSP3)<\/a> participando da competi\u00e7\u00e3o.<\/p>\n<p><span style=\"font-weight: 400;\">\t<p>\n\t\t<a href=\"https:\/\/lp.suno.com.br\/planilha-de-controle-de-investimentos\/\" target=\"_blank\" data-element=\"shortcode-suno-banner\" title=\"Banner SUNO, clique e saiba mais\">\n\t\t\t<picture>\n\t\t\t\t<source media=\"(max-width: 500px)\" srcset=\"https:\/\/files.sunoresearch.com.br\/n\/uploads\/2023\/03\/400x300-Controle-de-Investimentos.png\">\n\t\t\t\t<img class=\"newsContent__article__imgCapa newsContent__article__imgCapa--banner\"\n\t\t\t\t\tsrc=\"https:\/\/files.sunoresearch.com.br\/n\/uploads\/2023\/03\/1420x240-Controle-de-Investimentos.png\"\n\t\t\t\t\tdata-promo-id=\"75934\"\t\t\t\t\t\t\t\t\t\twidth='1420' height='240'\t\t\t\t\talt=\"https:\/\/files.sunoresearch.com.br\/n\/uploads\/2023\/03\/1420x240-Controle-de-Investimentos.png\"\n\t\t\t\t>\n\t\t\t<\/picture>\n\t\t<\/a>\n\t<\/p>\n\n <\/span><\/p>\n<h2>PNAD e dados da infla\u00e7\u00e3o americana<\/h2>\n<p>A agenda do dia dos dados macroecon\u00f4micos come\u00e7ou movimentada logo cedo. A Alemanha, \u00e0s 5h, publicou a varia\u00e7\u00e3o do seu PIB no primeiro trimestre, que recuou 1,7%, pouco mais do que a queda de 1,5% esperada.<\/p>\n<p>\u00c0s 6h, a Uni\u00e3o Europeia teve dados da sua infla\u00e7\u00e3o, desemprego e PIB comunicados: \u00a0a infla\u00e7\u00e3o avan\u00e7ou 0,6% em abril, mais do que os 0,5% do consenso; a taxa de desemprego ficou em 8,1%, melhor do que os 8,3% esperados; e o PIB recuou apenas 0,6%, menos do que a queda de 0,8% prevista.<\/p>\n<p>O Brasil, \u00e0s 9h, tem a sua taxa de desemprego de fevereiro enunciada pelo IBGE, com o mercado esperando que ela cres\u00e7a para 14,5%, ante 14,2% em janeiro. Pouco depois na agenda do dia, \u00e0s 9h30, o <a href=\"https:\/\/www.suno.com.br\/artigos\/tesouro-nacional\/\">Tesouro Nacional<\/a> e o Banco Central divulgam, respectivamente, o resultado prim\u00e1rio e nominal do setor p\u00fablico consolidado.<\/p>\n<p>Nos Estados Unidos, tamb\u00e9m \u00e0s 9h30, o Departamento de Com\u00e9rcio publica <a href=\"https:\/\/www.suno.com.br\/artigos\/inflacao\/\">a varia\u00e7\u00e3o do \u00edndice de pre\u00e7os ao consumidor<\/a> em mar\u00e7o, e o Escrit\u00f3rio de An\u00e1lises Econ\u00f4micas traz dados sobre a renda dos cidad\u00e3os no mesmo m\u00eas.<\/p>\n<p>Mais tarde na agenda do dia, ainda nos EUA, \u00e0s 10h45, o <a href=\"https:\/\/www.suno.com.br\/artigos\/fed\/\">Federal Reserve<\/a> de Chicago traz sua leitura do PMI de abril e a Universidade de Michigan, \u00e0s 11h, a leitura da confian\u00e7a do consumidor e das condi\u00e7\u00f5es de neg\u00f3cios.<\/p>\n<h2>Leil\u00e3o da Cedae \u00e9 destaque na pol\u00edtica<\/h2>\n<p>Na pol\u00edtica, o destaque fica para o leil\u00e3o da Cedae, que contar\u00e1 com a participa\u00e7\u00e3o do presidente da Rep\u00fablica Jair Bolsonaro e do ministro da Economia Paulo Guedes, marcado para acontecer \u00e0s 14h na sede da B3, em S\u00e3o Paulo. Antes disso, ao meio dia, os dois se encontram com empres\u00e1rias em um almo\u00e7o na mesma cidade.<\/p>\n<p>O presidente do Banco Central, Roberto Campos Neto, participa, na <strong>agenda do dia<\/strong>, de reuni\u00e3o do Brics \u00e0s 8h.<\/p>\n<p><span style=\"font-weight: 400;\">\t<p>\n\t\t<a href=\"https:\/\/lp.suno.com.br\/planilha-da-vida-financeira\/\" target=\"_blank\" data-element=\"shortcode-suno-banner\" title=\"Banner SUNO, clique e saiba mais\">\n\t\t\t<picture>\n\t\t\t\t<source media=\"(max-width: 500px)\" srcset=\"https:\/\/files.sunoresearch.com.br\/n\/uploads\/2023\/04\/400x300-Planilha-vida-financeira-true.png\">\n\t\t\t\t<img class=\"newsContent__article__imgCapa newsContent__article__imgCapa--banner\"\n\t\t\t\t\tsrc=\"https:\/\/files.sunoresearch.com.br\/n\/uploads\/2023\/04\/1420x240-Planilha-vida-financeira-true.png\"\n\t\t\t\t\tdata-promo-id=\"106682\"\t\t\t\t\t\t\t\t\t\twidth='1420' height='240'\t\t\t\t\talt=\"https:\/\/files.sunoresearch.com.br\/n\/uploads\/2023\/04\/1420x240-Planilha-vida-financeira-true.png\"\n\t\t\t\t>\n\t\t\t<\/picture>\n\t\t<\/a>\n\t<\/p>\n\n<\/span><\/p>\n","protected":false},"excerpt":{"rendered":"<p>A agenda do dia desta sexta-feira (30) tem como destaques as assembleias gerais ordin\u00e1rias da Oi (OIBR3) e da Vale (VALE3) e o leil\u00e3o da Companhia Estadual de \u00c1guas e Esgotos do Rio de Janeiro, a Cedae. Oi (OIBR3) &#8211; Foto: Divulga\u00e7\u00e3o Nos dados macroecon\u00f4micos da agenda do dia, o Instituto Brasileiro de Geografia e [&hellip;]<\/p>\n","protected":false},"author":59,"featured_media":141238,"comment_status":"closed","ping_status":"closed","sticky":false,"template":"","format":"standard","meta":[],"categories":[60],"tags":[95241,1786,451,479,584,1191,1061,676],"suno_strategy":[],"class_list":["post-143704","post","type-post","status-publish","format-standard","has-post-thumbnail","hentry","category-mercado","tag-cedae","tag-cteep-trpl3-trpl4","tag-duratex-dtex3","tag-fleury-flry3","tag-oi-oibr3-oibr4","tag-pnad","tag-unidas-lcam3","tag-vale-vale3"],"yoast_head":"<!-- This site is optimized with the Yoast SEO plugin v24.4 - https:\/\/yoast.com\/wordpress\/plugins\/seo\/ -->\n<title>Agenda do dia: assembleias Oi (OIBR3) e Vale (VALE3), leil\u00e3o da Cedae<\/title>\n<meta name=\"description\" content=\"Na agenda do dia desta sexta-feira, destaque para as assembleias da Oi e da Vale e para o leil\u00e3o da Cedae. Clique aqui para saber mais.\" \/>\n<meta name=\"robots\" content=\"index, follow, max-snippet:-1, max-image-preview:large, max-video-preview:-1\" \/>\n<link rel=\"canonical\" href=\"https:\/\/www.suno.com.br\/noticias\/agenda-do-dia-assembleias-oi-oibr3-e-vale-vale3-leilao-da-cedae\/\" \/>\n<meta property=\"og:locale\" content=\"pt_BR\" \/>\n<meta property=\"og:type\" content=\"article\" \/>\n<meta property=\"og:title\" content=\"Agenda do dia: assembleias Oi (OIBR3) e Vale (VALE3), leil\u00e3o da Cedae\" \/>\n<meta property=\"og:description\" content=\"Na agenda do dia desta sexta-feira, destaque para as assembleias da Oi e da Vale e para o leil\u00e3o da Cedae. Clique aqui para saber mais.\" \/>\n<meta property=\"og:url\" content=\"https:\/\/www.suno.com.br\/noticias\/agenda-do-dia-assembleias-oi-oibr3-e-vale-vale3-leilao-da-cedae\/\" \/>\n<meta property=\"og:site_name\" content=\"Suno Not\u00edcias\" \/>\n<meta property=\"article:publisher\" content=\"https:\/\/facebook.com\/sunoresearch\" \/>\n<meta property=\"og:image\" content=\"https:\/\/files.sunoresearch.com.br\/n\/uploads\/2021\/04\/a692467b-lut_6296-scaled.jpg\" \/>\n\t<meta property=\"og:image:width\" content=\"2560\" \/>\n\t<meta property=\"og:image:height\" content=\"1709\" \/>\n\t<meta property=\"og:image:type\" content=\"image\/jpeg\" \/>\n<meta name=\"author\" content=\"Vitor Azevedo\" \/>\n<meta name=\"twitter:card\" content=\"summary_large_image\" \/>\n<meta name=\"twitter:creator\" content=\"@sunoresearch\" \/>\n<meta name=\"twitter:site\" content=\"@sunoresearch\" \/>\n<meta name=\"twitter:label1\" content=\"Escrito por\" \/>\n\t<meta name=\"twitter:data1\" content=\"Vitor Azevedo\" \/>\n\t<meta name=\"twitter:label2\" content=\"Est. tempo de leitura\" \/>\n\t<meta name=\"twitter:data2\" content=\"4 minutos\" \/>\n<script type=\"application\/ld+json\" class=\"yoast-schema-graph\">{\"@context\":\"https:\/\/schema.org\",\"@graph\":[{\"@type\":\"NewsArticle\",\"@id\":\"https:\/\/www.suno.com.br\/noticias\/agenda-do-dia-assembleias-oi-oibr3-e-vale-vale3-leilao-da-cedae\/#article\",\"isPartOf\":{\"@id\":\"https:\/\/www.suno.com.br\/noticias\/agenda-do-dia-assembleias-oi-oibr3-e-vale-vale3-leilao-da-cedae\/\"},\"author\":{\"name\":\"Vitor Azevedo\",\"@id\":\"https:\/\/www.suno.com.br\/noticias\/#\/schema\/person\/658d5fbc74d81f265f5df3562d0038ab\"},\"headline\":\"Agenda do dia: assembleias Oi (OIBR3) e Vale (VALE3), leil\u00e3o da Cedae\",\"datePublished\":\"2021-04-30T11:48:38+00:00\",\"dateModified\":\"2021-04-30T14:19:08+00:00\",\"mainEntityOfPage\":{\"@id\":\"https:\/\/www.suno.com.br\/noticias\/agenda-do-dia-assembleias-oi-oibr3-e-vale-vale3-leilao-da-cedae\/\"},\"wordCount\":758,\"publisher\":{\"@id\":\"https:\/\/www.suno.com.br\/noticias\/#organization\"},\"image\":{\"@id\":\"https:\/\/www.suno.com.br\/noticias\/agenda-do-dia-assembleias-oi-oibr3-e-vale-vale3-leilao-da-cedae\/#primaryimage\"},\"thumbnailUrl\":\"https:\/\/files.sunoresearch.com.br\/n\/uploads\/2021\/04\/a692467b-lut_6296-scaled.jpg\",\"keywords\":[\"cedae\",\"CTEEP (TRPL3\/TRPL4)\",\"Duratex (DTEX3)\",\"Fleury (FLRY3)\",\"Oi (OIBR3\/OIBR4)\",\"PNAD\",\"Unidas (LCAM3)\",\"Vale (VALE3)\"],\"articleSection\":[\"Mercado\"],\"inLanguage\":\"pt-BR\"},{\"@type\":\"WebPage\",\"@id\":\"https:\/\/www.suno.com.br\/noticias\/agenda-do-dia-assembleias-oi-oibr3-e-vale-vale3-leilao-da-cedae\/\",\"url\":\"https:\/\/www.suno.com.br\/noticias\/agenda-do-dia-assembleias-oi-oibr3-e-vale-vale3-leilao-da-cedae\/\",\"name\":\"Agenda do dia: assembleias Oi (OIBR3) e Vale (VALE3), leil\u00e3o da Cedae\",\"isPartOf\":{\"@id\":\"https:\/\/www.suno.com.br\/noticias\/#website\"},\"primaryImageOfPage\":{\"@id\":\"https:\/\/www.suno.com.br\/noticias\/agenda-do-dia-assembleias-oi-oibr3-e-vale-vale3-leilao-da-cedae\/#primaryimage\"},\"image\":{\"@id\":\"https:\/\/www.suno.com.br\/noticias\/agenda-do-dia-assembleias-oi-oibr3-e-vale-vale3-leilao-da-cedae\/#primaryimage\"},\"thumbnailUrl\":\"https:\/\/files.sunoresearch.com.br\/n\/uploads\/2021\/04\/a692467b-lut_6296-scaled.jpg\",\"datePublished\":\"2021-04-30T11:48:38+00:00\",\"dateModified\":\"2021-04-30T14:19:08+00:00\",\"description\":\"Na agenda do dia desta sexta-feira, destaque para as assembleias da Oi e da Vale e para o leil\u00e3o da Cedae. Clique aqui para saber mais.\",\"breadcrumb\":{\"@id\":\"https:\/\/www.suno.com.br\/noticias\/agenda-do-dia-assembleias-oi-oibr3-e-vale-vale3-leilao-da-cedae\/#breadcrumb\"},\"inLanguage\":\"pt-BR\",\"potentialAction\":[{\"@type\":\"ReadAction\",\"target\":[\"https:\/\/www.suno.com.br\/noticias\/agenda-do-dia-assembleias-oi-oibr3-e-vale-vale3-leilao-da-cedae\/\"]}]},{\"@type\":\"ImageObject\",\"inLanguage\":\"pt-BR\",\"@id\":\"https:\/\/www.suno.com.br\/noticias\/agenda-do-dia-assembleias-oi-oibr3-e-vale-vale3-leilao-da-cedae\/#primaryimage\",\"url\":\"https:\/\/files.sunoresearch.com.br\/n\/uploads\/2021\/04\/a692467b-lut_6296-scaled.jpg\",\"contentUrl\":\"https:\/\/files.sunoresearch.com.br\/n\/uploads\/2021\/04\/a692467b-lut_6296-scaled.jpg\",\"width\":2560,\"height\":1709,\"caption\":\"Oi (OIBR3) - Foto: Divulga\u00e7\u00e3o\"},{\"@type\":\"BreadcrumbList\",\"@id\":\"https:\/\/www.suno.com.br\/noticias\/agenda-do-dia-assembleias-oi-oibr3-e-vale-vale3-leilao-da-cedae\/#breadcrumb\",\"itemListElement\":[{\"@type\":\"ListItem\",\"position\":1,\"name\":\"Not\u00edcias\",\"item\":\"https:\/\/www.suno.com.br\/noticias\/\"},{\"@type\":\"ListItem\",\"position\":2,\"name\":\"Mercado\",\"item\":\"https:\/\/www.suno.com.br\/noticias\/mercado\/\"},{\"@type\":\"ListItem\",\"position\":3,\"name\":\"Agenda do dia: assembleias Oi (OIBR3) e Vale (VALE3), leil\u00e3o da Cedae\"}]},{\"@type\":\"WebSite\",\"@id\":\"https:\/\/www.suno.com.br\/noticias\/#website\",\"url\":\"https:\/\/www.suno.com.br\/noticias\/\",\"name\":\"Suno Not\u00edcias\",\"description\":\"Seu portal de informa\u00e7\u00e3o sobre o mundo dos investimentos\",\"publisher\":{\"@id\":\"https:\/\/www.suno.com.br\/noticias\/#organization\"},\"potentialAction\":[{\"@type\":\"SearchAction\",\"target\":{\"@type\":\"EntryPoint\",\"urlTemplate\":\"https:\/\/www.suno.com.br\/noticias\/?s={search_term_string}\"},\"query-input\":{\"@type\":\"PropertyValueSpecification\",\"valueRequired\":true,\"valueName\":\"search_term_string\"}}],\"inLanguage\":\"pt-BR\"},{\"@type\":\"Organization\",\"@id\":\"https:\/\/www.suno.com.br\/noticias\/#organization\",\"name\":\"Suno Not\u00edcias\",\"url\":\"https:\/\/www.suno.com.br\/noticias\/\",\"logo\":{\"@type\":\"ImageObject\",\"inLanguage\":\"pt-BR\",\"@id\":\"https:\/\/www.suno.com.br\/noticias\/#\/schema\/logo\/image\/\",\"url\":\"https:\/\/files.sunoresearch.com.br\/n\/uploads\/2021\/09\/suno-logo.png\",\"contentUrl\":\"https:\/\/files.sunoresearch.com.br\/n\/uploads\/2021\/09\/suno-logo.png\",\"width\":180,\"height\":180,\"caption\":\"Suno Not\u00edcias\"},\"image\":{\"@id\":\"https:\/\/www.suno.com.br\/noticias\/#\/schema\/logo\/image\/\"},\"sameAs\":[\"https:\/\/facebook.com\/sunoresearch\",\"https:\/\/x.com\/sunoresearch\",\"https:\/\/www.instagram.com\/suno\",\"https:\/\/www.linkedin.com\/company\/suno-research\/\",\"https:\/\/www.youtube.com\/c\/sunoresearch\"]},{\"@type\":\"Person\",\"@id\":\"https:\/\/www.suno.com.br\/noticias\/#\/schema\/person\/658d5fbc74d81f265f5df3562d0038ab\",\"name\":\"Vitor Azevedo\",\"image\":{\"@type\":\"ImageObject\",\"inLanguage\":\"pt-BR\",\"@id\":\"https:\/\/www.suno.com.br\/noticias\/#\/schema\/person\/image\/\",\"url\":\"https:\/\/secure.gravatar.com\/avatar\/62b86195291b446fe380824eb28b99a5?s=96&r=g\",\"contentUrl\":\"https:\/\/secure.gravatar.com\/avatar\/62b86195291b446fe380824eb28b99a5?s=96&r=g\",\"caption\":\"Vitor Azevedo\"},\"description\":\"Formado em jornalismo pela Unesp, escreve sobre economia e neg\u00f3cios para a Suno Not\u00edcias.\",\"url\":\"https:\/\/www.suno.com.br\/noticias\/author\/vitor-azevedo\/\"}]}<\/script>\n<!-- \/ Yoast SEO plugin. -->","yoast_head_json":{"title":"Agenda do dia: assembleias Oi (OIBR3) e Vale (VALE3), leil\u00e3o da Cedae","description":"Na agenda do dia desta sexta-feira, destaque para as assembleias da Oi e da Vale e para o leil\u00e3o da Cedae. Clique aqui para saber mais.","robots":{"index":"index","follow":"follow","max-snippet":"max-snippet:-1","max-image-preview":"max-image-preview:large","max-video-preview":"max-video-preview:-1"},"canonical":"https:\/\/www.suno.com.br\/noticias\/agenda-do-dia-assembleias-oi-oibr3-e-vale-vale3-leilao-da-cedae\/","og_locale":"pt_BR","og_type":"article","og_title":"Agenda do dia: assembleias Oi (OIBR3) e Vale (VALE3), leil\u00e3o da Cedae","og_description":"Na agenda do dia desta sexta-feira, destaque para as assembleias da Oi e da Vale e para o leil\u00e3o da Cedae. Clique aqui para saber mais.","og_url":"https:\/\/www.suno.com.br\/noticias\/agenda-do-dia-assembleias-oi-oibr3-e-vale-vale3-leilao-da-cedae\/","og_site_name":"Suno Not\u00edcias","article_publisher":"https:\/\/facebook.com\/sunoresearch","og_image":[{"width":2560,"height":1709,"url":"https:\/\/files.sunoresearch.com.br\/n\/uploads\/2021\/04\/a692467b-lut_6296-scaled.jpg","type":"image\/jpeg"}],"author":"Vitor Azevedo","twitter_card":"summary_large_image","twitter_creator":"@sunoresearch","twitter_site":"@sunoresearch","twitter_misc":{"Escrito por":"Vitor Azevedo","Est. tempo de leitura":"4 minutos"},"schema":{"@context":"https:\/\/schema.org","@graph":[{"@type":"NewsArticle","@id":"https:\/\/www.suno.com.br\/noticias\/agenda-do-dia-assembleias-oi-oibr3-e-vale-vale3-leilao-da-cedae\/#article","isPartOf":{"@id":"https:\/\/www.suno.com.br\/noticias\/agenda-do-dia-assembleias-oi-oibr3-e-vale-vale3-leilao-da-cedae\/"},"author":{"name":"Vitor Azevedo","@id":"https:\/\/www.suno.com.br\/noticias\/#\/schema\/person\/658d5fbc74d81f265f5df3562d0038ab"},"headline":"Agenda do dia: assembleias Oi (OIBR3) e Vale (VALE3), leil\u00e3o da Cedae","datePublished":"2021-04-30T11:48:38+00:00","dateModified":"2021-04-30T14:19:08+00:00","mainEntityOfPage":{"@id":"https:\/\/www.suno.com.br\/noticias\/agenda-do-dia-assembleias-oi-oibr3-e-vale-vale3-leilao-da-cedae\/"},"wordCount":758,"publisher":{"@id":"https:\/\/www.suno.com.br\/noticias\/#organization"},"image":{"@id":"https:\/\/www.suno.com.br\/noticias\/agenda-do-dia-assembleias-oi-oibr3-e-vale-vale3-leilao-da-cedae\/#primaryimage"},"thumbnailUrl":"https:\/\/files.sunoresearch.com.br\/n\/uploads\/2021\/04\/a692467b-lut_6296-scaled.jpg","keywords":["cedae","CTEEP (TRPL3\/TRPL4)","Duratex (DTEX3)","Fleury (FLRY3)","Oi (OIBR3\/OIBR4)","PNAD","Unidas (LCAM3)","Vale (VALE3)"],"articleSection":["Mercado"],"inLanguage":"pt-BR"},{"@type":"WebPage","@id":"https:\/\/www.suno.com.br\/noticias\/agenda-do-dia-assembleias-oi-oibr3-e-vale-vale3-leilao-da-cedae\/","url":"https:\/\/www.suno.com.br\/noticias\/agenda-do-dia-assembleias-oi-oibr3-e-vale-vale3-leilao-da-cedae\/","name":"Agenda do dia: assembleias Oi (OIBR3) e Vale (VALE3), leil\u00e3o da Cedae","isPartOf":{"@id":"https:\/\/www.suno.com.br\/noticias\/#website"},"primaryImageOfPage":{"@id":"https:\/\/www.suno.com.br\/noticias\/agenda-do-dia-assembleias-oi-oibr3-e-vale-vale3-leilao-da-cedae\/#primaryimage"},"image":{"@id":"https:\/\/www.suno.com.br\/noticias\/agenda-do-dia-assembleias-oi-oibr3-e-vale-vale3-leilao-da-cedae\/#primaryimage"},"thumbnailUrl":"https:\/\/files.sunoresearch.com.br\/n\/uploads\/2021\/04\/a692467b-lut_6296-scaled.jpg","datePublished":"2021-04-30T11:48:38+00:00","dateModified":"2021-04-30T14:19:08+00:00","description":"Na agenda do dia desta sexta-feira, destaque para as assembleias da Oi e da Vale e para o leil\u00e3o da Cedae. Clique aqui para saber mais.","breadcrumb":{"@id":"https:\/\/www.suno.com.br\/noticias\/agenda-do-dia-assembleias-oi-oibr3-e-vale-vale3-leilao-da-cedae\/#breadcrumb"},"inLanguage":"pt-BR","potentialAction":[{"@type":"ReadAction","target":["https:\/\/www.suno.com.br\/noticias\/agenda-do-dia-assembleias-oi-oibr3-e-vale-vale3-leilao-da-cedae\/"]}]},{"@type":"ImageObject","inLanguage":"pt-BR","@id":"https:\/\/www.suno.com.br\/noticias\/agenda-do-dia-assembleias-oi-oibr3-e-vale-vale3-leilao-da-cedae\/#primaryimage","url":"https:\/\/files.sunoresearch.com.br\/n\/uploads\/2021\/04\/a692467b-lut_6296-scaled.jpg","contentUrl":"https:\/\/files.sunoresearch.com.br\/n\/uploads\/2021\/04\/a692467b-lut_6296-scaled.jpg","width":2560,"height":1709,"caption":"Oi (OIBR3) - Foto: Divulga\u00e7\u00e3o"},{"@type":"BreadcrumbList","@id":"https:\/\/www.suno.com.br\/noticias\/agenda-do-dia-assembleias-oi-oibr3-e-vale-vale3-leilao-da-cedae\/#breadcrumb","itemListElement":[{"@type":"ListItem","position":1,"name":"Not\u00edcias","item":"https:\/\/www.suno.com.br\/noticias\/"},{"@type":"ListItem","position":2,"name":"Mercado","item":"https:\/\/www.suno.com.br\/noticias\/mercado\/"},{"@type":"ListItem","position":3,"name":"Agenda do dia: assembleias Oi (OIBR3) e Vale (VALE3), leil\u00e3o da Cedae"}]},{"@type":"WebSite","@id":"https:\/\/www.suno.com.br\/noticias\/#website","url":"https:\/\/www.suno.com.br\/noticias\/","name":"Suno Not\u00edcias","description":"Seu portal de informa\u00e7\u00e3o sobre o mundo dos investimentos","publisher":{"@id":"https:\/\/www.suno.com.br\/noticias\/#organization"},"potentialAction":[{"@type":"SearchAction","target":{"@type":"EntryPoint","urlTemplate":"https:\/\/www.suno.com.br\/noticias\/?s={search_term_string}"},"query-input":{"@type":"PropertyValueSpecification","valueRequired":true,"valueName":"search_term_string"}}],"inLanguage":"pt-BR"},{"@type":"Organization","@id":"https:\/\/www.suno.com.br\/noticias\/#organization","name":"Suno Not\u00edcias","url":"https:\/\/www.suno.com.br\/noticias\/","logo":{"@type":"ImageObject","inLanguage":"pt-BR","@id":"https:\/\/www.suno.com.br\/noticias\/#\/schema\/logo\/image\/","url":"https:\/\/files.sunoresearch.com.br\/n\/uploads\/2021\/09\/suno-logo.png","contentUrl":"https:\/\/files.sunoresearch.com.br\/n\/uploads\/2021\/09\/suno-logo.png","width":180,"height":180,"caption":"Suno Not\u00edcias"},"image":{"@id":"https:\/\/www.suno.com.br\/noticias\/#\/schema\/logo\/image\/"},"sameAs":["https:\/\/facebook.com\/sunoresearch","https:\/\/x.com\/sunoresearch","https:\/\/www.instagram.com\/suno","https:\/\/www.linkedin.com\/company\/suno-research\/","https:\/\/www.youtube.com\/c\/sunoresearch"]},{"@type":"Person","@id":"https:\/\/www.suno.com.br\/noticias\/#\/schema\/person\/658d5fbc74d81f265f5df3562d0038ab","name":"Vitor Azevedo","image":{"@type":"ImageObject","inLanguage":"pt-BR","@id":"https:\/\/www.suno.com.br\/noticias\/#\/schema\/person\/image\/","url":"https:\/\/secure.gravatar.com\/avatar\/62b86195291b446fe380824eb28b99a5?s=96&r=g","contentUrl":"https:\/\/secure.gravatar.com\/avatar\/62b86195291b446fe380824eb28b99a5?s=96&r=g","caption":"Vitor Azevedo"},"description":"Formado em jornalismo pela Unesp, escreve sobre economia e neg\u00f3cios para a Suno Not\u00edcias.","url":"https:\/\/www.suno.com.br\/noticias\/author\/vitor-azevedo\/"}]}},"default_loop_html":"<div class=\"cardsPage__listCard__boxs\"><div class=\"cardsPage__listCard__boxs__img\"><a href=\"https:\/\/www.suno.com.br\/noticias\/agenda-do-dia-assembleias-oi-oibr3-e-vale-vale3-leilao-da-cedae\/\"><img class=\"mask\" src=\"https:\/\/www.suno.com.br\/noticias\/wp-content\/themes\/suno\/resources\/images\/spotlight\/spotlight1img\/bg-mask.png\" alt=\"Image Mask\"\/><img src=\"https:\/\/files.sunoresearch.com.br\/n\/uploads\/2021\/04\/a692467b-lut_6296-400x200.jpg\" alt=\"Agenda do dia: assembleias Oi (OIBR3) e Vale (VALE3), leil\u00e3o da Cedae\"\/><\/a><span class=\"spotlightCategory\"><a href=\"https:\/\/www.suno.com.br\/noticias\/mercado\/\">Mercado<\/a><\/span><\/div><div class=\"cardsPage__listCard__boxs__content\"><a href=\"https:\/\/www.suno.com.br\/noticias\/agenda-do-dia-assembleias-oi-oibr3-e-vale-vale3-leilao-da-cedae\/\"><h2 class=\"content__title\">Agenda do dia: assembleias Oi (OIBR3) e Vale (VALE3), leil\u00e3o da Cedae<\/h2><\/a><div class=\"newsContent__article__meta\"><div class=\"newsContent__article__meta__authorBox\"><a href=\"https:\/\/www.suno.com.br\/noticias\/author\/vitor-azevedo\/\" class=\"authorBox__avatar noMobi\"><img src=\"https:\/\/secure.gravatar.com\/avatar\/62b86195291b446fe380824eb28b99a5?s=96&#038;r=g\" alt=\"Vitor Azevedo\"><\/a><div class=\"authorBox__name\"><span>por\n\t\t\t<a href=\"https:\/\/www.suno.com.br\/noticias\/author\/vitor-azevedo\/\"><span itemprop=\"author\">Vitor Azevedo<\/span><\/a><\/span><time datetime=\"2021-04-30T08:48:38-03:00\" itemprop=\"datePublished\">30\/04\/2021 08:48<\/time><\/div><\/div><\/div><\/div><\/div>","single_layout":"posts","amp_enabled":true,"_links":{"self":[{"href":"https:\/\/www.suno.com.br\/noticias\/wp-json\/wp\/v2\/posts\/143704"}],"collection":[{"href":"https:\/\/www.suno.com.br\/noticias\/wp-json\/wp\/v2\/posts"}],"about":[{"href":"https:\/\/www.suno.com.br\/noticias\/wp-json\/wp\/v2\/types\/post"}],"author":[{"embeddable":true,"href":"https:\/\/www.suno.com.br\/noticias\/wp-json\/wp\/v2\/users\/59"}],"replies":[{"embeddable":true,"href":"https:\/\/www.suno.com.br\/noticias\/wp-json\/wp\/v2\/comments?post=143704"}],"version-history":[{"count":3,"href":"https:\/\/www.suno.com.br\/noticias\/wp-json\/wp\/v2\/posts\/143704\/revisions"}],"predecessor-version":[{"id":143797,"href":"https:\/\/www.suno.com.br\/noticias\/wp-json\/wp\/v2\/posts\/143704\/revisions\/143797"}],"wp:featuredmedia":[{"embeddable":true,"href":"https:\/\/www.suno.com.br\/noticias\/wp-json\/wp\/v2\/media\/141238"}],"wp:attachment":[{"href":"https:\/\/www.suno.com.br\/noticias\/wp-json\/wp\/v2\/media?parent=143704"}],"wp:term":[{"taxonomy":"category","embeddable":true,"href":"https:\/\/www.suno.com.br\/noticias\/wp-json\/wp\/v2\/categories?post=143704"},{"taxonomy":"post_tag","embeddable":true,"href":"https:\/\/www.suno.com.br\/noticias\/wp-json\/wp\/v2\/tags?post=143704"},{"taxonomy":"suno_strategy","embeddable":true,"href":"https:\/\/www.suno.com.br\/noticias\/wp-json\/wp\/v2\/suno_strategy?post=143704"}],"curies":[{"name":"wp","href":"https:\/\/api.w.org\/{rel}","templated":true}]}}