{"id":143615,"date":"2021-04-29T19:09:21","date_gmt":"2021-04-29T22:09:21","guid":{"rendered":"https:\/\/www.suno.com.br\/noticias\/?p=143615"},"modified":"2021-04-29T19:09:21","modified_gmt":"2021-04-29T22:09:21","slug":"ecorodovias-ecor3-br153-faca-dois-gumes","status":"publish","type":"post","link":"https:\/\/www.suno.com.br\/noticias\/ecorodovias-ecor3-br153-faca-dois-gumes\/","title":{"rendered":"Ecorodovias (ECOR3) tem na BR-153 uma faca de dois gumes"},"content":{"rendered":"<p>O cons\u00f3rcio Eco153, composto pela <a href=\"https:\/\/www.suno.com.br\/acoes\/ecor3\/\"><strong>Ecorodovias<\/strong> (ECOR3)<\/a> e pela GLP, arrematou o trecho da rodovia BR-153\/414\/080, que liga Tocantins e Goi\u00e1s, em leil\u00e3o nessa quinta-feira (29). Na an\u00e1lise do Goldman Sachs, o porte do projeto implica em um risco de execu\u00e7\u00e3o enquanto oferece uma oportunidade de cria\u00e7\u00e3o de valor significativo.<\/p>\t<div class=\"wrapper-featured-image\">\n\t\t<figure class=\"spotlightImg\">\n\n\t\t\t<picture>\n\t\t\t\t<source media=\"(max-width: 768px)\" srcset=\"https:\/\/files.sunoresearch.com.br\/n\/uploads\/2021\/04\/624df08c-road-5089188_1280-400x200.webp\">\n\t\t\t\t<img loading=\"lazy\" decoding=\"async\" class=\"newsContent__article__imgCapa lazyloadDisabled \" src=\"https:\/\/files.sunoresearch.com.br\/n\/uploads\/2021\/04\/624df08c-road-5089188_1280-800x450.webp\" width=\"800\" height=\"450\" alt=\"Ecorodovias (ECOR3) tem na BR-153 uma faca de dois gumes\" fetchpriority=high \/>\n\t\t\t<\/picture>\n\n\t\t\t<figcaption class=\"wp-caption-text wp-caption-text--show\">Governo Lula deve rever modelo de concess\u00e3o de rodovias. Foto: Pixabay<\/figcaption>\n\t\t<\/figure>\n\t<\/div>\n\n\n\t<p>\n\t\t<a href=\"https:\/\/lp.suno.com.br\/planilha-controle-gastos\/\" target=\"_blank\" data-element=\"shortcode-suno-banner\" title=\"Banner SUNO, clique e saiba mais\">\n\t\t\t<picture>\n\t\t\t\t<source media=\"(max-width: 500px)\" srcset=\"https:\/\/files.sunoresearch.com.br\/n\/uploads\/2023\/03\/400x300-Planilha-controle-de-gastos.png\">\n\t\t\t\t<img class=\"newsContent__article__imgCapa newsContent__article__imgCapa--banner\"\n\t\t\t\t\tsrc=\"https:\/\/files.sunoresearch.com.br\/n\/uploads\/2023\/03\/1420x240-Planilha-controle-de-gastos.png\"\n\t\t\t\t\tdata-promo-id=\"101751\"\t\t\t\t\t\t\t\t\t\twidth='1420' height='240'\t\t\t\t\talt=\"https:\/\/files.sunoresearch.com.br\/n\/uploads\/2023\/03\/1420x240-Planilha-controle-de-gastos.png\"\n\t\t\t\t>\n\t\t\t<\/picture>\n\t\t<\/a>\n\t<\/p>\n\n\n<p>O cons\u00f3rcio entre Ecorodovias e GLP ofereceu valor de outorga para o trecho no valor de R$ 320 milh\u00f5es, superior aos R$ 117 milh\u00f5es oferecidos pela rival <a href=\"https:\/\/www.suno.com.br\/acoes\/ccro3\/\"><strong>CCR<\/strong> (CCRO3)<\/a>, a outra proponente. O leil\u00e3o foi realizado pela Ag\u00eancia Nacional de Transportes Terrestres (ANTT) e pelo Minist\u00e9rio da Infraestrutura.<\/p>\n<p>O contrato visa explora\u00e7\u00e3o por 35 anos, prorrog\u00e1veis por mais cinco, com aportes previstos em R$ 14 bilh\u00f5es, sendo R$ 7,8 bilh\u00f5es em investimentos e R$ 6,2 bilh\u00f5es em custos operacionais.<\/p>\n<p><a href=\"https:\/\/lp.suno.com.br\/suno-one\/\">\u00a0Suno One: acesse gratuitamente eBooks, Minicursos, Artigos e V\u00eddeo Aulas sobre investimentos com um \u00fanico cadastro. Clique para saber mais!<\/a><\/p>\n<p>Levou a concess\u00e3o quem ofereceu o menor des\u00e1gio ante os valores m\u00e1ximos de ped\u00e1gio permitidos, R$ 0,12200\/km para trechos homog\u00eaneos de pista simples e R$ 0,17081\/km para trechos homog\u00eaneos de pista dupla. Sobre essas tarifas, poderiam ser oferecidos descontos de at\u00e9 16,25%. Caso alcan\u00e7assem a marca, levaria o ativo a oferta de maior outorga.<\/p>\n<p>&#8220;Embora a adi\u00e7\u00e3o de novos projetos ao portf\u00f3lio seja positiva, destacamos o grande porte do projeto em rela\u00e7\u00e3o ao valor de mercado da Ecorodovias, o que implica um risco de execu\u00e7\u00e3o significativo, ao mesmo tempo em que oferece uma oportunidade de cria\u00e7\u00e3o de valor significativo caso o projeto acabe sendo lucrativo&#8221;, avaliou o <strong>Goldman Sachs<\/strong>, em relat\u00f3rio assinado por Bruno Amorim, Joao Frizo e Osmar Camilo.<\/p>\n\t<div data-element=\"shortcode-read-more\" class=\"knowMore\">\n\t\t\t\t<span class=\"knowMore__title\">Leia mais<\/span>\n\t\t\t\t<a class=\"knowMore__link\" href=\"https:\/\/www.suno.com.br\/noticias\/consorcio-ecorodovias-ecor3-glp-vence-leilao-br-153\/\">\n\t\t\tCons\u00f3rcio formado por EcoRodovias (ECOR3) e GLP vence leil\u00e3o da BR-153\t\t<\/a>\n\t<\/div>\n\n\n<p>De acordo com estimativas do banco, a proposta vencedora implica em um <a href=\"https:\/\/www.suno.com.br\/artigos\/valor-presente-liquido\/\">valor presente l\u00edquido (VPL)<\/a> negativo de cerca de R$ 313 milh\u00f5es e uma <a href=\"https:\/\/www.suno.com.br\/artigos\/taxa-interna-de-retorno\/\">taxa interna de retorno (TIR)<\/a> desalavancada de aproximadamente 5,2%.<\/p>\n<h2>EcoRodovias sobe 4,5% ap\u00f3s vencer leil\u00e3o<\/h2>\n<p>A a\u00e7\u00e3o ordin\u00e1ria da <strong>EcoRodovias<\/strong> fechou o preg\u00e3o desta quinta-feira com terceira maior valoriza\u00e7\u00e3o do Ibovespa, 4,55%, a R$ 12,18.<\/p>\n\t<p>\n\t\t<a href=\"https:\/\/lp.suno.com.br\/planilha-de-controle-de-investimentos\/\" target=\"_blank\" data-element=\"shortcode-suno-banner\" title=\"Banner SUNO, clique e saiba mais\">\n\t\t\t<picture>\n\t\t\t\t<source media=\"(max-width: 500px)\" srcset=\"https:\/\/files.sunoresearch.com.br\/n\/uploads\/2023\/03\/400x300-Controle-de-Investimentos.png\">\n\t\t\t\t<img class=\"newsContent__article__imgCapa newsContent__article__imgCapa--banner\"\n\t\t\t\t\tsrc=\"https:\/\/files.sunoresearch.com.br\/n\/uploads\/2023\/03\/1420x240-Controle-de-Investimentos.png\"\n\t\t\t\t\tdata-promo-id=\"75934\"\t\t\t\t\t\t\t\t\t\twidth='1420' height='240'\t\t\t\t\talt=\"https:\/\/files.sunoresearch.com.br\/n\/uploads\/2023\/03\/1420x240-Controle-de-Investimentos.png\"\n\t\t\t\t>\n\t\t\t<\/picture>\n\t\t<\/a>\n\t<\/p>\n\n\n","protected":false},"excerpt":{"rendered":"<p>O cons\u00f3rcio Eco153, composto pela Ecorodovias (ECOR3) e pela GLP, arrematou o trecho da rodovia BR-153\/414\/080, que liga Tocantins e Goi\u00e1s, em leil\u00e3o nessa quinta-feira (29). Na an\u00e1lise do Goldman Sachs, o porte do projeto implica em um risco de execu\u00e7\u00e3o enquanto oferece uma oportunidade de cria\u00e7\u00e3o de valor significativo. Governo Lula deve rever modelo [&hellip;]<\/p>\n","protected":false},"author":35,"featured_media":143641,"comment_status":"closed","ping_status":"closed","sticky":false,"template":"","format":"standard","meta":[],"categories":[64],"tags":[452,105816,775],"suno_strategy":[],"class_list":["post-143615","post","type-post","status-publish","format-standard","has-post-thumbnail","hentry","category-negocios","tag-ecorodovias-ecor3","tag-especialistas","tag-goldman-sachs-gsgi34"],"yoast_head":"<!-- This site is optimized with the Yoast SEO plugin v24.4 - https:\/\/yoast.com\/wordpress\/plugins\/seo\/ -->\n<title>Ecorodovias (ECOR3) tem na BR-153 uma faca de dois gumes<\/title>\n<meta name=\"description\" content=\"Para o Goldman Sachs, a BR-153 implica em risco de execu\u00e7\u00e3o para a Ecorodovias (ECOR3), mas oferece chance de cria\u00e7\u00e3o de valor significativo.\" \/>\n<meta name=\"robots\" content=\"index, follow, max-snippet:-1, max-image-preview:large, max-video-preview:-1\" \/>\n<link rel=\"canonical\" href=\"https:\/\/www.suno.com.br\/noticias\/ecorodovias-ecor3-br153-faca-dois-gumes\/\" \/>\n<meta property=\"og:locale\" content=\"pt_BR\" \/>\n<meta property=\"og:type\" content=\"article\" \/>\n<meta property=\"og:title\" content=\"Ecorodovias (ECOR3) tem na BR-153 uma faca de dois gumes\" \/>\n<meta property=\"og:description\" content=\"Para o Goldman Sachs, a BR-153 implica em risco de execu\u00e7\u00e3o para a Ecorodovias (ECOR3), mas oferece chance de cria\u00e7\u00e3o de valor significativo.\" \/>\n<meta property=\"og:url\" content=\"https:\/\/www.suno.com.br\/noticias\/ecorodovias-ecor3-br153-faca-dois-gumes\/\" \/>\n<meta property=\"og:site_name\" content=\"Suno Not\u00edcias\" \/>\n<meta property=\"article:publisher\" content=\"https:\/\/facebook.com\/sunoresearch\" \/>\n<meta property=\"og:image\" content=\"https:\/\/files.sunoresearch.com.br\/n\/uploads\/2021\/04\/624df08c-road-5089188_1280.jpg\" \/>\n\t<meta property=\"og:image:width\" content=\"1280\" \/>\n\t<meta property=\"og:image:height\" content=\"859\" \/>\n\t<meta property=\"og:image:type\" content=\"image\/jpeg\" \/>\n<meta name=\"author\" content=\"Arthur Guimar\u00e3es\" \/>\n<meta name=\"twitter:card\" content=\"summary_large_image\" \/>\n<meta name=\"twitter:creator\" content=\"@sunoresearch\" \/>\n<meta name=\"twitter:site\" content=\"@sunoresearch\" \/>\n<meta name=\"twitter:label1\" content=\"Escrito por\" \/>\n\t<meta name=\"twitter:data1\" content=\"Arthur Guimar\u00e3es\" \/>\n\t<meta name=\"twitter:label2\" content=\"Est. tempo de leitura\" \/>\n\t<meta name=\"twitter:data2\" content=\"2 minutos\" \/>\n<script type=\"application\/ld+json\" class=\"yoast-schema-graph\">{\"@context\":\"https:\/\/schema.org\",\"@graph\":[{\"@type\":\"NewsArticle\",\"@id\":\"https:\/\/www.suno.com.br\/noticias\/ecorodovias-ecor3-br153-faca-dois-gumes\/#article\",\"isPartOf\":{\"@id\":\"https:\/\/www.suno.com.br\/noticias\/ecorodovias-ecor3-br153-faca-dois-gumes\/\"},\"author\":{\"name\":\"Arthur Guimar\u00e3es\",\"@id\":\"https:\/\/www.suno.com.br\/noticias\/#\/schema\/person\/053a750a709a263919a20f976caae91c\"},\"headline\":\"Ecorodovias (ECOR3) tem na BR-153 uma faca de dois gumes\",\"datePublished\":\"2021-04-29T22:09:21+00:00\",\"mainEntityOfPage\":{\"@id\":\"https:\/\/www.suno.com.br\/noticias\/ecorodovias-ecor3-br153-faca-dois-gumes\/\"},\"wordCount\":378,\"publisher\":{\"@id\":\"https:\/\/www.suno.com.br\/noticias\/#organization\"},\"image\":{\"@id\":\"https:\/\/www.suno.com.br\/noticias\/ecorodovias-ecor3-br153-faca-dois-gumes\/#primaryimage\"},\"thumbnailUrl\":\"https:\/\/files.sunoresearch.com.br\/n\/uploads\/2021\/04\/624df08c-road-5089188_1280-jpg.webp\",\"keywords\":[\"Ecorodovias (ECOR3)\",\"Especialistas\",\"Goldman Sachs (GSGI34)\"],\"articleSection\":[\"Neg\u00f3cios\"],\"inLanguage\":\"pt-BR\"},{\"@type\":\"WebPage\",\"@id\":\"https:\/\/www.suno.com.br\/noticias\/ecorodovias-ecor3-br153-faca-dois-gumes\/\",\"url\":\"https:\/\/www.suno.com.br\/noticias\/ecorodovias-ecor3-br153-faca-dois-gumes\/\",\"name\":\"Ecorodovias (ECOR3) tem na BR-153 uma faca de dois gumes\",\"isPartOf\":{\"@id\":\"https:\/\/www.suno.com.br\/noticias\/#website\"},\"primaryImageOfPage\":{\"@id\":\"https:\/\/www.suno.com.br\/noticias\/ecorodovias-ecor3-br153-faca-dois-gumes\/#primaryimage\"},\"image\":{\"@id\":\"https:\/\/www.suno.com.br\/noticias\/ecorodovias-ecor3-br153-faca-dois-gumes\/#primaryimage\"},\"thumbnailUrl\":\"https:\/\/files.sunoresearch.com.br\/n\/uploads\/2021\/04\/624df08c-road-5089188_1280-jpg.webp\",\"datePublished\":\"2021-04-29T22:09:21+00:00\",\"description\":\"Para o Goldman Sachs, a BR-153 implica em risco de execu\u00e7\u00e3o para a Ecorodovias (ECOR3), mas oferece chance de cria\u00e7\u00e3o de valor significativo.\",\"breadcrumb\":{\"@id\":\"https:\/\/www.suno.com.br\/noticias\/ecorodovias-ecor3-br153-faca-dois-gumes\/#breadcrumb\"},\"inLanguage\":\"pt-BR\",\"potentialAction\":[{\"@type\":\"ReadAction\",\"target\":[\"https:\/\/www.suno.com.br\/noticias\/ecorodovias-ecor3-br153-faca-dois-gumes\/\"]}]},{\"@type\":\"ImageObject\",\"inLanguage\":\"pt-BR\",\"@id\":\"https:\/\/www.suno.com.br\/noticias\/ecorodovias-ecor3-br153-faca-dois-gumes\/#primaryimage\",\"url\":\"https:\/\/files.sunoresearch.com.br\/n\/uploads\/2021\/04\/624df08c-road-5089188_1280-jpg.webp\",\"contentUrl\":\"https:\/\/files.sunoresearch.com.br\/n\/uploads\/2021\/04\/624df08c-road-5089188_1280-jpg.webp\",\"width\":1280,\"height\":859,\"caption\":\"Governo Lula deve rever modelo de concess\u00e3o de rodovias. Foto: Pixabay\"},{\"@type\":\"BreadcrumbList\",\"@id\":\"https:\/\/www.suno.com.br\/noticias\/ecorodovias-ecor3-br153-faca-dois-gumes\/#breadcrumb\",\"itemListElement\":[{\"@type\":\"ListItem\",\"position\":1,\"name\":\"Not\u00edcias\",\"item\":\"https:\/\/www.suno.com.br\/noticias\/\"},{\"@type\":\"ListItem\",\"position\":2,\"name\":\"Neg\u00f3cios\",\"item\":\"https:\/\/www.suno.com.br\/noticias\/negocios\/\"},{\"@type\":\"ListItem\",\"position\":3,\"name\":\"Ecorodovias (ECOR3) tem na BR-153 uma faca de dois gumes\"}]},{\"@type\":\"WebSite\",\"@id\":\"https:\/\/www.suno.com.br\/noticias\/#website\",\"url\":\"https:\/\/www.suno.com.br\/noticias\/\",\"name\":\"Suno Not\u00edcias\",\"description\":\"Seu portal de informa\u00e7\u00e3o sobre o mundo dos investimentos\",\"publisher\":{\"@id\":\"https:\/\/www.suno.com.br\/noticias\/#organization\"},\"potentialAction\":[{\"@type\":\"SearchAction\",\"target\":{\"@type\":\"EntryPoint\",\"urlTemplate\":\"https:\/\/www.suno.com.br\/noticias\/?s={search_term_string}\"},\"query-input\":{\"@type\":\"PropertyValueSpecification\",\"valueRequired\":true,\"valueName\":\"search_term_string\"}}],\"inLanguage\":\"pt-BR\"},{\"@type\":\"Organization\",\"@id\":\"https:\/\/www.suno.com.br\/noticias\/#organization\",\"name\":\"Suno Not\u00edcias\",\"url\":\"https:\/\/www.suno.com.br\/noticias\/\",\"logo\":{\"@type\":\"ImageObject\",\"inLanguage\":\"pt-BR\",\"@id\":\"https:\/\/www.suno.com.br\/noticias\/#\/schema\/logo\/image\/\",\"url\":\"https:\/\/files.sunoresearch.com.br\/n\/uploads\/2021\/09\/suno-logo.png\",\"contentUrl\":\"https:\/\/files.sunoresearch.com.br\/n\/uploads\/2021\/09\/suno-logo.png\",\"width\":180,\"height\":180,\"caption\":\"Suno Not\u00edcias\"},\"image\":{\"@id\":\"https:\/\/www.suno.com.br\/noticias\/#\/schema\/logo\/image\/\"},\"sameAs\":[\"https:\/\/facebook.com\/sunoresearch\",\"https:\/\/x.com\/sunoresearch\",\"https:\/\/www.instagram.com\/suno\",\"https:\/\/www.linkedin.com\/company\/suno-research\/\",\"https:\/\/www.youtube.com\/c\/sunoresearch\"]},{\"@type\":\"Person\",\"@id\":\"https:\/\/www.suno.com.br\/noticias\/#\/schema\/person\/053a750a709a263919a20f976caae91c\",\"name\":\"Arthur Guimar\u00e3es\",\"image\":{\"@type\":\"ImageObject\",\"inLanguage\":\"pt-BR\",\"@id\":\"https:\/\/www.suno.com.br\/noticias\/#\/schema\/person\/image\/\",\"url\":\"https:\/\/secure.gravatar.com\/avatar\/1affd86a11209ae09eb6dd3bcad3e96c?s=96&r=g\",\"contentUrl\":\"https:\/\/secure.gravatar.com\/avatar\/1affd86a11209ae09eb6dd3bcad3e96c?s=96&r=g\",\"caption\":\"Arthur Guimar\u00e3es\"},\"description\":\"Arthur Guimar\u00e3es escreve sobre pol\u00edtica, economia e neg\u00f3cios para o portal de not\u00edcias da Suno Research. Atualmente, \u00e9 estudante de jornalismo pela Faculdade C\u00e1sper L\u00edbero.\",\"url\":\"https:\/\/www.suno.com.br\/noticias\/author\/arthur-guimaraes\/\"}]}<\/script>\n<!-- \/ Yoast SEO plugin. -->","yoast_head_json":{"title":"Ecorodovias (ECOR3) tem na BR-153 uma faca de dois gumes","description":"Para o Goldman Sachs, a BR-153 implica em risco de execu\u00e7\u00e3o para a Ecorodovias (ECOR3), mas oferece chance de cria\u00e7\u00e3o de valor significativo.","robots":{"index":"index","follow":"follow","max-snippet":"max-snippet:-1","max-image-preview":"max-image-preview:large","max-video-preview":"max-video-preview:-1"},"canonical":"https:\/\/www.suno.com.br\/noticias\/ecorodovias-ecor3-br153-faca-dois-gumes\/","og_locale":"pt_BR","og_type":"article","og_title":"Ecorodovias (ECOR3) tem na BR-153 uma faca de dois gumes","og_description":"Para o Goldman Sachs, a BR-153 implica em risco de execu\u00e7\u00e3o para a Ecorodovias (ECOR3), mas oferece chance de cria\u00e7\u00e3o de valor significativo.","og_url":"https:\/\/www.suno.com.br\/noticias\/ecorodovias-ecor3-br153-faca-dois-gumes\/","og_site_name":"Suno Not\u00edcias","article_publisher":"https:\/\/facebook.com\/sunoresearch","og_image":[{"width":1280,"height":859,"url":"https:\/\/files.sunoresearch.com.br\/n\/uploads\/2021\/04\/624df08c-road-5089188_1280.jpg","type":"image\/jpeg"}],"author":"Arthur Guimar\u00e3es","twitter_card":"summary_large_image","twitter_creator":"@sunoresearch","twitter_site":"@sunoresearch","twitter_misc":{"Escrito por":"Arthur Guimar\u00e3es","Est. tempo de leitura":"2 minutos"},"schema":{"@context":"https:\/\/schema.org","@graph":[{"@type":"NewsArticle","@id":"https:\/\/www.suno.com.br\/noticias\/ecorodovias-ecor3-br153-faca-dois-gumes\/#article","isPartOf":{"@id":"https:\/\/www.suno.com.br\/noticias\/ecorodovias-ecor3-br153-faca-dois-gumes\/"},"author":{"name":"Arthur Guimar\u00e3es","@id":"https:\/\/www.suno.com.br\/noticias\/#\/schema\/person\/053a750a709a263919a20f976caae91c"},"headline":"Ecorodovias (ECOR3) tem na BR-153 uma faca de dois gumes","datePublished":"2021-04-29T22:09:21+00:00","mainEntityOfPage":{"@id":"https:\/\/www.suno.com.br\/noticias\/ecorodovias-ecor3-br153-faca-dois-gumes\/"},"wordCount":378,"publisher":{"@id":"https:\/\/www.suno.com.br\/noticias\/#organization"},"image":{"@id":"https:\/\/www.suno.com.br\/noticias\/ecorodovias-ecor3-br153-faca-dois-gumes\/#primaryimage"},"thumbnailUrl":"https:\/\/files.sunoresearch.com.br\/n\/uploads\/2021\/04\/624df08c-road-5089188_1280-jpg.webp","keywords":["Ecorodovias (ECOR3)","Especialistas","Goldman Sachs (GSGI34)"],"articleSection":["Neg\u00f3cios"],"inLanguage":"pt-BR"},{"@type":"WebPage","@id":"https:\/\/www.suno.com.br\/noticias\/ecorodovias-ecor3-br153-faca-dois-gumes\/","url":"https:\/\/www.suno.com.br\/noticias\/ecorodovias-ecor3-br153-faca-dois-gumes\/","name":"Ecorodovias (ECOR3) tem na BR-153 uma faca de dois gumes","isPartOf":{"@id":"https:\/\/www.suno.com.br\/noticias\/#website"},"primaryImageOfPage":{"@id":"https:\/\/www.suno.com.br\/noticias\/ecorodovias-ecor3-br153-faca-dois-gumes\/#primaryimage"},"image":{"@id":"https:\/\/www.suno.com.br\/noticias\/ecorodovias-ecor3-br153-faca-dois-gumes\/#primaryimage"},"thumbnailUrl":"https:\/\/files.sunoresearch.com.br\/n\/uploads\/2021\/04\/624df08c-road-5089188_1280-jpg.webp","datePublished":"2021-04-29T22:09:21+00:00","description":"Para o Goldman Sachs, a BR-153 implica em risco de execu\u00e7\u00e3o para a Ecorodovias (ECOR3), mas oferece chance de cria\u00e7\u00e3o de valor significativo.","breadcrumb":{"@id":"https:\/\/www.suno.com.br\/noticias\/ecorodovias-ecor3-br153-faca-dois-gumes\/#breadcrumb"},"inLanguage":"pt-BR","potentialAction":[{"@type":"ReadAction","target":["https:\/\/www.suno.com.br\/noticias\/ecorodovias-ecor3-br153-faca-dois-gumes\/"]}]},{"@type":"ImageObject","inLanguage":"pt-BR","@id":"https:\/\/www.suno.com.br\/noticias\/ecorodovias-ecor3-br153-faca-dois-gumes\/#primaryimage","url":"https:\/\/files.sunoresearch.com.br\/n\/uploads\/2021\/04\/624df08c-road-5089188_1280-jpg.webp","contentUrl":"https:\/\/files.sunoresearch.com.br\/n\/uploads\/2021\/04\/624df08c-road-5089188_1280-jpg.webp","width":1280,"height":859,"caption":"Governo Lula deve rever modelo de concess\u00e3o de rodovias. Foto: Pixabay"},{"@type":"BreadcrumbList","@id":"https:\/\/www.suno.com.br\/noticias\/ecorodovias-ecor3-br153-faca-dois-gumes\/#breadcrumb","itemListElement":[{"@type":"ListItem","position":1,"name":"Not\u00edcias","item":"https:\/\/www.suno.com.br\/noticias\/"},{"@type":"ListItem","position":2,"name":"Neg\u00f3cios","item":"https:\/\/www.suno.com.br\/noticias\/negocios\/"},{"@type":"ListItem","position":3,"name":"Ecorodovias (ECOR3) tem na BR-153 uma faca de dois gumes"}]},{"@type":"WebSite","@id":"https:\/\/www.suno.com.br\/noticias\/#website","url":"https:\/\/www.suno.com.br\/noticias\/","name":"Suno Not\u00edcias","description":"Seu portal de informa\u00e7\u00e3o sobre o mundo dos investimentos","publisher":{"@id":"https:\/\/www.suno.com.br\/noticias\/#organization"},"potentialAction":[{"@type":"SearchAction","target":{"@type":"EntryPoint","urlTemplate":"https:\/\/www.suno.com.br\/noticias\/?s={search_term_string}"},"query-input":{"@type":"PropertyValueSpecification","valueRequired":true,"valueName":"search_term_string"}}],"inLanguage":"pt-BR"},{"@type":"Organization","@id":"https:\/\/www.suno.com.br\/noticias\/#organization","name":"Suno Not\u00edcias","url":"https:\/\/www.suno.com.br\/noticias\/","logo":{"@type":"ImageObject","inLanguage":"pt-BR","@id":"https:\/\/www.suno.com.br\/noticias\/#\/schema\/logo\/image\/","url":"https:\/\/files.sunoresearch.com.br\/n\/uploads\/2021\/09\/suno-logo.png","contentUrl":"https:\/\/files.sunoresearch.com.br\/n\/uploads\/2021\/09\/suno-logo.png","width":180,"height":180,"caption":"Suno Not\u00edcias"},"image":{"@id":"https:\/\/www.suno.com.br\/noticias\/#\/schema\/logo\/image\/"},"sameAs":["https:\/\/facebook.com\/sunoresearch","https:\/\/x.com\/sunoresearch","https:\/\/www.instagram.com\/suno","https:\/\/www.linkedin.com\/company\/suno-research\/","https:\/\/www.youtube.com\/c\/sunoresearch"]},{"@type":"Person","@id":"https:\/\/www.suno.com.br\/noticias\/#\/schema\/person\/053a750a709a263919a20f976caae91c","name":"Arthur Guimar\u00e3es","image":{"@type":"ImageObject","inLanguage":"pt-BR","@id":"https:\/\/www.suno.com.br\/noticias\/#\/schema\/person\/image\/","url":"https:\/\/secure.gravatar.com\/avatar\/1affd86a11209ae09eb6dd3bcad3e96c?s=96&r=g","contentUrl":"https:\/\/secure.gravatar.com\/avatar\/1affd86a11209ae09eb6dd3bcad3e96c?s=96&r=g","caption":"Arthur Guimar\u00e3es"},"description":"Arthur Guimar\u00e3es escreve sobre pol\u00edtica, economia e neg\u00f3cios para o portal de not\u00edcias da Suno Research. Atualmente, \u00e9 estudante de jornalismo pela Faculdade C\u00e1sper L\u00edbero.","url":"https:\/\/www.suno.com.br\/noticias\/author\/arthur-guimaraes\/"}]}},"default_loop_html":"<div class=\"cardsPage__listCard__boxs\"><div class=\"cardsPage__listCard__boxs__img\"><a href=\"https:\/\/www.suno.com.br\/noticias\/ecorodovias-ecor3-br153-faca-dois-gumes\/\"><img class=\"mask\" src=\"https:\/\/www.suno.com.br\/noticias\/wp-content\/themes\/suno\/resources\/images\/spotlight\/spotlight1img\/bg-mask.png\" alt=\"Image Mask\"\/><img src=\"https:\/\/files.sunoresearch.com.br\/n\/uploads\/2021\/04\/624df08c-road-5089188_1280-400x200.webp\" alt=\"Ecorodovias (ECOR3) tem na BR-153 uma faca de dois gumes\"\/><\/a><span class=\"spotlightCategory\"><a href=\"https:\/\/www.suno.com.br\/noticias\/negocios\/\">Neg\u00f3cios<\/a><\/span><\/div><div class=\"cardsPage__listCard__boxs__content\"><a href=\"https:\/\/www.suno.com.br\/noticias\/ecorodovias-ecor3-br153-faca-dois-gumes\/\"><h2 class=\"content__title\">Ecorodovias (ECOR3) tem na BR-153 uma faca de dois gumes<\/h2><\/a><div class=\"newsContent__article__meta\"><div class=\"newsContent__article__meta__authorBox\"><a href=\"https:\/\/www.suno.com.br\/noticias\/author\/arthur-guimaraes\/\" class=\"authorBox__avatar noMobi\"><img src=\"https:\/\/files.sunoresearch.com.br\/n\/uploads\/2020\/02\/dfb40897-eu-150x150.webp\" alt=\"Arthur Guimar\u00e3es\"><\/a><div class=\"authorBox__name\"><span>por\n\t\t\t<a href=\"https:\/\/www.suno.com.br\/noticias\/author\/arthur-guimaraes\/\"><span itemprop=\"author\">Arthur Guimar\u00e3es<\/span><\/a><\/span><time datetime=\"2021-04-29T19:09:21-03:00\" itemprop=\"datePublished\">29\/04\/2021 19:09<\/time><\/div><\/div><\/div><\/div><\/div>","single_layout":"posts","amp_enabled":true,"_links":{"self":[{"href":"https:\/\/www.suno.com.br\/noticias\/wp-json\/wp\/v2\/posts\/143615"}],"collection":[{"href":"https:\/\/www.suno.com.br\/noticias\/wp-json\/wp\/v2\/posts"}],"about":[{"href":"https:\/\/www.suno.com.br\/noticias\/wp-json\/wp\/v2\/types\/post"}],"author":[{"embeddable":true,"href":"https:\/\/www.suno.com.br\/noticias\/wp-json\/wp\/v2\/users\/35"}],"replies":[{"embeddable":true,"href":"https:\/\/www.suno.com.br\/noticias\/wp-json\/wp\/v2\/comments?post=143615"}],"version-history":[{"count":1,"href":"https:\/\/www.suno.com.br\/noticias\/wp-json\/wp\/v2\/posts\/143615\/revisions"}],"predecessor-version":[{"id":143642,"href":"https:\/\/www.suno.com.br\/noticias\/wp-json\/wp\/v2\/posts\/143615\/revisions\/143642"}],"wp:featuredmedia":[{"embeddable":true,"href":"https:\/\/www.suno.com.br\/noticias\/wp-json\/wp\/v2\/media\/143641"}],"wp:attachment":[{"href":"https:\/\/www.suno.com.br\/noticias\/wp-json\/wp\/v2\/media?parent=143615"}],"wp:term":[{"taxonomy":"category","embeddable":true,"href":"https:\/\/www.suno.com.br\/noticias\/wp-json\/wp\/v2\/categories?post=143615"},{"taxonomy":"post_tag","embeddable":true,"href":"https:\/\/www.suno.com.br\/noticias\/wp-json\/wp\/v2\/tags?post=143615"},{"taxonomy":"suno_strategy","embeddable":true,"href":"https:\/\/www.suno.com.br\/noticias\/wp-json\/wp\/v2\/suno_strategy?post=143615"}],"curies":[{"name":"wp","href":"https:\/\/api.w.org\/{rel}","templated":true}]}}