{"id":143436,"date":"2021-04-29T14:15:59","date_gmt":"2021-04-29T17:15:59","guid":{"rendered":"https:\/\/www.suno.com.br\/noticias\/?p=143436"},"modified":"2021-05-10T22:40:54","modified_gmt":"2021-05-11T01:40:54","slug":"deputados-do-rio-de-janeiro-suspendem-leilao-da-cedae","status":"publish","type":"post","link":"https:\/\/www.suno.com.br\/noticias\/deputados-do-rio-de-janeiro-suspendem-leilao-da-cedae\/","title":{"rendered":"Deputados do Rio de Janeiro suspendem leil\u00e3o da Cedae"},"content":{"rendered":"<p>A Assembleia Legislativa do Rio de Janeiro (Alerj) votou, nesta quinta-feira (29), pela suspens\u00e3o do leil\u00e3o da Companhia Estadual de \u00c1guas e Esgoto, a <strong>Cedae, <\/strong>que estava previsto para acontecer amanh\u00e3.<\/p>\t<div class=\"wrapper-featured-image\">\n\t\t<figure class=\"spotlightImg\">\n\n\t\t\t<picture>\n\t\t\t\t<source media=\"(max-width: 768px)\" srcset=\"https:\/\/files.sunoresearch.com.br\/n\/uploads\/2021\/04\/d2463232-cedae-400x200.webp\">\n\t\t\t\t<img loading=\"lazy\" decoding=\"async\" class=\"newsContent__article__imgCapa lazyloadDisabled \" src=\"https:\/\/files.sunoresearch.com.br\/n\/uploads\/2021\/04\/d2463232-cedae-800x450.webp\" width=\"800\" height=\"450\" alt=\"Deputados do Rio de Janeiro suspendem leil\u00e3o da Cedae\" fetchpriority=high \/>\n\t\t\t<\/picture>\n\n\t\t\t<figcaption class=\"wp-caption-text wp-caption-text--show\">Foto: Reprodu\u00e7\u00e3o Facebook<\/figcaption>\n\t\t<\/figure>\n\t<\/div>\n\n\n<p><span style=\"font-weight: 400;\">\t<p>\n\t\t<a href=\"https:\/\/lp.suno.com.br\/planilha-controle-gastos\/\" target=\"_blank\" data-element=\"shortcode-suno-banner\" title=\"Banner SUNO, clique e saiba mais\">\n\t\t\t<picture>\n\t\t\t\t<source media=\"(max-width: 500px)\" srcset=\"https:\/\/files.sunoresearch.com.br\/n\/uploads\/2023\/03\/400x300-Planilha-controle-de-gastos.png\">\n\t\t\t\t<img class=\"newsContent__article__imgCapa newsContent__article__imgCapa--banner\"\n\t\t\t\t\tsrc=\"https:\/\/files.sunoresearch.com.br\/n\/uploads\/2023\/03\/1420x240-Planilha-controle-de-gastos.png\"\n\t\t\t\t\tdata-promo-id=\"101751\"\t\t\t\t\t\t\t\t\t\twidth='1420' height='240'\t\t\t\t\talt=\"https:\/\/files.sunoresearch.com.br\/n\/uploads\/2023\/03\/1420x240-Planilha-controle-de-gastos.png\"\n\t\t\t\t>\n\t\t\t<\/picture>\n\t\t<\/a>\n\t<\/p>\n\n<\/span><\/p>\n<p>O presidente da Assembleia Legislativa do Rio de Janeiro, Andr\u00e9 Ceciliano, do PT, j\u00e1 havia anunciado que colocaria o Projeto de Decreto Legislativo (PDL) de suspens\u00e3o do leil\u00e3o da Cedae em vota\u00e7\u00e3o. A inten\u00e7\u00e3o dos deputados \u00e9 que a <strong>concess\u00e3o seja feita apenas quando o Minist\u00e9rio da Economia assinar a renova\u00e7\u00e3o do Regime de Recupera\u00e7\u00e3o Fiscal<\/strong> (RRF) do estado.<\/p>\n<p>Assinado em 2017, o RRF tem prazo de tr\u00eas anos, renov\u00e1vel por igual per\u00edodo &#8211; a Uni\u00e3o, em 2020, por\u00e9m, considerou que o Rio de Janeiro descumpriu as cl\u00e1usulas do acordo e afirmou que a renova\u00e7\u00e3o n\u00e3o seria autom\u00e1tica.<\/p>\n<p><a href=\"https:\/\/lp.suno.com.br\/suno-one\/?ppp=noticias\/hospital-care-pedido-ipo-cvm\/\"><b>Suno One: acesse gratuitamente eBooks, Minicursos, Artigos e V\u00eddeo Aulas sobre investimentos com um \u00fanico cadastro. Clique para saber mais!<\/b><\/a><\/p>\n<p>Luiz Fux, ministro do Supremo Tribunal Federal, assegurou ao estado a continuidade das condi\u00e7\u00f5es de pagamento antigas do RRF. Em janeiro deste ano, entretanto, o Governo Federal conseguiu aprovar no congresso um novo texto, que segundo os legisladores cariocas \u00e9 muito mais exigente, contando com, por exemplo, a proibi\u00e7\u00e3o da realiza\u00e7\u00e3o de concursos p\u00fablicos por um per\u00edodo de at\u00e9 nove anos.<\/p>\n<h2>Deputados cariocas querem garantias pelo RRF antes de leil\u00e3o da Cedae<\/h2>\n<p>A vota\u00e7\u00e3o pelo cancelamento do leil\u00e3o da Cedae na Alerj contou com 34 votos e duas absten\u00e7\u00f5es. Com isso, o processo fica suspenso, uma vez que para a sua total dilui\u00e7\u00e3o eram necess\u00e1rios 36 votos.<\/p>\n<p>Os deputados governistas eram a favor da realiza\u00e7\u00e3o do leil\u00e3o da Cedae e tentaram manobrar para impedir a vota\u00e7\u00e3o do PDL, se ausentando do plen\u00e1rio, buscando a falta do qu\u00f3rum necess\u00e1rio para iniciar a vota\u00e7\u00e3o. A estrat\u00e9gia, por\u00e9m, deu errado e eles tiveram de voltar \u00e0 assembleia.<\/p>\n<p><span style=\"font-weight: 400;\">\t<p>\n\t\t<a href=\"https:\/\/lp.suno.com.br\/planilha-da-vida-financeira\/\" target=\"_blank\" data-element=\"shortcode-suno-banner\" title=\"Banner SUNO, clique e saiba mais\">\n\t\t\t<picture>\n\t\t\t\t<source media=\"(max-width: 500px)\" srcset=\"https:\/\/files.sunoresearch.com.br\/n\/uploads\/2023\/04\/400x300-Planilha-vida-financeira-true.png\">\n\t\t\t\t<img class=\"newsContent__article__imgCapa newsContent__article__imgCapa--banner\"\n\t\t\t\t\tsrc=\"https:\/\/files.sunoresearch.com.br\/n\/uploads\/2023\/04\/1420x240-Planilha-vida-financeira-true.png\"\n\t\t\t\t\tdata-promo-id=\"106682\"\t\t\t\t\t\t\t\t\t\twidth='1420' height='240'\t\t\t\t\talt=\"https:\/\/files.sunoresearch.com.br\/n\/uploads\/2023\/04\/1420x240-Planilha-vida-financeira-true.png\"\n\t\t\t\t>\n\t\t\t<\/picture>\n\t\t<\/a>\n\t<\/p>\n\n<\/span><\/p>\n<p>&#8220;A mensagem \u00e9 p\u00e9ssima para os investidores interessados, mas n\u00e3o \u00e9 um cancelamento final. \u00c9 uma quest\u00e3o ligada \u00e0 recupera\u00e7\u00e3o fiscal do estado do Rio de Janeiro e nem tanto com a modelagem existente para a Cedae em si. \u00c9 o efeito de uma briga pol\u00edtica, mas n\u00e3o h\u00e1 uma justificativa t\u00e9cnica para impedir a privatiza\u00e7\u00e3o&#8221; explica Edson Gon\u00e7alves, professor do Centro de Estudos e Regula\u00e7\u00e3o em Infraestrutura da FGV.<\/p>\n<p>Quatro grupos apresentaram propostas por blocos de mun\u00edcipios da Cedae: um cons\u00f3rcio liderado pela Aegea Saneamento, que conta com participa\u00e7\u00e3o da <a href=\"https:\/\/www.suno.com.br\/acoes\/itsa4\/\">Ita\u00fasa (ITSA4)<\/a>; um cons\u00f3rcio formado pela BRK Ambiental e \u00c1guas do Brasil; um com a <a href=\"https:\/\/www.suno.com.br\/acoes\/sbsp3\/\">Sabesp (SBSP3)<\/a> e\u00a0 Igu\u00e1 Saneamento e o cons\u00f3rcio formado pela <a href=\"https:\/\/www.suno.com.br\/acoes\/eqtl3\/\">Equatorial Energia (EQTL3)<\/a> e pela Sonel.<\/p>\n<p>Segundo Gon\u00e7alves, o atraso, ou o poss\u00edvel cancelamento do leil\u00e3o da <strong>Cedae<\/strong>, impacta principalmente, a popula\u00e7\u00e3o. &#8220;A popula\u00e7\u00e3o teria um servi\u00e7o de maior qualidade, com uma empresa comprometida com metas e cobrada por isso. Aceleraria tamb\u00e9m provavelmente a universaliza\u00e7\u00e3o do servi\u00e7o&#8221;, completa.<\/p>\n<p><span style=\"font-weight: 400;\">\t<p>\n\t\t<a href=\"https:\/\/lp.suno.com.br\/planilha-de-controle-de-investimentos\/\" target=\"_blank\" data-element=\"shortcode-suno-banner\" title=\"Banner SUNO, clique e saiba mais\">\n\t\t\t<picture>\n\t\t\t\t<source media=\"(max-width: 500px)\" srcset=\"https:\/\/files.sunoresearch.com.br\/n\/uploads\/2023\/03\/400x300-Controle-de-Investimentos.png\">\n\t\t\t\t<img class=\"newsContent__article__imgCapa newsContent__article__imgCapa--banner\"\n\t\t\t\t\tsrc=\"https:\/\/files.sunoresearch.com.br\/n\/uploads\/2023\/03\/1420x240-Controle-de-Investimentos.png\"\n\t\t\t\t\tdata-promo-id=\"75934\"\t\t\t\t\t\t\t\t\t\twidth='1420' height='240'\t\t\t\t\talt=\"https:\/\/files.sunoresearch.com.br\/n\/uploads\/2023\/03\/1420x240-Controle-de-Investimentos.png\"\n\t\t\t\t>\n\t\t\t<\/picture>\n\t\t<\/a>\n\t<\/p>\n\n<\/span><\/p>\n","protected":false},"excerpt":{"rendered":"<p>A Assembleia Legislativa do Rio de Janeiro (Alerj) votou, nesta quinta-feira (29), pela suspens\u00e3o do leil\u00e3o da Companhia Estadual de \u00c1guas e Esgoto, a Cedae, que estava previsto para acontecer amanh\u00e3. Foto: Reprodu\u00e7\u00e3o Facebook O presidente da Assembleia Legislativa do Rio de Janeiro, Andr\u00e9 Ceciliano, do PT, j\u00e1 havia anunciado que colocaria o Projeto de [&hellip;]<\/p>\n","protected":false},"author":59,"featured_media":143459,"comment_status":"closed","ping_status":"closed","sticky":false,"template":"","format":"standard","meta":[],"categories":[64],"tags":[95241,105039,105816,517,621,12552],"suno_strategy":[],"class_list":["post-143436","post","type-post","status-publish","format-standard","has-post-thumbnail","hentry","category-negocios","tag-cedae","tag-equatorial-eqtl3","tag-especialistas","tag-itausa-itsa3-itsa4","tag-sabesp","tag-sbsp3"],"yoast_head":"<!-- This site is optimized with the Yoast SEO plugin v24.4 - https:\/\/yoast.com\/wordpress\/plugins\/seo\/ -->\n<title>Deputados do Rio de Janeiro suspendem leil\u00e3o da Cedae<\/title>\n<meta name=\"description\" content=\"A Alerj, Assembleia Legislativa do Estado do RJ, decidiu nesta quinta por suspender o leil\u00e3o da Cedae. Clique aqui para saber mais.\" \/>\n<meta name=\"robots\" content=\"index, follow, max-snippet:-1, max-image-preview:large, max-video-preview:-1\" \/>\n<link rel=\"canonical\" href=\"https:\/\/www.suno.com.br\/noticias\/deputados-do-rio-de-janeiro-suspendem-leilao-da-cedae\/\" \/>\n<meta property=\"og:locale\" content=\"pt_BR\" \/>\n<meta property=\"og:type\" content=\"article\" \/>\n<meta property=\"og:title\" content=\"Deputados do Rio de Janeiro suspendem leil\u00e3o da Cedae\" \/>\n<meta property=\"og:description\" content=\"A Alerj, Assembleia Legislativa do Estado do RJ, decidiu nesta quinta por suspender o leil\u00e3o da Cedae. Clique aqui para saber mais.\" \/>\n<meta property=\"og:url\" content=\"https:\/\/www.suno.com.br\/noticias\/deputados-do-rio-de-janeiro-suspendem-leilao-da-cedae\/\" \/>\n<meta property=\"og:site_name\" content=\"Suno Not\u00edcias\" \/>\n<meta property=\"article:publisher\" content=\"https:\/\/facebook.com\/sunoresearch\" \/>\n<meta property=\"og:image\" content=\"https:\/\/files.sunoresearch.com.br\/n\/uploads\/2021\/04\/d2463232-cedae.jpg\" \/>\n\t<meta property=\"og:image:width\" content=\"2048\" \/>\n\t<meta property=\"og:image:height\" content=\"1281\" \/>\n\t<meta property=\"og:image:type\" content=\"image\/jpeg\" \/>\n<meta name=\"author\" content=\"Vitor Azevedo\" \/>\n<meta name=\"twitter:card\" content=\"summary_large_image\" \/>\n<meta name=\"twitter:creator\" content=\"@sunoresearch\" \/>\n<meta name=\"twitter:site\" content=\"@sunoresearch\" \/>\n<meta name=\"twitter:label1\" content=\"Escrito por\" \/>\n\t<meta name=\"twitter:data1\" content=\"Vitor Azevedo\" \/>\n\t<meta name=\"twitter:label2\" content=\"Est. tempo de leitura\" \/>\n\t<meta name=\"twitter:data2\" content=\"3 minutos\" \/>\n<script type=\"application\/ld+json\" class=\"yoast-schema-graph\">{\"@context\":\"https:\/\/schema.org\",\"@graph\":[{\"@type\":\"NewsArticle\",\"@id\":\"https:\/\/www.suno.com.br\/noticias\/deputados-do-rio-de-janeiro-suspendem-leilao-da-cedae\/#article\",\"isPartOf\":{\"@id\":\"https:\/\/www.suno.com.br\/noticias\/deputados-do-rio-de-janeiro-suspendem-leilao-da-cedae\/\"},\"author\":{\"name\":\"Vitor Azevedo\",\"@id\":\"https:\/\/www.suno.com.br\/noticias\/#\/schema\/person\/658d5fbc74d81f265f5df3562d0038ab\"},\"headline\":\"Deputados do Rio de Janeiro suspendem leil\u00e3o da Cedae\",\"datePublished\":\"2021-04-29T17:15:59+00:00\",\"dateModified\":\"2021-05-11T01:40:54+00:00\",\"mainEntityOfPage\":{\"@id\":\"https:\/\/www.suno.com.br\/noticias\/deputados-do-rio-de-janeiro-suspendem-leilao-da-cedae\/\"},\"wordCount\":538,\"publisher\":{\"@id\":\"https:\/\/www.suno.com.br\/noticias\/#organization\"},\"image\":{\"@id\":\"https:\/\/www.suno.com.br\/noticias\/deputados-do-rio-de-janeiro-suspendem-leilao-da-cedae\/#primaryimage\"},\"thumbnailUrl\":\"https:\/\/files.sunoresearch.com.br\/n\/uploads\/2021\/04\/d2463232-cedae-jpg.webp\",\"keywords\":[\"cedae\",\"Equatorial (EQTL3)\",\"Especialistas\",\"Ita\u00fasa (ITSA3\/ITSA4)\",\"Sabesp\",\"SBSP3\"],\"articleSection\":[\"Neg\u00f3cios\"],\"inLanguage\":\"pt-BR\"},{\"@type\":\"WebPage\",\"@id\":\"https:\/\/www.suno.com.br\/noticias\/deputados-do-rio-de-janeiro-suspendem-leilao-da-cedae\/\",\"url\":\"https:\/\/www.suno.com.br\/noticias\/deputados-do-rio-de-janeiro-suspendem-leilao-da-cedae\/\",\"name\":\"Deputados do Rio de Janeiro suspendem leil\u00e3o da Cedae\",\"isPartOf\":{\"@id\":\"https:\/\/www.suno.com.br\/noticias\/#website\"},\"primaryImageOfPage\":{\"@id\":\"https:\/\/www.suno.com.br\/noticias\/deputados-do-rio-de-janeiro-suspendem-leilao-da-cedae\/#primaryimage\"},\"image\":{\"@id\":\"https:\/\/www.suno.com.br\/noticias\/deputados-do-rio-de-janeiro-suspendem-leilao-da-cedae\/#primaryimage\"},\"thumbnailUrl\":\"https:\/\/files.sunoresearch.com.br\/n\/uploads\/2021\/04\/d2463232-cedae-jpg.webp\",\"datePublished\":\"2021-04-29T17:15:59+00:00\",\"dateModified\":\"2021-05-11T01:40:54+00:00\",\"description\":\"A Alerj, Assembleia Legislativa do Estado do RJ, decidiu nesta quinta por suspender o leil\u00e3o da Cedae. Clique aqui para saber mais.\",\"breadcrumb\":{\"@id\":\"https:\/\/www.suno.com.br\/noticias\/deputados-do-rio-de-janeiro-suspendem-leilao-da-cedae\/#breadcrumb\"},\"inLanguage\":\"pt-BR\",\"potentialAction\":[{\"@type\":\"ReadAction\",\"target\":[\"https:\/\/www.suno.com.br\/noticias\/deputados-do-rio-de-janeiro-suspendem-leilao-da-cedae\/\"]}]},{\"@type\":\"ImageObject\",\"inLanguage\":\"pt-BR\",\"@id\":\"https:\/\/www.suno.com.br\/noticias\/deputados-do-rio-de-janeiro-suspendem-leilao-da-cedae\/#primaryimage\",\"url\":\"https:\/\/files.sunoresearch.com.br\/n\/uploads\/2021\/04\/d2463232-cedae-jpg.webp\",\"contentUrl\":\"https:\/\/files.sunoresearch.com.br\/n\/uploads\/2021\/04\/d2463232-cedae-jpg.webp\",\"width\":2048,\"height\":1281,\"caption\":\"Foto: Reprodu\u00e7\u00e3o Facebook\"},{\"@type\":\"BreadcrumbList\",\"@id\":\"https:\/\/www.suno.com.br\/noticias\/deputados-do-rio-de-janeiro-suspendem-leilao-da-cedae\/#breadcrumb\",\"itemListElement\":[{\"@type\":\"ListItem\",\"position\":1,\"name\":\"Not\u00edcias\",\"item\":\"https:\/\/www.suno.com.br\/noticias\/\"},{\"@type\":\"ListItem\",\"position\":2,\"name\":\"Neg\u00f3cios\",\"item\":\"https:\/\/www.suno.com.br\/noticias\/negocios\/\"},{\"@type\":\"ListItem\",\"position\":3,\"name\":\"Deputados do Rio de Janeiro suspendem leil\u00e3o da Cedae\"}]},{\"@type\":\"WebSite\",\"@id\":\"https:\/\/www.suno.com.br\/noticias\/#website\",\"url\":\"https:\/\/www.suno.com.br\/noticias\/\",\"name\":\"Suno Not\u00edcias\",\"description\":\"Seu portal de informa\u00e7\u00e3o sobre o mundo dos investimentos\",\"publisher\":{\"@id\":\"https:\/\/www.suno.com.br\/noticias\/#organization\"},\"potentialAction\":[{\"@type\":\"SearchAction\",\"target\":{\"@type\":\"EntryPoint\",\"urlTemplate\":\"https:\/\/www.suno.com.br\/noticias\/?s={search_term_string}\"},\"query-input\":{\"@type\":\"PropertyValueSpecification\",\"valueRequired\":true,\"valueName\":\"search_term_string\"}}],\"inLanguage\":\"pt-BR\"},{\"@type\":\"Organization\",\"@id\":\"https:\/\/www.suno.com.br\/noticias\/#organization\",\"name\":\"Suno Not\u00edcias\",\"url\":\"https:\/\/www.suno.com.br\/noticias\/\",\"logo\":{\"@type\":\"ImageObject\",\"inLanguage\":\"pt-BR\",\"@id\":\"https:\/\/www.suno.com.br\/noticias\/#\/schema\/logo\/image\/\",\"url\":\"https:\/\/files.sunoresearch.com.br\/n\/uploads\/2021\/09\/suno-logo.png\",\"contentUrl\":\"https:\/\/files.sunoresearch.com.br\/n\/uploads\/2021\/09\/suno-logo.png\",\"width\":180,\"height\":180,\"caption\":\"Suno Not\u00edcias\"},\"image\":{\"@id\":\"https:\/\/www.suno.com.br\/noticias\/#\/schema\/logo\/image\/\"},\"sameAs\":[\"https:\/\/facebook.com\/sunoresearch\",\"https:\/\/x.com\/sunoresearch\",\"https:\/\/www.instagram.com\/suno\",\"https:\/\/www.linkedin.com\/company\/suno-research\/\",\"https:\/\/www.youtube.com\/c\/sunoresearch\"]},{\"@type\":\"Person\",\"@id\":\"https:\/\/www.suno.com.br\/noticias\/#\/schema\/person\/658d5fbc74d81f265f5df3562d0038ab\",\"name\":\"Vitor Azevedo\",\"image\":{\"@type\":\"ImageObject\",\"inLanguage\":\"pt-BR\",\"@id\":\"https:\/\/www.suno.com.br\/noticias\/#\/schema\/person\/image\/\",\"url\":\"https:\/\/secure.gravatar.com\/avatar\/62b86195291b446fe380824eb28b99a5?s=96&r=g\",\"contentUrl\":\"https:\/\/secure.gravatar.com\/avatar\/62b86195291b446fe380824eb28b99a5?s=96&r=g\",\"caption\":\"Vitor Azevedo\"},\"description\":\"Formado em jornalismo pela Unesp, escreve sobre economia e neg\u00f3cios para a Suno Not\u00edcias.\",\"url\":\"https:\/\/www.suno.com.br\/noticias\/author\/vitor-azevedo\/\"}]}<\/script>\n<!-- \/ Yoast SEO plugin. -->","yoast_head_json":{"title":"Deputados do Rio de Janeiro suspendem leil\u00e3o da Cedae","description":"A Alerj, Assembleia Legislativa do Estado do RJ, decidiu nesta quinta por suspender o leil\u00e3o da Cedae. Clique aqui para saber mais.","robots":{"index":"index","follow":"follow","max-snippet":"max-snippet:-1","max-image-preview":"max-image-preview:large","max-video-preview":"max-video-preview:-1"},"canonical":"https:\/\/www.suno.com.br\/noticias\/deputados-do-rio-de-janeiro-suspendem-leilao-da-cedae\/","og_locale":"pt_BR","og_type":"article","og_title":"Deputados do Rio de Janeiro suspendem leil\u00e3o da Cedae","og_description":"A Alerj, Assembleia Legislativa do Estado do RJ, decidiu nesta quinta por suspender o leil\u00e3o da Cedae. Clique aqui para saber mais.","og_url":"https:\/\/www.suno.com.br\/noticias\/deputados-do-rio-de-janeiro-suspendem-leilao-da-cedae\/","og_site_name":"Suno Not\u00edcias","article_publisher":"https:\/\/facebook.com\/sunoresearch","og_image":[{"width":2048,"height":1281,"url":"https:\/\/files.sunoresearch.com.br\/n\/uploads\/2021\/04\/d2463232-cedae.jpg","type":"image\/jpeg"}],"author":"Vitor Azevedo","twitter_card":"summary_large_image","twitter_creator":"@sunoresearch","twitter_site":"@sunoresearch","twitter_misc":{"Escrito por":"Vitor Azevedo","Est. tempo de leitura":"3 minutos"},"schema":{"@context":"https:\/\/schema.org","@graph":[{"@type":"NewsArticle","@id":"https:\/\/www.suno.com.br\/noticias\/deputados-do-rio-de-janeiro-suspendem-leilao-da-cedae\/#article","isPartOf":{"@id":"https:\/\/www.suno.com.br\/noticias\/deputados-do-rio-de-janeiro-suspendem-leilao-da-cedae\/"},"author":{"name":"Vitor Azevedo","@id":"https:\/\/www.suno.com.br\/noticias\/#\/schema\/person\/658d5fbc74d81f265f5df3562d0038ab"},"headline":"Deputados do Rio de Janeiro suspendem leil\u00e3o da Cedae","datePublished":"2021-04-29T17:15:59+00:00","dateModified":"2021-05-11T01:40:54+00:00","mainEntityOfPage":{"@id":"https:\/\/www.suno.com.br\/noticias\/deputados-do-rio-de-janeiro-suspendem-leilao-da-cedae\/"},"wordCount":538,"publisher":{"@id":"https:\/\/www.suno.com.br\/noticias\/#organization"},"image":{"@id":"https:\/\/www.suno.com.br\/noticias\/deputados-do-rio-de-janeiro-suspendem-leilao-da-cedae\/#primaryimage"},"thumbnailUrl":"https:\/\/files.sunoresearch.com.br\/n\/uploads\/2021\/04\/d2463232-cedae-jpg.webp","keywords":["cedae","Equatorial (EQTL3)","Especialistas","Ita\u00fasa (ITSA3\/ITSA4)","Sabesp","SBSP3"],"articleSection":["Neg\u00f3cios"],"inLanguage":"pt-BR"},{"@type":"WebPage","@id":"https:\/\/www.suno.com.br\/noticias\/deputados-do-rio-de-janeiro-suspendem-leilao-da-cedae\/","url":"https:\/\/www.suno.com.br\/noticias\/deputados-do-rio-de-janeiro-suspendem-leilao-da-cedae\/","name":"Deputados do Rio de Janeiro suspendem leil\u00e3o da Cedae","isPartOf":{"@id":"https:\/\/www.suno.com.br\/noticias\/#website"},"primaryImageOfPage":{"@id":"https:\/\/www.suno.com.br\/noticias\/deputados-do-rio-de-janeiro-suspendem-leilao-da-cedae\/#primaryimage"},"image":{"@id":"https:\/\/www.suno.com.br\/noticias\/deputados-do-rio-de-janeiro-suspendem-leilao-da-cedae\/#primaryimage"},"thumbnailUrl":"https:\/\/files.sunoresearch.com.br\/n\/uploads\/2021\/04\/d2463232-cedae-jpg.webp","datePublished":"2021-04-29T17:15:59+00:00","dateModified":"2021-05-11T01:40:54+00:00","description":"A Alerj, Assembleia Legislativa do Estado do RJ, decidiu nesta quinta por suspender o leil\u00e3o da Cedae. Clique aqui para saber mais.","breadcrumb":{"@id":"https:\/\/www.suno.com.br\/noticias\/deputados-do-rio-de-janeiro-suspendem-leilao-da-cedae\/#breadcrumb"},"inLanguage":"pt-BR","potentialAction":[{"@type":"ReadAction","target":["https:\/\/www.suno.com.br\/noticias\/deputados-do-rio-de-janeiro-suspendem-leilao-da-cedae\/"]}]},{"@type":"ImageObject","inLanguage":"pt-BR","@id":"https:\/\/www.suno.com.br\/noticias\/deputados-do-rio-de-janeiro-suspendem-leilao-da-cedae\/#primaryimage","url":"https:\/\/files.sunoresearch.com.br\/n\/uploads\/2021\/04\/d2463232-cedae-jpg.webp","contentUrl":"https:\/\/files.sunoresearch.com.br\/n\/uploads\/2021\/04\/d2463232-cedae-jpg.webp","width":2048,"height":1281,"caption":"Foto: Reprodu\u00e7\u00e3o Facebook"},{"@type":"BreadcrumbList","@id":"https:\/\/www.suno.com.br\/noticias\/deputados-do-rio-de-janeiro-suspendem-leilao-da-cedae\/#breadcrumb","itemListElement":[{"@type":"ListItem","position":1,"name":"Not\u00edcias","item":"https:\/\/www.suno.com.br\/noticias\/"},{"@type":"ListItem","position":2,"name":"Neg\u00f3cios","item":"https:\/\/www.suno.com.br\/noticias\/negocios\/"},{"@type":"ListItem","position":3,"name":"Deputados do Rio de Janeiro suspendem leil\u00e3o da Cedae"}]},{"@type":"WebSite","@id":"https:\/\/www.suno.com.br\/noticias\/#website","url":"https:\/\/www.suno.com.br\/noticias\/","name":"Suno Not\u00edcias","description":"Seu portal de informa\u00e7\u00e3o sobre o mundo dos investimentos","publisher":{"@id":"https:\/\/www.suno.com.br\/noticias\/#organization"},"potentialAction":[{"@type":"SearchAction","target":{"@type":"EntryPoint","urlTemplate":"https:\/\/www.suno.com.br\/noticias\/?s={search_term_string}"},"query-input":{"@type":"PropertyValueSpecification","valueRequired":true,"valueName":"search_term_string"}}],"inLanguage":"pt-BR"},{"@type":"Organization","@id":"https:\/\/www.suno.com.br\/noticias\/#organization","name":"Suno Not\u00edcias","url":"https:\/\/www.suno.com.br\/noticias\/","logo":{"@type":"ImageObject","inLanguage":"pt-BR","@id":"https:\/\/www.suno.com.br\/noticias\/#\/schema\/logo\/image\/","url":"https:\/\/files.sunoresearch.com.br\/n\/uploads\/2021\/09\/suno-logo.png","contentUrl":"https:\/\/files.sunoresearch.com.br\/n\/uploads\/2021\/09\/suno-logo.png","width":180,"height":180,"caption":"Suno Not\u00edcias"},"image":{"@id":"https:\/\/www.suno.com.br\/noticias\/#\/schema\/logo\/image\/"},"sameAs":["https:\/\/facebook.com\/sunoresearch","https:\/\/x.com\/sunoresearch","https:\/\/www.instagram.com\/suno","https:\/\/www.linkedin.com\/company\/suno-research\/","https:\/\/www.youtube.com\/c\/sunoresearch"]},{"@type":"Person","@id":"https:\/\/www.suno.com.br\/noticias\/#\/schema\/person\/658d5fbc74d81f265f5df3562d0038ab","name":"Vitor Azevedo","image":{"@type":"ImageObject","inLanguage":"pt-BR","@id":"https:\/\/www.suno.com.br\/noticias\/#\/schema\/person\/image\/","url":"https:\/\/secure.gravatar.com\/avatar\/62b86195291b446fe380824eb28b99a5?s=96&r=g","contentUrl":"https:\/\/secure.gravatar.com\/avatar\/62b86195291b446fe380824eb28b99a5?s=96&r=g","caption":"Vitor Azevedo"},"description":"Formado em jornalismo pela Unesp, escreve sobre economia e neg\u00f3cios para a Suno Not\u00edcias.","url":"https:\/\/www.suno.com.br\/noticias\/author\/vitor-azevedo\/"}]}},"default_loop_html":"<div class=\"cardsPage__listCard__boxs\"><div class=\"cardsPage__listCard__boxs__img\"><a href=\"https:\/\/www.suno.com.br\/noticias\/deputados-do-rio-de-janeiro-suspendem-leilao-da-cedae\/\"><img class=\"mask\" src=\"https:\/\/www.suno.com.br\/noticias\/wp-content\/themes\/suno\/resources\/images\/spotlight\/spotlight1img\/bg-mask.png\" alt=\"Image Mask\"\/><img src=\"https:\/\/files.sunoresearch.com.br\/n\/uploads\/2021\/04\/d2463232-cedae-400x200.webp\" alt=\"Deputados do Rio de Janeiro suspendem leil\u00e3o da Cedae\"\/><\/a><span class=\"spotlightCategory\"><a href=\"https:\/\/www.suno.com.br\/noticias\/negocios\/\">Neg\u00f3cios<\/a><\/span><\/div><div class=\"cardsPage__listCard__boxs__content\"><a href=\"https:\/\/www.suno.com.br\/noticias\/deputados-do-rio-de-janeiro-suspendem-leilao-da-cedae\/\"><h2 class=\"content__title\">Deputados do Rio de Janeiro suspendem leil\u00e3o da Cedae<\/h2><\/a><div class=\"newsContent__article__meta\"><div class=\"newsContent__article__meta__authorBox\"><a href=\"https:\/\/www.suno.com.br\/noticias\/author\/vitor-azevedo\/\" class=\"authorBox__avatar noMobi\"><img src=\"https:\/\/secure.gravatar.com\/avatar\/62b86195291b446fe380824eb28b99a5?s=96&#038;r=g\" alt=\"Vitor Azevedo\"><\/a><div class=\"authorBox__name\"><span>por\n\t\t\t<a href=\"https:\/\/www.suno.com.br\/noticias\/author\/vitor-azevedo\/\"><span itemprop=\"author\">Vitor Azevedo<\/span><\/a><\/span><time datetime=\"2021-04-29T14:15:59-03:00\" itemprop=\"datePublished\">29\/04\/2021 14:15<\/time><\/div><\/div><\/div><\/div><\/div>","single_layout":"posts","amp_enabled":true,"_links":{"self":[{"href":"https:\/\/www.suno.com.br\/noticias\/wp-json\/wp\/v2\/posts\/143436"}],"collection":[{"href":"https:\/\/www.suno.com.br\/noticias\/wp-json\/wp\/v2\/posts"}],"about":[{"href":"https:\/\/www.suno.com.br\/noticias\/wp-json\/wp\/v2\/types\/post"}],"author":[{"embeddable":true,"href":"https:\/\/www.suno.com.br\/noticias\/wp-json\/wp\/v2\/users\/59"}],"replies":[{"embeddable":true,"href":"https:\/\/www.suno.com.br\/noticias\/wp-json\/wp\/v2\/comments?post=143436"}],"version-history":[{"count":3,"href":"https:\/\/www.suno.com.br\/noticias\/wp-json\/wp\/v2\/posts\/143436\/revisions"}],"predecessor-version":[{"id":143462,"href":"https:\/\/www.suno.com.br\/noticias\/wp-json\/wp\/v2\/posts\/143436\/revisions\/143462"}],"wp:featuredmedia":[{"embeddable":true,"href":"https:\/\/www.suno.com.br\/noticias\/wp-json\/wp\/v2\/media\/143459"}],"wp:attachment":[{"href":"https:\/\/www.suno.com.br\/noticias\/wp-json\/wp\/v2\/media?parent=143436"}],"wp:term":[{"taxonomy":"category","embeddable":true,"href":"https:\/\/www.suno.com.br\/noticias\/wp-json\/wp\/v2\/categories?post=143436"},{"taxonomy":"post_tag","embeddable":true,"href":"https:\/\/www.suno.com.br\/noticias\/wp-json\/wp\/v2\/tags?post=143436"},{"taxonomy":"suno_strategy","embeddable":true,"href":"https:\/\/www.suno.com.br\/noticias\/wp-json\/wp\/v2\/suno_strategy?post=143436"}],"curies":[{"name":"wp","href":"https:\/\/api.w.org\/{rel}","templated":true}]}}