{"id":143317,"date":"2021-04-29T10:20:13","date_gmt":"2021-04-29T13:20:13","guid":{"rendered":"https:\/\/www.suno.com.br\/noticias\/?p=143317"},"modified":"2021-04-29T10:20:13","modified_gmt":"2021-04-29T13:20:13","slug":"gpa-pcar3-distribui-proventos-junho","status":"publish","type":"post","link":"https:\/\/www.suno.com.br\/noticias\/gpa-pcar3-distribui-proventos-junho\/","title":{"rendered":"P\u00e3o de A\u00e7\u00facar (PCAR3) distribuir\u00e1 R$ 583,6 milh\u00f5es aos acionistas"},"content":{"rendered":"<p>O <strong><a href=\"https:\/\/www.suno.com.br\/acoes\/pcar3\/\">Grupo P\u00e3o de A\u00e7\u00facar <\/a><\/strong><a href=\"https:\/\/www.suno.com.br\/acoes\/pcar3\/\">(PCAR3)<\/a> comunicou ao mercado que distribuir\u00e1 R$ 583,6 milh\u00f5es em<a href=\"https:\/\/www.suno.com.br\/artigos\/proventos\/\"> proventos<\/a> a seus acionistas, referentes ao exerc\u00edcio social encerrado em 31 de dezembro de 2020. O montante foi aprovado nesta quarta-feira (28), ap\u00f3s realiza\u00e7\u00e3o de assembleia geral ordin\u00e1ria e extraordin\u00e1ria.<\/p>\t<div class=\"wrapper-featured-image\">\n\t\t<figure class=\"spotlightImg\">\n\n\t\t\t<picture>\n\t\t\t\t<source media=\"(max-width: 768px)\" srcset=\"https:\/\/files.sunoresearch.com.br\/n\/uploads\/2021\/03\/f17647fa-gpa-pao-de-acucar1-400x200.webp\">\n\t\t\t\t<img loading=\"lazy\" decoding=\"async\" class=\"newsContent__article__imgCapa lazyloadDisabled \" src=\"https:\/\/files.sunoresearch.com.br\/n\/uploads\/2021\/03\/f17647fa-gpa-pao-de-acucar1-800x450.webp\" width=\"800\" height=\"450\" alt=\"P\u00e3o de A\u00e7\u00facar (PCAR3) distribuir\u00e1 R$ 583,6 milh\u00f5es aos acionistas\" fetchpriority=high \/>\n\t\t\t<\/picture>\n\n\t\t\t<figcaption class=\"wp-caption-text wp-caption-text--show\">GPA - P\u00e3o de A\u00e7\u00facar. Foto: Divulga\u00e7\u00e3o <\/figcaption>\n\t\t<\/figure>\n\t<\/div>\n\n\n<p><span style=\"font-weight: 400;\">\t<p>\n\t\t<a href=\"https:\/\/lp.suno.com.br\/planilha-controle-gastos\/\" target=\"_blank\" data-element=\"shortcode-suno-banner\" title=\"Banner SUNO, clique e saiba mais\">\n\t\t\t<picture>\n\t\t\t\t<source media=\"(max-width: 500px)\" srcset=\"https:\/\/files.sunoresearch.com.br\/n\/uploads\/2023\/03\/400x300-Planilha-controle-de-gastos.png\">\n\t\t\t\t<img class=\"newsContent__article__imgCapa newsContent__article__imgCapa--banner\"\n\t\t\t\t\tsrc=\"https:\/\/files.sunoresearch.com.br\/n\/uploads\/2023\/03\/1420x240-Planilha-controle-de-gastos.png\"\n\t\t\t\t\tdata-promo-id=\"101751\"\t\t\t\t\t\t\t\t\t\twidth='1420' height='240'\t\t\t\t\talt=\"https:\/\/files.sunoresearch.com.br\/n\/uploads\/2023\/03\/1420x240-Planilha-controle-de-gastos.png\"\n\t\t\t\t>\n\t\t\t<\/picture>\n\t\t<\/a>\n\t<\/p>\n\n<\/span><\/p>\n<p>Do valor a ser distribu\u00eddo, R$ 127,5 milh\u00f5es s\u00e3o <strong>dividendos<\/strong>. O montante corresponde a R$ 0,475788964 por a\u00e7\u00e3o. Al\u00e9m disso, ser\u00e3o desembolsados R$ 456,1 milh\u00f5es a t\u00edtulo de <a href=\"https:\/\/www.suno.com.br\/artigos\/entenda-o-jcp\/\">juros sobre capital pr\u00f3prio (JCP)<\/a>, equivalentes a R$ 1,701093954 por a\u00e7\u00e3o. Sobre o JCP ser\u00e1 deduzido o Imposto de Renda na fonte, conforme a legisla\u00e7\u00e3o, com exce\u00e7\u00e3o dos acionistas imunes ou isentos.<\/p>\n<p><a href=\"https:\/\/lp.suno.com.br\/suno-one\/?ppp=noticias\/hospital-care-pedido-ipo-cvm\/\"><b>Suno One: acesse gratuitamente eBooks, Minicursos, Artigos e V\u00eddeo Aulas sobre investimentos com um \u00fanico cadastro. Clique para saber mais!<\/b><\/a><\/p>\n<h2>P\u00e3o de A\u00e7\u00facar realiza pagamento em 15 de junho<\/h2>\n<p>Os acionistas receber\u00e3o os proventos em 15 de junho, tendo como base a posi\u00e7\u00e3o acion\u00e1ria em 5 de maio de 2021.<\/p>\n<p>Para os detentores de <a href=\"https:\/\/www.suno.com.br\/artigos\/adr\/\">American Depositary Receipts (ADR)<\/a> do P\u00e3o de A\u00e7\u00facar, negociados na New York Stock Exchange (NYSE,) o pagamento ser\u00e1 realizado em 22 junho de 2021 atrav\u00e9s do JPMorgan Chase Bank. Ter\u00e3o direito aos proventos os titulares de ADR na data-base de 7 de maio de 2021.<\/p>\n<p><span style=\"font-weight: 400;\">\t<p>\n\t\t<a href=\"https:\/\/lp.suno.com.br\/planilha-da-vida-financeira\/\" target=\"_blank\" data-element=\"shortcode-suno-banner\" title=\"Banner SUNO, clique e saiba mais\">\n\t\t\t<picture>\n\t\t\t\t<source media=\"(max-width: 500px)\" srcset=\"https:\/\/files.sunoresearch.com.br\/n\/uploads\/2023\/04\/400x300-Planilha-vida-financeira-true.png\">\n\t\t\t\t<img class=\"newsContent__article__imgCapa newsContent__article__imgCapa--banner\"\n\t\t\t\t\tsrc=\"https:\/\/files.sunoresearch.com.br\/n\/uploads\/2023\/04\/1420x240-Planilha-vida-financeira-true.png\"\n\t\t\t\t\tdata-promo-id=\"106682\"\t\t\t\t\t\t\t\t\t\twidth='1420' height='240'\t\t\t\t\talt=\"https:\/\/files.sunoresearch.com.br\/n\/uploads\/2023\/04\/1420x240-Planilha-vida-financeira-true.png\"\n\t\t\t\t>\n\t\t\t<\/picture>\n\t\t<\/a>\n\t<\/p>\n\n<\/span><\/p>\n<p>Com isso, as a\u00e7\u00f5es do P\u00e3o de A\u00e7\u00facar ser\u00e3o negociadas ex-juros na B3 e na NYSE a partir de 6 de maio de 2021, informou a empresa em fato relevante.<\/p>\n<p>Neste contexto, no in\u00edcio do m\u00eas, a empresa havia divulgado que seu controlador, o Casino, avaliava &#8220;opera\u00e7\u00f5es de mercado&#8221; para a Cnova, segundo maior e-commerce da Fran\u00e7a e poderia realizar um aumento de capital na companhia, com uma oferta secund\u00e1ria de a\u00e7\u00f5es.<\/p>\n<p>O<strong> P\u00e3o de A\u00e7\u00facar<\/strong> divulgar\u00e1 os resultados referentes ao primeiro trimestre do ano na pr\u00f3xima quarta-feira, 5 de maio. Na sess\u00e3o desta quarta-feira (28), a a\u00e7\u00e3o da empresa caiu 0,63%, cotada a R$ 37,58. Ao mesmo tempo, o Ibovespa foi na contram\u00e3o e teve alta de 1,39%.<\/p>\n<p><span style=\"font-weight: 400;\">\t<p>\n\t\t<a href=\"https:\/\/lp.suno.com.br\/planilha-de-controle-de-investimentos\/\" target=\"_blank\" data-element=\"shortcode-suno-banner\" title=\"Banner SUNO, clique e saiba mais\">\n\t\t\t<picture>\n\t\t\t\t<source media=\"(max-width: 500px)\" srcset=\"https:\/\/files.sunoresearch.com.br\/n\/uploads\/2023\/03\/400x300-Controle-de-Investimentos.png\">\n\t\t\t\t<img class=\"newsContent__article__imgCapa newsContent__article__imgCapa--banner\"\n\t\t\t\t\tsrc=\"https:\/\/files.sunoresearch.com.br\/n\/uploads\/2023\/03\/1420x240-Controle-de-Investimentos.png\"\n\t\t\t\t\tdata-promo-id=\"75934\"\t\t\t\t\t\t\t\t\t\twidth='1420' height='240'\t\t\t\t\talt=\"https:\/\/files.sunoresearch.com.br\/n\/uploads\/2023\/03\/1420x240-Controle-de-Investimentos.png\"\n\t\t\t\t>\n\t\t\t<\/picture>\n\t\t<\/a>\n\t<\/p>\n\n<\/span><\/p>\n","protected":false},"excerpt":{"rendered":"<p>O Grupo P\u00e3o de A\u00e7\u00facar (PCAR3) comunicou ao mercado que distribuir\u00e1 R$ 583,6 milh\u00f5es em proventos a seus acionistas, referentes ao exerc\u00edcio social encerrado em 31 de dezembro de 2020. O montante foi aprovado nesta quarta-feira (28), ap\u00f3s realiza\u00e7\u00e3o de assembleia geral ordin\u00e1ria e extraordin\u00e1ria. GPA &#8211; P\u00e3o de A\u00e7\u00facar. Foto: Divulga\u00e7\u00e3o Do valor a [&hellip;]<\/p>\n","protected":false},"author":72,"featured_media":138126,"comment_status":"closed","ping_status":"closed","sticky":false,"template":"","format":"standard","meta":[],"categories":[64],"tags":[1964,104804],"suno_strategy":[],"class_list":["post-143317","post","type-post","status-publish","format-standard","has-post-thumbnail","hentry","category-negocios","tag-grupo-pao-de-acucar-pcar3-pcar4","tag-proventos"],"yoast_head":"<!-- This site is optimized with the Yoast SEO plugin v24.4 - https:\/\/yoast.com\/wordpress\/plugins\/seo\/ -->\n<title>P\u00e3o de A\u00e7\u00facar (PCAR3) distribuir\u00e1 583,6 mi em proventos<\/title>\n<meta name=\"description\" content=\"P\u00e3o de A\u00e7\u00facar (PCAR3) distribuir\u00e1 583,6 mi em proventos. Confira mais detalhes sobre como ocorrer\u00e1 o pagamento do P\u00e3o de A\u00e7\u00facar.\" \/>\n<meta name=\"robots\" content=\"index, follow, max-snippet:-1, max-image-preview:large, max-video-preview:-1\" \/>\n<link rel=\"canonical\" href=\"https:\/\/www.suno.com.br\/noticias\/gpa-pcar3-distribui-proventos-junho\/\" \/>\n<meta property=\"og:locale\" content=\"pt_BR\" \/>\n<meta property=\"og:type\" content=\"article\" \/>\n<meta property=\"og:title\" content=\"P\u00e3o de A\u00e7\u00facar (PCAR3) distribuir\u00e1 583,6 mi em proventos\" \/>\n<meta property=\"og:description\" content=\"P\u00e3o de A\u00e7\u00facar (PCAR3) distribuir\u00e1 583,6 mi em proventos. Confira mais detalhes sobre como ocorrer\u00e1 o pagamento do P\u00e3o de A\u00e7\u00facar.\" \/>\n<meta property=\"og:url\" content=\"https:\/\/www.suno.com.br\/noticias\/gpa-pcar3-distribui-proventos-junho\/\" \/>\n<meta property=\"og:site_name\" content=\"Suno Not\u00edcias\" \/>\n<meta property=\"article:publisher\" content=\"https:\/\/facebook.com\/sunoresearch\" \/>\n<meta property=\"og:image\" content=\"https:\/\/files.sunoresearch.com.br\/n\/uploads\/2021\/03\/f17647fa-gpa-pao-de-acucar1.jpg\" \/>\n\t<meta property=\"og:image:width\" content=\"1200\" \/>\n\t<meta property=\"og:image:height\" content=\"600\" \/>\n\t<meta property=\"og:image:type\" content=\"image\/jpeg\" \/>\n<meta name=\"author\" content=\"Fernando Soares\" \/>\n<meta name=\"twitter:card\" content=\"summary_large_image\" \/>\n<meta name=\"twitter:creator\" content=\"@sunoresearch\" \/>\n<meta name=\"twitter:site\" content=\"@sunoresearch\" \/>\n<meta name=\"twitter:label1\" content=\"Escrito por\" \/>\n\t<meta name=\"twitter:data1\" content=\"Fernando Soares\" \/>\n\t<meta name=\"twitter:label2\" content=\"Est. tempo de leitura\" \/>\n\t<meta name=\"twitter:data2\" content=\"2 minutos\" \/>\n<script type=\"application\/ld+json\" class=\"yoast-schema-graph\">{\"@context\":\"https:\/\/schema.org\",\"@graph\":[{\"@type\":\"NewsArticle\",\"@id\":\"https:\/\/www.suno.com.br\/noticias\/gpa-pcar3-distribui-proventos-junho\/#article\",\"isPartOf\":{\"@id\":\"https:\/\/www.suno.com.br\/noticias\/gpa-pcar3-distribui-proventos-junho\/\"},\"author\":{\"name\":\"Fernando Soares\",\"@id\":\"https:\/\/www.suno.com.br\/noticias\/#\/schema\/person\/31a897b059eab5d0f057de7c5db2416e\"},\"headline\":\"P\u00e3o de A\u00e7\u00facar (PCAR3) distribuir\u00e1 R$ 583,6 milh\u00f5es aos acionistas\",\"datePublished\":\"2021-04-29T13:20:13+00:00\",\"mainEntityOfPage\":{\"@id\":\"https:\/\/www.suno.com.br\/noticias\/gpa-pcar3-distribui-proventos-junho\/\"},\"wordCount\":367,\"publisher\":{\"@id\":\"https:\/\/www.suno.com.br\/noticias\/#organization\"},\"image\":{\"@id\":\"https:\/\/www.suno.com.br\/noticias\/gpa-pcar3-distribui-proventos-junho\/#primaryimage\"},\"thumbnailUrl\":\"https:\/\/files.sunoresearch.com.br\/n\/uploads\/2021\/03\/f17647fa-gpa-pao-de-acucar1-jpg.webp\",\"keywords\":[\"Grupo P\u00e3o de A\u00e7\u00facar (PCAR3\/PCAR4)\",\"proventos\"],\"articleSection\":[\"Neg\u00f3cios\"],\"inLanguage\":\"pt-BR\"},{\"@type\":\"WebPage\",\"@id\":\"https:\/\/www.suno.com.br\/noticias\/gpa-pcar3-distribui-proventos-junho\/\",\"url\":\"https:\/\/www.suno.com.br\/noticias\/gpa-pcar3-distribui-proventos-junho\/\",\"name\":\"P\u00e3o de A\u00e7\u00facar (PCAR3) distribuir\u00e1 583,6 mi em proventos\",\"isPartOf\":{\"@id\":\"https:\/\/www.suno.com.br\/noticias\/#website\"},\"primaryImageOfPage\":{\"@id\":\"https:\/\/www.suno.com.br\/noticias\/gpa-pcar3-distribui-proventos-junho\/#primaryimage\"},\"image\":{\"@id\":\"https:\/\/www.suno.com.br\/noticias\/gpa-pcar3-distribui-proventos-junho\/#primaryimage\"},\"thumbnailUrl\":\"https:\/\/files.sunoresearch.com.br\/n\/uploads\/2021\/03\/f17647fa-gpa-pao-de-acucar1-jpg.webp\",\"datePublished\":\"2021-04-29T13:20:13+00:00\",\"description\":\"P\u00e3o de A\u00e7\u00facar (PCAR3) distribuir\u00e1 583,6 mi em proventos. Confira mais detalhes sobre como ocorrer\u00e1 o pagamento do P\u00e3o de A\u00e7\u00facar.\",\"breadcrumb\":{\"@id\":\"https:\/\/www.suno.com.br\/noticias\/gpa-pcar3-distribui-proventos-junho\/#breadcrumb\"},\"inLanguage\":\"pt-BR\",\"potentialAction\":[{\"@type\":\"ReadAction\",\"target\":[\"https:\/\/www.suno.com.br\/noticias\/gpa-pcar3-distribui-proventos-junho\/\"]}]},{\"@type\":\"ImageObject\",\"inLanguage\":\"pt-BR\",\"@id\":\"https:\/\/www.suno.com.br\/noticias\/gpa-pcar3-distribui-proventos-junho\/#primaryimage\",\"url\":\"https:\/\/files.sunoresearch.com.br\/n\/uploads\/2021\/03\/f17647fa-gpa-pao-de-acucar1-jpg.webp\",\"contentUrl\":\"https:\/\/files.sunoresearch.com.br\/n\/uploads\/2021\/03\/f17647fa-gpa-pao-de-acucar1-jpg.webp\",\"width\":1200,\"height\":600,\"caption\":\"GPA - P\u00e3o de A\u00e7\u00facar. Foto: Divulga\u00e7\u00e3o\"},{\"@type\":\"BreadcrumbList\",\"@id\":\"https:\/\/www.suno.com.br\/noticias\/gpa-pcar3-distribui-proventos-junho\/#breadcrumb\",\"itemListElement\":[{\"@type\":\"ListItem\",\"position\":1,\"name\":\"Not\u00edcias\",\"item\":\"https:\/\/www.suno.com.br\/noticias\/\"},{\"@type\":\"ListItem\",\"position\":2,\"name\":\"Neg\u00f3cios\",\"item\":\"https:\/\/www.suno.com.br\/noticias\/negocios\/\"},{\"@type\":\"ListItem\",\"position\":3,\"name\":\"P\u00e3o de A\u00e7\u00facar (PCAR3) distribuir\u00e1 R$ 583,6 milh\u00f5es aos acionistas\"}]},{\"@type\":\"WebSite\",\"@id\":\"https:\/\/www.suno.com.br\/noticias\/#website\",\"url\":\"https:\/\/www.suno.com.br\/noticias\/\",\"name\":\"Suno Not\u00edcias\",\"description\":\"Seu portal de informa\u00e7\u00e3o sobre o mundo dos investimentos\",\"publisher\":{\"@id\":\"https:\/\/www.suno.com.br\/noticias\/#organization\"},\"potentialAction\":[{\"@type\":\"SearchAction\",\"target\":{\"@type\":\"EntryPoint\",\"urlTemplate\":\"https:\/\/www.suno.com.br\/noticias\/?s={search_term_string}\"},\"query-input\":{\"@type\":\"PropertyValueSpecification\",\"valueRequired\":true,\"valueName\":\"search_term_string\"}}],\"inLanguage\":\"pt-BR\"},{\"@type\":\"Organization\",\"@id\":\"https:\/\/www.suno.com.br\/noticias\/#organization\",\"name\":\"Suno Not\u00edcias\",\"url\":\"https:\/\/www.suno.com.br\/noticias\/\",\"logo\":{\"@type\":\"ImageObject\",\"inLanguage\":\"pt-BR\",\"@id\":\"https:\/\/www.suno.com.br\/noticias\/#\/schema\/logo\/image\/\",\"url\":\"https:\/\/files.sunoresearch.com.br\/n\/uploads\/2021\/09\/suno-logo.png\",\"contentUrl\":\"https:\/\/files.sunoresearch.com.br\/n\/uploads\/2021\/09\/suno-logo.png\",\"width\":180,\"height\":180,\"caption\":\"Suno Not\u00edcias\"},\"image\":{\"@id\":\"https:\/\/www.suno.com.br\/noticias\/#\/schema\/logo\/image\/\"},\"sameAs\":[\"https:\/\/facebook.com\/sunoresearch\",\"https:\/\/x.com\/sunoresearch\",\"https:\/\/www.instagram.com\/suno\",\"https:\/\/www.linkedin.com\/company\/suno-research\/\",\"https:\/\/www.youtube.com\/c\/sunoresearch\"]},{\"@type\":\"Person\",\"@id\":\"https:\/\/www.suno.com.br\/noticias\/#\/schema\/person\/31a897b059eab5d0f057de7c5db2416e\",\"name\":\"Fernando Soares\",\"image\":{\"@type\":\"ImageObject\",\"inLanguage\":\"pt-BR\",\"@id\":\"https:\/\/www.suno.com.br\/noticias\/#\/schema\/person\/image\/\",\"url\":\"https:\/\/secure.gravatar.com\/avatar\/d5a009f17f82a0aa671dd75155d670f0?s=96&r=g\",\"contentUrl\":\"https:\/\/secure.gravatar.com\/avatar\/d5a009f17f82a0aa671dd75155d670f0?s=96&r=g\",\"caption\":\"Fernando Soares\"},\"description\":\"Rep\u00f3rter no Suno Not\u00edcias. Jornalista formado pela Pontif\u00edcia Universidade Cat\u00f3lica do Rio Grande do Sul (PUCRS), mestre em Jornalismo pela Universitat Aut\u00f2noma de Barcelona e MBA em Informa\u00e7\u00f5es Econ\u00f4mico-Financeiras e Mercado de Capitais pela Funda\u00e7\u00e3o Instituto de Administra\u00e7\u00e3o (FIA)\/B3. Trabalhou nas reda\u00e7\u00f5es dos jornais Zero Hora e Pioneiro, do Grupo RBS, e Jornal do Com\u00e9rcio\/RS. Vencedor de 17 pr\u00eamios de jornalismo, entre eles os da Comiss\u00e3o de Valores Mobili\u00e1rios (CVM), da Associa\u00e7\u00e3o Riograndense de Imprensa (ARI) e do Conselho de Economia do RS (Corecon-RS).\",\"url\":\"https:\/\/www.suno.com.br\/noticias\/author\/fernando-soares\/\"}]}<\/script>\n<!-- \/ Yoast SEO plugin. -->","yoast_head_json":{"title":"P\u00e3o de A\u00e7\u00facar (PCAR3) distribuir\u00e1 583,6 mi em proventos","description":"P\u00e3o de A\u00e7\u00facar (PCAR3) distribuir\u00e1 583,6 mi em proventos. Confira mais detalhes sobre como ocorrer\u00e1 o pagamento do P\u00e3o de A\u00e7\u00facar.","robots":{"index":"index","follow":"follow","max-snippet":"max-snippet:-1","max-image-preview":"max-image-preview:large","max-video-preview":"max-video-preview:-1"},"canonical":"https:\/\/www.suno.com.br\/noticias\/gpa-pcar3-distribui-proventos-junho\/","og_locale":"pt_BR","og_type":"article","og_title":"P\u00e3o de A\u00e7\u00facar (PCAR3) distribuir\u00e1 583,6 mi em proventos","og_description":"P\u00e3o de A\u00e7\u00facar (PCAR3) distribuir\u00e1 583,6 mi em proventos. Confira mais detalhes sobre como ocorrer\u00e1 o pagamento do P\u00e3o de A\u00e7\u00facar.","og_url":"https:\/\/www.suno.com.br\/noticias\/gpa-pcar3-distribui-proventos-junho\/","og_site_name":"Suno Not\u00edcias","article_publisher":"https:\/\/facebook.com\/sunoresearch","og_image":[{"width":1200,"height":600,"url":"https:\/\/files.sunoresearch.com.br\/n\/uploads\/2021\/03\/f17647fa-gpa-pao-de-acucar1.jpg","type":"image\/jpeg"}],"author":"Fernando Soares","twitter_card":"summary_large_image","twitter_creator":"@sunoresearch","twitter_site":"@sunoresearch","twitter_misc":{"Escrito por":"Fernando Soares","Est. tempo de leitura":"2 minutos"},"schema":{"@context":"https:\/\/schema.org","@graph":[{"@type":"NewsArticle","@id":"https:\/\/www.suno.com.br\/noticias\/gpa-pcar3-distribui-proventos-junho\/#article","isPartOf":{"@id":"https:\/\/www.suno.com.br\/noticias\/gpa-pcar3-distribui-proventos-junho\/"},"author":{"name":"Fernando Soares","@id":"https:\/\/www.suno.com.br\/noticias\/#\/schema\/person\/31a897b059eab5d0f057de7c5db2416e"},"headline":"P\u00e3o de A\u00e7\u00facar (PCAR3) distribuir\u00e1 R$ 583,6 milh\u00f5es aos acionistas","datePublished":"2021-04-29T13:20:13+00:00","mainEntityOfPage":{"@id":"https:\/\/www.suno.com.br\/noticias\/gpa-pcar3-distribui-proventos-junho\/"},"wordCount":367,"publisher":{"@id":"https:\/\/www.suno.com.br\/noticias\/#organization"},"image":{"@id":"https:\/\/www.suno.com.br\/noticias\/gpa-pcar3-distribui-proventos-junho\/#primaryimage"},"thumbnailUrl":"https:\/\/files.sunoresearch.com.br\/n\/uploads\/2021\/03\/f17647fa-gpa-pao-de-acucar1-jpg.webp","keywords":["Grupo P\u00e3o de A\u00e7\u00facar (PCAR3\/PCAR4)","proventos"],"articleSection":["Neg\u00f3cios"],"inLanguage":"pt-BR"},{"@type":"WebPage","@id":"https:\/\/www.suno.com.br\/noticias\/gpa-pcar3-distribui-proventos-junho\/","url":"https:\/\/www.suno.com.br\/noticias\/gpa-pcar3-distribui-proventos-junho\/","name":"P\u00e3o de A\u00e7\u00facar (PCAR3) distribuir\u00e1 583,6 mi em proventos","isPartOf":{"@id":"https:\/\/www.suno.com.br\/noticias\/#website"},"primaryImageOfPage":{"@id":"https:\/\/www.suno.com.br\/noticias\/gpa-pcar3-distribui-proventos-junho\/#primaryimage"},"image":{"@id":"https:\/\/www.suno.com.br\/noticias\/gpa-pcar3-distribui-proventos-junho\/#primaryimage"},"thumbnailUrl":"https:\/\/files.sunoresearch.com.br\/n\/uploads\/2021\/03\/f17647fa-gpa-pao-de-acucar1-jpg.webp","datePublished":"2021-04-29T13:20:13+00:00","description":"P\u00e3o de A\u00e7\u00facar (PCAR3) distribuir\u00e1 583,6 mi em proventos. Confira mais detalhes sobre como ocorrer\u00e1 o pagamento do P\u00e3o de A\u00e7\u00facar.","breadcrumb":{"@id":"https:\/\/www.suno.com.br\/noticias\/gpa-pcar3-distribui-proventos-junho\/#breadcrumb"},"inLanguage":"pt-BR","potentialAction":[{"@type":"ReadAction","target":["https:\/\/www.suno.com.br\/noticias\/gpa-pcar3-distribui-proventos-junho\/"]}]},{"@type":"ImageObject","inLanguage":"pt-BR","@id":"https:\/\/www.suno.com.br\/noticias\/gpa-pcar3-distribui-proventos-junho\/#primaryimage","url":"https:\/\/files.sunoresearch.com.br\/n\/uploads\/2021\/03\/f17647fa-gpa-pao-de-acucar1-jpg.webp","contentUrl":"https:\/\/files.sunoresearch.com.br\/n\/uploads\/2021\/03\/f17647fa-gpa-pao-de-acucar1-jpg.webp","width":1200,"height":600,"caption":"GPA - P\u00e3o de A\u00e7\u00facar. Foto: Divulga\u00e7\u00e3o"},{"@type":"BreadcrumbList","@id":"https:\/\/www.suno.com.br\/noticias\/gpa-pcar3-distribui-proventos-junho\/#breadcrumb","itemListElement":[{"@type":"ListItem","position":1,"name":"Not\u00edcias","item":"https:\/\/www.suno.com.br\/noticias\/"},{"@type":"ListItem","position":2,"name":"Neg\u00f3cios","item":"https:\/\/www.suno.com.br\/noticias\/negocios\/"},{"@type":"ListItem","position":3,"name":"P\u00e3o de A\u00e7\u00facar (PCAR3) distribuir\u00e1 R$ 583,6 milh\u00f5es aos acionistas"}]},{"@type":"WebSite","@id":"https:\/\/www.suno.com.br\/noticias\/#website","url":"https:\/\/www.suno.com.br\/noticias\/","name":"Suno Not\u00edcias","description":"Seu portal de informa\u00e7\u00e3o sobre o mundo dos investimentos","publisher":{"@id":"https:\/\/www.suno.com.br\/noticias\/#organization"},"potentialAction":[{"@type":"SearchAction","target":{"@type":"EntryPoint","urlTemplate":"https:\/\/www.suno.com.br\/noticias\/?s={search_term_string}"},"query-input":{"@type":"PropertyValueSpecification","valueRequired":true,"valueName":"search_term_string"}}],"inLanguage":"pt-BR"},{"@type":"Organization","@id":"https:\/\/www.suno.com.br\/noticias\/#organization","name":"Suno Not\u00edcias","url":"https:\/\/www.suno.com.br\/noticias\/","logo":{"@type":"ImageObject","inLanguage":"pt-BR","@id":"https:\/\/www.suno.com.br\/noticias\/#\/schema\/logo\/image\/","url":"https:\/\/files.sunoresearch.com.br\/n\/uploads\/2021\/09\/suno-logo.png","contentUrl":"https:\/\/files.sunoresearch.com.br\/n\/uploads\/2021\/09\/suno-logo.png","width":180,"height":180,"caption":"Suno Not\u00edcias"},"image":{"@id":"https:\/\/www.suno.com.br\/noticias\/#\/schema\/logo\/image\/"},"sameAs":["https:\/\/facebook.com\/sunoresearch","https:\/\/x.com\/sunoresearch","https:\/\/www.instagram.com\/suno","https:\/\/www.linkedin.com\/company\/suno-research\/","https:\/\/www.youtube.com\/c\/sunoresearch"]},{"@type":"Person","@id":"https:\/\/www.suno.com.br\/noticias\/#\/schema\/person\/31a897b059eab5d0f057de7c5db2416e","name":"Fernando Soares","image":{"@type":"ImageObject","inLanguage":"pt-BR","@id":"https:\/\/www.suno.com.br\/noticias\/#\/schema\/person\/image\/","url":"https:\/\/secure.gravatar.com\/avatar\/d5a009f17f82a0aa671dd75155d670f0?s=96&r=g","contentUrl":"https:\/\/secure.gravatar.com\/avatar\/d5a009f17f82a0aa671dd75155d670f0?s=96&r=g","caption":"Fernando Soares"},"description":"Rep\u00f3rter no Suno Not\u00edcias. Jornalista formado pela Pontif\u00edcia Universidade Cat\u00f3lica do Rio Grande do Sul (PUCRS), mestre em Jornalismo pela Universitat Aut\u00f2noma de Barcelona e MBA em Informa\u00e7\u00f5es Econ\u00f4mico-Financeiras e Mercado de Capitais pela Funda\u00e7\u00e3o Instituto de Administra\u00e7\u00e3o (FIA)\/B3. Trabalhou nas reda\u00e7\u00f5es dos jornais Zero Hora e Pioneiro, do Grupo RBS, e Jornal do Com\u00e9rcio\/RS. Vencedor de 17 pr\u00eamios de jornalismo, entre eles os da Comiss\u00e3o de Valores Mobili\u00e1rios (CVM), da Associa\u00e7\u00e3o Riograndense de Imprensa (ARI) e do Conselho de Economia do RS (Corecon-RS).","url":"https:\/\/www.suno.com.br\/noticias\/author\/fernando-soares\/"}]}},"default_loop_html":"<div class=\"cardsPage__listCard__boxs\"><div class=\"cardsPage__listCard__boxs__img\"><a href=\"https:\/\/www.suno.com.br\/noticias\/gpa-pcar3-distribui-proventos-junho\/\"><img class=\"mask\" src=\"https:\/\/www.suno.com.br\/noticias\/wp-content\/themes\/suno\/resources\/images\/spotlight\/spotlight1img\/bg-mask.png\" alt=\"Image Mask\"\/><img src=\"https:\/\/files.sunoresearch.com.br\/n\/uploads\/2021\/03\/f17647fa-gpa-pao-de-acucar1-400x200.webp\" alt=\"P\u00e3o de A\u00e7\u00facar (PCAR3) distribuir\u00e1 R$ 583,6 milh\u00f5es aos acionistas\"\/><\/a><span class=\"spotlightCategory\"><a href=\"https:\/\/www.suno.com.br\/noticias\/negocios\/\">Neg\u00f3cios<\/a><\/span><\/div><div class=\"cardsPage__listCard__boxs__content\"><a href=\"https:\/\/www.suno.com.br\/noticias\/gpa-pcar3-distribui-proventos-junho\/\"><h2 class=\"content__title\">P\u00e3o de A\u00e7\u00facar (PCAR3) distribuir\u00e1 R$ 583,6 milh\u00f5es aos acionistas<\/h2><\/a><div class=\"newsContent__article__meta\"><div class=\"newsContent__article__meta__authorBox\"><a href=\"https:\/\/www.suno.com.br\/noticias\/author\/fernando-soares\/\" class=\"authorBox__avatar noMobi\"><img src=\"https:\/\/files.sunoresearch.com.br\/n\/uploads\/2021\/04\/260ff3a8-img-1391-150x150.webp\" alt=\"Fernando Soares\"><\/a><div class=\"authorBox__name\"><span>por\n\t\t\t<a href=\"https:\/\/www.suno.com.br\/noticias\/author\/fernando-soares\/\"><span itemprop=\"author\">Fernando Soares<\/span><\/a><\/span><time datetime=\"2021-04-29T10:20:13-03:00\" itemprop=\"datePublished\">29\/04\/2021 10:20<\/time><\/div><\/div><\/div><\/div><\/div>","single_layout":"posts","amp_enabled":true,"_links":{"self":[{"href":"https:\/\/www.suno.com.br\/noticias\/wp-json\/wp\/v2\/posts\/143317"}],"collection":[{"href":"https:\/\/www.suno.com.br\/noticias\/wp-json\/wp\/v2\/posts"}],"about":[{"href":"https:\/\/www.suno.com.br\/noticias\/wp-json\/wp\/v2\/types\/post"}],"author":[{"embeddable":true,"href":"https:\/\/www.suno.com.br\/noticias\/wp-json\/wp\/v2\/users\/72"}],"replies":[{"embeddable":true,"href":"https:\/\/www.suno.com.br\/noticias\/wp-json\/wp\/v2\/comments?post=143317"}],"version-history":[{"count":3,"href":"https:\/\/www.suno.com.br\/noticias\/wp-json\/wp\/v2\/posts\/143317\/revisions"}],"predecessor-version":[{"id":143349,"href":"https:\/\/www.suno.com.br\/noticias\/wp-json\/wp\/v2\/posts\/143317\/revisions\/143349"}],"wp:featuredmedia":[{"embeddable":true,"href":"https:\/\/www.suno.com.br\/noticias\/wp-json\/wp\/v2\/media\/138126"}],"wp:attachment":[{"href":"https:\/\/www.suno.com.br\/noticias\/wp-json\/wp\/v2\/media?parent=143317"}],"wp:term":[{"taxonomy":"category","embeddable":true,"href":"https:\/\/www.suno.com.br\/noticias\/wp-json\/wp\/v2\/categories?post=143317"},{"taxonomy":"post_tag","embeddable":true,"href":"https:\/\/www.suno.com.br\/noticias\/wp-json\/wp\/v2\/tags?post=143317"},{"taxonomy":"suno_strategy","embeddable":true,"href":"https:\/\/www.suno.com.br\/noticias\/wp-json\/wp\/v2\/suno_strategy?post=143317"}],"curies":[{"name":"wp","href":"https:\/\/api.w.org\/{rel}","templated":true}]}}