{"id":14311,"date":"2019-02-06T08:56:35","date_gmt":"2019-02-06T10:56:35","guid":{"rendered":"https:\/\/www.suno.com.br\/noticias\/?p=14311"},"modified":"2019-02-06T08:56:35","modified_gmt":"2019-02-06T10:56:35","slug":"china-nega-acusacoes-noruega-huawei-espionagem","status":"publish","type":"post","link":"https:\/\/www.suno.com.br\/noticias\/china-nega-acusacoes-noruega-huawei-espionagem\/","title":{"rendered":"China nega acusa\u00e7\u00f5es de espionagem da Noruega contra Huawei"},"content":{"rendered":"<p>A\u00a0<strong>China<\/strong> rejeitou as acusa\u00e7\u00f5es de espionagem contra a Huawei apresentadas pela <strong>Noruega.<\/strong><\/p>\t<div class=\"wrapper-featured-image\">\n\t\t<figure class=\"spotlightImg\">\n\n\t\t\t<picture>\n\t\t\t\t<source media=\"(max-width: 768px)\" srcset=\"https:\/\/files.sunoresearch.com.br\/n\/uploads\/2019\/01\/e46c01ed-huawei-400x200.webp\">\n\t\t\t\t<img loading=\"lazy\" decoding=\"async\" class=\"newsContent__article__imgCapa lazyloadDisabled newsContent__article__imgCapa--noCaption\" src=\"https:\/\/files.sunoresearch.com.br\/n\/uploads\/2019\/01\/e46c01ed-huawei-800x450.webp\" width=\"800\" height=\"450\" alt=\"China nega acusa\u00e7\u00f5es de espionagem da Noruega contra Huawei\" fetchpriority=high \/>\n\t\t\t<\/picture>\n\n\t\t\t<figcaption class=\"wp-caption-text wp-caption-text--hide\">Fundador da Huawei diz que pol\u00edticos americanos subestimam chinesa<\/figcaption>\n\t\t<\/figure>\n\t<\/div>\n\n\n<p>A embaixada da <strong>China<\/strong> em <strong>Oslo<\/strong> rejeitou na \u00faltima ter\u00e7a-feira (5) as acusa\u00e7\u00f5es contra a companhia de <strong>tecnologia Huawei.<\/strong> O <strong>governo<\/strong> da <strong>Noruega<\/strong> acusou a empresa chinesa de <strong>espionagem.<\/strong> Entretanto, a sede diplom\u00e1tica chinesa na capital norueguesa as qualificou de \u201crid\u00edculas\u201d.<\/p>\n<p>O servi\u00e7o de <strong>intelig\u00eancia<\/strong> interna na <strong>Noruega (PST)<\/strong> apresentou a den\u00fancia em seu relat\u00f3rio anual. O documento, publicado na \u00faltima segunda-feira (4) indica as tentativas de <strong>espionagem<\/strong> realizadas por pa\u00edses como <strong>R\u00fassia<\/strong> e <strong>China.<\/strong><\/p>\n<p>Segundo a diretora do <strong>PST,<\/strong> Benedicte Bj\u00f8rnland, existe \u201cuma dist\u00e2ncia muito pequena entre um ator comercial como a <strong>Huawei<\/strong> e o regime <strong>chin\u00eas\u201d.<\/strong><\/p>\n<p>\u201cUm ator como a <strong>Huawei<\/strong> ser\u00e1 vulner\u00e1vel \u00e0s influ\u00eancias de seu pa\u00eds de origem, enquanto a <strong>China<\/strong> continua tendo uma lei sobre informa\u00e7\u00e3o que obriga pessoas, entidades e empresas privadas a cooperar\u201d, explicou Bj\u00f8rnland em uma coletiva de imprensa.<\/p>\n<p><a href=\"https:\/\/www.suno.com.br\/noticias\/estados-unidos-acusam-huawei-fraude\/\">Saiba mais: Estados Unidos acusam Huawei de roubar segredos comerciais e fraude\u00a0<\/a><\/p>\n<p>Por sua vez, a <strong>embaixada chinesa<\/strong> na <strong>Noruega<\/strong> negou as acusa\u00e7\u00f5es. \u201cA <strong>China<\/strong> n\u00e3o representa nenhuma <strong>amea\u00e7a<\/strong> para a seguran\u00e7a da Noruega\u201d, indicou a sede diplom\u00e1tica em seu site, \u201c\u00c9 rid\u00edculo para o servi\u00e7o de <strong>intelig\u00eancia<\/strong> de um pa\u00eds fazer avalia\u00e7\u00f5es de seguran\u00e7a e atacar a China com uma linguagem puramente hipot\u00e9tica\u201d.<\/p>\n<p>Al\u00e9m disso, a <strong>embaixada<\/strong> salientou como a <strong>China<\/strong> \u201cse op\u00f5e e combate sistematicamente todas as formas de <strong>ciberespionagem<\/strong> e de <strong>ataques\u201d.<\/strong><\/p>\n<p>\u201cAs leis e regulamenta\u00e7\u00f5es <strong>chinesas<\/strong> n\u00e3o s\u00e3o um mandato a uma institui\u00e7\u00e3o, seja qual for, para obrigar as empresas a colocar em pr\u00e1ticas as \u2018backdoors&#8217;\u201d, explicou a sede <strong>diplom\u00e1tica,<\/strong> em refer\u00eancia a <strong>Huawei.<\/strong><\/p>\n<p><a href=\"https:\/\/www.suno.com.br\/noticias\/vodafone-huawei-equipamentos\/\">Saiba mais:\u00a0Vodafone reavalia uso de equipamentos da Huawei\u00a0<\/a><br \/>\n<strong><br \/>\n<\/strong><\/p>\n<p>A <strong>Huawei<\/strong> \u00e9 a maior produtora de equipamentos de <strong>telecomunica\u00e7\u00f5es<\/strong> da <strong>China.<\/strong> A empresa chinesa \u00e9 a segunda maior fabricante de <strong>smartphones<\/strong> do mundo, tendo ultrapassado a <strong>Apple<\/strong> em 2018.<\/p>\n<h2>Huawei no olho do furac\u00e3o<\/h2>\n<p>A empresa de tecnologia <strong>chinesa<\/strong> est\u00e1 no olho do furac\u00e3o h\u00e1 alguns meses. V\u00e1rios pa\u00edses proibiram a instala\u00e7\u00e3o de equipamento <strong>Huawei<\/strong> em seu territ\u00f3rio para usar o sistema de internet m\u00f3vel <strong>5G.<\/strong> Entre eles est\u00e3o os <strong>Estados Unidos,<\/strong> que alegaram raz\u00f5es de <strong>seguran\u00e7a nacional.<\/strong><\/p>\n<p><a href=\"https:\/\/www.suno.com.br\/noticias\/polonia-proibir-produtos-huawei\/\">Saiba mais:\u00a0Pol\u00f4nia estuda proibir o uso de produtos da Huawei por \u00f3rg\u00e3os p\u00fablicos\u00a0<\/a><\/p>\n<p>Tamb\u00e9m a <strong>Noruega<\/strong> est\u00e1 estudando uma regulamenta\u00e7\u00e3o da internet <strong>5G<\/strong> para reduzir sua vulnerabilidade no uso dessa tecnologia. Entretanto, os dois principais grupos de <strong>telecomunica\u00e7\u00f5es<\/strong> noruegueses, a <strong>Telenor<\/strong> e a <strong>Telia,<\/strong> usaram material da <strong>Huawei<\/strong> para suas redes 4G.<\/p>\n<h2>EUA vs. Huawei<\/h2>\n<p>As tens\u00f5es entre EUA e <strong>Huawei<\/strong> est\u00e3o em n\u00edveis muito altos desde 2016, e foram agravadas pela guerra comercial entre americanos e chineses.<\/p>\n<p>Em agosto de 2018, o presidente <strong>Donald Trump<\/strong> assinou uma lei que pro\u00edbe ag\u00eancias do governo de usar produtos e servi\u00e7os da <strong>Huawei<\/strong> e de sua concorrente chinesa <strong>ZTE. Trump<\/strong> alegou preocupa\u00e7\u00f5es com a seguran\u00e7a nacional.<\/p>\n<p>Em junho, legisladores dos <strong>EUA<\/strong> fizeram apelo ao <strong>Google<\/strong> para que empresa deixasse de fazer neg\u00f3cios com a <strong>Huawei.<\/strong> Tamb\u00e9m nesse caso alegaram preocupa\u00e7\u00f5es com a seguran\u00e7a nacional.<\/p>\n<p>Em novembro, o governo dos <strong>EUA<\/strong> pediu para os aliados <strong>europeus<\/strong>\u00a0para n\u00e3o usarem equipamentos <strong>Huawei,<\/strong> alegando risco de espionagem por parte da <strong>China.<\/strong><\/p>\n<h2>China contra-ataca<\/h2>\n<p>A porta-voz do <strong>Minist\u00e9rio de Rela\u00e7\u00f5es Exteriores<\/strong> da <strong>China,<\/strong> Hua Chunying, classificou como \u201chisteria\u201d as propostas de legisla\u00e7\u00e3o dos <strong>Estados Unidos<\/strong> sobre a <strong>Huawei<\/strong> e outras fabricantes chinesas de equipamentos para telecomunica\u00e7\u00e3o.<\/p>\n<p><a href=\"https:\/\/www.suno.com.br\/noticias\/china-proposta-legislacao-eua-histeria\/\">Saiba mais:\u00a0China: Proposta de legisla\u00e7\u00e3o dos EUA para Huawei \u00e9 \u201chisteria\u201d\u00a0<\/a><\/p>\n<p>Al\u00e9m disso, a <strong>China<\/strong> pediu para que os congressistas norte-americanos n\u00e3o levem essas medidas adiante.<\/p>\n<p>Em meados de janeiro, um grupo bipartid\u00e1rio de parlamentares dos <strong>EUA<\/strong> realizaram uma s\u00e9rie de propostas de lei que impedem a venda de chips norte-americanos e outros componentes para <strong>Huawei, ZTE<\/strong> e outras empresas <strong>chinesas.<\/strong>\u00a0Ambas as empresas est\u00e3o sob suspeita dos <strong>Estados Unidos,<\/strong> ap\u00f3s temores de <strong>espionagem<\/strong> por meio dos produtos tecnol\u00f3gicos.<\/p>\n<h2>Pris\u00e3o da filha do fundador<\/h2>\n<p><a href=\"https:\/\/www.suno.com.br\/noticias\/diretora-da-huawei-e-presa-no-canada-e-gera-protestos-da-china\/\">Saiba mais: Diretora da Huawei \u00e9 presa no Canad\u00e1 e gera protestos da China\u00a0<\/a><\/p>\n<p>Al\u00e9m disso,\u00a0em dezembro passado, <strong>Meng Wanzhou,<\/strong> filha do fundador da <strong>Huawei,<\/strong> foi presa no <strong>Canad\u00e1<\/strong> a pedido da <strong>Justi\u00e7a<\/strong> dos <strong>Estados Unidos.<\/strong> Ela foi acusada de cometer fraudes para violar san\u00e7\u00f5es econ\u00f4micas impostas pelos EUA contra o <strong>Ir\u00e3.<\/strong> O caso se tornou mais um ponto de <strong>atrito<\/strong> na rela\u00e7\u00e3o entre ambos os pa\u00edses. A <strong>China,<\/strong> por sua vez, respondeu com a pris\u00e3o de executivos canadenses que viajavam em territ\u00f3rio chin\u00eas.<\/p>\n","protected":false},"excerpt":{"rendered":"<p>A\u00a0China rejeitou as acusa\u00e7\u00f5es de espionagem contra a Huawei apresentadas pela Noruega. Fundador da Huawei diz que pol\u00edticos americanos subestimam chinesa A embaixada da China em Oslo rejeitou na \u00faltima ter\u00e7a-feira (5) as acusa\u00e7\u00f5es contra a companhia de tecnologia Huawei. O governo da Noruega acusou a empresa chinesa de espionagem. Entretanto, a sede diplom\u00e1tica chinesa [&hellip;]<\/p>\n","protected":false},"author":9,"featured_media":11549,"comment_status":"closed","ping_status":"closed","sticky":false,"template":"","format":"standard","meta":[],"categories":[63],"tags":[711,826],"suno_strategy":[],"class_list":["post-14311","post","type-post","status-publish","format-standard","has-post-thumbnail","hentry","category-internacional","tag-china","tag-huawei"],"yoast_head":"<!-- This site is optimized with the Yoast SEO plugin v24.4 - https:\/\/yoast.com\/wordpress\/plugins\/seo\/ -->\n<title>China nega acusa\u00e7\u00f5es de espionagem da Noruega contra Huawei<\/title>\n<meta name=\"description\" content=\"O governo da China rejeitou as acusa\u00e7\u00f5es de espionagem contra a Huawei apresentadas pela Noruega. Clique aqui para saber mais.\" \/>\n<meta name=\"robots\" content=\"index, follow, max-snippet:-1, max-image-preview:large, max-video-preview:-1\" \/>\n<link rel=\"canonical\" href=\"https:\/\/www.suno.com.br\/noticias\/china-nega-acusacoes-noruega-huawei-espionagem\/\" \/>\n<meta property=\"og:locale\" content=\"pt_BR\" \/>\n<meta property=\"og:type\" content=\"article\" \/>\n<meta property=\"og:title\" content=\"China nega acusa\u00e7\u00f5es de espionagem da Noruega contra Huawei\" \/>\n<meta property=\"og:description\" content=\"O governo da China rejeitou as acusa\u00e7\u00f5es de espionagem contra a Huawei apresentadas pela Noruega. Clique aqui para saber mais.\" \/>\n<meta property=\"og:url\" content=\"https:\/\/www.suno.com.br\/noticias\/china-nega-acusacoes-noruega-huawei-espionagem\/\" \/>\n<meta property=\"og:site_name\" content=\"Suno Not\u00edcias\" \/>\n<meta property=\"article:publisher\" content=\"https:\/\/facebook.com\/sunoresearch\" \/>\n<meta property=\"og:image\" content=\"https:\/\/files.sunoresearch.com.br\/n\/uploads\/2019\/01\/e46c01ed-huawei.jpg\" \/>\n\t<meta property=\"og:image:width\" content=\"800\" \/>\n\t<meta property=\"og:image:height\" content=\"641\" \/>\n\t<meta property=\"og:image:type\" content=\"image\/jpeg\" \/>\n<meta name=\"author\" content=\"Carlo Cauti\" \/>\n<meta name=\"twitter:card\" content=\"summary_large_image\" \/>\n<meta name=\"twitter:creator\" content=\"@sunoresearch\" \/>\n<meta name=\"twitter:site\" content=\"@sunoresearch\" \/>\n<meta name=\"twitter:label1\" content=\"Escrito por\" \/>\n\t<meta name=\"twitter:data1\" content=\"Carlo Cauti\" \/>\n\t<meta name=\"twitter:label2\" content=\"Est. tempo de leitura\" \/>\n\t<meta name=\"twitter:data2\" content=\"4 minutos\" \/>\n<script type=\"application\/ld+json\" class=\"yoast-schema-graph\">{\"@context\":\"https:\/\/schema.org\",\"@graph\":[{\"@type\":\"NewsArticle\",\"@id\":\"https:\/\/www.suno.com.br\/noticias\/china-nega-acusacoes-noruega-huawei-espionagem\/#article\",\"isPartOf\":{\"@id\":\"https:\/\/www.suno.com.br\/noticias\/china-nega-acusacoes-noruega-huawei-espionagem\/\"},\"author\":{\"name\":\"Carlo Cauti\",\"@id\":\"https:\/\/www.suno.com.br\/noticias\/#\/schema\/person\/e6e0f723cc177805027f4566c1d5e0c8\"},\"headline\":\"China nega acusa\u00e7\u00f5es de espionagem da Noruega contra Huawei\",\"datePublished\":\"2019-02-06T10:56:35+00:00\",\"mainEntityOfPage\":{\"@id\":\"https:\/\/www.suno.com.br\/noticias\/china-nega-acusacoes-noruega-huawei-espionagem\/\"},\"wordCount\":819,\"publisher\":{\"@id\":\"https:\/\/www.suno.com.br\/noticias\/#organization\"},\"image\":{\"@id\":\"https:\/\/www.suno.com.br\/noticias\/china-nega-acusacoes-noruega-huawei-espionagem\/#primaryimage\"},\"thumbnailUrl\":\"https:\/\/files.sunoresearch.com.br\/n\/uploads\/2019\/01\/e46c01ed-huawei-jpg.webp\",\"keywords\":[\"China\",\"Huawei\"],\"articleSection\":[\"Internacional\"],\"inLanguage\":\"pt-BR\"},{\"@type\":\"WebPage\",\"@id\":\"https:\/\/www.suno.com.br\/noticias\/china-nega-acusacoes-noruega-huawei-espionagem\/\",\"url\":\"https:\/\/www.suno.com.br\/noticias\/china-nega-acusacoes-noruega-huawei-espionagem\/\",\"name\":\"China nega acusa\u00e7\u00f5es de espionagem da Noruega contra Huawei\",\"isPartOf\":{\"@id\":\"https:\/\/www.suno.com.br\/noticias\/#website\"},\"primaryImageOfPage\":{\"@id\":\"https:\/\/www.suno.com.br\/noticias\/china-nega-acusacoes-noruega-huawei-espionagem\/#primaryimage\"},\"image\":{\"@id\":\"https:\/\/www.suno.com.br\/noticias\/china-nega-acusacoes-noruega-huawei-espionagem\/#primaryimage\"},\"thumbnailUrl\":\"https:\/\/files.sunoresearch.com.br\/n\/uploads\/2019\/01\/e46c01ed-huawei-jpg.webp\",\"datePublished\":\"2019-02-06T10:56:35+00:00\",\"description\":\"O governo da China rejeitou as acusa\u00e7\u00f5es de espionagem contra a Huawei apresentadas pela Noruega. Clique aqui para saber mais.\",\"breadcrumb\":{\"@id\":\"https:\/\/www.suno.com.br\/noticias\/china-nega-acusacoes-noruega-huawei-espionagem\/#breadcrumb\"},\"inLanguage\":\"pt-BR\",\"potentialAction\":[{\"@type\":\"ReadAction\",\"target\":[\"https:\/\/www.suno.com.br\/noticias\/china-nega-acusacoes-noruega-huawei-espionagem\/\"]}]},{\"@type\":\"ImageObject\",\"inLanguage\":\"pt-BR\",\"@id\":\"https:\/\/www.suno.com.br\/noticias\/china-nega-acusacoes-noruega-huawei-espionagem\/#primaryimage\",\"url\":\"https:\/\/files.sunoresearch.com.br\/n\/uploads\/2019\/01\/e46c01ed-huawei-jpg.webp\",\"contentUrl\":\"https:\/\/files.sunoresearch.com.br\/n\/uploads\/2019\/01\/e46c01ed-huawei-jpg.webp\",\"width\":800,\"height\":641,\"caption\":\"Fundador da Huawei diz que pol\u00edticos americanos subestimam chinesa\"},{\"@type\":\"BreadcrumbList\",\"@id\":\"https:\/\/www.suno.com.br\/noticias\/china-nega-acusacoes-noruega-huawei-espionagem\/#breadcrumb\",\"itemListElement\":[{\"@type\":\"ListItem\",\"position\":1,\"name\":\"Not\u00edcias\",\"item\":\"https:\/\/www.suno.com.br\/noticias\/\"},{\"@type\":\"ListItem\",\"position\":2,\"name\":\"Internacional\",\"item\":\"https:\/\/www.suno.com.br\/noticias\/internacional\/\"},{\"@type\":\"ListItem\",\"position\":3,\"name\":\"China nega acusa\u00e7\u00f5es de espionagem da Noruega contra Huawei\"}]},{\"@type\":\"WebSite\",\"@id\":\"https:\/\/www.suno.com.br\/noticias\/#website\",\"url\":\"https:\/\/www.suno.com.br\/noticias\/\",\"name\":\"Suno Not\u00edcias\",\"description\":\"Seu portal de informa\u00e7\u00e3o sobre o mundo dos investimentos\",\"publisher\":{\"@id\":\"https:\/\/www.suno.com.br\/noticias\/#organization\"},\"potentialAction\":[{\"@type\":\"SearchAction\",\"target\":{\"@type\":\"EntryPoint\",\"urlTemplate\":\"https:\/\/www.suno.com.br\/noticias\/?s={search_term_string}\"},\"query-input\":{\"@type\":\"PropertyValueSpecification\",\"valueRequired\":true,\"valueName\":\"search_term_string\"}}],\"inLanguage\":\"pt-BR\"},{\"@type\":\"Organization\",\"@id\":\"https:\/\/www.suno.com.br\/noticias\/#organization\",\"name\":\"Suno Not\u00edcias\",\"url\":\"https:\/\/www.suno.com.br\/noticias\/\",\"logo\":{\"@type\":\"ImageObject\",\"inLanguage\":\"pt-BR\",\"@id\":\"https:\/\/www.suno.com.br\/noticias\/#\/schema\/logo\/image\/\",\"url\":\"https:\/\/files.sunoresearch.com.br\/n\/uploads\/2021\/09\/suno-logo.png\",\"contentUrl\":\"https:\/\/files.sunoresearch.com.br\/n\/uploads\/2021\/09\/suno-logo.png\",\"width\":180,\"height\":180,\"caption\":\"Suno Not\u00edcias\"},\"image\":{\"@id\":\"https:\/\/www.suno.com.br\/noticias\/#\/schema\/logo\/image\/\"},\"sameAs\":[\"https:\/\/facebook.com\/sunoresearch\",\"https:\/\/x.com\/sunoresearch\",\"https:\/\/www.instagram.com\/suno\",\"https:\/\/www.linkedin.com\/company\/suno-research\/\",\"https:\/\/www.youtube.com\/c\/sunoresearch\"]},{\"@type\":\"Person\",\"@id\":\"https:\/\/www.suno.com.br\/noticias\/#\/schema\/person\/e6e0f723cc177805027f4566c1d5e0c8\",\"name\":\"Carlo Cauti\",\"image\":{\"@type\":\"ImageObject\",\"inLanguage\":\"pt-BR\",\"@id\":\"https:\/\/www.suno.com.br\/noticias\/#\/schema\/person\/image\/\",\"url\":\"https:\/\/secure.gravatar.com\/avatar\/3ada9e0bd164c23abd4792a9606d583c?s=96&r=g\",\"contentUrl\":\"https:\/\/secure.gravatar.com\/avatar\/3ada9e0bd164c23abd4792a9606d583c?s=96&r=g\",\"caption\":\"Carlo Cauti\"},\"description\":\"Editor multim\u00eddia do SUNO Not\u00edcias. Italiano, formado em Ci\u00eancias Pol\u00edticas pela universidade LUISS G. Carli de Roma e mestre cum laude em Rela\u00e7\u00f5es Internacionais, Jornalismo Internacional e de Guerra e em Economia Internacional. Concluiu tamb\u00e9m um MBA em Finan\u00e7as na B3. No Brasil, teve passagem por ve\u00edculos como Estad\u00e3o, Globo, Veja e EXAME. e nas ag\u00eancias de not\u00edcias italianas ANSA e NOVA.\",\"url\":\"https:\/\/www.suno.com.br\/noticias\/author\/carlo-cauti\/\"}]}<\/script>\n<!-- \/ Yoast SEO plugin. -->","yoast_head_json":{"title":"China nega acusa\u00e7\u00f5es de espionagem da Noruega contra Huawei","description":"O governo da China rejeitou as acusa\u00e7\u00f5es de espionagem contra a Huawei apresentadas pela Noruega. Clique aqui para saber mais.","robots":{"index":"index","follow":"follow","max-snippet":"max-snippet:-1","max-image-preview":"max-image-preview:large","max-video-preview":"max-video-preview:-1"},"canonical":"https:\/\/www.suno.com.br\/noticias\/china-nega-acusacoes-noruega-huawei-espionagem\/","og_locale":"pt_BR","og_type":"article","og_title":"China nega acusa\u00e7\u00f5es de espionagem da Noruega contra Huawei","og_description":"O governo da China rejeitou as acusa\u00e7\u00f5es de espionagem contra a Huawei apresentadas pela Noruega. Clique aqui para saber mais.","og_url":"https:\/\/www.suno.com.br\/noticias\/china-nega-acusacoes-noruega-huawei-espionagem\/","og_site_name":"Suno Not\u00edcias","article_publisher":"https:\/\/facebook.com\/sunoresearch","og_image":[{"width":800,"height":641,"url":"https:\/\/files.sunoresearch.com.br\/n\/uploads\/2019\/01\/e46c01ed-huawei.jpg","type":"image\/jpeg"}],"author":"Carlo Cauti","twitter_card":"summary_large_image","twitter_creator":"@sunoresearch","twitter_site":"@sunoresearch","twitter_misc":{"Escrito por":"Carlo Cauti","Est. tempo de leitura":"4 minutos"},"schema":{"@context":"https:\/\/schema.org","@graph":[{"@type":"NewsArticle","@id":"https:\/\/www.suno.com.br\/noticias\/china-nega-acusacoes-noruega-huawei-espionagem\/#article","isPartOf":{"@id":"https:\/\/www.suno.com.br\/noticias\/china-nega-acusacoes-noruega-huawei-espionagem\/"},"author":{"name":"Carlo Cauti","@id":"https:\/\/www.suno.com.br\/noticias\/#\/schema\/person\/e6e0f723cc177805027f4566c1d5e0c8"},"headline":"China nega acusa\u00e7\u00f5es de espionagem da Noruega contra Huawei","datePublished":"2019-02-06T10:56:35+00:00","mainEntityOfPage":{"@id":"https:\/\/www.suno.com.br\/noticias\/china-nega-acusacoes-noruega-huawei-espionagem\/"},"wordCount":819,"publisher":{"@id":"https:\/\/www.suno.com.br\/noticias\/#organization"},"image":{"@id":"https:\/\/www.suno.com.br\/noticias\/china-nega-acusacoes-noruega-huawei-espionagem\/#primaryimage"},"thumbnailUrl":"https:\/\/files.sunoresearch.com.br\/n\/uploads\/2019\/01\/e46c01ed-huawei-jpg.webp","keywords":["China","Huawei"],"articleSection":["Internacional"],"inLanguage":"pt-BR"},{"@type":"WebPage","@id":"https:\/\/www.suno.com.br\/noticias\/china-nega-acusacoes-noruega-huawei-espionagem\/","url":"https:\/\/www.suno.com.br\/noticias\/china-nega-acusacoes-noruega-huawei-espionagem\/","name":"China nega acusa\u00e7\u00f5es de espionagem da Noruega contra Huawei","isPartOf":{"@id":"https:\/\/www.suno.com.br\/noticias\/#website"},"primaryImageOfPage":{"@id":"https:\/\/www.suno.com.br\/noticias\/china-nega-acusacoes-noruega-huawei-espionagem\/#primaryimage"},"image":{"@id":"https:\/\/www.suno.com.br\/noticias\/china-nega-acusacoes-noruega-huawei-espionagem\/#primaryimage"},"thumbnailUrl":"https:\/\/files.sunoresearch.com.br\/n\/uploads\/2019\/01\/e46c01ed-huawei-jpg.webp","datePublished":"2019-02-06T10:56:35+00:00","description":"O governo da China rejeitou as acusa\u00e7\u00f5es de espionagem contra a Huawei apresentadas pela Noruega. Clique aqui para saber mais.","breadcrumb":{"@id":"https:\/\/www.suno.com.br\/noticias\/china-nega-acusacoes-noruega-huawei-espionagem\/#breadcrumb"},"inLanguage":"pt-BR","potentialAction":[{"@type":"ReadAction","target":["https:\/\/www.suno.com.br\/noticias\/china-nega-acusacoes-noruega-huawei-espionagem\/"]}]},{"@type":"ImageObject","inLanguage":"pt-BR","@id":"https:\/\/www.suno.com.br\/noticias\/china-nega-acusacoes-noruega-huawei-espionagem\/#primaryimage","url":"https:\/\/files.sunoresearch.com.br\/n\/uploads\/2019\/01\/e46c01ed-huawei-jpg.webp","contentUrl":"https:\/\/files.sunoresearch.com.br\/n\/uploads\/2019\/01\/e46c01ed-huawei-jpg.webp","width":800,"height":641,"caption":"Fundador da Huawei diz que pol\u00edticos americanos subestimam chinesa"},{"@type":"BreadcrumbList","@id":"https:\/\/www.suno.com.br\/noticias\/china-nega-acusacoes-noruega-huawei-espionagem\/#breadcrumb","itemListElement":[{"@type":"ListItem","position":1,"name":"Not\u00edcias","item":"https:\/\/www.suno.com.br\/noticias\/"},{"@type":"ListItem","position":2,"name":"Internacional","item":"https:\/\/www.suno.com.br\/noticias\/internacional\/"},{"@type":"ListItem","position":3,"name":"China nega acusa\u00e7\u00f5es de espionagem da Noruega contra Huawei"}]},{"@type":"WebSite","@id":"https:\/\/www.suno.com.br\/noticias\/#website","url":"https:\/\/www.suno.com.br\/noticias\/","name":"Suno Not\u00edcias","description":"Seu portal de informa\u00e7\u00e3o sobre o mundo dos investimentos","publisher":{"@id":"https:\/\/www.suno.com.br\/noticias\/#organization"},"potentialAction":[{"@type":"SearchAction","target":{"@type":"EntryPoint","urlTemplate":"https:\/\/www.suno.com.br\/noticias\/?s={search_term_string}"},"query-input":{"@type":"PropertyValueSpecification","valueRequired":true,"valueName":"search_term_string"}}],"inLanguage":"pt-BR"},{"@type":"Organization","@id":"https:\/\/www.suno.com.br\/noticias\/#organization","name":"Suno Not\u00edcias","url":"https:\/\/www.suno.com.br\/noticias\/","logo":{"@type":"ImageObject","inLanguage":"pt-BR","@id":"https:\/\/www.suno.com.br\/noticias\/#\/schema\/logo\/image\/","url":"https:\/\/files.sunoresearch.com.br\/n\/uploads\/2021\/09\/suno-logo.png","contentUrl":"https:\/\/files.sunoresearch.com.br\/n\/uploads\/2021\/09\/suno-logo.png","width":180,"height":180,"caption":"Suno Not\u00edcias"},"image":{"@id":"https:\/\/www.suno.com.br\/noticias\/#\/schema\/logo\/image\/"},"sameAs":["https:\/\/facebook.com\/sunoresearch","https:\/\/x.com\/sunoresearch","https:\/\/www.instagram.com\/suno","https:\/\/www.linkedin.com\/company\/suno-research\/","https:\/\/www.youtube.com\/c\/sunoresearch"]},{"@type":"Person","@id":"https:\/\/www.suno.com.br\/noticias\/#\/schema\/person\/e6e0f723cc177805027f4566c1d5e0c8","name":"Carlo Cauti","image":{"@type":"ImageObject","inLanguage":"pt-BR","@id":"https:\/\/www.suno.com.br\/noticias\/#\/schema\/person\/image\/","url":"https:\/\/secure.gravatar.com\/avatar\/3ada9e0bd164c23abd4792a9606d583c?s=96&r=g","contentUrl":"https:\/\/secure.gravatar.com\/avatar\/3ada9e0bd164c23abd4792a9606d583c?s=96&r=g","caption":"Carlo Cauti"},"description":"Editor multim\u00eddia do SUNO Not\u00edcias. Italiano, formado em Ci\u00eancias Pol\u00edticas pela universidade LUISS G. Carli de Roma e mestre cum laude em Rela\u00e7\u00f5es Internacionais, Jornalismo Internacional e de Guerra e em Economia Internacional. Concluiu tamb\u00e9m um MBA em Finan\u00e7as na B3. No Brasil, teve passagem por ve\u00edculos como Estad\u00e3o, Globo, Veja e EXAME. e nas ag\u00eancias de not\u00edcias italianas ANSA e NOVA.","url":"https:\/\/www.suno.com.br\/noticias\/author\/carlo-cauti\/"}]}},"default_loop_html":"<div class=\"cardsPage__listCard__boxs\"><div class=\"cardsPage__listCard__boxs__img\"><a href=\"https:\/\/www.suno.com.br\/noticias\/china-nega-acusacoes-noruega-huawei-espionagem\/\"><img class=\"mask\" src=\"https:\/\/www.suno.com.br\/noticias\/wp-content\/themes\/suno\/resources\/images\/spotlight\/spotlight1img\/bg-mask.png\" alt=\"Image Mask\"\/><img src=\"https:\/\/files.sunoresearch.com.br\/n\/uploads\/2019\/01\/e46c01ed-huawei-400x200.webp\" alt=\"China nega acusa\u00e7\u00f5es de espionagem da Noruega contra Huawei\"\/><\/a><span class=\"spotlightCategory\"><a href=\"https:\/\/www.suno.com.br\/noticias\/internacional\/\">Internacional<\/a><\/span><\/div><div class=\"cardsPage__listCard__boxs__content\"><a href=\"https:\/\/www.suno.com.br\/noticias\/china-nega-acusacoes-noruega-huawei-espionagem\/\"><h2 class=\"content__title\">China nega acusa\u00e7\u00f5es de espionagem da Noruega contra Huawei<\/h2><\/a><div class=\"newsContent__article__meta\"><div class=\"newsContent__article__meta__authorBox\"><a href=\"https:\/\/www.suno.com.br\/noticias\/author\/carlo-cauti\/\" class=\"authorBox__avatar noMobi\"><img src=\"https:\/\/files.sunoresearch.com.br\/n\/uploads\/2020\/08\/e3745f9a-perfil-carlo-cauti-150x150.webp\" alt=\"Carlo Cauti\"><\/a><div class=\"authorBox__name\"><span>por\n\t\t\t<a href=\"https:\/\/www.suno.com.br\/noticias\/author\/carlo-cauti\/\"><span itemprop=\"author\">Carlo Cauti<\/span><\/a><\/span><time datetime=\"2019-02-06T08:56:35-02:00\" itemprop=\"datePublished\">06\/02\/2019 08:56<\/time><\/div><\/div><\/div><\/div><\/div>","single_layout":"posts","amp_enabled":true,"_links":{"self":[{"href":"https:\/\/www.suno.com.br\/noticias\/wp-json\/wp\/v2\/posts\/14311"}],"collection":[{"href":"https:\/\/www.suno.com.br\/noticias\/wp-json\/wp\/v2\/posts"}],"about":[{"href":"https:\/\/www.suno.com.br\/noticias\/wp-json\/wp\/v2\/types\/post"}],"author":[{"embeddable":true,"href":"https:\/\/www.suno.com.br\/noticias\/wp-json\/wp\/v2\/users\/9"}],"replies":[{"embeddable":true,"href":"https:\/\/www.suno.com.br\/noticias\/wp-json\/wp\/v2\/comments?post=14311"}],"version-history":[{"count":0,"href":"https:\/\/www.suno.com.br\/noticias\/wp-json\/wp\/v2\/posts\/14311\/revisions"}],"wp:featuredmedia":[{"embeddable":true,"href":"https:\/\/www.suno.com.br\/noticias\/wp-json\/wp\/v2\/media\/11549"}],"wp:attachment":[{"href":"https:\/\/www.suno.com.br\/noticias\/wp-json\/wp\/v2\/media?parent=14311"}],"wp:term":[{"taxonomy":"category","embeddable":true,"href":"https:\/\/www.suno.com.br\/noticias\/wp-json\/wp\/v2\/categories?post=14311"},{"taxonomy":"post_tag","embeddable":true,"href":"https:\/\/www.suno.com.br\/noticias\/wp-json\/wp\/v2\/tags?post=14311"},{"taxonomy":"suno_strategy","embeddable":true,"href":"https:\/\/www.suno.com.br\/noticias\/wp-json\/wp\/v2\/suno_strategy?post=14311"}],"curies":[{"name":"wp","href":"https:\/\/api.w.org\/{rel}","templated":true}]}}