{"id":143002,"date":"2021-04-28T13:37:19","date_gmt":"2021-04-28T16:37:19","guid":{"rendered":"https:\/\/www.suno.com.br\/noticias\/?p=143002"},"modified":"2021-04-28T14:29:31","modified_gmt":"2021-04-28T17:29:31","slug":"governo-de-sp-flexibiliza-fase-de-transicao-comercio-mais-tempo","status":"publish","type":"post","link":"https:\/\/www.suno.com.br\/noticias\/governo-de-sp-flexibiliza-fase-de-transicao-comercio-mais-tempo\/","title":{"rendered":"Governo de SP flexibiliza fase de transi\u00e7\u00e3o e aumenta hor\u00e1rio de funcionamento do com\u00e9rcio"},"content":{"rendered":"<p>O Governo de S\u00e3o Paulo anunciou que, a partir do pr\u00f3ximo s\u00e1bado (1), flexibilizar\u00e1 ainda mais o hor\u00e1rio de funcionamento do com\u00e9rcio na regi\u00e3o. Se antes a maioria dos estabelecimentos podia funcionar apenas das 11h \u00e0s 19h, agora o hor\u00e1rio se estender\u00e1 das 6h \u00e0s 20h. Trata-se de mais um avan\u00e7o da chamada <strong>fase de transi\u00e7\u00e3o<\/strong>.<\/p>\t<div class=\"wrapper-featured-image\">\n\t\t<figure class=\"spotlightImg\">\n\n\t\t\t<picture>\n\t\t\t\t<source media=\"(max-width: 768px)\" srcset=\"https:\/\/files.sunoresearch.com.br\/n\/uploads\/2021\/03\/82f9dba8-51046018703_f7797612b0_4k-1-400x200.webp\">\n\t\t\t\t<img loading=\"lazy\" decoding=\"async\" class=\"newsContent__article__imgCapa lazyloadDisabled \" src=\"https:\/\/files.sunoresearch.com.br\/n\/uploads\/2021\/03\/82f9dba8-51046018703_f7797612b0_4k-1-800x450.webp\" width=\"800\" height=\"450\" alt=\"Governo de SP flexibiliza fase de transi\u00e7\u00e3o e aumenta hor\u00e1rio de funcionamento do com\u00e9rcio\" fetchpriority=high \/>\n\t\t\t<\/picture>\n\n\t\t\t<figcaption class=\"wp-caption-text wp-caption-text--show\">Com acelera\u00e7\u00e3o da vacina\u00e7\u00e3o, o Governo de S\u00e3o Paulo tamb\u00e9m decretou fim do home office no servi\u00e7o p\u00fablico estadual recentemente - Foto: Governo do Estado de S\u00e3o Paulo<\/figcaption>\n\t\t<\/figure>\n\t<\/div>\n\n\n<p><span style=\"font-weight: 400;\">\t<p>\n\t\t<a href=\"https:\/\/lp.suno.com.br\/planilha-controle-gastos\/\" target=\"_blank\" data-element=\"shortcode-suno-banner\" title=\"Banner SUNO, clique e saiba mais\">\n\t\t\t<picture>\n\t\t\t\t<source media=\"(max-width: 500px)\" srcset=\"https:\/\/files.sunoresearch.com.br\/n\/uploads\/2023\/03\/400x300-Planilha-controle-de-gastos.png\">\n\t\t\t\t<img class=\"newsContent__article__imgCapa newsContent__article__imgCapa--banner\"\n\t\t\t\t\tsrc=\"https:\/\/files.sunoresearch.com.br\/n\/uploads\/2023\/03\/1420x240-Planilha-controle-de-gastos.png\"\n\t\t\t\t\tdata-promo-id=\"101751\"\t\t\t\t\t\t\t\t\t\twidth='1420' height='240'\t\t\t\t\talt=\"https:\/\/files.sunoresearch.com.br\/n\/uploads\/2023\/03\/1420x240-Planilha-controle-de-gastos.png\"\n\t\t\t\t>\n\t\t\t<\/picture>\n\t\t<\/a>\n\t<\/p>\n\n<\/span><\/p>\n<p>Com a mudan\u00e7a na fase de transi\u00e7\u00e3o, o atendimento presencial em com\u00e9rcios fica liberado entre o intervalo mencionado, bem como a maioria dos servi\u00e7os: restaurantes, bares, sal\u00f5es de beleza, atividades culturais e academia <strong>poder\u00e3o funcionar por 14 horas ininterruptas<\/strong>.<\/p>\n<p>Os estabelecimentos, por\u00e9m, t\u00eam de manter a taxa de ocupa\u00e7\u00e3o em, no m\u00e1ximo, 25% e devem seguir os protocolos sanit\u00e1rios.<\/p>\n<p><a href=\"https:\/\/lp.suno.com.br\/suno-one\/?ppp=noticias\/hospital-care-pedido-ipo-cvm\/\"><b>Suno One: acesse gratuitamente eBooks, Minicursos, Artigos e V\u00eddeo Aulas sobre investimentos com um \u00fanico cadastro. Clique para saber mais!<\/b><\/a><\/p>\n<p>Apesar do avan\u00e7o da fase de transi\u00e7\u00e3o, o toque de recolher das 20h \u00e0s 5h est\u00e1 mantido, bem como a recomenda\u00e7\u00e3o de home office para as atividades administrativas n\u00e3o essenciais.<\/p>\n<p>&#8220;O governo do estado de S\u00e3o Paulo prorroga a fase de transi\u00e7\u00e3o por mais uma semana, por\u00e9m, com a amplia\u00e7\u00e3o do hor\u00e1rio de funcionamento das atividades comerciais na regi\u00e3o&#8221;, afirmou o governador Jo\u00e3o D\u00f3ria em coletiva realizada no in\u00edcio da tarde desta quarta-feira (28)<\/p>\n<p>A <strong>prorroga\u00e7\u00e3o vai do dia primeiro de maio at\u00e9 o dia nove de maio<\/strong>, domingo de dia das m\u00e3es. &#8220;\u00c9 uma recomenda\u00e7\u00e3o do nosso centro de conting\u00eancia da covid-19&#8221;, disse D\u00f3ria. &#8220;Com a melhora dos indicadores, ser\u00e1 poss\u00edvel estender o hor\u00e1rio de funcionamento do com\u00e9rcio&#8221;, concluiu.<\/p>\n<p><span style=\"font-weight: 400;\">\t<p>\n\t\t<a href=\"https:\/\/lp.suno.com.br\/planilha-da-vida-financeira\/\" target=\"_blank\" data-element=\"shortcode-suno-banner\" title=\"Banner SUNO, clique e saiba mais\">\n\t\t\t<picture>\n\t\t\t\t<source media=\"(max-width: 500px)\" srcset=\"https:\/\/files.sunoresearch.com.br\/n\/uploads\/2023\/04\/400x300-Planilha-vida-financeira-true.png\">\n\t\t\t\t<img class=\"newsContent__article__imgCapa newsContent__article__imgCapa--banner\"\n\t\t\t\t\tsrc=\"https:\/\/files.sunoresearch.com.br\/n\/uploads\/2023\/04\/1420x240-Planilha-vida-financeira-true.png\"\n\t\t\t\t\tdata-promo-id=\"106682\"\t\t\t\t\t\t\t\t\t\twidth='1420' height='240'\t\t\t\t\talt=\"https:\/\/files.sunoresearch.com.br\/n\/uploads\/2023\/04\/1420x240-Planilha-vida-financeira-true.png\"\n\t\t\t\t>\n\t\t\t<\/picture>\n\t\t<\/a>\n\t<\/p>\n\n<\/span><\/p>\n<h2>Mudan\u00e7a em fase de transi\u00e7\u00e3o vem com queda do avan\u00e7o da doen\u00e7a<\/h2>\n<p>No come\u00e7o desta semana, segundo dados do governo, o estado de S\u00e3o Paulo registrou mais uma vez queda nas interna\u00e7\u00f5es, de cerca de 26,9% &#8211; apesar de ter registrado, nessa ter\u00e7a (27), um n\u00famero de \u00f3bitos superior a mil ap\u00f3s uma semana com o indicador abaixo desse patamar.<\/p>\n<p>&#8220;N\u00f3s estamos, ao avan\u00e7ar com a fase de transi\u00e7\u00e3o, dando novamente um voto de confian\u00e7a a todos os setores econ\u00f4micos e contamos com o apoio dos prefeitos neste processo&#8221;, afirmou Patricia Ellen, secret\u00e1ria de Desenvolvimento Econ\u00f4mico.<\/p>\n<p>A \u00faltima mudan\u00e7a na <strong>fase de transi\u00e7\u00e3o<\/strong> foi feita no dia 23 de abril, quando o governo de S\u00e3o Paulo confirmou a abertura de bares, restaurantes e academias, mas com um hor\u00e1rio mais limitado.<\/p>\n<p><span style=\"font-weight: 400;\">\t<p>\n\t\t<a href=\"https:\/\/lp.suno.com.br\/planilha-de-controle-de-investimentos\/\" target=\"_blank\" data-element=\"shortcode-suno-banner\" title=\"Banner SUNO, clique e saiba mais\">\n\t\t\t<picture>\n\t\t\t\t<source media=\"(max-width: 500px)\" srcset=\"https:\/\/files.sunoresearch.com.br\/n\/uploads\/2023\/03\/400x300-Controle-de-Investimentos.png\">\n\t\t\t\t<img class=\"newsContent__article__imgCapa newsContent__article__imgCapa--banner\"\n\t\t\t\t\tsrc=\"https:\/\/files.sunoresearch.com.br\/n\/uploads\/2023\/03\/1420x240-Controle-de-Investimentos.png\"\n\t\t\t\t\tdata-promo-id=\"75934\"\t\t\t\t\t\t\t\t\t\twidth='1420' height='240'\t\t\t\t\talt=\"https:\/\/files.sunoresearch.com.br\/n\/uploads\/2023\/03\/1420x240-Controle-de-Investimentos.png\"\n\t\t\t\t>\n\t\t\t<\/picture>\n\t\t<\/a>\n\t<\/p>\n\n<\/span><\/p>\n","protected":false},"excerpt":{"rendered":"<p>O Governo de S\u00e3o Paulo anunciou que, a partir do pr\u00f3ximo s\u00e1bado (1), flexibilizar\u00e1 ainda mais o hor\u00e1rio de funcionamento do com\u00e9rcio na regi\u00e3o. Se antes a maioria dos estabelecimentos podia funcionar apenas das 11h \u00e0s 19h, agora o hor\u00e1rio se estender\u00e1 das 6h \u00e0s 20h. Trata-se de mais um avan\u00e7o da chamada fase de [&hellip;]<\/p>\n","protected":false},"author":59,"featured_media":134339,"comment_status":"closed","ping_status":"closed","sticky":false,"template":"","format":"standard","meta":[],"categories":[61],"tags":[5255,843],"suno_strategy":[],"class_list":["post-143002","post","type-post","status-publish","format-standard","has-post-thumbnail","hentry","category-politica","tag-covid-19","tag-sao-paulo"],"yoast_head":"<!-- This site is optimized with the Yoast SEO plugin v24.4 - https:\/\/yoast.com\/wordpress\/plugins\/seo\/ -->\n<title>Fase de transi\u00e7\u00e3o: Governo de SP libera com\u00e9rcio a ficar mais tempo aberto<\/title>\n<meta name=\"description\" content=\"O governo de SP flexibilizar\u00e1 mais a fase de transi\u00e7\u00e3o, permitindo o com\u00e9rcio a ficar mais tempo aberto. Clique aqui para saber mais.\" \/>\n<meta name=\"robots\" content=\"index, follow, max-snippet:-1, max-image-preview:large, max-video-preview:-1\" \/>\n<link rel=\"canonical\" href=\"https:\/\/www.suno.com.br\/noticias\/governo-de-sp-flexibiliza-fase-de-transicao-comercio-mais-tempo\/\" \/>\n<meta property=\"og:locale\" content=\"pt_BR\" \/>\n<meta property=\"og:type\" content=\"article\" \/>\n<meta property=\"og:title\" content=\"Fase de transi\u00e7\u00e3o: Governo de SP libera com\u00e9rcio a ficar mais tempo aberto\" \/>\n<meta property=\"og:description\" content=\"O governo de SP flexibilizar\u00e1 mais a fase de transi\u00e7\u00e3o, permitindo o com\u00e9rcio a ficar mais tempo aberto. Clique aqui para saber mais.\" \/>\n<meta property=\"og:url\" content=\"https:\/\/www.suno.com.br\/noticias\/governo-de-sp-flexibiliza-fase-de-transicao-comercio-mais-tempo\/\" \/>\n<meta property=\"og:site_name\" content=\"Suno Not\u00edcias\" \/>\n<meta property=\"article:publisher\" content=\"https:\/\/facebook.com\/sunoresearch\" \/>\n<meta property=\"og:image\" content=\"https:\/\/files.sunoresearch.com.br\/n\/uploads\/2021\/03\/82f9dba8-51046018703_f7797612b0_4k-1.jpg\" \/>\n\t<meta property=\"og:image:width\" content=\"1200\" \/>\n\t<meta property=\"og:image:height\" content=\"879\" \/>\n\t<meta property=\"og:image:type\" content=\"image\/jpeg\" \/>\n<meta name=\"author\" content=\"Vitor Azevedo\" \/>\n<meta name=\"twitter:card\" content=\"summary_large_image\" \/>\n<meta name=\"twitter:creator\" content=\"@sunoresearch\" \/>\n<meta name=\"twitter:site\" content=\"@sunoresearch\" \/>\n<meta name=\"twitter:label1\" content=\"Escrito por\" \/>\n\t<meta name=\"twitter:data1\" content=\"Vitor Azevedo\" \/>\n\t<meta name=\"twitter:label2\" content=\"Est. tempo de leitura\" \/>\n\t<meta name=\"twitter:data2\" content=\"2 minutos\" \/>\n<script type=\"application\/ld+json\" class=\"yoast-schema-graph\">{\"@context\":\"https:\/\/schema.org\",\"@graph\":[{\"@type\":\"NewsArticle\",\"@id\":\"https:\/\/www.suno.com.br\/noticias\/governo-de-sp-flexibiliza-fase-de-transicao-comercio-mais-tempo\/#article\",\"isPartOf\":{\"@id\":\"https:\/\/www.suno.com.br\/noticias\/governo-de-sp-flexibiliza-fase-de-transicao-comercio-mais-tempo\/\"},\"author\":{\"name\":\"Vitor Azevedo\",\"@id\":\"https:\/\/www.suno.com.br\/noticias\/#\/schema\/person\/658d5fbc74d81f265f5df3562d0038ab\"},\"headline\":\"Governo de SP flexibiliza fase de transi\u00e7\u00e3o e aumenta hor\u00e1rio de funcionamento do com\u00e9rcio\",\"datePublished\":\"2021-04-28T16:37:19+00:00\",\"dateModified\":\"2021-04-28T17:29:31+00:00\",\"mainEntityOfPage\":{\"@id\":\"https:\/\/www.suno.com.br\/noticias\/governo-de-sp-flexibiliza-fase-de-transicao-comercio-mais-tempo\/\"},\"wordCount\":466,\"publisher\":{\"@id\":\"https:\/\/www.suno.com.br\/noticias\/#organization\"},\"image\":{\"@id\":\"https:\/\/www.suno.com.br\/noticias\/governo-de-sp-flexibiliza-fase-de-transicao-comercio-mais-tempo\/#primaryimage\"},\"thumbnailUrl\":\"https:\/\/files.sunoresearch.com.br\/n\/uploads\/2021\/03\/82f9dba8-51046018703_f7797612b0_4k-1-jpg.webp\",\"keywords\":[\"covid-19\",\"S\u00e3o Paulo\"],\"articleSection\":[\"Pol\u00edtica\"],\"inLanguage\":\"pt-BR\"},{\"@type\":\"WebPage\",\"@id\":\"https:\/\/www.suno.com.br\/noticias\/governo-de-sp-flexibiliza-fase-de-transicao-comercio-mais-tempo\/\",\"url\":\"https:\/\/www.suno.com.br\/noticias\/governo-de-sp-flexibiliza-fase-de-transicao-comercio-mais-tempo\/\",\"name\":\"Fase de transi\u00e7\u00e3o: Governo de SP libera com\u00e9rcio a ficar mais tempo aberto\",\"isPartOf\":{\"@id\":\"https:\/\/www.suno.com.br\/noticias\/#website\"},\"primaryImageOfPage\":{\"@id\":\"https:\/\/www.suno.com.br\/noticias\/governo-de-sp-flexibiliza-fase-de-transicao-comercio-mais-tempo\/#primaryimage\"},\"image\":{\"@id\":\"https:\/\/www.suno.com.br\/noticias\/governo-de-sp-flexibiliza-fase-de-transicao-comercio-mais-tempo\/#primaryimage\"},\"thumbnailUrl\":\"https:\/\/files.sunoresearch.com.br\/n\/uploads\/2021\/03\/82f9dba8-51046018703_f7797612b0_4k-1-jpg.webp\",\"datePublished\":\"2021-04-28T16:37:19+00:00\",\"dateModified\":\"2021-04-28T17:29:31+00:00\",\"description\":\"O governo de SP flexibilizar\u00e1 mais a fase de transi\u00e7\u00e3o, permitindo o com\u00e9rcio a ficar mais tempo aberto. Clique aqui para saber mais.\",\"breadcrumb\":{\"@id\":\"https:\/\/www.suno.com.br\/noticias\/governo-de-sp-flexibiliza-fase-de-transicao-comercio-mais-tempo\/#breadcrumb\"},\"inLanguage\":\"pt-BR\",\"potentialAction\":[{\"@type\":\"ReadAction\",\"target\":[\"https:\/\/www.suno.com.br\/noticias\/governo-de-sp-flexibiliza-fase-de-transicao-comercio-mais-tempo\/\"]}]},{\"@type\":\"ImageObject\",\"inLanguage\":\"pt-BR\",\"@id\":\"https:\/\/www.suno.com.br\/noticias\/governo-de-sp-flexibiliza-fase-de-transicao-comercio-mais-tempo\/#primaryimage\",\"url\":\"https:\/\/files.sunoresearch.com.br\/n\/uploads\/2021\/03\/82f9dba8-51046018703_f7797612b0_4k-1-jpg.webp\",\"contentUrl\":\"https:\/\/files.sunoresearch.com.br\/n\/uploads\/2021\/03\/82f9dba8-51046018703_f7797612b0_4k-1-jpg.webp\",\"width\":1200,\"height\":879,\"caption\":\"Com acelera\u00e7\u00e3o da vacina\u00e7\u00e3o, o Governo de S\u00e3o Paulo tamb\u00e9m decretou fim do home office no servi\u00e7o p\u00fablico estadual recentemente - Foto: Governo do Estado de S\u00e3o Paulo\"},{\"@type\":\"BreadcrumbList\",\"@id\":\"https:\/\/www.suno.com.br\/noticias\/governo-de-sp-flexibiliza-fase-de-transicao-comercio-mais-tempo\/#breadcrumb\",\"itemListElement\":[{\"@type\":\"ListItem\",\"position\":1,\"name\":\"Not\u00edcias\",\"item\":\"https:\/\/www.suno.com.br\/noticias\/\"},{\"@type\":\"ListItem\",\"position\":2,\"name\":\"Pol\u00edtica\",\"item\":\"https:\/\/www.suno.com.br\/noticias\/politica\/\"},{\"@type\":\"ListItem\",\"position\":3,\"name\":\"Governo de SP flexibiliza fase de transi\u00e7\u00e3o e aumenta hor\u00e1rio de funcionamento do com\u00e9rcio\"}]},{\"@type\":\"WebSite\",\"@id\":\"https:\/\/www.suno.com.br\/noticias\/#website\",\"url\":\"https:\/\/www.suno.com.br\/noticias\/\",\"name\":\"Suno Not\u00edcias\",\"description\":\"Seu portal de informa\u00e7\u00e3o sobre o mundo dos investimentos\",\"publisher\":{\"@id\":\"https:\/\/www.suno.com.br\/noticias\/#organization\"},\"potentialAction\":[{\"@type\":\"SearchAction\",\"target\":{\"@type\":\"EntryPoint\",\"urlTemplate\":\"https:\/\/www.suno.com.br\/noticias\/?s={search_term_string}\"},\"query-input\":{\"@type\":\"PropertyValueSpecification\",\"valueRequired\":true,\"valueName\":\"search_term_string\"}}],\"inLanguage\":\"pt-BR\"},{\"@type\":\"Organization\",\"@id\":\"https:\/\/www.suno.com.br\/noticias\/#organization\",\"name\":\"Suno Not\u00edcias\",\"url\":\"https:\/\/www.suno.com.br\/noticias\/\",\"logo\":{\"@type\":\"ImageObject\",\"inLanguage\":\"pt-BR\",\"@id\":\"https:\/\/www.suno.com.br\/noticias\/#\/schema\/logo\/image\/\",\"url\":\"https:\/\/files.sunoresearch.com.br\/n\/uploads\/2021\/09\/suno-logo.png\",\"contentUrl\":\"https:\/\/files.sunoresearch.com.br\/n\/uploads\/2021\/09\/suno-logo.png\",\"width\":180,\"height\":180,\"caption\":\"Suno Not\u00edcias\"},\"image\":{\"@id\":\"https:\/\/www.suno.com.br\/noticias\/#\/schema\/logo\/image\/\"},\"sameAs\":[\"https:\/\/facebook.com\/sunoresearch\",\"https:\/\/x.com\/sunoresearch\",\"https:\/\/www.instagram.com\/suno\",\"https:\/\/www.linkedin.com\/company\/suno-research\/\",\"https:\/\/www.youtube.com\/c\/sunoresearch\"]},{\"@type\":\"Person\",\"@id\":\"https:\/\/www.suno.com.br\/noticias\/#\/schema\/person\/658d5fbc74d81f265f5df3562d0038ab\",\"name\":\"Vitor Azevedo\",\"image\":{\"@type\":\"ImageObject\",\"inLanguage\":\"pt-BR\",\"@id\":\"https:\/\/www.suno.com.br\/noticias\/#\/schema\/person\/image\/\",\"url\":\"https:\/\/secure.gravatar.com\/avatar\/62b86195291b446fe380824eb28b99a5?s=96&r=g\",\"contentUrl\":\"https:\/\/secure.gravatar.com\/avatar\/62b86195291b446fe380824eb28b99a5?s=96&r=g\",\"caption\":\"Vitor Azevedo\"},\"description\":\"Formado em jornalismo pela Unesp, escreve sobre economia e neg\u00f3cios para a Suno Not\u00edcias.\",\"url\":\"https:\/\/www.suno.com.br\/noticias\/author\/vitor-azevedo\/\"}]}<\/script>\n<!-- \/ Yoast SEO plugin. -->","yoast_head_json":{"title":"Fase de transi\u00e7\u00e3o: Governo de SP libera com\u00e9rcio a ficar mais tempo aberto","description":"O governo de SP flexibilizar\u00e1 mais a fase de transi\u00e7\u00e3o, permitindo o com\u00e9rcio a ficar mais tempo aberto. Clique aqui para saber mais.","robots":{"index":"index","follow":"follow","max-snippet":"max-snippet:-1","max-image-preview":"max-image-preview:large","max-video-preview":"max-video-preview:-1"},"canonical":"https:\/\/www.suno.com.br\/noticias\/governo-de-sp-flexibiliza-fase-de-transicao-comercio-mais-tempo\/","og_locale":"pt_BR","og_type":"article","og_title":"Fase de transi\u00e7\u00e3o: Governo de SP libera com\u00e9rcio a ficar mais tempo aberto","og_description":"O governo de SP flexibilizar\u00e1 mais a fase de transi\u00e7\u00e3o, permitindo o com\u00e9rcio a ficar mais tempo aberto. Clique aqui para saber mais.","og_url":"https:\/\/www.suno.com.br\/noticias\/governo-de-sp-flexibiliza-fase-de-transicao-comercio-mais-tempo\/","og_site_name":"Suno Not\u00edcias","article_publisher":"https:\/\/facebook.com\/sunoresearch","og_image":[{"width":1200,"height":879,"url":"https:\/\/files.sunoresearch.com.br\/n\/uploads\/2021\/03\/82f9dba8-51046018703_f7797612b0_4k-1.jpg","type":"image\/jpeg"}],"author":"Vitor Azevedo","twitter_card":"summary_large_image","twitter_creator":"@sunoresearch","twitter_site":"@sunoresearch","twitter_misc":{"Escrito por":"Vitor Azevedo","Est. tempo de leitura":"2 minutos"},"schema":{"@context":"https:\/\/schema.org","@graph":[{"@type":"NewsArticle","@id":"https:\/\/www.suno.com.br\/noticias\/governo-de-sp-flexibiliza-fase-de-transicao-comercio-mais-tempo\/#article","isPartOf":{"@id":"https:\/\/www.suno.com.br\/noticias\/governo-de-sp-flexibiliza-fase-de-transicao-comercio-mais-tempo\/"},"author":{"name":"Vitor Azevedo","@id":"https:\/\/www.suno.com.br\/noticias\/#\/schema\/person\/658d5fbc74d81f265f5df3562d0038ab"},"headline":"Governo de SP flexibiliza fase de transi\u00e7\u00e3o e aumenta hor\u00e1rio de funcionamento do com\u00e9rcio","datePublished":"2021-04-28T16:37:19+00:00","dateModified":"2021-04-28T17:29:31+00:00","mainEntityOfPage":{"@id":"https:\/\/www.suno.com.br\/noticias\/governo-de-sp-flexibiliza-fase-de-transicao-comercio-mais-tempo\/"},"wordCount":466,"publisher":{"@id":"https:\/\/www.suno.com.br\/noticias\/#organization"},"image":{"@id":"https:\/\/www.suno.com.br\/noticias\/governo-de-sp-flexibiliza-fase-de-transicao-comercio-mais-tempo\/#primaryimage"},"thumbnailUrl":"https:\/\/files.sunoresearch.com.br\/n\/uploads\/2021\/03\/82f9dba8-51046018703_f7797612b0_4k-1-jpg.webp","keywords":["covid-19","S\u00e3o Paulo"],"articleSection":["Pol\u00edtica"],"inLanguage":"pt-BR"},{"@type":"WebPage","@id":"https:\/\/www.suno.com.br\/noticias\/governo-de-sp-flexibiliza-fase-de-transicao-comercio-mais-tempo\/","url":"https:\/\/www.suno.com.br\/noticias\/governo-de-sp-flexibiliza-fase-de-transicao-comercio-mais-tempo\/","name":"Fase de transi\u00e7\u00e3o: Governo de SP libera com\u00e9rcio a ficar mais tempo aberto","isPartOf":{"@id":"https:\/\/www.suno.com.br\/noticias\/#website"},"primaryImageOfPage":{"@id":"https:\/\/www.suno.com.br\/noticias\/governo-de-sp-flexibiliza-fase-de-transicao-comercio-mais-tempo\/#primaryimage"},"image":{"@id":"https:\/\/www.suno.com.br\/noticias\/governo-de-sp-flexibiliza-fase-de-transicao-comercio-mais-tempo\/#primaryimage"},"thumbnailUrl":"https:\/\/files.sunoresearch.com.br\/n\/uploads\/2021\/03\/82f9dba8-51046018703_f7797612b0_4k-1-jpg.webp","datePublished":"2021-04-28T16:37:19+00:00","dateModified":"2021-04-28T17:29:31+00:00","description":"O governo de SP flexibilizar\u00e1 mais a fase de transi\u00e7\u00e3o, permitindo o com\u00e9rcio a ficar mais tempo aberto. Clique aqui para saber mais.","breadcrumb":{"@id":"https:\/\/www.suno.com.br\/noticias\/governo-de-sp-flexibiliza-fase-de-transicao-comercio-mais-tempo\/#breadcrumb"},"inLanguage":"pt-BR","potentialAction":[{"@type":"ReadAction","target":["https:\/\/www.suno.com.br\/noticias\/governo-de-sp-flexibiliza-fase-de-transicao-comercio-mais-tempo\/"]}]},{"@type":"ImageObject","inLanguage":"pt-BR","@id":"https:\/\/www.suno.com.br\/noticias\/governo-de-sp-flexibiliza-fase-de-transicao-comercio-mais-tempo\/#primaryimage","url":"https:\/\/files.sunoresearch.com.br\/n\/uploads\/2021\/03\/82f9dba8-51046018703_f7797612b0_4k-1-jpg.webp","contentUrl":"https:\/\/files.sunoresearch.com.br\/n\/uploads\/2021\/03\/82f9dba8-51046018703_f7797612b0_4k-1-jpg.webp","width":1200,"height":879,"caption":"Com acelera\u00e7\u00e3o da vacina\u00e7\u00e3o, o Governo de S\u00e3o Paulo tamb\u00e9m decretou fim do home office no servi\u00e7o p\u00fablico estadual recentemente - Foto: Governo do Estado de S\u00e3o Paulo"},{"@type":"BreadcrumbList","@id":"https:\/\/www.suno.com.br\/noticias\/governo-de-sp-flexibiliza-fase-de-transicao-comercio-mais-tempo\/#breadcrumb","itemListElement":[{"@type":"ListItem","position":1,"name":"Not\u00edcias","item":"https:\/\/www.suno.com.br\/noticias\/"},{"@type":"ListItem","position":2,"name":"Pol\u00edtica","item":"https:\/\/www.suno.com.br\/noticias\/politica\/"},{"@type":"ListItem","position":3,"name":"Governo de SP flexibiliza fase de transi\u00e7\u00e3o e aumenta hor\u00e1rio de funcionamento do com\u00e9rcio"}]},{"@type":"WebSite","@id":"https:\/\/www.suno.com.br\/noticias\/#website","url":"https:\/\/www.suno.com.br\/noticias\/","name":"Suno Not\u00edcias","description":"Seu portal de informa\u00e7\u00e3o sobre o mundo dos investimentos","publisher":{"@id":"https:\/\/www.suno.com.br\/noticias\/#organization"},"potentialAction":[{"@type":"SearchAction","target":{"@type":"EntryPoint","urlTemplate":"https:\/\/www.suno.com.br\/noticias\/?s={search_term_string}"},"query-input":{"@type":"PropertyValueSpecification","valueRequired":true,"valueName":"search_term_string"}}],"inLanguage":"pt-BR"},{"@type":"Organization","@id":"https:\/\/www.suno.com.br\/noticias\/#organization","name":"Suno Not\u00edcias","url":"https:\/\/www.suno.com.br\/noticias\/","logo":{"@type":"ImageObject","inLanguage":"pt-BR","@id":"https:\/\/www.suno.com.br\/noticias\/#\/schema\/logo\/image\/","url":"https:\/\/files.sunoresearch.com.br\/n\/uploads\/2021\/09\/suno-logo.png","contentUrl":"https:\/\/files.sunoresearch.com.br\/n\/uploads\/2021\/09\/suno-logo.png","width":180,"height":180,"caption":"Suno Not\u00edcias"},"image":{"@id":"https:\/\/www.suno.com.br\/noticias\/#\/schema\/logo\/image\/"},"sameAs":["https:\/\/facebook.com\/sunoresearch","https:\/\/x.com\/sunoresearch","https:\/\/www.instagram.com\/suno","https:\/\/www.linkedin.com\/company\/suno-research\/","https:\/\/www.youtube.com\/c\/sunoresearch"]},{"@type":"Person","@id":"https:\/\/www.suno.com.br\/noticias\/#\/schema\/person\/658d5fbc74d81f265f5df3562d0038ab","name":"Vitor Azevedo","image":{"@type":"ImageObject","inLanguage":"pt-BR","@id":"https:\/\/www.suno.com.br\/noticias\/#\/schema\/person\/image\/","url":"https:\/\/secure.gravatar.com\/avatar\/62b86195291b446fe380824eb28b99a5?s=96&r=g","contentUrl":"https:\/\/secure.gravatar.com\/avatar\/62b86195291b446fe380824eb28b99a5?s=96&r=g","caption":"Vitor Azevedo"},"description":"Formado em jornalismo pela Unesp, escreve sobre economia e neg\u00f3cios para a Suno Not\u00edcias.","url":"https:\/\/www.suno.com.br\/noticias\/author\/vitor-azevedo\/"}]}},"default_loop_html":"<div class=\"cardsPage__listCard__boxs\"><div class=\"cardsPage__listCard__boxs__img\"><a href=\"https:\/\/www.suno.com.br\/noticias\/governo-de-sp-flexibiliza-fase-de-transicao-comercio-mais-tempo\/\"><img class=\"mask\" src=\"https:\/\/www.suno.com.br\/noticias\/wp-content\/themes\/suno\/resources\/images\/spotlight\/spotlight1img\/bg-mask.png\" alt=\"Image Mask\"\/><img src=\"https:\/\/files.sunoresearch.com.br\/n\/uploads\/2021\/03\/82f9dba8-51046018703_f7797612b0_4k-1-400x200.webp\" alt=\"Governo de SP flexibiliza fase de transi\u00e7\u00e3o e aumenta hor\u00e1rio de funcionamento do com\u00e9rcio\"\/><\/a><span class=\"spotlightCategory\"><a href=\"https:\/\/www.suno.com.br\/noticias\/politica\/\">Pol\u00edtica<\/a><\/span><\/div><div class=\"cardsPage__listCard__boxs__content\"><a href=\"https:\/\/www.suno.com.br\/noticias\/governo-de-sp-flexibiliza-fase-de-transicao-comercio-mais-tempo\/\"><h2 class=\"content__title\">Governo de SP flexibiliza fase de transi\u00e7\u00e3o e aumenta hor\u00e1rio de funcionamento do com\u00e9rcio<\/h2><\/a><div class=\"newsContent__article__meta\"><div class=\"newsContent__article__meta__authorBox\"><a href=\"https:\/\/www.suno.com.br\/noticias\/author\/vitor-azevedo\/\" class=\"authorBox__avatar noMobi\"><img src=\"https:\/\/secure.gravatar.com\/avatar\/62b86195291b446fe380824eb28b99a5?s=96&#038;r=g\" alt=\"Vitor Azevedo\"><\/a><div class=\"authorBox__name\"><span>por\n\t\t\t<a href=\"https:\/\/www.suno.com.br\/noticias\/author\/vitor-azevedo\/\"><span itemprop=\"author\">Vitor Azevedo<\/span><\/a><\/span><time datetime=\"2021-04-28T13:37:19-03:00\" itemprop=\"datePublished\">28\/04\/2021 13:37<\/time><\/div><\/div><\/div><\/div><\/div>","single_layout":"posts","amp_enabled":true,"_links":{"self":[{"href":"https:\/\/www.suno.com.br\/noticias\/wp-json\/wp\/v2\/posts\/143002"}],"collection":[{"href":"https:\/\/www.suno.com.br\/noticias\/wp-json\/wp\/v2\/posts"}],"about":[{"href":"https:\/\/www.suno.com.br\/noticias\/wp-json\/wp\/v2\/types\/post"}],"author":[{"embeddable":true,"href":"https:\/\/www.suno.com.br\/noticias\/wp-json\/wp\/v2\/users\/59"}],"replies":[{"embeddable":true,"href":"https:\/\/www.suno.com.br\/noticias\/wp-json\/wp\/v2\/comments?post=143002"}],"version-history":[{"count":2,"href":"https:\/\/www.suno.com.br\/noticias\/wp-json\/wp\/v2\/posts\/143002\/revisions"}],"predecessor-version":[{"id":143012,"href":"https:\/\/www.suno.com.br\/noticias\/wp-json\/wp\/v2\/posts\/143002\/revisions\/143012"}],"wp:featuredmedia":[{"embeddable":true,"href":"https:\/\/www.suno.com.br\/noticias\/wp-json\/wp\/v2\/media\/134339"}],"wp:attachment":[{"href":"https:\/\/www.suno.com.br\/noticias\/wp-json\/wp\/v2\/media?parent=143002"}],"wp:term":[{"taxonomy":"category","embeddable":true,"href":"https:\/\/www.suno.com.br\/noticias\/wp-json\/wp\/v2\/categories?post=143002"},{"taxonomy":"post_tag","embeddable":true,"href":"https:\/\/www.suno.com.br\/noticias\/wp-json\/wp\/v2\/tags?post=143002"},{"taxonomy":"suno_strategy","embeddable":true,"href":"https:\/\/www.suno.com.br\/noticias\/wp-json\/wp\/v2\/suno_strategy?post=143002"}],"curies":[{"name":"wp","href":"https:\/\/api.w.org\/{rel}","templated":true}]}}