{"id":142925,"date":"2021-04-28T15:21:17","date_gmt":"2021-04-28T18:21:17","guid":{"rendered":"https:\/\/www.suno.com.br\/noticias\/?p=142925"},"modified":"2021-06-21T05:43:00","modified_gmt":"2021-06-21T08:43:00","slug":"stf-julga-exclusao-do-icms-pis-cofins","status":"publish","type":"post","link":"https:\/\/www.suno.com.br\/noticias\/stf-julga-exclusao-do-icms-pis-cofins\/","title":{"rendered":"STF decidir\u00e1 sobre ICMS nesta quinta, e varejo pode ser o setor mais afetado"},"content":{"rendered":"<p>Um dos temas tribut\u00e1rios mais debatidos nas \u00faltimas d\u00e9cadas do pa\u00eds, a exclus\u00e3o do Imposto sobre Circula\u00e7\u00e3o de Mercadorias e Servi\u00e7os (<a href=\"https:\/\/www.suno.com.br\/artigos\/icms\/\"><strong>ICMS)<\/strong><\/a> na base de c\u00e1lculo de PIS e Cofins pode estar pr\u00f3ximo de um desfecho. O Supremo Tribunal Federal (STF) dever\u00e1 julgar nesta quinta-feira (29) recurso da Uni\u00e3o sobre a quest\u00e3o, que impacta diretamente o contribuinte. A posi\u00e7\u00e3o a ser tomada pela Suprema Corte ser\u00e1 acompanhada com aten\u00e7\u00e3o pelas empresas listadas na <a href=\"https:\/\/www.suno.com.br\/artigos\/b3\/\">Bolsa de Valores de S\u00e3o Paulo (B3)<\/a>, em especial as varejistas.<\/p>\t<div class=\"wrapper-featured-image\">\n\t\t<figure class=\"spotlightImg\">\n\n\t\t\t<picture>\n\t\t\t\t<source media=\"(max-width: 768px)\" srcset=\"https:\/\/files.sunoresearch.com.br\/n\/uploads\/2021\/04\/22bc544b-bancoimagemfotoaudiencia_ap_282059-400x200.webp\">\n\t\t\t\t<img loading=\"lazy\" decoding=\"async\" class=\"newsContent__article__imgCapa lazyloadDisabled \" src=\"https:\/\/files.sunoresearch.com.br\/n\/uploads\/2021\/04\/22bc544b-bancoimagemfotoaudiencia_ap_282059-800x450.webp\" width=\"800\" height=\"450\" alt=\"STF decidir\u00e1 sobre ICMS nesta quinta, e varejo pode ser o setor mais afetado\" fetchpriority=high \/>\n\t\t\t<\/picture>\n\n\t\t\t<figcaption class=\"wp-caption-text wp-caption-text--show\">Supremo Tribunal Federal (STF) decide sobre piso de enfermagem. Foto: Dorivan Marinho\/STF\/Divulga\u00e7\u00e3o<\/figcaption>\n\t\t<\/figure>\n\t<\/div>\n\n\n<p><span style=\"font-weight: 400;\">\u00a0\t<p>\n\t\t<a href=\"https:\/\/lp.suno.com.br\/planilha-controle-gastos\/\" target=\"_blank\" data-element=\"shortcode-suno-banner\" title=\"Banner SUNO, clique e saiba mais\">\n\t\t\t<picture>\n\t\t\t\t<source media=\"(max-width: 500px)\" srcset=\"https:\/\/files.sunoresearch.com.br\/n\/uploads\/2023\/03\/400x300-Planilha-controle-de-gastos.png\">\n\t\t\t\t<img class=\"newsContent__article__imgCapa newsContent__article__imgCapa--banner\"\n\t\t\t\t\tsrc=\"https:\/\/files.sunoresearch.com.br\/n\/uploads\/2023\/03\/1420x240-Planilha-controle-de-gastos.png\"\n\t\t\t\t\tdata-promo-id=\"101751\"\t\t\t\t\t\t\t\t\t\twidth='1420' height='240'\t\t\t\t\talt=\"https:\/\/files.sunoresearch.com.br\/n\/uploads\/2023\/03\/1420x240-Planilha-controle-de-gastos.png\"\n\t\t\t\t>\n\t\t\t<\/picture>\n\t\t<\/a>\n\t<\/p>\n\n<\/span><\/p>\n<p>Conhecida como a tese tribut\u00e1ria da d\u00e9cada, a discuss\u00e3o est\u00e1 sob julgamento no <strong>STF<\/strong> desde 2017. Na ocasi\u00e3o, a Suprema Corte definiu que o ICMS n\u00e3o deve fazer parte da base de c\u00e1lculo das contribui\u00e7\u00f5es de PIS e <a href=\"https:\/\/www.suno.com.br\/artigos\/cofins\/\">Cofins<\/a>. Por\u00e9m, a <strong>Procuradoria Geral da Fazenda Nacional (PGFN)<\/strong> interp\u00f4s embargos de declara\u00e7\u00e3o, pedindo modula\u00e7\u00e3o temporal \u2013 defini\u00e7\u00e3o sobre a partir de quando a regra come\u00e7ar a valer &#8211; e esclarecimentos sobre a forma de exclus\u00e3o do ICMS &#8211; se seria o destacado em nota fiscal ou o efetivamente devido pelos contribuintes.<\/p>\n<p><a href=\"https:\/\/lp.suno.com.br\/suno-one\/?ppp=noticias\/hospital-care-pedido-ipo-cvm\/\"><b>Suno One: acesse gratuitamente eBooks, Minicursos, Artigos e V\u00eddeo Aulas sobre investimentos com um \u00fanico cadastro. Clique para saber mais!<\/b><\/a><\/p>\n<p>A PGFN defende que a n\u00e3o modula\u00e7\u00e3o dos efeitos da decis\u00e3o poderia causar um impacto de cerca de R$ 250 bilh\u00f5es nas contas p\u00fablicas, conforme apontado na <a href=\"https:\/\/www.suno.com.br\/artigos\/lei-orcamentaria-anual\/\">Lei de Diretrizes Or\u00e7ament\u00e1rias (LDO)<\/a>.<\/p>\n<p>Entre advogados tributaristas, h\u00e1 o entendimento que as modula\u00e7\u00f5es impostas pelo STF podem afetar negativamente o empresariado. \u201cExiste o risco de que o contribuinte ganhe e n\u00e3o leve. A depender da forma que for fixada uma eventual modula\u00e7\u00e3o temporal, pode ser que se restrinja o direito dos contribuintes em reaver o que pagaram indevidamente antes do julgamento do STF. Ou seja, pode ocorrer que o STF defina que a decis\u00e3o de exclus\u00e3o do ICMS da base do PIS e da Cofins s\u00f3 tenha validade a partir data do julgamento de outubro de 2017 ou, at\u00e9 mesmo, a partir da decis\u00e3o do pr\u00f3ximo dia 29 de abril\u201d, explica o advogado Eduardo Natal, s\u00f3cio do escrit\u00f3rio Natal &amp; Manssur e membro da Academia Brasileira de Direito Tribut\u00e1rio.<\/p>\n<h2>Lojas Renner obteve decis\u00e3o favor\u00e1vel<\/h2>\n<p>Como o ICMS \u00e9 um imposto que incide na venda de mercadorias, o desfecho no julgamento no <strong>STF<\/strong> tende a impactar principalmente as empresas varejistas, lembra a advogada especializada na \u00e1rea tribut\u00e1ria Maria Ang\u00e9lica Feij\u00f3, do escrit\u00f3rio Silveiro Advogados.<\/p>\n<p>\u201cToda empresa que tem a sua atividade focada na venda de mercadorias tem apura\u00e7\u00e3o de ICMS. Ent\u00e3o, para o varejo, o desfecho por ter um impacto financeiro muito grande, determinando um montante maior ou menor a ser exclu\u00eddo da base de c\u00e1lculo\u201d, avalia. Maria Ang\u00e9lica destaca que, caso a op\u00e7\u00e3o do STF seja pela exclus\u00e3o do ICMS efetivamente da nota fiscal, o impacto para as empresas no c\u00e1lculo da PIS e da Cofins tende ser a maior. Ou seja, elas pagariam menos PIS e Cofins.<\/p>\n<p><span style=\"font-weight: 400;\">\t<p>\n\t\t<a href=\"https:\/\/lp.suno.com.br\/planilha-da-vida-financeira\/\" target=\"_blank\" data-element=\"shortcode-suno-banner\" title=\"Banner SUNO, clique e saiba mais\">\n\t\t\t<picture>\n\t\t\t\t<source media=\"(max-width: 500px)\" srcset=\"https:\/\/files.sunoresearch.com.br\/n\/uploads\/2023\/04\/400x300-Planilha-vida-financeira-true.png\">\n\t\t\t\t<img class=\"newsContent__article__imgCapa newsContent__article__imgCapa--banner\"\n\t\t\t\t\tsrc=\"https:\/\/files.sunoresearch.com.br\/n\/uploads\/2023\/04\/1420x240-Planilha-vida-financeira-true.png\"\n\t\t\t\t\tdata-promo-id=\"106682\"\t\t\t\t\t\t\t\t\t\twidth='1420' height='240'\t\t\t\t\talt=\"https:\/\/files.sunoresearch.com.br\/n\/uploads\/2023\/04\/1420x240-Planilha-vida-financeira-true.png\"\n\t\t\t\t>\n\t\t\t<\/picture>\n\t\t<\/a>\n\t<\/p>\n\n<\/span><\/p>\n<p>Nos \u00faltimos anos, uma enxurrada de processos envolvendo o tema chegou ao Judici\u00e1rio e j\u00e1 existem diversas decis\u00f5es favor\u00e1veis \u00e0 exclus\u00e3o total do ICMS destacado nas notas fiscais ou faturas de venda de mercadorias. Entre as empresas que conseguiram ganhar na Justi\u00e7a o direito a reaver valores apurados inadequadamente est\u00e1 a <a href=\"https:\/\/www.suno.com.br\/acoes\/lren3\/\">Lojas Renner (LREN3)<\/a>.<\/p>\n<p>No ano passado, a empresa ga\u00facha obteve decis\u00e3o favor\u00e1vel para reaver R$ 1,36 bilh\u00e3o em <a href=\"https:\/\/www.suno.com.br\/artigos\/credito-fiscal\/\">cr\u00e9ditos tribut\u00e1rios<\/a>, correspondentes ao per\u00edodo entre novembro de 2001 e fevereiro de 2017. O valor ser\u00e1 usado para abater tributos federais pelos pr\u00f3ximos anos.<\/p>\n<p>Reconhecido no balan\u00e7o da <strong>Renner<\/strong>, o cr\u00e9dito contribuiu para que a companhia n\u00e3o fechasse 2020 com preju\u00edzo. Em um ano que as vendas ca\u00edram 21%, por causa dos efeitos da pandemia de <a href=\"https:\/\/www.suno.com.br\/noticias\/tags\/coronavirus\/\">coronav\u00edrus<\/a> na economia, a varejista encerrou o ano passado com lucro l\u00edquido de R$ 1,1 bilh\u00e3o, alta de 0,9% frente 2019.<\/p>\n<p>A Confedera\u00e7\u00e3o Nacional da Ind\u00fastria (CNI) realizou levantamento, com base nos balan\u00e7os de 2020 dispon\u00edveis para as 60 maiores empresas do Brasil, classificadas pelas vendas l\u00edquidas pela Revista Exame, e identificou que 16, ou seja, 27% delas tinham lan\u00e7amentos relativos a cr\u00e9ditos tribut\u00e1rios extempor\u00e2neos referentes \u00e0 exclus\u00e3o do ICMS da base de c\u00e1lculo de PIS e Cofins.<\/p>\n<p>Conforme nota t\u00e9cnica divulgada pela CNI, apenas nos anos relativos a esses balan\u00e7os, essas 16 empresas lan\u00e7aram R$ 24 bilh\u00f5es como \u201ccr\u00e9ditos tribut\u00e1rios a recuperar reconhecidos\u201d. A confedera\u00e7\u00e3o n\u00e3o divulgou a rela\u00e7\u00e3o das empresas, mas o portal Jota lembrou que no grupo de 60 maiores do pa\u00eds constam as seguintes companhias:<\/p>\n<ul>\n<li><a href=\"https:\/\/www.suno.com.br\/acoes\/petr4\/\">Petrobras (PETR4)<\/a><\/li>\n<li><a href=\"https:\/\/www.suno.com.br\/acoes\/vale3\/\">Vale (VALE3)<\/a><\/li>\n<li>Cargill<\/li>\n<li><a href=\"https:\/\/www.suno.com.br\/acoes\/jbss3\/\">JBS (JBSS3)<\/a><\/li>\n<li><a href=\"https:\/\/www.suno.com.br\/acoes\/brkm5\/\">Braskem (BRKM5)<\/a><\/li>\n<li><a href=\"https:\/\/www.suno.com.br\/acoes\/vivt3\/\">Vivo (VIVT3)<\/a><\/li>\n<li>Claro<\/li>\n<li><a href=\"https:\/\/www.suno.com.br\/acoes\/brfs3\/\">BRF (BRFS3)<\/a><\/li>\n<li>Bunge<\/li>\n<\/ul>\n<h2>Desfecho no STF ir\u00e1 destravar julgamentos pendentes<\/h2>\n<p>Em meio ao impasse nos \u00faltimos anos sobre como excluir o ICMS da base de c\u00e1lculo de PIS e Cofins, o presidente do STF, Luiz Fux, orientou em mar\u00e7o que os tribunais regionais paralisassem os julgamentos e aguardassem a resolu\u00e7\u00e3o da corte. Sendo assim, o advogado tributarista Rodrigo Prado Gon\u00e7alves, s\u00f3cio do escrit\u00f3rio Felsberg, destaca que a posi\u00e7\u00e3o do Supremo nesta quinta poder\u00e1 destravar as a\u00e7\u00f5es que tramitam no pa\u00eds sobre o tema e trazer maior seguran\u00e7a jur\u00eddica para as empresas.<\/p>\n<p>Gon\u00e7alves acredita que, com base no perfil das \u00faltimas decis\u00f5es envolvendo assuntos tribut\u00e1rios, o <strong>STF<\/strong> dever\u00e1 estabelecer alguma modula\u00e7\u00e3o. \u201cA pergunta de um milh\u00e3o \u00e9 saber a natureza da modula\u00e7\u00e3o, se vai se utilizado como refer\u00eancia o julgamento de 2017 ou outro momento\u201d, destaca.<\/p>\n<p>O tributarista ainda acredita que o entendimento dos magistrados dever\u00e1 ser pela exclus\u00e3o do ICMS da nota fiscal na base do c\u00e1lculo de PIS e Cofins. \u201cTodos os tribunais, com pouqu\u00edssimas exce\u00e7\u00f5es, come\u00e7aram a mencionar nos \u00faltimos anos que o ICMS a ser retirado \u00e9 o destacado na nota fiscal. Ent\u00e3o vai ter um ru\u00eddo muito grande se Supremo vier e disser que deveria ser o ICMS pago\u201d, complementa.<\/p>\n<p>Al\u00e9m disso, o desfecho desta pauta pode impactar os balan\u00e7os de empresas que vinham discutindo o tema na Justi\u00e7a. Afinal, os valores de cr\u00e9ditos eventualmente a serem compensados s\u00e3o reconhecidos nas demonstra\u00e7\u00f5es financeiras. H\u00e1 a possibilidade, dependendo da decis\u00e3o a ser tomada pelo STF, que algumas empresas possam at\u00e9 vir a ter de reconhecer passivos nos balan\u00e7os referentes \u00e0 exclus\u00e3o do ICMS.<\/p>\n<h2>CVM pediu que empresas mensurassem cr\u00e9ditos \u201cde forma objetiva\u201d<\/h2>\n<p>Em janeiro, a<a href=\"https:\/\/www.suno.com.br\/artigos\/cvm\/\"> Comiss\u00e3o de Valores Mobili\u00e1rios (CVM)<\/a> havia pedido \u00e0s empresas, em nota de orienta\u00e7\u00e3o, que mensurassem de \u201cforma objetiva e confi\u00e1vel\u201d os valores indicados nos balan\u00e7os referentes \u00e0 exclus\u00e3o do ICMS para n\u00e3o divulgarem informa\u00e7\u00f5es desencontradas ao mercado.<\/p>\n<p>\u201cQuando houver decis\u00e3o judicial transitada em julgado ou circunst\u00e2ncias espec\u00edficas pertinentes ao caso concreto que permitam uma defini\u00e7\u00e3o do valor do tributo a ser mensurado de forma objetiva e confi\u00e1vel para fins de revers\u00e3o de provis\u00e3o ou de reconhecimento de ativo, as \u00e1reas t\u00e9cnicas da CVM entendem que o ativo deve ser reconhecido ou o passivo revertido. N\u00e3o havendo confiabilidade no processo de mensura\u00e7\u00e3o, a administra\u00e7\u00e3o n\u00e3o deve, na vis\u00e3o das \u00e1reas t\u00e9cnicas da CVM, reconhecer o ativo ou baixar o passivo\u201d, destacou o \u00f3rg\u00e3o em circular.<\/p>\n<p>Neste contexto, tributaristas salientam que a decis\u00e3o a ser tomada pelo STF envolvendo o <strong>ICMS<\/strong> poder\u00e1 tornar mais clara a maneira de realizar a exclus\u00e3o do tributo que incide sobre a comercializa\u00e7\u00e3o de mercadorias.<\/p>\n<p><span style=\"font-weight: 400;\">\t<p>\n\t\t<a href=\"https:\/\/lp.suno.com.br\/planilha-de-controle-de-investimentos\/\" target=\"_blank\" data-element=\"shortcode-suno-banner\" title=\"Banner SUNO, clique e saiba mais\">\n\t\t\t<picture>\n\t\t\t\t<source media=\"(max-width: 500px)\" srcset=\"https:\/\/files.sunoresearch.com.br\/n\/uploads\/2023\/03\/400x300-Controle-de-Investimentos.png\">\n\t\t\t\t<img class=\"newsContent__article__imgCapa newsContent__article__imgCapa--banner\"\n\t\t\t\t\tsrc=\"https:\/\/files.sunoresearch.com.br\/n\/uploads\/2023\/03\/1420x240-Controle-de-Investimentos.png\"\n\t\t\t\t\tdata-promo-id=\"75934\"\t\t\t\t\t\t\t\t\t\twidth='1420' height='240'\t\t\t\t\talt=\"https:\/\/files.sunoresearch.com.br\/n\/uploads\/2023\/03\/1420x240-Controle-de-Investimentos.png\"\n\t\t\t\t>\n\t\t\t<\/picture>\n\t\t<\/a>\n\t<\/p>\n\n<\/span><\/p>\n","protected":false},"excerpt":{"rendered":"<p>Um dos temas tribut\u00e1rios mais debatidos nas \u00faltimas d\u00e9cadas do pa\u00eds, a exclus\u00e3o do Imposto sobre Circula\u00e7\u00e3o de Mercadorias e Servi\u00e7os (ICMS) na base de c\u00e1lculo de PIS e Cofins pode estar pr\u00f3ximo de um desfecho. O Supremo Tribunal Federal (STF) dever\u00e1 julgar nesta quinta-feira (29) recurso da Uni\u00e3o sobre a quest\u00e3o, que impacta diretamente [&hellip;]<\/p>\n","protected":false},"author":72,"featured_media":142932,"comment_status":"closed","ping_status":"closed","sticky":false,"template":"","format":"standard","meta":[],"categories":[64],"tags":[105815,1086,704,785],"suno_strategy":[],"class_list":["post-142925","post","type-post","status-publish","format-standard","has-post-thumbnail","hentry","category-negocios","tag-especial","tag-icms","tag-impostos","tag-supremo-tribunal-federal-stf"],"yoast_head":"<!-- This site is optimized with the Yoast SEO plugin v24.4 - https:\/\/yoast.com\/wordpress\/plugins\/seo\/ -->\n<title>STF deve julgar exclus\u00e3o do ICMS no c\u00e1lculo de PIS e Cofins nesta quinta<\/title>\n<meta name=\"description\" content=\"STF deve julgar exclus\u00e3o do ICMS no c\u00e1lculo de PIS e Cofins nesta quinta. Entenda como a decis\u00e3o envolvendo o ICMS impacta empresas da bolsa\" \/>\n<meta name=\"robots\" content=\"index, follow, max-snippet:-1, max-image-preview:large, max-video-preview:-1\" \/>\n<link rel=\"canonical\" href=\"https:\/\/www.suno.com.br\/noticias\/stf-julga-exclusao-do-icms-pis-cofins\/\" \/>\n<meta property=\"og:locale\" content=\"pt_BR\" \/>\n<meta property=\"og:type\" content=\"article\" \/>\n<meta property=\"og:title\" content=\"STF deve julgar exclus\u00e3o do ICMS no c\u00e1lculo de PIS e Cofins nesta quinta\" \/>\n<meta property=\"og:description\" content=\"STF deve julgar exclus\u00e3o do ICMS no c\u00e1lculo de PIS e Cofins nesta quinta. Entenda como a decis\u00e3o envolvendo o ICMS impacta empresas da bolsa\" \/>\n<meta property=\"og:url\" content=\"https:\/\/www.suno.com.br\/noticias\/stf-julga-exclusao-do-icms-pis-cofins\/\" \/>\n<meta property=\"og:site_name\" content=\"Suno Not\u00edcias\" \/>\n<meta property=\"article:publisher\" content=\"https:\/\/facebook.com\/sunoresearch\" \/>\n<meta property=\"og:image\" content=\"https:\/\/files.sunoresearch.com.br\/n\/uploads\/2021\/04\/22bc544b-bancoimagemfotoaudiencia_ap_282059.jpg\" \/>\n\t<meta property=\"og:image:width\" content=\"2000\" \/>\n\t<meta property=\"og:image:height\" content=\"1333\" \/>\n\t<meta property=\"og:image:type\" content=\"image\/jpeg\" \/>\n<meta name=\"author\" content=\"Fernando Soares\" \/>\n<meta name=\"twitter:card\" content=\"summary_large_image\" \/>\n<meta name=\"twitter:creator\" content=\"@sunoresearch\" \/>\n<meta name=\"twitter:site\" content=\"@sunoresearch\" \/>\n<meta name=\"twitter:label1\" content=\"Escrito por\" \/>\n\t<meta name=\"twitter:data1\" content=\"Fernando Soares\" \/>\n\t<meta name=\"twitter:label2\" content=\"Est. tempo de leitura\" \/>\n\t<meta name=\"twitter:data2\" content=\"7 minutos\" \/>\n<script type=\"application\/ld+json\" class=\"yoast-schema-graph\">{\"@context\":\"https:\/\/schema.org\",\"@graph\":[{\"@type\":\"NewsArticle\",\"@id\":\"https:\/\/www.suno.com.br\/noticias\/stf-julga-exclusao-do-icms-pis-cofins\/#article\",\"isPartOf\":{\"@id\":\"https:\/\/www.suno.com.br\/noticias\/stf-julga-exclusao-do-icms-pis-cofins\/\"},\"author\":{\"name\":\"Fernando Soares\",\"@id\":\"https:\/\/www.suno.com.br\/noticias\/#\/schema\/person\/31a897b059eab5d0f057de7c5db2416e\"},\"headline\":\"STF decidir\u00e1 sobre ICMS nesta quinta, e varejo pode ser o setor mais afetado\",\"datePublished\":\"2021-04-28T18:21:17+00:00\",\"dateModified\":\"2021-06-21T08:43:00+00:00\",\"mainEntityOfPage\":{\"@id\":\"https:\/\/www.suno.com.br\/noticias\/stf-julga-exclusao-do-icms-pis-cofins\/\"},\"wordCount\":1337,\"publisher\":{\"@id\":\"https:\/\/www.suno.com.br\/noticias\/#organization\"},\"image\":{\"@id\":\"https:\/\/www.suno.com.br\/noticias\/stf-julga-exclusao-do-icms-pis-cofins\/#primaryimage\"},\"thumbnailUrl\":\"https:\/\/files.sunoresearch.com.br\/n\/uploads\/2021\/04\/22bc544b-bancoimagemfotoaudiencia_ap_282059-jpg.webp\",\"keywords\":[\"Especiais\",\"ICMS\",\"impostos\",\"Supremo Tribunal Federal (STF)\"],\"articleSection\":[\"Neg\u00f3cios\"],\"inLanguage\":\"pt-BR\"},{\"@type\":\"WebPage\",\"@id\":\"https:\/\/www.suno.com.br\/noticias\/stf-julga-exclusao-do-icms-pis-cofins\/\",\"url\":\"https:\/\/www.suno.com.br\/noticias\/stf-julga-exclusao-do-icms-pis-cofins\/\",\"name\":\"STF deve julgar exclus\u00e3o do ICMS no c\u00e1lculo de PIS e Cofins nesta quinta\",\"isPartOf\":{\"@id\":\"https:\/\/www.suno.com.br\/noticias\/#website\"},\"primaryImageOfPage\":{\"@id\":\"https:\/\/www.suno.com.br\/noticias\/stf-julga-exclusao-do-icms-pis-cofins\/#primaryimage\"},\"image\":{\"@id\":\"https:\/\/www.suno.com.br\/noticias\/stf-julga-exclusao-do-icms-pis-cofins\/#primaryimage\"},\"thumbnailUrl\":\"https:\/\/files.sunoresearch.com.br\/n\/uploads\/2021\/04\/22bc544b-bancoimagemfotoaudiencia_ap_282059-jpg.webp\",\"datePublished\":\"2021-04-28T18:21:17+00:00\",\"dateModified\":\"2021-06-21T08:43:00+00:00\",\"description\":\"STF deve julgar exclus\u00e3o do ICMS no c\u00e1lculo de PIS e Cofins nesta quinta. Entenda como a decis\u00e3o envolvendo o ICMS impacta empresas da bolsa\",\"breadcrumb\":{\"@id\":\"https:\/\/www.suno.com.br\/noticias\/stf-julga-exclusao-do-icms-pis-cofins\/#breadcrumb\"},\"inLanguage\":\"pt-BR\",\"potentialAction\":[{\"@type\":\"ReadAction\",\"target\":[\"https:\/\/www.suno.com.br\/noticias\/stf-julga-exclusao-do-icms-pis-cofins\/\"]}]},{\"@type\":\"ImageObject\",\"inLanguage\":\"pt-BR\",\"@id\":\"https:\/\/www.suno.com.br\/noticias\/stf-julga-exclusao-do-icms-pis-cofins\/#primaryimage\",\"url\":\"https:\/\/files.sunoresearch.com.br\/n\/uploads\/2021\/04\/22bc544b-bancoimagemfotoaudiencia_ap_282059-jpg.webp\",\"contentUrl\":\"https:\/\/files.sunoresearch.com.br\/n\/uploads\/2021\/04\/22bc544b-bancoimagemfotoaudiencia_ap_282059-jpg.webp\",\"width\":2000,\"height\":1333,\"caption\":\"Supremo Tribunal Federal (STF) decide sobre piso de enfermagem. Foto: Dorivan Marinho\/STF\/Divulga\u00e7\u00e3o\"},{\"@type\":\"BreadcrumbList\",\"@id\":\"https:\/\/www.suno.com.br\/noticias\/stf-julga-exclusao-do-icms-pis-cofins\/#breadcrumb\",\"itemListElement\":[{\"@type\":\"ListItem\",\"position\":1,\"name\":\"Not\u00edcias\",\"item\":\"https:\/\/www.suno.com.br\/noticias\/\"},{\"@type\":\"ListItem\",\"position\":2,\"name\":\"Neg\u00f3cios\",\"item\":\"https:\/\/www.suno.com.br\/noticias\/negocios\/\"},{\"@type\":\"ListItem\",\"position\":3,\"name\":\"STF decidir\u00e1 sobre ICMS nesta quinta, e varejo pode ser o setor mais afetado\"}]},{\"@type\":\"WebSite\",\"@id\":\"https:\/\/www.suno.com.br\/noticias\/#website\",\"url\":\"https:\/\/www.suno.com.br\/noticias\/\",\"name\":\"Suno Not\u00edcias\",\"description\":\"Seu portal de informa\u00e7\u00e3o sobre o mundo dos investimentos\",\"publisher\":{\"@id\":\"https:\/\/www.suno.com.br\/noticias\/#organization\"},\"potentialAction\":[{\"@type\":\"SearchAction\",\"target\":{\"@type\":\"EntryPoint\",\"urlTemplate\":\"https:\/\/www.suno.com.br\/noticias\/?s={search_term_string}\"},\"query-input\":{\"@type\":\"PropertyValueSpecification\",\"valueRequired\":true,\"valueName\":\"search_term_string\"}}],\"inLanguage\":\"pt-BR\"},{\"@type\":\"Organization\",\"@id\":\"https:\/\/www.suno.com.br\/noticias\/#organization\",\"name\":\"Suno Not\u00edcias\",\"url\":\"https:\/\/www.suno.com.br\/noticias\/\",\"logo\":{\"@type\":\"ImageObject\",\"inLanguage\":\"pt-BR\",\"@id\":\"https:\/\/www.suno.com.br\/noticias\/#\/schema\/logo\/image\/\",\"url\":\"https:\/\/files.sunoresearch.com.br\/n\/uploads\/2021\/09\/suno-logo.png\",\"contentUrl\":\"https:\/\/files.sunoresearch.com.br\/n\/uploads\/2021\/09\/suno-logo.png\",\"width\":180,\"height\":180,\"caption\":\"Suno Not\u00edcias\"},\"image\":{\"@id\":\"https:\/\/www.suno.com.br\/noticias\/#\/schema\/logo\/image\/\"},\"sameAs\":[\"https:\/\/facebook.com\/sunoresearch\",\"https:\/\/x.com\/sunoresearch\",\"https:\/\/www.instagram.com\/suno\",\"https:\/\/www.linkedin.com\/company\/suno-research\/\",\"https:\/\/www.youtube.com\/c\/sunoresearch\"]},{\"@type\":\"Person\",\"@id\":\"https:\/\/www.suno.com.br\/noticias\/#\/schema\/person\/31a897b059eab5d0f057de7c5db2416e\",\"name\":\"Fernando Soares\",\"image\":{\"@type\":\"ImageObject\",\"inLanguage\":\"pt-BR\",\"@id\":\"https:\/\/www.suno.com.br\/noticias\/#\/schema\/person\/image\/\",\"url\":\"https:\/\/secure.gravatar.com\/avatar\/d5a009f17f82a0aa671dd75155d670f0?s=96&r=g\",\"contentUrl\":\"https:\/\/secure.gravatar.com\/avatar\/d5a009f17f82a0aa671dd75155d670f0?s=96&r=g\",\"caption\":\"Fernando Soares\"},\"description\":\"Rep\u00f3rter no Suno Not\u00edcias. Jornalista formado pela Pontif\u00edcia Universidade Cat\u00f3lica do Rio Grande do Sul (PUCRS), mestre em Jornalismo pela Universitat Aut\u00f2noma de Barcelona e MBA em Informa\u00e7\u00f5es Econ\u00f4mico-Financeiras e Mercado de Capitais pela Funda\u00e7\u00e3o Instituto de Administra\u00e7\u00e3o (FIA)\/B3. Trabalhou nas reda\u00e7\u00f5es dos jornais Zero Hora e Pioneiro, do Grupo RBS, e Jornal do Com\u00e9rcio\/RS. Vencedor de 17 pr\u00eamios de jornalismo, entre eles os da Comiss\u00e3o de Valores Mobili\u00e1rios (CVM), da Associa\u00e7\u00e3o Riograndense de Imprensa (ARI) e do Conselho de Economia do RS (Corecon-RS).\",\"url\":\"https:\/\/www.suno.com.br\/noticias\/author\/fernando-soares\/\"}]}<\/script>\n<!-- \/ Yoast SEO plugin. -->","yoast_head_json":{"title":"STF deve julgar exclus\u00e3o do ICMS no c\u00e1lculo de PIS e Cofins nesta quinta","description":"STF deve julgar exclus\u00e3o do ICMS no c\u00e1lculo de PIS e Cofins nesta quinta. Entenda como a decis\u00e3o envolvendo o ICMS impacta empresas da bolsa","robots":{"index":"index","follow":"follow","max-snippet":"max-snippet:-1","max-image-preview":"max-image-preview:large","max-video-preview":"max-video-preview:-1"},"canonical":"https:\/\/www.suno.com.br\/noticias\/stf-julga-exclusao-do-icms-pis-cofins\/","og_locale":"pt_BR","og_type":"article","og_title":"STF deve julgar exclus\u00e3o do ICMS no c\u00e1lculo de PIS e Cofins nesta quinta","og_description":"STF deve julgar exclus\u00e3o do ICMS no c\u00e1lculo de PIS e Cofins nesta quinta. Entenda como a decis\u00e3o envolvendo o ICMS impacta empresas da bolsa","og_url":"https:\/\/www.suno.com.br\/noticias\/stf-julga-exclusao-do-icms-pis-cofins\/","og_site_name":"Suno Not\u00edcias","article_publisher":"https:\/\/facebook.com\/sunoresearch","og_image":[{"width":2000,"height":1333,"url":"https:\/\/files.sunoresearch.com.br\/n\/uploads\/2021\/04\/22bc544b-bancoimagemfotoaudiencia_ap_282059.jpg","type":"image\/jpeg"}],"author":"Fernando Soares","twitter_card":"summary_large_image","twitter_creator":"@sunoresearch","twitter_site":"@sunoresearch","twitter_misc":{"Escrito por":"Fernando Soares","Est. tempo de leitura":"7 minutos"},"schema":{"@context":"https:\/\/schema.org","@graph":[{"@type":"NewsArticle","@id":"https:\/\/www.suno.com.br\/noticias\/stf-julga-exclusao-do-icms-pis-cofins\/#article","isPartOf":{"@id":"https:\/\/www.suno.com.br\/noticias\/stf-julga-exclusao-do-icms-pis-cofins\/"},"author":{"name":"Fernando Soares","@id":"https:\/\/www.suno.com.br\/noticias\/#\/schema\/person\/31a897b059eab5d0f057de7c5db2416e"},"headline":"STF decidir\u00e1 sobre ICMS nesta quinta, e varejo pode ser o setor mais afetado","datePublished":"2021-04-28T18:21:17+00:00","dateModified":"2021-06-21T08:43:00+00:00","mainEntityOfPage":{"@id":"https:\/\/www.suno.com.br\/noticias\/stf-julga-exclusao-do-icms-pis-cofins\/"},"wordCount":1337,"publisher":{"@id":"https:\/\/www.suno.com.br\/noticias\/#organization"},"image":{"@id":"https:\/\/www.suno.com.br\/noticias\/stf-julga-exclusao-do-icms-pis-cofins\/#primaryimage"},"thumbnailUrl":"https:\/\/files.sunoresearch.com.br\/n\/uploads\/2021\/04\/22bc544b-bancoimagemfotoaudiencia_ap_282059-jpg.webp","keywords":["Especiais","ICMS","impostos","Supremo Tribunal Federal (STF)"],"articleSection":["Neg\u00f3cios"],"inLanguage":"pt-BR"},{"@type":"WebPage","@id":"https:\/\/www.suno.com.br\/noticias\/stf-julga-exclusao-do-icms-pis-cofins\/","url":"https:\/\/www.suno.com.br\/noticias\/stf-julga-exclusao-do-icms-pis-cofins\/","name":"STF deve julgar exclus\u00e3o do ICMS no c\u00e1lculo de PIS e Cofins nesta quinta","isPartOf":{"@id":"https:\/\/www.suno.com.br\/noticias\/#website"},"primaryImageOfPage":{"@id":"https:\/\/www.suno.com.br\/noticias\/stf-julga-exclusao-do-icms-pis-cofins\/#primaryimage"},"image":{"@id":"https:\/\/www.suno.com.br\/noticias\/stf-julga-exclusao-do-icms-pis-cofins\/#primaryimage"},"thumbnailUrl":"https:\/\/files.sunoresearch.com.br\/n\/uploads\/2021\/04\/22bc544b-bancoimagemfotoaudiencia_ap_282059-jpg.webp","datePublished":"2021-04-28T18:21:17+00:00","dateModified":"2021-06-21T08:43:00+00:00","description":"STF deve julgar exclus\u00e3o do ICMS no c\u00e1lculo de PIS e Cofins nesta quinta. Entenda como a decis\u00e3o envolvendo o ICMS impacta empresas da bolsa","breadcrumb":{"@id":"https:\/\/www.suno.com.br\/noticias\/stf-julga-exclusao-do-icms-pis-cofins\/#breadcrumb"},"inLanguage":"pt-BR","potentialAction":[{"@type":"ReadAction","target":["https:\/\/www.suno.com.br\/noticias\/stf-julga-exclusao-do-icms-pis-cofins\/"]}]},{"@type":"ImageObject","inLanguage":"pt-BR","@id":"https:\/\/www.suno.com.br\/noticias\/stf-julga-exclusao-do-icms-pis-cofins\/#primaryimage","url":"https:\/\/files.sunoresearch.com.br\/n\/uploads\/2021\/04\/22bc544b-bancoimagemfotoaudiencia_ap_282059-jpg.webp","contentUrl":"https:\/\/files.sunoresearch.com.br\/n\/uploads\/2021\/04\/22bc544b-bancoimagemfotoaudiencia_ap_282059-jpg.webp","width":2000,"height":1333,"caption":"Supremo Tribunal Federal (STF) decide sobre piso de enfermagem. Foto: Dorivan Marinho\/STF\/Divulga\u00e7\u00e3o"},{"@type":"BreadcrumbList","@id":"https:\/\/www.suno.com.br\/noticias\/stf-julga-exclusao-do-icms-pis-cofins\/#breadcrumb","itemListElement":[{"@type":"ListItem","position":1,"name":"Not\u00edcias","item":"https:\/\/www.suno.com.br\/noticias\/"},{"@type":"ListItem","position":2,"name":"Neg\u00f3cios","item":"https:\/\/www.suno.com.br\/noticias\/negocios\/"},{"@type":"ListItem","position":3,"name":"STF decidir\u00e1 sobre ICMS nesta quinta, e varejo pode ser o setor mais afetado"}]},{"@type":"WebSite","@id":"https:\/\/www.suno.com.br\/noticias\/#website","url":"https:\/\/www.suno.com.br\/noticias\/","name":"Suno Not\u00edcias","description":"Seu portal de informa\u00e7\u00e3o sobre o mundo dos investimentos","publisher":{"@id":"https:\/\/www.suno.com.br\/noticias\/#organization"},"potentialAction":[{"@type":"SearchAction","target":{"@type":"EntryPoint","urlTemplate":"https:\/\/www.suno.com.br\/noticias\/?s={search_term_string}"},"query-input":{"@type":"PropertyValueSpecification","valueRequired":true,"valueName":"search_term_string"}}],"inLanguage":"pt-BR"},{"@type":"Organization","@id":"https:\/\/www.suno.com.br\/noticias\/#organization","name":"Suno Not\u00edcias","url":"https:\/\/www.suno.com.br\/noticias\/","logo":{"@type":"ImageObject","inLanguage":"pt-BR","@id":"https:\/\/www.suno.com.br\/noticias\/#\/schema\/logo\/image\/","url":"https:\/\/files.sunoresearch.com.br\/n\/uploads\/2021\/09\/suno-logo.png","contentUrl":"https:\/\/files.sunoresearch.com.br\/n\/uploads\/2021\/09\/suno-logo.png","width":180,"height":180,"caption":"Suno Not\u00edcias"},"image":{"@id":"https:\/\/www.suno.com.br\/noticias\/#\/schema\/logo\/image\/"},"sameAs":["https:\/\/facebook.com\/sunoresearch","https:\/\/x.com\/sunoresearch","https:\/\/www.instagram.com\/suno","https:\/\/www.linkedin.com\/company\/suno-research\/","https:\/\/www.youtube.com\/c\/sunoresearch"]},{"@type":"Person","@id":"https:\/\/www.suno.com.br\/noticias\/#\/schema\/person\/31a897b059eab5d0f057de7c5db2416e","name":"Fernando Soares","image":{"@type":"ImageObject","inLanguage":"pt-BR","@id":"https:\/\/www.suno.com.br\/noticias\/#\/schema\/person\/image\/","url":"https:\/\/secure.gravatar.com\/avatar\/d5a009f17f82a0aa671dd75155d670f0?s=96&r=g","contentUrl":"https:\/\/secure.gravatar.com\/avatar\/d5a009f17f82a0aa671dd75155d670f0?s=96&r=g","caption":"Fernando Soares"},"description":"Rep\u00f3rter no Suno Not\u00edcias. Jornalista formado pela Pontif\u00edcia Universidade Cat\u00f3lica do Rio Grande do Sul (PUCRS), mestre em Jornalismo pela Universitat Aut\u00f2noma de Barcelona e MBA em Informa\u00e7\u00f5es Econ\u00f4mico-Financeiras e Mercado de Capitais pela Funda\u00e7\u00e3o Instituto de Administra\u00e7\u00e3o (FIA)\/B3. Trabalhou nas reda\u00e7\u00f5es dos jornais Zero Hora e Pioneiro, do Grupo RBS, e Jornal do Com\u00e9rcio\/RS. Vencedor de 17 pr\u00eamios de jornalismo, entre eles os da Comiss\u00e3o de Valores Mobili\u00e1rios (CVM), da Associa\u00e7\u00e3o Riograndense de Imprensa (ARI) e do Conselho de Economia do RS (Corecon-RS).","url":"https:\/\/www.suno.com.br\/noticias\/author\/fernando-soares\/"}]}},"default_loop_html":"<div class=\"cardsPage__listCard__boxs\"><div class=\"cardsPage__listCard__boxs__img\"><a href=\"https:\/\/www.suno.com.br\/noticias\/stf-julga-exclusao-do-icms-pis-cofins\/\"><img class=\"mask\" src=\"https:\/\/www.suno.com.br\/noticias\/wp-content\/themes\/suno\/resources\/images\/spotlight\/spotlight1img\/bg-mask.png\" alt=\"Image Mask\"\/><img src=\"https:\/\/files.sunoresearch.com.br\/n\/uploads\/2021\/04\/22bc544b-bancoimagemfotoaudiencia_ap_282059-400x200.webp\" alt=\"STF decidir\u00e1 sobre ICMS nesta quinta, e varejo pode ser o setor mais afetado\"\/><\/a><span class=\"spotlightCategory\"><a href=\"https:\/\/www.suno.com.br\/noticias\/negocios\/\">Neg\u00f3cios<\/a><\/span><\/div><div class=\"cardsPage__listCard__boxs__content\"><a href=\"https:\/\/www.suno.com.br\/noticias\/stf-julga-exclusao-do-icms-pis-cofins\/\"><h2 class=\"content__title\">STF decidir\u00e1 sobre ICMS nesta quinta, e varejo pode ser o setor mais afetado<\/h2><\/a><div class=\"newsContent__article__meta\"><div class=\"newsContent__article__meta__authorBox\"><a href=\"https:\/\/www.suno.com.br\/noticias\/author\/fernando-soares\/\" class=\"authorBox__avatar noMobi\"><img src=\"https:\/\/files.sunoresearch.com.br\/n\/uploads\/2021\/04\/260ff3a8-img-1391-150x150.webp\" alt=\"Fernando Soares\"><\/a><div class=\"authorBox__name\"><span>por\n\t\t\t<a href=\"https:\/\/www.suno.com.br\/noticias\/author\/fernando-soares\/\"><span itemprop=\"author\">Fernando Soares<\/span><\/a><\/span><time datetime=\"2021-04-28T15:21:17-03:00\" itemprop=\"datePublished\">28\/04\/2021 15:21<\/time><\/div><\/div><\/div><\/div><\/div>","single_layout":"posts","amp_enabled":true,"_links":{"self":[{"href":"https:\/\/www.suno.com.br\/noticias\/wp-json\/wp\/v2\/posts\/142925"}],"collection":[{"href":"https:\/\/www.suno.com.br\/noticias\/wp-json\/wp\/v2\/posts"}],"about":[{"href":"https:\/\/www.suno.com.br\/noticias\/wp-json\/wp\/v2\/types\/post"}],"author":[{"embeddable":true,"href":"https:\/\/www.suno.com.br\/noticias\/wp-json\/wp\/v2\/users\/72"}],"replies":[{"embeddable":true,"href":"https:\/\/www.suno.com.br\/noticias\/wp-json\/wp\/v2\/comments?post=142925"}],"version-history":[{"count":4,"href":"https:\/\/www.suno.com.br\/noticias\/wp-json\/wp\/v2\/posts\/142925\/revisions"}],"predecessor-version":[{"id":143019,"href":"https:\/\/www.suno.com.br\/noticias\/wp-json\/wp\/v2\/posts\/142925\/revisions\/143019"}],"wp:featuredmedia":[{"embeddable":true,"href":"https:\/\/www.suno.com.br\/noticias\/wp-json\/wp\/v2\/media\/142932"}],"wp:attachment":[{"href":"https:\/\/www.suno.com.br\/noticias\/wp-json\/wp\/v2\/media?parent=142925"}],"wp:term":[{"taxonomy":"category","embeddable":true,"href":"https:\/\/www.suno.com.br\/noticias\/wp-json\/wp\/v2\/categories?post=142925"},{"taxonomy":"post_tag","embeddable":true,"href":"https:\/\/www.suno.com.br\/noticias\/wp-json\/wp\/v2\/tags?post=142925"},{"taxonomy":"suno_strategy","embeddable":true,"href":"https:\/\/www.suno.com.br\/noticias\/wp-json\/wp\/v2\/suno_strategy?post=142925"}],"curies":[{"name":"wp","href":"https:\/\/api.w.org\/{rel}","templated":true}]}}