{"id":142879,"date":"2021-04-28T08:10:09","date_gmt":"2021-04-28T11:10:09","guid":{"rendered":"https:\/\/www.suno.com.br\/noticias\/?p=142879"},"modified":"2021-04-28T08:10:09","modified_gmt":"2021-04-28T11:10:09","slug":"cpi-da-covid-173-requerimentos-primeiro-dia","status":"publish","type":"post","link":"https:\/\/www.suno.com.br\/noticias\/cpi-da-covid-173-requerimentos-primeiro-dia\/","title":{"rendered":"CPI da Covid recebe 173 pedidos de investiga\u00e7\u00e3o no primeiro dia"},"content":{"rendered":"<p>A <strong>CPI da Covid<\/strong> recebeu em seu primeiro dia de funcionamento 173 solicita\u00e7\u00f5es de investiga\u00e7\u00e3o sobre a conduta do governo de Jair Bolsonaro no enfrentamento da pandemia do novo coronav\u00edrus. As informa\u00e7\u00f5es s\u00e3o do jornal <em>Folha de S.Paulo<\/em>.<\/p>\t<div class=\"wrapper-featured-image\">\n\t\t<figure class=\"spotlightImg\">\n\n\t\t\t<picture>\n\t\t\t\t<source media=\"(max-width: 768px)\" srcset=\"https:\/\/files.sunoresearch.com.br\/n\/uploads\/2021\/04\/4cf1bd03-cpi-pandemia1_mcamgo_abr_270420211818-7-400x200.webp\">\n\t\t\t\t<img loading=\"lazy\" decoding=\"async\" class=\"newsContent__article__imgCapa lazyloadDisabled \" src=\"https:\/\/files.sunoresearch.com.br\/n\/uploads\/2021\/04\/4cf1bd03-cpi-pandemia1_mcamgo_abr_270420211818-7-800x450.webp\" width=\"800\" height=\"450\" alt=\"CPI da Covid recebe 173 pedidos de investiga\u00e7\u00e3o no primeiro dia\" fetchpriority=high \/>\n\t\t\t<\/picture>\n\n\t\t\t<figcaption class=\"wp-caption-text wp-caption-text--show\">Os senadores Rodrigues, Aziz e Calheiros. Foto: Marcelo Camargo - Ag\u00eancia Brasil<\/figcaption>\n\t\t<\/figure>\n\t<\/div>\n\n\n\t<p>\n\t\t<a href=\"https:\/\/lp.suno.com.br\/planilha-controle-gastos\/\" target=\"_blank\" data-element=\"shortcode-suno-banner\" title=\"Banner SUNO, clique e saiba mais\">\n\t\t\t<picture>\n\t\t\t\t<source media=\"(max-width: 500px)\" srcset=\"https:\/\/files.sunoresearch.com.br\/n\/uploads\/2023\/03\/400x300-Planilha-controle-de-gastos.png\">\n\t\t\t\t<img class=\"newsContent__article__imgCapa newsContent__article__imgCapa--banner\"\n\t\t\t\t\tsrc=\"https:\/\/files.sunoresearch.com.br\/n\/uploads\/2023\/03\/1420x240-Planilha-controle-de-gastos.png\"\n\t\t\t\t\tdata-promo-id=\"101751\"\t\t\t\t\t\t\t\t\t\twidth='1420' height='240'\t\t\t\t\talt=\"https:\/\/files.sunoresearch.com.br\/n\/uploads\/2023\/03\/1420x240-Planilha-controle-de-gastos.png\"\n\t\t\t\t>\n\t\t\t<\/picture>\n\t\t<\/a>\n\t<\/p>\n\n\n<p>Entre os requerimentos, h\u00e1 pedidos para que sejam ouvidos os quatro ministros da Sa\u00fade que passaram pelo governo, o atual<strong> Marcelo Queiroga<\/strong>, <strong>Eduardo Pazuello<\/strong>,<strong> Nelson Teich<\/strong> e <strong>Luiz Henrique Mandetta<\/strong>. Para que as solicita\u00e7\u00f5es sejam atendidas \u00e9 necess\u00e1rio serem pautadas pelo presidente da CPI da Covid, Omar Aziz, para serem votadas pela comiss\u00e3o.<\/p>\n<p><a href=\"https:\/\/lp.suno.com.br\/suno-one\/\">Suno One: acesse gratuitamente eBooks, Minicursos, Artigos e V\u00eddeo Aulas sobre investimentos com um \u00fanico cadastro. Clique para saber mais!<\/a><\/p>\n<p>Os requerimentos solicitam tamb\u00e9m informa\u00e7\u00f5es sobre o fornecimento de respiradores, equipamentos de prote\u00e7\u00e3o individual (EPIs), &#8220;kit intuba\u00e7\u00e3o&#8221;, abertura de leitos, fornecimento de oxig\u00eanio, aquisi\u00e7\u00e3o de <strong>vacinas<\/strong>, seringas e distribui\u00e7\u00e3o de cloroquina para o chamado tratamento precoce.<\/p>\n<p>Os pedidos tamb\u00e9m fazem refer\u00eancia \u00e0 crise no fornecimento de oxig\u00eanio hospitalar em<strong> Manaus<\/strong> (AM). O vice-presidente da CPI da Covid, Randolfe Rodrigues, solicitou todos os documentos sobre o tema, enquanto que o senador Alessandro Vieira pediu que sejam convocados os gestores da cidade.<\/p>\n<p>&#8220;\u00c9 fato p\u00fablico e not\u00f3rio que Manaus est\u00e1 em colapso com o avan\u00e7o dos casos de covid-19: as interna\u00e7\u00f5es e os enterros bateram recordes, as unidades de sa\u00fade ficaram sem <strong>oxig\u00eanio<\/strong> e pacientes est\u00e3o sendo enviados para outros estados. Lotados, os cemit\u00e9rios precisaram instalar c\u00e2maras frigor\u00edficas&#8221;, justificou Rodrigues.<\/p>\n<h2>CPI da Covid elege Omar Aziz como presidente e Renan Calheiros, relator<\/h2>\n<p>A CPI da Covid foi instalada ontem e elegeu como seu presidente, o senador Omar Aziz e Renan Calheiros para ser o relator do colegiado.<\/p>\n<p>O senador Aziz foi eleito com oito votos, de um total de 11 e ap\u00f3s isso, o presidente eleito escolheu Calheiros para ser o relator. A nomea\u00e7\u00e3o do relator foi alvo de <strong>disputa judicial<\/strong>, que teve seu \u00faltimo ato em decis\u00e3o proferida pelo Tribunal Regional Federal da 1\u00aa Regi\u00e3o (TRF-1 ) quando a CPI j\u00e1 realizava sua reuni\u00e3o.<\/p>\n\t<div data-element=\"shortcode-read-more\" class=\"knowMore\">\n\t\t\t\t<span class=\"knowMore__title\">Saiba Mais<\/span>\n\t\t\t\t<a class=\"knowMore__link\" href=\"https:\/\/www.suno.com.br\/noticias\/cpi-covid-19-elege-omaraziz-presidente\/\">\n\t\t\tCPI da Covid-19 elege Omar Aziz como presidente e Renan Calheiros, relator\t\t<\/a>\n\t<\/div>\n\n\n<p>O MDB, de Calheiros, \u00e9 a maior bancada do Senado, enquanto o PSD, de Aziz, fica em segundo lugar. Por isso, o resultado da elei\u00e7\u00e3o j\u00e1 era previsto como parte de um acordo entre os integrantes da CPI.<\/p>\n<p>Na semana passada, o presidente do Senado, Rodrigo Pacheco, decidiu que a <strong>CPI da Covid<\/strong> dever\u00e1 atuar em investiga\u00e7\u00f5es do dinheiro federal que foi para cidades e estados, al\u00e9m de eventuais omiss\u00f5es do governo no combate ao v\u00edrus.<\/p>\n\t<p>\n\t\t<a href=\"https:\/\/lp.suno.com.br\/planilha-da-vida-financeira\/\" target=\"_blank\" data-element=\"shortcode-suno-banner\" title=\"Banner SUNO, clique e saiba mais\">\n\t\t\t<picture>\n\t\t\t\t<source media=\"(max-width: 500px)\" srcset=\"https:\/\/files.sunoresearch.com.br\/n\/uploads\/2023\/04\/400x300-Planilha-vida-financeira-true.png\">\n\t\t\t\t<img class=\"newsContent__article__imgCapa newsContent__article__imgCapa--banner\"\n\t\t\t\t\tsrc=\"https:\/\/files.sunoresearch.com.br\/n\/uploads\/2023\/04\/1420x240-Planilha-vida-financeira-true.png\"\n\t\t\t\t\tdata-promo-id=\"106682\"\t\t\t\t\t\t\t\t\t\twidth='1420' height='240'\t\t\t\t\talt=\"https:\/\/files.sunoresearch.com.br\/n\/uploads\/2023\/04\/1420x240-Planilha-vida-financeira-true.png\"\n\t\t\t\t>\n\t\t\t<\/picture>\n\t\t<\/a>\n\t<\/p>\n\n\n","protected":false},"excerpt":{"rendered":"<p>A CPI da Covid recebeu em seu primeiro dia de funcionamento 173 solicita\u00e7\u00f5es de investiga\u00e7\u00e3o sobre a conduta do governo de Jair Bolsonaro no enfrentamento da pandemia do novo coronav\u00edrus. As informa\u00e7\u00f5es s\u00e3o do jornal Folha de S.Paulo. Os senadores Rodrigues, Aziz e Calheiros. Foto: Marcelo Camargo &#8211; Ag\u00eancia Brasil Entre os requerimentos, h\u00e1 pedidos [&hellip;]<\/p>\n","protected":false},"author":15,"featured_media":142891,"comment_status":"closed","ping_status":"closed","sticky":false,"template":"","format":"standard","meta":[],"categories":[61],"tags":[1455,5255],"suno_strategy":[],"class_list":["post-142879","post","type-post","status-publish","format-standard","has-post-thumbnail","hentry","category-politica","tag-comissao-parlamentar-inquerito-cpi","tag-covid-19"],"yoast_head":"<!-- This site is optimized with the Yoast SEO plugin v24.4 - https:\/\/yoast.com\/wordpress\/plugins\/seo\/ -->\n<title>CPI da Covid recebe 173 pedidos de investiga\u00e7\u00e3o no primeiro dia<\/title>\n<meta name=\"description\" content=\"A CPI da Covid recebeu em seu primeiro dia 173 pedidos de investiga\u00e7\u00e3o sobre a conduta no enfrentamento da pandemia. Clique aqui e saiba mais\" \/>\n<meta name=\"robots\" content=\"index, follow, max-snippet:-1, max-image-preview:large, max-video-preview:-1\" \/>\n<link rel=\"canonical\" href=\"https:\/\/www.suno.com.br\/noticias\/cpi-da-covid-173-requerimentos-primeiro-dia\/\" \/>\n<meta property=\"og:locale\" content=\"pt_BR\" \/>\n<meta property=\"og:type\" content=\"article\" \/>\n<meta property=\"og:title\" content=\"CPI da Covid recebe 173 pedidos de investiga\u00e7\u00e3o no primeiro dia\" \/>\n<meta property=\"og:description\" content=\"A CPI da Covid recebeu em seu primeiro dia 173 pedidos de investiga\u00e7\u00e3o sobre a conduta no enfrentamento da pandemia. Clique aqui e saiba mais\" \/>\n<meta property=\"og:url\" content=\"https:\/\/www.suno.com.br\/noticias\/cpi-da-covid-173-requerimentos-primeiro-dia\/\" \/>\n<meta property=\"og:site_name\" content=\"Suno Not\u00edcias\" \/>\n<meta property=\"article:publisher\" content=\"https:\/\/facebook.com\/sunoresearch\" \/>\n<meta property=\"og:image\" content=\"https:\/\/files.sunoresearch.com.br\/n\/uploads\/2021\/04\/4cf1bd03-cpi-pandemia1_mcamgo_abr_270420211818-7.jpg\" \/>\n\t<meta property=\"og:image:width\" content=\"1024\" \/>\n\t<meta property=\"og:image:height\" content=\"768\" \/>\n\t<meta property=\"og:image:type\" content=\"image\/jpeg\" \/>\n<meta name=\"author\" content=\"Poliana Santos\" \/>\n<meta name=\"twitter:card\" content=\"summary_large_image\" \/>\n<meta name=\"twitter:creator\" content=\"@sunoresearch\" \/>\n<meta name=\"twitter:site\" content=\"@sunoresearch\" \/>\n<meta name=\"twitter:label1\" content=\"Escrito por\" \/>\n\t<meta name=\"twitter:data1\" content=\"Poliana Santos\" \/>\n\t<meta name=\"twitter:label2\" content=\"Est. tempo de leitura\" \/>\n\t<meta name=\"twitter:data2\" content=\"2 minutos\" \/>\n<script type=\"application\/ld+json\" class=\"yoast-schema-graph\">{\"@context\":\"https:\/\/schema.org\",\"@graph\":[{\"@type\":\"NewsArticle\",\"@id\":\"https:\/\/www.suno.com.br\/noticias\/cpi-da-covid-173-requerimentos-primeiro-dia\/#article\",\"isPartOf\":{\"@id\":\"https:\/\/www.suno.com.br\/noticias\/cpi-da-covid-173-requerimentos-primeiro-dia\/\"},\"author\":{\"name\":\"Poliana Santos\",\"@id\":\"https:\/\/www.suno.com.br\/noticias\/#\/schema\/person\/02ec1f752758247878a2bf4abee1aeda\"},\"headline\":\"CPI da Covid recebe 173 pedidos de investiga\u00e7\u00e3o no primeiro dia\",\"datePublished\":\"2021-04-28T11:10:09+00:00\",\"mainEntityOfPage\":{\"@id\":\"https:\/\/www.suno.com.br\/noticias\/cpi-da-covid-173-requerimentos-primeiro-dia\/\"},\"wordCount\":467,\"publisher\":{\"@id\":\"https:\/\/www.suno.com.br\/noticias\/#organization\"},\"image\":{\"@id\":\"https:\/\/www.suno.com.br\/noticias\/cpi-da-covid-173-requerimentos-primeiro-dia\/#primaryimage\"},\"thumbnailUrl\":\"https:\/\/files.sunoresearch.com.br\/n\/uploads\/2021\/04\/4cf1bd03-cpi-pandemia1_mcamgo_abr_270420211818-7-jpg.webp\",\"keywords\":[\"Comiss\u00e3o Parlamentar de Inqu\u00e9rito (CPI)\",\"covid-19\"],\"articleSection\":[\"Pol\u00edtica\"],\"inLanguage\":\"pt-BR\"},{\"@type\":\"WebPage\",\"@id\":\"https:\/\/www.suno.com.br\/noticias\/cpi-da-covid-173-requerimentos-primeiro-dia\/\",\"url\":\"https:\/\/www.suno.com.br\/noticias\/cpi-da-covid-173-requerimentos-primeiro-dia\/\",\"name\":\"CPI da Covid recebe 173 pedidos de investiga\u00e7\u00e3o no primeiro dia\",\"isPartOf\":{\"@id\":\"https:\/\/www.suno.com.br\/noticias\/#website\"},\"primaryImageOfPage\":{\"@id\":\"https:\/\/www.suno.com.br\/noticias\/cpi-da-covid-173-requerimentos-primeiro-dia\/#primaryimage\"},\"image\":{\"@id\":\"https:\/\/www.suno.com.br\/noticias\/cpi-da-covid-173-requerimentos-primeiro-dia\/#primaryimage\"},\"thumbnailUrl\":\"https:\/\/files.sunoresearch.com.br\/n\/uploads\/2021\/04\/4cf1bd03-cpi-pandemia1_mcamgo_abr_270420211818-7-jpg.webp\",\"datePublished\":\"2021-04-28T11:10:09+00:00\",\"description\":\"A CPI da Covid recebeu em seu primeiro dia 173 pedidos de investiga\u00e7\u00e3o sobre a conduta no enfrentamento da pandemia. Clique aqui e saiba mais\",\"breadcrumb\":{\"@id\":\"https:\/\/www.suno.com.br\/noticias\/cpi-da-covid-173-requerimentos-primeiro-dia\/#breadcrumb\"},\"inLanguage\":\"pt-BR\",\"potentialAction\":[{\"@type\":\"ReadAction\",\"target\":[\"https:\/\/www.suno.com.br\/noticias\/cpi-da-covid-173-requerimentos-primeiro-dia\/\"]}]},{\"@type\":\"ImageObject\",\"inLanguage\":\"pt-BR\",\"@id\":\"https:\/\/www.suno.com.br\/noticias\/cpi-da-covid-173-requerimentos-primeiro-dia\/#primaryimage\",\"url\":\"https:\/\/files.sunoresearch.com.br\/n\/uploads\/2021\/04\/4cf1bd03-cpi-pandemia1_mcamgo_abr_270420211818-7-jpg.webp\",\"contentUrl\":\"https:\/\/files.sunoresearch.com.br\/n\/uploads\/2021\/04\/4cf1bd03-cpi-pandemia1_mcamgo_abr_270420211818-7-jpg.webp\",\"width\":1024,\"height\":768,\"caption\":\"Os senadores Rodrigues, Aziz e Calheiros. Foto: Marcelo Camargo - Ag\u00eancia Brasil\"},{\"@type\":\"BreadcrumbList\",\"@id\":\"https:\/\/www.suno.com.br\/noticias\/cpi-da-covid-173-requerimentos-primeiro-dia\/#breadcrumb\",\"itemListElement\":[{\"@type\":\"ListItem\",\"position\":1,\"name\":\"Not\u00edcias\",\"item\":\"https:\/\/www.suno.com.br\/noticias\/\"},{\"@type\":\"ListItem\",\"position\":2,\"name\":\"Pol\u00edtica\",\"item\":\"https:\/\/www.suno.com.br\/noticias\/politica\/\"},{\"@type\":\"ListItem\",\"position\":3,\"name\":\"CPI da Covid recebe 173 pedidos de investiga\u00e7\u00e3o no primeiro dia\"}]},{\"@type\":\"WebSite\",\"@id\":\"https:\/\/www.suno.com.br\/noticias\/#website\",\"url\":\"https:\/\/www.suno.com.br\/noticias\/\",\"name\":\"Suno Not\u00edcias\",\"description\":\"Seu portal de informa\u00e7\u00e3o sobre o mundo dos investimentos\",\"publisher\":{\"@id\":\"https:\/\/www.suno.com.br\/noticias\/#organization\"},\"potentialAction\":[{\"@type\":\"SearchAction\",\"target\":{\"@type\":\"EntryPoint\",\"urlTemplate\":\"https:\/\/www.suno.com.br\/noticias\/?s={search_term_string}\"},\"query-input\":{\"@type\":\"PropertyValueSpecification\",\"valueRequired\":true,\"valueName\":\"search_term_string\"}}],\"inLanguage\":\"pt-BR\"},{\"@type\":\"Organization\",\"@id\":\"https:\/\/www.suno.com.br\/noticias\/#organization\",\"name\":\"Suno Not\u00edcias\",\"url\":\"https:\/\/www.suno.com.br\/noticias\/\",\"logo\":{\"@type\":\"ImageObject\",\"inLanguage\":\"pt-BR\",\"@id\":\"https:\/\/www.suno.com.br\/noticias\/#\/schema\/logo\/image\/\",\"url\":\"https:\/\/files.sunoresearch.com.br\/n\/uploads\/2021\/09\/suno-logo.png\",\"contentUrl\":\"https:\/\/files.sunoresearch.com.br\/n\/uploads\/2021\/09\/suno-logo.png\",\"width\":180,\"height\":180,\"caption\":\"Suno Not\u00edcias\"},\"image\":{\"@id\":\"https:\/\/www.suno.com.br\/noticias\/#\/schema\/logo\/image\/\"},\"sameAs\":[\"https:\/\/facebook.com\/sunoresearch\",\"https:\/\/x.com\/sunoresearch\",\"https:\/\/www.instagram.com\/suno\",\"https:\/\/www.linkedin.com\/company\/suno-research\/\",\"https:\/\/www.youtube.com\/c\/sunoresearch\"]},{\"@type\":\"Person\",\"@id\":\"https:\/\/www.suno.com.br\/noticias\/#\/schema\/person\/02ec1f752758247878a2bf4abee1aeda\",\"name\":\"Poliana Santos\",\"image\":{\"@type\":\"ImageObject\",\"inLanguage\":\"pt-BR\",\"@id\":\"https:\/\/www.suno.com.br\/noticias\/#\/schema\/person\/image\/\",\"url\":\"https:\/\/secure.gravatar.com\/avatar\/0645bd32f23d87b2130f2b2dff1d3f8d?s=96&r=g\",\"contentUrl\":\"https:\/\/secure.gravatar.com\/avatar\/0645bd32f23d87b2130f2b2dff1d3f8d?s=96&r=g\",\"caption\":\"Poliana Santos\"},\"description\":\"Rep\u00f3rter no Suno Not\u00edcias, com cobertura em mercado financeiro, economia, finan\u00e7as pessoais, renda fixa e varejo. Jornalista formada pela Faculdade C\u00e1sper L\u00edbero e possui passagem na R\u00e1dio Gazeta AM com a produ\u00e7\u00e3o de conte\u00fado sobre economia, pol\u00edtica, sa\u00fade, moda e m\u00fasica. Possui certificado de conclus\u00e3o do curso de An\u00e1lise de Balan\u00e7os pela Funda\u00e7\u00e3o Bradesco, Agenda Brasil pela FAAP, Educa\u00e7\u00e3o Pol\u00edtica por Alexandre Garcia e do Tesouro Direto e Mercado de A\u00e7\u00f5es pela B3.\",\"url\":\"https:\/\/www.suno.com.br\/noticias\/author\/poliana-santos\/\"}]}<\/script>\n<!-- \/ Yoast SEO plugin. -->","yoast_head_json":{"title":"CPI da Covid recebe 173 pedidos de investiga\u00e7\u00e3o no primeiro dia","description":"A CPI da Covid recebeu em seu primeiro dia 173 pedidos de investiga\u00e7\u00e3o sobre a conduta no enfrentamento da pandemia. Clique aqui e saiba mais","robots":{"index":"index","follow":"follow","max-snippet":"max-snippet:-1","max-image-preview":"max-image-preview:large","max-video-preview":"max-video-preview:-1"},"canonical":"https:\/\/www.suno.com.br\/noticias\/cpi-da-covid-173-requerimentos-primeiro-dia\/","og_locale":"pt_BR","og_type":"article","og_title":"CPI da Covid recebe 173 pedidos de investiga\u00e7\u00e3o no primeiro dia","og_description":"A CPI da Covid recebeu em seu primeiro dia 173 pedidos de investiga\u00e7\u00e3o sobre a conduta no enfrentamento da pandemia. Clique aqui e saiba mais","og_url":"https:\/\/www.suno.com.br\/noticias\/cpi-da-covid-173-requerimentos-primeiro-dia\/","og_site_name":"Suno Not\u00edcias","article_publisher":"https:\/\/facebook.com\/sunoresearch","og_image":[{"width":1024,"height":768,"url":"https:\/\/files.sunoresearch.com.br\/n\/uploads\/2021\/04\/4cf1bd03-cpi-pandemia1_mcamgo_abr_270420211818-7.jpg","type":"image\/jpeg"}],"author":"Poliana Santos","twitter_card":"summary_large_image","twitter_creator":"@sunoresearch","twitter_site":"@sunoresearch","twitter_misc":{"Escrito por":"Poliana Santos","Est. tempo de leitura":"2 minutos"},"schema":{"@context":"https:\/\/schema.org","@graph":[{"@type":"NewsArticle","@id":"https:\/\/www.suno.com.br\/noticias\/cpi-da-covid-173-requerimentos-primeiro-dia\/#article","isPartOf":{"@id":"https:\/\/www.suno.com.br\/noticias\/cpi-da-covid-173-requerimentos-primeiro-dia\/"},"author":{"name":"Poliana Santos","@id":"https:\/\/www.suno.com.br\/noticias\/#\/schema\/person\/02ec1f752758247878a2bf4abee1aeda"},"headline":"CPI da Covid recebe 173 pedidos de investiga\u00e7\u00e3o no primeiro dia","datePublished":"2021-04-28T11:10:09+00:00","mainEntityOfPage":{"@id":"https:\/\/www.suno.com.br\/noticias\/cpi-da-covid-173-requerimentos-primeiro-dia\/"},"wordCount":467,"publisher":{"@id":"https:\/\/www.suno.com.br\/noticias\/#organization"},"image":{"@id":"https:\/\/www.suno.com.br\/noticias\/cpi-da-covid-173-requerimentos-primeiro-dia\/#primaryimage"},"thumbnailUrl":"https:\/\/files.sunoresearch.com.br\/n\/uploads\/2021\/04\/4cf1bd03-cpi-pandemia1_mcamgo_abr_270420211818-7-jpg.webp","keywords":["Comiss\u00e3o Parlamentar de Inqu\u00e9rito (CPI)","covid-19"],"articleSection":["Pol\u00edtica"],"inLanguage":"pt-BR"},{"@type":"WebPage","@id":"https:\/\/www.suno.com.br\/noticias\/cpi-da-covid-173-requerimentos-primeiro-dia\/","url":"https:\/\/www.suno.com.br\/noticias\/cpi-da-covid-173-requerimentos-primeiro-dia\/","name":"CPI da Covid recebe 173 pedidos de investiga\u00e7\u00e3o no primeiro dia","isPartOf":{"@id":"https:\/\/www.suno.com.br\/noticias\/#website"},"primaryImageOfPage":{"@id":"https:\/\/www.suno.com.br\/noticias\/cpi-da-covid-173-requerimentos-primeiro-dia\/#primaryimage"},"image":{"@id":"https:\/\/www.suno.com.br\/noticias\/cpi-da-covid-173-requerimentos-primeiro-dia\/#primaryimage"},"thumbnailUrl":"https:\/\/files.sunoresearch.com.br\/n\/uploads\/2021\/04\/4cf1bd03-cpi-pandemia1_mcamgo_abr_270420211818-7-jpg.webp","datePublished":"2021-04-28T11:10:09+00:00","description":"A CPI da Covid recebeu em seu primeiro dia 173 pedidos de investiga\u00e7\u00e3o sobre a conduta no enfrentamento da pandemia. Clique aqui e saiba mais","breadcrumb":{"@id":"https:\/\/www.suno.com.br\/noticias\/cpi-da-covid-173-requerimentos-primeiro-dia\/#breadcrumb"},"inLanguage":"pt-BR","potentialAction":[{"@type":"ReadAction","target":["https:\/\/www.suno.com.br\/noticias\/cpi-da-covid-173-requerimentos-primeiro-dia\/"]}]},{"@type":"ImageObject","inLanguage":"pt-BR","@id":"https:\/\/www.suno.com.br\/noticias\/cpi-da-covid-173-requerimentos-primeiro-dia\/#primaryimage","url":"https:\/\/files.sunoresearch.com.br\/n\/uploads\/2021\/04\/4cf1bd03-cpi-pandemia1_mcamgo_abr_270420211818-7-jpg.webp","contentUrl":"https:\/\/files.sunoresearch.com.br\/n\/uploads\/2021\/04\/4cf1bd03-cpi-pandemia1_mcamgo_abr_270420211818-7-jpg.webp","width":1024,"height":768,"caption":"Os senadores Rodrigues, Aziz e Calheiros. Foto: Marcelo Camargo - Ag\u00eancia Brasil"},{"@type":"BreadcrumbList","@id":"https:\/\/www.suno.com.br\/noticias\/cpi-da-covid-173-requerimentos-primeiro-dia\/#breadcrumb","itemListElement":[{"@type":"ListItem","position":1,"name":"Not\u00edcias","item":"https:\/\/www.suno.com.br\/noticias\/"},{"@type":"ListItem","position":2,"name":"Pol\u00edtica","item":"https:\/\/www.suno.com.br\/noticias\/politica\/"},{"@type":"ListItem","position":3,"name":"CPI da Covid recebe 173 pedidos de investiga\u00e7\u00e3o no primeiro dia"}]},{"@type":"WebSite","@id":"https:\/\/www.suno.com.br\/noticias\/#website","url":"https:\/\/www.suno.com.br\/noticias\/","name":"Suno Not\u00edcias","description":"Seu portal de informa\u00e7\u00e3o sobre o mundo dos investimentos","publisher":{"@id":"https:\/\/www.suno.com.br\/noticias\/#organization"},"potentialAction":[{"@type":"SearchAction","target":{"@type":"EntryPoint","urlTemplate":"https:\/\/www.suno.com.br\/noticias\/?s={search_term_string}"},"query-input":{"@type":"PropertyValueSpecification","valueRequired":true,"valueName":"search_term_string"}}],"inLanguage":"pt-BR"},{"@type":"Organization","@id":"https:\/\/www.suno.com.br\/noticias\/#organization","name":"Suno Not\u00edcias","url":"https:\/\/www.suno.com.br\/noticias\/","logo":{"@type":"ImageObject","inLanguage":"pt-BR","@id":"https:\/\/www.suno.com.br\/noticias\/#\/schema\/logo\/image\/","url":"https:\/\/files.sunoresearch.com.br\/n\/uploads\/2021\/09\/suno-logo.png","contentUrl":"https:\/\/files.sunoresearch.com.br\/n\/uploads\/2021\/09\/suno-logo.png","width":180,"height":180,"caption":"Suno Not\u00edcias"},"image":{"@id":"https:\/\/www.suno.com.br\/noticias\/#\/schema\/logo\/image\/"},"sameAs":["https:\/\/facebook.com\/sunoresearch","https:\/\/x.com\/sunoresearch","https:\/\/www.instagram.com\/suno","https:\/\/www.linkedin.com\/company\/suno-research\/","https:\/\/www.youtube.com\/c\/sunoresearch"]},{"@type":"Person","@id":"https:\/\/www.suno.com.br\/noticias\/#\/schema\/person\/02ec1f752758247878a2bf4abee1aeda","name":"Poliana Santos","image":{"@type":"ImageObject","inLanguage":"pt-BR","@id":"https:\/\/www.suno.com.br\/noticias\/#\/schema\/person\/image\/","url":"https:\/\/secure.gravatar.com\/avatar\/0645bd32f23d87b2130f2b2dff1d3f8d?s=96&r=g","contentUrl":"https:\/\/secure.gravatar.com\/avatar\/0645bd32f23d87b2130f2b2dff1d3f8d?s=96&r=g","caption":"Poliana Santos"},"description":"Rep\u00f3rter no Suno Not\u00edcias, com cobertura em mercado financeiro, economia, finan\u00e7as pessoais, renda fixa e varejo. Jornalista formada pela Faculdade C\u00e1sper L\u00edbero e possui passagem na R\u00e1dio Gazeta AM com a produ\u00e7\u00e3o de conte\u00fado sobre economia, pol\u00edtica, sa\u00fade, moda e m\u00fasica. Possui certificado de conclus\u00e3o do curso de An\u00e1lise de Balan\u00e7os pela Funda\u00e7\u00e3o Bradesco, Agenda Brasil pela FAAP, Educa\u00e7\u00e3o Pol\u00edtica por Alexandre Garcia e do Tesouro Direto e Mercado de A\u00e7\u00f5es pela B3.","url":"https:\/\/www.suno.com.br\/noticias\/author\/poliana-santos\/"}]}},"default_loop_html":"<div class=\"cardsPage__listCard__boxs\"><div class=\"cardsPage__listCard__boxs__img\"><a href=\"https:\/\/www.suno.com.br\/noticias\/cpi-da-covid-173-requerimentos-primeiro-dia\/\"><img class=\"mask\" src=\"https:\/\/www.suno.com.br\/noticias\/wp-content\/themes\/suno\/resources\/images\/spotlight\/spotlight1img\/bg-mask.png\" alt=\"Image Mask\"\/><img src=\"https:\/\/files.sunoresearch.com.br\/n\/uploads\/2021\/04\/4cf1bd03-cpi-pandemia1_mcamgo_abr_270420211818-7-400x200.webp\" alt=\"CPI da Covid recebe 173 pedidos de investiga\u00e7\u00e3o no primeiro dia\"\/><\/a><span class=\"spotlightCategory\"><a href=\"https:\/\/www.suno.com.br\/noticias\/politica\/\">Pol\u00edtica<\/a><\/span><\/div><div class=\"cardsPage__listCard__boxs__content\"><a href=\"https:\/\/www.suno.com.br\/noticias\/cpi-da-covid-173-requerimentos-primeiro-dia\/\"><h2 class=\"content__title\">CPI da Covid recebe 173 pedidos de investiga\u00e7\u00e3o no primeiro dia<\/h2><\/a><div class=\"newsContent__article__meta\"><div class=\"newsContent__article__meta__authorBox\"><a href=\"https:\/\/www.suno.com.br\/noticias\/author\/poliana-santos\/\" class=\"authorBox__avatar noMobi\"><img src=\"https:\/\/files.sunoresearch.com.br\/n\/uploads\/2020\/08\/7ef34026-whatsapp-image-2020-08-03-at-12.37.57-150x150.webp\" alt=\"Poliana Santos\"><\/a><div class=\"authorBox__name\"><span>por\n\t\t\t<a href=\"https:\/\/www.suno.com.br\/noticias\/author\/poliana-santos\/\"><span itemprop=\"author\">Poliana Santos<\/span><\/a><\/span><time datetime=\"2021-04-28T08:10:09-03:00\" itemprop=\"datePublished\">28\/04\/2021 08:10<\/time><\/div><\/div><\/div><\/div><\/div>","single_layout":"posts","amp_enabled":true,"_links":{"self":[{"href":"https:\/\/www.suno.com.br\/noticias\/wp-json\/wp\/v2\/posts\/142879"}],"collection":[{"href":"https:\/\/www.suno.com.br\/noticias\/wp-json\/wp\/v2\/posts"}],"about":[{"href":"https:\/\/www.suno.com.br\/noticias\/wp-json\/wp\/v2\/types\/post"}],"author":[{"embeddable":true,"href":"https:\/\/www.suno.com.br\/noticias\/wp-json\/wp\/v2\/users\/15"}],"replies":[{"embeddable":true,"href":"https:\/\/www.suno.com.br\/noticias\/wp-json\/wp\/v2\/comments?post=142879"}],"version-history":[{"count":3,"href":"https:\/\/www.suno.com.br\/noticias\/wp-json\/wp\/v2\/posts\/142879\/revisions"}],"predecessor-version":[{"id":142898,"href":"https:\/\/www.suno.com.br\/noticias\/wp-json\/wp\/v2\/posts\/142879\/revisions\/142898"}],"wp:featuredmedia":[{"embeddable":true,"href":"https:\/\/www.suno.com.br\/noticias\/wp-json\/wp\/v2\/media\/142891"}],"wp:attachment":[{"href":"https:\/\/www.suno.com.br\/noticias\/wp-json\/wp\/v2\/media?parent=142879"}],"wp:term":[{"taxonomy":"category","embeddable":true,"href":"https:\/\/www.suno.com.br\/noticias\/wp-json\/wp\/v2\/categories?post=142879"},{"taxonomy":"post_tag","embeddable":true,"href":"https:\/\/www.suno.com.br\/noticias\/wp-json\/wp\/v2\/tags?post=142879"},{"taxonomy":"suno_strategy","embeddable":true,"href":"https:\/\/www.suno.com.br\/noticias\/wp-json\/wp\/v2\/suno_strategy?post=142879"}],"curies":[{"name":"wp","href":"https:\/\/api.w.org\/{rel}","templated":true}]}}