{"id":142683,"date":"2021-04-27T16:31:05","date_gmt":"2021-04-27T19:31:05","guid":{"rendered":"https:\/\/www.suno.com.br\/noticias\/?p=142683"},"modified":"2021-04-27T16:31:05","modified_gmt":"2021-04-27T19:31:05","slug":"cpi-covid-19-elege-omaraziz-presidente","status":"publish","type":"post","link":"https:\/\/www.suno.com.br\/noticias\/cpi-covid-19-elege-omaraziz-presidente\/","title":{"rendered":"CPI da Covid-19 elege Omar Aziz como presidente e Renan Calheiros, relator"},"content":{"rendered":"<p>A Comiss\u00e3o Parlamentar de Inqu\u00e9rito <strong>(CPI) da Covid-19<\/strong> foi instalada nesta ter\u00e7a-feira (27) e elegeu como seu presidente, o senador Omar Aziz (PSD-AM) e Renan Calheiros (MDB-AL) para ser o relator do colegiado.<\/p>\t<div class=\"wrapper-featured-image\">\n\t\t<figure class=\"spotlightImg\">\n\n\t\t\t<picture>\n\t\t\t\t<source media=\"(max-width: 768px)\" srcset=\"https:\/\/files.sunoresearch.com.br\/n\/uploads\/2021\/04\/879ea9ed-cpi-pandemia1_mcamgo_abr_270420211818-8-400x200.webp\">\n\t\t\t\t<img loading=\"lazy\" decoding=\"async\" class=\"newsContent__article__imgCapa lazyloadDisabled \" src=\"https:\/\/files.sunoresearch.com.br\/n\/uploads\/2021\/04\/879ea9ed-cpi-pandemia1_mcamgo_abr_270420211818-8-800x450.webp\" width=\"800\" height=\"450\" alt=\"CPI da Covid-19 elege Omar Aziz como presidente e Renan Calheiros, relator\" fetchpriority=high \/>\n\t\t\t<\/picture>\n\n\t\t\t<figcaption class=\"wp-caption-text wp-caption-text--show\">CPI. Foto: Marcelo Camargo, Ag\u00eancia Brasil<\/figcaption>\n\t\t<\/figure>\n\t<\/div>\n\n\n<p><span style=\"font-weight: 400;\">\t<p>\n\t\t<a href=\"https:\/\/lp.suno.com.br\/planilha-controle-gastos\/\" target=\"_blank\" data-element=\"shortcode-suno-banner\" title=\"Banner SUNO, clique e saiba mais\">\n\t\t\t<picture>\n\t\t\t\t<source media=\"(max-width: 500px)\" srcset=\"https:\/\/files.sunoresearch.com.br\/n\/uploads\/2023\/03\/400x300-Planilha-controle-de-gastos.png\">\n\t\t\t\t<img class=\"newsContent__article__imgCapa newsContent__article__imgCapa--banner\"\n\t\t\t\t\tsrc=\"https:\/\/files.sunoresearch.com.br\/n\/uploads\/2023\/03\/1420x240-Planilha-controle-de-gastos.png\"\n\t\t\t\t\tdata-promo-id=\"101751\"\t\t\t\t\t\t\t\t\t\twidth='1420' height='240'\t\t\t\t\talt=\"https:\/\/files.sunoresearch.com.br\/n\/uploads\/2023\/03\/1420x240-Planilha-controle-de-gastos.png\"\n\t\t\t\t>\n\t\t\t<\/picture>\n\t\t<\/a>\n\t<\/p>\n\n<\/span><\/p>\n<p>O senador Aziz foi eleito com oito votos, de um total de 11 e ap\u00f3s isso, o presidente eleito escolheu Calheiros para ser o relator. A nomea\u00e7\u00e3o do relator foi alvo de disputa judicial, que teve seu \u00faltimo ato em decis\u00e3o proferida pelo <strong>Tribunal Regional Federal<\/strong> da 1\u00aa Regi\u00e3o (TRF-1 ) quando a CPI j\u00e1 realizava sua reuni\u00e3o.<\/p>\n<p>De acordo com o Poder 360, o MDB, de Calheiros, \u00e9 a maior bancada do Senado, enquanto o PSD, de Aziz, fica em segundo lugar. Por isso, o resultado da elei\u00e7\u00e3o j\u00e1 era previsto como parte de um acordo entre os integrantes da CPI.<\/p>\n<p><a href=\"https:\/\/lp.suno.com.br\/suno-one\/?ppp=noticias\/hospital-care-pedido-ipo-cvm\/\">Suno One: acesse gratuitamente eBooks, Minicursos, Artigos e V\u00eddeo Aulas sobre investimentos com um \u00fanico cadastro. Clique para saber mais!<\/a><\/p>\n<p>Vale lembrar que na \u00faltima segunda-feira (26), a <strong>Justi\u00e7a Federal<\/strong> havia proibido que Calheiros fosse escolhido como relator da comiss\u00e3o, contudo, a decis\u00e3o do juiz de primeira Inst\u00e2ncia foi derrubada pelo juiz federal Francisco de Assis Betti, que ocupa interinamente o cargo presidente do TRF-1.<\/p>\n<h2>A CPI da Covid<\/h2>\n<p>Na \u00faltima ter\u00e7a-feira (13), o presidente do Senado, Rodrigo Pacheco (DEM-MG), decidiu que a CPI da Covid-19 dever\u00e1 atuar em investiga\u00e7\u00f5es do dinheiro federal que foi para cidades e estados, al\u00e9m de eventuais omiss\u00f5es do governo no combate ao v\u00edrus.<\/p>\n<p><span style=\"font-weight: 400;\">\t<p>\n\t\t<a href=\"https:\/\/lp.suno.com.br\/planilha-da-vida-financeira\/\" target=\"_blank\" data-element=\"shortcode-suno-banner\" title=\"Banner SUNO, clique e saiba mais\">\n\t\t\t<picture>\n\t\t\t\t<source media=\"(max-width: 500px)\" srcset=\"https:\/\/files.sunoresearch.com.br\/n\/uploads\/2023\/04\/400x300-Planilha-vida-financeira-true.png\">\n\t\t\t\t<img class=\"newsContent__article__imgCapa newsContent__article__imgCapa--banner\"\n\t\t\t\t\tsrc=\"https:\/\/files.sunoresearch.com.br\/n\/uploads\/2023\/04\/1420x240-Planilha-vida-financeira-true.png\"\n\t\t\t\t\tdata-promo-id=\"106682\"\t\t\t\t\t\t\t\t\t\twidth='1420' height='240'\t\t\t\t\talt=\"https:\/\/files.sunoresearch.com.br\/n\/uploads\/2023\/04\/1420x240-Planilha-vida-financeira-true.png\"\n\t\t\t\t>\n\t\t\t<\/picture>\n\t\t<\/a>\n\t<\/p>\n\n<\/span><\/p>\n<p>Al\u00e9m disso, o presidente Jair Bolsonaro havia criticado o alcance da comiss\u00e3o e defendido que tamb\u00e9m atuasse para investigar governadores e prefeitos.<\/p>\n<p>O requerimento de instala\u00e7\u00e3o de uma CPI que investigasse Uni\u00e3o, estados e munic\u00edpios registrou mais de 40 assinaturas de senadores. Todavia, o regimento interno do Senado n\u00e3o permite a cria\u00e7\u00e3o de CPIs para investigar assuntos estaduais.<\/p>\n<p>A <strong>dura\u00e7\u00e3o da CPI da Covid<\/strong> ser\u00e1 de 90 dias, de acordo com o requerimento de sua instala\u00e7\u00e3o, por\u00e9m o prazo pode ser ampliado desde que o pedido para isso seja assinado por pelo menos 27 congressistas.<\/p>\n<p><span style=\"font-weight: 400;\">\t<p>\n\t\t<a href=\"https:\/\/lp.suno.com.br\/planilha-de-controle-de-investimentos\/\" target=\"_blank\" data-element=\"shortcode-suno-banner\" title=\"Banner SUNO, clique e saiba mais\">\n\t\t\t<picture>\n\t\t\t\t<source media=\"(max-width: 500px)\" srcset=\"https:\/\/files.sunoresearch.com.br\/n\/uploads\/2023\/03\/400x300-Controle-de-Investimentos.png\">\n\t\t\t\t<img class=\"newsContent__article__imgCapa newsContent__article__imgCapa--banner\"\n\t\t\t\t\tsrc=\"https:\/\/files.sunoresearch.com.br\/n\/uploads\/2023\/03\/1420x240-Controle-de-Investimentos.png\"\n\t\t\t\t\tdata-promo-id=\"75934\"\t\t\t\t\t\t\t\t\t\twidth='1420' height='240'\t\t\t\t\talt=\"https:\/\/files.sunoresearch.com.br\/n\/uploads\/2023\/03\/1420x240-Controle-de-Investimentos.png\"\n\t\t\t\t>\n\t\t\t<\/picture>\n\t\t<\/a>\n\t<\/p>\n\n<\/span><\/p>\n","protected":false},"excerpt":{"rendered":"<p>A Comiss\u00e3o Parlamentar de Inqu\u00e9rito (CPI) da Covid-19 foi instalada nesta ter\u00e7a-feira (27) e elegeu como seu presidente, o senador Omar Aziz (PSD-AM) e Renan Calheiros (MDB-AL) para ser o relator do colegiado. CPI. Foto: Marcelo Camargo, Ag\u00eancia Brasil O senador Aziz foi eleito com oito votos, de um total de 11 e ap\u00f3s isso, [&hellip;]<\/p>\n","protected":false},"author":56,"featured_media":142741,"comment_status":"closed","ping_status":"closed","sticky":false,"template":"","format":"standard","meta":[],"categories":[61],"tags":[1455,5255],"suno_strategy":[],"class_list":["post-142683","post","type-post","status-publish","format-standard","has-post-thumbnail","hentry","category-politica","tag-comissao-parlamentar-inquerito-cpi","tag-covid-19"],"yoast_head":"<!-- This site is optimized with the Yoast SEO plugin v24.4 - https:\/\/yoast.com\/wordpress\/plugins\/seo\/ -->\n<title>CPI da Covid-19 elege Omar Aziz como presidente e Renan Calheiros, relator<\/title>\n<meta name=\"description\" content=\"A Comiss\u00e3o Parlamentar de Inqu\u00e9rito (CPI) da Covid-19 foi instalada nesta ter\u00e7a-feira (27). Clique aqui para saber mais.\" \/>\n<meta name=\"robots\" content=\"index, follow, max-snippet:-1, max-image-preview:large, max-video-preview:-1\" \/>\n<link rel=\"canonical\" href=\"https:\/\/www.suno.com.br\/noticias\/cpi-covid-19-elege-omaraziz-presidente\/\" \/>\n<meta property=\"og:locale\" content=\"pt_BR\" \/>\n<meta property=\"og:type\" content=\"article\" \/>\n<meta property=\"og:title\" content=\"CPI da Covid-19 elege Omar Aziz como presidente e Renan Calheiros, relator\" \/>\n<meta property=\"og:description\" content=\"A Comiss\u00e3o Parlamentar de Inqu\u00e9rito (CPI) da Covid-19 foi instalada nesta ter\u00e7a-feira (27). Clique aqui para saber mais.\" \/>\n<meta property=\"og:url\" content=\"https:\/\/www.suno.com.br\/noticias\/cpi-covid-19-elege-omaraziz-presidente\/\" \/>\n<meta property=\"og:site_name\" content=\"Suno Not\u00edcias\" \/>\n<meta property=\"article:publisher\" content=\"https:\/\/facebook.com\/sunoresearch\" \/>\n<meta property=\"og:image\" content=\"https:\/\/files.sunoresearch.com.br\/n\/uploads\/2021\/04\/879ea9ed-cpi-pandemia1_mcamgo_abr_270420211818-8.jpg\" \/>\n\t<meta property=\"og:image:width\" content=\"1024\" \/>\n\t<meta property=\"og:image:height\" content=\"768\" \/>\n\t<meta property=\"og:image:type\" content=\"image\/jpeg\" \/>\n<meta name=\"author\" content=\"Rafaela La Regina\" \/>\n<meta name=\"twitter:card\" content=\"summary_large_image\" \/>\n<meta name=\"twitter:creator\" content=\"@sunoresearch\" \/>\n<meta name=\"twitter:site\" content=\"@sunoresearch\" \/>\n<meta name=\"twitter:label1\" content=\"Escrito por\" \/>\n\t<meta name=\"twitter:data1\" content=\"Rafaela La Regina\" \/>\n\t<meta name=\"twitter:label2\" content=\"Est. tempo de leitura\" \/>\n\t<meta name=\"twitter:data2\" content=\"2 minutos\" \/>\n<script type=\"application\/ld+json\" class=\"yoast-schema-graph\">{\"@context\":\"https:\/\/schema.org\",\"@graph\":[{\"@type\":\"NewsArticle\",\"@id\":\"https:\/\/www.suno.com.br\/noticias\/cpi-covid-19-elege-omaraziz-presidente\/#article\",\"isPartOf\":{\"@id\":\"https:\/\/www.suno.com.br\/noticias\/cpi-covid-19-elege-omaraziz-presidente\/\"},\"author\":{\"name\":\"Rafaela La Regina\",\"@id\":\"https:\/\/www.suno.com.br\/noticias\/#\/schema\/person\/e672ca8cea627fe715fa29bca7da95e0\"},\"headline\":\"CPI da Covid-19 elege Omar Aziz como presidente e Renan Calheiros, relator\",\"datePublished\":\"2021-04-27T19:31:05+00:00\",\"mainEntityOfPage\":{\"@id\":\"https:\/\/www.suno.com.br\/noticias\/cpi-covid-19-elege-omaraziz-presidente\/\"},\"wordCount\":379,\"publisher\":{\"@id\":\"https:\/\/www.suno.com.br\/noticias\/#organization\"},\"image\":{\"@id\":\"https:\/\/www.suno.com.br\/noticias\/cpi-covid-19-elege-omaraziz-presidente\/#primaryimage\"},\"thumbnailUrl\":\"https:\/\/files.sunoresearch.com.br\/n\/uploads\/2021\/04\/879ea9ed-cpi-pandemia1_mcamgo_abr_270420211818-8-jpg.webp\",\"keywords\":[\"Comiss\u00e3o Parlamentar de Inqu\u00e9rito (CPI)\",\"covid-19\"],\"articleSection\":[\"Pol\u00edtica\"],\"inLanguage\":\"pt-BR\"},{\"@type\":\"WebPage\",\"@id\":\"https:\/\/www.suno.com.br\/noticias\/cpi-covid-19-elege-omaraziz-presidente\/\",\"url\":\"https:\/\/www.suno.com.br\/noticias\/cpi-covid-19-elege-omaraziz-presidente\/\",\"name\":\"CPI da Covid-19 elege Omar Aziz como presidente e Renan Calheiros, relator\",\"isPartOf\":{\"@id\":\"https:\/\/www.suno.com.br\/noticias\/#website\"},\"primaryImageOfPage\":{\"@id\":\"https:\/\/www.suno.com.br\/noticias\/cpi-covid-19-elege-omaraziz-presidente\/#primaryimage\"},\"image\":{\"@id\":\"https:\/\/www.suno.com.br\/noticias\/cpi-covid-19-elege-omaraziz-presidente\/#primaryimage\"},\"thumbnailUrl\":\"https:\/\/files.sunoresearch.com.br\/n\/uploads\/2021\/04\/879ea9ed-cpi-pandemia1_mcamgo_abr_270420211818-8-jpg.webp\",\"datePublished\":\"2021-04-27T19:31:05+00:00\",\"description\":\"A Comiss\u00e3o Parlamentar de Inqu\u00e9rito (CPI) da Covid-19 foi instalada nesta ter\u00e7a-feira (27). Clique aqui para saber mais.\",\"breadcrumb\":{\"@id\":\"https:\/\/www.suno.com.br\/noticias\/cpi-covid-19-elege-omaraziz-presidente\/#breadcrumb\"},\"inLanguage\":\"pt-BR\",\"potentialAction\":[{\"@type\":\"ReadAction\",\"target\":[\"https:\/\/www.suno.com.br\/noticias\/cpi-covid-19-elege-omaraziz-presidente\/\"]}]},{\"@type\":\"ImageObject\",\"inLanguage\":\"pt-BR\",\"@id\":\"https:\/\/www.suno.com.br\/noticias\/cpi-covid-19-elege-omaraziz-presidente\/#primaryimage\",\"url\":\"https:\/\/files.sunoresearch.com.br\/n\/uploads\/2021\/04\/879ea9ed-cpi-pandemia1_mcamgo_abr_270420211818-8-jpg.webp\",\"contentUrl\":\"https:\/\/files.sunoresearch.com.br\/n\/uploads\/2021\/04\/879ea9ed-cpi-pandemia1_mcamgo_abr_270420211818-8-jpg.webp\",\"width\":1024,\"height\":768,\"caption\":\"CPI. Foto: Marcelo Camargo, Ag\u00eancia Brasil\"},{\"@type\":\"BreadcrumbList\",\"@id\":\"https:\/\/www.suno.com.br\/noticias\/cpi-covid-19-elege-omaraziz-presidente\/#breadcrumb\",\"itemListElement\":[{\"@type\":\"ListItem\",\"position\":1,\"name\":\"Not\u00edcias\",\"item\":\"https:\/\/www.suno.com.br\/noticias\/\"},{\"@type\":\"ListItem\",\"position\":2,\"name\":\"Pol\u00edtica\",\"item\":\"https:\/\/www.suno.com.br\/noticias\/politica\/\"},{\"@type\":\"ListItem\",\"position\":3,\"name\":\"CPI da Covid-19 elege Omar Aziz como presidente e Renan Calheiros, relator\"}]},{\"@type\":\"WebSite\",\"@id\":\"https:\/\/www.suno.com.br\/noticias\/#website\",\"url\":\"https:\/\/www.suno.com.br\/noticias\/\",\"name\":\"Suno Not\u00edcias\",\"description\":\"Seu portal de informa\u00e7\u00e3o sobre o mundo dos investimentos\",\"publisher\":{\"@id\":\"https:\/\/www.suno.com.br\/noticias\/#organization\"},\"potentialAction\":[{\"@type\":\"SearchAction\",\"target\":{\"@type\":\"EntryPoint\",\"urlTemplate\":\"https:\/\/www.suno.com.br\/noticias\/?s={search_term_string}\"},\"query-input\":{\"@type\":\"PropertyValueSpecification\",\"valueRequired\":true,\"valueName\":\"search_term_string\"}}],\"inLanguage\":\"pt-BR\"},{\"@type\":\"Organization\",\"@id\":\"https:\/\/www.suno.com.br\/noticias\/#organization\",\"name\":\"Suno Not\u00edcias\",\"url\":\"https:\/\/www.suno.com.br\/noticias\/\",\"logo\":{\"@type\":\"ImageObject\",\"inLanguage\":\"pt-BR\",\"@id\":\"https:\/\/www.suno.com.br\/noticias\/#\/schema\/logo\/image\/\",\"url\":\"https:\/\/files.sunoresearch.com.br\/n\/uploads\/2021\/09\/suno-logo.png\",\"contentUrl\":\"https:\/\/files.sunoresearch.com.br\/n\/uploads\/2021\/09\/suno-logo.png\",\"width\":180,\"height\":180,\"caption\":\"Suno Not\u00edcias\"},\"image\":{\"@id\":\"https:\/\/www.suno.com.br\/noticias\/#\/schema\/logo\/image\/\"},\"sameAs\":[\"https:\/\/facebook.com\/sunoresearch\",\"https:\/\/x.com\/sunoresearch\",\"https:\/\/www.instagram.com\/suno\",\"https:\/\/www.linkedin.com\/company\/suno-research\/\",\"https:\/\/www.youtube.com\/c\/sunoresearch\"]},{\"@type\":\"Person\",\"@id\":\"https:\/\/www.suno.com.br\/noticias\/#\/schema\/person\/e672ca8cea627fe715fa29bca7da95e0\",\"name\":\"Rafaela La Regina\",\"image\":{\"@type\":\"ImageObject\",\"inLanguage\":\"pt-BR\",\"@id\":\"https:\/\/www.suno.com.br\/noticias\/#\/schema\/person\/image\/\",\"url\":\"https:\/\/secure.gravatar.com\/avatar\/d2c75a52d243deb93d0465fdcb21bd37?s=96&r=g\",\"contentUrl\":\"https:\/\/secure.gravatar.com\/avatar\/d2c75a52d243deb93d0465fdcb21bd37?s=96&r=g\",\"caption\":\"Rafaela La Regina\"},\"description\":\"Estagi\u00e1ria no Suno Not\u00edcias. Escreve sobre economia, pol\u00edtica e neg\u00f3cios. Estuda Rela\u00e7\u00f5es Internacionais no IBMEC-SP.\",\"url\":\"https:\/\/www.suno.com.br\/noticias\/author\/rafaela-la-regina\/\"}]}<\/script>\n<!-- \/ Yoast SEO plugin. -->","yoast_head_json":{"title":"CPI da Covid-19 elege Omar Aziz como presidente e Renan Calheiros, relator","description":"A Comiss\u00e3o Parlamentar de Inqu\u00e9rito (CPI) da Covid-19 foi instalada nesta ter\u00e7a-feira (27). Clique aqui para saber mais.","robots":{"index":"index","follow":"follow","max-snippet":"max-snippet:-1","max-image-preview":"max-image-preview:large","max-video-preview":"max-video-preview:-1"},"canonical":"https:\/\/www.suno.com.br\/noticias\/cpi-covid-19-elege-omaraziz-presidente\/","og_locale":"pt_BR","og_type":"article","og_title":"CPI da Covid-19 elege Omar Aziz como presidente e Renan Calheiros, relator","og_description":"A Comiss\u00e3o Parlamentar de Inqu\u00e9rito (CPI) da Covid-19 foi instalada nesta ter\u00e7a-feira (27). Clique aqui para saber mais.","og_url":"https:\/\/www.suno.com.br\/noticias\/cpi-covid-19-elege-omaraziz-presidente\/","og_site_name":"Suno Not\u00edcias","article_publisher":"https:\/\/facebook.com\/sunoresearch","og_image":[{"width":1024,"height":768,"url":"https:\/\/files.sunoresearch.com.br\/n\/uploads\/2021\/04\/879ea9ed-cpi-pandemia1_mcamgo_abr_270420211818-8.jpg","type":"image\/jpeg"}],"author":"Rafaela La Regina","twitter_card":"summary_large_image","twitter_creator":"@sunoresearch","twitter_site":"@sunoresearch","twitter_misc":{"Escrito por":"Rafaela La Regina","Est. tempo de leitura":"2 minutos"},"schema":{"@context":"https:\/\/schema.org","@graph":[{"@type":"NewsArticle","@id":"https:\/\/www.suno.com.br\/noticias\/cpi-covid-19-elege-omaraziz-presidente\/#article","isPartOf":{"@id":"https:\/\/www.suno.com.br\/noticias\/cpi-covid-19-elege-omaraziz-presidente\/"},"author":{"name":"Rafaela La Regina","@id":"https:\/\/www.suno.com.br\/noticias\/#\/schema\/person\/e672ca8cea627fe715fa29bca7da95e0"},"headline":"CPI da Covid-19 elege Omar Aziz como presidente e Renan Calheiros, relator","datePublished":"2021-04-27T19:31:05+00:00","mainEntityOfPage":{"@id":"https:\/\/www.suno.com.br\/noticias\/cpi-covid-19-elege-omaraziz-presidente\/"},"wordCount":379,"publisher":{"@id":"https:\/\/www.suno.com.br\/noticias\/#organization"},"image":{"@id":"https:\/\/www.suno.com.br\/noticias\/cpi-covid-19-elege-omaraziz-presidente\/#primaryimage"},"thumbnailUrl":"https:\/\/files.sunoresearch.com.br\/n\/uploads\/2021\/04\/879ea9ed-cpi-pandemia1_mcamgo_abr_270420211818-8-jpg.webp","keywords":["Comiss\u00e3o Parlamentar de Inqu\u00e9rito (CPI)","covid-19"],"articleSection":["Pol\u00edtica"],"inLanguage":"pt-BR"},{"@type":"WebPage","@id":"https:\/\/www.suno.com.br\/noticias\/cpi-covid-19-elege-omaraziz-presidente\/","url":"https:\/\/www.suno.com.br\/noticias\/cpi-covid-19-elege-omaraziz-presidente\/","name":"CPI da Covid-19 elege Omar Aziz como presidente e Renan Calheiros, relator","isPartOf":{"@id":"https:\/\/www.suno.com.br\/noticias\/#website"},"primaryImageOfPage":{"@id":"https:\/\/www.suno.com.br\/noticias\/cpi-covid-19-elege-omaraziz-presidente\/#primaryimage"},"image":{"@id":"https:\/\/www.suno.com.br\/noticias\/cpi-covid-19-elege-omaraziz-presidente\/#primaryimage"},"thumbnailUrl":"https:\/\/files.sunoresearch.com.br\/n\/uploads\/2021\/04\/879ea9ed-cpi-pandemia1_mcamgo_abr_270420211818-8-jpg.webp","datePublished":"2021-04-27T19:31:05+00:00","description":"A Comiss\u00e3o Parlamentar de Inqu\u00e9rito (CPI) da Covid-19 foi instalada nesta ter\u00e7a-feira (27). Clique aqui para saber mais.","breadcrumb":{"@id":"https:\/\/www.suno.com.br\/noticias\/cpi-covid-19-elege-omaraziz-presidente\/#breadcrumb"},"inLanguage":"pt-BR","potentialAction":[{"@type":"ReadAction","target":["https:\/\/www.suno.com.br\/noticias\/cpi-covid-19-elege-omaraziz-presidente\/"]}]},{"@type":"ImageObject","inLanguage":"pt-BR","@id":"https:\/\/www.suno.com.br\/noticias\/cpi-covid-19-elege-omaraziz-presidente\/#primaryimage","url":"https:\/\/files.sunoresearch.com.br\/n\/uploads\/2021\/04\/879ea9ed-cpi-pandemia1_mcamgo_abr_270420211818-8-jpg.webp","contentUrl":"https:\/\/files.sunoresearch.com.br\/n\/uploads\/2021\/04\/879ea9ed-cpi-pandemia1_mcamgo_abr_270420211818-8-jpg.webp","width":1024,"height":768,"caption":"CPI. Foto: Marcelo Camargo, Ag\u00eancia Brasil"},{"@type":"BreadcrumbList","@id":"https:\/\/www.suno.com.br\/noticias\/cpi-covid-19-elege-omaraziz-presidente\/#breadcrumb","itemListElement":[{"@type":"ListItem","position":1,"name":"Not\u00edcias","item":"https:\/\/www.suno.com.br\/noticias\/"},{"@type":"ListItem","position":2,"name":"Pol\u00edtica","item":"https:\/\/www.suno.com.br\/noticias\/politica\/"},{"@type":"ListItem","position":3,"name":"CPI da Covid-19 elege Omar Aziz como presidente e Renan Calheiros, relator"}]},{"@type":"WebSite","@id":"https:\/\/www.suno.com.br\/noticias\/#website","url":"https:\/\/www.suno.com.br\/noticias\/","name":"Suno Not\u00edcias","description":"Seu portal de informa\u00e7\u00e3o sobre o mundo dos investimentos","publisher":{"@id":"https:\/\/www.suno.com.br\/noticias\/#organization"},"potentialAction":[{"@type":"SearchAction","target":{"@type":"EntryPoint","urlTemplate":"https:\/\/www.suno.com.br\/noticias\/?s={search_term_string}"},"query-input":{"@type":"PropertyValueSpecification","valueRequired":true,"valueName":"search_term_string"}}],"inLanguage":"pt-BR"},{"@type":"Organization","@id":"https:\/\/www.suno.com.br\/noticias\/#organization","name":"Suno Not\u00edcias","url":"https:\/\/www.suno.com.br\/noticias\/","logo":{"@type":"ImageObject","inLanguage":"pt-BR","@id":"https:\/\/www.suno.com.br\/noticias\/#\/schema\/logo\/image\/","url":"https:\/\/files.sunoresearch.com.br\/n\/uploads\/2021\/09\/suno-logo.png","contentUrl":"https:\/\/files.sunoresearch.com.br\/n\/uploads\/2021\/09\/suno-logo.png","width":180,"height":180,"caption":"Suno Not\u00edcias"},"image":{"@id":"https:\/\/www.suno.com.br\/noticias\/#\/schema\/logo\/image\/"},"sameAs":["https:\/\/facebook.com\/sunoresearch","https:\/\/x.com\/sunoresearch","https:\/\/www.instagram.com\/suno","https:\/\/www.linkedin.com\/company\/suno-research\/","https:\/\/www.youtube.com\/c\/sunoresearch"]},{"@type":"Person","@id":"https:\/\/www.suno.com.br\/noticias\/#\/schema\/person\/e672ca8cea627fe715fa29bca7da95e0","name":"Rafaela La Regina","image":{"@type":"ImageObject","inLanguage":"pt-BR","@id":"https:\/\/www.suno.com.br\/noticias\/#\/schema\/person\/image\/","url":"https:\/\/secure.gravatar.com\/avatar\/d2c75a52d243deb93d0465fdcb21bd37?s=96&r=g","contentUrl":"https:\/\/secure.gravatar.com\/avatar\/d2c75a52d243deb93d0465fdcb21bd37?s=96&r=g","caption":"Rafaela La Regina"},"description":"Estagi\u00e1ria no Suno Not\u00edcias. Escreve sobre economia, pol\u00edtica e neg\u00f3cios. Estuda Rela\u00e7\u00f5es Internacionais no IBMEC-SP.","url":"https:\/\/www.suno.com.br\/noticias\/author\/rafaela-la-regina\/"}]}},"default_loop_html":"<div class=\"cardsPage__listCard__boxs\"><div class=\"cardsPage__listCard__boxs__img\"><a href=\"https:\/\/www.suno.com.br\/noticias\/cpi-covid-19-elege-omaraziz-presidente\/\"><img class=\"mask\" src=\"https:\/\/www.suno.com.br\/noticias\/wp-content\/themes\/suno\/resources\/images\/spotlight\/spotlight1img\/bg-mask.png\" alt=\"Image Mask\"\/><img src=\"https:\/\/files.sunoresearch.com.br\/n\/uploads\/2021\/04\/879ea9ed-cpi-pandemia1_mcamgo_abr_270420211818-8-400x200.webp\" alt=\"CPI da Covid-19 elege Omar Aziz como presidente e Renan Calheiros, relator\"\/><\/a><span class=\"spotlightCategory\"><a href=\"https:\/\/www.suno.com.br\/noticias\/politica\/\">Pol\u00edtica<\/a><\/span><\/div><div class=\"cardsPage__listCard__boxs__content\"><a href=\"https:\/\/www.suno.com.br\/noticias\/cpi-covid-19-elege-omaraziz-presidente\/\"><h2 class=\"content__title\">CPI da Covid-19 elege Omar Aziz como presidente e Renan Calheiros, relator<\/h2><\/a><div class=\"newsContent__article__meta\"><div class=\"newsContent__article__meta__authorBox\"><a href=\"https:\/\/www.suno.com.br\/noticias\/author\/rafaela-la-regina\/\" class=\"authorBox__avatar noMobi\"><img src=\"https:\/\/secure.gravatar.com\/avatar\/d2c75a52d243deb93d0465fdcb21bd37?s=96&#038;r=g\" alt=\"Rafaela La Regina\"><\/a><div class=\"authorBox__name\"><span>por\n\t\t\t<a href=\"https:\/\/www.suno.com.br\/noticias\/author\/rafaela-la-regina\/\"><span itemprop=\"author\">Rafaela La Regina<\/span><\/a><\/span><time datetime=\"2021-04-27T16:31:05-03:00\" itemprop=\"datePublished\">27\/04\/2021 16:31<\/time><\/div><\/div><\/div><\/div><\/div>","single_layout":"posts","amp_enabled":true,"_links":{"self":[{"href":"https:\/\/www.suno.com.br\/noticias\/wp-json\/wp\/v2\/posts\/142683"}],"collection":[{"href":"https:\/\/www.suno.com.br\/noticias\/wp-json\/wp\/v2\/posts"}],"about":[{"href":"https:\/\/www.suno.com.br\/noticias\/wp-json\/wp\/v2\/types\/post"}],"author":[{"embeddable":true,"href":"https:\/\/www.suno.com.br\/noticias\/wp-json\/wp\/v2\/users\/56"}],"replies":[{"embeddable":true,"href":"https:\/\/www.suno.com.br\/noticias\/wp-json\/wp\/v2\/comments?post=142683"}],"version-history":[{"count":1,"href":"https:\/\/www.suno.com.br\/noticias\/wp-json\/wp\/v2\/posts\/142683\/revisions"}],"predecessor-version":[{"id":142742,"href":"https:\/\/www.suno.com.br\/noticias\/wp-json\/wp\/v2\/posts\/142683\/revisions\/142742"}],"wp:featuredmedia":[{"embeddable":true,"href":"https:\/\/www.suno.com.br\/noticias\/wp-json\/wp\/v2\/media\/142741"}],"wp:attachment":[{"href":"https:\/\/www.suno.com.br\/noticias\/wp-json\/wp\/v2\/media?parent=142683"}],"wp:term":[{"taxonomy":"category","embeddable":true,"href":"https:\/\/www.suno.com.br\/noticias\/wp-json\/wp\/v2\/categories?post=142683"},{"taxonomy":"post_tag","embeddable":true,"href":"https:\/\/www.suno.com.br\/noticias\/wp-json\/wp\/v2\/tags?post=142683"},{"taxonomy":"suno_strategy","embeddable":true,"href":"https:\/\/www.suno.com.br\/noticias\/wp-json\/wp\/v2\/suno_strategy?post=142683"}],"curies":[{"name":"wp","href":"https:\/\/api.w.org\/{rel}","templated":true}]}}