{"id":142643,"date":"2021-04-27T14:31:50","date_gmt":"2021-04-27T17:31:50","guid":{"rendered":"https:\/\/www.suno.com.br\/noticias\/?p=142643"},"modified":"2021-04-27T14:32:04","modified_gmt":"2021-04-27T17:32:04","slug":"guedes-demite-secretario-apos-embates-em-torno-do-orcamento-de-2021","status":"publish","type":"post","link":"https:\/\/www.suno.com.br\/noticias\/guedes-demite-secretario-apos-embates-em-torno-do-orcamento-de-2021\/","title":{"rendered":"Guedes demite secret\u00e1rio ap\u00f3s embates em torno do Or\u00e7amento de 2021"},"content":{"rendered":"<p>O ministro da Economia, <a href=\"https:\/\/www.suno.com.br\/tudo-sobre\/paulo-guedes\/\">Paulo <strong>Guedes<\/strong><\/a>, demitiu Waldery Rodrigues do cargo de secret\u00e1rio especial da Fazenda, ap\u00f3s embates na san\u00e7\u00e3o do Or\u00e7amento de 2021. Para seu lugar, segundo coment\u00e1rios, o escolhido foi o atual secret\u00e1rio do <a href=\"https:\/\/www.suno.com.br\/artigos\/tesouro-nacional\/\">Tesouro Nacional<\/a>, Bruno Funchal. Na hierarquia do Minist\u00e9rio da Economia, o Tesouro Nacional \u00e9 ligado \u00e0 Secretaria Especial da Fazenda.<\/p>\t<div class=\"wrapper-featured-image\">\n\t\t<figure class=\"spotlightImg\">\n\n\t\t\t<picture>\n\t\t\t\t<source media=\"(max-width: 768px)\" srcset=\"https:\/\/files.sunoresearch.com.br\/n\/uploads\/2021\/04\/678e4419-guedes-400x200.webp\">\n\t\t\t\t<img loading=\"lazy\" decoding=\"async\" class=\"newsContent__article__imgCapa lazyloadDisabled \" src=\"https:\/\/files.sunoresearch.com.br\/n\/uploads\/2021\/04\/678e4419-guedes-800x450.webp\" width=\"800\" height=\"450\" alt=\"Guedes demite secret\u00e1rio ap\u00f3s embates em torno do Or\u00e7amento de 2021\" fetchpriority=high \/>\n\t\t\t<\/picture>\n\n\t\t\t<figcaption class=\"wp-caption-text wp-caption-text--show\">Foto: Pedro Fran\u00e7a \/ Ag\u00eancia Senado<\/figcaption>\n\t\t<\/figure>\n\t<\/div>\n\n\n<p><span style=\"font-weight: 400;\">\t<p>\n\t\t<a href=\"https:\/\/lp.suno.com.br\/planilha-controle-gastos\/\" target=\"_blank\" data-element=\"shortcode-suno-banner\" title=\"Banner SUNO, clique e saiba mais\">\n\t\t\t<picture>\n\t\t\t\t<source media=\"(max-width: 500px)\" srcset=\"https:\/\/files.sunoresearch.com.br\/n\/uploads\/2023\/03\/400x300-Planilha-controle-de-gastos.png\">\n\t\t\t\t<img class=\"newsContent__article__imgCapa newsContent__article__imgCapa--banner\"\n\t\t\t\t\tsrc=\"https:\/\/files.sunoresearch.com.br\/n\/uploads\/2023\/03\/1420x240-Planilha-controle-de-gastos.png\"\n\t\t\t\t\tdata-promo-id=\"101751\"\t\t\t\t\t\t\t\t\t\twidth='1420' height='240'\t\t\t\t\talt=\"https:\/\/files.sunoresearch.com.br\/n\/uploads\/2023\/03\/1420x240-Planilha-controle-de-gastos.png\"\n\t\t\t\t>\n\t\t\t<\/picture>\n\t\t<\/a>\n\t<\/p>\n\n<\/span><\/p>\n<p><strong>A demiss\u00e3o de Waldery do cargo<\/strong> por Guedes vem depois de uma s\u00e9rie de embates em torno da san\u00e7\u00e3o do Or\u00e7amento de 2021, que sofreu um veto de R$ 19,8 bilh\u00f5es em despesas e um bloqueio adicional de R$ 9,3 bilh\u00f5es.<\/p>\n<p>A <strong>\u00e1rea comandada por ele foi uma das mais ferrenhas defensoras do\u00a0 ajuste no Or\u00e7amento<\/strong> por conta da maquiagem em despesas obrigat\u00f3rias, como os benef\u00edcios previdenci\u00e1rios, uma vis\u00e3o contr\u00e1ria \u00e0 do Congresso, de que a pe\u00e7a poderia ser sancionada integralmente.<\/p>\n<p><a href=\"https:\/\/lp.suno.com.br\/suno-one\/?ppp=noticias\/hospital-care-pedido-ipo-cvm\/\"><b>Suno One: acesse gratuitamente eBooks, Minicursos, Artigos e V\u00eddeo Aulas sobre investimentos com um \u00fanico cadastro. Clique para saber mais!<\/b><\/a><\/p>\n<p>Segundo relatos feitos \u00e0 reportagem, Waldery queria ficar no cargo at\u00e9 junho, mas o Or\u00e7amento mostrou a necessidade de antecipar uma mudan\u00e7a que j\u00e1 estava no radar. A condu\u00e7\u00e3o do processo pelo atual secret\u00e1rio foi muito criticada pela ala pol\u00edtica, mas o trabalho de Waldery tamb\u00e9m costuma ser alvo de outras \u00e1reas dentro do <a href=\"https:\/\/www.suno.com.br\/artigos\/ministerio-da-economia\/\">Minist\u00e9rio da Economia<\/a>, que reclamam que as decis\u00f5es importantes &#8220;travam&#8221; na Fazenda.<\/p>\n<p>O atual secret\u00e1rio especial de Fazenda, antes de virar alvo de Guedes, esteve tamb\u00e9m na mira do presidente da Rep\u00fablica, Jair Bolsonaro, no ano passado, quando defendeu congelar aposentadorias e mexer no seguro-desemprego para liberar recursos ao Renda Brasil, como era chamada a proposta de reformula\u00e7\u00e3o dos programas sociais. Na \u00e9poca, Bolsonaro amea\u00e7ou dar &#8220;cart\u00e3o vermelho&#8221; a Waldery e j\u00e1 chegou a pedir a cabe\u00e7a do secret\u00e1rio.<\/p>\n<p>Desde aquela \u00e9poca, o secret\u00e1rio silenciou e evitou pol\u00eamicas. Na coletiva sobre o Projeto de Lei de Diretrizes Or\u00e7ament\u00e1rias (PLDO) de 2022, ele evitou falar sobre o impasse at\u00e9 ent\u00e3o sem solu\u00e7\u00e3o em torno do Or\u00e7amento de 2021 &#8211; as perguntas sobre o tema foram censuradas pelo Minist\u00e9rio da Economia.<\/p>\n<p>Para o lugar de Funchal no Tesouro, o ministro da Economia, Paulo Guedes, pode buscar um nome dentro da pr\u00f3pria pasta. Jeferson Bittencourt, assessor especial de Rela\u00e7\u00f5es Institucionais e funcion\u00e1rio de carreira, \u00e9 cotado para assumir o cargo.<\/p>\n<p>Funchal assumiu o Tesouro em julho de 2020, ap\u00f3s a sa\u00edda de Mansueto Almeida. Antes, ele foi diretor de programa na pr\u00f3pria Secretaria Especial da Fazenda.<\/p>\n<p>A troca no Tesouro e na Fazenda n\u00e3o \u00e9 a \u00fanica dentro do Minist\u00e9rio da Economia. Como mostrou o jornal O Estado de S. Paulo na segunda-feira (26), a assessora especial para reforma tribut\u00e1ria, Vanessa Canado, vai deixar a equipe de Guedes. A sa\u00edda deve ocorrer antes da vota\u00e7\u00e3o do relat\u00f3rio de reforma tribut\u00e1ria na C\u00e2mara dos Deputados.<\/p>\n<p>A interlocutores, Vanessa tem dito que encerrou seu trabalho na pasta e que sua sa\u00edda j\u00e1 estava programada desde janeiro. Essa deve ser a \u00faltima semana da assessora dentro da Economia.<\/p>\n<p><span style=\"font-weight: 400;\">\t<p>\n\t\t<a href=\"https:\/\/lp.suno.com.br\/planilha-da-vida-financeira\/\" target=\"_blank\" data-element=\"shortcode-suno-banner\" title=\"Banner SUNO, clique e saiba mais\">\n\t\t\t<picture>\n\t\t\t\t<source media=\"(max-width: 500px)\" srcset=\"https:\/\/files.sunoresearch.com.br\/n\/uploads\/2023\/04\/400x300-Planilha-vida-financeira-true.png\">\n\t\t\t\t<img class=\"newsContent__article__imgCapa newsContent__article__imgCapa--banner\"\n\t\t\t\t\tsrc=\"https:\/\/files.sunoresearch.com.br\/n\/uploads\/2023\/04\/1420x240-Planilha-vida-financeira-true.png\"\n\t\t\t\t\tdata-promo-id=\"106682\"\t\t\t\t\t\t\t\t\t\twidth='1420' height='240'\t\t\t\t\talt=\"https:\/\/files.sunoresearch.com.br\/n\/uploads\/2023\/04\/1420x240-Planilha-vida-financeira-true.png\"\n\t\t\t\t>\n\t\t\t<\/picture>\n\t\t<\/a>\n\t<\/p>\n\n<\/span><\/p>\n<h2>Guedes vem perdendo algumas de suas indica\u00e7\u00f5es dentro do governo<\/h2>\n<p>No in\u00edcio do ano, o presidente Jair Bolsonaro pediu a cabe\u00e7a do presidente do Banco do Brasil, Andr\u00e9 Brand\u00e3o, por discordar do plano de enxugamento de ag\u00eancias e corte de pessoal da institui\u00e7\u00e3o. Tamb\u00e9m foi demitido o presidente da Petrobras, Roberto Castello Branco, por diverg\u00eancias com o presidente sobre a pol\u00edtica de pre\u00e7os dos combust\u00edveis e o tratamento aos caminhoneiros, base de apoio do governo.<\/p>\n<p>Al\u00e9m de Castello Branco, Bolsonaro j\u00e1 mandou demitir dois auxiliares de Guedes que bateram de frente com ele. No primeiro ano de mandato, o presidente decidiu demitir o ent\u00e3o secret\u00e1rio da Receita Federal, Marcos Cintra, porque considerou que a discuss\u00e3o sobre a cria\u00e7\u00e3o de um imposto nos moldes da CPMF se tornou &#8220;p\u00fablica demais&#8221;. Embora tivesse apoio da equipe econ\u00f4mica, o assunto gerou pol\u00eamica e n\u00e3o agradou os seus apoiadores.<\/p>\n<p>Bolsonaro tamb\u00e9m influenciou na mudan\u00e7a de comando de outro banco p\u00fablico ainda em 2019. Ele disse que o ent\u00e3o presidente do Banco Nacional de Desenvolvimento Econ\u00f4mico e Social (BNDES), Joaquim Levy, estava com &#8220;a cabe\u00e7a a pr\u00eamio&#8221; durante conversa com jornalistas. No dia seguinte, Levy pediu demiss\u00e3o do cargo.<\/p>\n<p>No ano passado, o pr\u00f3prio Guedes reconheceu, em agosto, uma &#8220;debandada&#8221; em sua equipe. No caso do secret\u00e1rio especial de Desestatiza\u00e7\u00e3o, Salim Mattar, o motivo foi a lentid\u00e3o das privatiza\u00e7\u00f5es, estagnadas na pandemia, mas travadas desde antes por press\u00f5es pol\u00edticas.<\/p>\n<p>J\u00e1 o secret\u00e1rio especial de Desburocratiza\u00e7\u00e3o, Gest\u00e3o e Governo Digital, Paulo Uebel, preferiu deixar o cargo a permanecer &#8220;engavetado&#8221; no minist\u00e9rio junto com a proposta de reforma administrativa, que acabou saindo pouco depois.<\/p>\n<p>Guedes tamb\u00e9m perdeu dois auxiliares que foram &#8220;promovidos&#8221; justamente por avan\u00e7arem em suas agendas. O ex-secret\u00e1rio especial de Com\u00e9rcio Exterior, Marcos Troyjo, foi indicado em junho para a presid\u00eancia do Novo Banco de Desenvolvimento &#8211; o &#8220;Banco dos Brics&#8221;, com sede em Xangai, ap\u00f3s o sucesso na conclus\u00e3o do acordo entre o Mercosul e a Uni\u00e3o Europeia no ano passado.<\/p>\n<p>J\u00e1 o ex-secret\u00e1rio especial de Previd\u00eancia e Trabalho, Rog\u00e9rio Marinho, colheu os louros da aprova\u00e7\u00e3o da reforma da Previd\u00eancia &#8211; o maior feito do atual governo na economia at\u00e9 agora &#8211; e foi al\u00e7ado ao posto de ministro do Desenvolvimento Regional. Agora aliado \u00e0 ala militar do Planalto, ele tem sido o maior &#8220;rival&#8221; de <strong>Guedes<\/strong> no embate sobre a abertura da torneira de gastos do governo no p\u00f3s-crise.<\/p>\n<p><em>(Com Estad\u00e3o Conte\u00fado)<\/em><\/p>\n<p><span style=\"font-weight: 400;\">\t<p>\n\t\t<a href=\"https:\/\/lp.suno.com.br\/planilha-de-controle-de-investimentos\/\" target=\"_blank\" data-element=\"shortcode-suno-banner\" title=\"Banner SUNO, clique e saiba mais\">\n\t\t\t<picture>\n\t\t\t\t<source media=\"(max-width: 500px)\" srcset=\"https:\/\/files.sunoresearch.com.br\/n\/uploads\/2023\/03\/400x300-Controle-de-Investimentos.png\">\n\t\t\t\t<img class=\"newsContent__article__imgCapa newsContent__article__imgCapa--banner\"\n\t\t\t\t\tsrc=\"https:\/\/files.sunoresearch.com.br\/n\/uploads\/2023\/03\/1420x240-Controle-de-Investimentos.png\"\n\t\t\t\t\tdata-promo-id=\"75934\"\t\t\t\t\t\t\t\t\t\twidth='1420' height='240'\t\t\t\t\talt=\"https:\/\/files.sunoresearch.com.br\/n\/uploads\/2023\/03\/1420x240-Controle-de-Investimentos.png\"\n\t\t\t\t>\n\t\t\t<\/picture>\n\t\t<\/a>\n\t<\/p>\n\n<\/span><\/p>\n","protected":false},"excerpt":{"rendered":"<p>O ministro da Economia, Paulo Guedes, demitiu Waldery Rodrigues do cargo de secret\u00e1rio especial da Fazenda, ap\u00f3s embates na san\u00e7\u00e3o do Or\u00e7amento de 2021. Para seu lugar, segundo coment\u00e1rios, o escolhido foi o atual secret\u00e1rio do Tesouro Nacional, Bruno Funchal. Na hierarquia do Minist\u00e9rio da Economia, o Tesouro Nacional \u00e9 ligado \u00e0 Secretaria Especial da [&hellip;]<\/p>\n","protected":false},"author":59,"featured_media":142672,"comment_status":"closed","ping_status":"closed","sticky":false,"template":"","format":"standard","meta":[],"categories":[61],"tags":[796,1044],"suno_strategy":[],"class_list":["post-142643","post","type-post","status-publish","format-standard","has-post-thumbnail","hentry","category-politica","tag-paulo-guedes","tag-tesouro-nacional"],"yoast_head":"<!-- This site is optimized with the Yoast SEO plugin v24.4 - https:\/\/yoast.com\/wordpress\/plugins\/seo\/ -->\n<title>Guedes demite secret\u00e1rio ap\u00f3s embates em torno do Or\u00e7amento de 2021<\/title>\n<meta name=\"description\" content=\"O ministro da Economia Paulo Guedes demitiu o secret\u00e1rio da Fazenda Waldery Rodrigues, por conta do or\u00e7amento. Clique aqui para saber mais.\" \/>\n<meta name=\"robots\" content=\"index, follow, max-snippet:-1, max-image-preview:large, max-video-preview:-1\" \/>\n<link rel=\"canonical\" href=\"https:\/\/www.suno.com.br\/noticias\/guedes-demite-secretario-apos-embates-em-torno-do-orcamento-de-2021\/\" \/>\n<meta property=\"og:locale\" content=\"pt_BR\" \/>\n<meta property=\"og:type\" content=\"article\" \/>\n<meta property=\"og:title\" content=\"Guedes demite secret\u00e1rio ap\u00f3s embates em torno do Or\u00e7amento de 2021\" \/>\n<meta property=\"og:description\" content=\"O ministro da Economia Paulo Guedes demitiu o secret\u00e1rio da Fazenda Waldery Rodrigues, por conta do or\u00e7amento. Clique aqui para saber mais.\" \/>\n<meta property=\"og:url\" content=\"https:\/\/www.suno.com.br\/noticias\/guedes-demite-secretario-apos-embates-em-torno-do-orcamento-de-2021\/\" \/>\n<meta property=\"og:site_name\" content=\"Suno Not\u00edcias\" \/>\n<meta property=\"article:publisher\" content=\"https:\/\/facebook.com\/sunoresearch\" \/>\n<meta property=\"og:image\" content=\"https:\/\/files.sunoresearch.com.br\/n\/uploads\/2021\/04\/678e4419-guedes.jpg\" \/>\n\t<meta property=\"og:image:width\" content=\"2048\" \/>\n\t<meta property=\"og:image:height\" content=\"1418\" \/>\n\t<meta property=\"og:image:type\" content=\"image\/jpeg\" \/>\n<meta name=\"author\" content=\"Vitor Azevedo\" \/>\n<meta name=\"twitter:card\" content=\"summary_large_image\" \/>\n<meta name=\"twitter:creator\" content=\"@sunoresearch\" \/>\n<meta name=\"twitter:site\" content=\"@sunoresearch\" \/>\n<meta name=\"twitter:label1\" content=\"Escrito por\" \/>\n\t<meta name=\"twitter:data1\" content=\"Vitor Azevedo\" \/>\n\t<meta name=\"twitter:label2\" content=\"Est. tempo de leitura\" \/>\n\t<meta name=\"twitter:data2\" content=\"5 minutos\" \/>\n<script type=\"application\/ld+json\" class=\"yoast-schema-graph\">{\"@context\":\"https:\/\/schema.org\",\"@graph\":[{\"@type\":\"NewsArticle\",\"@id\":\"https:\/\/www.suno.com.br\/noticias\/guedes-demite-secretario-apos-embates-em-torno-do-orcamento-de-2021\/#article\",\"isPartOf\":{\"@id\":\"https:\/\/www.suno.com.br\/noticias\/guedes-demite-secretario-apos-embates-em-torno-do-orcamento-de-2021\/\"},\"author\":{\"name\":\"Vitor Azevedo\",\"@id\":\"https:\/\/www.suno.com.br\/noticias\/#\/schema\/person\/658d5fbc74d81f265f5df3562d0038ab\"},\"headline\":\"Guedes demite secret\u00e1rio ap\u00f3s embates em torno do Or\u00e7amento de 2021\",\"datePublished\":\"2021-04-27T17:31:50+00:00\",\"dateModified\":\"2021-04-27T17:32:04+00:00\",\"mainEntityOfPage\":{\"@id\":\"https:\/\/www.suno.com.br\/noticias\/guedes-demite-secretario-apos-embates-em-torno-do-orcamento-de-2021\/\"},\"wordCount\":1014,\"publisher\":{\"@id\":\"https:\/\/www.suno.com.br\/noticias\/#organization\"},\"image\":{\"@id\":\"https:\/\/www.suno.com.br\/noticias\/guedes-demite-secretario-apos-embates-em-torno-do-orcamento-de-2021\/#primaryimage\"},\"thumbnailUrl\":\"https:\/\/files.sunoresearch.com.br\/n\/uploads\/2021\/04\/678e4419-guedes-jpg.webp\",\"keywords\":[\"Paulo Guedes\",\"Tesouro Nacional\"],\"articleSection\":[\"Pol\u00edtica\"],\"inLanguage\":\"pt-BR\"},{\"@type\":\"WebPage\",\"@id\":\"https:\/\/www.suno.com.br\/noticias\/guedes-demite-secretario-apos-embates-em-torno-do-orcamento-de-2021\/\",\"url\":\"https:\/\/www.suno.com.br\/noticias\/guedes-demite-secretario-apos-embates-em-torno-do-orcamento-de-2021\/\",\"name\":\"Guedes demite secret\u00e1rio ap\u00f3s embates em torno do Or\u00e7amento de 2021\",\"isPartOf\":{\"@id\":\"https:\/\/www.suno.com.br\/noticias\/#website\"},\"primaryImageOfPage\":{\"@id\":\"https:\/\/www.suno.com.br\/noticias\/guedes-demite-secretario-apos-embates-em-torno-do-orcamento-de-2021\/#primaryimage\"},\"image\":{\"@id\":\"https:\/\/www.suno.com.br\/noticias\/guedes-demite-secretario-apos-embates-em-torno-do-orcamento-de-2021\/#primaryimage\"},\"thumbnailUrl\":\"https:\/\/files.sunoresearch.com.br\/n\/uploads\/2021\/04\/678e4419-guedes-jpg.webp\",\"datePublished\":\"2021-04-27T17:31:50+00:00\",\"dateModified\":\"2021-04-27T17:32:04+00:00\",\"description\":\"O ministro da Economia Paulo Guedes demitiu o secret\u00e1rio da Fazenda Waldery Rodrigues, por conta do or\u00e7amento. Clique aqui para saber mais.\",\"breadcrumb\":{\"@id\":\"https:\/\/www.suno.com.br\/noticias\/guedes-demite-secretario-apos-embates-em-torno-do-orcamento-de-2021\/#breadcrumb\"},\"inLanguage\":\"pt-BR\",\"potentialAction\":[{\"@type\":\"ReadAction\",\"target\":[\"https:\/\/www.suno.com.br\/noticias\/guedes-demite-secretario-apos-embates-em-torno-do-orcamento-de-2021\/\"]}]},{\"@type\":\"ImageObject\",\"inLanguage\":\"pt-BR\",\"@id\":\"https:\/\/www.suno.com.br\/noticias\/guedes-demite-secretario-apos-embates-em-torno-do-orcamento-de-2021\/#primaryimage\",\"url\":\"https:\/\/files.sunoresearch.com.br\/n\/uploads\/2021\/04\/678e4419-guedes-jpg.webp\",\"contentUrl\":\"https:\/\/files.sunoresearch.com.br\/n\/uploads\/2021\/04\/678e4419-guedes-jpg.webp\",\"width\":2048,\"height\":1418,\"caption\":\"Foto: Pedro Fran\u00e7a \/ Ag\u00eancia Senado\"},{\"@type\":\"BreadcrumbList\",\"@id\":\"https:\/\/www.suno.com.br\/noticias\/guedes-demite-secretario-apos-embates-em-torno-do-orcamento-de-2021\/#breadcrumb\",\"itemListElement\":[{\"@type\":\"ListItem\",\"position\":1,\"name\":\"Not\u00edcias\",\"item\":\"https:\/\/www.suno.com.br\/noticias\/\"},{\"@type\":\"ListItem\",\"position\":2,\"name\":\"Pol\u00edtica\",\"item\":\"https:\/\/www.suno.com.br\/noticias\/politica\/\"},{\"@type\":\"ListItem\",\"position\":3,\"name\":\"Guedes demite secret\u00e1rio ap\u00f3s embates em torno do Or\u00e7amento de 2021\"}]},{\"@type\":\"WebSite\",\"@id\":\"https:\/\/www.suno.com.br\/noticias\/#website\",\"url\":\"https:\/\/www.suno.com.br\/noticias\/\",\"name\":\"Suno Not\u00edcias\",\"description\":\"Seu portal de informa\u00e7\u00e3o sobre o mundo dos investimentos\",\"publisher\":{\"@id\":\"https:\/\/www.suno.com.br\/noticias\/#organization\"},\"potentialAction\":[{\"@type\":\"SearchAction\",\"target\":{\"@type\":\"EntryPoint\",\"urlTemplate\":\"https:\/\/www.suno.com.br\/noticias\/?s={search_term_string}\"},\"query-input\":{\"@type\":\"PropertyValueSpecification\",\"valueRequired\":true,\"valueName\":\"search_term_string\"}}],\"inLanguage\":\"pt-BR\"},{\"@type\":\"Organization\",\"@id\":\"https:\/\/www.suno.com.br\/noticias\/#organization\",\"name\":\"Suno Not\u00edcias\",\"url\":\"https:\/\/www.suno.com.br\/noticias\/\",\"logo\":{\"@type\":\"ImageObject\",\"inLanguage\":\"pt-BR\",\"@id\":\"https:\/\/www.suno.com.br\/noticias\/#\/schema\/logo\/image\/\",\"url\":\"https:\/\/files.sunoresearch.com.br\/n\/uploads\/2021\/09\/suno-logo.png\",\"contentUrl\":\"https:\/\/files.sunoresearch.com.br\/n\/uploads\/2021\/09\/suno-logo.png\",\"width\":180,\"height\":180,\"caption\":\"Suno Not\u00edcias\"},\"image\":{\"@id\":\"https:\/\/www.suno.com.br\/noticias\/#\/schema\/logo\/image\/\"},\"sameAs\":[\"https:\/\/facebook.com\/sunoresearch\",\"https:\/\/x.com\/sunoresearch\",\"https:\/\/www.instagram.com\/suno\",\"https:\/\/www.linkedin.com\/company\/suno-research\/\",\"https:\/\/www.youtube.com\/c\/sunoresearch\"]},{\"@type\":\"Person\",\"@id\":\"https:\/\/www.suno.com.br\/noticias\/#\/schema\/person\/658d5fbc74d81f265f5df3562d0038ab\",\"name\":\"Vitor Azevedo\",\"image\":{\"@type\":\"ImageObject\",\"inLanguage\":\"pt-BR\",\"@id\":\"https:\/\/www.suno.com.br\/noticias\/#\/schema\/person\/image\/\",\"url\":\"https:\/\/secure.gravatar.com\/avatar\/62b86195291b446fe380824eb28b99a5?s=96&r=g\",\"contentUrl\":\"https:\/\/secure.gravatar.com\/avatar\/62b86195291b446fe380824eb28b99a5?s=96&r=g\",\"caption\":\"Vitor Azevedo\"},\"description\":\"Formado em jornalismo pela Unesp, escreve sobre economia e neg\u00f3cios para a Suno Not\u00edcias.\",\"url\":\"https:\/\/www.suno.com.br\/noticias\/author\/vitor-azevedo\/\"}]}<\/script>\n<!-- \/ Yoast SEO plugin. -->","yoast_head_json":{"title":"Guedes demite secret\u00e1rio ap\u00f3s embates em torno do Or\u00e7amento de 2021","description":"O ministro da Economia Paulo Guedes demitiu o secret\u00e1rio da Fazenda Waldery Rodrigues, por conta do or\u00e7amento. Clique aqui para saber mais.","robots":{"index":"index","follow":"follow","max-snippet":"max-snippet:-1","max-image-preview":"max-image-preview:large","max-video-preview":"max-video-preview:-1"},"canonical":"https:\/\/www.suno.com.br\/noticias\/guedes-demite-secretario-apos-embates-em-torno-do-orcamento-de-2021\/","og_locale":"pt_BR","og_type":"article","og_title":"Guedes demite secret\u00e1rio ap\u00f3s embates em torno do Or\u00e7amento de 2021","og_description":"O ministro da Economia Paulo Guedes demitiu o secret\u00e1rio da Fazenda Waldery Rodrigues, por conta do or\u00e7amento. Clique aqui para saber mais.","og_url":"https:\/\/www.suno.com.br\/noticias\/guedes-demite-secretario-apos-embates-em-torno-do-orcamento-de-2021\/","og_site_name":"Suno Not\u00edcias","article_publisher":"https:\/\/facebook.com\/sunoresearch","og_image":[{"width":2048,"height":1418,"url":"https:\/\/files.sunoresearch.com.br\/n\/uploads\/2021\/04\/678e4419-guedes.jpg","type":"image\/jpeg"}],"author":"Vitor Azevedo","twitter_card":"summary_large_image","twitter_creator":"@sunoresearch","twitter_site":"@sunoresearch","twitter_misc":{"Escrito por":"Vitor Azevedo","Est. tempo de leitura":"5 minutos"},"schema":{"@context":"https:\/\/schema.org","@graph":[{"@type":"NewsArticle","@id":"https:\/\/www.suno.com.br\/noticias\/guedes-demite-secretario-apos-embates-em-torno-do-orcamento-de-2021\/#article","isPartOf":{"@id":"https:\/\/www.suno.com.br\/noticias\/guedes-demite-secretario-apos-embates-em-torno-do-orcamento-de-2021\/"},"author":{"name":"Vitor Azevedo","@id":"https:\/\/www.suno.com.br\/noticias\/#\/schema\/person\/658d5fbc74d81f265f5df3562d0038ab"},"headline":"Guedes demite secret\u00e1rio ap\u00f3s embates em torno do Or\u00e7amento de 2021","datePublished":"2021-04-27T17:31:50+00:00","dateModified":"2021-04-27T17:32:04+00:00","mainEntityOfPage":{"@id":"https:\/\/www.suno.com.br\/noticias\/guedes-demite-secretario-apos-embates-em-torno-do-orcamento-de-2021\/"},"wordCount":1014,"publisher":{"@id":"https:\/\/www.suno.com.br\/noticias\/#organization"},"image":{"@id":"https:\/\/www.suno.com.br\/noticias\/guedes-demite-secretario-apos-embates-em-torno-do-orcamento-de-2021\/#primaryimage"},"thumbnailUrl":"https:\/\/files.sunoresearch.com.br\/n\/uploads\/2021\/04\/678e4419-guedes-jpg.webp","keywords":["Paulo Guedes","Tesouro Nacional"],"articleSection":["Pol\u00edtica"],"inLanguage":"pt-BR"},{"@type":"WebPage","@id":"https:\/\/www.suno.com.br\/noticias\/guedes-demite-secretario-apos-embates-em-torno-do-orcamento-de-2021\/","url":"https:\/\/www.suno.com.br\/noticias\/guedes-demite-secretario-apos-embates-em-torno-do-orcamento-de-2021\/","name":"Guedes demite secret\u00e1rio ap\u00f3s embates em torno do Or\u00e7amento de 2021","isPartOf":{"@id":"https:\/\/www.suno.com.br\/noticias\/#website"},"primaryImageOfPage":{"@id":"https:\/\/www.suno.com.br\/noticias\/guedes-demite-secretario-apos-embates-em-torno-do-orcamento-de-2021\/#primaryimage"},"image":{"@id":"https:\/\/www.suno.com.br\/noticias\/guedes-demite-secretario-apos-embates-em-torno-do-orcamento-de-2021\/#primaryimage"},"thumbnailUrl":"https:\/\/files.sunoresearch.com.br\/n\/uploads\/2021\/04\/678e4419-guedes-jpg.webp","datePublished":"2021-04-27T17:31:50+00:00","dateModified":"2021-04-27T17:32:04+00:00","description":"O ministro da Economia Paulo Guedes demitiu o secret\u00e1rio da Fazenda Waldery Rodrigues, por conta do or\u00e7amento. Clique aqui para saber mais.","breadcrumb":{"@id":"https:\/\/www.suno.com.br\/noticias\/guedes-demite-secretario-apos-embates-em-torno-do-orcamento-de-2021\/#breadcrumb"},"inLanguage":"pt-BR","potentialAction":[{"@type":"ReadAction","target":["https:\/\/www.suno.com.br\/noticias\/guedes-demite-secretario-apos-embates-em-torno-do-orcamento-de-2021\/"]}]},{"@type":"ImageObject","inLanguage":"pt-BR","@id":"https:\/\/www.suno.com.br\/noticias\/guedes-demite-secretario-apos-embates-em-torno-do-orcamento-de-2021\/#primaryimage","url":"https:\/\/files.sunoresearch.com.br\/n\/uploads\/2021\/04\/678e4419-guedes-jpg.webp","contentUrl":"https:\/\/files.sunoresearch.com.br\/n\/uploads\/2021\/04\/678e4419-guedes-jpg.webp","width":2048,"height":1418,"caption":"Foto: Pedro Fran\u00e7a \/ Ag\u00eancia Senado"},{"@type":"BreadcrumbList","@id":"https:\/\/www.suno.com.br\/noticias\/guedes-demite-secretario-apos-embates-em-torno-do-orcamento-de-2021\/#breadcrumb","itemListElement":[{"@type":"ListItem","position":1,"name":"Not\u00edcias","item":"https:\/\/www.suno.com.br\/noticias\/"},{"@type":"ListItem","position":2,"name":"Pol\u00edtica","item":"https:\/\/www.suno.com.br\/noticias\/politica\/"},{"@type":"ListItem","position":3,"name":"Guedes demite secret\u00e1rio ap\u00f3s embates em torno do Or\u00e7amento de 2021"}]},{"@type":"WebSite","@id":"https:\/\/www.suno.com.br\/noticias\/#website","url":"https:\/\/www.suno.com.br\/noticias\/","name":"Suno Not\u00edcias","description":"Seu portal de informa\u00e7\u00e3o sobre o mundo dos investimentos","publisher":{"@id":"https:\/\/www.suno.com.br\/noticias\/#organization"},"potentialAction":[{"@type":"SearchAction","target":{"@type":"EntryPoint","urlTemplate":"https:\/\/www.suno.com.br\/noticias\/?s={search_term_string}"},"query-input":{"@type":"PropertyValueSpecification","valueRequired":true,"valueName":"search_term_string"}}],"inLanguage":"pt-BR"},{"@type":"Organization","@id":"https:\/\/www.suno.com.br\/noticias\/#organization","name":"Suno Not\u00edcias","url":"https:\/\/www.suno.com.br\/noticias\/","logo":{"@type":"ImageObject","inLanguage":"pt-BR","@id":"https:\/\/www.suno.com.br\/noticias\/#\/schema\/logo\/image\/","url":"https:\/\/files.sunoresearch.com.br\/n\/uploads\/2021\/09\/suno-logo.png","contentUrl":"https:\/\/files.sunoresearch.com.br\/n\/uploads\/2021\/09\/suno-logo.png","width":180,"height":180,"caption":"Suno Not\u00edcias"},"image":{"@id":"https:\/\/www.suno.com.br\/noticias\/#\/schema\/logo\/image\/"},"sameAs":["https:\/\/facebook.com\/sunoresearch","https:\/\/x.com\/sunoresearch","https:\/\/www.instagram.com\/suno","https:\/\/www.linkedin.com\/company\/suno-research\/","https:\/\/www.youtube.com\/c\/sunoresearch"]},{"@type":"Person","@id":"https:\/\/www.suno.com.br\/noticias\/#\/schema\/person\/658d5fbc74d81f265f5df3562d0038ab","name":"Vitor Azevedo","image":{"@type":"ImageObject","inLanguage":"pt-BR","@id":"https:\/\/www.suno.com.br\/noticias\/#\/schema\/person\/image\/","url":"https:\/\/secure.gravatar.com\/avatar\/62b86195291b446fe380824eb28b99a5?s=96&r=g","contentUrl":"https:\/\/secure.gravatar.com\/avatar\/62b86195291b446fe380824eb28b99a5?s=96&r=g","caption":"Vitor Azevedo"},"description":"Formado em jornalismo pela Unesp, escreve sobre economia e neg\u00f3cios para a Suno Not\u00edcias.","url":"https:\/\/www.suno.com.br\/noticias\/author\/vitor-azevedo\/"}]}},"default_loop_html":"<div class=\"cardsPage__listCard__boxs\"><div class=\"cardsPage__listCard__boxs__img\"><a href=\"https:\/\/www.suno.com.br\/noticias\/guedes-demite-secretario-apos-embates-em-torno-do-orcamento-de-2021\/\"><img class=\"mask\" src=\"https:\/\/www.suno.com.br\/noticias\/wp-content\/themes\/suno\/resources\/images\/spotlight\/spotlight1img\/bg-mask.png\" alt=\"Image Mask\"\/><img src=\"https:\/\/files.sunoresearch.com.br\/n\/uploads\/2021\/04\/678e4419-guedes-400x200.webp\" alt=\"Guedes demite secret\u00e1rio ap\u00f3s embates em torno do Or\u00e7amento de 2021\"\/><\/a><span class=\"spotlightCategory\"><a href=\"https:\/\/www.suno.com.br\/noticias\/politica\/\">Pol\u00edtica<\/a><\/span><\/div><div class=\"cardsPage__listCard__boxs__content\"><a href=\"https:\/\/www.suno.com.br\/noticias\/guedes-demite-secretario-apos-embates-em-torno-do-orcamento-de-2021\/\"><h2 class=\"content__title\">Guedes demite secret\u00e1rio ap\u00f3s embates em torno do Or\u00e7amento de 2021<\/h2><\/a><div class=\"newsContent__article__meta\"><div class=\"newsContent__article__meta__authorBox\"><a href=\"https:\/\/www.suno.com.br\/noticias\/author\/vitor-azevedo\/\" class=\"authorBox__avatar noMobi\"><img src=\"https:\/\/secure.gravatar.com\/avatar\/62b86195291b446fe380824eb28b99a5?s=96&#038;r=g\" alt=\"Vitor Azevedo\"><\/a><div class=\"authorBox__name\"><span>por\n\t\t\t<a href=\"https:\/\/www.suno.com.br\/noticias\/author\/vitor-azevedo\/\"><span itemprop=\"author\">Vitor Azevedo<\/span><\/a><\/span><time datetime=\"2021-04-27T14:31:50-03:00\" itemprop=\"datePublished\">27\/04\/2021 14:31<\/time><\/div><\/div><\/div><\/div><\/div>","single_layout":"posts","amp_enabled":true,"_links":{"self":[{"href":"https:\/\/www.suno.com.br\/noticias\/wp-json\/wp\/v2\/posts\/142643"}],"collection":[{"href":"https:\/\/www.suno.com.br\/noticias\/wp-json\/wp\/v2\/posts"}],"about":[{"href":"https:\/\/www.suno.com.br\/noticias\/wp-json\/wp\/v2\/types\/post"}],"author":[{"embeddable":true,"href":"https:\/\/www.suno.com.br\/noticias\/wp-json\/wp\/v2\/users\/59"}],"replies":[{"embeddable":true,"href":"https:\/\/www.suno.com.br\/noticias\/wp-json\/wp\/v2\/comments?post=142643"}],"version-history":[{"count":2,"href":"https:\/\/www.suno.com.br\/noticias\/wp-json\/wp\/v2\/posts\/142643\/revisions"}],"predecessor-version":[{"id":142673,"href":"https:\/\/www.suno.com.br\/noticias\/wp-json\/wp\/v2\/posts\/142643\/revisions\/142673"}],"wp:featuredmedia":[{"embeddable":true,"href":"https:\/\/www.suno.com.br\/noticias\/wp-json\/wp\/v2\/media\/142672"}],"wp:attachment":[{"href":"https:\/\/www.suno.com.br\/noticias\/wp-json\/wp\/v2\/media?parent=142643"}],"wp:term":[{"taxonomy":"category","embeddable":true,"href":"https:\/\/www.suno.com.br\/noticias\/wp-json\/wp\/v2\/categories?post=142643"},{"taxonomy":"post_tag","embeddable":true,"href":"https:\/\/www.suno.com.br\/noticias\/wp-json\/wp\/v2\/tags?post=142643"},{"taxonomy":"suno_strategy","embeddable":true,"href":"https:\/\/www.suno.com.br\/noticias\/wp-json\/wp\/v2\/suno_strategy?post=142643"}],"curies":[{"name":"wp","href":"https:\/\/api.w.org\/{rel}","templated":true}]}}