{"id":142345,"date":"2021-04-26T17:31:49","date_gmt":"2021-04-26T20:31:49","guid":{"rendered":"https:\/\/www.suno.com.br\/noticias\/?p=142345"},"modified":"2021-04-26T17:31:49","modified_gmt":"2021-04-26T20:31:49","slug":"embraer-embr3-fitch-reafirma-rating-bbcom-perspectiva-negativa","status":"publish","type":"post","link":"https:\/\/www.suno.com.br\/noticias\/embraer-embr3-fitch-reafirma-rating-bbcom-perspectiva-negativa\/","title":{"rendered":"Embraer (EMBR3): Fitch reafirma rating BB+com perspectiva negativa"},"content":{"rendered":"<p>A <a href=\"https:\/\/www.suno.com.br\/artigos\/agencias-de-rating\/\">ag\u00eancia de classifica\u00e7\u00e3o de riscos<\/a> Fitch reafirmou, nesta segunda-feira (26), o rating da <a href=\"https:\/\/www.suno.com.br\/acoes\/embr3\"><strong>Embraer <\/strong>(EMBR3)<\/a> em BB+ e manteve\u00a0 perspectiva negativa para a fabricante de avi\u00f5es.<\/p>\t<div class=\"wrapper-featured-image\">\n\t\t<figure class=\"spotlightImg\">\n\n\t\t\t<picture>\n\t\t\t\t<source media=\"(max-width: 768px)\" srcset=\"https:\/\/files.sunoresearch.com.br\/n\/uploads\/2021\/03\/09efd636-embraer-400x200.webp\">\n\t\t\t\t<img loading=\"lazy\" decoding=\"async\" class=\"newsContent__article__imgCapa lazyloadDisabled \" src=\"https:\/\/files.sunoresearch.com.br\/n\/uploads\/2021\/03\/09efd636-embraer-800x450.webp\" width=\"800\" height=\"450\" alt=\"Embraer (EMBR3): Fitch reafirma rating BB+com perspectiva negativa\" fetchpriority=high \/>\n\t\t\t<\/picture>\n\n\t\t\t<figcaption class=\"wp-caption-text wp-caption-text--show\">Aeronave. Foto: Divulga\u00e7\u00e3o<\/figcaption>\n\t\t<\/figure>\n\t<\/div>\n\n\n\t<p>\n\t\t<a href=\"https:\/\/lp.suno.com.br\/planilha-controle-gastos\/\" target=\"_blank\" data-element=\"shortcode-suno-banner\" title=\"Banner SUNO, clique e saiba mais\">\n\t\t\t<picture>\n\t\t\t\t<source media=\"(max-width: 500px)\" srcset=\"https:\/\/files.sunoresearch.com.br\/n\/uploads\/2023\/03\/400x300-Planilha-controle-de-gastos.png\">\n\t\t\t\t<img class=\"newsContent__article__imgCapa newsContent__article__imgCapa--banner\"\n\t\t\t\t\tsrc=\"https:\/\/files.sunoresearch.com.br\/n\/uploads\/2023\/03\/1420x240-Planilha-controle-de-gastos.png\"\n\t\t\t\t\tdata-promo-id=\"101751\"\t\t\t\t\t\t\t\t\t\twidth='1420' height='240'\t\t\t\t\talt=\"https:\/\/files.sunoresearch.com.br\/n\/uploads\/2023\/03\/1420x240-Planilha-controle-de-gastos.png\"\n\t\t\t\t>\n\t\t\t<\/picture>\n\t\t<\/a>\n\t<\/p>\n\n\n<p>Em nota, a <strong>Fitch<\/strong> explica que sua decis\u00e3o de manter a perspectiva negativa para empresa, reflete as dificuldades que a Embraer encontra para restaurar seus pedidos e sua estrutura de capital, em meio a incertezas para o setor e os riscos atuais relacionados \u00e0 pandemia de <strong>coronav\u00edrus (Covid-19).<\/strong><\/p>\n<p>A proje\u00e7\u00e3o da Fitch \u00e9 de que as <strong>entregas de avi\u00f5es<\/strong> comerciais em 2021 fiquem 38% abaixo dos n\u00edveis de 2019, e 21% a menos em 2022, seguindo a mesma compara\u00e7\u00e3o.<\/p>\n<p><a href=\"https:\/\/lp.suno.com.br\/suno-one\/\"> Suno One: acesse gratuitamente eBooks, Minicursos, Artigos e V\u00eddeo Aulas sobre investimentos com um \u00fanico cadastro. Clique para saber mais!<\/a><\/p>\n<p>De acordo com a ag\u00eancia, a <a href=\"https:\/\/www.suno.com.br\/artigos\/oferta-demanda\/\">recupera\u00e7\u00e3o parcial da demanda<\/a> por avi\u00f5es no ano que vem junto com &#8220;medidas extraordin\u00e1rias&#8221; pela Embraer para fortalecer seu capital ser\u00e3o cruciais para que a empresa retorne \u00e0 perspectiva est\u00e1vel nos pr\u00f3ximos 12 a 18 meses.<\/p>\n<p>A <a href=\"https:\/\/www.suno.com.br\/artigos\/margem-operacional\/\">margem operacional<\/a> da Embraer deve se recuperar em cerca de 3% neste ano, diz a Fitch, e seguir em expans\u00e3o em 2022, com &#8220;o prov\u00e1vel aumento nos pedidos&#8221;.<\/p>\n<p>A ag\u00eancia comenta ainda que o \u00edndice da <a href=\"https:\/\/www.suno.com.br\/artigos\/divida-liquida\/\">d\u00edvida l\u00edquida<\/a> sobre o Ebitda\u00a0(Lucros antes de Juros, Impostos, Deprecia\u00e7\u00e3o e Amortiza\u00e7\u00e3o) da companhia brasileira deve ser de 6,30x em 2021, caindo para 4,8x no ano que vem.<\/p>\n<h4>Veja tamb\u00e9m:<\/h4>\n<h2>Embraer e FAB assinam memorando para estudo de aeronaves n\u00e3o tripuladas<\/h2>\n<p>A fabricante de avi\u00f5es ficou no radar dos investidores essa semana, j\u00e1 que na \u00faltima sexta-feira (23) assinou, junto com a <strong>For\u00e7a A\u00e9rea Brasileira (FAB)<\/strong>, um memorando de entendimento que estabelece a coopera\u00e7\u00e3o para estudo e avalia\u00e7\u00e3o das capacidades necess\u00e1rias \u00e0 concep\u00e7\u00e3o e ao desenvolvimento de um ve\u00edculo a\u00e9reo n\u00e3o tripulado de classe superior, em atendimento \u00e0s necessidades da FAB.<\/p>\n\t<div data-element=\"shortcode-read-more\" class=\"knowMore\">\n\t\t\t\t<span class=\"knowMore__title\">Saiba mais<\/span>\n\t\t\t\t<a class=\"knowMore__link\" href=\"https:\/\/www.suno.com.br\/noticias\/embraer-embr3-fab-estudo-aeronaves-nao-tripuladas\/\">\n\t\t\tEmbraer (EMBR3) e FAB assinam memorando para estudo de aeronaves n\u00e3o tripuladas\t\t<\/a>\n\t<\/div>\n\n\n<p>&#8220;Esse estudo \u00e9 de fundamental import\u00e2ncia para a manuten\u00e7\u00e3o e a expans\u00e3o das compet\u00eancias da Embraer no desenvolvimento de sistemas a\u00e9reos de defesa com alto teor tecnol\u00f3gico e grande complexidade de integra\u00e7\u00e3o&#8221;, disse em nota o <a href=\"https:\/\/www.suno.com.br\/artigos\/ceo\/\">presidente e CEO<\/a> da Embraer Defesa &amp; Seguran\u00e7a, Jackson Schneider.<\/p>\n\t<p>\n\t\t<a href=\"https:\/\/lp.suno.com.br\/planilha-da-vida-financeira\/\" target=\"_blank\" data-element=\"shortcode-suno-banner\" title=\"Banner SUNO, clique e saiba mais\">\n\t\t\t<picture>\n\t\t\t\t<source media=\"(max-width: 500px)\" srcset=\"https:\/\/files.sunoresearch.com.br\/n\/uploads\/2023\/04\/400x300-Planilha-vida-financeira-true.png\">\n\t\t\t\t<img class=\"newsContent__article__imgCapa newsContent__article__imgCapa--banner\"\n\t\t\t\t\tsrc=\"https:\/\/files.sunoresearch.com.br\/n\/uploads\/2023\/04\/1420x240-Planilha-vida-financeira-true.png\"\n\t\t\t\t\tdata-promo-id=\"106682\"\t\t\t\t\t\t\t\t\t\twidth='1420' height='240'\t\t\t\t\talt=\"https:\/\/files.sunoresearch.com.br\/n\/uploads\/2023\/04\/1420x240-Planilha-vida-financeira-true.png\"\n\t\t\t\t>\n\t\t\t<\/picture>\n\t\t<\/a>\n\t<\/p>\n\n\n<p>&#8220;\u00c9 ainda uma oportunidade para o cont\u00ednuo desenvolvimento de novas tecnologias e produtos para a FAB e o <strong>Minist\u00e9rio da Defesa<\/strong>, visando a amplia\u00e7\u00e3o da capacidade operacional e a garantia da soberania nacional&#8221;, completa.<\/p>\n<h2>\u00daltima cota\u00e7\u00e3o da EMBR3<\/h2>\n<p>A a\u00e7\u00e3o da <strong>Embraer (EMBR3)<\/strong> encerrou a sess\u00e3o dessa segunda-feira em alta de 3,74%, valendo R$ 16,09. No ano, o papel tem alta de 81,81%, frente ao fechamento a R$ 8,85 em dezembro.<\/p>\n<p><em>Com informa\u00e7\u00f5es do Estad\u00e3o Conte\u00fado<\/em><\/p>\n\t<p>\n\t\t<a href=\"https:\/\/lp.suno.com.br\/planilha-de-controle-de-investimentos\/\" target=\"_blank\" data-element=\"shortcode-suno-banner\" title=\"Banner SUNO, clique e saiba mais\">\n\t\t\t<picture>\n\t\t\t\t<source media=\"(max-width: 500px)\" srcset=\"https:\/\/files.sunoresearch.com.br\/n\/uploads\/2023\/03\/400x300-Controle-de-Investimentos.png\">\n\t\t\t\t<img class=\"newsContent__article__imgCapa newsContent__article__imgCapa--banner\"\n\t\t\t\t\tsrc=\"https:\/\/files.sunoresearch.com.br\/n\/uploads\/2023\/03\/1420x240-Controle-de-Investimentos.png\"\n\t\t\t\t\tdata-promo-id=\"75934\"\t\t\t\t\t\t\t\t\t\twidth='1420' height='240'\t\t\t\t\talt=\"https:\/\/files.sunoresearch.com.br\/n\/uploads\/2023\/03\/1420x240-Controle-de-Investimentos.png\"\n\t\t\t\t>\n\t\t\t<\/picture>\n\t\t<\/a>\n\t<\/p>\n\n\n","protected":false},"excerpt":{"rendered":"<p>A ag\u00eancia de classifica\u00e7\u00e3o de riscos Fitch reafirmou, nesta segunda-feira (26), o rating da Embraer (EMBR3) em BB+ e manteve\u00a0 perspectiva negativa para a fabricante de avi\u00f5es. Aeronave. Foto: Divulga\u00e7\u00e3o Em nota, a Fitch explica que sua decis\u00e3o de manter a perspectiva negativa para empresa, reflete as dificuldades que a Embraer encontra para restaurar seus [&hellip;]<\/p>\n","protected":false},"author":39,"featured_media":130237,"comment_status":"closed","ping_status":"closed","sticky":false,"template":"","format":"standard","meta":[],"categories":[64],"tags":[1034,460,1277],"suno_strategy":[],"class_list":["post-142345","post","type-post","status-publish","format-standard","has-post-thumbnail","hentry","category-negocios","tag-classificacao-de-risco-rating","tag-embraer-embr3","tag-fitch"],"yoast_head":"<!-- This site is optimized with the Yoast SEO plugin v24.4 - https:\/\/yoast.com\/wordpress\/plugins\/seo\/ -->\n<title>Embraer (EMBR3): Fitch reafirma rating BB+ com perspectiva negativa<\/title>\n<meta name=\"description\" content=\"A Fitch reafirmou o rating da Embraer (EMBR3) em BB+ e manteve\u00a0 perspectiva negativa para a fabricante de avi\u00f5es. Clique aqui e saiba mais!\" \/>\n<meta name=\"robots\" content=\"index, follow, max-snippet:-1, max-image-preview:large, max-video-preview:-1\" \/>\n<link rel=\"canonical\" href=\"https:\/\/www.suno.com.br\/noticias\/embraer-embr3-fitch-reafirma-rating-bbcom-perspectiva-negativa\/\" \/>\n<meta property=\"og:locale\" content=\"pt_BR\" \/>\n<meta property=\"og:type\" content=\"article\" \/>\n<meta property=\"og:title\" content=\"Embraer (EMBR3): Fitch reafirma rating BB+ com perspectiva negativa\" \/>\n<meta property=\"og:description\" content=\"A Fitch reafirmou o rating da Embraer (EMBR3) em BB+ e manteve\u00a0 perspectiva negativa para a fabricante de avi\u00f5es. Clique aqui e saiba mais!\" \/>\n<meta property=\"og:url\" content=\"https:\/\/www.suno.com.br\/noticias\/embraer-embr3-fitch-reafirma-rating-bbcom-perspectiva-negativa\/\" \/>\n<meta property=\"og:site_name\" content=\"Suno Not\u00edcias\" \/>\n<meta property=\"article:publisher\" content=\"https:\/\/facebook.com\/sunoresearch\" \/>\n<meta property=\"og:image\" content=\"https:\/\/files.sunoresearch.com.br\/n\/uploads\/2021\/03\/09efd636-embraer.jpg\" \/>\n\t<meta property=\"og:image:width\" content=\"1200\" \/>\n\t<meta property=\"og:image:height\" content=\"598\" \/>\n\t<meta property=\"og:image:type\" content=\"image\/jpeg\" \/>\n<meta name=\"author\" content=\"Laura Moutinho\" \/>\n<meta name=\"twitter:card\" content=\"summary_large_image\" \/>\n<meta name=\"twitter:creator\" content=\"@sunoresearch\" \/>\n<meta name=\"twitter:site\" content=\"@sunoresearch\" \/>\n<meta name=\"twitter:label1\" content=\"Escrito por\" \/>\n\t<meta name=\"twitter:data1\" content=\"Laura Moutinho\" \/>\n\t<meta name=\"twitter:label2\" content=\"Est. tempo de leitura\" \/>\n\t<meta name=\"twitter:data2\" content=\"2 minutos\" \/>\n<script type=\"application\/ld+json\" class=\"yoast-schema-graph\">{\"@context\":\"https:\/\/schema.org\",\"@graph\":[{\"@type\":\"NewsArticle\",\"@id\":\"https:\/\/www.suno.com.br\/noticias\/embraer-embr3-fitch-reafirma-rating-bbcom-perspectiva-negativa\/#article\",\"isPartOf\":{\"@id\":\"https:\/\/www.suno.com.br\/noticias\/embraer-embr3-fitch-reafirma-rating-bbcom-perspectiva-negativa\/\"},\"author\":{\"name\":\"Laura Moutinho\",\"@id\":\"https:\/\/www.suno.com.br\/noticias\/#\/schema\/person\/3df0d2808748b74496efe5dbeaef2c72\"},\"headline\":\"Embraer (EMBR3): Fitch reafirma rating BB+com perspectiva negativa\",\"datePublished\":\"2021-04-26T20:31:49+00:00\",\"mainEntityOfPage\":{\"@id\":\"https:\/\/www.suno.com.br\/noticias\/embraer-embr3-fitch-reafirma-rating-bbcom-perspectiva-negativa\/\"},\"wordCount\":485,\"publisher\":{\"@id\":\"https:\/\/www.suno.com.br\/noticias\/#organization\"},\"image\":{\"@id\":\"https:\/\/www.suno.com.br\/noticias\/embraer-embr3-fitch-reafirma-rating-bbcom-perspectiva-negativa\/#primaryimage\"},\"thumbnailUrl\":\"https:\/\/files.sunoresearch.com.br\/n\/uploads\/2021\/03\/09efd636-embraer-jpg.webp\",\"keywords\":[\"Classifica\u00e7\u00e3o de Risco (Rating)\",\"Embraer (EMBR3)\",\"Fitch\"],\"articleSection\":[\"Neg\u00f3cios\"],\"inLanguage\":\"pt-BR\"},{\"@type\":\"WebPage\",\"@id\":\"https:\/\/www.suno.com.br\/noticias\/embraer-embr3-fitch-reafirma-rating-bbcom-perspectiva-negativa\/\",\"url\":\"https:\/\/www.suno.com.br\/noticias\/embraer-embr3-fitch-reafirma-rating-bbcom-perspectiva-negativa\/\",\"name\":\"Embraer (EMBR3): Fitch reafirma rating BB+ com perspectiva negativa\",\"isPartOf\":{\"@id\":\"https:\/\/www.suno.com.br\/noticias\/#website\"},\"primaryImageOfPage\":{\"@id\":\"https:\/\/www.suno.com.br\/noticias\/embraer-embr3-fitch-reafirma-rating-bbcom-perspectiva-negativa\/#primaryimage\"},\"image\":{\"@id\":\"https:\/\/www.suno.com.br\/noticias\/embraer-embr3-fitch-reafirma-rating-bbcom-perspectiva-negativa\/#primaryimage\"},\"thumbnailUrl\":\"https:\/\/files.sunoresearch.com.br\/n\/uploads\/2021\/03\/09efd636-embraer-jpg.webp\",\"datePublished\":\"2021-04-26T20:31:49+00:00\",\"description\":\"A Fitch reafirmou o rating da Embraer (EMBR3) em BB+ e manteve\u00a0 perspectiva negativa para a fabricante de avi\u00f5es. Clique aqui e saiba mais!\",\"breadcrumb\":{\"@id\":\"https:\/\/www.suno.com.br\/noticias\/embraer-embr3-fitch-reafirma-rating-bbcom-perspectiva-negativa\/#breadcrumb\"},\"inLanguage\":\"pt-BR\",\"potentialAction\":[{\"@type\":\"ReadAction\",\"target\":[\"https:\/\/www.suno.com.br\/noticias\/embraer-embr3-fitch-reafirma-rating-bbcom-perspectiva-negativa\/\"]}]},{\"@type\":\"ImageObject\",\"inLanguage\":\"pt-BR\",\"@id\":\"https:\/\/www.suno.com.br\/noticias\/embraer-embr3-fitch-reafirma-rating-bbcom-perspectiva-negativa\/#primaryimage\",\"url\":\"https:\/\/files.sunoresearch.com.br\/n\/uploads\/2021\/03\/09efd636-embraer-jpg.webp\",\"contentUrl\":\"https:\/\/files.sunoresearch.com.br\/n\/uploads\/2021\/03\/09efd636-embraer-jpg.webp\",\"width\":1200,\"height\":598,\"caption\":\"Aeronave. Foto: Divulga\u00e7\u00e3o\"},{\"@type\":\"BreadcrumbList\",\"@id\":\"https:\/\/www.suno.com.br\/noticias\/embraer-embr3-fitch-reafirma-rating-bbcom-perspectiva-negativa\/#breadcrumb\",\"itemListElement\":[{\"@type\":\"ListItem\",\"position\":1,\"name\":\"Not\u00edcias\",\"item\":\"https:\/\/www.suno.com.br\/noticias\/\"},{\"@type\":\"ListItem\",\"position\":2,\"name\":\"Neg\u00f3cios\",\"item\":\"https:\/\/www.suno.com.br\/noticias\/negocios\/\"},{\"@type\":\"ListItem\",\"position\":3,\"name\":\"Embraer (EMBR3): Fitch reafirma rating BB+com perspectiva negativa\"}]},{\"@type\":\"WebSite\",\"@id\":\"https:\/\/www.suno.com.br\/noticias\/#website\",\"url\":\"https:\/\/www.suno.com.br\/noticias\/\",\"name\":\"Suno Not\u00edcias\",\"description\":\"Seu portal de informa\u00e7\u00e3o sobre o mundo dos investimentos\",\"publisher\":{\"@id\":\"https:\/\/www.suno.com.br\/noticias\/#organization\"},\"potentialAction\":[{\"@type\":\"SearchAction\",\"target\":{\"@type\":\"EntryPoint\",\"urlTemplate\":\"https:\/\/www.suno.com.br\/noticias\/?s={search_term_string}\"},\"query-input\":{\"@type\":\"PropertyValueSpecification\",\"valueRequired\":true,\"valueName\":\"search_term_string\"}}],\"inLanguage\":\"pt-BR\"},{\"@type\":\"Organization\",\"@id\":\"https:\/\/www.suno.com.br\/noticias\/#organization\",\"name\":\"Suno Not\u00edcias\",\"url\":\"https:\/\/www.suno.com.br\/noticias\/\",\"logo\":{\"@type\":\"ImageObject\",\"inLanguage\":\"pt-BR\",\"@id\":\"https:\/\/www.suno.com.br\/noticias\/#\/schema\/logo\/image\/\",\"url\":\"https:\/\/files.sunoresearch.com.br\/n\/uploads\/2021\/09\/suno-logo.png\",\"contentUrl\":\"https:\/\/files.sunoresearch.com.br\/n\/uploads\/2021\/09\/suno-logo.png\",\"width\":180,\"height\":180,\"caption\":\"Suno Not\u00edcias\"},\"image\":{\"@id\":\"https:\/\/www.suno.com.br\/noticias\/#\/schema\/logo\/image\/\"},\"sameAs\":[\"https:\/\/facebook.com\/sunoresearch\",\"https:\/\/x.com\/sunoresearch\",\"https:\/\/www.instagram.com\/suno\",\"https:\/\/www.linkedin.com\/company\/suno-research\/\",\"https:\/\/www.youtube.com\/c\/sunoresearch\"]},{\"@type\":\"Person\",\"@id\":\"https:\/\/www.suno.com.br\/noticias\/#\/schema\/person\/3df0d2808748b74496efe5dbeaef2c72\",\"name\":\"Laura Moutinho\",\"image\":{\"@type\":\"ImageObject\",\"inLanguage\":\"pt-BR\",\"@id\":\"https:\/\/www.suno.com.br\/noticias\/#\/schema\/person\/image\/\",\"url\":\"https:\/\/secure.gravatar.com\/avatar\/7571c7c8ca3a6fca5e41384ece5557ff?s=96&r=g\",\"contentUrl\":\"https:\/\/secure.gravatar.com\/avatar\/7571c7c8ca3a6fca5e41384ece5557ff?s=96&r=g\",\"caption\":\"Laura Moutinho\"},\"description\":\"Estagi\u00e1ria na Suno Not\u00edcias, escreve not\u00edcias que afetam o mercado financeiro. Estuda administra\u00e7\u00e3o na Universidade Presbiteriana Mackenzie.\",\"url\":\"https:\/\/www.suno.com.br\/noticias\/author\/laura-moutinho\/\"}]}<\/script>\n<!-- \/ Yoast SEO plugin. -->","yoast_head_json":{"title":"Embraer (EMBR3): Fitch reafirma rating BB+ com perspectiva negativa","description":"A Fitch reafirmou o rating da Embraer (EMBR3) em BB+ e manteve\u00a0 perspectiva negativa para a fabricante de avi\u00f5es. Clique aqui e saiba mais!","robots":{"index":"index","follow":"follow","max-snippet":"max-snippet:-1","max-image-preview":"max-image-preview:large","max-video-preview":"max-video-preview:-1"},"canonical":"https:\/\/www.suno.com.br\/noticias\/embraer-embr3-fitch-reafirma-rating-bbcom-perspectiva-negativa\/","og_locale":"pt_BR","og_type":"article","og_title":"Embraer (EMBR3): Fitch reafirma rating BB+ com perspectiva negativa","og_description":"A Fitch reafirmou o rating da Embraer (EMBR3) em BB+ e manteve\u00a0 perspectiva negativa para a fabricante de avi\u00f5es. Clique aqui e saiba mais!","og_url":"https:\/\/www.suno.com.br\/noticias\/embraer-embr3-fitch-reafirma-rating-bbcom-perspectiva-negativa\/","og_site_name":"Suno Not\u00edcias","article_publisher":"https:\/\/facebook.com\/sunoresearch","og_image":[{"width":1200,"height":598,"url":"https:\/\/files.sunoresearch.com.br\/n\/uploads\/2021\/03\/09efd636-embraer.jpg","type":"image\/jpeg"}],"author":"Laura Moutinho","twitter_card":"summary_large_image","twitter_creator":"@sunoresearch","twitter_site":"@sunoresearch","twitter_misc":{"Escrito por":"Laura Moutinho","Est. tempo de leitura":"2 minutos"},"schema":{"@context":"https:\/\/schema.org","@graph":[{"@type":"NewsArticle","@id":"https:\/\/www.suno.com.br\/noticias\/embraer-embr3-fitch-reafirma-rating-bbcom-perspectiva-negativa\/#article","isPartOf":{"@id":"https:\/\/www.suno.com.br\/noticias\/embraer-embr3-fitch-reafirma-rating-bbcom-perspectiva-negativa\/"},"author":{"name":"Laura Moutinho","@id":"https:\/\/www.suno.com.br\/noticias\/#\/schema\/person\/3df0d2808748b74496efe5dbeaef2c72"},"headline":"Embraer (EMBR3): Fitch reafirma rating BB+com perspectiva negativa","datePublished":"2021-04-26T20:31:49+00:00","mainEntityOfPage":{"@id":"https:\/\/www.suno.com.br\/noticias\/embraer-embr3-fitch-reafirma-rating-bbcom-perspectiva-negativa\/"},"wordCount":485,"publisher":{"@id":"https:\/\/www.suno.com.br\/noticias\/#organization"},"image":{"@id":"https:\/\/www.suno.com.br\/noticias\/embraer-embr3-fitch-reafirma-rating-bbcom-perspectiva-negativa\/#primaryimage"},"thumbnailUrl":"https:\/\/files.sunoresearch.com.br\/n\/uploads\/2021\/03\/09efd636-embraer-jpg.webp","keywords":["Classifica\u00e7\u00e3o de Risco (Rating)","Embraer (EMBR3)","Fitch"],"articleSection":["Neg\u00f3cios"],"inLanguage":"pt-BR"},{"@type":"WebPage","@id":"https:\/\/www.suno.com.br\/noticias\/embraer-embr3-fitch-reafirma-rating-bbcom-perspectiva-negativa\/","url":"https:\/\/www.suno.com.br\/noticias\/embraer-embr3-fitch-reafirma-rating-bbcom-perspectiva-negativa\/","name":"Embraer (EMBR3): Fitch reafirma rating BB+ com perspectiva negativa","isPartOf":{"@id":"https:\/\/www.suno.com.br\/noticias\/#website"},"primaryImageOfPage":{"@id":"https:\/\/www.suno.com.br\/noticias\/embraer-embr3-fitch-reafirma-rating-bbcom-perspectiva-negativa\/#primaryimage"},"image":{"@id":"https:\/\/www.suno.com.br\/noticias\/embraer-embr3-fitch-reafirma-rating-bbcom-perspectiva-negativa\/#primaryimage"},"thumbnailUrl":"https:\/\/files.sunoresearch.com.br\/n\/uploads\/2021\/03\/09efd636-embraer-jpg.webp","datePublished":"2021-04-26T20:31:49+00:00","description":"A Fitch reafirmou o rating da Embraer (EMBR3) em BB+ e manteve\u00a0 perspectiva negativa para a fabricante de avi\u00f5es. Clique aqui e saiba mais!","breadcrumb":{"@id":"https:\/\/www.suno.com.br\/noticias\/embraer-embr3-fitch-reafirma-rating-bbcom-perspectiva-negativa\/#breadcrumb"},"inLanguage":"pt-BR","potentialAction":[{"@type":"ReadAction","target":["https:\/\/www.suno.com.br\/noticias\/embraer-embr3-fitch-reafirma-rating-bbcom-perspectiva-negativa\/"]}]},{"@type":"ImageObject","inLanguage":"pt-BR","@id":"https:\/\/www.suno.com.br\/noticias\/embraer-embr3-fitch-reafirma-rating-bbcom-perspectiva-negativa\/#primaryimage","url":"https:\/\/files.sunoresearch.com.br\/n\/uploads\/2021\/03\/09efd636-embraer-jpg.webp","contentUrl":"https:\/\/files.sunoresearch.com.br\/n\/uploads\/2021\/03\/09efd636-embraer-jpg.webp","width":1200,"height":598,"caption":"Aeronave. Foto: Divulga\u00e7\u00e3o"},{"@type":"BreadcrumbList","@id":"https:\/\/www.suno.com.br\/noticias\/embraer-embr3-fitch-reafirma-rating-bbcom-perspectiva-negativa\/#breadcrumb","itemListElement":[{"@type":"ListItem","position":1,"name":"Not\u00edcias","item":"https:\/\/www.suno.com.br\/noticias\/"},{"@type":"ListItem","position":2,"name":"Neg\u00f3cios","item":"https:\/\/www.suno.com.br\/noticias\/negocios\/"},{"@type":"ListItem","position":3,"name":"Embraer (EMBR3): Fitch reafirma rating BB+com perspectiva negativa"}]},{"@type":"WebSite","@id":"https:\/\/www.suno.com.br\/noticias\/#website","url":"https:\/\/www.suno.com.br\/noticias\/","name":"Suno Not\u00edcias","description":"Seu portal de informa\u00e7\u00e3o sobre o mundo dos investimentos","publisher":{"@id":"https:\/\/www.suno.com.br\/noticias\/#organization"},"potentialAction":[{"@type":"SearchAction","target":{"@type":"EntryPoint","urlTemplate":"https:\/\/www.suno.com.br\/noticias\/?s={search_term_string}"},"query-input":{"@type":"PropertyValueSpecification","valueRequired":true,"valueName":"search_term_string"}}],"inLanguage":"pt-BR"},{"@type":"Organization","@id":"https:\/\/www.suno.com.br\/noticias\/#organization","name":"Suno Not\u00edcias","url":"https:\/\/www.suno.com.br\/noticias\/","logo":{"@type":"ImageObject","inLanguage":"pt-BR","@id":"https:\/\/www.suno.com.br\/noticias\/#\/schema\/logo\/image\/","url":"https:\/\/files.sunoresearch.com.br\/n\/uploads\/2021\/09\/suno-logo.png","contentUrl":"https:\/\/files.sunoresearch.com.br\/n\/uploads\/2021\/09\/suno-logo.png","width":180,"height":180,"caption":"Suno Not\u00edcias"},"image":{"@id":"https:\/\/www.suno.com.br\/noticias\/#\/schema\/logo\/image\/"},"sameAs":["https:\/\/facebook.com\/sunoresearch","https:\/\/x.com\/sunoresearch","https:\/\/www.instagram.com\/suno","https:\/\/www.linkedin.com\/company\/suno-research\/","https:\/\/www.youtube.com\/c\/sunoresearch"]},{"@type":"Person","@id":"https:\/\/www.suno.com.br\/noticias\/#\/schema\/person\/3df0d2808748b74496efe5dbeaef2c72","name":"Laura Moutinho","image":{"@type":"ImageObject","inLanguage":"pt-BR","@id":"https:\/\/www.suno.com.br\/noticias\/#\/schema\/person\/image\/","url":"https:\/\/secure.gravatar.com\/avatar\/7571c7c8ca3a6fca5e41384ece5557ff?s=96&r=g","contentUrl":"https:\/\/secure.gravatar.com\/avatar\/7571c7c8ca3a6fca5e41384ece5557ff?s=96&r=g","caption":"Laura Moutinho"},"description":"Estagi\u00e1ria na Suno Not\u00edcias, escreve not\u00edcias que afetam o mercado financeiro. Estuda administra\u00e7\u00e3o na Universidade Presbiteriana Mackenzie.","url":"https:\/\/www.suno.com.br\/noticias\/author\/laura-moutinho\/"}]}},"default_loop_html":"<div class=\"cardsPage__listCard__boxs\"><div class=\"cardsPage__listCard__boxs__img\"><a href=\"https:\/\/www.suno.com.br\/noticias\/embraer-embr3-fitch-reafirma-rating-bbcom-perspectiva-negativa\/\"><img class=\"mask\" src=\"https:\/\/www.suno.com.br\/noticias\/wp-content\/themes\/suno\/resources\/images\/spotlight\/spotlight1img\/bg-mask.png\" alt=\"Image Mask\"\/><img src=\"https:\/\/files.sunoresearch.com.br\/n\/uploads\/2021\/03\/09efd636-embraer-400x200.webp\" alt=\"Embraer (EMBR3): Fitch reafirma rating BB+com perspectiva negativa\"\/><\/a><span class=\"spotlightCategory\"><a href=\"https:\/\/www.suno.com.br\/noticias\/negocios\/\">Neg\u00f3cios<\/a><\/span><\/div><div class=\"cardsPage__listCard__boxs__content\"><a href=\"https:\/\/www.suno.com.br\/noticias\/embraer-embr3-fitch-reafirma-rating-bbcom-perspectiva-negativa\/\"><h2 class=\"content__title\">Embraer (EMBR3): Fitch reafirma rating BB+com perspectiva negativa<\/h2><\/a><div class=\"newsContent__article__meta\"><div class=\"newsContent__article__meta__authorBox\"><a href=\"https:\/\/www.suno.com.br\/noticias\/author\/laura-moutinho\/\" class=\"authorBox__avatar noMobi\"><img src=\"https:\/\/files.sunoresearch.com.br\/n\/uploads\/2020\/08\/531ff69d-whatsapp-image-2020-08-03-at-14.54.38-150x150.webp\" alt=\"Laura Moutinho\"><\/a><div class=\"authorBox__name\"><span>por\n\t\t\t<a href=\"https:\/\/www.suno.com.br\/noticias\/author\/laura-moutinho\/\"><span itemprop=\"author\">Laura Moutinho<\/span><\/a><\/span><time datetime=\"2021-04-26T17:31:49-03:00\" itemprop=\"datePublished\">26\/04\/2021 17:31<\/time><\/div><\/div><\/div><\/div><\/div>","single_layout":"posts","amp_enabled":true,"_links":{"self":[{"href":"https:\/\/www.suno.com.br\/noticias\/wp-json\/wp\/v2\/posts\/142345"}],"collection":[{"href":"https:\/\/www.suno.com.br\/noticias\/wp-json\/wp\/v2\/posts"}],"about":[{"href":"https:\/\/www.suno.com.br\/noticias\/wp-json\/wp\/v2\/types\/post"}],"author":[{"embeddable":true,"href":"https:\/\/www.suno.com.br\/noticias\/wp-json\/wp\/v2\/users\/39"}],"replies":[{"embeddable":true,"href":"https:\/\/www.suno.com.br\/noticias\/wp-json\/wp\/v2\/comments?post=142345"}],"version-history":[{"count":2,"href":"https:\/\/www.suno.com.br\/noticias\/wp-json\/wp\/v2\/posts\/142345\/revisions"}],"predecessor-version":[{"id":142385,"href":"https:\/\/www.suno.com.br\/noticias\/wp-json\/wp\/v2\/posts\/142345\/revisions\/142385"}],"wp:featuredmedia":[{"embeddable":true,"href":"https:\/\/www.suno.com.br\/noticias\/wp-json\/wp\/v2\/media\/130237"}],"wp:attachment":[{"href":"https:\/\/www.suno.com.br\/noticias\/wp-json\/wp\/v2\/media?parent=142345"}],"wp:term":[{"taxonomy":"category","embeddable":true,"href":"https:\/\/www.suno.com.br\/noticias\/wp-json\/wp\/v2\/categories?post=142345"},{"taxonomy":"post_tag","embeddable":true,"href":"https:\/\/www.suno.com.br\/noticias\/wp-json\/wp\/v2\/tags?post=142345"},{"taxonomy":"suno_strategy","embeddable":true,"href":"https:\/\/www.suno.com.br\/noticias\/wp-json\/wp\/v2\/suno_strategy?post=142345"}],"curies":[{"name":"wp","href":"https:\/\/api.w.org\/{rel}","templated":true}]}}