{"id":142290,"date":"2021-04-26T15:10:06","date_gmt":"2021-04-26T18:10:06","guid":{"rendered":"https:\/\/www.suno.com.br\/noticias\/?p=142290"},"modified":"2021-04-26T22:29:12","modified_gmt":"2021-04-27T01:29:12","slug":"cvm-nao-feliz-day-trade-mudar-regulamentacao","status":"publish","type":"post","link":"https:\/\/www.suno.com.br\/noticias\/cvm-nao-feliz-day-trade-mudar-regulamentacao\/","title":{"rendered":"CVM n\u00e3o est\u00e1 feliz com day trade e estuda mudar regulamenta\u00e7\u00e3o, diz coluna"},"content":{"rendered":"<p>A <a href=\"https:\/\/www.suno.com.br\/artigos\/cvm\/\">Comiss\u00e3o de Valores Mobili\u00e1rios (CVM)<\/a> esteve em contato com nomes do mercado financeiro, incluindo bancos e corretoras, para abordar opera\u00e7\u00f5es de <strong>day trade<\/strong>. De acordo com informa\u00e7\u00e3o da coluna de Lauro Jardim, no jornal <em>O Globo<\/em>, a xerife do mercado de capitais brasileiro est\u00e1 preocupada com investidores que acabam incorrendo em preju\u00edzo atrav\u00e9s da estrat\u00e9gia especulativa e estuda uma mudan\u00e7a na regulamenta\u00e7\u00e3o.<\/p>\t<div class=\"wrapper-featured-image\">\n\t\t<figure class=\"spotlightImg\">\n\n\t\t\t<picture>\n\t\t\t\t<source media=\"(max-width: 768px)\" srcset=\"https:\/\/files.sunoresearch.com.br\/n\/uploads\/2021\/04\/0db0a41c-options-5237248_1280-400x200.webp\">\n\t\t\t\t<img loading=\"lazy\" decoding=\"async\" class=\"newsContent__article__imgCapa lazyloadDisabled \" src=\"https:\/\/files.sunoresearch.com.br\/n\/uploads\/2021\/04\/0db0a41c-options-5237248_1280-800x450.webp\" width=\"800\" height=\"450\" alt=\"CVM n\u00e3o est\u00e1 feliz com day trade e estuda mudar regulamenta\u00e7\u00e3o, diz coluna\" fetchpriority=high \/>\n\t\t\t<\/picture>\n\n\t\t\t<figcaption class=\"wp-caption-text wp-caption-text--show\">Day trade. Foto: Pixabay<\/figcaption>\n\t\t<\/figure>\n\t<\/div>\n\n\n\t<p>\n\t\t<a href=\"https:\/\/lp.suno.com.br\/planilha-controle-gastos\/\" target=\"_blank\" data-element=\"shortcode-suno-banner\" title=\"Banner SUNO, clique e saiba mais\">\n\t\t\t<picture>\n\t\t\t\t<source media=\"(max-width: 500px)\" srcset=\"https:\/\/files.sunoresearch.com.br\/n\/uploads\/2023\/03\/400x300-Planilha-controle-de-gastos.png\">\n\t\t\t\t<img class=\"newsContent__article__imgCapa newsContent__article__imgCapa--banner\"\n\t\t\t\t\tsrc=\"https:\/\/files.sunoresearch.com.br\/n\/uploads\/2023\/03\/1420x240-Planilha-controle-de-gastos.png\"\n\t\t\t\t\tdata-promo-id=\"101751\"\t\t\t\t\t\t\t\t\t\twidth='1420' height='240'\t\t\t\t\talt=\"https:\/\/files.sunoresearch.com.br\/n\/uploads\/2023\/03\/1420x240-Planilha-controle-de-gastos.png\"\n\t\t\t\t>\n\t\t\t<\/picture>\n\t\t<\/a>\n\t<\/p>\n\n\n<p>O &#8220;day trader&#8221;, quem opera com compra e venda de ativos no mesmo dia, tem baixa chance de conseguir uma renda satisfat\u00f3ria, mostrou <a href=\"https:\/\/www.suno.com.br\/noticias\/day-trade-viver-impossivel\/\">estudo da Funda\u00e7\u00e3o Get\u00falio Vargas (FGV)<\/a>. Segundo a institui\u00e7\u00e3o, apenas 0,57% dos investidores continuam fazendo day trade ap\u00f3s 300 preg\u00f5es e, na m\u00e9dia, day traders t\u00eam um preju\u00edzo bruto de R$ 49 diariamente.<\/p>\n<p>Atualmente, s\u00e3o pouco mais de 3,5 milh\u00f5es de investidores pessoas f\u00edsicas na <a href=\"https:\/\/www.suno.com.br\/artigos\/b3\/\">Bolsa de Valores de S\u00e3o Paulo (B3)<\/a>, contra cerca de 600 mil CPFs cadastrados em 2016. E o interesse por <strong>day trade no Brasil<\/strong> veio junto com o crescimento do n\u00famero de investidores.<\/p>\n<p><a href=\"https:\/\/lp.suno.com.br\/suno-one\/\">Suno One: acesse gratuitamente eBooks, Minicursos, Artigos e V\u00eddeo Aulas sobre investimentos com um \u00fanico cadastro. Clique para saber mais!<\/a><\/p>\n<p>Na edi\u00e7\u00e3o 15 de &#8220;Cadernos CVM&#8221;, de 2020, a qual trata das opera\u00e7\u00f5es, a autarquia destacou que o interesse pela estrat\u00e9gia de opera\u00e7\u00e3o disparou nos \u00faltimos tr\u00eas anos. Dados obtidos a partir do Google Trends apontaram para uma salto na procura pelo termo desde 2018, da ordem de quatro vezes.<\/p>\n<p><iframe loading=\"lazy\" id=\"doc_52048\" class=\"scribd_iframe_embed\" title=\"Caderno CVM 15 Day Trade\" src=\"https:\/\/pt.scribd.com\/embeds\/504973157\/content?start_page=1&amp;view_mode=scroll&amp;access_key=key-MJ0dtYp45BVZSvkKqZKl\" width=\"600\" height=\"800\" frameborder=\"0\" scrolling=\"no\" data-auto-height=\"false\" data-aspect-ratio=\"0.75\"><\/iframe><\/p>\n<p>&#8220;O que \u00e9 surpreendente nestes n\u00fameros pesquisados no Google Trends \u00e9 que o interesse por day trade \u00e9 muito maior do que o interesse em, por exemplo, educa\u00e7\u00e3o financeira e reserva de emerg\u00eancia, ainda mais se levarmos em conta a grave crise econ\u00f4mica-sanit\u00e1ria pela qual o pa\u00eds est\u00e1 passando. Isso pode refletir a falta de educa\u00e7\u00e3o financeira e a inexist\u00eancia do h\u00e1bito de planejamento&#8221;, salientou a <strong>CVM<\/strong> no livro.<\/p>\n<h2>Vantagens e desvantagens do day trade<\/h2>\n<p>O modelo de compra e venda di\u00e1ria n\u00e3o \u00e9 um monstro por si s\u00f3, mas a capacidade atrair investidores incautos \u00e9 um ponto de aten\u00e7\u00e3o.<\/p>\n<p>&#8220;A maior vantagem do day trade \u00e9 o <a href=\"https:\/\/www.suno.com.br\/artigos\/alavancagem\/\">recurso de alavancagem<\/a>, que permite investir valores superiores ao que o operador tem dispon\u00edvel&#8221;, pontuou a <strong>XP Investimentos<\/strong> em relat\u00f3rio. Apesar disso, a estrat\u00e9gia &#8220;apresenta riscos altos, que podem desestabilizar o emocional e at\u00e9 adoecer os operadores despreparados ou com um <a href=\"https:\/\/www.suno.com.br\/artigos\/perfil-moderado\/\">perfil mais moderado<\/a>.&#8221;<\/p>\n\t<div data-element=\"shortcode-read-more\" class=\"knowMore\">\n\t\t\t\t<span class=\"knowMore__title\">Leia mais<\/span>\n\t\t\t\t<a class=\"knowMore__link\" href=\"https:\/\/www.suno.com.br\/noticias\/cvm-nega-estudo-alterar-normas-day-trade\/\">\n\t\t\tCVM nega haver estudo para alterar normas de day trade\t\t<\/a>\n\t<\/div>\n\n\n<p>Nas palavras da CVM, \u00e9 importante o investidor usar a alavancagem &#8220;com prud\u00eancia, fazendo opera\u00e7\u00f5es de modo consciente atrav\u00e9s de t\u00e9cnicas de gerenciamento de risco. Entre elas, a autarquia listou:<\/p>\n<ul>\n<li>Investir em conhecimento;<\/li>\n<li>Estudar o mercado e entender o cen\u00e1rio macro-econ\u00f4mico;<\/li>\n<li>Criar estrat\u00e9gias de trading bem definidas;<\/li>\n<li>Definir um limite de perda (<a href=\"https:\/\/www.suno.com.br\/artigos\/stop-loss-descubra-se-essa-estrategia-realmente-funciona\/\">stop loss<\/a>);<\/li>\n<li>Equil\u00edbrio emocional.<\/li>\n<\/ul>\n\t<p>\n\t\t<a href=\"https:\/\/lp.suno.com.br\/planilha-da-vida-financeira\/\" target=\"_blank\" data-element=\"shortcode-suno-banner\" title=\"Banner SUNO, clique e saiba mais\">\n\t\t\t<picture>\n\t\t\t\t<source media=\"(max-width: 500px)\" srcset=\"https:\/\/files.sunoresearch.com.br\/n\/uploads\/2023\/04\/400x300-Planilha-vida-financeira-true.png\">\n\t\t\t\t<img class=\"newsContent__article__imgCapa newsContent__article__imgCapa--banner\"\n\t\t\t\t\tsrc=\"https:\/\/files.sunoresearch.com.br\/n\/uploads\/2023\/04\/1420x240-Planilha-vida-financeira-true.png\"\n\t\t\t\t\tdata-promo-id=\"106682\"\t\t\t\t\t\t\t\t\t\twidth='1420' height='240'\t\t\t\t\talt=\"https:\/\/files.sunoresearch.com.br\/n\/uploads\/2023\/04\/1420x240-Planilha-vida-financeira-true.png\"\n\t\t\t\t>\n\t\t\t<\/picture>\n\t\t<\/a>\n\t<\/p>\n\n\n<p>&#8220;As opera\u00e7\u00f5es de <strong>day trade<\/strong> possuem alto risco e n\u00e3o s\u00e3o recomendadas para pessoas que n\u00e3o tenham capacida-de de compreender os riscos e as caracter\u00edsticas dessas opera\u00e7\u00f5es&#8221;, ressaltou a CVM.<\/p>\n\t<p>\n\t\t<a href=\"https:\/\/lp.suno.com.br\/planilha-de-controle-de-investimentos\/\" target=\"_blank\" data-element=\"shortcode-suno-banner\" title=\"Banner SUNO, clique e saiba mais\">\n\t\t\t<picture>\n\t\t\t\t<source media=\"(max-width: 500px)\" srcset=\"https:\/\/files.sunoresearch.com.br\/n\/uploads\/2023\/03\/400x300-Controle-de-Investimentos.png\">\n\t\t\t\t<img class=\"newsContent__article__imgCapa newsContent__article__imgCapa--banner\"\n\t\t\t\t\tsrc=\"https:\/\/files.sunoresearch.com.br\/n\/uploads\/2023\/03\/1420x240-Controle-de-Investimentos.png\"\n\t\t\t\t\tdata-promo-id=\"75934\"\t\t\t\t\t\t\t\t\t\twidth='1420' height='240'\t\t\t\t\talt=\"https:\/\/files.sunoresearch.com.br\/n\/uploads\/2023\/03\/1420x240-Controle-de-Investimentos.png\"\n\t\t\t\t>\n\t\t\t<\/picture>\n\t\t<\/a>\n\t<\/p>\n\n\n","protected":false},"excerpt":{"rendered":"<p>A Comiss\u00e3o de Valores Mobili\u00e1rios (CVM) esteve em contato com nomes do mercado financeiro, incluindo bancos e corretoras, para abordar opera\u00e7\u00f5es de day trade. De acordo com informa\u00e7\u00e3o da coluna de Lauro Jardim, no jornal O Globo, a xerife do mercado de capitais brasileiro est\u00e1 preocupada com investidores que acabam incorrendo em preju\u00edzo atrav\u00e9s da [&hellip;]<\/p>\n","protected":false},"author":35,"featured_media":142295,"comment_status":"closed","ping_status":"closed","sticky":false,"template":"","format":"standard","meta":[],"categories":[60],"tags":[902,35491,105816,888],"suno_strategy":[],"class_list":["post-142290","post","type-post","status-publish","format-standard","has-post-thumbnail","hentry","category-mercado","tag-comissao-de-valores-mobiliarios-cvm","tag-day-trade","tag-especialistas","tag-xp-investimentos"],"yoast_head":"<!-- This site is optimized with the Yoast SEO plugin v24.4 - https:\/\/yoast.com\/wordpress\/plugins\/seo\/ -->\n<title>CVM n\u00e3o est\u00e1 feliz com day trade e estuda mudar regulamenta\u00e7\u00e3o, diz coluna<\/title>\n<meta name=\"description\" content=\"A CVM est\u00e1 preocupada com preju\u00edzos com day trade e estuda mudar a regulamenta\u00e7\u00e3o, segundo a coluna de Lauro Jardim, no jornal O Globo.\" \/>\n<meta name=\"robots\" content=\"index, follow, max-snippet:-1, max-image-preview:large, max-video-preview:-1\" \/>\n<link rel=\"canonical\" href=\"https:\/\/www.suno.com.br\/noticias\/cvm-nao-feliz-day-trade-mudar-regulamentacao\/\" \/>\n<meta property=\"og:locale\" content=\"pt_BR\" \/>\n<meta property=\"og:type\" content=\"article\" \/>\n<meta property=\"og:title\" content=\"CVM n\u00e3o est\u00e1 feliz com day trade e estuda mudar regulamenta\u00e7\u00e3o, diz coluna\" \/>\n<meta property=\"og:description\" content=\"A CVM est\u00e1 preocupada com preju\u00edzos com day trade e estuda mudar a regulamenta\u00e7\u00e3o, segundo a coluna de Lauro Jardim, no jornal O Globo.\" \/>\n<meta property=\"og:url\" content=\"https:\/\/www.suno.com.br\/noticias\/cvm-nao-feliz-day-trade-mudar-regulamentacao\/\" \/>\n<meta property=\"og:site_name\" content=\"Suno Not\u00edcias\" \/>\n<meta property=\"article:publisher\" content=\"https:\/\/facebook.com\/sunoresearch\" \/>\n<meta property=\"og:image\" content=\"https:\/\/files.sunoresearch.com.br\/n\/uploads\/2021\/04\/0db0a41c-options-5237248_1280.jpg\" \/>\n\t<meta property=\"og:image:width\" content=\"1280\" \/>\n\t<meta property=\"og:image:height\" content=\"853\" \/>\n\t<meta property=\"og:image:type\" content=\"image\/jpeg\" \/>\n<meta name=\"author\" content=\"Arthur Guimar\u00e3es\" \/>\n<meta name=\"twitter:card\" content=\"summary_large_image\" \/>\n<meta name=\"twitter:creator\" content=\"@sunoresearch\" \/>\n<meta name=\"twitter:site\" content=\"@sunoresearch\" \/>\n<meta name=\"twitter:label1\" content=\"Escrito por\" \/>\n\t<meta name=\"twitter:data1\" content=\"Arthur Guimar\u00e3es\" \/>\n\t<meta name=\"twitter:label2\" content=\"Est. tempo de leitura\" \/>\n\t<meta name=\"twitter:data2\" content=\"3 minutos\" \/>\n<script type=\"application\/ld+json\" class=\"yoast-schema-graph\">{\"@context\":\"https:\/\/schema.org\",\"@graph\":[{\"@type\":\"NewsArticle\",\"@id\":\"https:\/\/www.suno.com.br\/noticias\/cvm-nao-feliz-day-trade-mudar-regulamentacao\/#article\",\"isPartOf\":{\"@id\":\"https:\/\/www.suno.com.br\/noticias\/cvm-nao-feliz-day-trade-mudar-regulamentacao\/\"},\"author\":{\"name\":\"Arthur Guimar\u00e3es\",\"@id\":\"https:\/\/www.suno.com.br\/noticias\/#\/schema\/person\/053a750a709a263919a20f976caae91c\"},\"headline\":\"CVM n\u00e3o est\u00e1 feliz com day trade e estuda mudar regulamenta\u00e7\u00e3o, diz coluna\",\"datePublished\":\"2021-04-26T18:10:06+00:00\",\"dateModified\":\"2021-04-27T01:29:12+00:00\",\"mainEntityOfPage\":{\"@id\":\"https:\/\/www.suno.com.br\/noticias\/cvm-nao-feliz-day-trade-mudar-regulamentacao\/\"},\"wordCount\":545,\"publisher\":{\"@id\":\"https:\/\/www.suno.com.br\/noticias\/#organization\"},\"image\":{\"@id\":\"https:\/\/www.suno.com.br\/noticias\/cvm-nao-feliz-day-trade-mudar-regulamentacao\/#primaryimage\"},\"thumbnailUrl\":\"https:\/\/files.sunoresearch.com.br\/n\/uploads\/2021\/04\/0db0a41c-options-5237248_1280-jpg.webp\",\"keywords\":[\"Comiss\u00e3o de Valores Mobili\u00e1rios (CVM)\",\"day trade\",\"Especialistas\",\"XP Investimentos\"],\"articleSection\":[\"Mercado\"],\"inLanguage\":\"pt-BR\"},{\"@type\":\"WebPage\",\"@id\":\"https:\/\/www.suno.com.br\/noticias\/cvm-nao-feliz-day-trade-mudar-regulamentacao\/\",\"url\":\"https:\/\/www.suno.com.br\/noticias\/cvm-nao-feliz-day-trade-mudar-regulamentacao\/\",\"name\":\"CVM n\u00e3o est\u00e1 feliz com day trade e estuda mudar regulamenta\u00e7\u00e3o, diz coluna\",\"isPartOf\":{\"@id\":\"https:\/\/www.suno.com.br\/noticias\/#website\"},\"primaryImageOfPage\":{\"@id\":\"https:\/\/www.suno.com.br\/noticias\/cvm-nao-feliz-day-trade-mudar-regulamentacao\/#primaryimage\"},\"image\":{\"@id\":\"https:\/\/www.suno.com.br\/noticias\/cvm-nao-feliz-day-trade-mudar-regulamentacao\/#primaryimage\"},\"thumbnailUrl\":\"https:\/\/files.sunoresearch.com.br\/n\/uploads\/2021\/04\/0db0a41c-options-5237248_1280-jpg.webp\",\"datePublished\":\"2021-04-26T18:10:06+00:00\",\"dateModified\":\"2021-04-27T01:29:12+00:00\",\"description\":\"A CVM est\u00e1 preocupada com preju\u00edzos com day trade e estuda mudar a regulamenta\u00e7\u00e3o, segundo a coluna de Lauro Jardim, no jornal O Globo.\",\"breadcrumb\":{\"@id\":\"https:\/\/www.suno.com.br\/noticias\/cvm-nao-feliz-day-trade-mudar-regulamentacao\/#breadcrumb\"},\"inLanguage\":\"pt-BR\",\"potentialAction\":[{\"@type\":\"ReadAction\",\"target\":[\"https:\/\/www.suno.com.br\/noticias\/cvm-nao-feliz-day-trade-mudar-regulamentacao\/\"]}]},{\"@type\":\"ImageObject\",\"inLanguage\":\"pt-BR\",\"@id\":\"https:\/\/www.suno.com.br\/noticias\/cvm-nao-feliz-day-trade-mudar-regulamentacao\/#primaryimage\",\"url\":\"https:\/\/files.sunoresearch.com.br\/n\/uploads\/2021\/04\/0db0a41c-options-5237248_1280-jpg.webp\",\"contentUrl\":\"https:\/\/files.sunoresearch.com.br\/n\/uploads\/2021\/04\/0db0a41c-options-5237248_1280-jpg.webp\",\"width\":1280,\"height\":853,\"caption\":\"Day trade. Foto: Pixabay\"},{\"@type\":\"BreadcrumbList\",\"@id\":\"https:\/\/www.suno.com.br\/noticias\/cvm-nao-feliz-day-trade-mudar-regulamentacao\/#breadcrumb\",\"itemListElement\":[{\"@type\":\"ListItem\",\"position\":1,\"name\":\"Not\u00edcias\",\"item\":\"https:\/\/www.suno.com.br\/noticias\/\"},{\"@type\":\"ListItem\",\"position\":2,\"name\":\"Mercado\",\"item\":\"https:\/\/www.suno.com.br\/noticias\/mercado\/\"},{\"@type\":\"ListItem\",\"position\":3,\"name\":\"CVM n\u00e3o est\u00e1 feliz com day trade e estuda mudar regulamenta\u00e7\u00e3o, diz coluna\"}]},{\"@type\":\"WebSite\",\"@id\":\"https:\/\/www.suno.com.br\/noticias\/#website\",\"url\":\"https:\/\/www.suno.com.br\/noticias\/\",\"name\":\"Suno Not\u00edcias\",\"description\":\"Seu portal de informa\u00e7\u00e3o sobre o mundo dos investimentos\",\"publisher\":{\"@id\":\"https:\/\/www.suno.com.br\/noticias\/#organization\"},\"potentialAction\":[{\"@type\":\"SearchAction\",\"target\":{\"@type\":\"EntryPoint\",\"urlTemplate\":\"https:\/\/www.suno.com.br\/noticias\/?s={search_term_string}\"},\"query-input\":{\"@type\":\"PropertyValueSpecification\",\"valueRequired\":true,\"valueName\":\"search_term_string\"}}],\"inLanguage\":\"pt-BR\"},{\"@type\":\"Organization\",\"@id\":\"https:\/\/www.suno.com.br\/noticias\/#organization\",\"name\":\"Suno Not\u00edcias\",\"url\":\"https:\/\/www.suno.com.br\/noticias\/\",\"logo\":{\"@type\":\"ImageObject\",\"inLanguage\":\"pt-BR\",\"@id\":\"https:\/\/www.suno.com.br\/noticias\/#\/schema\/logo\/image\/\",\"url\":\"https:\/\/files.sunoresearch.com.br\/n\/uploads\/2021\/09\/suno-logo.png\",\"contentUrl\":\"https:\/\/files.sunoresearch.com.br\/n\/uploads\/2021\/09\/suno-logo.png\",\"width\":180,\"height\":180,\"caption\":\"Suno Not\u00edcias\"},\"image\":{\"@id\":\"https:\/\/www.suno.com.br\/noticias\/#\/schema\/logo\/image\/\"},\"sameAs\":[\"https:\/\/facebook.com\/sunoresearch\",\"https:\/\/x.com\/sunoresearch\",\"https:\/\/www.instagram.com\/suno\",\"https:\/\/www.linkedin.com\/company\/suno-research\/\",\"https:\/\/www.youtube.com\/c\/sunoresearch\"]},{\"@type\":\"Person\",\"@id\":\"https:\/\/www.suno.com.br\/noticias\/#\/schema\/person\/053a750a709a263919a20f976caae91c\",\"name\":\"Arthur Guimar\u00e3es\",\"image\":{\"@type\":\"ImageObject\",\"inLanguage\":\"pt-BR\",\"@id\":\"https:\/\/www.suno.com.br\/noticias\/#\/schema\/person\/image\/\",\"url\":\"https:\/\/secure.gravatar.com\/avatar\/1affd86a11209ae09eb6dd3bcad3e96c?s=96&r=g\",\"contentUrl\":\"https:\/\/secure.gravatar.com\/avatar\/1affd86a11209ae09eb6dd3bcad3e96c?s=96&r=g\",\"caption\":\"Arthur Guimar\u00e3es\"},\"description\":\"Arthur Guimar\u00e3es escreve sobre pol\u00edtica, economia e neg\u00f3cios para o portal de not\u00edcias da Suno Research. Atualmente, \u00e9 estudante de jornalismo pela Faculdade C\u00e1sper L\u00edbero.\",\"url\":\"https:\/\/www.suno.com.br\/noticias\/author\/arthur-guimaraes\/\"}]}<\/script>\n<!-- \/ Yoast SEO plugin. -->","yoast_head_json":{"title":"CVM n\u00e3o est\u00e1 feliz com day trade e estuda mudar regulamenta\u00e7\u00e3o, diz coluna","description":"A CVM est\u00e1 preocupada com preju\u00edzos com day trade e estuda mudar a regulamenta\u00e7\u00e3o, segundo a coluna de Lauro Jardim, no jornal O Globo.","robots":{"index":"index","follow":"follow","max-snippet":"max-snippet:-1","max-image-preview":"max-image-preview:large","max-video-preview":"max-video-preview:-1"},"canonical":"https:\/\/www.suno.com.br\/noticias\/cvm-nao-feliz-day-trade-mudar-regulamentacao\/","og_locale":"pt_BR","og_type":"article","og_title":"CVM n\u00e3o est\u00e1 feliz com day trade e estuda mudar regulamenta\u00e7\u00e3o, diz coluna","og_description":"A CVM est\u00e1 preocupada com preju\u00edzos com day trade e estuda mudar a regulamenta\u00e7\u00e3o, segundo a coluna de Lauro Jardim, no jornal O Globo.","og_url":"https:\/\/www.suno.com.br\/noticias\/cvm-nao-feliz-day-trade-mudar-regulamentacao\/","og_site_name":"Suno Not\u00edcias","article_publisher":"https:\/\/facebook.com\/sunoresearch","og_image":[{"width":1280,"height":853,"url":"https:\/\/files.sunoresearch.com.br\/n\/uploads\/2021\/04\/0db0a41c-options-5237248_1280.jpg","type":"image\/jpeg"}],"author":"Arthur Guimar\u00e3es","twitter_card":"summary_large_image","twitter_creator":"@sunoresearch","twitter_site":"@sunoresearch","twitter_misc":{"Escrito por":"Arthur Guimar\u00e3es","Est. tempo de leitura":"3 minutos"},"schema":{"@context":"https:\/\/schema.org","@graph":[{"@type":"NewsArticle","@id":"https:\/\/www.suno.com.br\/noticias\/cvm-nao-feliz-day-trade-mudar-regulamentacao\/#article","isPartOf":{"@id":"https:\/\/www.suno.com.br\/noticias\/cvm-nao-feliz-day-trade-mudar-regulamentacao\/"},"author":{"name":"Arthur Guimar\u00e3es","@id":"https:\/\/www.suno.com.br\/noticias\/#\/schema\/person\/053a750a709a263919a20f976caae91c"},"headline":"CVM n\u00e3o est\u00e1 feliz com day trade e estuda mudar regulamenta\u00e7\u00e3o, diz coluna","datePublished":"2021-04-26T18:10:06+00:00","dateModified":"2021-04-27T01:29:12+00:00","mainEntityOfPage":{"@id":"https:\/\/www.suno.com.br\/noticias\/cvm-nao-feliz-day-trade-mudar-regulamentacao\/"},"wordCount":545,"publisher":{"@id":"https:\/\/www.suno.com.br\/noticias\/#organization"},"image":{"@id":"https:\/\/www.suno.com.br\/noticias\/cvm-nao-feliz-day-trade-mudar-regulamentacao\/#primaryimage"},"thumbnailUrl":"https:\/\/files.sunoresearch.com.br\/n\/uploads\/2021\/04\/0db0a41c-options-5237248_1280-jpg.webp","keywords":["Comiss\u00e3o de Valores Mobili\u00e1rios (CVM)","day trade","Especialistas","XP Investimentos"],"articleSection":["Mercado"],"inLanguage":"pt-BR"},{"@type":"WebPage","@id":"https:\/\/www.suno.com.br\/noticias\/cvm-nao-feliz-day-trade-mudar-regulamentacao\/","url":"https:\/\/www.suno.com.br\/noticias\/cvm-nao-feliz-day-trade-mudar-regulamentacao\/","name":"CVM n\u00e3o est\u00e1 feliz com day trade e estuda mudar regulamenta\u00e7\u00e3o, diz coluna","isPartOf":{"@id":"https:\/\/www.suno.com.br\/noticias\/#website"},"primaryImageOfPage":{"@id":"https:\/\/www.suno.com.br\/noticias\/cvm-nao-feliz-day-trade-mudar-regulamentacao\/#primaryimage"},"image":{"@id":"https:\/\/www.suno.com.br\/noticias\/cvm-nao-feliz-day-trade-mudar-regulamentacao\/#primaryimage"},"thumbnailUrl":"https:\/\/files.sunoresearch.com.br\/n\/uploads\/2021\/04\/0db0a41c-options-5237248_1280-jpg.webp","datePublished":"2021-04-26T18:10:06+00:00","dateModified":"2021-04-27T01:29:12+00:00","description":"A CVM est\u00e1 preocupada com preju\u00edzos com day trade e estuda mudar a regulamenta\u00e7\u00e3o, segundo a coluna de Lauro Jardim, no jornal O Globo.","breadcrumb":{"@id":"https:\/\/www.suno.com.br\/noticias\/cvm-nao-feliz-day-trade-mudar-regulamentacao\/#breadcrumb"},"inLanguage":"pt-BR","potentialAction":[{"@type":"ReadAction","target":["https:\/\/www.suno.com.br\/noticias\/cvm-nao-feliz-day-trade-mudar-regulamentacao\/"]}]},{"@type":"ImageObject","inLanguage":"pt-BR","@id":"https:\/\/www.suno.com.br\/noticias\/cvm-nao-feliz-day-trade-mudar-regulamentacao\/#primaryimage","url":"https:\/\/files.sunoresearch.com.br\/n\/uploads\/2021\/04\/0db0a41c-options-5237248_1280-jpg.webp","contentUrl":"https:\/\/files.sunoresearch.com.br\/n\/uploads\/2021\/04\/0db0a41c-options-5237248_1280-jpg.webp","width":1280,"height":853,"caption":"Day trade. Foto: Pixabay"},{"@type":"BreadcrumbList","@id":"https:\/\/www.suno.com.br\/noticias\/cvm-nao-feliz-day-trade-mudar-regulamentacao\/#breadcrumb","itemListElement":[{"@type":"ListItem","position":1,"name":"Not\u00edcias","item":"https:\/\/www.suno.com.br\/noticias\/"},{"@type":"ListItem","position":2,"name":"Mercado","item":"https:\/\/www.suno.com.br\/noticias\/mercado\/"},{"@type":"ListItem","position":3,"name":"CVM n\u00e3o est\u00e1 feliz com day trade e estuda mudar regulamenta\u00e7\u00e3o, diz coluna"}]},{"@type":"WebSite","@id":"https:\/\/www.suno.com.br\/noticias\/#website","url":"https:\/\/www.suno.com.br\/noticias\/","name":"Suno Not\u00edcias","description":"Seu portal de informa\u00e7\u00e3o sobre o mundo dos investimentos","publisher":{"@id":"https:\/\/www.suno.com.br\/noticias\/#organization"},"potentialAction":[{"@type":"SearchAction","target":{"@type":"EntryPoint","urlTemplate":"https:\/\/www.suno.com.br\/noticias\/?s={search_term_string}"},"query-input":{"@type":"PropertyValueSpecification","valueRequired":true,"valueName":"search_term_string"}}],"inLanguage":"pt-BR"},{"@type":"Organization","@id":"https:\/\/www.suno.com.br\/noticias\/#organization","name":"Suno Not\u00edcias","url":"https:\/\/www.suno.com.br\/noticias\/","logo":{"@type":"ImageObject","inLanguage":"pt-BR","@id":"https:\/\/www.suno.com.br\/noticias\/#\/schema\/logo\/image\/","url":"https:\/\/files.sunoresearch.com.br\/n\/uploads\/2021\/09\/suno-logo.png","contentUrl":"https:\/\/files.sunoresearch.com.br\/n\/uploads\/2021\/09\/suno-logo.png","width":180,"height":180,"caption":"Suno Not\u00edcias"},"image":{"@id":"https:\/\/www.suno.com.br\/noticias\/#\/schema\/logo\/image\/"},"sameAs":["https:\/\/facebook.com\/sunoresearch","https:\/\/x.com\/sunoresearch","https:\/\/www.instagram.com\/suno","https:\/\/www.linkedin.com\/company\/suno-research\/","https:\/\/www.youtube.com\/c\/sunoresearch"]},{"@type":"Person","@id":"https:\/\/www.suno.com.br\/noticias\/#\/schema\/person\/053a750a709a263919a20f976caae91c","name":"Arthur Guimar\u00e3es","image":{"@type":"ImageObject","inLanguage":"pt-BR","@id":"https:\/\/www.suno.com.br\/noticias\/#\/schema\/person\/image\/","url":"https:\/\/secure.gravatar.com\/avatar\/1affd86a11209ae09eb6dd3bcad3e96c?s=96&r=g","contentUrl":"https:\/\/secure.gravatar.com\/avatar\/1affd86a11209ae09eb6dd3bcad3e96c?s=96&r=g","caption":"Arthur Guimar\u00e3es"},"description":"Arthur Guimar\u00e3es escreve sobre pol\u00edtica, economia e neg\u00f3cios para o portal de not\u00edcias da Suno Research. Atualmente, \u00e9 estudante de jornalismo pela Faculdade C\u00e1sper L\u00edbero.","url":"https:\/\/www.suno.com.br\/noticias\/author\/arthur-guimaraes\/"}]}},"default_loop_html":"<div class=\"cardsPage__listCard__boxs\"><div class=\"cardsPage__listCard__boxs__img\"><a href=\"https:\/\/www.suno.com.br\/noticias\/cvm-nao-feliz-day-trade-mudar-regulamentacao\/\"><img class=\"mask\" src=\"https:\/\/www.suno.com.br\/noticias\/wp-content\/themes\/suno\/resources\/images\/spotlight\/spotlight1img\/bg-mask.png\" alt=\"Image Mask\"\/><img src=\"https:\/\/files.sunoresearch.com.br\/n\/uploads\/2021\/04\/0db0a41c-options-5237248_1280-400x200.webp\" alt=\"CVM n\u00e3o est\u00e1 feliz com day trade e estuda mudar regulamenta\u00e7\u00e3o, diz coluna\"\/><\/a><span class=\"spotlightCategory\"><a href=\"https:\/\/www.suno.com.br\/noticias\/mercado\/\">Mercado<\/a><\/span><\/div><div class=\"cardsPage__listCard__boxs__content\"><a href=\"https:\/\/www.suno.com.br\/noticias\/cvm-nao-feliz-day-trade-mudar-regulamentacao\/\"><h2 class=\"content__title\">CVM n\u00e3o est\u00e1 feliz com day trade e estuda mudar regulamenta\u00e7\u00e3o, diz coluna<\/h2><\/a><div class=\"newsContent__article__meta\"><div class=\"newsContent__article__meta__authorBox\"><a href=\"https:\/\/www.suno.com.br\/noticias\/author\/arthur-guimaraes\/\" class=\"authorBox__avatar noMobi\"><img src=\"https:\/\/files.sunoresearch.com.br\/n\/uploads\/2020\/02\/dfb40897-eu-150x150.webp\" alt=\"Arthur Guimar\u00e3es\"><\/a><div class=\"authorBox__name\"><span>por\n\t\t\t<a href=\"https:\/\/www.suno.com.br\/noticias\/author\/arthur-guimaraes\/\"><span itemprop=\"author\">Arthur Guimar\u00e3es<\/span><\/a><\/span><time datetime=\"2021-04-26T15:10:06-03:00\" itemprop=\"datePublished\">26\/04\/2021 15:10<\/time><\/div><\/div><\/div><\/div><\/div>","single_layout":"posts","amp_enabled":true,"_links":{"self":[{"href":"https:\/\/www.suno.com.br\/noticias\/wp-json\/wp\/v2\/posts\/142290"}],"collection":[{"href":"https:\/\/www.suno.com.br\/noticias\/wp-json\/wp\/v2\/posts"}],"about":[{"href":"https:\/\/www.suno.com.br\/noticias\/wp-json\/wp\/v2\/types\/post"}],"author":[{"embeddable":true,"href":"https:\/\/www.suno.com.br\/noticias\/wp-json\/wp\/v2\/users\/35"}],"replies":[{"embeddable":true,"href":"https:\/\/www.suno.com.br\/noticias\/wp-json\/wp\/v2\/comments?post=142290"}],"version-history":[{"count":2,"href":"https:\/\/www.suno.com.br\/noticias\/wp-json\/wp\/v2\/posts\/142290\/revisions"}],"predecessor-version":[{"id":142508,"href":"https:\/\/www.suno.com.br\/noticias\/wp-json\/wp\/v2\/posts\/142290\/revisions\/142508"}],"wp:featuredmedia":[{"embeddable":true,"href":"https:\/\/www.suno.com.br\/noticias\/wp-json\/wp\/v2\/media\/142295"}],"wp:attachment":[{"href":"https:\/\/www.suno.com.br\/noticias\/wp-json\/wp\/v2\/media?parent=142290"}],"wp:term":[{"taxonomy":"category","embeddable":true,"href":"https:\/\/www.suno.com.br\/noticias\/wp-json\/wp\/v2\/categories?post=142290"},{"taxonomy":"post_tag","embeddable":true,"href":"https:\/\/www.suno.com.br\/noticias\/wp-json\/wp\/v2\/tags?post=142290"},{"taxonomy":"suno_strategy","embeddable":true,"href":"https:\/\/www.suno.com.br\/noticias\/wp-json\/wp\/v2\/suno_strategy?post=142290"}],"curies":[{"name":"wp","href":"https:\/\/api.w.org\/{rel}","templated":true}]}}