{"id":142286,"date":"2021-04-26T14:42:00","date_gmt":"2021-04-26T17:42:00","guid":{"rendered":"https:\/\/www.suno.com.br\/noticias\/?p=142286"},"modified":"2021-04-27T08:51:08","modified_gmt":"2021-04-27T11:51:08","slug":"mercado-espera-crescimento-vale","status":"publish","type":"post","link":"https:\/\/www.suno.com.br\/noticias\/mercado-espera-crescimento-vale\/","title":{"rendered":"Mercado espera forte crescimento da Vale (VALE3) no balan\u00e7o de hoje"},"content":{"rendered":"<p>Beneficiada pela forte demanda externa, d\u00f3lar elevado e a disparada das commodities no mercado internacional, a <strong><a href=\"https:\/\/www.suno.com.br\/acoes\/vale3\/\">Vale <\/a><\/strong><a href=\"https:\/\/www.suno.com.br\/acoes\/vale3\/\">(VALE3) <\/a>deve divulgar nesta segunda-feira (26) balan\u00e7o do primeiro trimestre de 2021 com forte expans\u00e3o na receita e no lucro l\u00edquido. Essa \u00e9 a expectativa do mercado, que prev\u00ea avan\u00e7os significativos nos indicadores frente a igual per\u00edodo de 2020.<\/p>\t<div class=\"wrapper-featured-image\">\n\t\t<figure class=\"spotlightImg\">\n\n\t\t\t<picture>\n\t\t\t\t<source media=\"(max-width: 768px)\" srcset=\"https:\/\/files.sunoresearch.com.br\/n\/uploads\/2021\/03\/324d1a0a-minerio-vale-400x200.webp\">\n\t\t\t\t<img loading=\"lazy\" decoding=\"async\" class=\"newsContent__article__imgCapa lazyloadDisabled \" src=\"https:\/\/files.sunoresearch.com.br\/n\/uploads\/2021\/03\/324d1a0a-minerio-vale-jpg.webp\" width=\"800\" height=\"450\" alt=\"Mercado espera forte crescimento da Vale (VALE3) no balan\u00e7o de hoje\" fetchpriority=high \/>\n\t\t\t<\/picture>\n\n\t\t\t<figcaption class=\"wp-caption-text wp-caption-text--show\">No dia 7 de maio, o min\u00e9rio de ferro teve seu pre\u00e7o recorde registrado, em US$ 202,65 por tonelada - Foto: Pixabay<\/figcaption>\n\t\t<\/figure>\n\t<\/div>\n\n\n<p><span style=\"font-weight: 400;\">\t<p>\n\t\t<a href=\"https:\/\/lp.suno.com.br\/planilha-controle-gastos\/\" target=\"_blank\" data-element=\"shortcode-suno-banner\" title=\"Banner SUNO, clique e saiba mais\">\n\t\t\t<picture>\n\t\t\t\t<source media=\"(max-width: 500px)\" srcset=\"https:\/\/files.sunoresearch.com.br\/n\/uploads\/2023\/03\/400x300-Planilha-controle-de-gastos.png\">\n\t\t\t\t<img class=\"newsContent__article__imgCapa newsContent__article__imgCapa--banner\"\n\t\t\t\t\tsrc=\"https:\/\/files.sunoresearch.com.br\/n\/uploads\/2023\/03\/1420x240-Planilha-controle-de-gastos.png\"\n\t\t\t\t\tdata-promo-id=\"101751\"\t\t\t\t\t\t\t\t\t\twidth='1420' height='240'\t\t\t\t\talt=\"https:\/\/files.sunoresearch.com.br\/n\/uploads\/2023\/03\/1420x240-Planilha-controle-de-gastos.png\"\n\t\t\t\t>\n\t\t\t<\/picture>\n\t\t<\/a>\n\t<\/p>\n\n<\/span><\/p>\n<p>Na semana passada, a empresa divulgou relat\u00f3rio do per\u00edodo entre janeiro e mar\u00e7o deste ano, <a href=\"https:\/\/www.suno.com.br\/noticias\/vale-vale3-cai-producao-frusta-consenso\/\">apontando produ\u00e7\u00e3o de 68 milh\u00f5es de toneladas de min\u00e9rio de ferro<\/a>, alta de 14,2% frente igual per\u00edodo de 2020, mas com baixa de 19% frente ao trimestre imediatamente anterior.<\/p>\n<p>Segundo proje\u00e7\u00f5es da Bloomberg, o lucro l\u00edquido da <strong>mineradora<\/strong> pode chegar a US$ 6,1 bilh\u00f5es no primeiro trimestre de 2021, resultado 25 vezes maior do que o registrado em igual per\u00edodo de 2020.<\/p>\n<p><a href=\"https:\/\/lp.suno.com.br\/suno-one\/?ppp=noticias\/hospital-care-pedido-ipo-cvm\/\"><b>Suno One: acesse gratuitamente eBooks, Minicursos, Artigos e V\u00eddeo Aulas sobre investimentos com um \u00fanico cadastro. Clique para saber mais!<\/b><\/a><\/p>\n<p>An\u00e1lise do Banco Inter segue no mesmo caminho, e a analista Gabriela Joubert aponta que \u201ca companhia deve apresentar um trimestre com resultados fortes e resilientes, impactados pela alta dos pre\u00e7os de min\u00e9rio de ferro nos mercados internacionais, bem como maiores pr\u00eamios pagos por produtos de maior qualidade\u201d.<\/p>\n<p>O Inter projeta<a href=\"https:\/\/www.suno.com.br\/artigos\/o-que-receita-liquida\/\"> receita l\u00edquida<\/a> da Vale em US$ 13,2 bilh\u00f5es, avan\u00e7o de 89,7% frente a igual per\u00edodo de 2020. A maior parte da receita veria do segmento de<a href=\"https:\/\/www.suno.com.br\/artigos\/o-que-commodities\/\"> minerais ferrosos<\/a>, totalizando US$ 11 bilh\u00f5es, eleva\u00e7\u00e3o de 109,1%. A proje\u00e7\u00e3o \u00e9 de que o lucro l\u00edquido alcance US$ 8,6 bilh\u00f5es, 2236% de acr\u00e9scimo em rela\u00e7\u00e3o a igual per\u00edodo do ano passado.<\/p>\n<p>&#8220;A produ\u00e7\u00e3o, apensar da sazonalidade, veio bem forte se comparada com o ano passado. N\u00e3o teremos neste trimestre o impacto das provis\u00f5es com rela\u00e7\u00e3o ao acordo de Brumadinho. Ent\u00e3o devemos ver um Ebitda parecido com o quarto trimestre, que j\u00e1 tinha vindo forte&#8221;, sinaliza Gabriela. O Inter projeta<a href=\"https:\/\/www.suno.com.br\/artigos\/ebitda\/\"> Ebitda<\/a> de US$ 8,5 bilh\u00f5es, alta de 200,4% frente a igual per\u00edodo de 2020 e de 103,8% na compara\u00e7\u00e3o com o trimestre anterior.<\/p>\n<h2>XP mant\u00e9m recomenda\u00e7\u00e3o de compra da Vale<\/h2>\n<p>Diante deste contexto, a XP Investimentos refor\u00e7a a recomenda\u00e7\u00e3o de compra da a\u00e7\u00e3o da Vale. \u201cEsperamos que pre\u00e7os mais altos de min\u00e9rio de ferro (US$167\/tonelada) compensem os volumes sazonalmente mais baixos (72,9 milh\u00f5es de toneladas) no primeiro trimestre de 2021. Em rela\u00e7\u00e3o aos custos, frete e custos de produ\u00e7\u00e3o mais altos podem compensar parcialmente o trimestre mais forte em termos de pre\u00e7os\u201d, apontou em relat\u00f3rio.<\/p>\n<p><span style=\"font-weight: 400;\">\t<p>\n\t\t<a href=\"https:\/\/lp.suno.com.br\/planilha-da-vida-financeira\/\" target=\"_blank\" data-element=\"shortcode-suno-banner\" title=\"Banner SUNO, clique e saiba mais\">\n\t\t\t<picture>\n\t\t\t\t<source media=\"(max-width: 500px)\" srcset=\"https:\/\/files.sunoresearch.com.br\/n\/uploads\/2023\/04\/400x300-Planilha-vida-financeira-true.png\">\n\t\t\t\t<img class=\"newsContent__article__imgCapa newsContent__article__imgCapa--banner\"\n\t\t\t\t\tsrc=\"https:\/\/files.sunoresearch.com.br\/n\/uploads\/2023\/04\/1420x240-Planilha-vida-financeira-true.png\"\n\t\t\t\t\tdata-promo-id=\"106682\"\t\t\t\t\t\t\t\t\t\twidth='1420' height='240'\t\t\t\t\talt=\"https:\/\/files.sunoresearch.com.br\/n\/uploads\/2023\/04\/1420x240-Planilha-vida-financeira-true.png\"\n\t\t\t\t>\n\t\t\t<\/picture>\n\t\t<\/a>\n\t<\/p>\n\n<\/span><\/p>\n<p>A XP espera que a Vale apure receita l\u00edquida de US$ 13,9 bilh\u00f5es, eleva\u00e7\u00e3o de 99,5% frente ao primeiro trimestre de 2020. Al\u00e9m disso, calcula o lucro l\u00edquido em US$ 5,3 bilh\u00f5es, incremento de 2112%.<\/p>\n<p>Com parte expressiva da receita em <strong>d\u00f3lar<\/strong>, a empresa deve se beneficiar da desvaloriza\u00e7\u00e3o do real na obten\u00e7\u00e3o do faturamento do primeiro trimestre. Al\u00e9m disso, o economista da Messem Investimentos, Gustavo Bertotti, lembra que a retomada da economia no Exterior traz a perspectiva de demanda firme para a Vale. \u201cEstados Unidos e Europa est\u00e3o voltando forte para o mercado, sem contar a China. A Vale deve apresentar resultados consistentes e tem uma perspectiva promissora\u201d, enfatiza.<\/p>\n<p>A a\u00e7\u00e3o da <strong>Vale<\/strong> era negociada com alta de 0,54% por volta das 14h40 desta segunda-feira.<\/p>\n<p><span style=\"font-weight: 400;\">\t<p>\n\t\t<a href=\"https:\/\/lp.suno.com.br\/planilha-de-controle-de-investimentos\/\" target=\"_blank\" data-element=\"shortcode-suno-banner\" title=\"Banner SUNO, clique e saiba mais\">\n\t\t\t<picture>\n\t\t\t\t<source media=\"(max-width: 500px)\" srcset=\"https:\/\/files.sunoresearch.com.br\/n\/uploads\/2023\/03\/400x300-Controle-de-Investimentos.png\">\n\t\t\t\t<img class=\"newsContent__article__imgCapa newsContent__article__imgCapa--banner\"\n\t\t\t\t\tsrc=\"https:\/\/files.sunoresearch.com.br\/n\/uploads\/2023\/03\/1420x240-Controle-de-Investimentos.png\"\n\t\t\t\t\tdata-promo-id=\"75934\"\t\t\t\t\t\t\t\t\t\twidth='1420' height='240'\t\t\t\t\talt=\"https:\/\/files.sunoresearch.com.br\/n\/uploads\/2023\/03\/1420x240-Controle-de-Investimentos.png\"\n\t\t\t\t>\n\t\t\t<\/picture>\n\t\t<\/a>\n\t<\/p>\n\n <\/span><\/p>\n","protected":false},"excerpt":{"rendered":"<p>Beneficiada pela forte demanda externa, d\u00f3lar elevado e a disparada das commodities no mercado internacional, a Vale (VALE3) deve divulgar nesta segunda-feira (26) balan\u00e7o do primeiro trimestre de 2021 com forte expans\u00e3o na receita e no lucro l\u00edquido. Essa \u00e9 a expectativa do mercado, que prev\u00ea avan\u00e7os significativos nos indicadores frente a igual per\u00edodo de [&hellip;]<\/p>\n","protected":false},"author":72,"featured_media":136056,"comment_status":"closed","ping_status":"closed","sticky":false,"template":"","format":"standard","meta":[],"categories":[60],"tags":[676],"suno_strategy":[],"class_list":["post-142286","post","type-post","status-publish","format-standard","has-post-thumbnail","hentry","category-mercado","tag-vale-vale3"],"yoast_head":"<!-- This site is optimized with the Yoast SEO plugin v24.4 - https:\/\/yoast.com\/wordpress\/plugins\/seo\/ -->\n<title>Mercado espera forte crescimento da Vale (VALE3) no primeiro trimestre<\/title>\n<meta name=\"description\" content=\"Mercado espera forte crescimento da Vale (VALE3) no primeiro trimestre. Clique aqui e veja as proje\u00e7\u00f5es para a Vale no per\u00edodo.\" \/>\n<meta name=\"robots\" content=\"index, follow, max-snippet:-1, max-image-preview:large, max-video-preview:-1\" \/>\n<link rel=\"canonical\" href=\"https:\/\/www.suno.com.br\/noticias\/mercado-espera-crescimento-vale\/\" \/>\n<meta property=\"og:locale\" content=\"pt_BR\" \/>\n<meta property=\"og:type\" content=\"article\" \/>\n<meta property=\"og:title\" content=\"Mercado espera forte crescimento da Vale (VALE3) no primeiro trimestre\" \/>\n<meta property=\"og:description\" content=\"Mercado espera forte crescimento da Vale (VALE3) no primeiro trimestre. Clique aqui e veja as proje\u00e7\u00f5es para a Vale no per\u00edodo.\" \/>\n<meta property=\"og:url\" content=\"https:\/\/www.suno.com.br\/noticias\/mercado-espera-crescimento-vale\/\" \/>\n<meta property=\"og:site_name\" content=\"Suno Not\u00edcias\" \/>\n<meta property=\"article:publisher\" content=\"https:\/\/facebook.com\/sunoresearch\" \/>\n<meta property=\"og:image\" content=\"https:\/\/files.sunoresearch.com.br\/n\/uploads\/2021\/03\/324d1a0a-minerio-vale.jpg\" \/>\n\t<meta property=\"og:image:width\" content=\"640\" \/>\n\t<meta property=\"og:image:height\" content=\"448\" \/>\n\t<meta property=\"og:image:type\" content=\"image\/jpeg\" \/>\n<meta name=\"author\" content=\"Fernando Soares\" \/>\n<meta name=\"twitter:card\" content=\"summary_large_image\" \/>\n<meta name=\"twitter:creator\" content=\"@sunoresearch\" \/>\n<meta name=\"twitter:site\" content=\"@sunoresearch\" \/>\n<meta name=\"twitter:label1\" content=\"Escrito por\" \/>\n\t<meta name=\"twitter:data1\" content=\"Fernando Soares\" \/>\n\t<meta name=\"twitter:label2\" content=\"Est. tempo de leitura\" \/>\n\t<meta name=\"twitter:data2\" content=\"3 minutos\" \/>\n<script type=\"application\/ld+json\" class=\"yoast-schema-graph\">{\"@context\":\"https:\/\/schema.org\",\"@graph\":[{\"@type\":\"NewsArticle\",\"@id\":\"https:\/\/www.suno.com.br\/noticias\/mercado-espera-crescimento-vale\/#article\",\"isPartOf\":{\"@id\":\"https:\/\/www.suno.com.br\/noticias\/mercado-espera-crescimento-vale\/\"},\"author\":{\"name\":\"Fernando Soares\",\"@id\":\"https:\/\/www.suno.com.br\/noticias\/#\/schema\/person\/31a897b059eab5d0f057de7c5db2416e\"},\"headline\":\"Mercado espera forte crescimento da Vale (VALE3) no balan\u00e7o de hoje\",\"datePublished\":\"2021-04-26T17:42:00+00:00\",\"dateModified\":\"2021-04-27T11:51:08+00:00\",\"mainEntityOfPage\":{\"@id\":\"https:\/\/www.suno.com.br\/noticias\/mercado-espera-crescimento-vale\/\"},\"wordCount\":587,\"publisher\":{\"@id\":\"https:\/\/www.suno.com.br\/noticias\/#organization\"},\"image\":{\"@id\":\"https:\/\/www.suno.com.br\/noticias\/mercado-espera-crescimento-vale\/#primaryimage\"},\"thumbnailUrl\":\"https:\/\/files.sunoresearch.com.br\/n\/uploads\/2021\/03\/324d1a0a-minerio-vale-jpg.webp\",\"keywords\":[\"Vale (VALE3)\"],\"articleSection\":[\"Mercado\"],\"inLanguage\":\"pt-BR\"},{\"@type\":\"WebPage\",\"@id\":\"https:\/\/www.suno.com.br\/noticias\/mercado-espera-crescimento-vale\/\",\"url\":\"https:\/\/www.suno.com.br\/noticias\/mercado-espera-crescimento-vale\/\",\"name\":\"Mercado espera forte crescimento da Vale (VALE3) no primeiro trimestre\",\"isPartOf\":{\"@id\":\"https:\/\/www.suno.com.br\/noticias\/#website\"},\"primaryImageOfPage\":{\"@id\":\"https:\/\/www.suno.com.br\/noticias\/mercado-espera-crescimento-vale\/#primaryimage\"},\"image\":{\"@id\":\"https:\/\/www.suno.com.br\/noticias\/mercado-espera-crescimento-vale\/#primaryimage\"},\"thumbnailUrl\":\"https:\/\/files.sunoresearch.com.br\/n\/uploads\/2021\/03\/324d1a0a-minerio-vale-jpg.webp\",\"datePublished\":\"2021-04-26T17:42:00+00:00\",\"dateModified\":\"2021-04-27T11:51:08+00:00\",\"description\":\"Mercado espera forte crescimento da Vale (VALE3) no primeiro trimestre. Clique aqui e veja as proje\u00e7\u00f5es para a Vale no per\u00edodo.\",\"breadcrumb\":{\"@id\":\"https:\/\/www.suno.com.br\/noticias\/mercado-espera-crescimento-vale\/#breadcrumb\"},\"inLanguage\":\"pt-BR\",\"potentialAction\":[{\"@type\":\"ReadAction\",\"target\":[\"https:\/\/www.suno.com.br\/noticias\/mercado-espera-crescimento-vale\/\"]}]},{\"@type\":\"ImageObject\",\"inLanguage\":\"pt-BR\",\"@id\":\"https:\/\/www.suno.com.br\/noticias\/mercado-espera-crescimento-vale\/#primaryimage\",\"url\":\"https:\/\/files.sunoresearch.com.br\/n\/uploads\/2021\/03\/324d1a0a-minerio-vale-jpg.webp\",\"contentUrl\":\"https:\/\/files.sunoresearch.com.br\/n\/uploads\/2021\/03\/324d1a0a-minerio-vale-jpg.webp\",\"width\":640,\"height\":448,\"caption\":\"No dia 7 de maio, o min\u00e9rio de ferro teve seu pre\u00e7o recorde registrado, em US$ 202,65 por tonelada - Foto: Pixabay\"},{\"@type\":\"BreadcrumbList\",\"@id\":\"https:\/\/www.suno.com.br\/noticias\/mercado-espera-crescimento-vale\/#breadcrumb\",\"itemListElement\":[{\"@type\":\"ListItem\",\"position\":1,\"name\":\"Not\u00edcias\",\"item\":\"https:\/\/www.suno.com.br\/noticias\/\"},{\"@type\":\"ListItem\",\"position\":2,\"name\":\"Mercado\",\"item\":\"https:\/\/www.suno.com.br\/noticias\/mercado\/\"},{\"@type\":\"ListItem\",\"position\":3,\"name\":\"Mercado espera forte crescimento da Vale (VALE3) no balan\u00e7o de hoje\"}]},{\"@type\":\"WebSite\",\"@id\":\"https:\/\/www.suno.com.br\/noticias\/#website\",\"url\":\"https:\/\/www.suno.com.br\/noticias\/\",\"name\":\"Suno Not\u00edcias\",\"description\":\"Seu portal de informa\u00e7\u00e3o sobre o mundo dos investimentos\",\"publisher\":{\"@id\":\"https:\/\/www.suno.com.br\/noticias\/#organization\"},\"potentialAction\":[{\"@type\":\"SearchAction\",\"target\":{\"@type\":\"EntryPoint\",\"urlTemplate\":\"https:\/\/www.suno.com.br\/noticias\/?s={search_term_string}\"},\"query-input\":{\"@type\":\"PropertyValueSpecification\",\"valueRequired\":true,\"valueName\":\"search_term_string\"}}],\"inLanguage\":\"pt-BR\"},{\"@type\":\"Organization\",\"@id\":\"https:\/\/www.suno.com.br\/noticias\/#organization\",\"name\":\"Suno Not\u00edcias\",\"url\":\"https:\/\/www.suno.com.br\/noticias\/\",\"logo\":{\"@type\":\"ImageObject\",\"inLanguage\":\"pt-BR\",\"@id\":\"https:\/\/www.suno.com.br\/noticias\/#\/schema\/logo\/image\/\",\"url\":\"https:\/\/files.sunoresearch.com.br\/n\/uploads\/2021\/09\/suno-logo.png\",\"contentUrl\":\"https:\/\/files.sunoresearch.com.br\/n\/uploads\/2021\/09\/suno-logo.png\",\"width\":180,\"height\":180,\"caption\":\"Suno Not\u00edcias\"},\"image\":{\"@id\":\"https:\/\/www.suno.com.br\/noticias\/#\/schema\/logo\/image\/\"},\"sameAs\":[\"https:\/\/facebook.com\/sunoresearch\",\"https:\/\/x.com\/sunoresearch\",\"https:\/\/www.instagram.com\/suno\",\"https:\/\/www.linkedin.com\/company\/suno-research\/\",\"https:\/\/www.youtube.com\/c\/sunoresearch\"]},{\"@type\":\"Person\",\"@id\":\"https:\/\/www.suno.com.br\/noticias\/#\/schema\/person\/31a897b059eab5d0f057de7c5db2416e\",\"name\":\"Fernando Soares\",\"image\":{\"@type\":\"ImageObject\",\"inLanguage\":\"pt-BR\",\"@id\":\"https:\/\/www.suno.com.br\/noticias\/#\/schema\/person\/image\/\",\"url\":\"https:\/\/secure.gravatar.com\/avatar\/d5a009f17f82a0aa671dd75155d670f0?s=96&r=g\",\"contentUrl\":\"https:\/\/secure.gravatar.com\/avatar\/d5a009f17f82a0aa671dd75155d670f0?s=96&r=g\",\"caption\":\"Fernando Soares\"},\"description\":\"Rep\u00f3rter no Suno Not\u00edcias. Jornalista formado pela Pontif\u00edcia Universidade Cat\u00f3lica do Rio Grande do Sul (PUCRS), mestre em Jornalismo pela Universitat Aut\u00f2noma de Barcelona e MBA em Informa\u00e7\u00f5es Econ\u00f4mico-Financeiras e Mercado de Capitais pela Funda\u00e7\u00e3o Instituto de Administra\u00e7\u00e3o (FIA)\/B3. Trabalhou nas reda\u00e7\u00f5es dos jornais Zero Hora e Pioneiro, do Grupo RBS, e Jornal do Com\u00e9rcio\/RS. Vencedor de 17 pr\u00eamios de jornalismo, entre eles os da Comiss\u00e3o de Valores Mobili\u00e1rios (CVM), da Associa\u00e7\u00e3o Riograndense de Imprensa (ARI) e do Conselho de Economia do RS (Corecon-RS).\",\"url\":\"https:\/\/www.suno.com.br\/noticias\/author\/fernando-soares\/\"}]}<\/script>\n<!-- \/ Yoast SEO plugin. -->","yoast_head_json":{"title":"Mercado espera forte crescimento da Vale (VALE3) no primeiro trimestre","description":"Mercado espera forte crescimento da Vale (VALE3) no primeiro trimestre. Clique aqui e veja as proje\u00e7\u00f5es para a Vale no per\u00edodo.","robots":{"index":"index","follow":"follow","max-snippet":"max-snippet:-1","max-image-preview":"max-image-preview:large","max-video-preview":"max-video-preview:-1"},"canonical":"https:\/\/www.suno.com.br\/noticias\/mercado-espera-crescimento-vale\/","og_locale":"pt_BR","og_type":"article","og_title":"Mercado espera forte crescimento da Vale (VALE3) no primeiro trimestre","og_description":"Mercado espera forte crescimento da Vale (VALE3) no primeiro trimestre. Clique aqui e veja as proje\u00e7\u00f5es para a Vale no per\u00edodo.","og_url":"https:\/\/www.suno.com.br\/noticias\/mercado-espera-crescimento-vale\/","og_site_name":"Suno Not\u00edcias","article_publisher":"https:\/\/facebook.com\/sunoresearch","og_image":[{"width":640,"height":448,"url":"https:\/\/files.sunoresearch.com.br\/n\/uploads\/2021\/03\/324d1a0a-minerio-vale.jpg","type":"image\/jpeg"}],"author":"Fernando Soares","twitter_card":"summary_large_image","twitter_creator":"@sunoresearch","twitter_site":"@sunoresearch","twitter_misc":{"Escrito por":"Fernando Soares","Est. tempo de leitura":"3 minutos"},"schema":{"@context":"https:\/\/schema.org","@graph":[{"@type":"NewsArticle","@id":"https:\/\/www.suno.com.br\/noticias\/mercado-espera-crescimento-vale\/#article","isPartOf":{"@id":"https:\/\/www.suno.com.br\/noticias\/mercado-espera-crescimento-vale\/"},"author":{"name":"Fernando Soares","@id":"https:\/\/www.suno.com.br\/noticias\/#\/schema\/person\/31a897b059eab5d0f057de7c5db2416e"},"headline":"Mercado espera forte crescimento da Vale (VALE3) no balan\u00e7o de hoje","datePublished":"2021-04-26T17:42:00+00:00","dateModified":"2021-04-27T11:51:08+00:00","mainEntityOfPage":{"@id":"https:\/\/www.suno.com.br\/noticias\/mercado-espera-crescimento-vale\/"},"wordCount":587,"publisher":{"@id":"https:\/\/www.suno.com.br\/noticias\/#organization"},"image":{"@id":"https:\/\/www.suno.com.br\/noticias\/mercado-espera-crescimento-vale\/#primaryimage"},"thumbnailUrl":"https:\/\/files.sunoresearch.com.br\/n\/uploads\/2021\/03\/324d1a0a-minerio-vale-jpg.webp","keywords":["Vale (VALE3)"],"articleSection":["Mercado"],"inLanguage":"pt-BR"},{"@type":"WebPage","@id":"https:\/\/www.suno.com.br\/noticias\/mercado-espera-crescimento-vale\/","url":"https:\/\/www.suno.com.br\/noticias\/mercado-espera-crescimento-vale\/","name":"Mercado espera forte crescimento da Vale (VALE3) no primeiro trimestre","isPartOf":{"@id":"https:\/\/www.suno.com.br\/noticias\/#website"},"primaryImageOfPage":{"@id":"https:\/\/www.suno.com.br\/noticias\/mercado-espera-crescimento-vale\/#primaryimage"},"image":{"@id":"https:\/\/www.suno.com.br\/noticias\/mercado-espera-crescimento-vale\/#primaryimage"},"thumbnailUrl":"https:\/\/files.sunoresearch.com.br\/n\/uploads\/2021\/03\/324d1a0a-minerio-vale-jpg.webp","datePublished":"2021-04-26T17:42:00+00:00","dateModified":"2021-04-27T11:51:08+00:00","description":"Mercado espera forte crescimento da Vale (VALE3) no primeiro trimestre. Clique aqui e veja as proje\u00e7\u00f5es para a Vale no per\u00edodo.","breadcrumb":{"@id":"https:\/\/www.suno.com.br\/noticias\/mercado-espera-crescimento-vale\/#breadcrumb"},"inLanguage":"pt-BR","potentialAction":[{"@type":"ReadAction","target":["https:\/\/www.suno.com.br\/noticias\/mercado-espera-crescimento-vale\/"]}]},{"@type":"ImageObject","inLanguage":"pt-BR","@id":"https:\/\/www.suno.com.br\/noticias\/mercado-espera-crescimento-vale\/#primaryimage","url":"https:\/\/files.sunoresearch.com.br\/n\/uploads\/2021\/03\/324d1a0a-minerio-vale-jpg.webp","contentUrl":"https:\/\/files.sunoresearch.com.br\/n\/uploads\/2021\/03\/324d1a0a-minerio-vale-jpg.webp","width":640,"height":448,"caption":"No dia 7 de maio, o min\u00e9rio de ferro teve seu pre\u00e7o recorde registrado, em US$ 202,65 por tonelada - Foto: Pixabay"},{"@type":"BreadcrumbList","@id":"https:\/\/www.suno.com.br\/noticias\/mercado-espera-crescimento-vale\/#breadcrumb","itemListElement":[{"@type":"ListItem","position":1,"name":"Not\u00edcias","item":"https:\/\/www.suno.com.br\/noticias\/"},{"@type":"ListItem","position":2,"name":"Mercado","item":"https:\/\/www.suno.com.br\/noticias\/mercado\/"},{"@type":"ListItem","position":3,"name":"Mercado espera forte crescimento da Vale (VALE3) no balan\u00e7o de hoje"}]},{"@type":"WebSite","@id":"https:\/\/www.suno.com.br\/noticias\/#website","url":"https:\/\/www.suno.com.br\/noticias\/","name":"Suno Not\u00edcias","description":"Seu portal de informa\u00e7\u00e3o sobre o mundo dos investimentos","publisher":{"@id":"https:\/\/www.suno.com.br\/noticias\/#organization"},"potentialAction":[{"@type":"SearchAction","target":{"@type":"EntryPoint","urlTemplate":"https:\/\/www.suno.com.br\/noticias\/?s={search_term_string}"},"query-input":{"@type":"PropertyValueSpecification","valueRequired":true,"valueName":"search_term_string"}}],"inLanguage":"pt-BR"},{"@type":"Organization","@id":"https:\/\/www.suno.com.br\/noticias\/#organization","name":"Suno Not\u00edcias","url":"https:\/\/www.suno.com.br\/noticias\/","logo":{"@type":"ImageObject","inLanguage":"pt-BR","@id":"https:\/\/www.suno.com.br\/noticias\/#\/schema\/logo\/image\/","url":"https:\/\/files.sunoresearch.com.br\/n\/uploads\/2021\/09\/suno-logo.png","contentUrl":"https:\/\/files.sunoresearch.com.br\/n\/uploads\/2021\/09\/suno-logo.png","width":180,"height":180,"caption":"Suno Not\u00edcias"},"image":{"@id":"https:\/\/www.suno.com.br\/noticias\/#\/schema\/logo\/image\/"},"sameAs":["https:\/\/facebook.com\/sunoresearch","https:\/\/x.com\/sunoresearch","https:\/\/www.instagram.com\/suno","https:\/\/www.linkedin.com\/company\/suno-research\/","https:\/\/www.youtube.com\/c\/sunoresearch"]},{"@type":"Person","@id":"https:\/\/www.suno.com.br\/noticias\/#\/schema\/person\/31a897b059eab5d0f057de7c5db2416e","name":"Fernando Soares","image":{"@type":"ImageObject","inLanguage":"pt-BR","@id":"https:\/\/www.suno.com.br\/noticias\/#\/schema\/person\/image\/","url":"https:\/\/secure.gravatar.com\/avatar\/d5a009f17f82a0aa671dd75155d670f0?s=96&r=g","contentUrl":"https:\/\/secure.gravatar.com\/avatar\/d5a009f17f82a0aa671dd75155d670f0?s=96&r=g","caption":"Fernando Soares"},"description":"Rep\u00f3rter no Suno Not\u00edcias. Jornalista formado pela Pontif\u00edcia Universidade Cat\u00f3lica do Rio Grande do Sul (PUCRS), mestre em Jornalismo pela Universitat Aut\u00f2noma de Barcelona e MBA em Informa\u00e7\u00f5es Econ\u00f4mico-Financeiras e Mercado de Capitais pela Funda\u00e7\u00e3o Instituto de Administra\u00e7\u00e3o (FIA)\/B3. Trabalhou nas reda\u00e7\u00f5es dos jornais Zero Hora e Pioneiro, do Grupo RBS, e Jornal do Com\u00e9rcio\/RS. Vencedor de 17 pr\u00eamios de jornalismo, entre eles os da Comiss\u00e3o de Valores Mobili\u00e1rios (CVM), da Associa\u00e7\u00e3o Riograndense de Imprensa (ARI) e do Conselho de Economia do RS (Corecon-RS).","url":"https:\/\/www.suno.com.br\/noticias\/author\/fernando-soares\/"}]}},"default_loop_html":"<div class=\"cardsPage__listCard__boxs\"><div class=\"cardsPage__listCard__boxs__img\"><a href=\"https:\/\/www.suno.com.br\/noticias\/mercado-espera-crescimento-vale\/\"><img class=\"mask\" src=\"https:\/\/www.suno.com.br\/noticias\/wp-content\/themes\/suno\/resources\/images\/spotlight\/spotlight1img\/bg-mask.png\" alt=\"Image Mask\"\/><img src=\"https:\/\/files.sunoresearch.com.br\/n\/uploads\/2021\/03\/324d1a0a-minerio-vale-400x200.webp\" alt=\"Mercado espera forte crescimento da Vale (VALE3) no balan\u00e7o de hoje\"\/><\/a><span class=\"spotlightCategory\"><a href=\"https:\/\/www.suno.com.br\/noticias\/mercado\/\">Mercado<\/a><\/span><\/div><div class=\"cardsPage__listCard__boxs__content\"><a href=\"https:\/\/www.suno.com.br\/noticias\/mercado-espera-crescimento-vale\/\"><h2 class=\"content__title\">Mercado espera forte crescimento da Vale (VALE3) no balan\u00e7o de hoje<\/h2><\/a><div class=\"newsContent__article__meta\"><div class=\"newsContent__article__meta__authorBox\"><a href=\"https:\/\/www.suno.com.br\/noticias\/author\/fernando-soares\/\" class=\"authorBox__avatar noMobi\"><img src=\"https:\/\/files.sunoresearch.com.br\/n\/uploads\/2021\/04\/260ff3a8-img-1391-150x150.webp\" alt=\"Fernando Soares\"><\/a><div class=\"authorBox__name\"><span>por\n\t\t\t<a href=\"https:\/\/www.suno.com.br\/noticias\/author\/fernando-soares\/\"><span itemprop=\"author\">Fernando Soares<\/span><\/a><\/span><time datetime=\"2021-04-26T14:42:00-03:00\" itemprop=\"datePublished\">26\/04\/2021 14:42<\/time><\/div><\/div><\/div><\/div><\/div>","single_layout":"posts","amp_enabled":true,"_links":{"self":[{"href":"https:\/\/www.suno.com.br\/noticias\/wp-json\/wp\/v2\/posts\/142286"}],"collection":[{"href":"https:\/\/www.suno.com.br\/noticias\/wp-json\/wp\/v2\/posts"}],"about":[{"href":"https:\/\/www.suno.com.br\/noticias\/wp-json\/wp\/v2\/types\/post"}],"author":[{"embeddable":true,"href":"https:\/\/www.suno.com.br\/noticias\/wp-json\/wp\/v2\/users\/72"}],"replies":[{"embeddable":true,"href":"https:\/\/www.suno.com.br\/noticias\/wp-json\/wp\/v2\/comments?post=142286"}],"version-history":[{"count":4,"href":"https:\/\/www.suno.com.br\/noticias\/wp-json\/wp\/v2\/posts\/142286\/revisions"}],"predecessor-version":[{"id":142543,"href":"https:\/\/www.suno.com.br\/noticias\/wp-json\/wp\/v2\/posts\/142286\/revisions\/142543"}],"wp:featuredmedia":[{"embeddable":true,"href":"https:\/\/www.suno.com.br\/noticias\/wp-json\/wp\/v2\/media\/136056"}],"wp:attachment":[{"href":"https:\/\/www.suno.com.br\/noticias\/wp-json\/wp\/v2\/media?parent=142286"}],"wp:term":[{"taxonomy":"category","embeddable":true,"href":"https:\/\/www.suno.com.br\/noticias\/wp-json\/wp\/v2\/categories?post=142286"},{"taxonomy":"post_tag","embeddable":true,"href":"https:\/\/www.suno.com.br\/noticias\/wp-json\/wp\/v2\/tags?post=142286"},{"taxonomy":"suno_strategy","embeddable":true,"href":"https:\/\/www.suno.com.br\/noticias\/wp-json\/wp\/v2\/suno_strategy?post=142286"}],"curies":[{"name":"wp","href":"https:\/\/api.w.org\/{rel}","templated":true}]}}