{"id":142245,"date":"2021-04-26T12:55:20","date_gmt":"2021-04-26T15:55:20","guid":{"rendered":"https:\/\/www.suno.com.br\/noticias\/?p=142245"},"modified":"2021-04-26T12:55:20","modified_gmt":"2021-04-26T15:55:20","slug":"cedae-suspende-leilao-privatizacao","status":"publish","type":"post","link":"https:\/\/www.suno.com.br\/noticias\/cedae-suspende-leilao-privatizacao\/","title":{"rendered":"Cedae: TRT-Rio suspende leil\u00e3o de privatiza\u00e7\u00e3o que aconteceria nesta semana"},"content":{"rendered":"<p>O Tribunal Regional do Trabalho do Rio de Janeiro (TRT-Rio) suspendeu o leil\u00e3o de privatiza\u00e7\u00e3o da Companhia Estadual de \u00c1guas e Esgotos do Estado (<strong>Cedae<\/strong>). O leil\u00e3o estava marcado para acontecer na sexta-feira (30) na <a href=\"https:\/\/www.suno.com.br\/artigos\/b3\/\">Bolsa de Valores de S\u00e3o (B3)<\/a>\u00a0e tinha como objetivo atrair as principais empresas de saneamento do Pa\u00eds.<\/p>\t<div class=\"wrapper-featured-image\">\n\t\t<figure class=\"spotlightImg\">\n\n\t\t\t<picture>\n\t\t\t\t<source media=\"(max-width: 768px)\" srcset=\"https:\/\/files.sunoresearch.com.br\/n\/uploads\/2021\/04\/413dca4c-cedae--400x200.webp\">\n\t\t\t\t<img loading=\"lazy\" decoding=\"async\" class=\"newsContent__article__imgCapa lazyloadDisabled \" src=\"https:\/\/files.sunoresearch.com.br\/n\/uploads\/2021\/04\/413dca4c-cedae--800x450.webp\" width=\"800\" height=\"450\" alt=\"Cedae: TRT-Rio suspende leil\u00e3o de privatiza\u00e7\u00e3o que aconteceria nesta semana\" fetchpriority=high \/>\n\t\t\t<\/picture>\n\n\t\t\t<figcaption class=\"wp-caption-text wp-caption-text--show\">Cedae  - Foto: Reprodu\u00e7\u00e3o Facebook<\/figcaption>\n\t\t<\/figure>\n\t<\/div>\n\n\n\t<p>\n\t\t<a href=\"https:\/\/lp.suno.com.br\/planilha-controle-gastos\/\" target=\"_blank\" data-element=\"shortcode-suno-banner\" title=\"Banner SUNO, clique e saiba mais\">\n\t\t\t<picture>\n\t\t\t\t<source media=\"(max-width: 500px)\" srcset=\"https:\/\/files.sunoresearch.com.br\/n\/uploads\/2023\/03\/400x300-Planilha-controle-de-gastos.png\">\n\t\t\t\t<img class=\"newsContent__article__imgCapa newsContent__article__imgCapa--banner\"\n\t\t\t\t\tsrc=\"https:\/\/files.sunoresearch.com.br\/n\/uploads\/2023\/03\/1420x240-Planilha-controle-de-gastos.png\"\n\t\t\t\t\tdata-promo-id=\"101751\"\t\t\t\t\t\t\t\t\t\twidth='1420' height='240'\t\t\t\t\talt=\"https:\/\/files.sunoresearch.com.br\/n\/uploads\/2023\/03\/1420x240-Planilha-controle-de-gastos.png\"\n\t\t\t\t>\n\t\t\t<\/picture>\n\t\t<\/a>\n\t<\/p>\n\n\n<p>A suspens\u00e3o aconteceu ap\u00f3s os sindicatos que representam os trabalhadores da Cedae conseguirem uma <strong>liminar<\/strong> no TRT-Rio que suspendesse o leil\u00e3o. O advogado representante, Marcus Neves, afirmou ao jornal <em>O Globo<\/em> que a decis\u00e3o se baseia na <strong>demiss\u00e3o<\/strong> de mais de quatro mil <strong>trabalhadores<\/strong>.<\/p>\n<p><a href=\"https:\/\/lp.suno.com.br\/suno-one\/\">Suno One: acesse gratuitamente eBooks, Minicursos, Artigos e V\u00eddeo Aulas sobre investimentos com um \u00fanico cadastro. Clique para saber mais!<\/a><\/p>\n<p>Neves aponta que n\u00e3o houve um estudo circunstanciado dos efeitos socioecon\u00f4micos desta demiss\u00e3o em massa no <strong>Rio de Janeiro<\/strong>.<\/p>\n<p>&#8220;Os funcion\u00e1rio ficar\u00e3o desempregados sem nenhum plano de conting\u00eancia. Ningu\u00e9m discute a privatiza\u00e7\u00e3o que o governo quer fazer com a demiss\u00e3o de 80% dos funcion\u00e1rios&#8221;, disse o advogado ao jornal.<\/p>\n<p>O leil\u00e3o, que iria acontecer nesta semana, tinha o intuito de que as empresas formassem cons\u00f3rcios com fundos de investimento para viabilizarem suas ofertas, uma vez que os valores m\u00ednimos exigidos pelo <strong>governo estadual<\/strong> para que as concess\u00f5es sejam repassadas \u00e0 iniciativa privada (outorga) eram bem altos.<\/p>\n<p>Entre as empresas que est\u00e3o avaliando apresentar propostas est\u00e1 a <strong>BRK<\/strong>, <strong>Aegea<\/strong>, <strong>\u00c1guas do Brasil<\/strong> e<a href=\"https:\/\/www.suno.com.br\/acoes\/sbsp3\/\"><strong> Sabesp (SBSP3)<\/strong><\/a>.<\/p>\n<h2>Concess\u00e3o da Cedae deve gerar R$ 40 bilh\u00f5es em receitas<\/h2>\n<p>A concess\u00e3o da Cedae deve gerar R$ 40 bilh\u00f5es em <a href=\"https:\/\/www.suno.com.br\/artigos\/receita-total\/#:~:text=A%20receita%20total%20de%20uma,por%20ela%20pela%20quantidade%20vendida.\">receitas<\/a>, no maior projeto de infraestrutura do Brasil. De acordo com dados da Associa\u00e7\u00e3o Brasileira das Concession\u00e1rias Privadas de Servi\u00e7os P\u00fablicos de \u00c1gua e Esgoto <strong>(Abcon),<\/strong> com a <strong>concess\u00e3o da Cedae,<\/strong> a popula\u00e7\u00e3o brasileira atendida pelo <a href=\"https:\/\/www.suno.com.br\/artigos\/iniciativa-privada\/\">setor privado<\/a> deve aumentar em 40%. Atualmente essa parcela \u00e9 de 34,1 milh\u00f5es de brasileiros.<\/p>\n\t<div data-element=\"shortcode-read-more\" class=\"knowMore\">\n\t\t\t\t<span class=\"knowMore__title\">Saiba Mais<\/span>\n\t\t\t\t<a class=\"knowMore__link\" href=\"https:\/\/www.suno.com.br\/noticias\/concessao-cedae-gerar-40-bilhoes\/\">\n\t\t\tConcess\u00e3o da Cedae deve gerar R$ 40 bilh\u00f5es em receitas\t\t<\/a>\n\t<\/div>\n\n\n<p>Al\u00e9m disso, a previs\u00e3o de investimentos inclui R$ 30 bilh\u00f5es em obras e R$ 10,6 bilh\u00f5es em taxas de outorga, cobradas pelos governos para conceder os servi\u00e7os da <strong>Cedae<\/strong>. Leva quem oferecer a maior outorga.<\/p>\n\t<p>\n\t\t<a href=\"https:\/\/lp.suno.com.br\/planilha-da-vida-financeira\/\" target=\"_blank\" data-element=\"shortcode-suno-banner\" title=\"Banner SUNO, clique e saiba mais\">\n\t\t\t<picture>\n\t\t\t\t<source media=\"(max-width: 500px)\" srcset=\"https:\/\/files.sunoresearch.com.br\/n\/uploads\/2023\/04\/400x300-Planilha-vida-financeira-true.png\">\n\t\t\t\t<img class=\"newsContent__article__imgCapa newsContent__article__imgCapa--banner\"\n\t\t\t\t\tsrc=\"https:\/\/files.sunoresearch.com.br\/n\/uploads\/2023\/04\/1420x240-Planilha-vida-financeira-true.png\"\n\t\t\t\t\tdata-promo-id=\"106682\"\t\t\t\t\t\t\t\t\t\twidth='1420' height='240'\t\t\t\t\talt=\"https:\/\/files.sunoresearch.com.br\/n\/uploads\/2023\/04\/1420x240-Planilha-vida-financeira-true.png\"\n\t\t\t\t>\n\t\t\t<\/picture>\n\t\t<\/a>\n\t<\/p>\n\n\n","protected":false},"excerpt":{"rendered":"<p>O Tribunal Regional do Trabalho do Rio de Janeiro (TRT-Rio) suspendeu o leil\u00e3o de privatiza\u00e7\u00e3o da Companhia Estadual de \u00c1guas e Esgotos do Estado (Cedae). O leil\u00e3o estava marcado para acontecer na sexta-feira (30) na Bolsa de Valores de S\u00e3o (B3)\u00a0e tinha como objetivo atrair as principais empresas de saneamento do Pa\u00eds. Cedae &#8211; Foto: [&hellip;]<\/p>\n","protected":false},"author":15,"featured_media":142261,"comment_status":"closed","ping_status":"closed","sticky":false,"template":"","format":"standard","meta":[],"categories":[64],"tags":[95241,945],"suno_strategy":[],"class_list":["post-142245","post","type-post","status-publish","format-standard","has-post-thumbnail","hentry","category-negocios","tag-cedae","tag-privatizacoes"],"yoast_head":"<!-- This site is optimized with the Yoast SEO plugin v24.4 - https:\/\/yoast.com\/wordpress\/plugins\/seo\/ -->\n<title>Cedae: TRT-Rio suspende leil\u00e3o de privatiza\u00e7\u00e3o que aconteceria na sexta<\/title>\n<meta name=\"description\" content=\"O Tribunal Regional do Trabalho do Rio de Janeiro (TRT-Rio) suspendeu o leil\u00e3o de privatiza\u00e7\u00e3o da Cedae. Para saber mais clique aqui.\" \/>\n<meta name=\"robots\" content=\"index, follow, max-snippet:-1, max-image-preview:large, max-video-preview:-1\" \/>\n<link rel=\"canonical\" href=\"https:\/\/www.suno.com.br\/noticias\/cedae-suspende-leilao-privatizacao\/\" \/>\n<meta property=\"og:locale\" content=\"pt_BR\" \/>\n<meta property=\"og:type\" content=\"article\" \/>\n<meta property=\"og:title\" content=\"Cedae: TRT-Rio suspende leil\u00e3o de privatiza\u00e7\u00e3o que aconteceria na sexta\" \/>\n<meta property=\"og:description\" content=\"O Tribunal Regional do Trabalho do Rio de Janeiro (TRT-Rio) suspendeu o leil\u00e3o de privatiza\u00e7\u00e3o da Cedae. Para saber mais clique aqui.\" \/>\n<meta property=\"og:url\" content=\"https:\/\/www.suno.com.br\/noticias\/cedae-suspende-leilao-privatizacao\/\" \/>\n<meta property=\"og:site_name\" content=\"Suno Not\u00edcias\" \/>\n<meta property=\"article:publisher\" content=\"https:\/\/facebook.com\/sunoresearch\" \/>\n<meta property=\"og:image\" content=\"https:\/\/files.sunoresearch.com.br\/n\/uploads\/2021\/04\/413dca4c-cedae-.jpg\" \/>\n\t<meta property=\"og:image:width\" content=\"2048\" \/>\n\t<meta property=\"og:image:height\" content=\"1365\" \/>\n\t<meta property=\"og:image:type\" content=\"image\/jpeg\" \/>\n<meta name=\"author\" content=\"Poliana Santos\" \/>\n<meta name=\"twitter:card\" content=\"summary_large_image\" \/>\n<meta name=\"twitter:creator\" content=\"@sunoresearch\" \/>\n<meta name=\"twitter:site\" content=\"@sunoresearch\" \/>\n<meta name=\"twitter:label1\" content=\"Escrito por\" \/>\n\t<meta name=\"twitter:data1\" content=\"Poliana Santos\" \/>\n\t<meta name=\"twitter:label2\" content=\"Est. tempo de leitura\" \/>\n\t<meta name=\"twitter:data2\" content=\"2 minutos\" \/>\n<script type=\"application\/ld+json\" class=\"yoast-schema-graph\">{\"@context\":\"https:\/\/schema.org\",\"@graph\":[{\"@type\":\"NewsArticle\",\"@id\":\"https:\/\/www.suno.com.br\/noticias\/cedae-suspende-leilao-privatizacao\/#article\",\"isPartOf\":{\"@id\":\"https:\/\/www.suno.com.br\/noticias\/cedae-suspende-leilao-privatizacao\/\"},\"author\":{\"name\":\"Poliana Santos\",\"@id\":\"https:\/\/www.suno.com.br\/noticias\/#\/schema\/person\/02ec1f752758247878a2bf4abee1aeda\"},\"headline\":\"Cedae: TRT-Rio suspende leil\u00e3o de privatiza\u00e7\u00e3o que aconteceria nesta semana\",\"datePublished\":\"2021-04-26T15:55:20+00:00\",\"mainEntityOfPage\":{\"@id\":\"https:\/\/www.suno.com.br\/noticias\/cedae-suspende-leilao-privatizacao\/\"},\"wordCount\":394,\"publisher\":{\"@id\":\"https:\/\/www.suno.com.br\/noticias\/#organization\"},\"image\":{\"@id\":\"https:\/\/www.suno.com.br\/noticias\/cedae-suspende-leilao-privatizacao\/#primaryimage\"},\"thumbnailUrl\":\"https:\/\/files.sunoresearch.com.br\/n\/uploads\/2021\/04\/413dca4c-cedae--jpg.webp\",\"keywords\":[\"cedae\",\"privatiza\u00e7\u00f5es\"],\"articleSection\":[\"Neg\u00f3cios\"],\"inLanguage\":\"pt-BR\"},{\"@type\":\"WebPage\",\"@id\":\"https:\/\/www.suno.com.br\/noticias\/cedae-suspende-leilao-privatizacao\/\",\"url\":\"https:\/\/www.suno.com.br\/noticias\/cedae-suspende-leilao-privatizacao\/\",\"name\":\"Cedae: TRT-Rio suspende leil\u00e3o de privatiza\u00e7\u00e3o que aconteceria na sexta\",\"isPartOf\":{\"@id\":\"https:\/\/www.suno.com.br\/noticias\/#website\"},\"primaryImageOfPage\":{\"@id\":\"https:\/\/www.suno.com.br\/noticias\/cedae-suspende-leilao-privatizacao\/#primaryimage\"},\"image\":{\"@id\":\"https:\/\/www.suno.com.br\/noticias\/cedae-suspende-leilao-privatizacao\/#primaryimage\"},\"thumbnailUrl\":\"https:\/\/files.sunoresearch.com.br\/n\/uploads\/2021\/04\/413dca4c-cedae--jpg.webp\",\"datePublished\":\"2021-04-26T15:55:20+00:00\",\"description\":\"O Tribunal Regional do Trabalho do Rio de Janeiro (TRT-Rio) suspendeu o leil\u00e3o de privatiza\u00e7\u00e3o da Cedae. Para saber mais clique aqui.\",\"breadcrumb\":{\"@id\":\"https:\/\/www.suno.com.br\/noticias\/cedae-suspende-leilao-privatizacao\/#breadcrumb\"},\"inLanguage\":\"pt-BR\",\"potentialAction\":[{\"@type\":\"ReadAction\",\"target\":[\"https:\/\/www.suno.com.br\/noticias\/cedae-suspende-leilao-privatizacao\/\"]}]},{\"@type\":\"ImageObject\",\"inLanguage\":\"pt-BR\",\"@id\":\"https:\/\/www.suno.com.br\/noticias\/cedae-suspende-leilao-privatizacao\/#primaryimage\",\"url\":\"https:\/\/files.sunoresearch.com.br\/n\/uploads\/2021\/04\/413dca4c-cedae--jpg.webp\",\"contentUrl\":\"https:\/\/files.sunoresearch.com.br\/n\/uploads\/2021\/04\/413dca4c-cedae--jpg.webp\",\"width\":2048,\"height\":1365,\"caption\":\"Cedae - Foto: Reprodu\u00e7\u00e3o Facebook\"},{\"@type\":\"BreadcrumbList\",\"@id\":\"https:\/\/www.suno.com.br\/noticias\/cedae-suspende-leilao-privatizacao\/#breadcrumb\",\"itemListElement\":[{\"@type\":\"ListItem\",\"position\":1,\"name\":\"Not\u00edcias\",\"item\":\"https:\/\/www.suno.com.br\/noticias\/\"},{\"@type\":\"ListItem\",\"position\":2,\"name\":\"Neg\u00f3cios\",\"item\":\"https:\/\/www.suno.com.br\/noticias\/negocios\/\"},{\"@type\":\"ListItem\",\"position\":3,\"name\":\"Cedae: TRT-Rio suspende leil\u00e3o de privatiza\u00e7\u00e3o que aconteceria nesta semana\"}]},{\"@type\":\"WebSite\",\"@id\":\"https:\/\/www.suno.com.br\/noticias\/#website\",\"url\":\"https:\/\/www.suno.com.br\/noticias\/\",\"name\":\"Suno Not\u00edcias\",\"description\":\"Seu portal de informa\u00e7\u00e3o sobre o mundo dos investimentos\",\"publisher\":{\"@id\":\"https:\/\/www.suno.com.br\/noticias\/#organization\"},\"potentialAction\":[{\"@type\":\"SearchAction\",\"target\":{\"@type\":\"EntryPoint\",\"urlTemplate\":\"https:\/\/www.suno.com.br\/noticias\/?s={search_term_string}\"},\"query-input\":{\"@type\":\"PropertyValueSpecification\",\"valueRequired\":true,\"valueName\":\"search_term_string\"}}],\"inLanguage\":\"pt-BR\"},{\"@type\":\"Organization\",\"@id\":\"https:\/\/www.suno.com.br\/noticias\/#organization\",\"name\":\"Suno Not\u00edcias\",\"url\":\"https:\/\/www.suno.com.br\/noticias\/\",\"logo\":{\"@type\":\"ImageObject\",\"inLanguage\":\"pt-BR\",\"@id\":\"https:\/\/www.suno.com.br\/noticias\/#\/schema\/logo\/image\/\",\"url\":\"https:\/\/files.sunoresearch.com.br\/n\/uploads\/2021\/09\/suno-logo.png\",\"contentUrl\":\"https:\/\/files.sunoresearch.com.br\/n\/uploads\/2021\/09\/suno-logo.png\",\"width\":180,\"height\":180,\"caption\":\"Suno Not\u00edcias\"},\"image\":{\"@id\":\"https:\/\/www.suno.com.br\/noticias\/#\/schema\/logo\/image\/\"},\"sameAs\":[\"https:\/\/facebook.com\/sunoresearch\",\"https:\/\/x.com\/sunoresearch\",\"https:\/\/www.instagram.com\/suno\",\"https:\/\/www.linkedin.com\/company\/suno-research\/\",\"https:\/\/www.youtube.com\/c\/sunoresearch\"]},{\"@type\":\"Person\",\"@id\":\"https:\/\/www.suno.com.br\/noticias\/#\/schema\/person\/02ec1f752758247878a2bf4abee1aeda\",\"name\":\"Poliana Santos\",\"image\":{\"@type\":\"ImageObject\",\"inLanguage\":\"pt-BR\",\"@id\":\"https:\/\/www.suno.com.br\/noticias\/#\/schema\/person\/image\/\",\"url\":\"https:\/\/secure.gravatar.com\/avatar\/0645bd32f23d87b2130f2b2dff1d3f8d?s=96&r=g\",\"contentUrl\":\"https:\/\/secure.gravatar.com\/avatar\/0645bd32f23d87b2130f2b2dff1d3f8d?s=96&r=g\",\"caption\":\"Poliana Santos\"},\"description\":\"Rep\u00f3rter no Suno Not\u00edcias, com cobertura em mercado financeiro, economia, finan\u00e7as pessoais, renda fixa e varejo. Jornalista formada pela Faculdade C\u00e1sper L\u00edbero e possui passagem na R\u00e1dio Gazeta AM com a produ\u00e7\u00e3o de conte\u00fado sobre economia, pol\u00edtica, sa\u00fade, moda e m\u00fasica. Possui certificado de conclus\u00e3o do curso de An\u00e1lise de Balan\u00e7os pela Funda\u00e7\u00e3o Bradesco, Agenda Brasil pela FAAP, Educa\u00e7\u00e3o Pol\u00edtica por Alexandre Garcia e do Tesouro Direto e Mercado de A\u00e7\u00f5es pela B3.\",\"url\":\"https:\/\/www.suno.com.br\/noticias\/author\/poliana-santos\/\"}]}<\/script>\n<!-- \/ Yoast SEO plugin. -->","yoast_head_json":{"title":"Cedae: TRT-Rio suspende leil\u00e3o de privatiza\u00e7\u00e3o que aconteceria na sexta","description":"O Tribunal Regional do Trabalho do Rio de Janeiro (TRT-Rio) suspendeu o leil\u00e3o de privatiza\u00e7\u00e3o da Cedae. Para saber mais clique aqui.","robots":{"index":"index","follow":"follow","max-snippet":"max-snippet:-1","max-image-preview":"max-image-preview:large","max-video-preview":"max-video-preview:-1"},"canonical":"https:\/\/www.suno.com.br\/noticias\/cedae-suspende-leilao-privatizacao\/","og_locale":"pt_BR","og_type":"article","og_title":"Cedae: TRT-Rio suspende leil\u00e3o de privatiza\u00e7\u00e3o que aconteceria na sexta","og_description":"O Tribunal Regional do Trabalho do Rio de Janeiro (TRT-Rio) suspendeu o leil\u00e3o de privatiza\u00e7\u00e3o da Cedae. Para saber mais clique aqui.","og_url":"https:\/\/www.suno.com.br\/noticias\/cedae-suspende-leilao-privatizacao\/","og_site_name":"Suno Not\u00edcias","article_publisher":"https:\/\/facebook.com\/sunoresearch","og_image":[{"width":2048,"height":1365,"url":"https:\/\/files.sunoresearch.com.br\/n\/uploads\/2021\/04\/413dca4c-cedae-.jpg","type":"image\/jpeg"}],"author":"Poliana Santos","twitter_card":"summary_large_image","twitter_creator":"@sunoresearch","twitter_site":"@sunoresearch","twitter_misc":{"Escrito por":"Poliana Santos","Est. tempo de leitura":"2 minutos"},"schema":{"@context":"https:\/\/schema.org","@graph":[{"@type":"NewsArticle","@id":"https:\/\/www.suno.com.br\/noticias\/cedae-suspende-leilao-privatizacao\/#article","isPartOf":{"@id":"https:\/\/www.suno.com.br\/noticias\/cedae-suspende-leilao-privatizacao\/"},"author":{"name":"Poliana Santos","@id":"https:\/\/www.suno.com.br\/noticias\/#\/schema\/person\/02ec1f752758247878a2bf4abee1aeda"},"headline":"Cedae: TRT-Rio suspende leil\u00e3o de privatiza\u00e7\u00e3o que aconteceria nesta semana","datePublished":"2021-04-26T15:55:20+00:00","mainEntityOfPage":{"@id":"https:\/\/www.suno.com.br\/noticias\/cedae-suspende-leilao-privatizacao\/"},"wordCount":394,"publisher":{"@id":"https:\/\/www.suno.com.br\/noticias\/#organization"},"image":{"@id":"https:\/\/www.suno.com.br\/noticias\/cedae-suspende-leilao-privatizacao\/#primaryimage"},"thumbnailUrl":"https:\/\/files.sunoresearch.com.br\/n\/uploads\/2021\/04\/413dca4c-cedae--jpg.webp","keywords":["cedae","privatiza\u00e7\u00f5es"],"articleSection":["Neg\u00f3cios"],"inLanguage":"pt-BR"},{"@type":"WebPage","@id":"https:\/\/www.suno.com.br\/noticias\/cedae-suspende-leilao-privatizacao\/","url":"https:\/\/www.suno.com.br\/noticias\/cedae-suspende-leilao-privatizacao\/","name":"Cedae: TRT-Rio suspende leil\u00e3o de privatiza\u00e7\u00e3o que aconteceria na sexta","isPartOf":{"@id":"https:\/\/www.suno.com.br\/noticias\/#website"},"primaryImageOfPage":{"@id":"https:\/\/www.suno.com.br\/noticias\/cedae-suspende-leilao-privatizacao\/#primaryimage"},"image":{"@id":"https:\/\/www.suno.com.br\/noticias\/cedae-suspende-leilao-privatizacao\/#primaryimage"},"thumbnailUrl":"https:\/\/files.sunoresearch.com.br\/n\/uploads\/2021\/04\/413dca4c-cedae--jpg.webp","datePublished":"2021-04-26T15:55:20+00:00","description":"O Tribunal Regional do Trabalho do Rio de Janeiro (TRT-Rio) suspendeu o leil\u00e3o de privatiza\u00e7\u00e3o da Cedae. Para saber mais clique aqui.","breadcrumb":{"@id":"https:\/\/www.suno.com.br\/noticias\/cedae-suspende-leilao-privatizacao\/#breadcrumb"},"inLanguage":"pt-BR","potentialAction":[{"@type":"ReadAction","target":["https:\/\/www.suno.com.br\/noticias\/cedae-suspende-leilao-privatizacao\/"]}]},{"@type":"ImageObject","inLanguage":"pt-BR","@id":"https:\/\/www.suno.com.br\/noticias\/cedae-suspende-leilao-privatizacao\/#primaryimage","url":"https:\/\/files.sunoresearch.com.br\/n\/uploads\/2021\/04\/413dca4c-cedae--jpg.webp","contentUrl":"https:\/\/files.sunoresearch.com.br\/n\/uploads\/2021\/04\/413dca4c-cedae--jpg.webp","width":2048,"height":1365,"caption":"Cedae - Foto: Reprodu\u00e7\u00e3o Facebook"},{"@type":"BreadcrumbList","@id":"https:\/\/www.suno.com.br\/noticias\/cedae-suspende-leilao-privatizacao\/#breadcrumb","itemListElement":[{"@type":"ListItem","position":1,"name":"Not\u00edcias","item":"https:\/\/www.suno.com.br\/noticias\/"},{"@type":"ListItem","position":2,"name":"Neg\u00f3cios","item":"https:\/\/www.suno.com.br\/noticias\/negocios\/"},{"@type":"ListItem","position":3,"name":"Cedae: TRT-Rio suspende leil\u00e3o de privatiza\u00e7\u00e3o que aconteceria nesta semana"}]},{"@type":"WebSite","@id":"https:\/\/www.suno.com.br\/noticias\/#website","url":"https:\/\/www.suno.com.br\/noticias\/","name":"Suno Not\u00edcias","description":"Seu portal de informa\u00e7\u00e3o sobre o mundo dos investimentos","publisher":{"@id":"https:\/\/www.suno.com.br\/noticias\/#organization"},"potentialAction":[{"@type":"SearchAction","target":{"@type":"EntryPoint","urlTemplate":"https:\/\/www.suno.com.br\/noticias\/?s={search_term_string}"},"query-input":{"@type":"PropertyValueSpecification","valueRequired":true,"valueName":"search_term_string"}}],"inLanguage":"pt-BR"},{"@type":"Organization","@id":"https:\/\/www.suno.com.br\/noticias\/#organization","name":"Suno Not\u00edcias","url":"https:\/\/www.suno.com.br\/noticias\/","logo":{"@type":"ImageObject","inLanguage":"pt-BR","@id":"https:\/\/www.suno.com.br\/noticias\/#\/schema\/logo\/image\/","url":"https:\/\/files.sunoresearch.com.br\/n\/uploads\/2021\/09\/suno-logo.png","contentUrl":"https:\/\/files.sunoresearch.com.br\/n\/uploads\/2021\/09\/suno-logo.png","width":180,"height":180,"caption":"Suno Not\u00edcias"},"image":{"@id":"https:\/\/www.suno.com.br\/noticias\/#\/schema\/logo\/image\/"},"sameAs":["https:\/\/facebook.com\/sunoresearch","https:\/\/x.com\/sunoresearch","https:\/\/www.instagram.com\/suno","https:\/\/www.linkedin.com\/company\/suno-research\/","https:\/\/www.youtube.com\/c\/sunoresearch"]},{"@type":"Person","@id":"https:\/\/www.suno.com.br\/noticias\/#\/schema\/person\/02ec1f752758247878a2bf4abee1aeda","name":"Poliana Santos","image":{"@type":"ImageObject","inLanguage":"pt-BR","@id":"https:\/\/www.suno.com.br\/noticias\/#\/schema\/person\/image\/","url":"https:\/\/secure.gravatar.com\/avatar\/0645bd32f23d87b2130f2b2dff1d3f8d?s=96&r=g","contentUrl":"https:\/\/secure.gravatar.com\/avatar\/0645bd32f23d87b2130f2b2dff1d3f8d?s=96&r=g","caption":"Poliana Santos"},"description":"Rep\u00f3rter no Suno Not\u00edcias, com cobertura em mercado financeiro, economia, finan\u00e7as pessoais, renda fixa e varejo. Jornalista formada pela Faculdade C\u00e1sper L\u00edbero e possui passagem na R\u00e1dio Gazeta AM com a produ\u00e7\u00e3o de conte\u00fado sobre economia, pol\u00edtica, sa\u00fade, moda e m\u00fasica. Possui certificado de conclus\u00e3o do curso de An\u00e1lise de Balan\u00e7os pela Funda\u00e7\u00e3o Bradesco, Agenda Brasil pela FAAP, Educa\u00e7\u00e3o Pol\u00edtica por Alexandre Garcia e do Tesouro Direto e Mercado de A\u00e7\u00f5es pela B3.","url":"https:\/\/www.suno.com.br\/noticias\/author\/poliana-santos\/"}]}},"default_loop_html":"<div class=\"cardsPage__listCard__boxs\"><div class=\"cardsPage__listCard__boxs__img\"><a href=\"https:\/\/www.suno.com.br\/noticias\/cedae-suspende-leilao-privatizacao\/\"><img class=\"mask\" src=\"https:\/\/www.suno.com.br\/noticias\/wp-content\/themes\/suno\/resources\/images\/spotlight\/spotlight1img\/bg-mask.png\" alt=\"Image Mask\"\/><img src=\"https:\/\/files.sunoresearch.com.br\/n\/uploads\/2021\/04\/413dca4c-cedae--400x200.webp\" alt=\"Cedae: TRT-Rio suspende leil\u00e3o de privatiza\u00e7\u00e3o que aconteceria nesta semana\"\/><\/a><span class=\"spotlightCategory\"><a href=\"https:\/\/www.suno.com.br\/noticias\/negocios\/\">Neg\u00f3cios<\/a><\/span><\/div><div class=\"cardsPage__listCard__boxs__content\"><a href=\"https:\/\/www.suno.com.br\/noticias\/cedae-suspende-leilao-privatizacao\/\"><h2 class=\"content__title\">Cedae: TRT-Rio suspende leil\u00e3o de privatiza\u00e7\u00e3o que aconteceria nesta semana<\/h2><\/a><div class=\"newsContent__article__meta\"><div class=\"newsContent__article__meta__authorBox\"><a href=\"https:\/\/www.suno.com.br\/noticias\/author\/poliana-santos\/\" class=\"authorBox__avatar noMobi\"><img src=\"https:\/\/files.sunoresearch.com.br\/n\/uploads\/2020\/08\/7ef34026-whatsapp-image-2020-08-03-at-12.37.57-150x150.webp\" alt=\"Poliana Santos\"><\/a><div class=\"authorBox__name\"><span>por\n\t\t\t<a href=\"https:\/\/www.suno.com.br\/noticias\/author\/poliana-santos\/\"><span itemprop=\"author\">Poliana Santos<\/span><\/a><\/span><time datetime=\"2021-04-26T12:55:20-03:00\" itemprop=\"datePublished\">26\/04\/2021 12:55<\/time><\/div><\/div><\/div><\/div><\/div>","single_layout":"posts","amp_enabled":true,"_links":{"self":[{"href":"https:\/\/www.suno.com.br\/noticias\/wp-json\/wp\/v2\/posts\/142245"}],"collection":[{"href":"https:\/\/www.suno.com.br\/noticias\/wp-json\/wp\/v2\/posts"}],"about":[{"href":"https:\/\/www.suno.com.br\/noticias\/wp-json\/wp\/v2\/types\/post"}],"author":[{"embeddable":true,"href":"https:\/\/www.suno.com.br\/noticias\/wp-json\/wp\/v2\/users\/15"}],"replies":[{"embeddable":true,"href":"https:\/\/www.suno.com.br\/noticias\/wp-json\/wp\/v2\/comments?post=142245"}],"version-history":[{"count":3,"href":"https:\/\/www.suno.com.br\/noticias\/wp-json\/wp\/v2\/posts\/142245\/revisions"}],"predecessor-version":[{"id":142266,"href":"https:\/\/www.suno.com.br\/noticias\/wp-json\/wp\/v2\/posts\/142245\/revisions\/142266"}],"wp:featuredmedia":[{"embeddable":true,"href":"https:\/\/www.suno.com.br\/noticias\/wp-json\/wp\/v2\/media\/142261"}],"wp:attachment":[{"href":"https:\/\/www.suno.com.br\/noticias\/wp-json\/wp\/v2\/media?parent=142245"}],"wp:term":[{"taxonomy":"category","embeddable":true,"href":"https:\/\/www.suno.com.br\/noticias\/wp-json\/wp\/v2\/categories?post=142245"},{"taxonomy":"post_tag","embeddable":true,"href":"https:\/\/www.suno.com.br\/noticias\/wp-json\/wp\/v2\/tags?post=142245"},{"taxonomy":"suno_strategy","embeddable":true,"href":"https:\/\/www.suno.com.br\/noticias\/wp-json\/wp\/v2\/suno_strategy?post=142245"}],"curies":[{"name":"wp","href":"https:\/\/api.w.org\/{rel}","templated":true}]}}