{"id":14222,"date":"2019-02-05T15:54:06","date_gmt":"2019-02-05T17:54:06","guid":{"rendered":"https:\/\/www.suno.com.br\/noticias\/?p=14222"},"modified":"2019-02-05T15:54:06","modified_gmt":"2019-02-05T17:54:06","slug":"vendas-supermercados-alta-real-abras","status":"publish","type":"post","link":"https:\/\/www.suno.com.br\/noticias\/vendas-supermercados-alta-real-abras\/","title":{"rendered":"Vendas de supermercados tem alta real de 2,07%, afirma Abras"},"content":{"rendered":"<p>O setor de varejo alimentar, composto por supermercados e hipermercados registrou um crescimento real (descontada infla\u00e7\u00e3o) de 2,07% em 2018. Os dados foram divulgados pela Associa\u00e7\u00e3o Brasileira de Supermercados (Abras).<\/p>\t<div class=\"wrapper-featured-image\">\n\t\t<figure class=\"spotlightImg\">\n\n\t\t\t<picture>\n\t\t\t\t<source media=\"(max-width: 768px)\" srcset=\"https:\/\/files.sunoresearch.com.br\/n\/uploads\/2019\/02\/b40db659-supermercados-400x200.webp\">\n\t\t\t\t<img loading=\"lazy\" decoding=\"async\" class=\"newsContent__article__imgCapa lazyloadDisabled newsContent__article__imgCapa--noCaption\" src=\"https:\/\/files.sunoresearch.com.br\/n\/uploads\/2019\/02\/b40db659-supermercados-800x450.webp\" width=\"800\" height=\"450\" alt=\"Vendas de supermercados tem alta real de 2,07%, afirma Abras\" fetchpriority=high \/>\n\t\t\t<\/picture>\n\n\t\t\t<figcaption class=\"wp-caption-text wp-caption-text--hide\">Vendas de supermercados tem alta real de 2,07%, afirma Abras<\/figcaption>\n\t\t<\/figure>\n\t<\/div>\n\n\n<p>A estimativa inicial era de uma eleva\u00e7\u00e3o de 3%. Em julho, a <strong>proje\u00e7\u00e3o<\/strong> acabou sendo revisada e caiu para 2,53%. No entanto, mesmo com o reajuste o os <strong>supermercados<\/strong> n\u00e3o ultrapassaram a previs\u00e3o.<\/p>\n<p>\u201cA <strong>economia<\/strong> teve dificuldade de se recuperar. O ano n\u00e3o teve o f\u00f4lego que esper\u00e1vamos, com efeito da <strong>paralisa\u00e7\u00e3o dos caminhoneiros<\/strong>\u201d, disse o presidente da associa\u00e7\u00e3o,\u00a0Jo\u00e3o Sanzovo Neto.<\/p>\n<p>De acordo com a entidade, as <strong>vendas reais dos supermercados<\/strong> tiveram alta de 3,93% em dezembro de 2018, em rela\u00e7\u00e3o ao mesmo per\u00edodo de 2017. Al\u00e9m disso, com ajuda das datas comemorativas de fim de ano, dezembro registrou um crescimento de 21,13% em rela\u00e7\u00e3o a novembro.<\/p>\n<p><a href=\"https:\/\/www.suno.com.br\/noticias\/vendas-supermercados-sobem-outubro-2018\/\">Saiba mais:\u00a0Vendas de supermercados sobem 1,58% em outubro<\/a><\/p>\n<p><a href=\"https:\/\/www.suno.com.br\/noticias\/black-friday-puxa-vendas-comercio-novembro\/\">Saiba mais:\u00a0Black Friday puxa vendas do varejo em novembro em +2,9%<\/a><\/p>\n<h2>Vendas em outubro de 2018<\/h2>\n<div class=\"title\">\n<p>Nos \u00faltimos dados divulgados pela Abras, as vendas de <strong>supermercados<\/strong> cresceram 1,58% em termos reais em outubro de 2018, em compara\u00e7\u00e3o com o mesmo m\u00eas de 2017.<\/p>\n<p>De acordo com a <strong>Abras<\/strong>, no d\u00e9cimo m\u00eas do ano, as vendas cresceram do 0,45% em compara\u00e7\u00e3o a setembro.<\/p>\n<p>No acumulado do ano at\u00e9 outubro, as\u00a0<strong>vendas de supermercados<\/strong> cresceram de 1,9% em rela\u00e7\u00e3o aos 10 primeiros meses do ano passado.<\/p>\n<\/div>\n<p>O desempenho acumulado fica aqu\u00e9m da alta de 2,53% prevista pela Abras para 2018.<\/p>\n<p>Conforme o presidente da Abras, Jo\u00e3o Sanzovo Neto, o consumidor se mostrou cauteloso durante todo o \u00faltimo ano. A raz\u00e3o principal foram as incertezas no cen\u00e1rio pol\u00edtico-econ\u00f4mico desencadeadas pelo processo eleitoral.<\/p>\n<p>No entanto, para 2019 a <strong>Abras<\/strong> prev\u00ea uma alta real de 3% nas vendas de <strong>supermercados<\/strong>.<\/p>\n","protected":false},"excerpt":{"rendered":"<p>O setor de varejo alimentar, composto por supermercados e hipermercados registrou um crescimento real (descontada infla\u00e7\u00e3o) de 2,07% em 2018. Os dados foram divulgados pela Associa\u00e7\u00e3o Brasileira de Supermercados (Abras). Vendas de supermercados tem alta real de 2,07%, afirma Abras A estimativa inicial era de uma eleva\u00e7\u00e3o de 3%. Em julho, a proje\u00e7\u00e3o acabou sendo [&hellip;]<\/p>\n","protected":false},"author":11,"featured_media":14225,"comment_status":"closed","ping_status":"closed","sticky":false,"template":"","format":"standard","meta":[],"categories":[60],"tags":[803],"suno_strategy":[],"class_list":["post-14222","post","type-post","status-publish","format-standard","has-post-thumbnail","hentry","category-mercado","tag-varejo"],"yoast_head":"<!-- This site is optimized with the Yoast SEO plugin v24.4 - https:\/\/yoast.com\/wordpress\/plugins\/seo\/ -->\n<title>Vendas de supermercados tem alta real de 2,07%, afirma Abras<\/title>\n<meta name=\"description\" content=\"As vendas de supermercados subiram 2,07% em 2018; No entanto, a alta ficou abaixo do previsto para o ano. Clique para saber mais.\" \/>\n<meta name=\"robots\" content=\"index, follow, max-snippet:-1, max-image-preview:large, max-video-preview:-1\" \/>\n<link rel=\"canonical\" href=\"https:\/\/www.suno.com.br\/noticias\/vendas-supermercados-alta-real-abras\/\" \/>\n<meta property=\"og:locale\" content=\"pt_BR\" \/>\n<meta property=\"og:type\" content=\"article\" \/>\n<meta property=\"og:title\" content=\"Vendas de supermercados tem alta real de 2,07%, afirma Abras\" \/>\n<meta property=\"og:description\" content=\"As vendas de supermercados subiram 2,07% em 2018; No entanto, a alta ficou abaixo do previsto para o ano. Clique para saber mais.\" \/>\n<meta property=\"og:url\" content=\"https:\/\/www.suno.com.br\/noticias\/vendas-supermercados-alta-real-abras\/\" \/>\n<meta property=\"og:site_name\" content=\"Suno Not\u00edcias\" \/>\n<meta property=\"article:publisher\" content=\"https:\/\/facebook.com\/sunoresearch\" \/>\n<meta property=\"og:image\" content=\"https:\/\/files.sunoresearch.com.br\/n\/uploads\/2019\/02\/b40db659-supermercados.jpg\" \/>\n\t<meta property=\"og:image:width\" content=\"1140\" \/>\n\t<meta property=\"og:image:height\" content=\"760\" \/>\n\t<meta property=\"og:image:type\" content=\"image\/jpeg\" \/>\n<meta name=\"author\" content=\"Renan Bandeira\" \/>\n<meta name=\"twitter:card\" content=\"summary_large_image\" \/>\n<meta name=\"twitter:creator\" content=\"@sunoresearch\" \/>\n<meta name=\"twitter:site\" content=\"@sunoresearch\" \/>\n<meta name=\"twitter:label1\" content=\"Escrito por\" \/>\n\t<meta name=\"twitter:data1\" content=\"Renan Bandeira\" \/>\n\t<meta name=\"twitter:label2\" content=\"Est. tempo de leitura\" \/>\n\t<meta name=\"twitter:data2\" content=\"2 minutos\" \/>\n<script type=\"application\/ld+json\" class=\"yoast-schema-graph\">{\"@context\":\"https:\/\/schema.org\",\"@graph\":[{\"@type\":\"NewsArticle\",\"@id\":\"https:\/\/www.suno.com.br\/noticias\/vendas-supermercados-alta-real-abras\/#article\",\"isPartOf\":{\"@id\":\"https:\/\/www.suno.com.br\/noticias\/vendas-supermercados-alta-real-abras\/\"},\"author\":{\"name\":\"Renan Bandeira\",\"@id\":\"https:\/\/www.suno.com.br\/noticias\/#\/schema\/person\/fc144a1c6108bd1dcd43784e88a3c138\"},\"headline\":\"Vendas de supermercados tem alta real de 2,07%, afirma Abras\",\"datePublished\":\"2019-02-05T17:54:06+00:00\",\"mainEntityOfPage\":{\"@id\":\"https:\/\/www.suno.com.br\/noticias\/vendas-supermercados-alta-real-abras\/\"},\"wordCount\":309,\"publisher\":{\"@id\":\"https:\/\/www.suno.com.br\/noticias\/#organization\"},\"image\":{\"@id\":\"https:\/\/www.suno.com.br\/noticias\/vendas-supermercados-alta-real-abras\/#primaryimage\"},\"thumbnailUrl\":\"https:\/\/files.sunoresearch.com.br\/n\/uploads\/2019\/02\/b40db659-supermercados-jpg.webp\",\"keywords\":[\"varejo\"],\"articleSection\":[\"Mercado\"],\"inLanguage\":\"pt-BR\"},{\"@type\":\"WebPage\",\"@id\":\"https:\/\/www.suno.com.br\/noticias\/vendas-supermercados-alta-real-abras\/\",\"url\":\"https:\/\/www.suno.com.br\/noticias\/vendas-supermercados-alta-real-abras\/\",\"name\":\"Vendas de supermercados tem alta real de 2,07%, afirma Abras\",\"isPartOf\":{\"@id\":\"https:\/\/www.suno.com.br\/noticias\/#website\"},\"primaryImageOfPage\":{\"@id\":\"https:\/\/www.suno.com.br\/noticias\/vendas-supermercados-alta-real-abras\/#primaryimage\"},\"image\":{\"@id\":\"https:\/\/www.suno.com.br\/noticias\/vendas-supermercados-alta-real-abras\/#primaryimage\"},\"thumbnailUrl\":\"https:\/\/files.sunoresearch.com.br\/n\/uploads\/2019\/02\/b40db659-supermercados-jpg.webp\",\"datePublished\":\"2019-02-05T17:54:06+00:00\",\"description\":\"As vendas de supermercados subiram 2,07% em 2018; No entanto, a alta ficou abaixo do previsto para o ano. Clique para saber mais.\",\"breadcrumb\":{\"@id\":\"https:\/\/www.suno.com.br\/noticias\/vendas-supermercados-alta-real-abras\/#breadcrumb\"},\"inLanguage\":\"pt-BR\",\"potentialAction\":[{\"@type\":\"ReadAction\",\"target\":[\"https:\/\/www.suno.com.br\/noticias\/vendas-supermercados-alta-real-abras\/\"]}]},{\"@type\":\"ImageObject\",\"inLanguage\":\"pt-BR\",\"@id\":\"https:\/\/www.suno.com.br\/noticias\/vendas-supermercados-alta-real-abras\/#primaryimage\",\"url\":\"https:\/\/files.sunoresearch.com.br\/n\/uploads\/2019\/02\/b40db659-supermercados-jpg.webp\",\"contentUrl\":\"https:\/\/files.sunoresearch.com.br\/n\/uploads\/2019\/02\/b40db659-supermercados-jpg.webp\",\"width\":1140,\"height\":760,\"caption\":\"Vendas de supermercados tem alta real de 2,07%, afirma Abras\"},{\"@type\":\"BreadcrumbList\",\"@id\":\"https:\/\/www.suno.com.br\/noticias\/vendas-supermercados-alta-real-abras\/#breadcrumb\",\"itemListElement\":[{\"@type\":\"ListItem\",\"position\":1,\"name\":\"Not\u00edcias\",\"item\":\"https:\/\/www.suno.com.br\/noticias\/\"},{\"@type\":\"ListItem\",\"position\":2,\"name\":\"Mercado\",\"item\":\"https:\/\/www.suno.com.br\/noticias\/mercado\/\"},{\"@type\":\"ListItem\",\"position\":3,\"name\":\"Vendas de supermercados tem alta real de 2,07%, afirma Abras\"}]},{\"@type\":\"WebSite\",\"@id\":\"https:\/\/www.suno.com.br\/noticias\/#website\",\"url\":\"https:\/\/www.suno.com.br\/noticias\/\",\"name\":\"Suno Not\u00edcias\",\"description\":\"Seu portal de informa\u00e7\u00e3o sobre o mundo dos investimentos\",\"publisher\":{\"@id\":\"https:\/\/www.suno.com.br\/noticias\/#organization\"},\"potentialAction\":[{\"@type\":\"SearchAction\",\"target\":{\"@type\":\"EntryPoint\",\"urlTemplate\":\"https:\/\/www.suno.com.br\/noticias\/?s={search_term_string}\"},\"query-input\":{\"@type\":\"PropertyValueSpecification\",\"valueRequired\":true,\"valueName\":\"search_term_string\"}}],\"inLanguage\":\"pt-BR\"},{\"@type\":\"Organization\",\"@id\":\"https:\/\/www.suno.com.br\/noticias\/#organization\",\"name\":\"Suno Not\u00edcias\",\"url\":\"https:\/\/www.suno.com.br\/noticias\/\",\"logo\":{\"@type\":\"ImageObject\",\"inLanguage\":\"pt-BR\",\"@id\":\"https:\/\/www.suno.com.br\/noticias\/#\/schema\/logo\/image\/\",\"url\":\"https:\/\/files.sunoresearch.com.br\/n\/uploads\/2021\/09\/suno-logo.png\",\"contentUrl\":\"https:\/\/files.sunoresearch.com.br\/n\/uploads\/2021\/09\/suno-logo.png\",\"width\":180,\"height\":180,\"caption\":\"Suno Not\u00edcias\"},\"image\":{\"@id\":\"https:\/\/www.suno.com.br\/noticias\/#\/schema\/logo\/image\/\"},\"sameAs\":[\"https:\/\/facebook.com\/sunoresearch\",\"https:\/\/x.com\/sunoresearch\",\"https:\/\/www.instagram.com\/suno\",\"https:\/\/www.linkedin.com\/company\/suno-research\/\",\"https:\/\/www.youtube.com\/c\/sunoresearch\"]},{\"@type\":\"Person\",\"@id\":\"https:\/\/www.suno.com.br\/noticias\/#\/schema\/person\/fc144a1c6108bd1dcd43784e88a3c138\",\"name\":\"Renan Bandeira\",\"image\":{\"@type\":\"ImageObject\",\"inLanguage\":\"pt-BR\",\"@id\":\"https:\/\/www.suno.com.br\/noticias\/#\/schema\/person\/image\/\",\"url\":\"https:\/\/secure.gravatar.com\/avatar\/68359cdb608f14f11bbefcb78f3fc747?s=96&r=g\",\"contentUrl\":\"https:\/\/secure.gravatar.com\/avatar\/68359cdb608f14f11bbefcb78f3fc747?s=96&r=g\",\"caption\":\"Renan Bandeira\"},\"description\":\"Renan Bandeira escreve sobre pol\u00edtica e economia para o portal da Suno Research. Antes da Suno, trabalhou em uma rede de televis\u00e3o, onde fazia reportagens sobre os mesmos temas. Estuda na Universidade Metodista de S\u00e3o Paulo.\",\"url\":\"https:\/\/www.suno.com.br\/noticias\/author\/renan-bandeira\/\"}]}<\/script>\n<!-- \/ Yoast SEO plugin. -->","yoast_head_json":{"title":"Vendas de supermercados tem alta real de 2,07%, afirma Abras","description":"As vendas de supermercados subiram 2,07% em 2018; No entanto, a alta ficou abaixo do previsto para o ano. Clique para saber mais.","robots":{"index":"index","follow":"follow","max-snippet":"max-snippet:-1","max-image-preview":"max-image-preview:large","max-video-preview":"max-video-preview:-1"},"canonical":"https:\/\/www.suno.com.br\/noticias\/vendas-supermercados-alta-real-abras\/","og_locale":"pt_BR","og_type":"article","og_title":"Vendas de supermercados tem alta real de 2,07%, afirma Abras","og_description":"As vendas de supermercados subiram 2,07% em 2018; No entanto, a alta ficou abaixo do previsto para o ano. Clique para saber mais.","og_url":"https:\/\/www.suno.com.br\/noticias\/vendas-supermercados-alta-real-abras\/","og_site_name":"Suno Not\u00edcias","article_publisher":"https:\/\/facebook.com\/sunoresearch","og_image":[{"width":1140,"height":760,"url":"https:\/\/files.sunoresearch.com.br\/n\/uploads\/2019\/02\/b40db659-supermercados.jpg","type":"image\/jpeg"}],"author":"Renan Bandeira","twitter_card":"summary_large_image","twitter_creator":"@sunoresearch","twitter_site":"@sunoresearch","twitter_misc":{"Escrito por":"Renan Bandeira","Est. tempo de leitura":"2 minutos"},"schema":{"@context":"https:\/\/schema.org","@graph":[{"@type":"NewsArticle","@id":"https:\/\/www.suno.com.br\/noticias\/vendas-supermercados-alta-real-abras\/#article","isPartOf":{"@id":"https:\/\/www.suno.com.br\/noticias\/vendas-supermercados-alta-real-abras\/"},"author":{"name":"Renan Bandeira","@id":"https:\/\/www.suno.com.br\/noticias\/#\/schema\/person\/fc144a1c6108bd1dcd43784e88a3c138"},"headline":"Vendas de supermercados tem alta real de 2,07%, afirma Abras","datePublished":"2019-02-05T17:54:06+00:00","mainEntityOfPage":{"@id":"https:\/\/www.suno.com.br\/noticias\/vendas-supermercados-alta-real-abras\/"},"wordCount":309,"publisher":{"@id":"https:\/\/www.suno.com.br\/noticias\/#organization"},"image":{"@id":"https:\/\/www.suno.com.br\/noticias\/vendas-supermercados-alta-real-abras\/#primaryimage"},"thumbnailUrl":"https:\/\/files.sunoresearch.com.br\/n\/uploads\/2019\/02\/b40db659-supermercados-jpg.webp","keywords":["varejo"],"articleSection":["Mercado"],"inLanguage":"pt-BR"},{"@type":"WebPage","@id":"https:\/\/www.suno.com.br\/noticias\/vendas-supermercados-alta-real-abras\/","url":"https:\/\/www.suno.com.br\/noticias\/vendas-supermercados-alta-real-abras\/","name":"Vendas de supermercados tem alta real de 2,07%, afirma Abras","isPartOf":{"@id":"https:\/\/www.suno.com.br\/noticias\/#website"},"primaryImageOfPage":{"@id":"https:\/\/www.suno.com.br\/noticias\/vendas-supermercados-alta-real-abras\/#primaryimage"},"image":{"@id":"https:\/\/www.suno.com.br\/noticias\/vendas-supermercados-alta-real-abras\/#primaryimage"},"thumbnailUrl":"https:\/\/files.sunoresearch.com.br\/n\/uploads\/2019\/02\/b40db659-supermercados-jpg.webp","datePublished":"2019-02-05T17:54:06+00:00","description":"As vendas de supermercados subiram 2,07% em 2018; No entanto, a alta ficou abaixo do previsto para o ano. Clique para saber mais.","breadcrumb":{"@id":"https:\/\/www.suno.com.br\/noticias\/vendas-supermercados-alta-real-abras\/#breadcrumb"},"inLanguage":"pt-BR","potentialAction":[{"@type":"ReadAction","target":["https:\/\/www.suno.com.br\/noticias\/vendas-supermercados-alta-real-abras\/"]}]},{"@type":"ImageObject","inLanguage":"pt-BR","@id":"https:\/\/www.suno.com.br\/noticias\/vendas-supermercados-alta-real-abras\/#primaryimage","url":"https:\/\/files.sunoresearch.com.br\/n\/uploads\/2019\/02\/b40db659-supermercados-jpg.webp","contentUrl":"https:\/\/files.sunoresearch.com.br\/n\/uploads\/2019\/02\/b40db659-supermercados-jpg.webp","width":1140,"height":760,"caption":"Vendas de supermercados tem alta real de 2,07%, afirma Abras"},{"@type":"BreadcrumbList","@id":"https:\/\/www.suno.com.br\/noticias\/vendas-supermercados-alta-real-abras\/#breadcrumb","itemListElement":[{"@type":"ListItem","position":1,"name":"Not\u00edcias","item":"https:\/\/www.suno.com.br\/noticias\/"},{"@type":"ListItem","position":2,"name":"Mercado","item":"https:\/\/www.suno.com.br\/noticias\/mercado\/"},{"@type":"ListItem","position":3,"name":"Vendas de supermercados tem alta real de 2,07%, afirma Abras"}]},{"@type":"WebSite","@id":"https:\/\/www.suno.com.br\/noticias\/#website","url":"https:\/\/www.suno.com.br\/noticias\/","name":"Suno Not\u00edcias","description":"Seu portal de informa\u00e7\u00e3o sobre o mundo dos investimentos","publisher":{"@id":"https:\/\/www.suno.com.br\/noticias\/#organization"},"potentialAction":[{"@type":"SearchAction","target":{"@type":"EntryPoint","urlTemplate":"https:\/\/www.suno.com.br\/noticias\/?s={search_term_string}"},"query-input":{"@type":"PropertyValueSpecification","valueRequired":true,"valueName":"search_term_string"}}],"inLanguage":"pt-BR"},{"@type":"Organization","@id":"https:\/\/www.suno.com.br\/noticias\/#organization","name":"Suno Not\u00edcias","url":"https:\/\/www.suno.com.br\/noticias\/","logo":{"@type":"ImageObject","inLanguage":"pt-BR","@id":"https:\/\/www.suno.com.br\/noticias\/#\/schema\/logo\/image\/","url":"https:\/\/files.sunoresearch.com.br\/n\/uploads\/2021\/09\/suno-logo.png","contentUrl":"https:\/\/files.sunoresearch.com.br\/n\/uploads\/2021\/09\/suno-logo.png","width":180,"height":180,"caption":"Suno Not\u00edcias"},"image":{"@id":"https:\/\/www.suno.com.br\/noticias\/#\/schema\/logo\/image\/"},"sameAs":["https:\/\/facebook.com\/sunoresearch","https:\/\/x.com\/sunoresearch","https:\/\/www.instagram.com\/suno","https:\/\/www.linkedin.com\/company\/suno-research\/","https:\/\/www.youtube.com\/c\/sunoresearch"]},{"@type":"Person","@id":"https:\/\/www.suno.com.br\/noticias\/#\/schema\/person\/fc144a1c6108bd1dcd43784e88a3c138","name":"Renan Bandeira","image":{"@type":"ImageObject","inLanguage":"pt-BR","@id":"https:\/\/www.suno.com.br\/noticias\/#\/schema\/person\/image\/","url":"https:\/\/secure.gravatar.com\/avatar\/68359cdb608f14f11bbefcb78f3fc747?s=96&r=g","contentUrl":"https:\/\/secure.gravatar.com\/avatar\/68359cdb608f14f11bbefcb78f3fc747?s=96&r=g","caption":"Renan Bandeira"},"description":"Renan Bandeira escreve sobre pol\u00edtica e economia para o portal da Suno Research. Antes da Suno, trabalhou em uma rede de televis\u00e3o, onde fazia reportagens sobre os mesmos temas. Estuda na Universidade Metodista de S\u00e3o Paulo.","url":"https:\/\/www.suno.com.br\/noticias\/author\/renan-bandeira\/"}]}},"default_loop_html":"<div class=\"cardsPage__listCard__boxs\"><div class=\"cardsPage__listCard__boxs__img\"><a href=\"https:\/\/www.suno.com.br\/noticias\/vendas-supermercados-alta-real-abras\/\"><img class=\"mask\" src=\"https:\/\/www.suno.com.br\/noticias\/wp-content\/themes\/suno\/resources\/images\/spotlight\/spotlight1img\/bg-mask.png\" alt=\"Image Mask\"\/><img src=\"https:\/\/files.sunoresearch.com.br\/n\/uploads\/2019\/02\/b40db659-supermercados-400x200.webp\" alt=\"Vendas de supermercados tem alta real de 2,07%, afirma Abras\"\/><\/a><span class=\"spotlightCategory\"><a href=\"https:\/\/www.suno.com.br\/noticias\/mercado\/\">Mercado<\/a><\/span><\/div><div class=\"cardsPage__listCard__boxs__content\"><a href=\"https:\/\/www.suno.com.br\/noticias\/vendas-supermercados-alta-real-abras\/\"><h2 class=\"content__title\">Vendas de supermercados tem alta real de 2,07%, afirma Abras<\/h2><\/a><div class=\"newsContent__article__meta\"><div class=\"newsContent__article__meta__authorBox\"><a href=\"https:\/\/www.suno.com.br\/noticias\/author\/renan-bandeira\/\" class=\"authorBox__avatar noMobi\"><img src=\"https:\/\/secure.gravatar.com\/avatar\/68359cdb608f14f11bbefcb78f3fc747?s=96&#038;r=g\" alt=\"Renan Bandeira\"><\/a><div class=\"authorBox__name\"><span>por\n\t\t\t<a href=\"https:\/\/www.suno.com.br\/noticias\/author\/renan-bandeira\/\"><span itemprop=\"author\">Renan Bandeira<\/span><\/a><\/span><time datetime=\"2019-02-05T15:54:06-02:00\" itemprop=\"datePublished\">05\/02\/2019 15:54<\/time><\/div><\/div><\/div><\/div><\/div>","single_layout":"posts","amp_enabled":true,"_links":{"self":[{"href":"https:\/\/www.suno.com.br\/noticias\/wp-json\/wp\/v2\/posts\/14222"}],"collection":[{"href":"https:\/\/www.suno.com.br\/noticias\/wp-json\/wp\/v2\/posts"}],"about":[{"href":"https:\/\/www.suno.com.br\/noticias\/wp-json\/wp\/v2\/types\/post"}],"author":[{"embeddable":true,"href":"https:\/\/www.suno.com.br\/noticias\/wp-json\/wp\/v2\/users\/11"}],"replies":[{"embeddable":true,"href":"https:\/\/www.suno.com.br\/noticias\/wp-json\/wp\/v2\/comments?post=14222"}],"version-history":[{"count":0,"href":"https:\/\/www.suno.com.br\/noticias\/wp-json\/wp\/v2\/posts\/14222\/revisions"}],"wp:featuredmedia":[{"embeddable":true,"href":"https:\/\/www.suno.com.br\/noticias\/wp-json\/wp\/v2\/media\/14225"}],"wp:attachment":[{"href":"https:\/\/www.suno.com.br\/noticias\/wp-json\/wp\/v2\/media?parent=14222"}],"wp:term":[{"taxonomy":"category","embeddable":true,"href":"https:\/\/www.suno.com.br\/noticias\/wp-json\/wp\/v2\/categories?post=14222"},{"taxonomy":"post_tag","embeddable":true,"href":"https:\/\/www.suno.com.br\/noticias\/wp-json\/wp\/v2\/tags?post=14222"},{"taxonomy":"suno_strategy","embeddable":true,"href":"https:\/\/www.suno.com.br\/noticias\/wp-json\/wp\/v2\/suno_strategy?post=14222"}],"curies":[{"name":"wp","href":"https:\/\/api.w.org\/{rel}","templated":true}]}}