{"id":142216,"date":"2021-04-26T12:10:48","date_gmt":"2021-04-26T15:10:48","guid":{"rendered":"https:\/\/www.suno.com.br\/noticias\/?p=142216"},"modified":"2021-04-26T12:10:48","modified_gmt":"2021-04-26T15:10:48","slug":"banco-do-brasil-bbas3-novos-diretores","status":"publish","type":"post","link":"https:\/\/www.suno.com.br\/noticias\/banco-do-brasil-bbas3-novos-diretores\/","title":{"rendered":"Banco do Brasil (BBAS3) oficializa an\u00fancio de novos diretores"},"content":{"rendered":"<p>Nesta segunda-feira (26), o <strong><a href=\"https:\/\/www.suno.com.br\/acoes\/bbas3\/\">Banco do Brasil (BBAS3)<\/a> <\/strong>anunciou que seu conselho de administra\u00e7\u00e3o aprovou na sexta-feira passada a escolha de novos diretores para a institui\u00e7\u00e3o. Jos\u00e9 Ricardo Fagonde Forni ocupar\u00e1 o cargo de vice-presidente de Gest\u00e3o Financeira e de <a href=\"https:\/\/www.suno.com.br\/artigos\/relacoes-com-investidores\/\">Rela\u00e7\u00f5es com Investidores<\/a> a partir desta segunda, enquanto \u00canio Mathias Ferreira ser\u00e1 o vice-presidente Corporativo a partir da pr\u00f3xima sexta-feira (30).<\/p>\t<div class=\"wrapper-featured-image\">\n\t\t<figure class=\"spotlightImg\">\n\n\t\t\t<picture>\n\t\t\t\t<source media=\"(max-width: 768px)\" srcset=\"https:\/\/files.sunoresearch.com.br\/n\/uploads\/2021\/04\/0613df2f-banco-do-brasil-400x200.webp\">\n\t\t\t\t<img loading=\"lazy\" decoding=\"async\" class=\"newsContent__article__imgCapa lazyloadDisabled \" src=\"https:\/\/files.sunoresearch.com.br\/n\/uploads\/2021\/04\/0613df2f-banco-do-brasil-800x450.webp\" width=\"800\" height=\"450\" alt=\"Banco do Brasil (BBAS3) oficializa an\u00fancio de novos diretores\" fetchpriority=high \/>\n\t\t\t<\/picture>\n\n\t\t\t<figcaption class=\"wp-caption-text wp-caption-text--show\">Foto: Reprodu\u00e7\u00e3o Facebook<\/figcaption>\n\t\t<\/figure>\n\t<\/div>\n\n\n<p><span style=\"font-weight: 400;\">\u00a0\t<p>\n\t\t<a href=\"https:\/\/lp.suno.com.br\/planilha-controle-gastos\/\" target=\"_blank\" data-element=\"shortcode-suno-banner\" title=\"Banner SUNO, clique e saiba mais\">\n\t\t\t<picture>\n\t\t\t\t<source media=\"(max-width: 500px)\" srcset=\"https:\/\/files.sunoresearch.com.br\/n\/uploads\/2023\/03\/400x300-Planilha-controle-de-gastos.png\">\n\t\t\t\t<img class=\"newsContent__article__imgCapa newsContent__article__imgCapa--banner\"\n\t\t\t\t\tsrc=\"https:\/\/files.sunoresearch.com.br\/n\/uploads\/2023\/03\/1420x240-Planilha-controle-de-gastos.png\"\n\t\t\t\t\tdata-promo-id=\"101751\"\t\t\t\t\t\t\t\t\t\twidth='1420' height='240'\t\t\t\t\talt=\"https:\/\/files.sunoresearch.com.br\/n\/uploads\/2023\/03\/1420x240-Planilha-controle-de-gastos.png\"\n\t\t\t\t>\n\t\t\t<\/picture>\n\t\t<\/a>\n\t<\/p>\n\n<\/span><\/p>\n<p>S\u00e3o as primeiras mudan\u00e7as na c\u00fapula do banco desde que <a href=\"https:\/\/www.suno.com.br\/noticias\/novo-presidente-banco-do-brasil-bbsa3-alinhamento-bolsonaro\/\">Fausto de Andrade Ribeiro assumiu a presid\u00eancia<\/a>, em abril. Nos \u00faltimos meses, a institui\u00e7\u00e3o vive um momento de mudan\u00e7as. Ribeiro, anteriormente presidente da BB Administradora de Cons\u00f3rcios, entrou na posi\u00e7\u00e3o que era de Andr\u00e9 Brand\u00e3o, que apresentou carta de ren\u00fancia em mar\u00e7o.<\/p>\n<p><a href=\"https:\/\/lp.suno.com.br\/suno-one\/?ppp=noticias\/hospital-care-pedido-ipo-cvm\/\"><b>Suno One: acesse gratuitamente eBooks, Minicursos, Artigos e V\u00eddeo Aulas sobre investimentos com um \u00fanico cadastro. Clique para saber mais!<\/b><\/a><\/p>\n<p>Os nomes de Forni e Ferreira j\u00e1 haviam sido anunciados h\u00e1 cerca de duas semanas, mas ainda dependiam de aprova\u00e7\u00e3o do conselho. Forni ocupar\u00e1 o cargo que era, at\u00e9 ent\u00e3o, de Carlos Andr\u00e9, que se aposentou da institui\u00e7\u00e3o. J\u00e1 Ferreira substituir\u00e1 Mauro Ribeiro Neto, que renunciou \u00e0 fun\u00e7\u00e3o alegando motivos pessoais.<\/p>\n<h2>Forma\u00e7\u00e3o dos novos diretores do Banco do Brasil<\/h2>\n<p>Funcion\u00e1rio do Banco do Brasil desde 1986, Jos\u00e9 Ricardo Fagonde Forni tem gradua\u00e7\u00e3o em Ci\u00eancias Econ\u00f4micas pela Universidade de Bras\u00edlia (UnB), possui MBA em Finan\u00e7as pelo IBMEC e certifica\u00e7\u00e3o avan\u00e7ada em Inova\u00e7\u00e3o pelo IMD, da Su\u00ed\u00e7a.<\/p>\n<p><span style=\"font-weight: 400;\">\t<p>\n\t\t<a href=\"https:\/\/lp.suno.com.br\/planilha-da-vida-financeira\/\" target=\"_blank\" data-element=\"shortcode-suno-banner\" title=\"Banner SUNO, clique e saiba mais\">\n\t\t\t<picture>\n\t\t\t\t<source media=\"(max-width: 500px)\" srcset=\"https:\/\/files.sunoresearch.com.br\/n\/uploads\/2023\/04\/400x300-Planilha-vida-financeira-true.png\">\n\t\t\t\t<img class=\"newsContent__article__imgCapa newsContent__article__imgCapa--banner\"\n\t\t\t\t\tsrc=\"https:\/\/files.sunoresearch.com.br\/n\/uploads\/2023\/04\/1420x240-Planilha-vida-financeira-true.png\"\n\t\t\t\t\tdata-promo-id=\"106682\"\t\t\t\t\t\t\t\t\t\twidth='1420' height='240'\t\t\t\t\talt=\"https:\/\/files.sunoresearch.com.br\/n\/uploads\/2023\/04\/1420x240-Planilha-vida-financeira-true.png\"\n\t\t\t\t>\n\t\t\t<\/picture>\n\t\t<\/a>\n\t<\/p>\n\n<\/span><\/p>\n<p>\u00canio Mathias Ferreira \u00e9 especialista em administra\u00e7\u00e3o p\u00fablica. Atuou por 16 anos na Diretoria de Governo, sendo gerente executivo no per\u00edodo entre 2014 e 2018. Tamb\u00e9m exerceu a fun\u00e7\u00e3o de gerente executivo na diretoria de Tecnologia, entre 2012 e 2014. Tem gradua\u00e7\u00e3o em Direito e Administra\u00e7\u00e3o, al\u00e9m de possuir MBAs em gest\u00e3o p\u00fablica, marketing e neg\u00f3cios financeiros.<\/p>\n<p>A a\u00e7\u00e3o do <strong>Banco do Brasil<\/strong>, no preg\u00e3o, desta segunda-feira (26) estava em alta de 0,73% por volta das 12h. Ao mesmo tempo, o Ibovespa avan\u00e7ava 0,29%<\/p>\n<p><span style=\"font-weight: 400;\">\u00a0\t<p>\n\t\t<a href=\"https:\/\/lp.suno.com.br\/planilha-de-controle-de-investimentos\/\" target=\"_blank\" data-element=\"shortcode-suno-banner\" title=\"Banner SUNO, clique e saiba mais\">\n\t\t\t<picture>\n\t\t\t\t<source media=\"(max-width: 500px)\" srcset=\"https:\/\/files.sunoresearch.com.br\/n\/uploads\/2023\/03\/400x300-Controle-de-Investimentos.png\">\n\t\t\t\t<img class=\"newsContent__article__imgCapa newsContent__article__imgCapa--banner\"\n\t\t\t\t\tsrc=\"https:\/\/files.sunoresearch.com.br\/n\/uploads\/2023\/03\/1420x240-Controle-de-Investimentos.png\"\n\t\t\t\t\tdata-promo-id=\"75934\"\t\t\t\t\t\t\t\t\t\twidth='1420' height='240'\t\t\t\t\talt=\"https:\/\/files.sunoresearch.com.br\/n\/uploads\/2023\/03\/1420x240-Controle-de-Investimentos.png\"\n\t\t\t\t>\n\t\t\t<\/picture>\n\t\t<\/a>\n\t<\/p>\n\n <\/span><\/p>\n","protected":false},"excerpt":{"rendered":"<p>Nesta segunda-feira (26), o Banco do Brasil (BBAS3) anunciou que seu conselho de administra\u00e7\u00e3o aprovou na sexta-feira passada a escolha de novos diretores para a institui\u00e7\u00e3o. Jos\u00e9 Ricardo Fagonde Forni ocupar\u00e1 o cargo de vice-presidente de Gest\u00e3o Financeira e de Rela\u00e7\u00f5es com Investidores a partir desta segunda, enquanto \u00canio Mathias Ferreira ser\u00e1 o vice-presidente Corporativo [&hellip;]<\/p>\n","protected":false},"author":72,"featured_media":142248,"comment_status":"closed","ping_status":"closed","sticky":false,"template":"","format":"standard","meta":[],"categories":[64],"tags":[732],"suno_strategy":[],"class_list":["post-142216","post","type-post","status-publish","format-standard","has-post-thumbnail","hentry","category-negocios","tag-banco-do-brasil-bbas3"],"yoast_head":"<!-- This site is optimized with the Yoast SEO plugin v24.4 - https:\/\/yoast.com\/wordpress\/plugins\/seo\/ -->\n<title>Banco do Brasil (BBAS3) oficializa novos diretores<\/title>\n<meta name=\"description\" content=\"Banco do Brasil (BBAS3) oficializa novos diretores nesta segunda-feira. Confira as mudan\u00e7as no Banco do Brasil.\" \/>\n<meta name=\"robots\" content=\"index, follow, max-snippet:-1, max-image-preview:large, max-video-preview:-1\" \/>\n<link rel=\"canonical\" href=\"https:\/\/www.suno.com.br\/noticias\/banco-do-brasil-bbas3-novos-diretores\/\" \/>\n<meta property=\"og:locale\" content=\"pt_BR\" \/>\n<meta property=\"og:type\" content=\"article\" \/>\n<meta property=\"og:title\" content=\"Banco do Brasil (BBAS3) oficializa novos diretores\" \/>\n<meta property=\"og:description\" content=\"Banco do Brasil (BBAS3) oficializa novos diretores nesta segunda-feira. Confira as mudan\u00e7as no Banco do Brasil.\" \/>\n<meta property=\"og:url\" content=\"https:\/\/www.suno.com.br\/noticias\/banco-do-brasil-bbas3-novos-diretores\/\" \/>\n<meta property=\"og:site_name\" content=\"Suno Not\u00edcias\" \/>\n<meta property=\"article:publisher\" content=\"https:\/\/facebook.com\/sunoresearch\" \/>\n<meta property=\"og:image\" content=\"https:\/\/files.sunoresearch.com.br\/n\/uploads\/2021\/04\/0613df2f-banco-do-brasil.png\" \/>\n\t<meta property=\"og:image:width\" content=\"800\" \/>\n\t<meta property=\"og:image:height\" content=\"800\" \/>\n\t<meta property=\"og:image:type\" content=\"image\/png\" \/>\n<meta name=\"author\" content=\"Fernando Soares\" \/>\n<meta name=\"twitter:card\" content=\"summary_large_image\" \/>\n<meta name=\"twitter:creator\" content=\"@sunoresearch\" \/>\n<meta name=\"twitter:site\" content=\"@sunoresearch\" \/>\n<meta name=\"twitter:label1\" content=\"Escrito por\" \/>\n\t<meta name=\"twitter:data1\" content=\"Fernando Soares\" \/>\n\t<meta name=\"twitter:label2\" content=\"Est. tempo de leitura\" \/>\n\t<meta name=\"twitter:data2\" content=\"2 minutos\" \/>\n<script type=\"application\/ld+json\" class=\"yoast-schema-graph\">{\"@context\":\"https:\/\/schema.org\",\"@graph\":[{\"@type\":\"NewsArticle\",\"@id\":\"https:\/\/www.suno.com.br\/noticias\/banco-do-brasil-bbas3-novos-diretores\/#article\",\"isPartOf\":{\"@id\":\"https:\/\/www.suno.com.br\/noticias\/banco-do-brasil-bbas3-novos-diretores\/\"},\"author\":{\"name\":\"Fernando Soares\",\"@id\":\"https:\/\/www.suno.com.br\/noticias\/#\/schema\/person\/31a897b059eab5d0f057de7c5db2416e\"},\"headline\":\"Banco do Brasil (BBAS3) oficializa an\u00fancio de novos diretores\",\"datePublished\":\"2021-04-26T15:10:48+00:00\",\"mainEntityOfPage\":{\"@id\":\"https:\/\/www.suno.com.br\/noticias\/banco-do-brasil-bbas3-novos-diretores\/\"},\"wordCount\":364,\"publisher\":{\"@id\":\"https:\/\/www.suno.com.br\/noticias\/#organization\"},\"image\":{\"@id\":\"https:\/\/www.suno.com.br\/noticias\/banco-do-brasil-bbas3-novos-diretores\/#primaryimage\"},\"thumbnailUrl\":\"https:\/\/files.sunoresearch.com.br\/n\/uploads\/2021\/04\/0613df2f-banco-do-brasil-png.webp\",\"keywords\":[\"Banco do Brasil (BBAS3)\"],\"articleSection\":[\"Neg\u00f3cios\"],\"inLanguage\":\"pt-BR\"},{\"@type\":\"WebPage\",\"@id\":\"https:\/\/www.suno.com.br\/noticias\/banco-do-brasil-bbas3-novos-diretores\/\",\"url\":\"https:\/\/www.suno.com.br\/noticias\/banco-do-brasil-bbas3-novos-diretores\/\",\"name\":\"Banco do Brasil (BBAS3) oficializa novos diretores\",\"isPartOf\":{\"@id\":\"https:\/\/www.suno.com.br\/noticias\/#website\"},\"primaryImageOfPage\":{\"@id\":\"https:\/\/www.suno.com.br\/noticias\/banco-do-brasil-bbas3-novos-diretores\/#primaryimage\"},\"image\":{\"@id\":\"https:\/\/www.suno.com.br\/noticias\/banco-do-brasil-bbas3-novos-diretores\/#primaryimage\"},\"thumbnailUrl\":\"https:\/\/files.sunoresearch.com.br\/n\/uploads\/2021\/04\/0613df2f-banco-do-brasil-png.webp\",\"datePublished\":\"2021-04-26T15:10:48+00:00\",\"description\":\"Banco do Brasil (BBAS3) oficializa novos diretores nesta segunda-feira. Confira as mudan\u00e7as no Banco do Brasil.\",\"breadcrumb\":{\"@id\":\"https:\/\/www.suno.com.br\/noticias\/banco-do-brasil-bbas3-novos-diretores\/#breadcrumb\"},\"inLanguage\":\"pt-BR\",\"potentialAction\":[{\"@type\":\"ReadAction\",\"target\":[\"https:\/\/www.suno.com.br\/noticias\/banco-do-brasil-bbas3-novos-diretores\/\"]}]},{\"@type\":\"ImageObject\",\"inLanguage\":\"pt-BR\",\"@id\":\"https:\/\/www.suno.com.br\/noticias\/banco-do-brasil-bbas3-novos-diretores\/#primaryimage\",\"url\":\"https:\/\/files.sunoresearch.com.br\/n\/uploads\/2021\/04\/0613df2f-banco-do-brasil-png.webp\",\"contentUrl\":\"https:\/\/files.sunoresearch.com.br\/n\/uploads\/2021\/04\/0613df2f-banco-do-brasil-png.webp\",\"width\":800,\"height\":800,\"caption\":\"Foto: Reprodu\u00e7\u00e3o Facebook\"},{\"@type\":\"BreadcrumbList\",\"@id\":\"https:\/\/www.suno.com.br\/noticias\/banco-do-brasil-bbas3-novos-diretores\/#breadcrumb\",\"itemListElement\":[{\"@type\":\"ListItem\",\"position\":1,\"name\":\"Not\u00edcias\",\"item\":\"https:\/\/www.suno.com.br\/noticias\/\"},{\"@type\":\"ListItem\",\"position\":2,\"name\":\"Neg\u00f3cios\",\"item\":\"https:\/\/www.suno.com.br\/noticias\/negocios\/\"},{\"@type\":\"ListItem\",\"position\":3,\"name\":\"Banco do Brasil (BBAS3) oficializa an\u00fancio de novos diretores\"}]},{\"@type\":\"WebSite\",\"@id\":\"https:\/\/www.suno.com.br\/noticias\/#website\",\"url\":\"https:\/\/www.suno.com.br\/noticias\/\",\"name\":\"Suno Not\u00edcias\",\"description\":\"Seu portal de informa\u00e7\u00e3o sobre o mundo dos investimentos\",\"publisher\":{\"@id\":\"https:\/\/www.suno.com.br\/noticias\/#organization\"},\"potentialAction\":[{\"@type\":\"SearchAction\",\"target\":{\"@type\":\"EntryPoint\",\"urlTemplate\":\"https:\/\/www.suno.com.br\/noticias\/?s={search_term_string}\"},\"query-input\":{\"@type\":\"PropertyValueSpecification\",\"valueRequired\":true,\"valueName\":\"search_term_string\"}}],\"inLanguage\":\"pt-BR\"},{\"@type\":\"Organization\",\"@id\":\"https:\/\/www.suno.com.br\/noticias\/#organization\",\"name\":\"Suno Not\u00edcias\",\"url\":\"https:\/\/www.suno.com.br\/noticias\/\",\"logo\":{\"@type\":\"ImageObject\",\"inLanguage\":\"pt-BR\",\"@id\":\"https:\/\/www.suno.com.br\/noticias\/#\/schema\/logo\/image\/\",\"url\":\"https:\/\/files.sunoresearch.com.br\/n\/uploads\/2021\/09\/suno-logo.png\",\"contentUrl\":\"https:\/\/files.sunoresearch.com.br\/n\/uploads\/2021\/09\/suno-logo.png\",\"width\":180,\"height\":180,\"caption\":\"Suno Not\u00edcias\"},\"image\":{\"@id\":\"https:\/\/www.suno.com.br\/noticias\/#\/schema\/logo\/image\/\"},\"sameAs\":[\"https:\/\/facebook.com\/sunoresearch\",\"https:\/\/x.com\/sunoresearch\",\"https:\/\/www.instagram.com\/suno\",\"https:\/\/www.linkedin.com\/company\/suno-research\/\",\"https:\/\/www.youtube.com\/c\/sunoresearch\"]},{\"@type\":\"Person\",\"@id\":\"https:\/\/www.suno.com.br\/noticias\/#\/schema\/person\/31a897b059eab5d0f057de7c5db2416e\",\"name\":\"Fernando Soares\",\"image\":{\"@type\":\"ImageObject\",\"inLanguage\":\"pt-BR\",\"@id\":\"https:\/\/www.suno.com.br\/noticias\/#\/schema\/person\/image\/\",\"url\":\"https:\/\/secure.gravatar.com\/avatar\/d5a009f17f82a0aa671dd75155d670f0?s=96&r=g\",\"contentUrl\":\"https:\/\/secure.gravatar.com\/avatar\/d5a009f17f82a0aa671dd75155d670f0?s=96&r=g\",\"caption\":\"Fernando Soares\"},\"description\":\"Rep\u00f3rter no Suno Not\u00edcias. Jornalista formado pela Pontif\u00edcia Universidade Cat\u00f3lica do Rio Grande do Sul (PUCRS), mestre em Jornalismo pela Universitat Aut\u00f2noma de Barcelona e MBA em Informa\u00e7\u00f5es Econ\u00f4mico-Financeiras e Mercado de Capitais pela Funda\u00e7\u00e3o Instituto de Administra\u00e7\u00e3o (FIA)\/B3. Trabalhou nas reda\u00e7\u00f5es dos jornais Zero Hora e Pioneiro, do Grupo RBS, e Jornal do Com\u00e9rcio\/RS. Vencedor de 17 pr\u00eamios de jornalismo, entre eles os da Comiss\u00e3o de Valores Mobili\u00e1rios (CVM), da Associa\u00e7\u00e3o Riograndense de Imprensa (ARI) e do Conselho de Economia do RS (Corecon-RS).\",\"url\":\"https:\/\/www.suno.com.br\/noticias\/author\/fernando-soares\/\"}]}<\/script>\n<!-- \/ Yoast SEO plugin. -->","yoast_head_json":{"title":"Banco do Brasil (BBAS3) oficializa novos diretores","description":"Banco do Brasil (BBAS3) oficializa novos diretores nesta segunda-feira. Confira as mudan\u00e7as no Banco do Brasil.","robots":{"index":"index","follow":"follow","max-snippet":"max-snippet:-1","max-image-preview":"max-image-preview:large","max-video-preview":"max-video-preview:-1"},"canonical":"https:\/\/www.suno.com.br\/noticias\/banco-do-brasil-bbas3-novos-diretores\/","og_locale":"pt_BR","og_type":"article","og_title":"Banco do Brasil (BBAS3) oficializa novos diretores","og_description":"Banco do Brasil (BBAS3) oficializa novos diretores nesta segunda-feira. Confira as mudan\u00e7as no Banco do Brasil.","og_url":"https:\/\/www.suno.com.br\/noticias\/banco-do-brasil-bbas3-novos-diretores\/","og_site_name":"Suno Not\u00edcias","article_publisher":"https:\/\/facebook.com\/sunoresearch","og_image":[{"width":800,"height":800,"url":"https:\/\/files.sunoresearch.com.br\/n\/uploads\/2021\/04\/0613df2f-banco-do-brasil.png","type":"image\/png"}],"author":"Fernando Soares","twitter_card":"summary_large_image","twitter_creator":"@sunoresearch","twitter_site":"@sunoresearch","twitter_misc":{"Escrito por":"Fernando Soares","Est. tempo de leitura":"2 minutos"},"schema":{"@context":"https:\/\/schema.org","@graph":[{"@type":"NewsArticle","@id":"https:\/\/www.suno.com.br\/noticias\/banco-do-brasil-bbas3-novos-diretores\/#article","isPartOf":{"@id":"https:\/\/www.suno.com.br\/noticias\/banco-do-brasil-bbas3-novos-diretores\/"},"author":{"name":"Fernando Soares","@id":"https:\/\/www.suno.com.br\/noticias\/#\/schema\/person\/31a897b059eab5d0f057de7c5db2416e"},"headline":"Banco do Brasil (BBAS3) oficializa an\u00fancio de novos diretores","datePublished":"2021-04-26T15:10:48+00:00","mainEntityOfPage":{"@id":"https:\/\/www.suno.com.br\/noticias\/banco-do-brasil-bbas3-novos-diretores\/"},"wordCount":364,"publisher":{"@id":"https:\/\/www.suno.com.br\/noticias\/#organization"},"image":{"@id":"https:\/\/www.suno.com.br\/noticias\/banco-do-brasil-bbas3-novos-diretores\/#primaryimage"},"thumbnailUrl":"https:\/\/files.sunoresearch.com.br\/n\/uploads\/2021\/04\/0613df2f-banco-do-brasil-png.webp","keywords":["Banco do Brasil (BBAS3)"],"articleSection":["Neg\u00f3cios"],"inLanguage":"pt-BR"},{"@type":"WebPage","@id":"https:\/\/www.suno.com.br\/noticias\/banco-do-brasil-bbas3-novos-diretores\/","url":"https:\/\/www.suno.com.br\/noticias\/banco-do-brasil-bbas3-novos-diretores\/","name":"Banco do Brasil (BBAS3) oficializa novos diretores","isPartOf":{"@id":"https:\/\/www.suno.com.br\/noticias\/#website"},"primaryImageOfPage":{"@id":"https:\/\/www.suno.com.br\/noticias\/banco-do-brasil-bbas3-novos-diretores\/#primaryimage"},"image":{"@id":"https:\/\/www.suno.com.br\/noticias\/banco-do-brasil-bbas3-novos-diretores\/#primaryimage"},"thumbnailUrl":"https:\/\/files.sunoresearch.com.br\/n\/uploads\/2021\/04\/0613df2f-banco-do-brasil-png.webp","datePublished":"2021-04-26T15:10:48+00:00","description":"Banco do Brasil (BBAS3) oficializa novos diretores nesta segunda-feira. Confira as mudan\u00e7as no Banco do Brasil.","breadcrumb":{"@id":"https:\/\/www.suno.com.br\/noticias\/banco-do-brasil-bbas3-novos-diretores\/#breadcrumb"},"inLanguage":"pt-BR","potentialAction":[{"@type":"ReadAction","target":["https:\/\/www.suno.com.br\/noticias\/banco-do-brasil-bbas3-novos-diretores\/"]}]},{"@type":"ImageObject","inLanguage":"pt-BR","@id":"https:\/\/www.suno.com.br\/noticias\/banco-do-brasil-bbas3-novos-diretores\/#primaryimage","url":"https:\/\/files.sunoresearch.com.br\/n\/uploads\/2021\/04\/0613df2f-banco-do-brasil-png.webp","contentUrl":"https:\/\/files.sunoresearch.com.br\/n\/uploads\/2021\/04\/0613df2f-banco-do-brasil-png.webp","width":800,"height":800,"caption":"Foto: Reprodu\u00e7\u00e3o Facebook"},{"@type":"BreadcrumbList","@id":"https:\/\/www.suno.com.br\/noticias\/banco-do-brasil-bbas3-novos-diretores\/#breadcrumb","itemListElement":[{"@type":"ListItem","position":1,"name":"Not\u00edcias","item":"https:\/\/www.suno.com.br\/noticias\/"},{"@type":"ListItem","position":2,"name":"Neg\u00f3cios","item":"https:\/\/www.suno.com.br\/noticias\/negocios\/"},{"@type":"ListItem","position":3,"name":"Banco do Brasil (BBAS3) oficializa an\u00fancio de novos diretores"}]},{"@type":"WebSite","@id":"https:\/\/www.suno.com.br\/noticias\/#website","url":"https:\/\/www.suno.com.br\/noticias\/","name":"Suno Not\u00edcias","description":"Seu portal de informa\u00e7\u00e3o sobre o mundo dos investimentos","publisher":{"@id":"https:\/\/www.suno.com.br\/noticias\/#organization"},"potentialAction":[{"@type":"SearchAction","target":{"@type":"EntryPoint","urlTemplate":"https:\/\/www.suno.com.br\/noticias\/?s={search_term_string}"},"query-input":{"@type":"PropertyValueSpecification","valueRequired":true,"valueName":"search_term_string"}}],"inLanguage":"pt-BR"},{"@type":"Organization","@id":"https:\/\/www.suno.com.br\/noticias\/#organization","name":"Suno Not\u00edcias","url":"https:\/\/www.suno.com.br\/noticias\/","logo":{"@type":"ImageObject","inLanguage":"pt-BR","@id":"https:\/\/www.suno.com.br\/noticias\/#\/schema\/logo\/image\/","url":"https:\/\/files.sunoresearch.com.br\/n\/uploads\/2021\/09\/suno-logo.png","contentUrl":"https:\/\/files.sunoresearch.com.br\/n\/uploads\/2021\/09\/suno-logo.png","width":180,"height":180,"caption":"Suno Not\u00edcias"},"image":{"@id":"https:\/\/www.suno.com.br\/noticias\/#\/schema\/logo\/image\/"},"sameAs":["https:\/\/facebook.com\/sunoresearch","https:\/\/x.com\/sunoresearch","https:\/\/www.instagram.com\/suno","https:\/\/www.linkedin.com\/company\/suno-research\/","https:\/\/www.youtube.com\/c\/sunoresearch"]},{"@type":"Person","@id":"https:\/\/www.suno.com.br\/noticias\/#\/schema\/person\/31a897b059eab5d0f057de7c5db2416e","name":"Fernando Soares","image":{"@type":"ImageObject","inLanguage":"pt-BR","@id":"https:\/\/www.suno.com.br\/noticias\/#\/schema\/person\/image\/","url":"https:\/\/secure.gravatar.com\/avatar\/d5a009f17f82a0aa671dd75155d670f0?s=96&r=g","contentUrl":"https:\/\/secure.gravatar.com\/avatar\/d5a009f17f82a0aa671dd75155d670f0?s=96&r=g","caption":"Fernando Soares"},"description":"Rep\u00f3rter no Suno Not\u00edcias. Jornalista formado pela Pontif\u00edcia Universidade Cat\u00f3lica do Rio Grande do Sul (PUCRS), mestre em Jornalismo pela Universitat Aut\u00f2noma de Barcelona e MBA em Informa\u00e7\u00f5es Econ\u00f4mico-Financeiras e Mercado de Capitais pela Funda\u00e7\u00e3o Instituto de Administra\u00e7\u00e3o (FIA)\/B3. Trabalhou nas reda\u00e7\u00f5es dos jornais Zero Hora e Pioneiro, do Grupo RBS, e Jornal do Com\u00e9rcio\/RS. Vencedor de 17 pr\u00eamios de jornalismo, entre eles os da Comiss\u00e3o de Valores Mobili\u00e1rios (CVM), da Associa\u00e7\u00e3o Riograndense de Imprensa (ARI) e do Conselho de Economia do RS (Corecon-RS).","url":"https:\/\/www.suno.com.br\/noticias\/author\/fernando-soares\/"}]}},"default_loop_html":"<div class=\"cardsPage__listCard__boxs\"><div class=\"cardsPage__listCard__boxs__img\"><a href=\"https:\/\/www.suno.com.br\/noticias\/banco-do-brasil-bbas3-novos-diretores\/\"><img class=\"mask\" src=\"https:\/\/www.suno.com.br\/noticias\/wp-content\/themes\/suno\/resources\/images\/spotlight\/spotlight1img\/bg-mask.png\" alt=\"Image Mask\"\/><img src=\"https:\/\/files.sunoresearch.com.br\/n\/uploads\/2021\/04\/0613df2f-banco-do-brasil-400x200.webp\" alt=\"Banco do Brasil (BBAS3) oficializa an\u00fancio de novos diretores\"\/><\/a><span class=\"spotlightCategory\"><a href=\"https:\/\/www.suno.com.br\/noticias\/negocios\/\">Neg\u00f3cios<\/a><\/span><\/div><div class=\"cardsPage__listCard__boxs__content\"><a href=\"https:\/\/www.suno.com.br\/noticias\/banco-do-brasil-bbas3-novos-diretores\/\"><h2 class=\"content__title\">Banco do Brasil (BBAS3) oficializa an\u00fancio de novos diretores<\/h2><\/a><div class=\"newsContent__article__meta\"><div class=\"newsContent__article__meta__authorBox\"><a href=\"https:\/\/www.suno.com.br\/noticias\/author\/fernando-soares\/\" class=\"authorBox__avatar noMobi\"><img src=\"https:\/\/files.sunoresearch.com.br\/n\/uploads\/2021\/04\/260ff3a8-img-1391-150x150.webp\" alt=\"Fernando Soares\"><\/a><div class=\"authorBox__name\"><span>por\n\t\t\t<a href=\"https:\/\/www.suno.com.br\/noticias\/author\/fernando-soares\/\"><span itemprop=\"author\">Fernando Soares<\/span><\/a><\/span><time datetime=\"2021-04-26T12:10:48-03:00\" itemprop=\"datePublished\">26\/04\/2021 12:10<\/time><\/div><\/div><\/div><\/div><\/div>","single_layout":"posts","amp_enabled":true,"_links":{"self":[{"href":"https:\/\/www.suno.com.br\/noticias\/wp-json\/wp\/v2\/posts\/142216"}],"collection":[{"href":"https:\/\/www.suno.com.br\/noticias\/wp-json\/wp\/v2\/posts"}],"about":[{"href":"https:\/\/www.suno.com.br\/noticias\/wp-json\/wp\/v2\/types\/post"}],"author":[{"embeddable":true,"href":"https:\/\/www.suno.com.br\/noticias\/wp-json\/wp\/v2\/users\/72"}],"replies":[{"embeddable":true,"href":"https:\/\/www.suno.com.br\/noticias\/wp-json\/wp\/v2\/comments?post=142216"}],"version-history":[{"count":3,"href":"https:\/\/www.suno.com.br\/noticias\/wp-json\/wp\/v2\/posts\/142216\/revisions"}],"predecessor-version":[{"id":142247,"href":"https:\/\/www.suno.com.br\/noticias\/wp-json\/wp\/v2\/posts\/142216\/revisions\/142247"}],"wp:featuredmedia":[{"embeddable":true,"href":"https:\/\/www.suno.com.br\/noticias\/wp-json\/wp\/v2\/media\/142248"}],"wp:attachment":[{"href":"https:\/\/www.suno.com.br\/noticias\/wp-json\/wp\/v2\/media?parent=142216"}],"wp:term":[{"taxonomy":"category","embeddable":true,"href":"https:\/\/www.suno.com.br\/noticias\/wp-json\/wp\/v2\/categories?post=142216"},{"taxonomy":"post_tag","embeddable":true,"href":"https:\/\/www.suno.com.br\/noticias\/wp-json\/wp\/v2\/tags?post=142216"},{"taxonomy":"suno_strategy","embeddable":true,"href":"https:\/\/www.suno.com.br\/noticias\/wp-json\/wp\/v2\/suno_strategy?post=142216"}],"curies":[{"name":"wp","href":"https:\/\/api.w.org\/{rel}","templated":true}]}}