{"id":142178,"date":"2021-04-26T12:39:48","date_gmt":"2021-04-26T15:39:48","guid":{"rendered":"https:\/\/www.suno.com.br\/noticias\/?p=142178"},"modified":"2021-04-26T13:09:57","modified_gmt":"2021-04-26T16:09:57","slug":"viavarejo-vvra3-sobe-apos-anuncios","status":"publish","type":"post","link":"https:\/\/www.suno.com.br\/noticias\/viavarejo-vvra3-sobe-apos-anuncios\/","title":{"rendered":"Via Varejo (VVAR3) se valoriza ap\u00f3s s\u00e9rie de an\u00fancios ao mercado"},"content":{"rendered":"<p>Com an\u00fancios de mudan\u00e7a no nome da marca, aquisi\u00e7\u00e3o de fintech e proje\u00e7\u00f5es robustas de crescimento nos pr\u00f3ximos cinco anos, a <a href=\"https:\/\/www.suno.com.br\/acoes\/vvar3\/\"><strong>Via Varejo (VVAR3)<\/strong><\/a> animou o mercado na manh\u00e3 desta segunda-feira (26). Por volta das 12h40, a a\u00e7\u00e3o da varejista subia 0,53% na Bolsa de Valores de S\u00e3o Paulo, a B3. Paralelamente, o Ibovespa subia 0,10%, a 120.646,31 pontos.<br \/>\n\t<p>\n\t\t<a href=\"https:\/\/lp.suno.com.br\/planilha-controle-gastos\/\" target=\"_blank\" data-element=\"shortcode-suno-banner\" title=\"Banner SUNO, clique e saiba mais\">\n\t\t\t<picture>\n\t\t\t\t<source media=\"(max-width: 500px)\" srcset=\"https:\/\/files.sunoresearch.com.br\/n\/uploads\/2023\/03\/400x300-Planilha-controle-de-gastos.png\">\n\t\t\t\t<img class=\"newsContent__article__imgCapa newsContent__article__imgCapa--banner\"\n\t\t\t\t\tsrc=\"https:\/\/files.sunoresearch.com.br\/n\/uploads\/2023\/03\/1420x240-Planilha-controle-de-gastos.png\"\n\t\t\t\t\tdata-promo-id=\"101751\"\t\t\t\t\t\t\t\t\t\twidth='1420' height='240'\t\t\t\t\talt=\"https:\/\/files.sunoresearch.com.br\/n\/uploads\/2023\/03\/1420x240-Planilha-controle-de-gastos.png\"\n\t\t\t\t>\n\t\t\t<\/picture>\n\t\t<\/a>\n\t<\/p>\n\n<\/p>\t<div class=\"wrapper-featured-image\">\n\t\t<figure class=\"spotlightImg\">\n\n\t\t\t<picture>\n\t\t\t\t<source media=\"(max-width: 768px)\" srcset=\"https:\/\/files.sunoresearch.com.br\/n\/uploads\/2021\/04\/f0e787ef-via-varejo.-400x200.webp\">\n\t\t\t\t<img loading=\"lazy\" decoding=\"async\" class=\"newsContent__article__imgCapa lazyloadDisabled \" src=\"https:\/\/files.sunoresearch.com.br\/n\/uploads\/2021\/04\/f0e787ef-via-varejo.-png.webp\" width=\"800\" height=\"450\" alt=\"Via Varejo (VVAR3) se valoriza ap\u00f3s s\u00e9rie de an\u00fancios ao mercado\" fetchpriority=high \/>\n\t\t\t<\/picture>\n\n\t\t\t<figcaption class=\"wp-caption-text wp-caption-text--show\">Via Varejo. Foto: Reprodu\u00e7\u00e3o Facebook<\/figcaption>\n\t\t<\/figure>\n\t<\/div>\n\n<p>Com an\u00fancios de mudan\u00e7a no nome da marca, aquisi\u00e7\u00e3o de fintech e proje\u00e7\u00f5es robustas de crescimento nos pr\u00f3ximos cinco anos, a <a href=\"https:\/\/www.suno.com.br\/acoes\/vvar3\/\"><strong>Via Varejo (VVAR3)<\/strong><\/a> animou o mercado na manh\u00e3 desta segunda-feira (26). Por volta das 12h40, a a\u00e7\u00e3o da varejista subia 0,53% na Bolsa de Valores de S\u00e3o Paulo, a B3. Paralelamente, o Ibovespa subia 0,10%, a 120.646,31 pontos.<br \/>\n\t<p>\n\t\t<a href=\"https:\/\/lp.suno.com.br\/planilha-controle-gastos\/\" target=\"_blank\" data-element=\"shortcode-suno-banner\" title=\"Banner SUNO, clique e saiba mais\">\n\t\t\t<picture>\n\t\t\t\t<source media=\"(max-width: 500px)\" srcset=\"https:\/\/files.sunoresearch.com.br\/n\/uploads\/2023\/03\/400x300-Planilha-controle-de-gastos.png\">\n\t\t\t\t<img class=\"newsContent__article__imgCapa newsContent__article__imgCapa--banner\"\n\t\t\t\t\tsrc=\"https:\/\/files.sunoresearch.com.br\/n\/uploads\/2023\/03\/1420x240-Planilha-controle-de-gastos.png\"\n\t\t\t\t\tdata-promo-id=\"101751\"\t\t\t\t\t\t\t\t\t\twidth='1420' height='240'\t\t\t\t\talt=\"https:\/\/files.sunoresearch.com.br\/n\/uploads\/2023\/03\/1420x240-Planilha-controle-de-gastos.png\"\n\t\t\t\t>\n\t\t\t<\/picture>\n\t\t<\/a>\n\t<\/p>\n\n<\/p>\n\n<p><a href=\"https:\/\/lp.suno.com.br\/suno-one\/?ppp=noticias\/hospital-care-pedido-ipo-cvm\/\">Suno One: acesse gratuitamente eBooks, Minicursos, Artigos e V\u00eddeo Aulas sobre investimentos com um \u00fanico cadastro. Clique para saber mais!<\/a><\/p>\n<p>Conforme fato relevante divulgado nesta segunda, \u201co novo posicionamento da empresa refor\u00e7a a estrat\u00e9gia da companhia de ser reconhecida como a melhor Via de compras de todos os brasileiros, onde, quando e como eles quiserem\u201d. Paralelamente, a empresa passa a acrescentar a assinatura Imagine Caminhos \u00e0 sua marca.<\/p>\n<h2>Via Varejo quer 20% do e-commerce brasileiro<\/h2>\n<p>Al\u00e9m disso, a empresa divulgou suas proje\u00e7\u00f5es para a opera\u00e7\u00e3o para os pr\u00f3ximos cinco anos, tamb\u00e9m em fato relevante. A companhia espera abocanhar 20% do<strong> e-commerce<\/strong> brasileiro at\u00e9 2025 e dobrar a base de clientes ativos de 22 milh\u00f5es para 44 milh\u00f5es ao ano. Para isso, a Via parte das seguintes premissas:<\/p>\n<ul>\n<li>o mercado de varejo ser\u00e1 de aproximadamente R$ 2,6 trilh\u00f5es em vendas<\/li>\n<li>o mercado de varejo online alcan\u00e7ar\u00e1 cerca de R$ 500 bilh\u00f5es em vendas anuais<\/li>\n<li>a <strong><a href=\"https:\/\/www.suno.com.br\/artigos\/cagr\/\">taxa de crescimento anual composta (CAGR)<\/a><\/strong> em vendas no varejo total ser\u00e1 de 6% entre 2020 e 2025<\/li>\n<li>a taxa de crescimento anual composta (CAGR) em vendas online ser\u00e1 de 24% entre 2020 e 2025<\/li>\n<\/ul>\n<p>O economista-chefe da Messem Investimentos Gustavo Bertotti v\u00ea a empresa com potencial para atingir as metas, mesmo que o setor seja fortemente competitivo e demande constante inova\u00e7\u00e3o. &#8220;A Via Varejo vem se posicionando muito bem e a tend\u00eancia \u00e9 de que siga gerando crescimento, principalmente no e-commerce&#8221;, avalia Bertotti.<\/p>\n<h2>Aquisi\u00e7\u00e3o de fintech permitir\u00e1 amplia\u00e7\u00e3o de servi\u00e7os<\/h2>\n<p>Nesta segunda-feira, a Via ainda anunciou a aquisi\u00e7\u00e3o da <strong>fintech<\/strong> Celer, que atua como plataforma de pagamentos e oferece servi\u00e7os bank-as-a servisse (Baas). O valor da aquisi\u00e7\u00e3o n\u00e3o foi revelado.<\/p>\n<p><span style=\"font-weight: 400;\">\t<p>\n\t\t<a href=\"https:\/\/lp.suno.com.br\/planilha-da-vida-financeira\/\" target=\"_blank\" data-element=\"shortcode-suno-banner\" title=\"Banner SUNO, clique e saiba mais\">\n\t\t\t<picture>\n\t\t\t\t<source media=\"(max-width: 500px)\" srcset=\"https:\/\/files.sunoresearch.com.br\/n\/uploads\/2023\/04\/400x300-Planilha-vida-financeira-true.png\">\n\t\t\t\t<img class=\"newsContent__article__imgCapa newsContent__article__imgCapa--banner\"\n\t\t\t\t\tsrc=\"https:\/\/files.sunoresearch.com.br\/n\/uploads\/2023\/04\/1420x240-Planilha-vida-financeira-true.png\"\n\t\t\t\t\tdata-promo-id=\"106682\"\t\t\t\t\t\t\t\t\t\twidth='1420' height='240'\t\t\t\t\talt=\"https:\/\/files.sunoresearch.com.br\/n\/uploads\/2023\/04\/1420x240-Planilha-vida-financeira-true.png\"\n\t\t\t\t>\n\t\t\t<\/picture>\n\t\t<\/a>\n\t<\/p>\n\n<\/span><\/p>\n<p>Segundo a varejista, o neg\u00f3cio permitir\u00e1 a amplia\u00e7\u00e3o dos seus servi\u00e7os financeiros junto aos vendedores do marketplace. O neg\u00f3cio foi realizado por meio de Lake Niassa Empreendimentos, subsidi\u00e1ria da Via Varejo, e ainda ter\u00e1 de receber aval do <strong><a href=\"https:\/\/www.suno.com.br\/artigos\/cade\/\">Conselho Administrativo de Defesa Econ\u00f4mica (Cade)<\/a><\/strong>.<\/p>\n<p>No preg\u00e3o anterior da B3, na sexta-feira (23), a <strong>Via Varejo<\/strong> fechou cotada em R$ 13,12, alta de 4,04%.<\/p>\n<p><span style=\"font-weight: 400;\">\t<p>\n\t\t<a href=\"https:\/\/lp.suno.com.br\/planilha-de-controle-de-investimentos\/\" target=\"_blank\" data-element=\"shortcode-suno-banner\" title=\"Banner SUNO, clique e saiba mais\">\n\t\t\t<picture>\n\t\t\t\t<source media=\"(max-width: 500px)\" srcset=\"https:\/\/files.sunoresearch.com.br\/n\/uploads\/2023\/03\/400x300-Controle-de-Investimentos.png\">\n\t\t\t\t<img class=\"newsContent__article__imgCapa newsContent__article__imgCapa--banner\"\n\t\t\t\t\tsrc=\"https:\/\/files.sunoresearch.com.br\/n\/uploads\/2023\/03\/1420x240-Controle-de-Investimentos.png\"\n\t\t\t\t\tdata-promo-id=\"75934\"\t\t\t\t\t\t\t\t\t\twidth='1420' height='240'\t\t\t\t\talt=\"https:\/\/files.sunoresearch.com.br\/n\/uploads\/2023\/03\/1420x240-Controle-de-Investimentos.png\"\n\t\t\t\t>\n\t\t\t<\/picture>\n\t\t<\/a>\n\t<\/p>\n\n <\/span><\/p>\n","protected":false},"excerpt":{"rendered":"<p>Com an\u00fancios de mudan\u00e7a no nome da marca, aquisi\u00e7\u00e3o de fintech e proje\u00e7\u00f5es robustas de crescimento nos pr\u00f3ximos cinco anos, a Via Varejo (VVAR3) animou o mercado na manh\u00e3 desta segunda-feira (26). Por volta das 12h40, a a\u00e7\u00e3o da varejista subia 0,53% na Bolsa de Valores de S\u00e3o Paulo, a B3. Paralelamente, o Ibovespa subia [&hellip;]<\/p>\n","protected":false},"author":72,"featured_media":142181,"comment_status":"closed","ping_status":"closed","sticky":false,"template":"","format":"standard","meta":[],"categories":[60],"tags":[106935],"suno_strategy":[],"class_list":["post-142178","post","type-post","status-publish","format-standard","has-post-thumbnail","hentry","category-mercado","tag-via-viia3"],"yoast_head":"<!-- This site is optimized with the Yoast SEO plugin v24.4 - https:\/\/yoast.com\/wordpress\/plugins\/seo\/ -->\n<title>Via Varejo (VVAR3) se valoriza ap\u00f3s s\u00e9rie de an\u00fancios ao mercado<\/title>\n<meta name=\"description\" content=\"Via Varejo (VVAR3) se valoriza ap\u00f3s s\u00e9rie de an\u00fancios ao mercado. Confira a eleva\u00e7\u00e3o da a\u00e7\u00e3o da Via Varejo na abertura desta segunda-feira.\" \/>\n<meta name=\"robots\" content=\"index, follow, max-snippet:-1, max-image-preview:large, max-video-preview:-1\" \/>\n<link rel=\"canonical\" href=\"https:\/\/www.suno.com.br\/noticias\/viavarejo-vvra3-sobe-apos-anuncios\/\" \/>\n<meta property=\"og:locale\" content=\"pt_BR\" \/>\n<meta property=\"og:type\" content=\"article\" \/>\n<meta property=\"og:title\" content=\"Via Varejo (VVAR3) se valoriza ap\u00f3s s\u00e9rie de an\u00fancios ao mercado\" \/>\n<meta property=\"og:description\" content=\"Via Varejo (VVAR3) se valoriza ap\u00f3s s\u00e9rie de an\u00fancios ao mercado. Confira a eleva\u00e7\u00e3o da a\u00e7\u00e3o da Via Varejo na abertura desta segunda-feira.\" \/>\n<meta property=\"og:url\" content=\"https:\/\/www.suno.com.br\/noticias\/viavarejo-vvra3-sobe-apos-anuncios\/\" \/>\n<meta property=\"og:site_name\" content=\"Suno Not\u00edcias\" \/>\n<meta property=\"article:publisher\" content=\"https:\/\/facebook.com\/sunoresearch\" \/>\n<meta property=\"og:image\" content=\"https:\/\/files.sunoresearch.com.br\/n\/uploads\/2021\/04\/f0e787ef-via-varejo..png\" \/>\n\t<meta property=\"og:image:width\" content=\"500\" \/>\n\t<meta property=\"og:image:height\" content=\"500\" \/>\n\t<meta property=\"og:image:type\" content=\"image\/png\" \/>\n<meta name=\"author\" content=\"Fernando Soares\" \/>\n<meta name=\"twitter:card\" content=\"summary_large_image\" \/>\n<meta name=\"twitter:creator\" content=\"@sunoresearch\" \/>\n<meta name=\"twitter:site\" content=\"@sunoresearch\" \/>\n<meta name=\"twitter:label1\" content=\"Escrito por\" \/>\n\t<meta name=\"twitter:data1\" content=\"Fernando Soares\" \/>\n\t<meta name=\"twitter:label2\" content=\"Est. tempo de leitura\" \/>\n\t<meta name=\"twitter:data2\" content=\"2 minutos\" \/>\n<script type=\"application\/ld+json\" class=\"yoast-schema-graph\">{\"@context\":\"https:\/\/schema.org\",\"@graph\":[{\"@type\":\"NewsArticle\",\"@id\":\"https:\/\/www.suno.com.br\/noticias\/viavarejo-vvra3-sobe-apos-anuncios\/#article\",\"isPartOf\":{\"@id\":\"https:\/\/www.suno.com.br\/noticias\/viavarejo-vvra3-sobe-apos-anuncios\/\"},\"author\":{\"name\":\"Fernando Soares\",\"@id\":\"https:\/\/www.suno.com.br\/noticias\/#\/schema\/person\/31a897b059eab5d0f057de7c5db2416e\"},\"headline\":\"Via Varejo (VVAR3) se valoriza ap\u00f3s s\u00e9rie de an\u00fancios ao mercado\",\"datePublished\":\"2021-04-26T15:39:48+00:00\",\"dateModified\":\"2021-04-26T16:09:57+00:00\",\"mainEntityOfPage\":{\"@id\":\"https:\/\/www.suno.com.br\/noticias\/viavarejo-vvra3-sobe-apos-anuncios\/\"},\"wordCount\":478,\"publisher\":{\"@id\":\"https:\/\/www.suno.com.br\/noticias\/#organization\"},\"image\":{\"@id\":\"https:\/\/www.suno.com.br\/noticias\/viavarejo-vvra3-sobe-apos-anuncios\/#primaryimage\"},\"thumbnailUrl\":\"https:\/\/files.sunoresearch.com.br\/n\/uploads\/2021\/04\/f0e787ef-via-varejo.-png.webp\",\"keywords\":[\"Via (VIIA3)\"],\"articleSection\":[\"Mercado\"],\"inLanguage\":\"pt-BR\"},{\"@type\":\"WebPage\",\"@id\":\"https:\/\/www.suno.com.br\/noticias\/viavarejo-vvra3-sobe-apos-anuncios\/\",\"url\":\"https:\/\/www.suno.com.br\/noticias\/viavarejo-vvra3-sobe-apos-anuncios\/\",\"name\":\"Via Varejo (VVAR3) se valoriza ap\u00f3s s\u00e9rie de an\u00fancios ao mercado\",\"isPartOf\":{\"@id\":\"https:\/\/www.suno.com.br\/noticias\/#website\"},\"primaryImageOfPage\":{\"@id\":\"https:\/\/www.suno.com.br\/noticias\/viavarejo-vvra3-sobe-apos-anuncios\/#primaryimage\"},\"image\":{\"@id\":\"https:\/\/www.suno.com.br\/noticias\/viavarejo-vvra3-sobe-apos-anuncios\/#primaryimage\"},\"thumbnailUrl\":\"https:\/\/files.sunoresearch.com.br\/n\/uploads\/2021\/04\/f0e787ef-via-varejo.-png.webp\",\"datePublished\":\"2021-04-26T15:39:48+00:00\",\"dateModified\":\"2021-04-26T16:09:57+00:00\",\"description\":\"Via Varejo (VVAR3) se valoriza ap\u00f3s s\u00e9rie de an\u00fancios ao mercado. Confira a eleva\u00e7\u00e3o da a\u00e7\u00e3o da Via Varejo na abertura desta segunda-feira.\",\"breadcrumb\":{\"@id\":\"https:\/\/www.suno.com.br\/noticias\/viavarejo-vvra3-sobe-apos-anuncios\/#breadcrumb\"},\"inLanguage\":\"pt-BR\",\"potentialAction\":[{\"@type\":\"ReadAction\",\"target\":[\"https:\/\/www.suno.com.br\/noticias\/viavarejo-vvra3-sobe-apos-anuncios\/\"]}]},{\"@type\":\"ImageObject\",\"inLanguage\":\"pt-BR\",\"@id\":\"https:\/\/www.suno.com.br\/noticias\/viavarejo-vvra3-sobe-apos-anuncios\/#primaryimage\",\"url\":\"https:\/\/files.sunoresearch.com.br\/n\/uploads\/2021\/04\/f0e787ef-via-varejo.-png.webp\",\"contentUrl\":\"https:\/\/files.sunoresearch.com.br\/n\/uploads\/2021\/04\/f0e787ef-via-varejo.-png.webp\",\"width\":500,\"height\":500,\"caption\":\"Via Varejo. Foto: Reprodu\u00e7\u00e3o Facebook\"},{\"@type\":\"BreadcrumbList\",\"@id\":\"https:\/\/www.suno.com.br\/noticias\/viavarejo-vvra3-sobe-apos-anuncios\/#breadcrumb\",\"itemListElement\":[{\"@type\":\"ListItem\",\"position\":1,\"name\":\"Not\u00edcias\",\"item\":\"https:\/\/www.suno.com.br\/noticias\/\"},{\"@type\":\"ListItem\",\"position\":2,\"name\":\"Mercado\",\"item\":\"https:\/\/www.suno.com.br\/noticias\/mercado\/\"},{\"@type\":\"ListItem\",\"position\":3,\"name\":\"Via Varejo (VVAR3) se valoriza ap\u00f3s s\u00e9rie de an\u00fancios ao mercado\"}]},{\"@type\":\"WebSite\",\"@id\":\"https:\/\/www.suno.com.br\/noticias\/#website\",\"url\":\"https:\/\/www.suno.com.br\/noticias\/\",\"name\":\"Suno Not\u00edcias\",\"description\":\"Seu portal de informa\u00e7\u00e3o sobre o mundo dos investimentos\",\"publisher\":{\"@id\":\"https:\/\/www.suno.com.br\/noticias\/#organization\"},\"potentialAction\":[{\"@type\":\"SearchAction\",\"target\":{\"@type\":\"EntryPoint\",\"urlTemplate\":\"https:\/\/www.suno.com.br\/noticias\/?s={search_term_string}\"},\"query-input\":{\"@type\":\"PropertyValueSpecification\",\"valueRequired\":true,\"valueName\":\"search_term_string\"}}],\"inLanguage\":\"pt-BR\"},{\"@type\":\"Organization\",\"@id\":\"https:\/\/www.suno.com.br\/noticias\/#organization\",\"name\":\"Suno Not\u00edcias\",\"url\":\"https:\/\/www.suno.com.br\/noticias\/\",\"logo\":{\"@type\":\"ImageObject\",\"inLanguage\":\"pt-BR\",\"@id\":\"https:\/\/www.suno.com.br\/noticias\/#\/schema\/logo\/image\/\",\"url\":\"https:\/\/files.sunoresearch.com.br\/n\/uploads\/2021\/09\/suno-logo.png\",\"contentUrl\":\"https:\/\/files.sunoresearch.com.br\/n\/uploads\/2021\/09\/suno-logo.png\",\"width\":180,\"height\":180,\"caption\":\"Suno Not\u00edcias\"},\"image\":{\"@id\":\"https:\/\/www.suno.com.br\/noticias\/#\/schema\/logo\/image\/\"},\"sameAs\":[\"https:\/\/facebook.com\/sunoresearch\",\"https:\/\/x.com\/sunoresearch\",\"https:\/\/www.instagram.com\/suno\",\"https:\/\/www.linkedin.com\/company\/suno-research\/\",\"https:\/\/www.youtube.com\/c\/sunoresearch\"]},{\"@type\":\"Person\",\"@id\":\"https:\/\/www.suno.com.br\/noticias\/#\/schema\/person\/31a897b059eab5d0f057de7c5db2416e\",\"name\":\"Fernando Soares\",\"image\":{\"@type\":\"ImageObject\",\"inLanguage\":\"pt-BR\",\"@id\":\"https:\/\/www.suno.com.br\/noticias\/#\/schema\/person\/image\/\",\"url\":\"https:\/\/secure.gravatar.com\/avatar\/d5a009f17f82a0aa671dd75155d670f0?s=96&r=g\",\"contentUrl\":\"https:\/\/secure.gravatar.com\/avatar\/d5a009f17f82a0aa671dd75155d670f0?s=96&r=g\",\"caption\":\"Fernando Soares\"},\"description\":\"Rep\u00f3rter no Suno Not\u00edcias. Jornalista formado pela Pontif\u00edcia Universidade Cat\u00f3lica do Rio Grande do Sul (PUCRS), mestre em Jornalismo pela Universitat Aut\u00f2noma de Barcelona e MBA em Informa\u00e7\u00f5es Econ\u00f4mico-Financeiras e Mercado de Capitais pela Funda\u00e7\u00e3o Instituto de Administra\u00e7\u00e3o (FIA)\/B3. Trabalhou nas reda\u00e7\u00f5es dos jornais Zero Hora e Pioneiro, do Grupo RBS, e Jornal do Com\u00e9rcio\/RS. Vencedor de 17 pr\u00eamios de jornalismo, entre eles os da Comiss\u00e3o de Valores Mobili\u00e1rios (CVM), da Associa\u00e7\u00e3o Riograndense de Imprensa (ARI) e do Conselho de Economia do RS (Corecon-RS).\",\"url\":\"https:\/\/www.suno.com.br\/noticias\/author\/fernando-soares\/\"}]}<\/script>\n<!-- \/ Yoast SEO plugin. -->","yoast_head_json":{"title":"Via Varejo (VVAR3) se valoriza ap\u00f3s s\u00e9rie de an\u00fancios ao mercado","description":"Via Varejo (VVAR3) se valoriza ap\u00f3s s\u00e9rie de an\u00fancios ao mercado. Confira a eleva\u00e7\u00e3o da a\u00e7\u00e3o da Via Varejo na abertura desta segunda-feira.","robots":{"index":"index","follow":"follow","max-snippet":"max-snippet:-1","max-image-preview":"max-image-preview:large","max-video-preview":"max-video-preview:-1"},"canonical":"https:\/\/www.suno.com.br\/noticias\/viavarejo-vvra3-sobe-apos-anuncios\/","og_locale":"pt_BR","og_type":"article","og_title":"Via Varejo (VVAR3) se valoriza ap\u00f3s s\u00e9rie de an\u00fancios ao mercado","og_description":"Via Varejo (VVAR3) se valoriza ap\u00f3s s\u00e9rie de an\u00fancios ao mercado. Confira a eleva\u00e7\u00e3o da a\u00e7\u00e3o da Via Varejo na abertura desta segunda-feira.","og_url":"https:\/\/www.suno.com.br\/noticias\/viavarejo-vvra3-sobe-apos-anuncios\/","og_site_name":"Suno Not\u00edcias","article_publisher":"https:\/\/facebook.com\/sunoresearch","og_image":[{"width":500,"height":500,"url":"https:\/\/files.sunoresearch.com.br\/n\/uploads\/2021\/04\/f0e787ef-via-varejo..png","type":"image\/png"}],"author":"Fernando Soares","twitter_card":"summary_large_image","twitter_creator":"@sunoresearch","twitter_site":"@sunoresearch","twitter_misc":{"Escrito por":"Fernando Soares","Est. tempo de leitura":"2 minutos"},"schema":{"@context":"https:\/\/schema.org","@graph":[{"@type":"NewsArticle","@id":"https:\/\/www.suno.com.br\/noticias\/viavarejo-vvra3-sobe-apos-anuncios\/#article","isPartOf":{"@id":"https:\/\/www.suno.com.br\/noticias\/viavarejo-vvra3-sobe-apos-anuncios\/"},"author":{"name":"Fernando Soares","@id":"https:\/\/www.suno.com.br\/noticias\/#\/schema\/person\/31a897b059eab5d0f057de7c5db2416e"},"headline":"Via Varejo (VVAR3) se valoriza ap\u00f3s s\u00e9rie de an\u00fancios ao mercado","datePublished":"2021-04-26T15:39:48+00:00","dateModified":"2021-04-26T16:09:57+00:00","mainEntityOfPage":{"@id":"https:\/\/www.suno.com.br\/noticias\/viavarejo-vvra3-sobe-apos-anuncios\/"},"wordCount":478,"publisher":{"@id":"https:\/\/www.suno.com.br\/noticias\/#organization"},"image":{"@id":"https:\/\/www.suno.com.br\/noticias\/viavarejo-vvra3-sobe-apos-anuncios\/#primaryimage"},"thumbnailUrl":"https:\/\/files.sunoresearch.com.br\/n\/uploads\/2021\/04\/f0e787ef-via-varejo.-png.webp","keywords":["Via (VIIA3)"],"articleSection":["Mercado"],"inLanguage":"pt-BR"},{"@type":"WebPage","@id":"https:\/\/www.suno.com.br\/noticias\/viavarejo-vvra3-sobe-apos-anuncios\/","url":"https:\/\/www.suno.com.br\/noticias\/viavarejo-vvra3-sobe-apos-anuncios\/","name":"Via Varejo (VVAR3) se valoriza ap\u00f3s s\u00e9rie de an\u00fancios ao mercado","isPartOf":{"@id":"https:\/\/www.suno.com.br\/noticias\/#website"},"primaryImageOfPage":{"@id":"https:\/\/www.suno.com.br\/noticias\/viavarejo-vvra3-sobe-apos-anuncios\/#primaryimage"},"image":{"@id":"https:\/\/www.suno.com.br\/noticias\/viavarejo-vvra3-sobe-apos-anuncios\/#primaryimage"},"thumbnailUrl":"https:\/\/files.sunoresearch.com.br\/n\/uploads\/2021\/04\/f0e787ef-via-varejo.-png.webp","datePublished":"2021-04-26T15:39:48+00:00","dateModified":"2021-04-26T16:09:57+00:00","description":"Via Varejo (VVAR3) se valoriza ap\u00f3s s\u00e9rie de an\u00fancios ao mercado. Confira a eleva\u00e7\u00e3o da a\u00e7\u00e3o da Via Varejo na abertura desta segunda-feira.","breadcrumb":{"@id":"https:\/\/www.suno.com.br\/noticias\/viavarejo-vvra3-sobe-apos-anuncios\/#breadcrumb"},"inLanguage":"pt-BR","potentialAction":[{"@type":"ReadAction","target":["https:\/\/www.suno.com.br\/noticias\/viavarejo-vvra3-sobe-apos-anuncios\/"]}]},{"@type":"ImageObject","inLanguage":"pt-BR","@id":"https:\/\/www.suno.com.br\/noticias\/viavarejo-vvra3-sobe-apos-anuncios\/#primaryimage","url":"https:\/\/files.sunoresearch.com.br\/n\/uploads\/2021\/04\/f0e787ef-via-varejo.-png.webp","contentUrl":"https:\/\/files.sunoresearch.com.br\/n\/uploads\/2021\/04\/f0e787ef-via-varejo.-png.webp","width":500,"height":500,"caption":"Via Varejo. Foto: Reprodu\u00e7\u00e3o Facebook"},{"@type":"BreadcrumbList","@id":"https:\/\/www.suno.com.br\/noticias\/viavarejo-vvra3-sobe-apos-anuncios\/#breadcrumb","itemListElement":[{"@type":"ListItem","position":1,"name":"Not\u00edcias","item":"https:\/\/www.suno.com.br\/noticias\/"},{"@type":"ListItem","position":2,"name":"Mercado","item":"https:\/\/www.suno.com.br\/noticias\/mercado\/"},{"@type":"ListItem","position":3,"name":"Via Varejo (VVAR3) se valoriza ap\u00f3s s\u00e9rie de an\u00fancios ao mercado"}]},{"@type":"WebSite","@id":"https:\/\/www.suno.com.br\/noticias\/#website","url":"https:\/\/www.suno.com.br\/noticias\/","name":"Suno Not\u00edcias","description":"Seu portal de informa\u00e7\u00e3o sobre o mundo dos investimentos","publisher":{"@id":"https:\/\/www.suno.com.br\/noticias\/#organization"},"potentialAction":[{"@type":"SearchAction","target":{"@type":"EntryPoint","urlTemplate":"https:\/\/www.suno.com.br\/noticias\/?s={search_term_string}"},"query-input":{"@type":"PropertyValueSpecification","valueRequired":true,"valueName":"search_term_string"}}],"inLanguage":"pt-BR"},{"@type":"Organization","@id":"https:\/\/www.suno.com.br\/noticias\/#organization","name":"Suno Not\u00edcias","url":"https:\/\/www.suno.com.br\/noticias\/","logo":{"@type":"ImageObject","inLanguage":"pt-BR","@id":"https:\/\/www.suno.com.br\/noticias\/#\/schema\/logo\/image\/","url":"https:\/\/files.sunoresearch.com.br\/n\/uploads\/2021\/09\/suno-logo.png","contentUrl":"https:\/\/files.sunoresearch.com.br\/n\/uploads\/2021\/09\/suno-logo.png","width":180,"height":180,"caption":"Suno Not\u00edcias"},"image":{"@id":"https:\/\/www.suno.com.br\/noticias\/#\/schema\/logo\/image\/"},"sameAs":["https:\/\/facebook.com\/sunoresearch","https:\/\/x.com\/sunoresearch","https:\/\/www.instagram.com\/suno","https:\/\/www.linkedin.com\/company\/suno-research\/","https:\/\/www.youtube.com\/c\/sunoresearch"]},{"@type":"Person","@id":"https:\/\/www.suno.com.br\/noticias\/#\/schema\/person\/31a897b059eab5d0f057de7c5db2416e","name":"Fernando Soares","image":{"@type":"ImageObject","inLanguage":"pt-BR","@id":"https:\/\/www.suno.com.br\/noticias\/#\/schema\/person\/image\/","url":"https:\/\/secure.gravatar.com\/avatar\/d5a009f17f82a0aa671dd75155d670f0?s=96&r=g","contentUrl":"https:\/\/secure.gravatar.com\/avatar\/d5a009f17f82a0aa671dd75155d670f0?s=96&r=g","caption":"Fernando Soares"},"description":"Rep\u00f3rter no Suno Not\u00edcias. Jornalista formado pela Pontif\u00edcia Universidade Cat\u00f3lica do Rio Grande do Sul (PUCRS), mestre em Jornalismo pela Universitat Aut\u00f2noma de Barcelona e MBA em Informa\u00e7\u00f5es Econ\u00f4mico-Financeiras e Mercado de Capitais pela Funda\u00e7\u00e3o Instituto de Administra\u00e7\u00e3o (FIA)\/B3. Trabalhou nas reda\u00e7\u00f5es dos jornais Zero Hora e Pioneiro, do Grupo RBS, e Jornal do Com\u00e9rcio\/RS. Vencedor de 17 pr\u00eamios de jornalismo, entre eles os da Comiss\u00e3o de Valores Mobili\u00e1rios (CVM), da Associa\u00e7\u00e3o Riograndense de Imprensa (ARI) e do Conselho de Economia do RS (Corecon-RS).","url":"https:\/\/www.suno.com.br\/noticias\/author\/fernando-soares\/"}]}},"default_loop_html":"<div class=\"cardsPage__listCard__boxs\"><div class=\"cardsPage__listCard__boxs__img\"><a href=\"https:\/\/www.suno.com.br\/noticias\/viavarejo-vvra3-sobe-apos-anuncios\/\"><img class=\"mask\" src=\"https:\/\/www.suno.com.br\/noticias\/wp-content\/themes\/suno\/resources\/images\/spotlight\/spotlight1img\/bg-mask.png\" alt=\"Image Mask\"\/><img src=\"https:\/\/files.sunoresearch.com.br\/n\/uploads\/2021\/04\/f0e787ef-via-varejo.-400x200.webp\" alt=\"Via Varejo (VVAR3) se valoriza ap\u00f3s s\u00e9rie de an\u00fancios ao mercado\"\/><\/a><span class=\"spotlightCategory\"><a href=\"https:\/\/www.suno.com.br\/noticias\/mercado\/\">Mercado<\/a><\/span><\/div><div class=\"cardsPage__listCard__boxs__content\"><a href=\"https:\/\/www.suno.com.br\/noticias\/viavarejo-vvra3-sobe-apos-anuncios\/\"><h2 class=\"content__title\">Via Varejo (VVAR3) se valoriza ap\u00f3s s\u00e9rie de an\u00fancios ao mercado<\/h2><\/a><div class=\"newsContent__article__meta\"><div class=\"newsContent__article__meta__authorBox\"><a href=\"https:\/\/www.suno.com.br\/noticias\/author\/fernando-soares\/\" class=\"authorBox__avatar noMobi\"><img src=\"https:\/\/files.sunoresearch.com.br\/n\/uploads\/2021\/04\/260ff3a8-img-1391-150x150.webp\" alt=\"Fernando Soares\"><\/a><div class=\"authorBox__name\"><span>por\n\t\t\t<a href=\"https:\/\/www.suno.com.br\/noticias\/author\/fernando-soares\/\"><span itemprop=\"author\">Fernando Soares<\/span><\/a><\/span><time datetime=\"2021-04-26T12:39:48-03:00\" itemprop=\"datePublished\">26\/04\/2021 12:39<\/time><\/div><\/div><\/div><\/div><\/div>","single_layout":"posts","amp_enabled":true,"_links":{"self":[{"href":"https:\/\/www.suno.com.br\/noticias\/wp-json\/wp\/v2\/posts\/142178"}],"collection":[{"href":"https:\/\/www.suno.com.br\/noticias\/wp-json\/wp\/v2\/posts"}],"about":[{"href":"https:\/\/www.suno.com.br\/noticias\/wp-json\/wp\/v2\/types\/post"}],"author":[{"embeddable":true,"href":"https:\/\/www.suno.com.br\/noticias\/wp-json\/wp\/v2\/users\/72"}],"replies":[{"embeddable":true,"href":"https:\/\/www.suno.com.br\/noticias\/wp-json\/wp\/v2\/comments?post=142178"}],"version-history":[{"count":3,"href":"https:\/\/www.suno.com.br\/noticias\/wp-json\/wp\/v2\/posts\/142178\/revisions"}],"predecessor-version":[{"id":142274,"href":"https:\/\/www.suno.com.br\/noticias\/wp-json\/wp\/v2\/posts\/142178\/revisions\/142274"}],"wp:featuredmedia":[{"embeddable":true,"href":"https:\/\/www.suno.com.br\/noticias\/wp-json\/wp\/v2\/media\/142181"}],"wp:attachment":[{"href":"https:\/\/www.suno.com.br\/noticias\/wp-json\/wp\/v2\/media?parent=142178"}],"wp:term":[{"taxonomy":"category","embeddable":true,"href":"https:\/\/www.suno.com.br\/noticias\/wp-json\/wp\/v2\/categories?post=142178"},{"taxonomy":"post_tag","embeddable":true,"href":"https:\/\/www.suno.com.br\/noticias\/wp-json\/wp\/v2\/tags?post=142178"},{"taxonomy":"suno_strategy","embeddable":true,"href":"https:\/\/www.suno.com.br\/noticias\/wp-json\/wp\/v2\/suno_strategy?post=142178"}],"curies":[{"name":"wp","href":"https:\/\/api.w.org\/{rel}","templated":true}]}}