{"id":142041,"date":"2021-04-24T18:22:17","date_gmt":"2021-04-24T21:22:17","guid":{"rendered":"https:\/\/www.suno.com.br\/noticias\/?p=142041"},"modified":"2021-04-24T18:22:17","modified_gmt":"2021-04-24T21:22:17","slug":"cade-aprova-aquisicao-grupo-laureate-anima-anim3","status":"publish","type":"post","link":"https:\/\/www.suno.com.br\/noticias\/cade-aprova-aquisicao-grupo-laureate-anima-anim3\/","title":{"rendered":"Cade aprova compra de ativos do Grupo Laureate pela \u00c2nima (ANIM3)"},"content":{"rendered":"<p>A Superintend\u00eancia Geral do <a href=\"https:\/\/www.suno.com.br\/artigos\/cade\/\">Conselho Administrativo de Defesa Econ\u00f4mica (Cade)<\/a> aprovou \u00faltima sexta-feira (24), sem restri\u00e7\u00f5es, a aquisi\u00e7\u00e3o de todos os ativos brasileiros do Grupo Laureate pela <a href=\"https:\/\/www.suno.com.br\/acoes\/anim3\/\"><strong>\u00c2nima<\/strong> (ANIM3)<\/a>.<\/p>\t<div class=\"wrapper-featured-image\">\n\t\t<figure class=\"spotlightImg\">\n\n\t\t\t<picture>\n\t\t\t\t<source media=\"(max-width: 768px)\" srcset=\"https:\/\/files.sunoresearch.com.br\/n\/uploads\/2021\/04\/6be750f7-slide_2-400x200.webp\">\n\t\t\t\t<img loading=\"lazy\" decoding=\"async\" class=\"newsContent__article__imgCapa lazyloadDisabled \" src=\"https:\/\/files.sunoresearch.com.br\/n\/uploads\/2021\/04\/6be750f7-slide_2-800x450.webp\" width=\"800\" height=\"450\" alt=\"Cade aprova compra de ativos do Grupo Laureate pela \u00c2nima (ANIM3)\" fetchpriority=high \/>\n\t\t\t<\/picture>\n\n\t\t\t<figcaption class=\"wp-caption-text wp-caption-text--show\">\u00c2nima (ANIM3). Reprodu\u00e7\u00e3o \u00c2nima Day 2018<\/figcaption>\n\t\t<\/figure>\n\t<\/div>\n\n\n\t<p>\n\t\t<a href=\"https:\/\/lp.suno.com.br\/planilha-controle-gastos\/\" target=\"_blank\" data-element=\"shortcode-suno-banner\" title=\"Banner SUNO, clique e saiba mais\">\n\t\t\t<picture>\n\t\t\t\t<source media=\"(max-width: 500px)\" srcset=\"https:\/\/files.sunoresearch.com.br\/n\/uploads\/2023\/03\/400x300-Planilha-controle-de-gastos.png\">\n\t\t\t\t<img class=\"newsContent__article__imgCapa newsContent__article__imgCapa--banner\"\n\t\t\t\t\tsrc=\"https:\/\/files.sunoresearch.com.br\/n\/uploads\/2023\/03\/1420x240-Planilha-controle-de-gastos.png\"\n\t\t\t\t\tdata-promo-id=\"101751\"\t\t\t\t\t\t\t\t\t\twidth='1420' height='240'\t\t\t\t\talt=\"https:\/\/files.sunoresearch.com.br\/n\/uploads\/2023\/03\/1420x240-Planilha-controle-de-gastos.png\"\n\t\t\t\t>\n\t\t\t<\/picture>\n\t\t<\/a>\n\t<\/p>\n\n\n<p>Desse modo, conforme fato relevante divulgado pela companhia de educa\u00e7\u00e3o na noite de ontem, ter\u00e1 in\u00edcio no dia 27 a contagem do prazo de 15 dias para que a decis\u00e3o transite em julgado e se torne definitiva. Com o tr\u00e2nsito em julgado e superada a condi\u00e7\u00e3o suspensiva da aprova\u00e7\u00e3o pelo Cade, a integra\u00e7\u00e3o das atividades dos ativos brasileiros do <strong>Grupo Laureate<\/strong> \u00e0 \u00c2nima acontecer\u00e1 o mais breve poss\u00edvel.<\/p>\n<p>&#8220;O movimento estrat\u00e9gico da \u00c2nima Educa\u00e7\u00e3o, por sua magnitude e relev\u00e2ncia, cria a companhia com o portf\u00f3lio de melhores e mais valiosas marcas do Pa\u00eds e vem reafirmar nosso compromisso de construir uma companhia s\u00f3lida, com vis\u00e3o de longo prazo e pessoas apaixonadas e obstinadas que buscam incansavelmente gerar impacto positivo para a sociedade. Essa grande conquista \u00e9 para a \u00c2nima Educa\u00e7\u00e3o um importante passo do prop\u00f3sito que nos move: Transformar o Pa\u00eds pela Educa\u00e7\u00e3o! &#8220;, disse a empresa no documento.<\/p>\n<p><a href=\"https:\/\/lp.suno.com.br\/suno-one\/?ppp=noticias\/hospital-care-pedido-ipo-cvm\/\">Suno One: acesse gratuitamente eBooks, Minicursos, Artigos e V\u00eddeo Aulas sobre investimentos com um \u00fanico cadastro. Clique para saber mais!<\/a><\/p>\n<p>A companhia ainda disse que ir\u00e1 informar ao mercado assim que for definida a data do fechamento e realizar\u00e1 um Webinar <span dir=\"ltr\">para <\/span><span dir=\"ltr\">mais informa\u00e7\u00f5es. <\/span><\/p>\n<h2>\u00c2nima aprova emiss\u00e3o de deb\u00eantures<\/h2>\n<p>No in\u00edcio da semana, a \u00c2nima aprovou, em reuni\u00e3o extraordin\u00e1ria, a emiss\u00e3o de R$ 2,5 bilh\u00f5es em <a href=\"https:\/\/www.suno.com.br\/artigos\/debentures\/\">deb\u00eantures simples<\/a>, a sua terceira da hist\u00f3ria. A distribui\u00e7\u00e3o ser\u00e1 feita com esfor\u00e7os restritos, destinada exclusivamente a investidores profissionais.<\/p>\n\t<div data-element=\"shortcode-read-more\" class=\"knowMore\">\n\t\t\t\t<span class=\"knowMore__title\">Saiba mais<\/span>\n\t\t\t\t<a class=\"knowMore__link\" href=\"https:\/\/www.suno.com.br\/noticias\/anima-anim3-vai-captar-r-25-bilhoes-por-meio-de-debentures\/\">\n\t\t\t\u00c2nima (ANIM3) vai captar R$ 2,5 bilh\u00f5es por meio de deb\u00eantures\t\t<\/a>\n\t<\/div>\n\n\n<p>A <strong>\u00c2nima<\/strong> utilizar\u00e1 os recursos levantados para pagar a aquisi\u00e7\u00e3o de 100% da VC Network para a Laureate Brasil. A pr\u00f3pria VC Network ser\u00e1 utilizada como garantia fidejuss\u00f3ria para as deb\u00eantures simples &#8211; que n\u00e3o ser\u00e3o convers\u00edveis em a\u00e7\u00f5es da companhia. O agente fiador ser\u00e1 a Pent\u00e1gono.<\/p>\n\t<p>\n\t\t<a href=\"https:\/\/lp.suno.com.br\/planilha-de-controle-de-investimentos\/\" target=\"_blank\" data-element=\"shortcode-suno-banner\" title=\"Banner SUNO, clique e saiba mais\">\n\t\t\t<picture>\n\t\t\t\t<source media=\"(max-width: 500px)\" srcset=\"https:\/\/files.sunoresearch.com.br\/n\/uploads\/2023\/03\/400x300-Controle-de-Investimentos.png\">\n\t\t\t\t<img class=\"newsContent__article__imgCapa newsContent__article__imgCapa--banner\"\n\t\t\t\t\tsrc=\"https:\/\/files.sunoresearch.com.br\/n\/uploads\/2023\/03\/1420x240-Controle-de-Investimentos.png\"\n\t\t\t\t\tdata-promo-id=\"75934\"\t\t\t\t\t\t\t\t\t\twidth='1420' height='240'\t\t\t\t\talt=\"https:\/\/files.sunoresearch.com.br\/n\/uploads\/2023\/03\/1420x240-Controle-de-Investimentos.png\"\n\t\t\t\t>\n\t\t\t<\/picture>\n\t\t<\/a>\n\t<\/p>\n\n\n","protected":false},"excerpt":{"rendered":"<p>A Superintend\u00eancia Geral do Conselho Administrativo de Defesa Econ\u00f4mica (Cade) aprovou \u00faltima sexta-feira (24), sem restri\u00e7\u00f5es, a aquisi\u00e7\u00e3o de todos os ativos brasileiros do Grupo Laureate pela \u00c2nima (ANIM3). \u00c2nima (ANIM3). Reprodu\u00e7\u00e3o \u00c2nima Day 2018 Desse modo, conforme fato relevante divulgado pela companhia de educa\u00e7\u00e3o na noite de ontem, ter\u00e1 in\u00edcio no dia 27 a [&hellip;]<\/p>\n","protected":false},"author":35,"featured_media":142045,"comment_status":"closed","ping_status":"closed","sticky":false,"template":"","format":"standard","meta":[],"categories":[64],"tags":[361,851,75599],"suno_strategy":[],"class_list":["post-142041","post","type-post","status-publish","format-standard","has-post-thumbnail","hentry","category-negocios","tag-anima-anim3","tag-cade","tag-laureate"],"yoast_head":"<!-- This site is optimized with the Yoast SEO plugin v24.4 - https:\/\/yoast.com\/wordpress\/plugins\/seo\/ -->\n<title>Cade aprova compra de ativos do Grupo Laureate pela \u00c2nima (ANIM3)<\/title>\n<meta name=\"description\" content=\"O Cade aprovou, sem restri\u00e7\u00f5es, a aquisi\u00e7\u00e3o de todos os ativos brasileiros do Grupo Laureate pela \u00c2nima (ANIM3). Clique para saber mais.\" \/>\n<meta name=\"robots\" content=\"index, follow, max-snippet:-1, max-image-preview:large, max-video-preview:-1\" \/>\n<link rel=\"canonical\" href=\"https:\/\/www.suno.com.br\/noticias\/cade-aprova-aquisicao-grupo-laureate-anima-anim3\/\" \/>\n<meta property=\"og:locale\" content=\"pt_BR\" \/>\n<meta property=\"og:type\" content=\"article\" \/>\n<meta property=\"og:title\" content=\"Cade aprova compra de ativos do Grupo Laureate pela \u00c2nima (ANIM3)\" \/>\n<meta property=\"og:description\" content=\"O Cade aprovou, sem restri\u00e7\u00f5es, a aquisi\u00e7\u00e3o de todos os ativos brasileiros do Grupo Laureate pela \u00c2nima (ANIM3). Clique para saber mais.\" \/>\n<meta property=\"og:url\" content=\"https:\/\/www.suno.com.br\/noticias\/cade-aprova-aquisicao-grupo-laureate-anima-anim3\/\" \/>\n<meta property=\"og:site_name\" content=\"Suno Not\u00edcias\" \/>\n<meta property=\"article:publisher\" content=\"https:\/\/facebook.com\/sunoresearch\" \/>\n<meta property=\"og:image\" content=\"https:\/\/files.sunoresearch.com.br\/n\/uploads\/2021\/04\/6be750f7-slide_2.jpg\" \/>\n\t<meta property=\"og:image:width\" content=\"2000\" \/>\n\t<meta property=\"og:image:height\" content=\"617\" \/>\n\t<meta property=\"og:image:type\" content=\"image\/jpeg\" \/>\n<meta name=\"author\" content=\"Arthur Guimar\u00e3es\" \/>\n<meta name=\"twitter:card\" content=\"summary_large_image\" \/>\n<meta name=\"twitter:creator\" content=\"@sunoresearch\" \/>\n<meta name=\"twitter:site\" content=\"@sunoresearch\" \/>\n<meta name=\"twitter:label1\" content=\"Escrito por\" \/>\n\t<meta name=\"twitter:data1\" content=\"Arthur Guimar\u00e3es\" \/>\n\t<meta name=\"twitter:label2\" content=\"Est. tempo de leitura\" \/>\n\t<meta name=\"twitter:data2\" content=\"2 minutos\" \/>\n<script type=\"application\/ld+json\" class=\"yoast-schema-graph\">{\"@context\":\"https:\/\/schema.org\",\"@graph\":[{\"@type\":\"NewsArticle\",\"@id\":\"https:\/\/www.suno.com.br\/noticias\/cade-aprova-aquisicao-grupo-laureate-anima-anim3\/#article\",\"isPartOf\":{\"@id\":\"https:\/\/www.suno.com.br\/noticias\/cade-aprova-aquisicao-grupo-laureate-anima-anim3\/\"},\"author\":{\"name\":\"Arthur Guimar\u00e3es\",\"@id\":\"https:\/\/www.suno.com.br\/noticias\/#\/schema\/person\/053a750a709a263919a20f976caae91c\"},\"headline\":\"Cade aprova compra de ativos do Grupo Laureate pela \u00c2nima (ANIM3)\",\"datePublished\":\"2021-04-24T21:22:17+00:00\",\"mainEntityOfPage\":{\"@id\":\"https:\/\/www.suno.com.br\/noticias\/cade-aprova-aquisicao-grupo-laureate-anima-anim3\/\"},\"wordCount\":371,\"publisher\":{\"@id\":\"https:\/\/www.suno.com.br\/noticias\/#organization\"},\"image\":{\"@id\":\"https:\/\/www.suno.com.br\/noticias\/cade-aprova-aquisicao-grupo-laureate-anima-anim3\/#primaryimage\"},\"thumbnailUrl\":\"https:\/\/files.sunoresearch.com.br\/n\/uploads\/2021\/04\/6be750f7-slide_2-jpg.webp\",\"keywords\":[\"Anima (ANIM3)\",\"CADE\",\"Laureate\"],\"articleSection\":[\"Neg\u00f3cios\"],\"inLanguage\":\"pt-BR\"},{\"@type\":\"WebPage\",\"@id\":\"https:\/\/www.suno.com.br\/noticias\/cade-aprova-aquisicao-grupo-laureate-anima-anim3\/\",\"url\":\"https:\/\/www.suno.com.br\/noticias\/cade-aprova-aquisicao-grupo-laureate-anima-anim3\/\",\"name\":\"Cade aprova compra de ativos do Grupo Laureate pela \u00c2nima (ANIM3)\",\"isPartOf\":{\"@id\":\"https:\/\/www.suno.com.br\/noticias\/#website\"},\"primaryImageOfPage\":{\"@id\":\"https:\/\/www.suno.com.br\/noticias\/cade-aprova-aquisicao-grupo-laureate-anima-anim3\/#primaryimage\"},\"image\":{\"@id\":\"https:\/\/www.suno.com.br\/noticias\/cade-aprova-aquisicao-grupo-laureate-anima-anim3\/#primaryimage\"},\"thumbnailUrl\":\"https:\/\/files.sunoresearch.com.br\/n\/uploads\/2021\/04\/6be750f7-slide_2-jpg.webp\",\"datePublished\":\"2021-04-24T21:22:17+00:00\",\"description\":\"O Cade aprovou, sem restri\u00e7\u00f5es, a aquisi\u00e7\u00e3o de todos os ativos brasileiros do Grupo Laureate pela \u00c2nima (ANIM3). Clique para saber mais.\",\"breadcrumb\":{\"@id\":\"https:\/\/www.suno.com.br\/noticias\/cade-aprova-aquisicao-grupo-laureate-anima-anim3\/#breadcrumb\"},\"inLanguage\":\"pt-BR\",\"potentialAction\":[{\"@type\":\"ReadAction\",\"target\":[\"https:\/\/www.suno.com.br\/noticias\/cade-aprova-aquisicao-grupo-laureate-anima-anim3\/\"]}]},{\"@type\":\"ImageObject\",\"inLanguage\":\"pt-BR\",\"@id\":\"https:\/\/www.suno.com.br\/noticias\/cade-aprova-aquisicao-grupo-laureate-anima-anim3\/#primaryimage\",\"url\":\"https:\/\/files.sunoresearch.com.br\/n\/uploads\/2021\/04\/6be750f7-slide_2-jpg.webp\",\"contentUrl\":\"https:\/\/files.sunoresearch.com.br\/n\/uploads\/2021\/04\/6be750f7-slide_2-jpg.webp\",\"width\":2000,\"height\":617,\"caption\":\"\u00c2nima (ANIM3). Reprodu\u00e7\u00e3o \u00c2nima Day 2018\"},{\"@type\":\"BreadcrumbList\",\"@id\":\"https:\/\/www.suno.com.br\/noticias\/cade-aprova-aquisicao-grupo-laureate-anima-anim3\/#breadcrumb\",\"itemListElement\":[{\"@type\":\"ListItem\",\"position\":1,\"name\":\"Not\u00edcias\",\"item\":\"https:\/\/www.suno.com.br\/noticias\/\"},{\"@type\":\"ListItem\",\"position\":2,\"name\":\"Neg\u00f3cios\",\"item\":\"https:\/\/www.suno.com.br\/noticias\/negocios\/\"},{\"@type\":\"ListItem\",\"position\":3,\"name\":\"Cade aprova compra de ativos do Grupo Laureate pela \u00c2nima (ANIM3)\"}]},{\"@type\":\"WebSite\",\"@id\":\"https:\/\/www.suno.com.br\/noticias\/#website\",\"url\":\"https:\/\/www.suno.com.br\/noticias\/\",\"name\":\"Suno Not\u00edcias\",\"description\":\"Seu portal de informa\u00e7\u00e3o sobre o mundo dos investimentos\",\"publisher\":{\"@id\":\"https:\/\/www.suno.com.br\/noticias\/#organization\"},\"potentialAction\":[{\"@type\":\"SearchAction\",\"target\":{\"@type\":\"EntryPoint\",\"urlTemplate\":\"https:\/\/www.suno.com.br\/noticias\/?s={search_term_string}\"},\"query-input\":{\"@type\":\"PropertyValueSpecification\",\"valueRequired\":true,\"valueName\":\"search_term_string\"}}],\"inLanguage\":\"pt-BR\"},{\"@type\":\"Organization\",\"@id\":\"https:\/\/www.suno.com.br\/noticias\/#organization\",\"name\":\"Suno Not\u00edcias\",\"url\":\"https:\/\/www.suno.com.br\/noticias\/\",\"logo\":{\"@type\":\"ImageObject\",\"inLanguage\":\"pt-BR\",\"@id\":\"https:\/\/www.suno.com.br\/noticias\/#\/schema\/logo\/image\/\",\"url\":\"https:\/\/files.sunoresearch.com.br\/n\/uploads\/2021\/09\/suno-logo.png\",\"contentUrl\":\"https:\/\/files.sunoresearch.com.br\/n\/uploads\/2021\/09\/suno-logo.png\",\"width\":180,\"height\":180,\"caption\":\"Suno Not\u00edcias\"},\"image\":{\"@id\":\"https:\/\/www.suno.com.br\/noticias\/#\/schema\/logo\/image\/\"},\"sameAs\":[\"https:\/\/facebook.com\/sunoresearch\",\"https:\/\/x.com\/sunoresearch\",\"https:\/\/www.instagram.com\/suno\",\"https:\/\/www.linkedin.com\/company\/suno-research\/\",\"https:\/\/www.youtube.com\/c\/sunoresearch\"]},{\"@type\":\"Person\",\"@id\":\"https:\/\/www.suno.com.br\/noticias\/#\/schema\/person\/053a750a709a263919a20f976caae91c\",\"name\":\"Arthur Guimar\u00e3es\",\"image\":{\"@type\":\"ImageObject\",\"inLanguage\":\"pt-BR\",\"@id\":\"https:\/\/www.suno.com.br\/noticias\/#\/schema\/person\/image\/\",\"url\":\"https:\/\/secure.gravatar.com\/avatar\/1affd86a11209ae09eb6dd3bcad3e96c?s=96&r=g\",\"contentUrl\":\"https:\/\/secure.gravatar.com\/avatar\/1affd86a11209ae09eb6dd3bcad3e96c?s=96&r=g\",\"caption\":\"Arthur Guimar\u00e3es\"},\"description\":\"Arthur Guimar\u00e3es escreve sobre pol\u00edtica, economia e neg\u00f3cios para o portal de not\u00edcias da Suno Research. Atualmente, \u00e9 estudante de jornalismo pela Faculdade C\u00e1sper L\u00edbero.\",\"url\":\"https:\/\/www.suno.com.br\/noticias\/author\/arthur-guimaraes\/\"}]}<\/script>\n<!-- \/ Yoast SEO plugin. -->","yoast_head_json":{"title":"Cade aprova compra de ativos do Grupo Laureate pela \u00c2nima (ANIM3)","description":"O Cade aprovou, sem restri\u00e7\u00f5es, a aquisi\u00e7\u00e3o de todos os ativos brasileiros do Grupo Laureate pela \u00c2nima (ANIM3). Clique para saber mais.","robots":{"index":"index","follow":"follow","max-snippet":"max-snippet:-1","max-image-preview":"max-image-preview:large","max-video-preview":"max-video-preview:-1"},"canonical":"https:\/\/www.suno.com.br\/noticias\/cade-aprova-aquisicao-grupo-laureate-anima-anim3\/","og_locale":"pt_BR","og_type":"article","og_title":"Cade aprova compra de ativos do Grupo Laureate pela \u00c2nima (ANIM3)","og_description":"O Cade aprovou, sem restri\u00e7\u00f5es, a aquisi\u00e7\u00e3o de todos os ativos brasileiros do Grupo Laureate pela \u00c2nima (ANIM3). Clique para saber mais.","og_url":"https:\/\/www.suno.com.br\/noticias\/cade-aprova-aquisicao-grupo-laureate-anima-anim3\/","og_site_name":"Suno Not\u00edcias","article_publisher":"https:\/\/facebook.com\/sunoresearch","og_image":[{"width":2000,"height":617,"url":"https:\/\/files.sunoresearch.com.br\/n\/uploads\/2021\/04\/6be750f7-slide_2.jpg","type":"image\/jpeg"}],"author":"Arthur Guimar\u00e3es","twitter_card":"summary_large_image","twitter_creator":"@sunoresearch","twitter_site":"@sunoresearch","twitter_misc":{"Escrito por":"Arthur Guimar\u00e3es","Est. tempo de leitura":"2 minutos"},"schema":{"@context":"https:\/\/schema.org","@graph":[{"@type":"NewsArticle","@id":"https:\/\/www.suno.com.br\/noticias\/cade-aprova-aquisicao-grupo-laureate-anima-anim3\/#article","isPartOf":{"@id":"https:\/\/www.suno.com.br\/noticias\/cade-aprova-aquisicao-grupo-laureate-anima-anim3\/"},"author":{"name":"Arthur Guimar\u00e3es","@id":"https:\/\/www.suno.com.br\/noticias\/#\/schema\/person\/053a750a709a263919a20f976caae91c"},"headline":"Cade aprova compra de ativos do Grupo Laureate pela \u00c2nima (ANIM3)","datePublished":"2021-04-24T21:22:17+00:00","mainEntityOfPage":{"@id":"https:\/\/www.suno.com.br\/noticias\/cade-aprova-aquisicao-grupo-laureate-anima-anim3\/"},"wordCount":371,"publisher":{"@id":"https:\/\/www.suno.com.br\/noticias\/#organization"},"image":{"@id":"https:\/\/www.suno.com.br\/noticias\/cade-aprova-aquisicao-grupo-laureate-anima-anim3\/#primaryimage"},"thumbnailUrl":"https:\/\/files.sunoresearch.com.br\/n\/uploads\/2021\/04\/6be750f7-slide_2-jpg.webp","keywords":["Anima (ANIM3)","CADE","Laureate"],"articleSection":["Neg\u00f3cios"],"inLanguage":"pt-BR"},{"@type":"WebPage","@id":"https:\/\/www.suno.com.br\/noticias\/cade-aprova-aquisicao-grupo-laureate-anima-anim3\/","url":"https:\/\/www.suno.com.br\/noticias\/cade-aprova-aquisicao-grupo-laureate-anima-anim3\/","name":"Cade aprova compra de ativos do Grupo Laureate pela \u00c2nima (ANIM3)","isPartOf":{"@id":"https:\/\/www.suno.com.br\/noticias\/#website"},"primaryImageOfPage":{"@id":"https:\/\/www.suno.com.br\/noticias\/cade-aprova-aquisicao-grupo-laureate-anima-anim3\/#primaryimage"},"image":{"@id":"https:\/\/www.suno.com.br\/noticias\/cade-aprova-aquisicao-grupo-laureate-anima-anim3\/#primaryimage"},"thumbnailUrl":"https:\/\/files.sunoresearch.com.br\/n\/uploads\/2021\/04\/6be750f7-slide_2-jpg.webp","datePublished":"2021-04-24T21:22:17+00:00","description":"O Cade aprovou, sem restri\u00e7\u00f5es, a aquisi\u00e7\u00e3o de todos os ativos brasileiros do Grupo Laureate pela \u00c2nima (ANIM3). Clique para saber mais.","breadcrumb":{"@id":"https:\/\/www.suno.com.br\/noticias\/cade-aprova-aquisicao-grupo-laureate-anima-anim3\/#breadcrumb"},"inLanguage":"pt-BR","potentialAction":[{"@type":"ReadAction","target":["https:\/\/www.suno.com.br\/noticias\/cade-aprova-aquisicao-grupo-laureate-anima-anim3\/"]}]},{"@type":"ImageObject","inLanguage":"pt-BR","@id":"https:\/\/www.suno.com.br\/noticias\/cade-aprova-aquisicao-grupo-laureate-anima-anim3\/#primaryimage","url":"https:\/\/files.sunoresearch.com.br\/n\/uploads\/2021\/04\/6be750f7-slide_2-jpg.webp","contentUrl":"https:\/\/files.sunoresearch.com.br\/n\/uploads\/2021\/04\/6be750f7-slide_2-jpg.webp","width":2000,"height":617,"caption":"\u00c2nima (ANIM3). Reprodu\u00e7\u00e3o \u00c2nima Day 2018"},{"@type":"BreadcrumbList","@id":"https:\/\/www.suno.com.br\/noticias\/cade-aprova-aquisicao-grupo-laureate-anima-anim3\/#breadcrumb","itemListElement":[{"@type":"ListItem","position":1,"name":"Not\u00edcias","item":"https:\/\/www.suno.com.br\/noticias\/"},{"@type":"ListItem","position":2,"name":"Neg\u00f3cios","item":"https:\/\/www.suno.com.br\/noticias\/negocios\/"},{"@type":"ListItem","position":3,"name":"Cade aprova compra de ativos do Grupo Laureate pela \u00c2nima (ANIM3)"}]},{"@type":"WebSite","@id":"https:\/\/www.suno.com.br\/noticias\/#website","url":"https:\/\/www.suno.com.br\/noticias\/","name":"Suno Not\u00edcias","description":"Seu portal de informa\u00e7\u00e3o sobre o mundo dos investimentos","publisher":{"@id":"https:\/\/www.suno.com.br\/noticias\/#organization"},"potentialAction":[{"@type":"SearchAction","target":{"@type":"EntryPoint","urlTemplate":"https:\/\/www.suno.com.br\/noticias\/?s={search_term_string}"},"query-input":{"@type":"PropertyValueSpecification","valueRequired":true,"valueName":"search_term_string"}}],"inLanguage":"pt-BR"},{"@type":"Organization","@id":"https:\/\/www.suno.com.br\/noticias\/#organization","name":"Suno Not\u00edcias","url":"https:\/\/www.suno.com.br\/noticias\/","logo":{"@type":"ImageObject","inLanguage":"pt-BR","@id":"https:\/\/www.suno.com.br\/noticias\/#\/schema\/logo\/image\/","url":"https:\/\/files.sunoresearch.com.br\/n\/uploads\/2021\/09\/suno-logo.png","contentUrl":"https:\/\/files.sunoresearch.com.br\/n\/uploads\/2021\/09\/suno-logo.png","width":180,"height":180,"caption":"Suno Not\u00edcias"},"image":{"@id":"https:\/\/www.suno.com.br\/noticias\/#\/schema\/logo\/image\/"},"sameAs":["https:\/\/facebook.com\/sunoresearch","https:\/\/x.com\/sunoresearch","https:\/\/www.instagram.com\/suno","https:\/\/www.linkedin.com\/company\/suno-research\/","https:\/\/www.youtube.com\/c\/sunoresearch"]},{"@type":"Person","@id":"https:\/\/www.suno.com.br\/noticias\/#\/schema\/person\/053a750a709a263919a20f976caae91c","name":"Arthur Guimar\u00e3es","image":{"@type":"ImageObject","inLanguage":"pt-BR","@id":"https:\/\/www.suno.com.br\/noticias\/#\/schema\/person\/image\/","url":"https:\/\/secure.gravatar.com\/avatar\/1affd86a11209ae09eb6dd3bcad3e96c?s=96&r=g","contentUrl":"https:\/\/secure.gravatar.com\/avatar\/1affd86a11209ae09eb6dd3bcad3e96c?s=96&r=g","caption":"Arthur Guimar\u00e3es"},"description":"Arthur Guimar\u00e3es escreve sobre pol\u00edtica, economia e neg\u00f3cios para o portal de not\u00edcias da Suno Research. Atualmente, \u00e9 estudante de jornalismo pela Faculdade C\u00e1sper L\u00edbero.","url":"https:\/\/www.suno.com.br\/noticias\/author\/arthur-guimaraes\/"}]}},"default_loop_html":"<div class=\"cardsPage__listCard__boxs\"><div class=\"cardsPage__listCard__boxs__img\"><a href=\"https:\/\/www.suno.com.br\/noticias\/cade-aprova-aquisicao-grupo-laureate-anima-anim3\/\"><img class=\"mask\" src=\"https:\/\/www.suno.com.br\/noticias\/wp-content\/themes\/suno\/resources\/images\/spotlight\/spotlight1img\/bg-mask.png\" alt=\"Image Mask\"\/><img src=\"https:\/\/files.sunoresearch.com.br\/n\/uploads\/2021\/04\/6be750f7-slide_2-400x200.webp\" alt=\"Cade aprova compra de ativos do Grupo Laureate pela \u00c2nima (ANIM3)\"\/><\/a><span class=\"spotlightCategory\"><a href=\"https:\/\/www.suno.com.br\/noticias\/negocios\/\">Neg\u00f3cios<\/a><\/span><\/div><div class=\"cardsPage__listCard__boxs__content\"><a href=\"https:\/\/www.suno.com.br\/noticias\/cade-aprova-aquisicao-grupo-laureate-anima-anim3\/\"><h2 class=\"content__title\">Cade aprova compra de ativos do Grupo Laureate pela \u00c2nima (ANIM3)<\/h2><\/a><div class=\"newsContent__article__meta\"><div class=\"newsContent__article__meta__authorBox\"><a href=\"https:\/\/www.suno.com.br\/noticias\/author\/arthur-guimaraes\/\" class=\"authorBox__avatar noMobi\"><img src=\"https:\/\/files.sunoresearch.com.br\/n\/uploads\/2020\/02\/dfb40897-eu-150x150.webp\" alt=\"Arthur Guimar\u00e3es\"><\/a><div class=\"authorBox__name\"><span>por\n\t\t\t<a href=\"https:\/\/www.suno.com.br\/noticias\/author\/arthur-guimaraes\/\"><span itemprop=\"author\">Arthur Guimar\u00e3es<\/span><\/a><\/span><time datetime=\"2021-04-24T18:22:17-03:00\" itemprop=\"datePublished\">24\/04\/2021 18:22<\/time><\/div><\/div><\/div><\/div><\/div>","single_layout":"posts","amp_enabled":true,"_links":{"self":[{"href":"https:\/\/www.suno.com.br\/noticias\/wp-json\/wp\/v2\/posts\/142041"}],"collection":[{"href":"https:\/\/www.suno.com.br\/noticias\/wp-json\/wp\/v2\/posts"}],"about":[{"href":"https:\/\/www.suno.com.br\/noticias\/wp-json\/wp\/v2\/types\/post"}],"author":[{"embeddable":true,"href":"https:\/\/www.suno.com.br\/noticias\/wp-json\/wp\/v2\/users\/35"}],"replies":[{"embeddable":true,"href":"https:\/\/www.suno.com.br\/noticias\/wp-json\/wp\/v2\/comments?post=142041"}],"version-history":[{"count":1,"href":"https:\/\/www.suno.com.br\/noticias\/wp-json\/wp\/v2\/posts\/142041\/revisions"}],"predecessor-version":[{"id":142046,"href":"https:\/\/www.suno.com.br\/noticias\/wp-json\/wp\/v2\/posts\/142041\/revisions\/142046"}],"wp:featuredmedia":[{"embeddable":true,"href":"https:\/\/www.suno.com.br\/noticias\/wp-json\/wp\/v2\/media\/142045"}],"wp:attachment":[{"href":"https:\/\/www.suno.com.br\/noticias\/wp-json\/wp\/v2\/media?parent=142041"}],"wp:term":[{"taxonomy":"category","embeddable":true,"href":"https:\/\/www.suno.com.br\/noticias\/wp-json\/wp\/v2\/categories?post=142041"},{"taxonomy":"post_tag","embeddable":true,"href":"https:\/\/www.suno.com.br\/noticias\/wp-json\/wp\/v2\/tags?post=142041"},{"taxonomy":"suno_strategy","embeddable":true,"href":"https:\/\/www.suno.com.br\/noticias\/wp-json\/wp\/v2\/suno_strategy?post=142041"}],"curies":[{"name":"wp","href":"https:\/\/api.w.org\/{rel}","templated":true}]}}