{"id":141850,"date":"2021-04-23T16:46:10","date_gmt":"2021-04-23T19:46:10","guid":{"rendered":"https:\/\/www.suno.com.br\/noticias\/?p=141850"},"modified":"2021-04-23T16:46:10","modified_gmt":"2021-04-23T19:46:10","slug":"modalmais-modl11-traz-dois-ex-itau-alta-renda","status":"publish","type":"post","link":"https:\/\/www.suno.com.br\/noticias\/modalmais-modl11-traz-dois-ex-itau-alta-renda\/","title":{"rendered":"Modalmais (MODL11) traz dois ex-Ita\u00fa (ITUB4) para refor\u00e7ar linha de alta renda"},"content":{"rendered":"<p>O <strong>Modalmais<\/strong> (MODL11) continua em processo de abertura de capital na <a href=\"https:\/\/www.suno.com.br\/artigos\/b3\/\">Bolsa de Valores de S\u00e3o Paulo (B3)<\/a>, mas n\u00e3o tirou o p\u00e9 do acelerador. Pelo contr\u00e1rio, o banco digital anunciou nesta sexta-feira (23) a contrata\u00e7\u00e3o de dois novos executivos, vindos do Ita\u00fa Personnalit\u00e9, para liderar o segmento de alta renda.<\/p>\t<div class=\"wrapper-featured-image\">\n\t\t<figure class=\"spotlightImg\">\n\n\t\t\t<picture>\n\t\t\t\t<source media=\"(max-width: 768px)\" srcset=\"https:\/\/files.sunoresearch.com.br\/n\/uploads\/2021\/04\/b73a5d71-nao-cliente-400x200.webp\">\n\t\t\t\t<img loading=\"lazy\" decoding=\"async\" class=\"newsContent__article__imgCapa lazyloadDisabled \" src=\"https:\/\/files.sunoresearch.com.br\/n\/uploads\/2021\/04\/b73a5d71-nao-cliente-png.webp\" width=\"800\" height=\"450\" alt=\"Modalmais (MODL11) traz dois ex-Ita\u00fa (ITUB4) para refor\u00e7ar linha de alta renda\" fetchpriority=high \/>\n\t\t\t<\/picture>\n\n\t\t\t<figcaption class=\"wp-caption-text wp-caption-text--show\">Modalmais. Foto: Reprodu\u00e7\u00e3o Site<\/figcaption>\n\t\t<\/figure>\n\t<\/div>\n\n\n\t<p>\n\t\t<a href=\"https:\/\/lp.suno.com.br\/planilha-controle-gastos\/\" target=\"_blank\" data-element=\"shortcode-suno-banner\" title=\"Banner SUNO, clique e saiba mais\">\n\t\t\t<picture>\n\t\t\t\t<source media=\"(max-width: 500px)\" srcset=\"https:\/\/files.sunoresearch.com.br\/n\/uploads\/2023\/03\/400x300-Planilha-controle-de-gastos.png\">\n\t\t\t\t<img class=\"newsContent__article__imgCapa newsContent__article__imgCapa--banner\"\n\t\t\t\t\tsrc=\"https:\/\/files.sunoresearch.com.br\/n\/uploads\/2023\/03\/1420x240-Planilha-controle-de-gastos.png\"\n\t\t\t\t\tdata-promo-id=\"101751\"\t\t\t\t\t\t\t\t\t\twidth='1420' height='240'\t\t\t\t\talt=\"https:\/\/files.sunoresearch.com.br\/n\/uploads\/2023\/03\/1420x240-Planilha-controle-de-gastos.png\"\n\t\t\t\t>\n\t\t\t<\/picture>\n\t\t<\/a>\n\t<\/p>\n\n\n<p>Patr\u00edcia Aiello e Ewerson Padovan chegam ao Modalmais com mais de 20 anos de experi\u00eancia no mercado e depois de coordenarem mais de 1.500 profissionais no segmento de alta renda para o varejo do <a href=\"https:\/\/www.suno.com.br\/acoes\/itub4\/\"><strong>Ita\u00fa<\/strong> (ITUB4)<\/a>.<\/p>\n<p>Com passagens por Banco de Cr\u00e9dito Nacional (BCN) e <a href=\"https:\/\/www.suno.com.br\/acoes\/bbdc4\/\">Bradesco (BBDC4)<\/a>, Padovan atuava como superintendente digital no <strong>Ita\u00fa Personnalit\u00e9<\/strong>, onde era respons\u00e1vel pela gest\u00e3o de equipes comerciais, da rede f\u00edsica e digital. Aiello, por sua vez, era gerente regional digital, onde se especializou na implanta\u00e7\u00e3o e gest\u00e3o da opera\u00e7\u00e3o digital.<\/p>\n<p><a href=\"https:\/\/lp.suno.com.br\/suno-one\/?ppp=noticias\/hospital-care-pedido-ipo-cvm\/\">Suno One: acesse gratuitamente eBooks, Minicursos, Artigos e V\u00eddeo Aulas sobre investimentos com um \u00fanico cadastro. Clique para saber mais!<\/a><\/p>\n<p>Os executivos agora assumem como os heads do segmento de alta renda do Modalmais.<\/p>\n<h2>Modalmais abre o bolso \u00e0s v\u00e9speras de IPO<\/h2>\n<p>H\u00e1 exatas duas semanas, o banco digital refor\u00e7ou o portf\u00f3lio com mais duas novas compras, a <strong>Refinaria de Dados<\/strong> e a <strong>Carteira Global<\/strong>.<\/p>\n\t<div data-element=\"shortcode-read-more\" class=\"knowMore\">\n\t\t\t\t<span class=\"knowMore__title\">Leia mais<\/span>\n\t\t\t\t<a class=\"knowMore__link\" href=\"https:\/\/www.suno.com.br\/noticias\/reserva-de-acoes-para-ipo-do-modalmais-modl11-comeca-hoje\/\">\n\t\t\tReserva de a\u00e7\u00f5es para IPO do Modalmais (MODL11) come\u00e7a hoje\t\t<\/a>\n\t<\/div>\n\n\n<p>A primeira, uma startup com foco em desenvolvimento de produtos digitais para o mercado financeiro, &#8220;vem para acelerar o uso de intelig\u00eancia de dados da casa e compartilhados atrav\u00e9s do open-finance&#8221;, disse o Modalmais. O objetivo \u00e9 utilizar a infraestrutura e tecnologia de coleta, pr\u00e9-processamento, an\u00e1lise e visualiza\u00e7\u00e3o de dados da Refinaria para melhorar a compreens\u00e3o das necessidades de clientes e parceiros.<\/p>\n\t<p>\n\t\t<a href=\"https:\/\/lp.suno.com.br\/planilha-da-vida-financeira\/\" target=\"_blank\" data-element=\"shortcode-suno-banner\" title=\"Banner SUNO, clique e saiba mais\">\n\t\t\t<picture>\n\t\t\t\t<source media=\"(max-width: 500px)\" srcset=\"https:\/\/files.sunoresearch.com.br\/n\/uploads\/2023\/04\/400x300-Planilha-vida-financeira-true.png\">\n\t\t\t\t<img class=\"newsContent__article__imgCapa newsContent__article__imgCapa--banner\"\n\t\t\t\t\tsrc=\"https:\/\/files.sunoresearch.com.br\/n\/uploads\/2023\/04\/1420x240-Planilha-vida-financeira-true.png\"\n\t\t\t\t\tdata-promo-id=\"106682\"\t\t\t\t\t\t\t\t\t\twidth='1420' height='240'\t\t\t\t\talt=\"https:\/\/files.sunoresearch.com.br\/n\/uploads\/2023\/04\/1420x240-Planilha-vida-financeira-true.png\"\n\t\t\t\t>\n\t\t\t<\/picture>\n\t\t<\/a>\n\t<\/p>\n\n\n<p>J\u00e1 a segunda \u00e9 uma plataforma de gerenciamento e consolida\u00e7\u00e3o de carteiras de investimentos. A empresa oferece servi\u00e7os tanto para investidores quanto assessores e consultores financeiros, disponibilizando\u00a0 ferramentas de an\u00e1lise com informa\u00e7\u00f5es e estat\u00edsticas.<\/p>\n<p>Ambas as compras do <strong>Modalmais<\/strong> foram da totalidade do capital das companhias e ainda est\u00e3o sujeitas \u00e0 aprova\u00e7\u00e3o pelo <a href=\"https:\/\/www.suno.com.br\/artigos\/bacen\/\">Banco Central (BC)<\/a>.<\/p>\n\t<p>\n\t\t<a href=\"https:\/\/lp.suno.com.br\/planilha-de-controle-de-investimentos\/\" target=\"_blank\" data-element=\"shortcode-suno-banner\" title=\"Banner SUNO, clique e saiba mais\">\n\t\t\t<picture>\n\t\t\t\t<source media=\"(max-width: 500px)\" srcset=\"https:\/\/files.sunoresearch.com.br\/n\/uploads\/2023\/03\/400x300-Controle-de-Investimentos.png\">\n\t\t\t\t<img class=\"newsContent__article__imgCapa newsContent__article__imgCapa--banner\"\n\t\t\t\t\tsrc=\"https:\/\/files.sunoresearch.com.br\/n\/uploads\/2023\/03\/1420x240-Controle-de-Investimentos.png\"\n\t\t\t\t\tdata-promo-id=\"75934\"\t\t\t\t\t\t\t\t\t\twidth='1420' height='240'\t\t\t\t\talt=\"https:\/\/files.sunoresearch.com.br\/n\/uploads\/2023\/03\/1420x240-Controle-de-Investimentos.png\"\n\t\t\t\t>\n\t\t\t<\/picture>\n\t\t<\/a>\n\t<\/p>\n\n\n","protected":false},"excerpt":{"rendered":"<p>O Modalmais (MODL11) continua em processo de abertura de capital na Bolsa de Valores de S\u00e3o Paulo (B3), mas n\u00e3o tirou o p\u00e9 do acelerador. Pelo contr\u00e1rio, o banco digital anunciou nesta sexta-feira (23) a contrata\u00e7\u00e3o de dois novos executivos, vindos do Ita\u00fa Personnalit\u00e9, para liderar o segmento de alta renda. Modalmais. Foto: Reprodu\u00e7\u00e3o Site [&hellip;]<\/p>\n","protected":false},"author":35,"featured_media":141878,"comment_status":"closed","ping_status":"closed","sticky":false,"template":"","format":"standard","meta":[],"categories":[64],"tags":[519,2338],"suno_strategy":[],"class_list":["post-141850","post","type-post","status-publish","format-standard","has-post-thumbnail","hentry","category-negocios","tag-itau-unibanco-itub3-itub4","tag-modalmais-modl11"],"yoast_head":"<!-- This site is optimized with the Yoast SEO plugin v24.4 - https:\/\/yoast.com\/wordpress\/plugins\/seo\/ -->\n<title>Modalmais (MODL11) traz dois ex-Ita\u00fa para refor\u00e7ar linha de alta renda<\/title>\n<meta name=\"description\" content=\"O Modalmais (MODL11) contratou 2 novos executivos, vindos do Ita\u00fa Personnalit\u00e9, para liderar o segmento de alta renda. Clique para saber mais\" \/>\n<meta name=\"robots\" content=\"index, follow, max-snippet:-1, max-image-preview:large, max-video-preview:-1\" \/>\n<link rel=\"canonical\" href=\"https:\/\/www.suno.com.br\/noticias\/modalmais-modl11-traz-dois-ex-itau-alta-renda\/\" \/>\n<meta property=\"og:locale\" content=\"pt_BR\" \/>\n<meta property=\"og:type\" content=\"article\" \/>\n<meta property=\"og:title\" content=\"Modalmais (MODL11) traz dois ex-Ita\u00fa para refor\u00e7ar linha de alta renda\" \/>\n<meta property=\"og:description\" content=\"O Modalmais (MODL11) contratou 2 novos executivos, vindos do Ita\u00fa Personnalit\u00e9, para liderar o segmento de alta renda. Clique para saber mais\" \/>\n<meta property=\"og:url\" content=\"https:\/\/www.suno.com.br\/noticias\/modalmais-modl11-traz-dois-ex-itau-alta-renda\/\" \/>\n<meta property=\"og:site_name\" content=\"Suno Not\u00edcias\" \/>\n<meta property=\"article:publisher\" content=\"https:\/\/facebook.com\/sunoresearch\" \/>\n<meta property=\"og:image\" content=\"https:\/\/files.sunoresearch.com.br\/n\/uploads\/2021\/04\/b73a5d71-nao-cliente.png\" \/>\n\t<meta property=\"og:image:width\" content=\"1105\" \/>\n\t<meta property=\"og:image:height\" content=\"428\" \/>\n\t<meta property=\"og:image:type\" content=\"image\/png\" \/>\n<meta name=\"author\" content=\"Arthur Guimar\u00e3es\" \/>\n<meta name=\"twitter:card\" content=\"summary_large_image\" \/>\n<meta name=\"twitter:creator\" content=\"@sunoresearch\" \/>\n<meta name=\"twitter:site\" content=\"@sunoresearch\" \/>\n<meta name=\"twitter:label1\" content=\"Escrito por\" \/>\n\t<meta name=\"twitter:data1\" content=\"Arthur Guimar\u00e3es\" \/>\n\t<meta name=\"twitter:label2\" content=\"Est. tempo de leitura\" \/>\n\t<meta name=\"twitter:data2\" content=\"2 minutos\" \/>\n<script type=\"application\/ld+json\" class=\"yoast-schema-graph\">{\"@context\":\"https:\/\/schema.org\",\"@graph\":[{\"@type\":\"NewsArticle\",\"@id\":\"https:\/\/www.suno.com.br\/noticias\/modalmais-modl11-traz-dois-ex-itau-alta-renda\/#article\",\"isPartOf\":{\"@id\":\"https:\/\/www.suno.com.br\/noticias\/modalmais-modl11-traz-dois-ex-itau-alta-renda\/\"},\"author\":{\"name\":\"Arthur Guimar\u00e3es\",\"@id\":\"https:\/\/www.suno.com.br\/noticias\/#\/schema\/person\/053a750a709a263919a20f976caae91c\"},\"headline\":\"Modalmais (MODL11) traz dois ex-Ita\u00fa (ITUB4) para refor\u00e7ar linha de alta renda\",\"datePublished\":\"2021-04-23T19:46:10+00:00\",\"mainEntityOfPage\":{\"@id\":\"https:\/\/www.suno.com.br\/noticias\/modalmais-modl11-traz-dois-ex-itau-alta-renda\/\"},\"wordCount\":373,\"publisher\":{\"@id\":\"https:\/\/www.suno.com.br\/noticias\/#organization\"},\"image\":{\"@id\":\"https:\/\/www.suno.com.br\/noticias\/modalmais-modl11-traz-dois-ex-itau-alta-renda\/#primaryimage\"},\"thumbnailUrl\":\"https:\/\/files.sunoresearch.com.br\/n\/uploads\/2021\/04\/b73a5d71-nao-cliente-png.webp\",\"keywords\":[\"Ita\u00fa Unibanco (ITUB3\/ITUB4)\",\"Modalmais (MODL11)\"],\"articleSection\":[\"Neg\u00f3cios\"],\"inLanguage\":\"pt-BR\"},{\"@type\":\"WebPage\",\"@id\":\"https:\/\/www.suno.com.br\/noticias\/modalmais-modl11-traz-dois-ex-itau-alta-renda\/\",\"url\":\"https:\/\/www.suno.com.br\/noticias\/modalmais-modl11-traz-dois-ex-itau-alta-renda\/\",\"name\":\"Modalmais (MODL11) traz dois ex-Ita\u00fa para refor\u00e7ar linha de alta renda\",\"isPartOf\":{\"@id\":\"https:\/\/www.suno.com.br\/noticias\/#website\"},\"primaryImageOfPage\":{\"@id\":\"https:\/\/www.suno.com.br\/noticias\/modalmais-modl11-traz-dois-ex-itau-alta-renda\/#primaryimage\"},\"image\":{\"@id\":\"https:\/\/www.suno.com.br\/noticias\/modalmais-modl11-traz-dois-ex-itau-alta-renda\/#primaryimage\"},\"thumbnailUrl\":\"https:\/\/files.sunoresearch.com.br\/n\/uploads\/2021\/04\/b73a5d71-nao-cliente-png.webp\",\"datePublished\":\"2021-04-23T19:46:10+00:00\",\"description\":\"O Modalmais (MODL11) contratou 2 novos executivos, vindos do Ita\u00fa Personnalit\u00e9, para liderar o segmento de alta renda. Clique para saber mais\",\"breadcrumb\":{\"@id\":\"https:\/\/www.suno.com.br\/noticias\/modalmais-modl11-traz-dois-ex-itau-alta-renda\/#breadcrumb\"},\"inLanguage\":\"pt-BR\",\"potentialAction\":[{\"@type\":\"ReadAction\",\"target\":[\"https:\/\/www.suno.com.br\/noticias\/modalmais-modl11-traz-dois-ex-itau-alta-renda\/\"]}]},{\"@type\":\"ImageObject\",\"inLanguage\":\"pt-BR\",\"@id\":\"https:\/\/www.suno.com.br\/noticias\/modalmais-modl11-traz-dois-ex-itau-alta-renda\/#primaryimage\",\"url\":\"https:\/\/files.sunoresearch.com.br\/n\/uploads\/2021\/04\/b73a5d71-nao-cliente-png.webp\",\"contentUrl\":\"https:\/\/files.sunoresearch.com.br\/n\/uploads\/2021\/04\/b73a5d71-nao-cliente-png.webp\",\"width\":1105,\"height\":428,\"caption\":\"Modalmais. Foto: Reprodu\u00e7\u00e3o Site\"},{\"@type\":\"BreadcrumbList\",\"@id\":\"https:\/\/www.suno.com.br\/noticias\/modalmais-modl11-traz-dois-ex-itau-alta-renda\/#breadcrumb\",\"itemListElement\":[{\"@type\":\"ListItem\",\"position\":1,\"name\":\"Not\u00edcias\",\"item\":\"https:\/\/www.suno.com.br\/noticias\/\"},{\"@type\":\"ListItem\",\"position\":2,\"name\":\"Neg\u00f3cios\",\"item\":\"https:\/\/www.suno.com.br\/noticias\/negocios\/\"},{\"@type\":\"ListItem\",\"position\":3,\"name\":\"Modalmais (MODL11) traz dois ex-Ita\u00fa (ITUB4) para refor\u00e7ar linha de alta renda\"}]},{\"@type\":\"WebSite\",\"@id\":\"https:\/\/www.suno.com.br\/noticias\/#website\",\"url\":\"https:\/\/www.suno.com.br\/noticias\/\",\"name\":\"Suno Not\u00edcias\",\"description\":\"Seu portal de informa\u00e7\u00e3o sobre o mundo dos investimentos\",\"publisher\":{\"@id\":\"https:\/\/www.suno.com.br\/noticias\/#organization\"},\"potentialAction\":[{\"@type\":\"SearchAction\",\"target\":{\"@type\":\"EntryPoint\",\"urlTemplate\":\"https:\/\/www.suno.com.br\/noticias\/?s={search_term_string}\"},\"query-input\":{\"@type\":\"PropertyValueSpecification\",\"valueRequired\":true,\"valueName\":\"search_term_string\"}}],\"inLanguage\":\"pt-BR\"},{\"@type\":\"Organization\",\"@id\":\"https:\/\/www.suno.com.br\/noticias\/#organization\",\"name\":\"Suno Not\u00edcias\",\"url\":\"https:\/\/www.suno.com.br\/noticias\/\",\"logo\":{\"@type\":\"ImageObject\",\"inLanguage\":\"pt-BR\",\"@id\":\"https:\/\/www.suno.com.br\/noticias\/#\/schema\/logo\/image\/\",\"url\":\"https:\/\/files.sunoresearch.com.br\/n\/uploads\/2021\/09\/suno-logo.png\",\"contentUrl\":\"https:\/\/files.sunoresearch.com.br\/n\/uploads\/2021\/09\/suno-logo.png\",\"width\":180,\"height\":180,\"caption\":\"Suno Not\u00edcias\"},\"image\":{\"@id\":\"https:\/\/www.suno.com.br\/noticias\/#\/schema\/logo\/image\/\"},\"sameAs\":[\"https:\/\/facebook.com\/sunoresearch\",\"https:\/\/x.com\/sunoresearch\",\"https:\/\/www.instagram.com\/suno\",\"https:\/\/www.linkedin.com\/company\/suno-research\/\",\"https:\/\/www.youtube.com\/c\/sunoresearch\"]},{\"@type\":\"Person\",\"@id\":\"https:\/\/www.suno.com.br\/noticias\/#\/schema\/person\/053a750a709a263919a20f976caae91c\",\"name\":\"Arthur Guimar\u00e3es\",\"image\":{\"@type\":\"ImageObject\",\"inLanguage\":\"pt-BR\",\"@id\":\"https:\/\/www.suno.com.br\/noticias\/#\/schema\/person\/image\/\",\"url\":\"https:\/\/secure.gravatar.com\/avatar\/1affd86a11209ae09eb6dd3bcad3e96c?s=96&r=g\",\"contentUrl\":\"https:\/\/secure.gravatar.com\/avatar\/1affd86a11209ae09eb6dd3bcad3e96c?s=96&r=g\",\"caption\":\"Arthur Guimar\u00e3es\"},\"description\":\"Arthur Guimar\u00e3es escreve sobre pol\u00edtica, economia e neg\u00f3cios para o portal de not\u00edcias da Suno Research. Atualmente, \u00e9 estudante de jornalismo pela Faculdade C\u00e1sper L\u00edbero.\",\"url\":\"https:\/\/www.suno.com.br\/noticias\/author\/arthur-guimaraes\/\"}]}<\/script>\n<!-- \/ Yoast SEO plugin. -->","yoast_head_json":{"title":"Modalmais (MODL11) traz dois ex-Ita\u00fa para refor\u00e7ar linha de alta renda","description":"O Modalmais (MODL11) contratou 2 novos executivos, vindos do Ita\u00fa Personnalit\u00e9, para liderar o segmento de alta renda. Clique para saber mais","robots":{"index":"index","follow":"follow","max-snippet":"max-snippet:-1","max-image-preview":"max-image-preview:large","max-video-preview":"max-video-preview:-1"},"canonical":"https:\/\/www.suno.com.br\/noticias\/modalmais-modl11-traz-dois-ex-itau-alta-renda\/","og_locale":"pt_BR","og_type":"article","og_title":"Modalmais (MODL11) traz dois ex-Ita\u00fa para refor\u00e7ar linha de alta renda","og_description":"O Modalmais (MODL11) contratou 2 novos executivos, vindos do Ita\u00fa Personnalit\u00e9, para liderar o segmento de alta renda. Clique para saber mais","og_url":"https:\/\/www.suno.com.br\/noticias\/modalmais-modl11-traz-dois-ex-itau-alta-renda\/","og_site_name":"Suno Not\u00edcias","article_publisher":"https:\/\/facebook.com\/sunoresearch","og_image":[{"width":1105,"height":428,"url":"https:\/\/files.sunoresearch.com.br\/n\/uploads\/2021\/04\/b73a5d71-nao-cliente.png","type":"image\/png"}],"author":"Arthur Guimar\u00e3es","twitter_card":"summary_large_image","twitter_creator":"@sunoresearch","twitter_site":"@sunoresearch","twitter_misc":{"Escrito por":"Arthur Guimar\u00e3es","Est. tempo de leitura":"2 minutos"},"schema":{"@context":"https:\/\/schema.org","@graph":[{"@type":"NewsArticle","@id":"https:\/\/www.suno.com.br\/noticias\/modalmais-modl11-traz-dois-ex-itau-alta-renda\/#article","isPartOf":{"@id":"https:\/\/www.suno.com.br\/noticias\/modalmais-modl11-traz-dois-ex-itau-alta-renda\/"},"author":{"name":"Arthur Guimar\u00e3es","@id":"https:\/\/www.suno.com.br\/noticias\/#\/schema\/person\/053a750a709a263919a20f976caae91c"},"headline":"Modalmais (MODL11) traz dois ex-Ita\u00fa (ITUB4) para refor\u00e7ar linha de alta renda","datePublished":"2021-04-23T19:46:10+00:00","mainEntityOfPage":{"@id":"https:\/\/www.suno.com.br\/noticias\/modalmais-modl11-traz-dois-ex-itau-alta-renda\/"},"wordCount":373,"publisher":{"@id":"https:\/\/www.suno.com.br\/noticias\/#organization"},"image":{"@id":"https:\/\/www.suno.com.br\/noticias\/modalmais-modl11-traz-dois-ex-itau-alta-renda\/#primaryimage"},"thumbnailUrl":"https:\/\/files.sunoresearch.com.br\/n\/uploads\/2021\/04\/b73a5d71-nao-cliente-png.webp","keywords":["Ita\u00fa Unibanco (ITUB3\/ITUB4)","Modalmais (MODL11)"],"articleSection":["Neg\u00f3cios"],"inLanguage":"pt-BR"},{"@type":"WebPage","@id":"https:\/\/www.suno.com.br\/noticias\/modalmais-modl11-traz-dois-ex-itau-alta-renda\/","url":"https:\/\/www.suno.com.br\/noticias\/modalmais-modl11-traz-dois-ex-itau-alta-renda\/","name":"Modalmais (MODL11) traz dois ex-Ita\u00fa para refor\u00e7ar linha de alta renda","isPartOf":{"@id":"https:\/\/www.suno.com.br\/noticias\/#website"},"primaryImageOfPage":{"@id":"https:\/\/www.suno.com.br\/noticias\/modalmais-modl11-traz-dois-ex-itau-alta-renda\/#primaryimage"},"image":{"@id":"https:\/\/www.suno.com.br\/noticias\/modalmais-modl11-traz-dois-ex-itau-alta-renda\/#primaryimage"},"thumbnailUrl":"https:\/\/files.sunoresearch.com.br\/n\/uploads\/2021\/04\/b73a5d71-nao-cliente-png.webp","datePublished":"2021-04-23T19:46:10+00:00","description":"O Modalmais (MODL11) contratou 2 novos executivos, vindos do Ita\u00fa Personnalit\u00e9, para liderar o segmento de alta renda. Clique para saber mais","breadcrumb":{"@id":"https:\/\/www.suno.com.br\/noticias\/modalmais-modl11-traz-dois-ex-itau-alta-renda\/#breadcrumb"},"inLanguage":"pt-BR","potentialAction":[{"@type":"ReadAction","target":["https:\/\/www.suno.com.br\/noticias\/modalmais-modl11-traz-dois-ex-itau-alta-renda\/"]}]},{"@type":"ImageObject","inLanguage":"pt-BR","@id":"https:\/\/www.suno.com.br\/noticias\/modalmais-modl11-traz-dois-ex-itau-alta-renda\/#primaryimage","url":"https:\/\/files.sunoresearch.com.br\/n\/uploads\/2021\/04\/b73a5d71-nao-cliente-png.webp","contentUrl":"https:\/\/files.sunoresearch.com.br\/n\/uploads\/2021\/04\/b73a5d71-nao-cliente-png.webp","width":1105,"height":428,"caption":"Modalmais. Foto: Reprodu\u00e7\u00e3o Site"},{"@type":"BreadcrumbList","@id":"https:\/\/www.suno.com.br\/noticias\/modalmais-modl11-traz-dois-ex-itau-alta-renda\/#breadcrumb","itemListElement":[{"@type":"ListItem","position":1,"name":"Not\u00edcias","item":"https:\/\/www.suno.com.br\/noticias\/"},{"@type":"ListItem","position":2,"name":"Neg\u00f3cios","item":"https:\/\/www.suno.com.br\/noticias\/negocios\/"},{"@type":"ListItem","position":3,"name":"Modalmais (MODL11) traz dois ex-Ita\u00fa (ITUB4) para refor\u00e7ar linha de alta renda"}]},{"@type":"WebSite","@id":"https:\/\/www.suno.com.br\/noticias\/#website","url":"https:\/\/www.suno.com.br\/noticias\/","name":"Suno Not\u00edcias","description":"Seu portal de informa\u00e7\u00e3o sobre o mundo dos investimentos","publisher":{"@id":"https:\/\/www.suno.com.br\/noticias\/#organization"},"potentialAction":[{"@type":"SearchAction","target":{"@type":"EntryPoint","urlTemplate":"https:\/\/www.suno.com.br\/noticias\/?s={search_term_string}"},"query-input":{"@type":"PropertyValueSpecification","valueRequired":true,"valueName":"search_term_string"}}],"inLanguage":"pt-BR"},{"@type":"Organization","@id":"https:\/\/www.suno.com.br\/noticias\/#organization","name":"Suno Not\u00edcias","url":"https:\/\/www.suno.com.br\/noticias\/","logo":{"@type":"ImageObject","inLanguage":"pt-BR","@id":"https:\/\/www.suno.com.br\/noticias\/#\/schema\/logo\/image\/","url":"https:\/\/files.sunoresearch.com.br\/n\/uploads\/2021\/09\/suno-logo.png","contentUrl":"https:\/\/files.sunoresearch.com.br\/n\/uploads\/2021\/09\/suno-logo.png","width":180,"height":180,"caption":"Suno Not\u00edcias"},"image":{"@id":"https:\/\/www.suno.com.br\/noticias\/#\/schema\/logo\/image\/"},"sameAs":["https:\/\/facebook.com\/sunoresearch","https:\/\/x.com\/sunoresearch","https:\/\/www.instagram.com\/suno","https:\/\/www.linkedin.com\/company\/suno-research\/","https:\/\/www.youtube.com\/c\/sunoresearch"]},{"@type":"Person","@id":"https:\/\/www.suno.com.br\/noticias\/#\/schema\/person\/053a750a709a263919a20f976caae91c","name":"Arthur Guimar\u00e3es","image":{"@type":"ImageObject","inLanguage":"pt-BR","@id":"https:\/\/www.suno.com.br\/noticias\/#\/schema\/person\/image\/","url":"https:\/\/secure.gravatar.com\/avatar\/1affd86a11209ae09eb6dd3bcad3e96c?s=96&r=g","contentUrl":"https:\/\/secure.gravatar.com\/avatar\/1affd86a11209ae09eb6dd3bcad3e96c?s=96&r=g","caption":"Arthur Guimar\u00e3es"},"description":"Arthur Guimar\u00e3es escreve sobre pol\u00edtica, economia e neg\u00f3cios para o portal de not\u00edcias da Suno Research. Atualmente, \u00e9 estudante de jornalismo pela Faculdade C\u00e1sper L\u00edbero.","url":"https:\/\/www.suno.com.br\/noticias\/author\/arthur-guimaraes\/"}]}},"default_loop_html":"<div class=\"cardsPage__listCard__boxs\"><div class=\"cardsPage__listCard__boxs__img\"><a href=\"https:\/\/www.suno.com.br\/noticias\/modalmais-modl11-traz-dois-ex-itau-alta-renda\/\"><img class=\"mask\" src=\"https:\/\/www.suno.com.br\/noticias\/wp-content\/themes\/suno\/resources\/images\/spotlight\/spotlight1img\/bg-mask.png\" alt=\"Image Mask\"\/><img src=\"https:\/\/files.sunoresearch.com.br\/n\/uploads\/2021\/04\/b73a5d71-nao-cliente-400x200.webp\" alt=\"Modalmais (MODL11) traz dois ex-Ita\u00fa (ITUB4) para refor\u00e7ar linha de alta renda\"\/><\/a><span class=\"spotlightCategory\"><a href=\"https:\/\/www.suno.com.br\/noticias\/negocios\/\">Neg\u00f3cios<\/a><\/span><\/div><div class=\"cardsPage__listCard__boxs__content\"><a href=\"https:\/\/www.suno.com.br\/noticias\/modalmais-modl11-traz-dois-ex-itau-alta-renda\/\"><h2 class=\"content__title\">Modalmais (MODL11) traz dois ex-Ita\u00fa (ITUB4) para refor\u00e7ar linha de alta renda<\/h2><\/a><div class=\"newsContent__article__meta\"><div class=\"newsContent__article__meta__authorBox\"><a href=\"https:\/\/www.suno.com.br\/noticias\/author\/arthur-guimaraes\/\" class=\"authorBox__avatar noMobi\"><img src=\"https:\/\/files.sunoresearch.com.br\/n\/uploads\/2020\/02\/dfb40897-eu-150x150.webp\" alt=\"Arthur Guimar\u00e3es\"><\/a><div class=\"authorBox__name\"><span>por\n\t\t\t<a href=\"https:\/\/www.suno.com.br\/noticias\/author\/arthur-guimaraes\/\"><span itemprop=\"author\">Arthur Guimar\u00e3es<\/span><\/a><\/span><time datetime=\"2021-04-23T16:46:10-03:00\" itemprop=\"datePublished\">23\/04\/2021 16:46<\/time><\/div><\/div><\/div><\/div><\/div>","single_layout":"posts","amp_enabled":true,"_links":{"self":[{"href":"https:\/\/www.suno.com.br\/noticias\/wp-json\/wp\/v2\/posts\/141850"}],"collection":[{"href":"https:\/\/www.suno.com.br\/noticias\/wp-json\/wp\/v2\/posts"}],"about":[{"href":"https:\/\/www.suno.com.br\/noticias\/wp-json\/wp\/v2\/types\/post"}],"author":[{"embeddable":true,"href":"https:\/\/www.suno.com.br\/noticias\/wp-json\/wp\/v2\/users\/35"}],"replies":[{"embeddable":true,"href":"https:\/\/www.suno.com.br\/noticias\/wp-json\/wp\/v2\/comments?post=141850"}],"version-history":[{"count":2,"href":"https:\/\/www.suno.com.br\/noticias\/wp-json\/wp\/v2\/posts\/141850\/revisions"}],"predecessor-version":[{"id":141889,"href":"https:\/\/www.suno.com.br\/noticias\/wp-json\/wp\/v2\/posts\/141850\/revisions\/141889"}],"wp:featuredmedia":[{"embeddable":true,"href":"https:\/\/www.suno.com.br\/noticias\/wp-json\/wp\/v2\/media\/141878"}],"wp:attachment":[{"href":"https:\/\/www.suno.com.br\/noticias\/wp-json\/wp\/v2\/media?parent=141850"}],"wp:term":[{"taxonomy":"category","embeddable":true,"href":"https:\/\/www.suno.com.br\/noticias\/wp-json\/wp\/v2\/categories?post=141850"},{"taxonomy":"post_tag","embeddable":true,"href":"https:\/\/www.suno.com.br\/noticias\/wp-json\/wp\/v2\/tags?post=141850"},{"taxonomy":"suno_strategy","embeddable":true,"href":"https:\/\/www.suno.com.br\/noticias\/wp-json\/wp\/v2\/suno_strategy?post=141850"}],"curies":[{"name":"wp","href":"https:\/\/api.w.org\/{rel}","templated":true}]}}