{"id":141809,"date":"2021-04-23T14:56:09","date_gmt":"2021-04-23T17:56:09","guid":{"rendered":"https:\/\/www.suno.com.br\/noticias\/?p=141809"},"modified":"2021-04-23T14:56:09","modified_gmt":"2021-04-23T17:56:09","slug":"governo-sp-fase-de-transicao-reabertura-bares-restaurantes-academias","status":"publish","type":"post","link":"https:\/\/www.suno.com.br\/noticias\/governo-sp-fase-de-transicao-reabertura-bares-restaurantes-academias\/","title":{"rendered":"Governo de SP avan\u00e7a em fase de transi\u00e7\u00e3o e confirma reabertura de bares, restaurantes e academias"},"content":{"rendered":"<p>Como noticiado na \u00faltima semana, o governo do estado de S\u00e3o Paulo anunciou em coletiva nesta sexta-feira (23) que dar\u00e1 continuidade \u00e0 flexibiliza\u00e7\u00e3o das restri\u00e7\u00f5es do Plano SP, na chamada <strong>fase de transi\u00e7\u00e3o<\/strong>, com a abertura de bares, restaurantes e academias.<\/p>\t<div class=\"wrapper-featured-image\">\n\t\t<figure class=\"spotlightImg\">\n\n\t\t\t<picture>\n\t\t\t\t<source media=\"(max-width: 768px)\" srcset=\"https:\/\/files.sunoresearch.com.br\/n\/uploads\/2021\/04\/1b0201dc-governosp-400x200.webp\">\n\t\t\t\t<img loading=\"lazy\" decoding=\"async\" class=\"newsContent__article__imgCapa lazyloadDisabled \" src=\"https:\/\/files.sunoresearch.com.br\/n\/uploads\/2021\/04\/1b0201dc-governosp-800x450.webp\" width=\"800\" height=\"450\" alt=\"Governo de SP avan\u00e7a em fase de transi\u00e7\u00e3o e confirma reabertura de bares, restaurantes e academias\" fetchpriority=high \/>\n\t\t\t<\/picture>\n\n\t\t\t<figcaption class=\"wp-caption-text wp-caption-text--show\">Foto: Governo do Estado de S\u00e3o Paulo<\/figcaption>\n\t\t<\/figure>\n\t<\/div>\n\n\n\t<p>\n\t\t<a href=\"\" target=\"_blank\" data-element=\"shortcode-suno-banner\" title=\"Banner SUNO, clique e saiba mais\">\n\t\t\t<picture>\n\t\t\t\t<source media=\"(max-width: 500px)\" srcset=\"\">\n\t\t\t\t<img class=\"newsContent__article__imgCapa newsContent__article__imgCapa--banner\"\n\t\t\t\t\tsrc=\"\"\n\t\t\t\t\tdata-promo-id=\"77041\"\t\t\t\t\t\t\t\t\t\t\t\t\t\t\talt=\"\"\n\t\t\t\t>\n\t\t\t<\/picture>\n\t\t<\/a>\n\t<\/p>\n\n\n<p>Desde domingo passado (18), <a href=\"https:\/\/www.suno.com.br\/noticias\/governo-de-sao-paulo-vai-iniciar-fase-de-transicao-e-abertura-do-comercio\/\">quando a <strong>fase vermelha<\/strong> deu lugar \u00e0 fase de transi\u00e7\u00e3o<\/a>, est\u00e3o liberados na regi\u00e3o o funcionamento do com\u00e9rcio, a abertura de parques e praias e realiza\u00e7\u00e3o de atividades esportivas e religiosas.<\/p>\n<p>Agora, com o avan\u00e7o da fase de transi\u00e7\u00e3o, al\u00e9m das aberturas j\u00e1 mencionadas, podem voltar a funcionar tamb\u00e9m sal\u00f5es de beleza e centros e de lazer. Todos, com exce\u00e7\u00e3o de parques e praias, devem, por\u00e9m, manter uma ocupa\u00e7\u00e3o m\u00e1xima de 25% dos locais dispon\u00edveis.<\/p>\n<p>Restaurantes e bares poder\u00e3o funcionar das 11h \u00e0s 19h. Parques e praias podem ficar abertos das 6h \u00e0s 18h. Academias podem operar das 7h \u00e0s 11 e das 15h \u00e0s 19h.<\/p>\n\t<p>\n\t\t<a href=\"\" target=\"_blank\" data-element=\"shortcode-suno-banner\" title=\"Banner SUNO, clique e saiba mais\">\n\t\t\t<picture>\n\t\t\t\t<source media=\"(max-width: 500px)\" srcset=\"\">\n\t\t\t\t<img class=\"newsContent__article__imgCapa newsContent__article__imgCapa--banner\"\n\t\t\t\t\tsrc=\"\"\n\t\t\t\t\tdata-promo-id=\"88457\"\t\t\t\t\t\t\t\t\t\t\t\t\t\t\talt=\"\"\n\t\t\t\t>\n\t\t\t<\/picture>\n\t\t<\/a>\n\t<\/p>\n\n\n<h2>Fase de transi\u00e7\u00e3o em S\u00e3o Paulo mant\u00e9m toque de recolher<\/h2>\n<p>As novas altera\u00e7\u00f5es da fase de transi\u00e7\u00e3o n\u00e3o alteram o toque de recolher, que continua em vigor das 20h \u00e0s 5h. O governo manteve tamb\u00e9m a recomenda\u00e7\u00e3o da manuten\u00e7\u00e3o do home office para atividades administrativas n\u00e3o essenciais.<\/p>\n<p>A queda nas restri\u00e7\u00f5es vem em meio a uma queda na taxa de ocupa\u00e7\u00e3o das UTIs no estado &#8211; na \u00faltima quarta-feira, o governo divulgou que 81,8% dos leitos da regi\u00e3o estavam ocupados. Hoje, o n\u00famero caiu para 81,1%. O n\u00famero de internados na UTI saiu de 11.009 para 10.808.<\/p>\n<p>Apesar da queda no n\u00famero de internados, a m\u00e9dia m\u00f3vel de mortes na regi\u00e3o se mant\u00e9m est\u00e1vel h\u00e1 quase tr\u00eas semanas, bem como a de casos. Para muitos especialistas, isso aponta que S\u00e3o Paulo ainda enfrenta um grave problema de sa\u00fade p\u00fablica e que a flexibiliza\u00e7\u00e3o das restri\u00e7\u00f5es, com a <strong>fase de transi\u00e7\u00e3o<\/strong>, pode voltar a ser um problema.<\/p>\n\t<p>\n\t\t<a href=\"\" target=\"_blank\" data-element=\"shortcode-suno-banner\" title=\"Banner SUNO, clique e saiba mais\">\n\t\t\t<picture>\n\t\t\t\t<source media=\"(max-width: 500px)\" srcset=\"\">\n\t\t\t\t<img class=\"newsContent__article__imgCapa newsContent__article__imgCapa--banner\"\n\t\t\t\t\tsrc=\"\"\n\t\t\t\t\tdata-promo-id=\"77044\"\t\t\t\t\t\t\t\t\t\t\t\t\t\t\talt=\"\"\n\t\t\t\t>\n\t\t\t<\/picture>\n\t\t<\/a>\n\t<\/p>\n\n\n","protected":false},"excerpt":{"rendered":"<p>Como noticiado na \u00faltima semana, o governo do estado de S\u00e3o Paulo anunciou em coletiva nesta sexta-feira (23) que dar\u00e1 continuidade \u00e0 flexibiliza\u00e7\u00e3o das restri\u00e7\u00f5es do Plano SP, na chamada fase de transi\u00e7\u00e3o, com a abertura de bares, restaurantes e academias. Foto: Governo do Estado de S\u00e3o Paulo Desde domingo passado (18), quando a fase [&hellip;]<\/p>\n","protected":false},"author":59,"featured_media":140164,"comment_status":"closed","ping_status":"closed","sticky":false,"template":"","format":"standard","meta":[],"categories":[61],"tags":[],"suno_strategy":[],"class_list":["post-141809","post","type-post","status-publish","format-standard","has-post-thumbnail","hentry","category-politica"],"yoast_head":"<!-- This site is optimized with the Yoast SEO plugin v24.4 - https:\/\/yoast.com\/wordpress\/plugins\/seo\/ -->\n<title>Governo de S\u00e3o Paulo libera abertura de bares, restaurantes e academias<\/title>\n<meta name=\"description\" content=\"Em fase de transi\u00e7\u00e3o, S\u00e3o Paulo confirma a abertura de bares, restaurantes e academias a partir deste s\u00e1bado. Clique aqui para saber mais.\" \/>\n<meta name=\"robots\" content=\"index, follow, max-snippet:-1, max-image-preview:large, max-video-preview:-1\" \/>\n<link rel=\"canonical\" href=\"https:\/\/www.suno.com.br\/noticias\/governo-sp-fase-de-transicao-reabertura-bares-restaurantes-academias\/\" \/>\n<meta property=\"og:locale\" content=\"pt_BR\" \/>\n<meta property=\"og:type\" content=\"article\" \/>\n<meta property=\"og:title\" content=\"Governo de S\u00e3o Paulo libera abertura de bares, restaurantes e academias\" \/>\n<meta property=\"og:description\" content=\"Em fase de transi\u00e7\u00e3o, S\u00e3o Paulo confirma a abertura de bares, restaurantes e academias a partir deste s\u00e1bado. Clique aqui para saber mais.\" \/>\n<meta property=\"og:url\" content=\"https:\/\/www.suno.com.br\/noticias\/governo-sp-fase-de-transicao-reabertura-bares-restaurantes-academias\/\" \/>\n<meta property=\"og:site_name\" content=\"Suno Not\u00edcias\" \/>\n<meta property=\"article:publisher\" content=\"https:\/\/facebook.com\/sunoresearch\" \/>\n<meta property=\"og:image\" content=\"https:\/\/files.sunoresearch.com.br\/n\/uploads\/2021\/04\/1b0201dc-governosp.jpg\" \/>\n\t<meta property=\"og:image:width\" content=\"906\" \/>\n\t<meta property=\"og:image:height\" content=\"509\" \/>\n\t<meta property=\"og:image:type\" content=\"image\/jpeg\" \/>\n<meta name=\"author\" content=\"Vitor Azevedo\" \/>\n<meta name=\"twitter:card\" content=\"summary_large_image\" \/>\n<meta name=\"twitter:creator\" content=\"@sunoresearch\" \/>\n<meta name=\"twitter:site\" content=\"@sunoresearch\" \/>\n<meta name=\"twitter:label1\" content=\"Escrito por\" \/>\n\t<meta name=\"twitter:data1\" content=\"Vitor Azevedo\" \/>\n\t<meta name=\"twitter:label2\" content=\"Est. tempo de leitura\" \/>\n\t<meta name=\"twitter:data2\" content=\"2 minutos\" \/>\n<script type=\"application\/ld+json\" class=\"yoast-schema-graph\">{\"@context\":\"https:\/\/schema.org\",\"@graph\":[{\"@type\":\"NewsArticle\",\"@id\":\"https:\/\/www.suno.com.br\/noticias\/governo-sp-fase-de-transicao-reabertura-bares-restaurantes-academias\/#article\",\"isPartOf\":{\"@id\":\"https:\/\/www.suno.com.br\/noticias\/governo-sp-fase-de-transicao-reabertura-bares-restaurantes-academias\/\"},\"author\":{\"name\":\"Vitor Azevedo\",\"@id\":\"https:\/\/www.suno.com.br\/noticias\/#\/schema\/person\/658d5fbc74d81f265f5df3562d0038ab\"},\"headline\":\"Governo de SP avan\u00e7a em fase de transi\u00e7\u00e3o e confirma reabertura de bares, restaurantes e academias\",\"datePublished\":\"2021-04-23T17:56:09+00:00\",\"mainEntityOfPage\":{\"@id\":\"https:\/\/www.suno.com.br\/noticias\/governo-sp-fase-de-transicao-reabertura-bares-restaurantes-academias\/\"},\"wordCount\":372,\"publisher\":{\"@id\":\"https:\/\/www.suno.com.br\/noticias\/#organization\"},\"image\":{\"@id\":\"https:\/\/www.suno.com.br\/noticias\/governo-sp-fase-de-transicao-reabertura-bares-restaurantes-academias\/#primaryimage\"},\"thumbnailUrl\":\"https:\/\/files.sunoresearch.com.br\/n\/uploads\/2021\/04\/1b0201dc-governosp-jpg.webp\",\"articleSection\":[\"Pol\u00edtica\"],\"inLanguage\":\"pt-BR\"},{\"@type\":\"WebPage\",\"@id\":\"https:\/\/www.suno.com.br\/noticias\/governo-sp-fase-de-transicao-reabertura-bares-restaurantes-academias\/\",\"url\":\"https:\/\/www.suno.com.br\/noticias\/governo-sp-fase-de-transicao-reabertura-bares-restaurantes-academias\/\",\"name\":\"Governo de S\u00e3o Paulo libera abertura de bares, restaurantes e academias\",\"isPartOf\":{\"@id\":\"https:\/\/www.suno.com.br\/noticias\/#website\"},\"primaryImageOfPage\":{\"@id\":\"https:\/\/www.suno.com.br\/noticias\/governo-sp-fase-de-transicao-reabertura-bares-restaurantes-academias\/#primaryimage\"},\"image\":{\"@id\":\"https:\/\/www.suno.com.br\/noticias\/governo-sp-fase-de-transicao-reabertura-bares-restaurantes-academias\/#primaryimage\"},\"thumbnailUrl\":\"https:\/\/files.sunoresearch.com.br\/n\/uploads\/2021\/04\/1b0201dc-governosp-jpg.webp\",\"datePublished\":\"2021-04-23T17:56:09+00:00\",\"description\":\"Em fase de transi\u00e7\u00e3o, S\u00e3o Paulo confirma a abertura de bares, restaurantes e academias a partir deste s\u00e1bado. Clique aqui para saber mais.\",\"breadcrumb\":{\"@id\":\"https:\/\/www.suno.com.br\/noticias\/governo-sp-fase-de-transicao-reabertura-bares-restaurantes-academias\/#breadcrumb\"},\"inLanguage\":\"pt-BR\",\"potentialAction\":[{\"@type\":\"ReadAction\",\"target\":[\"https:\/\/www.suno.com.br\/noticias\/governo-sp-fase-de-transicao-reabertura-bares-restaurantes-academias\/\"]}]},{\"@type\":\"ImageObject\",\"inLanguage\":\"pt-BR\",\"@id\":\"https:\/\/www.suno.com.br\/noticias\/governo-sp-fase-de-transicao-reabertura-bares-restaurantes-academias\/#primaryimage\",\"url\":\"https:\/\/files.sunoresearch.com.br\/n\/uploads\/2021\/04\/1b0201dc-governosp-jpg.webp\",\"contentUrl\":\"https:\/\/files.sunoresearch.com.br\/n\/uploads\/2021\/04\/1b0201dc-governosp-jpg.webp\",\"width\":906,\"height\":509,\"caption\":\"Foto: Governo do Estado de S\u00e3o Paulo\"},{\"@type\":\"BreadcrumbList\",\"@id\":\"https:\/\/www.suno.com.br\/noticias\/governo-sp-fase-de-transicao-reabertura-bares-restaurantes-academias\/#breadcrumb\",\"itemListElement\":[{\"@type\":\"ListItem\",\"position\":1,\"name\":\"Not\u00edcias\",\"item\":\"https:\/\/www.suno.com.br\/noticias\/\"},{\"@type\":\"ListItem\",\"position\":2,\"name\":\"Pol\u00edtica\",\"item\":\"https:\/\/www.suno.com.br\/noticias\/politica\/\"},{\"@type\":\"ListItem\",\"position\":3,\"name\":\"Governo de SP avan\u00e7a em fase de transi\u00e7\u00e3o e confirma reabertura de bares, restaurantes e academias\"}]},{\"@type\":\"WebSite\",\"@id\":\"https:\/\/www.suno.com.br\/noticias\/#website\",\"url\":\"https:\/\/www.suno.com.br\/noticias\/\",\"name\":\"Suno Not\u00edcias\",\"description\":\"Seu portal de informa\u00e7\u00e3o sobre o mundo dos investimentos\",\"publisher\":{\"@id\":\"https:\/\/www.suno.com.br\/noticias\/#organization\"},\"potentialAction\":[{\"@type\":\"SearchAction\",\"target\":{\"@type\":\"EntryPoint\",\"urlTemplate\":\"https:\/\/www.suno.com.br\/noticias\/?s={search_term_string}\"},\"query-input\":{\"@type\":\"PropertyValueSpecification\",\"valueRequired\":true,\"valueName\":\"search_term_string\"}}],\"inLanguage\":\"pt-BR\"},{\"@type\":\"Organization\",\"@id\":\"https:\/\/www.suno.com.br\/noticias\/#organization\",\"name\":\"Suno Not\u00edcias\",\"url\":\"https:\/\/www.suno.com.br\/noticias\/\",\"logo\":{\"@type\":\"ImageObject\",\"inLanguage\":\"pt-BR\",\"@id\":\"https:\/\/www.suno.com.br\/noticias\/#\/schema\/logo\/image\/\",\"url\":\"https:\/\/files.sunoresearch.com.br\/n\/uploads\/2021\/09\/suno-logo.png\",\"contentUrl\":\"https:\/\/files.sunoresearch.com.br\/n\/uploads\/2021\/09\/suno-logo.png\",\"width\":180,\"height\":180,\"caption\":\"Suno Not\u00edcias\"},\"image\":{\"@id\":\"https:\/\/www.suno.com.br\/noticias\/#\/schema\/logo\/image\/\"},\"sameAs\":[\"https:\/\/facebook.com\/sunoresearch\",\"https:\/\/x.com\/sunoresearch\",\"https:\/\/www.instagram.com\/suno\",\"https:\/\/www.linkedin.com\/company\/suno-research\/\",\"https:\/\/www.youtube.com\/c\/sunoresearch\"]},{\"@type\":\"Person\",\"@id\":\"https:\/\/www.suno.com.br\/noticias\/#\/schema\/person\/658d5fbc74d81f265f5df3562d0038ab\",\"name\":\"Vitor Azevedo\",\"image\":{\"@type\":\"ImageObject\",\"inLanguage\":\"pt-BR\",\"@id\":\"https:\/\/www.suno.com.br\/noticias\/#\/schema\/person\/image\/\",\"url\":\"https:\/\/secure.gravatar.com\/avatar\/62b86195291b446fe380824eb28b99a5?s=96&r=g\",\"contentUrl\":\"https:\/\/secure.gravatar.com\/avatar\/62b86195291b446fe380824eb28b99a5?s=96&r=g\",\"caption\":\"Vitor Azevedo\"},\"description\":\"Formado em jornalismo pela Unesp, escreve sobre economia e neg\u00f3cios para a Suno Not\u00edcias.\",\"url\":\"https:\/\/www.suno.com.br\/noticias\/author\/vitor-azevedo\/\"}]}<\/script>\n<!-- \/ Yoast SEO plugin. -->","yoast_head_json":{"title":"Governo de S\u00e3o Paulo libera abertura de bares, restaurantes e academias","description":"Em fase de transi\u00e7\u00e3o, S\u00e3o Paulo confirma a abertura de bares, restaurantes e academias a partir deste s\u00e1bado. Clique aqui para saber mais.","robots":{"index":"index","follow":"follow","max-snippet":"max-snippet:-1","max-image-preview":"max-image-preview:large","max-video-preview":"max-video-preview:-1"},"canonical":"https:\/\/www.suno.com.br\/noticias\/governo-sp-fase-de-transicao-reabertura-bares-restaurantes-academias\/","og_locale":"pt_BR","og_type":"article","og_title":"Governo de S\u00e3o Paulo libera abertura de bares, restaurantes e academias","og_description":"Em fase de transi\u00e7\u00e3o, S\u00e3o Paulo confirma a abertura de bares, restaurantes e academias a partir deste s\u00e1bado. Clique aqui para saber mais.","og_url":"https:\/\/www.suno.com.br\/noticias\/governo-sp-fase-de-transicao-reabertura-bares-restaurantes-academias\/","og_site_name":"Suno Not\u00edcias","article_publisher":"https:\/\/facebook.com\/sunoresearch","og_image":[{"width":906,"height":509,"url":"https:\/\/files.sunoresearch.com.br\/n\/uploads\/2021\/04\/1b0201dc-governosp.jpg","type":"image\/jpeg"}],"author":"Vitor Azevedo","twitter_card":"summary_large_image","twitter_creator":"@sunoresearch","twitter_site":"@sunoresearch","twitter_misc":{"Escrito por":"Vitor Azevedo","Est. tempo de leitura":"2 minutos"},"schema":{"@context":"https:\/\/schema.org","@graph":[{"@type":"NewsArticle","@id":"https:\/\/www.suno.com.br\/noticias\/governo-sp-fase-de-transicao-reabertura-bares-restaurantes-academias\/#article","isPartOf":{"@id":"https:\/\/www.suno.com.br\/noticias\/governo-sp-fase-de-transicao-reabertura-bares-restaurantes-academias\/"},"author":{"name":"Vitor Azevedo","@id":"https:\/\/www.suno.com.br\/noticias\/#\/schema\/person\/658d5fbc74d81f265f5df3562d0038ab"},"headline":"Governo de SP avan\u00e7a em fase de transi\u00e7\u00e3o e confirma reabertura de bares, restaurantes e academias","datePublished":"2021-04-23T17:56:09+00:00","mainEntityOfPage":{"@id":"https:\/\/www.suno.com.br\/noticias\/governo-sp-fase-de-transicao-reabertura-bares-restaurantes-academias\/"},"wordCount":372,"publisher":{"@id":"https:\/\/www.suno.com.br\/noticias\/#organization"},"image":{"@id":"https:\/\/www.suno.com.br\/noticias\/governo-sp-fase-de-transicao-reabertura-bares-restaurantes-academias\/#primaryimage"},"thumbnailUrl":"https:\/\/files.sunoresearch.com.br\/n\/uploads\/2021\/04\/1b0201dc-governosp-jpg.webp","articleSection":["Pol\u00edtica"],"inLanguage":"pt-BR"},{"@type":"WebPage","@id":"https:\/\/www.suno.com.br\/noticias\/governo-sp-fase-de-transicao-reabertura-bares-restaurantes-academias\/","url":"https:\/\/www.suno.com.br\/noticias\/governo-sp-fase-de-transicao-reabertura-bares-restaurantes-academias\/","name":"Governo de S\u00e3o Paulo libera abertura de bares, restaurantes e academias","isPartOf":{"@id":"https:\/\/www.suno.com.br\/noticias\/#website"},"primaryImageOfPage":{"@id":"https:\/\/www.suno.com.br\/noticias\/governo-sp-fase-de-transicao-reabertura-bares-restaurantes-academias\/#primaryimage"},"image":{"@id":"https:\/\/www.suno.com.br\/noticias\/governo-sp-fase-de-transicao-reabertura-bares-restaurantes-academias\/#primaryimage"},"thumbnailUrl":"https:\/\/files.sunoresearch.com.br\/n\/uploads\/2021\/04\/1b0201dc-governosp-jpg.webp","datePublished":"2021-04-23T17:56:09+00:00","description":"Em fase de transi\u00e7\u00e3o, S\u00e3o Paulo confirma a abertura de bares, restaurantes e academias a partir deste s\u00e1bado. Clique aqui para saber mais.","breadcrumb":{"@id":"https:\/\/www.suno.com.br\/noticias\/governo-sp-fase-de-transicao-reabertura-bares-restaurantes-academias\/#breadcrumb"},"inLanguage":"pt-BR","potentialAction":[{"@type":"ReadAction","target":["https:\/\/www.suno.com.br\/noticias\/governo-sp-fase-de-transicao-reabertura-bares-restaurantes-academias\/"]}]},{"@type":"ImageObject","inLanguage":"pt-BR","@id":"https:\/\/www.suno.com.br\/noticias\/governo-sp-fase-de-transicao-reabertura-bares-restaurantes-academias\/#primaryimage","url":"https:\/\/files.sunoresearch.com.br\/n\/uploads\/2021\/04\/1b0201dc-governosp-jpg.webp","contentUrl":"https:\/\/files.sunoresearch.com.br\/n\/uploads\/2021\/04\/1b0201dc-governosp-jpg.webp","width":906,"height":509,"caption":"Foto: Governo do Estado de S\u00e3o Paulo"},{"@type":"BreadcrumbList","@id":"https:\/\/www.suno.com.br\/noticias\/governo-sp-fase-de-transicao-reabertura-bares-restaurantes-academias\/#breadcrumb","itemListElement":[{"@type":"ListItem","position":1,"name":"Not\u00edcias","item":"https:\/\/www.suno.com.br\/noticias\/"},{"@type":"ListItem","position":2,"name":"Pol\u00edtica","item":"https:\/\/www.suno.com.br\/noticias\/politica\/"},{"@type":"ListItem","position":3,"name":"Governo de SP avan\u00e7a em fase de transi\u00e7\u00e3o e confirma reabertura de bares, restaurantes e academias"}]},{"@type":"WebSite","@id":"https:\/\/www.suno.com.br\/noticias\/#website","url":"https:\/\/www.suno.com.br\/noticias\/","name":"Suno Not\u00edcias","description":"Seu portal de informa\u00e7\u00e3o sobre o mundo dos investimentos","publisher":{"@id":"https:\/\/www.suno.com.br\/noticias\/#organization"},"potentialAction":[{"@type":"SearchAction","target":{"@type":"EntryPoint","urlTemplate":"https:\/\/www.suno.com.br\/noticias\/?s={search_term_string}"},"query-input":{"@type":"PropertyValueSpecification","valueRequired":true,"valueName":"search_term_string"}}],"inLanguage":"pt-BR"},{"@type":"Organization","@id":"https:\/\/www.suno.com.br\/noticias\/#organization","name":"Suno Not\u00edcias","url":"https:\/\/www.suno.com.br\/noticias\/","logo":{"@type":"ImageObject","inLanguage":"pt-BR","@id":"https:\/\/www.suno.com.br\/noticias\/#\/schema\/logo\/image\/","url":"https:\/\/files.sunoresearch.com.br\/n\/uploads\/2021\/09\/suno-logo.png","contentUrl":"https:\/\/files.sunoresearch.com.br\/n\/uploads\/2021\/09\/suno-logo.png","width":180,"height":180,"caption":"Suno Not\u00edcias"},"image":{"@id":"https:\/\/www.suno.com.br\/noticias\/#\/schema\/logo\/image\/"},"sameAs":["https:\/\/facebook.com\/sunoresearch","https:\/\/x.com\/sunoresearch","https:\/\/www.instagram.com\/suno","https:\/\/www.linkedin.com\/company\/suno-research\/","https:\/\/www.youtube.com\/c\/sunoresearch"]},{"@type":"Person","@id":"https:\/\/www.suno.com.br\/noticias\/#\/schema\/person\/658d5fbc74d81f265f5df3562d0038ab","name":"Vitor Azevedo","image":{"@type":"ImageObject","inLanguage":"pt-BR","@id":"https:\/\/www.suno.com.br\/noticias\/#\/schema\/person\/image\/","url":"https:\/\/secure.gravatar.com\/avatar\/62b86195291b446fe380824eb28b99a5?s=96&r=g","contentUrl":"https:\/\/secure.gravatar.com\/avatar\/62b86195291b446fe380824eb28b99a5?s=96&r=g","caption":"Vitor Azevedo"},"description":"Formado em jornalismo pela Unesp, escreve sobre economia e neg\u00f3cios para a Suno Not\u00edcias.","url":"https:\/\/www.suno.com.br\/noticias\/author\/vitor-azevedo\/"}]}},"default_loop_html":"<div class=\"cardsPage__listCard__boxs\"><div class=\"cardsPage__listCard__boxs__img\"><a href=\"https:\/\/www.suno.com.br\/noticias\/governo-sp-fase-de-transicao-reabertura-bares-restaurantes-academias\/\"><img class=\"mask\" src=\"https:\/\/www.suno.com.br\/noticias\/wp-content\/themes\/suno\/resources\/images\/spotlight\/spotlight1img\/bg-mask.png\" alt=\"Image Mask\"\/><img src=\"https:\/\/files.sunoresearch.com.br\/n\/uploads\/2021\/04\/1b0201dc-governosp-400x200.webp\" alt=\"Governo de SP avan\u00e7a em fase de transi\u00e7\u00e3o e confirma reabertura de bares, restaurantes e academias\"\/><\/a><span class=\"spotlightCategory\"><a href=\"https:\/\/www.suno.com.br\/noticias\/politica\/\">Pol\u00edtica<\/a><\/span><\/div><div class=\"cardsPage__listCard__boxs__content\"><a href=\"https:\/\/www.suno.com.br\/noticias\/governo-sp-fase-de-transicao-reabertura-bares-restaurantes-academias\/\"><h2 class=\"content__title\">Governo de SP avan\u00e7a em fase de transi\u00e7\u00e3o e confirma reabertura de bares, restaurantes e academias<\/h2><\/a><div class=\"newsContent__article__meta\"><div class=\"newsContent__article__meta__authorBox\"><a href=\"https:\/\/www.suno.com.br\/noticias\/author\/vitor-azevedo\/\" class=\"authorBox__avatar noMobi\"><img src=\"https:\/\/secure.gravatar.com\/avatar\/62b86195291b446fe380824eb28b99a5?s=96&#038;r=g\" alt=\"Vitor Azevedo\"><\/a><div class=\"authorBox__name\"><span>por\n\t\t\t<a href=\"https:\/\/www.suno.com.br\/noticias\/author\/vitor-azevedo\/\"><span itemprop=\"author\">Vitor Azevedo<\/span><\/a><\/span><time datetime=\"2021-04-23T14:56:09-03:00\" itemprop=\"datePublished\">23\/04\/2021 14:56<\/time><\/div><\/div><\/div><\/div><\/div>","single_layout":"posts","amp_enabled":true,"_links":{"self":[{"href":"https:\/\/www.suno.com.br\/noticias\/wp-json\/wp\/v2\/posts\/141809"}],"collection":[{"href":"https:\/\/www.suno.com.br\/noticias\/wp-json\/wp\/v2\/posts"}],"about":[{"href":"https:\/\/www.suno.com.br\/noticias\/wp-json\/wp\/v2\/types\/post"}],"author":[{"embeddable":true,"href":"https:\/\/www.suno.com.br\/noticias\/wp-json\/wp\/v2\/users\/59"}],"replies":[{"embeddable":true,"href":"https:\/\/www.suno.com.br\/noticias\/wp-json\/wp\/v2\/comments?post=141809"}],"version-history":[{"count":3,"href":"https:\/\/www.suno.com.br\/noticias\/wp-json\/wp\/v2\/posts\/141809\/revisions"}],"predecessor-version":[{"id":141825,"href":"https:\/\/www.suno.com.br\/noticias\/wp-json\/wp\/v2\/posts\/141809\/revisions\/141825"}],"wp:featuredmedia":[{"embeddable":true,"href":"https:\/\/www.suno.com.br\/noticias\/wp-json\/wp\/v2\/media\/140164"}],"wp:attachment":[{"href":"https:\/\/www.suno.com.br\/noticias\/wp-json\/wp\/v2\/media?parent=141809"}],"wp:term":[{"taxonomy":"category","embeddable":true,"href":"https:\/\/www.suno.com.br\/noticias\/wp-json\/wp\/v2\/categories?post=141809"},{"taxonomy":"post_tag","embeddable":true,"href":"https:\/\/www.suno.com.br\/noticias\/wp-json\/wp\/v2\/tags?post=141809"},{"taxonomy":"suno_strategy","embeddable":true,"href":"https:\/\/www.suno.com.br\/noticias\/wp-json\/wp\/v2\/suno_strategy?post=141809"}],"curies":[{"name":"wp","href":"https:\/\/api.w.org\/{rel}","templated":true}]}}