{"id":141789,"date":"2021-04-23T15:19:15","date_gmt":"2021-04-23T18:19:15","guid":{"rendered":"https:\/\/www.suno.com.br\/noticias\/?p=141789"},"modified":"2021-04-23T15:19:15","modified_gmt":"2021-04-23T18:19:15","slug":"embraer-embr3-fab-estudo-aeronaves-nao-tripuladas","status":"publish","type":"post","link":"https:\/\/www.suno.com.br\/noticias\/embraer-embr3-fab-estudo-aeronaves-nao-tripuladas\/","title":{"rendered":"Embraer (EMBR3) e FAB assinam memorando para estudo de aeronaves n\u00e3o tripuladas"},"content":{"rendered":"<p>A <a href=\"https:\/\/www.suno.com.br\/acoes\/embr3\"><strong>Embraer <\/strong>(EMBR3)<\/a> e a For\u00e7a A\u00e9rea Brasileira (FAB) assinaram nesta sexta-feira (23) um memorando de entendimento que estabelece a coopera\u00e7\u00e3o para estudo e avalia\u00e7\u00e3o das capacidades necess\u00e1rias \u00e0 concep\u00e7\u00e3o e ao desenvolvimento de um ve\u00edculo a\u00e9reo n\u00e3o tripulado de classe superior, em atendimento \u00e0s necessidades da FAB.<\/p>\t<div class=\"wrapper-featured-image\">\n\t\t<figure class=\"spotlightImg\">\n\n\t\t\t<picture>\n\t\t\t\t<source media=\"(max-width: 768px)\" srcset=\"https:\/\/files.sunoresearch.com.br\/n\/uploads\/2021\/02\/3ea60ba8-embraer-divulgacao-868x500-1-400x200.webp\">\n\t\t\t\t<img loading=\"lazy\" decoding=\"async\" class=\"newsContent__article__imgCapa lazyloadDisabled \" src=\"https:\/\/files.sunoresearch.com.br\/n\/uploads\/2021\/02\/3ea60ba8-embraer-divulgacao-868x500-1-800x450.webp\" width=\"800\" height=\"450\" alt=\"Embraer (EMBR3) e FAB assinam memorando para estudo de aeronaves n\u00e3o tripuladas\" fetchpriority=high \/>\n\t\t\t<\/picture>\n\n\t\t\t<figcaption class=\"wp-caption-text wp-caption-text--show\">Embraer (EMBR3):  (Foto: Divulga\u00e7\u00e3o)<\/figcaption>\n\t\t<\/figure>\n\t<\/div>\n\n\n\t<p>\n\t\t<a href=\"https:\/\/lp.suno.com.br\/planilha-controle-gastos\/\" target=\"_blank\" data-element=\"shortcode-suno-banner\" title=\"Banner SUNO, clique e saiba mais\">\n\t\t\t<picture>\n\t\t\t\t<source media=\"(max-width: 500px)\" srcset=\"https:\/\/files.sunoresearch.com.br\/n\/uploads\/2023\/03\/400x300-Planilha-controle-de-gastos.png\">\n\t\t\t\t<img class=\"newsContent__article__imgCapa newsContent__article__imgCapa--banner\"\n\t\t\t\t\tsrc=\"https:\/\/files.sunoresearch.com.br\/n\/uploads\/2023\/03\/1420x240-Planilha-controle-de-gastos.png\"\n\t\t\t\t\tdata-promo-id=\"101751\"\t\t\t\t\t\t\t\t\t\twidth='1420' height='240'\t\t\t\t\talt=\"https:\/\/files.sunoresearch.com.br\/n\/uploads\/2023\/03\/1420x240-Planilha-controle-de-gastos.png\"\n\t\t\t\t>\n\t\t\t<\/picture>\n\t\t<\/a>\n\t<\/p>\n\n\n<p>&#8220;Esse estudo \u00e9 de fundamental import\u00e2ncia para a manuten\u00e7\u00e3o e a expans\u00e3o das compet\u00eancias da Embraer no desenvolvimento de sistemas a\u00e9reos de defesa com alto teor tecnol\u00f3gico e grande complexidade de integra\u00e7\u00e3o&#8221;, disse em nota o <a href=\"https:\/\/www.suno.com.br\/artigos\/ceo\/\">presidente e CEO<\/a> da Embraer Defesa &amp; Seguran\u00e7a, Jackson Schneider.<\/p>\n<p>&#8220;\u00c9 ainda uma oportunidade para o cont\u00ednuo desenvolvimento de novas tecnologias e produtos para a FAB e o <strong>Minist\u00e9rio da Defesa<\/strong>, visando a amplia\u00e7\u00e3o da capacidade operacional e a garantia da soberania nacional.&#8221;<\/p>\n<p><a href=\"https:\/\/lp.suno.com.br\/suno-one\/?ppp=noticias\/embraer-embr3-resiliencia-guide\/\">Suno One: acesse gratuitamente eBooks, Minicursos, Artigos e V\u00eddeo Aulas sobre investimentos com um \u00fanico cadastro. Clique para saber mais!<\/a><\/p>\n<p>Segundo o executivo, um grande desafio para este sistema a\u00e9reo ser\u00e1 a sua integra\u00e7\u00e3o e a opera\u00e7\u00e3o de forma conjunta com outros sistemas e aeronaves, tripulados ou n\u00e3o-tripulados.<\/p>\n<p>&#8220;\u00c9 uma oportunidade \u00edmpar para a For\u00e7a A\u00e9rea Brasileira aprofundar seus estudos em tecnologias disruptivas que possam causar desequil\u00edbrio no cen\u00e1rio atual e futuro&#8221;, disse o Comandante da Aeron\u00e1utica, o Tenente-Brigadeiro do Ar Carlos de Almeida Baptista Junior.<\/p>\n\t<p>\n\t\t<a href=\"https:\/\/lp.suno.com.br\/planilha-da-vida-financeira\/\" target=\"_blank\" data-element=\"shortcode-suno-banner\" title=\"Banner SUNO, clique e saiba mais\">\n\t\t\t<picture>\n\t\t\t\t<source media=\"(max-width: 500px)\" srcset=\"https:\/\/files.sunoresearch.com.br\/n\/uploads\/2023\/04\/400x300-Planilha-vida-financeira-true.png\">\n\t\t\t\t<img class=\"newsContent__article__imgCapa newsContent__article__imgCapa--banner\"\n\t\t\t\t\tsrc=\"https:\/\/files.sunoresearch.com.br\/n\/uploads\/2023\/04\/1420x240-Planilha-vida-financeira-true.png\"\n\t\t\t\t\tdata-promo-id=\"106682\"\t\t\t\t\t\t\t\t\t\twidth='1420' height='240'\t\t\t\t\talt=\"https:\/\/files.sunoresearch.com.br\/n\/uploads\/2023\/04\/1420x240-Planilha-vida-financeira-true.png\"\n\t\t\t\t>\n\t\t\t<\/picture>\n\t\t<\/a>\n\t<\/p>\n\n\n<p>&#8220;Na guerra moderna \u00e9 imprescind\u00edvel a utiliza\u00e7\u00e3o de plataformas a\u00e9reas n\u00e3o-tripuladas, operando isoladamente ou em conjunto com aeronaves tripuladas. Tal tecnologia permite reduzir custos e riscos, sem perder a efic\u00e1cia no cumprimento das miss\u00f5es atribu\u00eddas \u00e0 Aeron\u00e1utica.&#8221;<\/p>\n\t<div data-element=\"shortcode-read-more\" class=\"knowMore\">\n\t\t\t\t<span class=\"knowMore__title\">Leia mais<\/span>\n\t\t\t\t<a class=\"knowMore__link\" href=\"https:\/\/www.suno.com.br\/noticias\/embraer-reabastecimento-voo-kc-390-millennium\/\">\n\t\t\tEmbraer conclui reabastecimento em voo entre duas aeronaves KC-390 Millennium\t\t<\/a>\n\t<\/div>\n\n\n<p>Segundo comunicado da fabricante de aeronaves, a coopera\u00e7\u00e3o no \u00e2mbito deste memorando de entendimento visa o estudo conjunto das necessidades da FAB no contexto de suas miss\u00f5es, bem como o levantamento e a prioriza\u00e7\u00e3o dos elementos operacionais e log\u00edsticos relacionados ao desenvolvimento de uma plataforma a\u00e9rea n\u00e3o tripulada de classe superior e m\u00faltiplas capacidades.<\/p>\n<p>Ainda de acordo com a Embraer, o desenvolvimento de um ve\u00edculo a\u00e9reo n\u00e3o tripulado superior com tecnologia nacional &#8220;oferece uma oportunidade relevante para a <strong>base industrial de defesa (BID)<\/strong> e suas empresas estrat\u00e9gicas, promovendo o seu desenvolvimento e fortalecendo conhecimentos para o atendimento das necessidades do Estado Brasileiro.&#8221;<\/p>\n<h2>\u00daltima cota\u00e7\u00e3o<\/h2>\n<p>A a\u00e7\u00e3o da <strong>Embraer<\/strong> anotava alta de 0,92%, aos R$ 15,33, por volta das 14h48 desta sexta-feira (23).<\/p>\n<p>Com informa\u00e7\u00f5es do Estad\u00e3o Conte\u00fado<\/p>\n<p><span data-sheets-value=\"{&quot;1&quot;:2,&quot;2&quot;:&quot;&quot;}\" data-sheets-userformat=\"{&quot;2&quot;:513,&quot;3&quot;:{&quot;1&quot;:0},&quot;12&quot;:0}\">\t<p>\n\t\t<a href=\"https:\/\/lp.suno.com.br\/planilha-de-controle-de-investimentos\/\" target=\"_blank\" data-element=\"shortcode-suno-banner\" title=\"Banner SUNO, clique e saiba mais\">\n\t\t\t<picture>\n\t\t\t\t<source media=\"(max-width: 500px)\" srcset=\"https:\/\/files.sunoresearch.com.br\/n\/uploads\/2023\/03\/400x300-Controle-de-Investimentos.png\">\n\t\t\t\t<img class=\"newsContent__article__imgCapa newsContent__article__imgCapa--banner\"\n\t\t\t\t\tsrc=\"https:\/\/files.sunoresearch.com.br\/n\/uploads\/2023\/03\/1420x240-Controle-de-Investimentos.png\"\n\t\t\t\t\tdata-promo-id=\"75934\"\t\t\t\t\t\t\t\t\t\twidth='1420' height='240'\t\t\t\t\talt=\"https:\/\/files.sunoresearch.com.br\/n\/uploads\/2023\/03\/1420x240-Controle-de-Investimentos.png\"\n\t\t\t\t>\n\t\t\t<\/picture>\n\t\t<\/a>\n\t<\/p>\n\n<\/span><\/p>\n","protected":false},"excerpt":{"rendered":"<p>A Embraer (EMBR3) e a For\u00e7a A\u00e9rea Brasileira (FAB) assinaram nesta sexta-feira (23) um memorando de entendimento que estabelece a coopera\u00e7\u00e3o para estudo e avalia\u00e7\u00e3o das capacidades necess\u00e1rias \u00e0 concep\u00e7\u00e3o e ao desenvolvimento de um ve\u00edculo a\u00e9reo n\u00e3o tripulado de classe superior, em atendimento \u00e0s necessidades da FAB. Embraer (EMBR3): (Foto: Divulga\u00e7\u00e3o) &#8220;Esse estudo \u00e9 [&hellip;]<\/p>\n","protected":false},"author":56,"featured_media":121868,"comment_status":"closed","ping_status":"closed","sticky":false,"template":"","format":"standard","meta":[],"categories":[64],"tags":[460],"suno_strategy":[],"class_list":["post-141789","post","type-post","status-publish","format-standard","has-post-thumbnail","hentry","category-negocios","tag-embraer-embr3"],"yoast_head":"<!-- This site is optimized with the Yoast SEO plugin v24.4 - https:\/\/yoast.com\/wordpress\/plugins\/seo\/ -->\n<title>Embraer (EMBR3) e FAB assinam memorando para estudo de aeronaves n\u00e3o tripuladas<\/title>\n<meta name=\"description\" content=\"O &quot;estudo \u00e9 de fundamental import\u00e2ncia para a manuten\u00e7\u00e3o e a expans\u00e3o das compet\u00eancias da Embraer&quot;, disse o CEO. Clique aqui para saber mais.\" \/>\n<meta name=\"robots\" content=\"index, follow, max-snippet:-1, max-image-preview:large, max-video-preview:-1\" \/>\n<link rel=\"canonical\" href=\"https:\/\/www.suno.com.br\/noticias\/embraer-embr3-fab-estudo-aeronaves-nao-tripuladas\/\" \/>\n<meta property=\"og:locale\" content=\"pt_BR\" \/>\n<meta property=\"og:type\" content=\"article\" \/>\n<meta property=\"og:title\" content=\"Embraer (EMBR3) e FAB assinam memorando para estudo de aeronaves n\u00e3o tripuladas\" \/>\n<meta property=\"og:description\" content=\"O &quot;estudo \u00e9 de fundamental import\u00e2ncia para a manuten\u00e7\u00e3o e a expans\u00e3o das compet\u00eancias da Embraer&quot;, disse o CEO. Clique aqui para saber mais.\" \/>\n<meta property=\"og:url\" content=\"https:\/\/www.suno.com.br\/noticias\/embraer-embr3-fab-estudo-aeronaves-nao-tripuladas\/\" \/>\n<meta property=\"og:site_name\" content=\"Suno Not\u00edcias\" \/>\n<meta property=\"article:publisher\" content=\"https:\/\/facebook.com\/sunoresearch\" \/>\n<meta property=\"og:image\" content=\"https:\/\/files.sunoresearch.com.br\/n\/uploads\/2021\/02\/3ea60ba8-embraer-divulgacao-868x500-1.jpg\" \/>\n\t<meta property=\"og:image:width\" content=\"868\" \/>\n\t<meta property=\"og:image:height\" content=\"500\" \/>\n\t<meta property=\"og:image:type\" content=\"image\/jpeg\" \/>\n<meta name=\"author\" content=\"Rafaela La Regina\" \/>\n<meta name=\"twitter:card\" content=\"summary_large_image\" \/>\n<meta name=\"twitter:creator\" content=\"@sunoresearch\" \/>\n<meta name=\"twitter:site\" content=\"@sunoresearch\" \/>\n<meta name=\"twitter:label1\" content=\"Escrito por\" \/>\n\t<meta name=\"twitter:data1\" content=\"Rafaela La Regina\" \/>\n\t<meta name=\"twitter:label2\" content=\"Est. tempo de leitura\" \/>\n\t<meta name=\"twitter:data2\" content=\"2 minutos\" \/>\n<script type=\"application\/ld+json\" class=\"yoast-schema-graph\">{\"@context\":\"https:\/\/schema.org\",\"@graph\":[{\"@type\":\"NewsArticle\",\"@id\":\"https:\/\/www.suno.com.br\/noticias\/embraer-embr3-fab-estudo-aeronaves-nao-tripuladas\/#article\",\"isPartOf\":{\"@id\":\"https:\/\/www.suno.com.br\/noticias\/embraer-embr3-fab-estudo-aeronaves-nao-tripuladas\/\"},\"author\":{\"name\":\"Rafaela La Regina\",\"@id\":\"https:\/\/www.suno.com.br\/noticias\/#\/schema\/person\/e672ca8cea627fe715fa29bca7da95e0\"},\"headline\":\"Embraer (EMBR3) e FAB assinam memorando para estudo de aeronaves n\u00e3o tripuladas\",\"datePublished\":\"2021-04-23T18:19:15+00:00\",\"mainEntityOfPage\":{\"@id\":\"https:\/\/www.suno.com.br\/noticias\/embraer-embr3-fab-estudo-aeronaves-nao-tripuladas\/\"},\"wordCount\":450,\"publisher\":{\"@id\":\"https:\/\/www.suno.com.br\/noticias\/#organization\"},\"image\":{\"@id\":\"https:\/\/www.suno.com.br\/noticias\/embraer-embr3-fab-estudo-aeronaves-nao-tripuladas\/#primaryimage\"},\"thumbnailUrl\":\"https:\/\/files.sunoresearch.com.br\/n\/uploads\/2021\/02\/3ea60ba8-embraer-divulgacao-868x500-1-jpg.webp\",\"keywords\":[\"Embraer (EMBR3)\"],\"articleSection\":[\"Neg\u00f3cios\"],\"inLanguage\":\"pt-BR\"},{\"@type\":\"WebPage\",\"@id\":\"https:\/\/www.suno.com.br\/noticias\/embraer-embr3-fab-estudo-aeronaves-nao-tripuladas\/\",\"url\":\"https:\/\/www.suno.com.br\/noticias\/embraer-embr3-fab-estudo-aeronaves-nao-tripuladas\/\",\"name\":\"Embraer (EMBR3) e FAB assinam memorando para estudo de aeronaves n\u00e3o tripuladas\",\"isPartOf\":{\"@id\":\"https:\/\/www.suno.com.br\/noticias\/#website\"},\"primaryImageOfPage\":{\"@id\":\"https:\/\/www.suno.com.br\/noticias\/embraer-embr3-fab-estudo-aeronaves-nao-tripuladas\/#primaryimage\"},\"image\":{\"@id\":\"https:\/\/www.suno.com.br\/noticias\/embraer-embr3-fab-estudo-aeronaves-nao-tripuladas\/#primaryimage\"},\"thumbnailUrl\":\"https:\/\/files.sunoresearch.com.br\/n\/uploads\/2021\/02\/3ea60ba8-embraer-divulgacao-868x500-1-jpg.webp\",\"datePublished\":\"2021-04-23T18:19:15+00:00\",\"description\":\"O \\\"estudo \u00e9 de fundamental import\u00e2ncia para a manuten\u00e7\u00e3o e a expans\u00e3o das compet\u00eancias da Embraer\\\", disse o CEO. Clique aqui para saber mais.\",\"breadcrumb\":{\"@id\":\"https:\/\/www.suno.com.br\/noticias\/embraer-embr3-fab-estudo-aeronaves-nao-tripuladas\/#breadcrumb\"},\"inLanguage\":\"pt-BR\",\"potentialAction\":[{\"@type\":\"ReadAction\",\"target\":[\"https:\/\/www.suno.com.br\/noticias\/embraer-embr3-fab-estudo-aeronaves-nao-tripuladas\/\"]}]},{\"@type\":\"ImageObject\",\"inLanguage\":\"pt-BR\",\"@id\":\"https:\/\/www.suno.com.br\/noticias\/embraer-embr3-fab-estudo-aeronaves-nao-tripuladas\/#primaryimage\",\"url\":\"https:\/\/files.sunoresearch.com.br\/n\/uploads\/2021\/02\/3ea60ba8-embraer-divulgacao-868x500-1-jpg.webp\",\"contentUrl\":\"https:\/\/files.sunoresearch.com.br\/n\/uploads\/2021\/02\/3ea60ba8-embraer-divulgacao-868x500-1-jpg.webp\",\"width\":868,\"height\":500,\"caption\":\"Embraer (EMBR3): (Foto: Divulga\u00e7\u00e3o)\"},{\"@type\":\"BreadcrumbList\",\"@id\":\"https:\/\/www.suno.com.br\/noticias\/embraer-embr3-fab-estudo-aeronaves-nao-tripuladas\/#breadcrumb\",\"itemListElement\":[{\"@type\":\"ListItem\",\"position\":1,\"name\":\"Not\u00edcias\",\"item\":\"https:\/\/www.suno.com.br\/noticias\/\"},{\"@type\":\"ListItem\",\"position\":2,\"name\":\"Neg\u00f3cios\",\"item\":\"https:\/\/www.suno.com.br\/noticias\/negocios\/\"},{\"@type\":\"ListItem\",\"position\":3,\"name\":\"Embraer (EMBR3) e FAB assinam memorando para estudo de aeronaves n\u00e3o tripuladas\"}]},{\"@type\":\"WebSite\",\"@id\":\"https:\/\/www.suno.com.br\/noticias\/#website\",\"url\":\"https:\/\/www.suno.com.br\/noticias\/\",\"name\":\"Suno Not\u00edcias\",\"description\":\"Seu portal de informa\u00e7\u00e3o sobre o mundo dos investimentos\",\"publisher\":{\"@id\":\"https:\/\/www.suno.com.br\/noticias\/#organization\"},\"potentialAction\":[{\"@type\":\"SearchAction\",\"target\":{\"@type\":\"EntryPoint\",\"urlTemplate\":\"https:\/\/www.suno.com.br\/noticias\/?s={search_term_string}\"},\"query-input\":{\"@type\":\"PropertyValueSpecification\",\"valueRequired\":true,\"valueName\":\"search_term_string\"}}],\"inLanguage\":\"pt-BR\"},{\"@type\":\"Organization\",\"@id\":\"https:\/\/www.suno.com.br\/noticias\/#organization\",\"name\":\"Suno Not\u00edcias\",\"url\":\"https:\/\/www.suno.com.br\/noticias\/\",\"logo\":{\"@type\":\"ImageObject\",\"inLanguage\":\"pt-BR\",\"@id\":\"https:\/\/www.suno.com.br\/noticias\/#\/schema\/logo\/image\/\",\"url\":\"https:\/\/files.sunoresearch.com.br\/n\/uploads\/2021\/09\/suno-logo.png\",\"contentUrl\":\"https:\/\/files.sunoresearch.com.br\/n\/uploads\/2021\/09\/suno-logo.png\",\"width\":180,\"height\":180,\"caption\":\"Suno Not\u00edcias\"},\"image\":{\"@id\":\"https:\/\/www.suno.com.br\/noticias\/#\/schema\/logo\/image\/\"},\"sameAs\":[\"https:\/\/facebook.com\/sunoresearch\",\"https:\/\/x.com\/sunoresearch\",\"https:\/\/www.instagram.com\/suno\",\"https:\/\/www.linkedin.com\/company\/suno-research\/\",\"https:\/\/www.youtube.com\/c\/sunoresearch\"]},{\"@type\":\"Person\",\"@id\":\"https:\/\/www.suno.com.br\/noticias\/#\/schema\/person\/e672ca8cea627fe715fa29bca7da95e0\",\"name\":\"Rafaela La Regina\",\"image\":{\"@type\":\"ImageObject\",\"inLanguage\":\"pt-BR\",\"@id\":\"https:\/\/www.suno.com.br\/noticias\/#\/schema\/person\/image\/\",\"url\":\"https:\/\/secure.gravatar.com\/avatar\/d2c75a52d243deb93d0465fdcb21bd37?s=96&r=g\",\"contentUrl\":\"https:\/\/secure.gravatar.com\/avatar\/d2c75a52d243deb93d0465fdcb21bd37?s=96&r=g\",\"caption\":\"Rafaela La Regina\"},\"description\":\"Estagi\u00e1ria no Suno Not\u00edcias. Escreve sobre economia, pol\u00edtica e neg\u00f3cios. Estuda Rela\u00e7\u00f5es Internacionais no IBMEC-SP.\",\"url\":\"https:\/\/www.suno.com.br\/noticias\/author\/rafaela-la-regina\/\"}]}<\/script>\n<!-- \/ Yoast SEO plugin. -->","yoast_head_json":{"title":"Embraer (EMBR3) e FAB assinam memorando para estudo de aeronaves n\u00e3o tripuladas","description":"O \"estudo \u00e9 de fundamental import\u00e2ncia para a manuten\u00e7\u00e3o e a expans\u00e3o das compet\u00eancias da Embraer\", disse o CEO. Clique aqui para saber mais.","robots":{"index":"index","follow":"follow","max-snippet":"max-snippet:-1","max-image-preview":"max-image-preview:large","max-video-preview":"max-video-preview:-1"},"canonical":"https:\/\/www.suno.com.br\/noticias\/embraer-embr3-fab-estudo-aeronaves-nao-tripuladas\/","og_locale":"pt_BR","og_type":"article","og_title":"Embraer (EMBR3) e FAB assinam memorando para estudo de aeronaves n\u00e3o tripuladas","og_description":"O \"estudo \u00e9 de fundamental import\u00e2ncia para a manuten\u00e7\u00e3o e a expans\u00e3o das compet\u00eancias da Embraer\", disse o CEO. Clique aqui para saber mais.","og_url":"https:\/\/www.suno.com.br\/noticias\/embraer-embr3-fab-estudo-aeronaves-nao-tripuladas\/","og_site_name":"Suno Not\u00edcias","article_publisher":"https:\/\/facebook.com\/sunoresearch","og_image":[{"width":868,"height":500,"url":"https:\/\/files.sunoresearch.com.br\/n\/uploads\/2021\/02\/3ea60ba8-embraer-divulgacao-868x500-1.jpg","type":"image\/jpeg"}],"author":"Rafaela La Regina","twitter_card":"summary_large_image","twitter_creator":"@sunoresearch","twitter_site":"@sunoresearch","twitter_misc":{"Escrito por":"Rafaela La Regina","Est. tempo de leitura":"2 minutos"},"schema":{"@context":"https:\/\/schema.org","@graph":[{"@type":"NewsArticle","@id":"https:\/\/www.suno.com.br\/noticias\/embraer-embr3-fab-estudo-aeronaves-nao-tripuladas\/#article","isPartOf":{"@id":"https:\/\/www.suno.com.br\/noticias\/embraer-embr3-fab-estudo-aeronaves-nao-tripuladas\/"},"author":{"name":"Rafaela La Regina","@id":"https:\/\/www.suno.com.br\/noticias\/#\/schema\/person\/e672ca8cea627fe715fa29bca7da95e0"},"headline":"Embraer (EMBR3) e FAB assinam memorando para estudo de aeronaves n\u00e3o tripuladas","datePublished":"2021-04-23T18:19:15+00:00","mainEntityOfPage":{"@id":"https:\/\/www.suno.com.br\/noticias\/embraer-embr3-fab-estudo-aeronaves-nao-tripuladas\/"},"wordCount":450,"publisher":{"@id":"https:\/\/www.suno.com.br\/noticias\/#organization"},"image":{"@id":"https:\/\/www.suno.com.br\/noticias\/embraer-embr3-fab-estudo-aeronaves-nao-tripuladas\/#primaryimage"},"thumbnailUrl":"https:\/\/files.sunoresearch.com.br\/n\/uploads\/2021\/02\/3ea60ba8-embraer-divulgacao-868x500-1-jpg.webp","keywords":["Embraer (EMBR3)"],"articleSection":["Neg\u00f3cios"],"inLanguage":"pt-BR"},{"@type":"WebPage","@id":"https:\/\/www.suno.com.br\/noticias\/embraer-embr3-fab-estudo-aeronaves-nao-tripuladas\/","url":"https:\/\/www.suno.com.br\/noticias\/embraer-embr3-fab-estudo-aeronaves-nao-tripuladas\/","name":"Embraer (EMBR3) e FAB assinam memorando para estudo de aeronaves n\u00e3o tripuladas","isPartOf":{"@id":"https:\/\/www.suno.com.br\/noticias\/#website"},"primaryImageOfPage":{"@id":"https:\/\/www.suno.com.br\/noticias\/embraer-embr3-fab-estudo-aeronaves-nao-tripuladas\/#primaryimage"},"image":{"@id":"https:\/\/www.suno.com.br\/noticias\/embraer-embr3-fab-estudo-aeronaves-nao-tripuladas\/#primaryimage"},"thumbnailUrl":"https:\/\/files.sunoresearch.com.br\/n\/uploads\/2021\/02\/3ea60ba8-embraer-divulgacao-868x500-1-jpg.webp","datePublished":"2021-04-23T18:19:15+00:00","description":"O \"estudo \u00e9 de fundamental import\u00e2ncia para a manuten\u00e7\u00e3o e a expans\u00e3o das compet\u00eancias da Embraer\", disse o CEO. Clique aqui para saber mais.","breadcrumb":{"@id":"https:\/\/www.suno.com.br\/noticias\/embraer-embr3-fab-estudo-aeronaves-nao-tripuladas\/#breadcrumb"},"inLanguage":"pt-BR","potentialAction":[{"@type":"ReadAction","target":["https:\/\/www.suno.com.br\/noticias\/embraer-embr3-fab-estudo-aeronaves-nao-tripuladas\/"]}]},{"@type":"ImageObject","inLanguage":"pt-BR","@id":"https:\/\/www.suno.com.br\/noticias\/embraer-embr3-fab-estudo-aeronaves-nao-tripuladas\/#primaryimage","url":"https:\/\/files.sunoresearch.com.br\/n\/uploads\/2021\/02\/3ea60ba8-embraer-divulgacao-868x500-1-jpg.webp","contentUrl":"https:\/\/files.sunoresearch.com.br\/n\/uploads\/2021\/02\/3ea60ba8-embraer-divulgacao-868x500-1-jpg.webp","width":868,"height":500,"caption":"Embraer (EMBR3): (Foto: Divulga\u00e7\u00e3o)"},{"@type":"BreadcrumbList","@id":"https:\/\/www.suno.com.br\/noticias\/embraer-embr3-fab-estudo-aeronaves-nao-tripuladas\/#breadcrumb","itemListElement":[{"@type":"ListItem","position":1,"name":"Not\u00edcias","item":"https:\/\/www.suno.com.br\/noticias\/"},{"@type":"ListItem","position":2,"name":"Neg\u00f3cios","item":"https:\/\/www.suno.com.br\/noticias\/negocios\/"},{"@type":"ListItem","position":3,"name":"Embraer (EMBR3) e FAB assinam memorando para estudo de aeronaves n\u00e3o tripuladas"}]},{"@type":"WebSite","@id":"https:\/\/www.suno.com.br\/noticias\/#website","url":"https:\/\/www.suno.com.br\/noticias\/","name":"Suno Not\u00edcias","description":"Seu portal de informa\u00e7\u00e3o sobre o mundo dos investimentos","publisher":{"@id":"https:\/\/www.suno.com.br\/noticias\/#organization"},"potentialAction":[{"@type":"SearchAction","target":{"@type":"EntryPoint","urlTemplate":"https:\/\/www.suno.com.br\/noticias\/?s={search_term_string}"},"query-input":{"@type":"PropertyValueSpecification","valueRequired":true,"valueName":"search_term_string"}}],"inLanguage":"pt-BR"},{"@type":"Organization","@id":"https:\/\/www.suno.com.br\/noticias\/#organization","name":"Suno Not\u00edcias","url":"https:\/\/www.suno.com.br\/noticias\/","logo":{"@type":"ImageObject","inLanguage":"pt-BR","@id":"https:\/\/www.suno.com.br\/noticias\/#\/schema\/logo\/image\/","url":"https:\/\/files.sunoresearch.com.br\/n\/uploads\/2021\/09\/suno-logo.png","contentUrl":"https:\/\/files.sunoresearch.com.br\/n\/uploads\/2021\/09\/suno-logo.png","width":180,"height":180,"caption":"Suno Not\u00edcias"},"image":{"@id":"https:\/\/www.suno.com.br\/noticias\/#\/schema\/logo\/image\/"},"sameAs":["https:\/\/facebook.com\/sunoresearch","https:\/\/x.com\/sunoresearch","https:\/\/www.instagram.com\/suno","https:\/\/www.linkedin.com\/company\/suno-research\/","https:\/\/www.youtube.com\/c\/sunoresearch"]},{"@type":"Person","@id":"https:\/\/www.suno.com.br\/noticias\/#\/schema\/person\/e672ca8cea627fe715fa29bca7da95e0","name":"Rafaela La Regina","image":{"@type":"ImageObject","inLanguage":"pt-BR","@id":"https:\/\/www.suno.com.br\/noticias\/#\/schema\/person\/image\/","url":"https:\/\/secure.gravatar.com\/avatar\/d2c75a52d243deb93d0465fdcb21bd37?s=96&r=g","contentUrl":"https:\/\/secure.gravatar.com\/avatar\/d2c75a52d243deb93d0465fdcb21bd37?s=96&r=g","caption":"Rafaela La Regina"},"description":"Estagi\u00e1ria no Suno Not\u00edcias. Escreve sobre economia, pol\u00edtica e neg\u00f3cios. Estuda Rela\u00e7\u00f5es Internacionais no IBMEC-SP.","url":"https:\/\/www.suno.com.br\/noticias\/author\/rafaela-la-regina\/"}]}},"default_loop_html":"<div class=\"cardsPage__listCard__boxs\"><div class=\"cardsPage__listCard__boxs__img\"><a href=\"https:\/\/www.suno.com.br\/noticias\/embraer-embr3-fab-estudo-aeronaves-nao-tripuladas\/\"><img class=\"mask\" src=\"https:\/\/www.suno.com.br\/noticias\/wp-content\/themes\/suno\/resources\/images\/spotlight\/spotlight1img\/bg-mask.png\" alt=\"Image Mask\"\/><img src=\"https:\/\/files.sunoresearch.com.br\/n\/uploads\/2021\/02\/3ea60ba8-embraer-divulgacao-868x500-1-400x200.webp\" alt=\"Embraer (EMBR3) e FAB assinam memorando para estudo de aeronaves n\u00e3o tripuladas\"\/><\/a><span class=\"spotlightCategory\"><a href=\"https:\/\/www.suno.com.br\/noticias\/negocios\/\">Neg\u00f3cios<\/a><\/span><\/div><div class=\"cardsPage__listCard__boxs__content\"><a href=\"https:\/\/www.suno.com.br\/noticias\/embraer-embr3-fab-estudo-aeronaves-nao-tripuladas\/\"><h2 class=\"content__title\">Embraer (EMBR3) e FAB assinam memorando para estudo de aeronaves n\u00e3o tripuladas<\/h2><\/a><div class=\"newsContent__article__meta\"><div class=\"newsContent__article__meta__authorBox\"><a href=\"https:\/\/www.suno.com.br\/noticias\/author\/rafaela-la-regina\/\" class=\"authorBox__avatar noMobi\"><img src=\"https:\/\/secure.gravatar.com\/avatar\/d2c75a52d243deb93d0465fdcb21bd37?s=96&#038;r=g\" alt=\"Rafaela La Regina\"><\/a><div class=\"authorBox__name\"><span>por\n\t\t\t<a href=\"https:\/\/www.suno.com.br\/noticias\/author\/rafaela-la-regina\/\"><span itemprop=\"author\">Rafaela La Regina<\/span><\/a><\/span><time datetime=\"2021-04-23T15:19:15-03:00\" itemprop=\"datePublished\">23\/04\/2021 15:19<\/time><\/div><\/div><\/div><\/div><\/div>","single_layout":"posts","amp_enabled":true,"_links":{"self":[{"href":"https:\/\/www.suno.com.br\/noticias\/wp-json\/wp\/v2\/posts\/141789"}],"collection":[{"href":"https:\/\/www.suno.com.br\/noticias\/wp-json\/wp\/v2\/posts"}],"about":[{"href":"https:\/\/www.suno.com.br\/noticias\/wp-json\/wp\/v2\/types\/post"}],"author":[{"embeddable":true,"href":"https:\/\/www.suno.com.br\/noticias\/wp-json\/wp\/v2\/users\/56"}],"replies":[{"embeddable":true,"href":"https:\/\/www.suno.com.br\/noticias\/wp-json\/wp\/v2\/comments?post=141789"}],"version-history":[{"count":2,"href":"https:\/\/www.suno.com.br\/noticias\/wp-json\/wp\/v2\/posts\/141789\/revisions"}],"predecessor-version":[{"id":141835,"href":"https:\/\/www.suno.com.br\/noticias\/wp-json\/wp\/v2\/posts\/141789\/revisions\/141835"}],"wp:featuredmedia":[{"embeddable":true,"href":"https:\/\/www.suno.com.br\/noticias\/wp-json\/wp\/v2\/media\/121868"}],"wp:attachment":[{"href":"https:\/\/www.suno.com.br\/noticias\/wp-json\/wp\/v2\/media?parent=141789"}],"wp:term":[{"taxonomy":"category","embeddable":true,"href":"https:\/\/www.suno.com.br\/noticias\/wp-json\/wp\/v2\/categories?post=141789"},{"taxonomy":"post_tag","embeddable":true,"href":"https:\/\/www.suno.com.br\/noticias\/wp-json\/wp\/v2\/tags?post=141789"},{"taxonomy":"suno_strategy","embeddable":true,"href":"https:\/\/www.suno.com.br\/noticias\/wp-json\/wp\/v2\/suno_strategy?post=141789"}],"curies":[{"name":"wp","href":"https:\/\/api.w.org\/{rel}","templated":true}]}}