{"id":141729,"date":"2021-04-23T13:04:41","date_gmt":"2021-04-23T16:04:41","guid":{"rendered":"https:\/\/www.suno.com.br\/noticias\/?p=141729"},"modified":"2021-04-23T13:05:36","modified_gmt":"2021-04-23T16:05:36","slug":"tim-tims3-governo-debentures-5-bilhoes","status":"publish","type":"post","link":"https:\/\/www.suno.com.br\/noticias\/tim-tims3-governo-debentures-5-bilhoes\/","title":{"rendered":"TIM (TIMS3) \u00e9 autorizada a emitir R$ 5,7 bi em deb\u00eantures incentivadas"},"content":{"rendered":"<p>A <a href=\"https:\/\/www.suno.com.br\/acoes\/tims3\/\"><strong>TIM<\/strong> (TIMS3)<\/a> aderiu a pol\u00edtica de <a href=\"https:\/\/www.suno.com.br\/artigos\/debentures-incentivadas\/\">deb\u00eantures incentivadas<\/a> lan\u00e7ada pelo governo federal no ano passado. O Minist\u00e9rio das Comunica\u00e7\u00f5es aprovou, nesta sexta-feira (23), o enquadramento de projeto da operadora para emiss\u00e3o de t\u00edtulos, conforme foi publicado no Di\u00e1rio Oficial da Uni\u00e3o (DOU).<\/p>\t<div class=\"wrapper-featured-image\">\n\t\t<figure class=\"spotlightImg\">\n\n\t\t\t<picture>\n\t\t\t\t<source media=\"(max-width: 768px)\" srcset=\"https:\/\/files.sunoresearch.com.br\/n\/uploads\/2021\/03\/6164f846-tim_1-400x200.webp\">\n\t\t\t\t<img loading=\"lazy\" decoding=\"async\" class=\"newsContent__article__imgCapa lazyloadDisabled \" src=\"https:\/\/files.sunoresearch.com.br\/n\/uploads\/2021\/03\/6164f846-tim_1-800x450.webp\" width=\"800\" height=\"450\" alt=\"TIM (TIMS3) \u00e9 autorizada a emitir R$ 5,7 bi em deb\u00eantures incentivadas\" fetchpriority=high \/>\n\t\t\t<\/picture>\n\n\t\t\t<figcaption class=\"wp-caption-text wp-caption-text--show\">Tim (TIMS3) Loja. Foto: Divulga\u00e7\u00e3o<\/figcaption>\n\t\t<\/figure>\n\t<\/div>\n\n\n\t<p>\n\t\t<a href=\"https:\/\/lp.suno.com.br\/planilha-controle-gastos\/\" target=\"_blank\" data-element=\"shortcode-suno-banner\" title=\"Banner SUNO, clique e saiba mais\">\n\t\t\t<picture>\n\t\t\t\t<source media=\"(max-width: 500px)\" srcset=\"https:\/\/files.sunoresearch.com.br\/n\/uploads\/2023\/03\/400x300-Planilha-controle-de-gastos.png\">\n\t\t\t\t<img class=\"newsContent__article__imgCapa newsContent__article__imgCapa--banner\"\n\t\t\t\t\tsrc=\"https:\/\/files.sunoresearch.com.br\/n\/uploads\/2023\/03\/1420x240-Planilha-controle-de-gastos.png\"\n\t\t\t\t\tdata-promo-id=\"101751\"\t\t\t\t\t\t\t\t\t\twidth='1420' height='240'\t\t\t\t\talt=\"https:\/\/files.sunoresearch.com.br\/n\/uploads\/2023\/03\/1420x240-Planilha-controle-de-gastos.png\"\n\t\t\t\t>\n\t\t\t<\/picture>\n\t\t<\/a>\n\t<\/p>\n\n\n<p>Com isso, a TIM poder\u00e1 emitir pap\u00e9is com incentivo fiscal para financiar os <strong>investimentos<\/strong>. Segundo a portaria publicada no (DOU), a empresa foi autorizada a emitir at\u00e9 R$ 5,753 bilh\u00f5es para financiar projeto, que inclui investimentos em rede 5G.<\/p>\n<p><a href=\"https:\/\/lp.suno.com.br\/suno-one\/\">Suno One: acesse gratuitamente eBooks, Minicursos, Artigos e V\u00eddeo Aulas sobre investimentos com um \u00fanico cadastro. Clique para saber mais!<\/a><\/p>\n<p>De acordo com a descri\u00e7\u00e3o do projeto, o objetivo \u00e9 &#8220;implantar, ampliar, manter, recuperar, adequar e\/ou modernizar rede de transporte, rede acesso fixo e m\u00f3vel, centro de dados (datacenter), rede de comunica\u00e7\u00e3o m\u00e1quina a m\u00e1quina, rede <strong>5G<\/strong> ou superior e infraestrutura para virtualiza\u00e7\u00e3o de rede de telecomunica\u00e7\u00f5es, melhorando a qualidade e a disponibilidade de servi\u00e7os oferecidos&#8221; em 21 unidades da federa\u00e7\u00e3o, incluindo <strong>S\u00e3o Paulo<\/strong>, <strong>Distrito Federal<\/strong> e<strong> Rio de Janeiro<\/strong>.<\/p>\n<p>O programa de emiss\u00e3o de deb\u00eantures incentivadas foi lan\u00e7ado em 2012, sem muitas ades\u00f5es. Em setembro de 2020, o Minist\u00e9rio de Comunica\u00e7\u00f5es alterou as regras, atraindo mais interessados. As empresas t\u00eam como incentivo descontar o imposto de renda dos investimentos realizados em redes com os recursos captados.<\/p>\n<p>Por sua vez, para o investidor \u00e9 uma oportunidade em investir em <strong>renda fixa<\/strong> emitidos com finalidade de captar recursos para projetos espec\u00edficos e de interesse para o desenvolvimento do pa\u00eds.<\/p>\n<h2>TIM, com ajuda da fatia no C6 Bank, lucro cresce 10% e chega a R$ 1 bi<\/h2>\n<p>A <strong>TIM<\/strong> fechou o quarto trimestre de 2020 com lucro l\u00edquido de R$ 1,013 bilh\u00e3o, uma alta de 10,4% em rela\u00e7\u00e3o ao mesmo per\u00edodo de 2019. No ano inteiro, o lucro l\u00edquido totalizou R$ 1,844 bilh\u00e3o, baixa de 49,1% em rela\u00e7\u00e3o ao ano anterior.<\/p>\n\t<div data-element=\"shortcode-read-more\" class=\"knowMore\">\n\t\t\t\t<span class=\"knowMore__title\">Saiba Mais<\/span>\n\t\t\t\t<a class=\"knowMore__link\" href=\"https:\/\/www.suno.com.br\/noticias\/tim-tims3-lucro-1-bi-receita-finaceira\/\">\n\t\t\tTIM (TIMS3): Com ajuda da fatia no C6 Bank, lucro cresce 10% e chega a R$ 1 bi\t\t<\/a>\n\t<\/div>\n\n\n<p>De acordo com o release de resultados, a operadora conseguiu incrementar o faturamento das <strong>receitas de servi\u00e7os fixos<\/strong> (8,0%) e <strong>m\u00f3veis<\/strong> (1,5%). Mas o que impulsionou o lucro no trimestre foram os ganhos oriundos da sua participa\u00e7\u00e3o no <strong>C6<\/strong>.<\/p>\n<p>O banco digital gerou para a tele uma receita financeira pela contabiliza\u00e7\u00e3o da marca\u00e7\u00e3o a mercado do<a href=\"https:\/\/www.suno.com.br\/noticias\/tim-tims3-banco-c6-participacao-capital\/\"> b\u00f4nus de subscri\u00e7\u00e3o<\/a> que d\u00e1 \u00e0 TIM direito a uma parcela de 1,4% no C6.<\/p>\n<p><em>(Com informa\u00e7\u00f5es do Estad\u00e3o Conte\u00fado)<\/em><\/p>\n\t<p>\n\t\t<a href=\"https:\/\/lp.suno.com.br\/planilha-de-controle-de-investimentos\/\" target=\"_blank\" data-element=\"shortcode-suno-banner\" title=\"Banner SUNO, clique e saiba mais\">\n\t\t\t<picture>\n\t\t\t\t<source media=\"(max-width: 500px)\" srcset=\"https:\/\/files.sunoresearch.com.br\/n\/uploads\/2023\/03\/400x300-Controle-de-Investimentos.png\">\n\t\t\t\t<img class=\"newsContent__article__imgCapa newsContent__article__imgCapa--banner\"\n\t\t\t\t\tsrc=\"https:\/\/files.sunoresearch.com.br\/n\/uploads\/2023\/03\/1420x240-Controle-de-Investimentos.png\"\n\t\t\t\t\tdata-promo-id=\"75934\"\t\t\t\t\t\t\t\t\t\twidth='1420' height='240'\t\t\t\t\talt=\"https:\/\/files.sunoresearch.com.br\/n\/uploads\/2023\/03\/1420x240-Controle-de-Investimentos.png\"\n\t\t\t\t>\n\t\t\t<\/picture>\n\t\t<\/a>\n\t<\/p>\n\n\n","protected":false},"excerpt":{"rendered":"<p>A TIM (TIMS3) aderiu a pol\u00edtica de deb\u00eantures incentivadas lan\u00e7ada pelo governo federal no ano passado. O Minist\u00e9rio das Comunica\u00e7\u00f5es aprovou, nesta sexta-feira (23), o enquadramento de projeto da operadora para emiss\u00e3o de t\u00edtulos, conforme foi publicado no Di\u00e1rio Oficial da Uni\u00e3o (DOU). Tim (TIMS3) Loja. Foto: Divulga\u00e7\u00e3o Com isso, a TIM poder\u00e1 emitir pap\u00e9is [&hellip;]<\/p>\n","protected":false},"author":15,"featured_media":130492,"comment_status":"closed","ping_status":"closed","sticky":false,"template":"","format":"standard","meta":[],"categories":[64],"tags":[1560,663],"suno_strategy":[],"class_list":["post-141729","post","type-post","status-publish","format-standard","has-post-thumbnail","hentry","category-negocios","tag-debentures-incentivadas","tag-tim-tims3"],"yoast_head":"<!-- This site is optimized with the Yoast SEO plugin v24.4 - https:\/\/yoast.com\/wordpress\/plugins\/seo\/ -->\n<title>TIM (TIMS3) \u00e9 autorizada a emitir R$ 5,7 bi em deb\u00eantures incentivadas<\/title>\n<meta name=\"description\" content=\"A TIM (TIMS3) aderiu a pol\u00edtica de deb\u00eantures incentivadas lan\u00e7ada pelo governo federal no ano passado. Para saber mais clique aqui.\" \/>\n<meta name=\"robots\" content=\"index, follow, max-snippet:-1, max-image-preview:large, max-video-preview:-1\" \/>\n<link rel=\"canonical\" href=\"https:\/\/www.suno.com.br\/noticias\/tim-tims3-governo-debentures-5-bilhoes\/\" \/>\n<meta property=\"og:locale\" content=\"pt_BR\" \/>\n<meta property=\"og:type\" content=\"article\" \/>\n<meta property=\"og:title\" content=\"TIM (TIMS3) \u00e9 autorizada a emitir R$ 5,7 bi em deb\u00eantures incentivadas\" \/>\n<meta property=\"og:description\" content=\"A TIM (TIMS3) aderiu a pol\u00edtica de deb\u00eantures incentivadas lan\u00e7ada pelo governo federal no ano passado. Para saber mais clique aqui.\" \/>\n<meta property=\"og:url\" content=\"https:\/\/www.suno.com.br\/noticias\/tim-tims3-governo-debentures-5-bilhoes\/\" \/>\n<meta property=\"og:site_name\" content=\"Suno Not\u00edcias\" \/>\n<meta property=\"article:publisher\" content=\"https:\/\/facebook.com\/sunoresearch\" \/>\n<meta property=\"og:image\" content=\"https:\/\/files.sunoresearch.com.br\/n\/uploads\/2021\/03\/6164f846-tim_1.jpg\" \/>\n\t<meta property=\"og:image:width\" content=\"1200\" \/>\n\t<meta property=\"og:image:height\" content=\"802\" \/>\n\t<meta property=\"og:image:type\" content=\"image\/jpeg\" \/>\n<meta name=\"author\" content=\"Poliana Santos\" \/>\n<meta name=\"twitter:card\" content=\"summary_large_image\" \/>\n<meta name=\"twitter:creator\" content=\"@sunoresearch\" \/>\n<meta name=\"twitter:site\" content=\"@sunoresearch\" \/>\n<meta name=\"twitter:label1\" content=\"Escrito por\" \/>\n\t<meta name=\"twitter:data1\" content=\"Poliana Santos\" \/>\n\t<meta name=\"twitter:label2\" content=\"Est. tempo de leitura\" \/>\n\t<meta name=\"twitter:data2\" content=\"2 minutos\" \/>\n<script type=\"application\/ld+json\" class=\"yoast-schema-graph\">{\"@context\":\"https:\/\/schema.org\",\"@graph\":[{\"@type\":\"NewsArticle\",\"@id\":\"https:\/\/www.suno.com.br\/noticias\/tim-tims3-governo-debentures-5-bilhoes\/#article\",\"isPartOf\":{\"@id\":\"https:\/\/www.suno.com.br\/noticias\/tim-tims3-governo-debentures-5-bilhoes\/\"},\"author\":{\"name\":\"Poliana Santos\",\"@id\":\"https:\/\/www.suno.com.br\/noticias\/#\/schema\/person\/02ec1f752758247878a2bf4abee1aeda\"},\"headline\":\"TIM (TIMS3) \u00e9 autorizada a emitir R$ 5,7 bi em deb\u00eantures incentivadas\",\"datePublished\":\"2021-04-23T16:04:41+00:00\",\"dateModified\":\"2021-04-23T16:05:36+00:00\",\"mainEntityOfPage\":{\"@id\":\"https:\/\/www.suno.com.br\/noticias\/tim-tims3-governo-debentures-5-bilhoes\/\"},\"wordCount\":441,\"publisher\":{\"@id\":\"https:\/\/www.suno.com.br\/noticias\/#organization\"},\"image\":{\"@id\":\"https:\/\/www.suno.com.br\/noticias\/tim-tims3-governo-debentures-5-bilhoes\/#primaryimage\"},\"thumbnailUrl\":\"https:\/\/files.sunoresearch.com.br\/n\/uploads\/2021\/03\/6164f846-tim_1-jpg.webp\",\"keywords\":[\"deb\u00eantures incentivadas\",\"TIM (TIMS3)\"],\"articleSection\":[\"Neg\u00f3cios\"],\"inLanguage\":\"pt-BR\"},{\"@type\":\"WebPage\",\"@id\":\"https:\/\/www.suno.com.br\/noticias\/tim-tims3-governo-debentures-5-bilhoes\/\",\"url\":\"https:\/\/www.suno.com.br\/noticias\/tim-tims3-governo-debentures-5-bilhoes\/\",\"name\":\"TIM (TIMS3) \u00e9 autorizada a emitir R$ 5,7 bi em deb\u00eantures incentivadas\",\"isPartOf\":{\"@id\":\"https:\/\/www.suno.com.br\/noticias\/#website\"},\"primaryImageOfPage\":{\"@id\":\"https:\/\/www.suno.com.br\/noticias\/tim-tims3-governo-debentures-5-bilhoes\/#primaryimage\"},\"image\":{\"@id\":\"https:\/\/www.suno.com.br\/noticias\/tim-tims3-governo-debentures-5-bilhoes\/#primaryimage\"},\"thumbnailUrl\":\"https:\/\/files.sunoresearch.com.br\/n\/uploads\/2021\/03\/6164f846-tim_1-jpg.webp\",\"datePublished\":\"2021-04-23T16:04:41+00:00\",\"dateModified\":\"2021-04-23T16:05:36+00:00\",\"description\":\"A TIM (TIMS3) aderiu a pol\u00edtica de deb\u00eantures incentivadas lan\u00e7ada pelo governo federal no ano passado. Para saber mais clique aqui.\",\"breadcrumb\":{\"@id\":\"https:\/\/www.suno.com.br\/noticias\/tim-tims3-governo-debentures-5-bilhoes\/#breadcrumb\"},\"inLanguage\":\"pt-BR\",\"potentialAction\":[{\"@type\":\"ReadAction\",\"target\":[\"https:\/\/www.suno.com.br\/noticias\/tim-tims3-governo-debentures-5-bilhoes\/\"]}]},{\"@type\":\"ImageObject\",\"inLanguage\":\"pt-BR\",\"@id\":\"https:\/\/www.suno.com.br\/noticias\/tim-tims3-governo-debentures-5-bilhoes\/#primaryimage\",\"url\":\"https:\/\/files.sunoresearch.com.br\/n\/uploads\/2021\/03\/6164f846-tim_1-jpg.webp\",\"contentUrl\":\"https:\/\/files.sunoresearch.com.br\/n\/uploads\/2021\/03\/6164f846-tim_1-jpg.webp\",\"width\":1200,\"height\":802,\"caption\":\"Tim (TIMS3) Loja. Foto: Divulga\u00e7\u00e3o\"},{\"@type\":\"BreadcrumbList\",\"@id\":\"https:\/\/www.suno.com.br\/noticias\/tim-tims3-governo-debentures-5-bilhoes\/#breadcrumb\",\"itemListElement\":[{\"@type\":\"ListItem\",\"position\":1,\"name\":\"Not\u00edcias\",\"item\":\"https:\/\/www.suno.com.br\/noticias\/\"},{\"@type\":\"ListItem\",\"position\":2,\"name\":\"Neg\u00f3cios\",\"item\":\"https:\/\/www.suno.com.br\/noticias\/negocios\/\"},{\"@type\":\"ListItem\",\"position\":3,\"name\":\"TIM (TIMS3) \u00e9 autorizada a emitir R$ 5,7 bi em deb\u00eantures incentivadas\"}]},{\"@type\":\"WebSite\",\"@id\":\"https:\/\/www.suno.com.br\/noticias\/#website\",\"url\":\"https:\/\/www.suno.com.br\/noticias\/\",\"name\":\"Suno Not\u00edcias\",\"description\":\"Seu portal de informa\u00e7\u00e3o sobre o mundo dos investimentos\",\"publisher\":{\"@id\":\"https:\/\/www.suno.com.br\/noticias\/#organization\"},\"potentialAction\":[{\"@type\":\"SearchAction\",\"target\":{\"@type\":\"EntryPoint\",\"urlTemplate\":\"https:\/\/www.suno.com.br\/noticias\/?s={search_term_string}\"},\"query-input\":{\"@type\":\"PropertyValueSpecification\",\"valueRequired\":true,\"valueName\":\"search_term_string\"}}],\"inLanguage\":\"pt-BR\"},{\"@type\":\"Organization\",\"@id\":\"https:\/\/www.suno.com.br\/noticias\/#organization\",\"name\":\"Suno Not\u00edcias\",\"url\":\"https:\/\/www.suno.com.br\/noticias\/\",\"logo\":{\"@type\":\"ImageObject\",\"inLanguage\":\"pt-BR\",\"@id\":\"https:\/\/www.suno.com.br\/noticias\/#\/schema\/logo\/image\/\",\"url\":\"https:\/\/files.sunoresearch.com.br\/n\/uploads\/2021\/09\/suno-logo.png\",\"contentUrl\":\"https:\/\/files.sunoresearch.com.br\/n\/uploads\/2021\/09\/suno-logo.png\",\"width\":180,\"height\":180,\"caption\":\"Suno Not\u00edcias\"},\"image\":{\"@id\":\"https:\/\/www.suno.com.br\/noticias\/#\/schema\/logo\/image\/\"},\"sameAs\":[\"https:\/\/facebook.com\/sunoresearch\",\"https:\/\/x.com\/sunoresearch\",\"https:\/\/www.instagram.com\/suno\",\"https:\/\/www.linkedin.com\/company\/suno-research\/\",\"https:\/\/www.youtube.com\/c\/sunoresearch\"]},{\"@type\":\"Person\",\"@id\":\"https:\/\/www.suno.com.br\/noticias\/#\/schema\/person\/02ec1f752758247878a2bf4abee1aeda\",\"name\":\"Poliana Santos\",\"image\":{\"@type\":\"ImageObject\",\"inLanguage\":\"pt-BR\",\"@id\":\"https:\/\/www.suno.com.br\/noticias\/#\/schema\/person\/image\/\",\"url\":\"https:\/\/secure.gravatar.com\/avatar\/0645bd32f23d87b2130f2b2dff1d3f8d?s=96&r=g\",\"contentUrl\":\"https:\/\/secure.gravatar.com\/avatar\/0645bd32f23d87b2130f2b2dff1d3f8d?s=96&r=g\",\"caption\":\"Poliana Santos\"},\"description\":\"Rep\u00f3rter no Suno Not\u00edcias, com cobertura em mercado financeiro, economia, finan\u00e7as pessoais, renda fixa e varejo. Jornalista formada pela Faculdade C\u00e1sper L\u00edbero e possui passagem na R\u00e1dio Gazeta AM com a produ\u00e7\u00e3o de conte\u00fado sobre economia, pol\u00edtica, sa\u00fade, moda e m\u00fasica. Possui certificado de conclus\u00e3o do curso de An\u00e1lise de Balan\u00e7os pela Funda\u00e7\u00e3o Bradesco, Agenda Brasil pela FAAP, Educa\u00e7\u00e3o Pol\u00edtica por Alexandre Garcia e do Tesouro Direto e Mercado de A\u00e7\u00f5es pela B3.\",\"url\":\"https:\/\/www.suno.com.br\/noticias\/author\/poliana-santos\/\"}]}<\/script>\n<!-- \/ Yoast SEO plugin. -->","yoast_head_json":{"title":"TIM (TIMS3) \u00e9 autorizada a emitir R$ 5,7 bi em deb\u00eantures incentivadas","description":"A TIM (TIMS3) aderiu a pol\u00edtica de deb\u00eantures incentivadas lan\u00e7ada pelo governo federal no ano passado. Para saber mais clique aqui.","robots":{"index":"index","follow":"follow","max-snippet":"max-snippet:-1","max-image-preview":"max-image-preview:large","max-video-preview":"max-video-preview:-1"},"canonical":"https:\/\/www.suno.com.br\/noticias\/tim-tims3-governo-debentures-5-bilhoes\/","og_locale":"pt_BR","og_type":"article","og_title":"TIM (TIMS3) \u00e9 autorizada a emitir R$ 5,7 bi em deb\u00eantures incentivadas","og_description":"A TIM (TIMS3) aderiu a pol\u00edtica de deb\u00eantures incentivadas lan\u00e7ada pelo governo federal no ano passado. Para saber mais clique aqui.","og_url":"https:\/\/www.suno.com.br\/noticias\/tim-tims3-governo-debentures-5-bilhoes\/","og_site_name":"Suno Not\u00edcias","article_publisher":"https:\/\/facebook.com\/sunoresearch","og_image":[{"width":1200,"height":802,"url":"https:\/\/files.sunoresearch.com.br\/n\/uploads\/2021\/03\/6164f846-tim_1.jpg","type":"image\/jpeg"}],"author":"Poliana Santos","twitter_card":"summary_large_image","twitter_creator":"@sunoresearch","twitter_site":"@sunoresearch","twitter_misc":{"Escrito por":"Poliana Santos","Est. tempo de leitura":"2 minutos"},"schema":{"@context":"https:\/\/schema.org","@graph":[{"@type":"NewsArticle","@id":"https:\/\/www.suno.com.br\/noticias\/tim-tims3-governo-debentures-5-bilhoes\/#article","isPartOf":{"@id":"https:\/\/www.suno.com.br\/noticias\/tim-tims3-governo-debentures-5-bilhoes\/"},"author":{"name":"Poliana Santos","@id":"https:\/\/www.suno.com.br\/noticias\/#\/schema\/person\/02ec1f752758247878a2bf4abee1aeda"},"headline":"TIM (TIMS3) \u00e9 autorizada a emitir R$ 5,7 bi em deb\u00eantures incentivadas","datePublished":"2021-04-23T16:04:41+00:00","dateModified":"2021-04-23T16:05:36+00:00","mainEntityOfPage":{"@id":"https:\/\/www.suno.com.br\/noticias\/tim-tims3-governo-debentures-5-bilhoes\/"},"wordCount":441,"publisher":{"@id":"https:\/\/www.suno.com.br\/noticias\/#organization"},"image":{"@id":"https:\/\/www.suno.com.br\/noticias\/tim-tims3-governo-debentures-5-bilhoes\/#primaryimage"},"thumbnailUrl":"https:\/\/files.sunoresearch.com.br\/n\/uploads\/2021\/03\/6164f846-tim_1-jpg.webp","keywords":["deb\u00eantures incentivadas","TIM (TIMS3)"],"articleSection":["Neg\u00f3cios"],"inLanguage":"pt-BR"},{"@type":"WebPage","@id":"https:\/\/www.suno.com.br\/noticias\/tim-tims3-governo-debentures-5-bilhoes\/","url":"https:\/\/www.suno.com.br\/noticias\/tim-tims3-governo-debentures-5-bilhoes\/","name":"TIM (TIMS3) \u00e9 autorizada a emitir R$ 5,7 bi em deb\u00eantures incentivadas","isPartOf":{"@id":"https:\/\/www.suno.com.br\/noticias\/#website"},"primaryImageOfPage":{"@id":"https:\/\/www.suno.com.br\/noticias\/tim-tims3-governo-debentures-5-bilhoes\/#primaryimage"},"image":{"@id":"https:\/\/www.suno.com.br\/noticias\/tim-tims3-governo-debentures-5-bilhoes\/#primaryimage"},"thumbnailUrl":"https:\/\/files.sunoresearch.com.br\/n\/uploads\/2021\/03\/6164f846-tim_1-jpg.webp","datePublished":"2021-04-23T16:04:41+00:00","dateModified":"2021-04-23T16:05:36+00:00","description":"A TIM (TIMS3) aderiu a pol\u00edtica de deb\u00eantures incentivadas lan\u00e7ada pelo governo federal no ano passado. Para saber mais clique aqui.","breadcrumb":{"@id":"https:\/\/www.suno.com.br\/noticias\/tim-tims3-governo-debentures-5-bilhoes\/#breadcrumb"},"inLanguage":"pt-BR","potentialAction":[{"@type":"ReadAction","target":["https:\/\/www.suno.com.br\/noticias\/tim-tims3-governo-debentures-5-bilhoes\/"]}]},{"@type":"ImageObject","inLanguage":"pt-BR","@id":"https:\/\/www.suno.com.br\/noticias\/tim-tims3-governo-debentures-5-bilhoes\/#primaryimage","url":"https:\/\/files.sunoresearch.com.br\/n\/uploads\/2021\/03\/6164f846-tim_1-jpg.webp","contentUrl":"https:\/\/files.sunoresearch.com.br\/n\/uploads\/2021\/03\/6164f846-tim_1-jpg.webp","width":1200,"height":802,"caption":"Tim (TIMS3) Loja. Foto: Divulga\u00e7\u00e3o"},{"@type":"BreadcrumbList","@id":"https:\/\/www.suno.com.br\/noticias\/tim-tims3-governo-debentures-5-bilhoes\/#breadcrumb","itemListElement":[{"@type":"ListItem","position":1,"name":"Not\u00edcias","item":"https:\/\/www.suno.com.br\/noticias\/"},{"@type":"ListItem","position":2,"name":"Neg\u00f3cios","item":"https:\/\/www.suno.com.br\/noticias\/negocios\/"},{"@type":"ListItem","position":3,"name":"TIM (TIMS3) \u00e9 autorizada a emitir R$ 5,7 bi em deb\u00eantures incentivadas"}]},{"@type":"WebSite","@id":"https:\/\/www.suno.com.br\/noticias\/#website","url":"https:\/\/www.suno.com.br\/noticias\/","name":"Suno Not\u00edcias","description":"Seu portal de informa\u00e7\u00e3o sobre o mundo dos investimentos","publisher":{"@id":"https:\/\/www.suno.com.br\/noticias\/#organization"},"potentialAction":[{"@type":"SearchAction","target":{"@type":"EntryPoint","urlTemplate":"https:\/\/www.suno.com.br\/noticias\/?s={search_term_string}"},"query-input":{"@type":"PropertyValueSpecification","valueRequired":true,"valueName":"search_term_string"}}],"inLanguage":"pt-BR"},{"@type":"Organization","@id":"https:\/\/www.suno.com.br\/noticias\/#organization","name":"Suno Not\u00edcias","url":"https:\/\/www.suno.com.br\/noticias\/","logo":{"@type":"ImageObject","inLanguage":"pt-BR","@id":"https:\/\/www.suno.com.br\/noticias\/#\/schema\/logo\/image\/","url":"https:\/\/files.sunoresearch.com.br\/n\/uploads\/2021\/09\/suno-logo.png","contentUrl":"https:\/\/files.sunoresearch.com.br\/n\/uploads\/2021\/09\/suno-logo.png","width":180,"height":180,"caption":"Suno Not\u00edcias"},"image":{"@id":"https:\/\/www.suno.com.br\/noticias\/#\/schema\/logo\/image\/"},"sameAs":["https:\/\/facebook.com\/sunoresearch","https:\/\/x.com\/sunoresearch","https:\/\/www.instagram.com\/suno","https:\/\/www.linkedin.com\/company\/suno-research\/","https:\/\/www.youtube.com\/c\/sunoresearch"]},{"@type":"Person","@id":"https:\/\/www.suno.com.br\/noticias\/#\/schema\/person\/02ec1f752758247878a2bf4abee1aeda","name":"Poliana Santos","image":{"@type":"ImageObject","inLanguage":"pt-BR","@id":"https:\/\/www.suno.com.br\/noticias\/#\/schema\/person\/image\/","url":"https:\/\/secure.gravatar.com\/avatar\/0645bd32f23d87b2130f2b2dff1d3f8d?s=96&r=g","contentUrl":"https:\/\/secure.gravatar.com\/avatar\/0645bd32f23d87b2130f2b2dff1d3f8d?s=96&r=g","caption":"Poliana Santos"},"description":"Rep\u00f3rter no Suno Not\u00edcias, com cobertura em mercado financeiro, economia, finan\u00e7as pessoais, renda fixa e varejo. Jornalista formada pela Faculdade C\u00e1sper L\u00edbero e possui passagem na R\u00e1dio Gazeta AM com a produ\u00e7\u00e3o de conte\u00fado sobre economia, pol\u00edtica, sa\u00fade, moda e m\u00fasica. Possui certificado de conclus\u00e3o do curso de An\u00e1lise de Balan\u00e7os pela Funda\u00e7\u00e3o Bradesco, Agenda Brasil pela FAAP, Educa\u00e7\u00e3o Pol\u00edtica por Alexandre Garcia e do Tesouro Direto e Mercado de A\u00e7\u00f5es pela B3.","url":"https:\/\/www.suno.com.br\/noticias\/author\/poliana-santos\/"}]}},"default_loop_html":"<div class=\"cardsPage__listCard__boxs\"><div class=\"cardsPage__listCard__boxs__img\"><a href=\"https:\/\/www.suno.com.br\/noticias\/tim-tims3-governo-debentures-5-bilhoes\/\"><img class=\"mask\" src=\"https:\/\/www.suno.com.br\/noticias\/wp-content\/themes\/suno\/resources\/images\/spotlight\/spotlight1img\/bg-mask.png\" alt=\"Image Mask\"\/><img src=\"https:\/\/files.sunoresearch.com.br\/n\/uploads\/2021\/03\/6164f846-tim_1-400x200.webp\" alt=\"TIM (TIMS3) \u00e9 autorizada a emitir R$ 5,7 bi em deb\u00eantures incentivadas\"\/><\/a><span class=\"spotlightCategory\"><a href=\"https:\/\/www.suno.com.br\/noticias\/negocios\/\">Neg\u00f3cios<\/a><\/span><\/div><div class=\"cardsPage__listCard__boxs__content\"><a href=\"https:\/\/www.suno.com.br\/noticias\/tim-tims3-governo-debentures-5-bilhoes\/\"><h2 class=\"content__title\">TIM (TIMS3) \u00e9 autorizada a emitir R$ 5,7 bi em deb\u00eantures incentivadas<\/h2><\/a><div class=\"newsContent__article__meta\"><div class=\"newsContent__article__meta__authorBox\"><a href=\"https:\/\/www.suno.com.br\/noticias\/author\/poliana-santos\/\" class=\"authorBox__avatar noMobi\"><img src=\"https:\/\/files.sunoresearch.com.br\/n\/uploads\/2020\/08\/7ef34026-whatsapp-image-2020-08-03-at-12.37.57-150x150.webp\" alt=\"Poliana Santos\"><\/a><div class=\"authorBox__name\"><span>por\n\t\t\t<a href=\"https:\/\/www.suno.com.br\/noticias\/author\/poliana-santos\/\"><span itemprop=\"author\">Poliana Santos<\/span><\/a><\/span><time datetime=\"2021-04-23T13:04:41-03:00\" itemprop=\"datePublished\">23\/04\/2021 13:04<\/time><\/div><\/div><\/div><\/div><\/div>","single_layout":"posts","amp_enabled":true,"_links":{"self":[{"href":"https:\/\/www.suno.com.br\/noticias\/wp-json\/wp\/v2\/posts\/141729"}],"collection":[{"href":"https:\/\/www.suno.com.br\/noticias\/wp-json\/wp\/v2\/posts"}],"about":[{"href":"https:\/\/www.suno.com.br\/noticias\/wp-json\/wp\/v2\/types\/post"}],"author":[{"embeddable":true,"href":"https:\/\/www.suno.com.br\/noticias\/wp-json\/wp\/v2\/users\/15"}],"replies":[{"embeddable":true,"href":"https:\/\/www.suno.com.br\/noticias\/wp-json\/wp\/v2\/comments?post=141729"}],"version-history":[{"count":3,"href":"https:\/\/www.suno.com.br\/noticias\/wp-json\/wp\/v2\/posts\/141729\/revisions"}],"predecessor-version":[{"id":141770,"href":"https:\/\/www.suno.com.br\/noticias\/wp-json\/wp\/v2\/posts\/141729\/revisions\/141770"}],"wp:featuredmedia":[{"embeddable":true,"href":"https:\/\/www.suno.com.br\/noticias\/wp-json\/wp\/v2\/media\/130492"}],"wp:attachment":[{"href":"https:\/\/www.suno.com.br\/noticias\/wp-json\/wp\/v2\/media?parent=141729"}],"wp:term":[{"taxonomy":"category","embeddable":true,"href":"https:\/\/www.suno.com.br\/noticias\/wp-json\/wp\/v2\/categories?post=141729"},{"taxonomy":"post_tag","embeddable":true,"href":"https:\/\/www.suno.com.br\/noticias\/wp-json\/wp\/v2\/tags?post=141729"},{"taxonomy":"suno_strategy","embeddable":true,"href":"https:\/\/www.suno.com.br\/noticias\/wp-json\/wp\/v2\/suno_strategy?post=141729"}],"curies":[{"name":"wp","href":"https:\/\/api.w.org\/{rel}","templated":true}]}}