{"id":141655,"date":"2021-04-23T10:42:58","date_gmt":"2021-04-23T13:42:58","guid":{"rendered":"https:\/\/www.suno.com.br\/noticias\/?p=141655"},"modified":"2021-04-23T10:42:58","modified_gmt":"2021-04-23T13:42:58","slug":"minoritarios-da-petrobras-petr4-insistem-em-nova-eleicao-para-conselho","status":"publish","type":"post","link":"https:\/\/www.suno.com.br\/noticias\/minoritarios-da-petrobras-petr4-insistem-em-nova-eleicao-para-conselho\/","title":{"rendered":"Minorit\u00e1rios da Petrobras (PETR4) insistem em nova elei\u00e7\u00e3o para conselho"},"content":{"rendered":"<p>Um grupo de acionistas minorit\u00e1rios da <a href=\"https:\/\/www.suno.com.br\/acoes\/petr4\/\"><strong>Petrobras<\/strong> (PETR4)<\/a> deve encaminhar ao <a href=\"https:\/\/www.suno.com.br\/artigos\/conselho-administracao\/\">conselho de administra\u00e7\u00e3o<\/a> da companhia nos pr\u00f3ximos dias um pedido para a convoca\u00e7\u00e3o de uma nova assembleia geral extraordin\u00e1ria (AGE) para decidir, justamente, sobre a forma\u00e7\u00e3o do colegiado da estatal. As informa\u00e7\u00f5es s\u00e3o do Valor Econ\u00f4mico.<\/p>\t<div class=\"wrapper-featured-image\">\n\t\t<figure class=\"spotlightImg\">\n\n\t\t\t<picture>\n\t\t\t\t<source media=\"(max-width: 768px)\" srcset=\"https:\/\/files.sunoresearch.com.br\/n\/uploads\/2021\/04\/03278512-petrobras2-400x200.webp\">\n\t\t\t\t<img loading=\"lazy\" decoding=\"async\" class=\"newsContent__article__imgCapa lazyloadDisabled \" src=\"https:\/\/files.sunoresearch.com.br\/n\/uploads\/2021\/04\/03278512-petrobras2-800x450.webp\" width=\"800\" height=\"450\" alt=\"Minorit\u00e1rios da Petrobras (PETR4) insistem em nova elei\u00e7\u00e3o para conselho\" fetchpriority=high \/>\n\t\t\t<\/picture>\n\n\t\t\t<figcaption class=\"wp-caption-text wp-caption-text--show\">BR Distribuidora. Foto: divulga\u00e7\u00e3o<\/figcaption>\n\t\t<\/figure>\n\t<\/div>\n\n\n<p><span style=\"font-weight: 400;\">\t<p>\n\t\t<a href=\"https:\/\/lp.suno.com.br\/planilha-controle-gastos\/\" target=\"_blank\" data-element=\"shortcode-suno-banner\" title=\"Banner SUNO, clique e saiba mais\">\n\t\t\t<picture>\n\t\t\t\t<source media=\"(max-width: 500px)\" srcset=\"https:\/\/files.sunoresearch.com.br\/n\/uploads\/2023\/03\/400x300-Planilha-controle-de-gastos.png\">\n\t\t\t\t<img class=\"newsContent__article__imgCapa newsContent__article__imgCapa--banner\"\n\t\t\t\t\tsrc=\"https:\/\/files.sunoresearch.com.br\/n\/uploads\/2023\/03\/1420x240-Planilha-controle-de-gastos.png\"\n\t\t\t\t\tdata-promo-id=\"101751\"\t\t\t\t\t\t\t\t\t\twidth='1420' height='240'\t\t\t\t\talt=\"https:\/\/files.sunoresearch.com.br\/n\/uploads\/2023\/03\/1420x240-Planilha-controle-de-gastos.png\"\n\t\t\t\t>\n\t\t\t<\/picture>\n\t\t<\/a>\n\t<\/p>\n\n<\/span><\/p>\n<p>Os minorit\u00e1rios da Petrobras desejam realizar outra elei\u00e7\u00e3o ap\u00f3s surgirem questionamentos sobre o sistema de voto a dist\u00e2ncia da <a href=\"https:\/\/www.suno.com.br\/acoes\/b3sa3\/\">B3 (B3SA3)<\/a>, que <strong>apresentou problemas durante a elei\u00e7\u00e3o e causou confus\u00f5es<\/strong>.<\/p>\n<p>A reclama\u00e7\u00e3o \u00e9 feita, principalmente, por estrangeiros, e j\u00e1 foi constatada pela Assoia\u00e7\u00e3o dos Investidores no Merado de Capitais (AMEC). Segundo eles, o fato de os seus boletins de <strong>voto a dist\u00e2ncia terem sido publicados antecipadamente,<\/strong> deu a oportunidade para que outros acionistas se reunissem e combinassem medidas para evitar determinados resultados. Haviam oito vagas ao conselho dispon\u00edveis na AGE, das quais a Uni\u00e3o conquistou sete.<\/p>\n<p><a href=\"https:\/\/lp.suno.com.br\/suno-one\/?ppp=noticias\/hospital-care-pedido-ipo-cvm\/\"><b>Suno One: acesse gratuitamente eBooks, Minicursos, Artigos e V\u00eddeo Aulas sobre investimentos com um \u00fanico cadastro. Clique para saber mais!<\/b><\/a><\/p>\n<p>O representante dos minorit\u00e1rios eleito ao conselho, Marcelo Gasparino, informou logo ap\u00f3s a sua vit\u00f3ria que iria abdicar do cargo para buscar uma nova assembleia. \u201cVou renunciar para que haja um processo mais justo na pr\u00f3xima\u201d, afirmou ent\u00e3o.<\/p>\n<p>Segundo Gasparino, a decis\u00e3o visava desenvolver a governan\u00e7a corporativa no pa\u00eds &#8211; ele renunciou quatro dias ap\u00f3s a realiza\u00e7\u00e3o da assembleia, no dia 18 de mar\u00e7o.<\/p>\n<p>Agora, minorit\u00e1rios e Petrobras debatem sobre os pr\u00f3ximos passos. H\u00e1 interpreta\u00e7\u00f5es da Lei da S.A. (6.404\/76) que consideram que ap\u00f3s a destitui\u00e7\u00e3o de qualquer membro do conselho eleito por voto m\u00faltiplo, deve-se realizar uma nova elei\u00e7\u00e3o.<\/p>\n<h2>Interpreta\u00e7\u00f5es de minorit\u00e1rios da Petrobras e Uni\u00e3o difererem<\/h2>\n<p>Os minorit\u00e1rios tentam adiantar o processo, com base no artigo 163 da lei &#8211; que prev\u00ea que uma assembleia pode ser convocada por acionistas que representem um capital de, no m\u00ednimo, 5% da empresa -, querendo realizar a vota\u00e7\u00e3o j\u00e1 em maio.<\/p>\n<p>A petroleira, por outro lado, defende que a vota\u00e7\u00e3o deve ser realizada apenas no pr\u00f3ximo processo de defini\u00e7\u00e3o do conselho, previsto para abril de 2022. A Petrobras, por\u00e9m, n\u00e3o tem poder de barrar a nova reuni\u00e3o chamada pelos acionistas.<\/p>\n<p>A estatal defende ainda que o artigo 150 da lei d\u00e1 espa\u00e7o para que um substituto ao conselheiro que renunciou seja nomeado pelos demais membros da mesa ou que algu\u00e9m assuma como &#8220;tamp\u00e3o&#8221; at\u00e9 a pr\u00f3xima assembleia.<\/p>\n<p><span style=\"font-weight: 400;\">\t<p>\n\t\t<a href=\"https:\/\/lp.suno.com.br\/planilha-da-vida-financeira\/\" target=\"_blank\" data-element=\"shortcode-suno-banner\" title=\"Banner SUNO, clique e saiba mais\">\n\t\t\t<picture>\n\t\t\t\t<source media=\"(max-width: 500px)\" srcset=\"https:\/\/files.sunoresearch.com.br\/n\/uploads\/2023\/04\/400x300-Planilha-vida-financeira-true.png\">\n\t\t\t\t<img class=\"newsContent__article__imgCapa newsContent__article__imgCapa--banner\"\n\t\t\t\t\tsrc=\"https:\/\/files.sunoresearch.com.br\/n\/uploads\/2023\/04\/1420x240-Planilha-vida-financeira-true.png\"\n\t\t\t\t\tdata-promo-id=\"106682\"\t\t\t\t\t\t\t\t\t\twidth='1420' height='240'\t\t\t\t\talt=\"https:\/\/files.sunoresearch.com.br\/n\/uploads\/2023\/04\/1420x240-Planilha-vida-financeira-true.png\"\n\t\t\t\t>\n\t\t\t<\/picture>\n\t\t<\/a>\n\t<\/p>\n\n<\/span><\/p>\n<p>A realiza\u00e7\u00e3o de uma nova assembleia pode ser facilitada se houver comprova\u00e7\u00e3o de erro no sistema de vota\u00e7\u00e3o da B3 (B3SA3), mas, de qualquer forma, \u00e9 criada uma maior inseguran\u00e7a jur\u00eddica. Parte dos coment\u00e1rios \u00e9 que o ideal seria corrigir o problema da vota\u00e7\u00e3o antes de realizar uma nova assembleia.<\/p>\n<p>De qualquer forma, a Uni\u00e3o n\u00e3o tem seu controle sobre a Petrobras em risco: tendo mais de 50% das <a href=\"https:\/\/www.suno.com.br\/artigos\/o-que-sao-acoes-ordinarias-preferenciais-e-units\/\">a\u00e7\u00f5es ordin\u00e1rias<\/a>, o estatuto social assegura que em caso de elei\u00e7\u00e3o por voto m\u00faltiplo, o controlador ter\u00e1 o direito de eleger conselheiros em n\u00famero igual ao de eleitos pelos demais acionistas e pelos empregados mais um.<\/p>\n<p>Se os minorit\u00e1rios conseguirem eleger tr\u00eas nomes na pr\u00f3xima assembleia, o que \u00e9 desejado, o n\u00famero de cadeiras do conselho poder\u00e1 ser elevado, ent\u00e3o, de 11 para 13 &#8211; a uni\u00e3o tem, atualmente, sete representantes, contra tr\u00eas dos minorit\u00e1rios e um dos funcion\u00e1rios.<\/p>\n<p>Se perder os dois postos que venceu na primeira elei\u00e7\u00e3o, a Uni\u00e3o ficaria com apenas cinco representantes conselho da <strong>Petrobras<\/strong>, n\u00famero menor do que a soma dos representantes dos funcion\u00e1rios e minorit\u00e1rios, que passaria a ser seis. Dessa forma, poder\u00e1 evocar o <a href=\"https:\/\/www.suno.com.br\/artigos\/estatuto-social\/\">estatuto social<\/a> para manter seu controle.<\/p>\n<p><span style=\"font-weight: 400;\">\t<p>\n\t\t<a href=\"https:\/\/lp.suno.com.br\/planilha-de-controle-de-investimentos\/\" target=\"_blank\" data-element=\"shortcode-suno-banner\" title=\"Banner SUNO, clique e saiba mais\">\n\t\t\t<picture>\n\t\t\t\t<source media=\"(max-width: 500px)\" srcset=\"https:\/\/files.sunoresearch.com.br\/n\/uploads\/2023\/03\/400x300-Controle-de-Investimentos.png\">\n\t\t\t\t<img class=\"newsContent__article__imgCapa newsContent__article__imgCapa--banner\"\n\t\t\t\t\tsrc=\"https:\/\/files.sunoresearch.com.br\/n\/uploads\/2023\/03\/1420x240-Controle-de-Investimentos.png\"\n\t\t\t\t\tdata-promo-id=\"75934\"\t\t\t\t\t\t\t\t\t\twidth='1420' height='240'\t\t\t\t\talt=\"https:\/\/files.sunoresearch.com.br\/n\/uploads\/2023\/03\/1420x240-Controle-de-Investimentos.png\"\n\t\t\t\t>\n\t\t\t<\/picture>\n\t\t<\/a>\n\t<\/p>\n\n<\/span><\/p>\n","protected":false},"excerpt":{"rendered":"<p>Um grupo de acionistas minorit\u00e1rios da Petrobras (PETR4) deve encaminhar ao conselho de administra\u00e7\u00e3o da companhia nos pr\u00f3ximos dias um pedido para a convoca\u00e7\u00e3o de uma nova assembleia geral extraordin\u00e1ria (AGE) para decidir, justamente, sobre a forma\u00e7\u00e3o do colegiado da estatal. As informa\u00e7\u00f5es s\u00e3o do Valor Econ\u00f4mico. BR Distribuidora. Foto: divulga\u00e7\u00e3o Os minorit\u00e1rios da Petrobras [&hellip;]<\/p>\n","protected":false},"author":59,"featured_media":137077,"comment_status":"closed","ping_status":"closed","sticky":false,"template":"","format":"standard","meta":[],"categories":[64],"tags":[2721,595],"suno_strategy":[],"class_list":["post-141655","post","type-post","status-publish","format-standard","has-post-thumbnail","hentry","category-negocios","tag-conselho-de-administracao","tag-petrobras-petr4"],"yoast_head":"<!-- This site is optimized with the Yoast SEO plugin v24.4 - https:\/\/yoast.com\/wordpress\/plugins\/seo\/ -->\n<title>Petrobras (PETR4): minorit\u00e1rios insistem em nova elei\u00e7\u00e3o para conselho<\/title>\n<meta name=\"description\" content=\"A Petrobras segue no centro da pol\u00eamica sobre a elei\u00e7\u00e3o do seu conselho de administra\u00e7\u00e3o. Clique aqui para saber mais.\" \/>\n<meta name=\"robots\" content=\"index, follow, max-snippet:-1, max-image-preview:large, max-video-preview:-1\" \/>\n<link rel=\"canonical\" href=\"https:\/\/www.suno.com.br\/noticias\/minoritarios-da-petrobras-petr4-insistem-em-nova-eleicao-para-conselho\/\" \/>\n<meta property=\"og:locale\" content=\"pt_BR\" \/>\n<meta property=\"og:type\" content=\"article\" \/>\n<meta property=\"og:title\" content=\"Petrobras (PETR4): minorit\u00e1rios insistem em nova elei\u00e7\u00e3o para conselho\" \/>\n<meta property=\"og:description\" content=\"A Petrobras segue no centro da pol\u00eamica sobre a elei\u00e7\u00e3o do seu conselho de administra\u00e7\u00e3o. Clique aqui para saber mais.\" \/>\n<meta property=\"og:url\" content=\"https:\/\/www.suno.com.br\/noticias\/minoritarios-da-petrobras-petr4-insistem-em-nova-eleicao-para-conselho\/\" \/>\n<meta property=\"og:site_name\" content=\"Suno Not\u00edcias\" \/>\n<meta property=\"article:publisher\" content=\"https:\/\/facebook.com\/sunoresearch\" \/>\n<meta property=\"og:image\" content=\"https:\/\/files.sunoresearch.com.br\/n\/uploads\/2021\/04\/03278512-petrobras2.jpg\" \/>\n\t<meta property=\"og:image:width\" content=\"1200\" \/>\n\t<meta property=\"og:image:height\" content=\"800\" \/>\n\t<meta property=\"og:image:type\" content=\"image\/jpeg\" \/>\n<meta name=\"author\" content=\"Vitor Azevedo\" \/>\n<meta name=\"twitter:card\" content=\"summary_large_image\" \/>\n<meta name=\"twitter:creator\" content=\"@sunoresearch\" \/>\n<meta name=\"twitter:site\" content=\"@sunoresearch\" \/>\n<meta name=\"twitter:label1\" content=\"Escrito por\" \/>\n\t<meta name=\"twitter:data1\" content=\"Vitor Azevedo\" \/>\n\t<meta name=\"twitter:label2\" content=\"Est. tempo de leitura\" \/>\n\t<meta name=\"twitter:data2\" content=\"3 minutos\" \/>\n<script type=\"application\/ld+json\" class=\"yoast-schema-graph\">{\"@context\":\"https:\/\/schema.org\",\"@graph\":[{\"@type\":\"NewsArticle\",\"@id\":\"https:\/\/www.suno.com.br\/noticias\/minoritarios-da-petrobras-petr4-insistem-em-nova-eleicao-para-conselho\/#article\",\"isPartOf\":{\"@id\":\"https:\/\/www.suno.com.br\/noticias\/minoritarios-da-petrobras-petr4-insistem-em-nova-eleicao-para-conselho\/\"},\"author\":{\"name\":\"Vitor Azevedo\",\"@id\":\"https:\/\/www.suno.com.br\/noticias\/#\/schema\/person\/658d5fbc74d81f265f5df3562d0038ab\"},\"headline\":\"Minorit\u00e1rios da Petrobras (PETR4) insistem em nova elei\u00e7\u00e3o para conselho\",\"datePublished\":\"2021-04-23T13:42:58+00:00\",\"mainEntityOfPage\":{\"@id\":\"https:\/\/www.suno.com.br\/noticias\/minoritarios-da-petrobras-petr4-insistem-em-nova-eleicao-para-conselho\/\"},\"wordCount\":679,\"publisher\":{\"@id\":\"https:\/\/www.suno.com.br\/noticias\/#organization\"},\"image\":{\"@id\":\"https:\/\/www.suno.com.br\/noticias\/minoritarios-da-petrobras-petr4-insistem-em-nova-eleicao-para-conselho\/#primaryimage\"},\"thumbnailUrl\":\"https:\/\/files.sunoresearch.com.br\/n\/uploads\/2021\/04\/03278512-petrobras2-jpg.webp\",\"keywords\":[\"Conselho de Administra\u00e7\u00e3o\",\"Petrobras (PETR4)\"],\"articleSection\":[\"Neg\u00f3cios\"],\"inLanguage\":\"pt-BR\"},{\"@type\":\"WebPage\",\"@id\":\"https:\/\/www.suno.com.br\/noticias\/minoritarios-da-petrobras-petr4-insistem-em-nova-eleicao-para-conselho\/\",\"url\":\"https:\/\/www.suno.com.br\/noticias\/minoritarios-da-petrobras-petr4-insistem-em-nova-eleicao-para-conselho\/\",\"name\":\"Petrobras (PETR4): minorit\u00e1rios insistem em nova elei\u00e7\u00e3o para conselho\",\"isPartOf\":{\"@id\":\"https:\/\/www.suno.com.br\/noticias\/#website\"},\"primaryImageOfPage\":{\"@id\":\"https:\/\/www.suno.com.br\/noticias\/minoritarios-da-petrobras-petr4-insistem-em-nova-eleicao-para-conselho\/#primaryimage\"},\"image\":{\"@id\":\"https:\/\/www.suno.com.br\/noticias\/minoritarios-da-petrobras-petr4-insistem-em-nova-eleicao-para-conselho\/#primaryimage\"},\"thumbnailUrl\":\"https:\/\/files.sunoresearch.com.br\/n\/uploads\/2021\/04\/03278512-petrobras2-jpg.webp\",\"datePublished\":\"2021-04-23T13:42:58+00:00\",\"description\":\"A Petrobras segue no centro da pol\u00eamica sobre a elei\u00e7\u00e3o do seu conselho de administra\u00e7\u00e3o. Clique aqui para saber mais.\",\"breadcrumb\":{\"@id\":\"https:\/\/www.suno.com.br\/noticias\/minoritarios-da-petrobras-petr4-insistem-em-nova-eleicao-para-conselho\/#breadcrumb\"},\"inLanguage\":\"pt-BR\",\"potentialAction\":[{\"@type\":\"ReadAction\",\"target\":[\"https:\/\/www.suno.com.br\/noticias\/minoritarios-da-petrobras-petr4-insistem-em-nova-eleicao-para-conselho\/\"]}]},{\"@type\":\"ImageObject\",\"inLanguage\":\"pt-BR\",\"@id\":\"https:\/\/www.suno.com.br\/noticias\/minoritarios-da-petrobras-petr4-insistem-em-nova-eleicao-para-conselho\/#primaryimage\",\"url\":\"https:\/\/files.sunoresearch.com.br\/n\/uploads\/2021\/04\/03278512-petrobras2-jpg.webp\",\"contentUrl\":\"https:\/\/files.sunoresearch.com.br\/n\/uploads\/2021\/04\/03278512-petrobras2-jpg.webp\",\"width\":1200,\"height\":800,\"caption\":\"BR Distribuidora. Foto: divulga\u00e7\u00e3o\"},{\"@type\":\"BreadcrumbList\",\"@id\":\"https:\/\/www.suno.com.br\/noticias\/minoritarios-da-petrobras-petr4-insistem-em-nova-eleicao-para-conselho\/#breadcrumb\",\"itemListElement\":[{\"@type\":\"ListItem\",\"position\":1,\"name\":\"Not\u00edcias\",\"item\":\"https:\/\/www.suno.com.br\/noticias\/\"},{\"@type\":\"ListItem\",\"position\":2,\"name\":\"Neg\u00f3cios\",\"item\":\"https:\/\/www.suno.com.br\/noticias\/negocios\/\"},{\"@type\":\"ListItem\",\"position\":3,\"name\":\"Minorit\u00e1rios da Petrobras (PETR4) insistem em nova elei\u00e7\u00e3o para conselho\"}]},{\"@type\":\"WebSite\",\"@id\":\"https:\/\/www.suno.com.br\/noticias\/#website\",\"url\":\"https:\/\/www.suno.com.br\/noticias\/\",\"name\":\"Suno Not\u00edcias\",\"description\":\"Seu portal de informa\u00e7\u00e3o sobre o mundo dos investimentos\",\"publisher\":{\"@id\":\"https:\/\/www.suno.com.br\/noticias\/#organization\"},\"potentialAction\":[{\"@type\":\"SearchAction\",\"target\":{\"@type\":\"EntryPoint\",\"urlTemplate\":\"https:\/\/www.suno.com.br\/noticias\/?s={search_term_string}\"},\"query-input\":{\"@type\":\"PropertyValueSpecification\",\"valueRequired\":true,\"valueName\":\"search_term_string\"}}],\"inLanguage\":\"pt-BR\"},{\"@type\":\"Organization\",\"@id\":\"https:\/\/www.suno.com.br\/noticias\/#organization\",\"name\":\"Suno Not\u00edcias\",\"url\":\"https:\/\/www.suno.com.br\/noticias\/\",\"logo\":{\"@type\":\"ImageObject\",\"inLanguage\":\"pt-BR\",\"@id\":\"https:\/\/www.suno.com.br\/noticias\/#\/schema\/logo\/image\/\",\"url\":\"https:\/\/files.sunoresearch.com.br\/n\/uploads\/2021\/09\/suno-logo.png\",\"contentUrl\":\"https:\/\/files.sunoresearch.com.br\/n\/uploads\/2021\/09\/suno-logo.png\",\"width\":180,\"height\":180,\"caption\":\"Suno Not\u00edcias\"},\"image\":{\"@id\":\"https:\/\/www.suno.com.br\/noticias\/#\/schema\/logo\/image\/\"},\"sameAs\":[\"https:\/\/facebook.com\/sunoresearch\",\"https:\/\/x.com\/sunoresearch\",\"https:\/\/www.instagram.com\/suno\",\"https:\/\/www.linkedin.com\/company\/suno-research\/\",\"https:\/\/www.youtube.com\/c\/sunoresearch\"]},{\"@type\":\"Person\",\"@id\":\"https:\/\/www.suno.com.br\/noticias\/#\/schema\/person\/658d5fbc74d81f265f5df3562d0038ab\",\"name\":\"Vitor Azevedo\",\"image\":{\"@type\":\"ImageObject\",\"inLanguage\":\"pt-BR\",\"@id\":\"https:\/\/www.suno.com.br\/noticias\/#\/schema\/person\/image\/\",\"url\":\"https:\/\/secure.gravatar.com\/avatar\/62b86195291b446fe380824eb28b99a5?s=96&r=g\",\"contentUrl\":\"https:\/\/secure.gravatar.com\/avatar\/62b86195291b446fe380824eb28b99a5?s=96&r=g\",\"caption\":\"Vitor Azevedo\"},\"description\":\"Formado em jornalismo pela Unesp, escreve sobre economia e neg\u00f3cios para a Suno Not\u00edcias.\",\"url\":\"https:\/\/www.suno.com.br\/noticias\/author\/vitor-azevedo\/\"}]}<\/script>\n<!-- \/ Yoast SEO plugin. -->","yoast_head_json":{"title":"Petrobras (PETR4): minorit\u00e1rios insistem em nova elei\u00e7\u00e3o para conselho","description":"A Petrobras segue no centro da pol\u00eamica sobre a elei\u00e7\u00e3o do seu conselho de administra\u00e7\u00e3o. Clique aqui para saber mais.","robots":{"index":"index","follow":"follow","max-snippet":"max-snippet:-1","max-image-preview":"max-image-preview:large","max-video-preview":"max-video-preview:-1"},"canonical":"https:\/\/www.suno.com.br\/noticias\/minoritarios-da-petrobras-petr4-insistem-em-nova-eleicao-para-conselho\/","og_locale":"pt_BR","og_type":"article","og_title":"Petrobras (PETR4): minorit\u00e1rios insistem em nova elei\u00e7\u00e3o para conselho","og_description":"A Petrobras segue no centro da pol\u00eamica sobre a elei\u00e7\u00e3o do seu conselho de administra\u00e7\u00e3o. Clique aqui para saber mais.","og_url":"https:\/\/www.suno.com.br\/noticias\/minoritarios-da-petrobras-petr4-insistem-em-nova-eleicao-para-conselho\/","og_site_name":"Suno Not\u00edcias","article_publisher":"https:\/\/facebook.com\/sunoresearch","og_image":[{"width":1200,"height":800,"url":"https:\/\/files.sunoresearch.com.br\/n\/uploads\/2021\/04\/03278512-petrobras2.jpg","type":"image\/jpeg"}],"author":"Vitor Azevedo","twitter_card":"summary_large_image","twitter_creator":"@sunoresearch","twitter_site":"@sunoresearch","twitter_misc":{"Escrito por":"Vitor Azevedo","Est. tempo de leitura":"3 minutos"},"schema":{"@context":"https:\/\/schema.org","@graph":[{"@type":"NewsArticle","@id":"https:\/\/www.suno.com.br\/noticias\/minoritarios-da-petrobras-petr4-insistem-em-nova-eleicao-para-conselho\/#article","isPartOf":{"@id":"https:\/\/www.suno.com.br\/noticias\/minoritarios-da-petrobras-petr4-insistem-em-nova-eleicao-para-conselho\/"},"author":{"name":"Vitor Azevedo","@id":"https:\/\/www.suno.com.br\/noticias\/#\/schema\/person\/658d5fbc74d81f265f5df3562d0038ab"},"headline":"Minorit\u00e1rios da Petrobras (PETR4) insistem em nova elei\u00e7\u00e3o para conselho","datePublished":"2021-04-23T13:42:58+00:00","mainEntityOfPage":{"@id":"https:\/\/www.suno.com.br\/noticias\/minoritarios-da-petrobras-petr4-insistem-em-nova-eleicao-para-conselho\/"},"wordCount":679,"publisher":{"@id":"https:\/\/www.suno.com.br\/noticias\/#organization"},"image":{"@id":"https:\/\/www.suno.com.br\/noticias\/minoritarios-da-petrobras-petr4-insistem-em-nova-eleicao-para-conselho\/#primaryimage"},"thumbnailUrl":"https:\/\/files.sunoresearch.com.br\/n\/uploads\/2021\/04\/03278512-petrobras2-jpg.webp","keywords":["Conselho de Administra\u00e7\u00e3o","Petrobras (PETR4)"],"articleSection":["Neg\u00f3cios"],"inLanguage":"pt-BR"},{"@type":"WebPage","@id":"https:\/\/www.suno.com.br\/noticias\/minoritarios-da-petrobras-petr4-insistem-em-nova-eleicao-para-conselho\/","url":"https:\/\/www.suno.com.br\/noticias\/minoritarios-da-petrobras-petr4-insistem-em-nova-eleicao-para-conselho\/","name":"Petrobras (PETR4): minorit\u00e1rios insistem em nova elei\u00e7\u00e3o para conselho","isPartOf":{"@id":"https:\/\/www.suno.com.br\/noticias\/#website"},"primaryImageOfPage":{"@id":"https:\/\/www.suno.com.br\/noticias\/minoritarios-da-petrobras-petr4-insistem-em-nova-eleicao-para-conselho\/#primaryimage"},"image":{"@id":"https:\/\/www.suno.com.br\/noticias\/minoritarios-da-petrobras-petr4-insistem-em-nova-eleicao-para-conselho\/#primaryimage"},"thumbnailUrl":"https:\/\/files.sunoresearch.com.br\/n\/uploads\/2021\/04\/03278512-petrobras2-jpg.webp","datePublished":"2021-04-23T13:42:58+00:00","description":"A Petrobras segue no centro da pol\u00eamica sobre a elei\u00e7\u00e3o do seu conselho de administra\u00e7\u00e3o. Clique aqui para saber mais.","breadcrumb":{"@id":"https:\/\/www.suno.com.br\/noticias\/minoritarios-da-petrobras-petr4-insistem-em-nova-eleicao-para-conselho\/#breadcrumb"},"inLanguage":"pt-BR","potentialAction":[{"@type":"ReadAction","target":["https:\/\/www.suno.com.br\/noticias\/minoritarios-da-petrobras-petr4-insistem-em-nova-eleicao-para-conselho\/"]}]},{"@type":"ImageObject","inLanguage":"pt-BR","@id":"https:\/\/www.suno.com.br\/noticias\/minoritarios-da-petrobras-petr4-insistem-em-nova-eleicao-para-conselho\/#primaryimage","url":"https:\/\/files.sunoresearch.com.br\/n\/uploads\/2021\/04\/03278512-petrobras2-jpg.webp","contentUrl":"https:\/\/files.sunoresearch.com.br\/n\/uploads\/2021\/04\/03278512-petrobras2-jpg.webp","width":1200,"height":800,"caption":"BR Distribuidora. Foto: divulga\u00e7\u00e3o"},{"@type":"BreadcrumbList","@id":"https:\/\/www.suno.com.br\/noticias\/minoritarios-da-petrobras-petr4-insistem-em-nova-eleicao-para-conselho\/#breadcrumb","itemListElement":[{"@type":"ListItem","position":1,"name":"Not\u00edcias","item":"https:\/\/www.suno.com.br\/noticias\/"},{"@type":"ListItem","position":2,"name":"Neg\u00f3cios","item":"https:\/\/www.suno.com.br\/noticias\/negocios\/"},{"@type":"ListItem","position":3,"name":"Minorit\u00e1rios da Petrobras (PETR4) insistem em nova elei\u00e7\u00e3o para conselho"}]},{"@type":"WebSite","@id":"https:\/\/www.suno.com.br\/noticias\/#website","url":"https:\/\/www.suno.com.br\/noticias\/","name":"Suno Not\u00edcias","description":"Seu portal de informa\u00e7\u00e3o sobre o mundo dos investimentos","publisher":{"@id":"https:\/\/www.suno.com.br\/noticias\/#organization"},"potentialAction":[{"@type":"SearchAction","target":{"@type":"EntryPoint","urlTemplate":"https:\/\/www.suno.com.br\/noticias\/?s={search_term_string}"},"query-input":{"@type":"PropertyValueSpecification","valueRequired":true,"valueName":"search_term_string"}}],"inLanguage":"pt-BR"},{"@type":"Organization","@id":"https:\/\/www.suno.com.br\/noticias\/#organization","name":"Suno Not\u00edcias","url":"https:\/\/www.suno.com.br\/noticias\/","logo":{"@type":"ImageObject","inLanguage":"pt-BR","@id":"https:\/\/www.suno.com.br\/noticias\/#\/schema\/logo\/image\/","url":"https:\/\/files.sunoresearch.com.br\/n\/uploads\/2021\/09\/suno-logo.png","contentUrl":"https:\/\/files.sunoresearch.com.br\/n\/uploads\/2021\/09\/suno-logo.png","width":180,"height":180,"caption":"Suno Not\u00edcias"},"image":{"@id":"https:\/\/www.suno.com.br\/noticias\/#\/schema\/logo\/image\/"},"sameAs":["https:\/\/facebook.com\/sunoresearch","https:\/\/x.com\/sunoresearch","https:\/\/www.instagram.com\/suno","https:\/\/www.linkedin.com\/company\/suno-research\/","https:\/\/www.youtube.com\/c\/sunoresearch"]},{"@type":"Person","@id":"https:\/\/www.suno.com.br\/noticias\/#\/schema\/person\/658d5fbc74d81f265f5df3562d0038ab","name":"Vitor Azevedo","image":{"@type":"ImageObject","inLanguage":"pt-BR","@id":"https:\/\/www.suno.com.br\/noticias\/#\/schema\/person\/image\/","url":"https:\/\/secure.gravatar.com\/avatar\/62b86195291b446fe380824eb28b99a5?s=96&r=g","contentUrl":"https:\/\/secure.gravatar.com\/avatar\/62b86195291b446fe380824eb28b99a5?s=96&r=g","caption":"Vitor Azevedo"},"description":"Formado em jornalismo pela Unesp, escreve sobre economia e neg\u00f3cios para a Suno Not\u00edcias.","url":"https:\/\/www.suno.com.br\/noticias\/author\/vitor-azevedo\/"}]}},"default_loop_html":"<div class=\"cardsPage__listCard__boxs\"><div class=\"cardsPage__listCard__boxs__img\"><a href=\"https:\/\/www.suno.com.br\/noticias\/minoritarios-da-petrobras-petr4-insistem-em-nova-eleicao-para-conselho\/\"><img class=\"mask\" src=\"https:\/\/www.suno.com.br\/noticias\/wp-content\/themes\/suno\/resources\/images\/spotlight\/spotlight1img\/bg-mask.png\" alt=\"Image Mask\"\/><img src=\"https:\/\/files.sunoresearch.com.br\/n\/uploads\/2021\/04\/03278512-petrobras2-400x200.webp\" alt=\"Minorit\u00e1rios da Petrobras (PETR4) insistem em nova elei\u00e7\u00e3o para conselho\"\/><\/a><span class=\"spotlightCategory\"><a href=\"https:\/\/www.suno.com.br\/noticias\/negocios\/\">Neg\u00f3cios<\/a><\/span><\/div><div class=\"cardsPage__listCard__boxs__content\"><a href=\"https:\/\/www.suno.com.br\/noticias\/minoritarios-da-petrobras-petr4-insistem-em-nova-eleicao-para-conselho\/\"><h2 class=\"content__title\">Minorit\u00e1rios da Petrobras (PETR4) insistem em nova elei\u00e7\u00e3o para conselho<\/h2><\/a><div class=\"newsContent__article__meta\"><div class=\"newsContent__article__meta__authorBox\"><a href=\"https:\/\/www.suno.com.br\/noticias\/author\/vitor-azevedo\/\" class=\"authorBox__avatar noMobi\"><img src=\"https:\/\/secure.gravatar.com\/avatar\/62b86195291b446fe380824eb28b99a5?s=96&#038;r=g\" alt=\"Vitor Azevedo\"><\/a><div class=\"authorBox__name\"><span>por\n\t\t\t<a href=\"https:\/\/www.suno.com.br\/noticias\/author\/vitor-azevedo\/\"><span itemprop=\"author\">Vitor Azevedo<\/span><\/a><\/span><time datetime=\"2021-04-23T10:42:58-03:00\" itemprop=\"datePublished\">23\/04\/2021 10:42<\/time><\/div><\/div><\/div><\/div><\/div>","single_layout":"posts","amp_enabled":true,"_links":{"self":[{"href":"https:\/\/www.suno.com.br\/noticias\/wp-json\/wp\/v2\/posts\/141655"}],"collection":[{"href":"https:\/\/www.suno.com.br\/noticias\/wp-json\/wp\/v2\/posts"}],"about":[{"href":"https:\/\/www.suno.com.br\/noticias\/wp-json\/wp\/v2\/types\/post"}],"author":[{"embeddable":true,"href":"https:\/\/www.suno.com.br\/noticias\/wp-json\/wp\/v2\/users\/59"}],"replies":[{"embeddable":true,"href":"https:\/\/www.suno.com.br\/noticias\/wp-json\/wp\/v2\/comments?post=141655"}],"version-history":[{"count":4,"href":"https:\/\/www.suno.com.br\/noticias\/wp-json\/wp\/v2\/posts\/141655\/revisions"}],"predecessor-version":[{"id":141841,"href":"https:\/\/www.suno.com.br\/noticias\/wp-json\/wp\/v2\/posts\/141655\/revisions\/141841"}],"wp:featuredmedia":[{"embeddable":true,"href":"https:\/\/www.suno.com.br\/noticias\/wp-json\/wp\/v2\/media\/137077"}],"wp:attachment":[{"href":"https:\/\/www.suno.com.br\/noticias\/wp-json\/wp\/v2\/media?parent=141655"}],"wp:term":[{"taxonomy":"category","embeddable":true,"href":"https:\/\/www.suno.com.br\/noticias\/wp-json\/wp\/v2\/categories?post=141655"},{"taxonomy":"post_tag","embeddable":true,"href":"https:\/\/www.suno.com.br\/noticias\/wp-json\/wp\/v2\/tags?post=141655"},{"taxonomy":"suno_strategy","embeddable":true,"href":"https:\/\/www.suno.com.br\/noticias\/wp-json\/wp\/v2\/suno_strategy?post=141655"}],"curies":[{"name":"wp","href":"https:\/\/api.w.org\/{rel}","templated":true}]}}