{"id":141597,"date":"2021-04-23T07:55:30","date_gmt":"2021-04-23T10:55:30","guid":{"rendered":"https:\/\/www.suno.com.br\/noticias\/?p=141597"},"modified":"2021-04-23T10:48:06","modified_gmt":"2021-04-23T13:48:06","slug":"via-varejo-vvar3-pontofrio-agora-ponto","status":"publish","type":"post","link":"https:\/\/www.suno.com.br\/noticias\/via-varejo-vvar3-pontofrio-agora-ponto\/","title":{"rendered":"Via Varejo (VVAR3) opta por mudan\u00e7a e Pontofrio agora \u00e9 &#8220;Ponto&#8221;"},"content":{"rendered":"<p>A <a href=\"https:\/\/www.suno.com.br\/acoes\/vvar3\/\"><strong>Via Varejo<\/strong> (VVAR3)<\/a> anunciou que a sua controlada Pontofrio mudar\u00e1 sua marca e identidade para passar a ser apenas &#8220;Ponto&#8221;.\u00a0 A companhia altera, com isso, um nome com quase 70 anos de hist\u00f3ria.<\/p>\t<div class=\"wrapper-featured-image\">\n\t\t<figure class=\"spotlightImg\">\n\n\t\t\t<picture>\n\t\t\t\t<source media=\"(max-width: 768px)\" srcset=\"https:\/\/files.sunoresearch.com.br\/n\/uploads\/2021\/04\/6ddd8fe8-pontofrio-400x200.webp\">\n\t\t\t\t<img loading=\"lazy\" decoding=\"async\" class=\"newsContent__article__imgCapa lazyloadDisabled \" src=\"https:\/\/files.sunoresearch.com.br\/n\/uploads\/2021\/04\/6ddd8fe8-pontofrio-800x450.webp\" width=\"800\" height=\"450\" alt=\"Via Varejo (VVAR3) opta por mudan\u00e7a e Pontofrio agora \u00e9 &#8220;Ponto&#8221;\" fetchpriority=high \/>\n\t\t\t<\/picture>\n\n\t\t\t<figcaption class=\"wp-caption-text wp-caption-text--show\">Foto: Reprodu\u00e7\u00e3o Youtube<\/figcaption>\n\t\t<\/figure>\n\t<\/div>\n\n\n<p><span style=\"font-weight: 400;\">\t<p>\n\t\t<a href=\"https:\/\/lp.suno.com.br\/planilha-controle-gastos\/\" target=\"_blank\" data-element=\"shortcode-suno-banner\" title=\"Banner SUNO, clique e saiba mais\">\n\t\t\t<picture>\n\t\t\t\t<source media=\"(max-width: 500px)\" srcset=\"https:\/\/files.sunoresearch.com.br\/n\/uploads\/2023\/03\/400x300-Planilha-controle-de-gastos.png\">\n\t\t\t\t<img class=\"newsContent__article__imgCapa newsContent__article__imgCapa--banner\"\n\t\t\t\t\tsrc=\"https:\/\/files.sunoresearch.com.br\/n\/uploads\/2023\/03\/1420x240-Planilha-controle-de-gastos.png\"\n\t\t\t\t\tdata-promo-id=\"101751\"\t\t\t\t\t\t\t\t\t\twidth='1420' height='240'\t\t\t\t\talt=\"https:\/\/files.sunoresearch.com.br\/n\/uploads\/2023\/03\/1420x240-Planilha-controle-de-gastos.png\"\n\t\t\t\t>\n\t\t\t<\/picture>\n\t\t<\/a>\n\t<\/p>\n\n<\/span><\/p>\n<p>&#8220;Descontra\u00edda, divertida e inovadora. A <strong>nova fase da marca<\/strong> tem foco em tecnologia com muito bom humor e sem enrola\u00e7\u00e3o. Direto ao Ponto&#8221;, justifica a Via Varejo em seu comunicado ao mercado, publicado na noite desta quinta-feira (22).<\/p>\n<p>A <strong>primeira loja Pontofrio surgiu no centro do Rio de Janeiro, em 1952<\/strong>. O nome do com\u00e9rcio era derivado da alcunha da marca de refrigeradores americana <em>Coldspot,\u00a0<\/em>que a loja representava no Brasil.<\/p>\n<p><a href=\"https:\/\/lp.suno.com.br\/suno-one\/?ppp=noticias\/hospital-care-pedido-ipo-cvm\/\"><b>Suno One: acesse gratuitamente eBooks, Minicursos, Artigos e V\u00eddeo Aulas sobre investimentos com um \u00fanico cadastro. Clique para saber mais!<\/b><\/a><\/p>\n<p>\u201cEssa \u00e9 uma mudan\u00e7a muito importante no Pontofrio. Uma marca com 70 anos, querida pelos clientes, extremamente reconhecida e valorizada, pioneira nas redes sociais e que sempre transmitiu inova\u00e7\u00e3o. Demos um grande salto, a marca ficou mais jovem, mais moderna e inovadora&#8221;, diz Ilca Sierra, diretora de marketing e marca da Via Varejo.<\/p>\n<h2>Via Varejo muda tamb\u00e9m identidade gr\u00e1fica da Pontofrio<\/h2>\n<p>Al\u00e9m do nome, o Pontofrio passar\u00e1 tamb\u00e9m por uma total repagina\u00e7\u00e3o. O interior de 160 lojas foi reformado e um novo material gr\u00e1fico com as novas cores da marca foi distribu\u00eddo.<\/p>\n<p><span style=\"font-weight: 400;\">\t<p>\n\t\t<a href=\"https:\/\/lp.suno.com.br\/planilha-da-vida-financeira\/\" target=\"_blank\" data-element=\"shortcode-suno-banner\" title=\"Banner SUNO, clique e saiba mais\">\n\t\t\t<picture>\n\t\t\t\t<source media=\"(max-width: 500px)\" srcset=\"https:\/\/files.sunoresearch.com.br\/n\/uploads\/2023\/04\/400x300-Planilha-vida-financeira-true.png\">\n\t\t\t\t<img class=\"newsContent__article__imgCapa newsContent__article__imgCapa--banner\"\n\t\t\t\t\tsrc=\"https:\/\/files.sunoresearch.com.br\/n\/uploads\/2023\/04\/1420x240-Planilha-vida-financeira-true.png\"\n\t\t\t\t\tdata-promo-id=\"106682\"\t\t\t\t\t\t\t\t\t\twidth='1420' height='240'\t\t\t\t\talt=\"https:\/\/files.sunoresearch.com.br\/n\/uploads\/2023\/04\/1420x240-Planilha-vida-financeira-true.png\"\n\t\t\t\t>\n\t\t\t<\/picture>\n\t\t<\/a>\n\t<\/p>\n\n<\/span><\/p>\n<p>&#8220;Fizemos algo in\u00e9dito na hist\u00f3ria da Via Varejo. Reinauguramos as mais de 160 lojas em um \u00fanico dia. Todo nosso time de venda j\u00e1 recebeu os uniformes e crach\u00e1s com a cara nova de Ponto&#8221;, diz Abel Ornelas, diretor de opera\u00e7\u00f5es (COO) da Via Varejo.<\/p>\n<p>A Pontofrio, diferentemente das Casas Bahia, principal marca da Via Varejo, vem registrando nos \u00faltimos anos uma queda da sua import\u00e2ncia. No fim de 2018, eram 228 lojas, divididas entre ruas e shoppings. No \u00faltimo dia de 2019, eram 216. Em dezembro de 2020, o n\u00famero caiu para 2010. A Casas Bahia segue tend\u00eancia oposta, vendo seu movimento e seu n\u00famero de lojas crescer a cada ano.<\/p>\n<p>Para a Guide Investimentos, a mudan\u00e7a da <strong>Via Varejo<\/strong> \u00e9 positiva. &#8220;Avaliamos o movimento como ben\u00e9fico para a companhia, visto que as mudan\u00e7as recentes na marca das Casas Bahia conseguiram trazer maior conex\u00e3o com o p\u00fablico digital&#8221;, afirmam.<\/p>\n<p><span style=\"font-weight: 400;\">\t<p>\n\t\t<a href=\"https:\/\/lp.suno.com.br\/planilha-de-controle-de-investimentos\/\" target=\"_blank\" data-element=\"shortcode-suno-banner\" title=\"Banner SUNO, clique e saiba mais\">\n\t\t\t<picture>\n\t\t\t\t<source media=\"(max-width: 500px)\" srcset=\"https:\/\/files.sunoresearch.com.br\/n\/uploads\/2023\/03\/400x300-Controle-de-Investimentos.png\">\n\t\t\t\t<img class=\"newsContent__article__imgCapa newsContent__article__imgCapa--banner\"\n\t\t\t\t\tsrc=\"https:\/\/files.sunoresearch.com.br\/n\/uploads\/2023\/03\/1420x240-Controle-de-Investimentos.png\"\n\t\t\t\t\tdata-promo-id=\"75934\"\t\t\t\t\t\t\t\t\t\twidth='1420' height='240'\t\t\t\t\talt=\"https:\/\/files.sunoresearch.com.br\/n\/uploads\/2023\/03\/1420x240-Controle-de-Investimentos.png\"\n\t\t\t\t>\n\t\t\t<\/picture>\n\t\t<\/a>\n\t<\/p>\n\n<\/span><\/p>\n","protected":false},"excerpt":{"rendered":"<p>A Via Varejo (VVAR3) anunciou que a sua controlada Pontofrio mudar\u00e1 sua marca e identidade para passar a ser apenas &#8220;Ponto&#8221;.\u00a0 A companhia altera, com isso, um nome com quase 70 anos de hist\u00f3ria. Foto: Reprodu\u00e7\u00e3o Youtube &#8220;Descontra\u00edda, divertida e inovadora. A nova fase da marca tem foco em tecnologia com muito bom humor e [&hellip;]<\/p>\n","protected":false},"author":59,"featured_media":141608,"comment_status":"closed","ping_status":"closed","sticky":false,"template":"","format":"standard","meta":[],"categories":[64],"tags":[105816,106935],"suno_strategy":[],"class_list":["post-141597","post","type-post","status-publish","format-standard","has-post-thumbnail","hentry","category-negocios","tag-especialistas","tag-via-viia3"],"yoast_head":"<!-- This site is optimized with the Yoast SEO plugin v24.4 - https:\/\/yoast.com\/wordpress\/plugins\/seo\/ -->\n<title>Via Varejo (VVAR3) opta por mudan\u00e7a e Pontofrio agora \u00e9 &quot;Ponto&quot;<\/title>\n<meta name=\"description\" content=\"A Via Varejo anunciou que mudar\u00e1 o nome da sua marca Pontofrio, que passa a chamar apenas &quot;Ponto&quot;. Clique aqui para saber mais.\" \/>\n<meta name=\"robots\" content=\"index, follow, max-snippet:-1, max-image-preview:large, max-video-preview:-1\" \/>\n<link rel=\"canonical\" href=\"https:\/\/www.suno.com.br\/noticias\/via-varejo-vvar3-pontofrio-agora-ponto\/\" \/>\n<meta property=\"og:locale\" content=\"pt_BR\" \/>\n<meta property=\"og:type\" content=\"article\" \/>\n<meta property=\"og:title\" content=\"Via Varejo (VVAR3) opta por mudan\u00e7a e Pontofrio agora \u00e9 &quot;Ponto&quot;\" \/>\n<meta property=\"og:description\" content=\"A Via Varejo anunciou que mudar\u00e1 o nome da sua marca Pontofrio, que passa a chamar apenas &quot;Ponto&quot;. Clique aqui para saber mais.\" \/>\n<meta property=\"og:url\" content=\"https:\/\/www.suno.com.br\/noticias\/via-varejo-vvar3-pontofrio-agora-ponto\/\" \/>\n<meta property=\"og:site_name\" content=\"Suno Not\u00edcias\" \/>\n<meta property=\"article:publisher\" content=\"https:\/\/facebook.com\/sunoresearch\" \/>\n<meta property=\"og:image\" content=\"https:\/\/files.sunoresearch.com.br\/n\/uploads\/2021\/04\/6ddd8fe8-pontofrio.png\" \/>\n\t<meta property=\"og:image:width\" content=\"1630\" \/>\n\t<meta property=\"og:image:height\" content=\"876\" \/>\n\t<meta property=\"og:image:type\" content=\"image\/png\" \/>\n<meta name=\"author\" content=\"Vitor Azevedo\" \/>\n<meta name=\"twitter:card\" content=\"summary_large_image\" \/>\n<meta name=\"twitter:creator\" content=\"@sunoresearch\" \/>\n<meta name=\"twitter:site\" content=\"@sunoresearch\" \/>\n<meta name=\"twitter:label1\" content=\"Escrito por\" \/>\n\t<meta name=\"twitter:data1\" content=\"Vitor Azevedo\" \/>\n\t<meta name=\"twitter:label2\" content=\"Est. tempo de leitura\" \/>\n\t<meta name=\"twitter:data2\" content=\"2 minutos\" \/>\n<script type=\"application\/ld+json\" class=\"yoast-schema-graph\">{\"@context\":\"https:\/\/schema.org\",\"@graph\":[{\"@type\":\"NewsArticle\",\"@id\":\"https:\/\/www.suno.com.br\/noticias\/via-varejo-vvar3-pontofrio-agora-ponto\/#article\",\"isPartOf\":{\"@id\":\"https:\/\/www.suno.com.br\/noticias\/via-varejo-vvar3-pontofrio-agora-ponto\/\"},\"author\":{\"name\":\"Vitor Azevedo\",\"@id\":\"https:\/\/www.suno.com.br\/noticias\/#\/schema\/person\/658d5fbc74d81f265f5df3562d0038ab\"},\"headline\":\"Via Varejo (VVAR3) opta por mudan\u00e7a e Pontofrio agora \u00e9 &#8220;Ponto&#8221;\",\"datePublished\":\"2021-04-23T10:55:30+00:00\",\"dateModified\":\"2021-04-23T13:48:06+00:00\",\"mainEntityOfPage\":{\"@id\":\"https:\/\/www.suno.com.br\/noticias\/via-varejo-vvar3-pontofrio-agora-ponto\/\"},\"wordCount\":400,\"publisher\":{\"@id\":\"https:\/\/www.suno.com.br\/noticias\/#organization\"},\"image\":{\"@id\":\"https:\/\/www.suno.com.br\/noticias\/via-varejo-vvar3-pontofrio-agora-ponto\/#primaryimage\"},\"thumbnailUrl\":\"https:\/\/files.sunoresearch.com.br\/n\/uploads\/2021\/04\/6ddd8fe8-pontofrio-png.webp\",\"keywords\":[\"Especialistas\",\"Via (VIIA3)\"],\"articleSection\":[\"Neg\u00f3cios\"],\"inLanguage\":\"pt-BR\"},{\"@type\":\"WebPage\",\"@id\":\"https:\/\/www.suno.com.br\/noticias\/via-varejo-vvar3-pontofrio-agora-ponto\/\",\"url\":\"https:\/\/www.suno.com.br\/noticias\/via-varejo-vvar3-pontofrio-agora-ponto\/\",\"name\":\"Via Varejo (VVAR3) opta por mudan\u00e7a e Pontofrio agora \u00e9 \\\"Ponto\\\"\",\"isPartOf\":{\"@id\":\"https:\/\/www.suno.com.br\/noticias\/#website\"},\"primaryImageOfPage\":{\"@id\":\"https:\/\/www.suno.com.br\/noticias\/via-varejo-vvar3-pontofrio-agora-ponto\/#primaryimage\"},\"image\":{\"@id\":\"https:\/\/www.suno.com.br\/noticias\/via-varejo-vvar3-pontofrio-agora-ponto\/#primaryimage\"},\"thumbnailUrl\":\"https:\/\/files.sunoresearch.com.br\/n\/uploads\/2021\/04\/6ddd8fe8-pontofrio-png.webp\",\"datePublished\":\"2021-04-23T10:55:30+00:00\",\"dateModified\":\"2021-04-23T13:48:06+00:00\",\"description\":\"A Via Varejo anunciou que mudar\u00e1 o nome da sua marca Pontofrio, que passa a chamar apenas \\\"Ponto\\\". Clique aqui para saber mais.\",\"breadcrumb\":{\"@id\":\"https:\/\/www.suno.com.br\/noticias\/via-varejo-vvar3-pontofrio-agora-ponto\/#breadcrumb\"},\"inLanguage\":\"pt-BR\",\"potentialAction\":[{\"@type\":\"ReadAction\",\"target\":[\"https:\/\/www.suno.com.br\/noticias\/via-varejo-vvar3-pontofrio-agora-ponto\/\"]}]},{\"@type\":\"ImageObject\",\"inLanguage\":\"pt-BR\",\"@id\":\"https:\/\/www.suno.com.br\/noticias\/via-varejo-vvar3-pontofrio-agora-ponto\/#primaryimage\",\"url\":\"https:\/\/files.sunoresearch.com.br\/n\/uploads\/2021\/04\/6ddd8fe8-pontofrio-png.webp\",\"contentUrl\":\"https:\/\/files.sunoresearch.com.br\/n\/uploads\/2021\/04\/6ddd8fe8-pontofrio-png.webp\",\"width\":1630,\"height\":876,\"caption\":\"Foto: Reprodu\u00e7\u00e3o Youtube\"},{\"@type\":\"BreadcrumbList\",\"@id\":\"https:\/\/www.suno.com.br\/noticias\/via-varejo-vvar3-pontofrio-agora-ponto\/#breadcrumb\",\"itemListElement\":[{\"@type\":\"ListItem\",\"position\":1,\"name\":\"Not\u00edcias\",\"item\":\"https:\/\/www.suno.com.br\/noticias\/\"},{\"@type\":\"ListItem\",\"position\":2,\"name\":\"Neg\u00f3cios\",\"item\":\"https:\/\/www.suno.com.br\/noticias\/negocios\/\"},{\"@type\":\"ListItem\",\"position\":3,\"name\":\"Via Varejo (VVAR3) opta por mudan\u00e7a e Pontofrio agora \u00e9 &#8220;Ponto&#8221;\"}]},{\"@type\":\"WebSite\",\"@id\":\"https:\/\/www.suno.com.br\/noticias\/#website\",\"url\":\"https:\/\/www.suno.com.br\/noticias\/\",\"name\":\"Suno Not\u00edcias\",\"description\":\"Seu portal de informa\u00e7\u00e3o sobre o mundo dos investimentos\",\"publisher\":{\"@id\":\"https:\/\/www.suno.com.br\/noticias\/#organization\"},\"potentialAction\":[{\"@type\":\"SearchAction\",\"target\":{\"@type\":\"EntryPoint\",\"urlTemplate\":\"https:\/\/www.suno.com.br\/noticias\/?s={search_term_string}\"},\"query-input\":{\"@type\":\"PropertyValueSpecification\",\"valueRequired\":true,\"valueName\":\"search_term_string\"}}],\"inLanguage\":\"pt-BR\"},{\"@type\":\"Organization\",\"@id\":\"https:\/\/www.suno.com.br\/noticias\/#organization\",\"name\":\"Suno Not\u00edcias\",\"url\":\"https:\/\/www.suno.com.br\/noticias\/\",\"logo\":{\"@type\":\"ImageObject\",\"inLanguage\":\"pt-BR\",\"@id\":\"https:\/\/www.suno.com.br\/noticias\/#\/schema\/logo\/image\/\",\"url\":\"https:\/\/files.sunoresearch.com.br\/n\/uploads\/2021\/09\/suno-logo.png\",\"contentUrl\":\"https:\/\/files.sunoresearch.com.br\/n\/uploads\/2021\/09\/suno-logo.png\",\"width\":180,\"height\":180,\"caption\":\"Suno Not\u00edcias\"},\"image\":{\"@id\":\"https:\/\/www.suno.com.br\/noticias\/#\/schema\/logo\/image\/\"},\"sameAs\":[\"https:\/\/facebook.com\/sunoresearch\",\"https:\/\/x.com\/sunoresearch\",\"https:\/\/www.instagram.com\/suno\",\"https:\/\/www.linkedin.com\/company\/suno-research\/\",\"https:\/\/www.youtube.com\/c\/sunoresearch\"]},{\"@type\":\"Person\",\"@id\":\"https:\/\/www.suno.com.br\/noticias\/#\/schema\/person\/658d5fbc74d81f265f5df3562d0038ab\",\"name\":\"Vitor Azevedo\",\"image\":{\"@type\":\"ImageObject\",\"inLanguage\":\"pt-BR\",\"@id\":\"https:\/\/www.suno.com.br\/noticias\/#\/schema\/person\/image\/\",\"url\":\"https:\/\/secure.gravatar.com\/avatar\/62b86195291b446fe380824eb28b99a5?s=96&r=g\",\"contentUrl\":\"https:\/\/secure.gravatar.com\/avatar\/62b86195291b446fe380824eb28b99a5?s=96&r=g\",\"caption\":\"Vitor Azevedo\"},\"description\":\"Formado em jornalismo pela Unesp, escreve sobre economia e neg\u00f3cios para a Suno Not\u00edcias.\",\"url\":\"https:\/\/www.suno.com.br\/noticias\/author\/vitor-azevedo\/\"}]}<\/script>\n<!-- \/ Yoast SEO plugin. -->","yoast_head_json":{"title":"Via Varejo (VVAR3) opta por mudan\u00e7a e Pontofrio agora \u00e9 \"Ponto\"","description":"A Via Varejo anunciou que mudar\u00e1 o nome da sua marca Pontofrio, que passa a chamar apenas \"Ponto\". Clique aqui para saber mais.","robots":{"index":"index","follow":"follow","max-snippet":"max-snippet:-1","max-image-preview":"max-image-preview:large","max-video-preview":"max-video-preview:-1"},"canonical":"https:\/\/www.suno.com.br\/noticias\/via-varejo-vvar3-pontofrio-agora-ponto\/","og_locale":"pt_BR","og_type":"article","og_title":"Via Varejo (VVAR3) opta por mudan\u00e7a e Pontofrio agora \u00e9 \"Ponto\"","og_description":"A Via Varejo anunciou que mudar\u00e1 o nome da sua marca Pontofrio, que passa a chamar apenas \"Ponto\". Clique aqui para saber mais.","og_url":"https:\/\/www.suno.com.br\/noticias\/via-varejo-vvar3-pontofrio-agora-ponto\/","og_site_name":"Suno Not\u00edcias","article_publisher":"https:\/\/facebook.com\/sunoresearch","og_image":[{"width":1630,"height":876,"url":"https:\/\/files.sunoresearch.com.br\/n\/uploads\/2021\/04\/6ddd8fe8-pontofrio.png","type":"image\/png"}],"author":"Vitor Azevedo","twitter_card":"summary_large_image","twitter_creator":"@sunoresearch","twitter_site":"@sunoresearch","twitter_misc":{"Escrito por":"Vitor Azevedo","Est. tempo de leitura":"2 minutos"},"schema":{"@context":"https:\/\/schema.org","@graph":[{"@type":"NewsArticle","@id":"https:\/\/www.suno.com.br\/noticias\/via-varejo-vvar3-pontofrio-agora-ponto\/#article","isPartOf":{"@id":"https:\/\/www.suno.com.br\/noticias\/via-varejo-vvar3-pontofrio-agora-ponto\/"},"author":{"name":"Vitor Azevedo","@id":"https:\/\/www.suno.com.br\/noticias\/#\/schema\/person\/658d5fbc74d81f265f5df3562d0038ab"},"headline":"Via Varejo (VVAR3) opta por mudan\u00e7a e Pontofrio agora \u00e9 &#8220;Ponto&#8221;","datePublished":"2021-04-23T10:55:30+00:00","dateModified":"2021-04-23T13:48:06+00:00","mainEntityOfPage":{"@id":"https:\/\/www.suno.com.br\/noticias\/via-varejo-vvar3-pontofrio-agora-ponto\/"},"wordCount":400,"publisher":{"@id":"https:\/\/www.suno.com.br\/noticias\/#organization"},"image":{"@id":"https:\/\/www.suno.com.br\/noticias\/via-varejo-vvar3-pontofrio-agora-ponto\/#primaryimage"},"thumbnailUrl":"https:\/\/files.sunoresearch.com.br\/n\/uploads\/2021\/04\/6ddd8fe8-pontofrio-png.webp","keywords":["Especialistas","Via (VIIA3)"],"articleSection":["Neg\u00f3cios"],"inLanguage":"pt-BR"},{"@type":"WebPage","@id":"https:\/\/www.suno.com.br\/noticias\/via-varejo-vvar3-pontofrio-agora-ponto\/","url":"https:\/\/www.suno.com.br\/noticias\/via-varejo-vvar3-pontofrio-agora-ponto\/","name":"Via Varejo (VVAR3) opta por mudan\u00e7a e Pontofrio agora \u00e9 \"Ponto\"","isPartOf":{"@id":"https:\/\/www.suno.com.br\/noticias\/#website"},"primaryImageOfPage":{"@id":"https:\/\/www.suno.com.br\/noticias\/via-varejo-vvar3-pontofrio-agora-ponto\/#primaryimage"},"image":{"@id":"https:\/\/www.suno.com.br\/noticias\/via-varejo-vvar3-pontofrio-agora-ponto\/#primaryimage"},"thumbnailUrl":"https:\/\/files.sunoresearch.com.br\/n\/uploads\/2021\/04\/6ddd8fe8-pontofrio-png.webp","datePublished":"2021-04-23T10:55:30+00:00","dateModified":"2021-04-23T13:48:06+00:00","description":"A Via Varejo anunciou que mudar\u00e1 o nome da sua marca Pontofrio, que passa a chamar apenas \"Ponto\". Clique aqui para saber mais.","breadcrumb":{"@id":"https:\/\/www.suno.com.br\/noticias\/via-varejo-vvar3-pontofrio-agora-ponto\/#breadcrumb"},"inLanguage":"pt-BR","potentialAction":[{"@type":"ReadAction","target":["https:\/\/www.suno.com.br\/noticias\/via-varejo-vvar3-pontofrio-agora-ponto\/"]}]},{"@type":"ImageObject","inLanguage":"pt-BR","@id":"https:\/\/www.suno.com.br\/noticias\/via-varejo-vvar3-pontofrio-agora-ponto\/#primaryimage","url":"https:\/\/files.sunoresearch.com.br\/n\/uploads\/2021\/04\/6ddd8fe8-pontofrio-png.webp","contentUrl":"https:\/\/files.sunoresearch.com.br\/n\/uploads\/2021\/04\/6ddd8fe8-pontofrio-png.webp","width":1630,"height":876,"caption":"Foto: Reprodu\u00e7\u00e3o Youtube"},{"@type":"BreadcrumbList","@id":"https:\/\/www.suno.com.br\/noticias\/via-varejo-vvar3-pontofrio-agora-ponto\/#breadcrumb","itemListElement":[{"@type":"ListItem","position":1,"name":"Not\u00edcias","item":"https:\/\/www.suno.com.br\/noticias\/"},{"@type":"ListItem","position":2,"name":"Neg\u00f3cios","item":"https:\/\/www.suno.com.br\/noticias\/negocios\/"},{"@type":"ListItem","position":3,"name":"Via Varejo (VVAR3) opta por mudan\u00e7a e Pontofrio agora \u00e9 &#8220;Ponto&#8221;"}]},{"@type":"WebSite","@id":"https:\/\/www.suno.com.br\/noticias\/#website","url":"https:\/\/www.suno.com.br\/noticias\/","name":"Suno Not\u00edcias","description":"Seu portal de informa\u00e7\u00e3o sobre o mundo dos investimentos","publisher":{"@id":"https:\/\/www.suno.com.br\/noticias\/#organization"},"potentialAction":[{"@type":"SearchAction","target":{"@type":"EntryPoint","urlTemplate":"https:\/\/www.suno.com.br\/noticias\/?s={search_term_string}"},"query-input":{"@type":"PropertyValueSpecification","valueRequired":true,"valueName":"search_term_string"}}],"inLanguage":"pt-BR"},{"@type":"Organization","@id":"https:\/\/www.suno.com.br\/noticias\/#organization","name":"Suno Not\u00edcias","url":"https:\/\/www.suno.com.br\/noticias\/","logo":{"@type":"ImageObject","inLanguage":"pt-BR","@id":"https:\/\/www.suno.com.br\/noticias\/#\/schema\/logo\/image\/","url":"https:\/\/files.sunoresearch.com.br\/n\/uploads\/2021\/09\/suno-logo.png","contentUrl":"https:\/\/files.sunoresearch.com.br\/n\/uploads\/2021\/09\/suno-logo.png","width":180,"height":180,"caption":"Suno Not\u00edcias"},"image":{"@id":"https:\/\/www.suno.com.br\/noticias\/#\/schema\/logo\/image\/"},"sameAs":["https:\/\/facebook.com\/sunoresearch","https:\/\/x.com\/sunoresearch","https:\/\/www.instagram.com\/suno","https:\/\/www.linkedin.com\/company\/suno-research\/","https:\/\/www.youtube.com\/c\/sunoresearch"]},{"@type":"Person","@id":"https:\/\/www.suno.com.br\/noticias\/#\/schema\/person\/658d5fbc74d81f265f5df3562d0038ab","name":"Vitor Azevedo","image":{"@type":"ImageObject","inLanguage":"pt-BR","@id":"https:\/\/www.suno.com.br\/noticias\/#\/schema\/person\/image\/","url":"https:\/\/secure.gravatar.com\/avatar\/62b86195291b446fe380824eb28b99a5?s=96&r=g","contentUrl":"https:\/\/secure.gravatar.com\/avatar\/62b86195291b446fe380824eb28b99a5?s=96&r=g","caption":"Vitor Azevedo"},"description":"Formado em jornalismo pela Unesp, escreve sobre economia e neg\u00f3cios para a Suno Not\u00edcias.","url":"https:\/\/www.suno.com.br\/noticias\/author\/vitor-azevedo\/"}]}},"default_loop_html":"<div class=\"cardsPage__listCard__boxs\"><div class=\"cardsPage__listCard__boxs__img\"><a href=\"https:\/\/www.suno.com.br\/noticias\/via-varejo-vvar3-pontofrio-agora-ponto\/\"><img class=\"mask\" src=\"https:\/\/www.suno.com.br\/noticias\/wp-content\/themes\/suno\/resources\/images\/spotlight\/spotlight1img\/bg-mask.png\" alt=\"Image Mask\"\/><img src=\"https:\/\/files.sunoresearch.com.br\/n\/uploads\/2021\/04\/6ddd8fe8-pontofrio-400x200.webp\" alt=\"Via Varejo (VVAR3) opta por mudan\u00e7a e Pontofrio agora \u00e9 &#8220;Ponto&#8221;\"\/><\/a><span class=\"spotlightCategory\"><a href=\"https:\/\/www.suno.com.br\/noticias\/negocios\/\">Neg\u00f3cios<\/a><\/span><\/div><div class=\"cardsPage__listCard__boxs__content\"><a href=\"https:\/\/www.suno.com.br\/noticias\/via-varejo-vvar3-pontofrio-agora-ponto\/\"><h2 class=\"content__title\">Via Varejo (VVAR3) opta por mudan\u00e7a e Pontofrio agora \u00e9 &#8220;Ponto&#8221;<\/h2><\/a><div class=\"newsContent__article__meta\"><div class=\"newsContent__article__meta__authorBox\"><a href=\"https:\/\/www.suno.com.br\/noticias\/author\/vitor-azevedo\/\" class=\"authorBox__avatar noMobi\"><img src=\"https:\/\/secure.gravatar.com\/avatar\/62b86195291b446fe380824eb28b99a5?s=96&#038;r=g\" alt=\"Vitor Azevedo\"><\/a><div class=\"authorBox__name\"><span>por\n\t\t\t<a href=\"https:\/\/www.suno.com.br\/noticias\/author\/vitor-azevedo\/\"><span itemprop=\"author\">Vitor Azevedo<\/span><\/a><\/span><time datetime=\"2021-04-23T07:55:30-03:00\" itemprop=\"datePublished\">23\/04\/2021 07:55<\/time><\/div><\/div><\/div><\/div><\/div>","single_layout":"posts","amp_enabled":true,"_links":{"self":[{"href":"https:\/\/www.suno.com.br\/noticias\/wp-json\/wp\/v2\/posts\/141597"}],"collection":[{"href":"https:\/\/www.suno.com.br\/noticias\/wp-json\/wp\/v2\/posts"}],"about":[{"href":"https:\/\/www.suno.com.br\/noticias\/wp-json\/wp\/v2\/types\/post"}],"author":[{"embeddable":true,"href":"https:\/\/www.suno.com.br\/noticias\/wp-json\/wp\/v2\/users\/59"}],"replies":[{"embeddable":true,"href":"https:\/\/www.suno.com.br\/noticias\/wp-json\/wp\/v2\/comments?post=141597"}],"version-history":[{"count":3,"href":"https:\/\/www.suno.com.br\/noticias\/wp-json\/wp\/v2\/posts\/141597\/revisions"}],"predecessor-version":[{"id":141693,"href":"https:\/\/www.suno.com.br\/noticias\/wp-json\/wp\/v2\/posts\/141597\/revisions\/141693"}],"wp:featuredmedia":[{"embeddable":true,"href":"https:\/\/www.suno.com.br\/noticias\/wp-json\/wp\/v2\/media\/141608"}],"wp:attachment":[{"href":"https:\/\/www.suno.com.br\/noticias\/wp-json\/wp\/v2\/media?parent=141597"}],"wp:term":[{"taxonomy":"category","embeddable":true,"href":"https:\/\/www.suno.com.br\/noticias\/wp-json\/wp\/v2\/categories?post=141597"},{"taxonomy":"post_tag","embeddable":true,"href":"https:\/\/www.suno.com.br\/noticias\/wp-json\/wp\/v2\/tags?post=141597"},{"taxonomy":"suno_strategy","embeddable":true,"href":"https:\/\/www.suno.com.br\/noticias\/wp-json\/wp\/v2\/suno_strategy?post=141597"}],"curies":[{"name":"wp","href":"https:\/\/api.w.org\/{rel}","templated":true}]}}