{"id":14156,"date":"2019-02-05T10:46:35","date_gmt":"2019-02-05T12:46:35","guid":{"rendered":"https:\/\/www.suno.com.br\/noticias\/?p=14156"},"modified":"2019-02-06T12:10:16","modified_gmt":"2019-02-06T14:10:16","slug":"reforma-previdencia-texto-vazado-onyx","status":"publish","type":"post","link":"https:\/\/www.suno.com.br\/noticias\/reforma-previdencia-texto-vazado-onyx\/","title":{"rendered":"Reforma da Previd\u00eancia ser\u00e1 diferente de texto vazado na Imprensa"},"content":{"rendered":"<p>O ministro da Casa Civil, <strong>Onyx Lorenzoni<\/strong>, disse que a proposta da reforma da Previd\u00eancia que ir\u00e1 ao Congresso Nacional n\u00e3o ser\u00e1 igual ao texto vazado na Imprensa. A afirma\u00e7\u00e3o foi dita em entrevista \u00e0 r\u00e1dio &#8220;CBN&#8221;.<\/p>\t<div class=\"wrapper-featured-image\">\n\t\t<figure class=\"spotlightImg\">\n\n\t\t\t<picture>\n\t\t\t\t<source media=\"(max-width: 768px)\" srcset=\"https:\/\/files.sunoresearch.com.br\/n\/uploads\/2019\/02\/43dfb271-reforma-da-previdencia-400x200.webp\">\n\t\t\t\t<img loading=\"lazy\" decoding=\"async\" class=\"newsContent__article__imgCapa lazyloadDisabled newsContent__article__imgCapa--noCaption\" src=\"https:\/\/files.sunoresearch.com.br\/n\/uploads\/2019\/02\/43dfb271-reforma-da-previdencia-800x450.webp\" width=\"800\" height=\"450\" alt=\"Reforma da Previd\u00eancia ser\u00e1 diferente de texto vazado na Imprensa\" fetchpriority=high \/>\n\t\t\t<\/picture>\n\n\t\t\t<figcaption class=\"wp-caption-text wp-caption-text--hide\">Coronavoucher: ningu\u00e9m ficar\u00e1 sem receber a primeira parcela<\/figcaption>\n\t\t<\/figure>\n\t<\/div>\n\n\n<p>O texto preliminar da Proposta de Emenda Constitucional (PEC) da<strong> reforma da Previd\u00eancia<\/strong> foi divulgado pelo &#8220;Estado de S. Paulo&#8221; na segunda-feira (4).<\/p>\n<p>Segundo<strong> Onyx Lorenzoni<\/strong>, o projeto que ser\u00e1 apresentado ao Congresso Nacional \u00e9 diferente daquele que vazou.<\/p>\n<p>&#8220;Eu asseguro que n\u00e3o \u00e9 [o mesmo texto]. E voc\u00eas v\u00e3o ver, quando o projeto chegar, que ele \u00e9 muito diferente do que est\u00e1 publicado no jornal&#8221;, certificou o ministro.<\/p>\n<p>O l\u00edder da <strong>Casa Civil<\/strong> afirmou que haviam quatro ou cinco textos alternativos, desde o in\u00edcio de novembro. As propostas s\u00e3o administradas pelas equipes t\u00e9cnicas comandadas pelo ministro da Economia, Paulo Guedes.<\/p>\n<p>&#8220;Para nossa sorte, o vazador vazou o texto errado. Ent\u00e3o estamos muito tranquilos em rela\u00e7\u00e3o a esse epis\u00f3dio&#8221;, disse Onyx.<\/p>\n<p><a href=\"https:\/\/www.suno.com.br\/noticias\/reforma-previdencia-propostas-duras\/\">Saiba mais &#8211;\u00a0Reforma da Previd\u00eancia traz propostas duras e proibi\u00e7\u00e3o \u00e0 militares\u00a0<\/a><\/p>\n<h2>Proposta da reforma da Previd\u00eancia vazada<\/h2>\n<p>Confira abaixo as principais altera\u00e7\u00f5es nas regras de aposentadoria que foram identificadas no texto, ao qual o &#8220;Estado de S. Paulo&#8221; obteve acesso:<\/p>\n<ul>\n<li>Idade m\u00ednima de 65 anos para aposentadoria de homem e mulher ao fim do per\u00edodo de transi\u00e7\u00e3o;<\/li>\n<li>Tempo m\u00ednimo de contribui\u00e7\u00e3o de 20 para o INSS e de 25 anos para servidores p\u00fablicos;<\/li>\n<li>Cria\u00e7\u00e3o de gatilho para elevar idade m\u00ednima a cada 4 anos;<\/li>\n<li>Regra prev\u00ea tempo de contribui\u00e7\u00e3o de 40 anos para atingir 100% do benef\u00edcio;<\/li>\n<li>Renda de R$ 1 mil para pessoas com defici\u00eancia sem condi\u00e7\u00e3o de sustento;<\/li>\n<li>Renda de R$ 500 para baixa renda aos 55 anos ou mais e de R$ 750 para baixa renda aos 65 anos ou mais;<\/li>\n<li>Restri\u00e7\u00e3o de pagamento do abono a quem recebe at\u00e9 um sal\u00e1rio m\u00ednimo;<\/li>\n<li>Idade m\u00ednima de 60 anos para trabalhador rural e professor;<\/li>\n<li>Previs\u00e3o de contribui\u00e7\u00e3o individual de produtores rurais na<strong> reforma da Previd\u00eancia.<\/strong><\/li>\n<\/ul>\n","protected":false},"excerpt":{"rendered":"<p>O ministro da Casa Civil, Onyx Lorenzoni, disse que a proposta da reforma da Previd\u00eancia que ir\u00e1 ao Congresso Nacional n\u00e3o ser\u00e1 igual ao texto vazado na Imprensa. A afirma\u00e7\u00e3o foi dita em entrevista \u00e0 r\u00e1dio &#8220;CBN&#8221;. Coronavoucher: ningu\u00e9m ficar\u00e1 sem receber a primeira parcela O texto preliminar da Proposta de Emenda Constitucional (PEC) da [&hellip;]<\/p>\n","protected":false},"author":12,"featured_media":14165,"comment_status":"closed","ping_status":"closed","sticky":false,"template":"","format":"standard","meta":[],"categories":[61],"tags":[939,940],"suno_strategy":[],"class_list":["post-14156","post","type-post","status-publish","format-standard","has-post-thumbnail","hentry","category-politica","tag-onyx-lorenzoni","tag-reforma-da-previdencia"],"yoast_head":"<!-- This site is optimized with the Yoast SEO plugin v24.4 - https:\/\/yoast.com\/wordpress\/plugins\/seo\/ -->\n<title>Reforma da Previd\u00eancia ser\u00e1 diferente de texto vazado na Imprensa<\/title>\n<meta name=\"description\" content=\"A proposta da reforma da Previd\u00eancia que ir\u00e1 ao Congresso \u00e9 diferente daquela vazada na Imprensa, disse Onyx. Clique para saber mais.\" \/>\n<meta name=\"robots\" content=\"index, follow, max-snippet:-1, max-image-preview:large, max-video-preview:-1\" \/>\n<link rel=\"canonical\" href=\"https:\/\/www.suno.com.br\/noticias\/reforma-previdencia-texto-vazado-onyx\/\" \/>\n<meta property=\"og:locale\" content=\"pt_BR\" \/>\n<meta property=\"og:type\" content=\"article\" \/>\n<meta property=\"og:title\" content=\"Reforma da Previd\u00eancia ser\u00e1 diferente de texto vazado na Imprensa\" \/>\n<meta property=\"og:description\" content=\"A proposta da reforma da Previd\u00eancia que ir\u00e1 ao Congresso \u00e9 diferente daquela vazada na Imprensa, disse Onyx. Clique para saber mais.\" \/>\n<meta property=\"og:url\" content=\"https:\/\/www.suno.com.br\/noticias\/reforma-previdencia-texto-vazado-onyx\/\" \/>\n<meta property=\"og:site_name\" content=\"Suno Not\u00edcias\" \/>\n<meta property=\"article:publisher\" content=\"https:\/\/facebook.com\/sunoresearch\" \/>\n<meta property=\"og:image\" content=\"https:\/\/files.sunoresearch.com.br\/n\/uploads\/2019\/02\/43dfb271-reforma-da-previdencia.jpg\" \/>\n\t<meta property=\"og:image:width\" content=\"1024\" \/>\n\t<meta property=\"og:image:height\" content=\"683\" \/>\n\t<meta property=\"og:image:type\" content=\"image\/jpeg\" \/>\n<meta name=\"author\" content=\"Amanda Gushiken\" \/>\n<meta name=\"twitter:card\" content=\"summary_large_image\" \/>\n<meta name=\"twitter:creator\" content=\"@sunoresearch\" \/>\n<meta name=\"twitter:site\" content=\"@sunoresearch\" \/>\n<meta name=\"twitter:label1\" content=\"Escrito por\" \/>\n\t<meta name=\"twitter:data1\" content=\"Amanda Gushiken\" \/>\n\t<meta name=\"twitter:label2\" content=\"Est. tempo de leitura\" \/>\n\t<meta name=\"twitter:data2\" content=\"2 minutos\" \/>\n<script type=\"application\/ld+json\" class=\"yoast-schema-graph\">{\"@context\":\"https:\/\/schema.org\",\"@graph\":[{\"@type\":\"NewsArticle\",\"@id\":\"https:\/\/www.suno.com.br\/noticias\/reforma-previdencia-texto-vazado-onyx\/#article\",\"isPartOf\":{\"@id\":\"https:\/\/www.suno.com.br\/noticias\/reforma-previdencia-texto-vazado-onyx\/\"},\"author\":{\"name\":\"Amanda Gushiken\",\"@id\":\"https:\/\/www.suno.com.br\/noticias\/#\/schema\/person\/a5b06fa4e879d8e8e119c6ed3cd630d1\"},\"headline\":\"Reforma da Previd\u00eancia ser\u00e1 diferente de texto vazado na Imprensa\",\"datePublished\":\"2019-02-05T12:46:35+00:00\",\"dateModified\":\"2019-02-06T14:10:16+00:00\",\"mainEntityOfPage\":{\"@id\":\"https:\/\/www.suno.com.br\/noticias\/reforma-previdencia-texto-vazado-onyx\/\"},\"wordCount\":358,\"publisher\":{\"@id\":\"https:\/\/www.suno.com.br\/noticias\/#organization\"},\"image\":{\"@id\":\"https:\/\/www.suno.com.br\/noticias\/reforma-previdencia-texto-vazado-onyx\/#primaryimage\"},\"thumbnailUrl\":\"https:\/\/files.sunoresearch.com.br\/n\/uploads\/2019\/02\/43dfb271-reforma-da-previdencia-jpg.webp\",\"keywords\":[\"Onyx Lorenzoni\",\"Reforma da Previd\u00eancia\"],\"articleSection\":[\"Pol\u00edtica\"],\"inLanguage\":\"pt-BR\"},{\"@type\":\"WebPage\",\"@id\":\"https:\/\/www.suno.com.br\/noticias\/reforma-previdencia-texto-vazado-onyx\/\",\"url\":\"https:\/\/www.suno.com.br\/noticias\/reforma-previdencia-texto-vazado-onyx\/\",\"name\":\"Reforma da Previd\u00eancia ser\u00e1 diferente de texto vazado na Imprensa\",\"isPartOf\":{\"@id\":\"https:\/\/www.suno.com.br\/noticias\/#website\"},\"primaryImageOfPage\":{\"@id\":\"https:\/\/www.suno.com.br\/noticias\/reforma-previdencia-texto-vazado-onyx\/#primaryimage\"},\"image\":{\"@id\":\"https:\/\/www.suno.com.br\/noticias\/reforma-previdencia-texto-vazado-onyx\/#primaryimage\"},\"thumbnailUrl\":\"https:\/\/files.sunoresearch.com.br\/n\/uploads\/2019\/02\/43dfb271-reforma-da-previdencia-jpg.webp\",\"datePublished\":\"2019-02-05T12:46:35+00:00\",\"dateModified\":\"2019-02-06T14:10:16+00:00\",\"description\":\"A proposta da reforma da Previd\u00eancia que ir\u00e1 ao Congresso \u00e9 diferente daquela vazada na Imprensa, disse Onyx. Clique para saber mais.\",\"breadcrumb\":{\"@id\":\"https:\/\/www.suno.com.br\/noticias\/reforma-previdencia-texto-vazado-onyx\/#breadcrumb\"},\"inLanguage\":\"pt-BR\",\"potentialAction\":[{\"@type\":\"ReadAction\",\"target\":[\"https:\/\/www.suno.com.br\/noticias\/reforma-previdencia-texto-vazado-onyx\/\"]}]},{\"@type\":\"ImageObject\",\"inLanguage\":\"pt-BR\",\"@id\":\"https:\/\/www.suno.com.br\/noticias\/reforma-previdencia-texto-vazado-onyx\/#primaryimage\",\"url\":\"https:\/\/files.sunoresearch.com.br\/n\/uploads\/2019\/02\/43dfb271-reforma-da-previdencia-jpg.webp\",\"contentUrl\":\"https:\/\/files.sunoresearch.com.br\/n\/uploads\/2019\/02\/43dfb271-reforma-da-previdencia-jpg.webp\",\"width\":1024,\"height\":683,\"caption\":\"Coronavoucher: ningu\u00e9m ficar\u00e1 sem receber a primeira parcela\"},{\"@type\":\"BreadcrumbList\",\"@id\":\"https:\/\/www.suno.com.br\/noticias\/reforma-previdencia-texto-vazado-onyx\/#breadcrumb\",\"itemListElement\":[{\"@type\":\"ListItem\",\"position\":1,\"name\":\"Not\u00edcias\",\"item\":\"https:\/\/www.suno.com.br\/noticias\/\"},{\"@type\":\"ListItem\",\"position\":2,\"name\":\"Pol\u00edtica\",\"item\":\"https:\/\/www.suno.com.br\/noticias\/politica\/\"},{\"@type\":\"ListItem\",\"position\":3,\"name\":\"Reforma da Previd\u00eancia ser\u00e1 diferente de texto vazado na Imprensa\"}]},{\"@type\":\"WebSite\",\"@id\":\"https:\/\/www.suno.com.br\/noticias\/#website\",\"url\":\"https:\/\/www.suno.com.br\/noticias\/\",\"name\":\"Suno Not\u00edcias\",\"description\":\"Seu portal de informa\u00e7\u00e3o sobre o mundo dos investimentos\",\"publisher\":{\"@id\":\"https:\/\/www.suno.com.br\/noticias\/#organization\"},\"potentialAction\":[{\"@type\":\"SearchAction\",\"target\":{\"@type\":\"EntryPoint\",\"urlTemplate\":\"https:\/\/www.suno.com.br\/noticias\/?s={search_term_string}\"},\"query-input\":{\"@type\":\"PropertyValueSpecification\",\"valueRequired\":true,\"valueName\":\"search_term_string\"}}],\"inLanguage\":\"pt-BR\"},{\"@type\":\"Organization\",\"@id\":\"https:\/\/www.suno.com.br\/noticias\/#organization\",\"name\":\"Suno Not\u00edcias\",\"url\":\"https:\/\/www.suno.com.br\/noticias\/\",\"logo\":{\"@type\":\"ImageObject\",\"inLanguage\":\"pt-BR\",\"@id\":\"https:\/\/www.suno.com.br\/noticias\/#\/schema\/logo\/image\/\",\"url\":\"https:\/\/files.sunoresearch.com.br\/n\/uploads\/2021\/09\/suno-logo.png\",\"contentUrl\":\"https:\/\/files.sunoresearch.com.br\/n\/uploads\/2021\/09\/suno-logo.png\",\"width\":180,\"height\":180,\"caption\":\"Suno Not\u00edcias\"},\"image\":{\"@id\":\"https:\/\/www.suno.com.br\/noticias\/#\/schema\/logo\/image\/\"},\"sameAs\":[\"https:\/\/facebook.com\/sunoresearch\",\"https:\/\/x.com\/sunoresearch\",\"https:\/\/www.instagram.com\/suno\",\"https:\/\/www.linkedin.com\/company\/suno-research\/\",\"https:\/\/www.youtube.com\/c\/sunoresearch\"]},{\"@type\":\"Person\",\"@id\":\"https:\/\/www.suno.com.br\/noticias\/#\/schema\/person\/a5b06fa4e879d8e8e119c6ed3cd630d1\",\"name\":\"Amanda Gushiken\",\"image\":{\"@type\":\"ImageObject\",\"inLanguage\":\"pt-BR\",\"@id\":\"https:\/\/www.suno.com.br\/noticias\/#\/schema\/person\/image\/\",\"url\":\"https:\/\/secure.gravatar.com\/avatar\/ecd84705e6b65e3685ae80d725501fbe?s=96&r=g\",\"contentUrl\":\"https:\/\/secure.gravatar.com\/avatar\/ecd84705e6b65e3685ae80d725501fbe?s=96&r=g\",\"caption\":\"Amanda Gushiken\"},\"description\":\"Amanda Sayuri Gushiken escreve sobre finan\u00e7as e neg\u00f3cios para o portal Suno Not\u00edcias. Antes, trabalhou selecionando not\u00edcias da imprensa para clientes do mercado financeiro. Tamb\u00e9m desenvolveu pesquisa acad\u00eamica pela Universidade Anhembi Morumbi na \u00e1rea de Teorias da Comunica\u00e7\u00e3o e \u00e9 fot\u00f3grafa nas horas vagas.\",\"url\":\"https:\/\/www.suno.com.br\/noticias\/author\/amanda\/\"}]}<\/script>\n<!-- \/ Yoast SEO plugin. -->","yoast_head_json":{"title":"Reforma da Previd\u00eancia ser\u00e1 diferente de texto vazado na Imprensa","description":"A proposta da reforma da Previd\u00eancia que ir\u00e1 ao Congresso \u00e9 diferente daquela vazada na Imprensa, disse Onyx. Clique para saber mais.","robots":{"index":"index","follow":"follow","max-snippet":"max-snippet:-1","max-image-preview":"max-image-preview:large","max-video-preview":"max-video-preview:-1"},"canonical":"https:\/\/www.suno.com.br\/noticias\/reforma-previdencia-texto-vazado-onyx\/","og_locale":"pt_BR","og_type":"article","og_title":"Reforma da Previd\u00eancia ser\u00e1 diferente de texto vazado na Imprensa","og_description":"A proposta da reforma da Previd\u00eancia que ir\u00e1 ao Congresso \u00e9 diferente daquela vazada na Imprensa, disse Onyx. Clique para saber mais.","og_url":"https:\/\/www.suno.com.br\/noticias\/reforma-previdencia-texto-vazado-onyx\/","og_site_name":"Suno Not\u00edcias","article_publisher":"https:\/\/facebook.com\/sunoresearch","og_image":[{"width":1024,"height":683,"url":"https:\/\/files.sunoresearch.com.br\/n\/uploads\/2019\/02\/43dfb271-reforma-da-previdencia.jpg","type":"image\/jpeg"}],"author":"Amanda Gushiken","twitter_card":"summary_large_image","twitter_creator":"@sunoresearch","twitter_site":"@sunoresearch","twitter_misc":{"Escrito por":"Amanda Gushiken","Est. tempo de leitura":"2 minutos"},"schema":{"@context":"https:\/\/schema.org","@graph":[{"@type":"NewsArticle","@id":"https:\/\/www.suno.com.br\/noticias\/reforma-previdencia-texto-vazado-onyx\/#article","isPartOf":{"@id":"https:\/\/www.suno.com.br\/noticias\/reforma-previdencia-texto-vazado-onyx\/"},"author":{"name":"Amanda Gushiken","@id":"https:\/\/www.suno.com.br\/noticias\/#\/schema\/person\/a5b06fa4e879d8e8e119c6ed3cd630d1"},"headline":"Reforma da Previd\u00eancia ser\u00e1 diferente de texto vazado na Imprensa","datePublished":"2019-02-05T12:46:35+00:00","dateModified":"2019-02-06T14:10:16+00:00","mainEntityOfPage":{"@id":"https:\/\/www.suno.com.br\/noticias\/reforma-previdencia-texto-vazado-onyx\/"},"wordCount":358,"publisher":{"@id":"https:\/\/www.suno.com.br\/noticias\/#organization"},"image":{"@id":"https:\/\/www.suno.com.br\/noticias\/reforma-previdencia-texto-vazado-onyx\/#primaryimage"},"thumbnailUrl":"https:\/\/files.sunoresearch.com.br\/n\/uploads\/2019\/02\/43dfb271-reforma-da-previdencia-jpg.webp","keywords":["Onyx Lorenzoni","Reforma da Previd\u00eancia"],"articleSection":["Pol\u00edtica"],"inLanguage":"pt-BR"},{"@type":"WebPage","@id":"https:\/\/www.suno.com.br\/noticias\/reforma-previdencia-texto-vazado-onyx\/","url":"https:\/\/www.suno.com.br\/noticias\/reforma-previdencia-texto-vazado-onyx\/","name":"Reforma da Previd\u00eancia ser\u00e1 diferente de texto vazado na Imprensa","isPartOf":{"@id":"https:\/\/www.suno.com.br\/noticias\/#website"},"primaryImageOfPage":{"@id":"https:\/\/www.suno.com.br\/noticias\/reforma-previdencia-texto-vazado-onyx\/#primaryimage"},"image":{"@id":"https:\/\/www.suno.com.br\/noticias\/reforma-previdencia-texto-vazado-onyx\/#primaryimage"},"thumbnailUrl":"https:\/\/files.sunoresearch.com.br\/n\/uploads\/2019\/02\/43dfb271-reforma-da-previdencia-jpg.webp","datePublished":"2019-02-05T12:46:35+00:00","dateModified":"2019-02-06T14:10:16+00:00","description":"A proposta da reforma da Previd\u00eancia que ir\u00e1 ao Congresso \u00e9 diferente daquela vazada na Imprensa, disse Onyx. Clique para saber mais.","breadcrumb":{"@id":"https:\/\/www.suno.com.br\/noticias\/reforma-previdencia-texto-vazado-onyx\/#breadcrumb"},"inLanguage":"pt-BR","potentialAction":[{"@type":"ReadAction","target":["https:\/\/www.suno.com.br\/noticias\/reforma-previdencia-texto-vazado-onyx\/"]}]},{"@type":"ImageObject","inLanguage":"pt-BR","@id":"https:\/\/www.suno.com.br\/noticias\/reforma-previdencia-texto-vazado-onyx\/#primaryimage","url":"https:\/\/files.sunoresearch.com.br\/n\/uploads\/2019\/02\/43dfb271-reforma-da-previdencia-jpg.webp","contentUrl":"https:\/\/files.sunoresearch.com.br\/n\/uploads\/2019\/02\/43dfb271-reforma-da-previdencia-jpg.webp","width":1024,"height":683,"caption":"Coronavoucher: ningu\u00e9m ficar\u00e1 sem receber a primeira parcela"},{"@type":"BreadcrumbList","@id":"https:\/\/www.suno.com.br\/noticias\/reforma-previdencia-texto-vazado-onyx\/#breadcrumb","itemListElement":[{"@type":"ListItem","position":1,"name":"Not\u00edcias","item":"https:\/\/www.suno.com.br\/noticias\/"},{"@type":"ListItem","position":2,"name":"Pol\u00edtica","item":"https:\/\/www.suno.com.br\/noticias\/politica\/"},{"@type":"ListItem","position":3,"name":"Reforma da Previd\u00eancia ser\u00e1 diferente de texto vazado na Imprensa"}]},{"@type":"WebSite","@id":"https:\/\/www.suno.com.br\/noticias\/#website","url":"https:\/\/www.suno.com.br\/noticias\/","name":"Suno Not\u00edcias","description":"Seu portal de informa\u00e7\u00e3o sobre o mundo dos investimentos","publisher":{"@id":"https:\/\/www.suno.com.br\/noticias\/#organization"},"potentialAction":[{"@type":"SearchAction","target":{"@type":"EntryPoint","urlTemplate":"https:\/\/www.suno.com.br\/noticias\/?s={search_term_string}"},"query-input":{"@type":"PropertyValueSpecification","valueRequired":true,"valueName":"search_term_string"}}],"inLanguage":"pt-BR"},{"@type":"Organization","@id":"https:\/\/www.suno.com.br\/noticias\/#organization","name":"Suno Not\u00edcias","url":"https:\/\/www.suno.com.br\/noticias\/","logo":{"@type":"ImageObject","inLanguage":"pt-BR","@id":"https:\/\/www.suno.com.br\/noticias\/#\/schema\/logo\/image\/","url":"https:\/\/files.sunoresearch.com.br\/n\/uploads\/2021\/09\/suno-logo.png","contentUrl":"https:\/\/files.sunoresearch.com.br\/n\/uploads\/2021\/09\/suno-logo.png","width":180,"height":180,"caption":"Suno Not\u00edcias"},"image":{"@id":"https:\/\/www.suno.com.br\/noticias\/#\/schema\/logo\/image\/"},"sameAs":["https:\/\/facebook.com\/sunoresearch","https:\/\/x.com\/sunoresearch","https:\/\/www.instagram.com\/suno","https:\/\/www.linkedin.com\/company\/suno-research\/","https:\/\/www.youtube.com\/c\/sunoresearch"]},{"@type":"Person","@id":"https:\/\/www.suno.com.br\/noticias\/#\/schema\/person\/a5b06fa4e879d8e8e119c6ed3cd630d1","name":"Amanda Gushiken","image":{"@type":"ImageObject","inLanguage":"pt-BR","@id":"https:\/\/www.suno.com.br\/noticias\/#\/schema\/person\/image\/","url":"https:\/\/secure.gravatar.com\/avatar\/ecd84705e6b65e3685ae80d725501fbe?s=96&r=g","contentUrl":"https:\/\/secure.gravatar.com\/avatar\/ecd84705e6b65e3685ae80d725501fbe?s=96&r=g","caption":"Amanda Gushiken"},"description":"Amanda Sayuri Gushiken escreve sobre finan\u00e7as e neg\u00f3cios para o portal Suno Not\u00edcias. Antes, trabalhou selecionando not\u00edcias da imprensa para clientes do mercado financeiro. Tamb\u00e9m desenvolveu pesquisa acad\u00eamica pela Universidade Anhembi Morumbi na \u00e1rea de Teorias da Comunica\u00e7\u00e3o e \u00e9 fot\u00f3grafa nas horas vagas.","url":"https:\/\/www.suno.com.br\/noticias\/author\/amanda\/"}]}},"default_loop_html":"<div class=\"cardsPage__listCard__boxs\"><div class=\"cardsPage__listCard__boxs__img\"><a href=\"https:\/\/www.suno.com.br\/noticias\/reforma-previdencia-texto-vazado-onyx\/\"><img class=\"mask\" src=\"https:\/\/www.suno.com.br\/noticias\/wp-content\/themes\/suno\/resources\/images\/spotlight\/spotlight1img\/bg-mask.png\" alt=\"Image Mask\"\/><img src=\"https:\/\/files.sunoresearch.com.br\/n\/uploads\/2019\/02\/43dfb271-reforma-da-previdencia-400x200.webp\" alt=\"Reforma da Previd\u00eancia ser\u00e1 diferente de texto vazado na Imprensa\"\/><\/a><span class=\"spotlightCategory\"><a href=\"https:\/\/www.suno.com.br\/noticias\/politica\/\">Pol\u00edtica<\/a><\/span><\/div><div class=\"cardsPage__listCard__boxs__content\"><a href=\"https:\/\/www.suno.com.br\/noticias\/reforma-previdencia-texto-vazado-onyx\/\"><h2 class=\"content__title\">Reforma da Previd\u00eancia ser\u00e1 diferente de texto vazado na Imprensa<\/h2><\/a><div class=\"newsContent__article__meta\"><div class=\"newsContent__article__meta__authorBox\"><a href=\"https:\/\/www.suno.com.br\/noticias\/author\/amanda\/\" class=\"authorBox__avatar noMobi\"><img src=\"https:\/\/files.sunoresearch.com.br\/n\/uploads\/2018\/11\/c6ad30be-amanda-150x150.webp\" alt=\"Amanda Gushiken\"><\/a><div class=\"authorBox__name\"><span>por\n\t\t\t<a href=\"https:\/\/www.suno.com.br\/noticias\/author\/amanda\/\"><span itemprop=\"author\">Amanda Gushiken<\/span><\/a><\/span><time datetime=\"2019-02-05T10:46:35-02:00\" itemprop=\"datePublished\">05\/02\/2019 10:46<\/time><\/div><\/div><\/div><\/div><\/div>","single_layout":"posts","amp_enabled":true,"_links":{"self":[{"href":"https:\/\/www.suno.com.br\/noticias\/wp-json\/wp\/v2\/posts\/14156"}],"collection":[{"href":"https:\/\/www.suno.com.br\/noticias\/wp-json\/wp\/v2\/posts"}],"about":[{"href":"https:\/\/www.suno.com.br\/noticias\/wp-json\/wp\/v2\/types\/post"}],"author":[{"embeddable":true,"href":"https:\/\/www.suno.com.br\/noticias\/wp-json\/wp\/v2\/users\/12"}],"replies":[{"embeddable":true,"href":"https:\/\/www.suno.com.br\/noticias\/wp-json\/wp\/v2\/comments?post=14156"}],"version-history":[{"count":0,"href":"https:\/\/www.suno.com.br\/noticias\/wp-json\/wp\/v2\/posts\/14156\/revisions"}],"wp:featuredmedia":[{"embeddable":true,"href":"https:\/\/www.suno.com.br\/noticias\/wp-json\/wp\/v2\/media\/14165"}],"wp:attachment":[{"href":"https:\/\/www.suno.com.br\/noticias\/wp-json\/wp\/v2\/media?parent=14156"}],"wp:term":[{"taxonomy":"category","embeddable":true,"href":"https:\/\/www.suno.com.br\/noticias\/wp-json\/wp\/v2\/categories?post=14156"},{"taxonomy":"post_tag","embeddable":true,"href":"https:\/\/www.suno.com.br\/noticias\/wp-json\/wp\/v2\/tags?post=14156"},{"taxonomy":"suno_strategy","embeddable":true,"href":"https:\/\/www.suno.com.br\/noticias\/wp-json\/wp\/v2\/suno_strategy?post=14156"}],"curies":[{"name":"wp","href":"https:\/\/api.w.org\/{rel}","templated":true}]}}