{"id":141546,"date":"2021-04-22T20:13:44","date_gmt":"2021-04-22T23:13:44","guid":{"rendered":"https:\/\/www.suno.com.br\/noticias\/?p=141546"},"modified":"2021-04-22T21:28:14","modified_gmt":"2021-04-23T00:28:14","slug":"vice-presidente-financas-ri-carrefour-crfb3-deixa-cargo","status":"publish","type":"post","link":"https:\/\/www.suno.com.br\/noticias\/vice-presidente-financas-ri-carrefour-crfb3-deixa-cargo\/","title":{"rendered":"Vice-presidente de Finan\u00e7as e RI do Carrefour Brasil\u00a0(CRFB3) deixa cargo"},"content":{"rendered":"<p>S\u00e9bastien Durchon, diretor vice-presidente de Finan\u00e7as e Rela\u00e7\u00f5es com Investidores do <a href=\"https:\/\/www.suno.com.br\/acoes\/crfb3\/\"><strong>Carrefour <\/strong>Brasil\u00a0(CRFB3)<\/a>, deixar\u00e1 o cargo a\u00a0 partir do dia 1\u00ba de junho, ou quando seu substituto tomar posse efetiva do posto, informou a varejista nesta quinta-feira (22).<\/p>\t<div class=\"wrapper-featured-image\">\n\t\t<figure class=\"spotlightImg\">\n\n\t\t\t<picture>\n\t\t\t\t<source media=\"(max-width: 768px)\" srcset=\"https:\/\/files.sunoresearch.com.br\/n\/uploads\/2021\/03\/bea14e29-carrefour-400x200.webp\">\n\t\t\t\t<img loading=\"lazy\" decoding=\"async\" class=\"newsContent__article__imgCapa lazyloadDisabled \" src=\"https:\/\/files.sunoresearch.com.br\/n\/uploads\/2021\/03\/bea14e29-carrefour-800x450.webp\" width=\"800\" height=\"450\" alt=\"Vice-presidente de Finan\u00e7as e RI do Carrefour Brasil\u00a0(CRFB3) deixa cargo\" fetchpriority=high \/>\n\t\t\t<\/picture>\n\n\t\t\t<figcaption class=\"wp-caption-text wp-caption-text--show\">Carrefour Atacad\u00e3o (CRFB3) - Supermercado. Foto: Divulga\u00e7\u00e3o<\/figcaption>\n\t\t<\/figure>\n\t<\/div>\n\n\n\t<p>\n\t\t<a href=\"https:\/\/lp.suno.com.br\/planilha-controle-gastos\/\" target=\"_blank\" data-element=\"shortcode-suno-banner\" title=\"Banner SUNO, clique e saiba mais\">\n\t\t\t<picture>\n\t\t\t\t<source media=\"(max-width: 500px)\" srcset=\"https:\/\/files.sunoresearch.com.br\/n\/uploads\/2023\/03\/400x300-Planilha-controle-de-gastos.png\">\n\t\t\t\t<img class=\"newsContent__article__imgCapa newsContent__article__imgCapa--banner\"\n\t\t\t\t\tsrc=\"https:\/\/files.sunoresearch.com.br\/n\/uploads\/2023\/03\/1420x240-Planilha-controle-de-gastos.png\"\n\t\t\t\t\tdata-promo-id=\"101751\"\t\t\t\t\t\t\t\t\t\twidth='1420' height='240'\t\t\t\t\talt=\"https:\/\/files.sunoresearch.com.br\/n\/uploads\/2023\/03\/1420x240-Planilha-controle-de-gastos.png\"\n\t\t\t\t>\n\t\t\t<\/picture>\n\t\t<\/a>\n\t<\/p>\n\n\n<p>Durchon continuar\u00e1 no Carrefour, na lideran\u00e7a do processo de integra\u00e7\u00e3o do <strong>Grupo BIG<\/strong>, al\u00e9m de ser preparado para assumir outro posto dentro da empresa no futuro.<\/p>\n<p>Para o seu lugar, foi indicado David Murciano, atualmente diretor financeiro das opera\u00e7\u00f5es do Grupo Carrefour na Espanha. Sua posse depende da obten\u00e7\u00e3o de visto de trabalho no Brasil.<\/p>\n<p><a href=\"https:\/\/lp.suno.com.br\/suno-one\/\">Suno One: acesse gratuitamente eBooks, Minicursos, Artigos e V\u00eddeo Aulas sobre investimentos com um \u00fanico cadastro. Clique para saber mais!<\/a><\/p>\n<h2>Vendas brutas do Carrefour avan\u00e7am 14,2%<\/h2>\n<p>No in\u00edcio da semana, o Carrefour Brasil divulgou as vendas do primeiro trimestre de 2021 em vers\u00e3o preliminar. Segundo a varejista, as vendas brutas consolidadas somaram R$ 18,1 bilh\u00f5es no per\u00edodo, o que representa um avan\u00e7o de 14,2%, em compara\u00e7\u00e3o com os tr\u00eas primeiros meses de 2020.<\/p>\n<p>As vendas brutas do Atacad\u00e3o alcan\u00e7aram R$ 12,686 bilh\u00f5es no primeiro trimestre de 2021, um avan\u00e7o de 17,5% na compara\u00e7\u00e3o ano a ano.<\/p>\n<p>Frente a esses resultados, o <a href=\"https:\/\/www.suno.com.br\/artigos\/ceo\/#:~:text=A%20sigla%20CEO%2C%20termo%20em,hierarquia%20operacional%20de%20uma%20organiza%C3%A7%C3%A3o.&amp;text=Al%C3%A9m%20disso%2C%20de%20modo%20geral,que%20a%20companhia%20est%C3%A1%20inserida.\">CEO do Grupo<\/a> no Brasil, No\u00ebl Prioux afirmou que &#8220;O Grupo Carrefour Brasil registrou outro forte desempenho no primeiro trimestre, superando o mercado com crescimento de vendas de dois d\u00edgitos, apesar de um ambiente muito desafiador no Brasil e uma base de compara\u00e7\u00e3o dif\u00edcil&#8221;.<\/p>\n<p>O <a href=\"https:\/\/www.suno.com.br\/artigos\/gmv\/#:~:text=O%20GMV%20%C3%A9%20uma%20sigla,mercadorias%20dentro%20de%20plataformas%20digitais.&amp;text=O%20volume%20total%20de%20vendas,um%20determinado%20per%C3%ADodo%20de%20vendas.\">volume bruto de mercadoria (GMV)<\/a> total cresceu 34,9% no trimestre encerrado em mar\u00e7o, impulsionado pelo e-commerce alimentar, que avan\u00e7ou 140,1%. &#8220;Somado ao desempenho impressionante obtido no ano passado, quando crescemos 239%, n\u00f3s multiplicamos por cerca de 8 vezes o tamanho do nosso canal digital alimentar em um per\u00edodo de dois anos&#8221;, mostra o documento.<\/p>\n<p>O segmento n\u00e3o alimentar do <strong>Carrefour<\/strong> registrou crescimento de 13% entre janeiro e mar\u00e7o deste ano sem o <a href=\"https:\/\/www.suno.com.br\/artigos\/marketplace\/#:~:text=Um%20sistema%20de%20marketplace%20%C3%A9,seja%20de%20produtos%20ou%20servi%C3%A7os.&amp;text=Dessa%20forma%2C%20em%20um%20marketplace,%2C%20por%20exemplo%2C%20o%20pre%C3%A7o.\">marketplace<\/a>.<\/p>\n<p><em>(Com Estad\u00e3o Conte\u00fado)<\/em><\/p>\n\t<p>\n\t\t<a href=\"https:\/\/lp.suno.com.br\/planilha-de-controle-de-investimentos\/\" target=\"_blank\" data-element=\"shortcode-suno-banner\" title=\"Banner SUNO, clique e saiba mais\">\n\t\t\t<picture>\n\t\t\t\t<source media=\"(max-width: 500px)\" srcset=\"https:\/\/files.sunoresearch.com.br\/n\/uploads\/2023\/03\/400x300-Controle-de-Investimentos.png\">\n\t\t\t\t<img class=\"newsContent__article__imgCapa newsContent__article__imgCapa--banner\"\n\t\t\t\t\tsrc=\"https:\/\/files.sunoresearch.com.br\/n\/uploads\/2023\/03\/1420x240-Controle-de-Investimentos.png\"\n\t\t\t\t\tdata-promo-id=\"75934\"\t\t\t\t\t\t\t\t\t\twidth='1420' height='240'\t\t\t\t\talt=\"https:\/\/files.sunoresearch.com.br\/n\/uploads\/2023\/03\/1420x240-Controle-de-Investimentos.png\"\n\t\t\t\t>\n\t\t\t<\/picture>\n\t\t<\/a>\n\t<\/p>\n\n\n","protected":false},"excerpt":{"rendered":"<p>S\u00e9bastien Durchon, diretor vice-presidente de Finan\u00e7as e Rela\u00e7\u00f5es com Investidores do Carrefour Brasil\u00a0(CRFB3), deixar\u00e1 o cargo a\u00a0 partir do dia 1\u00ba de junho, ou quando seu substituto tomar posse efetiva do posto, informou a varejista nesta quinta-feira (22). Carrefour Atacad\u00e3o (CRFB3) &#8211; Supermercado. Foto: Divulga\u00e7\u00e3o Durchon continuar\u00e1 no Carrefour, na lideran\u00e7a do processo de integra\u00e7\u00e3o [&hellip;]<\/p>\n","protected":false},"author":35,"featured_media":130205,"comment_status":"closed","ping_status":"closed","sticky":false,"template":"","format":"standard","meta":[],"categories":[64],"tags":[405],"suno_strategy":[],"class_list":["post-141546","post","type-post","status-publish","format-standard","has-post-thumbnail","hentry","category-negocios","tag-carrefour-crfb3"],"yoast_head":"<!-- This site is optimized with the Yoast SEO plugin v24.4 - https:\/\/yoast.com\/wordpress\/plugins\/seo\/ -->\n<title>Vice-presidente de Finan\u00e7as e RI do Carrefour Brasil\u00a0(CRFB3) deixa cargo<\/title>\n<meta name=\"description\" content=\"S\u00e9bastien Durchon, vice-presidente de Finan\u00e7as e Rela\u00e7\u00f5es com Investidores do Carrefour (CRFB3), deixar\u00e1 o cargo a\u00a0 partir do dia 1\u00ba de junho.\" \/>\n<meta name=\"robots\" content=\"index, follow, max-snippet:-1, max-image-preview:large, max-video-preview:-1\" \/>\n<link rel=\"canonical\" href=\"https:\/\/www.suno.com.br\/noticias\/vice-presidente-financas-ri-carrefour-crfb3-deixa-cargo\/\" \/>\n<meta property=\"og:locale\" content=\"pt_BR\" \/>\n<meta property=\"og:type\" content=\"article\" \/>\n<meta property=\"og:title\" content=\"Vice-presidente de Finan\u00e7as e RI do Carrefour Brasil\u00a0(CRFB3) deixa cargo\" \/>\n<meta property=\"og:description\" content=\"S\u00e9bastien Durchon, vice-presidente de Finan\u00e7as e Rela\u00e7\u00f5es com Investidores do Carrefour (CRFB3), deixar\u00e1 o cargo a\u00a0 partir do dia 1\u00ba de junho.\" \/>\n<meta property=\"og:url\" content=\"https:\/\/www.suno.com.br\/noticias\/vice-presidente-financas-ri-carrefour-crfb3-deixa-cargo\/\" \/>\n<meta property=\"og:site_name\" content=\"Suno Not\u00edcias\" \/>\n<meta property=\"article:publisher\" content=\"https:\/\/facebook.com\/sunoresearch\" \/>\n<meta property=\"og:image\" content=\"https:\/\/files.sunoresearch.com.br\/n\/uploads\/2021\/03\/bea14e29-carrefour.jpg\" \/>\n\t<meta property=\"og:image:width\" content=\"1200\" \/>\n\t<meta property=\"og:image:height\" content=\"800\" \/>\n\t<meta property=\"og:image:type\" content=\"image\/jpeg\" \/>\n<meta name=\"author\" content=\"Arthur Guimar\u00e3es\" \/>\n<meta name=\"twitter:card\" content=\"summary_large_image\" \/>\n<meta name=\"twitter:creator\" content=\"@sunoresearch\" \/>\n<meta name=\"twitter:site\" content=\"@sunoresearch\" \/>\n<meta name=\"twitter:label1\" content=\"Escrito por\" \/>\n\t<meta name=\"twitter:data1\" content=\"Arthur Guimar\u00e3es\" \/>\n\t<meta name=\"twitter:label2\" content=\"Est. tempo de leitura\" \/>\n\t<meta name=\"twitter:data2\" content=\"2 minutos\" \/>\n<script type=\"application\/ld+json\" class=\"yoast-schema-graph\">{\"@context\":\"https:\/\/schema.org\",\"@graph\":[{\"@type\":\"NewsArticle\",\"@id\":\"https:\/\/www.suno.com.br\/noticias\/vice-presidente-financas-ri-carrefour-crfb3-deixa-cargo\/#article\",\"isPartOf\":{\"@id\":\"https:\/\/www.suno.com.br\/noticias\/vice-presidente-financas-ri-carrefour-crfb3-deixa-cargo\/\"},\"author\":{\"name\":\"Arthur Guimar\u00e3es\",\"@id\":\"https:\/\/www.suno.com.br\/noticias\/#\/schema\/person\/053a750a709a263919a20f976caae91c\"},\"headline\":\"Vice-presidente de Finan\u00e7as e RI do Carrefour Brasil\u00a0(CRFB3) deixa cargo\",\"datePublished\":\"2021-04-22T23:13:44+00:00\",\"dateModified\":\"2021-04-23T00:28:14+00:00\",\"mainEntityOfPage\":{\"@id\":\"https:\/\/www.suno.com.br\/noticias\/vice-presidente-financas-ri-carrefour-crfb3-deixa-cargo\/\"},\"wordCount\":353,\"publisher\":{\"@id\":\"https:\/\/www.suno.com.br\/noticias\/#organization\"},\"image\":{\"@id\":\"https:\/\/www.suno.com.br\/noticias\/vice-presidente-financas-ri-carrefour-crfb3-deixa-cargo\/#primaryimage\"},\"thumbnailUrl\":\"https:\/\/files.sunoresearch.com.br\/n\/uploads\/2021\/03\/bea14e29-carrefour-jpg.webp\",\"keywords\":[\"Carrefour (CRFB3)\"],\"articleSection\":[\"Neg\u00f3cios\"],\"inLanguage\":\"pt-BR\"},{\"@type\":\"WebPage\",\"@id\":\"https:\/\/www.suno.com.br\/noticias\/vice-presidente-financas-ri-carrefour-crfb3-deixa-cargo\/\",\"url\":\"https:\/\/www.suno.com.br\/noticias\/vice-presidente-financas-ri-carrefour-crfb3-deixa-cargo\/\",\"name\":\"Vice-presidente de Finan\u00e7as e RI do Carrefour Brasil\u00a0(CRFB3) deixa cargo\",\"isPartOf\":{\"@id\":\"https:\/\/www.suno.com.br\/noticias\/#website\"},\"primaryImageOfPage\":{\"@id\":\"https:\/\/www.suno.com.br\/noticias\/vice-presidente-financas-ri-carrefour-crfb3-deixa-cargo\/#primaryimage\"},\"image\":{\"@id\":\"https:\/\/www.suno.com.br\/noticias\/vice-presidente-financas-ri-carrefour-crfb3-deixa-cargo\/#primaryimage\"},\"thumbnailUrl\":\"https:\/\/files.sunoresearch.com.br\/n\/uploads\/2021\/03\/bea14e29-carrefour-jpg.webp\",\"datePublished\":\"2021-04-22T23:13:44+00:00\",\"dateModified\":\"2021-04-23T00:28:14+00:00\",\"description\":\"S\u00e9bastien Durchon, vice-presidente de Finan\u00e7as e Rela\u00e7\u00f5es com Investidores do Carrefour (CRFB3), deixar\u00e1 o cargo a\u00a0 partir do dia 1\u00ba de junho.\",\"breadcrumb\":{\"@id\":\"https:\/\/www.suno.com.br\/noticias\/vice-presidente-financas-ri-carrefour-crfb3-deixa-cargo\/#breadcrumb\"},\"inLanguage\":\"pt-BR\",\"potentialAction\":[{\"@type\":\"ReadAction\",\"target\":[\"https:\/\/www.suno.com.br\/noticias\/vice-presidente-financas-ri-carrefour-crfb3-deixa-cargo\/\"]}]},{\"@type\":\"ImageObject\",\"inLanguage\":\"pt-BR\",\"@id\":\"https:\/\/www.suno.com.br\/noticias\/vice-presidente-financas-ri-carrefour-crfb3-deixa-cargo\/#primaryimage\",\"url\":\"https:\/\/files.sunoresearch.com.br\/n\/uploads\/2021\/03\/bea14e29-carrefour-jpg.webp\",\"contentUrl\":\"https:\/\/files.sunoresearch.com.br\/n\/uploads\/2021\/03\/bea14e29-carrefour-jpg.webp\",\"width\":1200,\"height\":800,\"caption\":\"Carrefour Atacad\u00e3o (CRFB3) - Supermercado. Foto: Divulga\u00e7\u00e3o\"},{\"@type\":\"BreadcrumbList\",\"@id\":\"https:\/\/www.suno.com.br\/noticias\/vice-presidente-financas-ri-carrefour-crfb3-deixa-cargo\/#breadcrumb\",\"itemListElement\":[{\"@type\":\"ListItem\",\"position\":1,\"name\":\"Not\u00edcias\",\"item\":\"https:\/\/www.suno.com.br\/noticias\/\"},{\"@type\":\"ListItem\",\"position\":2,\"name\":\"Neg\u00f3cios\",\"item\":\"https:\/\/www.suno.com.br\/noticias\/negocios\/\"},{\"@type\":\"ListItem\",\"position\":3,\"name\":\"Vice-presidente de Finan\u00e7as e RI do Carrefour Brasil\u00a0(CRFB3) deixa cargo\"}]},{\"@type\":\"WebSite\",\"@id\":\"https:\/\/www.suno.com.br\/noticias\/#website\",\"url\":\"https:\/\/www.suno.com.br\/noticias\/\",\"name\":\"Suno Not\u00edcias\",\"description\":\"Seu portal de informa\u00e7\u00e3o sobre o mundo dos investimentos\",\"publisher\":{\"@id\":\"https:\/\/www.suno.com.br\/noticias\/#organization\"},\"potentialAction\":[{\"@type\":\"SearchAction\",\"target\":{\"@type\":\"EntryPoint\",\"urlTemplate\":\"https:\/\/www.suno.com.br\/noticias\/?s={search_term_string}\"},\"query-input\":{\"@type\":\"PropertyValueSpecification\",\"valueRequired\":true,\"valueName\":\"search_term_string\"}}],\"inLanguage\":\"pt-BR\"},{\"@type\":\"Organization\",\"@id\":\"https:\/\/www.suno.com.br\/noticias\/#organization\",\"name\":\"Suno Not\u00edcias\",\"url\":\"https:\/\/www.suno.com.br\/noticias\/\",\"logo\":{\"@type\":\"ImageObject\",\"inLanguage\":\"pt-BR\",\"@id\":\"https:\/\/www.suno.com.br\/noticias\/#\/schema\/logo\/image\/\",\"url\":\"https:\/\/files.sunoresearch.com.br\/n\/uploads\/2021\/09\/suno-logo.png\",\"contentUrl\":\"https:\/\/files.sunoresearch.com.br\/n\/uploads\/2021\/09\/suno-logo.png\",\"width\":180,\"height\":180,\"caption\":\"Suno Not\u00edcias\"},\"image\":{\"@id\":\"https:\/\/www.suno.com.br\/noticias\/#\/schema\/logo\/image\/\"},\"sameAs\":[\"https:\/\/facebook.com\/sunoresearch\",\"https:\/\/x.com\/sunoresearch\",\"https:\/\/www.instagram.com\/suno\",\"https:\/\/www.linkedin.com\/company\/suno-research\/\",\"https:\/\/www.youtube.com\/c\/sunoresearch\"]},{\"@type\":\"Person\",\"@id\":\"https:\/\/www.suno.com.br\/noticias\/#\/schema\/person\/053a750a709a263919a20f976caae91c\",\"name\":\"Arthur Guimar\u00e3es\",\"image\":{\"@type\":\"ImageObject\",\"inLanguage\":\"pt-BR\",\"@id\":\"https:\/\/www.suno.com.br\/noticias\/#\/schema\/person\/image\/\",\"url\":\"https:\/\/secure.gravatar.com\/avatar\/1affd86a11209ae09eb6dd3bcad3e96c?s=96&r=g\",\"contentUrl\":\"https:\/\/secure.gravatar.com\/avatar\/1affd86a11209ae09eb6dd3bcad3e96c?s=96&r=g\",\"caption\":\"Arthur Guimar\u00e3es\"},\"description\":\"Arthur Guimar\u00e3es escreve sobre pol\u00edtica, economia e neg\u00f3cios para o portal de not\u00edcias da Suno Research. Atualmente, \u00e9 estudante de jornalismo pela Faculdade C\u00e1sper L\u00edbero.\",\"url\":\"https:\/\/www.suno.com.br\/noticias\/author\/arthur-guimaraes\/\"}]}<\/script>\n<!-- \/ Yoast SEO plugin. -->","yoast_head_json":{"title":"Vice-presidente de Finan\u00e7as e RI do Carrefour Brasil\u00a0(CRFB3) deixa cargo","description":"S\u00e9bastien Durchon, vice-presidente de Finan\u00e7as e Rela\u00e7\u00f5es com Investidores do Carrefour (CRFB3), deixar\u00e1 o cargo a\u00a0 partir do dia 1\u00ba de junho.","robots":{"index":"index","follow":"follow","max-snippet":"max-snippet:-1","max-image-preview":"max-image-preview:large","max-video-preview":"max-video-preview:-1"},"canonical":"https:\/\/www.suno.com.br\/noticias\/vice-presidente-financas-ri-carrefour-crfb3-deixa-cargo\/","og_locale":"pt_BR","og_type":"article","og_title":"Vice-presidente de Finan\u00e7as e RI do Carrefour Brasil\u00a0(CRFB3) deixa cargo","og_description":"S\u00e9bastien Durchon, vice-presidente de Finan\u00e7as e Rela\u00e7\u00f5es com Investidores do Carrefour (CRFB3), deixar\u00e1 o cargo a\u00a0 partir do dia 1\u00ba de junho.","og_url":"https:\/\/www.suno.com.br\/noticias\/vice-presidente-financas-ri-carrefour-crfb3-deixa-cargo\/","og_site_name":"Suno Not\u00edcias","article_publisher":"https:\/\/facebook.com\/sunoresearch","og_image":[{"width":1200,"height":800,"url":"https:\/\/files.sunoresearch.com.br\/n\/uploads\/2021\/03\/bea14e29-carrefour.jpg","type":"image\/jpeg"}],"author":"Arthur Guimar\u00e3es","twitter_card":"summary_large_image","twitter_creator":"@sunoresearch","twitter_site":"@sunoresearch","twitter_misc":{"Escrito por":"Arthur Guimar\u00e3es","Est. tempo de leitura":"2 minutos"},"schema":{"@context":"https:\/\/schema.org","@graph":[{"@type":"NewsArticle","@id":"https:\/\/www.suno.com.br\/noticias\/vice-presidente-financas-ri-carrefour-crfb3-deixa-cargo\/#article","isPartOf":{"@id":"https:\/\/www.suno.com.br\/noticias\/vice-presidente-financas-ri-carrefour-crfb3-deixa-cargo\/"},"author":{"name":"Arthur Guimar\u00e3es","@id":"https:\/\/www.suno.com.br\/noticias\/#\/schema\/person\/053a750a709a263919a20f976caae91c"},"headline":"Vice-presidente de Finan\u00e7as e RI do Carrefour Brasil\u00a0(CRFB3) deixa cargo","datePublished":"2021-04-22T23:13:44+00:00","dateModified":"2021-04-23T00:28:14+00:00","mainEntityOfPage":{"@id":"https:\/\/www.suno.com.br\/noticias\/vice-presidente-financas-ri-carrefour-crfb3-deixa-cargo\/"},"wordCount":353,"publisher":{"@id":"https:\/\/www.suno.com.br\/noticias\/#organization"},"image":{"@id":"https:\/\/www.suno.com.br\/noticias\/vice-presidente-financas-ri-carrefour-crfb3-deixa-cargo\/#primaryimage"},"thumbnailUrl":"https:\/\/files.sunoresearch.com.br\/n\/uploads\/2021\/03\/bea14e29-carrefour-jpg.webp","keywords":["Carrefour (CRFB3)"],"articleSection":["Neg\u00f3cios"],"inLanguage":"pt-BR"},{"@type":"WebPage","@id":"https:\/\/www.suno.com.br\/noticias\/vice-presidente-financas-ri-carrefour-crfb3-deixa-cargo\/","url":"https:\/\/www.suno.com.br\/noticias\/vice-presidente-financas-ri-carrefour-crfb3-deixa-cargo\/","name":"Vice-presidente de Finan\u00e7as e RI do Carrefour Brasil\u00a0(CRFB3) deixa cargo","isPartOf":{"@id":"https:\/\/www.suno.com.br\/noticias\/#website"},"primaryImageOfPage":{"@id":"https:\/\/www.suno.com.br\/noticias\/vice-presidente-financas-ri-carrefour-crfb3-deixa-cargo\/#primaryimage"},"image":{"@id":"https:\/\/www.suno.com.br\/noticias\/vice-presidente-financas-ri-carrefour-crfb3-deixa-cargo\/#primaryimage"},"thumbnailUrl":"https:\/\/files.sunoresearch.com.br\/n\/uploads\/2021\/03\/bea14e29-carrefour-jpg.webp","datePublished":"2021-04-22T23:13:44+00:00","dateModified":"2021-04-23T00:28:14+00:00","description":"S\u00e9bastien Durchon, vice-presidente de Finan\u00e7as e Rela\u00e7\u00f5es com Investidores do Carrefour (CRFB3), deixar\u00e1 o cargo a\u00a0 partir do dia 1\u00ba de junho.","breadcrumb":{"@id":"https:\/\/www.suno.com.br\/noticias\/vice-presidente-financas-ri-carrefour-crfb3-deixa-cargo\/#breadcrumb"},"inLanguage":"pt-BR","potentialAction":[{"@type":"ReadAction","target":["https:\/\/www.suno.com.br\/noticias\/vice-presidente-financas-ri-carrefour-crfb3-deixa-cargo\/"]}]},{"@type":"ImageObject","inLanguage":"pt-BR","@id":"https:\/\/www.suno.com.br\/noticias\/vice-presidente-financas-ri-carrefour-crfb3-deixa-cargo\/#primaryimage","url":"https:\/\/files.sunoresearch.com.br\/n\/uploads\/2021\/03\/bea14e29-carrefour-jpg.webp","contentUrl":"https:\/\/files.sunoresearch.com.br\/n\/uploads\/2021\/03\/bea14e29-carrefour-jpg.webp","width":1200,"height":800,"caption":"Carrefour Atacad\u00e3o (CRFB3) - Supermercado. Foto: Divulga\u00e7\u00e3o"},{"@type":"BreadcrumbList","@id":"https:\/\/www.suno.com.br\/noticias\/vice-presidente-financas-ri-carrefour-crfb3-deixa-cargo\/#breadcrumb","itemListElement":[{"@type":"ListItem","position":1,"name":"Not\u00edcias","item":"https:\/\/www.suno.com.br\/noticias\/"},{"@type":"ListItem","position":2,"name":"Neg\u00f3cios","item":"https:\/\/www.suno.com.br\/noticias\/negocios\/"},{"@type":"ListItem","position":3,"name":"Vice-presidente de Finan\u00e7as e RI do Carrefour Brasil\u00a0(CRFB3) deixa cargo"}]},{"@type":"WebSite","@id":"https:\/\/www.suno.com.br\/noticias\/#website","url":"https:\/\/www.suno.com.br\/noticias\/","name":"Suno Not\u00edcias","description":"Seu portal de informa\u00e7\u00e3o sobre o mundo dos investimentos","publisher":{"@id":"https:\/\/www.suno.com.br\/noticias\/#organization"},"potentialAction":[{"@type":"SearchAction","target":{"@type":"EntryPoint","urlTemplate":"https:\/\/www.suno.com.br\/noticias\/?s={search_term_string}"},"query-input":{"@type":"PropertyValueSpecification","valueRequired":true,"valueName":"search_term_string"}}],"inLanguage":"pt-BR"},{"@type":"Organization","@id":"https:\/\/www.suno.com.br\/noticias\/#organization","name":"Suno Not\u00edcias","url":"https:\/\/www.suno.com.br\/noticias\/","logo":{"@type":"ImageObject","inLanguage":"pt-BR","@id":"https:\/\/www.suno.com.br\/noticias\/#\/schema\/logo\/image\/","url":"https:\/\/files.sunoresearch.com.br\/n\/uploads\/2021\/09\/suno-logo.png","contentUrl":"https:\/\/files.sunoresearch.com.br\/n\/uploads\/2021\/09\/suno-logo.png","width":180,"height":180,"caption":"Suno Not\u00edcias"},"image":{"@id":"https:\/\/www.suno.com.br\/noticias\/#\/schema\/logo\/image\/"},"sameAs":["https:\/\/facebook.com\/sunoresearch","https:\/\/x.com\/sunoresearch","https:\/\/www.instagram.com\/suno","https:\/\/www.linkedin.com\/company\/suno-research\/","https:\/\/www.youtube.com\/c\/sunoresearch"]},{"@type":"Person","@id":"https:\/\/www.suno.com.br\/noticias\/#\/schema\/person\/053a750a709a263919a20f976caae91c","name":"Arthur Guimar\u00e3es","image":{"@type":"ImageObject","inLanguage":"pt-BR","@id":"https:\/\/www.suno.com.br\/noticias\/#\/schema\/person\/image\/","url":"https:\/\/secure.gravatar.com\/avatar\/1affd86a11209ae09eb6dd3bcad3e96c?s=96&r=g","contentUrl":"https:\/\/secure.gravatar.com\/avatar\/1affd86a11209ae09eb6dd3bcad3e96c?s=96&r=g","caption":"Arthur Guimar\u00e3es"},"description":"Arthur Guimar\u00e3es escreve sobre pol\u00edtica, economia e neg\u00f3cios para o portal de not\u00edcias da Suno Research. Atualmente, \u00e9 estudante de jornalismo pela Faculdade C\u00e1sper L\u00edbero.","url":"https:\/\/www.suno.com.br\/noticias\/author\/arthur-guimaraes\/"}]}},"default_loop_html":"<div class=\"cardsPage__listCard__boxs\"><div class=\"cardsPage__listCard__boxs__img\"><a href=\"https:\/\/www.suno.com.br\/noticias\/vice-presidente-financas-ri-carrefour-crfb3-deixa-cargo\/\"><img class=\"mask\" src=\"https:\/\/www.suno.com.br\/noticias\/wp-content\/themes\/suno\/resources\/images\/spotlight\/spotlight1img\/bg-mask.png\" alt=\"Image Mask\"\/><img src=\"https:\/\/files.sunoresearch.com.br\/n\/uploads\/2021\/03\/bea14e29-carrefour-400x200.webp\" alt=\"Vice-presidente de Finan\u00e7as e RI do Carrefour Brasil\u00a0(CRFB3) deixa cargo\"\/><\/a><span class=\"spotlightCategory\"><a href=\"https:\/\/www.suno.com.br\/noticias\/negocios\/\">Neg\u00f3cios<\/a><\/span><\/div><div class=\"cardsPage__listCard__boxs__content\"><a href=\"https:\/\/www.suno.com.br\/noticias\/vice-presidente-financas-ri-carrefour-crfb3-deixa-cargo\/\"><h2 class=\"content__title\">Vice-presidente de Finan\u00e7as e RI do Carrefour Brasil\u00a0(CRFB3) deixa cargo<\/h2><\/a><div class=\"newsContent__article__meta\"><div class=\"newsContent__article__meta__authorBox\"><a href=\"https:\/\/www.suno.com.br\/noticias\/author\/arthur-guimaraes\/\" class=\"authorBox__avatar noMobi\"><img src=\"https:\/\/files.sunoresearch.com.br\/n\/uploads\/2020\/02\/dfb40897-eu-150x150.webp\" alt=\"Arthur Guimar\u00e3es\"><\/a><div class=\"authorBox__name\"><span>por\n\t\t\t<a href=\"https:\/\/www.suno.com.br\/noticias\/author\/arthur-guimaraes\/\"><span itemprop=\"author\">Arthur Guimar\u00e3es<\/span><\/a><\/span><time datetime=\"2021-04-22T20:13:44-03:00\" itemprop=\"datePublished\">22\/04\/2021 20:13<\/time><\/div><\/div><\/div><\/div><\/div>","single_layout":"posts","amp_enabled":true,"_links":{"self":[{"href":"https:\/\/www.suno.com.br\/noticias\/wp-json\/wp\/v2\/posts\/141546"}],"collection":[{"href":"https:\/\/www.suno.com.br\/noticias\/wp-json\/wp\/v2\/posts"}],"about":[{"href":"https:\/\/www.suno.com.br\/noticias\/wp-json\/wp\/v2\/types\/post"}],"author":[{"embeddable":true,"href":"https:\/\/www.suno.com.br\/noticias\/wp-json\/wp\/v2\/users\/35"}],"replies":[{"embeddable":true,"href":"https:\/\/www.suno.com.br\/noticias\/wp-json\/wp\/v2\/comments?post=141546"}],"version-history":[{"count":3,"href":"https:\/\/www.suno.com.br\/noticias\/wp-json\/wp\/v2\/posts\/141546\/revisions"}],"predecessor-version":[{"id":141572,"href":"https:\/\/www.suno.com.br\/noticias\/wp-json\/wp\/v2\/posts\/141546\/revisions\/141572"}],"wp:featuredmedia":[{"embeddable":true,"href":"https:\/\/www.suno.com.br\/noticias\/wp-json\/wp\/v2\/media\/130205"}],"wp:attachment":[{"href":"https:\/\/www.suno.com.br\/noticias\/wp-json\/wp\/v2\/media?parent=141546"}],"wp:term":[{"taxonomy":"category","embeddable":true,"href":"https:\/\/www.suno.com.br\/noticias\/wp-json\/wp\/v2\/categories?post=141546"},{"taxonomy":"post_tag","embeddable":true,"href":"https:\/\/www.suno.com.br\/noticias\/wp-json\/wp\/v2\/tags?post=141546"},{"taxonomy":"suno_strategy","embeddable":true,"href":"https:\/\/www.suno.com.br\/noticias\/wp-json\/wp\/v2\/suno_strategy?post=141546"}],"curies":[{"name":"wp","href":"https:\/\/api.w.org\/{rel}","templated":true}]}}