{"id":141470,"date":"2021-04-22T17:19:40","date_gmt":"2021-04-22T20:19:40","guid":{"rendered":"https:\/\/www.suno.com.br\/noticias\/?p=141470"},"modified":"2021-04-22T17:19:40","modified_gmt":"2021-04-22T20:19:40","slug":"dolar-queda-173-22042021","status":"publish","type":"post","link":"https:\/\/www.suno.com.br\/noticias\/dolar-queda-173-22042021\/","title":{"rendered":"D\u00f3lar fecha em queda de 1,73%, a R$ 5,45, menor valor em um m\u00eas"},"content":{"rendered":"<p>O <strong><a href=\"https:\/\/www.suno.com.br\/artigos\/mercado-de-cambio\/\">d\u00f3lar<\/a><\/strong> fechou o preg\u00e3o desta quinta-feira (22) em queda de 1,73%, negociado a R$ 5,455, menor valor em um m\u00eas.<\/p>\t<div class=\"wrapper-featured-image\">\n\t\t<figure class=\"spotlightImg\">\n\n\t\t\t<picture>\n\t\t\t\t<source media=\"(max-width: 768px)\" srcset=\"https:\/\/files.sunoresearch.com.br\/n\/uploads\/2021\/03\/bf6c85f6-dollar-4896650_1280-400x200.webp\">\n\t\t\t\t<img loading=\"lazy\" decoding=\"async\" class=\"newsContent__article__imgCapa lazyloadDisabled \" src=\"https:\/\/files.sunoresearch.com.br\/n\/uploads\/2021\/03\/bf6c85f6-dollar-4896650_1280-800x450.webp\" width=\"800\" height=\"450\" alt=\"D\u00f3lar fecha em queda de 1,73%, a R$ 5,45, menor valor em um m\u00eas\" fetchpriority=high \/>\n\t\t\t<\/picture>\n\n\t\t\t<figcaption class=\"wp-caption-text wp-caption-text--show\">Nota de d\u00f3lar. Foto: Pixabay<\/figcaption>\n\t\t<\/figure>\n\t<\/div>\n\n\n\t<p>\n\t\t<a href=\"https:\/\/lp.suno.com.br\/planilha-controle-gastos\/\" target=\"_blank\" data-element=\"shortcode-suno-banner\" title=\"Banner SUNO, clique e saiba mais\">\n\t\t\t<picture>\n\t\t\t\t<source media=\"(max-width: 500px)\" srcset=\"https:\/\/files.sunoresearch.com.br\/n\/uploads\/2023\/03\/400x300-Planilha-controle-de-gastos.png\">\n\t\t\t\t<img class=\"newsContent__article__imgCapa newsContent__article__imgCapa--banner\"\n\t\t\t\t\tsrc=\"https:\/\/files.sunoresearch.com.br\/n\/uploads\/2023\/03\/1420x240-Planilha-controle-de-gastos.png\"\n\t\t\t\t\tdata-promo-id=\"101751\"\t\t\t\t\t\t\t\t\t\twidth='1420' height='240'\t\t\t\t\talt=\"https:\/\/files.sunoresearch.com.br\/n\/uploads\/2023\/03\/1420x240-Planilha-controle-de-gastos.png\"\n\t\t\t\t>\n\t\t\t<\/picture>\n\t\t<\/a>\n\t<\/p>\n\n\n<p>Nesta manh\u00e3 o d\u00f3lar j\u00e1 operava em queda. Hoje o presidente dos Estados Unidos, <strong>Joe Biden<\/strong>, realizou a C\u00fapula de L\u00edderes sobre o Clima, foram convidados cerca de 40 representantes de pa\u00edses como <strong>Vladimir Putin<\/strong> (presidente da R\u00fassia), <strong>Xi Jinping<\/strong> (China) e <strong>Jair Bolsonaro<\/strong>.<\/p>\n<p><a href=\"https:\/\/lp.suno.com.br\/suno-one\/\">Suno One: acesse gratuitamente eBooks, Minicursos, Artigos e V\u00eddeo Aulas sobre investimentos com um \u00fanico cadastro. Clique para saber mais!<\/a><\/p>\n<p>Ali\u00e1s a aten\u00e7\u00e3o do mercado est\u00e1 voltado para a presen\u00e7a de Bolsonaro na c\u00fapula, na semana passada o presidente enviou uma carta a Biden na qual prometeu, pela primeira vez, eliminar o <strong>desmatamento ilegal<\/strong> at\u00e9 2030.<\/p>\n<p>Para Fernanda Consorte, economista chefe do Banco Ourinvest, a fala de Bolsonaro hoje na c\u00fapula do clima, mostrou uma vis\u00e3o um pouco melhor, &#8220;ou pelos menos mais conciliativa, o que ajudou&#8221;.<\/p>\n<p>Al\u00e9m do evento no exterior, o especialista em c\u00e2mbio da Valor Investimentos, Jefferson Menzinger, explica que a queda tamb\u00e9m est\u00e1 relacionada com acontecimentos recentes dentro do pa\u00eds.<\/p>\n<p>&#8220;O d\u00f3lar bateu esse patamar de R$ 5,45, depois de muito tempo. No mercado interno, tivemos a aprova\u00e7\u00e3o do or\u00e7amento, que estava trazendo bastante risco para o Brasil. Al\u00e9m disso, a aposta \u00e9 em uma agenda mais reformista do governo, por isso a moeda est\u00e1 come\u00e7ando a registrar essa queda acentuada&#8221;.<\/p>\n<p>Veja tamb\u00e9m outras not\u00edcias importantes do dia:<\/p>\n<ul>\n<li>BCE\/Lagarde: perspectiva de curto prazo segue comprometida por incertezas da covid<\/li>\n<li>BCE mant\u00e9m juros, mas promete seguir comprando b\u00f4nus em ritmo mais acelerado<\/li>\n<li>EUA: pedidos de aux\u00edlio-desemprego renovam m\u00ednima em 13 meses e caem a 547 mil<\/li>\n<li>Moody&#8217;s alerta sobre exclus\u00e3o do teto de gasto ligado \u00e0 covid no Brasil<\/li>\n<\/ul>\n<h2>Perspectivas zona do euro<\/h2>\n<p>A presidente do Banco Central Europeu (BCE), Christine Lagarde, disse nesta quinta-feira (22) que a perspectiva de curto prazo da zona do euro segue comprometida por incertezas ligadas \u00e0 pandemia de covid-19 e aos esfor\u00e7os de vacina\u00e7\u00e3o contra a doen\u00e7a.<\/p>\n<p>Em coletiva de imprensa que se seguiu \u00e0 decis\u00e3o do BCE de manter sua pol\u00edtica monet\u00e1ria inalterada, Lagarde ressaltou, por\u00e9m, que a expectativa \u00e9 de forte recupera\u00e7\u00e3o da atividade econ\u00f4mica da zona do euro ao longo de 2021, \u00e0 medida que os esfor\u00e7os de vacina\u00e7\u00e3o progredirem e medidas de restri\u00e7\u00e3o forem retiradas.<\/p>\n<h2>BCE<\/h2>\n<p>O Banco Central Europeu (BCE) decidiu deixar sua pol\u00edtica monet\u00e1ria inalterada ap\u00f3s reuni\u00e3o conclu\u00edda nesta quinta-feira (22) como se previa, mas prometeu continuar comprando b\u00f4nus em ritmo &#8220;significativamente&#8221; mais r\u00e1pido do que no come\u00e7o do ano. As principais taxas de juros do BCE, a de refinanciamento e a de dep\u00f3sitos, permaneceram em 0% e -0,50%, respectivamente.<\/p>\n<p>Al\u00e9m disso, o BCE manteve o volume de seu Programa de Compras de Emerg\u00eancia na Pandemia (PEPP, na sigla em ingl\u00eas) em 1,85 trilh\u00e3o de euros.<\/p>\n<h2>Aux\u00edlio-desemprego nos EUA<\/h2>\n<p>O n\u00famero de pedidos de aux\u00edlio-desemprego nos Estados Unidos caiu 39 mil na semana encerrada em 17 de abril, a 547 mil, segundo dados com ajustes sazonais publicados nesta quinta-feira (22) pelo Departamento do Trabalho do pa\u00eds.<\/p>\n<p>Trata-se do menor n\u00edvel do indicador desde 14 de mar\u00e7o de 2020. A leitura contrariou proje\u00e7\u00f5es de analistas consultados pelo <i>Wall Street Journal<\/i>, que previam alta a 603 mil solicita\u00e7\u00f5es.<\/p>\n<h2>Riscos no Brasil<\/h2>\n<p>A ag\u00eancia de classifica\u00e7\u00e3o de risco Moody&#8217;s avaliou que a exclus\u00e3o do teto de gastos das despesas adicionais do governo, como as ligadas \u00e0 covid-19, \u00e9 negativa para o perfil da nota de cr\u00e9dito do Brasil, que est\u00e1 em Ba2, est\u00e1vel. No entanto, o vice-presidente da Moody, Samar Maziad, diz em relat\u00f3rio esperar que as autoridades mantenham seu compromisso com os gastos p\u00fablicos.<\/p>\n<p>&#8220;Devido ao moderado montante dos gastos adicionais, e a recente aprova\u00e7\u00e3o de emenda constitucional para garantir que despesas mandat\u00f3rias fiquem dentro do teto de gastos nos pr\u00f3ximos anos, esperamos que as autoridades mantenham seu compromisso com a consolida\u00e7\u00e3o fiscal, em linha com o nosso cen\u00e1rio-base&#8221;, afirma o relat\u00f3rio.<\/p>\n<h2>\u00daltima cota\u00e7\u00e3o do d\u00f3lar<\/h2>\n<p>Na \u00faltima sess\u00e3o, ter\u00e7a-feira (20), o <strong>d\u00f3lar<\/strong> encerrou o preg\u00e3o em leve alta de 0,01%, a R$ 5,55.<\/p>\n\t<p>\n\t\t<a href=\"https:\/\/lp.suno.com.br\/planilha-de-controle-de-investimentos\/\" target=\"_blank\" data-element=\"shortcode-suno-banner\" title=\"Banner SUNO, clique e saiba mais\">\n\t\t\t<picture>\n\t\t\t\t<source media=\"(max-width: 500px)\" srcset=\"https:\/\/files.sunoresearch.com.br\/n\/uploads\/2023\/03\/400x300-Controle-de-Investimentos.png\">\n\t\t\t\t<img class=\"newsContent__article__imgCapa newsContent__article__imgCapa--banner\"\n\t\t\t\t\tsrc=\"https:\/\/files.sunoresearch.com.br\/n\/uploads\/2023\/03\/1420x240-Controle-de-Investimentos.png\"\n\t\t\t\t\tdata-promo-id=\"75934\"\t\t\t\t\t\t\t\t\t\twidth='1420' height='240'\t\t\t\t\talt=\"https:\/\/files.sunoresearch.com.br\/n\/uploads\/2023\/03\/1420x240-Controle-de-Investimentos.png\"\n\t\t\t\t>\n\t\t\t<\/picture>\n\t\t<\/a>\n\t<\/p>\n\n\n","protected":false},"excerpt":{"rendered":"<p>O d\u00f3lar fechou o preg\u00e3o desta quinta-feira (22) em queda de 1,73%, negociado a R$ 5,455, menor valor em um m\u00eas. Nota de d\u00f3lar. Foto: Pixabay Nesta manh\u00e3 o d\u00f3lar j\u00e1 operava em queda. Hoje o presidente dos Estados Unidos, Joe Biden, realizou a C\u00fapula de L\u00edderes sobre o Clima, foram convidados cerca de 40 [&hellip;]<\/p>\n","protected":false},"author":56,"featured_media":135098,"comment_status":"closed","ping_status":"closed","sticky":false,"template":"","format":"standard","meta":[],"categories":[64],"tags":[863,326,105816,793,963,2274],"suno_strategy":[],"class_list":["post-141470","post","type-post","status-publish","format-standard","has-post-thumbnail","hentry","category-negocios","tag-banco-central-europeu-bce","tag-dolar","tag-especialistas","tag-estados-unidos-eua","tag-moodys","tag-seguro-desemprego"],"yoast_head":"<!-- This site is optimized with the Yoast SEO plugin v24.4 - https:\/\/yoast.com\/wordpress\/plugins\/seo\/ -->\n<title>D\u00f3lar fecha em queda de 1,73%, a R$ 5,45, menor valor em um m\u00eas<\/title>\n<meta name=\"description\" content=\"O especialista em c\u00e2mbio da Valor Investimentos, Jefferson Menzinger, explica que a aprova\u00e7\u00e3o do or\u00e7amento ajudou na queda do d\u00f3lar. Clique aqui para saber mais\" \/>\n<meta name=\"robots\" content=\"index, follow, max-snippet:-1, max-image-preview:large, max-video-preview:-1\" \/>\n<link rel=\"canonical\" href=\"https:\/\/www.suno.com.br\/noticias\/dolar-queda-173-22042021\/\" \/>\n<meta property=\"og:locale\" content=\"pt_BR\" \/>\n<meta property=\"og:type\" content=\"article\" \/>\n<meta property=\"og:title\" content=\"D\u00f3lar fecha em queda de 1,73%, a R$ 5,45, menor valor em um m\u00eas\" \/>\n<meta property=\"og:description\" content=\"O especialista em c\u00e2mbio da Valor Investimentos, Jefferson Menzinger, explica que a aprova\u00e7\u00e3o do or\u00e7amento ajudou na queda do d\u00f3lar. Clique aqui para saber mais\" \/>\n<meta property=\"og:url\" content=\"https:\/\/www.suno.com.br\/noticias\/dolar-queda-173-22042021\/\" \/>\n<meta property=\"og:site_name\" content=\"Suno Not\u00edcias\" \/>\n<meta property=\"article:publisher\" content=\"https:\/\/facebook.com\/sunoresearch\" \/>\n<meta property=\"og:image\" content=\"https:\/\/files.sunoresearch.com.br\/n\/uploads\/2021\/03\/bf6c85f6-dollar-4896650_1280.jpg\" \/>\n\t<meta property=\"og:image:width\" content=\"1280\" \/>\n\t<meta property=\"og:image:height\" content=\"853\" \/>\n\t<meta property=\"og:image:type\" content=\"image\/jpeg\" \/>\n<meta name=\"author\" content=\"Rafaela La Regina\" \/>\n<meta name=\"twitter:card\" content=\"summary_large_image\" \/>\n<meta name=\"twitter:creator\" content=\"@sunoresearch\" \/>\n<meta name=\"twitter:site\" content=\"@sunoresearch\" \/>\n<meta name=\"twitter:label1\" content=\"Escrito por\" \/>\n\t<meta name=\"twitter:data1\" content=\"Rafaela La Regina\" \/>\n\t<meta name=\"twitter:label2\" content=\"Est. tempo de leitura\" \/>\n\t<meta name=\"twitter:data2\" content=\"4 minutos\" \/>\n<script type=\"application\/ld+json\" class=\"yoast-schema-graph\">{\"@context\":\"https:\/\/schema.org\",\"@graph\":[{\"@type\":\"NewsArticle\",\"@id\":\"https:\/\/www.suno.com.br\/noticias\/dolar-queda-173-22042021\/#article\",\"isPartOf\":{\"@id\":\"https:\/\/www.suno.com.br\/noticias\/dolar-queda-173-22042021\/\"},\"author\":{\"name\":\"Rafaela La Regina\",\"@id\":\"https:\/\/www.suno.com.br\/noticias\/#\/schema\/person\/e672ca8cea627fe715fa29bca7da95e0\"},\"headline\":\"D\u00f3lar fecha em queda de 1,73%, a R$ 5,45, menor valor em um m\u00eas\",\"datePublished\":\"2021-04-22T20:19:40+00:00\",\"mainEntityOfPage\":{\"@id\":\"https:\/\/www.suno.com.br\/noticias\/dolar-queda-173-22042021\/\"},\"wordCount\":747,\"publisher\":{\"@id\":\"https:\/\/www.suno.com.br\/noticias\/#organization\"},\"image\":{\"@id\":\"https:\/\/www.suno.com.br\/noticias\/dolar-queda-173-22042021\/#primaryimage\"},\"thumbnailUrl\":\"https:\/\/files.sunoresearch.com.br\/n\/uploads\/2021\/03\/bf6c85f6-dollar-4896650_1280-jpg.webp\",\"keywords\":[\"Banco Central Europeu (BCE)\",\"d\u00f3lar\",\"Especialistas\",\"Estados Unidos (EUA)\",\"Moody's\",\"seguro desemprego\"],\"articleSection\":[\"Neg\u00f3cios\"],\"inLanguage\":\"pt-BR\"},{\"@type\":\"WebPage\",\"@id\":\"https:\/\/www.suno.com.br\/noticias\/dolar-queda-173-22042021\/\",\"url\":\"https:\/\/www.suno.com.br\/noticias\/dolar-queda-173-22042021\/\",\"name\":\"D\u00f3lar fecha em queda de 1,73%, a R$ 5,45, menor valor em um m\u00eas\",\"isPartOf\":{\"@id\":\"https:\/\/www.suno.com.br\/noticias\/#website\"},\"primaryImageOfPage\":{\"@id\":\"https:\/\/www.suno.com.br\/noticias\/dolar-queda-173-22042021\/#primaryimage\"},\"image\":{\"@id\":\"https:\/\/www.suno.com.br\/noticias\/dolar-queda-173-22042021\/#primaryimage\"},\"thumbnailUrl\":\"https:\/\/files.sunoresearch.com.br\/n\/uploads\/2021\/03\/bf6c85f6-dollar-4896650_1280-jpg.webp\",\"datePublished\":\"2021-04-22T20:19:40+00:00\",\"description\":\"O especialista em c\u00e2mbio da Valor Investimentos, Jefferson Menzinger, explica que a aprova\u00e7\u00e3o do or\u00e7amento ajudou na queda do d\u00f3lar. Clique aqui para saber mais\",\"breadcrumb\":{\"@id\":\"https:\/\/www.suno.com.br\/noticias\/dolar-queda-173-22042021\/#breadcrumb\"},\"inLanguage\":\"pt-BR\",\"potentialAction\":[{\"@type\":\"ReadAction\",\"target\":[\"https:\/\/www.suno.com.br\/noticias\/dolar-queda-173-22042021\/\"]}]},{\"@type\":\"ImageObject\",\"inLanguage\":\"pt-BR\",\"@id\":\"https:\/\/www.suno.com.br\/noticias\/dolar-queda-173-22042021\/#primaryimage\",\"url\":\"https:\/\/files.sunoresearch.com.br\/n\/uploads\/2021\/03\/bf6c85f6-dollar-4896650_1280-jpg.webp\",\"contentUrl\":\"https:\/\/files.sunoresearch.com.br\/n\/uploads\/2021\/03\/bf6c85f6-dollar-4896650_1280-jpg.webp\",\"width\":1280,\"height\":853,\"caption\":\"Nota de d\u00f3lar. Foto: Pixabay\"},{\"@type\":\"BreadcrumbList\",\"@id\":\"https:\/\/www.suno.com.br\/noticias\/dolar-queda-173-22042021\/#breadcrumb\",\"itemListElement\":[{\"@type\":\"ListItem\",\"position\":1,\"name\":\"Not\u00edcias\",\"item\":\"https:\/\/www.suno.com.br\/noticias\/\"},{\"@type\":\"ListItem\",\"position\":2,\"name\":\"Neg\u00f3cios\",\"item\":\"https:\/\/www.suno.com.br\/noticias\/negocios\/\"},{\"@type\":\"ListItem\",\"position\":3,\"name\":\"D\u00f3lar fecha em queda de 1,73%, a R$ 5,45, menor valor em um m\u00eas\"}]},{\"@type\":\"WebSite\",\"@id\":\"https:\/\/www.suno.com.br\/noticias\/#website\",\"url\":\"https:\/\/www.suno.com.br\/noticias\/\",\"name\":\"Suno Not\u00edcias\",\"description\":\"Seu portal de informa\u00e7\u00e3o sobre o mundo dos investimentos\",\"publisher\":{\"@id\":\"https:\/\/www.suno.com.br\/noticias\/#organization\"},\"potentialAction\":[{\"@type\":\"SearchAction\",\"target\":{\"@type\":\"EntryPoint\",\"urlTemplate\":\"https:\/\/www.suno.com.br\/noticias\/?s={search_term_string}\"},\"query-input\":{\"@type\":\"PropertyValueSpecification\",\"valueRequired\":true,\"valueName\":\"search_term_string\"}}],\"inLanguage\":\"pt-BR\"},{\"@type\":\"Organization\",\"@id\":\"https:\/\/www.suno.com.br\/noticias\/#organization\",\"name\":\"Suno Not\u00edcias\",\"url\":\"https:\/\/www.suno.com.br\/noticias\/\",\"logo\":{\"@type\":\"ImageObject\",\"inLanguage\":\"pt-BR\",\"@id\":\"https:\/\/www.suno.com.br\/noticias\/#\/schema\/logo\/image\/\",\"url\":\"https:\/\/files.sunoresearch.com.br\/n\/uploads\/2021\/09\/suno-logo.png\",\"contentUrl\":\"https:\/\/files.sunoresearch.com.br\/n\/uploads\/2021\/09\/suno-logo.png\",\"width\":180,\"height\":180,\"caption\":\"Suno Not\u00edcias\"},\"image\":{\"@id\":\"https:\/\/www.suno.com.br\/noticias\/#\/schema\/logo\/image\/\"},\"sameAs\":[\"https:\/\/facebook.com\/sunoresearch\",\"https:\/\/x.com\/sunoresearch\",\"https:\/\/www.instagram.com\/suno\",\"https:\/\/www.linkedin.com\/company\/suno-research\/\",\"https:\/\/www.youtube.com\/c\/sunoresearch\"]},{\"@type\":\"Person\",\"@id\":\"https:\/\/www.suno.com.br\/noticias\/#\/schema\/person\/e672ca8cea627fe715fa29bca7da95e0\",\"name\":\"Rafaela La Regina\",\"image\":{\"@type\":\"ImageObject\",\"inLanguage\":\"pt-BR\",\"@id\":\"https:\/\/www.suno.com.br\/noticias\/#\/schema\/person\/image\/\",\"url\":\"https:\/\/secure.gravatar.com\/avatar\/d2c75a52d243deb93d0465fdcb21bd37?s=96&r=g\",\"contentUrl\":\"https:\/\/secure.gravatar.com\/avatar\/d2c75a52d243deb93d0465fdcb21bd37?s=96&r=g\",\"caption\":\"Rafaela La Regina\"},\"description\":\"Estagi\u00e1ria no Suno Not\u00edcias. Escreve sobre economia, pol\u00edtica e neg\u00f3cios. Estuda Rela\u00e7\u00f5es Internacionais no IBMEC-SP.\",\"url\":\"https:\/\/www.suno.com.br\/noticias\/author\/rafaela-la-regina\/\"}]}<\/script>\n<!-- \/ Yoast SEO plugin. -->","yoast_head_json":{"title":"D\u00f3lar fecha em queda de 1,73%, a R$ 5,45, menor valor em um m\u00eas","description":"O especialista em c\u00e2mbio da Valor Investimentos, Jefferson Menzinger, explica que a aprova\u00e7\u00e3o do or\u00e7amento ajudou na queda do d\u00f3lar. Clique aqui para saber mais","robots":{"index":"index","follow":"follow","max-snippet":"max-snippet:-1","max-image-preview":"max-image-preview:large","max-video-preview":"max-video-preview:-1"},"canonical":"https:\/\/www.suno.com.br\/noticias\/dolar-queda-173-22042021\/","og_locale":"pt_BR","og_type":"article","og_title":"D\u00f3lar fecha em queda de 1,73%, a R$ 5,45, menor valor em um m\u00eas","og_description":"O especialista em c\u00e2mbio da Valor Investimentos, Jefferson Menzinger, explica que a aprova\u00e7\u00e3o do or\u00e7amento ajudou na queda do d\u00f3lar. Clique aqui para saber mais","og_url":"https:\/\/www.suno.com.br\/noticias\/dolar-queda-173-22042021\/","og_site_name":"Suno Not\u00edcias","article_publisher":"https:\/\/facebook.com\/sunoresearch","og_image":[{"width":1280,"height":853,"url":"https:\/\/files.sunoresearch.com.br\/n\/uploads\/2021\/03\/bf6c85f6-dollar-4896650_1280.jpg","type":"image\/jpeg"}],"author":"Rafaela La Regina","twitter_card":"summary_large_image","twitter_creator":"@sunoresearch","twitter_site":"@sunoresearch","twitter_misc":{"Escrito por":"Rafaela La Regina","Est. tempo de leitura":"4 minutos"},"schema":{"@context":"https:\/\/schema.org","@graph":[{"@type":"NewsArticle","@id":"https:\/\/www.suno.com.br\/noticias\/dolar-queda-173-22042021\/#article","isPartOf":{"@id":"https:\/\/www.suno.com.br\/noticias\/dolar-queda-173-22042021\/"},"author":{"name":"Rafaela La Regina","@id":"https:\/\/www.suno.com.br\/noticias\/#\/schema\/person\/e672ca8cea627fe715fa29bca7da95e0"},"headline":"D\u00f3lar fecha em queda de 1,73%, a R$ 5,45, menor valor em um m\u00eas","datePublished":"2021-04-22T20:19:40+00:00","mainEntityOfPage":{"@id":"https:\/\/www.suno.com.br\/noticias\/dolar-queda-173-22042021\/"},"wordCount":747,"publisher":{"@id":"https:\/\/www.suno.com.br\/noticias\/#organization"},"image":{"@id":"https:\/\/www.suno.com.br\/noticias\/dolar-queda-173-22042021\/#primaryimage"},"thumbnailUrl":"https:\/\/files.sunoresearch.com.br\/n\/uploads\/2021\/03\/bf6c85f6-dollar-4896650_1280-jpg.webp","keywords":["Banco Central Europeu (BCE)","d\u00f3lar","Especialistas","Estados Unidos (EUA)","Moody's","seguro desemprego"],"articleSection":["Neg\u00f3cios"],"inLanguage":"pt-BR"},{"@type":"WebPage","@id":"https:\/\/www.suno.com.br\/noticias\/dolar-queda-173-22042021\/","url":"https:\/\/www.suno.com.br\/noticias\/dolar-queda-173-22042021\/","name":"D\u00f3lar fecha em queda de 1,73%, a R$ 5,45, menor valor em um m\u00eas","isPartOf":{"@id":"https:\/\/www.suno.com.br\/noticias\/#website"},"primaryImageOfPage":{"@id":"https:\/\/www.suno.com.br\/noticias\/dolar-queda-173-22042021\/#primaryimage"},"image":{"@id":"https:\/\/www.suno.com.br\/noticias\/dolar-queda-173-22042021\/#primaryimage"},"thumbnailUrl":"https:\/\/files.sunoresearch.com.br\/n\/uploads\/2021\/03\/bf6c85f6-dollar-4896650_1280-jpg.webp","datePublished":"2021-04-22T20:19:40+00:00","description":"O especialista em c\u00e2mbio da Valor Investimentos, Jefferson Menzinger, explica que a aprova\u00e7\u00e3o do or\u00e7amento ajudou na queda do d\u00f3lar. Clique aqui para saber mais","breadcrumb":{"@id":"https:\/\/www.suno.com.br\/noticias\/dolar-queda-173-22042021\/#breadcrumb"},"inLanguage":"pt-BR","potentialAction":[{"@type":"ReadAction","target":["https:\/\/www.suno.com.br\/noticias\/dolar-queda-173-22042021\/"]}]},{"@type":"ImageObject","inLanguage":"pt-BR","@id":"https:\/\/www.suno.com.br\/noticias\/dolar-queda-173-22042021\/#primaryimage","url":"https:\/\/files.sunoresearch.com.br\/n\/uploads\/2021\/03\/bf6c85f6-dollar-4896650_1280-jpg.webp","contentUrl":"https:\/\/files.sunoresearch.com.br\/n\/uploads\/2021\/03\/bf6c85f6-dollar-4896650_1280-jpg.webp","width":1280,"height":853,"caption":"Nota de d\u00f3lar. Foto: Pixabay"},{"@type":"BreadcrumbList","@id":"https:\/\/www.suno.com.br\/noticias\/dolar-queda-173-22042021\/#breadcrumb","itemListElement":[{"@type":"ListItem","position":1,"name":"Not\u00edcias","item":"https:\/\/www.suno.com.br\/noticias\/"},{"@type":"ListItem","position":2,"name":"Neg\u00f3cios","item":"https:\/\/www.suno.com.br\/noticias\/negocios\/"},{"@type":"ListItem","position":3,"name":"D\u00f3lar fecha em queda de 1,73%, a R$ 5,45, menor valor em um m\u00eas"}]},{"@type":"WebSite","@id":"https:\/\/www.suno.com.br\/noticias\/#website","url":"https:\/\/www.suno.com.br\/noticias\/","name":"Suno Not\u00edcias","description":"Seu portal de informa\u00e7\u00e3o sobre o mundo dos investimentos","publisher":{"@id":"https:\/\/www.suno.com.br\/noticias\/#organization"},"potentialAction":[{"@type":"SearchAction","target":{"@type":"EntryPoint","urlTemplate":"https:\/\/www.suno.com.br\/noticias\/?s={search_term_string}"},"query-input":{"@type":"PropertyValueSpecification","valueRequired":true,"valueName":"search_term_string"}}],"inLanguage":"pt-BR"},{"@type":"Organization","@id":"https:\/\/www.suno.com.br\/noticias\/#organization","name":"Suno Not\u00edcias","url":"https:\/\/www.suno.com.br\/noticias\/","logo":{"@type":"ImageObject","inLanguage":"pt-BR","@id":"https:\/\/www.suno.com.br\/noticias\/#\/schema\/logo\/image\/","url":"https:\/\/files.sunoresearch.com.br\/n\/uploads\/2021\/09\/suno-logo.png","contentUrl":"https:\/\/files.sunoresearch.com.br\/n\/uploads\/2021\/09\/suno-logo.png","width":180,"height":180,"caption":"Suno Not\u00edcias"},"image":{"@id":"https:\/\/www.suno.com.br\/noticias\/#\/schema\/logo\/image\/"},"sameAs":["https:\/\/facebook.com\/sunoresearch","https:\/\/x.com\/sunoresearch","https:\/\/www.instagram.com\/suno","https:\/\/www.linkedin.com\/company\/suno-research\/","https:\/\/www.youtube.com\/c\/sunoresearch"]},{"@type":"Person","@id":"https:\/\/www.suno.com.br\/noticias\/#\/schema\/person\/e672ca8cea627fe715fa29bca7da95e0","name":"Rafaela La Regina","image":{"@type":"ImageObject","inLanguage":"pt-BR","@id":"https:\/\/www.suno.com.br\/noticias\/#\/schema\/person\/image\/","url":"https:\/\/secure.gravatar.com\/avatar\/d2c75a52d243deb93d0465fdcb21bd37?s=96&r=g","contentUrl":"https:\/\/secure.gravatar.com\/avatar\/d2c75a52d243deb93d0465fdcb21bd37?s=96&r=g","caption":"Rafaela La Regina"},"description":"Estagi\u00e1ria no Suno Not\u00edcias. Escreve sobre economia, pol\u00edtica e neg\u00f3cios. Estuda Rela\u00e7\u00f5es Internacionais no IBMEC-SP.","url":"https:\/\/www.suno.com.br\/noticias\/author\/rafaela-la-regina\/"}]}},"default_loop_html":"<div class=\"cardsPage__listCard__boxs\"><div class=\"cardsPage__listCard__boxs__img\"><a href=\"https:\/\/www.suno.com.br\/noticias\/dolar-queda-173-22042021\/\"><img class=\"mask\" src=\"https:\/\/www.suno.com.br\/noticias\/wp-content\/themes\/suno\/resources\/images\/spotlight\/spotlight1img\/bg-mask.png\" alt=\"Image Mask\"\/><img src=\"https:\/\/files.sunoresearch.com.br\/n\/uploads\/2021\/03\/bf6c85f6-dollar-4896650_1280-400x200.webp\" alt=\"D\u00f3lar fecha em queda de 1,73%, a R$ 5,45, menor valor em um m\u00eas\"\/><\/a><span class=\"spotlightCategory\"><a href=\"https:\/\/www.suno.com.br\/noticias\/negocios\/\">Neg\u00f3cios<\/a><\/span><\/div><div class=\"cardsPage__listCard__boxs__content\"><a href=\"https:\/\/www.suno.com.br\/noticias\/dolar-queda-173-22042021\/\"><h2 class=\"content__title\">D\u00f3lar fecha em queda de 1,73%, a R$ 5,45, menor valor em um m\u00eas<\/h2><\/a><div class=\"newsContent__article__meta\"><div class=\"newsContent__article__meta__authorBox\"><a href=\"https:\/\/www.suno.com.br\/noticias\/author\/rafaela-la-regina\/\" class=\"authorBox__avatar noMobi\"><img src=\"https:\/\/secure.gravatar.com\/avatar\/d2c75a52d243deb93d0465fdcb21bd37?s=96&#038;r=g\" alt=\"Rafaela La Regina\"><\/a><div class=\"authorBox__name\"><span>por\n\t\t\t<a href=\"https:\/\/www.suno.com.br\/noticias\/author\/rafaela-la-regina\/\"><span itemprop=\"author\">Rafaela La Regina<\/span><\/a><\/span><time datetime=\"2021-04-22T17:19:40-03:00\" itemprop=\"datePublished\">22\/04\/2021 17:19<\/time><\/div><\/div><\/div><\/div><\/div>","single_layout":"posts","amp_enabled":true,"_links":{"self":[{"href":"https:\/\/www.suno.com.br\/noticias\/wp-json\/wp\/v2\/posts\/141470"}],"collection":[{"href":"https:\/\/www.suno.com.br\/noticias\/wp-json\/wp\/v2\/posts"}],"about":[{"href":"https:\/\/www.suno.com.br\/noticias\/wp-json\/wp\/v2\/types\/post"}],"author":[{"embeddable":true,"href":"https:\/\/www.suno.com.br\/noticias\/wp-json\/wp\/v2\/users\/56"}],"replies":[{"embeddable":true,"href":"https:\/\/www.suno.com.br\/noticias\/wp-json\/wp\/v2\/comments?post=141470"}],"version-history":[{"count":1,"href":"https:\/\/www.suno.com.br\/noticias\/wp-json\/wp\/v2\/posts\/141470\/revisions"}],"predecessor-version":[{"id":141506,"href":"https:\/\/www.suno.com.br\/noticias\/wp-json\/wp\/v2\/posts\/141470\/revisions\/141506"}],"wp:featuredmedia":[{"embeddable":true,"href":"https:\/\/www.suno.com.br\/noticias\/wp-json\/wp\/v2\/media\/135098"}],"wp:attachment":[{"href":"https:\/\/www.suno.com.br\/noticias\/wp-json\/wp\/v2\/media?parent=141470"}],"wp:term":[{"taxonomy":"category","embeddable":true,"href":"https:\/\/www.suno.com.br\/noticias\/wp-json\/wp\/v2\/categories?post=141470"},{"taxonomy":"post_tag","embeddable":true,"href":"https:\/\/www.suno.com.br\/noticias\/wp-json\/wp\/v2\/tags?post=141470"},{"taxonomy":"suno_strategy","embeddable":true,"href":"https:\/\/www.suno.com.br\/noticias\/wp-json\/wp\/v2\/suno_strategy?post=141470"}],"curies":[{"name":"wp","href":"https:\/\/api.w.org\/{rel}","templated":true}]}}