{"id":141339,"date":"2021-04-22T12:35:28","date_gmt":"2021-04-22T15:35:28","guid":{"rendered":"https:\/\/www.suno.com.br\/noticias\/?p=141339"},"modified":"2021-04-22T12:35:28","modified_gmt":"2021-04-22T15:35:28","slug":"para-ex-ceo-da-eletrobras-elet3-companhia-pode-virar-corporacao-apos-capitalizacao","status":"publish","type":"post","link":"https:\/\/www.suno.com.br\/noticias\/para-ex-ceo-da-eletrobras-elet3-companhia-pode-virar-corporacao-apos-capitalizacao\/","title":{"rendered":"Para ex-CEO da Eletrobras (ELET3), companhia pode virar corpora\u00e7\u00e3o ap\u00f3s capitaliza\u00e7\u00e3o"},"content":{"rendered":"<p>A <a href=\"https:\/\/www.suno.com.br\/acoes\/elet3\/\"><strong>Eletrobras<\/strong> (ELET3)<\/a> pode, ap\u00f3s o seu processo de capitaliza\u00e7\u00e3o, se tornar <a href=\"https:\/\/www.suno.com.br\/artigos\/corporacao\/\">uma corpora\u00e7\u00e3o<\/a>: uma empresa com o seu controle pulverizado. \u00c9 o que afirma Wilson Ferreira Junior, ex-<a href=\"https:\/\/www.suno.com.br\/artigos\/ceo\/\">diretor executivo (CEO)<\/a> da companhia, que deixou o cargo em janeiro. As informa\u00e7\u00f5es s\u00e3o do Valor Econ\u00f4mico.<\/p>\t<div class=\"wrapper-featured-image\">\n\t\t<figure class=\"spotlightImg\">\n\n\t\t\t<picture>\n\t\t\t\t<source media=\"(max-width: 768px)\" srcset=\"https:\/\/files.sunoresearch.com.br\/n\/uploads\/2021\/04\/e17745a5-elet-400x200.webp\">\n\t\t\t\t<img loading=\"lazy\" decoding=\"async\" class=\"newsContent__article__imgCapa lazyloadDisabled \" src=\"https:\/\/files.sunoresearch.com.br\/n\/uploads\/2021\/04\/e17745a5-elet-800x450.webp\" width=\"800\" height=\"450\" alt=\"Para ex-CEO da Eletrobras (ELET3), companhia pode virar corpora\u00e7\u00e3o ap\u00f3s capitaliza\u00e7\u00e3o\" fetchpriority=high \/>\n\t\t\t<\/picture>\n\n\t\t\t<figcaption class=\"wp-caption-text wp-caption-text--show\">Eletrobras. Foto: Reprodu\u00e7\u00e3o Facebook<\/figcaption>\n\t\t<\/figure>\n\t<\/div>\n\n\n<p><span style=\"font-weight: 400;\">\t<p>\n\t\t<a href=\"https:\/\/lp.suno.com.br\/planilha-controle-gastos\/\" target=\"_blank\" data-element=\"shortcode-suno-banner\" title=\"Banner SUNO, clique e saiba mais\">\n\t\t\t<picture>\n\t\t\t\t<source media=\"(max-width: 500px)\" srcset=\"https:\/\/files.sunoresearch.com.br\/n\/uploads\/2023\/03\/400x300-Planilha-controle-de-gastos.png\">\n\t\t\t\t<img class=\"newsContent__article__imgCapa newsContent__article__imgCapa--banner\"\n\t\t\t\t\tsrc=\"https:\/\/files.sunoresearch.com.br\/n\/uploads\/2023\/03\/1420x240-Planilha-controle-de-gastos.png\"\n\t\t\t\t\tdata-promo-id=\"101751\"\t\t\t\t\t\t\t\t\t\twidth='1420' height='240'\t\t\t\t\talt=\"https:\/\/files.sunoresearch.com.br\/n\/uploads\/2023\/03\/1420x240-Planilha-controle-de-gastos.png\"\n\t\t\t\t>\n\t\t\t<\/picture>\n\t\t<\/a>\n\t<\/p>\n\n<\/span><\/p>\n<p>Ferreira Junior, agora \u00e0 frente da <a href=\"https:\/\/www.suno.com.br\/acoes\/brdt3\/\">BR Distribuidora (BRDT3)<\/a>, afirma que espera que a Eletrobras siga os caminhos da empresa que dirige atualmente &#8211; a BR Distribuidora, que tamb\u00e9m era estatal, sob controle da <a href=\"https:\/\/www.suno.com.br\/acoes\/petr4\/\">Petrobras (PETR4)<\/a>, mas foi vendida em junho de 2019 e hoje tem 37,5% do seu capital detido pela ex-controladora e o restante pulverizado.<\/p>\n<p>O plano de privatiza\u00e7\u00e3o da Eletrobras se arrasta desde 2016 e o esperado \u00e9 que o <strong>governo reduza sua participa\u00e7\u00e3o para menos de 50%<\/strong>. Ferreira Junior assumiu a presid\u00eancia da Eletrobras durante o governo Michel Temer e sua miss\u00e3o era preparar a companhia para a privatiza\u00e7\u00e3o. No come\u00e7o de 2021, com a venda da estatal travada, o executivo optou por deixar a companhia de energia el\u00e9trica.<\/p>\n<p><a href=\"https:\/\/lp.suno.com.br\/suno-one\/?ppp=noticias\/hospital-care-pedido-ipo-cvm\/\"><b>Suno One: acesse gratuitamente eBooks, Minicursos, Artigos e V\u00eddeo Aulas sobre investimentos com um \u00fanico cadastro. Clique para saber mais!<\/b><\/a><\/p>\n<h2>Para Ferreira Junior, privatiza\u00e7\u00e3o da Eletrobras parece caminhar<\/h2>\n<p>Agora, por\u00e9m, o ex-presidente da Eletrobras afirma que as movimenta\u00e7\u00f5es no sentido da privatiza\u00e7\u00e3o se acentuaram, devido, principalmente, aos novos presidentes da C\u00e2mara e do Senado, Arthur Lira e Rodrigo Pacheco, respectivamente, que assumiram h\u00e1 pouco.<\/p>\n<p><span style=\"font-weight: 400;\">\t<p>\n\t\t<a href=\"https:\/\/lp.suno.com.br\/planilha-da-vida-financeira\/\" target=\"_blank\" data-element=\"shortcode-suno-banner\" title=\"Banner SUNO, clique e saiba mais\">\n\t\t\t<picture>\n\t\t\t\t<source media=\"(max-width: 500px)\" srcset=\"https:\/\/files.sunoresearch.com.br\/n\/uploads\/2023\/04\/400x300-Planilha-vida-financeira-true.png\">\n\t\t\t\t<img class=\"newsContent__article__imgCapa newsContent__article__imgCapa--banner\"\n\t\t\t\t\tsrc=\"https:\/\/files.sunoresearch.com.br\/n\/uploads\/2023\/04\/1420x240-Planilha-vida-financeira-true.png\"\n\t\t\t\t\tdata-promo-id=\"106682\"\t\t\t\t\t\t\t\t\t\twidth='1420' height='240'\t\t\t\t\talt=\"https:\/\/files.sunoresearch.com.br\/n\/uploads\/2023\/04\/1420x240-Planilha-vida-financeira-true.png\"\n\t\t\t\t>\n\t\t\t<\/picture>\n\t\t<\/a>\n\t<\/p>\n\n<\/span><\/p>\n<p>O projeto de lei para a capitaliza\u00e7\u00e3o da Eletrobras foi apresentado pelo governo Bolsonaro em 2019 e ficou parado na C\u00e2mara por mais de um ano. Em fevereiro, o Governo Federal deu um novo g\u00e1s \u00e0 privatiza\u00e7\u00e3o, entregando uma Medida Provis\u00f3ria ao Congresso que define como a companhia ser\u00e1 vendida. Nesta semana, Rodrigo Pacheco prorrogou a MP por mais 60 dias.<\/p>\n<p>Al\u00e9m de prover arrecada\u00e7\u00e3o ao Executivo, esperada em R$ 50 bilh\u00f5es, \u00e9 esperado que a capitaliza\u00e7\u00e3o permita a <strong>Eletrobras<\/strong> dobrar seus investimentos entre 2020 e 2035. O plano de neg\u00f3cios atual prev\u00ea uma capacidade de investimentos de US$ 95,3 bilh\u00f5es para os pr\u00f3ximos 15 anos, com a quantia chegando a US$ 202 bilh\u00f5es caso o governo venda sua participa\u00e7\u00e3o.<\/p>\n<p><span style=\"font-weight: 400;\">\t<p>\n\t\t<a href=\"https:\/\/lp.suno.com.br\/planilha-de-controle-de-investimentos\/\" target=\"_blank\" data-element=\"shortcode-suno-banner\" title=\"Banner SUNO, clique e saiba mais\">\n\t\t\t<picture>\n\t\t\t\t<source media=\"(max-width: 500px)\" srcset=\"https:\/\/files.sunoresearch.com.br\/n\/uploads\/2023\/03\/400x300-Controle-de-Investimentos.png\">\n\t\t\t\t<img class=\"newsContent__article__imgCapa newsContent__article__imgCapa--banner\"\n\t\t\t\t\tsrc=\"https:\/\/files.sunoresearch.com.br\/n\/uploads\/2023\/03\/1420x240-Controle-de-Investimentos.png\"\n\t\t\t\t\tdata-promo-id=\"75934\"\t\t\t\t\t\t\t\t\t\twidth='1420' height='240'\t\t\t\t\talt=\"https:\/\/files.sunoresearch.com.br\/n\/uploads\/2023\/03\/1420x240-Controle-de-Investimentos.png\"\n\t\t\t\t>\n\t\t\t<\/picture>\n\t\t<\/a>\n\t<\/p>\n\n <\/span><\/p>\n","protected":false},"excerpt":{"rendered":"<p>A Eletrobras (ELET3) pode, ap\u00f3s o seu processo de capitaliza\u00e7\u00e3o, se tornar uma corpora\u00e7\u00e3o: uma empresa com o seu controle pulverizado. \u00c9 o que afirma Wilson Ferreira Junior, ex-diretor executivo (CEO) da companhia, que deixou o cargo em janeiro. As informa\u00e7\u00f5es s\u00e3o do Valor Econ\u00f4mico. Eletrobras. Foto: Reprodu\u00e7\u00e3o Facebook Ferreira Junior, agora \u00e0 frente da [&hellip;]<\/p>\n","protected":false},"author":59,"featured_media":138064,"comment_status":"closed","ping_status":"closed","sticky":false,"template":"","format":"standard","meta":[],"categories":[64],"tags":[455,595,596],"suno_strategy":[],"class_list":["post-141339","post","type-post","status-publish","format-standard","has-post-thumbnail","hentry","category-negocios","tag-eletrobras-elet3-elet5-elet6","tag-petrobras-petr4","tag-vibra-energia-vbbr3"],"yoast_head":"<!-- This site is optimized with the Yoast SEO plugin v24.4 - https:\/\/yoast.com\/wordpress\/plugins\/seo\/ -->\n<title>Eletrobras (ELET3) pode virar corpora\u00e7\u00e3o ap\u00f3s processo de capitaliza\u00e7\u00e3o<\/title>\n<meta name=\"description\" content=\"A Eletrobras pode, para o ex-CEO, virar uma corpora\u00e7\u00e3o ap\u00f3s o seu processo de capitaliza\u00e7\u00e3o, que tenta avan\u00e7ar. Clique aqui para saber mais.\" \/>\n<meta name=\"robots\" content=\"index, follow, max-snippet:-1, max-image-preview:large, max-video-preview:-1\" \/>\n<link rel=\"canonical\" href=\"https:\/\/www.suno.com.br\/noticias\/para-ex-ceo-da-eletrobras-elet3-companhia-pode-virar-corporacao-apos-capitalizacao\/\" \/>\n<meta property=\"og:locale\" content=\"pt_BR\" \/>\n<meta property=\"og:type\" content=\"article\" \/>\n<meta property=\"og:title\" content=\"Eletrobras (ELET3) pode virar corpora\u00e7\u00e3o ap\u00f3s processo de capitaliza\u00e7\u00e3o\" \/>\n<meta property=\"og:description\" content=\"A Eletrobras pode, para o ex-CEO, virar uma corpora\u00e7\u00e3o ap\u00f3s o seu processo de capitaliza\u00e7\u00e3o, que tenta avan\u00e7ar. Clique aqui para saber mais.\" \/>\n<meta property=\"og:url\" content=\"https:\/\/www.suno.com.br\/noticias\/para-ex-ceo-da-eletrobras-elet3-companhia-pode-virar-corporacao-apos-capitalizacao\/\" \/>\n<meta property=\"og:site_name\" content=\"Suno Not\u00edcias\" \/>\n<meta property=\"article:publisher\" content=\"https:\/\/facebook.com\/sunoresearch\" \/>\n<meta property=\"og:image\" content=\"https:\/\/files.sunoresearch.com.br\/n\/uploads\/2021\/04\/e17745a5-elet.jpg\" \/>\n\t<meta property=\"og:image:width\" content=\"1200\" \/>\n\t<meta property=\"og:image:height\" content=\"753\" \/>\n\t<meta property=\"og:image:type\" content=\"image\/jpeg\" \/>\n<meta name=\"author\" content=\"Vitor Azevedo\" \/>\n<meta name=\"twitter:card\" content=\"summary_large_image\" \/>\n<meta name=\"twitter:creator\" content=\"@sunoresearch\" \/>\n<meta name=\"twitter:site\" content=\"@sunoresearch\" \/>\n<meta name=\"twitter:label1\" content=\"Escrito por\" \/>\n\t<meta name=\"twitter:data1\" content=\"Vitor Azevedo\" \/>\n\t<meta name=\"twitter:label2\" content=\"Est. tempo de leitura\" \/>\n\t<meta name=\"twitter:data2\" content=\"2 minutos\" \/>\n<script type=\"application\/ld+json\" class=\"yoast-schema-graph\">{\"@context\":\"https:\/\/schema.org\",\"@graph\":[{\"@type\":\"NewsArticle\",\"@id\":\"https:\/\/www.suno.com.br\/noticias\/para-ex-ceo-da-eletrobras-elet3-companhia-pode-virar-corporacao-apos-capitalizacao\/#article\",\"isPartOf\":{\"@id\":\"https:\/\/www.suno.com.br\/noticias\/para-ex-ceo-da-eletrobras-elet3-companhia-pode-virar-corporacao-apos-capitalizacao\/\"},\"author\":{\"name\":\"Vitor Azevedo\",\"@id\":\"https:\/\/www.suno.com.br\/noticias\/#\/schema\/person\/658d5fbc74d81f265f5df3562d0038ab\"},\"headline\":\"Para ex-CEO da Eletrobras (ELET3), companhia pode virar corpora\u00e7\u00e3o ap\u00f3s capitaliza\u00e7\u00e3o\",\"datePublished\":\"2021-04-22T15:35:28+00:00\",\"mainEntityOfPage\":{\"@id\":\"https:\/\/www.suno.com.br\/noticias\/para-ex-ceo-da-eletrobras-elet3-companhia-pode-virar-corporacao-apos-capitalizacao\/\"},\"wordCount\":391,\"publisher\":{\"@id\":\"https:\/\/www.suno.com.br\/noticias\/#organization\"},\"image\":{\"@id\":\"https:\/\/www.suno.com.br\/noticias\/para-ex-ceo-da-eletrobras-elet3-companhia-pode-virar-corporacao-apos-capitalizacao\/#primaryimage\"},\"thumbnailUrl\":\"https:\/\/files.sunoresearch.com.br\/n\/uploads\/2021\/04\/e17745a5-elet-jpg.webp\",\"keywords\":[\"Eletrobras (ELET3\/ELET5\/ELET6)\",\"Petrobras (PETR4)\",\"Vibra Energia (VBBR3)\"],\"articleSection\":[\"Neg\u00f3cios\"],\"inLanguage\":\"pt-BR\"},{\"@type\":\"WebPage\",\"@id\":\"https:\/\/www.suno.com.br\/noticias\/para-ex-ceo-da-eletrobras-elet3-companhia-pode-virar-corporacao-apos-capitalizacao\/\",\"url\":\"https:\/\/www.suno.com.br\/noticias\/para-ex-ceo-da-eletrobras-elet3-companhia-pode-virar-corporacao-apos-capitalizacao\/\",\"name\":\"Eletrobras (ELET3) pode virar corpora\u00e7\u00e3o ap\u00f3s processo de capitaliza\u00e7\u00e3o\",\"isPartOf\":{\"@id\":\"https:\/\/www.suno.com.br\/noticias\/#website\"},\"primaryImageOfPage\":{\"@id\":\"https:\/\/www.suno.com.br\/noticias\/para-ex-ceo-da-eletrobras-elet3-companhia-pode-virar-corporacao-apos-capitalizacao\/#primaryimage\"},\"image\":{\"@id\":\"https:\/\/www.suno.com.br\/noticias\/para-ex-ceo-da-eletrobras-elet3-companhia-pode-virar-corporacao-apos-capitalizacao\/#primaryimage\"},\"thumbnailUrl\":\"https:\/\/files.sunoresearch.com.br\/n\/uploads\/2021\/04\/e17745a5-elet-jpg.webp\",\"datePublished\":\"2021-04-22T15:35:28+00:00\",\"description\":\"A Eletrobras pode, para o ex-CEO, virar uma corpora\u00e7\u00e3o ap\u00f3s o seu processo de capitaliza\u00e7\u00e3o, que tenta avan\u00e7ar. Clique aqui para saber mais.\",\"breadcrumb\":{\"@id\":\"https:\/\/www.suno.com.br\/noticias\/para-ex-ceo-da-eletrobras-elet3-companhia-pode-virar-corporacao-apos-capitalizacao\/#breadcrumb\"},\"inLanguage\":\"pt-BR\",\"potentialAction\":[{\"@type\":\"ReadAction\",\"target\":[\"https:\/\/www.suno.com.br\/noticias\/para-ex-ceo-da-eletrobras-elet3-companhia-pode-virar-corporacao-apos-capitalizacao\/\"]}]},{\"@type\":\"ImageObject\",\"inLanguage\":\"pt-BR\",\"@id\":\"https:\/\/www.suno.com.br\/noticias\/para-ex-ceo-da-eletrobras-elet3-companhia-pode-virar-corporacao-apos-capitalizacao\/#primaryimage\",\"url\":\"https:\/\/files.sunoresearch.com.br\/n\/uploads\/2021\/04\/e17745a5-elet-jpg.webp\",\"contentUrl\":\"https:\/\/files.sunoresearch.com.br\/n\/uploads\/2021\/04\/e17745a5-elet-jpg.webp\",\"width\":1200,\"height\":753,\"caption\":\"Eletrobras. Foto: Reprodu\u00e7\u00e3o Facebook\"},{\"@type\":\"BreadcrumbList\",\"@id\":\"https:\/\/www.suno.com.br\/noticias\/para-ex-ceo-da-eletrobras-elet3-companhia-pode-virar-corporacao-apos-capitalizacao\/#breadcrumb\",\"itemListElement\":[{\"@type\":\"ListItem\",\"position\":1,\"name\":\"Not\u00edcias\",\"item\":\"https:\/\/www.suno.com.br\/noticias\/\"},{\"@type\":\"ListItem\",\"position\":2,\"name\":\"Neg\u00f3cios\",\"item\":\"https:\/\/www.suno.com.br\/noticias\/negocios\/\"},{\"@type\":\"ListItem\",\"position\":3,\"name\":\"Para ex-CEO da Eletrobras (ELET3), companhia pode virar corpora\u00e7\u00e3o ap\u00f3s capitaliza\u00e7\u00e3o\"}]},{\"@type\":\"WebSite\",\"@id\":\"https:\/\/www.suno.com.br\/noticias\/#website\",\"url\":\"https:\/\/www.suno.com.br\/noticias\/\",\"name\":\"Suno Not\u00edcias\",\"description\":\"Seu portal de informa\u00e7\u00e3o sobre o mundo dos investimentos\",\"publisher\":{\"@id\":\"https:\/\/www.suno.com.br\/noticias\/#organization\"},\"potentialAction\":[{\"@type\":\"SearchAction\",\"target\":{\"@type\":\"EntryPoint\",\"urlTemplate\":\"https:\/\/www.suno.com.br\/noticias\/?s={search_term_string}\"},\"query-input\":{\"@type\":\"PropertyValueSpecification\",\"valueRequired\":true,\"valueName\":\"search_term_string\"}}],\"inLanguage\":\"pt-BR\"},{\"@type\":\"Organization\",\"@id\":\"https:\/\/www.suno.com.br\/noticias\/#organization\",\"name\":\"Suno Not\u00edcias\",\"url\":\"https:\/\/www.suno.com.br\/noticias\/\",\"logo\":{\"@type\":\"ImageObject\",\"inLanguage\":\"pt-BR\",\"@id\":\"https:\/\/www.suno.com.br\/noticias\/#\/schema\/logo\/image\/\",\"url\":\"https:\/\/files.sunoresearch.com.br\/n\/uploads\/2021\/09\/suno-logo.png\",\"contentUrl\":\"https:\/\/files.sunoresearch.com.br\/n\/uploads\/2021\/09\/suno-logo.png\",\"width\":180,\"height\":180,\"caption\":\"Suno Not\u00edcias\"},\"image\":{\"@id\":\"https:\/\/www.suno.com.br\/noticias\/#\/schema\/logo\/image\/\"},\"sameAs\":[\"https:\/\/facebook.com\/sunoresearch\",\"https:\/\/x.com\/sunoresearch\",\"https:\/\/www.instagram.com\/suno\",\"https:\/\/www.linkedin.com\/company\/suno-research\/\",\"https:\/\/www.youtube.com\/c\/sunoresearch\"]},{\"@type\":\"Person\",\"@id\":\"https:\/\/www.suno.com.br\/noticias\/#\/schema\/person\/658d5fbc74d81f265f5df3562d0038ab\",\"name\":\"Vitor Azevedo\",\"image\":{\"@type\":\"ImageObject\",\"inLanguage\":\"pt-BR\",\"@id\":\"https:\/\/www.suno.com.br\/noticias\/#\/schema\/person\/image\/\",\"url\":\"https:\/\/secure.gravatar.com\/avatar\/62b86195291b446fe380824eb28b99a5?s=96&r=g\",\"contentUrl\":\"https:\/\/secure.gravatar.com\/avatar\/62b86195291b446fe380824eb28b99a5?s=96&r=g\",\"caption\":\"Vitor Azevedo\"},\"description\":\"Formado em jornalismo pela Unesp, escreve sobre economia e neg\u00f3cios para a Suno Not\u00edcias.\",\"url\":\"https:\/\/www.suno.com.br\/noticias\/author\/vitor-azevedo\/\"}]}<\/script>\n<!-- \/ Yoast SEO plugin. -->","yoast_head_json":{"title":"Eletrobras (ELET3) pode virar corpora\u00e7\u00e3o ap\u00f3s processo de capitaliza\u00e7\u00e3o","description":"A Eletrobras pode, para o ex-CEO, virar uma corpora\u00e7\u00e3o ap\u00f3s o seu processo de capitaliza\u00e7\u00e3o, que tenta avan\u00e7ar. Clique aqui para saber mais.","robots":{"index":"index","follow":"follow","max-snippet":"max-snippet:-1","max-image-preview":"max-image-preview:large","max-video-preview":"max-video-preview:-1"},"canonical":"https:\/\/www.suno.com.br\/noticias\/para-ex-ceo-da-eletrobras-elet3-companhia-pode-virar-corporacao-apos-capitalizacao\/","og_locale":"pt_BR","og_type":"article","og_title":"Eletrobras (ELET3) pode virar corpora\u00e7\u00e3o ap\u00f3s processo de capitaliza\u00e7\u00e3o","og_description":"A Eletrobras pode, para o ex-CEO, virar uma corpora\u00e7\u00e3o ap\u00f3s o seu processo de capitaliza\u00e7\u00e3o, que tenta avan\u00e7ar. Clique aqui para saber mais.","og_url":"https:\/\/www.suno.com.br\/noticias\/para-ex-ceo-da-eletrobras-elet3-companhia-pode-virar-corporacao-apos-capitalizacao\/","og_site_name":"Suno Not\u00edcias","article_publisher":"https:\/\/facebook.com\/sunoresearch","og_image":[{"width":1200,"height":753,"url":"https:\/\/files.sunoresearch.com.br\/n\/uploads\/2021\/04\/e17745a5-elet.jpg","type":"image\/jpeg"}],"author":"Vitor Azevedo","twitter_card":"summary_large_image","twitter_creator":"@sunoresearch","twitter_site":"@sunoresearch","twitter_misc":{"Escrito por":"Vitor Azevedo","Est. tempo de leitura":"2 minutos"},"schema":{"@context":"https:\/\/schema.org","@graph":[{"@type":"NewsArticle","@id":"https:\/\/www.suno.com.br\/noticias\/para-ex-ceo-da-eletrobras-elet3-companhia-pode-virar-corporacao-apos-capitalizacao\/#article","isPartOf":{"@id":"https:\/\/www.suno.com.br\/noticias\/para-ex-ceo-da-eletrobras-elet3-companhia-pode-virar-corporacao-apos-capitalizacao\/"},"author":{"name":"Vitor Azevedo","@id":"https:\/\/www.suno.com.br\/noticias\/#\/schema\/person\/658d5fbc74d81f265f5df3562d0038ab"},"headline":"Para ex-CEO da Eletrobras (ELET3), companhia pode virar corpora\u00e7\u00e3o ap\u00f3s capitaliza\u00e7\u00e3o","datePublished":"2021-04-22T15:35:28+00:00","mainEntityOfPage":{"@id":"https:\/\/www.suno.com.br\/noticias\/para-ex-ceo-da-eletrobras-elet3-companhia-pode-virar-corporacao-apos-capitalizacao\/"},"wordCount":391,"publisher":{"@id":"https:\/\/www.suno.com.br\/noticias\/#organization"},"image":{"@id":"https:\/\/www.suno.com.br\/noticias\/para-ex-ceo-da-eletrobras-elet3-companhia-pode-virar-corporacao-apos-capitalizacao\/#primaryimage"},"thumbnailUrl":"https:\/\/files.sunoresearch.com.br\/n\/uploads\/2021\/04\/e17745a5-elet-jpg.webp","keywords":["Eletrobras (ELET3\/ELET5\/ELET6)","Petrobras (PETR4)","Vibra Energia (VBBR3)"],"articleSection":["Neg\u00f3cios"],"inLanguage":"pt-BR"},{"@type":"WebPage","@id":"https:\/\/www.suno.com.br\/noticias\/para-ex-ceo-da-eletrobras-elet3-companhia-pode-virar-corporacao-apos-capitalizacao\/","url":"https:\/\/www.suno.com.br\/noticias\/para-ex-ceo-da-eletrobras-elet3-companhia-pode-virar-corporacao-apos-capitalizacao\/","name":"Eletrobras (ELET3) pode virar corpora\u00e7\u00e3o ap\u00f3s processo de capitaliza\u00e7\u00e3o","isPartOf":{"@id":"https:\/\/www.suno.com.br\/noticias\/#website"},"primaryImageOfPage":{"@id":"https:\/\/www.suno.com.br\/noticias\/para-ex-ceo-da-eletrobras-elet3-companhia-pode-virar-corporacao-apos-capitalizacao\/#primaryimage"},"image":{"@id":"https:\/\/www.suno.com.br\/noticias\/para-ex-ceo-da-eletrobras-elet3-companhia-pode-virar-corporacao-apos-capitalizacao\/#primaryimage"},"thumbnailUrl":"https:\/\/files.sunoresearch.com.br\/n\/uploads\/2021\/04\/e17745a5-elet-jpg.webp","datePublished":"2021-04-22T15:35:28+00:00","description":"A Eletrobras pode, para o ex-CEO, virar uma corpora\u00e7\u00e3o ap\u00f3s o seu processo de capitaliza\u00e7\u00e3o, que tenta avan\u00e7ar. Clique aqui para saber mais.","breadcrumb":{"@id":"https:\/\/www.suno.com.br\/noticias\/para-ex-ceo-da-eletrobras-elet3-companhia-pode-virar-corporacao-apos-capitalizacao\/#breadcrumb"},"inLanguage":"pt-BR","potentialAction":[{"@type":"ReadAction","target":["https:\/\/www.suno.com.br\/noticias\/para-ex-ceo-da-eletrobras-elet3-companhia-pode-virar-corporacao-apos-capitalizacao\/"]}]},{"@type":"ImageObject","inLanguage":"pt-BR","@id":"https:\/\/www.suno.com.br\/noticias\/para-ex-ceo-da-eletrobras-elet3-companhia-pode-virar-corporacao-apos-capitalizacao\/#primaryimage","url":"https:\/\/files.sunoresearch.com.br\/n\/uploads\/2021\/04\/e17745a5-elet-jpg.webp","contentUrl":"https:\/\/files.sunoresearch.com.br\/n\/uploads\/2021\/04\/e17745a5-elet-jpg.webp","width":1200,"height":753,"caption":"Eletrobras. Foto: Reprodu\u00e7\u00e3o Facebook"},{"@type":"BreadcrumbList","@id":"https:\/\/www.suno.com.br\/noticias\/para-ex-ceo-da-eletrobras-elet3-companhia-pode-virar-corporacao-apos-capitalizacao\/#breadcrumb","itemListElement":[{"@type":"ListItem","position":1,"name":"Not\u00edcias","item":"https:\/\/www.suno.com.br\/noticias\/"},{"@type":"ListItem","position":2,"name":"Neg\u00f3cios","item":"https:\/\/www.suno.com.br\/noticias\/negocios\/"},{"@type":"ListItem","position":3,"name":"Para ex-CEO da Eletrobras (ELET3), companhia pode virar corpora\u00e7\u00e3o ap\u00f3s capitaliza\u00e7\u00e3o"}]},{"@type":"WebSite","@id":"https:\/\/www.suno.com.br\/noticias\/#website","url":"https:\/\/www.suno.com.br\/noticias\/","name":"Suno Not\u00edcias","description":"Seu portal de informa\u00e7\u00e3o sobre o mundo dos investimentos","publisher":{"@id":"https:\/\/www.suno.com.br\/noticias\/#organization"},"potentialAction":[{"@type":"SearchAction","target":{"@type":"EntryPoint","urlTemplate":"https:\/\/www.suno.com.br\/noticias\/?s={search_term_string}"},"query-input":{"@type":"PropertyValueSpecification","valueRequired":true,"valueName":"search_term_string"}}],"inLanguage":"pt-BR"},{"@type":"Organization","@id":"https:\/\/www.suno.com.br\/noticias\/#organization","name":"Suno Not\u00edcias","url":"https:\/\/www.suno.com.br\/noticias\/","logo":{"@type":"ImageObject","inLanguage":"pt-BR","@id":"https:\/\/www.suno.com.br\/noticias\/#\/schema\/logo\/image\/","url":"https:\/\/files.sunoresearch.com.br\/n\/uploads\/2021\/09\/suno-logo.png","contentUrl":"https:\/\/files.sunoresearch.com.br\/n\/uploads\/2021\/09\/suno-logo.png","width":180,"height":180,"caption":"Suno Not\u00edcias"},"image":{"@id":"https:\/\/www.suno.com.br\/noticias\/#\/schema\/logo\/image\/"},"sameAs":["https:\/\/facebook.com\/sunoresearch","https:\/\/x.com\/sunoresearch","https:\/\/www.instagram.com\/suno","https:\/\/www.linkedin.com\/company\/suno-research\/","https:\/\/www.youtube.com\/c\/sunoresearch"]},{"@type":"Person","@id":"https:\/\/www.suno.com.br\/noticias\/#\/schema\/person\/658d5fbc74d81f265f5df3562d0038ab","name":"Vitor Azevedo","image":{"@type":"ImageObject","inLanguage":"pt-BR","@id":"https:\/\/www.suno.com.br\/noticias\/#\/schema\/person\/image\/","url":"https:\/\/secure.gravatar.com\/avatar\/62b86195291b446fe380824eb28b99a5?s=96&r=g","contentUrl":"https:\/\/secure.gravatar.com\/avatar\/62b86195291b446fe380824eb28b99a5?s=96&r=g","caption":"Vitor Azevedo"},"description":"Formado em jornalismo pela Unesp, escreve sobre economia e neg\u00f3cios para a Suno Not\u00edcias.","url":"https:\/\/www.suno.com.br\/noticias\/author\/vitor-azevedo\/"}]}},"default_loop_html":"<div class=\"cardsPage__listCard__boxs\"><div class=\"cardsPage__listCard__boxs__img\"><a href=\"https:\/\/www.suno.com.br\/noticias\/para-ex-ceo-da-eletrobras-elet3-companhia-pode-virar-corporacao-apos-capitalizacao\/\"><img class=\"mask\" src=\"https:\/\/www.suno.com.br\/noticias\/wp-content\/themes\/suno\/resources\/images\/spotlight\/spotlight1img\/bg-mask.png\" alt=\"Image Mask\"\/><img src=\"https:\/\/files.sunoresearch.com.br\/n\/uploads\/2021\/04\/e17745a5-elet-400x200.webp\" alt=\"Para ex-CEO da Eletrobras (ELET3), companhia pode virar corpora\u00e7\u00e3o ap\u00f3s capitaliza\u00e7\u00e3o\"\/><\/a><span class=\"spotlightCategory\"><a href=\"https:\/\/www.suno.com.br\/noticias\/negocios\/\">Neg\u00f3cios<\/a><\/span><\/div><div class=\"cardsPage__listCard__boxs__content\"><a href=\"https:\/\/www.suno.com.br\/noticias\/para-ex-ceo-da-eletrobras-elet3-companhia-pode-virar-corporacao-apos-capitalizacao\/\"><h2 class=\"content__title\">Para ex-CEO da Eletrobras (ELET3), companhia pode virar corpora\u00e7\u00e3o ap\u00f3s capitaliza\u00e7\u00e3o<\/h2><\/a><div class=\"newsContent__article__meta\"><div class=\"newsContent__article__meta__authorBox\"><a href=\"https:\/\/www.suno.com.br\/noticias\/author\/vitor-azevedo\/\" class=\"authorBox__avatar noMobi\"><img src=\"https:\/\/secure.gravatar.com\/avatar\/62b86195291b446fe380824eb28b99a5?s=96&#038;r=g\" alt=\"Vitor Azevedo\"><\/a><div class=\"authorBox__name\"><span>por\n\t\t\t<a href=\"https:\/\/www.suno.com.br\/noticias\/author\/vitor-azevedo\/\"><span itemprop=\"author\">Vitor Azevedo<\/span><\/a><\/span><time datetime=\"2021-04-22T12:35:28-03:00\" itemprop=\"datePublished\">22\/04\/2021 12:35<\/time><\/div><\/div><\/div><\/div><\/div>","single_layout":"posts","amp_enabled":true,"_links":{"self":[{"href":"https:\/\/www.suno.com.br\/noticias\/wp-json\/wp\/v2\/posts\/141339"}],"collection":[{"href":"https:\/\/www.suno.com.br\/noticias\/wp-json\/wp\/v2\/posts"}],"about":[{"href":"https:\/\/www.suno.com.br\/noticias\/wp-json\/wp\/v2\/types\/post"}],"author":[{"embeddable":true,"href":"https:\/\/www.suno.com.br\/noticias\/wp-json\/wp\/v2\/users\/59"}],"replies":[{"embeddable":true,"href":"https:\/\/www.suno.com.br\/noticias\/wp-json\/wp\/v2\/comments?post=141339"}],"version-history":[{"count":4,"href":"https:\/\/www.suno.com.br\/noticias\/wp-json\/wp\/v2\/posts\/141339\/revisions"}],"predecessor-version":[{"id":141642,"href":"https:\/\/www.suno.com.br\/noticias\/wp-json\/wp\/v2\/posts\/141339\/revisions\/141642"}],"wp:featuredmedia":[{"embeddable":true,"href":"https:\/\/www.suno.com.br\/noticias\/wp-json\/wp\/v2\/media\/138064"}],"wp:attachment":[{"href":"https:\/\/www.suno.com.br\/noticias\/wp-json\/wp\/v2\/media?parent=141339"}],"wp:term":[{"taxonomy":"category","embeddable":true,"href":"https:\/\/www.suno.com.br\/noticias\/wp-json\/wp\/v2\/categories?post=141339"},{"taxonomy":"post_tag","embeddable":true,"href":"https:\/\/www.suno.com.br\/noticias\/wp-json\/wp\/v2\/tags?post=141339"},{"taxonomy":"suno_strategy","embeddable":true,"href":"https:\/\/www.suno.com.br\/noticias\/wp-json\/wp\/v2\/suno_strategy?post=141339"}],"curies":[{"name":"wp","href":"https:\/\/api.w.org\/{rel}","templated":true}]}}