{"id":141315,"date":"2021-04-22T17:35:40","date_gmt":"2021-04-22T20:35:40","guid":{"rendered":"https:\/\/www.suno.com.br\/noticias\/?p=141315"},"modified":"2021-04-22T17:35:40","modified_gmt":"2021-04-22T20:35:40","slug":"bce-lagarde-curto-prazo-incertezas-covid","status":"publish","type":"post","link":"https:\/\/www.suno.com.br\/noticias\/bce-lagarde-curto-prazo-incertezas-covid\/","title":{"rendered":"BCE: perspectiva de curto prazo segue comprometida por incertezas da covid"},"content":{"rendered":"<p>A presidente do <a href=\"https:\/\/www.suno.com.br\/artigos\/bce\/\">Banco Central Europeu<strong> (BCE)<\/strong><\/a>, <a href=\"https:\/\/www.suno.com.br\/tudo-sobre\/christine-lagarde\/\">Christine Lagarde<\/a>, disse nesta quinta-feira (22) que a perspectiva de curto prazo da zona do euro segue comprometida por incertezas ligadas \u00e0 pandemia de covid-19 e aos esfor\u00e7os de vacina\u00e7\u00e3o contra a doen\u00e7a.<\/p>\t<div class=\"wrapper-featured-image\">\n\t\t<figure class=\"spotlightImg\">\n\n\t\t\t<picture>\n\t\t\t\t<source media=\"(max-width: 768px)\" srcset=\"https:\/\/files.sunoresearch.com.br\/n\/uploads\/2021\/04\/487f7d54-bank-879381_1280-400x200.webp\">\n\t\t\t\t<img loading=\"lazy\" decoding=\"async\" class=\"newsContent__article__imgCapa lazyloadDisabled \" src=\"https:\/\/files.sunoresearch.com.br\/n\/uploads\/2021\/04\/487f7d54-bank-879381_1280-800x450.webp\" width=\"800\" height=\"450\" alt=\"BCE: perspectiva de curto prazo segue comprometida por incertezas da covid\" fetchpriority=high \/>\n\t\t\t<\/picture>\n\n\t\t\t<figcaption class=\"wp-caption-text wp-caption-text--show\">BCE. Foto: Pixabay<\/figcaption>\n\t\t<\/figure>\n\t<\/div>\n\n\n\t<p>\n\t\t<a href=\"https:\/\/lp.suno.com.br\/planilha-controle-gastos\/\" target=\"_blank\" data-element=\"shortcode-suno-banner\" title=\"Banner SUNO, clique e saiba mais\">\n\t\t\t<picture>\n\t\t\t\t<source media=\"(max-width: 500px)\" srcset=\"https:\/\/files.sunoresearch.com.br\/n\/uploads\/2023\/03\/400x300-Planilha-controle-de-gastos.png\">\n\t\t\t\t<img class=\"newsContent__article__imgCapa newsContent__article__imgCapa--banner\"\n\t\t\t\t\tsrc=\"https:\/\/files.sunoresearch.com.br\/n\/uploads\/2023\/03\/1420x240-Planilha-controle-de-gastos.png\"\n\t\t\t\t\tdata-promo-id=\"101751\"\t\t\t\t\t\t\t\t\t\twidth='1420' height='240'\t\t\t\t\talt=\"https:\/\/files.sunoresearch.com.br\/n\/uploads\/2023\/03\/1420x240-Planilha-controle-de-gastos.png\"\n\t\t\t\t>\n\t\t\t<\/picture>\n\t\t<\/a>\n\t<\/p>\n\n\n<p>Em coletiva de imprensa que se seguiu \u00e0 decis\u00e3o do BCE de manter sua pol\u00edtica monet\u00e1ria inalterada, Lagarde ressaltou, por\u00e9m, que a expectativa \u00e9 de forte recupera\u00e7\u00e3o da atividade econ\u00f4mica da zona do euro ao longo de 2021, \u00e0 medida que os esfor\u00e7os de vacina\u00e7\u00e3o progredirem e medidas de restri\u00e7\u00e3o forem retiradas.<\/p>\n<p>Lagarde disse tamb\u00e9m que a infla\u00e7\u00e3o da regi\u00e3o ganhou for\u00e7a nos \u00faltimos meses, gra\u00e7as a fatores tempor\u00e1rios e a um aumento nos pre\u00e7os de energia, mas destacou que as <a href=\"https:\/\/www.suno.com.br\/artigos\/inflacao\/\">press\u00f5es inflacion\u00e1rias<\/a> subjacentes permanecem contidas, num &#8220;contexto de significativa ociosidade e demanda ainda fraca&#8221;.<\/p>\n<p><a href=\"https:\/\/lp.suno.com.br\/suno-one\/\">Suno One: acesse gratuitamente eBooks, Minicursos, Artigos e Video Aulas sobre investimentos com um \u00fanico cadastro. Clique para saber mais!<\/a><\/p>\n<p>Christine Lagarde disse, ainda, que o BCE poder\u00e1 recalibrar suas compras de ativos para sustentar a economia, se necess\u00e1rio. Mais cedo, em decis\u00e3o de pol\u00edtica monet\u00e1ria, o BCE afirmou que continuar\u00e1 comprando ativos por meio do programa emergencial conhecido como PEPP em ritmo consideravelmente mais r\u00e1pido do que nos primeiros meses do ano.<\/p>\n<p>Na coletiva de imprensa, Lagarde tamb\u00e9m comentou que, no m\u00e9dio prazo, a recupera\u00e7\u00e3o da zona do euro dever\u00e1 se sustentada pela retomada da demanda global.<\/p>\n<p>Lagarde disse ainda que os consumidores da zona do euro permanecem cautelosos em fun\u00e7\u00e3o da pandemia de covid-19, mas ressaltou que dados de alta frequ\u00eancia apontam para retomada da economia no segundo trimestre.<\/p>\n<p>Em rela\u00e7\u00e3o ao primeiro trimestre, Lagarde acredita que o <a href=\"https:\/\/www.suno.com.br\/artigos\/pib-produto-interno-bruto\/\">Produto Interno Bruto (PIB)<\/a> da regi\u00e3o pode ter se contra\u00eddo, uma vez que o aumento nos casos de covid-19 e ado\u00e7\u00e3o de medidas restritivas pesaram sobre a atividade econ\u00f4mica.<\/p>\n<p><b>Infla\u00e7\u00e3o<\/b><\/p>\n<p>A presidente do Banco Central Europeu projetou que a infla\u00e7\u00e3o na zona do euro &#8220;deve aumentar nos pr\u00f3ximos meses&#8221;, com volatilidade ao longo do ano. Segundo ela, as press\u00f5es sobre os pre\u00e7os aumentar\u00e3o em 2021, com o retorno gradual da demanda e da oferta, conforme a vacina\u00e7\u00e3o contra a covid-19 se dissemine e restri\u00e7\u00f5es \u00e0 atividade sejam retiradas.<\/p>\n<p>Lagarde comentou, por\u00e9m, que ainda \u00e9 necess\u00e1rio um &#8220;amplo grau de acomoda\u00e7\u00e3o monet\u00e1ria&#8221; para sustentar a economia. Ela voltou a comentar que seria &#8220;prematuro&#8221; discutir a diminui\u00e7\u00e3o da compra de ativos pelo banco central agora e que o tema n\u00e3o esteve em pauta na reuni\u00e3o de hoje.<\/p>\n<p>Segundo ela, essas decis\u00f5es sobre compras de ativos n\u00e3o seguem um calend\u00e1rio, mas depender\u00e3o dos indicadores. Lagarde ainda comentou o &#8220;claro e significativo&#8221; aumento nas compras pelo Programa de Compras de Emerg\u00eancia na Pandemia (PEPP, na sigla em ingl\u00eas) e disse que isso continuar\u00e1 a ocorrer.<\/p>\n\t<div data-element=\"shortcode-read-more\" class=\"knowMore\">\n\t\t\t\t<span class=\"knowMore__title\">Veja Tamb\u00e9m<\/span>\n\t\t\t\t<a class=\"knowMore__link\" href=\"https:\/\/www.suno.com.br\/noticias\/bce-elevado-compras-ativos-aperto\/\">\n\t\t\tBCE diz ter elevado compras de ativos para evitar aperto em condi\u00e7\u00f5es financeiras\t\t<\/a>\n\t<\/div>\n\n\n<p>A presidente do BCE voltou a enfatizar a import\u00e2ncia de uma pol\u00edtica fiscal &#8220;ambiciosa e coordenada&#8221; para apoiar a zona do euro. &#8220;Reiteramos a urg\u00eancia de implementa\u00e7\u00e3o do Fundo de Recupera\u00e7\u00e3o da UE&#8221;, disse, comentando, por\u00e9m, que essa pol\u00edtica fiscal deve ser &#8220;tempor\u00e1ria e direcionada&#8221;, apenas para sustentar a retomada atual.<\/p>\n<p><strong>Lagarde<\/strong> ainda falou sobre os movimentos do euro. Como costuma fazer, ela reiterou que o <strong>BCE<\/strong> &#8220;n\u00e3o tem meta&#8221; para a taxa de c\u00e2mbio, mas notou que a quest\u00e3o \u00e9 &#8220;monitorada de perto&#8221; pela institui\u00e7\u00e3o.<\/p>\n<p><em>Com informa\u00e7\u00f5es do Estad\u00e3o Conte\u00fado<\/em><\/p>\n\t<p>\n\t\t<a href=\"https:\/\/lp.suno.com.br\/planilha-de-controle-de-investimentos\/\" target=\"_blank\" data-element=\"shortcode-suno-banner\" title=\"Banner SUNO, clique e saiba mais\">\n\t\t\t<picture>\n\t\t\t\t<source media=\"(max-width: 500px)\" srcset=\"https:\/\/files.sunoresearch.com.br\/n\/uploads\/2023\/03\/400x300-Controle-de-Investimentos.png\">\n\t\t\t\t<img class=\"newsContent__article__imgCapa newsContent__article__imgCapa--banner\"\n\t\t\t\t\tsrc=\"https:\/\/files.sunoresearch.com.br\/n\/uploads\/2023\/03\/1420x240-Controle-de-Investimentos.png\"\n\t\t\t\t\tdata-promo-id=\"75934\"\t\t\t\t\t\t\t\t\t\twidth='1420' height='240'\t\t\t\t\talt=\"https:\/\/files.sunoresearch.com.br\/n\/uploads\/2023\/03\/1420x240-Controle-de-Investimentos.png\"\n\t\t\t\t>\n\t\t\t<\/picture>\n\t\t<\/a>\n\t<\/p>\n\n\n","protected":false},"excerpt":{"rendered":"<p>A presidente do Banco Central Europeu (BCE), Christine Lagarde, disse nesta quinta-feira (22) que a perspectiva de curto prazo da zona do euro segue comprometida por incertezas ligadas \u00e0 pandemia de covid-19 e aos esfor\u00e7os de vacina\u00e7\u00e3o contra a doen\u00e7a. BCE. Foto: Pixabay Em coletiva de imprensa que se seguiu \u00e0 decis\u00e3o do BCE de [&hellip;]<\/p>\n","protected":false},"author":56,"featured_media":141513,"comment_status":"closed","ping_status":"closed","sticky":false,"template":"","format":"standard","meta":[],"categories":[63],"tags":[863,1528],"suno_strategy":[],"class_list":["post-141315","post","type-post","status-publish","format-standard","has-post-thumbnail","hentry","category-internacional","tag-banco-central-europeu-bce","tag-christine-lagarde"],"yoast_head":"<!-- This site is optimized with the Yoast SEO plugin v24.4 - https:\/\/yoast.com\/wordpress\/plugins\/seo\/ -->\n<title>BCE: perspectiva de curto prazo segue comprometida por incertezas da covid<\/title>\n<meta name=\"description\" content=\"A presidente do BCE, Christine Lagarde, disse que a perspectiva de curto prazo da zona do euro segue comprometida pela pandemia. Clique aqui para saber mais.\" \/>\n<meta name=\"robots\" content=\"index, follow, max-snippet:-1, max-image-preview:large, max-video-preview:-1\" \/>\n<link rel=\"canonical\" href=\"https:\/\/www.suno.com.br\/noticias\/bce-lagarde-curto-prazo-incertezas-covid\/\" \/>\n<meta property=\"og:locale\" content=\"pt_BR\" \/>\n<meta property=\"og:type\" content=\"article\" \/>\n<meta property=\"og:title\" content=\"BCE: perspectiva de curto prazo segue comprometida por incertezas da covid\" \/>\n<meta property=\"og:description\" content=\"A presidente do BCE, Christine Lagarde, disse que a perspectiva de curto prazo da zona do euro segue comprometida pela pandemia. Clique aqui para saber mais.\" \/>\n<meta property=\"og:url\" content=\"https:\/\/www.suno.com.br\/noticias\/bce-lagarde-curto-prazo-incertezas-covid\/\" \/>\n<meta property=\"og:site_name\" content=\"Suno Not\u00edcias\" \/>\n<meta property=\"article:publisher\" content=\"https:\/\/facebook.com\/sunoresearch\" \/>\n<meta property=\"og:image\" content=\"https:\/\/files.sunoresearch.com.br\/n\/uploads\/2021\/04\/487f7d54-bank-879381_1280.jpg\" \/>\n\t<meta property=\"og:image:width\" content=\"1280\" \/>\n\t<meta property=\"og:image:height\" content=\"682\" \/>\n\t<meta property=\"og:image:type\" content=\"image\/jpeg\" \/>\n<meta name=\"author\" content=\"Rafaela La Regina\" \/>\n<meta name=\"twitter:card\" content=\"summary_large_image\" \/>\n<meta name=\"twitter:creator\" content=\"@sunoresearch\" \/>\n<meta name=\"twitter:site\" content=\"@sunoresearch\" \/>\n<meta name=\"twitter:label1\" content=\"Escrito por\" \/>\n\t<meta name=\"twitter:data1\" content=\"Rafaela La Regina\" \/>\n\t<meta name=\"twitter:label2\" content=\"Est. tempo de leitura\" \/>\n\t<meta name=\"twitter:data2\" content=\"3 minutos\" \/>\n<script type=\"application\/ld+json\" class=\"yoast-schema-graph\">{\"@context\":\"https:\/\/schema.org\",\"@graph\":[{\"@type\":\"NewsArticle\",\"@id\":\"https:\/\/www.suno.com.br\/noticias\/bce-lagarde-curto-prazo-incertezas-covid\/#article\",\"isPartOf\":{\"@id\":\"https:\/\/www.suno.com.br\/noticias\/bce-lagarde-curto-prazo-incertezas-covid\/\"},\"author\":{\"name\":\"Rafaela La Regina\",\"@id\":\"https:\/\/www.suno.com.br\/noticias\/#\/schema\/person\/e672ca8cea627fe715fa29bca7da95e0\"},\"headline\":\"BCE: perspectiva de curto prazo segue comprometida por incertezas da covid\",\"datePublished\":\"2021-04-22T20:35:40+00:00\",\"mainEntityOfPage\":{\"@id\":\"https:\/\/www.suno.com.br\/noticias\/bce-lagarde-curto-prazo-incertezas-covid\/\"},\"wordCount\":634,\"publisher\":{\"@id\":\"https:\/\/www.suno.com.br\/noticias\/#organization\"},\"image\":{\"@id\":\"https:\/\/www.suno.com.br\/noticias\/bce-lagarde-curto-prazo-incertezas-covid\/#primaryimage\"},\"thumbnailUrl\":\"https:\/\/files.sunoresearch.com.br\/n\/uploads\/2021\/04\/487f7d54-bank-879381_1280-jpg.webp\",\"keywords\":[\"Banco Central Europeu (BCE)\",\"Christine Lagarde\"],\"articleSection\":[\"Internacional\"],\"inLanguage\":\"pt-BR\"},{\"@type\":\"WebPage\",\"@id\":\"https:\/\/www.suno.com.br\/noticias\/bce-lagarde-curto-prazo-incertezas-covid\/\",\"url\":\"https:\/\/www.suno.com.br\/noticias\/bce-lagarde-curto-prazo-incertezas-covid\/\",\"name\":\"BCE: perspectiva de curto prazo segue comprometida por incertezas da covid\",\"isPartOf\":{\"@id\":\"https:\/\/www.suno.com.br\/noticias\/#website\"},\"primaryImageOfPage\":{\"@id\":\"https:\/\/www.suno.com.br\/noticias\/bce-lagarde-curto-prazo-incertezas-covid\/#primaryimage\"},\"image\":{\"@id\":\"https:\/\/www.suno.com.br\/noticias\/bce-lagarde-curto-prazo-incertezas-covid\/#primaryimage\"},\"thumbnailUrl\":\"https:\/\/files.sunoresearch.com.br\/n\/uploads\/2021\/04\/487f7d54-bank-879381_1280-jpg.webp\",\"datePublished\":\"2021-04-22T20:35:40+00:00\",\"description\":\"A presidente do BCE, Christine Lagarde, disse que a perspectiva de curto prazo da zona do euro segue comprometida pela pandemia. Clique aqui para saber mais.\",\"breadcrumb\":{\"@id\":\"https:\/\/www.suno.com.br\/noticias\/bce-lagarde-curto-prazo-incertezas-covid\/#breadcrumb\"},\"inLanguage\":\"pt-BR\",\"potentialAction\":[{\"@type\":\"ReadAction\",\"target\":[\"https:\/\/www.suno.com.br\/noticias\/bce-lagarde-curto-prazo-incertezas-covid\/\"]}]},{\"@type\":\"ImageObject\",\"inLanguage\":\"pt-BR\",\"@id\":\"https:\/\/www.suno.com.br\/noticias\/bce-lagarde-curto-prazo-incertezas-covid\/#primaryimage\",\"url\":\"https:\/\/files.sunoresearch.com.br\/n\/uploads\/2021\/04\/487f7d54-bank-879381_1280-jpg.webp\",\"contentUrl\":\"https:\/\/files.sunoresearch.com.br\/n\/uploads\/2021\/04\/487f7d54-bank-879381_1280-jpg.webp\",\"width\":1280,\"height\":682,\"caption\":\"BCE. Foto: Pixabay\"},{\"@type\":\"BreadcrumbList\",\"@id\":\"https:\/\/www.suno.com.br\/noticias\/bce-lagarde-curto-prazo-incertezas-covid\/#breadcrumb\",\"itemListElement\":[{\"@type\":\"ListItem\",\"position\":1,\"name\":\"Not\u00edcias\",\"item\":\"https:\/\/www.suno.com.br\/noticias\/\"},{\"@type\":\"ListItem\",\"position\":2,\"name\":\"Internacional\",\"item\":\"https:\/\/www.suno.com.br\/noticias\/internacional\/\"},{\"@type\":\"ListItem\",\"position\":3,\"name\":\"BCE: perspectiva de curto prazo segue comprometida por incertezas da covid\"}]},{\"@type\":\"WebSite\",\"@id\":\"https:\/\/www.suno.com.br\/noticias\/#website\",\"url\":\"https:\/\/www.suno.com.br\/noticias\/\",\"name\":\"Suno Not\u00edcias\",\"description\":\"Seu portal de informa\u00e7\u00e3o sobre o mundo dos investimentos\",\"publisher\":{\"@id\":\"https:\/\/www.suno.com.br\/noticias\/#organization\"},\"potentialAction\":[{\"@type\":\"SearchAction\",\"target\":{\"@type\":\"EntryPoint\",\"urlTemplate\":\"https:\/\/www.suno.com.br\/noticias\/?s={search_term_string}\"},\"query-input\":{\"@type\":\"PropertyValueSpecification\",\"valueRequired\":true,\"valueName\":\"search_term_string\"}}],\"inLanguage\":\"pt-BR\"},{\"@type\":\"Organization\",\"@id\":\"https:\/\/www.suno.com.br\/noticias\/#organization\",\"name\":\"Suno Not\u00edcias\",\"url\":\"https:\/\/www.suno.com.br\/noticias\/\",\"logo\":{\"@type\":\"ImageObject\",\"inLanguage\":\"pt-BR\",\"@id\":\"https:\/\/www.suno.com.br\/noticias\/#\/schema\/logo\/image\/\",\"url\":\"https:\/\/files.sunoresearch.com.br\/n\/uploads\/2021\/09\/suno-logo.png\",\"contentUrl\":\"https:\/\/files.sunoresearch.com.br\/n\/uploads\/2021\/09\/suno-logo.png\",\"width\":180,\"height\":180,\"caption\":\"Suno Not\u00edcias\"},\"image\":{\"@id\":\"https:\/\/www.suno.com.br\/noticias\/#\/schema\/logo\/image\/\"},\"sameAs\":[\"https:\/\/facebook.com\/sunoresearch\",\"https:\/\/x.com\/sunoresearch\",\"https:\/\/www.instagram.com\/suno\",\"https:\/\/www.linkedin.com\/company\/suno-research\/\",\"https:\/\/www.youtube.com\/c\/sunoresearch\"]},{\"@type\":\"Person\",\"@id\":\"https:\/\/www.suno.com.br\/noticias\/#\/schema\/person\/e672ca8cea627fe715fa29bca7da95e0\",\"name\":\"Rafaela La Regina\",\"image\":{\"@type\":\"ImageObject\",\"inLanguage\":\"pt-BR\",\"@id\":\"https:\/\/www.suno.com.br\/noticias\/#\/schema\/person\/image\/\",\"url\":\"https:\/\/secure.gravatar.com\/avatar\/d2c75a52d243deb93d0465fdcb21bd37?s=96&r=g\",\"contentUrl\":\"https:\/\/secure.gravatar.com\/avatar\/d2c75a52d243deb93d0465fdcb21bd37?s=96&r=g\",\"caption\":\"Rafaela La Regina\"},\"description\":\"Estagi\u00e1ria no Suno Not\u00edcias. Escreve sobre economia, pol\u00edtica e neg\u00f3cios. Estuda Rela\u00e7\u00f5es Internacionais no IBMEC-SP.\",\"url\":\"https:\/\/www.suno.com.br\/noticias\/author\/rafaela-la-regina\/\"}]}<\/script>\n<!-- \/ Yoast SEO plugin. -->","yoast_head_json":{"title":"BCE: perspectiva de curto prazo segue comprometida por incertezas da covid","description":"A presidente do BCE, Christine Lagarde, disse que a perspectiva de curto prazo da zona do euro segue comprometida pela pandemia. Clique aqui para saber mais.","robots":{"index":"index","follow":"follow","max-snippet":"max-snippet:-1","max-image-preview":"max-image-preview:large","max-video-preview":"max-video-preview:-1"},"canonical":"https:\/\/www.suno.com.br\/noticias\/bce-lagarde-curto-prazo-incertezas-covid\/","og_locale":"pt_BR","og_type":"article","og_title":"BCE: perspectiva de curto prazo segue comprometida por incertezas da covid","og_description":"A presidente do BCE, Christine Lagarde, disse que a perspectiva de curto prazo da zona do euro segue comprometida pela pandemia. Clique aqui para saber mais.","og_url":"https:\/\/www.suno.com.br\/noticias\/bce-lagarde-curto-prazo-incertezas-covid\/","og_site_name":"Suno Not\u00edcias","article_publisher":"https:\/\/facebook.com\/sunoresearch","og_image":[{"width":1280,"height":682,"url":"https:\/\/files.sunoresearch.com.br\/n\/uploads\/2021\/04\/487f7d54-bank-879381_1280.jpg","type":"image\/jpeg"}],"author":"Rafaela La Regina","twitter_card":"summary_large_image","twitter_creator":"@sunoresearch","twitter_site":"@sunoresearch","twitter_misc":{"Escrito por":"Rafaela La Regina","Est. tempo de leitura":"3 minutos"},"schema":{"@context":"https:\/\/schema.org","@graph":[{"@type":"NewsArticle","@id":"https:\/\/www.suno.com.br\/noticias\/bce-lagarde-curto-prazo-incertezas-covid\/#article","isPartOf":{"@id":"https:\/\/www.suno.com.br\/noticias\/bce-lagarde-curto-prazo-incertezas-covid\/"},"author":{"name":"Rafaela La Regina","@id":"https:\/\/www.suno.com.br\/noticias\/#\/schema\/person\/e672ca8cea627fe715fa29bca7da95e0"},"headline":"BCE: perspectiva de curto prazo segue comprometida por incertezas da covid","datePublished":"2021-04-22T20:35:40+00:00","mainEntityOfPage":{"@id":"https:\/\/www.suno.com.br\/noticias\/bce-lagarde-curto-prazo-incertezas-covid\/"},"wordCount":634,"publisher":{"@id":"https:\/\/www.suno.com.br\/noticias\/#organization"},"image":{"@id":"https:\/\/www.suno.com.br\/noticias\/bce-lagarde-curto-prazo-incertezas-covid\/#primaryimage"},"thumbnailUrl":"https:\/\/files.sunoresearch.com.br\/n\/uploads\/2021\/04\/487f7d54-bank-879381_1280-jpg.webp","keywords":["Banco Central Europeu (BCE)","Christine Lagarde"],"articleSection":["Internacional"],"inLanguage":"pt-BR"},{"@type":"WebPage","@id":"https:\/\/www.suno.com.br\/noticias\/bce-lagarde-curto-prazo-incertezas-covid\/","url":"https:\/\/www.suno.com.br\/noticias\/bce-lagarde-curto-prazo-incertezas-covid\/","name":"BCE: perspectiva de curto prazo segue comprometida por incertezas da covid","isPartOf":{"@id":"https:\/\/www.suno.com.br\/noticias\/#website"},"primaryImageOfPage":{"@id":"https:\/\/www.suno.com.br\/noticias\/bce-lagarde-curto-prazo-incertezas-covid\/#primaryimage"},"image":{"@id":"https:\/\/www.suno.com.br\/noticias\/bce-lagarde-curto-prazo-incertezas-covid\/#primaryimage"},"thumbnailUrl":"https:\/\/files.sunoresearch.com.br\/n\/uploads\/2021\/04\/487f7d54-bank-879381_1280-jpg.webp","datePublished":"2021-04-22T20:35:40+00:00","description":"A presidente do BCE, Christine Lagarde, disse que a perspectiva de curto prazo da zona do euro segue comprometida pela pandemia. Clique aqui para saber mais.","breadcrumb":{"@id":"https:\/\/www.suno.com.br\/noticias\/bce-lagarde-curto-prazo-incertezas-covid\/#breadcrumb"},"inLanguage":"pt-BR","potentialAction":[{"@type":"ReadAction","target":["https:\/\/www.suno.com.br\/noticias\/bce-lagarde-curto-prazo-incertezas-covid\/"]}]},{"@type":"ImageObject","inLanguage":"pt-BR","@id":"https:\/\/www.suno.com.br\/noticias\/bce-lagarde-curto-prazo-incertezas-covid\/#primaryimage","url":"https:\/\/files.sunoresearch.com.br\/n\/uploads\/2021\/04\/487f7d54-bank-879381_1280-jpg.webp","contentUrl":"https:\/\/files.sunoresearch.com.br\/n\/uploads\/2021\/04\/487f7d54-bank-879381_1280-jpg.webp","width":1280,"height":682,"caption":"BCE. Foto: Pixabay"},{"@type":"BreadcrumbList","@id":"https:\/\/www.suno.com.br\/noticias\/bce-lagarde-curto-prazo-incertezas-covid\/#breadcrumb","itemListElement":[{"@type":"ListItem","position":1,"name":"Not\u00edcias","item":"https:\/\/www.suno.com.br\/noticias\/"},{"@type":"ListItem","position":2,"name":"Internacional","item":"https:\/\/www.suno.com.br\/noticias\/internacional\/"},{"@type":"ListItem","position":3,"name":"BCE: perspectiva de curto prazo segue comprometida por incertezas da covid"}]},{"@type":"WebSite","@id":"https:\/\/www.suno.com.br\/noticias\/#website","url":"https:\/\/www.suno.com.br\/noticias\/","name":"Suno Not\u00edcias","description":"Seu portal de informa\u00e7\u00e3o sobre o mundo dos investimentos","publisher":{"@id":"https:\/\/www.suno.com.br\/noticias\/#organization"},"potentialAction":[{"@type":"SearchAction","target":{"@type":"EntryPoint","urlTemplate":"https:\/\/www.suno.com.br\/noticias\/?s={search_term_string}"},"query-input":{"@type":"PropertyValueSpecification","valueRequired":true,"valueName":"search_term_string"}}],"inLanguage":"pt-BR"},{"@type":"Organization","@id":"https:\/\/www.suno.com.br\/noticias\/#organization","name":"Suno Not\u00edcias","url":"https:\/\/www.suno.com.br\/noticias\/","logo":{"@type":"ImageObject","inLanguage":"pt-BR","@id":"https:\/\/www.suno.com.br\/noticias\/#\/schema\/logo\/image\/","url":"https:\/\/files.sunoresearch.com.br\/n\/uploads\/2021\/09\/suno-logo.png","contentUrl":"https:\/\/files.sunoresearch.com.br\/n\/uploads\/2021\/09\/suno-logo.png","width":180,"height":180,"caption":"Suno Not\u00edcias"},"image":{"@id":"https:\/\/www.suno.com.br\/noticias\/#\/schema\/logo\/image\/"},"sameAs":["https:\/\/facebook.com\/sunoresearch","https:\/\/x.com\/sunoresearch","https:\/\/www.instagram.com\/suno","https:\/\/www.linkedin.com\/company\/suno-research\/","https:\/\/www.youtube.com\/c\/sunoresearch"]},{"@type":"Person","@id":"https:\/\/www.suno.com.br\/noticias\/#\/schema\/person\/e672ca8cea627fe715fa29bca7da95e0","name":"Rafaela La Regina","image":{"@type":"ImageObject","inLanguage":"pt-BR","@id":"https:\/\/www.suno.com.br\/noticias\/#\/schema\/person\/image\/","url":"https:\/\/secure.gravatar.com\/avatar\/d2c75a52d243deb93d0465fdcb21bd37?s=96&r=g","contentUrl":"https:\/\/secure.gravatar.com\/avatar\/d2c75a52d243deb93d0465fdcb21bd37?s=96&r=g","caption":"Rafaela La Regina"},"description":"Estagi\u00e1ria no Suno Not\u00edcias. Escreve sobre economia, pol\u00edtica e neg\u00f3cios. Estuda Rela\u00e7\u00f5es Internacionais no IBMEC-SP.","url":"https:\/\/www.suno.com.br\/noticias\/author\/rafaela-la-regina\/"}]}},"default_loop_html":"<div class=\"cardsPage__listCard__boxs\"><div class=\"cardsPage__listCard__boxs__img\"><a href=\"https:\/\/www.suno.com.br\/noticias\/bce-lagarde-curto-prazo-incertezas-covid\/\"><img class=\"mask\" src=\"https:\/\/www.suno.com.br\/noticias\/wp-content\/themes\/suno\/resources\/images\/spotlight\/spotlight1img\/bg-mask.png\" alt=\"Image Mask\"\/><img src=\"https:\/\/files.sunoresearch.com.br\/n\/uploads\/2021\/04\/487f7d54-bank-879381_1280-400x200.webp\" alt=\"BCE: perspectiva de curto prazo segue comprometida por incertezas da covid\"\/><\/a><span class=\"spotlightCategory\"><a href=\"https:\/\/www.suno.com.br\/noticias\/internacional\/\">Internacional<\/a><\/span><\/div><div class=\"cardsPage__listCard__boxs__content\"><a href=\"https:\/\/www.suno.com.br\/noticias\/bce-lagarde-curto-prazo-incertezas-covid\/\"><h2 class=\"content__title\">BCE: perspectiva de curto prazo segue comprometida por incertezas da covid<\/h2><\/a><div class=\"newsContent__article__meta\"><div class=\"newsContent__article__meta__authorBox\"><a href=\"https:\/\/www.suno.com.br\/noticias\/author\/rafaela-la-regina\/\" class=\"authorBox__avatar noMobi\"><img src=\"https:\/\/secure.gravatar.com\/avatar\/d2c75a52d243deb93d0465fdcb21bd37?s=96&#038;r=g\" alt=\"Rafaela La Regina\"><\/a><div class=\"authorBox__name\"><span>por\n\t\t\t<a href=\"https:\/\/www.suno.com.br\/noticias\/author\/rafaela-la-regina\/\"><span itemprop=\"author\">Rafaela La Regina<\/span><\/a><\/span><time datetime=\"2021-04-22T17:35:40-03:00\" itemprop=\"datePublished\">22\/04\/2021 17:35<\/time><\/div><\/div><\/div><\/div><\/div>","single_layout":"posts","amp_enabled":true,"_links":{"self":[{"href":"https:\/\/www.suno.com.br\/noticias\/wp-json\/wp\/v2\/posts\/141315"}],"collection":[{"href":"https:\/\/www.suno.com.br\/noticias\/wp-json\/wp\/v2\/posts"}],"about":[{"href":"https:\/\/www.suno.com.br\/noticias\/wp-json\/wp\/v2\/types\/post"}],"author":[{"embeddable":true,"href":"https:\/\/www.suno.com.br\/noticias\/wp-json\/wp\/v2\/users\/56"}],"replies":[{"embeddable":true,"href":"https:\/\/www.suno.com.br\/noticias\/wp-json\/wp\/v2\/comments?post=141315"}],"version-history":[{"count":2,"href":"https:\/\/www.suno.com.br\/noticias\/wp-json\/wp\/v2\/posts\/141315\/revisions"}],"predecessor-version":[{"id":141515,"href":"https:\/\/www.suno.com.br\/noticias\/wp-json\/wp\/v2\/posts\/141315\/revisions\/141515"}],"wp:featuredmedia":[{"embeddable":true,"href":"https:\/\/www.suno.com.br\/noticias\/wp-json\/wp\/v2\/media\/141513"}],"wp:attachment":[{"href":"https:\/\/www.suno.com.br\/noticias\/wp-json\/wp\/v2\/media?parent=141315"}],"wp:term":[{"taxonomy":"category","embeddable":true,"href":"https:\/\/www.suno.com.br\/noticias\/wp-json\/wp\/v2\/categories?post=141315"},{"taxonomy":"post_tag","embeddable":true,"href":"https:\/\/www.suno.com.br\/noticias\/wp-json\/wp\/v2\/tags?post=141315"},{"taxonomy":"suno_strategy","embeddable":true,"href":"https:\/\/www.suno.com.br\/noticias\/wp-json\/wp\/v2\/suno_strategy?post=141315"}],"curies":[{"name":"wp","href":"https:\/\/api.w.org\/{rel}","templated":true}]}}