{"id":141214,"date":"2021-04-21T17:35:44","date_gmt":"2021-04-21T20:35:44","guid":{"rendered":"https:\/\/www.suno.com.br\/noticias\/?p=141214"},"modified":"2021-04-21T17:35:44","modified_gmt":"2021-04-21T20:35:44","slug":"governo-cria-programa-para-incrementar-uso-de-combustivel-sustentavel","status":"publish","type":"post","link":"https:\/\/www.suno.com.br\/noticias\/governo-cria-programa-para-incrementar-uso-de-combustivel-sustentavel\/","title":{"rendered":"Governo cria programa para incrementar uso de combust\u00edvel sustent\u00e1vel"},"content":{"rendered":"<p>O Conselho Nacional de Pol\u00edtica Energ\u00e9tica (CNPE) aprovou na \u00faltima ter\u00e7a-feira (20) resolu\u00e7\u00e3o que institui o Programa <strong>Combust\u00edvel<\/strong> do Futuro, o qual tem como princ\u00edpio o uso de fontes alternativas de energia e o fortalecimento do desenvolvimento tecnol\u00f3gico nacional.<\/p>\t<div class=\"wrapper-featured-image\">\n\t\t<figure class=\"spotlightImg\">\n\n\t\t\t<picture>\n\t\t\t\t<source media=\"(max-width: 768px)\" srcset=\"https:\/\/files.sunoresearch.com.br\/n\/uploads\/2021\/04\/3b581d07-gasoline-175122_1280-400x200.webp\">\n\t\t\t\t<img loading=\"lazy\" decoding=\"async\" class=\"newsContent__article__imgCapa lazyloadDisabled \" src=\"https:\/\/files.sunoresearch.com.br\/n\/uploads\/2021\/04\/3b581d07-gasoline-175122_1280-800x450.webp\" width=\"800\" height=\"450\" alt=\"Governo cria programa para incrementar uso de combust\u00edvel sustent\u00e1vel\" fetchpriority=high \/>\n\t\t\t<\/picture>\n\n\t\t\t<figcaption class=\"wp-caption-text wp-caption-text--show\">ICMS - Foto: Pixabay<\/figcaption>\n\t\t<\/figure>\n\t<\/div>\n\n\n\t<p>\n\t\t<a href=\"https:\/\/lp.suno.com.br\/planilha-controle-gastos\/\" target=\"_blank\" data-element=\"shortcode-suno-banner\" title=\"Banner SUNO, clique e saiba mais\">\n\t\t\t<picture>\n\t\t\t\t<source media=\"(max-width: 500px)\" srcset=\"https:\/\/files.sunoresearch.com.br\/n\/uploads\/2023\/03\/400x300-Planilha-controle-de-gastos.png\">\n\t\t\t\t<img class=\"newsContent__article__imgCapa newsContent__article__imgCapa--banner\"\n\t\t\t\t\tsrc=\"https:\/\/files.sunoresearch.com.br\/n\/uploads\/2023\/03\/1420x240-Planilha-controle-de-gastos.png\"\n\t\t\t\t\tdata-promo-id=\"101751\"\t\t\t\t\t\t\t\t\t\twidth='1420' height='240'\t\t\t\t\talt=\"https:\/\/files.sunoresearch.com.br\/n\/uploads\/2023\/03\/1420x240-Planilha-controle-de-gastos.png\"\n\t\t\t\t>\n\t\t\t<\/picture>\n\t\t<\/a>\n\t<\/p>\n\n\n<p>Segundo\u00a0 o Minist\u00e9rio de Minas e Energia (MME), o programa objetiva a proposi\u00e7\u00e3o de medidas para incrementar o uso de <strong>combust\u00edveis sustent\u00e1veis<\/strong> e de baixa intensidade de carbono no Pa\u00eds. A aplica\u00e7\u00e3o de tecnologia veicular nacional, com biocombust\u00edveis tamb\u00e9m est\u00e1 no escopo do projeto.<\/p>\n<p>\u201cO programa proporcionar\u00e1 o aumento na utiliza\u00e7\u00e3o de combust\u00edveis sustent\u00e1veis e de <strong>baixa intensidade de carbono<\/strong>, incentivando o desenvolvimento de tecnologia veicular nacional, tornando a nossa matriz de transporte mais limpa e sustent\u00e1vel\u201d, disse o chefe da pasta, o ministro Bento Albuquerque, em nota.<\/p>\n<p><span data-sheets-value=\"{&quot;1&quot;:2,&quot;2&quot;:&quot;Suno One: acesse gratuitamente eBooks, Minicursos, Artigos e V\u00eddeo Aulas sobre investimentos com um \u00fanico cadastro. Clique para saber mais! https:\/\/lp.suno.com.br\/suno-one\/&quot;}\" data-sheets-userformat=\"{&quot;2&quot;:6915,&quot;3&quot;:{&quot;1&quot;:0},&quot;4&quot;:[null,2,16777215],&quot;11&quot;:4,&quot;12&quot;:0,&quot;14&quot;:[null,2,0],&quot;15&quot;:&quot;Roboto, RobotoDraft, Helvetica, Arial, sans-serif&quot;}\"><a href=\"https:\/\/lp.suno.com.br\/suno-one\/\">Suno One: acesse gratuitamente eBooks, Minicursos, Artigos e V\u00eddeo Aulas sobre investimentos com um \u00fanico cadastro. Clique para saber mais!<\/a>\u00a0<\/span><\/p>\n<p>O projeto tamb\u00e9m estudar\u00e1, no Ciclo Otto, combust\u00edveis com alta octanagem e baixa emiss\u00e3o de carbono; a promo\u00e7\u00e3o da utiliza\u00e7\u00e3o em larga escala do etanol de segunda gera\u00e7\u00e3o; e o incentivo \u00e0 c\u00e9lula combust\u00edvel a etanol.<\/p>\n<p class=\" \">J\u00e1 no Ciclo Diesel, busca-se a cria\u00e7\u00e3o de corredores verdes para o abastecimento de ve\u00edculos movidos a biometano, g\u00e1s natural ou GNL. Al\u00e9m disso, ser\u00e3o trabalhados os combust\u00edveis sustent\u00e1veis e de baixo carbono, como o diesel verde, o biodiesel e os combust\u00edveis sint\u00e9ticos.<\/p>\n<p class=\" \">\t<div data-element=\"shortcode-read-more\" class=\"knowMore\">\n\t\t\t\t<span class=\"knowMore__title\">Leia mais<\/span>\n\t\t\t\t<a class=\"knowMore__link\" href=\"https:\/\/www.suno.com.br\/noticias\/guedes-bolsonaro-fenomeno-diesel\/\">\n\t\t\tBolsonaro \u00e9 &#039;fen\u00f4meno pol\u00edtico&#039; e \u00e9 natural sua preocupa\u00e7\u00e3o com combust\u00edvel, diz Guedes\t\t<\/a>\n\t<\/div>\n\n<\/p>\n<p>O Combust\u00edvel do Futuro ainda deve incentivar operadores do setor de \u00f3leo e g\u00e1s a investir recursos de pesquisa e desenvolvimento em temas relacionados ao programa.<\/p>\n<h2 class=\" \">MME cria Comit\u00ea T\u00e9cnico do Combust\u00edvel do Futuro<\/h2>\n<p>Adicionalmente, foi criado Comit\u00ea T\u00e9cnico do Combust\u00edvel do Futuro (CT-CF), o qual ser\u00e1 composto por quinze \u00f3rg\u00e3os e coordenado pelo Minist\u00e9rio de Minas e Energia.<\/p>\n<p><span data-sheets-value=\"{&quot;1&quot;:2,&quot;2&quot;:&quot;&quot;}\" data-sheets-userformat=\"{&quot;2&quot;:6723,&quot;3&quot;:{&quot;1&quot;:0},&quot;4&quot;:[null,2,16777215],&quot;9&quot;:0,&quot;12&quot;:0,&quot;14&quot;:[null,2,0],&quot;15&quot;:&quot;Arial&quot;}\">\t<p>\n\t\t<a href=\"https:\/\/lp.suno.com.br\/planilha-da-vida-financeira\/\" target=\"_blank\" data-element=\"shortcode-suno-banner\" title=\"Banner SUNO, clique e saiba mais\">\n\t\t\t<picture>\n\t\t\t\t<source media=\"(max-width: 500px)\" srcset=\"https:\/\/files.sunoresearch.com.br\/n\/uploads\/2023\/04\/400x300-Planilha-vida-financeira-true.png\">\n\t\t\t\t<img class=\"newsContent__article__imgCapa newsContent__article__imgCapa--banner\"\n\t\t\t\t\tsrc=\"https:\/\/files.sunoresearch.com.br\/n\/uploads\/2023\/04\/1420x240-Planilha-vida-financeira-true.png\"\n\t\t\t\t\tdata-promo-id=\"106682\"\t\t\t\t\t\t\t\t\t\twidth='1420' height='240'\t\t\t\t\talt=\"https:\/\/files.sunoresearch.com.br\/n\/uploads\/2023\/04\/1420x240-Planilha-vida-financeira-true.png\"\n\t\t\t\t>\n\t\t\t<\/picture>\n\t\t<\/a>\n\t<\/p>\n\n<\/span><\/p>\n<p class=\" \">A esse comit\u00ea caber\u00e1 propor metodologia de avalia\u00e7\u00e3o do ciclo de vida completo dos <strong>combust\u00edveis<\/strong>; recomendar medidas para aproxima\u00e7\u00e3o dos combust\u00edveis de refer\u00eancia aos combust\u00edveis efetivamente utilizados pelo consumidor, bem como sugerir a\u00e7\u00f5es para fornecer ao cidad\u00e3o informa\u00e7\u00f5es adequadas para a escolha consciente do ve\u00edculo em rela\u00e7\u00e3o aos aspectos de efici\u00eancia energ\u00e9tica e ambiental.<\/p>\n<p><span data-sheets-value=\"{&quot;1&quot;:2,&quot;2&quot;:&quot;&quot;}\" data-sheets-userformat=\"{&quot;2&quot;:513,&quot;3&quot;:{&quot;1&quot;:0},&quot;12&quot;:0}\">\t<p>\n\t\t<a href=\"https:\/\/lp.suno.com.br\/planilha-de-controle-de-investimentos\/\" target=\"_blank\" data-element=\"shortcode-suno-banner\" title=\"Banner SUNO, clique e saiba mais\">\n\t\t\t<picture>\n\t\t\t\t<source media=\"(max-width: 500px)\" srcset=\"https:\/\/files.sunoresearch.com.br\/n\/uploads\/2023\/03\/400x300-Controle-de-Investimentos.png\">\n\t\t\t\t<img class=\"newsContent__article__imgCapa newsContent__article__imgCapa--banner\"\n\t\t\t\t\tsrc=\"https:\/\/files.sunoresearch.com.br\/n\/uploads\/2023\/03\/1420x240-Controle-de-Investimentos.png\"\n\t\t\t\t\tdata-promo-id=\"75934\"\t\t\t\t\t\t\t\t\t\twidth='1420' height='240'\t\t\t\t\talt=\"https:\/\/files.sunoresearch.com.br\/n\/uploads\/2023\/03\/1420x240-Controle-de-Investimentos.png\"\n\t\t\t\t>\n\t\t\t<\/picture>\n\t\t<\/a>\n\t<\/p>\n\n<\/span><\/p>\n","protected":false},"excerpt":{"rendered":"<p>O Conselho Nacional de Pol\u00edtica Energ\u00e9tica (CNPE) aprovou na \u00faltima ter\u00e7a-feira (20) resolu\u00e7\u00e3o que institui o Programa Combust\u00edvel do Futuro, o qual tem como princ\u00edpio o uso de fontes alternativas de energia e o fortalecimento do desenvolvimento tecnol\u00f3gico nacional. ICMS &#8211; Foto: Pixabay Segundo\u00a0 o Minist\u00e9rio de Minas e Energia (MME), o programa objetiva a [&hellip;]<\/p>\n","protected":false},"author":35,"featured_media":141217,"comment_status":"closed","ping_status":"closed","sticky":false,"template":"","format":"standard","meta":[],"categories":[62],"tags":[1437,1227],"suno_strategy":[],"class_list":["post-141214","post","type-post","status-publish","format-standard","has-post-thumbnail","hentry","category-economia","tag-combustiveis","tag-ministerio-de-minas-e-energia"],"yoast_head":"<!-- This site is optimized with the Yoast SEO plugin v24.4 - https:\/\/yoast.com\/wordpress\/plugins\/seo\/ -->\n<title>Governo cria programa para incrementar uso de combust\u00edvel sustent\u00e1vel<\/title>\n<meta name=\"description\" content=\"O Conselho Nacional de Pol\u00edtica Energ\u00e9tica (CNPE) aprovou na \u00faltima ter\u00e7a-feira (20) resolu\u00e7\u00e3o que institui o Programa Combust\u00edvel do Futuro, o qual tem como princ\u00edpio o uso de fontes alternativas de energia e o fortalecimento do desenvolvimento tecnol\u00f3gico nacional.\" \/>\n<meta name=\"robots\" content=\"index, follow, max-snippet:-1, max-image-preview:large, max-video-preview:-1\" \/>\n<link rel=\"canonical\" href=\"https:\/\/www.suno.com.br\/noticias\/governo-cria-programa-para-incrementar-uso-de-combustivel-sustentavel\/\" \/>\n<meta property=\"og:locale\" content=\"pt_BR\" \/>\n<meta property=\"og:type\" content=\"article\" \/>\n<meta property=\"og:title\" content=\"Governo cria programa para incrementar uso de combust\u00edvel sustent\u00e1vel\" \/>\n<meta property=\"og:description\" content=\"O Conselho Nacional de Pol\u00edtica Energ\u00e9tica (CNPE) aprovou na \u00faltima ter\u00e7a-feira (20) resolu\u00e7\u00e3o que institui o Programa Combust\u00edvel do Futuro, o qual tem como princ\u00edpio o uso de fontes alternativas de energia e o fortalecimento do desenvolvimento tecnol\u00f3gico nacional.\" \/>\n<meta property=\"og:url\" content=\"https:\/\/www.suno.com.br\/noticias\/governo-cria-programa-para-incrementar-uso-de-combustivel-sustentavel\/\" \/>\n<meta property=\"og:site_name\" content=\"Suno Not\u00edcias\" \/>\n<meta property=\"article:publisher\" content=\"https:\/\/facebook.com\/sunoresearch\" \/>\n<meta property=\"og:image\" content=\"https:\/\/files.sunoresearch.com.br\/n\/uploads\/2021\/04\/3b581d07-gasoline-175122_1280.jpg\" \/>\n\t<meta property=\"og:image:width\" content=\"1280\" \/>\n\t<meta property=\"og:image:height\" content=\"850\" \/>\n\t<meta property=\"og:image:type\" content=\"image\/jpeg\" \/>\n<meta name=\"author\" content=\"Arthur Guimar\u00e3es\" \/>\n<meta name=\"twitter:card\" content=\"summary_large_image\" \/>\n<meta name=\"twitter:creator\" content=\"@sunoresearch\" \/>\n<meta name=\"twitter:site\" content=\"@sunoresearch\" \/>\n<meta name=\"twitter:label1\" content=\"Escrito por\" \/>\n\t<meta name=\"twitter:data1\" content=\"Arthur Guimar\u00e3es\" \/>\n\t<meta name=\"twitter:label2\" content=\"Est. tempo de leitura\" \/>\n\t<meta name=\"twitter:data2\" content=\"2 minutos\" \/>\n<script type=\"application\/ld+json\" class=\"yoast-schema-graph\">{\"@context\":\"https:\/\/schema.org\",\"@graph\":[{\"@type\":\"NewsArticle\",\"@id\":\"https:\/\/www.suno.com.br\/noticias\/governo-cria-programa-para-incrementar-uso-de-combustivel-sustentavel\/#article\",\"isPartOf\":{\"@id\":\"https:\/\/www.suno.com.br\/noticias\/governo-cria-programa-para-incrementar-uso-de-combustivel-sustentavel\/\"},\"author\":{\"name\":\"Arthur Guimar\u00e3es\",\"@id\":\"https:\/\/www.suno.com.br\/noticias\/#\/schema\/person\/053a750a709a263919a20f976caae91c\"},\"headline\":\"Governo cria programa para incrementar uso de combust\u00edvel sustent\u00e1vel\",\"datePublished\":\"2021-04-21T20:35:44+00:00\",\"mainEntityOfPage\":{\"@id\":\"https:\/\/www.suno.com.br\/noticias\/governo-cria-programa-para-incrementar-uso-de-combustivel-sustentavel\/\"},\"wordCount\":422,\"publisher\":{\"@id\":\"https:\/\/www.suno.com.br\/noticias\/#organization\"},\"image\":{\"@id\":\"https:\/\/www.suno.com.br\/noticias\/governo-cria-programa-para-incrementar-uso-de-combustivel-sustentavel\/#primaryimage\"},\"thumbnailUrl\":\"https:\/\/files.sunoresearch.com.br\/n\/uploads\/2021\/04\/3b581d07-gasoline-175122_1280-jpg.webp\",\"keywords\":[\"combust\u00edveis\",\"Minist\u00e9rio de Minas e Energia\"],\"articleSection\":[\"Economia\"],\"inLanguage\":\"pt-BR\"},{\"@type\":\"WebPage\",\"@id\":\"https:\/\/www.suno.com.br\/noticias\/governo-cria-programa-para-incrementar-uso-de-combustivel-sustentavel\/\",\"url\":\"https:\/\/www.suno.com.br\/noticias\/governo-cria-programa-para-incrementar-uso-de-combustivel-sustentavel\/\",\"name\":\"Governo cria programa para incrementar uso de combust\u00edvel sustent\u00e1vel\",\"isPartOf\":{\"@id\":\"https:\/\/www.suno.com.br\/noticias\/#website\"},\"primaryImageOfPage\":{\"@id\":\"https:\/\/www.suno.com.br\/noticias\/governo-cria-programa-para-incrementar-uso-de-combustivel-sustentavel\/#primaryimage\"},\"image\":{\"@id\":\"https:\/\/www.suno.com.br\/noticias\/governo-cria-programa-para-incrementar-uso-de-combustivel-sustentavel\/#primaryimage\"},\"thumbnailUrl\":\"https:\/\/files.sunoresearch.com.br\/n\/uploads\/2021\/04\/3b581d07-gasoline-175122_1280-jpg.webp\",\"datePublished\":\"2021-04-21T20:35:44+00:00\",\"description\":\"O Conselho Nacional de Pol\u00edtica Energ\u00e9tica (CNPE) aprovou na \u00faltima ter\u00e7a-feira (20) resolu\u00e7\u00e3o que institui o Programa Combust\u00edvel do Futuro, o qual tem como princ\u00edpio o uso de fontes alternativas de energia e o fortalecimento do desenvolvimento tecnol\u00f3gico nacional.\",\"breadcrumb\":{\"@id\":\"https:\/\/www.suno.com.br\/noticias\/governo-cria-programa-para-incrementar-uso-de-combustivel-sustentavel\/#breadcrumb\"},\"inLanguage\":\"pt-BR\",\"potentialAction\":[{\"@type\":\"ReadAction\",\"target\":[\"https:\/\/www.suno.com.br\/noticias\/governo-cria-programa-para-incrementar-uso-de-combustivel-sustentavel\/\"]}]},{\"@type\":\"ImageObject\",\"inLanguage\":\"pt-BR\",\"@id\":\"https:\/\/www.suno.com.br\/noticias\/governo-cria-programa-para-incrementar-uso-de-combustivel-sustentavel\/#primaryimage\",\"url\":\"https:\/\/files.sunoresearch.com.br\/n\/uploads\/2021\/04\/3b581d07-gasoline-175122_1280-jpg.webp\",\"contentUrl\":\"https:\/\/files.sunoresearch.com.br\/n\/uploads\/2021\/04\/3b581d07-gasoline-175122_1280-jpg.webp\",\"width\":1280,\"height\":850,\"caption\":\"ICMS - Foto: Pixabay\"},{\"@type\":\"BreadcrumbList\",\"@id\":\"https:\/\/www.suno.com.br\/noticias\/governo-cria-programa-para-incrementar-uso-de-combustivel-sustentavel\/#breadcrumb\",\"itemListElement\":[{\"@type\":\"ListItem\",\"position\":1,\"name\":\"Not\u00edcias\",\"item\":\"https:\/\/www.suno.com.br\/noticias\/\"},{\"@type\":\"ListItem\",\"position\":2,\"name\":\"Economia\",\"item\":\"https:\/\/www.suno.com.br\/noticias\/economia\/\"},{\"@type\":\"ListItem\",\"position\":3,\"name\":\"Governo cria programa para incrementar uso de combust\u00edvel sustent\u00e1vel\"}]},{\"@type\":\"WebSite\",\"@id\":\"https:\/\/www.suno.com.br\/noticias\/#website\",\"url\":\"https:\/\/www.suno.com.br\/noticias\/\",\"name\":\"Suno Not\u00edcias\",\"description\":\"Seu portal de informa\u00e7\u00e3o sobre o mundo dos investimentos\",\"publisher\":{\"@id\":\"https:\/\/www.suno.com.br\/noticias\/#organization\"},\"potentialAction\":[{\"@type\":\"SearchAction\",\"target\":{\"@type\":\"EntryPoint\",\"urlTemplate\":\"https:\/\/www.suno.com.br\/noticias\/?s={search_term_string}\"},\"query-input\":{\"@type\":\"PropertyValueSpecification\",\"valueRequired\":true,\"valueName\":\"search_term_string\"}}],\"inLanguage\":\"pt-BR\"},{\"@type\":\"Organization\",\"@id\":\"https:\/\/www.suno.com.br\/noticias\/#organization\",\"name\":\"Suno Not\u00edcias\",\"url\":\"https:\/\/www.suno.com.br\/noticias\/\",\"logo\":{\"@type\":\"ImageObject\",\"inLanguage\":\"pt-BR\",\"@id\":\"https:\/\/www.suno.com.br\/noticias\/#\/schema\/logo\/image\/\",\"url\":\"https:\/\/files.sunoresearch.com.br\/n\/uploads\/2021\/09\/suno-logo.png\",\"contentUrl\":\"https:\/\/files.sunoresearch.com.br\/n\/uploads\/2021\/09\/suno-logo.png\",\"width\":180,\"height\":180,\"caption\":\"Suno Not\u00edcias\"},\"image\":{\"@id\":\"https:\/\/www.suno.com.br\/noticias\/#\/schema\/logo\/image\/\"},\"sameAs\":[\"https:\/\/facebook.com\/sunoresearch\",\"https:\/\/x.com\/sunoresearch\",\"https:\/\/www.instagram.com\/suno\",\"https:\/\/www.linkedin.com\/company\/suno-research\/\",\"https:\/\/www.youtube.com\/c\/sunoresearch\"]},{\"@type\":\"Person\",\"@id\":\"https:\/\/www.suno.com.br\/noticias\/#\/schema\/person\/053a750a709a263919a20f976caae91c\",\"name\":\"Arthur Guimar\u00e3es\",\"image\":{\"@type\":\"ImageObject\",\"inLanguage\":\"pt-BR\",\"@id\":\"https:\/\/www.suno.com.br\/noticias\/#\/schema\/person\/image\/\",\"url\":\"https:\/\/secure.gravatar.com\/avatar\/1affd86a11209ae09eb6dd3bcad3e96c?s=96&r=g\",\"contentUrl\":\"https:\/\/secure.gravatar.com\/avatar\/1affd86a11209ae09eb6dd3bcad3e96c?s=96&r=g\",\"caption\":\"Arthur Guimar\u00e3es\"},\"description\":\"Arthur Guimar\u00e3es escreve sobre pol\u00edtica, economia e neg\u00f3cios para o portal de not\u00edcias da Suno Research. Atualmente, \u00e9 estudante de jornalismo pela Faculdade C\u00e1sper L\u00edbero.\",\"url\":\"https:\/\/www.suno.com.br\/noticias\/author\/arthur-guimaraes\/\"}]}<\/script>\n<!-- \/ Yoast SEO plugin. -->","yoast_head_json":{"title":"Governo cria programa para incrementar uso de combust\u00edvel sustent\u00e1vel","description":"O Conselho Nacional de Pol\u00edtica Energ\u00e9tica (CNPE) aprovou na \u00faltima ter\u00e7a-feira (20) resolu\u00e7\u00e3o que institui o Programa Combust\u00edvel do Futuro, o qual tem como princ\u00edpio o uso de fontes alternativas de energia e o fortalecimento do desenvolvimento tecnol\u00f3gico nacional.","robots":{"index":"index","follow":"follow","max-snippet":"max-snippet:-1","max-image-preview":"max-image-preview:large","max-video-preview":"max-video-preview:-1"},"canonical":"https:\/\/www.suno.com.br\/noticias\/governo-cria-programa-para-incrementar-uso-de-combustivel-sustentavel\/","og_locale":"pt_BR","og_type":"article","og_title":"Governo cria programa para incrementar uso de combust\u00edvel sustent\u00e1vel","og_description":"O Conselho Nacional de Pol\u00edtica Energ\u00e9tica (CNPE) aprovou na \u00faltima ter\u00e7a-feira (20) resolu\u00e7\u00e3o que institui o Programa Combust\u00edvel do Futuro, o qual tem como princ\u00edpio o uso de fontes alternativas de energia e o fortalecimento do desenvolvimento tecnol\u00f3gico nacional.","og_url":"https:\/\/www.suno.com.br\/noticias\/governo-cria-programa-para-incrementar-uso-de-combustivel-sustentavel\/","og_site_name":"Suno Not\u00edcias","article_publisher":"https:\/\/facebook.com\/sunoresearch","og_image":[{"width":1280,"height":850,"url":"https:\/\/files.sunoresearch.com.br\/n\/uploads\/2021\/04\/3b581d07-gasoline-175122_1280.jpg","type":"image\/jpeg"}],"author":"Arthur Guimar\u00e3es","twitter_card":"summary_large_image","twitter_creator":"@sunoresearch","twitter_site":"@sunoresearch","twitter_misc":{"Escrito por":"Arthur Guimar\u00e3es","Est. tempo de leitura":"2 minutos"},"schema":{"@context":"https:\/\/schema.org","@graph":[{"@type":"NewsArticle","@id":"https:\/\/www.suno.com.br\/noticias\/governo-cria-programa-para-incrementar-uso-de-combustivel-sustentavel\/#article","isPartOf":{"@id":"https:\/\/www.suno.com.br\/noticias\/governo-cria-programa-para-incrementar-uso-de-combustivel-sustentavel\/"},"author":{"name":"Arthur Guimar\u00e3es","@id":"https:\/\/www.suno.com.br\/noticias\/#\/schema\/person\/053a750a709a263919a20f976caae91c"},"headline":"Governo cria programa para incrementar uso de combust\u00edvel sustent\u00e1vel","datePublished":"2021-04-21T20:35:44+00:00","mainEntityOfPage":{"@id":"https:\/\/www.suno.com.br\/noticias\/governo-cria-programa-para-incrementar-uso-de-combustivel-sustentavel\/"},"wordCount":422,"publisher":{"@id":"https:\/\/www.suno.com.br\/noticias\/#organization"},"image":{"@id":"https:\/\/www.suno.com.br\/noticias\/governo-cria-programa-para-incrementar-uso-de-combustivel-sustentavel\/#primaryimage"},"thumbnailUrl":"https:\/\/files.sunoresearch.com.br\/n\/uploads\/2021\/04\/3b581d07-gasoline-175122_1280-jpg.webp","keywords":["combust\u00edveis","Minist\u00e9rio de Minas e Energia"],"articleSection":["Economia"],"inLanguage":"pt-BR"},{"@type":"WebPage","@id":"https:\/\/www.suno.com.br\/noticias\/governo-cria-programa-para-incrementar-uso-de-combustivel-sustentavel\/","url":"https:\/\/www.suno.com.br\/noticias\/governo-cria-programa-para-incrementar-uso-de-combustivel-sustentavel\/","name":"Governo cria programa para incrementar uso de combust\u00edvel sustent\u00e1vel","isPartOf":{"@id":"https:\/\/www.suno.com.br\/noticias\/#website"},"primaryImageOfPage":{"@id":"https:\/\/www.suno.com.br\/noticias\/governo-cria-programa-para-incrementar-uso-de-combustivel-sustentavel\/#primaryimage"},"image":{"@id":"https:\/\/www.suno.com.br\/noticias\/governo-cria-programa-para-incrementar-uso-de-combustivel-sustentavel\/#primaryimage"},"thumbnailUrl":"https:\/\/files.sunoresearch.com.br\/n\/uploads\/2021\/04\/3b581d07-gasoline-175122_1280-jpg.webp","datePublished":"2021-04-21T20:35:44+00:00","description":"O Conselho Nacional de Pol\u00edtica Energ\u00e9tica (CNPE) aprovou na \u00faltima ter\u00e7a-feira (20) resolu\u00e7\u00e3o que institui o Programa Combust\u00edvel do Futuro, o qual tem como princ\u00edpio o uso de fontes alternativas de energia e o fortalecimento do desenvolvimento tecnol\u00f3gico nacional.","breadcrumb":{"@id":"https:\/\/www.suno.com.br\/noticias\/governo-cria-programa-para-incrementar-uso-de-combustivel-sustentavel\/#breadcrumb"},"inLanguage":"pt-BR","potentialAction":[{"@type":"ReadAction","target":["https:\/\/www.suno.com.br\/noticias\/governo-cria-programa-para-incrementar-uso-de-combustivel-sustentavel\/"]}]},{"@type":"ImageObject","inLanguage":"pt-BR","@id":"https:\/\/www.suno.com.br\/noticias\/governo-cria-programa-para-incrementar-uso-de-combustivel-sustentavel\/#primaryimage","url":"https:\/\/files.sunoresearch.com.br\/n\/uploads\/2021\/04\/3b581d07-gasoline-175122_1280-jpg.webp","contentUrl":"https:\/\/files.sunoresearch.com.br\/n\/uploads\/2021\/04\/3b581d07-gasoline-175122_1280-jpg.webp","width":1280,"height":850,"caption":"ICMS - Foto: Pixabay"},{"@type":"BreadcrumbList","@id":"https:\/\/www.suno.com.br\/noticias\/governo-cria-programa-para-incrementar-uso-de-combustivel-sustentavel\/#breadcrumb","itemListElement":[{"@type":"ListItem","position":1,"name":"Not\u00edcias","item":"https:\/\/www.suno.com.br\/noticias\/"},{"@type":"ListItem","position":2,"name":"Economia","item":"https:\/\/www.suno.com.br\/noticias\/economia\/"},{"@type":"ListItem","position":3,"name":"Governo cria programa para incrementar uso de combust\u00edvel sustent\u00e1vel"}]},{"@type":"WebSite","@id":"https:\/\/www.suno.com.br\/noticias\/#website","url":"https:\/\/www.suno.com.br\/noticias\/","name":"Suno Not\u00edcias","description":"Seu portal de informa\u00e7\u00e3o sobre o mundo dos investimentos","publisher":{"@id":"https:\/\/www.suno.com.br\/noticias\/#organization"},"potentialAction":[{"@type":"SearchAction","target":{"@type":"EntryPoint","urlTemplate":"https:\/\/www.suno.com.br\/noticias\/?s={search_term_string}"},"query-input":{"@type":"PropertyValueSpecification","valueRequired":true,"valueName":"search_term_string"}}],"inLanguage":"pt-BR"},{"@type":"Organization","@id":"https:\/\/www.suno.com.br\/noticias\/#organization","name":"Suno Not\u00edcias","url":"https:\/\/www.suno.com.br\/noticias\/","logo":{"@type":"ImageObject","inLanguage":"pt-BR","@id":"https:\/\/www.suno.com.br\/noticias\/#\/schema\/logo\/image\/","url":"https:\/\/files.sunoresearch.com.br\/n\/uploads\/2021\/09\/suno-logo.png","contentUrl":"https:\/\/files.sunoresearch.com.br\/n\/uploads\/2021\/09\/suno-logo.png","width":180,"height":180,"caption":"Suno Not\u00edcias"},"image":{"@id":"https:\/\/www.suno.com.br\/noticias\/#\/schema\/logo\/image\/"},"sameAs":["https:\/\/facebook.com\/sunoresearch","https:\/\/x.com\/sunoresearch","https:\/\/www.instagram.com\/suno","https:\/\/www.linkedin.com\/company\/suno-research\/","https:\/\/www.youtube.com\/c\/sunoresearch"]},{"@type":"Person","@id":"https:\/\/www.suno.com.br\/noticias\/#\/schema\/person\/053a750a709a263919a20f976caae91c","name":"Arthur Guimar\u00e3es","image":{"@type":"ImageObject","inLanguage":"pt-BR","@id":"https:\/\/www.suno.com.br\/noticias\/#\/schema\/person\/image\/","url":"https:\/\/secure.gravatar.com\/avatar\/1affd86a11209ae09eb6dd3bcad3e96c?s=96&r=g","contentUrl":"https:\/\/secure.gravatar.com\/avatar\/1affd86a11209ae09eb6dd3bcad3e96c?s=96&r=g","caption":"Arthur Guimar\u00e3es"},"description":"Arthur Guimar\u00e3es escreve sobre pol\u00edtica, economia e neg\u00f3cios para o portal de not\u00edcias da Suno Research. Atualmente, \u00e9 estudante de jornalismo pela Faculdade C\u00e1sper L\u00edbero.","url":"https:\/\/www.suno.com.br\/noticias\/author\/arthur-guimaraes\/"}]}},"default_loop_html":"<div class=\"cardsPage__listCard__boxs\"><div class=\"cardsPage__listCard__boxs__img\"><a href=\"https:\/\/www.suno.com.br\/noticias\/governo-cria-programa-para-incrementar-uso-de-combustivel-sustentavel\/\"><img class=\"mask\" src=\"https:\/\/www.suno.com.br\/noticias\/wp-content\/themes\/suno\/resources\/images\/spotlight\/spotlight1img\/bg-mask.png\" alt=\"Image Mask\"\/><img src=\"https:\/\/files.sunoresearch.com.br\/n\/uploads\/2021\/04\/3b581d07-gasoline-175122_1280-400x200.webp\" alt=\"Governo cria programa para incrementar uso de combust\u00edvel sustent\u00e1vel\"\/><\/a><span class=\"spotlightCategory\"><a href=\"https:\/\/www.suno.com.br\/noticias\/economia\/\">Economia<\/a><\/span><\/div><div class=\"cardsPage__listCard__boxs__content\"><a href=\"https:\/\/www.suno.com.br\/noticias\/governo-cria-programa-para-incrementar-uso-de-combustivel-sustentavel\/\"><h2 class=\"content__title\">Governo cria programa para incrementar uso de combust\u00edvel sustent\u00e1vel<\/h2><\/a><div class=\"newsContent__article__meta\"><div class=\"newsContent__article__meta__authorBox\"><a href=\"https:\/\/www.suno.com.br\/noticias\/author\/arthur-guimaraes\/\" class=\"authorBox__avatar noMobi\"><img src=\"https:\/\/files.sunoresearch.com.br\/n\/uploads\/2020\/02\/dfb40897-eu-150x150.webp\" alt=\"Arthur Guimar\u00e3es\"><\/a><div class=\"authorBox__name\"><span>por\n\t\t\t<a href=\"https:\/\/www.suno.com.br\/noticias\/author\/arthur-guimaraes\/\"><span itemprop=\"author\">Arthur Guimar\u00e3es<\/span><\/a><\/span><time datetime=\"2021-04-21T17:35:44-03:00\" itemprop=\"datePublished\">21\/04\/2021 17:35<\/time><\/div><\/div><\/div><\/div><\/div>","single_layout":"posts","amp_enabled":true,"_links":{"self":[{"href":"https:\/\/www.suno.com.br\/noticias\/wp-json\/wp\/v2\/posts\/141214"}],"collection":[{"href":"https:\/\/www.suno.com.br\/noticias\/wp-json\/wp\/v2\/posts"}],"about":[{"href":"https:\/\/www.suno.com.br\/noticias\/wp-json\/wp\/v2\/types\/post"}],"author":[{"embeddable":true,"href":"https:\/\/www.suno.com.br\/noticias\/wp-json\/wp\/v2\/users\/35"}],"replies":[{"embeddable":true,"href":"https:\/\/www.suno.com.br\/noticias\/wp-json\/wp\/v2\/comments?post=141214"}],"version-history":[{"count":1,"href":"https:\/\/www.suno.com.br\/noticias\/wp-json\/wp\/v2\/posts\/141214\/revisions"}],"predecessor-version":[{"id":141215,"href":"https:\/\/www.suno.com.br\/noticias\/wp-json\/wp\/v2\/posts\/141214\/revisions\/141215"}],"wp:featuredmedia":[{"embeddable":true,"href":"https:\/\/www.suno.com.br\/noticias\/wp-json\/wp\/v2\/media\/141217"}],"wp:attachment":[{"href":"https:\/\/www.suno.com.br\/noticias\/wp-json\/wp\/v2\/media?parent=141214"}],"wp:term":[{"taxonomy":"category","embeddable":true,"href":"https:\/\/www.suno.com.br\/noticias\/wp-json\/wp\/v2\/categories?post=141214"},{"taxonomy":"post_tag","embeddable":true,"href":"https:\/\/www.suno.com.br\/noticias\/wp-json\/wp\/v2\/tags?post=141214"},{"taxonomy":"suno_strategy","embeddable":true,"href":"https:\/\/www.suno.com.br\/noticias\/wp-json\/wp\/v2\/suno_strategy?post=141214"}],"curies":[{"name":"wp","href":"https:\/\/api.w.org\/{rel}","templated":true}]}}