{"id":14109,"date":"2019-02-04T19:15:33","date_gmt":"2019-02-04T21:15:33","guid":{"rendered":"https:\/\/www.suno.com.br\/noticias\/?p=14109"},"modified":"2019-02-17T18:07:33","modified_gmt":"2019-02-17T21:07:33","slug":"gopower-privatizacao-eletrobras-amazonas-cade","status":"publish","type":"post","link":"https:\/\/www.suno.com.br\/noticias\/gopower-privatizacao-eletrobras-amazonas-cade\/","title":{"rendered":"GoPower questiona privatiza\u00e7\u00e3o da Eletrobras Amazonas Energia no Cade"},"content":{"rendered":"<p>A empresa de distribui\u00e7\u00e3o el\u00e9trica GoPower &amp; Air Loca\u00e7\u00e3o de Equipamentos entrou com um questionamento no Conselho Administrativo de Defesa Econ\u00f4mica (Cade) contra a aquisi\u00e7\u00e3o pelo cons\u00f3rcio Oliveira Energia e Atem da distribuidora Eletrobras Amazonas Energia.<\/p>\t<div class=\"wrapper-featured-image\">\n\t\t<figure class=\"spotlightImg\">\n\n\t\t\t<picture>\n\t\t\t\t<source media=\"(max-width: 768px)\" srcset=\"https:\/\/files.sunoresearch.com.br\/n\/uploads\/2018\/11\/cc41f76c-balanco-da-eletrobras-400x200.webp\">\n\t\t\t\t<img loading=\"lazy\" decoding=\"async\" class=\"newsContent__article__imgCapa lazyloadDisabled newsContent__article__imgCapa--noCaption\" src=\"https:\/\/files.sunoresearch.com.br\/n\/uploads\/2018\/11\/cc41f76c-balanco-da-eletrobras-800x450.webp\" width=\"800\" height=\"450\" alt=\"GoPower questiona privatiza\u00e7\u00e3o da Eletrobras Amazonas Energia no Cade\" fetchpriority=high \/>\n\t\t\t<\/picture>\n\n\t\t\t<figcaption class=\"wp-caption-text wp-caption-text--hide\">Renegocia\u00e7\u00e3o de d\u00edvida da CEA inclui outras gigantes estatais como Petrobras e Eletrobras. Foto: Pixabay<\/figcaption>\n\t\t<\/figure>\n\t<\/div>\n\n\n<p><a href=\"https:\/\/www.suno.com.br\/noticias\/eletrobras-precisa-capitalizada-presidente-estatal\/\">Saiba mais:\u00a0A Eletrobras precisa ser capitalizada, diz presidente da estatal<\/a><\/p>\n<p>O leil\u00e3o para a venda da <strong>Eletrobras Amazonas<\/strong> ocorreu em dezembro do ano passado, durante o governo de <strong>Michel Temer<\/strong>. Na \u00faltima ter\u00e7a-feira (29), o superintendente-geral do <strong>Cade<\/strong>, Alexandre Cordeiro Macedo, deu seguimento ao pedido da<strong> GoPower<\/strong>.<\/p>\n<p>De acordo com a <strong>GoPower<\/strong>, antes da privatiza\u00e7\u00e3o, a <strong>Oliveira Energia<\/strong> j\u00e1 era a principal fornecedora de geradores el\u00e9tricos da distribuidora\u00a0<strong>Eletrobras Amazonas<\/strong>. Dessa forma, segundo a empresa, corre-se o risco da <strong>Oliveira<\/strong> fechar o mercado e concentrar as vendas.<\/p>\n<p>A <strong>Atem<\/strong>, que \u00e9 distribuidora de <strong>combust\u00edveis<\/strong> no estado, tamb\u00e9m est\u00e1 sendo alvo do questionamento. Isso porque a maior parte da energia gerado no Amazonas vem de <strong>usinas t\u00e9rmicas<\/strong> movidas a <strong>\u00f3leo<\/strong>. A empresa \u00e9 s\u00f3cia da <strong>Oliveira<\/strong> no cons\u00f3rcio que venceu o leil\u00e3o.<\/p>\n<p>Segundo alega a <strong>GoPower<\/strong>, a aquisi\u00e7\u00e3o da <strong>Oliveira Energia<\/strong>\u00a0&#8220;resulta na verticaliza\u00e7\u00e3o de toda a cadeia de produ\u00e7\u00e3o e distribui\u00e7\u00e3o de energia el\u00e9trica, desde a aquisi\u00e7\u00e3o e distribui\u00e7\u00e3o do \u00f3leo diesel, passando pela (I) loca\u00e7\u00e3o de grupos geradores; (II) gera\u00e7\u00e3o de energia el\u00e9trica; (III) aquisi\u00e7\u00e3o de combust\u00edvel; at\u00e9 (IV) a distribui\u00e7\u00e3o ao consumidor final&#8221;, diz a companhia em sua a\u00e7\u00e3o<\/p>\n<p><a href=\"https:\/\/www.suno.com.br\/noticias\/acoes-eletrobras-sobem-programa-demissao\/\">Saiba mais:\u00a0A\u00e7\u00f5es da Eletrobras sobem 5% com an\u00fancio de programa de demiss\u00e3o<\/a><\/p>\n<p>De acordo com apura\u00e7\u00e3o do jornal &#8220;Folha de S. Paulo&#8221;, os dados mostram que a <strong>Eletrobras Amazonas<\/strong> gastou R$ 143 milh\u00f5es em aluguel de geradores da <strong>Oliveira<\/strong>. Isso representa cerca de 51% do total gasto pela <strong>Amazonas<\/strong> em 2017.<\/p>\n<p>O <strong>Cade<\/strong> ampliou o prazo de entrega dos documentos e a \u00e1rea t\u00e9cnica do \u00f3rg\u00e3o autorizou a inclus\u00e3o da <strong>GoPower<\/strong> do processo.\u00a0 Procurado pela reportagem da &#8220;Folha&#8221;, o cons\u00f3rcio <strong>Oliveira\/Atem<\/strong> n\u00e3o se manisfestou.<\/p>\n<p>No processo, o grupo disse que a compra de energia \u00e9 feita &#8220;sempre por meio de leil\u00e3o conduzido pela <strong>Aneel (Ag\u00eancia Nacional de Energia El\u00e9trica)<\/strong> ou pela pr\u00f3pria distribuidora, neste \u00faltimo caso mediante autoriza\u00e7\u00e3o expressa da <strong>Aneel<\/strong> e do <strong>Minist\u00e9rio de Minas e Energia<\/strong>&#8221;<\/p>\n<p><a href=\"https:\/\/www.suno.com.br\/noticias\/enel-construir-parque-energia-solar-piaui\/\">Saiba mais:\u00a0Enel vai construir mega-parque de energia solar no Piau\u00ed<\/a><\/p>\n<p>A <strong>Aneel (Ag\u00eancia Nacional de Energia El\u00e9trica)<\/strong> informou em nota que a ag\u00eancia reguladora ainda analisa a troca de controle da <strong>Eletrobras Amazonas<\/strong> e que ainda n\u00e3o deu seu aval. &#8220;N\u00e3o temos manifesta\u00e7\u00e3o p\u00fablica a respeito\u201d, respondeu.<\/p>\n","protected":false},"excerpt":{"rendered":"<p>A empresa de distribui\u00e7\u00e3o el\u00e9trica GoPower &amp; Air Loca\u00e7\u00e3o de Equipamentos entrou com um questionamento no Conselho Administrativo de Defesa Econ\u00f4mica (Cade) contra a aquisi\u00e7\u00e3o pelo cons\u00f3rcio Oliveira Energia e Atem da distribuidora Eletrobras Amazonas Energia. Renegocia\u00e7\u00e3o de d\u00edvida da CEA inclui outras gigantes estatais como Petrobras e Eletrobras. Foto: Pixabay Saiba mais:\u00a0A Eletrobras precisa [&hellip;]<\/p>\n","protected":false},"author":14,"featured_media":6271,"comment_status":"closed","ping_status":"closed","sticky":false,"template":"","format":"standard","meta":[],"categories":[60],"tags":[851,455,945],"suno_strategy":[],"class_list":["post-14109","post","type-post","status-publish","format-standard","has-post-thumbnail","hentry","category-mercado","tag-cade","tag-eletrobras-elet3-elet5-elet6","tag-privatizacoes"],"yoast_head":"<!-- This site is optimized with the Yoast SEO plugin v24.4 - https:\/\/yoast.com\/wordpress\/plugins\/seo\/ -->\n<title>Gopower questiona privatiza\u00e7\u00e3o da Eletrobras Amazonas Energia no Cade<\/title>\n<meta name=\"description\" content=\"A GoPower argumenta que a empresa vencedora do leil\u00e3o da Eletrobras Amazonas j\u00e1 \u00e9 a principal fornecedora da distribu\u00eddora. Clique ler mais.\" \/>\n<meta name=\"robots\" content=\"index, follow, max-snippet:-1, max-image-preview:large, max-video-preview:-1\" \/>\n<link rel=\"canonical\" href=\"https:\/\/www.suno.com.br\/noticias\/gopower-privatizacao-eletrobras-amazonas-cade\/\" \/>\n<meta property=\"og:locale\" content=\"pt_BR\" \/>\n<meta property=\"og:type\" content=\"article\" \/>\n<meta property=\"og:title\" content=\"Gopower questiona privatiza\u00e7\u00e3o da Eletrobras Amazonas Energia no Cade\" \/>\n<meta property=\"og:description\" content=\"A GoPower argumenta que a empresa vencedora do leil\u00e3o da Eletrobras Amazonas j\u00e1 \u00e9 a principal fornecedora da distribu\u00eddora. Clique ler mais.\" \/>\n<meta property=\"og:url\" content=\"https:\/\/www.suno.com.br\/noticias\/gopower-privatizacao-eletrobras-amazonas-cade\/\" \/>\n<meta property=\"og:site_name\" content=\"Suno Not\u00edcias\" \/>\n<meta property=\"article:publisher\" content=\"https:\/\/facebook.com\/sunoresearch\" \/>\n<meta property=\"og:image\" content=\"https:\/\/files.sunoresearch.com.br\/n\/uploads\/2018\/11\/cc41f76c-balanco-da-eletrobras.jpg\" \/>\n\t<meta property=\"og:image:width\" content=\"1920\" \/>\n\t<meta property=\"og:image:height\" content=\"1280\" \/>\n\t<meta property=\"og:image:type\" content=\"image\/jpeg\" \/>\n<meta name=\"author\" content=\"Renan Dantas\" \/>\n<meta name=\"twitter:card\" content=\"summary_large_image\" \/>\n<meta name=\"twitter:creator\" content=\"@sunoresearch\" \/>\n<meta name=\"twitter:site\" content=\"@sunoresearch\" \/>\n<meta name=\"twitter:label1\" content=\"Escrito por\" \/>\n\t<meta name=\"twitter:data1\" content=\"Renan Dantas\" \/>\n\t<meta name=\"twitter:label2\" content=\"Est. tempo de leitura\" \/>\n\t<meta name=\"twitter:data2\" content=\"2 minutos\" \/>\n<script type=\"application\/ld+json\" class=\"yoast-schema-graph\">{\"@context\":\"https:\/\/schema.org\",\"@graph\":[{\"@type\":\"NewsArticle\",\"@id\":\"https:\/\/www.suno.com.br\/noticias\/gopower-privatizacao-eletrobras-amazonas-cade\/#article\",\"isPartOf\":{\"@id\":\"https:\/\/www.suno.com.br\/noticias\/gopower-privatizacao-eletrobras-amazonas-cade\/\"},\"author\":{\"name\":\"Renan Dantas\",\"@id\":\"https:\/\/www.suno.com.br\/noticias\/#\/schema\/person\/3f7693d5795a3f6d5ce15309ee785699\"},\"headline\":\"GoPower questiona privatiza\u00e7\u00e3o da Eletrobras Amazonas Energia no Cade\",\"datePublished\":\"2019-02-04T21:15:33+00:00\",\"dateModified\":\"2019-02-17T21:07:33+00:00\",\"mainEntityOfPage\":{\"@id\":\"https:\/\/www.suno.com.br\/noticias\/gopower-privatizacao-eletrobras-amazonas-cade\/\"},\"wordCount\":461,\"publisher\":{\"@id\":\"https:\/\/www.suno.com.br\/noticias\/#organization\"},\"image\":{\"@id\":\"https:\/\/www.suno.com.br\/noticias\/gopower-privatizacao-eletrobras-amazonas-cade\/#primaryimage\"},\"thumbnailUrl\":\"https:\/\/files.sunoresearch.com.br\/n\/uploads\/2018\/11\/cc41f76c-balanco-da-eletrobras-jpg.webp\",\"keywords\":[\"CADE\",\"Eletrobras (ELET3\/ELET5\/ELET6)\",\"privatiza\u00e7\u00f5es\"],\"articleSection\":[\"Mercado\"],\"inLanguage\":\"pt-BR\"},{\"@type\":\"WebPage\",\"@id\":\"https:\/\/www.suno.com.br\/noticias\/gopower-privatizacao-eletrobras-amazonas-cade\/\",\"url\":\"https:\/\/www.suno.com.br\/noticias\/gopower-privatizacao-eletrobras-amazonas-cade\/\",\"name\":\"Gopower questiona privatiza\u00e7\u00e3o da Eletrobras Amazonas Energia no Cade\",\"isPartOf\":{\"@id\":\"https:\/\/www.suno.com.br\/noticias\/#website\"},\"primaryImageOfPage\":{\"@id\":\"https:\/\/www.suno.com.br\/noticias\/gopower-privatizacao-eletrobras-amazonas-cade\/#primaryimage\"},\"image\":{\"@id\":\"https:\/\/www.suno.com.br\/noticias\/gopower-privatizacao-eletrobras-amazonas-cade\/#primaryimage\"},\"thumbnailUrl\":\"https:\/\/files.sunoresearch.com.br\/n\/uploads\/2018\/11\/cc41f76c-balanco-da-eletrobras-jpg.webp\",\"datePublished\":\"2019-02-04T21:15:33+00:00\",\"dateModified\":\"2019-02-17T21:07:33+00:00\",\"description\":\"A GoPower argumenta que a empresa vencedora do leil\u00e3o da Eletrobras Amazonas j\u00e1 \u00e9 a principal fornecedora da distribu\u00eddora. Clique ler mais.\",\"breadcrumb\":{\"@id\":\"https:\/\/www.suno.com.br\/noticias\/gopower-privatizacao-eletrobras-amazonas-cade\/#breadcrumb\"},\"inLanguage\":\"pt-BR\",\"potentialAction\":[{\"@type\":\"ReadAction\",\"target\":[\"https:\/\/www.suno.com.br\/noticias\/gopower-privatizacao-eletrobras-amazonas-cade\/\"]}]},{\"@type\":\"ImageObject\",\"inLanguage\":\"pt-BR\",\"@id\":\"https:\/\/www.suno.com.br\/noticias\/gopower-privatizacao-eletrobras-amazonas-cade\/#primaryimage\",\"url\":\"https:\/\/files.sunoresearch.com.br\/n\/uploads\/2018\/11\/cc41f76c-balanco-da-eletrobras-jpg.webp\",\"contentUrl\":\"https:\/\/files.sunoresearch.com.br\/n\/uploads\/2018\/11\/cc41f76c-balanco-da-eletrobras-jpg.webp\",\"width\":1920,\"height\":1280,\"caption\":\"Renegocia\u00e7\u00e3o de d\u00edvida da CEA inclui outras gigantes estatais como Petrobras e Eletrobras. Foto: Pixabay\"},{\"@type\":\"BreadcrumbList\",\"@id\":\"https:\/\/www.suno.com.br\/noticias\/gopower-privatizacao-eletrobras-amazonas-cade\/#breadcrumb\",\"itemListElement\":[{\"@type\":\"ListItem\",\"position\":1,\"name\":\"Not\u00edcias\",\"item\":\"https:\/\/www.suno.com.br\/noticias\/\"},{\"@type\":\"ListItem\",\"position\":2,\"name\":\"Mercado\",\"item\":\"https:\/\/www.suno.com.br\/noticias\/mercado\/\"},{\"@type\":\"ListItem\",\"position\":3,\"name\":\"GoPower questiona privatiza\u00e7\u00e3o da Eletrobras Amazonas Energia no Cade\"}]},{\"@type\":\"WebSite\",\"@id\":\"https:\/\/www.suno.com.br\/noticias\/#website\",\"url\":\"https:\/\/www.suno.com.br\/noticias\/\",\"name\":\"Suno Not\u00edcias\",\"description\":\"Seu portal de informa\u00e7\u00e3o sobre o mundo dos investimentos\",\"publisher\":{\"@id\":\"https:\/\/www.suno.com.br\/noticias\/#organization\"},\"potentialAction\":[{\"@type\":\"SearchAction\",\"target\":{\"@type\":\"EntryPoint\",\"urlTemplate\":\"https:\/\/www.suno.com.br\/noticias\/?s={search_term_string}\"},\"query-input\":{\"@type\":\"PropertyValueSpecification\",\"valueRequired\":true,\"valueName\":\"search_term_string\"}}],\"inLanguage\":\"pt-BR\"},{\"@type\":\"Organization\",\"@id\":\"https:\/\/www.suno.com.br\/noticias\/#organization\",\"name\":\"Suno Not\u00edcias\",\"url\":\"https:\/\/www.suno.com.br\/noticias\/\",\"logo\":{\"@type\":\"ImageObject\",\"inLanguage\":\"pt-BR\",\"@id\":\"https:\/\/www.suno.com.br\/noticias\/#\/schema\/logo\/image\/\",\"url\":\"https:\/\/files.sunoresearch.com.br\/n\/uploads\/2021\/09\/suno-logo.png\",\"contentUrl\":\"https:\/\/files.sunoresearch.com.br\/n\/uploads\/2021\/09\/suno-logo.png\",\"width\":180,\"height\":180,\"caption\":\"Suno Not\u00edcias\"},\"image\":{\"@id\":\"https:\/\/www.suno.com.br\/noticias\/#\/schema\/logo\/image\/\"},\"sameAs\":[\"https:\/\/facebook.com\/sunoresearch\",\"https:\/\/x.com\/sunoresearch\",\"https:\/\/www.instagram.com\/suno\",\"https:\/\/www.linkedin.com\/company\/suno-research\/\",\"https:\/\/www.youtube.com\/c\/sunoresearch\"]},{\"@type\":\"Person\",\"@id\":\"https:\/\/www.suno.com.br\/noticias\/#\/schema\/person\/3f7693d5795a3f6d5ce15309ee785699\",\"name\":\"Renan Dantas\",\"image\":{\"@type\":\"ImageObject\",\"inLanguage\":\"pt-BR\",\"@id\":\"https:\/\/www.suno.com.br\/noticias\/#\/schema\/person\/image\/\",\"url\":\"https:\/\/secure.gravatar.com\/avatar\/1787b83e7484a08e51d62ac8b41c8396?s=96&r=g\",\"contentUrl\":\"https:\/\/secure.gravatar.com\/avatar\/1787b83e7484a08e51d62ac8b41c8396?s=96&r=g\",\"caption\":\"Renan Dantas\"},\"description\":\"Escreve sobre pol\u00edtica e mercado financeiro para o portal Suno Not\u00edcias. Antes, atuou na assessoria de comunica\u00e7\u00e3o do Minist\u00e9rio P\u00fablico do Trabalho e na R\u00e1dio Mackenzie, onde apresentava e produzia um programa sobre artistas da m\u00fasica brasileira. \u00c9 estudante na Universidade Presbiteriana Mackenzie.\",\"url\":\"https:\/\/www.suno.com.br\/noticias\/author\/renan-dantas\/\"}]}<\/script>\n<!-- \/ Yoast SEO plugin. -->","yoast_head_json":{"title":"Gopower questiona privatiza\u00e7\u00e3o da Eletrobras Amazonas Energia no Cade","description":"A GoPower argumenta que a empresa vencedora do leil\u00e3o da Eletrobras Amazonas j\u00e1 \u00e9 a principal fornecedora da distribu\u00eddora. Clique ler mais.","robots":{"index":"index","follow":"follow","max-snippet":"max-snippet:-1","max-image-preview":"max-image-preview:large","max-video-preview":"max-video-preview:-1"},"canonical":"https:\/\/www.suno.com.br\/noticias\/gopower-privatizacao-eletrobras-amazonas-cade\/","og_locale":"pt_BR","og_type":"article","og_title":"Gopower questiona privatiza\u00e7\u00e3o da Eletrobras Amazonas Energia no Cade","og_description":"A GoPower argumenta que a empresa vencedora do leil\u00e3o da Eletrobras Amazonas j\u00e1 \u00e9 a principal fornecedora da distribu\u00eddora. Clique ler mais.","og_url":"https:\/\/www.suno.com.br\/noticias\/gopower-privatizacao-eletrobras-amazonas-cade\/","og_site_name":"Suno Not\u00edcias","article_publisher":"https:\/\/facebook.com\/sunoresearch","og_image":[{"width":1920,"height":1280,"url":"https:\/\/files.sunoresearch.com.br\/n\/uploads\/2018\/11\/cc41f76c-balanco-da-eletrobras.jpg","type":"image\/jpeg"}],"author":"Renan Dantas","twitter_card":"summary_large_image","twitter_creator":"@sunoresearch","twitter_site":"@sunoresearch","twitter_misc":{"Escrito por":"Renan Dantas","Est. tempo de leitura":"2 minutos"},"schema":{"@context":"https:\/\/schema.org","@graph":[{"@type":"NewsArticle","@id":"https:\/\/www.suno.com.br\/noticias\/gopower-privatizacao-eletrobras-amazonas-cade\/#article","isPartOf":{"@id":"https:\/\/www.suno.com.br\/noticias\/gopower-privatizacao-eletrobras-amazonas-cade\/"},"author":{"name":"Renan Dantas","@id":"https:\/\/www.suno.com.br\/noticias\/#\/schema\/person\/3f7693d5795a3f6d5ce15309ee785699"},"headline":"GoPower questiona privatiza\u00e7\u00e3o da Eletrobras Amazonas Energia no Cade","datePublished":"2019-02-04T21:15:33+00:00","dateModified":"2019-02-17T21:07:33+00:00","mainEntityOfPage":{"@id":"https:\/\/www.suno.com.br\/noticias\/gopower-privatizacao-eletrobras-amazonas-cade\/"},"wordCount":461,"publisher":{"@id":"https:\/\/www.suno.com.br\/noticias\/#organization"},"image":{"@id":"https:\/\/www.suno.com.br\/noticias\/gopower-privatizacao-eletrobras-amazonas-cade\/#primaryimage"},"thumbnailUrl":"https:\/\/files.sunoresearch.com.br\/n\/uploads\/2018\/11\/cc41f76c-balanco-da-eletrobras-jpg.webp","keywords":["CADE","Eletrobras (ELET3\/ELET5\/ELET6)","privatiza\u00e7\u00f5es"],"articleSection":["Mercado"],"inLanguage":"pt-BR"},{"@type":"WebPage","@id":"https:\/\/www.suno.com.br\/noticias\/gopower-privatizacao-eletrobras-amazonas-cade\/","url":"https:\/\/www.suno.com.br\/noticias\/gopower-privatizacao-eletrobras-amazonas-cade\/","name":"Gopower questiona privatiza\u00e7\u00e3o da Eletrobras Amazonas Energia no Cade","isPartOf":{"@id":"https:\/\/www.suno.com.br\/noticias\/#website"},"primaryImageOfPage":{"@id":"https:\/\/www.suno.com.br\/noticias\/gopower-privatizacao-eletrobras-amazonas-cade\/#primaryimage"},"image":{"@id":"https:\/\/www.suno.com.br\/noticias\/gopower-privatizacao-eletrobras-amazonas-cade\/#primaryimage"},"thumbnailUrl":"https:\/\/files.sunoresearch.com.br\/n\/uploads\/2018\/11\/cc41f76c-balanco-da-eletrobras-jpg.webp","datePublished":"2019-02-04T21:15:33+00:00","dateModified":"2019-02-17T21:07:33+00:00","description":"A GoPower argumenta que a empresa vencedora do leil\u00e3o da Eletrobras Amazonas j\u00e1 \u00e9 a principal fornecedora da distribu\u00eddora. Clique ler mais.","breadcrumb":{"@id":"https:\/\/www.suno.com.br\/noticias\/gopower-privatizacao-eletrobras-amazonas-cade\/#breadcrumb"},"inLanguage":"pt-BR","potentialAction":[{"@type":"ReadAction","target":["https:\/\/www.suno.com.br\/noticias\/gopower-privatizacao-eletrobras-amazonas-cade\/"]}]},{"@type":"ImageObject","inLanguage":"pt-BR","@id":"https:\/\/www.suno.com.br\/noticias\/gopower-privatizacao-eletrobras-amazonas-cade\/#primaryimage","url":"https:\/\/files.sunoresearch.com.br\/n\/uploads\/2018\/11\/cc41f76c-balanco-da-eletrobras-jpg.webp","contentUrl":"https:\/\/files.sunoresearch.com.br\/n\/uploads\/2018\/11\/cc41f76c-balanco-da-eletrobras-jpg.webp","width":1920,"height":1280,"caption":"Renegocia\u00e7\u00e3o de d\u00edvida da CEA inclui outras gigantes estatais como Petrobras e Eletrobras. Foto: Pixabay"},{"@type":"BreadcrumbList","@id":"https:\/\/www.suno.com.br\/noticias\/gopower-privatizacao-eletrobras-amazonas-cade\/#breadcrumb","itemListElement":[{"@type":"ListItem","position":1,"name":"Not\u00edcias","item":"https:\/\/www.suno.com.br\/noticias\/"},{"@type":"ListItem","position":2,"name":"Mercado","item":"https:\/\/www.suno.com.br\/noticias\/mercado\/"},{"@type":"ListItem","position":3,"name":"GoPower questiona privatiza\u00e7\u00e3o da Eletrobras Amazonas Energia no Cade"}]},{"@type":"WebSite","@id":"https:\/\/www.suno.com.br\/noticias\/#website","url":"https:\/\/www.suno.com.br\/noticias\/","name":"Suno Not\u00edcias","description":"Seu portal de informa\u00e7\u00e3o sobre o mundo dos investimentos","publisher":{"@id":"https:\/\/www.suno.com.br\/noticias\/#organization"},"potentialAction":[{"@type":"SearchAction","target":{"@type":"EntryPoint","urlTemplate":"https:\/\/www.suno.com.br\/noticias\/?s={search_term_string}"},"query-input":{"@type":"PropertyValueSpecification","valueRequired":true,"valueName":"search_term_string"}}],"inLanguage":"pt-BR"},{"@type":"Organization","@id":"https:\/\/www.suno.com.br\/noticias\/#organization","name":"Suno Not\u00edcias","url":"https:\/\/www.suno.com.br\/noticias\/","logo":{"@type":"ImageObject","inLanguage":"pt-BR","@id":"https:\/\/www.suno.com.br\/noticias\/#\/schema\/logo\/image\/","url":"https:\/\/files.sunoresearch.com.br\/n\/uploads\/2021\/09\/suno-logo.png","contentUrl":"https:\/\/files.sunoresearch.com.br\/n\/uploads\/2021\/09\/suno-logo.png","width":180,"height":180,"caption":"Suno Not\u00edcias"},"image":{"@id":"https:\/\/www.suno.com.br\/noticias\/#\/schema\/logo\/image\/"},"sameAs":["https:\/\/facebook.com\/sunoresearch","https:\/\/x.com\/sunoresearch","https:\/\/www.instagram.com\/suno","https:\/\/www.linkedin.com\/company\/suno-research\/","https:\/\/www.youtube.com\/c\/sunoresearch"]},{"@type":"Person","@id":"https:\/\/www.suno.com.br\/noticias\/#\/schema\/person\/3f7693d5795a3f6d5ce15309ee785699","name":"Renan Dantas","image":{"@type":"ImageObject","inLanguage":"pt-BR","@id":"https:\/\/www.suno.com.br\/noticias\/#\/schema\/person\/image\/","url":"https:\/\/secure.gravatar.com\/avatar\/1787b83e7484a08e51d62ac8b41c8396?s=96&r=g","contentUrl":"https:\/\/secure.gravatar.com\/avatar\/1787b83e7484a08e51d62ac8b41c8396?s=96&r=g","caption":"Renan Dantas"},"description":"Escreve sobre pol\u00edtica e mercado financeiro para o portal Suno Not\u00edcias. Antes, atuou na assessoria de comunica\u00e7\u00e3o do Minist\u00e9rio P\u00fablico do Trabalho e na R\u00e1dio Mackenzie, onde apresentava e produzia um programa sobre artistas da m\u00fasica brasileira. \u00c9 estudante na Universidade Presbiteriana Mackenzie.","url":"https:\/\/www.suno.com.br\/noticias\/author\/renan-dantas\/"}]}},"default_loop_html":"<div class=\"cardsPage__listCard__boxs\"><div class=\"cardsPage__listCard__boxs__img\"><a href=\"https:\/\/www.suno.com.br\/noticias\/gopower-privatizacao-eletrobras-amazonas-cade\/\"><img class=\"mask\" src=\"https:\/\/www.suno.com.br\/noticias\/wp-content\/themes\/suno\/resources\/images\/spotlight\/spotlight1img\/bg-mask.png\" alt=\"Image Mask\"\/><img src=\"https:\/\/files.sunoresearch.com.br\/n\/uploads\/2018\/11\/cc41f76c-balanco-da-eletrobras-400x200.webp\" alt=\"GoPower questiona privatiza\u00e7\u00e3o da Eletrobras Amazonas Energia no Cade\"\/><\/a><span class=\"spotlightCategory\"><a href=\"https:\/\/www.suno.com.br\/noticias\/mercado\/\">Mercado<\/a><\/span><\/div><div class=\"cardsPage__listCard__boxs__content\"><a href=\"https:\/\/www.suno.com.br\/noticias\/gopower-privatizacao-eletrobras-amazonas-cade\/\"><h2 class=\"content__title\">GoPower questiona privatiza\u00e7\u00e3o da Eletrobras Amazonas Energia no Cade<\/h2><\/a><div class=\"newsContent__article__meta\"><div class=\"newsContent__article__meta__authorBox\"><a href=\"https:\/\/www.suno.com.br\/noticias\/author\/renan-dantas\/\" class=\"authorBox__avatar noMobi\"><img src=\"https:\/\/secure.gravatar.com\/avatar\/1787b83e7484a08e51d62ac8b41c8396?s=96&#038;r=g\" alt=\"Renan Dantas\"><\/a><div class=\"authorBox__name\"><span>por\n\t\t\t<a href=\"https:\/\/www.suno.com.br\/noticias\/author\/renan-dantas\/\"><span itemprop=\"author\">Renan Dantas<\/span><\/a><\/span><time datetime=\"2019-02-04T19:15:33-02:00\" itemprop=\"datePublished\">04\/02\/2019 19:15<\/time><\/div><\/div><\/div><\/div><\/div>","single_layout":"posts","amp_enabled":true,"_links":{"self":[{"href":"https:\/\/www.suno.com.br\/noticias\/wp-json\/wp\/v2\/posts\/14109"}],"collection":[{"href":"https:\/\/www.suno.com.br\/noticias\/wp-json\/wp\/v2\/posts"}],"about":[{"href":"https:\/\/www.suno.com.br\/noticias\/wp-json\/wp\/v2\/types\/post"}],"author":[{"embeddable":true,"href":"https:\/\/www.suno.com.br\/noticias\/wp-json\/wp\/v2\/users\/14"}],"replies":[{"embeddable":true,"href":"https:\/\/www.suno.com.br\/noticias\/wp-json\/wp\/v2\/comments?post=14109"}],"version-history":[{"count":0,"href":"https:\/\/www.suno.com.br\/noticias\/wp-json\/wp\/v2\/posts\/14109\/revisions"}],"wp:featuredmedia":[{"embeddable":true,"href":"https:\/\/www.suno.com.br\/noticias\/wp-json\/wp\/v2\/media\/6271"}],"wp:attachment":[{"href":"https:\/\/www.suno.com.br\/noticias\/wp-json\/wp\/v2\/media?parent=14109"}],"wp:term":[{"taxonomy":"category","embeddable":true,"href":"https:\/\/www.suno.com.br\/noticias\/wp-json\/wp\/v2\/categories?post=14109"},{"taxonomy":"post_tag","embeddable":true,"href":"https:\/\/www.suno.com.br\/noticias\/wp-json\/wp\/v2\/tags?post=14109"},{"taxonomy":"suno_strategy","embeddable":true,"href":"https:\/\/www.suno.com.br\/noticias\/wp-json\/wp\/v2\/suno_strategy?post=14109"}],"curies":[{"name":"wp","href":"https:\/\/api.w.org\/{rel}","templated":true}]}}