{"id":141043,"date":"2021-04-20T17:31:18","date_gmt":"2021-04-20T20:31:18","guid":{"rendered":"https:\/\/www.suno.com.br\/noticias\/?p=141043"},"modified":"2021-04-20T17:31:18","modified_gmt":"2021-04-20T20:31:18","slug":"camara-discutir-urgencia-privatizacao-correios","status":"publish","type":"post","link":"https:\/\/www.suno.com.br\/noticias\/camara-discutir-urgencia-privatizacao-correios\/","title":{"rendered":"Privatiza\u00e7\u00e3o dos Correios: C\u00e2mara come\u00e7a a discutir urg\u00eancia em PL"},"content":{"rendered":"<p>O requerimento de urg\u00eancia para o projeto de lei que cria um novo marco postal e abre espa\u00e7o para a privatiza\u00e7\u00e3o dos <strong>Correios<\/strong> come\u00e7ou a ser discutido na C\u00e2mara nesta ter\u00e7a-feira (20).<\/p>\t<div class=\"wrapper-featured-image\">\n\t\t<figure class=\"spotlightImg\">\n\n\t\t\t<picture>\n\t\t\t\t<source media=\"(max-width: 768px)\" srcset=\"https:\/\/files.sunoresearch.com.br\/n\/uploads\/2021\/04\/c1cfffd1-correios-400x200.webp\">\n\t\t\t\t<img loading=\"lazy\" decoding=\"async\" class=\"newsContent__article__imgCapa lazyloadDisabled \" src=\"https:\/\/files.sunoresearch.com.br\/n\/uploads\/2021\/04\/c1cfffd1-correios-800x450.webp\" width=\"800\" height=\"450\" alt=\"Privatiza\u00e7\u00e3o dos Correios: C\u00e2mara come\u00e7a a discutir urg\u00eancia em PL\" fetchpriority=high \/>\n\t\t\t<\/picture>\n\n\t\t\t<figcaption class=\"wp-caption-text wp-caption-text--show\">Correios. Foto: Reprodu\u00e7\u00e3o Facebook<\/figcaption>\n\t\t<\/figure>\n\t<\/div>\n\n\n\t<p>\n\t\t<a href=\"https:\/\/lp.suno.com.br\/planilha-controle-gastos\/\" target=\"_blank\" data-element=\"shortcode-suno-banner\" title=\"Banner SUNO, clique e saiba mais\">\n\t\t\t<picture>\n\t\t\t\t<source media=\"(max-width: 500px)\" srcset=\"https:\/\/files.sunoresearch.com.br\/n\/uploads\/2023\/03\/400x300-Planilha-controle-de-gastos.png\">\n\t\t\t\t<img class=\"newsContent__article__imgCapa newsContent__article__imgCapa--banner\"\n\t\t\t\t\tsrc=\"https:\/\/files.sunoresearch.com.br\/n\/uploads\/2023\/03\/1420x240-Planilha-controle-de-gastos.png\"\n\t\t\t\t\tdata-promo-id=\"101751\"\t\t\t\t\t\t\t\t\t\twidth='1420' height='240'\t\t\t\t\talt=\"https:\/\/files.sunoresearch.com.br\/n\/uploads\/2023\/03\/1420x240-Planilha-controle-de-gastos.png\"\n\t\t\t\t>\n\t\t\t<\/picture>\n\t\t<\/a>\n\t<\/p>\n\n\n<p>O presidente da C\u00e2mara, <strong>Arthur Lira<\/strong> (PP-AL), j\u00e1 havia sinalizado que iria pautar a proposta sobre a <a href=\"https:\/\/www.suno.com.br\/artigos\/privatizacao\/\"><strong>privatiza\u00e7\u00e3o dos Correios<\/strong><\/a>, mas n\u00e3o h\u00e1 acordo entre as lideran\u00e7as para aprovar o pedido, segundo apurou o <em>Broadcast Pol\u00edtico,<\/em> sistema de not\u00edcias em tempo real do <em>Grupo Estado.<\/em><\/p>\n<p>A urg\u00eancia torna a proposta priorit\u00e1ria na fila de vota\u00e7\u00e3o de projetos da Casa e permite que ela possa ser pautada no plen\u00e1rio a qualquer momento.<\/p>\n<p><a href=\"https:\/\/lp.suno.com.br\/suno-one\/\">Suno One: acesse gratuitamente eBooks, Minicursos, Artigos e V\u00eddeo Aulas sobre investimentos com um \u00fanico cadastro. Clique para saber mais!<\/a><\/p>\n<p>Contra a urg\u00eancia, o deputado Paul\u00e3o (PT-AL) disse que o projeto \u00e9 &#8220;lesa p\u00e1tria&#8221; e atenta contra a cidadania e o povo brasileiro. &#8220;O PT n\u00e3o colocar\u00e1 a digital nesse projeto que lesa a soberania&#8221;, afirmou.<\/p>\n<p>Em uma tentativa de retirar o requerimento da pauta, o parlamentar apelou para o fato de Lira ter sido seu colega na C\u00e2mara de Vereadores de Macei\u00f3 e ressaltou que o projeto de lei n\u00e3o foi discutido em comiss\u00f5es e audi\u00eancias p\u00fablicas.<\/p>\n\t<div data-element=\"shortcode-read-more\" class=\"knowMore\">\n\t\t\t\t<span class=\"knowMore__title\">Leia tamb\u00e9m<\/span>\n\t\t\t\t<a class=\"knowMore__link\" href=\"https:\/\/www.suno.com.br\/noticias\/correios-privatizacao-venda-controle\/\">\n\t\t\tCorreios deve ser privatizado sem fragmenta\u00e7\u00e3o e com venda de controle; entenda\t\t<\/a>\n\t<\/div>\n\n\n<p>Em resposta a Paul\u00e3o, Lira disse que nada ser\u00e1 aprovado sem que haja concord\u00e2ncia da maioria dos deputados.<\/p>\n<p>O deputado <strong>Paulo Ganime<\/strong> (Novo-RJ), por sua vez, disse que os servi\u00e7os dos Correios s\u00e3o ruins e motivo de chacota. &#8220;\u00c9 motivo de vergonha para n\u00f3s, agentes p\u00fablicos, que devemos fiscalizar e garantir a boa presta\u00e7\u00e3o do servi\u00e7o p\u00fablico&#8221;, afirmou o pol\u00edtico.<\/p>\n<h4>Veja tamb\u00e9m:<\/h4>\n<h2>Venda dos Correios poder\u00e1 ser tanto majorit\u00e1ria como de 100% de a\u00e7\u00f5es<\/h2>\n<p>No m\u00eas passado, a\u00a0 secret\u00e1ria do Programa de Parcerias de Investimento (PPI), Martha Seillier afirmou que o governo decidiu que a privatiza\u00e7\u00e3o dos Correios ser\u00e1 feita por venda do controle acion\u00e1rio da estatal.<\/p>\n<p>Segundo<strong> Seillier<\/strong>, o que ainda ser\u00e1 definido \u00e9 se a venda para o privado ser\u00e1 apenas de parte majorit\u00e1ria da empresa ou de 100% das a\u00e7\u00f5es. \u00a0A previs\u00e3o, por ora, \u00e9 que o leil\u00e3o ocorra em 2022.<\/p>\n\t<p>\n\t\t<a href=\"https:\/\/lp.suno.com.br\/planilha-da-vida-financeira\/\" target=\"_blank\" data-element=\"shortcode-suno-banner\" title=\"Banner SUNO, clique e saiba mais\">\n\t\t\t<picture>\n\t\t\t\t<source media=\"(max-width: 500px)\" srcset=\"https:\/\/files.sunoresearch.com.br\/n\/uploads\/2023\/04\/400x300-Planilha-vida-financeira-true.png\">\n\t\t\t\t<img class=\"newsContent__article__imgCapa newsContent__article__imgCapa--banner\"\n\t\t\t\t\tsrc=\"https:\/\/files.sunoresearch.com.br\/n\/uploads\/2023\/04\/1420x240-Planilha-vida-financeira-true.png\"\n\t\t\t\t\tdata-promo-id=\"106682\"\t\t\t\t\t\t\t\t\t\twidth='1420' height='240'\t\t\t\t\talt=\"https:\/\/files.sunoresearch.com.br\/n\/uploads\/2023\/04\/1420x240-Planilha-vida-financeira-true.png\"\n\t\t\t\t>\n\t\t\t<\/picture>\n\t\t<\/a>\n\t<\/p>\n\n\n<p>&#8220;Decidimos pela venda do controle, ainda n\u00e3o sabemos se ter\u00e1 participa\u00e7\u00e3o minorit\u00e1ria da Uni\u00e3o&#8221;, afirmou Seillier. Antes da afirma\u00e7\u00e3o da secret\u00e1ria, o governo j\u00e1 havia divulgado que a primeira etapa dos estudos sobre o futuro dos <strong>Correios<\/strong> apontou que a melhor op\u00e7\u00e3o para a privatiza\u00e7\u00e3o \u00e9 pela venda de controle acion\u00e1rio.<\/p>\n<p><em>Com informa\u00e7\u00f5es do Estad\u00e3o Conte\u00fado<\/em><\/p>\n\t<p>\n\t\t<a href=\"https:\/\/lp.suno.com.br\/planilha-de-controle-de-investimentos\/\" target=\"_blank\" data-element=\"shortcode-suno-banner\" title=\"Banner SUNO, clique e saiba mais\">\n\t\t\t<picture>\n\t\t\t\t<source media=\"(max-width: 500px)\" srcset=\"https:\/\/files.sunoresearch.com.br\/n\/uploads\/2023\/03\/400x300-Controle-de-Investimentos.png\">\n\t\t\t\t<img class=\"newsContent__article__imgCapa newsContent__article__imgCapa--banner\"\n\t\t\t\t\tsrc=\"https:\/\/files.sunoresearch.com.br\/n\/uploads\/2023\/03\/1420x240-Controle-de-Investimentos.png\"\n\t\t\t\t\tdata-promo-id=\"75934\"\t\t\t\t\t\t\t\t\t\twidth='1420' height='240'\t\t\t\t\talt=\"https:\/\/files.sunoresearch.com.br\/n\/uploads\/2023\/03\/1420x240-Controle-de-Investimentos.png\"\n\t\t\t\t>\n\t\t\t<\/picture>\n\t\t<\/a>\n\t<\/p>\n\n\n","protected":false},"excerpt":{"rendered":"<p>O requerimento de urg\u00eancia para o projeto de lei que cria um novo marco postal e abre espa\u00e7o para a privatiza\u00e7\u00e3o dos Correios come\u00e7ou a ser discutido na C\u00e2mara nesta ter\u00e7a-feira (20). Correios. Foto: Reprodu\u00e7\u00e3o Facebook O presidente da C\u00e2mara, Arthur Lira (PP-AL), j\u00e1 havia sinalizado que iria pautar a proposta sobre a privatiza\u00e7\u00e3o dos [&hellip;]<\/p>\n","protected":false},"author":39,"featured_media":141052,"comment_status":"closed","ping_status":"closed","sticky":false,"template":"","format":"standard","meta":[],"categories":[64],"tags":[938,700,945],"suno_strategy":[],"class_list":["post-141043","post","type-post","status-publish","format-standard","has-post-thumbnail","hentry","category-negocios","tag-camara-dos-deputados","tag-correios","tag-privatizacoes"],"yoast_head":"<!-- This site is optimized with the Yoast SEO plugin v24.4 - https:\/\/yoast.com\/wordpress\/plugins\/seo\/ -->\n<title>Privatiza\u00e7\u00e3o dos Correios: C\u00e2mara come\u00e7a a discutir urg\u00eancia em PL<\/title>\n<meta name=\"description\" content=\"O requerimento de urg\u00eancia para o PL que abre espa\u00e7o para a privatiza\u00e7\u00e3o dos Correios come\u00e7ou a ser discutido na C\u00e2mara. Clique e saiba mais!\" \/>\n<meta name=\"robots\" content=\"index, follow, max-snippet:-1, max-image-preview:large, max-video-preview:-1\" \/>\n<link rel=\"canonical\" href=\"https:\/\/www.suno.com.br\/noticias\/camara-discutir-urgencia-privatizacao-correios\/\" \/>\n<meta property=\"og:locale\" content=\"pt_BR\" \/>\n<meta property=\"og:type\" content=\"article\" \/>\n<meta property=\"og:title\" content=\"Privatiza\u00e7\u00e3o dos Correios: C\u00e2mara come\u00e7a a discutir urg\u00eancia em PL\" \/>\n<meta property=\"og:description\" content=\"O requerimento de urg\u00eancia para o PL que abre espa\u00e7o para a privatiza\u00e7\u00e3o dos Correios come\u00e7ou a ser discutido na C\u00e2mara. Clique e saiba mais!\" \/>\n<meta property=\"og:url\" content=\"https:\/\/www.suno.com.br\/noticias\/camara-discutir-urgencia-privatizacao-correios\/\" \/>\n<meta property=\"og:site_name\" content=\"Suno Not\u00edcias\" \/>\n<meta property=\"article:publisher\" content=\"https:\/\/facebook.com\/sunoresearch\" \/>\n<meta property=\"og:image\" content=\"https:\/\/files.sunoresearch.com.br\/n\/uploads\/2021\/04\/c1cfffd1-correios.jpg\" \/>\n\t<meta property=\"og:image:width\" content=\"1200\" \/>\n\t<meta property=\"og:image:height\" content=\"960\" \/>\n\t<meta property=\"og:image:type\" content=\"image\/jpeg\" \/>\n<meta name=\"author\" content=\"Laura Moutinho\" \/>\n<meta name=\"twitter:card\" content=\"summary_large_image\" \/>\n<meta name=\"twitter:creator\" content=\"@sunoresearch\" \/>\n<meta name=\"twitter:site\" content=\"@sunoresearch\" \/>\n<meta name=\"twitter:label1\" content=\"Escrito por\" \/>\n\t<meta name=\"twitter:data1\" content=\"Laura Moutinho\" \/>\n\t<meta name=\"twitter:label2\" content=\"Est. tempo de leitura\" \/>\n\t<meta name=\"twitter:data2\" content=\"2 minutos\" \/>\n<script type=\"application\/ld+json\" class=\"yoast-schema-graph\">{\"@context\":\"https:\/\/schema.org\",\"@graph\":[{\"@type\":\"NewsArticle\",\"@id\":\"https:\/\/www.suno.com.br\/noticias\/camara-discutir-urgencia-privatizacao-correios\/#article\",\"isPartOf\":{\"@id\":\"https:\/\/www.suno.com.br\/noticias\/camara-discutir-urgencia-privatizacao-correios\/\"},\"author\":{\"name\":\"Laura Moutinho\",\"@id\":\"https:\/\/www.suno.com.br\/noticias\/#\/schema\/person\/3df0d2808748b74496efe5dbeaef2c72\"},\"headline\":\"Privatiza\u00e7\u00e3o dos Correios: C\u00e2mara come\u00e7a a discutir urg\u00eancia em PL\",\"datePublished\":\"2021-04-20T20:31:18+00:00\",\"mainEntityOfPage\":{\"@id\":\"https:\/\/www.suno.com.br\/noticias\/camara-discutir-urgencia-privatizacao-correios\/\"},\"wordCount\":482,\"publisher\":{\"@id\":\"https:\/\/www.suno.com.br\/noticias\/#organization\"},\"image\":{\"@id\":\"https:\/\/www.suno.com.br\/noticias\/camara-discutir-urgencia-privatizacao-correios\/#primaryimage\"},\"thumbnailUrl\":\"https:\/\/files.sunoresearch.com.br\/n\/uploads\/2021\/04\/c1cfffd1-correios-jpg.webp\",\"keywords\":[\"C\u00e2mara dos Deputados\",\"Correios\",\"privatiza\u00e7\u00f5es\"],\"articleSection\":[\"Neg\u00f3cios\"],\"inLanguage\":\"pt-BR\"},{\"@type\":\"WebPage\",\"@id\":\"https:\/\/www.suno.com.br\/noticias\/camara-discutir-urgencia-privatizacao-correios\/\",\"url\":\"https:\/\/www.suno.com.br\/noticias\/camara-discutir-urgencia-privatizacao-correios\/\",\"name\":\"Privatiza\u00e7\u00e3o dos Correios: C\u00e2mara come\u00e7a a discutir urg\u00eancia em PL\",\"isPartOf\":{\"@id\":\"https:\/\/www.suno.com.br\/noticias\/#website\"},\"primaryImageOfPage\":{\"@id\":\"https:\/\/www.suno.com.br\/noticias\/camara-discutir-urgencia-privatizacao-correios\/#primaryimage\"},\"image\":{\"@id\":\"https:\/\/www.suno.com.br\/noticias\/camara-discutir-urgencia-privatizacao-correios\/#primaryimage\"},\"thumbnailUrl\":\"https:\/\/files.sunoresearch.com.br\/n\/uploads\/2021\/04\/c1cfffd1-correios-jpg.webp\",\"datePublished\":\"2021-04-20T20:31:18+00:00\",\"description\":\"O requerimento de urg\u00eancia para o PL que abre espa\u00e7o para a privatiza\u00e7\u00e3o dos Correios come\u00e7ou a ser discutido na C\u00e2mara. Clique e saiba mais!\",\"breadcrumb\":{\"@id\":\"https:\/\/www.suno.com.br\/noticias\/camara-discutir-urgencia-privatizacao-correios\/#breadcrumb\"},\"inLanguage\":\"pt-BR\",\"potentialAction\":[{\"@type\":\"ReadAction\",\"target\":[\"https:\/\/www.suno.com.br\/noticias\/camara-discutir-urgencia-privatizacao-correios\/\"]}]},{\"@type\":\"ImageObject\",\"inLanguage\":\"pt-BR\",\"@id\":\"https:\/\/www.suno.com.br\/noticias\/camara-discutir-urgencia-privatizacao-correios\/#primaryimage\",\"url\":\"https:\/\/files.sunoresearch.com.br\/n\/uploads\/2021\/04\/c1cfffd1-correios-jpg.webp\",\"contentUrl\":\"https:\/\/files.sunoresearch.com.br\/n\/uploads\/2021\/04\/c1cfffd1-correios-jpg.webp\",\"width\":1200,\"height\":960,\"caption\":\"Correios. Foto: Reprodu\u00e7\u00e3o Facebook\"},{\"@type\":\"BreadcrumbList\",\"@id\":\"https:\/\/www.suno.com.br\/noticias\/camara-discutir-urgencia-privatizacao-correios\/#breadcrumb\",\"itemListElement\":[{\"@type\":\"ListItem\",\"position\":1,\"name\":\"Not\u00edcias\",\"item\":\"https:\/\/www.suno.com.br\/noticias\/\"},{\"@type\":\"ListItem\",\"position\":2,\"name\":\"Neg\u00f3cios\",\"item\":\"https:\/\/www.suno.com.br\/noticias\/negocios\/\"},{\"@type\":\"ListItem\",\"position\":3,\"name\":\"Privatiza\u00e7\u00e3o dos Correios: C\u00e2mara come\u00e7a a discutir urg\u00eancia em PL\"}]},{\"@type\":\"WebSite\",\"@id\":\"https:\/\/www.suno.com.br\/noticias\/#website\",\"url\":\"https:\/\/www.suno.com.br\/noticias\/\",\"name\":\"Suno Not\u00edcias\",\"description\":\"Seu portal de informa\u00e7\u00e3o sobre o mundo dos investimentos\",\"publisher\":{\"@id\":\"https:\/\/www.suno.com.br\/noticias\/#organization\"},\"potentialAction\":[{\"@type\":\"SearchAction\",\"target\":{\"@type\":\"EntryPoint\",\"urlTemplate\":\"https:\/\/www.suno.com.br\/noticias\/?s={search_term_string}\"},\"query-input\":{\"@type\":\"PropertyValueSpecification\",\"valueRequired\":true,\"valueName\":\"search_term_string\"}}],\"inLanguage\":\"pt-BR\"},{\"@type\":\"Organization\",\"@id\":\"https:\/\/www.suno.com.br\/noticias\/#organization\",\"name\":\"Suno Not\u00edcias\",\"url\":\"https:\/\/www.suno.com.br\/noticias\/\",\"logo\":{\"@type\":\"ImageObject\",\"inLanguage\":\"pt-BR\",\"@id\":\"https:\/\/www.suno.com.br\/noticias\/#\/schema\/logo\/image\/\",\"url\":\"https:\/\/files.sunoresearch.com.br\/n\/uploads\/2021\/09\/suno-logo.png\",\"contentUrl\":\"https:\/\/files.sunoresearch.com.br\/n\/uploads\/2021\/09\/suno-logo.png\",\"width\":180,\"height\":180,\"caption\":\"Suno Not\u00edcias\"},\"image\":{\"@id\":\"https:\/\/www.suno.com.br\/noticias\/#\/schema\/logo\/image\/\"},\"sameAs\":[\"https:\/\/facebook.com\/sunoresearch\",\"https:\/\/x.com\/sunoresearch\",\"https:\/\/www.instagram.com\/suno\",\"https:\/\/www.linkedin.com\/company\/suno-research\/\",\"https:\/\/www.youtube.com\/c\/sunoresearch\"]},{\"@type\":\"Person\",\"@id\":\"https:\/\/www.suno.com.br\/noticias\/#\/schema\/person\/3df0d2808748b74496efe5dbeaef2c72\",\"name\":\"Laura Moutinho\",\"image\":{\"@type\":\"ImageObject\",\"inLanguage\":\"pt-BR\",\"@id\":\"https:\/\/www.suno.com.br\/noticias\/#\/schema\/person\/image\/\",\"url\":\"https:\/\/secure.gravatar.com\/avatar\/7571c7c8ca3a6fca5e41384ece5557ff?s=96&r=g\",\"contentUrl\":\"https:\/\/secure.gravatar.com\/avatar\/7571c7c8ca3a6fca5e41384ece5557ff?s=96&r=g\",\"caption\":\"Laura Moutinho\"},\"description\":\"Estagi\u00e1ria na Suno Not\u00edcias, escreve not\u00edcias que afetam o mercado financeiro. Estuda administra\u00e7\u00e3o na Universidade Presbiteriana Mackenzie.\",\"url\":\"https:\/\/www.suno.com.br\/noticias\/author\/laura-moutinho\/\"}]}<\/script>\n<!-- \/ Yoast SEO plugin. -->","yoast_head_json":{"title":"Privatiza\u00e7\u00e3o dos Correios: C\u00e2mara come\u00e7a a discutir urg\u00eancia em PL","description":"O requerimento de urg\u00eancia para o PL que abre espa\u00e7o para a privatiza\u00e7\u00e3o dos Correios come\u00e7ou a ser discutido na C\u00e2mara. Clique e saiba mais!","robots":{"index":"index","follow":"follow","max-snippet":"max-snippet:-1","max-image-preview":"max-image-preview:large","max-video-preview":"max-video-preview:-1"},"canonical":"https:\/\/www.suno.com.br\/noticias\/camara-discutir-urgencia-privatizacao-correios\/","og_locale":"pt_BR","og_type":"article","og_title":"Privatiza\u00e7\u00e3o dos Correios: C\u00e2mara come\u00e7a a discutir urg\u00eancia em PL","og_description":"O requerimento de urg\u00eancia para o PL que abre espa\u00e7o para a privatiza\u00e7\u00e3o dos Correios come\u00e7ou a ser discutido na C\u00e2mara. Clique e saiba mais!","og_url":"https:\/\/www.suno.com.br\/noticias\/camara-discutir-urgencia-privatizacao-correios\/","og_site_name":"Suno Not\u00edcias","article_publisher":"https:\/\/facebook.com\/sunoresearch","og_image":[{"width":1200,"height":960,"url":"https:\/\/files.sunoresearch.com.br\/n\/uploads\/2021\/04\/c1cfffd1-correios.jpg","type":"image\/jpeg"}],"author":"Laura Moutinho","twitter_card":"summary_large_image","twitter_creator":"@sunoresearch","twitter_site":"@sunoresearch","twitter_misc":{"Escrito por":"Laura Moutinho","Est. tempo de leitura":"2 minutos"},"schema":{"@context":"https:\/\/schema.org","@graph":[{"@type":"NewsArticle","@id":"https:\/\/www.suno.com.br\/noticias\/camara-discutir-urgencia-privatizacao-correios\/#article","isPartOf":{"@id":"https:\/\/www.suno.com.br\/noticias\/camara-discutir-urgencia-privatizacao-correios\/"},"author":{"name":"Laura Moutinho","@id":"https:\/\/www.suno.com.br\/noticias\/#\/schema\/person\/3df0d2808748b74496efe5dbeaef2c72"},"headline":"Privatiza\u00e7\u00e3o dos Correios: C\u00e2mara come\u00e7a a discutir urg\u00eancia em PL","datePublished":"2021-04-20T20:31:18+00:00","mainEntityOfPage":{"@id":"https:\/\/www.suno.com.br\/noticias\/camara-discutir-urgencia-privatizacao-correios\/"},"wordCount":482,"publisher":{"@id":"https:\/\/www.suno.com.br\/noticias\/#organization"},"image":{"@id":"https:\/\/www.suno.com.br\/noticias\/camara-discutir-urgencia-privatizacao-correios\/#primaryimage"},"thumbnailUrl":"https:\/\/files.sunoresearch.com.br\/n\/uploads\/2021\/04\/c1cfffd1-correios-jpg.webp","keywords":["C\u00e2mara dos Deputados","Correios","privatiza\u00e7\u00f5es"],"articleSection":["Neg\u00f3cios"],"inLanguage":"pt-BR"},{"@type":"WebPage","@id":"https:\/\/www.suno.com.br\/noticias\/camara-discutir-urgencia-privatizacao-correios\/","url":"https:\/\/www.suno.com.br\/noticias\/camara-discutir-urgencia-privatizacao-correios\/","name":"Privatiza\u00e7\u00e3o dos Correios: C\u00e2mara come\u00e7a a discutir urg\u00eancia em PL","isPartOf":{"@id":"https:\/\/www.suno.com.br\/noticias\/#website"},"primaryImageOfPage":{"@id":"https:\/\/www.suno.com.br\/noticias\/camara-discutir-urgencia-privatizacao-correios\/#primaryimage"},"image":{"@id":"https:\/\/www.suno.com.br\/noticias\/camara-discutir-urgencia-privatizacao-correios\/#primaryimage"},"thumbnailUrl":"https:\/\/files.sunoresearch.com.br\/n\/uploads\/2021\/04\/c1cfffd1-correios-jpg.webp","datePublished":"2021-04-20T20:31:18+00:00","description":"O requerimento de urg\u00eancia para o PL que abre espa\u00e7o para a privatiza\u00e7\u00e3o dos Correios come\u00e7ou a ser discutido na C\u00e2mara. Clique e saiba mais!","breadcrumb":{"@id":"https:\/\/www.suno.com.br\/noticias\/camara-discutir-urgencia-privatizacao-correios\/#breadcrumb"},"inLanguage":"pt-BR","potentialAction":[{"@type":"ReadAction","target":["https:\/\/www.suno.com.br\/noticias\/camara-discutir-urgencia-privatizacao-correios\/"]}]},{"@type":"ImageObject","inLanguage":"pt-BR","@id":"https:\/\/www.suno.com.br\/noticias\/camara-discutir-urgencia-privatizacao-correios\/#primaryimage","url":"https:\/\/files.sunoresearch.com.br\/n\/uploads\/2021\/04\/c1cfffd1-correios-jpg.webp","contentUrl":"https:\/\/files.sunoresearch.com.br\/n\/uploads\/2021\/04\/c1cfffd1-correios-jpg.webp","width":1200,"height":960,"caption":"Correios. Foto: Reprodu\u00e7\u00e3o Facebook"},{"@type":"BreadcrumbList","@id":"https:\/\/www.suno.com.br\/noticias\/camara-discutir-urgencia-privatizacao-correios\/#breadcrumb","itemListElement":[{"@type":"ListItem","position":1,"name":"Not\u00edcias","item":"https:\/\/www.suno.com.br\/noticias\/"},{"@type":"ListItem","position":2,"name":"Neg\u00f3cios","item":"https:\/\/www.suno.com.br\/noticias\/negocios\/"},{"@type":"ListItem","position":3,"name":"Privatiza\u00e7\u00e3o dos Correios: C\u00e2mara come\u00e7a a discutir urg\u00eancia em PL"}]},{"@type":"WebSite","@id":"https:\/\/www.suno.com.br\/noticias\/#website","url":"https:\/\/www.suno.com.br\/noticias\/","name":"Suno Not\u00edcias","description":"Seu portal de informa\u00e7\u00e3o sobre o mundo dos investimentos","publisher":{"@id":"https:\/\/www.suno.com.br\/noticias\/#organization"},"potentialAction":[{"@type":"SearchAction","target":{"@type":"EntryPoint","urlTemplate":"https:\/\/www.suno.com.br\/noticias\/?s={search_term_string}"},"query-input":{"@type":"PropertyValueSpecification","valueRequired":true,"valueName":"search_term_string"}}],"inLanguage":"pt-BR"},{"@type":"Organization","@id":"https:\/\/www.suno.com.br\/noticias\/#organization","name":"Suno Not\u00edcias","url":"https:\/\/www.suno.com.br\/noticias\/","logo":{"@type":"ImageObject","inLanguage":"pt-BR","@id":"https:\/\/www.suno.com.br\/noticias\/#\/schema\/logo\/image\/","url":"https:\/\/files.sunoresearch.com.br\/n\/uploads\/2021\/09\/suno-logo.png","contentUrl":"https:\/\/files.sunoresearch.com.br\/n\/uploads\/2021\/09\/suno-logo.png","width":180,"height":180,"caption":"Suno Not\u00edcias"},"image":{"@id":"https:\/\/www.suno.com.br\/noticias\/#\/schema\/logo\/image\/"},"sameAs":["https:\/\/facebook.com\/sunoresearch","https:\/\/x.com\/sunoresearch","https:\/\/www.instagram.com\/suno","https:\/\/www.linkedin.com\/company\/suno-research\/","https:\/\/www.youtube.com\/c\/sunoresearch"]},{"@type":"Person","@id":"https:\/\/www.suno.com.br\/noticias\/#\/schema\/person\/3df0d2808748b74496efe5dbeaef2c72","name":"Laura Moutinho","image":{"@type":"ImageObject","inLanguage":"pt-BR","@id":"https:\/\/www.suno.com.br\/noticias\/#\/schema\/person\/image\/","url":"https:\/\/secure.gravatar.com\/avatar\/7571c7c8ca3a6fca5e41384ece5557ff?s=96&r=g","contentUrl":"https:\/\/secure.gravatar.com\/avatar\/7571c7c8ca3a6fca5e41384ece5557ff?s=96&r=g","caption":"Laura Moutinho"},"description":"Estagi\u00e1ria na Suno Not\u00edcias, escreve not\u00edcias que afetam o mercado financeiro. Estuda administra\u00e7\u00e3o na Universidade Presbiteriana Mackenzie.","url":"https:\/\/www.suno.com.br\/noticias\/author\/laura-moutinho\/"}]}},"default_loop_html":"<div class=\"cardsPage__listCard__boxs\"><div class=\"cardsPage__listCard__boxs__img\"><a href=\"https:\/\/www.suno.com.br\/noticias\/camara-discutir-urgencia-privatizacao-correios\/\"><img class=\"mask\" src=\"https:\/\/www.suno.com.br\/noticias\/wp-content\/themes\/suno\/resources\/images\/spotlight\/spotlight1img\/bg-mask.png\" alt=\"Image Mask\"\/><img src=\"https:\/\/files.sunoresearch.com.br\/n\/uploads\/2021\/04\/c1cfffd1-correios-400x200.webp\" alt=\"Privatiza\u00e7\u00e3o dos Correios: C\u00e2mara come\u00e7a a discutir urg\u00eancia em PL\"\/><\/a><span class=\"spotlightCategory\"><a href=\"https:\/\/www.suno.com.br\/noticias\/negocios\/\">Neg\u00f3cios<\/a><\/span><\/div><div class=\"cardsPage__listCard__boxs__content\"><a href=\"https:\/\/www.suno.com.br\/noticias\/camara-discutir-urgencia-privatizacao-correios\/\"><h2 class=\"content__title\">Privatiza\u00e7\u00e3o dos Correios: C\u00e2mara come\u00e7a a discutir urg\u00eancia em PL<\/h2><\/a><div class=\"newsContent__article__meta\"><div class=\"newsContent__article__meta__authorBox\"><a href=\"https:\/\/www.suno.com.br\/noticias\/author\/laura-moutinho\/\" class=\"authorBox__avatar noMobi\"><img src=\"https:\/\/files.sunoresearch.com.br\/n\/uploads\/2020\/08\/531ff69d-whatsapp-image-2020-08-03-at-14.54.38-150x150.webp\" alt=\"Laura Moutinho\"><\/a><div class=\"authorBox__name\"><span>por\n\t\t\t<a href=\"https:\/\/www.suno.com.br\/noticias\/author\/laura-moutinho\/\"><span itemprop=\"author\">Laura Moutinho<\/span><\/a><\/span><time datetime=\"2021-04-20T17:31:18-03:00\" itemprop=\"datePublished\">20\/04\/2021 17:31<\/time><\/div><\/div><\/div><\/div><\/div>","single_layout":"posts","amp_enabled":true,"_links":{"self":[{"href":"https:\/\/www.suno.com.br\/noticias\/wp-json\/wp\/v2\/posts\/141043"}],"collection":[{"href":"https:\/\/www.suno.com.br\/noticias\/wp-json\/wp\/v2\/posts"}],"about":[{"href":"https:\/\/www.suno.com.br\/noticias\/wp-json\/wp\/v2\/types\/post"}],"author":[{"embeddable":true,"href":"https:\/\/www.suno.com.br\/noticias\/wp-json\/wp\/v2\/users\/39"}],"replies":[{"embeddable":true,"href":"https:\/\/www.suno.com.br\/noticias\/wp-json\/wp\/v2\/comments?post=141043"}],"version-history":[{"count":2,"href":"https:\/\/www.suno.com.br\/noticias\/wp-json\/wp\/v2\/posts\/141043\/revisions"}],"predecessor-version":[{"id":141056,"href":"https:\/\/www.suno.com.br\/noticias\/wp-json\/wp\/v2\/posts\/141043\/revisions\/141056"}],"wp:featuredmedia":[{"embeddable":true,"href":"https:\/\/www.suno.com.br\/noticias\/wp-json\/wp\/v2\/media\/141052"}],"wp:attachment":[{"href":"https:\/\/www.suno.com.br\/noticias\/wp-json\/wp\/v2\/media?parent=141043"}],"wp:term":[{"taxonomy":"category","embeddable":true,"href":"https:\/\/www.suno.com.br\/noticias\/wp-json\/wp\/v2\/categories?post=141043"},{"taxonomy":"post_tag","embeddable":true,"href":"https:\/\/www.suno.com.br\/noticias\/wp-json\/wp\/v2\/tags?post=141043"},{"taxonomy":"suno_strategy","embeddable":true,"href":"https:\/\/www.suno.com.br\/noticias\/wp-json\/wp\/v2\/suno_strategy?post=141043"}],"curies":[{"name":"wp","href":"https:\/\/api.w.org\/{rel}","templated":true}]}}