{"id":140988,"date":"2021-04-20T17:39:11","date_gmt":"2021-04-20T20:39:11","guid":{"rendered":"https:\/\/www.suno.com.br\/noticias\/?p=140988"},"modified":"2021-04-20T18:13:49","modified_gmt":"2021-04-20T21:13:49","slug":"cvm-absolve-eike-batista-falhas-curriculo","status":"publish","type":"post","link":"https:\/\/www.suno.com.br\/noticias\/cvm-absolve-eike-batista-falhas-curriculo\/","title":{"rendered":"CVM absolve Eike Batista em processo sobre falhas no curr\u00edculo"},"content":{"rendered":"<p>A <a href=\"https:\/\/www.suno.com.br\/artigos\/cvm\/\">Comiss\u00e3o de Valores Mobili\u00e1rios (CVM)<\/a> absolveu em decis\u00e3o un\u00e2nime <strong>Eike<\/strong> <strong>Batista<\/strong>, ex-administrador da companhias X, em processo sobre falhas na presta\u00e7\u00e3o de informa\u00e7\u00f5es ao mercado envolvendo seu curr\u00edculo.<\/p>\t<div class=\"wrapper-featured-image\">\n\t\t<figure class=\"spotlightImg\">\n\n\t\t\t<picture>\n\t\t\t\t<source media=\"(max-width: 768px)\" srcset=\"https:\/\/files.sunoresearch.com.br\/n\/uploads\/2021\/02\/8ec9eb15-38729044861_8b5ddd1a24_b-400x200.webp\">\n\t\t\t\t<img loading=\"lazy\" decoding=\"async\" class=\"newsContent__article__imgCapa lazyloadDisabled \" src=\"https:\/\/files.sunoresearch.com.br\/n\/uploads\/2021\/02\/8ec9eb15-38729044861_8b5ddd1a24_b-800x450.webp\" width=\"800\" height=\"450\" alt=\"CVM absolve Eike Batista em processo sobre falhas no curr\u00edculo\" fetchpriority=high \/>\n\t\t\t<\/picture>\n\n\t\t\t<figcaption class=\"wp-caption-text wp-caption-text--show\">Eike Batista. Foto: Lula Marques\/AGPT.<\/figcaption>\n\t\t<\/figure>\n\t<\/div>\n\n\n\t<p>\n\t\t<a href=\"https:\/\/lp.suno.com.br\/planilha-controle-gastos\/\" target=\"_blank\" data-element=\"shortcode-suno-banner\" title=\"Banner SUNO, clique e saiba mais\">\n\t\t\t<picture>\n\t\t\t\t<source media=\"(max-width: 500px)\" srcset=\"https:\/\/files.sunoresearch.com.br\/n\/uploads\/2023\/03\/400x300-Planilha-controle-de-gastos.png\">\n\t\t\t\t<img class=\"newsContent__article__imgCapa newsContent__article__imgCapa--banner\"\n\t\t\t\t\tsrc=\"https:\/\/files.sunoresearch.com.br\/n\/uploads\/2023\/03\/1420x240-Planilha-controle-de-gastos.png\"\n\t\t\t\t\tdata-promo-id=\"101751\"\t\t\t\t\t\t\t\t\t\twidth='1420' height='240'\t\t\t\t\talt=\"https:\/\/files.sunoresearch.com.br\/n\/uploads\/2023\/03\/1420x240-Planilha-controle-de-gastos.png\"\n\t\t\t\t>\n\t\t\t<\/picture>\n\t\t<\/a>\n\t<\/p>\n\n\n<p>O empres\u00e1rio se apresentava como engenheiro metal\u00fargico, bacharel ou graduado em engenharia metal\u00fargica. Eike Batista foi diretor e conselheiro das companhias: CCX, <a href=\"https:\/\/www.suno.com.br\/acoes\/mmxm3\/\">MMX (MMXM3)<\/a>, Prumo, OSX, <a href=\"https:\/\/www.suno.com.br\/acoes\/enev3\/\">Eneva (ENEV3)<\/a>, Centennial e EBX.<\/p>\n<p>Na vis\u00e3o do relator do caso, o diretor <strong>Alexandre Rangel<\/strong>, a Instru\u00e7\u00e3o CVM n\u00b0 480\/2009 n\u00e3o exigia \u00e0 \u00e9poca dos fatos, bem como n\u00e3o exige at\u00e9 hoje, que se informe alguma faculdade espec\u00edfica. &#8220;A regra nunca foi t\u00e3o longe&#8221;, disse. &#8220;Para fins de divulga\u00e7\u00e3o de informa\u00e7\u00e3o ao mercado, os campos &#8216;profiss\u00e3o&#8217; e &#8216;experi\u00eancia profissional&#8217; parecem suficientes.&#8221;<\/p>\n<p><a href=\"https:\/\/lp.suno.com.br\/suno-one\/\">Suno One: acesse gratuitamente eBooks, Minicursos, Artigos e V\u00eddeo Aulas sobre investimentos com um \u00fanico cadastro. Clique para saber mais!<\/a><\/p>\n<p>&#8220;<span dir=\"ltr\">Nesses termos, n<\/span><span dir=\"ltr\">\u00e3o <span class=\"highlight selected\">identifiquei<\/span> nos autos <\/span><span dir=\"ltr\">ind\u00edcios robustos e convergentes <\/span><span dir=\"ltr\">de que o <\/span><span dir=\"ltr\">Acusado tenha <\/span><span dir=\"ltr\">efetivamente disponibilizado informa\u00e7\u00f5es equivocadas nesse sentido \u00e0s <\/span><span dir=\"ltr\">C<\/span><span dir=\"ltr\">ompanhias <\/span><span dir=\"ltr\">para fins de preenchimento do FRE<\/span><span dir=\"ltr\">. O referido \u00f4nus cabe \u00e0 acusa\u00e7\u00e3o, sob pena de <\/span><span dir=\"ltr\">exigir<\/span><span dir=\"ltr\">&#8211;<\/span><span dir=\"ltr\">se do Acusado a produ\u00e7\u00e3o de prova negativa, com viola\u00e7\u00e3o do contradit\u00f3rio e da ampla <\/span><span dir=\"ltr\">def<\/span><span dir=\"ltr\">esa<\/span>&#8220;, entendeu Rangel.<\/p>\n<p>O diretor da CVM ainda argumentou, citando senten\u00e7a judicial, que a <span class=\"\" dir=\"ltr\">imagem de Eike Batista sempre esteve vinculada ao fato de ser um empres\u00e1rio de <span dir=\"ltr\">sucesso<\/span>, e n\u00e3o de um <span dir=\"ltr\">grande engenheiro.<\/span><\/span><\/p>\n<h2><span class=\"\" dir=\"ltr\">Eike Batista \u00e9 condenado por insider e manipula\u00e7\u00e3o de mercado<\/span><span dir=\"ltr\"><br \/>\n<\/span><\/h2>\n<p>Em fevereiro, o empres\u00e1rio foi condenado pela 3\u00aa Vara Criminal Federal do Rio de Janeiro a pagar uma pena de 11 anos e oito meses de pris\u00e3o por crimes contra o mercado de capitais.<\/p>\n<p>Eike Batista teve de pagar uma multa de R$ 871 milh\u00f5es por crimes de <a href=\"https:\/\/www.suno.com.br\/artigos\/insider-trading\/\">insider trading<\/a> e de manipula\u00e7\u00e3o de mercado ap\u00f3s se acusado de lucro com a venda de a\u00e7\u00f5es de sua empresa OGX, bra\u00e7o petroleiro do grupo EBX, hoje <a href=\"https:\/\/www.suno.com.br\/acoes\/dmmo3\/\">Dommo Energia (DMMO3)<\/a>, por meio de oculta\u00e7\u00e3o de informa\u00e7\u00f5es negativas sobre a companhia.<\/p>\n\t<div data-element=\"shortcode-read-more\" class=\"knowMore\">\n\t\t\t\t<span class=\"knowMore__title\">Leia mais<\/span>\n\t\t\t\t<a class=\"knowMore__link\" href=\"https:\/\/www.suno.com.br\/noticias\/cvm-multa-eike-batista-por-conflito-de-interesse-em-caso-da-mmx-mmxm3\/\">\n\t\t\tCVM multa Eike Batista por conflito de interesse em caso da MMX (MMXM3)\t\t<\/a>\n\t<\/div>\n\n\n<p>Segundo o Minist\u00e9rio P\u00fablico Federal (MPF), <strong>Eike<\/strong> <strong>Batista<\/strong> teria vendido a\u00e7\u00f5es da OGX em um momento em que tinha em m\u00e3os informa\u00e7\u00f5es que ainda n\u00e3o haviam sido divulgadas para o mercado.<\/p>\n\t<p>\n\t\t<a href=\"https:\/\/lp.suno.com.br\/planilha-de-controle-de-investimentos\/\" target=\"_blank\" data-element=\"shortcode-suno-banner\" title=\"Banner SUNO, clique e saiba mais\">\n\t\t\t<picture>\n\t\t\t\t<source media=\"(max-width: 500px)\" srcset=\"https:\/\/files.sunoresearch.com.br\/n\/uploads\/2023\/03\/400x300-Controle-de-Investimentos.png\">\n\t\t\t\t<img class=\"newsContent__article__imgCapa newsContent__article__imgCapa--banner\"\n\t\t\t\t\tsrc=\"https:\/\/files.sunoresearch.com.br\/n\/uploads\/2023\/03\/1420x240-Controle-de-Investimentos.png\"\n\t\t\t\t\tdata-promo-id=\"75934\"\t\t\t\t\t\t\t\t\t\twidth='1420' height='240'\t\t\t\t\talt=\"https:\/\/files.sunoresearch.com.br\/n\/uploads\/2023\/03\/1420x240-Controle-de-Investimentos.png\"\n\t\t\t\t>\n\t\t\t<\/picture>\n\t\t<\/a>\n\t<\/p>\n\n\n","protected":false},"excerpt":{"rendered":"<p>A Comiss\u00e3o de Valores Mobili\u00e1rios (CVM) absolveu em decis\u00e3o un\u00e2nime Eike Batista, ex-administrador da companhias X, em processo sobre falhas na presta\u00e7\u00e3o de informa\u00e7\u00f5es ao mercado envolvendo seu curr\u00edculo. Eike Batista. Foto: Lula Marques\/AGPT. O empres\u00e1rio se apresentava como engenheiro metal\u00fargico, bacharel ou graduado em engenharia metal\u00fargica. Eike Batista foi diretor e conselheiro das companhias: [&hellip;]<\/p>\n","protected":false},"author":35,"featured_media":121380,"comment_status":"closed","ping_status":"closed","sticky":false,"template":"","format":"standard","meta":[],"categories":[64],"tags":[902,1415],"suno_strategy":[],"class_list":["post-140988","post","type-post","status-publish","format-standard","has-post-thumbnail","hentry","category-negocios","tag-comissao-de-valores-mobiliarios-cvm","tag-eike-batista"],"yoast_head":"<!-- This site is optimized with the Yoast SEO plugin v24.4 - https:\/\/yoast.com\/wordpress\/plugins\/seo\/ -->\n<title>CVM absolve Eike Batista em processo sobre falhas no curr\u00edculo<\/title>\n<meta name=\"description\" content=\"A CVM absolveu em decis\u00e3o un\u00e2nime Eike Batista em processo sobre falhas na presta\u00e7\u00e3o de informa\u00e7\u00f5es ao mercado envolvendo seu curr\u00edculo.\" \/>\n<meta name=\"robots\" content=\"index, follow, max-snippet:-1, max-image-preview:large, max-video-preview:-1\" \/>\n<link rel=\"canonical\" href=\"https:\/\/www.suno.com.br\/noticias\/cvm-absolve-eike-batista-falhas-curriculo\/\" \/>\n<meta property=\"og:locale\" content=\"pt_BR\" \/>\n<meta property=\"og:type\" content=\"article\" \/>\n<meta property=\"og:title\" content=\"CVM absolve Eike Batista em processo sobre falhas no curr\u00edculo\" \/>\n<meta property=\"og:description\" content=\"A CVM absolveu em decis\u00e3o un\u00e2nime Eike Batista em processo sobre falhas na presta\u00e7\u00e3o de informa\u00e7\u00f5es ao mercado envolvendo seu curr\u00edculo.\" \/>\n<meta property=\"og:url\" content=\"https:\/\/www.suno.com.br\/noticias\/cvm-absolve-eike-batista-falhas-curriculo\/\" \/>\n<meta property=\"og:site_name\" content=\"Suno Not\u00edcias\" \/>\n<meta property=\"article:publisher\" content=\"https:\/\/facebook.com\/sunoresearch\" \/>\n<meta property=\"og:image\" content=\"https:\/\/files.sunoresearch.com.br\/n\/uploads\/2021\/02\/8ec9eb15-38729044861_8b5ddd1a24_b.jpg\" \/>\n\t<meta property=\"og:image:width\" content=\"1024\" \/>\n\t<meta property=\"og:image:height\" content=\"598\" \/>\n\t<meta property=\"og:image:type\" content=\"image\/jpeg\" \/>\n<meta name=\"author\" content=\"Arthur Guimar\u00e3es\" \/>\n<meta name=\"twitter:card\" content=\"summary_large_image\" \/>\n<meta name=\"twitter:creator\" content=\"@sunoresearch\" \/>\n<meta name=\"twitter:site\" content=\"@sunoresearch\" \/>\n<meta name=\"twitter:label1\" content=\"Escrito por\" \/>\n\t<meta name=\"twitter:data1\" content=\"Arthur Guimar\u00e3es\" \/>\n\t<meta name=\"twitter:label2\" content=\"Est. tempo de leitura\" \/>\n\t<meta name=\"twitter:data2\" content=\"2 minutos\" \/>\n<script type=\"application\/ld+json\" class=\"yoast-schema-graph\">{\"@context\":\"https:\/\/schema.org\",\"@graph\":[{\"@type\":\"NewsArticle\",\"@id\":\"https:\/\/www.suno.com.br\/noticias\/cvm-absolve-eike-batista-falhas-curriculo\/#article\",\"isPartOf\":{\"@id\":\"https:\/\/www.suno.com.br\/noticias\/cvm-absolve-eike-batista-falhas-curriculo\/\"},\"author\":{\"name\":\"Arthur Guimar\u00e3es\",\"@id\":\"https:\/\/www.suno.com.br\/noticias\/#\/schema\/person\/053a750a709a263919a20f976caae91c\"},\"headline\":\"CVM absolve Eike Batista em processo sobre falhas no curr\u00edculo\",\"datePublished\":\"2021-04-20T20:39:11+00:00\",\"dateModified\":\"2021-04-20T21:13:49+00:00\",\"mainEntityOfPage\":{\"@id\":\"https:\/\/www.suno.com.br\/noticias\/cvm-absolve-eike-batista-falhas-curriculo\/\"},\"wordCount\":421,\"publisher\":{\"@id\":\"https:\/\/www.suno.com.br\/noticias\/#organization\"},\"image\":{\"@id\":\"https:\/\/www.suno.com.br\/noticias\/cvm-absolve-eike-batista-falhas-curriculo\/#primaryimage\"},\"thumbnailUrl\":\"https:\/\/files.sunoresearch.com.br\/n\/uploads\/2021\/02\/8ec9eb15-38729044861_8b5ddd1a24_b-jpg.webp\",\"keywords\":[\"Comiss\u00e3o de Valores Mobili\u00e1rios (CVM)\",\"Eike Batista\"],\"articleSection\":[\"Neg\u00f3cios\"],\"inLanguage\":\"pt-BR\"},{\"@type\":\"WebPage\",\"@id\":\"https:\/\/www.suno.com.br\/noticias\/cvm-absolve-eike-batista-falhas-curriculo\/\",\"url\":\"https:\/\/www.suno.com.br\/noticias\/cvm-absolve-eike-batista-falhas-curriculo\/\",\"name\":\"CVM absolve Eike Batista em processo sobre falhas no curr\u00edculo\",\"isPartOf\":{\"@id\":\"https:\/\/www.suno.com.br\/noticias\/#website\"},\"primaryImageOfPage\":{\"@id\":\"https:\/\/www.suno.com.br\/noticias\/cvm-absolve-eike-batista-falhas-curriculo\/#primaryimage\"},\"image\":{\"@id\":\"https:\/\/www.suno.com.br\/noticias\/cvm-absolve-eike-batista-falhas-curriculo\/#primaryimage\"},\"thumbnailUrl\":\"https:\/\/files.sunoresearch.com.br\/n\/uploads\/2021\/02\/8ec9eb15-38729044861_8b5ddd1a24_b-jpg.webp\",\"datePublished\":\"2021-04-20T20:39:11+00:00\",\"dateModified\":\"2021-04-20T21:13:49+00:00\",\"description\":\"A CVM absolveu em decis\u00e3o un\u00e2nime Eike Batista em processo sobre falhas na presta\u00e7\u00e3o de informa\u00e7\u00f5es ao mercado envolvendo seu curr\u00edculo.\",\"breadcrumb\":{\"@id\":\"https:\/\/www.suno.com.br\/noticias\/cvm-absolve-eike-batista-falhas-curriculo\/#breadcrumb\"},\"inLanguage\":\"pt-BR\",\"potentialAction\":[{\"@type\":\"ReadAction\",\"target\":[\"https:\/\/www.suno.com.br\/noticias\/cvm-absolve-eike-batista-falhas-curriculo\/\"]}]},{\"@type\":\"ImageObject\",\"inLanguage\":\"pt-BR\",\"@id\":\"https:\/\/www.suno.com.br\/noticias\/cvm-absolve-eike-batista-falhas-curriculo\/#primaryimage\",\"url\":\"https:\/\/files.sunoresearch.com.br\/n\/uploads\/2021\/02\/8ec9eb15-38729044861_8b5ddd1a24_b-jpg.webp\",\"contentUrl\":\"https:\/\/files.sunoresearch.com.br\/n\/uploads\/2021\/02\/8ec9eb15-38729044861_8b5ddd1a24_b-jpg.webp\",\"width\":1024,\"height\":598,\"caption\":\"Eike Batista. Foto: Lula Marques\/AGPT.\"},{\"@type\":\"BreadcrumbList\",\"@id\":\"https:\/\/www.suno.com.br\/noticias\/cvm-absolve-eike-batista-falhas-curriculo\/#breadcrumb\",\"itemListElement\":[{\"@type\":\"ListItem\",\"position\":1,\"name\":\"Not\u00edcias\",\"item\":\"https:\/\/www.suno.com.br\/noticias\/\"},{\"@type\":\"ListItem\",\"position\":2,\"name\":\"Neg\u00f3cios\",\"item\":\"https:\/\/www.suno.com.br\/noticias\/negocios\/\"},{\"@type\":\"ListItem\",\"position\":3,\"name\":\"CVM absolve Eike Batista em processo sobre falhas no curr\u00edculo\"}]},{\"@type\":\"WebSite\",\"@id\":\"https:\/\/www.suno.com.br\/noticias\/#website\",\"url\":\"https:\/\/www.suno.com.br\/noticias\/\",\"name\":\"Suno Not\u00edcias\",\"description\":\"Seu portal de informa\u00e7\u00e3o sobre o mundo dos investimentos\",\"publisher\":{\"@id\":\"https:\/\/www.suno.com.br\/noticias\/#organization\"},\"potentialAction\":[{\"@type\":\"SearchAction\",\"target\":{\"@type\":\"EntryPoint\",\"urlTemplate\":\"https:\/\/www.suno.com.br\/noticias\/?s={search_term_string}\"},\"query-input\":{\"@type\":\"PropertyValueSpecification\",\"valueRequired\":true,\"valueName\":\"search_term_string\"}}],\"inLanguage\":\"pt-BR\"},{\"@type\":\"Organization\",\"@id\":\"https:\/\/www.suno.com.br\/noticias\/#organization\",\"name\":\"Suno Not\u00edcias\",\"url\":\"https:\/\/www.suno.com.br\/noticias\/\",\"logo\":{\"@type\":\"ImageObject\",\"inLanguage\":\"pt-BR\",\"@id\":\"https:\/\/www.suno.com.br\/noticias\/#\/schema\/logo\/image\/\",\"url\":\"https:\/\/files.sunoresearch.com.br\/n\/uploads\/2021\/09\/suno-logo.png\",\"contentUrl\":\"https:\/\/files.sunoresearch.com.br\/n\/uploads\/2021\/09\/suno-logo.png\",\"width\":180,\"height\":180,\"caption\":\"Suno Not\u00edcias\"},\"image\":{\"@id\":\"https:\/\/www.suno.com.br\/noticias\/#\/schema\/logo\/image\/\"},\"sameAs\":[\"https:\/\/facebook.com\/sunoresearch\",\"https:\/\/x.com\/sunoresearch\",\"https:\/\/www.instagram.com\/suno\",\"https:\/\/www.linkedin.com\/company\/suno-research\/\",\"https:\/\/www.youtube.com\/c\/sunoresearch\"]},{\"@type\":\"Person\",\"@id\":\"https:\/\/www.suno.com.br\/noticias\/#\/schema\/person\/053a750a709a263919a20f976caae91c\",\"name\":\"Arthur Guimar\u00e3es\",\"image\":{\"@type\":\"ImageObject\",\"inLanguage\":\"pt-BR\",\"@id\":\"https:\/\/www.suno.com.br\/noticias\/#\/schema\/person\/image\/\",\"url\":\"https:\/\/secure.gravatar.com\/avatar\/1affd86a11209ae09eb6dd3bcad3e96c?s=96&r=g\",\"contentUrl\":\"https:\/\/secure.gravatar.com\/avatar\/1affd86a11209ae09eb6dd3bcad3e96c?s=96&r=g\",\"caption\":\"Arthur Guimar\u00e3es\"},\"description\":\"Arthur Guimar\u00e3es escreve sobre pol\u00edtica, economia e neg\u00f3cios para o portal de not\u00edcias da Suno Research. Atualmente, \u00e9 estudante de jornalismo pela Faculdade C\u00e1sper L\u00edbero.\",\"url\":\"https:\/\/www.suno.com.br\/noticias\/author\/arthur-guimaraes\/\"}]}<\/script>\n<!-- \/ Yoast SEO plugin. -->","yoast_head_json":{"title":"CVM absolve Eike Batista em processo sobre falhas no curr\u00edculo","description":"A CVM absolveu em decis\u00e3o un\u00e2nime Eike Batista em processo sobre falhas na presta\u00e7\u00e3o de informa\u00e7\u00f5es ao mercado envolvendo seu curr\u00edculo.","robots":{"index":"index","follow":"follow","max-snippet":"max-snippet:-1","max-image-preview":"max-image-preview:large","max-video-preview":"max-video-preview:-1"},"canonical":"https:\/\/www.suno.com.br\/noticias\/cvm-absolve-eike-batista-falhas-curriculo\/","og_locale":"pt_BR","og_type":"article","og_title":"CVM absolve Eike Batista em processo sobre falhas no curr\u00edculo","og_description":"A CVM absolveu em decis\u00e3o un\u00e2nime Eike Batista em processo sobre falhas na presta\u00e7\u00e3o de informa\u00e7\u00f5es ao mercado envolvendo seu curr\u00edculo.","og_url":"https:\/\/www.suno.com.br\/noticias\/cvm-absolve-eike-batista-falhas-curriculo\/","og_site_name":"Suno Not\u00edcias","article_publisher":"https:\/\/facebook.com\/sunoresearch","og_image":[{"width":1024,"height":598,"url":"https:\/\/files.sunoresearch.com.br\/n\/uploads\/2021\/02\/8ec9eb15-38729044861_8b5ddd1a24_b.jpg","type":"image\/jpeg"}],"author":"Arthur Guimar\u00e3es","twitter_card":"summary_large_image","twitter_creator":"@sunoresearch","twitter_site":"@sunoresearch","twitter_misc":{"Escrito por":"Arthur Guimar\u00e3es","Est. tempo de leitura":"2 minutos"},"schema":{"@context":"https:\/\/schema.org","@graph":[{"@type":"NewsArticle","@id":"https:\/\/www.suno.com.br\/noticias\/cvm-absolve-eike-batista-falhas-curriculo\/#article","isPartOf":{"@id":"https:\/\/www.suno.com.br\/noticias\/cvm-absolve-eike-batista-falhas-curriculo\/"},"author":{"name":"Arthur Guimar\u00e3es","@id":"https:\/\/www.suno.com.br\/noticias\/#\/schema\/person\/053a750a709a263919a20f976caae91c"},"headline":"CVM absolve Eike Batista em processo sobre falhas no curr\u00edculo","datePublished":"2021-04-20T20:39:11+00:00","dateModified":"2021-04-20T21:13:49+00:00","mainEntityOfPage":{"@id":"https:\/\/www.suno.com.br\/noticias\/cvm-absolve-eike-batista-falhas-curriculo\/"},"wordCount":421,"publisher":{"@id":"https:\/\/www.suno.com.br\/noticias\/#organization"},"image":{"@id":"https:\/\/www.suno.com.br\/noticias\/cvm-absolve-eike-batista-falhas-curriculo\/#primaryimage"},"thumbnailUrl":"https:\/\/files.sunoresearch.com.br\/n\/uploads\/2021\/02\/8ec9eb15-38729044861_8b5ddd1a24_b-jpg.webp","keywords":["Comiss\u00e3o de Valores Mobili\u00e1rios (CVM)","Eike Batista"],"articleSection":["Neg\u00f3cios"],"inLanguage":"pt-BR"},{"@type":"WebPage","@id":"https:\/\/www.suno.com.br\/noticias\/cvm-absolve-eike-batista-falhas-curriculo\/","url":"https:\/\/www.suno.com.br\/noticias\/cvm-absolve-eike-batista-falhas-curriculo\/","name":"CVM absolve Eike Batista em processo sobre falhas no curr\u00edculo","isPartOf":{"@id":"https:\/\/www.suno.com.br\/noticias\/#website"},"primaryImageOfPage":{"@id":"https:\/\/www.suno.com.br\/noticias\/cvm-absolve-eike-batista-falhas-curriculo\/#primaryimage"},"image":{"@id":"https:\/\/www.suno.com.br\/noticias\/cvm-absolve-eike-batista-falhas-curriculo\/#primaryimage"},"thumbnailUrl":"https:\/\/files.sunoresearch.com.br\/n\/uploads\/2021\/02\/8ec9eb15-38729044861_8b5ddd1a24_b-jpg.webp","datePublished":"2021-04-20T20:39:11+00:00","dateModified":"2021-04-20T21:13:49+00:00","description":"A CVM absolveu em decis\u00e3o un\u00e2nime Eike Batista em processo sobre falhas na presta\u00e7\u00e3o de informa\u00e7\u00f5es ao mercado envolvendo seu curr\u00edculo.","breadcrumb":{"@id":"https:\/\/www.suno.com.br\/noticias\/cvm-absolve-eike-batista-falhas-curriculo\/#breadcrumb"},"inLanguage":"pt-BR","potentialAction":[{"@type":"ReadAction","target":["https:\/\/www.suno.com.br\/noticias\/cvm-absolve-eike-batista-falhas-curriculo\/"]}]},{"@type":"ImageObject","inLanguage":"pt-BR","@id":"https:\/\/www.suno.com.br\/noticias\/cvm-absolve-eike-batista-falhas-curriculo\/#primaryimage","url":"https:\/\/files.sunoresearch.com.br\/n\/uploads\/2021\/02\/8ec9eb15-38729044861_8b5ddd1a24_b-jpg.webp","contentUrl":"https:\/\/files.sunoresearch.com.br\/n\/uploads\/2021\/02\/8ec9eb15-38729044861_8b5ddd1a24_b-jpg.webp","width":1024,"height":598,"caption":"Eike Batista. Foto: Lula Marques\/AGPT."},{"@type":"BreadcrumbList","@id":"https:\/\/www.suno.com.br\/noticias\/cvm-absolve-eike-batista-falhas-curriculo\/#breadcrumb","itemListElement":[{"@type":"ListItem","position":1,"name":"Not\u00edcias","item":"https:\/\/www.suno.com.br\/noticias\/"},{"@type":"ListItem","position":2,"name":"Neg\u00f3cios","item":"https:\/\/www.suno.com.br\/noticias\/negocios\/"},{"@type":"ListItem","position":3,"name":"CVM absolve Eike Batista em processo sobre falhas no curr\u00edculo"}]},{"@type":"WebSite","@id":"https:\/\/www.suno.com.br\/noticias\/#website","url":"https:\/\/www.suno.com.br\/noticias\/","name":"Suno Not\u00edcias","description":"Seu portal de informa\u00e7\u00e3o sobre o mundo dos investimentos","publisher":{"@id":"https:\/\/www.suno.com.br\/noticias\/#organization"},"potentialAction":[{"@type":"SearchAction","target":{"@type":"EntryPoint","urlTemplate":"https:\/\/www.suno.com.br\/noticias\/?s={search_term_string}"},"query-input":{"@type":"PropertyValueSpecification","valueRequired":true,"valueName":"search_term_string"}}],"inLanguage":"pt-BR"},{"@type":"Organization","@id":"https:\/\/www.suno.com.br\/noticias\/#organization","name":"Suno Not\u00edcias","url":"https:\/\/www.suno.com.br\/noticias\/","logo":{"@type":"ImageObject","inLanguage":"pt-BR","@id":"https:\/\/www.suno.com.br\/noticias\/#\/schema\/logo\/image\/","url":"https:\/\/files.sunoresearch.com.br\/n\/uploads\/2021\/09\/suno-logo.png","contentUrl":"https:\/\/files.sunoresearch.com.br\/n\/uploads\/2021\/09\/suno-logo.png","width":180,"height":180,"caption":"Suno Not\u00edcias"},"image":{"@id":"https:\/\/www.suno.com.br\/noticias\/#\/schema\/logo\/image\/"},"sameAs":["https:\/\/facebook.com\/sunoresearch","https:\/\/x.com\/sunoresearch","https:\/\/www.instagram.com\/suno","https:\/\/www.linkedin.com\/company\/suno-research\/","https:\/\/www.youtube.com\/c\/sunoresearch"]},{"@type":"Person","@id":"https:\/\/www.suno.com.br\/noticias\/#\/schema\/person\/053a750a709a263919a20f976caae91c","name":"Arthur Guimar\u00e3es","image":{"@type":"ImageObject","inLanguage":"pt-BR","@id":"https:\/\/www.suno.com.br\/noticias\/#\/schema\/person\/image\/","url":"https:\/\/secure.gravatar.com\/avatar\/1affd86a11209ae09eb6dd3bcad3e96c?s=96&r=g","contentUrl":"https:\/\/secure.gravatar.com\/avatar\/1affd86a11209ae09eb6dd3bcad3e96c?s=96&r=g","caption":"Arthur Guimar\u00e3es"},"description":"Arthur Guimar\u00e3es escreve sobre pol\u00edtica, economia e neg\u00f3cios para o portal de not\u00edcias da Suno Research. Atualmente, \u00e9 estudante de jornalismo pela Faculdade C\u00e1sper L\u00edbero.","url":"https:\/\/www.suno.com.br\/noticias\/author\/arthur-guimaraes\/"}]}},"default_loop_html":"<div class=\"cardsPage__listCard__boxs\"><div class=\"cardsPage__listCard__boxs__img\"><a href=\"https:\/\/www.suno.com.br\/noticias\/cvm-absolve-eike-batista-falhas-curriculo\/\"><img class=\"mask\" src=\"https:\/\/www.suno.com.br\/noticias\/wp-content\/themes\/suno\/resources\/images\/spotlight\/spotlight1img\/bg-mask.png\" alt=\"Image Mask\"\/><img src=\"https:\/\/files.sunoresearch.com.br\/n\/uploads\/2021\/02\/8ec9eb15-38729044861_8b5ddd1a24_b-400x200.webp\" alt=\"CVM absolve Eike Batista em processo sobre falhas no curr\u00edculo\"\/><\/a><span class=\"spotlightCategory\"><a href=\"https:\/\/www.suno.com.br\/noticias\/negocios\/\">Neg\u00f3cios<\/a><\/span><\/div><div class=\"cardsPage__listCard__boxs__content\"><a href=\"https:\/\/www.suno.com.br\/noticias\/cvm-absolve-eike-batista-falhas-curriculo\/\"><h2 class=\"content__title\">CVM absolve Eike Batista em processo sobre falhas no curr\u00edculo<\/h2><\/a><div class=\"newsContent__article__meta\"><div class=\"newsContent__article__meta__authorBox\"><a href=\"https:\/\/www.suno.com.br\/noticias\/author\/arthur-guimaraes\/\" class=\"authorBox__avatar noMobi\"><img src=\"https:\/\/files.sunoresearch.com.br\/n\/uploads\/2020\/02\/dfb40897-eu-150x150.webp\" alt=\"Arthur Guimar\u00e3es\"><\/a><div class=\"authorBox__name\"><span>por\n\t\t\t<a href=\"https:\/\/www.suno.com.br\/noticias\/author\/arthur-guimaraes\/\"><span itemprop=\"author\">Arthur Guimar\u00e3es<\/span><\/a><\/span><time datetime=\"2021-04-20T17:39:11-03:00\" itemprop=\"datePublished\">20\/04\/2021 17:39<\/time><\/div><\/div><\/div><\/div><\/div>","single_layout":"posts","amp_enabled":true,"_links":{"self":[{"href":"https:\/\/www.suno.com.br\/noticias\/wp-json\/wp\/v2\/posts\/140988"}],"collection":[{"href":"https:\/\/www.suno.com.br\/noticias\/wp-json\/wp\/v2\/posts"}],"about":[{"href":"https:\/\/www.suno.com.br\/noticias\/wp-json\/wp\/v2\/types\/post"}],"author":[{"embeddable":true,"href":"https:\/\/www.suno.com.br\/noticias\/wp-json\/wp\/v2\/users\/35"}],"replies":[{"embeddable":true,"href":"https:\/\/www.suno.com.br\/noticias\/wp-json\/wp\/v2\/comments?post=140988"}],"version-history":[{"count":1,"href":"https:\/\/www.suno.com.br\/noticias\/wp-json\/wp\/v2\/posts\/140988\/revisions"}],"predecessor-version":[{"id":141072,"href":"https:\/\/www.suno.com.br\/noticias\/wp-json\/wp\/v2\/posts\/140988\/revisions\/141072"}],"wp:featuredmedia":[{"embeddable":true,"href":"https:\/\/www.suno.com.br\/noticias\/wp-json\/wp\/v2\/media\/121380"}],"wp:attachment":[{"href":"https:\/\/www.suno.com.br\/noticias\/wp-json\/wp\/v2\/media?parent=140988"}],"wp:term":[{"taxonomy":"category","embeddable":true,"href":"https:\/\/www.suno.com.br\/noticias\/wp-json\/wp\/v2\/categories?post=140988"},{"taxonomy":"post_tag","embeddable":true,"href":"https:\/\/www.suno.com.br\/noticias\/wp-json\/wp\/v2\/tags?post=140988"},{"taxonomy":"suno_strategy","embeddable":true,"href":"https:\/\/www.suno.com.br\/noticias\/wp-json\/wp\/v2\/suno_strategy?post=140988"}],"curies":[{"name":"wp","href":"https:\/\/api.w.org\/{rel}","templated":true}]}}