{"id":14080,"date":"2019-02-04T16:25:45","date_gmt":"2019-02-04T18:25:45","guid":{"rendered":"https:\/\/www.suno.com.br\/noticias\/?p=14080"},"modified":"2019-02-04T16:38:57","modified_gmt":"2019-02-04T18:38:57","slug":"barroso-denuncia-temer-portos","status":"publish","type":"post","link":"https:\/\/www.suno.com.br\/noticias\/barroso-denuncia-temer-portos\/","title":{"rendered":"Barroso envia \u00e0 1\u00aa inst\u00e2ncia den\u00fancia contra Temer no caso dos portos"},"content":{"rendered":"<p>O ministro Lu\u00eds Roberto Barroso, do Supremo Tribunal Federal (STF), encaminhou nesta segunda (4) uma den\u00fancia contra o ex-presidente Michel Temer \u00e0 Justi\u00e7a Federal. Trata-se do caso que se tornou conhecido como inqu\u00e9rito dos portos&#8221;.<\/p>\t<div class=\"wrapper-featured-image\">\n\t\t<figure class=\"spotlightImg\">\n\n\t\t\t<picture>\n\t\t\t\t<source media=\"(max-width: 768px)\" srcset=\"https:\/\/files.sunoresearch.com.br\/n\/uploads\/2018\/09\/5c970c3a-michel_temer_images_news-400x200.webp\">\n\t\t\t\t<img loading=\"lazy\" decoding=\"async\" class=\"newsContent__article__imgCapa lazyloadDisabled newsContent__article__imgCapa--noCaption\" src=\"https:\/\/files.sunoresearch.com.br\/n\/uploads\/2018\/09\/5c970c3a-michel_temer_images_news-800x450.webp\" width=\"800\" height=\"450\" alt=\"Barroso envia \u00e0 1\u00aa inst\u00e2ncia den\u00fancia contra Temer no caso dos portos\" fetchpriority=high \/>\n\t\t\t<\/picture>\n\n\t\t\t<figcaption class=\"wp-caption-text wp-caption-text--hide\">michel temer<\/figcaption>\n\t\t<\/figure>\n\t<\/div>\n\n\n<p>Com a decis\u00e3o de <strong>Barroso<\/strong>, <strong>Michel\u00a0Temer<\/strong> n\u00e3o vai mais responder \u00e0 acusa\u00e7\u00e3o no <strong>STF<\/strong>. Ele ser\u00e1 investigado na primeira inst\u00e2ncia judicial.<\/p>\n<p>A <a href=\"http:\/\/www.mpf.mp.br\/pgr\">procuradora-geral da Rep\u00fablica (PGR)<\/a>, <strong>Raquel Dodge<\/strong>, denunciou em dezembro passado o emedebista\u00a0e outras cinco pessoas pelos crimes de <strong>corrup\u00e7\u00e3o<\/strong> ativa, passiva e lavagem de dinheiro. A den\u00fancia foi feita no inqu\u00e9rito que investiga o suposto favorecimento da empresa Rodrimar na edi\u00e7\u00e3o do Decreto dos <strong>Portos<\/strong> (9.048\/2017). O documento foi assinado por Temer em maio de 2018.<\/p>\n<p><a href=\"https:\/\/www.suno.com.br\/noticias\/raquel-dodge-michel-temer-portos\/\">Saiba mais: Raquel Dodge acusa Michel Temer em investiga\u00e7\u00e3o sobre portos<\/a><\/p>\n<p><strong>Dodge<\/strong> queria que a den\u00fancia passe a tramitar na Justi\u00e7a comum assim que <strong>Temer<\/strong> deixasse o Planalto, em janeiro. Agora sem mandato, o ex-presidente perdeu a prerrogativa de foro no <strong>STF<\/strong>. Se a den\u00fancia for recebida, ele vira r\u00e9u.<\/p>\n<p>Em 16 de outubro, a Pol\u00edcia Federal avisou o <strong>STF<\/strong> de que encontrou ind\u00edcios do envolvimento do presidente no caso. Conforme informado pela PF, ent\u00e3o presidente\u00a0e mais dez pessoas teriam integrado um esquema criminoso. O objetivo seria favorecer empresas espec\u00edficas na edi\u00e7\u00e3o de um decreto sobre o setor portu\u00e1rio. Esse decreto foi assinado pelo pr\u00f3prio peemedebista.<\/p>\n<p><a href=\"https:\/\/www.suno.com.br\/noticias\/dodge-vale-brumadinho\/\">Saiba mais: Dodge cogita responsabilizar executivos da Vale por caso Brumadinho<\/a><\/p>\n<p>Ent\u00e3o o inqu\u00e9rito foi aberto no <strong>STF<\/strong> a pedido do ent\u00e3o procurador-geral da Rep\u00fablica <strong>Rodrigo Janot<\/strong>. O que gerou o processo foi uma dela\u00e7\u00e3o premiada de executivos do <a href=\"https:\/\/www.suno.com.br\/artigos\/jbs-acoes\/\">grupo <strong>J&amp;F<\/strong><\/a>, que denunciaram o pagamento da propina. O ex-assessor de <strong>Michel Temer<\/strong>, <strong>Rodrigo Rocha Loures<\/strong>, tamb\u00e9m est\u00e1 envolvido. De acordo com a den\u00fancia, o ex-presidente teria recebido valores por meio das empresas Argeplan, Eliland do Brasil, PDA Administra\u00e7\u00e3o e Participa\u00e7\u00e3o LTDA e PDA Projeto e Dire\u00e7\u00e3o Arquitet\u00f4nica. A <strong>PGR<\/strong> calculou uma movimenta\u00e7\u00e3o indevida de R$ 32,6 milh\u00f5es.<\/p>\n","protected":false},"excerpt":{"rendered":"<p>O ministro Lu\u00eds Roberto Barroso, do Supremo Tribunal Federal (STF), encaminhou nesta segunda (4) uma den\u00fancia contra o ex-presidente Michel Temer \u00e0 Justi\u00e7a Federal. Trata-se do caso que se tornou conhecido como inqu\u00e9rito dos portos&#8221;. michel temer Com a decis\u00e3o de Barroso, Michel\u00a0Temer n\u00e3o vai mais responder \u00e0 acusa\u00e7\u00e3o no STF. Ele ser\u00e1 investigado na [&hellip;]<\/p>\n","protected":false},"author":13,"featured_media":4202,"comment_status":"closed","ping_status":"closed","sticky":false,"template":"","format":"standard","meta":[],"categories":[61],"tags":[734,785],"suno_strategy":[],"class_list":["post-14080","post","type-post","status-publish","format-standard","has-post-thumbnail","hentry","category-politica","tag-michel-temer","tag-supremo-tribunal-federal-stf"],"yoast_head":"<!-- This site is optimized with the Yoast SEO plugin v24.4 - https:\/\/yoast.com\/wordpress\/plugins\/seo\/ -->\n<title>Barroso envia \u00e0 1\u00aa inst\u00e2ncia den\u00fancia contra Temer no caso dos portos<\/title>\n<meta name=\"description\" content=\"O ministro Lu\u00eds Roberto Barroso, do STF, encaminhou nesta segunda den\u00fancia contra o ex-presidente Temer \u00e0 Justi\u00e7a Federal. Clique e saiba+\" \/>\n<meta name=\"robots\" content=\"index, follow, max-snippet:-1, max-image-preview:large, max-video-preview:-1\" \/>\n<link rel=\"canonical\" href=\"https:\/\/www.suno.com.br\/noticias\/barroso-denuncia-temer-portos\/\" \/>\n<meta property=\"og:locale\" content=\"pt_BR\" \/>\n<meta property=\"og:type\" content=\"article\" \/>\n<meta property=\"og:title\" content=\"Barroso envia \u00e0 1\u00aa inst\u00e2ncia den\u00fancia contra Temer no caso dos portos\" \/>\n<meta property=\"og:description\" content=\"O ministro Lu\u00eds Roberto Barroso, do STF, encaminhou nesta segunda den\u00fancia contra o ex-presidente Temer \u00e0 Justi\u00e7a Federal. Clique e saiba+\" \/>\n<meta property=\"og:url\" content=\"https:\/\/www.suno.com.br\/noticias\/barroso-denuncia-temer-portos\/\" \/>\n<meta property=\"og:site_name\" content=\"Suno Not\u00edcias\" \/>\n<meta property=\"article:publisher\" content=\"https:\/\/facebook.com\/sunoresearch\" \/>\n<meta property=\"og:image\" content=\"https:\/\/files.sunoresearch.com.br\/n\/uploads\/2018\/09\/5c970c3a-michel_temer_images_news.jpg\" \/>\n\t<meta property=\"og:image:width\" content=\"1263\" \/>\n\t<meta property=\"og:image:height\" content=\"740\" \/>\n\t<meta property=\"og:image:type\" content=\"image\/jpeg\" \/>\n<meta name=\"author\" content=\"Guilherme Caetano\" \/>\n<meta name=\"twitter:card\" content=\"summary_large_image\" \/>\n<meta name=\"twitter:creator\" content=\"@sunoresearch\" \/>\n<meta name=\"twitter:site\" content=\"@sunoresearch\" \/>\n<meta name=\"twitter:label1\" content=\"Escrito por\" \/>\n\t<meta name=\"twitter:data1\" content=\"Guilherme Caetano\" \/>\n\t<meta name=\"twitter:label2\" content=\"Est. tempo de leitura\" \/>\n\t<meta name=\"twitter:data2\" content=\"2 minutos\" \/>\n<script type=\"application\/ld+json\" class=\"yoast-schema-graph\">{\"@context\":\"https:\/\/schema.org\",\"@graph\":[{\"@type\":\"NewsArticle\",\"@id\":\"https:\/\/www.suno.com.br\/noticias\/barroso-denuncia-temer-portos\/#article\",\"isPartOf\":{\"@id\":\"https:\/\/www.suno.com.br\/noticias\/barroso-denuncia-temer-portos\/\"},\"author\":{\"name\":\"Guilherme Caetano\",\"@id\":\"https:\/\/www.suno.com.br\/noticias\/#\/schema\/person\/0d0c9687cd2f600c564f25980c140de9\"},\"headline\":\"Barroso envia \u00e0 1\u00aa inst\u00e2ncia den\u00fancia contra Temer no caso dos portos\",\"datePublished\":\"2019-02-04T18:25:45+00:00\",\"dateModified\":\"2019-02-04T18:38:57+00:00\",\"mainEntityOfPage\":{\"@id\":\"https:\/\/www.suno.com.br\/noticias\/barroso-denuncia-temer-portos\/\"},\"wordCount\":364,\"publisher\":{\"@id\":\"https:\/\/www.suno.com.br\/noticias\/#organization\"},\"image\":{\"@id\":\"https:\/\/www.suno.com.br\/noticias\/barroso-denuncia-temer-portos\/#primaryimage\"},\"thumbnailUrl\":\"https:\/\/files.sunoresearch.com.br\/n\/uploads\/2018\/09\/5c970c3a-michel_temer_images_news-jpg.webp\",\"keywords\":[\"Michel Temer\",\"Supremo Tribunal Federal (STF)\"],\"articleSection\":[\"Pol\u00edtica\"],\"inLanguage\":\"pt-BR\"},{\"@type\":\"WebPage\",\"@id\":\"https:\/\/www.suno.com.br\/noticias\/barroso-denuncia-temer-portos\/\",\"url\":\"https:\/\/www.suno.com.br\/noticias\/barroso-denuncia-temer-portos\/\",\"name\":\"Barroso envia \u00e0 1\u00aa inst\u00e2ncia den\u00fancia contra Temer no caso dos portos\",\"isPartOf\":{\"@id\":\"https:\/\/www.suno.com.br\/noticias\/#website\"},\"primaryImageOfPage\":{\"@id\":\"https:\/\/www.suno.com.br\/noticias\/barroso-denuncia-temer-portos\/#primaryimage\"},\"image\":{\"@id\":\"https:\/\/www.suno.com.br\/noticias\/barroso-denuncia-temer-portos\/#primaryimage\"},\"thumbnailUrl\":\"https:\/\/files.sunoresearch.com.br\/n\/uploads\/2018\/09\/5c970c3a-michel_temer_images_news-jpg.webp\",\"datePublished\":\"2019-02-04T18:25:45+00:00\",\"dateModified\":\"2019-02-04T18:38:57+00:00\",\"description\":\"O ministro Lu\u00eds Roberto Barroso, do STF, encaminhou nesta segunda den\u00fancia contra o ex-presidente Temer \u00e0 Justi\u00e7a Federal. Clique e saiba+\",\"breadcrumb\":{\"@id\":\"https:\/\/www.suno.com.br\/noticias\/barroso-denuncia-temer-portos\/#breadcrumb\"},\"inLanguage\":\"pt-BR\",\"potentialAction\":[{\"@type\":\"ReadAction\",\"target\":[\"https:\/\/www.suno.com.br\/noticias\/barroso-denuncia-temer-portos\/\"]}]},{\"@type\":\"ImageObject\",\"inLanguage\":\"pt-BR\",\"@id\":\"https:\/\/www.suno.com.br\/noticias\/barroso-denuncia-temer-portos\/#primaryimage\",\"url\":\"https:\/\/files.sunoresearch.com.br\/n\/uploads\/2018\/09\/5c970c3a-michel_temer_images_news-jpg.webp\",\"contentUrl\":\"https:\/\/files.sunoresearch.com.br\/n\/uploads\/2018\/09\/5c970c3a-michel_temer_images_news-jpg.webp\",\"width\":1263,\"height\":740,\"caption\":\"michel temer\"},{\"@type\":\"BreadcrumbList\",\"@id\":\"https:\/\/www.suno.com.br\/noticias\/barroso-denuncia-temer-portos\/#breadcrumb\",\"itemListElement\":[{\"@type\":\"ListItem\",\"position\":1,\"name\":\"Not\u00edcias\",\"item\":\"https:\/\/www.suno.com.br\/noticias\/\"},{\"@type\":\"ListItem\",\"position\":2,\"name\":\"Pol\u00edtica\",\"item\":\"https:\/\/www.suno.com.br\/noticias\/politica\/\"},{\"@type\":\"ListItem\",\"position\":3,\"name\":\"Barroso envia \u00e0 1\u00aa inst\u00e2ncia den\u00fancia contra Temer no caso dos portos\"}]},{\"@type\":\"WebSite\",\"@id\":\"https:\/\/www.suno.com.br\/noticias\/#website\",\"url\":\"https:\/\/www.suno.com.br\/noticias\/\",\"name\":\"Suno Not\u00edcias\",\"description\":\"Seu portal de informa\u00e7\u00e3o sobre o mundo dos investimentos\",\"publisher\":{\"@id\":\"https:\/\/www.suno.com.br\/noticias\/#organization\"},\"potentialAction\":[{\"@type\":\"SearchAction\",\"target\":{\"@type\":\"EntryPoint\",\"urlTemplate\":\"https:\/\/www.suno.com.br\/noticias\/?s={search_term_string}\"},\"query-input\":{\"@type\":\"PropertyValueSpecification\",\"valueRequired\":true,\"valueName\":\"search_term_string\"}}],\"inLanguage\":\"pt-BR\"},{\"@type\":\"Organization\",\"@id\":\"https:\/\/www.suno.com.br\/noticias\/#organization\",\"name\":\"Suno Not\u00edcias\",\"url\":\"https:\/\/www.suno.com.br\/noticias\/\",\"logo\":{\"@type\":\"ImageObject\",\"inLanguage\":\"pt-BR\",\"@id\":\"https:\/\/www.suno.com.br\/noticias\/#\/schema\/logo\/image\/\",\"url\":\"https:\/\/files.sunoresearch.com.br\/n\/uploads\/2021\/09\/suno-logo.png\",\"contentUrl\":\"https:\/\/files.sunoresearch.com.br\/n\/uploads\/2021\/09\/suno-logo.png\",\"width\":180,\"height\":180,\"caption\":\"Suno Not\u00edcias\"},\"image\":{\"@id\":\"https:\/\/www.suno.com.br\/noticias\/#\/schema\/logo\/image\/\"},\"sameAs\":[\"https:\/\/facebook.com\/sunoresearch\",\"https:\/\/x.com\/sunoresearch\",\"https:\/\/www.instagram.com\/suno\",\"https:\/\/www.linkedin.com\/company\/suno-research\/\",\"https:\/\/www.youtube.com\/c\/sunoresearch\"]},{\"@type\":\"Person\",\"@id\":\"https:\/\/www.suno.com.br\/noticias\/#\/schema\/person\/0d0c9687cd2f600c564f25980c140de9\",\"name\":\"Guilherme Caetano\",\"image\":{\"@type\":\"ImageObject\",\"inLanguage\":\"pt-BR\",\"@id\":\"https:\/\/www.suno.com.br\/noticias\/#\/schema\/person\/image\/\",\"url\":\"https:\/\/secure.gravatar.com\/avatar\/e48357351a01702a0d19307070e081bf?s=96&r=g\",\"contentUrl\":\"https:\/\/secure.gravatar.com\/avatar\/e48357351a01702a0d19307070e081bf?s=96&r=g\",\"caption\":\"Guilherme Caetano\"},\"description\":\"Formado em jornalismo pela Escola de Comunica\u00e7\u00f5es e Artes da USP, Guilherme Caetano escreve para o portal de not\u00edcias da Suno Research. Passou pelas reda\u00e7\u00f5es da Folha de S.Paulo e da revista \u00c9poca.\",\"url\":\"https:\/\/www.suno.com.br\/noticias\/author\/guilherme-caetano\/\"}]}<\/script>\n<!-- \/ Yoast SEO plugin. -->","yoast_head_json":{"title":"Barroso envia \u00e0 1\u00aa inst\u00e2ncia den\u00fancia contra Temer no caso dos portos","description":"O ministro Lu\u00eds Roberto Barroso, do STF, encaminhou nesta segunda den\u00fancia contra o ex-presidente Temer \u00e0 Justi\u00e7a Federal. Clique e saiba+","robots":{"index":"index","follow":"follow","max-snippet":"max-snippet:-1","max-image-preview":"max-image-preview:large","max-video-preview":"max-video-preview:-1"},"canonical":"https:\/\/www.suno.com.br\/noticias\/barroso-denuncia-temer-portos\/","og_locale":"pt_BR","og_type":"article","og_title":"Barroso envia \u00e0 1\u00aa inst\u00e2ncia den\u00fancia contra Temer no caso dos portos","og_description":"O ministro Lu\u00eds Roberto Barroso, do STF, encaminhou nesta segunda den\u00fancia contra o ex-presidente Temer \u00e0 Justi\u00e7a Federal. Clique e saiba+","og_url":"https:\/\/www.suno.com.br\/noticias\/barroso-denuncia-temer-portos\/","og_site_name":"Suno Not\u00edcias","article_publisher":"https:\/\/facebook.com\/sunoresearch","og_image":[{"width":1263,"height":740,"url":"https:\/\/files.sunoresearch.com.br\/n\/uploads\/2018\/09\/5c970c3a-michel_temer_images_news.jpg","type":"image\/jpeg"}],"author":"Guilherme Caetano","twitter_card":"summary_large_image","twitter_creator":"@sunoresearch","twitter_site":"@sunoresearch","twitter_misc":{"Escrito por":"Guilherme Caetano","Est. tempo de leitura":"2 minutos"},"schema":{"@context":"https:\/\/schema.org","@graph":[{"@type":"NewsArticle","@id":"https:\/\/www.suno.com.br\/noticias\/barroso-denuncia-temer-portos\/#article","isPartOf":{"@id":"https:\/\/www.suno.com.br\/noticias\/barroso-denuncia-temer-portos\/"},"author":{"name":"Guilherme Caetano","@id":"https:\/\/www.suno.com.br\/noticias\/#\/schema\/person\/0d0c9687cd2f600c564f25980c140de9"},"headline":"Barroso envia \u00e0 1\u00aa inst\u00e2ncia den\u00fancia contra Temer no caso dos portos","datePublished":"2019-02-04T18:25:45+00:00","dateModified":"2019-02-04T18:38:57+00:00","mainEntityOfPage":{"@id":"https:\/\/www.suno.com.br\/noticias\/barroso-denuncia-temer-portos\/"},"wordCount":364,"publisher":{"@id":"https:\/\/www.suno.com.br\/noticias\/#organization"},"image":{"@id":"https:\/\/www.suno.com.br\/noticias\/barroso-denuncia-temer-portos\/#primaryimage"},"thumbnailUrl":"https:\/\/files.sunoresearch.com.br\/n\/uploads\/2018\/09\/5c970c3a-michel_temer_images_news-jpg.webp","keywords":["Michel Temer","Supremo Tribunal Federal (STF)"],"articleSection":["Pol\u00edtica"],"inLanguage":"pt-BR"},{"@type":"WebPage","@id":"https:\/\/www.suno.com.br\/noticias\/barroso-denuncia-temer-portos\/","url":"https:\/\/www.suno.com.br\/noticias\/barroso-denuncia-temer-portos\/","name":"Barroso envia \u00e0 1\u00aa inst\u00e2ncia den\u00fancia contra Temer no caso dos portos","isPartOf":{"@id":"https:\/\/www.suno.com.br\/noticias\/#website"},"primaryImageOfPage":{"@id":"https:\/\/www.suno.com.br\/noticias\/barroso-denuncia-temer-portos\/#primaryimage"},"image":{"@id":"https:\/\/www.suno.com.br\/noticias\/barroso-denuncia-temer-portos\/#primaryimage"},"thumbnailUrl":"https:\/\/files.sunoresearch.com.br\/n\/uploads\/2018\/09\/5c970c3a-michel_temer_images_news-jpg.webp","datePublished":"2019-02-04T18:25:45+00:00","dateModified":"2019-02-04T18:38:57+00:00","description":"O ministro Lu\u00eds Roberto Barroso, do STF, encaminhou nesta segunda den\u00fancia contra o ex-presidente Temer \u00e0 Justi\u00e7a Federal. Clique e saiba+","breadcrumb":{"@id":"https:\/\/www.suno.com.br\/noticias\/barroso-denuncia-temer-portos\/#breadcrumb"},"inLanguage":"pt-BR","potentialAction":[{"@type":"ReadAction","target":["https:\/\/www.suno.com.br\/noticias\/barroso-denuncia-temer-portos\/"]}]},{"@type":"ImageObject","inLanguage":"pt-BR","@id":"https:\/\/www.suno.com.br\/noticias\/barroso-denuncia-temer-portos\/#primaryimage","url":"https:\/\/files.sunoresearch.com.br\/n\/uploads\/2018\/09\/5c970c3a-michel_temer_images_news-jpg.webp","contentUrl":"https:\/\/files.sunoresearch.com.br\/n\/uploads\/2018\/09\/5c970c3a-michel_temer_images_news-jpg.webp","width":1263,"height":740,"caption":"michel temer"},{"@type":"BreadcrumbList","@id":"https:\/\/www.suno.com.br\/noticias\/barroso-denuncia-temer-portos\/#breadcrumb","itemListElement":[{"@type":"ListItem","position":1,"name":"Not\u00edcias","item":"https:\/\/www.suno.com.br\/noticias\/"},{"@type":"ListItem","position":2,"name":"Pol\u00edtica","item":"https:\/\/www.suno.com.br\/noticias\/politica\/"},{"@type":"ListItem","position":3,"name":"Barroso envia \u00e0 1\u00aa inst\u00e2ncia den\u00fancia contra Temer no caso dos portos"}]},{"@type":"WebSite","@id":"https:\/\/www.suno.com.br\/noticias\/#website","url":"https:\/\/www.suno.com.br\/noticias\/","name":"Suno Not\u00edcias","description":"Seu portal de informa\u00e7\u00e3o sobre o mundo dos investimentos","publisher":{"@id":"https:\/\/www.suno.com.br\/noticias\/#organization"},"potentialAction":[{"@type":"SearchAction","target":{"@type":"EntryPoint","urlTemplate":"https:\/\/www.suno.com.br\/noticias\/?s={search_term_string}"},"query-input":{"@type":"PropertyValueSpecification","valueRequired":true,"valueName":"search_term_string"}}],"inLanguage":"pt-BR"},{"@type":"Organization","@id":"https:\/\/www.suno.com.br\/noticias\/#organization","name":"Suno Not\u00edcias","url":"https:\/\/www.suno.com.br\/noticias\/","logo":{"@type":"ImageObject","inLanguage":"pt-BR","@id":"https:\/\/www.suno.com.br\/noticias\/#\/schema\/logo\/image\/","url":"https:\/\/files.sunoresearch.com.br\/n\/uploads\/2021\/09\/suno-logo.png","contentUrl":"https:\/\/files.sunoresearch.com.br\/n\/uploads\/2021\/09\/suno-logo.png","width":180,"height":180,"caption":"Suno Not\u00edcias"},"image":{"@id":"https:\/\/www.suno.com.br\/noticias\/#\/schema\/logo\/image\/"},"sameAs":["https:\/\/facebook.com\/sunoresearch","https:\/\/x.com\/sunoresearch","https:\/\/www.instagram.com\/suno","https:\/\/www.linkedin.com\/company\/suno-research\/","https:\/\/www.youtube.com\/c\/sunoresearch"]},{"@type":"Person","@id":"https:\/\/www.suno.com.br\/noticias\/#\/schema\/person\/0d0c9687cd2f600c564f25980c140de9","name":"Guilherme Caetano","image":{"@type":"ImageObject","inLanguage":"pt-BR","@id":"https:\/\/www.suno.com.br\/noticias\/#\/schema\/person\/image\/","url":"https:\/\/secure.gravatar.com\/avatar\/e48357351a01702a0d19307070e081bf?s=96&r=g","contentUrl":"https:\/\/secure.gravatar.com\/avatar\/e48357351a01702a0d19307070e081bf?s=96&r=g","caption":"Guilherme Caetano"},"description":"Formado em jornalismo pela Escola de Comunica\u00e7\u00f5es e Artes da USP, Guilherme Caetano escreve para o portal de not\u00edcias da Suno Research. Passou pelas reda\u00e7\u00f5es da Folha de S.Paulo e da revista \u00c9poca.","url":"https:\/\/www.suno.com.br\/noticias\/author\/guilherme-caetano\/"}]}},"default_loop_html":"<div class=\"cardsPage__listCard__boxs\"><div class=\"cardsPage__listCard__boxs__img\"><a href=\"https:\/\/www.suno.com.br\/noticias\/barroso-denuncia-temer-portos\/\"><img class=\"mask\" src=\"https:\/\/www.suno.com.br\/noticias\/wp-content\/themes\/suno\/resources\/images\/spotlight\/spotlight1img\/bg-mask.png\" alt=\"Image Mask\"\/><img src=\"https:\/\/files.sunoresearch.com.br\/n\/uploads\/2018\/09\/5c970c3a-michel_temer_images_news-400x200.webp\" alt=\"Barroso envia \u00e0 1\u00aa inst\u00e2ncia den\u00fancia contra Temer no caso dos portos\"\/><\/a><span class=\"spotlightCategory\"><a href=\"https:\/\/www.suno.com.br\/noticias\/politica\/\">Pol\u00edtica<\/a><\/span><\/div><div class=\"cardsPage__listCard__boxs__content\"><a href=\"https:\/\/www.suno.com.br\/noticias\/barroso-denuncia-temer-portos\/\"><h2 class=\"content__title\">Barroso envia \u00e0 1\u00aa inst\u00e2ncia den\u00fancia contra Temer no caso dos portos<\/h2><\/a><div class=\"newsContent__article__meta\"><div class=\"newsContent__article__meta__authorBox\"><a href=\"https:\/\/www.suno.com.br\/noticias\/author\/guilherme-caetano\/\" class=\"authorBox__avatar noMobi\"><img src=\"https:\/\/secure.gravatar.com\/avatar\/e48357351a01702a0d19307070e081bf?s=96&#038;r=g\" alt=\"Guilherme Caetano\"><\/a><div class=\"authorBox__name\"><span>por\n\t\t\t<a href=\"https:\/\/www.suno.com.br\/noticias\/author\/guilherme-caetano\/\"><span itemprop=\"author\">Guilherme Caetano<\/span><\/a><\/span><time datetime=\"2019-02-04T16:25:45-02:00\" itemprop=\"datePublished\">04\/02\/2019 16:25<\/time><\/div><\/div><\/div><\/div><\/div>","single_layout":"posts","amp_enabled":true,"_links":{"self":[{"href":"https:\/\/www.suno.com.br\/noticias\/wp-json\/wp\/v2\/posts\/14080"}],"collection":[{"href":"https:\/\/www.suno.com.br\/noticias\/wp-json\/wp\/v2\/posts"}],"about":[{"href":"https:\/\/www.suno.com.br\/noticias\/wp-json\/wp\/v2\/types\/post"}],"author":[{"embeddable":true,"href":"https:\/\/www.suno.com.br\/noticias\/wp-json\/wp\/v2\/users\/13"}],"replies":[{"embeddable":true,"href":"https:\/\/www.suno.com.br\/noticias\/wp-json\/wp\/v2\/comments?post=14080"}],"version-history":[{"count":0,"href":"https:\/\/www.suno.com.br\/noticias\/wp-json\/wp\/v2\/posts\/14080\/revisions"}],"wp:featuredmedia":[{"embeddable":true,"href":"https:\/\/www.suno.com.br\/noticias\/wp-json\/wp\/v2\/media\/4202"}],"wp:attachment":[{"href":"https:\/\/www.suno.com.br\/noticias\/wp-json\/wp\/v2\/media?parent=14080"}],"wp:term":[{"taxonomy":"category","embeddable":true,"href":"https:\/\/www.suno.com.br\/noticias\/wp-json\/wp\/v2\/categories?post=14080"},{"taxonomy":"post_tag","embeddable":true,"href":"https:\/\/www.suno.com.br\/noticias\/wp-json\/wp\/v2\/tags?post=14080"},{"taxonomy":"suno_strategy","embeddable":true,"href":"https:\/\/www.suno.com.br\/noticias\/wp-json\/wp\/v2\/suno_strategy?post=14080"}],"curies":[{"name":"wp","href":"https:\/\/api.w.org\/{rel}","templated":true}]}}